{"id":10255,"date":"2017-03-10T11:55:29","date_gmt":"2017-03-10T10:55:29","guid":{"rendered":"https:\/\/wp.muchomaas.com\/article-la-revue-du-10-mars-2017-10255\/"},"modified":"2017-03-10T11:55:29","modified_gmt":"2017-03-10T10:55:29","slug":"article-la-revue-du-10-mars-2017-10255","status":"publish","type":"post","link":"https:\/\/archives.regards.fr\/?p=10255","title":{"rendered":"La Revue du 10 mars 2017"},"content":{"rendered":"<p><strong>ACTUALITE<\/strong><\/p>\n<p>-Les fili\u00e8res scientifiques de plus en plus f\u00e9minines (vid\u00e9o) : http:\/\/www.francetvinfo.fr\/replay-radio\/question-d-education\/egalite-hommes-femmes-les-filieres-scientifiques-de-plus-en-plus-feminines_2087473.html<\/p>\n<p>-Le dialogue social chez Michelin (vid\u00e9o) : http:\/\/www.francetvinfo.fr\/economie\/syndicats\/michelin-une-nouvelle-forme-de-dialogue-social_2087443.html<\/p>\n<p><strong>-&#8220;Il y a un besoin urgent de r\u00e9industrialiser la France&#8221; (T\u00e9moignages de militants de la CGT; vid\u00e9o) : <\/strong> https:\/\/www.youtube.com\/watch?v=XKkCbQU-WMQ<\/p>\n<p>-La CFTC interpelle les candidats (pi\u00e8ce jointe);<\/p>\n<p>-Un d\u00e9ficit commercial record (vid\u00e9o) : http:\/\/www.francetvinfo.fr\/economie\/deficit\/economie-un-deficit-commercial-record_2089199.html#xtor=CS2-765<\/p>\n<p><strong>&#8220;Au lyc\u00e9e de Saint-Denis (93), on a franchi un seuil. Trois \u00e9tablissements de la ville ont \u00e9t\u00e9 touch\u00e9s. 50 interpellations, c&#8217;est sans pr\u00e9c\u00e9dent&#8221; (Philippe Tournier, secr\u00e9taire du Syndicat des chefs d&#8217;\u00e9tablissements (SNPDEN-FSU; son du 9 mars) : <\/strong><br \/>\nhttps:\/\/www.radioclassique.fr\/radio\/emissions\/matinale-de-radio-classique\/l-invite-du-matin\/<\/p>\n<p>-Des parents et des professeurs d\u00e9noncent la mani\u00e8re dont cette affaire a \u00e9t\u00e9 trait\u00e9e : http:\/\/www.francetvinfo.fr\/france\/ile-de-france\/seine-saint-denis\/saint-denis-questions-sur-une-flambee-de-violence_2088677.html<\/p>\n<p><strong>-&#8220;Que s&#8217;est-il r\u00e9ellement pass\u00e9 au lyc\u00e9e Suger de Saint-Denis ?&#8221; (Erwan Duchateau dans &#8220;Les Inrocks&#8221; <\/strong> : http:\/\/www.lesinrocks.com\/2017\/03\/09\/actualite\/que-sest-il-reellement-passe-au-lycee-suger-de-saint-denis-11921026\/<\/p>\n<p><strong>-&#8220;Des incidents extr\u00eamement graves se sont d\u00e9roul\u00e9s dans trois \u00e9tablissements de Saint-Denis. Je n&#8217;admets pas que l&#8217;on souffle sur les braises comme le font M. Fillon et Mme Le Pen qui feraient mieux de s&#8217;occuper de leurs affaires. J&#8217;ai beaucoup d&#8217;amis parmi ceux qui rejoignent Emmanuel Macron. Je d\u00e9plore la division du Parti socialiste&#8221; (la ministre Najat Vallaud-Belkacem, interrog\u00e9e par Elizabeth Martichoux; vid\u00e9o) : <\/strong> http:\/\/www.rtl.fr\/actu\/politique\/presidentielle-2017-najat-vallaud-belkacem-deplore-la-desunion-du-ps-7787592465 <\/p>\n<p>-&#8220;On a un laxisme depuis cinq ans qui se traduit en particulier chez les jeunes&#8221; (Luc Chatel, porte-parole de Fran\u00e7ois Fillon; interrog\u00e9 par Jean-Pierre Elkabbach; son) :<br \/>\nhttp:\/\/www.cnews.fr\/chroniques\/linvite-de-jean-pierre-elkabbach\/yannick-jadot-et-luc-chatel-invites-de-jean-pierre-elkabbach-173481<\/p>\n<p>-&#8220;Le fichier national de la sant\u00e9 est int\u00e9ressant&#8221; (le Dr Jean-Paul Ortiz, pr\u00e9sident de la Conf\u00e9d\u00e9ration des syndicats m\u00e9dicaux; interrog\u00e9 par Vincent Parizot; vid\u00e9o) : http:\/\/www.rtl.fr\/actu\/societe-faits-divers\/le-fichier-national-de-la-sante-est-interessant-selon-les-medecins-7787598012<\/p>\n<p>-&#8220;On arrive en compl\u00e9ment des h\u00f4tels, pas en concurrents&#8221; (Emmanuel Marill, directeur d&#8217;Airbnb France; interrog\u00e9 par Jean-Paul Chapel; vid\u00e9o) : http:\/\/www.francetvinfo.fr\/economie\/emploi\/metiers\/restauration-hotellerie-sports-loisirs\/video-airbnb-on-arrive-en-complement-des-hotels-pas-en-concurrents_2087341.html<\/p>\n<p>-&#8220;EDF d\u00e9gringole \u00e0 la Bourse&#8221; (Fran\u00e7ois Lenglet; son) : http:\/\/www.rtl.fr\/actu\/societe-faits-divers\/edf-degringole-a-la-bourse-7787592572<\/p>\n<p><strong>-Un site internet de livraisons entre pariculiers de produits r\u00e9gionaux (vid\u00e9o) : <\/strong><br \/>\n http:\/\/www.francetvinfo.fr\/economie\/emploi\/metiers\/agriculture\/specialites-regionales-un-site-internet-de-livraisons-entre-particuliers_2088755.html<\/p>\n<p>-&#8220;Notre club de sport est capable de s&#8217;engager sur un projet soci\u00e9tal&#8221; (Pierre Veynare, directeur du Stade Rochelais; interrog\u00e9 par Baptiste Gaborit; vid\u00e9o) :  https:\/\/www.dailymotion.com\/video\/x5ebboy_meme-un-club-de-sport-est-capable-de-s-engager-concretement-sur-un-projet-societal-pierre-veynare-0_news<\/p>\n<p>-&#8220;PSG-Bar\u00e7a, impossible n&#8217;est pas football !&#8221; (Daniel Cohn-Bendit; son) : http:\/\/www.europe1.fr\/emissions\/l-humeur\/psg-barca-impossible-nest-pas-football-2998139<\/p>\n<p>-Le point de vue de Lilian Thuram et de Pierre M\u00e9n\u00e8s, interrog\u00e9s par Yves Calvi (vid\u00e9o) : http:\/\/www.rtl.fr\/actu\/societe-faits-divers\/barca-psg-thiago-silva-a-fait-une-prestation-assez-lamentable-tranche-pierre-menes-7787593069<\/p>\n<p>-&#8220;La remontada&#8221; \u00e0 travers le monde (vid\u00e9o) : http:\/\/www.francetvinfo.fr\/sports\/foot\/psg\/video-cris-larmes-et-bouches-bees-la-remontada-du-barca-a-travers-le-monde_2088775.html<\/p>\n<p>-&#8220;Promouvoir le football f\u00e9minin&#8221; (Nathalie Boy de la Tour, premi\u00e8re femme pr\u00e9sidente de la Ligue professionnelle; interrog\u00e9e par Marc-Olivier Fogiel; son) : http:\/\/www.rtl.fr\/sport\/football\/but-pour-elle-l-operation-de-la-lfp-pour-promouvoir-le-football-feminin-7787586426<\/p>\n<p>-&#8220;Je me suis demand\u00e9 plusieurs fois ce que je foutais l\u00e0&#8221; (S\u00e9bastien Destremau, seul concurrent du Vend\u00e9e Globe encore en course apr\u00e8s 123 jours; en ligne avec Thomas Sotto; son) : http:\/\/www.europe1.fr\/emissions\/l-interview-verite\/sebastien-destremau-je-me-suis-demande-plusieurs-fois-ce-que-je-foutais-la-2998133<\/p>\n<p><strong>-A Forges-les Bains dans l&#8217;Essonne, apr\u00e8s l&#8217;installation d&#8217;un centre pour migrants (vid\u00e9o) :<\/strong> http:\/\/www.francetvinfo.fr\/monde\/europe\/migrants\/dans-ma-rue-l-immigration-au-coeur-de-la-campagne_2087427.html<\/p>\n<p><strong>POLITIQUE<\/strong><\/p>\n<p><strong>-&#8220;Il y a un parti qui compte dans la vie politique, qui a des \u00e9lus locaux sans lesquels il n&#8217;y aurait probablement pas de candidature Jean Luc M\u00e9lenchon, on va le voir avec les parrainages encore cette semaine&#8221; (Pierre Laurent sur le &#8220;Huffington Post&#8221;; vid\u00e9os)<\/strong> : http:\/\/www.huffingtonpost.fr\/2017\/03\/09\/pierre-laurent-sans-les-communistes-melenchon-ne-serait-pas-c\/<\/p>\n<p>-&#8220;Et si le PCF entrait en campagne ?&#8221; (Franck Mouly) : https:\/\/www.frankmouly.fr\/et-si-le-pcf-entrait-en-campagne\/<\/p>\n<p>-Le 2Oe \u00e9pisode de &#8220;La Revue de la semaine&#8221; de Jean-Luc M\u00e9lenchon (vid\u00e9o) : https:\/\/www.youtube.com\/watch?v=0RjL1w62IGI&#038;feature=youtu.be<\/p>\n<p><strong>-&#8220;Beno\u00eet Hamon est le candidat du Parti socialiste. Apr\u00e8s cinq ans de gouvernement socialiste, je ne pense pas qu&#8217;il puisse rassembler la gauche. Les deux partis qui se sont partag\u00e9s le pouvoir sont en train de dispara\u00eetre. Vous ne posez jamais la question :&#8221;et si Jean-Luc M\u00e9lenchon \u00e9tait au 2e tour&#8221;. Le 18 mars, nous allons manifester pour abolir la monarchie pr\u00e9sidentielle et la Ve R\u00e9publique&#8221; (Alexis Corbi\u00e8re, porte-parole de Jean-Luc M\u00e9lenchon; interrog\u00e9 par Jean-Jacques Bourdin; vid\u00e9o) : <\/strong> http:\/\/www.bfmtv.com\/mediaplayer\/video\/alexis-corbiere-face-a-jean-jacques-bourdin-en-direct-921987.html<\/p>\n<p>-&#8220;Ce qui est dangereux, c&#8217;est la p\u00e9riode que nous vivons, avec un tel d\u00e9faut de consentement. Notre Assembl\u00e9e constituante, c&#8217;est le moyen d&#8217;une sortie pacifique&#8221; (Raquel Garrido, porte-parole de Jean-Luc M\u00e9lenchon, invit\u00e9e de Patrick Poivre d&#8217;Arvor; son du 8 mars) : https:\/\/www.radioclassique.fr\/radio\/emissions\/le-19h20h\/grand-debat-soir\/<\/p>\n<p>-&#8220;Pour la premi\u00e8re fois \u00e0 l&#8217;occasion d&#8217;une \u00e9lection pr\u00e9sidentielle, on a un ph\u00e9nom\u00e8ne de d\u00e9composition\/recomposition de la vie politique&#8221; (Eric Coquerel, coordinateur politique du Parti de gauche, invit\u00e9 de &#8220;Mardi Politique&#8221;; vid\u00e9o) :  http:\/\/www.rfi.fr\/video\/20170307-eric-coquerel-coordinateur-politique-parti-gauche-soutien-jean-luc-melenchon<\/p>\n<p>-&#8220;Stop aux violences polici\u00e8res qui cr\u00e9ent la col\u00e8re et la r\u00e9volte. Il faut discuter des missions des forces de l&#8217;ordre dans une soci\u00e9t\u00e9 qui est violente, je ne le nie pas. Macron, c&#8217;est un trader. \u00c7a fait des bulles, et souvent des bulles sp\u00e9culatives qui explosent rapidement&#8221;  (Olivier Besancenot, invit\u00e9 de &#8220;Territoires d&#8217;Infos&#8221;; vid\u00e9o, amener le curseur sur 33:25) : https:\/\/www.dailymotion.com\/video\/x5eb5td_olivier-besancenot-territoires-d-infos-09-03-2017_news<\/p>\n<p><strong>-Cinq s\u00e9quences de &#8220;L&#8217;\u00e9mission politique&#8221; avec Beno\u00eet Hamon (vid\u00e9os) : <\/strong> http:\/\/www.francetvinfo.fr\/politique\/benoit-hamon\/videos-cinq-sequences-qu-il-ne-fallait-pas-rater-dans-l-emission-politique-avec-benoit-hamon_2089293.html<\/p>\n<p>-L&#8217;int\u00e9grale (vid\u00e9o) : http:\/\/www.france2.fr\/emission\/lemission-politique\/diffusion-du-09-03-2017-20h55<\/p>\n<p>-Emmanuel Macron, &#8220;marche pied du FN, dangereux, immature&#8221; (vid\u00e9o) : http:\/\/www.francetvinfo.fr\/politique\/l-emission-politique\/video-marchepied-du-fn-dangereux-immature-le-requisitoire-de-benoit-hamon-contre-emmanuel-macron_2089283.html<\/p>\n<p><em>-Sondage pour l&#8217;\u00e9mission (HARRIS) :<\/em> http:\/\/harris-interactive.fr\/opinion_polls\/sondage-pour-lemission-politique-invite-benoit-hamon\/<\/p>\n<p>-Qu&#8217;en est-il de la taxation des robots ?  (Valentine Pasquesoone) : http:\/\/www.francetvinfo.fr\/politique\/ps\/taxer-les-robots-cinq-questions-sur-la-promesse-de-benoit-hamon_2088365.html<\/p>\n<p>-&#8220;Le revenu universel ne co\u00fbtera pas 300 milliards d&#8217;euros mais dix fois moins&#8221; (Beno\u00eet Hamon; vid\u00e9o) : https:\/\/www.publicsenat.fr\/article\/politique\/benoit-hamon-le-revenu-universel-ne-coutera-pas-300-milliards-d-euros-mais-dix<\/p>\n<p><strong>-&#8220;Nous sommes \u00e0 un moment o\u00f9 il faut rassembler tous ceux qui sont d\u00e9termin\u00e9s \u00e0 lutter contre le Front national. En ce qui concerne le candidat investi par la primaire, cela signifie qu&#8217;il faut qu&#8217;il rassemble toute sa famille politique. Il faut qu&#8217;il inscrive l&#8217;esp\u00e9rance qu&#8217;il incarne dans  la continuit\u00e9 de ce qui a \u00e9t\u00e9 fait de positif dans ce quinquennat&#8221;&#8221; (Le premier ministre Bernard Cazeneuve; vid\u00e9o) : <\/strong> http:\/\/www.bfmtv.com\/mediaplayer\/video\/cazeneuve-avec-hamon-nous-sommes-a-un-moment-ou-il-faut-rassembler-922093.html<\/p>\n<p>-&#8220;C&#8217;est vrai&#8221; qu&#8217;aujourd&#8217;hui le revenu universel de Beno\u00eet Hamon se rapproche de ce que Manuels Valls proposait avec le RSA. &#8220;Cela montre que beaucoup de choses nous rapprochent&#8221; (Najat Vallaud-Belkacem, face \u00e0 Laurence Ferrari; vid\u00e9o) : http:\/\/www.cnews.fr\/chroniques\/linvite-de-laurence-ferrari\/najat-vallaud-belkacem-invitee-de-laurence-ferrari-173498<\/p>\n<p>-&#8220;Le doute des \u00e9lecteurs socialistes&#8221; (vid\u00e9o) : http:\/\/www.francetvinfo.fr\/politique\/benoit-hamon\/gauche-le-doute-des-electeurs-socialistes_2089185.html<\/p>\n<p>-&#8220;Le dilemme des \u00e9lecteurs de gauche&#8221; (Thomas Legrtand; son) : https:\/\/www.franceinter.fr\/emissions\/l-edito-politique\/l-edito-politique-09-mars-2017<\/p>\n<p>-&#8220;Pour \u00e9viter une catastrophe, Beno\u00eet Hamon doit absolument remonter. Il a gagn\u00e9 la primaire parce que c&#8217;\u00e9tait un vote sanction contre Fran\u00e7ois Hollande, mais il n&#8217;a pas de stature pr\u00e9sidentielle. Plus Marine Le Pen va \u00eatre dangereuse, plus le vote utile pour Emmanuel Macron va le handicaper. Il faut qu&#8217;il fasse des gestes en direction de ses camarades socio-d\u00e9mocrates que son positionnement tr\u00e8s \u00e0 gauche indispose. Il a commenc\u00e9 en saluant l&#8217;action de S\u00e9gol\u00e8ne Royal et de Najat Vallaud-Belkacem \u00e0 Marseille. La rencontre avec Bernard Cazeneuve y participe. Une \u00e9mission m\u00eame r\u00e9ussie ne permettra pas de r\u00e9pondre \u00e0 la question: &#8220;qu&#8217;est-ce qu&#8217;un PS peut encore dire \u00e0 la soci\u00e9t\u00e9 fran\u00e7ais&#8221; d&#8217;aujourd&#8217;hui ?&#8221; (Guillaume Tabard du &#8220;Figaro&#8221;; son du 9 mars) : https:\/\/www.radioclassique.fr\/radio\/emissions\/matinale-de-radio-classique\/22630-2\/<\/p>\n<p>-&#8220;Il a oubli\u00e9 l&#8217;essentiel, ce qu&#8217;est une \u00e9lection pr\u00e9sidentielle avec la n\u00e9cessit\u00e9 du rassemblement en commen\u00e7ant par son camp. Il ne dit pas un mot sur la production et sur l&#8217;Europe, il heurte l&#8217;ADN du PS. Le vote utile, c&#8217;est Macron. Fillon est en position de doubler tout le monde parce que c&#8217;est un tr\u00e8s bon strat\u00e8ge&#8221; (Jean-Francis P\u00e9cresse; vid\u00e9o) : https:\/\/www.dailymotion.com\/video\/x5ebcze_ce-que-vend-benoit-hamon-c-est-l-idee-d-allocation-universelle-pour-tout-le-monde-jean-francis-pecr_news<\/p>\n<p>-&#8220;Si on parraine un adversaire de  notre candidat, on ne peut plus repr\u00e9senter le Parti socialiste&#8221; (Jean-Christophe Cambad\u00e9lis; vid\u00e9o) : https:\/\/www.dailymotion.com\/video\/x5e5u8i_cambadelis-sanctionne-les-elus-ps-qui-parrainent-macron_tv<\/p>\n<p>-Il \u00e9tait l&#8217;invit\u00e9 de &#8220;L&#8217;\u00e9preuve de v\u00e9rit\u00e9&#8221; sur Public S\u00e9nat (vid\u00e9o) : https:\/\/www.publicsenat.fr\/emission\/l-epreuve-de-verite\/invite-jean-christophe-cambadelis-54702<\/p>\n<p>-&#8220;Je ne suis pas sure qu&#8217;Emmanuel Macron accepte le qualificatif  de socialiste et le programme de Beno\u00eet Hamon n&#8217;est pas dangereux. Celui qui est dangereux, c&#8217;est celui de Mme Le Pen. Beno\u00eet Hamon doit dire aux socialistes qu&#8217;il est leur candidat. Il faut qu&#8217;il s&#8217;inscrive dans la continuit\u00e9 de ce que nous avons fait au gouvernement&#8221; (la ministre des Familles Laurence Rossignol, interrog\u00e9e par Caroline Roux; vid\u00e9o) : http:\/\/www.france2.fr\/emissions\/telematin\/actu\/les-4-verites-laurence-rossignol_558085<\/p>\n<p>-&#8220;Macron \u00e9touff\u00e9 d&#8217;amour par la gauche, pas une bonne nouvelle pour lui&#8221; (Alba Ventura; son) : http:\/\/www.rtl.fr\/actu\/politique\/presidentielle-2017-macron-etouffe-d-amour-par-la-gauche-pas-une-bonne-nouvelle-pour-lui-7787592115<\/p>\n<p>-&#8220;Il n&#8217;est pas le rempart \u00e0 Marine Le Pen, il en est le marchepied&#8221; (Yannick Jadot, eurod\u00e9put\u00e9 \u00e9cologiste, face \u00e0 Jean-Pierre Elkabbach; vid\u00e9o, amener le curseur sur 11:56) : http:\/\/www.cnews.fr\/chroniques\/linvite-de-jean-pierre-elkabbach\/yannick-jadot-et-luc-chatel-invites-de-jean-pierre-elkabbach-173481<\/p>\n<p>-Alain Jupp\u00e9, &#8220;grand responsable politique fran\u00e7ais&#8221; (Emmanuel Macron en Gironde; vid\u00e9o) : http:\/\/www.francetvinfo.fr\/elections\/presidentielle\/video-en-gironde-emmanuel-macron-rend-hommage-a-alain-juppe-grand-responsable-politique-francais_2089077.html<\/p>\n<p>-&#8220;Nous sommes en train de r\u00e9ussir notre pari de rassembler des personnes qui viennent de la gauche, du centre et de la droite sur des solutions aux probl\u00e8mes qui se posent. Etre progressiste, c&#8217;est donner toute leur place aux femmes de ce pays. Tous s&#8217;occupent de leur parti, nous, de notre pays&#8221; (Richard Ferrand, d\u00e9put\u00e9 PS du Finist\u00e8re, secr\u00e9taire g\u00e9n\u00e9ral &#8220;d&#8217;en Marche !&#8221;; interrog\u00e9 par Audrey Crespo-Mara; vid\u00e9o) : http:\/\/www.lci.fr\/replay\/l-invite-politique-de-8h15-du-9-mars-2017-richard-ferrand-secretaire-general-d-en-marche-2028538.html%3Ftype=content<\/p>\n<p>-&#8220;Aujourd&#8217;hui, il y a comme une cocotte dans nos quartiers. Il y a un sous-effectif de policiers. Il faut retrouver de la r\u00e9gularisation. Le quinquennat a \u00e9t\u00e9 un peu loup\u00e9 pour la banlieue. Emmanuel Macron, c&#8217;est l&#8217;ouverture pour faire bouger cette soci\u00e9t\u00e9 qui est bloqu\u00e9e. Supprimer la taxe d&#8217;habitation, c&#8217;est une bonne chose&#8221; (St\u00e9phane Gatignon, maire de Sevran (93), soutien d&#8217;Emmanuel Macron; interrog\u00e9 par Ruth Elkrief; vid\u00e9o) :  http:\/\/www.bfmtv.com\/mediaplayer\/video\/stephane-gatignonface-a-ruth-elkrief-922179.html<\/p>\n<p><strong>-&#8220;Changer de R\u00e9publique ?&#8221; (en d\u00e9bat chez &#8220;Mediapart&#8221;, avec Paul Alli\u00e8s, professeur \u00e9m\u00e9rite de l&#8217;universit\u00e9 de Montpellier et Dominique Rousseau, professeur de droit constitutionnel \u00e0 l&#8217;universit\u00e9 de Paris 1-Panth\u00e9on-Sorbonne; vid\u00e9o) : <\/strong> https:\/\/www.youtube.com\/watch?v=6OOnNYsd7dg<\/p>\n<p>-Jean-Fran\u00e7ois Cop\u00e9 d\u00e9nonce &#8220;le populisme mondain&#8221; d&#8217;Emmanuel Macron (vid\u00e9o) :<br \/>\n<iframe loading=\"lazy\" title=\"Jean-Fran\u00e7ois Cop\u00e9 d\u00e9nonce le &quot;populisme mondain&quot; d&#039;Emmanuel Macron\" frameborder=\"0\" width=\"500\" height=\"281\" src=\"https:\/\/geo.dailymotion.com\/player.html?video=x5e9r7u&#038;\" allowfullscreen allow=\"autoplay; fullscreen; picture-in-picture; web-share\"><\/iframe><\/p>\n<p>-Il \u00e9tait l&#8217;invit\u00e9 du &#8220;Club de la Presse&#8221; d&#8217;Europe 1 (son) : http:\/\/www.europe1.fr\/emissions\/le-club-de-la-presse\/europe-soir-le-club-de-la-presse-jean-francois-cope-et-marine-tondelier-08032017-2997758<\/p>\n<p>-&#8220;Les \u00e9lecteurs de droite sont en col\u00e8re. Ils veulent qu&#8217;on se rassemble. Fran\u00e7ois Fillon m&#8217;a demand\u00e9 de pr\u00e9sider son comit\u00e9 de soutien et d&#8217;\u00eatre son porte-parole. J&#8217;ai accept\u00e9 (Luc Chatel, d\u00e9put\u00e9 LR de la Haute-Marne; vid\u00e9o) : http:\/\/www.bfmtv.com\/mediaplayer\/video\/luc-chatel-les-electeurs-de-droite-sont-en-colere-ils-veulent-qu-on-se-rassemble-922059.html<\/p>\n<p>-&#8220;Je n&#8217;ai jamais dout\u00e9 de Fran\u00e7ois Fillon qui a la l\u00e9gimit\u00e9 de la primaire. Je n&#8217;ai jamais parl\u00e9 avec lui de S\u00e9curit\u00e9 sociale. Il s&#8217;agit de faire maintenant ce que nous n&#8217;avons pas fait depuis plus de dix ans. Il faut taxer la consommation pour ne pas doper les importations et pour all\u00e9ger les charges qui p\u00e8sent sur la production&#8221; (Henri de Castrie, ancien PDG d&#8217;Axa; interrog\u00e9 par Fabien  Namias; vid\u00e9o) : http:\/\/www.dailymotion.com\/video\/x5eb777_henri-de-castries-sortie-de-l-euro-c-est-la-fin-de-l-europe-et-c-est-le-chaos_news<\/p>\n<p><strong>-&#8220;Fran\u00e7ois Baroin, l&#8217;homme fort du camp Fillon&#8221; (llan Caro; vid\u00e9os) : <\/strong> http:\/\/www.francetvinfo.fr\/replay-radio\/les-choix-de-france-info\/bebe-chirac-fan-de-de-rap-et-fine-gachette-francois-baroin-le-nouvel-homme-fort-du-camp-fillon_2087015.html<\/p>\n<p><strong>-&#8220;La clause Moli\u00e8re&#8221;, le nouveau combat identitaire de Laurent Wauquiez, le pr\u00e9sident LR de la r\u00e9gion Rh\u00f4ne-Alpes-Auvergne (Richard Werly du quotidien suisse &#8220;Le Temps&#8221; <\/strong> : https:\/\/www.letemps.ch\/monde\/2017\/03\/09\/clause-moliere-nouveau-combat-identitaire?utm_source<\/p>\n<p>-Rama Yade n&#8217;a pas ses parrainages (invit\u00e9e d&#8217;Olivier Galzi sur CNews (vid\u00e9o) : http:\/\/www.cnews.fr\/chroniques\/linvite-dolivier-galzi\/rama-yade-invitee-dolivier-galzi-173502<\/p>\n<p>-Nicolas Dupont-Aignan, candidat de &#8220;Debout la France&#8221;, \u00e9tait l&#8217;invit\u00e9 de la matinale de France Inter. Il r\u00e9pondait aux questions de Patrick Cohen et des auditeurs (vid\u00e9os) : http:\/\/www.dailymotion.com\/video\/x5eb7hz_nicolas-dupont-aignan-repond-aux-questions-de-patrick-cohen_news                                         http:\/\/www.dailymotion.com\/video\/x5ebd4z_nicolas-dupont-aignan-repond-aux-questions-des-auditeurs-de-france-inter_news<\/p>\n<p><strong>-&#8220;Emmanuel Macron a autour de lui la m\u00eame coalition que celle du &#8220;oui&#8221; \u00e0 la Constitution europ\u00e9enne&#8221; (Florian Philippot, vice-pr\u00e9sident du FN; face \u00e0 Fr\u00e9d\u00e9ric Rivi\u00e8re; vid\u00e9o) : <\/strong> http:\/\/www.rfi.fr\/video\/20170309-philippot-macron-autour-lui-meme-coalition-celle-oui-constitution-europeenne<\/p>\n<p>-&#8220;Macron d\u00e9fend exactement les m\u00eames th\u00e8ses que Fran\u00e7ois Hollande&#8221; (David Rachline, directeur de campagne de Marine Le Pen; interrog\u00e9 par Guillaume Durand; vid\u00e9o) : https:\/\/www.dailymotion.com\/video\/x5ebcfa_le-debat-sera-entre-le-camp-des-patriotes-et-le-camp-des-mondialistes-david-rachline-09-03-2017_news<\/p>\n<p><strong>-&#8220;Le Pen, Fillon, candidats sous surveillance&#8221; (&#8220;Compl\u00e9ment d&#8217;enqu\u00eate&#8221; de Nicolas Poincarr\u00e9; vid\u00e9o) : <\/strong> http:\/\/www.francetvinfo.fr\/replay-magazine\/france-2\/complement-d-enquete\/complement-d-enquete-du-jeudi-9-mars-2017_2078373.html<\/p>\n<p>-&#8220;A H\u00e9nin-Beaumont (62), un climat de violence moderne&#8221; (Marine Tondelier, conseill\u00e8re municipale \u00e9cologiste de la ville dirig\u00e9e par le maire FN Steeve Briois. Elle vient de publier &#8220;Nouvelles du Front&#8221; (vid\u00e9o) : http:\/\/www.europe1.fr\/politique\/henin-beaumont-fn-une-elue-dopposition-decrit-un-climat-de-violence-moderne-2997776<\/p>\n<p><strong>-Elle \u00e9tait l&#8217;invit\u00e9e du &#8220;Club de la Presse&#8221; d&#8217;Europe 1 (son, amener le curseur sur 23:54) <\/strong> : http:\/\/www.europe1.fr\/emissions\/le-club-de-la-presse\/europe-soir-le-club-de-la-presse-jean-francois-cope-et-marine-tondelier-08032017-2997758<\/p>\n<p><em>-Le tableau de bord politique (IFOP) :<\/em> http:\/\/www.ifop.com\/?option=com_publication&#038;type=poll&#038;id=3679<\/p>\n<p><em>-Le barom\u00e8tre politique (ELABE)<\/em> : http:\/\/elabe.fr\/barometre-politique-mars-2017\/<\/p>\n<p><em>-Le r\u00f4le du logement social dans l&#8217;\u00e9lection pr\u00e9sidentielle (KANTAR-SOFRES) : <\/em>  http:\/\/fr.kantar.com\/elections\/presidentielle\/2017\/le-role-du-logement-social-dans-la-perspective-de-l-election-presidentielle-de-2017\/<\/p>\n<p><em>-L&#8217;enqu\u00eate \u00e9lectorale du CEVIPOF (IPSOS)<\/em> : http:\/\/www.ipsos.fr\/decrypter-societe\/2017-03-09-enquete-electorale-francaise-vague-11-l-ecart-entre-emmanuel-macron-et-francois-fillon-se-resserre<\/p>\n<p><em>-Les intentions de vote au 9 mars (IFOP) : <\/em> http:\/\/dataviz.ifop.com:8080\/HNS\/HNSAdmin\/start.appli?appid=60930&#038;logonUser=USERWEB&#038;logonPswcd=ZnJhbmNvaXNF<\/p>\n<p><em>-Le m\u00eame (OPINION-WAY) <\/em> : http:\/\/opinionlab.opinion-way.com\/opinionlab\/832\/627\/presitrack.html#m6<\/p>\n<p><strong>EUROPE-MONDE<\/strong><\/p>\n<p>-&#8220;Il faut que les europ\u00e9ens restent unis dans la n\u00e9gociation de la sortie de la Grande- Bretagne. Ensuite, il faudra n\u00e9gocier un accord de libre \u00e9change avec elle. Il devrait y avoir consensus pour la reconduction de Donald Tusk qui n&#8217;a pas d\u00e9m\u00e9rit\u00e9. Trump est en train de changer les r\u00e8gles du jeu&#8221; (Jean-Marc Ayrault ministre des Affaires \u00e9trang\u00e8res, qui a \u00e9voqu\u00e9 Emmanuel Macron qui &#8220;cr\u00e9e une dynamique&#8221; et a &#8220;des choses positives&#8221; dans son programme; invit\u00e9 de la Matinale de Franeinfo; vid\u00e9o) :    http:\/\/www.dailymotion.com\/video\/x5ebkh7_jean-marc-ayrault-appelle-lafargeholcim-a-reflechir-a-sa-participation-au-mur-de-donald-trump_news<\/p>\n<p>-Le Polonais Donald Tusk est r\u00e9\u00e9lu pr\u00e9sident du Conseil europ\u00e9en : http:\/\/www.lemonde.fr\/europe\/article\/2017\/03\/09\/le-polonais-donald-tusk-est-reelu-president-du-conseil-europeen_5092126_3214.html<\/p>\n<p><strong>-La conf\u00e9rence de presse de Fran\u00e7ois Hollande \u00e0 l&#8217;issue de la premi\u00e8re journ\u00e9e du Conseil europ\u00e9en (vid\u00e9o) : <\/strong> http:\/\/www.elysee.fr\/videos\/conference-de-presse-a-l-issue-de-la-premiere-journee-au-conseil-europeen\/<\/p>\n<p><strong>-&#8220;Nous ne pouvons pas laisser les in\u00e9galit\u00e9s alimentaires s&#8217;installer en Europe&#8221; (l&#8217;eurod\u00e9put\u00e9e roumaine Daciana S\u00e2rbu) : <\/strong> http:\/\/www.euractiv.fr\/section\/alimentation\/interview\/tomorrowromanian-mep-eu-needs-food-quality-agency\/?nl_ref<\/p>\n<p>-Bruxelles impose 155 millions d&#8217;amende \u00e0 six fournisseurs automobiles, parmi lesquels le Fran\u00e7ais Valeo (Jorge Valero) : http:\/\/www.euractiv.fr\/section\/concurrence\/news\/commission-fines-car-suppliers-e155-million\/?nl_ref<\/p>\n<p>-Le Parlement impuissant face aux propos sexistes de certains eurod\u00e9put\u00e9s (vid\u00e9o) : http:\/\/www.euractiv.fr\/section\/institutions\/news\/le-parlement-impuissant-face-aux-propos-sexistes-des-eurodeputes\/?nl_ref<\/p>\n<p>-&#8220;La chambre des Lords se rebelle contre le Brexit. Les femmes qui manifestent \u00e0 Moscou se retrouvent au poste&#8221; (Hughes Beaudoin; son du 8 mars) : https:\/\/www.radioclassique.fr\/radio\/emissions\/le-19h20h\/24h-en-europe\/<\/p>\n<p>-Berlin veut cr\u00e9er un Fond mon\u00e9taire europ\u00e9en (Albrecht Meier) : http:\/\/www.euractiv.fr\/section\/economie\/news\/berlin-continues-quest-for-european-monetary-fund\/?nl_ref=32947175<\/p>\n<p><strong>-&#8220;L&#8217;Espagne s&#8217;impose dans l&#8217;exportation agroalimentaire&#8221; (Laura Cristobal) : <\/strong> http:\/\/www.euractiv.fr\/section\/agriculture-alimentation\/infographic\/lespagne-simpose-dans-lexportation-agroalimentaire\/?nl_ref<\/p>\n<p>-A Barcelone, les vieux v\u00e9hicules interdits de circulation (Sam Jones) : http:\/\/www.euractiv.fr\/section\/plan-te\/news\/tomorrowair-pollution-forces-barcelona-to-ban-old-cars-from-roads\/?nl_ref<\/p>\n<p>-Apr\u00e8s la temp\u00eate, Malte perd sa fen\u00eatre d&#8217;Azur (vid\u00e9o) : http:\/\/www.francetvinfo.fr\/choix\/video-apres-la-tempete-malte-perd-sa-fenetre-d-azur_2088483.html<\/p>\n<p>-En Suisse, &#8220;un expert&#8221; propose de limiter les d\u00e9penses de sant\u00e9 apr\u00e8s un certain \u00e2ge (Pierre Bavaud et Juliette Galeazzi. Surprenant que Fran\u00e7ois Fillon n&#8217;y ait pas encore pens\u00e9) :  https:\/\/www.rts.ch\/info\/suisse\/8432521-un-expert-propose-de-limiter-les-depenses-de-sante-apres-un-certain-age.html<\/p>\n<p><strong>-La Russie et le Grand Nord (Thierry Garcin; son et vid\u00e9os) : <\/strong> https:\/\/www.franceculture.fr\/emissions\/les-enjeux-internationaux\/arctique-la-russie-et-le-grand-nord#xtor<\/p>\n<p><strong>-A Bethleem, l&#8217;h\u00f4tel \u00e0 &#8220;la pire vue du monde&#8221;  d\u00e9cor\u00e9 par Bansky (vid\u00e9o) :      <\/strong>               http:\/\/www.francetvinfo.fr\/monde\/proche-orient\/israel-palestine\/bethleem-lhotel-qui-avait-la-pire-vue-du-monde_2088497.html<\/p>\n<p><strong>-&#8220;Trump d\u00e9marre une guerre froide avec l&#8217;Union europ\u00e9enne&#8221; (Radim Klekner) <\/strong> :http:\/\/www.euractiv.fr\/section\/commerce-industrie\/news\/is-a-trade-war-between-the-us-and-the-eu-on-the-horizon\/?nl_ref <\/p>\n<p>-Lafarge veut construire son mur (vid\u00e9o) : http:\/\/www.francetvinfo.fr\/monde\/usa\/presidentielle\/donald-trump\/mur-de-trump-lafarge-veut-le-construire_2089163.html#xtor=CS2-765<\/p>\n<p>-&#8220;On pense que les Russes ont  d\u00e9ploy\u00e9 un missile de croisi\u00e8re terrestre qui viole l&#8217;esprit et l&#8217;intention du trait\u00e9 FNI &#8221; (le g\u00e9n\u00e9ral am\u00e9ricain Paul Selva) :<br \/>\nhttp:\/\/www.euractiv.fr\/section\/l-europe-dans-le-monde\/news\/la-russie-installe-illegalement-des-missiles-visant-leurope\/?nl_ref<\/p>\n<p><strong>-Au Br\u00e9sil, l&#8217;\u00e9pid\u00e9mie de fi\u00e8vre jaune la plus virulente \u00e0 cause de la d\u00e9forestation (son du 9 mars) :<\/strong> https:\/\/www.radioclassique.fr\/radio\/emissions\/matinale-de-radio-classique\/3-minutes-planete\/<\/p>\n<p><strong>-Au N\u00e9pal, le p\u00e9rilleux chemin de l&#8217;\u00e9cole (vid\u00e9o) :<\/strong> http:\/\/www.francetvinfo.fr\/replay-radio\/question-d-education\/nepal-le-perilleux-chemin-de-l-ecole_2089213.html#xtor=CS2-765<\/p>\n<p>-L&#8217;agence internationale de l&#8217;\u00e9nergie craint un nouveau choc p\u00e9trolier apr\u00e8s 2020 (Christian Menanteau; son) : http:\/\/www.rtl.fr\/actu\/conso\/l-agence-internationale-de-l-energie-craint-un-nouveau-choc-petrolier-7787592039<\/p>\n<p><strong>CULTURE-MEDIA<\/strong><\/p>\n<p><strong>-&#8220;Nouvelle pr\u00e9sidence, nouvelles ambitions culturelles&#8221; (trois tables rondes \u00e0 l&#8217;initiative de la  Soci\u00e9t\u00e9 civile des auteurs multim\u00e9dia; vid\u00e9o) : <\/strong> https:\/\/www.youtube.com\/watch?v=CJw_WVW0qrc<\/p>\n<p>-&#8220;Plus qu&#8217;\u00e0 l&#8217;identit\u00e9, je crois beaucoup plus au concept d&#8217;appartenance \u00e0 une nation&#8221; (Emmanuel Macron; vid\u00e9o) : https:\/\/www.youtube.com\/watch?v=FsJecQlNwfw<\/p>\n<p>-Crime contre l&#8217;humanit\u00e9, &#8220;on a eu exactement le m\u00eame d\u00e9bat sur l&#8217;esclavage en 2001&#8221; (vid\u00e9o) : https:\/\/www.youtube.com\/watch?v=LdtgOm4BomA<\/p>\n<p><strong>-Il \u00e9tait l&#8217;invit\u00e9 d&#8217;Emmanuel Laurentin dans &#8220;La Fabrique de l&#8217;Histoire&#8221; sur France Culture (son) :  <\/strong> https:\/\/www.franceculture.fr\/emissions\/la-fabrique-de-lhistoire\/limaginaire-historique-demmanuel-macron<\/p>\n<p>-&#8220;L&#8217;Elys\u00e9e, histoire, secrets, myst\u00e8res&#8221;, le dernier livre de Patrice Duhamel, invit\u00e9 d&#8217;Audrey Crespo-Mara (vid\u00e9o) :  http:\/\/www.lci.fr\/replay\/l-invite-de-8h45-du-9-mars-2017-patrice-duhamel-journaliste-politique-ancien-grand-homme-de-medias-2028541.html%3Ftype=content<\/p>\n<p>-&#8220;Le monde ne tourne pas rond ma petite fille&#8221;, un ouvrage de Sonia Mabrouk, invit\u00e9e d&#8217;Isabelle Moreau (vid\u00e9o) : http:\/\/www.cnews.fr\/chroniques\/les-invites-disabelle-moreau\/linvite-disabelle-moreau-173490<\/p>\n<p><strong>-Hubert Reeves, Philippe Claudel et Philippe Djian, invit\u00e9s de &#8220;La Grande librairie&#8221; de Fran\u00e7ois Busnel (vid\u00e9o) : <\/strong> http:\/\/www.france5.fr\/emissions\/la-grande-librairie\/videos\/replay_-_la_grande_librairie_09-03-2017_1507333<\/p>\n<p><strong>-Les 11 et 12 mars, l&#8217;ethnologie monte sur sc\u00e8ne au Mus\u00e9e du Quai Branly, avec le spectacle de Macha Make\u00efeff &#8220;Les \u00e2mes offens\u00e9es&#8221; (Fran\u00e7ois Ekchajzer; vid\u00e9o) :<\/strong>               http:\/\/television.telerama.fr\/television\/l-ethnologie-monte-sur-scene-au-musee-du-quai-branly,155127.php <\/p>\n<p>-Au th\u00e9\u00e2tre des Champs-Elys\u00e9es, &#8220;La Belle H\u00e9l\u00e8ne&#8221; de Jacques Offenbach s\u00e9duit le jeune public : http:\/\/culturebox.francetvinfo.fr\/voyageur-de-notes\/2017\/03\/08\/la-belle-helene-et-les-gentils-enfants.html<\/p>\n<p>-Gr\u00e8ve au Centre Pompidou : http:\/\/culturebox.francetvinfo.fr\/arts\/evenements\/le-centre-georges-pompidou-ferme-aujourd-hui-en-raison-d-une-greve-253493<\/p>\n<p><strong>-Au Conservatoire national de musique de Paris, l&#8217;hommage \u00e0 R\u00e9my Pflimlin (vid\u00e9o) <\/strong> : http:\/\/culturebox.francetvinfo.fr\/musique\/musique-classique\/beriobeethovenboulez-au-conservatoire-de-paris-251603<\/p>\n<p>-&#8220;Tapis rouge&#8221;, le film de Fr\u00e9d\u00e9ric Baillif et Kanrtarama Gahigiri  rend hommage aux associations de quartiers qui proposent des activit\u00e9s aux jeunes d\u00e9favoris\u00e9s (Caoline Besse; vid\u00e9o) : http:\/\/www.telerama.fr\/cinema\/tapis-rouge-commence-son-festival-de-cannes-avant-l-heure,155136.php<\/p>\n<p><strong>-&#8220;Aux Etats-Unis, les gens qui ont le pouvoir sont ceux qui ont de l&#8217;argent&#8221; (Jessica Chatain \u00e0 l&#8217;affiche de &#8220;Miss Sloane&#8221;; invit\u00e9e d&#8217;Alexandra Bensaid; son) : <\/strong><br \/>\nhttps:\/\/www.franceinter.fr\/emissions\/l-invite-de-7h50\/l-invite-de-7h50-09-mars-2017<\/p>\n<p><strong>-Les auteurs Diane Ducret et Jean-Claude Carri\u00e8re \u00e9taient successivement les invit\u00e9s de &#8220;Passion classique&#8221; d&#8217;Olivier Bellamy (sons du 8 et du 9 mars) : <\/strong> https:\/\/www.radioclassique.fr\/radio\/emissions\/passion-classique\/<\/p>\n<p>-Retrouver Rudy Baby Dion avec Fran\u00e7ois Gorin (sons, dont un album complet) :                              http:\/\/www.telerama.fr\/musique\/dion-1-chewing-gum-au-gout-amer,155118.php  http:\/\/www.telerama.fr\/musique\/dion-2-born-again-singer,155143.php<\/p>\n<p>-&#8220;C&#8217;est en Europe que les grands noms du blues sont devenus des stars&#8221; (le bluesman britannique John Mayall qui est en concert ce soir \u00e0 l&#8217;Olympia \u00e0 83 ans; propos recueillis par Hugo Cassavetti; son) : http:\/\/www.telerama.fr\/sortir\/john-mayall-c-est-en-europe-que-les-grands-noms-du-blues-sont-devenus-des-stars,155082.php<\/p>\n<p><strong>-En 1980, la France d\u00e9couvrait le rap (vid\u00e9o) : <\/strong> http:\/\/www.francetvinfo.fr\/culture\/musique\/1980-la-france-decouvre-le-rap_2088425.html<\/p>\n<p><strong>-Face \u00e0 face IAM\/Bernard Pivot dans &#8220;Ping Pong&#8221; sur France Culture (son) : <\/strong> https:\/\/www.franceculture.fr\/emissions\/ping-pong\/akhenaton-shuriken-iam-bernard-pivot-en-live-melissa-laveaux-et-napoleon-madox#xtor<\/p>\n<p><strong>-&#8220;English Tapas&#8221;, le dernier album du groupe Sleaford Mods (Rebecca Manzoni; vid\u00e9o) :<\/strong> http:\/\/www.dailymotion.com\/video\/x5eb1az_sleaford-mods-la-voix-de-l-angleterre-qui-se-bastonne-sur-les-parkings-pop-co_music<\/p>\n<p><strong>-Les photos de la semaine (EPIC) :<\/strong> http:\/\/www.oai13.com\/featured\/selection-jeudi-depic-stories-78\/?mc_cid=6b69918ba6&#038;mc_eid=d22fe7293b<\/p>\n<p><strong>-Plantu \u00e9tait l&#8217;invit\u00e9 d&#8217;Augustin Trapenard (son) : <\/strong> https:\/\/www.franceinter.fr\/emissions\/boomerang\/boomerang-09-mars-2017<\/p>\n<p>-Dans dix jours, la premi\u00e8re confrontation des candidats sur TF 1. Le d\u00e9s\u00e9quilibre du temps de parole au profit de Fran\u00e7ois Fillon se poursuit  (Marc Baudrier; son du 9 mars) : https:\/\/www.radioclassique.fr\/radio\/emissions\/matinale-de-radio-classique\/la-vie-des-medias\/<\/p>\n<p>-Le retour de Koh Lanta. Denis Brogniart \u00e9tait l&#8217;invit\u00e9 de Sonia Devillers (vid\u00e9o, amener le curseur sur 6:10) : http:\/\/www.dailymotion.com\/video\/x5ebmzo_koh-lanta-le-jeu-de-la-france-qui-se-retrousse-les-manches_news<\/p>\n<p><strong>-Toujours d&#8217;actualit\u00e9 (Les Inconnus; vid\u00e9o) <\/strong> :             https:\/\/www.youtube.com\/watch?v=zmWWN1Z8jP0<\/p>\n<p><strong>-&#8220;Quand je serai grand, je serai sondeur&#8221; (Charline Vanhoenacker; son) : <\/strong> https:\/\/www.franceinter.fr\/emissions\/le-billet-de-charline-vanhoenacker\/le-billet-de-charline-vanhoenacker-09-mars-2017<\/p>\n<p><strong>-&#8220;Au meeting de Macron&#8221; (Guillaume Meurice; vid\u00e9o) : <\/strong> http:\/\/www.dailymotion.com\/video\/x5ecjyr_au-meeting-de-macron-le-moment-meurice_fun<\/p>\n","protected":false},"excerpt":{"rendered":"<p>ACTUALITE -Les fili\u00e8res scientifiques de plus en plus f\u00e9minines (vid\u00e9o) : http:\/\/www.francetvinfo.fr\/replay-radio\/question-d-education\/egalite-hommes-femmes-les-filieres-scientifiques-de-plus-en-plus-feminines_2087473.html -Le dialogue social chez Michelin (vid\u00e9o) : http:\/\/www.francetvinfo.fr\/economie\/syndicats\/michelin-une-nouvelle-forme-de-dialogue-social_2087443.html -&#8220;Il y a un besoin urgent de r\u00e9industrialiser la France&#8221; (T\u00e9moignages de militants de la CGT; vid\u00e9o) : https:\/\/www.youtube.com\/watch?v=XKkCbQU-WMQ -La CFTC interpelle les candidats (pi\u00e8ce jointe); -Un d\u00e9ficit commercial record (vid\u00e9o) : http:\/\/www.francetvinfo.fr\/economie\/deficit\/economie-un-deficit-commercial-record_2089199.html#xtor=CS2-765 &#8220;Au lyc\u00e9e [&hellip;]<\/p>\n","protected":false},"author":1042,"featured_media":0,"comment_status":"open","ping_status":"open","sticky":false,"template":"","format":"standard","meta":{"_themeisle_gutenberg_block_has_review":false,"footnotes":""},"categories":[151],"tags":[],"class_list":["post-10255","post","type-post","status-publish","format-standard","hentry","category-la-revue-de-presse-de-lulu"],"_links":{"self":[{"href":"https:\/\/archives.regards.fr\/index.php?rest_route=\/wp\/v2\/posts\/10255","targetHints":{"allow":["GET"]}}],"collection":[{"href":"https:\/\/archives.regards.fr\/index.php?rest_route=\/wp\/v2\/posts"}],"about":[{"href":"https:\/\/archives.regards.fr\/index.php?rest_route=\/wp\/v2\/types\/post"}],"author":[{"embeddable":true,"href":"https:\/\/archives.regards.fr\/index.php?rest_route=\/wp\/v2\/users\/1042"}],"replies":[{"embeddable":true,"href":"https:\/\/archives.regards.fr\/index.php?rest_route=%2Fwp%2Fv2%2Fcomments&post=10255"}],"version-history":[{"count":0,"href":"https:\/\/archives.regards.fr\/index.php?rest_route=\/wp\/v2\/posts\/10255\/revisions"}],"wp:attachment":[{"href":"https:\/\/archives.regards.fr\/index.php?rest_route=%2Fwp%2Fv2%2Fmedia&parent=10255"}],"wp:term":[{"taxonomy":"category","embeddable":true,"href":"https:\/\/archives.regards.fr\/index.php?rest_route=%2Fwp%2Fv2%2Fcategories&post=10255"},{"taxonomy":"post_tag","embeddable":true,"href":"https:\/\/archives.regards.fr\/index.php?rest_route=%2Fwp%2Fv2%2Ftags&post=10255"}],"curies":[{"name":"wp","href":"https:\/\/api.w.org\/{rel}","templated":true}]}}