{"id":10248,"date":"2017-03-10T11:24:01","date_gmt":"2017-03-10T10:24:01","guid":{"rendered":"https:\/\/wp.muchomaas.com\/article-la-revue-du-9-mars-2017\/"},"modified":"2023-06-23T23:24:17","modified_gmt":"2023-06-23T21:24:17","slug":"article-la-revue-du-9-mars-2017","status":"publish","type":"post","link":"https:\/\/archives.regards.fr\/?p=10248","title":{"rendered":"La Revue du 9 mars 2017"},"content":{"rendered":"<strong>ACTUALITE<\/strong>\n\n<strong>-L&#8217;importance du 8 mars, journ\u00e9e internationale des droits des femmes (Margaux Collet du Haut conseil \u00e0 l&#8217;\u00e9galit\u00e9 des femmes et des hommes et Claire Serre-Comb, porte-parole de &#8220;Osez le f\u00e9minisme&#8221;; invit\u00e9es d&#8217;Isabelle Moreau; vid\u00e9o) : <\/strong>  http:\/\/www.cnews.fr\/chroniques\/les-invites-disabelle-moreau\/linvite-disabelle-moreau-du-08032017-173455\n\n-Cinq chiffres pour mesurer le chemin \u00e0 parcourir (vid\u00e9o) : http:\/\/www.lci.fr\/societe\/journee-des-droits-des-femmes-2017-video-5-chiffres-pour-mesurer-le-chemin-a-parcourir-2028382.html%3Ftype=content\n\n-Deux si\u00e8cles de f\u00e9minisme en dix citations (diaporama) : http:\/\/bibliobs.nouvelobs.com\/galeries-photos\/idees\/20170308.OBS6280\/elles-ont-dit-deux-siecles-de-feminisme-en-10-citations.html#xtor\n\n<strong>-L&#8217;intervention du pr\u00e9sident de la R\u00e9publique (vid\u00e9o) : <\/strong> http:\/\/www.elysee.fr\/videos\/new-video-106\/#content\n\n<strong>-&#8220;La prise de conscience sur les in\u00e9galit\u00e9s grandit dans la soci\u00e9t\u00e9&#8221; (Cl\u00e9mentine Autain, conseill\u00e8re r\u00e9gionale FDG d&#8217;Ile-de-France, soutient de Jean-Luc-M\u00e9lenchon, invit\u00e9e de Fr\u00e9d\u00e9ric Rivi\u00e8re; vid\u00e9o)<\/strong> : http:\/\/www.rfi.fr\/video\/20170308-clementine-autain-feministe-prise-conscience-inegalites-grandit-societe\n\n-&#8220;Beno\u00eet Hamon et Emmanuel Macron sont les moins inattentifs aux droits des femmes&#8221; (Rebecca Amsellem, fondatrice de la lettre f\u00e9ministe &#8220;Les Glorieuses&#8221;; interrog\u00e9e par Eric Delvaux; son) : https:\/\/www.franceinter.fr\/emissions\/l-invite-du-5-7\/l-invite-du-5-7-08-mars-2017\n\n<em>-L&#8217;\u00e9galit\u00e9 hommes\/femmes (IPSOS) :<\/em> http:\/\/www.ipsos.fr\/decrypter-societe\/2017-03-08-44-francaises-estiment-ne-pas-beneficier-d-pleine-egalite-avec-hommes\n\n<em>-Les Fran\u00e7ais et la sant\u00e9 dans l&#8217;\u00e9lection pr\u00e9sidentielle (BVA) :<\/em>                                                           http:\/\/www.bva-group.com\/sondages\/election-presidentielle-sante-2\/\n\n<em>-La qualit\u00e9 de vie au travail dans l&#8217;\u00e9conomie sociale et solidaire (CSA) : <\/em> https:\/\/www.csa.eu\/fr\/survey\/barometre-national-sur-la-qualite-de-vie-au-travail-dans-less\n\n-&#8220;Je n&#8217;ai jamais pens\u00e9 qu&#8217;Airbnb rencontrerait un tel succ\u00e8s&#8221; (son fondateur Nathan Blecharczyk, interrog\u00e9 par Thomas Sotto; vid\u00e9o) : http:\/\/www.dailymotion.com\/video\/x5e87ed_nathan-blecharczyk-je-n-ai-jamais-pense-qu-airbnb-rencontrerait-un-tel-succes_news\n\n-&#8220;Comment la CIA nous espionne&#8221; (vid\u00e9o) : http:\/\/tempsreel.nouvelobs.com\/videos\/8ms0mr.DGT\/iphones-androids-teles-connectees-wikileaks-revele-les-techniques-de-la-cia.html#xtor=EPR\n\n-Des violences \u00e0 l&#8217;int\u00e9rieur du lyc\u00e9e Surger \u00e0 Saint-Denis (93) : http:\/\/www.francetvinfo.fr\/france\/ile-de-france\/seine-saint-denis\/saint-denis-54-personnes-en-garde-a-vue-apres-des-violences-dans-un-lycee_2087441.html\n\n-Le parquet de Paris souhaite que Bernard Tapie soit renvoy\u00e9 en correctionnelle pour &#8220;escroquerie en bande organis\u00e9e et d\u00e9tournement de fonds publics&#8221; : http:\/\/www.francetvinfo.fr\/politique\/affaire\/bernard-tapie\/affaire-tapie-trois-questions-sur-la-demande-de-renvoi-en-correctionnelle-de-bernard-tapie_2086877.html\n\n<strong>POLITIQUE<\/strong>\n\n<strong>-&#8220;Citoyens ! M\u00ealez-vous des \u00e9lections !&#8221; (Patrick Le Hyaric; pi\u00e8ce jointe);  <\/strong> \n\n-&#8220;Il n&#8217;y en avait que pour M. Fillon et ses affaires. L&#8217;h\u00f4pital public a \u00e9t\u00e9 trait\u00e9 comme une entreprise. On a invent\u00e9 le paiement \u00e0 l&#8217;acte, une chose abominable&#8221; (Jean-Luc M\u00e9lenchon, interrog\u00e9 par Marc-Olivier Fogiel; son) : http:\/\/www.rtl.fr\/actu\/politique\/presidentielle-2017-melenchon-deplore-une-entreprise-generalisee-de-diabolisation-7787568696\n\n-&#8220;Est-il encore permis de voter \u00e0 gauche quand on est de gauche ?&#8221; (le psychanalyste G\u00e9rard Miller) : http:\/\/www.gerardmiller.fr\/index.php\/accueil\/edito-voter-a-gauche\/\n\n-&#8220;Le fl\u00e9au, c&#8217;et le ch\u00f4mage&#8221; (Nathalie Arthaud, candidate de LO qui a ses parrainages, ; vid\u00e9o) : http:\/\/rmc.bfmtv.com\/mediaplayer\/video\/pour-nathalie-arthaud-le-fleau-c-est-le-chomage-921617.html\n\n<strong>-L&#8217;Assembl\u00e9e des d\u00e9partements de France avait convi\u00e9 les principaux candidats \u00e0 l&#8217;\u00e9lection pr\u00e9sidentielle. Leurs interventions ici (vid\u00e9os) : <\/strong> https:\/\/www.publicsenat.fr\/article\/politique\/les-candidats-a-la-presidentielle-face-aux-elus-des-departements-toutes-les-videos\n\n-D\u00e9bat sur les institutions, avec l&#8217;avocate Raquel Carrido pour repr\u00e9senter &#8220;La France insoumise&#8221; (vid\u00e9o) : https:\/\/www.youtube.com\/watch?v=C-MvFffxPZo&#038;feature=youtu.be\n\n-Le compte rendu du Conseil des ministres (St\u00e9phane Le Foll; vid\u00e9o) : http:\/\/www.elysee.fr\/videos\/compte-rendu-du-conseil-des-ministres-du-mercredi-8-mars-2\/\n\n-&#8220;La campagne \u00e9lectorale n&#8217;est pas \u00e0 la hauteur&#8221; (Fran\u00e7ois Hollande, cit\u00e9 par Solenn de Royer) :  http:\/\/www.lemonde.fr\/election-presidentielle-2017\/article\/2017\/03\/08\/election-presidentielle-francois-hollande-estime-que-la-campagne-electorale-n-est-pas-a-la-hauteur_5091543_4854003.html\n\n-&#8220;Jadot, l&#8217;homme qui s&#8217;est effac\u00e9&#8221; (Marcelo Wesfreid du &#8220;Figaro&#8221;; son) : https:\/\/www.franceinter.fr\/emissions\/histoires-politiques\/histoires-politiques-08-mars-2017\n\n<strong>-&#8220;Etre pr\u00e9sident, c&#8217;est faire sur les priorit\u00e9s et le cap qu&#8217;on s&#8217;est  fix\u00e9s. La r\u00e9forme des retraites mettra cinq \u00e0 dix ans pour commencer. Il y a d&#8217;autres reformes qui doivent aller vite -le march\u00e9 du travail, le ch\u00f4mage et la formation professionnelle, l&#8217;\u00e9cole- qui se feront rapidement, dans le premier semestre du quinquennat. L&#8217;in\u00e9galit\u00e9 salariale est tr\u00e8s dure \u00e0 contr\u00f4ler. Il faut un volet &#8220;\u00e9galit\u00e9 salariale&#8221; discut\u00e9 chaque ann\u00e9e dans les entreprises, avec des contr\u00f4les inopin\u00e9s avec des sanctions et en rendant publique la liste des entreprises les plus mauvaises. Je suis en train de rassembler les progressistes de gauche, (du parti communiste), du centre, de droite et de la soci\u00e9t\u00e9 civile. Que Beno\u00eet Hamon et les autres candidats passent autant de temps \u00e0 m&#8217;attaquer montre bien que je suis le candidat anti-syst\u00e8me&#8221; (Emmanuel Macron, interrog\u00e9 par Caroline Roux; vid\u00e9o) : <\/strong> http:\/\/www.france2.fr\/emissions\/telematin\/actu\/les-4-verites-emmanuel-macron_557935\n\n<strong>-&#8220;Emmanuel Macron, je l&#8217;aiderai. Le programme de Beno\u00eet Hamon est dangereux&#8221; (Bertrand Delano\u00eb, ancien maire socialiste de Paris, \u00e9tait l&#8217;invit\u00e9 de la matinale de France Inter. Il r\u00e9pondait aux questions de Patrick Cohen et des auditeurs; vid\u00e9os) :<\/strong> https:\/\/www.franceinter.fr\/emissions\/l-invite-de-8h20\/l-invite-de-8h20-08-mars-2017\n\n-&#8220;Je suis tr\u00e8s honor\u00e9, il a pleinement sa place chez les progressistes&#8221; (Emmanuel Macron; vid\u00e9o) : http:\/\/www.bfmtv.com\/mediaplayer\/video\/macron-satisfait-du-soutien-de-delanoe-il-a-pleinement-sa-place-chez-les-progressistes-921687.html\n\n-&#8220;C&#8217;est une trahison&#8221; (Aur\u00e9lie Filippetti, d\u00e9put\u00e9e PS de Moselle; vid\u00e9o) : http:\/\/www.francetvinfo.fr\/politique\/emmanuel-macron\/video-aurelie-filippetti-qualifie-de-trahison-le-soutien-de-bertrand-delanoe-a-emmanuel-macron_2087037.html\n\n-&#8220;Je suis d\u00e9\u00e7ue de cette prise de position. L&#8217;argument du vote utile d\u00e8s le premier tour est incompr\u00e9hensible&#8221; (Na\u00efma Chara\u00ef, porte-parole de Beno\u00eet Hamon; vid\u00e9o) : http:\/\/www.bfmtv.com\/mediaplayer\/video\/une-porte-parole-de-hamon-estime-incomprehensible-le-soutien-de-delanoe-a-macron-921635.html\n\n-&#8220;Je choisis d\u00e8s le premier tour Emmanuel Macron qui nous \u00e9vitera de devoir choisir au 2e entre Fillon et le Pen&#8221; (Catherine Coutelle, d\u00e9put\u00e9e PS de la Vienne; vid\u00e9o) : http:\/\/www.lcp.fr\/la-politique-en-video\/presidentielle-une-deputee-ps-prete-un-vote-utile-pour-macron-au-1er-tour-face\n\n-Une position partag\u00e9e par des \u00e9lus de Seine-Saint-Denis de diverses sensibilit\u00e9s (Carole Sterl\u00e9 et S\u00e9bastien Thomas) : http:\/\/www.leparisien.fr\/sevran-93270\/93-pourquoi-gatignon-soutient-macron-07-03-2017-6741135.php#xtor=AD-1481423553\n\n-&#8220;L&#8217;essentiel est de marquer la campagne et que le paysage politique change&#8230; par la suppression des deux extr\u00eames et des deux partis qui se partagent le pouvoir depuis tant d&#8217;ann\u00e9es. Nous y sommes presque (avec Emmanuel Macron). Il est en situation d&#8217;\u00eatre au second tour de fa\u00e7on tr\u00e8s positive&#8221; (Fran\u00e7ois Beyrou, pr\u00e9sident du MoDem; interrog\u00e9 par Jean-Pierre Elkabbach sur CNews; vid\u00e9o) : http:\/\/www.cnews.fr\/chroniques\/linvite-de-jean-pierre-elkabbach\/francois-bayrou-invite-de-jean-pierre-elkabbach-173449\n\n<strong>-&#8220;Le candidat &#8220;en marche&#8221; a su cr\u00e9er une dynamique pour, dans les sondages, faire le double de Beno\u00eet Hamon qui p\u00e2tit de s&#8217;\u00eatre d\u00e9port\u00e9  sur la gauche dans son affrontement avec Jean-Luc M\u00e9lenchon. Ce qui ne s&#8217;est pas produit au soir de la primaire socialiste a lieu maintenant avec tous ces ralliements de poids lourds du PS qui vont vers celui qui peut remporter l&#8217;\u00e9lection plut\u00f4t que sur Beno\u00eet Hamon qui n&#8217;a aucune chance d&#8217;atteindre le second tour. Ce qui n&#8217;est pas sans risques pour Emmanuel Macron qui peut appara\u00eetre comme l&#8217;h\u00e9ritier de Fran\u00e7ois Hollande. Au final, ce dernier peut le soutenir face \u00e0 Marine Le Pen et ainsi s&#8217;attribuer une part de la victoire&#8221; (Guillaume Tabard du &#8220;Figaro&#8221;; son du 8 mars) : <\/strong> https:\/\/www.radioclassique.fr\/radio\/emissions\/matinale-de-radio-classique\/22630-2\/\n\n-&#8220;L&#8217;ensemble de la famille politique est en train de se retrouver et c&#8217;est un red\u00e9marrage de la campagne&#8221; (Christian Jacob, pr\u00e9sident du groupe LR; invit\u00e9 de la matinale de Franceinfo; vid\u00e9o) : http:\/\/www.dailymotion.com\/video\/x5e80x6_pour-christian-jacob-l-ensemble-de-la-famille-politique-est-train-de-se-retrouver_news\n\n-&#8220;La foule de la place du Trocad\u00e9ro est la meilleure r\u00e9ponse. Fran\u00e7ois Fillon n&#8217;est pas trait\u00e9 comme un justiciable comme les autres&#8221;(Bruno Retailleau, coordinateur de la campagne du candidat de la droite; interrog\u00e9 par Audrey Crespo-Mara; vid\u00e9o) : http:\/\/www.lci.fr\/replay\/l-invite-politique-de-8h15-du-8-mars-2017-bruno-retailleau-coordinateur-de-campagne-de-francois-fillon-2028424.html\n\n-Combien de personnes y avait-il en r\u00e9alit\u00e9 ? (Maxence Sorel; vid\u00e9o) :  http:\/\/www.telerama.fr\/medias\/demontrez-vous-meme-que-francois-fillon-n-a-pu-reunir-200-000-personnes-au-trocadero,155112.php#xtor\n\n-&#8220;Cette situation est  difficile. Nous avons un programme et un candidat. Alain Jupp\u00e9 a pris de la distance. Il faut apaiser les situations, reconstruisons l&#8217;alliance avec l&#8217;UDI et \u00e9vitons toute proximit\u00e9 avec le FN&#8221; (Jean-Pierre Raffarin, interrog\u00e9 par Fabien Namias; vid\u00e9o) :  http:\/\/www.dailymotion.com\/video\/x5e89tu_jean-pierre-raffarin-repond-aux-questions-de-fabien-namias_news\n\n<em>-&#8220;Un soutien limit\u00e9 \u00e0 un noyau de l&#8217;\u00e9lectorat LR&#8221; (C\u00e9cile Lacroix-Lano\u00eb de l&#8217;Institut Kantar-Sofres) :<\/em> http:\/\/fr.kantar.com\/elections\/presidentielle\/2017\/les-evenements-marquants-de-la-campagne-francois-fillon-face-a-la-justice\/\n\n-Le pr\u00eat non d\u00e9clar\u00e9, &#8220;une op\u00e9ration de d\u00e9stabilisation politique&#8221; (Fran\u00e7ois Fillon; vid\u00e9o) : http:\/\/www.lcp.fr\/la-politique-en-video\/pret-non-declare-francois-fillon-denonce-une-operation-de-destabilisation\n\n-Quelles sont les r\u00e8gles \u00e0 observer ? : http:\/\/tempsreel.nouvelobs.com\/presidentielle-2017\/20170308.OBS6290\/pret-non-declare-de-fillon-quelles-sont-les-regles-a-connaitre.html#xtor\n\n-&#8220;Les primaires ne sont peut-\u00eatre pas la panac\u00e9e&#8221; (Brice Hortefeux, eurod\u00e9put\u00e9 LR; vid\u00e9o) : http:\/\/www.lcp.fr\/la-politique-en-video\/hortefeux-les-primaires-ce-nest-peut-etre-pas-la-panacee\n\n-&#8220;Fran\u00e7ois Fillon sera notre candidat le 23 avril.  Il y a eu une campagne pour essayer de mettre sur orbite Alain Jupp\u00e9, moi j&#8217;ai toujours soutenu Fran\u00e7ois Fillon. On voit bien que tout \u00e7a est en train de s&#8217;effondrer, \u00e0 bout de souffle&#8221; (Herv\u00e9 Morin, pr\u00e9sident UDI de la r\u00e9gion Normandie, invit\u00e9 de &#8220;Territoires d&#8217;Infos&#8221;; vid\u00e9o, amener le curseur sur 34:00) : https:\/\/www.publicsenat.fr\/emission\/territoires-d-infos\/invite-herve-morin-54673\n\n-L&#8217;UDI obtient 96 circonscriptions et paiera une p\u00e9nalit\u00e9 pour non-respect de la parit\u00e9 :  https:\/\/www.lesechos.fr\/elections\/legislatives-2017\/0211860341912-legislatives-ludi-obtient-96-circonscriptions-apres-son-accord-avec-les-republicains-2070707.php#xtor\n\n-&#8220;Je veux remercier les maires libres qui m&#8217;ont parrain\u00e9. Et si on ne parlait pas de M. Fillon. Ces hommes politiques ne parlent que d&#8217;eux, jamais des Fran\u00e7ais&#8221;  (Nicolas Dupont-Aignan, qui a ses parrainages, face \u00e0 Jean-Jacques Bourdin; vid\u00e9o) : http:\/\/www.bfmtv.com\/mediaplayer\/video\/nicolas-dupont-aignan-face-a-jean-jacques-bourdin-en-direct-921649.html\n\n-Emmanuel Macron, &#8220;Il est le mondialiste, je suis la patriote&#8221; (Marine Le Pen, invit\u00e9e de la matinale sp\u00e9ciale de RTL; interrog\u00e9e par Elizabeth Martichoux; vid\u00e9o) : http:\/\/www.rtl.fr\/actu\/politique\/marine-le-pen-sur-rtl-denonce-un-fumet-de-persecution-7787573293\n\n-&#8220;Il faut fermer les mosqu\u00e9es salafistes&#8221; (vid\u00e9o) : http:\/\/www.rtl.fr\/actu\/politique\/marine-le-pen-pour-un-ratio-1-euro-egal-a-1-nouveau-franc-7787572911\n\n-&#8220;Je ne monterai pas le prix du tabac&#8221; (vid\u00e9o) : http:\/\/www.rtl.fr\/actu\/politique\/marine-le-pen-est-l-invitee-des-petits-dejeuners-de-la-presidentielle-7787566282\n\n-&#8220;Avez-vous mis de l&#8217;eau dans votre vin ?&#8221; (Alba Ventura et les r\u00e9ponses de la candidate du FN; vid\u00e9o) : http:\/\/www.rtl.fr\/actu\/politique\/marine-le-pen-a-t-elle-edulcore-ses-propositions-fortes-7787560958\n\n-&#8220;Un certain nombre d&#8217;entreprises ont besoin de l&#8217;Etat&#8221; (vid\u00e9o) : http:\/\/www.rtl.fr\/actu\/politique\/marine-le-pen-sur-rtl-un-certain-nombre-d-entreprises-ont-besoin-de-l-etat-7787561141\n\n<em>-Les Fran\u00e7ais et le Front national (BVA)<\/em> :                                              http:\/\/www.bva-group.com\/sondages\/les-francais-et-le-fn\/\n\n<em>-Barom\u00e8tre 2017 d&#8217;image du Front national (KANTAR) :   <\/em>                                    http:\/\/fr.kantar.com\/opinion-publique\/politique\/2017\/barometre-2017-d-image-du-front-national\/\n\n-La ligne de d\u00e9part de la pr\u00e9sidentielle (Thomas Legrand; son) : https:\/\/www.franceinter.fr\/emissions\/l-edito-politique\/l-edito-politique-08-mars-2017\n\n-&#8220;Le prochain pr\u00e9sident devra affronter un troisi\u00e8me tour social&#8221; (Alain Duhamel; vid\u00e9o) : http:\/\/www.rtl.fr\/actu\/politique\/le-prochain-president-devra-affronter-un-3e-tour-social-estime-alain-duhamel-7787568830\n\n<strong>-&#8220;Les \u00e9lus, les Fran\u00e7ais et cette indignation qui monte&#8221; (Daniel Leb\u00e8gue, pr\u00e9sident de &#8220;Transparency international France&#8221; (propos recueillis par Marc Belpois) : <\/strong> http:\/\/www.telerama.fr\/monde\/affaires-fillon-le-pen-les-elus-les-francais-et-cette-indignation-qui-monte,155099.php#xtor\n\n-&#8220;J&#8217;ai quitt\u00e9 la politique avant qu&#8217;elle ne me quitte. Depuis plus de 10 ans, je n&#8217;appartiens plus \u00e0 un aucun parti politique. Je n&#8217;aimais pas les th\u00e8mes du Trocad\u00e9ro, ceux de l&#8217;extr\u00eame droite des ann\u00e9es 30. Je ne sais pas pour qui je vais voter&#8221; (Jean-Louis Debr\u00e9, ancien pr\u00e9sident du Conseil constitutionnel, qui pense que dans l&#8217;affaire Fillon il y a des fautes que la justice doit mettre en \u00e9vidence; interrog\u00e9 par Olivier Galzi; vid\u00e9o) :  http:\/\/www.cnews.fr\/chroniques\/linvite-dolivier-galzi\/jean-louis-debre-invite-dolivier-galzi-173468\n\n-&#8220;Brigitte Macron a soutenu en son temps Gilles Robien qui avait arrach\u00e9 la ville d&#8217;Amiens aux communistes. C&#8217;est plut\u00f4t une femme de droite&#8221; (Caroline Derrien, co-auteure de &#8220;Les Macron&#8221;; interrog\u00e9e par Romain Desarbres; vid\u00e9o) : http:\/\/www.cnews.fr\/chroniques\/linvite-de-la-matinale\/linvite-de-la-matinale-du-08032017-173452\n\n<em>-L&#8217;observatoire de la politique nationale (BVA) : <\/em>                                            http:\/\/www.bva-group.com\/sondages\/observatoire-de-politique-nationale-mars-2017\/\n\n<em>-L&#8217;opinion des Fran\u00e7ais sur les valeurs des courants politiques et des candidats \u00e0 l&#8217;\u00e9lection pr\u00e9sidentielle (VIAVOICE) : <\/em>                                               http:\/\/www.institut-viavoice.com\/viavoice-paris\/publications\/sondages-publies\/582-valeurs-et-politique-l-opinion-des-francais-sur-les-valeurs-des-courants-politiques-et-des-candidats-a-l-election-presidentielle-de-2017\n\n<em>-Le barom\u00e8tre YOUGOV<\/em> : https:\/\/fr.yougov.com\/news\/2017\/03\/02\/resultats-du-barometre-yougov-france-le-huffington\/\n\n<em>-Les jeunes et la campagne \u00e9lectorale (HARRIS) :<\/em> http:\/\/harris-interactive.fr\/opinion_polls\/les-jeunes-lelection-presidentielle-et-legalite-femmes-hommes\/\n\n<em>-Les enfants et l&#8217;\u00e9lection pr\u00e9sidentielle (IPSOS)<\/em> :                  http:\/\/www.ipsos.fr\/decrypter-societe\/2017-03-06-l-election-presidentielle-vue-par-enfants\n\n<em>-Le maintien de la candidature de Fran\u00e7ois Fillon (ELABE) :   <\/em>                                 http:\/\/elabe.fr\/candidature-de-francois-fillon\/\n\n<em>-Les intentions de vote \u00e0 l&#8217;\u00e9lection pr\u00e9sidentielle (ELABE) :  <\/em>                           http:\/\/elabe.fr\/intentions-de-vote-election-presidentielle-2017-4\/\n\n<em>-Le m\u00eame (HARRIS) : <\/em> http:\/\/harris-interactive.fr\/opinion_polls\/intentions-et-motivations-de-vote-pour-lelection-presidentielle-de-2017\/\n\n<em>-Les intentions de vote au 8 mars (IFOP) : <\/em> http:\/\/dataviz.ifop.com:8080\/HNS\/HNSAdmin\/start.appli?appid=60930&#038;logonUser=USERWEB&#038;logonPswcd=ZnJhbmNvaXNF\n\n<em>-Le m\u00eame (OPINION-WAY) : <\/em> http:\/\/opinionlab.opinion-way.com\/opinionlab\/832\/627\/presitrack.html#m6\n\n<strong>EUROPE-MONDE<\/strong>\n\n-Malgr\u00e9 le Brexit, le brevet europ\u00e9en devrait voir le jour d\u00e8s cette ann\u00e9e (Jorge Valero) : http:\/\/www.euractiv.fr\/section\/economie\/news\/unitary-patent-expected-this-year-despite-brexit\/?nl_ref\n\n<strong>-&#8220;L&#8217;id\u00e9e d&#8217;une Europe \u00e0 plusieurs vitesses ravive la fracture entre l&#8217;Est et l&#8217;Ouest&#8221; (C\u00e9cile Barbi\u00e8re) <\/strong> : http:\/\/www.euractiv.fr\/section\/politique\/news\/lidee-dune-europe-a-plusieurs-vitesses-ravive-la-fracture-entre-lest-et-louest\/?nl_ref\n\n-Donald Tusk, le pr\u00e9sident du Conseil europ\u00e9en, s&#8217;y oppose (Jorge Valero) : http:\/\/www.euractiv.fr\/section\/avenir-de-l-ue\/news\/tusk-against-the-quartets-multi-speed-europe\/?nl_ref\n\n<strong>-Au Parlement europ\u00e9en, les socialistes se rapprochent des \u00e9cologistes (Sarantis Michalopoulos) :<\/strong> http:\/\/www.euractiv.fr\/section\/politique\/news\/eu-socialists-and-greens-take-first-step-towards-a-progressive-coalition\/?nl_ref\n\n-&#8220;Le manque de coop\u00e9ration en mati\u00e8re de d\u00e9fense co\u00fbte cher aux pays europ\u00e9ens&#8221; (Daniel M\u00fctzel) : http:\/\/www.euractiv.fr\/section\/politique\/interview\/vice-versa-european-defence-and-german-interests\/?nl_ref\n\n-&#8220;Les Lords entravent le gouvernement britannique sur le Brexit&#8221; : http:\/\/www.euractiv.fr\/section\/royaume-uni-en-europe\/news\/les-lords-entravent-le-gouvernement-britannique-sur-le-brexit\/?nl_ref\n\n<strong>-&#8220;La fin de la guerre du soleil entre la Chine et l&#8217;Europe&#8221; (Nathalie Fontrel; son) : <\/strong> https:\/\/www.franceinter.fr\/emissions\/planete-environnement\/planete-environnement-08-mars-2017\n\n-L&#8217;Union europ\u00e9enne accro\u00eet la pression sur Volkswagen apr\u00e8s le Dieselgate :                                  http:\/\/www.euractiv.fr\/section\/politique\/news\/lue-accroit-la-pression-sur-volkswagen-apres-le-dieselgate\/?nl_ref\n\n-En Gr\u00e8ce, une manifestation d&#8217;agriculteurs d\u00e9g\u00e9n\u00e8re (vid\u00e9o) : http:\/\/www.francetvinfo.fr\/monde\/grece\/video-grece-une-manifestation-d-agriculteurs-degenere_2086841.html\n\n<strong>-Avant les \u00e9lections du 15 mars, l&#8217;\u00e9lectorat n\u00e9erlandais est fragment\u00e9 (Romaric Godin) <\/strong> : http:\/\/www.latribune.fr\/economie\/union-europeenne\/pays-bas-des-elections-marquees-par-l-atomisation-de-l-electorat-655768.html\n\n-Une \u00e9lection pr\u00e9sidentielle anticip\u00e9e aura lieu le 2 avril en Serbie (Smiljana Vukojcic) : http:\/\/www.euractiv.fr\/section\/elections\/news\/serbia-to-hold-snap-elections-in-april\/?nl_ref\n\n-Au Bangladesh, des femmes victimes d&#8217;attaques \u00e0 l&#8217;acide d\u00e9filent (vid\u00e9o) :                                       http:\/\/www.francetvinfo.fr\/monde\/bangladesh\/video-bangladesh-des-femmes-victimes-d-attaques-a-l-acide-defilent_2086661.html\n\n-En Afrique, la protection des lanceurs d&#8217;alerte progresse : http:\/\/www.euractiv.fr\/section\/monde\/news\/la-protection-des-lanceurs-dalerte-progresse-en-afrique\/?nl_ref\n\n<strong>-&#8220;Le r\u00e9gime de Trump est une ploutocratie&#8221; (l&#8217;historien am\u00e9ricain, sp\u00e9cialiste de la France de Vichy, Robert O. Paxton) :<\/strong> https:\/\/www.letemps.ch\/opinions\/2017\/03\/08\/regime-trump-une-ploutocratie?utm_source\n\n-&#8220;A Miami, on croise les millionnaires exil\u00e9s du chavisme&#8221; (Anthony Bellanger; son) : https:\/\/www.franceinter.fr\/emissions\/les-histoires-du-monde\/les-histoires-du-monde-08-mars-2017\n\n-&#8220;La poudri\u00e8re asiatique&#8221; (Bernard Guetta; son) : https:\/\/www.franceinter.fr\/emissions\/geopolitique\/geopolitique-08-mars-2017\n\n-Au coeur des eaux contest\u00e9es de la mer de Chine du Sud (Dominique Andr\u00e9; son) : \nhttps:\/\/www.franceculture.fr\/emissions\/le-choix-de-la-redaction\/au-coeur-des-eaux-contestees-de-la-mer-de-chine-du-sud-0#xtor\n\n<strong>-Les revendications de P\u00e9kin (Jacques Gravereau, pr\u00e9sident d&#8217;honneur de l&#8217;Institut HEC-Eurasia; son et vid\u00e9os) : <\/strong> https:\/\/www.franceculture.fr\/emissions\/les-enjeux-internationaux\/inde-la-bonne-sante-de-leconomie\n\n-&#8220;Des bricoleurs aux quatre coins du monde&#8221; (son du 8 mars) : https:\/\/www.radioclassique.fr\/radio\/emissions\/matinale-de-radio-classique\/3-minutes-planete\/\n\n<strong>-L&#8217;ONU appelle \u00e0 renoncer \u00e0 l&#8217;agriculture industrielle (Marine Jobert) : <\/strong> http:\/\/www.euractiv.fr\/section\/agriculture-alimentation\/news\/lonu-appelle-a-renoncer-a-lagriculture-industrielle\/?nl_ref\n\n<strong>CULTURE-MEDIA<\/strong>\n\n<strong>-&#8220;Un nouveau f\u00e9minisme pour de nouveaux combats ?&#8221; (l&#8217;anthropologue M\u00e9lanie Gourarier et Anne-C\u00e9cile Mailfert, pr\u00e9sidente de la Fondation des femmes; invit\u00e9es des &#8220;Matins&#8221;  de Guillaume Erner sur France Culture; sons) : <\/strong> https:\/\/www.franceculture.fr\/emissions\/linvite-des-matins\/un-nouveau-feminisme-pour-de-nouveaux-combats#xtor                                                           https:\/\/www.franceculture.fr\/emissions\/linvite-des-matins-2eme-partie\/un-nouveau-feminisme-pour-de-nouveaux-combats-2eme-partie\n\n-&#8220;Vous avez entendu les candidats parler de culture vous ? Moi non&#8230;&#8221; (Jean-Jacques Burellier, secr\u00e9taire g\u00e9n\u00e9ral du th\u00e9\u00e2tre de la Fa\u00efencerie \u00e0 Creil (60; Claire Chaudi\u00e8re; son) : https:\/\/www.franceinter.fr\/emissions\/le-zoom-de-la-redaction\/le-zoom-de-la-redaction-08-mars-2017\n\n<strong>-Jusqu&#8217;au 10 avril \u00e0 l&#8217;Atelier Grognard de Rueil-Malmaison (92), la banlieue peinte de Corot \u00e0 Vlaminck (Lucille Moy; photos) :<\/strong> http:\/\/www.telerama.fr\/sortir\/a-quoi-ressemblait-la-banlieue-parisienne-dans-les-peintures-du-xixe-et-xxe-siecle,154824.php#xtor\n\n-Bernard Arnault investit  158 millions d&#8217;euros dans un site culturel \u00e0 Paris (Bernard Genies) : http:\/\/tempsreel.nouvelobs.com\/culture\/20170308.OBS6293\/bernard-arnault-investit-158-millions-dans-un-nouveau-site-culturel.html#xtor\n\n<strong>-Pour s&#8217;\u00e9vader, &#8220;QHS&#8221;, les confessions de Roger Knobelspiess, le braqueur devenu \u00e9crivain (Marine Landrot) <\/strong> : http:\/\/www.telerama.fr\/livre\/s-evader-avec-knobelspiess,154978.php#xtor\n\n<strong>-La romanci\u00e8re et \u00e9ditrice Genevi\u00e8ve Brisac-accompagn\u00e9e de Simone de Beauvoir- \u00e9tait l&#8217;invit\u00e9e d&#8217;Augustin Trapenard (son) : <\/strong> https:\/\/www.franceinter.fr\/emissions\/boomerang\/boomerang-08-mars-2017\n\n-Eric Naulleau  \u00e9tait l&#8217;invit\u00e9 de &#8220;\u00a8Passion classique&#8221; d&#8217;Olivier Bellamy (son du 7 mars) : https:\/\/www.radioclassique.fr\/radio\/emissions\/passion-classique\/\n\n<strong>-L&#8217;actualit\u00e9 du cin\u00e9ma dans &#8220;Cin\u00e9rama&#8221; avec les critiques Pierre Murat et Samuel Douhaire (vid\u00e9o) :<\/strong> http:\/\/www.telerama.fr\/cinema\/cinerama-l-emission-cinema-la-confession-citoyen-d-honneur,155114.php#xtor\n\n<strong>-Romain Duris parle de son dernier film &#8220;La Confession&#8221; de Nicolas Boukhrief (Basile Lemaire; vid\u00e9o) : <\/strong> http:\/\/www.telerama.fr\/cinema\/le-film-de-la-semaine-romain-duris-nous-parle-de-la-confession,155105.php#xtor\n\n<strong>-&#8220;Les figures de l&#8217;ombre&#8221; de Theodore Melfi sur trois femmes noires admirables de la Nasa (Olivier Benkemoum; vid\u00e9o) <\/strong> : http:\/\/www.cnews.fr\/chroniques\/la-chronique-culture\/les-figures-de-lombre-3-femmes-admirables-a-la-nasa-173448\n\n-&#8220;Florence Foresti est plus que belle \u00e0 contre-emploi&#8221; (Thomas Croisi\u00e8re; vid\u00e9o) : http:\/\/www.dailymotion.com\/video\/x5e5j26_florence-foresti-est-plus-que-belle-a-contre-emploi-la-carte-blanche-de-thomas-croisiere_fun\n\n-&#8220;Soupe&#8221; du Tunisien Rami Jarboui remporte le Grand prix international du film sur t\u00e9l\u00e9phone portable (vid\u00e9o) : http:\/\/www.telerama.fr\/cinema\/soupe-grand-prix-international-du-mobile-film-festival,155098.php#xtor\n\n-&#8220;I love London&#8221; de Paul Marques Duarte et Violette Gitton se voit attribuer le Grand Prix France (vid\u00e9o) : http:\/\/www.telerama.fr\/cinema\/i-love-london-grand-prix-france-du-mobile-film-festival,155097.php#xtor\n\n-Jusqu&#8217;au 24 avril \u00e0 la Com\u00e9die des Boulevards \u00e0 Paris, &#8220;l&#8217;humour \u00e0 croquer de Kim Schwarck&#8221; (Mich\u00e8le Bourcet; vid\u00e9o) : http:\/\/www.telerama.fr\/sortir\/kim-schwarck-un-humour-a-croquer,155086.php#xtor\n\n<strong>-Jacques cr\u00e9e un album \u00e9lectro sous vos yeux (vid\u00e9o) : <\/strong> http:\/\/www.telerama.fr\/musique\/devant-vos-yeux-ebahis-jacques-cree-un-album-electro-en-direct,155103.php#xtor\n\n-Retrouver le Napolitain Roberto Murolo avec Fran\u00e7ois Gorin (sons) :                  http:\/\/www.telerama.fr\/musique\/roberto-murolo-1-passion-napolitaine,154937.php\nhttp:\/\/www.telerama.fr\/musique\/roberto-murolo-2-pecheur-d-amours-perdues,155068.php#xtor\n\n-Les nouvelles tendances du tatouage au Mondial 2017 (No\u00e9mie Cl\u00e9ment; diaporama) : http:\/\/www.lexpress.fr\/styles\/diapo-photo\/styles\/beaute\/en-images-retour-sur-les-tendances-reperees-au-mondial-du-tatouage_1885955.html?PMSRC_CAMPAIGN\n\n<strong>&#8220;-Quatre s\u00e9ries qui changent l&#8217;image des femmes \u00e0 la t\u00e9l\u00e9vision&#8221; (Fran\u00e7ois Langlais et S\u00e9bastien Mauge) :<\/strong> http:\/\/www.telerama.fr\/series-tv\/quatre-series-qui-changent-l-image-des-femmes-a-la-television,154945.php#xtor\n\n<strong>-&#8220;Soundbreaking&#8221;, une s\u00e9rie qui vous fait entrer dans les studios d&#8217;enregistrement (Rebecca Manzoni; vid\u00e9o) : <\/strong> https:\/\/www.franceinter.fr\/emissions\/pop-co\/pop-co-08-mars-2017\n\n-&#8220;Dans les \u00e9missions de Jean-Christophe Averty, c&#8217;\u00e9tait lui la vedette&#8221; (Fran\u00e7oise Hardy; propos recueillis par Val\u00e9rie Lehoux) : http:\/\/television.telerama.fr\/television\/francoise-hardy-dans-les-emissions-de-jean-christophe-averty-c-etait-lui-la-vedette,155108.php#xtor\n\n<strong>-&#8220;PSA-OPEL, un beau mariage pour combien d&#8217;enterrements ?&#8221; (Samuel Gontier) : <\/strong> http:\/\/television.telerama.fr\/television\/psa-opel-un-beau-mariage-pour-combien-d-enterrements,155100.php#xtor\n\n-&#8220;La Voix du Nord&#8221; veut supprimer 160 postes. Les jeunes femmes sont plus nombreuses \u00e0 entrer dans le journalisme que les hommes&#8221;  (Marc Baudriller; son du 8 mars) : https:\/\/www.radioclassique.fr\/radio\/emissions\/matinale-de-radio-classique\/la-vie-des-medias\/\n\n<strong>-&#8220;La femmes \u00e0 la radio et \u00e0 la t\u00e9l\u00e9vision, \u00e7a va mieux mais \u00e7a reste tr\u00e8s insuffisant&#8221; (Sylvie-Pierre Brossolette, membre du CSA; interrog\u00e9e par Guillaume Durand; son du 8 mars) <\/strong> : https:\/\/www.radioclassique.fr\/radio\/emissions\/matinale-de-radio-classique\/l-invite-du-matin\/\n\n<strong>-&#8220;La mixit\u00e9 passe par la discrimination positive pour les femmes&#8221; (Delphine Ernotte, pr\u00e9sidente de France T\u00e9l\u00e9visions, invit\u00e9e d&#8217;Alexandra Bensaid; vid\u00e9o) : <\/strong> https:\/\/www.franceinter.fr\/emissions\/l-invite-de-7h50\/l-invite-de-7h50-08-mars-2017\n\n<em>-Le 2e rapport du CSA (documents \u00e0 t\u00e9l\u00e9charger) <\/em> : http:\/\/www.csa.fr\/Espace-Presse\/Conferences-de-presse\/Representation-des-femmes-a-la-television-et-a-la-radio-le-CSA-publie-son-deuxieme-rapport\n\n-&#8220;Macron en soir\u00e9e&#8221; avec Florence Foresti (vid\u00e9o) : http:\/\/www.dailymotion.com\/video\/x5e5iz6_macron-en-soiree-si-tu-ecoutes-le-sketch_fun\n\n<strong>-&#8220;Avant \u00e0 la radio, on misait tout sur le fond, maintenant, c&#8217;est sur le fond de teint&#8221; (Charline Vanhoenacker; vid\u00e9o) :<\/strong>  https:\/\/www.franceinter.fr\/emissions\/le-billet-de-charline-vanhoenacker\/le-billet-de-charline-vanhoenacker-08-mars-2017\n\n<strong>-La foufoune du 8 mars&#8221; (Nicole Ferroni; son) : <\/strong> http:\/\/www.dailymotion.com\/video\/x5e7ti3_etre-une-femme-quand-on-nous-laisse-vivre-comme-bon-nous-semble-c-est-souvent-de-la-balle-le-billet_fun\n\n-Laurent Gerra devant Marine Le Pen (vid\u00e9o) : http:\/\/www.rtl.fr\/actu\/politique\/video-la-chronique-de-laurent-gerra-devant-marine-le-pen-7787561324\n\n-&#8220;Le droit des femmes&#8221; (Guillaume Meurice; vid\u00e9o) : https:\/\/www.youtube.com\/watch?v=dqdsXMGSt2E&#038;feature=youtu.be\n<h2 class=\"wp-block-heading\">Documents joints<\/h2>\n\n\n\n<div class=\"wp-block-file\"><a href=\"https:\/\/wp.muchomaas.com\/wp-content\/uploads\/2017\/03\/edito_hd-2-1ae.pdf\">edito_hd-2.pdf<\/a><\/div>\n\n\n","protected":false},"excerpt":{"rendered":"<p>ACTUALITE -L&#8217;importance du 8 mars, journ\u00e9e internationale des droits des femmes (Margaux Collet du Haut conseil \u00e0 l&#8217;\u00e9galit\u00e9 des femmes et des hommes et Claire Serre-Comb, porte-parole de &#8220;Osez le f\u00e9minisme&#8221;; invit\u00e9es d&#8217;Isabelle Moreau; vid\u00e9o) : http:\/\/www.cnews.fr\/chroniques\/les-invites-disabelle-moreau\/linvite-disabelle-moreau-du-08032017-173455 -Cinq chiffres pour mesurer le chemin \u00e0 parcourir (vid\u00e9o) : http:\/\/www.lci.fr\/societe\/journee-des-droits-des-femmes-2017-video-5-chiffres-pour-mesurer-le-chemin-a-parcourir-2028382.html%3Ftype=content -Deux si\u00e8cles de f\u00e9minisme en dix citations [&hellip;]<\/p>\n","protected":false},"author":1042,"featured_media":0,"comment_status":"open","ping_status":"open","sticky":false,"template":"","format":"standard","meta":{"_themeisle_gutenberg_block_has_review":false,"footnotes":""},"categories":[151],"tags":[],"class_list":["post-10248","post","type-post","status-publish","format-standard","hentry","category-la-revue-de-presse-de-lulu"],"_links":{"self":[{"href":"https:\/\/archives.regards.fr\/index.php?rest_route=\/wp\/v2\/posts\/10248","targetHints":{"allow":["GET"]}}],"collection":[{"href":"https:\/\/archives.regards.fr\/index.php?rest_route=\/wp\/v2\/posts"}],"about":[{"href":"https:\/\/archives.regards.fr\/index.php?rest_route=\/wp\/v2\/types\/post"}],"author":[{"embeddable":true,"href":"https:\/\/archives.regards.fr\/index.php?rest_route=\/wp\/v2\/users\/1042"}],"replies":[{"embeddable":true,"href":"https:\/\/archives.regards.fr\/index.php?rest_route=%2Fwp%2Fv2%2Fcomments&post=10248"}],"version-history":[{"count":0,"href":"https:\/\/archives.regards.fr\/index.php?rest_route=\/wp\/v2\/posts\/10248\/revisions"}],"wp:attachment":[{"href":"https:\/\/archives.regards.fr\/index.php?rest_route=%2Fwp%2Fv2%2Fmedia&parent=10248"}],"wp:term":[{"taxonomy":"category","embeddable":true,"href":"https:\/\/archives.regards.fr\/index.php?rest_route=%2Fwp%2Fv2%2Fcategories&post=10248"},{"taxonomy":"post_tag","embeddable":true,"href":"https:\/\/archives.regards.fr\/index.php?rest_route=%2Fwp%2Fv2%2Ftags&post=10248"}],"curies":[{"name":"wp","href":"https:\/\/api.w.org\/{rel}","templated":true}]}}