{"id":10244,"date":"2017-03-08T07:21:30","date_gmt":"2017-03-08T06:21:30","guid":{"rendered":"https:\/\/wp.muchomaas.com\/article-la-revue-du-8-mars-2017\/"},"modified":"2023-06-23T23:24:17","modified_gmt":"2023-06-23T21:24:17","slug":"article-la-revue-du-8-mars-2017","status":"publish","type":"post","link":"https:\/\/archives.regards.fr\/?p=10244","title":{"rendered":"La Revue du 8 mars 2017"},"content":{"rendered":"<strong>ACTUALITE<\/strong>\n\n<strong>-Les fonctionnaires ont voulu se faire entendre (vid\u00e9o) :  <\/strong> http:\/\/www.francetvinfo.fr\/economie\/emploi\/recherche-d-emploi\/fonction-publique\/greve-les-fonctionnaires-de-sante-manifestent-pour-leurs-conditions-de-travail_2085909.html\n\n<strong>-La mobilisation des infirmi\u00e8res (Nathalie Depoire, pr\u00e9sidente de la coordination nationale; invit\u00e9e de Dimitri Pavlenko; son) :<\/strong> http:\/\/www.sudradio.fr\/Podcasts\/L-invite-pour-comprendre\/Nathalie-Depoire-presidente-de-la-Coordination-Nationale-Infirmiere\n\n-La mixit\u00e9 des m\u00e9tiers (Christine Bouillot; son) : http:\/\/www.sudradio.fr\/Podcasts\/Les-reportages-de-la-matinee\/Les-femmes-et-la-mixite-au-travail\n\n<strong>-&#8220;Nous avions invit\u00e9 tous les candidats. Nous attendons toujours la r\u00e9ponse de Jean-Luc M\u00e9lenchon et Beno\u00eet Hamon avait d&#8217;autres obligations. Au d\u00e9but, la loi Travail \u00e9tait tr\u00e8s bonne. Nous demandons que nos charges soient dans la moyenne europ\u00e9enne. Fran\u00e7ois Fillon et Emmanuel Macron s&#8217;engagent dans cette voie&#8221; (Fran\u00e7ois Asselin, pr\u00e9sident de la CPME, interrog\u00e9 par Brigitte Boucher; vid\u00e9o, amener le curseur sur 30:43) :<\/strong> http:\/\/www.lci.fr\/replay\/replay-l-invitee-de-24h-en-questions-du-7-mars-2017-rama-yade-candidate-a-l-election-presidentielle-2028406.html\n\n-&#8220;Rachat d&#8217;Opel, le quitte ou double de Carlos Tavares&#8221; (Nabil Bourassi) : \nhttp:\/\/www.latribune.fr\/entreprises-finance\/industrie\/automobile\/rachat-d-opel-le-quitte-ou-double-de-carlos-tavares-654775.html#xtor\n\n-20 000 points de recharge pour v\u00e9hicules \u00e9lectriques en France avant fin 2017 : http:\/\/www.latribune.fr\/entreprises-finance\/la-tribune-de-l-energie-avec-enedis\/20-000-points-de-recharge-pour-vehicules-electriques-en-france-avant-fin-2017-651448.html\n\n-Lancement d&#8217;un satellite sentinelle charg\u00e9 de surveiller la surface terrestre (son du 7 mars) : https:\/\/www.radioclassique.fr\/radio\/emissions\/matinale-de-radio-classique\/3-minutes-planete\/\n\n<strong>-&#8220;Le spatial se met au service de l&#8217;agriculture&#8221; (Eric Andrieu) : <\/strong> http:\/\/www.euractiv.fr\/section\/all\/opinion\/quand-le-spatial-se-met-au-service-de-lagriculture\/?nl_ref=32736149\n\n-&#8220;A qui profitent les milliards de la d\u00e9fense ?&#8221; (Michel Cabirol) : http:\/\/www.latribune.fr\/entreprises-finance\/industrie\/aeronautique-defense\/a-qui-profite-les-milliards-de-la-defense-654964.html#xtor\n\n&#8220;Les n\u00e9gociations avec la grande distribution s&#8217;ach\u00e8vent sur des prix stables, avec un effort pour les fili\u00e8res en difficult\u00e9&#8221; (Serge Papin, PDG de &#8220;Syst\u00e8me U&#8221;, interrog\u00e9 par Nicolas Pierron; son du 7 mars) : https:\/\/www.radioclassique.fr\/radio\/emissions\/matinale-de-radio-classique\/l-invite-de-l-economie\/\n\n-Les ventes de vins en ligne (Christophe Viet; son) : http:\/\/www.sudradio.fr\/Podcasts\/L-invite-pour-comprendre\/Christophe-Viet-fondateur-du-site-ventealapropriete.com\n\n<strong>-Les hydrocarbures dans les produits alimentaires (Yolaine de la Bigne; son) : <\/strong> http:\/\/www.sudradio.fr\/Podcasts\/Quelle-epoque-ethique\/Hydrocarbures-dans-les-produits-alimentaires\n\n<strong>-&#8220;Les \u00e9dulcorants pas si light que \u00e7a pour notre sant\u00e9&#8221; (Guy Fagherazzi, chercheur \u00e0 l&#8217;Inserm) :<\/strong> https:\/\/theconversation.com\/les-edulcorants-pas-si-light-que-ca-pour-notre-sante-73659\n\n-Des bananes &#8220;mieux que bio&#8221; mais pas bio : http:\/\/www.lci.fr\/lifestyle\/les-bananes-mieux-que-bio-mais-pas-bio-des-producteurs-antillais-interdites-de-pub-2028408.html\n\n<strong>-Un rhinoc\u00e9ros blanc abattu par des braconniers au zoo de Thoiry (78; vid\u00e9o) :<\/strong> http:\/\/www.lci.fr\/faits-divers\/zoo-de-thoiry-un-rhinoceros-abattu-par-des-braconniers-l-une-de-ses-cornes-tronconnee-2028358.html\n\n-Proc\u00e8s en appel du policier qui a tu\u00e9 un fugitif d&#8217;une balle dans le dos (Lucie Soullier) : http:\/\/www.lemonde.fr\/violences-policieres\/article\/2017\/03\/07\/proces-en-appel-du-policier-qui-a-tue-amine-bentounsi-d-une-balle-dans-le-dos_5090185_5078781.html\n\n-&#8220;L&#8217;affaire Troadec nous en rappelle d&#8217;autres&#8221; (Dominique Verdeilhan de France 2, auteur de &#8220;Magistrats sur le divan&#8221;; interrog\u00e9 par Guillaume Durand; son du 7 mars) : https:\/\/www.radioclassique.fr\/radio\/emissions\/matinale-de-radio-classique\/l-invite-du-matin\/\n\n<strong>-Le manifeste de &#8220;Marie-Claire&#8221; contre le viol des mineurs (Corine Goldberger, chef de rubrique et la com\u00e9dienne Andr\u00e9a Bescond; interrog\u00e9es par Isabelle Moreau; vid\u00e9o) <\/strong> : http:\/\/www.cnews.fr\/chroniques\/les-invites-disabelle-moreau\/linvite-disabelle-moreau-du-07032017-173430\n\n-&#8220;Il y a chez une partie des musulmans un poison identitaire qui se r\u00e9pand&#8221; (Amine El Khatmi, maire-adjoint PS \u00e0 Avignon; son) : http:\/\/www.sudradio.fr\/Podcasts\/L-invite-pour-comprendre\/Amine-El-Khatmi-adjoint-PS-au-maire-d-Avignon-et-auteur\n\n-&#8220;Je vais d\u00e9poser plainte contre EE-LV&#8221; (Denis Baupin; d\u00e9put\u00e9 \u00e9cologiste de Paris; entretien r\u00e9alis\u00e9 par Marie-Christine Tabet) : http:\/\/www.lejdd.fr\/Politique\/Denis-Baupin-Je-vais-deposer-plainte-contre-EELV-852893\n\n-Tr\u00e8s engag\u00e9 dans la chasse \u00e0 &#8220;la fraude sociale&#8221;, le d\u00e9put\u00e9 LR des Bouches-du-Rh\u00f4ne Dominique Tian accus\u00e9 de &#8220;blanchiment de fraude fiscale&#8221; : http:\/\/www.francetvinfo.fr\/france\/un-elu-les-republicains-engage-contre-la-fraude-sociale-accuse-de-blanchissement-de-fraude-fiscale_2086463.html\n\n<strong>POLITIQUE<\/strong>\n\n-Face \u00e0 face Eric Coquerel du Parti de gauche\/Geoffroy Didier, vice-pr\u00e9sident LR de la r\u00e9gion Ile-de-France (son du 6 mars) : https:\/\/www.radioclassique.fr\/radio\/emissions\/le-19h20h\/grand-debat-soir\/\n\n-&#8220;Je n&#8217;ai aucun mal \u00e0 soutenir Beno\u00eet Hamon. Je suis pein\u00e9 (par Claude Bartolone). Moi, je fais la diff\u00e9rence entre la gauche et la droite. Beno\u00eet Hamon int\u00e8gre actuellement de bonnes propositions de ses concurrents de la primaire. Il y a des sondages non publi\u00e9s qui le donne largement vainqueur contre Marine Le Pen (je voudrais bien les voir !)&#8221; (David Assouline, s\u00e9nateur PS de Paris; interrog\u00e9 par Isabelle Moreau; vid\u00e9o) : http:\/\/www.cnews.fr\/chroniques\/les-invites-disabelle-moreau\/linvite-disabelle-moreau-du-07032017-173426\n\n<strong>-&#8220;J&#8217;ai du mal \u00e0 me reconna\u00eetre dans la campagne de Beno\u00eet Hamon&#8221; (Claude Bartolone, pr\u00e9sident de l&#8217;Assembl\u00e9e nationale dans &#8220;Le Monde&#8221;; pi\u00e8ce jointe);\n<\/strong>\n\n-&#8220;Un candidat qui divise&#8221; (vid\u00e9o) : http:\/\/www.francetvinfo.fr\/politique\/emmanuel-macron\/benoit-hamon-un-candidat-qui-divise_2085903.html\n\n-&#8220;Un compl\u00e9ment de revenu pour tous les salari\u00e9s d\u00e8s 2018&#8221; (Beno\u00eet Hamon sur Europe 1; vid\u00e9o) : http:\/\/www.dailymotion.com\/video\/x5e5qfs_revenu-universel-hamon-veut-un-complement-de-revenu-pour-tous-les-salaries-des-2018_news\n\n-&#8220;Le feuilleton Fillon est interminable&#8221; (vid\u00e9o) :  http:\/\/www.dailymotion.com\/video\/x5e5p9w_hamon-le-feuilleton-fillon-est-interminable_news\n\n-Il \u00e9tait l&#8217;invit\u00e9 du &#8220;Club de la presse&#8221; (son) : http:\/\/www.europe1.fr\/emissions\/le-club-de-la-presse\/europe-soir-le-club-de-la-presse-benoit-hamon-07032017-2996903\n\n-&#8220;Le choix de conserver Fran\u00e7ois Fillon est dangereux pour la d\u00e9mocratie. A l&#8217;\u00e9tranger, il y a une grande peur du FN. Beno\u00eet Hamon est \u00e0 la t\u00e2che. Il est le seul \u00e0 se projeter dans l&#8217;avenir. Sur beaucoup d&#8217;aspects, le programme d&#8217;Emmanuel Macron est proche de celui de Fran\u00e7ois Fillon&#8221; (la maire de Paris Anne Hidalgo; interrog\u00e9e par Fabien Namias; vid\u00e9o) : http:\/\/www.dailymotion.com\/video\/x5e3sgf_anne-hidalgo-le-choix-de-maintenir-francois-fillon-est-tres-risque-pour-la-democratie_news\n\n-&#8220;Tout cela tient \u00e0 la profonde d\u00e9composition des partis politiques en France, avec, \u00e0 l&#8217;int\u00e9rieur, des batailles d&#8217;\u00e9curies et des postures. Alain Jupp\u00e9 a fait une tr\u00e8s belle d\u00e9claration. C&#8217;\u00e9tait un homme d&#8217;Etat qui s&#8217;exprimait. La vie politique a un besoin urgent de renouvellement. Dans les derni\u00e8res semaines, Emmanuel Macron a gagn\u00e9 en densit\u00e9&#8221; (Fran\u00e7ois Bayrou, pr\u00e9sident du Modem; face \u00e0 Jean-Jacques Bourdin; vid\u00e9o) : http:\/\/www.bfmtv.com\/mediaplayer\/video\/francois-bayrou-face-a-jean-jacques-bourdin-en-direct-921219.html\n\n-&#8220;Je crois que nous avons sauv\u00e9 l&#8217;\u00e9lection pr\u00e9sidentielle&#8221; (G\u00e9rard Larcher, pr\u00e9sident LR du S\u00e9nat, \u00e9tait l&#8217;invit\u00e9 de la matinale de France Inter, questionn\u00e9 par Patrick Cohen; vid\u00e9os) : http:\/\/www.dailymotion.com\/video\/x5e3s3m_gerard-larcher-repond-aux-questions-de-patrick-cohen_news\n\n-Il a r\u00e9pondu aux questions des auditeurs (vid\u00e9o) : http:\/\/www.dailymotion.com\/video\/x5e3xvt_gerard-larcher-repond-aux-questions-des-auditeurs-de-france-inter_news\n\n-&#8220;Ce qu&#8217;a fait Fran\u00e7ois Fillon \u00e9tait l\u00e9gal, rien n&#8217;a \u00e9t\u00e9 cach\u00e9&#8221; (Bruno Retailleau, pr\u00e9sident du groupe LR au S\u00e9nat; interrog\u00e9 par Guillaume Durand; vid\u00e9o) : https:\/\/www.dailymotion.com\/video\/x5e432t_ce-qu-a-fait-francois-fillon-etait-legal-rien-n-etait-cache-bruno-retailleau-07-03-2017_news\n\n-&#8220;La d\u00e9cision d&#8217;Alain Jupp\u00e9 a fait qu&#8217;il n&#8217;y avait plus qu&#8217;une seule candidature possible, celle de Fran\u00e7ois Fillon. Revenons \u00e0 l&#8217;essentiel, le programme. Je remercie Alain Jupp\u00e9, un homme d&#8217;Etat exceptionnel. Nicolas Sarkozy a jou\u00e9 le r\u00f4le de l&#8217;union&#8221;  (Bernard Accoyer, secr\u00e9taire g\u00e9n\u00e9ral des R\u00e9publicains; interrog\u00e9 par Audrey Crespo-Mara; vid\u00e9o) : http:\/\/www.lci.fr\/replay\/l-invite-politique-de-8h15-du-7-mars-2017-bernard-accoyer-secretaire-general-des-republicains-2028315.html\n\n-&#8220;Il n&#8217;y a plus de plan B, il n&#8217;y aura qu&#8217;un seul bulletin de vote qui portera le nom de Fran\u00e7ois Fillon. Nous avons eu deux mois de calvaire. Je n&#8217;ai pas vu cette radicalisation. Nous souhaitons la reprise des discussions avec l&#8217;UDI&#8221; (Luc Chatel, pr\u00e9sident du Conseil national LR; interrog\u00e9 par Elizabeth Martichoux; vid\u00e9o) : http:\/\/www.rtl.fr\/actu\/politique\/francois-fillon-luc-chatel-tend-la-main-a-l-udi-7787556730\n\n-&#8220;Fran\u00e7ois Fillon ne rassemble que les fillonistes ce qui ne permet pas de gagner l&#8217;\u00e9lection&#8221; (Jean-Christophe Lagarde, pr\u00e9sident de l&#8217;UDI, interrog\u00e9 par Marc-Olivier Fogiel; son) : http:\/\/www.rtl.fr\/actu\/societe-faits-divers\/affaire-fillon-udi-ne-rassemble-que-les-fillonnistes-deplore-lagarde-7787553603\n\n-&#8220;Nous prenons acte de la d\u00e9marche de Fran\u00e7ois Fillon et nous entendons son message de rassemblement&#8221; (Louis Giscard d&#8217;Estaing, vice-pr\u00e9sident de l&#8217;UDI; interrog\u00e9 par Olivier Galzi; vid\u00e9o) :  http:\/\/www.cnews.fr\/chroniques\/linvite-dolivier-galzi\/louis-giscard-destaing-invite-dolivier-galzi-173442\n\n<strong>-&#8221; Ils ont pr\u00e9f\u00e9r\u00e9 n\u00e9gocier en secret des circonscriptions \u00e0 la place d&#8217;un projet pour la France. Le centre est un astre mort. C&#8217;est la fin d&#8217;une \u00e9poque clairement. Emmanuel Macron n&#8217;est pas centriste, il est de gauche, h\u00e9ritier de Fran\u00e7ois Hollande. Tous les sondages se sont tromp\u00e9s. La cristallisation ne se fera qu&#8217;au dernier moment. Les seuls certitudes sont du c\u00f4t\u00e9 du FN&#8221; (Rama Yade, candidate de &#8220;la France qui ose&#8221;, ancienne vice-pr\u00e9sidente de l&#8217;UDI; interrog\u00e9e par Yves Calvi; vid\u00e9o, amener le curseur sur 1:20) <\/strong> : http:\/\/www.lci.fr\/replay\/replay-l-invitee-de-24h-en-questions-du-7-mars-2017-rama-yade-candidate-a-l-election-presidentielle-2028406.html\n\n-&#8220;55% des sympathisants LR souhaitent que Fran\u00e7ois Fillon se maintienne&#8221; (Jean- Daniel L\u00e9vy de l&#8217;institut HARRIS; vid\u00e9o) : http:\/\/www.lcp.fr\/la-politique-en-video\/sondage-seuls-55-des-sympathisants-lr-souhaitent-que-fillon-maintienne-sa\n\n-&#8220;L&#8217;UDI entre deux chaises&#8221; (Jean-Baptiste Daoulas de &#8220;L&#8217;Express&#8221;; son) : https:\/\/www.franceinter.fr\/emissions\/histoires-politiques\/histoires-politiques-07-mars-2017\n\n-&#8220;Il a fait en sorte que notre famille se rassemble. Sa force de caract\u00e8re m&#8217;a marqu\u00e9. Il sera un grand pr\u00e9sident. Qui aurait pu faire la m\u00eame chose (que le Trocad\u00e9ro) ?&#8221; (Eric Ciotti, d\u00e9put\u00e9 LR des Alpes Maritimes; face \u00e0 Jean-Pierre Elkabbach; vid\u00e9o) : http:\/\/www.cnews.fr\/chroniques\/linvite-de-jean-pierre-elkabbach\/eric-ciotti-invite-de-jean-pierre-elkabbach-173420\n\n-&#8220;On est en train de perdre l&#8217;\u00e9lection. Il faut explorer toutes les solutions qui doivent toutes avoir l&#8217;accord de Fran\u00e7ois Fillon. Il a cl\u00f4t cette \u00e9tape&#8221; (Eric Woerth, d\u00e9put\u00e9 LR de l&#8217;Oise; invit\u00e9 du &#8220;Club de la presse&#8221;; son) : http:\/\/www.europe1.fr\/emissions\/le-club-de-la-presse\/europe-soir-le-club-de-la-presse-eric-woerth-et-anne-sinclair-06032017-2995880\n\n-&#8220;Il doit maintenant reconqu\u00e9rir l&#8217;opinion publique&#8221; (Jean-Christophe Fromantin, d\u00e9put\u00e9 LR des Hauts-de-Seine; invit\u00e9 de &#8220;Territoires d&#8217;Infos&#8221;; vid\u00e9o, amener le curseur sur 33:45) : http:\/\/www.dailymotion.com\/video\/x5e3qae_invite-jean-christophe-fromantin-territoires-d-infos-07-03-2017_news\n\n-Fran\u00e7ois Fillon en meeting \u00e0 Orl\u00e9ans (vid\u00e9o) : http:\/\/www.bfmtv.com\/mediaplayer\/video\/meeting-a-orleans-l-extrait-du-discours-de-francois-fillon-921517.html\n\n-&#8220;Si Fillon veut rassembler, le curseur de sa campagne doit \u00eatre central&#8221; (Pierre-Yves Bournazel, conseiller LR de Paris; interrog\u00e9 par Fr\u00e9d\u00e9ric Rivi\u00e8re; vid\u00e9o) : http:\/\/www.rfi.fr\/video\/20170307-pierre-yves-bournazellr-fillon-veut-rassembler-le-curseur-campagne-doit-etre-central\n\n-&#8220;Le Comit\u00e9 politique s&#8217;est bien pass\u00e9. Personne n&#8217;a demand\u00e9 \u00e0 Fran\u00e7ois Fillon de se retirer. Ceux qui ont cru qu&#8217;il y avait un choix, la d\u00e9claration d&#8217;Alain Jupp\u00e9 en a ferm\u00e9 la possibilit\u00e9&#8221; (Jean-Fr\u00e9d\u00e9ric Poisson, d\u00e9put\u00e9 d\u00e9mocrate chr\u00e9tien des Yvelines qui participait au Comit\u00e9 politique de LR; vid\u00e9o) : http:\/\/www.cnews.fr\/chroniques\/linvite-dolivier-galzi\/jean-frederic-poisson-invite-politique-dolivier-galzi-173419\n\n-&#8220;Il n&#8217;y a pas de plan B, le d\u00e9bat est clos. On ne se pose plus de questions. On peut encore gagner l&#8217;\u00e9lection&#8221; (Daniel Fasquelle, d\u00e9put\u00e9 LR du Pas-de-Calais, tr\u00e9sorier du parti; face \u00e0 Olivier Galzi; vid\u00e9o) : http:\/\/www.cnews.fr\/chroniques\/linvite-dolivier-galzi\/daniel-fasquelle-invite-politique-dolivier-galzi-173418\n\n-&#8220;Stop \u00e0 l&#8217;automutilation&#8221; (Herv\u00e9 Mariton, d\u00e9put\u00e9 LR de la Dr\u00f4me; invit\u00e9 de la matinale de Franceinfo; vid\u00e9o) : http:\/\/www.dailymotion.com\/video\/x5e4eii_pour-herve-mariton-francois-fillon-a-commis-des-erreurs-l-homme-parfait-n-existe-pas_news\n\n-&#8220;Fran\u00e7ois Fillon a commis des erreurs tactiques mais a montr\u00e9 une qualit\u00e9 rare, la constance&#8221; (Philippe Tesson; vid\u00e9o) :  https:\/\/www.dailymotion.com\/video\/x5e3zye_francois-fillon-a-commis-des-erreurs-tactiques-mais-a-montre-une-vertu-rare-la-constance-philippe-t_news\n\n-Anne M\u00e9aux, PDG &#8220;d&#8217;Image 7&#8221;,  la communicante de Fran\u00e7ois Fillon, ancienne syndicaliste \u00e9tudiante d&#8217;extr\u00eame droite (Marc Baudriller; son du 7 mars) : https:\/\/www.radioclassique.fr\/radio\/emissions\/matinale-de-radio-classique\/la-vie-des-medias\/\n\n-&#8220;Rien n&#8217;est tout \u00e0 fait r\u00e9gl\u00e9. La d\u00e9cision d&#8217;Alain Jupp\u00e9 sauve Fran\u00e7ois Fillon, sa d\u00e9claration le condamne&#8221; (Guillaume Tabard du &#8220;Figaro&#8221;; son du 7 mars) :  https:\/\/www.radioclassique.fr\/radio\/emissions\/matinale-de-radio-classique\/22630-2\/\n\n<strong>-&#8220;Le scandaleux suicide de la droite&#8221; (Yves Thr\u00e9ard du &#8220;Figaro&#8221;; vid\u00e9o) : <\/strong> http:\/\/www.dailymotion.com\/video\/x5e3j3e_coup-de-gueule-le-scandaleux-suicide-de-la-droite_news\n\n-&#8220;Fillon et le gaullisme magique&#8221; (Thomas Legrand; son) : https:\/\/www.franceinter.fr\/emissions\/l-edito-politique\/l-edito-politique-07-mars-2017\n\n<strong>-&#8220;La campagne pr\u00e9sidentielle est rocambolesque. C&#8217;est une \u00e9lection de rejet des hommes, des id\u00e9es et du syst\u00e8me&#8221; (Alain Duhamel, interrog\u00e9 par Audrey Crespo-Mara; vid\u00e9o) <\/strong> : http:\/\/www.lci.fr\/replay\/replay-l-invite-de-8h45-du-7-mars-2017-alain-duhamel-la-campagne-presidentielle-est-rocambolesque-2028319.html\n\n-La question \u00e9tait en d\u00e9bat chez Olivier Galzi sur XNews (vid\u00e9o) : http:\/\/www.cnews.fr\/chroniques\/le-grand-decryptage\/le-grand-decryptage-du-06032017-173415\n\n-&#8220;Fran\u00e7ois Fillon sort fortement endommag\u00e9&#8221; (Bruno Cautres, chercheur au CEVIPOF, interrog\u00e9 par Romain Desarbres; vid\u00e9o) : http:\/\/www.cnews.fr\/chroniques\/linvite-de-la-matinale\/linvite-de-la-matinale-du-07032017-173424\n\n-Selon &#8220;Le Canard encha\u00een\u00e9&#8221;, en 2013, il aurait b\u00e9n\u00e9fici\u00e9 d&#8217;un pr\u00eat de 50 000 euros de Marc Ladreit de Lacharri\u00e8re, sans int\u00e9r\u00eat et non d\u00e9clar\u00e9 (Ga\u00ebl Vaillant) : http:\/\/www.lejdd.fr\/Politique\/Un-pret-de-50-000-euros-sans-interets-et-non-declare-par-Fillon-852962\n\n-La r\u00e9action de Bruno Retailleau, pr\u00e9sident du groupe LR, qui oublie que d\u00e9clarer ce pr\u00eat est une obligation l\u00e9gale (chez Laurence Ferrari; vid\u00e9o. Quel com\u00e9dien qui pourra concourir aux prochains &#8220;C\u00e9sars&#8221; !) : http:\/\/www.cnews.fr\/chroniques\/linvite-de-laurence-ferrari\/bruno-retailleau-invite-de-laurence-ferrari-173438\n\n<strong>-&#8220;Progressivement, 30 % de nos concitoyens, sans faire de bruit, se sont d\u00e9tach\u00e9s de la politique, sur la pointe des pieds. Les deux derniers quinquennat  de Nicolas Sarkozy et Fran\u00e7ois Hollande ont fait franchir un pallier avec un niveau de d\u00e9sillusion consid\u00e9rable. On est arriv\u00e9 au bout d&#8217;un certain syst\u00e8me politique. Ou la pr\u00e9sidentielle d\u00e9bloque quelque chose ou on va vers un enfermement tr\u00e8s dangereux&#8221; (Brice Teinturier, directeur g\u00e9n\u00e9ral de l&#8217;institut IPSOS; invit\u00e9 de Caroline Roux; vid\u00e9o) :<\/strong> http:\/\/www.france2.fr\/emissions\/telematin\/actu\/les-4-verites-brice-teinturier_557615\n\n<em>-Les intentions de vote des membres des forces de s\u00e9curit\u00e9 (IFOP) : <\/em> http:\/\/www.ifop.com\/?option=com_publication&#038;type=publication&#038;id=962\n\n<em>-Celles des catholiques (IFOP) : <\/em> http:\/\/www.ifop.com\/?option=com_publication&#038;type=poll&#038;id=3675\n\n<em>-Les intentions de vote au 7 mars (OPINION-WAY) <\/em> : http:\/\/opinionlab.opinion-way.com\/opinionlab\/832\/627\/presitrack.html#m6\n\n<em>-Le m\u00eame (IFOP) :<\/em> http:\/\/dataviz.ifop.com:8080\/HNS\/HNSAdmin\/start.appli?appid=60930&#038;logonUser=USERWEB&#038;logonPswcd=ZnJhbmNvaXNF\n\n<strong>EUROPE-MONDE<\/strong>\n\n-&#8220;R\u00e9uni \u00e0 Versailles, le noyau dur de l&#8217;Union europ\u00e9enne appelle \u00e0 une nouvelle dynamique politique&#8221; (Aline Robert) : http:\/\/www.euractiv.fr\/section\/avenir-de-l-ue\/news\/versailles\/?nl_ref=32736149\n\n<strong>-Les quatre pays les plus peupl\u00e9s sont pour une Europe \u00e0 plusieurs vitesses (vid\u00e9o) : <\/strong> http:\/\/www.lcp.fr\/la-politique-en-video\/les-4-pays-les-plus-peuples-de-lue-en-faveur-dune-europe-plusieurs-vitesses \n\n-&#8220;L&#8217;Europe change de pied&#8221; (Bernard Guetta; son) : https:\/\/www.franceinter.fr\/emissions\/geopolitique\/geopolitique-07-mars-2017\n\n<strong>-&#8220;L&#8217;Europe \u00e0 deux vitesses serait synonyme d&#8217;apartheid&#8221; (l&#8217;eurod\u00e9put\u00e9 bulgare Peter Kouroumbashev, cit\u00e9 par Georgi Gotev) :<\/strong> http:\/\/www.euractiv.fr\/section\/avenir-de-l-ue\/news\/bulgarian-mep-compares-two-speed-eu-to-apartheid\/?nl_ref=32736149\n\n<strong>-&#8220;Au Parlement europ\u00e9en, Fillon \u00e9clate la droite fran\u00e7aise&#8221; (C\u00e9cile Barbi\u00e8re) : <\/strong> http:\/\/www.euractiv.fr\/section\/elections\/news\/au-parlement-europeen-fillon-eclate-la-droite-francaise\/?nl_ref\n\n-&#8220;L&#8217;Europe lance son QG militaire&#8221; (Daniela Vincenti) : http:\/\/www.euractiv.fr\/section\/politique\/news\/eu-takes-first-steps-towards-military-hq\/?nl_ref=32736149\n\n<strong>-M\u00e9lenchon d\u00e9nonce l&#8217;Europe de la D\u00e9fense : <\/strong> http:\/\/www.euractiv.fr\/section\/elections\/news\/melenchon-denonce-leurope-de-la-defense\/?nl_ref=32736149\n\n-&#8220;Quatre pays veulent sabrer les allocations familiales transfrontali\u00e8res&#8221; (Catherine Stupp) : http:\/\/www.euractiv.fr\/section\/soci-t\/news\/vocal-member-states-push-for-legal-change-to-slash-childcare-benefits\/?nl_ref\n\n-L&#8217;Allemagne indign\u00e9e par les propos d&#8217;Erdogan et le refus du gouvernement polonais de soutenir le pr\u00e9sident du Conseil europ\u00e9en pourtant lui aussi polonais (Hughes Beaudoin; son du 6 mars) : https:\/\/www.radioclassique.fr\/radio\/emissions\/le-19h20h\/24h-en-europe\/\n\n<strong>-&#8220;Nouvelle contraction du PIB grec en 2016&#8221; (Romaric Godin) : <\/strong> http:\/\/www.latribune.fr\/economie\/union-europeenne\/grece-nouvelle-contraction-du-pib-en-2016-654927.html#xtor\n\n-Federica Mogherini, la Haute repr\u00e9sentante europ\u00e9enne pour les affaires \u00e9trang\u00e8res, s&#8217;inqui\u00e8te de l&#8217;instabilit\u00e9 politique des Balkans occidentaux (Georgi Gotev) :  http:\/\/www.euractiv.fr\/section\/elargissement\/news\/mogherini-to-debrief-eu-leaders-on-external-threats-to-western-balkans\/?nl_ref=32736149\n\n<strong>-En Hongrie, les migrants en d\u00e9tention (vid\u00e9o) : <\/strong> http:\/\/www.francetvinfo.fr\/economie\/emploi\/metiers\/droit-et-justice\/hongrie-les-migrants-en-detention_2085907.html\n\n-La Commission europ\u00e9enne autorise la Russie \u00e0 financer une centrale nucl\u00e9aire en Hongrie (Jorge Valero) : http:\/\/www.euractiv.fr\/section\/energie\/news\/hungary-wins-final-eu-approval-for-russian-built-nuclear-plant\/?nl_ref=32736149\n\n<strong>-&#8220;Chape de plomb en Russie sur la R\u00e9volution de 1917&#8221; (Emmanuel Grynszpan) :<\/strong> https:\/\/www.letemps.ch\/monde\/2017\/03\/07\/chape-plomb-revolution-1917?utm_source\n\n-Le Conseil de l&#8217;Europe condamne les ex\u00e9cutions en Jordanie : http:\/\/www.euractiv.fr\/section\/l-europe-dans-le-monde\/news\/council-of-europe-condemns-jordan-hangings\/?nl_ref=32736149\n\n-Le secr\u00e9taire g\u00e9n\u00e9ral de l&#8217;ONU veut une mobilisation massive pour la Somalie (vid\u00e9o) : http:\/\/newscdn.newsrep.net\/h5\/nrvideo.html?r=3&#038;lan=fr_FR&#038;pid=14&#038;id=Rc9d30eddPO_fr&#038;app_lan=fr_FR&#038;mcc=208&#038;declared_lan\n\n-L&#8217;alerte de la Croix Rouge (vid\u00e9o) : http:\/\/newscdn.newsrep.net\/h5\/nrvideo.html?r=3&#038;lan=fr_FR&#038;pid=14&#038;id=2i9c9d5722Q_fr&#038;app_lan=fr_FR&#038;mcc=208&#038;declared_lan\n\n-Nouveau d\u00e9cret anti-immigration de Donald Trump : http:\/\/www.lemonde.fr\/ameriques\/article\/2017\/03\/06\/le-nouveau-decret-anti-immigration-de-trump-deja-attaque_5090167_3222.html\n\n-Il a r\u00e9vis\u00e9 sa copie, excluant l&#8217;Irak de la liste des pays concern\u00e9s (vid\u00e9o) : http:\/\/newscdn.newsrep.net\/h5\/nrvideo.html?r=3&#038;lan=fr_FR&#038;pid=14&#038;id=eC9d1c092DQ_fr&#038;app_lan=fr_FR&#038;mcc=208&#038;declared_lan\n\n-&#8220;Rio ne r\u00e9pond plus&#8221; (Lionel Pittet) : https:\/\/www.letemps.ch\/sport\/2017\/03\/07\/rio-ne-repond-plus?utm_source\n\n-Une gigantesque faille pourrait cr\u00e9er un iceberg de 5 000 km2 en Antarctique (vid\u00e9o) : http:\/\/www.lemonde.fr\/planete\/video\/2017\/03\/03\/une-gigantesque-faille-pourrait-creer-un-iceberg-de-5-000-km2-en-antarctique_5088979_3244.html\n\n<strong>-&#8220;Un quart des d\u00e9c\u00e8s infantiles dans le monde li\u00e9s \u00e0 l&#8217;environnement&#8221; (Romain Loury) <\/strong> : http:\/\/www.euractiv.fr\/section\/climat\/news\/un-quart-des-deces-infantiles-lies-a-lenvironnement\/?nl_ref=32736149\n\n<strong>CULTURE-MEDIAS<\/strong>\n\n<strong>-&#8220;La v\u00e9ritable histoire de la journ\u00e9e du 8 mars&#8221; par St\u00e9phanie Arc du CNRS,  sur &#8220;La Faute \u00e0 Diderot&#8221;<\/strong> : http:\/\/www.lafauteadiderot.net\/\n\n<strong>-&#8220;Toute les donn\u00e9es de notre soci\u00e9t\u00e9, de notre politique sont en train de changer. On voit l&#8217;effondrement des grandes institutions qui encadraient les collectivit\u00e9s, les individus&#8221; (l&#8217;historien Michel Winock, interrog\u00e9 par Alexandra Bensaid; vid\u00e9o) :  <\/strong> http:\/\/www.dailymotion.com\/video\/x5e3nc3_michel-winock-repond-aux-questions-d-alexandra-bensaid_news\n\n<strong>-&#8220;Les juifs, les musulmans, la R\u00e9publique&#8221; (l&#8217;ouvrage du sociologue Michel Wievorka, invit\u00e9 de Dimitri Pavlenko; son) :<\/strong> http:\/\/www.sudradio.fr\/Podcasts\/L-invite-pour-comprendre\/Michel-Wievorka-sociologue-ecrivain\n\n<strong>-Jusqu&#8217;au 23 juillet, au mus\u00e9e Mayol \u00e0 Paris, l&#8217;exposition de 60 chefs d&#8217;oeuvre de la collection Paul Rosenberg. La d\u00e9couvrir avec sa petite-fille Anne Sinclair (Odile Morain; vid\u00e9o) :<\/strong>  http:\/\/culturebox.francetvinfo.fr\/arts\/peinture\/video-decouvrez-la-collection-rosenberg-au-musee-maillol-avec-anne-sinclair-253171\n\n<strong>-Le luthiste Thomas Dunford interpr\u00e8te des oeuvres de Bach (vid\u00e9o) : <\/strong> http:\/\/culturebox.francetvinfo.fr\/opera-classique\/musique-classique\/bach-au-luth-avec-thomas-dunford-252933\n\n-Andr\u00e9 Manoukian, invit\u00e9 de &#8220;Passion classique&#8221; d&#8217;Olivier Bellamy (son du 6 mars) : https:\/\/www.radioclassique.fr\/radio\/emissions\/passion-classique\/\n\n-&#8220;Des Syriennes hors des t\u00e9n\u00e8bres&#8221;, le th\u00e9\u00e2tre d&#8217;anciennes prisonni\u00e8res de Assad (Sophie Granel; vid\u00e9o) : http:\/\/culturebox.francetvinfo.fr\/theatre\/theatre-contemporain\/des-syriennes-hors-des-tenebres-une-lecon-de-vie-de-prisonnieres-d-assad-253345\n\n-La mort \u00e0 93 ans de la romanci\u00e8re am\u00e9ricaine Paula Fox (Christine Ferniot) : http:\/\/www.telerama.fr\/livre\/mort-de-paula-fox-romanciere-aux-vies-multiples,154979.php#xtor\n\n-Avec &#8220;Paris pieds nus&#8221; de Fiona Gordon et Dominique Abel, l&#8217;esprit de Jacques Tati et de Pierre Etaix se prolonge (Jacky Bornet; vid\u00e9o) : http:\/\/culturebox.francetvinfo.fr\/cinema\/critiques\/paris-pieds-nus-apres-rumba-l-esprit-jacques-tati-toujours-a-l-oeuvre-253311\n\n<strong>-Muriel Robin sur la terre ds bonobos, au secours des esp\u00e8ces menac\u00e9es (Odile Morain; vid\u00e9os) :<\/strong>  http:\/\/culturebox.francetvinfo.fr\/series-tv\/documentaires-tv\/muriel-robin-sur-la-terre-des-bonobos-au-secours-des-especes-menacees-253335\n\n-Deux affiches Saint Laurent accus\u00e9es de donner une image d\u00e9gradante de la femme : http:\/\/culturebox.francetvinfo.fr\/mode\/createurs\/des-affiches-saint-laurent-accusees-de-donner-une-image-degradante-de-la-femme-253351\n\n-A Ajaccio, jusqu&#8217;au 22 mars, &#8220;L&#8217;Espace Diamant&#8221; expose 48 clich\u00e9s en noir et blanc d&#8217;Antoine Giacomoni (Odile Morain; vid\u00e9o) :  http:\/\/culturebox.francetvinfo.fr\/arts\/photo\/le-photographe-antoine-giacomoni-revele-sa-corse-a-travers-le-miroir-253265\n\n-&#8220;Avec &#8220;Chez nous&#8221;, Lucas Belvaux affronte le Front national&#8221; (Antoine Duplan) : https:\/\/www.letemps.ch\/culture\/2017\/03\/07\/chez-lucas-belvaux-affronte-front-national?utm_source\n\n<strong>-Florence Foresti invit\u00e9e d&#8217;Isabelle Morizet (son) :<\/strong>  http:\/\/www.europe1.fr\/emissions\/il-n-y-a-pas-qu-une-vie-dans-la-vie\/il-ny-a-pas-quune-vie-dans-la-vie-florence-foresti-040317-2994113\n\n-Le palmar\u00e8s du 12e festival du film sur t\u00e9l\u00e9phone mobile (J\u00e9r\u00e9mie Maire; vid\u00e9os) : http:\/\/www.telerama.fr\/cinema\/au-mobile-film-festival-75-secondes-pour-faire-echo-au-monde-qui-nous-entoure,154935.php#xtor\n\n-Jusqu&#8217;\u00e0 la fin avril, 12 concerts \u00e9lectro \u00e0 Paris (Erwan Perron) : http:\/\/www.telerama.fr\/sortir\/agenda-les-12-concerts-electro-a-ne-pas-rater-en-mars-et-avril-2017,154934.php#xtor\n\n-&#8220;Laura Marling est toujours une femme&#8221; (Rebecca Manzoni; vid\u00e9o) : https:\/\/www.franceinter.fr\/emissions\/pop-co\/pop-co-07-mars-2017\n\n-IAM \u00e9tait de retour chez Augustin Trapenard (son) : https:\/\/www.franceinter.fr\/emissions\/boomerang\/boomerang-07-mars-2017\n\n-Ecrivain \u00e0 succ\u00e8s, Bret Easton Ellis produit aussi des podcasts (Ir\u00e8ne Verlaque) :                                  http:\/\/www.telerama.fr\/radio\/bret-easton-ellis-podcasts-provoc-culture-et-ego,154749.php#xtor\n\n-Qu&#8217;on peut \u00e9couter ici&#8230;en anglais (sons) : http:\/\/podcastone.com\/Bret-Easton-Ellis-Podcast\n\n<strong>-&#8220;Laurent Delahousse valide la th\u00e8se du complot contre Fran\u00e7ois Fillon, candidat du peuple&#8221; (Samuel Gontier) :<\/strong> http:\/\/television.telerama.fr\/television\/laurent-delahousse-valide-la-these-du-complot-contre-francois-fillon-candidat-du-peuple,154943.php#xtor\n\n-La une du &#8220;Canard encha\u00een\u00e9&#8221; : http:\/\/www.lecanardenchaine.fr\/la-une-du-8-mars-2017\/\n\n-Pour la presse, &#8220;les R\u00e9publicains sortent en miettes de ce triste vaudeville&#8221; : http:\/\/tempsreel.nouvelobs.com\/presidentielle-2017\/20170307.OBS6184\/fillon-confirme-les-republicains-sortent-en-miettes-de-ce-triste-vaudeville.html#xtor\n\n<strong>-&#8220;Le programme de Beno\u00eet Hamon pour la presse et les m\u00e9dias&#8221; (le d\u00e9put\u00e9 socialiste Patrick Bloche \u00e9tait l&#8217;invit\u00e9 de Sonia Devillers; vid\u00e9o) :<\/strong> http:\/\/www.dailymotion.com\/video\/x5e4odh_patrick-bloche-le-programme-du-ps-concernant-la-presse-et-l-audiovisuel_news\n\n-L&#8217;ancien eurod\u00e9put\u00e9 Jean-Louis Bourlanges \u00e9cart\u00e9 de l&#8217;\u00e9mission de Philippe Meyer &#8220;L&#8217;esprit public&#8221; sur France Culture&#8230;pour respecter le temps de parole d&#8217;Emmanuel Macron qu&#8217;il soutient (Aude Dassonville) : \nhttp:\/\/www.telerama.fr\/radio\/france-culture-sacrifie-jean-louis-bourlanges-sur-l-autel-des-temps-de-parole,154977.php#xtor\n\n-Sur Europe 1, Dominique Souchier claque la porte en direct (propos recueillis par Aude Dassonville et Val\u00e9rie Lehoux; son) : http:\/\/www.telerama.fr\/radio\/europe-1-dominique-souchier-claque-la-porte-en-direct,77659.php\n\n-Les 30 ans de M6 (son vice-pr\u00e9sident Thomas Valentin, invit\u00e9 de Thomas Joubert; vid\u00e9o) : http:\/\/www.dailymotion.com\/video\/x5e4axu_m6-au-debut-nous-etions-consideres-comme-chaine-des-clips-et-des-series-americaines_news\n\n<strong>&#8220;Colony&#8221;, la nouvelle s\u00e9rie de TF1, &#8220;montre la capacit\u00e9 qu&#8217;a l&#8217;homme \u00e0 opprimer son prochain&#8221; (Sarah Wayne Callies, son interpr\u00e8te; propos recueillis par Pierre Langlais; vid\u00e9o) : <\/strong>  http:\/\/www.telerama.fr\/series-tv\/sarah-wayne-callies-colony-montre-la-capacite-qu-a-l-homme-a-opprimer-son-prochain,154853.php#xtor\n\n-Dans sa s\u00e9rie &#8220;Feud&#8221;, Ryan Murphy met en sc\u00e8ne la rivalit\u00e9 entre Joan Crowford et Bette Davis sur le tournage de &#8220;Qu&#8217;est-il arriv\u00e9 \u00e0 Baby Jane ?&#8221; (vid\u00e9o) : http:\/\/www.telerama.fr\/series-tv\/feud-face-a-face-coups-bas-et-manipulations,154881.php#xtor\n\n-&#8220;On arr\u00eate les conneries, sinon je vote M\u00e9lenchon&#8221; (Roland Gerra; son) :  http:\/\/www.rtl.fr\/actu\/societe-faits-divers\/laurent-gerra-imitant-alain-juppe-on-arrete-les-conneries-sinon-je-vote-melenchon-7787557809\n\n<strong>-&#8220;Mon programme&#8221; (Pierre Palmade; son) <\/strong> : https:\/\/www.franceinter.fr\/emissions\/le-7h43\/le-7h43-07-mars-2017\n\n-&#8220;24 heures au QG de Fran\u00e7ois Fillon&#8221; (Charline Vanhoenacker; vid\u00e9o) : https:\/\/www.franceinter.fr\/emissions\/le-billet-de-charline-vanhoenacker\/le-billet-de-charline-vanhoenacker-07-mars-2017\n\n<strong>-&#8220;La grille de programme de la nouvelle cha\u00eene &#8220;Les R\u00e9publicains TV&#8221; (Alex Vizorek; vid\u00e9o) :<\/strong> http:\/\/www.dailymotion.com\/video\/x5e3w2s_la-grille-de-programme-de-la-nouvelle-chaine-tv-des-republicains-le-billet-d-alex-vizorek_fun\n\n<strong>-&#8220;Oui, bon, je vais vider les poubelles&#8221; (Anne Roumanoff au t\u00e9l\u00e9phone pour la journ\u00e9e de la Femme; son) :<\/strong> http:\/\/www.europe1.fr\/emissions\/le-canular-danne-roumanoff\/la-canular-oui-bon-je-vais-vider-les-poubelles-2995511\n<h2 class=\"wp-block-heading\">Documents joints<\/h2>\n\n\n\n<div class=\"wp-block-file\"><a href=\"https:\/\/wp.muchomaas.com\/wp-content\/uploads\/2017\/03\/claude_bartolone-aa0.pdf\">claude_bartolone.pdf<\/a><\/div>\n\n\n","protected":false},"excerpt":{"rendered":"<p>ACTUALITE -Les fonctionnaires ont voulu se faire entendre (vid\u00e9o) : http:\/\/www.francetvinfo.fr\/economie\/emploi\/recherche-d-emploi\/fonction-publique\/greve-les-fonctionnaires-de-sante-manifestent-pour-leurs-conditions-de-travail_2085909.html -La mobilisation des infirmi\u00e8res (Nathalie Depoire, pr\u00e9sidente de la coordination nationale; invit\u00e9e de Dimitri Pavlenko; son) : http:\/\/www.sudradio.fr\/Podcasts\/L-invite-pour-comprendre\/Nathalie-Depoire-presidente-de-la-Coordination-Nationale-Infirmiere -La mixit\u00e9 des m\u00e9tiers (Christine Bouillot; son) : http:\/\/www.sudradio.fr\/Podcasts\/Les-reportages-de-la-matinee\/Les-femmes-et-la-mixite-au-travail -&#8220;Nous avions invit\u00e9 tous les candidats. Nous attendons toujours la r\u00e9ponse de Jean-Luc M\u00e9lenchon et Beno\u00eet Hamon [&hellip;]<\/p>\n","protected":false},"author":1042,"featured_media":0,"comment_status":"open","ping_status":"open","sticky":false,"template":"","format":"standard","meta":{"_themeisle_gutenberg_block_has_review":false,"footnotes":""},"categories":[151],"tags":[],"class_list":["post-10244","post","type-post","status-publish","format-standard","hentry","category-la-revue-de-presse-de-lulu"],"_links":{"self":[{"href":"https:\/\/archives.regards.fr\/index.php?rest_route=\/wp\/v2\/posts\/10244","targetHints":{"allow":["GET"]}}],"collection":[{"href":"https:\/\/archives.regards.fr\/index.php?rest_route=\/wp\/v2\/posts"}],"about":[{"href":"https:\/\/archives.regards.fr\/index.php?rest_route=\/wp\/v2\/types\/post"}],"author":[{"embeddable":true,"href":"https:\/\/archives.regards.fr\/index.php?rest_route=\/wp\/v2\/users\/1042"}],"replies":[{"embeddable":true,"href":"https:\/\/archives.regards.fr\/index.php?rest_route=%2Fwp%2Fv2%2Fcomments&post=10244"}],"version-history":[{"count":0,"href":"https:\/\/archives.regards.fr\/index.php?rest_route=\/wp\/v2\/posts\/10244\/revisions"}],"wp:attachment":[{"href":"https:\/\/archives.regards.fr\/index.php?rest_route=%2Fwp%2Fv2%2Fmedia&parent=10244"}],"wp:term":[{"taxonomy":"category","embeddable":true,"href":"https:\/\/archives.regards.fr\/index.php?rest_route=%2Fwp%2Fv2%2Fcategories&post=10244"},{"taxonomy":"post_tag","embeddable":true,"href":"https:\/\/archives.regards.fr\/index.php?rest_route=%2Fwp%2Fv2%2Ftags&post=10244"}],"curies":[{"name":"wp","href":"https:\/\/api.w.org\/{rel}","templated":true}]}}