{"id":10241,"date":"2017-03-07T06:59:36","date_gmt":"2017-03-07T05:59:36","guid":{"rendered":"https:\/\/wp.muchomaas.com\/article-la-revue-du-7-mars-2017\/"},"modified":"2023-06-23T23:24:16","modified_gmt":"2023-06-23T21:24:16","slug":"article-la-revue-du-7-mars-2017","status":"publish","type":"post","link":"https:\/\/archives.regards.fr\/?p=10241","title":{"rendered":"La Revue du 7 mars 2017"},"content":{"rendered":"<strong>ACTUALITE<\/strong>\n\n<strong>-&#8220;La course aux dons&#8221; du Secours Populaire (Marc Castille, son responsable des relations ext\u00e9rieures, interrog\u00e9 sur CNews par Isabelle Moreau; vid\u00e9o) : <\/strong>  http:\/\/www.cnews.fr\/chroniques\/les-invites-disabelle-moreau\/linvite-disabelle-moreau-du-06032017-173399\n\n<strong>-&#8220;Rachat d&#8217;Opel par PSA, un mariage pour mieux se s\u00e9parer des salari\u00e9s ?&#8221; (Franck Bouaziz) : <\/strong> http:\/\/www.liberation.fr\/futurs\/2017\/03\/05\/rachat-d-opel-par-psa-un-mariage-pour-mieux-se-separer-de-salaries_1553505?xtor\n\n-&#8220;Le d\u00e9bat agricole a \u00e9t\u00e9 assez faible jusqu&#8217;\u00e0 pr\u00e9sent&#8221; (Pascal Vin\u00e9, directeur g\u00e9n\u00e9ral de &#8220;Coop de France&#8221;; interrog\u00e9 par Baptiste Gaborit; vid\u00e9o) : https:\/\/www.dailymotion.com\/video\/x5e07cc_le-debat-agricole-a-ete-assez-faible-jusqu-a-present-pascal-vine-06-03-2017_news\n\n<strong>-David Forge, l&#8217;agriculteur qui cartonne sur YouTube (vid\u00e9os) :       <\/strong>           https:\/\/www.youtube.com\/watch?v=drtXv6oLgsg&#038;index=2&#038;list=PLnaFb8wzBbzxiRf_K2kymFJGYDo_16i0P           http:\/\/www.lexpress.fr\/actualite\/societe\/videos-david-forge-l-agriculteur-qui-cartonne-sur-youtube_1885542.html?PMSRC_CAMPAIGN                            \n\n-Les n\u00e9gociations sur l&#8217;assurance ch\u00f4mage reprennent aujourd&#8217;hui (Christian Menanteau; vid\u00e9o) :  http:\/\/www.rtl.fr\/actu\/conso\/avis-de-tempete-sur-l-assurance-chomage-et-le-paritarisme-7787542202\n\n-Un atelier solidaire de r\u00e9paration de v\u00e9los au coeur de la capitale :  http:\/\/sortir.telerama.fr\/paris\/lieux\/boutiques\/ressourcerie-du-velo,30294.php#xtor\n\n-&#8220;Velib&#8217; a permis de cr\u00e9er 400 emplois sur cette activit\u00e9 qui n&#8217;existait pas il y a dix ans&#8221; (Jean-Charles Decaux, pr\u00e9sident de JCDecaux; interrog\u00e9 par Olivier Harmant; vid\u00e9o) :  https:\/\/videos.lesechos.fr\/lesechos\/invite-des-echos\/velib-plus-de-400-emplois-crees-qui-nexistaient-pas-il-y-a-10-ans-rappelle-jean-charles-decaux\/8m0pvs\n\n<strong>-A Aubusson dans la Creuse, la disparition progressive des services de proximit\u00e9 (un reportage de Mathilde Dehimi; son) <\/strong> : https:\/\/www.franceinter.fr\/emissions\/le-zoom-de-la-redaction\/le-zoom-de-la-redaction-06-mars-2017\n\n<strong>-La matinale sp\u00e9ciale de France Inter depuis la Cit\u00e9 internationale de la tapisserie (vid\u00e9os) :<\/strong> http:\/\/www.dailymotion.com\/video\/x5e01jj_matinale-speciale-a-aubusson-dans-la-creuse_news                                                                                   http:\/\/www.dailymotion.com\/video\/x5e02zb_matinale-speciale-a-aubusson-les-questions-du-public_news\n\n-&#8220;Enseigner \u00e0 l&#8217;\u00e9cole l&#8217;empathie envers les animaux ?&#8221; (Violaine de la Bigne; son) : http:\/\/www.sudradio.fr\/Podcasts\/Quelle-epoque-ethique\/Empathie-envers-les-animaux\n\n-Le camp de Grande-Synthe, un an apr\u00e8s (son) : http:\/\/www.sudradio.fr\/Podcasts\/Les-reportages-de-la-matinee\/Le-camp-de-Grande-Synthe-un-an-apres\n\n-L&#8217;enqu\u00eate visant le d\u00e9put\u00e9 \u00e9cologiste de Paris Denis Baupin est class\u00e9e &#8220;sans suite pour prescription&#8221; : http:\/\/www.lemonde.fr\/affaire-baupin\/article\/2017\/03\/06\/l-enquete-pour-agression-sexuelle-et-harcelement-visant-le-depute-denis-baupin-classee-sans-suite-pour-prescription_5089932_4916429.html\n\n<strong>POLITIQUE<\/strong>\n\n<strong>-Jean-Luc M\u00e9lenchon \u00e9tait l&#8217;invit\u00e9 de &#8220;Bureau Politique&#8221; sur LCI, l&#8217;\u00e9mission de Christophe Jakubyszyn (vid\u00e9o) : <\/strong> http:\/\/www.lci.fr\/replay\/bureau-politique-du-5-mars-2017-jean-luc-melenchon-2028201.html\n\n<strong>-&#8220;Je constate que Beno\u00eet Hamon et Jean-Luc M\u00e9lenchon se sont rencontr\u00e9s et ont act\u00e9 que, pour cette \u00e9lection pr\u00e9sidentielle, il ne pouvait pas y avoir de candidature commune. On peut le regretter et pour ma part, je regrette que &#8220;les frondeurs&#8221; n&#8217;aient pas fait le choix de s&#8217;allier avec nous&#8221; (Cl\u00e9mentine Autain, conseill\u00e8re r\u00e9gionale Front de gauche d&#8217;Ile-de-France, candidate aux \u00e9lections l\u00e9gislatives en Seine-Saint-Denis; interrog\u00e9e par Isabelle Moreau; vid\u00e9o) :  <\/strong> http:\/\/www.cnews.fr\/chroniques\/les-invites-disabelle-moreau\/linvite-disabelle-moreau-du-06032017-173400\n\n-&#8220;Fran\u00e7ois Fillon ne mesure pas le d\u00e9calage entre ses actes et la gal\u00e8re de millions de Fran\u00e7ais&#8221; (Nathalie Arthaud, candidate LO \u00e0 l&#8217;\u00e9lection pr\u00e9sidentielle; invit\u00e9e de &#8220;Territoires d&#8217;Infos&#8221;; vid\u00e9o, amener le curseur sur 33:14) : https:\/\/www.publicsenat.fr\/emission\/territoires-d-infos\/invitee-nathalie-arthaud-54675\n\n<strong>-&#8220;L&#8217;extr\u00eame droite n&#8217;a jamais \u00e9t\u00e9 aussi haute depuis plus de trente ans. Mais la France ne c\u00e8dera pas&#8221; (Fran\u00e7ois Hollande dans &#8220;Le Monde&#8221;; pi\u00e8ce jointe);<\/strong>\n\n-Son discours devant l&#8217;Assembl\u00e9e de Corse (vid\u00e9o) : http:\/\/www.elysee.fr\/videos\/discours-devant-l-assemblee-de-corse\/\n\n-&#8220;Beno\u00eet Hamon en cavalier seul&#8221; (vid\u00e9o) : http:\/\/www.lcp.fr\/la-politique-en-video\/benoit-hamon-en-cavalier-seul\n\n-&#8220;J&#8217;ai du mal \u00e0 me reconna\u00eetre dans la campagne de Beno\u00eet Hamon&#8221; (Claude Bartolone, pr\u00e9sident PS de l&#8217;Assembl\u00e9e nationale ) : http:\/\/www.liberation.fr\/direct\/element\/claude-bartolone-hesite-encore-entre-hamon-et-macron_59278\/\n\n-&#8220;Charlotte Marchandise court apr\u00e8s les parrainages&#8221; (Delphine Evenou; son) : https:\/\/www.franceinter.fr\/emissions\/grand-angle\/grand-angle-06-mars-2017\n\n-&#8220;Le processus des primaires porte en lui-m\u00eame la d\u00e9liquescence des forces qui les ont organis\u00e9es. Nous avions raison d&#8217;y \u00eatre oppos\u00e9s. Fran\u00e7ois Hollande, lui, n&#8217;a pas rendez-vous avec les juges. Je d\u00e9fends ce que j&#8217;ai vot\u00e9. Najat Vallaud-Belkacem, \u00e7a tombe bien, on ne la prendrait pas. Il existe un p\u00e9ril Le Pen. Demain, les \u00e9lecteurs de gauche n&#8217;iraient pas voter Fillon, et ceux de droite Hamon, pour la battre. Seul Macron peut rassembler&#8221; (Richard Ferrand, secr\u00e9taire g\u00e9n\u00e9ral de &#8220;En Marche&#8221;; interrog\u00e9 par Jean-Pierre Elkabbach; vid\u00e9o, amener le curseur sur 12:10) : http:\/\/www.cnews.fr\/chroniques\/linvite-de-jean-pierre-elkabbach\/christian-estrosi-et-richard-ferrand-invites-de-jean-pierre-elkabbach-173390\n\n<strong>-&#8220;Je voterai pour Emmanuel Macron&#8221; (Patrick Braouezec, pr\u00e9sident FDG de &#8220;Plaine Commune&#8221; (pi\u00e8ce jointe);\n<\/strong>\n\n-&#8220;Le projet d&#8217;Emmanuel Macron, un populisme version CAC40&#8221; (le politologue Ga\u00ebl Brustier; entretien r\u00e9alis\u00e9 par Maud Vergnol) : http:\/\/www.humanite.fr\/gael-brustier-le-projet-demmanuel-macron-un-populisme-version-cac-40-632908\n\n<strong>-&#8220;Je confirme que, une bonne fois pour toutes, je ne serai pas candidat. Fran\u00e7ois Fillon avait un boulevard devant lui&#8221; (Alain Jupp\u00e9, maire LR de Bordeaux; vid\u00e9o) : <\/strong> https:\/\/www.dailymotion.com\/video\/x5e0fsn_replay-juppe-une-bonne-fois-pour-toute-je-ne-serai-pas-candidat_tv\n\n-Les r\u00e9actions. Celle des sarkozystes qui pressent Fillon de choisir un successeur (Gabriel Nedelec et Val\u00e9rie Mazuire) : https:\/\/www.lesechos.fr\/elections\/francois-fillon\/0211852332958-en-direct-candidature-fillon-alain-juppe-sexprime-a-10h30-sur-la-crise-a-droite-2069991.php\n\n-Unanime, le Comit\u00e9 politique LR appelle au rassemblement derri\u00e8re Fran\u00e7ois Fillon : http:\/\/www.lemonde.fr\/election-presidentielle-2017\/article\/2017\/03\/06\/nicolas-sarkozy-propose-une-reunion-avec-francois-fillon-et-alain-juppe-pour-trouver-une-voie-de-sortie_5089798_4854003.html\n\n<strong>-&#8220;La droite n&#8217;existe pas. Il y a des droites&#8221; (l&#8217;historien Gilles Richard, interrog\u00e9 par Eric Delvaux; son) :<\/strong> https:\/\/www.franceinter.fr\/emissions\/l-invite-du-5-7\/l-invite-du-5-7-06-mars-2017\n\n-&#8220;Quand on d\u00e9passe les bornes, il n&#8217;y a plus de limites. Fran\u00e7ois Fillon est amen\u00e9 \u00e0 se retourner contre ses propres amis. Sa candidature est impossible parce qu&#8217;il s&#8217;est dress\u00e9 contre les institutions. C&#8217;est lui qui rend impossible sa candidature et cela profite \u00e0 l&#8217;extr\u00eame droite. S&#8217;il est candidat, je ne voterai pas pour lui&#8221; (Dominique de Villepin, face \u00e0 Jean-Jacques Bourdin; vid\u00e9o) : \nhttp:\/\/www.bfmtv.com\/mediaplayer\/video\/dominique-de-villepin-face-a-jean-jacques-bourdin-en-direct-920793.html\n\n-&#8220;Si Fillon reste, notre parti implosera et nous aurons rat\u00e9 l&#8217;alternance&#8221; (Pierre Lellouch, d\u00e9put\u00e9 LR de Paris; vid\u00e9o) : http:\/\/rmc.bfmtv.com\/mediaplayer\/video\/si-fillon-reste-notre-parti-implosera-et-on-aura-rate-l-alternance-affirme-pierre-lellouche-920785.html\n\n-&#8220;Il y a urgence \u00e0 trancher et \u00e0 rebondir&#8221; (Brice Hortefeux, eurod\u00e9put\u00e9 LR, interrog\u00e9 par Alexandra Bensa\u00efd; vid\u00e9o) :  https:\/\/www.franceinter.fr\/emissions\/l-invite-de-7h50\/l-invite-de-7h50-06-mars-2017\n\n-&#8220;Je souhaiterais qu&#8217;il ne parle pas seulement \u00e0 son cercle rapproch\u00e9. \u00c7a ne peut plus durer. Fran\u00e7ois Fillon ne peut pas gagner. Il peut faire gagner le FN s&#8217;il reste&#8221;(Christian Estrosi, pr\u00e9sident LR de la r\u00e9gion PACA; interrog\u00e9 par Jean-Pierre Elkabbach; vid\u00e9o) : http:\/\/www.cnews.fr\/chroniques\/linvite-de-jean-pierre-elkabbach\/christian-estrosi-et-richard-ferrand-invites-de-jean-pierre-elkabbach-173390\n\n-&#8220;Un mensonge de plus&#8221; (Renaud F\u00e9vrier; vid\u00e9o) : http:\/\/tempsreel.nouvelobs.com\/presidentielle-2017\/20170306.OBS6129\/suicide-de-penelope-fillon-et-autres-erreurs-de-francois-fillon.html#xtor\n\n-&#8220;Au Trocad\u00e9ro, il y avait une nouvelle dynamique, un nouveau d\u00e9part. C&#8217;\u00e9tait un bateau dans la temp\u00eate qui gardait le cap&#8221; (Jean-Christophe Fromantin, d\u00e9put\u00e9 LR des Hauts-de-Seine; face \u00e0 Caroline Roux; vid\u00e9o) :  http:\/\/www.france2.fr\/emissions\/telematin\/actu\/jean-christophe-fromantin_557279\n\n-&#8220;Je souhaite une rencontre Sarkozy, Jupp\u00e9, Fillon&#8221; (Thierry Sol\u00e8re, ancien porte-parole de Fran\u00e7ois Fillon, interrog\u00e9 par Elizabeth Martichoux; vid\u00e9o) :  http:\/\/www.rtl.fr\/actu\/politique\/presidentielle-2017-thierry-solere-veut-une-rencontre-juppe-sarkozy-fillon-7787542395\n\n-&#8220;Fran\u00e7ois Fillon est soutenu par un \u00e9lectorat d\u00e9termin\u00e9 \u00e0 voir son programme mis en oeuvre. Il vaut mieux terminer les batailles dans le camp o\u00f9 on les a commenc\u00e9es&#8221; (G\u00e9rard Longuet, s\u00e9nateur LR de la Meuse; vid\u00e9o, amener le curseur sur 3:30) : http:\/\/www.bfmtv.com\/mediaplayer\/video\/gerard-longuet-francois-fillon-est-soutenu-par-un-electorat-determine-a-voir-son-programme-mis-en-oeuvre-920713.html\n\n-&#8220;Je le soutiens mais j&#8217;ai besoin que les choses soient clarifi\u00e9es sur son \u00e9ventuelle mise en examen&#8221; (Jean Fran\u00e7ois Cop\u00e9, d\u00e9put\u00e9 LR de Seine-et-Marne; invity\u00e9 de la matinale de Franceinfo; son et vid\u00e9os) :  http:\/\/www.francetvinfo.fr\/replay-radio\/8h30-aphatie\/jean-francois-cope-soutient-francois-fillon-le-seul-candidat_2067335.html\n\n-Fran\u00e7ois Fillon, longuement applaudi \u00e0 la Conf\u00e9d\u00e9ration des PME (vid\u00e9o) : http:\/\/www.bfmtv.com\/mediaplayer\/video\/francois-fillon-longuement-applaudi-a-la-confederation-des-pme-920897.html\n\n-Elle a aussi convi\u00e9 Marine Le Pen \u00e0 d\u00e9battre. Il n&#8217;en aurait jamais \u00e9t\u00e9 question avant (Dominique Albertini) : http:\/\/oeilsurlefront.liberation.fr\/actualites\/2017\/03\/05\/le-patronat-invite-le-pen-a-debattre-il-n-en-aurait-pas-ete-question-avant_1553470\n\n-&#8220;Je souhaiterais qu&#8217;Alain Jupp\u00e9 dise qu&#8217;il est pr\u00eat \u00e0 relever le gant&#8221; (Jean-Christophe Lagarde, pr\u00e9sident de l&#8217;UDI, interrog\u00e9 par Guillaume Durand; vid\u00e9o) : https:\/\/www.dailymotion.com\/video\/x5e07oy_je-souhaiterais-qu-alain-juppe-dise-qu-il-est-pret-a-relever-le-gant-jean-christophe-lagarde-06-03_news\n\n-&#8220;Aujourd&#8217;hui, Jean-Louis Borloo a un r\u00f4le \u00e0 jouer&#8221; (Yves J\u00e9go, d\u00e9put\u00e9 UDI de Seine-et Marne; vid\u00e9o) :  http:\/\/rmc.bfmtv.com\/mediaplayer\/video\/on-ne-parle-que-de-notre-candidat-et-il-est-temps-que-l-on-parle-de-notre-projet-lance-yves-jego-920831.html\n\n-&#8220;La question des affaires mine la cr\u00e9dibilit\u00e9 de Fran\u00e7ois Fillon&#8221; (Fabienne Keller, s\u00e9natrice LR du Bas-Rhin; son) : http:\/\/www.sudradio.fr\/Podcasts\/L-invite-pour-comprendre\/Fabienne-Keller-senatrice-LR-ancienne-porte-parole-d-Alain-Juppe\n\n-&#8220;Beaucoup de nos \u00e9lecteurs sont paum\u00e9s, les grands dirigeants de la droite et du centre doivent se rencontrer d&#8217;urgence&#8221; (Patrick Stefanini, ancien directeur de campagne; face \u00e0 Fabien Namias; vid\u00e9o) : http:\/\/www.dailymotion.com\/video\/x5e034e_patrick-stefanini-demande-aux-grands-dirigeants-de-la-droite-et-du-centre-de-se-reunir-en-urgence_news\n\n-&#8220;Je suis un recours&#8221; (Nicolas Dupont-Aignan; vid\u00e9o) : http:\/\/www.francetvinfo.fr\/politique\/francois-fillon\/presidentielle-dupont-aignan-s-erige-en-alternative-a-fillon_2083731.html\n\n-&#8220;On est lass\u00e9 par ce feuilleton. Il n&#8217;est pas capable de rassembler sa propre famille. Je suis le plan B. Alain Jupp\u00e9, ses paroles sont terribles&#8221;  (interrog\u00e9 par Laurence Ferrari; vid\u00e9o) : http:\/\/www.cnews.fr\/chroniques\/linvite-de-laurence-ferrari\/linvite-de-laurence-ferrari-du-06032017-173411\n\n-&#8220;Si Fran\u00e7ois Fillon tient jusqu&#8217;au 17 mars, la droite sera oblig\u00e9e de se rassembler derri\u00e8re lui (Luc Ferry; vid\u00e9o) : https:\/\/www.dailymotion.com\/video\/x5e08pn_si-francois-fillon-tient-jusqu-au-17-mars-la-droite-sera-obligee-de-se-rassembler-derriere-lui-luc_news\n\n-&#8220;Fran\u00e7ois Fillon a r\u00e9ussi \u00e0 r\u00e9\u00e9quilibrer le rapport des forces et \u00e0 obtenir un sursis. Il a peut-\u00eatre sauv\u00e9 sa candidature, il n&#8217;a pas encore sauv\u00e9 sa campagne&#8221; (Guillaume Tabard du &#8220;Figaro&#8221;; son du 6 mars) : https:\/\/www.radioclassique.fr\/radio\/emissions\/matinale-de-radio-classique\/22630-2\/\n\n-&#8220;Personne n&#8217;est en mesure de le d\u00e9boulonner s&#8217;il ne le veut pas. Je serais tr\u00e8s \u00e9tonn\u00e9 si Alain Jupp\u00e9 se portait candidat. On est surpris par la fuite en avant de Fran\u00e7ois Fillon. Il y a un petit c\u00f4t\u00e9 &#8220;trumpiste. J&#8217;ai \u00e9t\u00e9 surpris qu&#8217;il avance le chiffre ridicule de 200 000 participants pour &#8220;Le Trocad\u00e9ro&#8221; (Dominique de Montvallon; son) : http:\/\/www.sudradio.fr\/Podcasts\/L-invite-pour-comprendre\/Dominique-de-Montvalon-journaliste-politique  \n\n-&#8220;A droite, chacun pour soi et tous aux abris&#8221; (Nathalie Schuck du &#8220;Parisien&#8221;; son) : https:\/\/www.franceinter.fr\/emissions\/histoires-politiques\/histoires-politiques-06-mars-2017\n\n-&#8220;La d\u00e9fense de Fran\u00e7ois Fillon hyst\u00e9rise tout&#8221; (Thomas Legrand; son) : https:\/\/www.franceinter.fr\/emissions\/l-edito-politique\/l-edito-politique-06-mars-2017\n\n-&#8220;Fran\u00e7ois Fillon peut-il encore faire gagner la droite ?&#8221; (Nicolas Domenach et Guillaume Roquette; vid\u00e9o) : http:\/\/www.rtl.fr\/actu\/societe-faits-divers\/francois-fillon-peut-il-encore-faire-gagner-la-droite-7787543066\n\n-&#8220;Le peuple de droite contre les leaders de son parti&#8221; (Yves Thr\u00e9ard du &#8220;Figaro&#8221;; vid\u00e9o) : http:\/\/www.dailymotion.com\/video\/x5dztva_fillon-le-peuple-de-droite-contre-les-tenors-de-son-parti_news\n\n-&#8220;Rien n&#8217;emp\u00eache le Parti LR de dire qu&#8217;il ne soutient plus Fran\u00e7ois Fillon. Si Fran\u00e7ois Fillon va jusqu&#8217;au bout et qu&#8217;il arrive en 3e ou 4e position, le Parti sera en grand danger&#8221; (Bruno Cautr\u00e8s, chercheur au CEVIPOF; son) : http:\/\/www.sudradio.fr\/Podcasts\/L-invite-pour-comprendre\/Bruno-Cautres-politologue-chercheur-au-CEVIPOF\n\n-&#8220;Je constate que nous sommes confront\u00e9s \u00e0 une mont\u00e9e de mayonnaise. Cette affaire aboutira probablement \u00e0 un non-lieu&#8221; (Me Jean-Yves Le Borgne, avocat p\u00e9naliste proche de Fran\u00e7ois Fillon; son) : http:\/\/www.sudradio.fr\/Podcasts\/L-invite-pour-comprendre\/Maitre-Jean-Yves-Le-Borgne-avocat-penaliste-proche-de-Francois-Fillon\n\n-&#8220;Si Fillon se retire, Le Pen sera mon plan B&#8221; (propos d&#8217;un manifestant du Trocad\u00e9ro, recueilli par Remy Dodet) : http:\/\/tempsreel.nouvelobs.com\/presidentielle-2017\/20170305.OBS6122\/au-trocadero-si-fillon-se-retire-marine-le-pen-sera-mon-plan-b.html#xtor\n\n<strong>-&#8220;Un r\u00e9v\u00e9lateur de la crise politique dans laquelle on est. Quel cr\u00e9dit on donne \u00e0 la parole publique ? Aujourd&#8217;hui 6 mars, Emmanuel Macron est en situation d&#8217;\u00eatre au 2e tour&#8221; (Anne Sinclair, auteur de &#8220;Chronique d&#8217;une France bless\u00e9e&#8221;, invit\u00e9e d&#8217;Audrey Crepo-Mara; vid\u00e9o) : <\/strong> http:\/\/www.lci.fr\/replay\/replay-l-invite-de-8h45-de-lci-matin-du-6-mars-2017-anne-sinclair-2028218.html\n\n-&#8220;Quand l&#8217;outrance devient \u00e9pid\u00e9mique&#8221; (Bernard Guetta; son) : https:\/\/www.franceinter.fr\/emissions\/geopolitique\/geopolitique-06-mars-2017\n\n-&#8220;Le jeu politique actuel est d\u00e9vastateur pour notre \u00e9conomie. J&#8217;en appelle \u00e0 la raison la droite et le centre. On commence \u00e0 se faire \u00e0 l&#8217;id\u00e9e que Marine Le Pen pourrait \u00eatre \u00e9lue&#8221; (Laurence Parisot, ancienne pr\u00e9sidente du Medef; interrog\u00e9e par Thomas Sotto; vid\u00e9o) : http:\/\/www.dailymotion.com\/video\/x5dzxlt_laurence-parisot-lance-un-appel-a-la-raison-de-la-droite-et-du-centre_news\n\n-&#8220;Le calendrier judiciaire s&#8217;entrechoque avec celui de la pr\u00e9sidentielle&#8221; (Nicolas Bay, secr\u00e9taire g\u00e9n\u00e9ral du FN, interrog\u00e9 par Fr\u00e9d\u00e9ric Rivi\u00e8re; vid\u00e9o) : http:\/\/www.rfi.fr\/video\/20170306-nicolas-bay-fn-le-calendrier-judiciaire-s-entrechoque-celui-presidentielle\n\n<strong>-&#8220;Un tiers des Fran\u00e7ais se disent en accord avec les id\u00e9es du Front National&#8221; (G\u00e9rard Courtois) <\/strong> : http:\/\/www.lemonde.fr\/election-presidentielle-2017\/article\/2017\/03\/07\/un-tiers-des-francais-se-disent-en-accord-avec-les-idees-du-front-national_5090202_4854003.html\n\n<em>-Les intentions de vote des catholiques \u00e0 l&#8217;\u00e9lection pr\u00e9sidentielle (IFOP) : <\/em> http:\/\/www.ifop.com\/?option=com_publication&#038;type=poll&#038;id=3675\n\n<em>-Les intentions de vote au 6 mars (IFOP) : <\/em> http:\/\/dataviz.ifop.com:8080\/HNS\/HNSAdmin\/start.appli?appid=60930&#038;logonUser=USERWEB&#038;logonPswcd=ZnJhbmNvaXNF\n\n<em>-Le m\u00eame (OPINION-WAY) :<\/em> https:\/\/www.opinion-way.com\/fr\/\n\n<strong>EUROPE-MONDE<\/strong>\n\n-A Versailles, &#8220;un sommet pour redorer l&#8217;image de l&#8217;Europe&#8221; (Aline Robert) : http:\/\/www.euractiv.fr\/section\/france\/news\/versailles-un-sommet-pour-redorer-limage-de-leurope\/?nl_ref=32639805\n\n<strong>-D\u00e9clarations conjointes des chefs de gouvernements (vid\u00e9o) : <\/strong> http:\/\/www.elysee.fr\/videos\/declarations-conjointes-lors-du-sommet-informel-allemagne-espagne-france-italie\/#content\n\n-Apr\u00e8s le Brexit, Juncker lutte pour &#8220;plus d&#8217;Europe&#8221; plut\u00f4t que pour une &#8220;Europe \u00e0 deux vitesses&#8221; (Jorge Valero) : http:\/\/www.euractiv.fr\/section\/avenir-de-l-ue\/news\/juncker-will-fight-for-more-europe-in-post-brexit-eu\/?nl_ref=32639805\n\n-&#8220;L&#8217;euro, r\u00e9former ou p\u00e9rir&#8221; (l&#8217;\u00e9conomiste Daniel Cohen, directeur du d\u00e9partement d&#8217;\u00e9conomie de l&#8217;Ecole normale sup\u00e9rieure) : http:\/\/tempsreel.nouvelobs.com\/economie\/20170302.OBS6023\/l-euro-reformer-ou-perir-par-daniel-cohen.html#xtor\n\n-La Commission europ\u00e9enne a lanc\u00e9 une consultation publique sur la protection des lanceurs d&#8217;alertes (Daniela Vincenti) : http:\/\/www.euractiv.fr\/section\/economie\/news\/commission-calls-for-input-on-whistleblowers-protection\/?nl_ref=32639805\n\n<strong>-L&#8217;Agence europ\u00e9enne des produits chimiques interpell\u00e9e par plusieurs ONG (St\u00e9phane Foucart) :<\/strong> http:\/\/www.lemonde.fr\/planete\/article\/2017\/03\/07\/l-agence-europeenne-des-produits-chimiques-interpellee-sur-le-dossier-glyphosate_5090182_3244.html\n\n<strong>-Le prix des m\u00e9dicaments en d\u00e9bat au Parlement europ\u00e9en (Sarantis Michalopoulos) <\/strong> :  http:\/\/www.euractiv.fr\/section\/sante-modes-de-vie\/news\/eu-parliament-demands-clarity-in-public-funding-of-drugs-rd\/?nl_ref=32639805\n\n<em>-Ses propositions pour les rendre plus abordables (document) : <\/em> http:\/\/www.europarl.europa.eu\/news\/fr\/news-room\/20170227IPR64157\/les-propositions-des-d%C3%A9put%C3%A9s-pour-rendre-les-m%C3%A9dicaments-plus-abordables\n\n-Les eurod\u00e9put\u00e9s craignent un chantage de Moscou sur les importations d&#8217;engrais (Hermine Donceel) : http:\/\/www.euractiv.fr\/section\/agriculture-alimentation\/news\/meps-fear-eu-cadmium-restrictions-could-increase-fertiliser-import-dependency\/?nl_ref=32639805\n\n-Pour \u00eatre accessible \u00e0 tous, Erasmus doit augmenter son budget de 40% : http:\/\/www.euractiv.fr\/section\/culture\/news\/navracsics-member-states-need-to-invest-more-in-erasmus-to-iron-out-inequalities\/?nl_ref=32639805\n\n-&#8220;Le Brexit pourrait fermer la porte aux footballeurs les plus c\u00e9l\u00e8bres&#8221; (Sam Morgan) : \nhttp:\/\/www.euractiv.fr\/section\/royaume-uni-en-europe\/news\/brexit-could-slam-door-on-star-footballers\/?nl_ref=32639805\n\n-&#8220;Cazeneuve offre son soutien \u00e0 Ath\u00e8nes&#8221;  (Sarantis Michalopoulos) : http:\/\/www.euractiv.fr\/section\/economie\/news\/french-pm-visits-athens-to-offer-support-on-bailout-talks\/?nl_ref\n\n-En France, les candidats s&#8217;opposent sur le r\u00f4le de l&#8217;Europe : http:\/\/www.euractiv.fr\/section\/elections\/news\/les-candidats-sopposent-sur-le-role-de-leurope-dans-le-secteur-agricole\/?nl_ref\n\n-&#8220;Varsovie tente de saborder la candidature de Donald Tusk&#8221; : http:\/\/www.euractiv.fr\/section\/institutions\/news\/varsovie-tente-de-saborder-la-candidature-de-donald-tusk\/?nl_ref=32639805\n\n-Comment l&#8217;Autriche veut diminuer l&#8217;embauche de travailleurs d\u00e9tach\u00e9s (Gr\u00e9goire Normand) : http:\/\/www.latribune.fr\/economie\/union-europeenne\/comment-l-autriche-veut-diminuer-l-embauche-de-travailleurs-detaches-651633.html\n\n<strong>-&#8220;La Roumanie, premi\u00e8re \u00e9tape de la lutte europ\u00e9enne contre la corruption ?&#8221; (le journaliste roumain Radu Ciobotea; son) : <\/strong> https:\/\/www.franceinter.fr\/emissions\/meridien-d-europe\/meridien-d-europe-06-mars-2017\n\n-&#8220;La Russie envisage de poursuivre les n\u00e9gociations sur l&#8217;Ukraine au Etat-Unis&#8221; (Georgi Gotev) :  http:\/\/www.euractiv.fr\/section\/politique\/news\/russia-ready-to-open-the-ukraine-talks-to-usa\/?nl_ref=32639805\n\n<strong>-&#8220;En 2050, les bidonvilles accueilleront 3 milliards d&#8217;habitants dans le monde&#8221; (Pierre-Arnaud Barthel de l&#8217;Agence Fran\u00e7aise de D\u00e9veloppement; propos recueillis par C\u00e9cile Barbi\u00e8re) : <\/strong> http:\/\/www.euractiv.fr\/section\/aide-au-developpement\/news\/en-2050-les-bidonvilles-accueilleront-3-milliards-dhabitants\/?nl_ref=32639805\n\n-Au Mexique, le plus petit c\u00e9tac\u00e9 du monde peut dispara\u00eetre cette ann\u00e9e (son du 6 mars) : https:\/\/www.radioclassique.fr\/radio\/emissions\/matinale-de-radio-classique\/3-minutes-planete\/\n\n-&#8220;La Chine lance la guerre du ciel bleu&#8221; (Fran\u00e7ois Lenglet; vid\u00e9o) : http:\/\/www.rtl.fr\/actu\/international\/la-chine-lance-la-guerre-du-ciel-bleu-7787542474\n\n<strong>-La pollution tue 1,7 millions d&#8217;enfants chaque ann\u00e9e (Patricia Jolly) : <\/strong> https:\/\/www.letemps.ch\/sciences\/2017\/03\/06\/pollution-tue-17-million-denfants-annee?utm_source\n\n<strong>CULTURE-MEDIAS<\/strong>\n\n<strong>-&#8220;Le 29 mars, Philippe Martinez, secr\u00e9taire de la CGT et Jean-Claude Mailly, secr\u00e9taire de FO, \u00e0 nouveau unis pour parler culture&#8221; : <\/strong> http:\/\/lentreprise.lexpress.fr\/actualites\/1\/actualites\/martinez-et-mailly-unis-a-nouveau-cette-fois-pour-parler-culture_1881044.html#sZpkj6g0PBDqLiE6.01\n\n-Jusqu&#8217;au 22 mai, &#8220;au Louvre, l&#8217;occasion ou jamais de voir un tiers de l&#8217;oeuvre de Vermeer&#8221; (Sophie Cachon) : http:\/\/www.telerama.fr\/sortir\/vermeer-et-les-maitres-de-la-peinture-de-genre,154632.php#xtor\n\n<strong>-Jusqu&#8217;au 2 juillet, \u00e0 l&#8217;Institut du Monde arabe, cent chefs-d&#8217;oeuvres de l&#8217;art moderne et contemporain arabe de la collection Barjeel (Raoul Mbog) : <\/strong> http:\/\/www.telerama.fr\/scenes\/une-collection-d-art-pour-changer-l-image-negative-du-monde-arabe,154872.php#xtor\n\n-Jusqu&#8217;au 22 avril au Th\u00e9\u00e2tre de l&#8217;Atelier, un Pierre Arditi inspir\u00e9 dans &#8220;Le Cas Sneider&#8221; qu&#8217;adapte du roman de Jean-Paul Dubois et  met en sc\u00e8ne Didier Bezace (Fabienne Pascaud) : http:\/\/www.telerama.fr\/sortir\/pierre-arditi-magnifique-d-interiorite-douloureuse-dans-le-cas-sneijder,154637.php#xtor\n\n<strong>-Toute l&#8217;oeuvre de George Harrison, le talent le mieux cach\u00e9 des Beatles, r\u00e9\u00e9dit\u00e9e (Laurent Rigoulet; sons) :<\/strong> http:\/\/www.telerama.fr\/musique\/george-harrison-genie-contrarie,154822.php#xtor\n\n-&#8220;La 25 e nuit de la voix&#8221; (St\u00e9phane Richard, PDG d&#8217;Orange, interrog\u00e9 par Guillaume Durand; son du 6 mars) : https:\/\/www.radioclassique.fr\/radio\/emissions\/matinale-de-radio-classique\/l-invite-du-matin\/\n\n-Jusqu&#8217;au 22 mai, l&#8217;oeuvre du  photographe Joseph Koudelka est expos\u00e9e dans &#8220;la fabrique d&#8217;exils&#8221; au Centre Pompidou (Jos\u00e9phine Bind\u00e9) : http:\/\/www.telerama.fr\/sortir\/josef-koudelka-la-photo-comme-enigme,154868.php#xtor\n\n-Militant de la cause palestinienne, l&#8217;acteur britannique du street art Banksy s&#8217;attaque \u00e0 un h\u00f4tel \u00e0 Bethl\u00e9em (Olivier Granoux; vid\u00e9o) : http:\/\/www.telerama.fr\/scenes\/la-nouvelle-folie-de-banksy-un-hotel-a-bethleem,154877.php#xtor\n\n-Aujourd&#8217;hui s&#8217;ach\u00e8ve \u00e0 Paris le festival &#8220;Omnivore&#8221; (le journaliste culinaire S\u00e9bastien Demorand; propos recueillis par Virginie F\u00e9lix) : http:\/\/www.telerama.fr\/sortir\/sebastien-demorand-mon-meilleur-souvenir-a-omnivore-ferran-adria-faisant-cuire-des-moules,154857.php#xtor\n\n<strong>-&#8220;La cuisine \u00e0 la t\u00e9l\u00e9, les cha\u00eenes font monter la sauce&#8221; (Virginie F\u00e9lix; vid\u00e9o) : <\/strong> http:\/\/television.telerama.fr\/television\/la-cuisine-a-la-tele-ou-quand-les-chaines-font-monter-la-sauce,154609.php#xtor\n\n-Les courts m\u00e9trages y ont la cote (Nicolas Didier; vid\u00e9os) : http:\/\/television.telerama.fr\/television\/a-la-tele-les-courts-metrages-ont-la-cote,154610.php#xtor\n\n<em>-Les Fran\u00e7ais et leur connexion internet (OPINION-WAY) :<\/em> https:\/\/www.opinion-way.com\/fr\/component\/edocman\/?task=document.viewdoc&#038;id=1550&#038;Itemid=0\n\n-Sur l&#8217;Islam, &#8220;France Culture privil\u00e9gie la r\u00e9flexion plut\u00f4t que le r\u00e9flexe&#8221; (le producteur Ghaleb Bencheikh, cit\u00e9 par Jos\u00e9phine Lebard) : http:\/\/www.telerama.fr\/radio\/sur-l-islam-france-culture-privilegie-la-reflexion-plutot-que-le-reflexe,154615.php#xtor\n\n<strong>-La derni\u00e8re \u00e9mission consacr\u00e9e au tandem Mahmoud Hussein, dont le dernier ouvrage traite du th\u00e8me des musulmans confront\u00e9s \u00e0 Daech (son) : <\/strong> https:\/\/www.franceculture.fr\/emissions\/questions-dislam\/mahmoud-hussein\n\n<strong>-S\u00e9bastien Folin revient chaque mois sur France \u00f4 pour faire le tour de la France d&#8217;Outremer. Il \u00e9tait l&#8217;invit\u00e9 de Sonia Devillers (vid\u00e9o, amener le curseur sur 7:09) : <\/strong> http:\/\/www.dailymotion.com\/video\/x5e0flf_sebastien-folin-haro-sur-les-cliches-des-outres-mers_news\n\n<strong>-&#8220;R\u00e9concilier les jeunes avec la t\u00e9l\u00e9 et la politique&#8221; (Marc Baudriller; son du 6 mars) <\/strong> :  https:\/\/www.radioclassique.fr\/radio\/emissions\/matinale-de-radio-classique\/la-vie-des-medias\/\n\n-Marine Le Pen a accus\u00e9 BFMTV de favoriser Emmanuel Macron (J\u00e9r\u00f4me Ivanichtchenko (vid\u00e9o) : http:\/\/www.dailymotion.com\/video\/x5e0d8l_bfm-tv-et-rmc-revoltes-face-aux-accusations-de-marine-le-pen_news\n\n<strong>&#8220;Louise&#8221;, sur TF1, pour la premi\u00e8re fois, une s\u00e9rie traite de la transsexualit\u00e9 \u00e0 une heure de grande \u00e9coute (la com\u00e9dienne Claire Nebout et la productrice Fabienne Servant-Screiber; invit\u00e9es de Thomas Joubert; vid\u00e9o) :<\/strong> http:\/\/www.dailymotion.com\/video\/x5e0eml_louis-e-des-comediennes-transsexuelles-ont-fait-des-essais_news\n\n<em>-Identit\u00e9 de genre, la CGT se f\u00e9licite de l&#8217;avis du Conseil constitutionnel : <\/em> http:\/\/www.cgt.fr\/La-CGT-se-felicite-de-l-avis-du.html\n\n-&#8220;L&#8217;interview de Fran\u00e7ois Fillon par Laurent Delahousse jug\u00e9e complaisante&#8221; (Audrey Kucinska; vid\u00e9o) : http:\/\/www.lexpress.fr\/actualite\/medias\/laurent-delahousse-face-a-francois-fillon-une-interview-jugee-complaisante_1886104.html?PMSRC_CAMPAIGN\n\n&#8211;<strong>Bruno Donnet a regard\u00e9 l&#8217;interview (vid\u00e9o) : <\/strong> http:\/\/www.dailymotion.com\/video\/x5e0ade_francois-fillon-au-20h-de-france-2-l-apres-coup-de-bruno-donnet_news\n\n<em>-Ce qu&#8217;en ont pens\u00e9 les Fran\u00e7ais (HARRIS) :<\/em> http:\/\/harris-interactive.fr\/opinion_polls\/comment-les-francais-ont-ils-percu-le-discours-de-francois-fillon-au-trocadero-puis-son-intervention-au-jt-de-20h-de-france-2\/\n\n<strong>-La musique des cha\u00eenes d&#8217;infos en continu (Rebecca Manzoni; vid\u00e9o) : <\/strong> https:\/\/www.franceinter.fr\/emissions\/pop-co\/pop-co-06-mars-2017\n\n<strong>-&#8220;Le Trocad\u00e9ro m&#8217;a convaincue&#8221; (Charline Vanhoenacker; vid\u00e9o) : <\/strong> https:\/\/www.franceinter.fr\/emissions\/le-billet-de-charline-vanhoenacker\/le-billet-de-charline-vanhoenacker-06-mars-2017\n\n<strong>-&#8220;Fillon au Trocad\u00e9ro&#8221; (Guillaume Meurice; vid\u00e9o) : <\/strong> http:\/\/www.dailymotion.com\/video\/x5e1mvs_fillon-au-trocadero-le-moment-meurice_fun\n\n-&#8220;Le comit\u00e9 politique des R\u00e9publicains&#8221; avec Michel Jonasz dans le r\u00f4le de G\u00e9rard Larcher (vid\u00e9o) : http:\/\/www.dailymotion.com\/video\/x5e1obi_le-comite-politique-des-republicains-si-tu-ecoutes-le-sketch_fun\n\n<strong>-&#8220;Il \u00e9tait une fois un ch\u00e2telain au regard sombre et aux sourcils broussailleux&#8221; (Sophia Aram; vid\u00e9o) <\/strong> : http:\/\/www.dailymotion.com\/video\/x5e0430_il-etait-une-fois-un-chatelain-au-regard-sombre-et-aux-sourcils-broussailleux-le-billet-de-sophia-ar_fun\n\n<strong>-&#8220;Penelope, sainte et martyre&#8221; (Didier Porte; vid\u00e9o) : <\/strong> https:\/\/www.youtube.com\/watch?v=kJI7b0OMBeI\n<h2 class=\"wp-block-heading\">Documents joints<\/h2>\n\n\n\n<div class=\"wp-block-file\"><a href=\"https:\/\/wp.muchomaas.com\/wp-content\/uploads\/2017\/03\/hollande-318.pdf\">hollande.pdf<\/a><\/div>\n\n\n\n<div class=\"wp-block-file\"><a href=\"https:\/\/wp.muchomaas.com\/wp-content\/uploads\/2017\/03\/patrick_braouezec-541.pdf\">patrick_braouezec.pdf<\/a><\/div>\n\n\n","protected":false},"excerpt":{"rendered":"<p>ACTUALITE -&#8220;La course aux dons&#8221; du Secours Populaire (Marc Castille, son responsable des relations ext\u00e9rieures, interrog\u00e9 sur CNews par Isabelle Moreau; vid\u00e9o) : http:\/\/www.cnews.fr\/chroniques\/les-invites-disabelle-moreau\/linvite-disabelle-moreau-du-06032017-173399 -&#8220;Rachat d&#8217;Opel par PSA, un mariage pour mieux se s\u00e9parer des salari\u00e9s ?&#8221; (Franck Bouaziz) : http:\/\/www.liberation.fr\/futurs\/2017\/03\/05\/rachat-d-opel-par-psa-un-mariage-pour-mieux-se-separer-de-salaries_1553505?xtor -&#8220;Le d\u00e9bat agricole a \u00e9t\u00e9 assez faible jusqu&#8217;\u00e0 pr\u00e9sent&#8221; (Pascal Vin\u00e9, directeur g\u00e9n\u00e9ral de [&hellip;]<\/p>\n","protected":false},"author":1042,"featured_media":0,"comment_status":"open","ping_status":"open","sticky":false,"template":"","format":"standard","meta":{"_themeisle_gutenberg_block_has_review":false,"footnotes":""},"categories":[151],"tags":[],"class_list":["post-10241","post","type-post","status-publish","format-standard","hentry","category-la-revue-de-presse-de-lulu"],"_links":{"self":[{"href":"https:\/\/archives.regards.fr\/index.php?rest_route=\/wp\/v2\/posts\/10241","targetHints":{"allow":["GET"]}}],"collection":[{"href":"https:\/\/archives.regards.fr\/index.php?rest_route=\/wp\/v2\/posts"}],"about":[{"href":"https:\/\/archives.regards.fr\/index.php?rest_route=\/wp\/v2\/types\/post"}],"author":[{"embeddable":true,"href":"https:\/\/archives.regards.fr\/index.php?rest_route=\/wp\/v2\/users\/1042"}],"replies":[{"embeddable":true,"href":"https:\/\/archives.regards.fr\/index.php?rest_route=%2Fwp%2Fv2%2Fcomments&post=10241"}],"version-history":[{"count":0,"href":"https:\/\/archives.regards.fr\/index.php?rest_route=\/wp\/v2\/posts\/10241\/revisions"}],"wp:attachment":[{"href":"https:\/\/archives.regards.fr\/index.php?rest_route=%2Fwp%2Fv2%2Fmedia&parent=10241"}],"wp:term":[{"taxonomy":"category","embeddable":true,"href":"https:\/\/archives.regards.fr\/index.php?rest_route=%2Fwp%2Fv2%2Fcategories&post=10241"},{"taxonomy":"post_tag","embeddable":true,"href":"https:\/\/archives.regards.fr\/index.php?rest_route=%2Fwp%2Fv2%2Ftags&post=10241"}],"curies":[{"name":"wp","href":"https:\/\/api.w.org\/{rel}","templated":true}]}}