{"id":10240,"date":"2017-03-06T07:01:45","date_gmt":"2017-03-06T06:01:45","guid":{"rendered":"https:\/\/wp.muchomaas.com\/article-la-revue-du-6-mars-2017\/"},"modified":"2023-06-23T23:24:16","modified_gmt":"2023-06-23T21:24:16","slug":"article-la-revue-du-6-mars-2017","status":"publish","type":"post","link":"https:\/\/archives.regards.fr\/?p=10240","title":{"rendered":"La Revue du 6 mars 2017"},"content":{"rendered":"<strong>ACTUALITE<\/strong>\n\n<em>-Un appel unitaire pour le 8 mars (document) : https:\/\/paris.demosphere.eu\/rv\/52774\n\n<strong>-&#8220;Belle en travaillant&#8221; (dans son documentaire, Leslie Bedos retrace les luttes f\u00e9ministes dans le monde du travail; vid\u00e9o) : <\/strong> http:\/\/www.france5.fr\/emissions\/la-galerie-france5\/videos\/replay_-_belle_en_travaillant_05-03-2017_1502759\n\n-&#8220;Les femmes de l&#8217;ombre&#8221; de Margot Lee Shetterly (Thomas Chauvineau; son) : https:\/\/www.franceinter.fr\/emissions\/la-chronique-de-thomas-chauvineau\/la-chronique-de-thomas-chauvineau-05-mars-2017\n\n-&#8220;Je me suis engag\u00e9e \u00e0 ne pas participer \u00e0 des conf\u00e9rences o\u00f9 il n&#8217;y a pas de femme&#8221; (Rosemary McCarney, ambassadrice canadienne aupr\u00e8s de l&#8217;ONU) : https:\/\/www.letemps.ch\/monde\/2017\/03\/05\/me-suis-engagee-ne-participer-conferences-ny-femme?utm_source\n\n-&#8220;C&#8217;est g\u00e9nial d&#8217;\u00eatre une femme&#8221; (Doris Leuthard, pr\u00e9sidente de la Conf\u00e9d\u00e9ration suisse, avec Claire Ajoubair, sage-femme et Christine L\u00fcthi-Schneider, pilote de ligne; propos recueillis par Christelle Maillard) :  https:\/\/www.letemps.ch\/suisse\/2017\/03\/05\/doris-leuthard-cest-genial-detre-une-femme?utm_source\n\n-Mariage PSA-Opel, &#8220;c&#8217;est presque fait&#8221;  (Christophe Alix) : http:\/\/www.liberation.fr\/futurs\/2017\/03\/03\/mariage-psa-opel-c-est-presque-fait_1553201?xtor\n\n-Les d\u00e9tails du rachat (Maxime Amiot et Julien Dupont-Calbo) : https:\/\/www.lesechos.fr\/industrie-services\/automobile\/0211848839120-psa-conseil-extraordinaire-sur-opel-2069599.php\n\n<strong>-&#8220;M. Tavares va s&#8217;attaquer tr\u00e8s brutalement \u00e0 l&#8217;emploi. C&#8217;est sa m\u00e9thode&#8221; (Jean-Pierre Mercier de la CGT; \u00e0 la fin de la vid\u00e9o) :<\/strong> http:\/\/www.francetvinfo.fr\/economie\/industrie\/automobile-le-mariage-entre-psa-et-opel-donnerait-naissance-a-un-nouveau-geant-francais_2081071.html\n\n<strong>-En pourcentage du PIB, le secteur de la mode en France repr\u00e9sente plus que le secteur de l&#8217;automobile et de l&#8217;a\u00e9ronautique r\u00e9unis. Marion L&#8217;Hour recevait le PDG de Chlo\u00e9 (son, amener le curseur sur 34:20) :<\/strong> https:\/\/www.franceinter.fr\/emissions\/on-n-arrete-pas-l-eco\/on-n-arrete-pas-l-eco-04-mars-2017\n\n<strong>-&#8220;Quelle alimentation pour demain ?&#8221; (Olivier de Schutter, ancien rapporteur sp\u00e9cial de l&#8217;ONU pour le droit \u00e0 l&#8217;alimentation; le r\u00e9alisateur Pierre Beccu; Boris Tavernier, de l&#8217;association Vrac; Amandine Lebreton de la Fondation Nicolas Hulot et V\u00e9ronique Blanchot de l&#8217;association ANDES; \u00e9mission anim\u00e9e par Denis Cheissoux; son) : <\/strong> https:\/\/www.franceinter.fr\/emissions\/co2-mon-amour\/co2-mon-amour-04-mars-2017\n\n-&#8220;Les perturbateurs endocriniens sont partout&#8221; (le m\u00e9decin endocrinologue Val\u00e9rie Foussier, interrog\u00e9e par David Abiker; son, amener le curseur sur 21:02) : http:\/\/www.europe1.fr\/emissions\/c-est-arrive-cette-semaine\/cest-arrive-cette-semaine-040317-2994005\n\n<strong>-&#8220;D\u00e9chet radioactif, c&#8217;est pas un m\u00e9tier !&#8221; (Denis Cheissoux; son) : <\/strong> https:\/\/www.franceinter.fr\/emissions\/l-edito-de-denis-cheissoux\/l-edito-de-denis-cheissoux-04-mars-2017\n\n-&#8220;Les essais cliniques sont indispensables pour mettre au point les nouveaux m\u00e9dicaments&#8221; (Danielle Messager; son) : https:\/\/www.franceinter.fr\/emissions\/carnet-de-sante\/carnet-de-sante-04-mars-2017\n\n-Les chirurgiens-dentistes protestent contre le plafonnement des tarifs de soins (vid\u00e9o) : http:\/\/www.francetvinfo.fr\/sante\/professions-medicales\/dentistes-les-chirurgiens-protestent-contre-le-plafonnement-des-tarifs-de-soins_2081061.html\n\n-A Grandville, &#8220;H\u00e9 oh, h\u00e9 oh, on rentre du bulot&#8221; (Pierre Benetti) : http:\/\/next.liberation.fr\/food\/2017\/03\/03\/granville-he-oh-he-oh-on-rentre-du-bulot_1553125?xtor\n\n-En Seine-Saint-Denis, faute de b\u00e9n\u00e9voles, &#8220;les Restos du coeur&#8221; sont contraints de jeter des repas (H\u00e9l\u00e8ne Haus) : http:\/\/www.leparisien.fr\/aubervilliers-93300\/faute-de-benevoles-les-restos-du-coeur-sont-contraints-de-jeter-des-repas-27-02-2017-6717267.php?xtor\n\n<strong>-&#8220;A Courchevel, sur la piste des gendarmes&#8221; (&#8220;13H15 le samedi&#8221;; vid\u00e9o) : <\/strong> http:\/\/www.francetvinfo.fr\/replay-magazine\/france-2\/13h15\/13h15-du-samedi-4-mars-2017_2072311.html\n\n<strong>-&#8220;Un policier d&#8217;Aulnay-sous-Bois (93) d\u00e9nonce les d\u00e9rives de ses coll\u00e8gues&#8221; (Matthieu Suc de Mediapart; pi\u00e8ce jointe);<\/strong>\n\n-Dans la ville, au coeur de la cit\u00e9 des 3 000, le poste de police ferme d\u00e9finitivement (Nathalie Revenu et Thomas Poupeau) : http:\/\/www.leparisien.fr\/aulnay-sous-bois-93600\/aulnay-aux-3000-le-poste-de-police-ferme-definitivement-02-03-2017-6727827.php?xtor\n\n<strong>POLITIQUE<\/strong>\n\n<strong>-&#8220;Ils ont bonne mine les d\u00e9fenseurs du parti de l&#8217;ordre, de la justice ! La solution, c&#8217;est de sortir par le haut avec une Constitutante. Ce syst\u00e8me est pourri de l&#8217;int\u00e9rieur par l&#8217;argent. Je ne fais confiance qu&#8217;\u00e0 la justice. Le moindre voleur de mobylette est jug\u00e9 en r\u00e9f\u00e9r\u00e9, tout de suite. On a besoin d&#8217;avoir une vraie campagne \u00e9lectorale. Une masse populaire est disponible et les 40 % qui n&#8217;ont pas fait leur choix me confortent. Le candidat du PS ne m&#8217;a pas siphonn\u00e9. Je ne veux pas \u00eatre mis en concurrence avec lui. La direction communiste a donn\u00e9 pour consigne de retarder au maximum la remise des parrainages. C&#8217;est son affaire, je ne m&#8217;en m\u00eale pas. Je demande \u00e0 mes soutiens, communistes et autres, de ne pas tenter de s&#8217;approprier la manifestation du 18 mars. Elle est ouverte \u00e0 tout le monde et ceux qui voudront d\u00e9filer avec leurs drapeaux et banderoles le feront en fin de cort\u00e8ge&#8221; (Jean-Luc M\u00e9lenchon, invit\u00e9 de &#8220;Dimanche en politique&#8221;; Interrog\u00e9 par Francis Letellier; vid\u00e9o) <\/strong> : http:\/\/m.pluzz.francetv.fr\/videos\/dimanche_en_politique_,154406230.html\n\n-&#8220;Les militants de &#8220;La France insoumise&#8221; ne l\u00e2chent rien&#8221; (vid\u00e9o) :  http:\/\/www.cnews.fr\/politique\/video\/les-militants-de-jean-luc-melenchon-tiennent-bon-173366\n\n-Au salon de l&#8217;Agriculture, les responsables des questions agricoles de Jean-Luc M\u00e9lenchon, Emmanuel Macron, Fran\u00e7ois Fillon et Marine Le Pen face \u00e0 des agriculteurs (vid\u00e9o) : http:\/\/pluzz.francetv.fr\/videos\/dimanche_en_politique_alpes_,154863067.html\n\n-&#8220;Dimanche en politique&#8221; dans le Nord-Pas-de-Calais. C&#8217;est le communiste Bertrand P\u00e9ricaud qui repr\u00e9sentait Jean-Luc M\u00e9lenchon dans le d\u00e9bat (vid\u00e9o) :   http:\/\/pluzz.francetv.fr\/videos\/dimanche_en_politique_nord_pas_de_calais_,154727064.html\n\n-&#8220;Nous portons un programme en faveur des exploit\u00e9s (Nathalie Arthaud, candidate de LO \u00e0 l&#8217;\u00e9lection pr\u00e9sidentielle; interrog\u00e9 par St\u00e9phane Leneuf; son) : https:\/\/www.franceinter.fr\/emissions\/l-interview-politique\/l-interview-politique-04-mars-2017\n\n-Elle veut interdire les licenciements (Benjamin Sportouch; son) : http:\/\/www.rtl.fr\/actu\/politique\/presidentielle-2017-nathalie-arthaud-veut-interdire-les-licenciements-7785989822?utm_campaign\n\n<strong>-&#8220;Nous avons aujourd&#8217;hui des institutions immatures. Il faudra montrer un cap et un chemin. Nous vivons une d\u00e9mocratie intermittente. Je ne dis pas que ce que je propose est la v\u00e9rit\u00e9 et que les autres proposent du mensonge. Manuel a fait quelque chose de clair, d&#8217;\u00e9l\u00e9gant au soir de la primaire, un passage de t\u00e9moin en quelque sorte. Je suis le candidat du Parti socialiste&#8221; (Beno\u00eet Hamon, invit\u00e9 de &#8220;On n&#8217;est pas couch\u00e9&#8221; de Laurent Ruquier; vid\u00e9o) :<\/strong> http:\/\/www.france2.fr\/emissions\/on-n-est-pas-couche\/videos\/benoit_hamon_-_on_nest_pas_couche_4_mars_2017_onpc_05-03-2017_1502593?onglet=tous&#038;page=1\n\n<strong>-&#8220;Evidemment que Manuel Valls doit s&#8217;engager dans cette campagne&#8221; <\/strong> (Il \u00e9tait aussi dans &#8220;Punchline&#8221; de Laurence Ferrari sur C8 (vid\u00e9o) : http:\/\/replay.c8.fr\/video\/1438697\n\n-&#8220;Plus pr\u00e8s de Macron ou de M\u00e9lenchon ?&#8221; (Thomas Legrand; son) : https:\/\/www.youtube.com\/watch?v=9KHJrcNj-c0&#038;sns=em\n\n-&#8220;Pourquoi ni Hamon ni M\u00e9lenchon ne pouvaient se retirer&#8221; (No\u00ebl Bouttier) : https:\/\/blogs.mediapart.fr\/noel-bouttier\/blog\/040317\/candidature-unique-pourquoi-ni-hamon-ni-melenchon-ne-pouvaient-se-retirer\n\n-&#8220;Si Hamon continue comme \u00e7a&#8221;, le ministre de la Ville Patrick Kanner pourrait voter Macron : http:\/\/www.lejdd.fr\/Politique\/Banlieues-Patrick-Kanner-n-a-pas-digere-les-propos-de-Benoit-Hamon-852437\n\n-Au &#8220;Grand Jury&#8221; de RTL, G\u00e9rard Collomb, s\u00e9nateur PS du Rh\u00f4ne, a ironis\u00e9 sur &#8220;l&#8217;\u00e9conomie sympathique&#8221; de Beno\u00eet Hamon, d\u00e9non\u00e7ant &#8220;la faillite&#8221; \u00e0 laquelle conduirait celle de la candidate du FN (vid\u00e9o) : http:\/\/www.rtl.fr\/actu\/politique\/gerard-collomb-attaque-les-programmes-economiques-de-le-pen-et-hamon-7787535564\n\n&#8220;Cette manifestation (du Trocad\u00e9ro), ce sont des pratiques d&#8217;extr\u00eame-droite&#8221; (Corinne Lepage, pr\u00e9sidente de COP 21; soutien d&#8217;Emmanuel Macron; invit\u00e9e du &#8220;Brunch politique&#8221; de Louis Morin; son) : http:\/\/www.sudradio.fr\/Podcasts\/Le-Brunch-Politique\/Corinne-Lepage2\n\n-Depuis le salon de l&#8217;Agriculture, elle r\u00e9pondait aux questions de David Abiker sur Europe 1 (son, amener le curseur sur 1:03) : http:\/\/www.europe1.fr\/emissions\/c-est-arrive-demain\/cest-arrive-demain-david-abiker-050317-au-salon-de-lagriculture-2994551\n\n-&#8220;Je ne soutiendrai aucun candidat avant le premier tour de la pr\u00e9sidentielle&#8221; (Nicolas Hulot dans &#8220;Le Parisien&#8221;; vid\u00e9o) : http:\/\/www.leparisien.fr\/elections\/presidentielle\/nicolas-hulot-je-ne-soutiendrai-aucun-candidat-avant-le-1er-tour-de-la-presidentielle-04-03-2017-6732792.php\n\n-A Aubervilliers (93), le discours de Fran\u00e7ois Fillon &#8220;pour reconqu\u00e9rir les militants&#8221; (vid\u00e9o) : https:\/\/www.youtube.com\/watch?v=1KdrOj7kbc0\n\n-Celui du Trocad\u00e9ro (vid\u00e9o) : https:\/\/www.youtube.com\/watch?v=S74LJ-0wRdY\n\n<strong>-&#8220;Je ne vois pas de raison de me retirer&#8221; (au &#8220;20 heures&#8221; de France 2, interrog\u00e9 par Laurent Delahousse; vid\u00e9o) :<\/strong> http:\/\/www.francetvinfo.fr\/politique\/francois-fillon\/affaires-fillon\/video-je-ne-vois-pas-de-raison-de-me-retirer-regardez-l-integralite-de-l-interview-de-francois-fillon-sur-france-2_2082527.html\n\n<em>-71 % des Fran\u00e7ais souhaitent son retrait (IFOP) : <\/em> http:\/\/www.lejdd.fr\/Politique\/SONDAGE-71-des-Francais-souhaitent-que-Fillon-retire-sa-candidature-851975\n\n-&#8220;Se bat-il toujours pour \u00eatre pr\u00e9sident ou seulement pour \u00eatre candidat ?&#8221; (Herv\u00e9 Gattegno du JDD; son) : http:\/\/www.europe1.fr\/emissions\/ledito-du-jdd\/francois-fillon-plus-isole-que-jamais-peut-il-y-arriver-2994422\n\n-&#8220;Cela m&#8217;a choqu\u00e9e qu&#8217;on puisse penser que j&#8217;\u00e9tais une imb\u00e9cile&#8221; (Penelope Fillon dans le JDD; propos recueillis par Anna Cabana et Herv\u00e9 Gattegno) : http:\/\/www.lejdd.fr\/Politique\/Penelope-Fillon-Cela-m-a-choquee-qu-on-puisse-penser-que-j-etais-une-imbecile-852179\n\n-Patrick St\u00e9phanini, le directeur de campagne de Fran\u00e7ois Fillon, jette l&#8217;\u00e9ponge. Il est remplac\u00e9 ce matin par Vincent Chriqui (Alexandre Sulzer) :  http:\/\/www.lexpress.fr\/actualite\/politique\/elections\/vincent-chriqui-nouveau-directeur-de-campagne-de-francois-fillon-des-lundi_1885675.html?PMSRC_CAMPAIGN\n\n<em>-Sa lettre de d\u00e9mission (document) :<\/em> http:\/\/www.lejdd.fr\/Politique\/Fillon-la-lettre-de-demission-de-son-directeur-de-campagne-Patrick-Stefanini-851729\n\n-&#8220;C&#8217;est un moment difficile dans la campagne, on ne va pas se le cacher&#8221; (Vincent Chriqui; vid\u00e9o) : http:\/\/www.cnews.fr\/politique\/video\/vincent-chriqui-sexprime-en-exclusivite-sur-cnewsfr-173364      \n\n-&#8220;Fran\u00e7ois Fillon a pris un engagement devant les Fran\u00e7ais, celui de ne pas se  pr\u00e9senter s&#8217;il \u00e9tait mis en examen. Fillon, c&#8217;est l&#8217;\u00e9chec assur\u00e9&#8221; (Jean-Christophe Lagarde, pr\u00e9sident de l&#8217;UDI; invit\u00e9 du &#8220;Grand Rendez-vous&#8221; d&#8217;Europe 1; vid\u00e9o) : http:\/\/www.cnews.fr\/magazines\/le-grand-rendez-vous\/jean-christophe-lagarde-fillon-cest-lechec-assure-173377\n\n-&#8220;Je vois un profond d\u00e9sarroi \u00e0 droite et chez les Fran\u00e7ais, mais qui s&#8217;explique parce que nous sommes \u00e0 la fin d&#8217;un cycle, avec deux partis qui se partageaient le pouvoir&#8221; (Marielle de Sarnez, eurod\u00e9put\u00e9e MoDem; interrog\u00e9e par William Van Qui; vid\u00e9o) : http:\/\/pluzz.francetv.fr\/videos\/dimanche_en_politique_paris_ile_de_france_,154122396.html\n\n-&#8220;J&#8217;ai \u00e9t\u00e9 rocardien quand j&#8217;\u00e9tais \u00e9tudiant et membre du PS pendant deux ans. Le sectarisme est un truc qui m&#8217;effraie profond\u00e9ment. Alain Jupp\u00e9 est extr\u00eamement inquiet de cette situation avec, pour la premi\u00e8re fois, l&#8217;extr\u00eame-droite qui pourrait l&#8217;emporter. Alain Jupp\u00e9 a perdu la primaire en disant ce qu&#8217;il a voulu dire. Personne n&#8217;avait vu l&#8217;explosion \u00e0 droite. Fran\u00e7ois Fillon avait dit que mis en examen, il ne se pr\u00e9senterait pas. La question qui est pos\u00e9e \u00e0 Fran\u00e7ois Fillon est infiniment complexe. La d\u00e9cision lui appartient. Il faut le conduire \u00e0 prendre la bonne. La meilleure solution serait  la coh\u00e9sion autour d&#8217;une autre candidature. Je me suis retir\u00e9 de la campagne sans faire la moindre critique. La manifestation est une mauvaise id\u00e9e&#8221; (Edouard Philippe, d\u00e9put\u00e9 LR de Seine-Maritime; invit\u00e9 de &#8220;Questions Politiques&#8221; sur France Inter; vid\u00e9o; amener le curseur sur 15:52) : http:\/\/www.dailymotion.com\/video\/x5dy46o_edouard-philippe-invite-de-questions-politiques_news\n\n-Il a r\u00e9pondu aux questions des auditeurs (vid\u00e9o) : http:\/\/www.dailymotion.com\/video\/x5dyaa9_edouard-philippe-repond-aux-auditeurs-de-questions-politiques_news\n\n-Fillon candidat, &#8220;je refuse de conduire nos militants et nos \u00e9lecteurs vers un suicide collectif. Si nous maintenons notre soutien \u00e0 Fran\u00e7ois Fillon, nous enverrons plus d&#8217;\u00e9lecteurs vers Marine Le Pen. Si je souhaite que l&#8217;alternance passe par nous, c&#8217;est pour tout changer&#8221; (Christian Estrosi, pr\u00e9sident LR de la r\u00e9gion Paca, invit\u00e9 de &#8220;BFM Politique&#8221;; vid\u00e9os) : \nhttp:\/\/www.bfmtv.com\/mediaplayer\/video\/fillon-candidat-je-refuse-de-conduire-nos-militants-et-nos-electeurs-vers-un-suicide-collectif-christian-estrosi-920681.html  http:\/\/www.bfmtv.com\/mediaplayer\/video\/politiques-au-quotidien-si-nous-maintenons-notre-soutien-a-francois-fillon-nous-enverrons-plus-d-electeurs-vers-marine-le-pen-christian-estrosi-920683.html                                                    http:\/\/www.bfmtv.com\/mediaplayer\/video\/questions-d-eco-si-je-souhaite-que-l-alternance-passe-par-nous-c-est-pour-tout-changer-christian-estrosi-920685.html\n\n-&#8220;Quand la m\u00e9daille d&#8217;or est disqualifi\u00e9e, c&#8217;est la m\u00e9daille d&#8217;argent qui devient m\u00e9daille d&#8217;or&#8221; (Il a r\u00e9pondu aux questions des t\u00e9l\u00e9spectateurs; vid\u00e9o) : http:\/\/www.bfmtv.com\/mediaplayer\/video\/christian-estrosi-face-aux-francais-si-la-democratie-s-exerce-dans-un-parti-politique-pour-designer-son-candidat-c-est-pas-le-plus-mauvais-systeme-920687.html\n\n-&#8220;La candidature de Fillon est mort-n\u00e9e&#8221; (Georges Fenech, d\u00e9put\u00e9 LR du Rh\u00f4ne; son) : http:\/\/www.rtl.fr\/actu\/politique\/presidentielle-la-candidature-de-fillon-est-morte-nee-selon-fenech-7787522576\n\n<strong>-&#8220;Quel g\u00e2chis !&#8221; (l&#8217;eurod\u00e9put\u00e9e LR Nadine Morano dans l&#8217;\u00e9mission &#8220;C l&#8217;hebdo&#8221;; vid\u00e9o, amener le curseur sur 6:40) :<\/strong> http:\/\/www.france5.fr\/emissions\/c-l-hebdo\/videos\/replay_-_c_lhebdo_04-03-2017_1502531?onglet=tous&#038;page=1\n\n-&#8220;Qui sont les jusqu&#8217;au-boutistes de l&#8217;\u00e9quipe Fillon ?&#8221; (Timoth\u00e9e Vilars) : http:\/\/tempsreel.nouvelobs.com\/presidentielle-2017\/20170304.OBS6091\/chriqui-retailleau-qui-sont-les-jusqu-au-boutistes-de-l-equipe-fillon.html#xtor\n\n-&#8220;Je lance un appel aux personnes qui peuvent venir nous aider au QG de Fran\u00e7ois Fillon, o\u00f9 il y a un peu de place&#8221; (Pierre Danon, pr\u00e9sident du Conseil national de la soci\u00e9t\u00e9 civile de Fran\u00e7ois Fillon; invit\u00e9 de la matinale de Franceinfo; son et vid\u00e9os) : http:\/\/www.francetvinfo.fr\/replay-radio\/8h30-politique\/presidentielle-pierre-danon-en-appelle-aux-bonnes-volontes-pour-le-qg-de-francois-fillon-ou-il-y-a-un-peu-de-place_2065381.html\n\n-&#8220;Le fait d&#8217;employer son mari, sa femme ou ses enfants comme assistant parlementaire constitue le d\u00e9lit de prise ill\u00e9gale d&#8217;int\u00e9r\u00eat&#8221; (l&#8217;ancien procureur Eric de Montgolfier, cit\u00e9 par Mathieu Delahousse) : http:\/\/tempsreel.nouvelobs.com\/presidentielle-2017\/20170303.OBS6058\/emplois-familiaux-au-parlement-il-y-aurait-matiere-a-poursuivre.html#xtor\n\n-&#8220;20 ans, engag\u00e9s aupr\u00e8s de Fran\u00e7ois Fillon et d\u00e9sesp\u00e9r\u00e9s&#8221; (chez Yann Barth\u00e8s dans &#8220;Quotidien&#8221;; vid\u00e9o) : http:\/\/www.tf1.fr\/tmc\/quotidien-avec-yann-barthes\/videos\/fillongate-ont-vingt-ans-engages-desesperes.html\n\n<strong>-Les contradictions de Fran\u00e7ois Fillon (vid\u00e9o) : <\/strong> https:\/\/videos.lesechos.fr\/lesechos\/sujet-actus\/les-contradictions-de-francois-fillon-en-130\/8k83fm\n\n-15 tweets \u00e9vocateurs du climat au sein de la droite (vid\u00e9o) : https:\/\/videos.lesechos.fr\/lesechos\/sujet-actus\/francois-fillon-15-tweets-evocateurs-du-climat-au-sein-de-la-droite\/8kpvxr\n\n-&#8220;Je suis candidat pour sauver  mon pays&#8221; (Nicolas Dupont-Aignan, candidat de &#8220;Debout la France&#8221;; interrog\u00e9 par Wendy Bouchard; vid\u00e9o) : http:\/\/www.europe1.fr\/emissions\/l-interview-politique-du-week-end\/nicolas-dupont-aignan-je-suis-candidat-pour-sauver-mon-pays-2994059\n\n-A Bobigny(93), ils vont voter pour la premi\u00e8re fois (Eric Valmir; son) : https:\/\/www.franceinter.fr\/emissions\/toute-premiere-fois\/toute-premiere-fois-04-mars-2017\n\n-&#8220;N&#8217;est-ce pas Fran\u00e7ois Fillon qui vole la victoire ? La crainte de perdre une \u00e9lection acquise est tr\u00e8s forte chez les \u00e9lecteurs de droite&#8221; (Edouard Lecerf, directeur chez Kantar Sofres; son, amener le curseur sur 1:30) : \nhttp:\/\/www.europe1.fr\/emissions\/c-est-arrive-cette-semaine\/cest-arrive-cette-semaine-040317-2994005\n\n-&#8220;Mon \u00e9lectorat, semble-t-il, est celui qui est le plus s\u00fbr de son choix. Si les gens d\u00e9cident de m&#8217;\u00e9lire, c&#8217;est \u00e9videmment pour me permettre de mettre en oeuvre les grandes lignes de mon projet. C&#8217;est dans le cadre d&#8217;un accord Etat-entreprises que les droits de douane permettront une r\u00e9industrialisation. Je veux franchiser les aides pour les agriculteurs&#8221; (Marine Le Pen \u00e9tait l&#8217;invit\u00e9e de &#8220;BFM Politique&#8221;; vid\u00e9o) : \nhttp:\/\/www.bfmtv.com\/mediaplayer\/video\/mon-electorat-semble-t-il-est-celui-qui-est-le-plus-sur-de-son-choix-marine-le-pen-920671.html                             http:\/\/www.bfmtv.com\/mediaplayer\/video\/politiques-au-quotidien-si-les-gens-decident-de-m-elire-c-est-evidemment-pour-me-permettre-de-mettre-en-oeuvre-les-grandes-lignes-de-mon-projet-marine-le-pen-920673.html                                http:\/\/www.bfmtv.com\/mediaplayer\/video\/questions-d-eco-c-est-dans-le-cadre-d-un-accord-etat-entreprises-que-les-droits-de-douane-permettront-une-reindustrialisation-marine-le-pen-920675.html                                               http:\/\/www.bfmtv.com\/mediaplayer\/video\/marine-le-pen-face-aux-francais-je-veux-franchiser-les-aides-pour-les-agriculteurs-920679.html\n\n-&#8220;Je pense \u00e0 ces 4,5 millions d&#8217;\u00e9lecteurs de la primaire de la droite qui vont se sentir flou\u00e9s et auxquels maintenant on veut  vendre Alain Jupp\u00e9 dont ils n&#8217;avaient pas voulu. Macron, c&#8217;est une candidature du syst\u00e8me&#8221; (Florian Philippot, vice-pr\u00e9sident du FN, invit\u00e9 de &#8220;Dimanche en politique&#8221; en Lorraine; vid\u00e9o, amener le curseur sur 1:03) : http:\/\/pluzz.francetv.fr\/videos\/dimanche_en_politique_lorraine_,154243341.html\n\n-&#8220;A sept semaines du premier tour de l&#8217;\u00e9lection pr\u00e9sidentielle, rien ne justifie l&#8217;instrumentalisation du calendrier judiciaire par le pouvoir socialiste. Fran\u00e7ois Fillon se soumet aux exigences d&#8217;un pouvoir judiciaire. Il n&#8217;a jamais su dire non&#8221; (Nicolas Bay, secr\u00e9taire g\u00e9n\u00e9ral du FN, face \u00e0 St\u00e9phane Leneuf; son) : https:\/\/www.franceinter.fr\/emissions\/l-interview-politique\/l-interview-politique-05-mars-2017\n\n-&#8220;Une R\u00e9publique banani\u00e8re ?&#8221; (Rapha\u00ebl Glucksmann chez Yann Barth\u00e8s; vid\u00e9o) : http:\/\/www.tf1.fr\/tmc\/quotidien-avec-yann-barthes\/videos\/raphael-glucksmann-une-contre-manif-dimanche-contre-corruption-1.html\n\n<strong>-&#8220;Fillon De Gaulle&#8221; (Claude Askolovitch; son) : <\/strong> https:\/\/www.franceinter.fr\/emissions\/histoire-et-politique\/histoire-et-politique-05-mars-2017\n\n<strong>-&#8220;Dans quelle France on vit&#8221;, une enqu\u00eate de la journaliste Anne Niva, invit\u00e9e de &#8220;C Pol\u00e9mique&#8221; de Bruce Toussaint, avec le sociologue et philosophe Edgar Morin, Edouard Martin, eurod\u00e9put\u00e9 PS et Jean-Christophe Lagarde, d\u00e9put\u00e9 de Seine-Saint Denis, pr\u00e9sident de l&#8217;UDI; vid\u00e9o) <\/strong> : http:\/\/www.france5.fr\/emissions\/c-politique\/videos\/fillonmacron_la_france_peripherique_juge_la_campagne_05-03-2017_1502863?onglet=tous&#038;page=1\n\n<em>-Les intentions de vote \u00e0 l&#8217;\u00e9lection pr\u00e9sidentielle (BVA) : <\/em> http:\/\/www.bva.fr\/fr\/sondages\/intentions_de_vote_a_moins_de_2_mois_de_l_election_presidentielle.html\n\n<em>-Le m\u00eame (KANTAR-SOFRES) <\/em> : http:\/\/www.lejdd.fr\/Politique\/Candidature-de-Francois-Fillon-a-la-presidentielle-suivez-les-evenements-de-dimanche-en-direct-852239\n\n<strong>EUROPE-MONDE<\/strong>\n\n<strong>-&#8220;Acharnement europ\u00e9en&#8221; (Serge Halimi) <\/strong> : http:\/\/www.monde-diplomatique.fr\/2017\/03\/HALIMI\/57282\n\n<strong>-St\u00e9phane Leneuf a rencontr\u00e9 Dimitri Avramopoulos, commissaire europ\u00e9en grec en charge des politiques migratoires de l&#8217;Union europ\u00e9enne (son) <\/strong> : https:\/\/www.franceinter.fr\/emissions\/cafe-europe\/cafe-europe-05-mars-2017\n\n-En Irlande du Nord, \u00e0 peine plus de 10 000 voix et un si\u00e8ge s\u00e9parent le Sinn Fein des unionistes pro-britanniques : http:\/\/www.lemonde.fr\/europe\/article\/2017\/03\/04\/irlande-du-nord-les-unionistes-devancent-les-nationalistes-d-un-seul-siege_5089143_3214.html\n\n-&#8220;Les unionistes ont essuy\u00e9 un revers&#8221; (vid\u00e9o) : http:\/\/newscdn.newsrep.net\/h5\/nrvideo.html?r=3&#038;lan=fr_FR&#038;pid=14&#038;id=rY9b50ce1LQ_fr&#038;app_lan\n\n<em>-La consommation dans 15 pays d&#8217;Europe et les nouveaux chemins de la confiance (KANTAR TNS; \u00e9tude \u00e0 t\u00e9l\u00e9charger) :<\/em> http:\/\/www.tns-sofres.com\/publications\/observatoire-cetelem-2017-consommation-en-europe-les-nouveaux-chemins-de-la-confiance\n\n-Manifestation \u00e0 Londres contre la cure d&#8217;aust\u00e9rit\u00e9 pr\u00e9vue pour le syst\u00e8me de sant\u00e9 (vid\u00e9o) : http:\/\/newscdn.newsrep.net\/h5\/nrvideo.html?r=3&#038;lan=fr_FR&#038;pid=14&#038;id=DO9b5e389Y8_fr&#038;app_lan=fr_FR&#038;mcc=208&#038;declared_lan\n\n<strong>-&#8220;La Hollande, l&#8217;autre pays du populisme&#8221; (un reportage de Pierre Benazet; son) : <\/strong> https:\/\/www.franceinter.fr\/emissions\/interception\/interception-05-mars-2017\n\n-&#8220;Rutte et Wilder toujours au coude \u00e0 coude&#8221; (vid\u00e9o) : http:\/\/newscdn.newsrep.net\/h5\/nrvideo.html?r=3&#038;lan=fr_FR&#038;pid=14&#038;id=OF9b9d3b9r6_fr&#038;app_lan=fr_FR&#038;mcc=208&#038;declared_lan\n\n-L&#8217;ascension de Martin Schulz en Allemagne (vid\u00e9o) : http:\/\/www.cnews.fr\/monde\/video\/allemagne-lascension-de-martin-schulz-173357\n\n-Ankara accuse l&#8217;Allemagne d&#8217;espionnage : http:\/\/www.lemonde.fr\/europe\/article\/2017\/03\/04\/ankara-accuse-l-allemagne-d-espionnage-aberrant-selon-berlin_5089140_3214.html\n\n-&#8220;En Ukraine, cela fait trois ans qu&#8217;ils se jettent des bombes pour grignoter 50 m\u00e8tres de terrain&#8221; (portfolio) : http:\/\/www.lemonde.fr\/europe\/portfolio\/2017\/03\/03\/en-ukraine-cela-fait-trois-ans-qu-ils-se-jettent-des-bombes-pour-grignoter-cinquante-metres_5088834_3214.html\n\n-&#8220;Les Peshmergas se battent pour nous&#8221; (BHL, interrog\u00e9 par Wendy Bouchard; son) : http:\/\/www.europe1.fr\/emissions\/linterview-verite-du-week-end\/bernard-henri-levy-les-peshmergas-se-battent-pour-nous-2993885\n\n-&#8220;Syrie, les bellig\u00e9rants vont continuer \u00e0 n\u00e9gocier&#8221; (vid\u00e9o) : http:\/\/newscdn.newsrep.net\/h5\/nrvideo.html?r=3&#038;lan=fr_FR&#038;pid=14&#038;id=Xc9b27e87cY_fr&#038;app_lan=fr_FR&#038;mcc=208&#038;declared_lan\n\n-A Mossoul-Ouest, les civils fuient les combats (vid\u00e9o) : http:\/\/www.francetvinfo.fr\/monde\/proche-orient\/offensive-jihadiste-en-irak\/irak-les-civils-fuient-les-combats-a-mossoul-ouest_2080795.html\n\n-&#8220;Le miroir de Damas&#8221;, son auteur Jean-Pierre Filiu, professeur \u00e0 Sciences Po Paris, interrog\u00e9 par David Abiker (son, amener le curseur sur 11:30) : http:\/\/www.europe1.fr\/emissions\/c-est-arrive-demain\/cest-arrive-demain-david-abiker-050317-au-salon-de-lagriculture-2994551\n\n-&#8220;Moubarak libre, l&#8217;Egypte tourne la page du printemps&#8221; (Eric de la Var\u00e8ne) : http:\/\/www.liberation.fr\/planete\/2017\/03\/03\/moubarak-libre-l-egypte-tourne-la-page-du-printemps_1553039?xtor\n\n<strong>-20 millions de personnes menac\u00e9es par la famine dans plusieurs pays d&#8217;Afrique (vid\u00e9o) <\/strong> : http:\/\/www.francetvinfo.fr\/monde\/afrique\/famine\/famine-20-millions-de-personnes-menacees-dans-plusieurs-pays-d-afrique_2081041.html\n\n-La famine a tu\u00e9 plus de 100 personnes en 48 heures en Somalie (vid\u00e9o) : http:\/\/newscdn.newsrep.net\/h5\/nrvideo.html?r=3&#038;lan=fr_FR&#038;pid=14&#038;id=wi9b9d3b3yr_fr&#038;app_lan\n\n<strong>-Les budgets militaires en hausse (Alban Mikoczi; vid\u00e9o) : <\/strong>  http:\/\/www.francetvinfo.fr\/economie\/emploi\/metiers\/armee-et-securite\/armement-les-budgets-militaires-en-hausse_2081075.html\n\n-&#8220;Donald Trump accuse Barack Obama de l&#8217;avoir mis sur attaque&#8221; (vid\u00e9o) : http:\/\/www.francetvinfo.fr\/monde\/usa\/presidentielle\/donald-trump\/etats-unis-donald-trump-accuse-barack-obama-de-l-avoir-mis-sur-ecoute_2081043.html\n\n-Son d\u00e9menti (vid\u00e9o) : http:\/\/newscdn.newsrep.net\/h5\/nrvideo.html?r=3&#038;lan=fr_FR&#038;pid=14&#038;id=mq9b9d3b8Ze_fr&#038;app_lan\n\n-En Cor\u00e9e du Sud, manifestation g\u00e9ante contre la pr\u00e9sidente (vid\u00e9o) : http:\/\/newscdn.newsrep.net\/h5\/nrvideo.html?r=3&#038;lan=fr_FR&#038;pid=14&#038;id=rg9b5e2666d_fr&#038;app_lan=fr_FR&#038;mcc=208&#038;declared_lan\n\n<strong>CULTURE-MEDIAS<\/strong>\n\n<strong>-Encore quatre jours pour voir ici &#8220;La Revanche de Vermeer&#8221;, l&#8217;excellent documentaire de Jean-Pierre et Guillaume Cottet (vid\u00e9o) : <\/strong> http:\/\/www.arte.tv\/guide\/fr\/057529-001-A\/la-revanche-de-vermeer\n\n<strong>-&#8220;Comment imaginer que la jeunesse de ce pays puisse se construire dans un tel foutoir moral ?&#8221; (le sociologue Marc Hatzfeld) :  <\/strong> http:\/\/www.lemonde.fr\/idees\/article\/2017\/03\/05\/comment-imaginer-que-la-jeunesse-de-ce-pays-puisse-se-construire-dans-un-tel-foutoir-moral_5089506_3232.html#xtor\n\n<strong>-L&#8217;ind\u00e9pendance de la justice en question (Matthieu Bonduelle, juge d&#8217;instruction au TGI de Cr\u00e9teil, ancien secr\u00e9taire g\u00e9n\u00e9ral du Syndicat de la magistrature et Jean-Paul Garraud, pr\u00e9sident de l&#8217;Association professionnelle des magistrats (dans l&#8217;\u00e9mission d&#8217;Herv\u00e9 Gardette &#8221; Du grain \u00e0 moudre&#8221;; sons et liens) : <\/strong> https:\/\/www.franceculture.fr\/emissions\/du-grain-moudre\/y-t-il-un-probleme-dindependance-de-la-justice\n\n-&#8220;Juger est un acte politique&#8221; (Matthieu Bonduelle; septembre 2014) : http:\/\/www.monde-diplomatique.fr\/2014\/09\/BONDUELLE\/50780\n\n-Radicalis\u00e9, &#8220;le mot qui tue&#8221; (Pierre Rimbert) : http:\/\/www.monde-diplomatique.fr\/mav\/151\/RIMBERT\/57056\n\n<strong>-&#8220;C&#8217;est vraiment pas pour les mauviettes d&#8217;\u00eatre en vie !&#8221; (la com\u00e9dienne, chanteuse et \u00e9crivain Helena Noguerra, invit\u00e9e d&#8217;Eva Bester; son) :  <\/strong> \nhttps:\/\/www.franceinter.fr\/emissions\/remede-a-la-melancolie\/remede-a-la-melancolie-05-mars-2017\n\n-&#8220;Cadre noir&#8221;, une nouvelle collection aux \u00e9ditions du Seuil (Fran\u00e7ois Angelier; son) : https:\/\/www.franceculture.fr\/emissions\/les-emois\/cadre-noir-les-sombres-emois-du-seuil\n\n-&#8220;Louis Roubaud, la folie de l&#8217;enqu\u00eate&#8221; (Fr\u00e9d\u00e9rique Roussel) : http:\/\/next.liberation.fr\/livres\/2017\/03\/03\/louis-roubaud-la-folie-de-l-enquete_1553103?xtor\n\n<strong>-&#8220;Tous \u00e0 l&#8217;Op\u00e9ra&#8221;, avec la contralto canadienne Marie-Nicole Lemieux (son, amener le curseur sur 30:37) :<\/strong> http:\/\/www.europe1.fr\/emissions\/c-est-arrive-demain\/cest-arrive-demain-david-abiker-050317-au-salon-de-lagriculture-2994551\n\n<strong>-&#8220;A Nanterre et \u00e0 Aubervilliers, une agora th\u00e9\u00e2trale pour les exil\u00e9s&#8221;. Aux Amandiers avec le metteur en sc\u00e8ne suisse Milau Rau; au Th\u00e9\u00e2tre de la Commune, avec Marie-Jos\u00e9 Malis (Cl\u00e9mence Mary; sons) :<\/strong> https:\/\/www.franceculture.fr\/theatre\/nanterre-et-aubervilliers-une-agora-theatrale-pour-les-exiles\n\n-Ils jouent &#8220;Un mariage forc\u00e9&#8221; de Moli\u00e8re comme au XVIIe si\u00e8cle (vid\u00e9o) : http:\/\/www.lci.fr\/culture\/jt-we-ils-jouent-une-piece-de-moliere-comme-au-xviie-siecle-2028061.html%3Ftype=content\n\n<strong>-&#8220;Hedy Lamarr, la torpille d&#8217;Hollywood&#8221; (le destin exceptionnel d&#8217;une star qui imagina &#8220;le commutateur de fr\u00e9quences&#8221; qui rendra possible le t\u00e9l\u00e9phone portable;  dans l&#8217;\u00e9mission de France Culture &#8220;Une vie, une oeuvre&#8221; d&#8217;Ir\u00e8ne Om\u00e9lianenko; sons) :   <\/strong> https:\/\/www.franceculture.fr\/emissions\/une-vie-une-oeuvre\/hedy-lamarr-1914-2000-la-dame-sans-passeport-dhollywood\n\n-&#8220;Personal affairs&#8221;, de la palestinienne Maha Haj, un film plein d&#8217;humour (Marie-H\u00e9l\u00e8ne Le Ny) : https:\/\/www.50-50magazine.fr\/2017\/03\/02\/personal-affairs-un-film-palestinien-plein-dhumour-sur-la-vie-le-couple-la-famille\/\n\n-&#8220;Le Diabolique Docteur Mabuse&#8221; de Fritz Lang ressort en salles (Laurent Delmas; son) : https:\/\/www.franceinter.fr\/emissions\/la-prescription-cinema-de-laurent-delmas\/la-prescription-cinema-de-laurent-delmas-04-mars-2017\n\n<strong>-Avec Christine Masson, ils recevaient Nicolas Boukhrief, r\u00e9alisateur de &#8220;La confession&#8221; et Jordan Mintzer venu parler du film de James Gray &#8220;The lost city of Z&#8221;\n(son) :<\/strong> https:\/\/www.franceinter.fr\/emissions\/on-aura-tout-vu\/on-aura-tout-vu-04-mars-2017\n\n<strong>-&#8220;La censure iranienne a un probl\u00e8me avec le mot f\u00e9minisme car le f\u00e9minisme fait peur en Iran&#8221; (la s\u00e9miologue Asal Bagheri; vid\u00e9o) : <\/strong> https:\/\/www.youtube.com\/watch?v=dM3ZQCZeffs\n\n-Catherine Ceylac recevait Nicolas Bedos pour la sortie de son premier long-m\u00e9trage &#8220;Monsieur et Madame Adelman&#8221; (vid\u00e9o) : http:\/\/www.france2.fr\/emissions\/the-ou-cafe\/videos\/replay_-_the_ou_cafe_04-03-2017_1502445\n\n<strong>-Tahar Rahim, interpr\u00e8te du &#8220;Secret de la chambre noire&#8221; de Kiyoshi Kurosawa, invit\u00e9 de David Abiker (son, amener le curseur sur 21:07) : <\/strong> http:\/\/www.europe1.fr\/emissions\/c-est-arrive-demain\/cest-arrive-demain-david-abiker-050317-au-salon-de-lagriculture-2994551\n\n-Florence Foresti pr\u00e9sentait au &#8220;20 heures&#8221; de France 2 le film &#8220;De plus belle&#8221;, dans lequel elle incarne une femme qui r\u00e9apprend \u00e0 vivre apr\u00e8s un cancer (vid\u00e9o) : http:\/\/www.francetvinfo.fr\/culture\/cinema\/cinema-florence-foresti-presente-le-film-de-plus-belle_2082563.html\n\n<strong>-Ils se battent pour conserver les petits cin\u00e9mas de campagne (un reportage de C\u00e9line Destevelmages; vid\u00e9o) :<\/strong>  http:\/\/www.lci.fr\/replay\/grands-reportages-du-4-mars-2017-la-derniere-seance-2028081.html%3Ftype=content\n\n-Fran\u00e7ois Ruffin offre sa r\u00e9compense des C\u00e9sars aux ouvriers de Whirlpool : http:\/\/www.lexpress.fr\/actualite\/societe\/cesars-francois-ruffin-offre-sa-recompense-aux-ouvriers-de-whirlpool_1885678.html?PMSRC_CAMPAIGN\n\n-&#8220;Je ne suis pas pour le Hollande bashing, pas pour le d\u00e9gagisme. Il n&#8217;y a pas de le\u00e7on de morale \u00e0 donner aux gens. Il est tr\u00e8s bien Macron&#8221; (Pierre Arditi \u00e9tait l&#8217;invit\u00e9 de &#8220;Salut les Terriens&#8221; sur C8 (vid\u00e9o) : http:\/\/www.c8.fr\/c8-divertissement\/ms-salut-les-terriens\/pid7527-emission.html?vid=1438644\n\n-Jessica Chastain pr\u00e9sentait son dernier film &#8220;Miss Sloane&#8221; au &#8220;20 heures&#8221; de France 2 (vid\u00e9o) : http:\/\/www.francetvinfo.fr\/economie\/emploi\/metiers\/art-culture-edition\/jessica-chastain-a-l-affiche-de-miss-sloane_2081067.html\n\n-&#8220;F\u00e9licit\u00e9&#8221;, le film du r\u00e9alisateur franco-s\u00e9n\u00e9galais Alain Gomis, en comp\u00e9tition au Fespaco 2017 (vid\u00e9o) : http:\/\/www.rfi.fr\/video\/20170304-fespaco-2017-peau-favori\n\n-Il obtient &#8220;L&#8217;\u00e9talon d&#8217;or&#8221;. Le palmar\u00e8s (son) : http:\/\/www.rfi.fr\/emission\/20170305-fespaco-2017-cinema-palmares-alain-gomis\n\n<strong>-En 1975, le tournage de  &#8220;Monty Python : sacr\u00e9 graal !&#8221; de Terry Gilliam et Terry Jones (vid\u00e9o) :<\/strong> http:\/\/www.france5.fr\/emissions\/entree-libre\/videos\/_monty_python_sacre_graal__28-02-2017_1498771?onglet=tous&#038;page=1\n\n<strong>-V\u00e9ronique Sanson \u00e9tait l&#8217;invit\u00e9e de &#8220;On n&#8217;est pas couch\u00e9&#8221; (vid\u00e9o) : <\/strong> http:\/\/www.france2.fr\/emissions\/on-n-est-pas-couche\/videos\/veronique_sanson_-_on_nest_pas_couche_4_mars_2017_onpc_05-03-2017_1502581?onglet=tous&#038;page=1\n\n-&#8220;J&#8217;ai fait ces chansons parce que je les aime. Si d&#8217;autres les aiment, tant mieux&#8221; (Alexia Gredy; entretien r\u00e9alis\u00e9 par Fran\u00e7ois Gorin; vid\u00e9o) : http:\/\/www.telerama.fr\/musique\/alexia-gredy-j-ai-fait-ces-chansons-parce-que-je-les-aime-si-d-autres-les-aiment-tant-mieux,154833.php#xtor\n\n<strong>-Trois groupes de rock bien d\u00e9glingu\u00e9s qui se sont faits remarquer le week-end dernier au &#8220;Psych Fest&#8221; de Paris (Jean-Baptiste Roch; vid\u00e9os) : <\/strong> http:\/\/www.telerama.fr\/sortir\/psych-fest-trois-groupes-trop-meconnus-a-ne-pas-rater-ce-week-end-a-paris,154856.php#xtor\n\n-La &#8220;New-York Public Library&#8221; a fait l&#8217;acquisition des archives du chanteur Lou Reed (Thomas B\u00e9card) : http:\/\/www.telerama.fr\/musique\/dans-les-archives-de-lou-reed,154863.php#xtor\n\n<strong>-Dix de ses titres (sons) :<\/strong> https:\/\/www.tsugi.fr\/10-titres-incontournables-de-lou-reed\/\n\n-&#8220;Walk On The Wild Side&#8221; (son et diaporama) : https:\/\/www.youtube.com\/watch?v=0KaWSOlASWc\n\n-Retrouver le trio &#8220;Shakin&#8217; Pyramids&#8221; avec Fran\u00e7ois Gorin (son avec le lien) : http:\/\/www.telerama.fr\/musique\/shakin-pyramids-rockab-et-chateaux-de-sable,154858.php#xtor\n\n<strong>-&#8220;X Japan&#8221;, le groupe aussi l\u00e9gendaire que m\u00e9connu&#8221; (Pauline Croquet et Morgane Tual; vid\u00e9os) <\/strong> : http:\/\/www.lemonde.fr\/pixels\/visuel\/2017\/03\/04\/grosses-guitares-maquillage-et-stades-bondes-x-japan-le-groupe-aussi-legendaire-que-meconnu_5089437_4408996.html\n\n-Jusqu&#8217;au 28 mai, le photographe Eli Lotar expose au &#8220;Jeu de Paume&#8221; \u00e0 Paris (vid\u00e9o) : http:\/\/www.france5.fr\/emissions\/entree-libre\/videos\/eli_lotar_02-03-2017_1501233?onglet=tous&#038;page=1\n\n-&#8220;Juste Debout&#8221;, la plus grande comp\u00e9tition mondiale de danse hip-hop se tenait hier \u00e0 Bercy (Belinda Mathieu; vid\u00e9o) : http:\/\/www.telerama.fr\/sortir\/juste-debout-ou-l-histoire-de-la-plus-grande-competition-mondiale-de-danse-hip-hop,154825.php#xtor\n\n-Le Mondial du tatouage s&#8217;est tenu \u00e0 Paris avec plus de 420 tatoueurs venus du monde entier (les cr\u00e9ateurs Anne et Julien, invit\u00e9s de Patricia Martin; son) : https:\/\/www.franceinter.fr\/emissions\/l-nterview-societe-civile\/l-nterview-societe-civile-05-mars-2017\n\n-Les 60 ans de Gaston Lagaffe avec Michel-Edouard Leclerc, passionn\u00e9 de BD (son, amener le curseur sur 27:59) : http:\/\/www.europe1.fr\/emissions\/c-est-arrive-cette-semaine\/cest-arrive-cette-semaine-040317-2994005\n\n<strong>-T\u00e9trapl\u00e9gique, le DJ italien Fabiano Antoniani a choisi l&#8217;euthanasie en Suisse (Thomas Cluzel; son)<\/strong> : https:\/\/www.franceculture.fr\/emissions\/revue-de-presse-internationale\/mort-de-fabiano-antoniani-le-droit-de-vivre-et-de-mourir\n\n<strong>-De retour du grand salon mondial des t\u00e9l\u00e9coms de Barcelone, Mari-No\u00eblle J\u00e9go-Laveissi\u00e8re, directrice ex\u00e9cutive innovation chez Orange (interrog\u00e9e par Fabienne Schmitt; vid\u00e9o)<\/strong> :  https:\/\/videos.lesechos.fr\/lesechos\/invite-des-echos\/linvitee-des-echos-mari-noelle-jego-laveissiere-directrice-executive-innovation-chez-orange\/8krk5s\n\n<strong>-&#8220;Jean-Christophe Averty, mort d&#8217;un homme-t\u00e9l\u00e9vision&#8221; (sons et vid\u00e9o) :  <\/strong> https:\/\/www.franceculture.fr\/medias\/jean-christophe-averty-mort-dun-homme-television\n\n-Sa t\u00e9l\u00e9vision (vid\u00e9o de l&#8217;Ina) : https:\/\/www.youtube.com\/watch?v=fwllq9YUJtw&#038;list=PLqHNGGelmIuVydBQKyK2DgYJwHHF3QZ_a\n\n-&#8220;Je d\u00e9plais et je le d\u00e9plore&#8221; (vid\u00e9o de l&#8217;Ina) : https:\/\/www.youtube.com\/watch?v=_e4-kMSGU-o\n\n-&#8220;Ubu encha\u00een\u00e9&#8221; (vid\u00e9o de l&#8217;Ina) : https:\/\/www.youtube.com\/watch?v=aad0NGTzMRY\n\n<strong>-Les candidats ont pr\u00e9sent\u00e9 leurs projets pour les m\u00e9dias (Alexandra Ackoun; son) : <\/strong> https:\/\/www.franceinter.fr\/emissions\/regard-sur-les-medias\/regard-sur-les-medias-04-mars-2017\n\n<strong>-A la t\u00e9l\u00e9, &#8220;Fillon \u00e9tincelant, Macron coh\u00e9rent, Jupp\u00e9 pr\u00e9sident&#8221; (Samuel Gontier) : <\/strong> http:\/\/television.telerama.fr\/television\/fillon-etincelant-macron-coherent-juppe-president,154874.php#xtor\n\n<strong>-&#8220;Regard sur l&#8217;actualit\u00e9&#8221; (Patrick Le Hyaric, directeur de &#8220;l&#8217;Humanit\u00e9&#8221;; vid\u00e9o) : <\/strong> https:\/\/www.youtube.com\/watch?v=PoX7RkXEumA\n\n<strong>-&#8220;France T\u00e9l\u00e9visions lance un appel au peuple&#8221; (Richard S\u00e9n\u00e9joux) : <\/strong> http:\/\/television.telerama.fr\/television\/quand-france-televisions-lance-un-appel-au-peuple,154846.php#xtor\n\n-&#8220;CNews&#8221;, mais c&#8217;est pas tr\u00e8s frais&#8221; (Samuel Gontier; vid\u00e9o) : http:\/\/television.telerama.fr\/television\/cnews-mais-c-est-pas-tres-frais,154862.php#xtor\n\n-A Strasbourg, Nantes et Bordeaux; les antennes locales de Fip menac\u00e9es (Camille Poirier) : http:\/\/www.telerama.fr\/radio\/fip-fait-flipper-ses-locales,154864.php#xtor\n\n-YouTube mise sur la t\u00e9l\u00e9 payante pour sortir la t\u00eate de l&#8217;eau (Michel Bezbakh) : http:\/\/www.telerama.fr\/medias\/youtube-mise-sur-la-television-payante-pour-sortir-la-tete-de-l-eau,154860.php#xtor\n\n-L&#8217;obstination de Fran\u00e7ois Fillon croqu\u00e9e dans 19 dessins de presse : http:\/\/www.francetvinfo.fr\/politique\/francois-fillon\/affaires-fillon\/en-images-l-obstination-de-francois-fillon-moquee-par-19-dessins-de-presse_2079109.html\n\n<strong>-&#8220;Le manifestant professionnel&#8221; (Jean Yanne et Daniel Pr\u00e9vost; vid\u00e9o de l&#8217;Ina) : <\/strong> https:\/\/www.ina.fr\/video\/I15180035\/jean-yanne-et-daniel-prevost-le-manifestant-professionnel-video.html\n\n<strong>-&#8220;Le permis de conduire&#8221; (Jean Yanne; vid\u00e9o, amener le curseur sur 15:04) :  <\/strong> http:\/\/www.france2.fr\/emission\/tous-en-nous-quelque-chose-de-jean-yanne\/diffusion-du-04-03-2017-20h55\n\n<strong>-&#8220;Guillon 2017&#8221; (vid\u00e9o)<\/strong> : http:\/\/replay.c8.fr\/video\/1438655\n<h2 class=\"wp-block-heading\">Documents joints<\/h2>\n\n\n\n<div class=\"wp-block-file\"><a href=\"https:\/\/wp.muchomaas.com\/wp-content\/uploads\/2017\/03\/un_policier_d_aulnay-sous-bois-cc8.pdf\">un_policier_d_aulnay-sous-bois.pdf<\/a><\/div>\n\n\n","protected":false},"excerpt":{"rendered":"<p>ACTUALITE -Un appel unitaire pour le 8 mars (document) : https:\/\/paris.demosphere.eu\/rv\/52774 -&#8220;Belle en travaillant&#8221; (dans son documentaire, Leslie Bedos retrace les luttes f\u00e9ministes dans le monde du travail; vid\u00e9o) : http:\/\/www.france5.fr\/emissions\/la-galerie-france5\/videos\/replay_-_belle_en_travaillant_05-03-2017_1502759 -&#8220;Les femmes de l&#8217;ombre&#8221; de Margot Lee Shetterly (Thomas Chauvineau; son) : https:\/\/www.franceinter.fr\/emissions\/la-chronique-de-thomas-chauvineau\/la-chronique-de-thomas-chauvineau-05-mars-2017 -&#8220;Je me suis engag\u00e9e \u00e0 ne pas participer \u00e0 des conf\u00e9rences [&hellip;]<\/p>\n","protected":false},"author":1042,"featured_media":0,"comment_status":"open","ping_status":"open","sticky":false,"template":"","format":"standard","meta":{"_themeisle_gutenberg_block_has_review":false,"footnotes":""},"categories":[151],"tags":[],"class_list":["post-10240","post","type-post","status-publish","format-standard","hentry","category-la-revue-de-presse-de-lulu"],"_links":{"self":[{"href":"https:\/\/archives.regards.fr\/index.php?rest_route=\/wp\/v2\/posts\/10240","targetHints":{"allow":["GET"]}}],"collection":[{"href":"https:\/\/archives.regards.fr\/index.php?rest_route=\/wp\/v2\/posts"}],"about":[{"href":"https:\/\/archives.regards.fr\/index.php?rest_route=\/wp\/v2\/types\/post"}],"author":[{"embeddable":true,"href":"https:\/\/archives.regards.fr\/index.php?rest_route=\/wp\/v2\/users\/1042"}],"replies":[{"embeddable":true,"href":"https:\/\/archives.regards.fr\/index.php?rest_route=%2Fwp%2Fv2%2Fcomments&post=10240"}],"version-history":[{"count":0,"href":"https:\/\/archives.regards.fr\/index.php?rest_route=\/wp\/v2\/posts\/10240\/revisions"}],"wp:attachment":[{"href":"https:\/\/archives.regards.fr\/index.php?rest_route=%2Fwp%2Fv2%2Fmedia&parent=10240"}],"wp:term":[{"taxonomy":"category","embeddable":true,"href":"https:\/\/archives.regards.fr\/index.php?rest_route=%2Fwp%2Fv2%2Fcategories&post=10240"},{"taxonomy":"post_tag","embeddable":true,"href":"https:\/\/archives.regards.fr\/index.php?rest_route=%2Fwp%2Fv2%2Ftags&post=10240"}],"curies":[{"name":"wp","href":"https:\/\/api.w.org\/{rel}","templated":true}]}}