{"id":10238,"date":"2017-03-04T07:30:12","date_gmt":"2017-03-04T06:30:12","guid":{"rendered":"https:\/\/wp.muchomaas.com\/article-la-revue-du-4-mars-2017\/"},"modified":"2023-06-23T23:24:15","modified_gmt":"2023-06-23T21:24:15","slug":"article-la-revue-du-4-mars-2017","status":"publish","type":"post","link":"https:\/\/archives.regards.fr\/?p=10238","title":{"rendered":"La Revue du 4 mars 2017"},"content":{"rendered":"<strong>ACTUALITE<\/strong>\n\n<strong>-&#8220;Ces accords offensifs (de la loi Travail) offrent une souplesse in\u00e9gal\u00e9e. Je les pr\u00e9conise \u00e0 mes clients employeurs&#8221; (Isabelle Pontal, avocate; propos recueillis par Marianne Rey) <\/strong> : http:\/\/lentreprise.lexpress.fr\/rh-management\/droit-travail\/competitivite-les-accords-menacants-de-la-loi-travail-arrivent_1885197.html?PMSRC_CAMPAIGN\n\n-&#8220;A400M, l&#8217;avertissement de Jean-Yves Le Drian \u00e0 Airbus&#8221; (Anne Bauer) : https:\/\/www.lesechos.fr\/industrie-services\/air-defense\/0211846451493-a400m-lavertissement-de-jean-yves-le-drian-a-airbus-2069245.php#xtor\n\n-&#8220;La France met sous surveillance son patron Tom Enders&#8221; (Michel Cabirol) : http:\/\/www.latribune.fr\/entreprises-finance\/industrie\/aeronautique-defense\/la-france-met-sous-surveillance-le-patron-d-airbus-tom-enders-651900.html#xtor\n\n-La r\u00e9mun\u00e9ration du patron de KLM fait des vagues au conseil d&#8217;Air France-KLM (Fabrice Gliszczynski) : http:\/\/www.latribune.fr\/entreprises-finance\/services\/transport-logistique\/la-remuneration-du-patron-de-klm-fait-des-vagues-au-conseil-d-air-france-klm-650836.html#xtor\n\n-Un site de financement participatif pour les agriculteurs (Baptiste Gaborit; son du 3 mars) : https:\/\/www.radioclassique.fr\/radio\/emissions\/matinale-de-radio-classique\/3-minutes-planete\/\n\n<strong>-L&#8217;\u00e9preuve de l&#8217;un d&#8217;entre eux pouss\u00e9 \u00e0 la faillite (vid\u00e9o) : <\/strong> http:\/\/www.francetvinfo.fr\/economie\/emploi\/metiers\/agriculture\/crise-des-eleveurs\/l-epreuve-d-un-agriculteur-pousse-a-la-faillite_2079061.html\n\n<em>-Leur moral (IPSOS) <\/em> : http:\/\/www.ipsos.fr\/decrypter-societe\/2017-03-03-moins-d-agriculteur-sur-dix-optimiste-pour-2017\n\n<strong>-Des d\u00e9serts pour les v\u00e9t\u00e9rinaires aussi (vid\u00e9o) : <\/strong> http:\/\/www.francetvinfo.fr\/economie\/emploi\/metiers\/agriculture\/veterinaires-la-campagne-ne-les-seduit-plus_2079651.html\n\n-Le droit au bien-manger (Franck Pinay-Rabaroust, fondateur du site Atabula; son) : http:\/\/www.sudradio.fr\/Podcasts\/L-invite-pour-comprendre\/Franck-Pinay-Rabaroust-fondateur-du-site-d-information-Atabula \n\n-Ce que les Fran\u00e7ais pensent de l&#8217;\u00e9cole (Jean-Paul Mongin, d\u00e9l\u00e9gu\u00e9 g\u00e9n\u00e9ral de &#8220;SOS Education&#8221;; son) :  http:\/\/www.sudradio.fr\/Podcasts\/L-invite-pour-comprendre\/Jean-Paul-Mongin-delegue-general-de-SOS-Education2\n\n<em>-Le sondage (IFOP) :<\/em> http:\/\/www.ifop.com\/?option=com_publication&#038;type=poll&#038;id=3672\n\n-Les dentistes manifestent \u00e0 Paris &#8220;contre la destruction de la fili\u00e8re&#8221; (Antoine Terrel) : http:\/\/www.lexpress.fr\/actualite\/societe\/sante\/les-dentistes-manifestent-a-paris-contre-la-destruction-de-la-filiere_1885230.html?PMSRC_CAMPAIGN\n\n-En blouses blanches dans les rues (vid\u00e9o) : http:\/\/www.francetvinfo.fr\/sante\/professions-medicales\/sante-manifestation-des-dentistes-a-paris_2079705.html\n\n-Le t\u00e9l\u00e9ph\u00e9rique de Brest, le premier en France a \u00eatre int\u00e9gr\u00e9 dans le r\u00e9seau de transports en commun d&#8217;une ville (Luc Le Chatelier) : http:\/\/www.telerama.fr\/scenes\/le-telepherique-de-brest-signe-sa-renaissance,154830.php#xtor\n\n-La protection des for\u00eats (Yolaine de la Bigne; son) : http:\/\/www.sudradio.fr\/Podcasts\/Quelle-epoque-ethique\/Exploitation-miniere-dans-les-forets-protegees\n\n-La disparition de Raymond Kopa (vid\u00e9o) : http:\/\/www.dailymotion.com\/video\/x5ds0of_sport-raymond-kopa-est-mort_news\n\n<strong>-&#8220;Le Napol\u00e9on du football&#8221; (vid\u00e9o) : <\/strong> https:\/\/www.youtube.com\/watch?v=CbXlsCoXQvc\n\n-&#8220;C&#8217;\u00e9tait un fr\u00e8re ain\u00e9&#8221; (Just Fontaine; vid\u00e9o) : http:\/\/www.rtl.fr\/actu\/societe-faits-divers\/raymond-kopa-c-etait-un-frere-aine-se-souvient-just-fontaine-7787511614\n\n-L&#8217;hommage silencieux des joueurs du Real Madrid (vid\u00e9o) : http:\/\/www.lci.fr\/sport\/video-disparition-de-raymond-kopa-l-hommage-silencieux-de-zinedine-zidane-cristiano-ronaldo-et-des-joueurs-du-real-madrid-2027986.html%3Ftype=content\n\n-Cinq choses \u00e0 retenir de lui (vid\u00e9o) : http:\/\/www.lexpress.fr\/actualite\/sport\/football\/raymond-kopa-figure-du-football-francais-est-mort_1885368.html\n\n-&#8220;La mort du football polack, blanc, beur&#8221; (Laurent Favre, du quotidien suisse &#8220;Le Temps&#8221;; vid\u00e9o) : https:\/\/www.letemps.ch\/sport\/2017\/03\/03\/raymond-kopa-mort-football-polack-blanc-beur?utm_source\n\n-&#8220;Le Zizou des ann\u00e9es 50&#8221; (vid\u00e9o de l&#8217;Ina) : http:\/\/www.ina.fr\/video\/R10124816\/raymond-kopa-a-propos-de-la-coupe-du-monde-1958-video.html\n\n<strong>-&#8220;Dans vos photos, on ne voit pas la fragilit\u00e9 terrestre&#8221; (lettre de Nicolas Delasalle \u00e0 Thomas Pesquet) <\/strong> : http:\/\/www.telerama.fr\/monde\/lettre-a-thomas-pesquet-dans-vos-photos-on-ne-voit-pas-la-fragilite-terrestre,154836.php#xtor\n\n<strong>-Le pr\u00e9fet Jean-Jacques Brot sillonne la France \u00e0 la recherche de structures d&#8217;accueil pour les r\u00e9fugi\u00e9s (Sylvain Mouillard) : <\/strong> http:\/\/www.liberation.fr\/france\/2017\/03\/02\/refugies-quand-les-conditions-sont-reunies-les-choses-se-deroulent-bien_1552865?xtor\n\n-Dans le m\u00e9tro parisien, avec la brigade charg\u00e9e de d\u00e9busquer &#8220;les frotteurs&#8221; (Feriel Alouti) : http:\/\/www.lemonde.fr\/m-moyen-format\/article\/2017\/03\/03\/dans-le-metro-parisien-avec-la-brigade-chargee-de-debusquer-les-frotteurs_5088917_4497271.html\n\n<strong>-A voir ici, en avant-premi\u00e8re jusqu&#8217;\u00e0 lundi, &#8220;Latifa, une femme dans la R\u00e9publique&#8221;, le documentaire sur le combat de la m\u00e8re de la premi\u00e8re victime de Mohamed Merah (vid\u00e9o) :<\/strong>  http:\/\/television.telerama.fr\/television\/a-voir-sur-telerama-fr-latifa-une-femme-dans-la-republique,154850.php#xtor\n\n<strong>POLITIQUE<\/strong>\n\n<strong>-&#8220;Je suis mieux plac\u00e9 que Jean-Luc M\u00e9lenchon pour parler \u00e0 toute la gauche&#8221; (Beno\u00eet Hamon \u00e9tait l&#8217;invit\u00e9 de l&#8217;\u00e9mission sp\u00e9ciale de BFM TV, anim\u00e9e par Jean-Jacques Bourdin. Il a r\u00e9pondu aux questions des auditeurs; vid\u00e9o) : <\/strong> http:\/\/www.bfmtv.com\/mediaplayer\/video\/benoit-hamon-face-a-jean-jacques-bourdin-en-direct-920141.html\n\n<em>-La r\u00e9ponse de Fran\u00e7ois Hollande aux plus de 160 \u00e9lus qui lui demandaient de reconna\u00eetre la Palestine avant la fin de son mandat (document; pi\u00e8ce jointe);<\/em>\n\n-&#8220;Il a dit n&#8217;importe quoi sur la manifestation de Fran\u00e7ois Fillon. Hamon-Fillon, deux logiques de d\u00e9faite. Le match est ailleurs&#8221; (Christophe Barbier; vid\u00e9o): http:\/\/www.bfmtv.com\/mediaplayer\/video\/l-edito-de-christophe-barbier-affaire-fillon-francois-hollande-ne-veut-pas-de-manifestation-anti-justice-920081.html\n\n-&#8220;La France devrait passer en dessous de 3% de d\u00e9ficit public en 2017&#8221; (le commissaire europ\u00e9en Pierre Moscovici; vid\u00e9o) : http:\/\/www.lcp.fr\/la-politique-en-video\/moscovici-la-france-devrait-passer-en-dessous-de-3-de-deficit-public-en-2017\n\n-Il \u00e9tait l&#8217;invit\u00e9 de &#8220;Parlement Hebdo&#8221; (vid\u00e9o) :  http:\/\/www.lcp.fr\/emissions\/parlement-hebdo\/280388-parlement-hebdo\n\n-&#8220;Je suis terrifi\u00e9e par le cynisme de Fran\u00e7ois Fillon et de Marine Le Pen qui mettent le feu aux institutions de la R\u00e9publique. Ce qui se passe est extr\u00eamement dangereux. Maintenant qu&#8217;on a le programme (de Macron) je suis confort\u00e9e dans mon choix initial. Ni droite ni gauche, \u00e7a ne donne pas une colonne vert\u00e9brale. Quand on soutient un candidat, on ne soutient jamais 100 % de ses propositions. Beno\u00eet Hamon aura r\u00e9ussi \u00e0 attirer vers lui des \u00e9lecteurs de M\u00e9lenchon, c&#8217;est \u00e7a qui compte&#8221; (Najat Vallaud-Belkacem; interrog\u00e9e par Audrey Crespo-Mara; vid\u00e9o) :  http:\/\/www.lci.fr\/replay\/replay-l-invite-politique-du-3-mars-2017-najat-vallaud-belkacem-2027940.html%3Ftype=content\n\n-&#8220;On en a marre d&#8217;avoir toujours les m\u00eames politiques. On voulait participer \u00e0 la primaire socialiste. Il ont eu peur  de nous voir acqu\u00e9rir de la notori\u00e9t\u00e9 et qu&#8217;on les g\u00e8ne aux \u00e9lections l\u00e9gislatives&#8221; (Pierre Larrouturou, candidat de &#8220;Nouvelle donne&#8221; \u00e0 l&#8217;\u00e9lection pr\u00e9sidentielle; face \u00e0 Jeff Wittenberg; vid\u00e9o) : http:\/\/www.france2.fr\/emissions\/telematin\/actu\/les-4-verites-pierre-larrouturou_556965\n\n-&#8220;Fillon n&#8217;aide pas \u00e0 pacifier le d\u00e9bat&#8221; (Emmanuel Macron, interrog\u00e9 par Elizabeth Martichoux; vid\u00e9o) :  http:\/\/www.rtl.fr\/actu\/politique\/emmanuel-macron-sur-rtl-brigitte-aura-un-role-elle-ne-sera-pas-cachee-7787505173\n\n-&#8220;Votre programme ignore le patriotisme \u00e9conomique&#8221; (Face \u00e0 Fran\u00e7ois Lenglet;  vid\u00e9o) : http:\/\/www.rtl.fr\/actu\/politique\/le-programme-de-macron-ignore-la-question-du-patriotisme-economique-7787503738\n\n-Face \u00e0 Alba Ventura (vid\u00e9o) : http:\/\/www.rtl.fr\/actu\/politique\/emmanuel-macron-c-est-monsieur-et-en-meme-temps-analyse-alba-ventura-7787503729\n\n-&#8220;L&#8217;affaire Fillon souille tous les \u00e9lus de France&#8221; (Richard Ferrand, d\u00e9put\u00e9 PS du Finist\u00e8re, secr\u00e9taire g\u00e9n\u00e9ral de &#8220;En Marche&#8221;, r\u00e9pondait aux questions de Patrick Cohen; vid\u00e9o): https:\/\/www.franceinter.fr\/emissions\/l-invite-de-8h20\/l-invite-de-8h20-03-mars-2017\n\n-Il a r\u00e9pondu aux questions des auditeurs de France Inter (son) : https:\/\/www.franceinter.fr\/emissions\/interactiv\/interactiv-03-mars-2017\n\n-&#8220;On n&#8217;est pas des Hollande-bis. Je ne sais pas avec quel projet Alain Jupp\u00e9 se pr\u00e9senterait. Celui de la primaire n&#8217;a fait qu&#8217;un million de voix&#8221; (Benjamin Griveaux, porte-parole d&#8217;Emmanuel Macron; interrog\u00e9 par Guillaume Durand; vid\u00e9o) : https:\/\/www.dailymotion.com\/video\/x5drahn_il-y-aura-des-garanties-concernant-les-pensions-de-retraite-benjamin-griveaux-03-03-2017_news\n\n-&#8220;La gauche, la droite, les deux camps lui tapent dessus&#8221; (Christophe Castaner, d\u00e9put\u00e9 PS des Alpes-de-Haute-Provence; porte-parole d&#8217;Emmanuel Macron; interrog\u00e9 par Brigitte Boucher; vid\u00e9o, amener le curseur sur 17:47) : http:\/\/www.lcp.fr\/emissions\/politique-matin\/282402-politique-matin\n\n-&#8220;Macron, un programme d&#8217;\u00e9quilibriste&#8221; (la r\u00e9daction de &#8220;Lib\u00e9ration&#8221;) : http:\/\/www.liberation.fr\/elections-presidentielle-legislatives-2017\/2017\/03\/02\/macron-un-programme-d-equilibriste_1552915?xtor\n\n<strong>-&#8220;C&#8217;est Tony Blair avec 20 ans de retard&#8221; (l&#8217;\u00e9conomiste Fr\u00e9d\u00e9ric Farah; propos recueillis par Lola Ruscio)<\/strong> : http:\/\/www.humanite.fr\/macron-cest-tony-blair-avec-20-ans-de-retard-632874\n\n<strong>-&#8220;Cela faisait un mois et demi qu&#8217;on r\u00e9clamait son programme \u00e0 Emmanuel Macron. Il sort alors   que Fran\u00e7ois Fillon ne peut plus parler que de lui et Hamon, de contingences internes au PS. Son programme est de droite et de gauche. Il est l&#8217;exact inverse ou presque de celui de Marine Le Pen sur tous les sujets. Ce qui lui permet d&#8217;embl\u00e9e d&#8217;\u00eatre son adversaire privil\u00e9gi\u00e9 &#8221; (Guillaume Tabard du &#8220;Figaro&#8221;; son du 3 mars) : <\/strong> https:\/\/www.radioclassique.fr\/radio\/emissions\/matinale-de-radio-classique\/22630-2\/\n\n<strong>-&#8220;Fran\u00e7ois Fillon ne peut plus \u00eatre candidat. Je suis l\u00e0 comme gaulliste et comme citoyen. J&#8217;ai de la compassion mais il n&#8217;est le combattant que de lui-m\u00eame. Nous sommes la ris\u00e9e de l&#8217;Europe et du monde entier&#8221; (Dominique de Villepin; interrog\u00e9 par Fabien Namias; vid\u00e9o) : <\/strong> http:\/\/www.europe1.fr\/emissions\/linterview-politique-de-8h20\/dominique-de-villepin-francois-fillon-ne-peut-plus-etre-candidat-2992988\n\n<strong>-&#8220;Fran\u00e7ois Fillon doit prendre conscience que les Fran\u00e7ais ne l&#8217;\u00e9coutent plus&#8221; (G\u00e9rald Darmanin, d\u00e9put\u00e9 LR du Nord; propos recueillis dans &#8220;La Voix du Nord&#8221; par Laurent Decotte) <\/strong> : http:\/\/www.lavoixdunord.fr\/126353\/article\/2017-03-02\/gerald-darmanin-francois-fillon-doit-prendre-conscience-que-les-francais-ne-l\n\n-&#8220;Ce n&#8217;est pas le scandale du si\u00e8cle&#8221; (Ren\u00e9 Dosi\u00e8re, d\u00e9put\u00e9 PS de l&#8217;Aisne; vid\u00e9o) : http:\/\/www.europe1.fr\/politique\/rene-dosiere-ps-surpris-par-lampleur-qua-pris-laffaire-fillon-2992610\n\n-Il \u00e9tait l&#8217;invit\u00e9 du &#8220;Club de la presse&#8221; d&#8217;Europe 1 (son) : http:\/\/www.europe1.fr\/emissions\/le-club-de-la-presse\/europe-soir-le-club-de-la-presse-rene-dosiere-et-brice-teinturier-02032017-2992706\n\n-Un appel d&#8217;\u00e9lus de la droite et du centre lui demande de se retirer : http:\/\/www.lopinion.fr\/edition\/politique\/nous-elus-droite-centre-demandons-solennellement-a-francois-fillon-se-121400\n\n-Thierry Sol\u00e8re, porte-parole de Fran\u00e7ois Fillon, quitte \u00e0 son tour le navire (Arthur Berdah) : http:\/\/www.lefigaro.fr\/elections\/presidentielles\/2017\/03\/03\/35003-20170303ARTFIG00122-thierry-solere-porte-parole-de-francois-fillon-demissionne-a-son-tour.php\n\n-Il \u00e9tait l&#8217;invit\u00e9 du &#8220;20 heures&#8221; de France 2, interrog\u00e9 par Laurent Delahousse (vid\u00e9o) : http:\/\/www.francetvinfo.fr\/politique\/francois-fillon\/affaires-fillon\/thierry-solere-les-raisons-de-sa-defection_2079627.html\n\n-La position de Nicolas Sarkozy (Maryse Burgot; vid\u00e9o) : http:\/\/www.francetvinfo.fr\/politique\/les-republicains\/retrait-de-francois-fillon-la-position-de-nicolas-sarkozy_2079653.html\n\n-&#8220;La droite compl\u00e8tement d\u00e9chir\u00e9e&#8221; (vid\u00e9o) : http:\/\/www.lci.fr\/elections\/candidature-de-fillon-la-droite-completement-dechiree-2027984.html%3Ftype=content\n\n-&#8220;Entre obstination et d\u00e9fections&#8221; (vid\u00e9o) : http:\/\/www.francetvinfo.fr\/elections\/video-la-campagne-de-francois-fillon-entre-obstination-et-defections-vue-par-vu_2079561.html\n\n-&#8220;Je me sens bris\u00e9e&#8221; (L&#8217;eurod\u00e9put\u00e9e LR Nadine Morano, qui souhaite que Fran\u00e7ois Fillon se retire et que sa famille politique se tourne vers Fran\u00e7ois Baroin. Elle \u00e9tait l&#8217;invit\u00e9e de la matinale de Franceinfo; sons et vid\u00e9os)  : http:\/\/www.francetvinfo.fr\/replay-radio\/8h30-aphatie\/si-francois-fillon-renonce-francois-baroin-aurait-la-capacite-de-rassembler-pour-nadine-morano_2064507.html\n\n-&#8220;Militant LR, j&#8217;ai aval\u00e9 trop de couleuvres. Les \u00e9lus doivent quitter le navire&#8221; (Kevin Duvivier) : http:\/\/leplus.nouvelobs.com\/contribution\/1659255-fillon-militant-lr-j-ai-avale-trop-de-couleuvres-les-elus-doivent-quitter-le-navire.html\n\n-&#8220;Nous somme en train de d\u00e9cliner. Cette campagne d\u00e9visse. Marine Le Pen peut l&#8217;emporter. Et pourquoi cette manifestation ? il faut un sursaut. J&#8217;ai parrain\u00e9 hier Alain Jupp\u00e9&#8221; (Pierre-Yves Bounazel, conseiller LR de Paris; interrog\u00e9 par Dimitri Pavlenko; son) : http:\/\/www.sudradio.fr\/Podcasts\/L-invite-pour-comprendre\/Pierre-Yves-Bournazel-Conseiller-LR-de-Paris\n\n<strong>-&#8220;Je le connais depuis plus d&#8217;une trentaine d&#8217;ann\u00e9es. C&#8217;est quelqu&#8217;un de tr\u00e8s introverti, tr\u00e8s orgueilleux, convaincu qu&#8217;il n&#8217;a rien fait de mal. Il est impensable d&#8217;avoir un candidat \u00e0 l&#8217;\u00e9lection pr\u00e9sidentielle mis en examen. Les deux cocus des primaires, ce sont les deux grands partis de gouvernement qui ont implos\u00e9&#8221; (Pierre Lellouche, d\u00e9put\u00e9 LR de Paris, qui envisage un report de l&#8217;\u00e9lection; interrog\u00e9 par Yves Calvi; vid\u00e9o, amener le curseur sur 1:06:45) <\/strong> : http:\/\/www.lci.fr\/replay\/replay-24-heures-en-questions-du-3-mars-2017-2028016.html\n\n-&#8220;Fran\u00e7ois Fillon doit aller chercher les 3\/4 points qu&#8217;il faudra pour passer au second tour&#8221; (Pierre Danon, PDG de Numericable et soutien de Fran\u00e7ois Fillon; interrog\u00e9 par Nicolas Pierron; vid\u00e9o) : https:\/\/www.dailymotion.com\/video\/x5dr9t3_francois-fillon-doit-aller-chercher-les-3-4-points-qu-il-faudra-pour-passer-au-second-tour-pierre-d_news\n\n-&#8220;Le mieux plac\u00e9 pour gagner, c&#8217;est Fran\u00e7ois Fillon&#8221; (Bruno Retailleau, pr\u00e9sident du groupe LR au S\u00e9nat, coordinateur de la campagne; interrog\u00e9 par Vincent Sotto; son) :  http:\/\/www.europe1.fr\/emissions\/l-interview-verite\/bruno-retailleau-le-mieux-place-pour-gagner-cest-francois-fillon-2992928\n\n<strong>-&#8220;Le rassemblement de dimanche se pr\u00e9pare bien. Nous voulons d\u00e9border le Trocad\u00e9ro. L&#8217;\u00e9lectorat  ne veut pas qu&#8217;on lui vole sa victoire. Ce n&#8217;est pas contre les juges. Je ne suis pas du tout convaincu que ma base suivrait Alain Jupp\u00e9 &#8221; (Christophe Billan de &#8220;Sens commun&#8221; avec Fabienne Keller, s\u00e9natrice du Bas-Rhin, qui demande le retrait de Fran\u00e7ois Fillon et qui prend conscience, au cours de l&#8217;interview, de la place centrale qu&#8217;occupe &#8220;Sens commun&#8221; (la Manif pour tous) dans la direction de la campagne de Fran\u00e7ois Fillon ; interrog\u00e9s par Jean-Pierre Elkabbach; vid\u00e9o. \u00c7a fait froid dans le dos !) :<\/strong> http:\/\/www.cnews.fr\/chroniques\/linvite-de-jean-pierre-elkabbach\/christophe-billan-et-fabienne-keller-invites-de-jean-pierre-elkabbach-173322\n\n-&#8220;Alain Jupp\u00e9 serait bien bon de faire don de son corps au pays parce que les circonstances font que rien n&#8217;est gagn\u00e9&#8221;  (Jean-Baptiste Lemoyne, s\u00e9nateur LR de l&#8217;Yonne; vid\u00e9o) : http:\/\/www.lcp.fr\/la-politique-en-video\/alain-juppe-serait-bien-bon-de-faire-don-de-son-corps-au-pays-juge-un-senateur\n\n-Il \u00e9tait l&#8217;invit\u00e9 de &#8220;Politique matin&#8221; sur LCP, interrog\u00e9 par Brigitte Boucher (vid\u00e9o, amener le curseur sur 28:07) :  http:\/\/www.lcp.fr\/emissions\/politique-matin\/282402-politique-matin\n\n-A Sabl\u00e9-sur-Sarthe, on continue de le soutenir (son) : http:\/\/www.sudradio.fr\/Podcasts\/Les-reportages-de-la-matinee\/La-campagne-vue-par-les-Francais-a-Sable-sur-Sarthe\n\n-&#8220;Dispersion g\u00e9n\u00e9rale autour de Fran\u00e7ois Fillon&#8221; (Alain Auffray) : http:\/\/www.liberation.fr\/france\/2017\/03\/02\/dispersion-generale-autour-de-francois-fillon_1552919?xtor\n\n-&#8220;Les jupp\u00e9istes jugent cette strat\u00e9gie perdante&#8221; (Thomas Legrand; son) :  https:\/\/www.franceinter.fr\/emissions\/l-edito-politique\/l-edito-politique-03-mars-2017\n\n-&#8220;Dans son discours d&#8217;hier, il ne parlait que de lui, apr\u00e8s la perquisition du matin. C&#8217;est la preuve qu&#8217;il ne peut pas faire campagne. Le passage \u00e0 Alain Jupp\u00e9 devrait se faire. Au soir de la primaire de la droite, on pensait tous que Fran\u00e7ois Fillon \u00e9tait \u00e9lu. Cette affaire de primaire fausse tout. C&#8217;est une machine infernale&#8221; (Maurice Szafran et Patrice Duhamel; vid\u00e9o) : https:\/\/www.dailymotion.com\/video\/x5drb8g_le-discours-d-hier-de-francois-fillon-ne-parlait-que-de-lui-maurice-szafran-03-03-2017_news\n\n<strong>-&#8220;L&#8217;assassinat politique&#8221;, la m\u00e9taphore de trop&#8221; (Big Browser) :<\/strong> http:\/\/www.lemonde.fr\/big-browser\/article\/2017\/03\/02\/l-assassinat-politique-la-metaphore-de-trop-de-francois-fillon_5088435_4832693.html#xtor\n\n-&#8220;Un Bonaparte d&#8217;op\u00e9rette&#8221; (Sylvain Courage) : http:\/\/tempsreel.nouvelobs.com\/politique\/20170302.OBS6036\/fillon-un-bonaparte-d-operette.html#xtor\n\n-&#8220;Que peut-il se passer dans sa t\u00eate ?&#8221; (Yves Thr\u00e9ard du &#8220;Figaro&#8221;; vid\u00e9o) :  http:\/\/www.europe1.fr\/emissions\/ledito-politique-dyves-threard\/que-peut-il-se-passer-dans-la-tete-de-francois-fillon-2992880\n\n-&#8220;La question du retrait de Fran\u00e7ois Fillon se pose clairement&#8221; (Alain Duhamel; vid\u00e9o) : http:\/\/www.rtl.fr\/actu\/politique\/la-question-du-retrait-de-fillon-pour-la-1ere-fois-est-sur-la-table-dit-alain-duhamel-7787516780\n\n-&#8220;Mon projet est le meilleur&#8221; (Nicolas Dupont-Aignan, interrog\u00e9 par Marc-Olivier Fogiel; vid\u00e9o) : http:\/\/www.rtl.fr\/actu\/politique\/presidentielle-2017-mon-projet-est-le-meilleur-atteste-dupont-aignan-7787516571\n\n-&#8220;Fran\u00e7ois Fillon s&#8217;est mis lui-m\u00eame dans cette situation. Emmanuel Macron est la voiture-balai du syst\u00e8me&#8221; (Florian Phillippot, vice-pr\u00e9sident du FN; invit\u00e9 de &#8220;Territoires d&#8217;infos&#8221;; vid\u00e9o, amener le curseur sur 33:29) : \n<iframe loading=\"lazy\" title=\"Florian Philippot - Territoires d&#039;infos (03\/03\/2017)\" frameborder=\"0\" width=\"500\" height=\"281\" src=\"https:\/\/geo.dailymotion.com\/player.html?video=x5dr6iz&#038;\" allowfullscreen allow=\"autoplay; fullscreen; picture-in-picture; web-share\"><\/iframe>\n\n-&#8220;Marine Le Pen plus Batman que Jeanne d&#8217;Arc ?&#8221; (le YouTuber Usul et le chercheur en sciences politiques Thibault Jeandemange; Maxence Sorel; vid\u00e9o) : http:\/\/www.telerama.fr\/monde\/marine-le-pen-plus-batman-que-jeanne-d-arc,154847.php#xtor\n\n-&#8220;Elle ne se rendra pas \u00e0 la convocation des juges&#8221; (Lylia Melkonian; vid\u00e9o) : http:\/\/www.francetvinfo.fr\/politique\/front-national\/affaire-des-assistants-fn-au-parlement-europeen\/marine-le-pen-elle-refuse-la-convocation-chez-les-juges_2079647.html\n\n-&#8220;Le Front national court apr\u00e8s la gauche&#8221; (Philippe Reltien; son) : https:\/\/www.franceinter.fr\/emissions\/l-enquete-de-secrets-d-info\/l-enquete-de-secrets-d-info-03-mars-2017\n\n<em>-Les parrainages par candidat sur le site du Conseil constitutionnel :<\/em> https:\/\/presidentielle2017.conseil-constitutionnel.fr\/les-parrainages\/parrainages-par-candidat\/\n\n<strong>-&#8220;Il y a une volont\u00e9 dans l&#8217;opinion de sortir du clivage gauche-droite comme syst\u00e8me politique, les gens restant \u00e0 droite ou \u00e0 gauche. Un tiers des \u00e9lecteurs peuvent changer d&#8217;avis. La primaire avait \u00e9t\u00e9 faite pour que les candidats ne se tirent pas dans les coins. Fran\u00e7ois Fillon ne se remettra pas en route sur le th\u00e8me du complot qui divise les \u00e9lecteurs de droite. La substitution par Alain Jupp\u00e9 est difficile&#8221; (Bernard Sanan\u00e8s, pr\u00e9sident de Elabe; son du 3 mars) : <\/strong> https:\/\/www.radioclassique.fr\/radio\/emissions\/matinale-de-radio-classique\/l-invite-du-matin\/\n\n-&#8220;On a beaucoup plus de Fran\u00e7ais qui soit manifestent du d\u00e9go\u00fbt ou de l&#8217;indiff\u00e9rence \u00e0 l&#8217;\u00e9gard de la politique. M\u00eame constat pour la d\u00e9mocratie. 4 millions d&#8217;\u00e9lecteurs \u00e0 la primaire, ce n&#8217;est qu&#8217;un \u00e9lecteur de droite sur quatre&#8221; (Brice Teinturier d&#8217;Ipsos, invit\u00e9 du &#8220;Club de la Presse&#8221; d&#8217;Europe 1 (son) : http:\/\/www.europe1.fr\/emissions\/le-club-de-la-presse\/europe-soir-le-club-de-la-presse-rene-dosiere-et-brice-teinturier-02032017-2992706\n\n<em>-Le barom\u00e8tre politique (SOFRES) :<\/em> http:\/\/fr.kantar.com\/opinion-publique\/politique\/2017\/barometre-politique-mars-2017-un-paysage-politique-monopolise-par-les-candidats-a-l-election-presidentielle\/\n\n<em>-Les Fran\u00e7ais et le maintien de la candidature de Fran\u00e7ois Fillon (ODOXA) : <\/em> http:\/\/www.odoxa.fr\/sondage\/7-francais-10-pensent-francois-fillon-a-tort-de-se-maintenir\/\n\n<em>-L&#8217;\u00e9ventualit\u00e9 d&#8217;une victoire de Marine Le Pen (IFOP): <\/em> http:\/\/www.ifop.com\/?option=com_publication&#038;type=poll&#038;id=3671\n\n<em>-Les intentions de vote avec Alain Jupp\u00e9 candidat (ODOXA) : <\/em> http:\/\/www.odoxa.fr\/sondage\/intention-de-vote-fillon-serait-elimine-juppe-serait-1er\/\n\n-Les intentions de vote \u00e0 l&#8217;\u00e9lection pr\u00e9sidentielle au 3 mars (OPINION-WAY) : https:\/\/www.opinion-way.com\/fr\/component\/edocman\/?task=document.viewdoc&#038;id=1551&#038;Itemid=0\n\n<em>-Le m\u00eame (IFOP) :<\/em> http:\/\/www.parismatch.com\/La-presidentielle-en-temps-reel\n\n<strong>EUROPE-MONDE<\/strong>\n\n-&#8220;Macron assume une Europe \u00e0 plusieurs vitesses&#8221; (Aline Robert) : http:\/\/www.euractiv.fr\/section\/elections\/news\/macron-assume-une-europe-a-plusieurs-vitesses\/?nl_ref=32511997\n\n-&#8220;La lev\u00e9e de l&#8217;indemnit\u00e9 parlementaire de Marine Le Pen n&#8217;a rien \u00e0 voir avec les emplois fictifs&#8221; (Hughes Beaudoin; son du 2 mars) : https:\/\/www.radioclassique.fr\/radio\/emissions\/le-19h20h\/24h-en-europe\/\n\n<strong>-Rapprochements entre le FN et l&#8217;AfD allemand (C\u00e9cile Barbi\u00e8re) : <\/strong> http:\/\/www.euractiv.fr\/section\/elections\/news\/lafd-et-le-front-national-convergent-en-amont-des-elections\/?nl_ref=32511997\n\n<strong>-&#8220;Malte et la Gr\u00e8ce insistent sur le volet social de l&#8217;Europe&#8221; (Sarantis Michalopoulos) :  <\/strong> http:\/\/www.euractiv.fr\/section\/politique\/news\/valetta-and-athens-insist-social-pillar-should-be-part-of-europes-future\/?nl_ref\n\n-&#8220;Il faut un socle europ\u00e9en des droits sociaux&#8221; (tribune collective de ministres de pays de l&#8217;Union europ\u00e9enne ) : http:\/\/www.euractiv.fr\/section\/politique\/news\/valetta-and-athens-insist-social-pillar-should-be-part-of-europes-future\/?nl_ref\n\n<strong>-A l&#8217;initiative de la ministre du D\u00e9veloppement des Pays-Bas, vers un mouvement mondial contre les attaques de Trump contre les droits sexuels (Manon Flausch) : <\/strong> http:\/\/www.euractiv.fr\/section\/aide-au-developpement\/news\/levee-de-boucliers-contre-les-politiques-de-trump-sur-les-droits-sexuels\/?nl_ref\n\n<strong>-&#8220;La r\u00e9glementation sur le cabotage routier fait resurgir  les tensions Est-Ouest&#8221; <\/strong> (Catherine Stupp) : http:\/\/www.euractiv.fr\/section\/economie\/news\/east-west-tensions-reignite-as-poland-fights-labour-rules-for-truckers\/?nl_ref\n\n-Pour un eurod\u00e9put\u00e9 polonais, &#8220;les femmes sont moins intelligentes&#8221; et devraient donc \u00eatre moins pay\u00e9es que les hommes ! (vid\u00e9o) : http:\/\/www.lexpress.fr\/actualite\/monde\/europe\/video-les-femmes-sont-moins-intelligentes-le-delire-sexiste-d-un-depute-europeen_1885247.html?PMSRC_CAMPAIGN\n\n-Le droit de porter une arme pourrait \u00eatre inscrit dans la constitution tch\u00e8que (Aneta Zachova) : http:\/\/www.euractiv.fr\/section\/soci-t\/news\/czech-minister-wants-to-guarantee-the-right-to-keep-and-bear-arms\/?nl_ref\n\n<strong>-La discrimination continue en Slovaquie pour les enfants roms (Janie Matthews) : <\/strong> http:\/\/www.euractiv.fr\/section\/justice-affaires-interieures\/news\/slovakia-continues-to-allow-discrimination-against-roma-children\/?nl_ref\n\n-Le moineau des villes sous pression en Europe (Marine Jobert) : http:\/\/www.euractiv.fr\/section\/plan-te\/news\/le-moineau-des-villes-sous-pression-en-europe\/?nl_ref\n\n-L&#8217;arm\u00e9e syrienne reprend le contr\u00f4le de Palmyre (vid\u00e9o) : http:\/\/www.francetvinfo.fr\/replay-jt\/france-2\/8-heures\/syrie-l-armee-reprend-le-controle-de-palmyre_2079099.html\n\n-&#8220;Le spectre de la Russie rattrape le ministre de la Justice de Trump&#8221; (Fr\u00e9d\u00e9ric Autran) : http:\/\/www.liberation.fr\/planete\/2017\/03\/02\/le-spectre-de-la-russie-rattrape-le-ministre-de-la-justice-de-trump_1552934?xtor\n\n-&#8220;Trump et l&#8217;ombre russe&#8221; (Bernard Guetta; son) : https:\/\/www.franceinter.fr\/emissions\/geopolitique\/geopolitique-03-mars-2017\n\n<strong>CULTURE-MEDIAS<\/strong>\n\n<strong>-Jusqu&#8217;au 1er avril, au Centre dramatique national des Amandiers \u00e0 Nanterre (92), &#8220;Notre Faust&#8221;, saison 2, dans une mise en sc\u00e8ne de Robert Cantarella (Anne Diatkine; pi\u00e8ce jointe);<\/strong>\n\n<strong>-Du 10 au 19 mars, Milo Rau y pr\u00e9sentera &#8220;Five Easy Pieces&#8221; (propos recueillis par Orianne Hidalgo-Laurier) :<\/strong> http:\/\/mouvement.net\/teteatete\/entretiens\/near-violence-experience\n\n<strong>-Jusqu&#8217;au 19 mars, &#8220;le Printemps des po\u00e8tes&#8221;. Abderrahmane Sissako, cin\u00e9aste mauritanien et Daniel Maximin, po\u00e8te guadeloup\u00e9en, \u00e9taient les invit\u00e9s de &#8220;La Grande Table&#8221; d&#8217;Olivia Gesbert sur France Culture (sons) :    <\/strong>                              https:\/\/www.franceculture.fr\/emissions\/la-grande-table-1ere-partie\/sissako-et-d-maximin-loralite-une-force-qui-ne-sefface-pas#xtor                                           https:\/\/www.franceculture.fr\/emissions\/la-grande-table-2eme-partie\/lart-peut-il-etre-un-rempart-contre-lintolerance\n\n<strong>-&#8220;L&#8217;acc\u00e9l\u00e9ration du monde nous rend immobiles&#8221; (J\u00e9r\u00f4me L\u00e8bre, professeur de philosophie; entretien r\u00e9alis\u00e9 par Anne-Sophie Novel) :<\/strong> http:\/\/www.lemonde.fr\/tant-de-temps\/article\/2017\/03\/03\/jerome-lebre-l-acceleration-du-monde-nous-rend-immobiles_5088644_4598196.html\n\n-Le philosophe Micha\u00ebl Foessel publie &#8220;La nuit : vivre sans t\u00e9moin&#8221;. il \u00e9tait l&#8217;invit\u00e9  d&#8217;Ali Baddou (vid\u00e9o) : http:\/\/www.dailymotion.com\/video\/x5dra4c_michael-foessel-repond-aux-questions-d-ali-baddou_news\n\n<strong>-&#8220;Malaise dans l&#8217;identit\u00e9&#8221;, son auteur, le d\u00e9mographe et historien Herv\u00e9 Le Bras \u00e9tait l&#8217;invit\u00e9 de Claire Servajean (son, amener le curseur sur 1:40) : <\/strong> https:\/\/www.franceinter.fr\/emissions\/une-semaine-en-france\/une-semaine-en-france-03-mars-2017\n\n-L&#8217;\u00e9crivain Metin Arditi \u00e9tait l&#8217;invit\u00e9 de &#8220;Passion classique&#8221; d&#8217;Olivier Bellamy (son du 2 mars) : https:\/\/www.radioclassique.fr\/radio\/emissions\/passion-classique\/\n\n-Le corps de l&#8217;acteur germano-irlandais Michael Fassbender (Caroline Besse; vid\u00e9o) : http:\/\/www.telerama.fr\/cinema\/michael-fassbender-son-corps-sa-bataille,154817.php#xtor\n\n<strong>-Encore quatre jours pour regarder ici &#8220;My sweet pepper land&#8221; de Hiner Saleem; dans les montagnes du jeune Kurdistan ind\u00e9pendant (vid\u00e9o) : <\/strong>  http:\/\/www.arte.tv\/guide\/fr\/058423-000-A\/my-sweet-pepper-land\n\n-&#8220;C&#8217;est important d&#8217;\u00eatre aim\u00e9 par celui qui vous regarde&#8221; (Muriel Robin, entretien r\u00e9alis\u00e9 par Fabienne Pascaud; vid\u00e9o) : http:\/\/www.telerama.fr\/scenes\/posez-vos-questions-a-muriel-robin-elle-y-repondra-en-direct-a-18h,154834.php#xtor\n\n<strong>-&#8220;Les actrices fran\u00e7aises refusent le clap de fin \u00e0 50 ans&#8221; (Sandra Franrenet) : <\/strong> http:\/\/www.lemonde.fr\/m-moyen-format\/article\/2017\/03\/03\/les-actrices-francaises-refusent-le-clap-de-fin-a-50-ans_5088887_4497271.html\n\n<strong>-&#8220;Chris Marker et Dan Geva avec Isra\u00ebl au coeur d&#8217;un dialogue cin\u00e9matographique&#8221; (Fran\u00e7ois Ekchajzer; vid\u00e9o) <\/strong> : http:\/\/television.telerama.fr\/television\/chris-marker-et-dan-geva-israel-au-coeur-d-un-dialogue-cinematographique,154514.php#xtor\n\n-&#8220;Ricardo Ribeiro, la nouvelle star du fado&#8221; (Anne Berthod; vid\u00e9o) : http:\/\/www.telerama.fr\/sortir\/ricardo-ribeiro-la-nouvelle-star-du-fado,154783.php#xtor\n\n-Retrouver le groupe &#8220;Red Guitars&#8221; avec Fran\u00e7ois Gorin (son) : http:\/\/www.telerama.fr\/musique\/red-guitars-un-trait-de-rouge-contre-l-oubli,154826.php#xtor\n\n<strong>-&#8220;Get In On&#8221;, le tube du groupe T. Rex (Rebecca Manzoni; vid\u00e9o) :<\/strong> https:\/\/www.franceinter.fr\/emissions\/tubes-co\/tubes-co-03-mars-2017\n\n<strong>-&#8220;L&#8217;Art du scandale sur Spicee. Le photographe Andress Serano (H\u00e9l\u00e8ne Rochette; vid\u00e9o, \u00e0 voir ici jusqu&#8217;au 10 mars) : <\/strong> http:\/\/television.telerama.fr\/television\/a-voir-sur-telerama-fr-piss-christ-jesus-christ-crie-au-blaspheme,154607.php#xtor\n\n-Jusqu&#8217;au 8 avril \u00e0 la galerie Anne-Barrault \u00e0 Paris, le dessinateur lorrain Jochen Gerner (Vincent Brunner; entr\u00e9e libre) :  http:\/\/www.telerama.fr\/sortir\/le-trait-obsessionnel-de-jochen-gerner,154782.php#xtor\n\n<strong>-Le photographe Olivier Jobard a suivi pendant cinq semaines une dizaine de &#8220;travailleurs pauvres&#8221; (dans &#8220;Envoy\u00e9 sp\u00e9cial&#8221;; vid\u00e9o) : <\/strong> http:\/\/www.francetvinfo.fr\/replay-magazine\/france-2\/envoye-special\/video-chambre-noire-olivier-jobard_2078659.html\n\n-&#8220;Beau s\u00e9jour&#8221;, la s\u00e9rie belge diffus\u00e9e par Arte, hant\u00e9e par les fant\u00f4mes de l&#8217;affaire Dutroux (H\u00e9l\u00e8ne Marzolf; vid\u00e9o) : http:\/\/www.telerama.fr\/series-tv\/beau-sejour-la-serie-hantee-par-les-fantomes-de-l-affaire-dutroux,154313.php#xtor\n\n<strong>-Pendant quatre jours, le premier \u00e9pisode \u00e0 voir ici (vid\u00e9o) : <\/strong> http:\/\/www.arte.tv\/guide\/fr\/065287-001-A\/beau-sejour-1-10\n\n<strong>-Et pendant cinq jours, le deuxi\u00e8me (vid\u00e9o) <\/strong> : http:\/\/www.arte.tv\/guide\/fr\/065287-002-A\/beau-sejour-2-10\n\n-Les propositions des candidats pour les m\u00e9dias (Marc Baudriller; son du 3 mars) : https:\/\/www.radioclassique.fr\/radio\/emissions\/matinale-de-radio-classique\/la-vie-des-medias\/\n\n-Ce qu&#8217;en a retenu Fr\u00e9d\u00e9ric M\u00e9t\u00e9zeau (son) : https:\/\/www.franceinter.fr\/emissions\/les-programmes-au-banc-d-essai\/les-programmes-au-banc-d-essai-03-mars-2017\n\n-&#8220;Neuf personnes poss\u00e8dent 80% des m\u00e9dias&#8221; (Alexis Corbi\u00e8re, porte parole de Jean-Luc M\u00e9lenchon) : http:\/\/portail.free.fr\/actualites\/france\/6888589_20170302_neuf-personnes-possedent-80-des-medias-critique-un-porte-parole-de-melenchon.html\n\n-Hier, c&#8217;\u00e9tait la derni\u00e8re du &#8220;Grand Journal&#8221; de Canal+ (vid\u00e9o) : http:\/\/www.lci.fr\/tele\/vu-de-twitter-les-internautes-font-leurs-adieux-pour-la-derniere-du-grand-journal-2028034.html\n\n<strong>-&#8220;La France a peur&#8221; (Guillaume Meurice; vid\u00e9o) : <\/strong> http:\/\/www.dailymotion.com\/video\/x5dqwit_la-france-a-peur-le-moment-meurice_fun\n\n<strong>&#8220;Les nouveaux mis\u00e9rables montent sur les barricades&#8221; (Charline Vanhoenacker; vid\u00e9o) :<\/strong> https:\/\/www.franceinter.fr\/emissions\/le-billet-de-charline-vanhoenacker\/le-billet-de-charline-vanhoenacker-03-mars-2017\n\n<strong>-&#8220;Lorsque je te p\u00e9n\u00e8tre&#8230;&#8221; (Fran\u00e7ois Morel; vid\u00e9o) : <\/strong> http:\/\/www.dailymotion.com\/video\/x5drcbe\n<h2 class=\"wp-block-heading\">Documents joints<\/h2>\n\n\n\n<div class=\"wp-block-file\"><a href=\"https:\/\/wp.muchomaas.com\/wp-content\/uploads\/2017\/03\/lettre_du_president_de_la_republique_-_28_fevrier_2017-288.pdf\">lettre_du_president_de_la_republique_-_28_fevrier_2017.pdf<\/a><\/div>\n\n\n\n<div class=\"wp-block-file\"><a href=\"https:\/\/wp.muchomaas.com\/wp-content\/uploads\/2017\/03\/notre_faust-17a.pdf\">notre_faust.pdf<\/a><\/div>\n\n\n","protected":false},"excerpt":{"rendered":"<p>ACTUALITE -&#8220;Ces accords offensifs (de la loi Travail) offrent une souplesse in\u00e9gal\u00e9e. Je les pr\u00e9conise \u00e0 mes clients employeurs&#8221; (Isabelle Pontal, avocate; propos recueillis par Marianne Rey) : http:\/\/lentreprise.lexpress.fr\/rh-management\/droit-travail\/competitivite-les-accords-menacants-de-la-loi-travail-arrivent_1885197.html?PMSRC_CAMPAIGN -&#8220;A400M, l&#8217;avertissement de Jean-Yves Le Drian \u00e0 Airbus&#8221; (Anne Bauer) : https:\/\/www.lesechos.fr\/industrie-services\/air-defense\/0211846451493-a400m-lavertissement-de-jean-yves-le-drian-a-airbus-2069245.php#xtor -&#8220;La France met sous surveillance son patron Tom Enders&#8221; (Michel Cabirol) : http:\/\/www.latribune.fr\/entreprises-finance\/industrie\/aeronautique-defense\/la-france-met-sous-surveillance-le-patron-d-airbus-tom-enders-651900.html#xtor -La [&hellip;]<\/p>\n","protected":false},"author":1042,"featured_media":0,"comment_status":"open","ping_status":"open","sticky":false,"template":"","format":"standard","meta":{"_themeisle_gutenberg_block_has_review":false,"footnotes":""},"categories":[151],"tags":[],"class_list":["post-10238","post","type-post","status-publish","format-standard","hentry","category-la-revue-de-presse-de-lulu"],"_links":{"self":[{"href":"https:\/\/archives.regards.fr\/index.php?rest_route=\/wp\/v2\/posts\/10238","targetHints":{"allow":["GET"]}}],"collection":[{"href":"https:\/\/archives.regards.fr\/index.php?rest_route=\/wp\/v2\/posts"}],"about":[{"href":"https:\/\/archives.regards.fr\/index.php?rest_route=\/wp\/v2\/types\/post"}],"author":[{"embeddable":true,"href":"https:\/\/archives.regards.fr\/index.php?rest_route=\/wp\/v2\/users\/1042"}],"replies":[{"embeddable":true,"href":"https:\/\/archives.regards.fr\/index.php?rest_route=%2Fwp%2Fv2%2Fcomments&post=10238"}],"version-history":[{"count":0,"href":"https:\/\/archives.regards.fr\/index.php?rest_route=\/wp\/v2\/posts\/10238\/revisions"}],"wp:attachment":[{"href":"https:\/\/archives.regards.fr\/index.php?rest_route=%2Fwp%2Fv2%2Fmedia&parent=10238"}],"wp:term":[{"taxonomy":"category","embeddable":true,"href":"https:\/\/archives.regards.fr\/index.php?rest_route=%2Fwp%2Fv2%2Fcategories&post=10238"},{"taxonomy":"post_tag","embeddable":true,"href":"https:\/\/archives.regards.fr\/index.php?rest_route=%2Fwp%2Fv2%2Ftags&post=10238"}],"curies":[{"name":"wp","href":"https:\/\/api.w.org\/{rel}","templated":true}]}}