{"id":10237,"date":"2017-03-03T10:38:44","date_gmt":"2017-03-03T09:38:44","guid":{"rendered":"https:\/\/wp.muchomaas.com\/article-l-abstention-il-va-falloir-que-je-pense-a-gouverner-un-de-ces-jours\/"},"modified":"2017-03-03T10:38:44","modified_gmt":"2017-03-03T09:38:44","slug":"article-l-abstention-il-va-falloir-que-je-pense-a-gouverner-un-de-ces-jours","status":"publish","type":"post","link":"https:\/\/archives.regards.fr\/?p=10237","title":{"rendered":"L&#8217;abstention : \u00ab\u00a0Il va falloir que je pense \u00e0 gouverner, un de ces jours \u00bb"},"content":{"rendered":"<p class=\"post_excerpt\">C&#8217;est la grande inconnue d&#8217;une pr\u00e9sidentielle dont elle devrait encore sortir gagnante\u2026 ou dont elle peut d\u00e9signer le vainqueur. Qui est-elle, quelle est son analyse de la situation politique ? Confidences exclusives.<\/p>\n<p>C&#8217;est dans son &#8220;QG de campagne&#8221; que nous avons rencontr\u00e9 l&#8217;abstention : un charmant cabanon au bord de la rivi\u00e8re. On la croit secr\u00e8te, mais elle a tout de suite r\u00e9pondu positivement \u00e0 notre demande d&#8217;entretien, et son accueil a \u00e9t\u00e9 avenant. Comme si l&#8217;\u00e9tonnant \u00e9tait plut\u00f4t qu&#8217;on ne pense jamais \u00e0 l&#8217;interroger malgr\u00e9 son omnipr\u00e9sence dans la vie politique. <\/p>\n<p style=\"text-align: center;\">* * *<\/p>\n<p><strong>Regards. On \u00e9voque souvent le &#8220;parti de l&#8217;abstention&#8221;, mais vous n&#8217;avez aucune organisation, aucun programme, aucune voix\u2026<\/strong><\/p>\n<p><strong>L&#8217;abstention.<\/strong> Il n&#8217;est pourtant pas difficile de m&#8217;entendre, si l&#8217;on tend l&#8217;oreille. Quant au reste, c&#8217;est bien \u00e9videmment ce qui fait ma force.<\/p>\n<p><strong>On dit m\u00eame que c&#8217;est vous le &#8220;premier parti de France&#8221;. <\/strong><\/p>\n<p>Je suis arriv\u00e9e en t\u00eate de toutes les \u00e9lections interm\u00e9diaires lors de ce quinquennat, j&#8217;ai obtenu la majorit\u00e9 absolue au premier tour des r\u00e9gionales pour la deuxi\u00e8me fois de suite. Sachant que je revendique aussi les cinq millions de non-inscrits et les bulletins blancs, il ne fait pas de doute que je suis le premier &#8220;parti&#8221; politique du pays. <\/p>\n<p><em> <\/p>\n<h2>\u00ab\u00a0Comme d&#8217;habitude, j&#8217;ai juste \u00e0 laisser les autres faire campagne pour moi. \u00bb<\/h2>\n<p> <\/em><\/p>\n<p><strong>&#8220;Parti&#8221; politique, ou apolitique ? <\/strong><\/p>\n<p>C&#8217;est tout le d\u00e9bat. Est-ce que les \u00e9lus et les organisations politiques font encore de la politique aujourd&#8217;hui, est-ce qu&#8217;ils la servent ? J&#8217;incarne peut-\u00eatre le vide politique, la fuite des \u00e9lecteurs, mais je ne m&#8217;en sens pas du tout responsable. Et \u00e0 voir le nombre croissant d&#8217;<a href=\"http:\/\/www.slate.fr\/story\/138128\/abstention-2017-boycott-presidentielle\">appels au boycott<\/a> de la pr\u00e9sidentielle, je me trouve de plus en plus politis\u00e9e\u2026<\/p>\n<p><strong>Vous avez battu vos records lors les l\u00e9gislatives 2012 (42,78% au premier tour, 44,59% au second), mais depuis le 28,4% de 2002, vous souffrez plus \u00e0 la pr\u00e9sidentielle\u2026<\/strong><\/p>\n<p>Je suis sur une bonne dynamique. Apr\u00e8s \u00eatre repass\u00e9e au-dessus des 20% au premier tour de 2012, j&#8217;ai encore battu des records aux municipales de 2014, j&#8217;ai cartonn\u00e9 aux r\u00e9gionales et aux d\u00e9partementales de 2015\u2026 Cette ann\u00e9e, tout le monde y met du sien pour me porter \u00e0 des sommets. Il va falloir que je pense \u00e0 gouverner, un de ces jours <em>(rires)<\/em>.<\/p>\n<p><strong>L&#8217;offre politique des candidatures semble pourtant assez large, et assez diverse\u2026\u00a0Comment expliquez-vous qu&#8217;elle ne s\u00e9duise pas ?<\/strong><\/p>\n<p>Regardez le tableau\u2026 Le candidat du PS n&#8217;est pas soutenu par le PS. Fran\u00e7ois Fillon, comme si son programme inepte ne suffisait pas, veut faire passer son suicide politique pour un assassinat. M\u00e9lenchon pr\u00eache ses convaincus et ulc\u00e8re les autres : la gauche radicale consacre toujours ses maigres forces \u00e0 ses guerres intestines. Comme d&#8217;habitude, j&#8217;ai juste \u00e0 laisser les autres faire campagne pour moi. Hormis le FN, Emmanuel Macron est le seul susceptible de me tailler des croupi\u00e8res, avec sa strat\u00e9gie attrape-tout.<\/p>\n<p><em> <\/p>\n<h2>\u00ab\u00a0On me reproche de faire le jeu de Marine Le Pen, mais qui ne le fait pas, aujourd&#8217;hui ?\u00a0\u00bb<\/h2>\n<p> <\/em><\/p>\n<p><strong>Macron vous inqui\u00e8te ?<\/strong><\/p>\n<p>Un peu, je l&#8217;admets. Il est tellement creux, avec ce discours d&#8217;\u00e9tudiant en \u00e9cole de commerce exalt\u00e9, qu&#8217;au d\u00e9part je n&#8217;ai pas vu le danger. Pourtant, chez moi on entend souvent \u00ab\u00a0\u00c9lections, pi\u00e8ge \u00e0 cons\u00a0!\u00a0\u00bb, cela aurait d\u00fb me mettre la puce \u00e0 l&#8217;oreille. Il ne faut pas s&#8217;\u00e9tonner que la politique-marketing favorise le produit le mieux emball\u00e9. L&#8217;avantage de parler comme une publicit\u00e9, c&#8217;est qu&#8217;on touche un vaste public. Et Macron, c&#8217;est une bonne marque. Moi, ma nature, c&#8217;est plut\u00f4t &#8220;No logo&#8221;. Il s\u00e9duit les ind\u00e9cis, mais j&#8217;ai bon espoir de les r\u00e9cup\u00e9rer \u00e0 l&#8217;arriv\u00e9e. <\/p>\n<p><strong>Vous n&#8217;\u00eates pas un peu de droite, quand m\u00eame ?<\/strong><\/p>\n<p>Par complicit\u00e9 passive ? Peut-\u00eatre\u2026 Mais si ceux qui votent votent \u00e0 droite, ce n&#8217;est pas mon probl\u00e8me. C&#8217;est celui de la gauche, en fait. Or qu&#8217;est-ce qu&#8217;elle propose comme projet de soci\u00e9t\u00e9, \u00e0 part d&#8217;\u00e9viter le pire ? Un bulletin pour le PS au premier tour, un autre contre Le Pen au second, ce n&#8217;est pas tr\u00e8s exaltant pour un \u00e9lectorat qui veut changer le monde. Le vote utile, \u00e7a donne une id\u00e9e de l&#8217;utilit\u00e9 des \u00e9lecteurs. <\/p>\n<p><strong>La droite ne vous convainc pas plus ?<\/strong><\/p>\n<p>Elle est compl\u00e8tement largu\u00e9e, en panique, de retour au XIXe si\u00e8cle en passant par les ann\u00e9es trente ! Alors que le FN, c&#8217;est du fascisme moderne, le pur produit de son \u00e9poque. Le paradoxe, c&#8217;est qu&#8217;il est mon principal concurrent, alors qu&#8217;on dit que je suis son meilleur alli\u00e9. On me reproche de faire le jeu de Marine Le Pen, mais qui ne le fait pas, aujourd&#8217;hui ? <\/p>\n<p><em> <\/p>\n<h2>\u00ab\u00a0Certains de mes partisans disent &#8220;Plus rien \u00e0 foutre&#8221;, d&#8217;autres &#8220;Tout est possible&#8221;. \u00bb<\/h2>\n<p> <\/em><\/p>\n<p><strong>Vous arrivez \u00e0 vivre avec cette id\u00e9e d&#8217;\u00eatre complice de l&#8217;extr\u00eame droite ? C&#8217;est de la non-assistance \u00e0 d\u00e9mocratie en danger\u2026<\/strong><\/p>\n<p>Remballez votre discours culpabilisateur : si je prosp\u00e8re, c&#8217;est aussi parce qu&#8217;il ne marche plus. Maintenant, ce sont les votants qui culpabilisent. Il faut les comprendre, avec tous les d\u00e9linquants qui se pr\u00e9sentent, avec toutes les trahisons qu&#8217;on leur promet\u2026 De toute fa\u00e7on, il est <a href=\"https:\/\/reporterre.net\/Non-l-abstention-ne-favorise-pas-le-Front-national\">faux de dire que je profite<\/a> au Front national. Encore une fois, je ne suis pas la cause de la crise d\u00e9mocratique, j&#8217;en suis le sympt\u00f4me. Et que propose-t-on \u00e0 un pays en manque de d\u00e9mocratie ? Une &#8220;dose de proportionnelle&#8221;\u00a0! En outre, \u00e9lire un monarque r\u00e9publicain, je ne suis pas s\u00fbre que ce soit si d\u00e9mocratique que \u00e7a\u2026 Surtout quand le &#8220;tripartisme&#8221; ne laisse le choix qu&#8217;entre les l\u00e2ches, les salauds et les fachos. <\/p>\n<p><strong>C&#8217;est un discours d&#8217;extr\u00eame gauche, \u00e7a ! <\/strong><\/p>\n<p>C&#8217;est parce que je suis jeune <em>(rires)<\/em>. Mon c\u00f4t\u00e9 anar\u2026 Je suis peut-\u00eatre une force politique qui s&#8217;ignore. N&#8217;oubliez pas que bien des r\u00e9volutions ont \u00e9t\u00e9 lanc\u00e9es par ceux qui ne votaient pas. Certes, ce fut souvent parce qu&#8217;ils n&#8217;avaient pas le droit de voter. <\/p>\n<p><strong>Justement, des gens sont morts pour que nous ayons ce droit\u2026<\/strong><\/p>\n<p>Je l&#8217;attendais, celle-l\u00e0 <em>(soupir)<\/em>. Ceux qui sont morts pour le droit de vote avaient en t\u00eate d&#8217;obtenir plus qu&#8217;une carte d&#8217;\u00e9lecteur. Et ils ne pensaient certainement pas mourir pour qu&#8217;aujourd&#8217;hui Christophe Barbier et Ruth Elkrief se p\u00e2ment devant le \u00ab\u00a0courage\u00a0\u00bb de Fran\u00e7ois Fillon. Les \u00e9lections garantissent que rien ne change, sinon en pire. Beaucoup de mes partisans pensent que la r\u00e9volution ne viendra pas par les urnes, ni par les armes, mais par le bas. Certains disent \u00ab\u00a0Plus rien \u00e0 foutre\u00a0\u00bb, d&#8217;autres \u00ab\u00a0Tout est possible\u00a0\u00bb et pour ceux-ci, <a href=\"https:\/\/lundi.am\/IL-N-Y-AURA-PAS-D-ELECTION-PRESIDENTIELLE\">il n&#8217;y aura pas d&#8217;\u00e9lection pr\u00e9sidentielle<\/a>. En attendant ce non-\u00e9v\u00e9nement, je dois vous laisser\u00a0: j&#8217;ai des week-ends de printemps \u00e0 organiser.<\/p>\n<p><a href=\"https:\/\/twitter.com\/jeromelatta\">@jeromelatta<\/a><\/p>\n","protected":false},"excerpt":{"rendered":"<p>C&#8217;est la grande inconnue d&#8217;une pr\u00e9sidentielle dont elle devrait encore sortir gagnante\u2026 ou dont elle peut d\u00e9signer le vainqueur. Qui est-elle, quelle est son analyse de la situation politique ? Confidences exclusives.<\/p>\n","protected":false},"author":1188,"featured_media":0,"comment_status":"open","ping_status":"open","sticky":false,"template":"","format":"standard","meta":{"_themeisle_gutenberg_block_has_review":false,"footnotes":""},"categories":[157],"tags":[497],"class_list":["post-10237","post","type-post","status-publish","format-standard","hentry","category-web","tag-presidentielle-2017"],"_links":{"self":[{"href":"https:\/\/archives.regards.fr\/index.php?rest_route=\/wp\/v2\/posts\/10237","targetHints":{"allow":["GET"]}}],"collection":[{"href":"https:\/\/archives.regards.fr\/index.php?rest_route=\/wp\/v2\/posts"}],"about":[{"href":"https:\/\/archives.regards.fr\/index.php?rest_route=\/wp\/v2\/types\/post"}],"author":[{"embeddable":true,"href":"https:\/\/archives.regards.fr\/index.php?rest_route=\/wp\/v2\/users\/1188"}],"replies":[{"embeddable":true,"href":"https:\/\/archives.regards.fr\/index.php?rest_route=%2Fwp%2Fv2%2Fcomments&post=10237"}],"version-history":[{"count":0,"href":"https:\/\/archives.regards.fr\/index.php?rest_route=\/wp\/v2\/posts\/10237\/revisions"}],"wp:attachment":[{"href":"https:\/\/archives.regards.fr\/index.php?rest_route=%2Fwp%2Fv2%2Fmedia&parent=10237"}],"wp:term":[{"taxonomy":"category","embeddable":true,"href":"https:\/\/archives.regards.fr\/index.php?rest_route=%2Fwp%2Fv2%2Fcategories&post=10237"},{"taxonomy":"post_tag","embeddable":true,"href":"https:\/\/archives.regards.fr\/index.php?rest_route=%2Fwp%2Fv2%2Ftags&post=10237"}],"curies":[{"name":"wp","href":"https:\/\/api.w.org\/{rel}","templated":true}]}}