{"id":10235,"date":"2017-03-03T07:03:59","date_gmt":"2017-03-03T06:03:59","guid":{"rendered":"https:\/\/wp.muchomaas.com\/article-la-revue-du-3-fevrier-2017-10235\/"},"modified":"2023-06-23T23:24:15","modified_gmt":"2023-06-23T21:24:15","slug":"article-la-revue-du-3-fevrier-2017-10235","status":"publish","type":"post","link":"https:\/\/archives.regards.fr\/?p=10235","title":{"rendered":"La Revue du 3 mars 2017"},"content":{"rendered":"<strong>ACTUALITE<\/strong>\n\n-&#8220;Pour une Europe des droits sociaux&#8221; (Bernard Cazeneuve dans &#8220;Les Echos&#8221;) : https:\/\/www.lesechos.fr\/idees-debats\/cercle\/0211840523311-bernard-cazeneuve-pour-une-europe-des-droits-sociaux-2069093.php\n\n-&#8220;Fausses informations du Premier ministre !&#8221; (la CGT) : http:\/\/www.cgt.fr\/Fausses-informations-du-Premier.html\n\n<strong>-&#8220;Agriculture et pesticides, le changement, c&#8217;est maintenant ?&#8221; (Marc Belpois) : <\/strong> \nhttp:\/\/www.telerama.fr\/monde\/agriculture-et-pesticides-le-changement-c-est-maintenant,154815.php#xtor\n\n-&#8220;R\u00e9duire de 30% les pesticides ne r\u00e9duit pas la productivit\u00e9&#8221; (Virginie Garin; son) :http:\/\/www.rtl.fr\/actu\/environnement\/salon-de-l-agriculture-reduire-de-30-les-pesticides-ne-reduit-pas-la-rentabilite-7787488635 \n\n-Une nouvelle marques d&#8217;\u00e9leveurs de porcs (Baptiste Gaborit; son du 2 mars) : https:\/\/www.radioclassique.fr\/radio\/emissions\/matinale-de-radio-classique\/3-minutes-planete\/\n\n<em>-L&#8217;\u00e9tat de sant\u00e9 des Fran\u00e7ais et les facteurs de risques (Jacques Pisarik et Thierry Rochereau; document)<\/em> : http:\/\/www.irdes.fr\/recherche\/questions-d-economie-de-la-sante\/223-etat-de-sante-des-francais-et-facteurs-de-risque.pdf\n\n-L&#8217;entreprise Heetch condamn\u00e9e \u00e0 payer 532 000 euros aux chauffeurs de taxis (vid\u00e9o) : http:\/\/www.francetvinfo.fr\/economie\/emploi\/metiers\/droit-et-justice\/heetch-l-entreprise-condamnee-a-verser-532-000-euros-aux-taxis_2078325.html\n\n-Dans le 12e arrondisement de Paris, la seule boucherie v\u00e9g\u00e9tarienne de France (Fan\u00e7ois Chevalier) : http:\/\/www.telerama.fr\/sortir\/un-steak-hache-sans-viande-j-ai-teste-la-seule-boucherie-vegetarienne-de-france,154627.php#xtor\n\n-La maire LR de Calais interdit la distribution de repas aux migrants :  https:\/\/www.valeursactuelles.com\/societe\/calais-la-maire-interdit-la-distribution-de-repas-aux-migrants-70384\n\n-&#8220;L&#8217;ex-patron des Stups plac\u00e9 en garde-\u00e0-vue&#8221; (Emmanuel Fansten et Willy Le Devin) : http:\/\/www.liberation.fr\/france\/2017\/03\/01\/l-ex-patron-des-stups-cuisine-par-les-boeuf-carottes_1552622?xtor\n\n-Des agents d&#8217;\u00e9lite pour intervenir dans les prisons (vid\u00e9o) : http:\/\/www.francetvinfo.fr\/societe\/prisons\/prison-des-agents-d-elite-pour-intervenir-en-cas-de-necessite_2078363.html\n\n<strong>POLITIQUE<\/strong>\n\n-&#8220;Le cas Fillon est r\u00e9v\u00e9lateur d&#8217;un climat d\u00e9testable avec une caste politique d\u00e9tach\u00e9e des pr\u00e9occupations des citoyens. L&#8217;issue violente n&#8217;est pas impossible dans l&#8217;avenir. Il y a une situation de col\u00e8re l\u00e9gitime. L&#8217;affaire Fillon pourrit toute la campagne. La droite devrait \u00eatre repr\u00e9sent\u00e9e par un homme avec un programme pas par un homme qui explique que les juges sont tous pourris&#8221; (Alexis Corbi\u00e8re, porte-parole de Jean-Luc M\u00e9lenchon; invit\u00e9 de &#8220;Territoires Infos&#8221;; vid\u00e9o, amener le curseur sur 33:23) : https:\/\/www.dailymotion.com\/video\/x5dnidm_invite-alexis-corbiere-territoires-d-infos-02-03-2017_news\n\n-&#8220;La question du retrait de Jean-Luc M\u00e9lenchon va se poser&#8221; (Arnaud Montebourg, interrog\u00e9 par Fabien Namias; vid\u00e9o) : http:\/\/www.europe1.fr\/emissions\/linterview-politique-de-8h20\/arnaud-montebourg-la-question-du-retrait-de-jean-luc-melenchon-va-se-poser-2991986\n\n-&#8220;Cette campagne prend une tournure consternante. Le programme d&#8217;Emmanuel Macron n&#8217;est pas de gauche. Nous assumons une part du bilan et une de rupture. j&#8217;ai envie de dire \u00e0 Jean-Marie Le Guen qu&#8217;il fait du mal \u00e0 sa famille politique. Le projet de Beno\u00eet Hamon est en train de s&#8217;\u00e9largir avec l&#8217;apport de ces d\u00e9put\u00e9s socialistes (qui se sont r\u00e9unis avec Manuel Valls)&#8221; (Alexis Bachelay, porte-parole de Beno\u00eet Hamon, interrog\u00e9 par Olivier Galzi; vid\u00e9o) : http:\/\/www.cnews.fr\/chroniques\/invite-olivier-galzi\/alexis-bachelay-invite-dolivier-galzi-173315\n\n-&#8220;Je ne comprends pas une manifestation contre nos institutions&#8221; (Bruno Le Roux, ministre de l&#8217;Int\u00e9rieur, face \u00e0 Jean-Pierre Elkabbach; vid\u00e9o) : http:\/\/www.cnews.fr\/chroniques\/linvite-de-jean-pierre-elkabbach\/linvite-de-jean-pierre-elkabbach-du-02032017-173293\n\n<strong>-Emmanuel Macron a pr\u00e9sent\u00e9 son programme (vid\u00e9o int\u00e9grale) :<\/strong> https:\/\/www.youtube.com\/watch?v=yXLZZI9fjMs\n\n-Dans la presse, il a choisi &#8220;Le Parisien&#8221; : http:\/\/www.leparisien.fr\/elections\/presidentielle\/candidats-et-programmes\/le-programme-d-emmanuel-macron-pour-la-presidentielle-2017-17-02-2017-6686394.php\n\n-Les principales mesures  (Jean-Philippe Louis et Alexandre Rousset; vid\u00e9o) : https:\/\/www.lesechos.fr\/elections\/emmanuel-macron\/0211843864364-les-principales-mesures-du-programme-demmanuel-macron-2069099.php#xtor\n\n-Robert Hue l&#8217;interpelle (pi\u00e8ce jointe);\n\n<em>-Comment les Fran\u00e7ais accueillent-ils ses propositions \u00e9conomiques ? (ODOXA) : <\/em> http:\/\/www.odoxa.fr\/sondage\/mesures-economiques-de-macron-bien-accueillies-francais-suscitent-rare-consensus-gauche-droite-lopinion\/\n\n-&#8220;Macron et Fillon, les fr\u00e8res jumeaux du n\u00e9olib\u00e9ralisme&#8221; (Olivier Dartigolles, porte-parole du PCF) : http:\/\/www.pcf.fr\/97125\n\n-&#8220;Je pense qu&#8217;en France, les juges sont ind\u00e9pendants. C&#8217;est difficile de changer de candidat \u00e0 un mois et demi de l&#8217;\u00e9lection. Avoir des emplois fictifs, ce n&#8217;est pas  ce que l&#8217;on fait de mieux dans la R\u00e9publique. Fran\u00e7ois Fillon continue de conserver un socle. Emmanuel Macron va faire une r\u00e9forme de la retraite que les Su\u00e9dois ont faite il y a dix ans&#8221; (G\u00e9rard Collomb, s\u00e9nateur-maire PS de Lyon, interrog\u00e9 par Laurence Ferrari; vid\u00e9o) : http:\/\/www.cnews.fr\/chroniques\/invite-laurence-ferrari\/gerard-collomb-invite-de-laurence-ferrari-173312 \n\n-Benjamin Griveaux, porte-parole d&#8217;Emmanuel Macron, a d\u00e9crypt\u00e9 le programme de son candidat sur CNews (vid\u00e9o) : http:\/\/www.cnews.fr\/chroniques\/grand-decryptage\/le-grand-decryptage-du-02032017-173317\n\n-&#8220;Dans la temp\u00eate, il faut \u00eatre soud\u00e9s et ne pas quitter le navire. C&#8217;est une attaque politique. Derri\u00e8re, on va en reprendre pour cinq ans&#8221; (Eric Ciotti, pr\u00e9sident LR du Conseil d\u00e9partemental des Alpes-Maritimes; face \u00e0 Caroline Roux; vid\u00e9o) : http:\/\/www.france2.fr\/emissions\/telematin\/actu\/les-4-verites-eric-ciotti_556587\n\n-Il \u00e9tait aussi sur LCI, invit\u00e9 d&#8217;Audrey Crespo-Mara (vid\u00e9o) : http:\/\/www.lci.fr\/replay\/l-invite-politique-de-8h15-du-2-mars-2017-eric-ciotti-secretaire-general-adjoint-des-republicains-2027827.html%3Ftype=content\n\n-&#8220;Il est assassin\u00e9 par ceux qui ont mont\u00e9 la machination&#8221; (J\u00e9r\u00f4me Chartier, d\u00e9put\u00e9 LR du Val d&#8217;Oise, conseiller sp\u00e9cial de Fran\u00e7ois Fillon; face \u00e0 Jean-Jacques Bourdin; vid\u00e9o) : http:\/\/www.bfmtv.com\/mediaplayer\/video\/jerome-chartier-face-a-jean-jacques-bourdin-en-direct-919673.html\n\n-&#8220;Fran\u00e7ois Fillon a sous-estim\u00e9 la perversit\u00e9 des proc\u00e9dures sous l&#8217;autorit\u00e9 du gouvernement&#8221; (G\u00e9rard Longuet, s\u00e9nateur LR de la Meuse, interrog\u00e9 par Guillaume Durand; vid\u00e9o) : https:\/\/www.dailymotion.com\/video\/x5dnpiy_francois-fillon-a-sous-estime-la-perversite-des-procedures-sous-l-autorite-du-gouvernement-gerard-l_news\n\n-&#8220;La France est plus grande que l&#8217;affaire personnelle de Fran\u00e7ois Fillon&#8221; (Pierre Lellouche, d\u00e9put\u00e9 LR de Paris, invit\u00e9 de la matinale de Franceinfo; vid\u00e9o) :   http:\/\/www.dailymotion.com\/video\/x5dntb5_pour-pierre-lellouche-la-france-est-plus-grande-que-l-affaire-personnelle-de-francois-fillon_news\n\n<strong>-Antoine Garapon, magistrat et Jean-Yves Le Borgne, avocat, ont r\u00e9pondu aux questions de Patrick Cohen et des auditeurs de France Inter (vid\u00e9os) : <\/strong>     http:\/\/www.dailymotion.com\/video\/x5dnju9_antoine-garapon-magistrat-et-jean-yves-le-borgne-avocat-penaliste-repondent-aux-questions-de-patrick_news\n<iframe loading=\"lazy\" title=\"Antoine Garapon, magistrat, et Jean-Yves Le Borgne, avocat r\u00e9pondent aux questions des auditeurs de France Inter\" frameborder=\"0\" width=\"500\" height=\"283\" src=\"https:\/\/geo.dailymotion.com\/player.html?video=x5dnrkn&#038;\" allowfullscreen allow=\"autoplay; fullscreen; picture-in-picture; web-share\"><\/iframe>\n\n-Philippe Fontana, avocat au barreau de Paris, d\u00e9nonce &#8220;un coup d&#8217;Etat institutionnel&#8221; \u00e0 l&#8217;encontre de Fran\u00e7ois Fillon. Il \u00e9tait interrog\u00e9 par Yves Calvi (vid\u00e9o) : http:\/\/www.lci.fr\/replay\/l-invite-de-24h-en-questions-du-1er-mars-2017-fillon-bientot-mis-examen-philippe-fontana-avocat-au-barreau-de-paris-2027809.html%3Ftype=content\n\n<strong>-&#8220;Il s&#8217;embarque dans un naufrage judiciaire. Je ne le comprends pas&#8221; (l&#8217;ancien magistrat Philippe Bilger, interrog\u00e9 par Guillaume Durand; son du 2 mars) : <\/strong> https:\/\/www.radioclassique.fr\/radio\/emissions\/matinale-de-radio-classique\/l-invite-du-matin\/\n\n-&#8220;Attaquer la justice n&#8217;est jamais utile. Il n&#8217;y aura pas de r\u00e9ponse avant l&#8217;\u00e9ch\u00e9ance&#8221; (Fran\u00e7ois Faletti, ex-procureur g\u00e9n\u00e9ral de Paris; interrog\u00e9 par Marc-Olivier Fogiel; vid\u00e9o) : http:\/\/www.rtl.fr\/actu\/societe-faits-divers\/affaire-fillon-attaquer-la-justice-n-est-jamais-utile-dit-francois-falletti-7787484517\n\n<strong>-&#8220;Il y a un acharnement th\u00e9rapeutique \u00e0 maintenir en vie cette candidature Fillon&#8221; (Apr\u00e8s l&#8217;intervention de Fran\u00e7ois Fillon, quelles cons\u00e9quences pour la campagne pr\u00e9sidentielle ?  Martial Foucault, professeur \u00e0 Sciences Po Paris, directeur du CEVIPOF et G\u00e9rard Courtois, directeur \u00e9ditorial du &#8220;Monde&#8221;, participaient aux &#8220;Matins&#8221; de Guillaume Erner sur France Culture; vid\u00e9os) :      <\/strong>                            https:\/\/www.franceculture.fr\/emissions\/linvite-des-matins\/apres-lintervention-de-francois-fillon-quelles-consequences-pour-la#xtor                                             https:\/\/www.franceculture.fr\/emissions\/linvite-des-matins-2eme-partie\/apres-lintervention-de-francois-fillon-quelles-consequences\n\n<em>-A-t-il convaincu les Fran\u00e7ais ? (HARRIS) :<\/em> \nhttp:\/\/harris-interactive.fr\/opinion_polls\/les-francais-ont-ils-ete-convaincus-par-la-declaration-a-la-presse-de-francois-fillon-le-1er-mars-2017\/\n\n-&#8220;C&#8217;est un combattant, un r\u00e9sistant&#8221; (Bruno Retailleau, pr\u00e9sident du groupe LR au S\u00e9nat; interrog\u00e9 par Elizabeth Martichoux; vid\u00e9o) : http:\/\/www.rtl.fr\/actu\/politique\/bruno-retailleau-sur-rtl-francois-fillon-c-est-un-combattant-un-resistant-7787489080\n\n-&#8220;Fran\u00e7ois Fillon joue son va-tout. Il reprend les m\u00e9thodes de Nicolas Sarkozy qu&#8217;il condamnait \u00e0 l&#8217;\u00e9poque. Les d\u00e9fection de ses partisans sont plus dangereuses pour lui que la justice&#8221; (Guillaume Tabard du &#8220;Figaro&#8221;; son du 2 mars) : https:\/\/www.radioclassique.fr\/radio\/emissions\/matinale-de-radio-classique\/22630-2\/\n\n-&#8216;Il est persuad\u00e9 qu&#8217;il sera \u00e9lu envers et contre tout&#8221; (Alba Ventura; vid\u00e9o) : http:\/\/www.rtl.fr\/actu\/politique\/presidentielle-2017-fillon-est-persuade-qu-il-sera-elu-envers-et-contre-tout-7787489078\n\n-&#8220;C&#8217;est la d\u00e9mocratie qui est d\u00e9fi\u00e9e, contest\u00e9e&#8221; (Thomas Legrand; son) : https:\/\/www.franceinter.fr\/emissions\/l-edito-politique\/l-edito-politique-02-mars-2017\n\n-&#8220;Il est totalement incoh\u00e9rent avec lui-m\u00eame&#8221; (Alain Duhamel et Nicolas Duhamel; vid\u00e9o) : http:\/\/www.rtl.fr\/actu\/societe-faits-divers\/francois-fillon-est-totalement-incoherent-avec-lui-meme-7787489760\n\n<strong>-&#8220;Une d\u00e9fense de Fran\u00e7ois Fillon en cinq mensonges&#8221; (Valentin Graff, Pauline Moullot et Julie Brafman) :<\/strong> http:\/\/www.liberation.fr\/elections-presidentielle-legislatives-2017\/2017\/03\/01\/une-defense-en-cinq-mensonges_1552647?xtor\n\n-Ceux qui l&#8217;ont dores et d\u00e9j\u00e0 l\u00e2ch\u00e9 : http:\/\/www.liberation.fr\/apps\/2017\/03\/compteur-lacheurs-fillon\/\n\n<em>-&#8220;200 jeunes &#8220;Les R\u00e9publicains&#8221; les critiquent (tribune) : <\/em> https:\/\/www.valeursactuelles.com\/politique\/tribune-200-jeunes-republicains-critiquent-les-elus-qui-lachent-fillon-70390\n\n-&#8220;Il y a des limites aux bornes. Deux proches collaborateurs de la campagne de Fran\u00e7ois Fillon d\u00e9missionnent&#8221; (Carole Barjon et Guillaume Stoll) : http:\/\/tempsreel.nouvelobs.com\/presidentielle-2017\/20170302.OBS6000\/il-y-a-des-limites-aux-bornes-deux-proches-collaborateurs-de-fillon-demissionnent.html#xtor\n\n<em>-&#8220;UDI Jeunes&#8221; demande son retrait (document) : <\/em> https:\/\/twitter.com\/UDIjeunes\/status\/837269190981607425?ref_src=twsrc%5Etfw\n\n-&#8220;Cher Fran\u00e7ois Fillon, pose-toi la question&#8221; (Jean-Baptiste Lemoyne, s\u00e9nateur LR de l&#8217;Yonne; vid\u00e9o) : https:\/\/www.publicsenat.fr\/article\/politique\/jean-baptiste-lemoyne-cher-francois-fillon-pose-toi-la-question-56446\n\n-&#8220;Il faut qu&#8217;il se retire au profit d&#8217;Alain Jupp\u00e9&#8221; (la s\u00e9natrice LR du Bas-Rhin Fabienne Keller; vid\u00e9o) : http:\/\/www.rtl.fr\/actu\/politique\/presidentielle-2017-retrait-de-francois-fillon-au-profit-d-alain-juppe-keller-7787495407\n\n-&#8220;Il n&#8217;est pas trop tard pour gagner&#8230;avec Alain Jupp\u00e9&#8221; (Franck Riester, d\u00e9put\u00e9 LR de Seine-et-Marne, interrog\u00e9 par Ruth Elkrief; vid\u00e9o) : http:\/\/www.bfmtv.com\/mediaplayer\/video\/les-juppeistes-lachent-fillon-il-n-est-pas-trop-tard-pour-qu-on-gagne-franck-riester-919965.html\n\n-&#8220;Les soutiens d&#8217;Alain Jupp\u00e9 s&#8217;activent&#8221; (vid\u00e9os) : http:\/\/www.francetvinfo.fr\/politique\/francois-fillon\/affaires-fillon\/francois-fillon-dans-la-tourmente-les-soutiens-d-alain-juppe-s-activent_2078277.html\nhttp:\/\/www.francetvinfo.fr\/politique\/francois-fillon\/affaires-fillon\/francois-fillon-les-defections-s-accumulent-dans-son-camp_2078299.html\n\n-Des militants et des sympathisants de droite d\u00e9boussol\u00e9s (vid\u00e9os) : http:\/\/www.francetvinfo.fr\/politique\/francois-fillon\/affaires-fillon\/defections-a-droite-la-reaction-des-militants-et-des-sympathisants_2078279.html                         http:\/\/www.francetvinfo.fr\/politique\/francois-fillon\/affaires-fillon\/presidentielle-2017-francois-fillon-poursuit-sa-campagne-a-nimes-malgre-les-defections_2078355.html\n\n-&#8220;Cela fait un mois que Fran\u00e7ois Fillon est incapable de prouver la r\u00e9alit\u00e9 du travail de son \u00e9pouse. Il n&#8217;y a pas de rempla\u00e7ant. Ce n&#8217;est pas normal que les d\u00e9put\u00e9s soient dispens\u00e9s de justifier leurs notes de frais&#8221; (G\u00e9rard Leclerc; vid\u00e9o) : https:\/\/www.dailymotion.com\/video\/x5dnq8o_ce-n-est-pas-normal-que-les-deputes-soient-dispenses-de-justifier-leurs-notes-de-frais-gerard-lecle_news\n\n<strong>-A Bruxelles, &#8220;atterr\u00e9&#8221;, on estime &#8220;qu&#8217;il faut arr\u00eater les frais&#8221; (Hughes Beaudoin; son du 1er mars) : <\/strong> https:\/\/www.radioclassique.fr\/radio\/emissions\/le-19h20h\/24h-en-europe\/\n\n-&#8220;Ce qui me tracasse, c&#8217;est l&#8217;absence de majorit\u00e9 stable pour conduire des r\u00e9formes lourdes&#8221; (Jean -Louis Borloo) : https:\/\/www.valeursactuelles.com\/politique\/presidentielles-borloo-econduit-ses-pretendants-macronnistes-70350\n\n-&#8220;Une acc\u00e9l\u00e9ration du calendrier judiciaire, comme par hasard au moment de l&#8217;\u00e9lection pr\u00e9sidentielle&#8221; (Marine Le Pen; vid\u00e9os) : http:\/\/www.lcp.fr\/actualites\/marine-le-pen-denonce-l-acceleration-du-calendrier-judiciaire-comme-par-hasard-au-moment\n\n-Ell\u00e9 \u00e9tait l&#8217;invit\u00e9e de l&#8217;\u00e9mission sp\u00e9ciale sur la cha\u00eene parlementaire LCP (vid\u00e9o, amener le curseur sur 14:30) : http:\/\/www.lcp.fr\/actualites\/marine-le-pen-denonce-l-acceleration-du-calendrier-judiciaire-comme-par-hasard-au-moment\n\n-&#8220;Fran\u00e7ois Fillon ne peut plus faire campagne sur le fond&#8221; (Florian Philippot, vice-pr\u00e9sident du FN, interrog\u00e9 par Alexandra Bensaid; vid\u00e9o) : http:\/\/www.dailymotion.com\/video\/x5dngtl_florian-philippot-repond-aux-questions-d-alexandra-bensaid_news\n\n-&#8220;L&#8217;institution judiciaire est utilis\u00e9e par le pouvoir socialiste pour combattre les candidats qui ne sont pas socialistes&#8221; (Nicolas Bay, secr\u00e9taire g\u00e9n\u00e9ral du FN, face \u00e0 Patrick Poivre d&#8217;Arvor; son du 1er mars) : https:\/\/www.radioclassique.fr\/radio\/emissions\/le-19h20h\/grand-debat-soir\/\n\n-&#8220;La l\u00e9gitimit\u00e9 du r\u00e9sultat de cette pr\u00e9sidentielle mise \u00e0 mal&#8221; (Yves Thr\u00e9ard du &#8220;Figaro&#8221;; vid\u00e9o) : http:\/\/www.europe1.fr\/emissions\/ledito-politique-dyves-threard\/la-legitimite-du-resultat-de-cette-presidentielle-mise-a-mal-2991872\n\n<em>-Les intentions de vote \u00e0 l&#8217;\u00e9lection pr\u00e9sidentielle (ELABE) <\/em> : http:\/\/elabe.fr\/intentions-de-vote-election-presidentielle-2017-3\/\n\n<em>-Le m\u00eame au 2 mars (IFOP) :<\/em> http:\/\/dataviz.ifop.com:8080\/HNS\/HNSAdmin\/start.appli?appid=60930&#038;logonUser=USERWEB&#038;logonPswcd=ZnJhbmNvaXNF\n\n<em>-Le m\u00eame (OPINION-WAY) :<\/em> https:\/\/www.opinion-way.com\/fr\/\n\n<strong>EUROPE-MONDE<\/strong>\n\n-La m\u00e9diatrice ouvre une enqu\u00eate contre la Banque europ\u00e9enne d&#8217;investissement (Janie Matthews) : http:\/\/www.euractiv.fr\/section\/institutions\/news\/ombudsman-launches-investigation-against-eib\/?nl_ref\n\n-L&#8217;ex\u00e9cutif europ\u00e9en sugg\u00e8re de nouvelles priorit\u00e9s (James Crisp) : http:\/\/www.euractiv.fr\/section\/avenir-de-l-ue\/news\/commission-pushes-for-stronger-defence-trade-and-border-powers-after-brexit\/?nl_ref\n\n-Ce qu&#8217;en pense Alain Lamassoure, eurod\u00e9put\u00e9 du PPE (interrog\u00e9 par G\u00e9rard Leclerc; son du 2 mars) : https:\/\/www.radioclassique.fr\/radio\/emissions\/matinale-de-radio-classique\/journal-de-l-europe\/\n\n-&#8220;Les cinq options de l&#8217;Europe&#8221; (Bernard Guetta; son) : https:\/\/www.franceinter.fr\/emissions\/geopolitique\/geopolitique-02-mars-2017\n\n-&#8220;La contrefa\u00e7on menace les smartphones et les consommateurs&#8221; (Sarantis Michalopoulos) : http:\/\/www.euractiv.fr\/section\/economie\/news\/growing-fake-smartphone-market-raises-eyebrows-in-brussels\/?nl_ref\n\n<strong>-La France veut l&#8217;interdiction effective de la p\u00eache \u00e9lectrique (St\u00e9phanie Senet) : <\/strong> http:\/\/www.euractiv.fr\/section\/agriculture-alimentation\/news\/la-france-veut-linterdiction-effective-de-la-peche-electrique\/?nl_ref\n\n-La lev\u00e9e de l&#8217;immunit\u00e9 parlementaire de Marine Le Pen (vid\u00e9o) : http:\/\/newscdn.newsrep.net\/h5\/nrvideo.html?r=3&#038;lan=fr_FR&#038;pid=14&#038;id=Bu99b6e0cct_fr&#038;app_lan\n\n-Les Britanniques sous-estiment la pollution de l&#8217;air (Matthew Taylor) : http:\/\/www.euractiv.fr\/section\/sante-modes-de-vie\/news\/study-british-people-underestimate-air-pollution-levels\/?nl_ref\n\n-Des \u00e9lection l\u00e9gislative sur fond de Brexit en Irlande du Nord (vid\u00e9o) : http:\/\/newscdn.newsrep.net\/h5\/nrvideo.html?r=3&#038;lan=fr_FR&#038;pid=14&#038;id=0D9964cc7lA_fr&#038;app_lan\n\n<strong>-&#8220;La France a une bonne image de l&#8217;Allemagne&#8221; (l&#8217;ambassadeur d&#8217;Allemagne en France  Nikolaus Meyer-Landrut, interrog\u00e9 par Nicolas Pierron; son du 2mars) : <\/strong> https:\/\/www.radioclassique.fr\/radio\/emissions\/matinale-de-radio-classique\/l-invite-de-l-economie\/\n\n-&#8220;Pour faire face \u00e0 la mont\u00e9e des p\u00e9rils avec Moscou, le retour du service militaire en Su\u00e8de&#8221; (vid\u00e9o) : http:\/\/www.francetvinfo.fr\/economie\/emploi\/metiers\/armee-et-securite\/suede-la-peur-de-la-russie_2078317.html\n\n-La Pologne ne soutiendra pas Donald Tusk pour un second mandat de pr\u00e9sident du Conseil europ\u00e9en : http:\/\/www.euractiv.fr\/section\/politique\/news\/poland-confirms-opposition-to-tusks-reappointment\/?nl_ref\n\n<strong>-En Turquie, le journalisme alternatif pour contrer la r\u00e9pression (vid\u00e9o) : <\/strong> http:\/\/newscdn.newsrep.net\/h5\/nrvideo.html?r=3&#038;lan=fr_FR&#038;pid=14&#038;id=cI9977497fp_fr&#038;app_lan=\n\n<strong>-&#8220;Le groupe Lafarge reconna\u00eet avoir financ\u00e9 des groupes rebelles en Syrie&#8221; (vid\u00e9o) : <\/strong> http:\/\/www.francetvinfo.fr\/economie\/emploi\/metiers\/droit-et-justice\/syrie-le-groupe-lafarge-reconnait-avoir-indirectement-finance-des-groupes-armes_2078359.html\n\n-&#8220;Aider l&#8217;Afrique subsaharienne \u00e0 lever l&#8217;imp\u00f4t&#8221; (Matthew Tempest) : http:\/\/www.euractiv.fr\/section\/aide-au-developpement\/news\/auditors-find-flaws-in-eu-donor-aid-to-sub-saharan-africa\/?nl_ref\n\n-&#8220;Trump promet le renouveau am\u00e9ricain&#8221; (Andr\u00e9 Bercoff, invit\u00e9 d&#8217;Isabelle Moreau; vid\u00e9o) : http:\/\/www.cnews.fr\/chroniques\/linvite-disabelle-moreau\/linvite-disabelle-moreau-du-01032017-173283\n\n<strong>-&#8220;Tous les ingr\u00e9dients d&#8217;un nouveau crack sont r\u00e9unis&#8221; (le rapport du s\u00e9nateur Pierre-Yves  Collombat, cit\u00e9 par Delphine Cuny) : <\/strong> http:\/\/www.latribune.fr\/entreprises-finance\/banques-finance\/tous-les-ingredients-d-un-nouveau-krach-sont-reunis-650450.html\n\n<em>-Le rapport (documents \u00e0 t\u00e9l\u00e9charger) :<\/em> https:\/\/www.senat.fr\/notice-rapport\/2016\/r16-393-notice.html\n\n<strong>CULTURE-MEDIAS<\/strong>\n\n<strong>-Jusqu&#8217;au 26 mars, \u00e0 l&#8217;Institut du Monde arabe, &#8220;Pour un mus\u00e9e en Palestine&#8221; ( Raoul Mbog; diaporama) :<\/strong> http:\/\/www.telerama.fr\/scenes\/pour-un-musee-en-palestine-histoire-d-une-collection-en-exil,154804.php#xtor\n\n<strong>-A partir du 15 mars, une femme \u00e0 la t\u00eate du mus\u00e9e d&#8217;Orsay. Laurence des Cars arrive de celui de l&#8217;Orangerie (Sophie Cachon) : <\/strong> http:\/\/www.telerama.fr\/scenes\/laurence-des-cars-une-femme-a-orsay,154806.php#xtor\n\n<strong>-Rattraper \u00e0 la carte les concerts de la Philharmonie de Paris (vid\u00e9os; superbe !) : <\/strong> http:\/\/live.philharmoniedeparis.fr\/concert\/1062335\/jansons-meier-sommer-mahler-rachmaninov.html\n\n-Le concours d&#8217;art lyrique de Clermont-Ferrand (Anne-Elizabeth Philibert; vid\u00e9o) : http:\/\/culturebox.francetvinfo.fr\/opera-classique\/musique-classique\/le-concours-lyrique-de-clermont-ferrand-recrute-pour-l-enlevement-au-serail-253159\n\n-Myl\u00e8ne Demongeot \u00e9tait l&#8217;invit\u00e9e de &#8220;Passion classique&#8221; d&#8217;Olivier Bellamy (son du 1er mars) : https:\/\/www.radioclassique.fr\/radio\/emissions\/passion-classique\/\n\n-Trois raisons de relire Michel Bernanos (Hubert Prolongeau) : http:\/\/www.telerama.fr\/livre\/trois-raisons-de-relire-michel-bernanos,154624.php#xtor\n\n-&#8220;Le Nobel de l&#8217;architecture&#8221; attribu\u00e9 au cabinet catalan &#8221; RCR (Luc Le Chatelier) :  http:\/\/www.telerama.fr\/scenes\/pritzker-prize-2017-rcr-arquitectes-au-pinacle,154820.php#xtor\n\n<strong>-L&#8217;\u00e9volution du ch\u00e2teau de Versailles, de Louis XIII \u00e0 la R\u00e9volution (vid\u00e9o r\u00e9alis\u00e9e en images de synth\u00e8se) <\/strong> : http:\/\/www.telerama.fr\/scenes\/l-evolution-du-chateau-de-versailles-de-louis-xiii-a-la-revolution,154810.php#xtor\n\n-&#8220;Patients&#8221;, une \u00e9mouvante ode \u00e0 la vie de Grand Corps Malade et Mehdi Idir (Pierre Murat; vid\u00e9o) : http:\/\/www.telerama.fr\/cinema\/patients-une-emouvante-ode-a-la-vie,154801.php#xtor\n\n-Jusqu&#8217;au 19 mars au Centre Pompidou, la r\u00e9trospective du cin\u00e9aste polonais Walerian Borowczyk, racont\u00e9e par Patrice Leconte (J\u00e9r\u00e9mie Couston; vid\u00e9o) : http:\/\/www.telerama.fr\/sortir\/de-l-animation-a-l-erotisme-patrice-leconte-raconte-le-cinema-de-walerian-borowczyk,154793.php#xtor\n\n-Heureusement que dans &#8220;Logan&#8221; de James Mangold, il y a Hugh Jackman (Jacques Morice; vid\u00e9o) : http:\/\/www.telerama.fr\/cinema\/logan-hugh-jackman-sauve-l-honneur,154814.php#xtor\n\n-&#8220;Les Gardiens de la galaxie&#8221;, les pieds nickel\u00e9s de l&#8217;espace reviennent en mai (J\u00e9r\u00e9mie Maire; vid\u00e9o en anglais) : http:\/\/www.telerama.fr\/cinema\/guardians-of-the-galaxy-vol-2-le-retour-des-pieds-nickeles-de-l-espace,154809.php#xtor\n\n-On aurait pu se passer du second chapitre de &#8220;Transpotting 2&#8221; de Dany Boyle (J\u00e9r\u00e9mie Couston; vid\u00e9o en anglais) : http:\/\/www.telerama.fr\/cinema\/trainspotting-2-un-second-chapitre-vraiment-dispensable,154807.php#xtor\n\n-L&#8217;argot au cin\u00e9ma dans un livre de Philippe Lombard (Jean-Fran\u00e7ois Lixon; vid\u00e9os) : http:\/\/culturebox.francetvinfo.fr\/livres\/essais-documents\/touche-pas-au-grisbi-salope-l-argot-du-cinema-dans-un-livre-croustillant-253129\n\n-Dix anecdotes sur le classique de la science fiction &#8220;Blade Runner&#8221; de Ridley Scott (Caroline Besse; vid\u00e9o) : http:\/\/www.telerama.fr\/sortir\/blade-runner-10-anecdotes-que-vous-ne-savez-peut-etre-pas-sur-ce-film-culte,154805.php#xtor\n\n-Nicolas Bedos sort son premier long m\u00e9trage &#8220;M. et Mme Adelman&#8221;. Il \u00e9tait l&#8217;invit\u00e9 d&#8217;Augustin Trapenard; son) : https:\/\/www.franceinter.fr\/emissions\/boomerang\/boomerang-02-mars-2017\n\n<strong>-Les dix jeux-vid\u00e9o qui ont marqu\u00e9 l&#8217;histoire (Maxence Sorel; vid\u00e9os) : <\/strong> http:\/\/www.telerama.fr\/sortir\/pong-super-mario-bros-pokemon-go-les-dix-jeux-video-qui-ont-marque-l-histoire,154766.php#xtor\n\n<strong>-Jason Lytle, du groupe californien &#8220;Grandaddy&#8221;, raconte ses disques et ses rencontres (Fran\u00e7ois Chevalier; son et vid\u00e9os) :  <\/strong> http:\/\/www.telerama.fr\/musique\/jason-lytle-de-grandaddy-je-connais-toutes-les-paroles-du-dernier-album-d-a-ha,152918.php#xtor\n\n-Retrouver Rosemary Clooney avec Fran\u00e7ois Gorin (son) : http:\/\/www.telerama.fr\/musique\/rosemary-clooney-au-temps-des-permanentes,154808.php#xtor\n\n-&#8220;L&#8217;un de nous&#8221;, le dernier album d&#8217;Albin de la Simone (Rebecca Manzoni; vid\u00e9o) : https:\/\/www.franceinter.fr\/emissions\/pop-co\/pop-co-02-mars-2017\n\n<strong>-&#8220;R\u00e9volution&#8221;, le 8e album d&#8217;IAM (en vid\u00e9o, leur live \u00e0 Alcaline) : <\/strong> http:\/\/culturebox.francetvinfo.fr\/musique\/rap\/iam-poursuit-son-rap-a-l-ancienne-avec-un-8e-album-revolution-253173\n\n-Hugo Cassavetti, profession, critique rock dans &#8220;T\u00e9l\u00e9rama&#8221; (entretien r\u00e9alis\u00e9 par Fabienne Pascaud; vid\u00e9o) : http:\/\/www.telerama.fr\/musique\/dans-les-coulisses-de-telerama-profession-critique-rock,154818.php#xtor\n\n-Les photos de la semaine (EPIC) : http:\/\/www.oai13.com\/featured\/selection-jeudi-depic-stories-77\/?mc_cid=1a6b5edca2&#038;mc_eid=16075de82b\n\n<strong>-D\u00e9couvrir la sagesse indienne sur France Culture avec Marc Ballanfat (Camille Poirier; son) <\/strong> : http:\/\/www.telerama.fr\/radio\/bonjour-sagesse-indienne,154093.php#xtor\n\n-La jeune trisomique M\u00e9lanie pr\u00e9sentera la m\u00e9t\u00e9o sur France 2 et sur BFM TV : http:\/\/www.lexpress.fr\/actualite\/societe\/pari-gagne-la-jeune-trisomique-melanie-presentera-la-meteo-sur-france-2-et-bfmtv_1884991.html?PMSRC_CAMPAIGN\n\n<strong>-&#8220;Les gens me regardent, \u00e7a me g\u00e8ne un peu&#8221; (elle \u00e9tait l&#8217;invit\u00e9e de Thomas Sotto, accompagn\u00e9e de Luc Gateau, pr\u00e9sident de l&#8217;Unapei; vid\u00e9o) : <\/strong> http:\/\/www.europe1.fr\/emissions\/l-interview-verite\/melanie-segard-les-gens-me-regardent-ca-me-gene-un-peu-2991920\n\n-Mobilisation r\u00e9ussie pour M\u00e9lanie (J\u00e9r\u00f4me Ivanichtchenko; vid\u00e9o) : http:\/\/www.europe1.fr\/emissions\/le-fait-medias-du-jour\/trisomie-mobilisation-reussie-pour-melanie-2992100\n\n-Dix \u00e9missions embl\u00e9matiques de M6 qui f\u00eate ses 30 ans (vid\u00e9o) : http:\/\/www.liberation.fr\/video\/2017\/03\/01\/trentieme-anniversaire-de-m6-dix-emissions-emblematiques-en-dix-generiques_1552540?xtor\n\n-&#8220;Dans les m\u00e9dias, Fillon \u00e9crase les scores selon le CSA&#8221; (Marc Baudrier; son du 2 mars) : https:\/\/www.radioclassique.fr\/radio\/emissions\/matinale-de-radio-classique\/la-vie-des-medias\/\n\n<em>-Les temps de parole relev\u00e9s par le CSA (document) :<\/em> http:\/\/www.csa.fr\/Television\/Le-suivi-des-programmes\/Le-pluralisme-politique-et-les-campagnes-electorales\/L-election-presidentielle-2017\/Les-temps-de-parole-et-d-antenne\n\n-Nicolas Dupont-Aignan d\u00e9bout\u00e9 de sa demande \u00e0 TF1 : http:\/\/www.lefigaro.fr\/medias\/2017\/03\/01\/20004-20170301ARTFIG00335-debat-de-la-presidentielle-sur-tf1-le-csa-deboute-dupont-aignan.php\n\n-&#8220;BHL regarde les hommes faire la guerre&#8221; (Sonia Devillers recevait le r\u00e9alisateur du documentaire &#8220;La bataille de Mossoul&#8221;, diffus\u00e9 samedi sur Arte; vid\u00e9o) : http:\/\/www.dailymotion.com\/video\/x5dnuvw_comment-bernard-henri-levy-regarde-les-hommes-faire-la-guerre_news\n\n<strong>-&#8220;On a r\u00e9veill\u00e9 tout le monde. Si la presse ne l&#8217;avait pas fait, M.Fillon n&#8217;en aurait rien dit. Il y a le m\u00eame rythme que pour les affaires Cahuzac et Baupin. Les juges, au vue des faits, ne pouvaient pas faire autre chose. Tous les syndicats de policiers ont protest\u00e9 contre les d\u00e9clarations de Fran\u00e7ois Fillon. Il y a une \u00e9norme crise d\u00e9mocratique dont profite Mme Le Pen&#8221; (Edwy Plenel, invit\u00e9 d&#8217;Audrey Crespo-Mara; vid\u00e9o) : <\/strong>  http:\/\/www.lci.fr\/replay\/l-invite-de-8h45-du-2-mars-2017-edwy-plenel-journaliste-et-fondateur-de-mediapart-2027829.html%3Ftype=content\n\n<strong>-&#8220;Le double assassinat de Fran\u00e7ois Fillon et de la pr\u00e9sidentielle&#8221; (Charline Vanhoenacker; vid\u00e9o) :<\/strong> http:\/\/www.dailymotion.com\/video\/x5dnuqm_affaire-sensible-le-double-assassinat-de-fillon-et-de-la-presidentielle-le-billet-de-charline-vanhoe_fun\n<h2 class=\"wp-block-heading\">Documents joints<\/h2>\n\n\n\n<div class=\"wp-block-file\"><a href=\"https:\/\/wp.muchomaas.com\/wp-content\/uploads\/2017\/03\/comm_rh_macron_2_mars_2017-471.pdf\">comm_rh_macron_2_mars_2017.pdf<\/a><\/div>\n\n\n","protected":false},"excerpt":{"rendered":"<p>ACTUALITE -&#8220;Pour une Europe des droits sociaux&#8221; (Bernard Cazeneuve dans &#8220;Les Echos&#8221;) : https:\/\/www.lesechos.fr\/idees-debats\/cercle\/0211840523311-bernard-cazeneuve-pour-une-europe-des-droits-sociaux-2069093.php -&#8220;Fausses informations du Premier ministre !&#8221; (la CGT) : http:\/\/www.cgt.fr\/Fausses-informations-du-Premier.html -&#8220;Agriculture et pesticides, le changement, c&#8217;est maintenant ?&#8221; (Marc Belpois) : http:\/\/www.telerama.fr\/monde\/agriculture-et-pesticides-le-changement-c-est-maintenant,154815.php#xtor -&#8220;R\u00e9duire de 30% les pesticides ne r\u00e9duit pas la productivit\u00e9&#8221; (Virginie Garin; son) :http:\/\/www.rtl.fr\/actu\/environnement\/salon-de-l-agriculture-reduire-de-30-les-pesticides-ne-reduit-pas-la-rentabilite-7787488635 -Une nouvelle marques d&#8217;\u00e9leveurs de [&hellip;]<\/p>\n","protected":false},"author":1042,"featured_media":0,"comment_status":"open","ping_status":"open","sticky":false,"template":"","format":"standard","meta":{"_themeisle_gutenberg_block_has_review":false,"footnotes":""},"categories":[151],"tags":[],"class_list":["post-10235","post","type-post","status-publish","format-standard","hentry","category-la-revue-de-presse-de-lulu"],"_links":{"self":[{"href":"https:\/\/archives.regards.fr\/index.php?rest_route=\/wp\/v2\/posts\/10235","targetHints":{"allow":["GET"]}}],"collection":[{"href":"https:\/\/archives.regards.fr\/index.php?rest_route=\/wp\/v2\/posts"}],"about":[{"href":"https:\/\/archives.regards.fr\/index.php?rest_route=\/wp\/v2\/types\/post"}],"author":[{"embeddable":true,"href":"https:\/\/archives.regards.fr\/index.php?rest_route=\/wp\/v2\/users\/1042"}],"replies":[{"embeddable":true,"href":"https:\/\/archives.regards.fr\/index.php?rest_route=%2Fwp%2Fv2%2Fcomments&post=10235"}],"version-history":[{"count":0,"href":"https:\/\/archives.regards.fr\/index.php?rest_route=\/wp\/v2\/posts\/10235\/revisions"}],"wp:attachment":[{"href":"https:\/\/archives.regards.fr\/index.php?rest_route=%2Fwp%2Fv2%2Fmedia&parent=10235"}],"wp:term":[{"taxonomy":"category","embeddable":true,"href":"https:\/\/archives.regards.fr\/index.php?rest_route=%2Fwp%2Fv2%2Fcategories&post=10235"},{"taxonomy":"post_tag","embeddable":true,"href":"https:\/\/archives.regards.fr\/index.php?rest_route=%2Fwp%2Fv2%2Ftags&post=10235"}],"curies":[{"name":"wp","href":"https:\/\/api.w.org\/{rel}","templated":true}]}}