{"id":10232,"date":"2017-03-02T07:18:51","date_gmt":"2017-03-02T06:18:51","guid":{"rendered":"https:\/\/wp.muchomaas.com\/article-la-revue-du-2-mars-2017\/"},"modified":"2023-06-23T23:24:15","modified_gmt":"2023-06-23T21:24:15","slug":"article-la-revue-du-2-mars-2017","status":"publish","type":"post","link":"https:\/\/archives.regards.fr\/?p=10232","title":{"rendered":"La Revue du 2 mars 2017"},"content":{"rendered":"<strong>ACTUALITE<\/strong>\n\n-L&#8217;emploi &#8220;aux 4 000&#8221; de La Courneuve (93; G\u00e9raldine Hallot; son) : https:\/\/www.franceinter.fr\/emissions\/le-zoom-de-la-redaction\/le-zoom-de-la-redaction-01-mars-2017\n\n-Sanofi condamn\u00e9 pour recours abusif au travail int\u00e9rimaire (Claire Padych) : http:\/\/lentreprise.lexpress.fr\/rh-management\/droit-travail\/sanofi-condamne-pour-recours-abusif-au-travail-interimaire_1884337.html?PMSRC_CAMPAIGN\n\n-Du sport sur ordonnance (le neurochirurgien Philippe Pencalet, invit\u00e9 de Dimitri Pavlenko; son) : http:\/\/www.sudradio.fr\/Podcasts\/L-invite-pour-comprendre\/Docteur-Philippe-Pencalet-neurochirurgien\n\n-Les violences faites aux enfants (Me Marie Grimaud; son) : http:\/\/www.sudradio.fr\/Podcasts\/L-invite-pour-comprendre\/Maitre-Marie-Grimaud-avocat-de-l-association-Innocence-en-danger2\n\n-Victimes de harc\u00e8lement, &#8220;14% des \u00e9tudiants en m\u00e9decine ont d\u00e9j\u00e0 eu des id\u00e9es de suicide&#8221; (le docteur Val\u00e9rie Auslender, invit\u00e9e d&#8217;Eric Delvaux; son) : https:\/\/www.franceinter.fr\/emissions\/l-invite-du-5-7\/l-invite-du-5-7-01-mars-2017\n\n-Les opposants aux JO \u00e0 Paris en 2024 se font entendre (C\u00e9cilia Arbona; son) : https:\/\/www.franceinter.fr\/emissions\/grand-angle\/grand-angle-01-mars-2017\n\n-La tendance aux circuits courts (Baptiste Gaborit; son du 1er mars) : https:\/\/www.radioclassique.fr\/radio\/emissions\/matinale-de-radio-classique\/3-minutes-planete\/\n\n-&#8220;L&#8217;\u00e9tiquetage sur l&#8217;impact \u00e9cologique des produits doit \u00eatre g\u00e9n\u00e9ralis\u00e9&#8221; (Nathalie Fontrel; son) : https:\/\/www.franceinter.fr\/emissions\/planete-environnement\/planete-environnement-01-mars-2017\n\n<strong>-&#8220;Main basse sur les fromages d&#8217;appellation AOP&#8221; (la journaliste V\u00e9ronique Richez-Lerouge; son) : <\/strong> http:\/\/www.sudradio.fr\/Podcasts\/L-invite-pour-comprendre\/Veronique-Richez-Lerouge-journaliste\n\n<strong>-&#8220;Ingr\u00e9dients ind\u00e9sirables dans les produits cosm\u00e9tiques&#8221; (Fabienne Maleysson et Ga\u00eblle Landry) :<\/strong> https:\/\/www.quechoisir.org\/actualite-ingredients-indesirables-dans-les-cosmetiques-les-10-produits-a-modifier-d-urgence-n24518\/\n\n-Le march\u00e9 florissant des contrefa\u00e7ons (vid\u00e9o) : http:\/\/www.francetvinfo.fr\/replay-jt\/france-2\/20-heures\/contrefacons-un-marche-florissant_2077015.html\n\n-Des scientifiques sont parvenus \u00e0 dresser des bourdons (vid\u00e9o) : http:\/\/www.lemonde.fr\/sciences\/video\/2017\/02\/28\/des-scientifiques-sont-parvenus-a-dresser-des-bourdons_5087034_1650684.html\n\n-&#8220;Le salafisme dans les quartiers&#8221; (son) : http:\/\/www.sudradio.fr\/Podcasts\/Les-reportages-de-la-matinee\/Le-salafisme-dans-les-quartiers\n\n-La cartographie de la corruption en France (Violaine de la Bigne; son) : http:\/\/www.sudradio.fr\/Podcasts\/Quelle-epoque-ethique\/Cartographie-de-la-corruption\n\n-Le contr\u00f4le d&#8217;identit\u00e9 avec cam\u00e9ra a \u00e9t\u00e9 mis en place hier dans 23 zones de s\u00e9curit\u00e9 prioritaires (vid\u00e9o) : http:\/\/www.lemonde.fr\/societe\/article\/2017\/02\/28\/controle-d-identite-debut-de-l-experimentation-de-l-enregistrement-video-obligatoire-dans-23-zones-de-securite-prioritaires_5087131_3224.html\n\n<em>-Ce qu&#8217;en pensent les Fran\u00e7ais (CSA) :<\/em> https:\/\/www.csa.eu\/fr\/survey\/des-cameras-mobiles-pour-les-forces-de-l-ordre\n\n<strong>-&#8220;Malik Oussekine, fauch\u00e9 dans la nuit&#8221; (&#8220;Affaires sensibles&#8221; de Fabrice Drouelle, avec le philosophe et sociologue Geoffroy de Lagasnerie; son) :<\/strong> https:\/\/www.franceinter.fr\/emissions\/affaires-sensibles\/affaires-sensibles-01-mars-2017\n\n<strong>POLITIQUE<\/strong>\n\n<strong>-&#8220;Cesser le pourissement du d\u00e9bat public !&#8221; (Patrick Le Hyaric; pi\u00e8ce jointe);<\/strong>\n\n-&#8220;Les affaires de la droite sont un \u00e9l\u00e9ment d\u00e9clencheur de col\u00e8re. Quelle que soit la l\u00e9galit\u00e9, la ligne de d\u00e9fense de M. Fillon m&#8217;a choqu\u00e9. Des sommes pareilles, compar\u00e9es \u00e0 mon salaire d&#8217;enseignant avec plus de 20 ans d&#8217;anciennet\u00e9 ! Le salon de l&#8217;agriculture est devenu un barnum entour\u00e9 de cam\u00e9ras \u00e0 l&#8217;occasion de l&#8217;\u00e9lection pr\u00e9sidentielle. Nous sommes en d\u00e9saccord avec le mod\u00e8le de la FNSEA. Le premier engagement des ouvriers, c&#8217;est l&#8217;abstention. Il y a un trouble id\u00e9ologique dans le pays. Hamon est le candidat du Parti socialiste, ce n&#8217;est pas possible apr\u00e8s ce quinquennat&#8221; (Alexis Corbi\u00e8re, porte-parole de Jean-Luc M\u00e9lenchon; face \u00e0 Guillaume Durand; vid\u00e9o) : https:\/\/www.dailymotion.com\/video\/x5dk5m7_les-affaires-de-la-droite-sont-un-element-declencheur-de-colere-alexis-corbiere-01-03-2017_news\n\n-Jean-Luc M\u00e9lenchon souhaite convaincre les ind\u00e9cis (Rachid La\u00efreche) : http:\/\/www.liberation.fr\/elections-presidentielle-legislatives-2017\/2017\/03\/01\/jean-luc-melenchon-a-la-recherche-de-son-second-souffle_1551818?xtor\n\n<strong>-&#8220;Choisir entre deux m\u00e9thodes&#8221; (Roger Martelli) : <\/strong> https:\/\/wp.muchomaas.com\/qui-veut-la-peau-de-roger-martelli\/article\/gauche-choisir-entre-deux-methodes\n\n-&#8220;Fillon, Hamon, la campagne des sans-gens&#8221; (C\u00e9cile Cornudet) : https:\/\/www.lesechos.fr\/elections\/presidentielle-2017\/0211838803570-fillon-hamon-la-campagne-des-sans-gens-2068553.php\n\n-Beno\u00eet Hamon, vu &#8220;par la gauche dans sa diversit\u00e9&#8221; (vid\u00e9o) : http:\/\/www.francetvinfo.fr\/politique\/emmanuel-macron\/presidentielle-hamon-decrit-par-melenchon-et-macron_2076169.html\n\n-Avec Jean-Marie Le Guen, &#8220;on est dans une forme de trahison&#8221; (Alexis Bachelay, d\u00e9put\u00e9 PS des Hauts-de-Seine, porte-parole de Beno\u00eet Hamon; vid\u00e9o) : http:\/\/www.rtl.fr\/actu\/politique\/presidentielle-2017-l-entourage-de-hamon-repond-sechement-a-le-guen-7787465674\n\n-&#8220;Cette campagne pr\u00e9sidentielle ne ressemble \u00e0 rien&#8221; (Najat Vallaud-Belkaem, interrog\u00e9e par Fabien Namias; vid\u00e9o) : http:\/\/www.europe1.fr\/emissions\/linterview-politique-de-8h20\/najat-vallaud-belkacem-cette-campagne-presidentielle-ne-ressemble-a-rien-2990930\n\n-&#8220;Le trouble est r\u00e9el. Beno\u00eet Hamon doit nous \u00e9couter&#8221; (Jean-Luc Bennahmias, qui va demander \u00e0 Jean-Christophe Cambad\u00e9lis &#8220;si la Belle alliance populaire continue d&#8217;exister&#8221;; vid\u00e9o) : http:\/\/rmc.bfmtv.com\/mediaplayer\/video\/jean-luc-bennahmias-le-trouble-est-reel-benoit-hamon-doit-nous-ecouter-919185.html\n\n-&#8220;Je ne voterai pas Beno\u00eet Hamon parce que j&#8217;ai vot\u00e9 des lois qu&#8217;il veut remettre en cause&#8221; (Ren\u00e9 Dosi\u00e8re, d\u00e9put\u00e9 PS de l&#8217;Aisne, interrog\u00e9 par Alexandra Bensaid; vid\u00e9os) :  https:\/\/www.franceinter.fr\/emissions\/l-invite-de-7h50\/l-invite-de-7h50-01-mars-2017\n\n-&#8220;Il ne faut pas commencer \u00e0 commenter le r\u00e9sultat du second tour, on a vu ce qui s&#8217;est pass\u00e9 aux Etats-Unis. Personne ne peut pr\u00e9tendre qu&#8217;il est le champion contre Marine Le Pen. Il y a des questions entre nous mais pas de d\u00e9saccords insolubles. Beno\u00eet Hamon ne peut pas se renier mais en m\u00eame temps, il faut \u00e9largir&#8221; (Olivier Faure, pr\u00e9sident du groupe socialiste \u00e0 l&#8217;Assembl\u00e9e nationale, face \u00e0 Ruth Elkrief; vid\u00e9o) :  http:\/\/www.bfmtv.com\/mediaplayer\/video\/olivier-faure-face-a-ruth-elkrief-919077.html\n\n-&#8220;Le PS dans l&#8217;impasse&#8221; (Christophe Barbier; vid\u00e9o) : http:\/\/www.bfmtv.com\/mediaplayer\/video\/l-edito-de-christophe-barbier-le-ps-dans-l-impasse-919191.html\n\n-&#8220;Le dr\u00f4le de come back de Valls&#8221; (Marcelo Welfreid du &#8220;Figaro&#8221;; son) : https:\/\/www.franceinter.fr\/emissions\/histoires-politiques\/histoires-politiques-01-mars-2017\n\n<strong>-Caroline de Hass se lance dans le XVIIIe arrondissement de Paris face \u00e0 la ministre du Travail Myriam El Khomri (Maxence Kagni) : <\/strong> http:\/\/www.lcp.fr\/actualites\/legislatives-caroline-de-haas-se-lance-dans-le-18e-arrondissement-de-paris-face-el-khomri\n\n-&#8220;Manuel Valls avait raison, il y a en France deux gauches irr\u00e9conciliables&#8221; (Alain Duhamel; vid\u00e9o) : http:\/\/www.rtl.fr\/actu\/politique\/manuel-valls-avait-raison-il-y-a-en-france-deux-gauches-irreconciliables-7787466423\n\n<strong>-&#8220;Hamon, le frondeur frond\u00e9&#8221; (Thomas Legrand; son) : <\/strong> https:\/\/www.franceinter.fr\/emissions\/l-edito-politique\/l-edito-politique-01-mars-2017\n\n-Pr\u00e9sident de l&#8221;Assembl\u00e9e de Corse, Jean-Guy Talamoni ne votera pas \u00e0 l&#8217;\u00e9lection pr\u00e9sidentielle (Richard Werly) : https:\/\/www.letemps.ch\/monde\/2017\/02\/28\/jeanguy-talamoni-corse-autrement?utm_source\n \n-Fran\u00e7ois Hollande, premier pr\u00e9sident en exercice \u00e0 visiter les francs-ma\u00e7ons (vid\u00e9o) :  http:\/\/www.lemonde.fr\/politique\/video\/2017\/02\/28\/francois-hollande-premier-president-en-exercice-a-visiter-les-francs-macons_5086843_823448.html\n\n-&#8220;Nous sommes pass\u00e9s \u00e0 190 000 adh\u00e9rents et \u00e0 10 000 candidatures. Il faut casser la barri\u00e8re financi\u00e8re du co\u00fbt de la campagne. Tout sortant n&#8217;a pas un droit \u00e0 l&#8217;investiture, tout ralliement non plus. Il y a des tas de gens de gauche qui ne se reconnaissent pas dans le programme de Beno\u00eet Hamon et des tas de gens de droite qui ne se reconnaissent pas dans la faute de Fran\u00e7ois Fillon&#8221; (Jean-Paul Delevoye, ancien ministre de Jacques Chirac, responsable des investitures de &#8220;En Marche&#8221;; invit\u00e9 de Caroline Roux; vid\u00e9o) : http:\/\/www.france2.fr\/emissions\/telematin\/actu\/les-4-verites-jean-paul-delevoye_556363\n\n-&#8220;Emmanuel Macron est un raisonnable qui ose tout&#8221; (Yves Thr\u00e9ard  du &#8220;Figaro&#8221;; vid\u00e9o) : http:\/\/www.europe1.fr\/emissions\/ledito-politique-dyves-threard\/emmanuel-macron-est-un-raisonnable-qui-ose-tout-2990837\n\n-&#8220;Les d\u00e9put\u00e9s, jeunes ou moins jeunes sont us\u00e9s et \u00e9coeur\u00e9s&#8221; (Alba Ventura; vid\u00e9o) : http:\/\/www.rtl.fr\/actu\/politique\/les-deputes-jeunes-et-moins-jeunes-sont-uses-et-ecoeures-constate-alba-ventura-7787470195\n\n-&#8220;Fran\u00e7ois Fillon est le seul candidat \u00e0 l&#8217;\u00e9lection pr\u00e9sidentielle qui est en position de disposer d&#8217;une vraie majorit\u00e9, une majorit\u00e9 absolue quasiment garantie pour r\u00e9former. L&#8217;UDI disposera de  68 circonscriptions gagnables alors qu&#8217;elle a 28 sortants&#8221; (Bernard Accoyer, secr\u00e9taire g\u00e9n\u00e9ral LR, interrog\u00e9 par Elizabeth Martichoux; vid\u00e9o) :  http:\/\/www.rtl.fr\/actu\/politique\/les-deputes-jeunes-et-moins-jeunes-sont-uses-et-ecoeures-constate-alba-ventura-7787470195\n\n-&#8220;Cette campagne est surr\u00e9aliste. Elle ne ressemble \u00e0 rien. Je veux qu&#8217;on remette les sujets sur la table. Le salon de l&#8217;agriculture, c&#8217;est devenu du showbizz, ce n&#8217;est pas ce qui sauvera les agriculteurs. Je n&#8217;ai pas voulu r\u00e9pondre \u00e0 ceux qui se tournaient vers moi quand les difficult\u00e9s de Fran\u00e7ois Fillon \u00e9taient grandes&#8221; (Laurent Wauquiez, vice-pr\u00e9sident des R\u00e9publicains, interrog\u00e9 par Audrey Crespo-Mara; vid\u00e9o) :  http:\/\/www.lci.fr\/replay\/l-invite-politique-de-8h15-du-1er-mars-2017-laurent-wauquiez-vice-president-des-republicains-2027706.html%3Ftype=content\n\n-&#8220;Je ne connais personne qui mettrait sa main \u00e0 couper que l&#8217;\u00e9lection de Marine le Pen est impossible. Avec les casseroles, on n&#8217;est d\u00e9j\u00e0 pas loin de l&#8217;agroalimentaire. Le coeur du programme de Fran\u00e7ois Fillon, c&#8217;est celui de la primaire. Marine Le Pen va ruiner le pays&#8221; (Eric Woerth, conseiller politique de la campagne de Fran\u00e7ois Fillon; invit\u00e9 de &#8220;Territoires d&#8217;Infos; vid\u00e9o, amener le curseur sur 3:30) : https:\/\/www.publicsenat.fr\/emission\/territoires-d-infos\/eric-woerth-54180\n\n-&#8220;Ce qui est \u00e9vident, c&#8217;est que Fran\u00e7ois Fillon ne peut pas faire campagne. Comment voulez-vous faire campagne, dans la situation o\u00f9 il est, en accusant tout le monde d&#8217;avoir trop d\u00e9pens\u00e9 et en demandant \u00e0 tous de maintenant se serrer la ceinture&#8221; (Henri Guaino, d\u00e9put\u00e9 LR des Yvelines, candidat \u00e0 l&#8217;\u00e9lection pr\u00e9sidentielle; face \u00e0 Jean-Jacques Bourdin; vid\u00e9o) : http:\/\/www.bfmtv.com\/mediaplayer\/video\/henri-guaino-face-a-jean-jacques-bourdin-en-direct-919201.html\n\n<strong>-Malgr\u00e9 sa convocation par les juges le 15 mars, en vue d&#8217;une mise en examen, Fran\u00e7ois Fillon continue (sa d\u00e9claration; vid\u00e9o) : <\/strong> http:\/\/www.francetvinfo.fr\/politique\/francois-fillon\/affaires-fillon\/video-presidentielle-regardez-l-integralite-de-la-declaration-de-francois-fillon_2076453.html\n\n-&#8220;Qui imagine le G\u00e9n\u00e9ral De Gaulle mis en examen ?&#8221; (Fran\u00e7ois Fillon, le 28 ao\u00fbt 2016; Maxence Kagni; vid\u00e9o) : http:\/\/www.lcp.fr\/la-politique-en-video\/archives-fillon-qui-imagine-le-general-de-gaulle-mis-en-examen\n\n-&#8220;C&#8217;est tr\u00e8s, tr\u00e8s grave&#8221; (l&#8217;eurod\u00e9put\u00e9e LR Nadine Morano; vid\u00e9o) : http:\/\/www.bfmtv.com\/mediaplayer\/video\/c-est-tres-tres-grave-la-colere-de-nadine-morano-apres-l-intervention-de-francois-fillon-919369.html\n\n-&#8220;Bruno Le Maire, d\u00e9put\u00e9 LR de l&#8217;Eure, et ses proches, claquent la porte&#8221; : http:\/\/www.francetvinfo.fr\/politique\/francois-fillon\/affaires-fillon\/maintien-de-la-candidature-de-francois-fillon-bruno-le-maire-et-ses-proches-quittent-le-navire_2076539.html\n\n-Pierre Lellouche, d\u00e9put\u00e9 LR de Paris, demande &#8220;le retrait de Fran\u00e7ois Fillon et le report de l&#8217;\u00e9lection pr\u00e9sidentielle&#8221; : http:\/\/lelab.europe1.fr\/le-filloniste-pierre-lellouche-demande-le-retrait-de-francois-fillon-et-le-report-de-la-presidentielle-2991461\n\n-Premi\u00e8res d\u00e9fections (vid\u00e9o) : http:\/\/www.francetvinfo.fr\/politique\/bruno-le-maire\/francois-fillon-premieres-defections-pour-le-candidat-de-la-droite-a-la-presidentielle_2077051.html\n\n-L&#8217;UDI suspend sa participation \u00e0 la campagne de Fran\u00e7ois Fillon : http:\/\/www.bfmtv.com\/politique\/l-udi-suspend-sa-participation-a-la-campagne-de-fillon-1113038.html\n\n-La r\u00e9action de Dominique Bussereau, d\u00e9put\u00e9 LR de Charente-Maritime, au micro de RTL (son) : http:\/\/www.rtl.fr\/actu\/societe-faits-divers\/francois-fillon-est-courageux-selon-dominique-bussereau-depute-lr-7787480671\n\n<strong>-Celle de Pierre Laurent (vid\u00e9o) : <\/strong> https:\/\/www.publicsenat.fr\/article\/politique\/conference-de-francois-fillon-les-reactions-a-gauche-56380\n\n<em>-Le communiqu\u00e9 du Pr\u00e9sident de la R\u00e9publique : <\/em> http:\/\/www.elysee.fr\/communiques-de-presse\/article\/communique-du-president-de-la-republique\/\n\n-&#8220;Fran\u00e7ois Fillon ab\u00eeme nos institutions&#8221; (la ministre de la Famille Laurence Rossignol; vid\u00e9o) : http:\/\/www.lcp.fr\/la-politique-en-video\/laurence-rossignol-francois-fillon-abime-nos-institutions\n\n-&#8220;Il est dangereux pour la d\u00e9mocratie. Il reprend certains des arguments (de Marine Le Pen) contre la justice. La recomposition se fera, je la veux avec une gauche forte qu&#8217;incarne Beno\u00eet Hamon qui doit faire des efforts pour rassembler son camp&#8221; (elle \u00e9tait l&#8217;invit\u00e9e de Laurence Ferrari et a pr\u00e9sent\u00e9 le plan contre les violences faites aux enfants; vid\u00e9o) : \nhttp:\/\/www.cnews.fr\/chroniques\/invite-laurence-ferrari\/laurence-rossignol-invitee-de-laurence-ferrari-173288\n\n<strong>-&#8220;Les politiques disent que la justice est trop lente et l\u00e0, ils disent qu&#8217;elle va trop vite&#8221; (l&#8217;ancien procureur Eric De Montgolfier; vid\u00e9o) : <\/strong> http:\/\/www.europe1.fr\/politique\/affaire-fillon-les-politiques-disent-que-la-justice-est-trop-lente-et-aujourdhui-on-dit-quelle-va-trop-vite-2991611\n\n-Il \u00e9tait l&#8217;invit\u00e9 du &#8220;Club de la Presse&#8221; d&#8217;Europe 1 (son, amener le curseur sur 17:40) : http:\/\/www.europe1.fr\/emissions\/le-club-de-la-presse\/europe-soir-le-club-de-la-presse-florence-portelli-et-eric-de-mongolfier-01032017-2991635\n\n-D&#8217;autres r\u00e9actions : http:\/\/www.sudradio.fr\/Politique\/Politique\/Bientot-mis-en-examen-Fillon-se-maintient-les-reactions-politiques\n\n-&#8220;Fran\u00e7ois Fillon ne conteste pas le travail de la justice mais l&#8217;orchestration de ces r\u00e9v\u00e9lations&#8221; (Val\u00e9rie P\u00e9cresse, pr\u00e9sidente LR de la r\u00e9gion Ile-de-France, interrog\u00e9e par Ruth Elkrief; vid\u00e9o) : http:\/\/www.bfmtv.com\/mediaplayer\/video\/valerie-pecresse-francois-fillon-ne-conteste-pas-le-travail-de-la-justice-mais-l-orchestration-de-ces-revelations-919519.html\n\n-&#8220;C&#8217;est une mise en oeuvre assez bizarre de la proc\u00e9dure. Nous ne nous laisserons pas voler cette \u00e9lection. L&#8217;accord avec l&#8217;UDI \u00e9tait tr\u00e8s confortable en circonscriptions. Leurs \u00e9lus ne suspendent pas leur participation \u00e0 la campagne. Pierre Lellouche a des convictions en \u00e9ventail &#8221; (Florence Portelli, porte-parole de Fran\u00e7ois Fillon; invit\u00e9e du &#8220;Club de la Presse&#8221; d&#8217;Europe 1; son) :  http:\/\/www.europe1.fr\/emissions\/le-club-de-la-presse\/europe-soir-le-club-de-la-presse-florence-portelli-et-eric-de-mongolfier-01032017-2991635\n\n-&#8220;Il est respectueux des institutions, ce n&#8217;est pas une guerre contre les juges, c&#8217;est la proc\u00e9dure qui est contest\u00e9e&#8221; (Bruno Retailleau, pr\u00e9sident du groupe LR \u00e0 l&#8217;Assembl\u00e9e nationale, interrog\u00e9 par Olivier Galzi; vid\u00e9o) : http:\/\/www.cnews.fr\/chroniques\/invite-olivier-galzi\/bruno-retailleau-invite-dolivier-galzi-173290\n\n-&#8220;Peut-il continuer sa campagne ?&#8221; (en d\u00e9bat chez Olivier Galzi sur CNews; vid\u00e9o) : http:\/\/www.cnews.fr\/chroniques\/grand-decryptage\/francois-fillon-peut-il-continuer-sa-campagne-173291\n\n<em>-Un Fran\u00e7ais sur quatre souhaite qu&#8217;il maintienne sa candidature (HARRIS) : <\/em> http:\/\/tempsreel.nouvelobs.com\/en-direct\/a-chaud\/34084-presidentielle-fillon-francais-quatre-souhaite-fillon-reste.html\n\n<strong>-&#8220;Plus de 50% des Fran\u00e7ais n&#8217;ont pas d\u00e9termin\u00e9 leur vote pour l&#8217;\u00e9lection pr\u00e9sidentielle. Le risque que Marine Le Pen soit \u00e9lue Pr\u00e9sidente de la R\u00e9publique est r\u00e9el&#8221; (J\u00e9r\u00f4me Chartier, conseiller sp\u00e9cial de Fran\u00e7ois Fillon, a r\u00e9pondu aux questions de Patrick Cohen et des auditeurs de France Inter; vid\u00e9os) :  <\/strong> https:\/\/www.franceinter.fr\/emissions\/l-invite-de-8h20\/l-invite-de-8h20-01-mars-2017\n\n-Il a confondu le programme \u00e9ducation de Fran\u00e7ois Fillon avec celui de Marine Le Pen (vid\u00e9o) : http:\/\/www.francetvinfo.fr\/elections\/presidentielle\/video-presidentielle-quand-un-soutien-de-francois-fillon-confond-son-programme-avec-celui-de-marine-le-pen_2076219.html\n\n-&#8220;C&#8217;est un peu facile d&#8217;aller toucher le cul des vaches quand on a assassin\u00e9 nos agriculteurs&#8221; (Nicolas Dupont-Aignan, candidat \u00e0 l&#8217;\u00e9lection pr\u00e9sidentielle; vid\u00e9o) : http:\/\/www.lcp.fr\/la-politique-en-video\/salon-de-lagriculture-cest-un-peu-facile-daller-toucher-le-cul-des-vaches\n\n-&#8220;Je ne veux pas laisser \u00e9lire Macron par suicide collectif de l&#8217;\u00e9tat-major des R\u00e9publicains&#8221; (vid\u00e9o) : http:\/\/www.lcp.fr\/la-politique-en-video\/dupont-aignan-je-ne-veux-pas-laisser-elire-macron-par-suicide-collectif-de\n\n-&#8220;Marine Le Pen a mis en garde contre les barbouzeries possibles d&#8217;un gouvernement qui n&#8217;a rien \u00e0 perdre, qui veut se succ\u00e9der \u00e0 lui-m\u00eame avec Macron&#8221;  (Florian Phillippot, vice-pr\u00e9sident du FN; invit\u00e9 de la matinale de Franceinfo; vid\u00e9o) :  http:\/\/www.dailymotion.com\/video\/x5dk6u8_pour-florian-philippot-la-presidente-du-fn-met-en-garde-contre-les-barbouzeries-possibles-du-gouvern_news\n\n-&#8220;Entre les deux tours, ce sera programme contre programme&#8221; (Wallerand de Saint-Just, tr\u00e9sorier du FN, face \u00e0 Fr\u00e9d\u00e9ric Rivi\u00e8re (vid\u00e9o) : http:\/\/www.rfi.fr\/video\/20170301-wallerand-saint-just-entre-deux-tours-sera-programme-contre-programme\n\n-&#8220;La non-venue de Fran\u00e7ois Fillon (au salon de l&#8217;agriculture) fait p\u00e2le figure pour un retour attendu&#8221; (Christophe Barbier; vid\u00e9o) :  https:\/\/www.dailymotion.com\/video\/x5dk6wz_la-non-venue-de-francois-fillon-fait-pale-figure-pour-un-retour-attendu-christophe-barbier-01-03-20_news\n\n-&#8220;Le salon de l&#8217;agriculture, un passage oblig\u00e9. Madame Le Pen attire plus d&#8217;un tiers du monde agricole&#8221; (Guillaume Tabard du &#8220;Figaro&#8221;; son du 1er mars) : https:\/\/www.radioclassique.fr\/radio\/emissions\/matinale-de-radio-classique\/22630-2\/\n\n-&#8220;Dans les r\u00e9seaux sociaux, les partisans de Donald Trump aux Etats-Unis se tournent vers la France pour soutenir Marine Le Pen et vers l&#8217;Allemagne pour faire battre Angela Merkel&#8221; (son du 1er mars) : https:\/\/www.radioclassique.fr\/radio\/emissions\/matinale-de-radio-classique\/journal-de-l-europe\/\n\n<strong>-&#8220;Les Fran\u00e7ais se sentent d\u00e9consid\u00e9r\u00e9s&#8221;  (Anne Nivet, auteure de &#8220;Dans quelle France on vit&#8221;; interrog\u00e9e par Yves Calvi; vid\u00e9o) <\/strong> : http:\/\/www.rtl.fr\/actu\/societe-faits-divers\/la-journaliste-anne-nivat-parle-du-fosse-entre-les-francais-et-les-politiques-7787472770\n\n<em>-Colonisation de l&#8217;Alg\u00e9rie, des m\u00e9moires toujours \u00e0 vif (IFOP) : <\/em> http:\/\/www.ifop.com\/?option=com_publication&#038;type=publication&#038;id=960\n\n<em>-Election pr\u00e9sidentielle et sant\u00e9 (BVA)<\/em>: http:\/\/www.bva-group.com\/sondages\/election-presidentielle-sante\/\n\n<em>-Les affaires Fillon et Le Pen (ELABE) <\/em> : http:\/\/elabe.fr\/affaires-fillon-pen\/\n  \n<em>-L&#8217;\u00e9ventualit\u00e9 d&#8217;une victoire de Marine Le Pen (IFOP) <\/em> : http:\/\/www.ifop.com\/?option=com_publication&#038;type=poll&#038;id=3671\n\n<em>-Le comportement \u00e9lectoral des agents de la fonction publique (IFOP) : <\/em> http:\/\/www.ifop.com\/?option=com_publication&#038;type=poll&#038;id=3670\n\n<em>-Le barom\u00e8tre d&#8217;image des agriculteurs (IFOP) :<\/em> http:\/\/www.ifop.com\/?option=com_publication&#038;type=poll&#038;id=3669\n\n<em>-Les intentions de vote \u00e0 l&#8217;\u00e9lection pr\u00e9sidentielle au 1er mars (IFOP) : <\/em> http:\/\/dataviz.ifop.com:8080\/HNS\/HNSAdmin\/start.appli?appid=60930&#038;logonUser=USERWEB&#038;logonPswcd=ZnJhbmNvaXNF\n\n<em>-Le m\u00eame (OPINION-WAY) :<\/em> https:\/\/www.opinion-way.com\/fr\/\n\n<em>-Les Fran\u00e7ais et les sondages (OPINION-WAY) <\/em> : https:\/\/www.opinion-way.com\/fr\/component\/edocman\/?task=document.viewdoc&#038;id=1545&#038;Itemid=0\n\n<strong>EUROPE-MONDE<\/strong>\n\n<strong>-La m\u00e9diatrice europ\u00e9enne ouvre une enqu\u00eate sur l&#8217;affaire Barroso (Janie Matthews) <\/strong> : http:\/\/www.euractiv.fr\/section\/justice-affaires-interieures\/news\/eu-watchdog-opens-probe-into-barrosogate\/?nl_ref\n\n-&#8220;Les dirigeants europ\u00e9ens cherchent l&#8217;inspiration aupr\u00e8s du pape&#8221; (Georgi Gotev) : http:\/\/www.euractiv.fr\/section\/l-europe-dans-le-monde\/news\/pope-francis-to-share-wisdom-with-eu-leaders-ahead-of-rome-summit\/?nl_ref\n\n<strong>-&#8220;Les \u00e9missions du transport maritime tuent des milliers de personnes chaque ann\u00e9e&#8221; (Samuel White) :<\/strong> https:\/\/www.euractiv.fr\/section\/sciences-legislation\/news\/les-emissions-du-transport-maritime-tuent-des-milliers-de-personnes-chaque-annee\/\n\n-Les Etats sceptiques sur les possibilit\u00e9s de les r\u00e9duire (James Crisp) : http:\/\/www.euractiv.fr\/section\/energie\/news\/eu-ministers-likely-to-oppose-eu-carbon-market-regulation-of-shipping\/?nl_ref\n\n-Pour Enrico Letta, ancien premier ministre italien, une victoire de la dirigeante du FN aux \u00e9lections fran\u00e7aises marquerait &#8220;le d\u00e9but de la fin&#8221; (Georgi Gotev) : http:\/\/www.euractiv.fr\/section\/elections\/news\/letta-if-le-pen-wins-its-game-over-for-eu\/?nl_ref\n\n-Le Brexit pousse l&#8217;Irlande \u00e0 diversifier ses sources \u00e9nerg\u00e9tiques (James Crisp) : http:\/\/www.euractiv.fr\/section\/energie\/news\/brexit-will-spur-irish-efforts-to-connect-to-eu-energy-market\/?nl_ref\n\n-&#8220;Au Pays-Bas, le populiste d&#8217;extr\u00eame-droite Geert Wilders aux portes du pouvoir&#8221; (vid\u00e9o) : http:\/\/www.francetvinfo.fr\/monde\/pays-bas\/pays-bas-le-populiste-geert-wilders-aux-portes-du-pouvoir_2076429.html\n\n<strong>-&#8220;La Bi\u00e9lorussie, un pont utile entre la Russie et l&#8217;Europe&#8221; (Emmanuel Dupuis, pr\u00e9sident de &#8220;L&#8217;institut prospective et s\u00e9curit\u00e9 en Europe&#8221;; son) : <\/strong> https:\/\/www.franceinter.fr\/emissions\/meridien-d-europe\/meridien-d-europe-01-mars-2017\n\n-les G\u00e9orgiens bient\u00f4t accueillis dans l&#8217;Union europ\u00e9enne sans visa (Ama Lorenz) : http:\/\/www.euractiv.fr\/section\/l-europe-dans-le-monde\/news\/eu-approves-visa-liberalisation-for-georgia\/?nl_ref\n\n-En Turquie, &#8220;les auteurs du putsch rat\u00e9 risquent six fois la perp\u00e9tuit\u00e9&#8221; (Marie J\u00e9go) : http:\/\/www.lemonde.fr\/proche-orient\/article\/2017\/02\/28\/a-mugla-en-turquie-les-auteurs-du-putsch-rate-contre-erdogan-risquent-six-fois-la-perpetuite_5087133_3218.html\n\n-L&#8217;arm\u00e9e irakienne poursuit son avanc\u00e9e dans Mossoul (vid\u00e9o) : http:\/\/www.liberation.fr\/video\/2017\/02\/28\/l-armee-irakienne-reprend-un-pont-et-poursuit-son-avancee-dans-la-ville-de-mossoul_1551640?xtor\n\n<strong>-&#8220;Le bonheur de Tremp fait le malheur des Palestiniens&#8221; (Alain Brossat, professeur \u00e9m\u00e9rite de philosophie de l&#8217;Universit\u00e9 Paris VIII) :<\/strong> https:\/\/blogs.mediapart.fr\/edition\/les-mots-en-campagne\/article\/280217\/le-bonheur-de-trump-fait-le-malheur-des-palestiniens?utm_source\n\n&#8211;<strong>&#8220;20 millions de personnes menac\u00e9es par la famine en Afrique&#8221; (Rony Brauman, directeur d&#8217;\u00e9tudes \u00e0 la fondation &#8220;M\u00e9decins sana Fronti\u00e8res&#8221; et Sonia Legouriellec, enseignante \u00e0 Sciences Po Paris; invit\u00e9s de Guillaume Erner; sons et vid\u00e9o) :<\/strong> https:\/\/www.franceculture.fr\/emissions\/linvite-des-matins\/20-millions-de-personnes-menacees-par-la-famine-questions-sur-une-crise#xtor                                        https:\/\/www.franceculture.fr\/emissions\/linvite-des-matins-2eme-partie\/20-millions-de-personnes-menacees-par-la-famine-questions\n\n-Ce qu&#8217;il faut retenir du discours de Trump devant le Congr\u00e8s (Claude Fouquet et Fr\u00e9d\u00e9ric Autran) : https:\/\/www.lesechos.fr\/monde\/etats-unis\/0211840251460-ce-quil-faut-retenir-du-discours-de-trump-devant-le-congres-2068752.php           http:\/\/www.liberation.fr\/planete\/2017\/03\/01\/les-cinq-points-essentiels-du-discours-de-donald-trump-face-au-congres_1551820?xtor\n\n<strong>-Le discours (avec sa traduction; vid\u00e9o) :<\/strong> https:\/\/www.youtube.com\/watch?v=YW0lczH3VEE\n\n-&#8220;Enfin pr\u00e9sident ! mais sur le fond, rien ne change&#8221; (Fran\u00e7ois Durpaire; son du 1er mars) :  https:\/\/www.radioclassique.fr\/radio\/emissions\/matinale-de-radio-classique\/l-invite-du-matin\/\n\n-Ce qu&#8217;en pense BHL, interrog\u00e9 par Audrey Crespo-Mara (vid\u00e9o) : http:\/\/www.lci.fr\/replay\/l-invite-de-8h45-du-1er-mars-2017-bernard-henri-levy-philosophe-et-realisateur-2027708.html%3Ftype=content\n\n-Cinq phrases des discours sur l&#8217;\u00e9tat de l&#8217;Union de Barack Obama (vid\u00e9o) : http:\/\/www.liberation.fr\/video\/2017\/02\/28\/les-cinq-derniers-discours-d-obama-sur-l-etat-de-l-union-en-cinq-phrases_1551671?xtor\n\n-A l&#8217;ONU, la Russie et la Chine mettent leur veto contre des sanctions visant la Syrie (vid\u00e9o) :  http:\/\/tempsreel.nouvelobs.com\/en-direct\/a-chaud\/34029-syrie-russie-chine-mettent-contre-sanctions-visant.html#xtor\n\n-&#8220;A Gen\u00e8ve, la Russie multiplie les rencontre bilat\u00e9rales pour tenter de sortir les n\u00e9gociations de l&#8217;enlisement&#8221; (St\u00e9phane Bussard) : https:\/\/www.letemps.ch\/monde\/2017\/02\/28\/russie-bute-complexite-moyenorientale-geneve?utm_source\n\n<strong>CULTURE-MEDIAS<\/strong>\n\n-L&#8217;ann\u00e9e 2017, ann\u00e9e Claudio Monteverdi pour le 450e anniversaire de sa naissance (demandez le programme; Sophie Bourdais) : http:\/\/www.telerama.fr\/musique\/bon-anniversaire-monsieur-monteverdi,154583.php#xtor\n\n<strong>-&#8220;L&#8217;Orfeo&#8221; \u00e0 l&#8217;Op\u00e9ra de Zurich, orchestre sous la direction de Nikolaus Harnoncourt (vid\u00e9o) <\/strong> : https:\/\/www.youtube.com\/watch?v=EcRFFmgVGlc\n\n<strong>-Le pianiste Piotr Anderszewski \u00e9tait l&#8217;invit\u00e9 de &#8220;Passion classique&#8221; d&#8217;Olivier Bellamy (son du 28 f\u00e9vrier) : <\/strong> https:\/\/www.radioclassique.fr\/radio\/emissions\/passion-classique\/\n\n-A Paris, &#8220;le Th\u00e9\u00e2tre 13&#8221; a r\u00e9ussi sa m\u00e9tamorphose (Aur\u00e9lien Ferenczi) : http:\/\/www.telerama.fr\/sortir\/a-paris-la-metamorphose-reussie-du-theatre-13,154781.php#xtor\n\n-&#8220;Mon coeur&#8221;, la voix des victimes du Mediator port\u00e9e \u00e0 la sc\u00e8ne (Jean-Fran\u00e7ois Lixon; vid\u00e9o) : http:\/\/culturebox.francetvinfo.fr\/theatre\/mon-coeur-la-voix-des-victimes-du-mediator-portee-a-la-scene-253111#xtatc=INT-44\n\n-Grand Corps Malade et Mehdi Idir racontent leur film &#8220;Patients&#8221; (Caroline Besse et Alice Gancel; vid\u00e9o) : http:\/\/www.telerama.fr\/cinema\/le-film-de-la-semaine-patients-raconte-par-grand-corps-malade-et-mehdi-idir,154565.php#xtor\n\n-Il \u00e9tait l&#8217;invit\u00e9 du &#8220;Grand Soir 3&#8221;, interrog\u00e9 par Francis Letellier (vid\u00e9o) :  http:\/\/www.francetvinfo.fr\/culture\/cinema\/patients-ou-l-histoire-de-la-reeducation-de-grand-corps-malade_2076375.html\n\n<strong>-Le n\u00b0 2 de &#8220;Cin\u00e9rama&#8221; (Samuel Douhaire et Fr\u00e9d\u00e9ric Strauss; vid\u00e9o) : <\/strong> http:\/\/www.telerama.fr\/cinema\/cinerama-l-emission-cinema-20th-century-women-patients,154797.php#xtor\n\n<strong>-&#8220;Casey Affleck, Oscar 2017 du meilleur acteur, &#8220;le marginal&#8221; (Fr\u00e9d\u00e9ric Strauss; vid\u00e9os) <\/strong> : http:\/\/www.telerama.fr\/cinema\/casey-affleck-le-marginal,154681.php#xtor\n\n-&#8220;Les Oubli\u00e9s&#8221;, le film de Martin Zandvliet, raconte l&#8217;histoire des d\u00e9mineurs des plages du Danemark en 1945 (Jacky Bornet; vid\u00e9os) : http:\/\/culturebox.francetvinfo.fr\/cinema\/critiques\/les-oublies-filme-avec-coeur-les-demineurs-du-danemark-de-1945-253101#xtatc\n\n<strong>-&#8220;Gaston Lagaffe, scientifique et ing\u00e9nieur de m\u00e9rite&#8221; (C\u00e9cile Michaut) : <\/strong> \nhttps:\/\/www.letemps.ch\/sciences\/2017\/02\/28\/gaston-lagaffe-scientifique-ingenieur-merite?utm_source\n\n<strong>-La nouvelle formule de &#8220;l&#8217;Express&#8221; (Guillaume Dubois, directeur de la r\u00e9daction \u00e9tait l&#8217;invit\u00e9 de Sonia Devillers; vid\u00e9o, amener le curseur sur 3:30) : <\/strong> \nhttps:\/\/www.franceinter.fr\/emissions\/l-instant-m\/l-instant-m-01-mars-2017\n\n<strong>-&#8220;Le streaming va plus vite que la musique&#8221; (Christophe Alix) : <\/strong> http:\/\/www.liberation.fr\/futurs\/2017\/02\/28\/le-streaming-va-plus-vite-que-la-musique_1551784?xtor\n\n-&#8220;Il relance l&#8217;industrie du disque&#8221; (Christian Menanteau; vid\u00e9o) : http:\/\/www.rtl.fr\/culture\/musique\/le-streaming-relance-le-marche-du-disque-7787469943\n\n-&#8220;Nous ne sommes pas rentables parce que nous investissons beaucoup&#8221; (Bruno Crolot, le directeur g\u00e9n\u00e9ral de Spotify, parmi les leaders dans le streaming; interrog\u00e9 par Nicolas Pierron; vid\u00e9o) : https:\/\/www.dailymotion.com\/video\/x5dk4fb_nous-ne-sommes-pas-rentables-car-nous-investissons-beaucoup-bruno-crolot-01-03-2017_news\n\n-Retrouver Lowell George avec Fran\u00e7ois Gorin (sons) : \nhttp:\/\/www.telerama.fr\/musique\/lowell-george-un-pique-nique-soul-et-puis-s-en-va,154763.php#xtor\n\n<strong>-&#8220;Fishbach, une des r\u00e9v\u00e9lations les plus envo\u00fbtantes de l&#8217;ann\u00e9e&#8221; (invit\u00e9e d&#8217;Augustin Trapenard; son) :<\/strong> https:\/\/www.franceinter.fr\/emissions\/boomerang\/boomerang-01-mars-2017\n\n<strong>-La tourn\u00e9e &#8220;L&#8217;\u00e2ge d&#8217;or du rap&#8221; d\u00e9bute demain \u00e0 Clermont-Ferrand (vid\u00e9os) : <\/strong> http:\/\/culturebox.francetvinfo.fr\/musique\/rap\/apres-la-tournee-age-tendre-les-rappeurs-des-annees-90-font-dans-la-nostalgie-253105#xtatc\n\n<strong>-&#8220;Priscilla, folle du d\u00e9sert&#8221; au Casino de Paris (Rebecca Manzoni; vid\u00e9o) : <\/strong> https:\/\/www.franceinter.fr\/emissions\/pop-co\/pop-co-01-mars-2017\n\n-Lambert Wilson chante Montand sur sc\u00e8ne (vid\u00e9o) : http:\/\/www.cnews.fr\/chroniques\/la-chronique-culture\/lambert-wilson-chante-montand-en-live-173279\n\n<strong>-&#8220;Shia Labeouf et Yann Barth\u00e8s touchent le fond&#8221; (Emmanuelle Skyvington; vid\u00e9os) <\/strong> : http:\/\/www.telerama.fr\/medias\/shia-labeouf-et-yann-barthes-touchent-le-fond,154631.php#xtor\n\n-&#8220;Le tempo au bout des pieds sur TSF Jazz&#8221; (Carole Lefran\u00e7ois) : http:\/\/www.telerama.fr\/sortir\/a-paris-la-metamorphose-reussie-du-theatre-13,154781.php#xtor\n\n<strong>-Sur &#8220;Mediapart&#8221;, la mis\u00e8re de la lutte contre la corruption; le FN peut-il l&#8217;emporter ? et Pierre Larrouturou, candidat \u00e0 l&#8217;\u00e9lection pr\u00e9sidentielle, face \u00e0 la r\u00e9daction (vid\u00e9o en acc\u00e8s libre) <\/strong> : http:\/\/www.elysee.fr\/communiques-de-presse\/article\/communique-du-president-de-la-republique\/\n\n-&#8220;Jean-Pierre Elkabbach r\u00e8gle ses comptes avec ses anciens patrons&#8221; (Marc Baudriller; son du 1er mars) : https:\/\/www.radioclassique.fr\/radio\/emissions\/matinale-de-radio-classique\/la-vie-des-medias\/\n\n-Et parmi ses premiers invit\u00e9s, il y a&#8230;BHL ! (vid\u00e9o) : http:\/\/www.cnews.fr\/chroniques\/linvite-de-jean-pierre-elkabbach\/linvite-de-jean-pierre-elkabbach-du-01032017-173272\n\n-YouTube lance une offre de t\u00e9l\u00e9vision payante en ligne : http:\/\/siliconvalley.blog.lemonde.fr\/2017\/03\/01\/youtube-lance-une-offre-de-television-payante\/\n\n<strong>-&#8220;Un brelan de trois valets des R\u00e9publicains&#8221; (Nicole Ferroni; vid\u00e9o) : <\/strong> https:\/\/www.franceinter.fr\/emissions\/le-billet-de-nicole-ferroni\/le-billet-de-nicole-ferroni-01-mars-2017\n\n<strong>-&#8220;Les candidats tous d&#8217;accord pour faire gagner&#8230;Marine Le Pen&#8221; (Charline Vanhoenacker; vid\u00e9o) <\/strong> :  https:\/\/www.franceinter.fr\/emissions\/le-billet-de-charline-vanhoenacker\/le-billet-de-charline-vanhoenacker-01-mars-2017\n<h2 class=\"wp-block-heading\">Documents joints<\/h2>\n\n\n\n<div class=\"wp-block-file\"><a href=\"https:\/\/wp.muchomaas.com\/wp-content\/uploads\/2017\/03\/edito_hd-2c0.pdf\">edito_hd.pdf<\/a><\/div>\n\n\n","protected":false},"excerpt":{"rendered":"<p>ACTUALITE -L&#8217;emploi &#8220;aux 4 000&#8221; de La Courneuve (93; G\u00e9raldine Hallot; son) : https:\/\/www.franceinter.fr\/emissions\/le-zoom-de-la-redaction\/le-zoom-de-la-redaction-01-mars-2017 -Sanofi condamn\u00e9 pour recours abusif au travail int\u00e9rimaire (Claire Padych) : http:\/\/lentreprise.lexpress.fr\/rh-management\/droit-travail\/sanofi-condamne-pour-recours-abusif-au-travail-interimaire_1884337.html?PMSRC_CAMPAIGN -Du sport sur ordonnance (le neurochirurgien Philippe Pencalet, invit\u00e9 de Dimitri Pavlenko; son) : http:\/\/www.sudradio.fr\/Podcasts\/L-invite-pour-comprendre\/Docteur-Philippe-Pencalet-neurochirurgien -Les violences faites aux enfants (Me Marie Grimaud; son) : http:\/\/www.sudradio.fr\/Podcasts\/L-invite-pour-comprendre\/Maitre-Marie-Grimaud-avocat-de-l-association-Innocence-en-danger2 -Victimes de harc\u00e8lement, [&hellip;]<\/p>\n","protected":false},"author":1042,"featured_media":0,"comment_status":"open","ping_status":"open","sticky":false,"template":"","format":"standard","meta":{"_themeisle_gutenberg_block_has_review":false,"footnotes":""},"categories":[151],"tags":[],"class_list":["post-10232","post","type-post","status-publish","format-standard","hentry","category-la-revue-de-presse-de-lulu"],"_links":{"self":[{"href":"https:\/\/archives.regards.fr\/index.php?rest_route=\/wp\/v2\/posts\/10232","targetHints":{"allow":["GET"]}}],"collection":[{"href":"https:\/\/archives.regards.fr\/index.php?rest_route=\/wp\/v2\/posts"}],"about":[{"href":"https:\/\/archives.regards.fr\/index.php?rest_route=\/wp\/v2\/types\/post"}],"author":[{"embeddable":true,"href":"https:\/\/archives.regards.fr\/index.php?rest_route=\/wp\/v2\/users\/1042"}],"replies":[{"embeddable":true,"href":"https:\/\/archives.regards.fr\/index.php?rest_route=%2Fwp%2Fv2%2Fcomments&post=10232"}],"version-history":[{"count":0,"href":"https:\/\/archives.regards.fr\/index.php?rest_route=\/wp\/v2\/posts\/10232\/revisions"}],"wp:attachment":[{"href":"https:\/\/archives.regards.fr\/index.php?rest_route=%2Fwp%2Fv2%2Fmedia&parent=10232"}],"wp:term":[{"taxonomy":"category","embeddable":true,"href":"https:\/\/archives.regards.fr\/index.php?rest_route=%2Fwp%2Fv2%2Fcategories&post=10232"},{"taxonomy":"post_tag","embeddable":true,"href":"https:\/\/archives.regards.fr\/index.php?rest_route=%2Fwp%2Fv2%2Ftags&post=10232"}],"curies":[{"name":"wp","href":"https:\/\/api.w.org\/{rel}","templated":true}]}}