{"id":10227,"date":"2017-03-01T06:20:17","date_gmt":"2017-03-01T05:20:17","guid":{"rendered":"https:\/\/wp.muchomaas.com\/article-la-revue-du-1er-mars-2017\/"},"modified":"2017-03-01T06:20:17","modified_gmt":"2017-03-01T05:20:17","slug":"article-la-revue-du-1er-mars-2017","status":"publish","type":"post","link":"https:\/\/archives.regards.fr\/?p=10227","title":{"rendered":"La Revue du 1er mars 2017"},"content":{"rendered":"<p><strong>ACTUALITE<\/strong><\/p>\n<p>-Un an apr\u00e8s les manifs contre la loi Travail (vid\u00e9o; amener le curseur sur 14:40) : http:\/\/www.francetvinfo.fr\/replay-jt\/france-3\/soir-3\/jt-grand-soir-3-lundi-27-fevrier-2017_2067345.html<\/p>\n<p>-&#8220;Les agriculteurs se mobilisent contre le r\u00e9chauffement climatique&#8221; (Baptiste Gaborit; son du 28 f\u00e9vrier) : https:\/\/www.radioclassique.fr\/radio\/emissions\/matinale-de-radio-classique\/3-minutes-planete\/<\/p>\n<p>-Jean-Luc M\u00e9lenchon, promoteur d&#8217;une agriculture bio (vid\u00e9o) : http:\/\/www.lcp.fr\/la-politique-en-video\/melenchon-promoteur-dune-agriculture-bio<\/p>\n<p>-Les dirigeants du FN au Salon de l&#8217;Agriculture (vid\u00e9o) : http:\/\/newscdn.newsrep.net\/h5\/nrvideo.html?r=3&#038;lan=fr_FR&#038;pid=14&#038;id=oE97e0bbbsM_fr&#038;app_lan=fr_FR&#038;mcc<\/p>\n<p><strong>-Pierre Rabhy lance l&#8217;appel des Colibris aux candidats \u00e0 l&#8217;\u00e9lection pr\u00e9sidentielle (Nathalie Fontrel; son) : <\/strong> https:\/\/www.franceinter.fr\/emissions\/planete-environnement\/planete-environnement-28-fevrier-2017<\/p>\n<p><strong>-&#8220;Sur l&#8217;\u00e9cologie, alors qu&#8217;on pouvait s&#8217;attendre \u00e0 ce qu&#8217;elle soit trait\u00e9e \u00e0 la marge, il y a une forme d&#8217;\u00e9mulation entre les candidats. A sa demande, je vais rencontrer Fran\u00e7ois Fillon. La conversion de Jean-Luc M\u00e9lenchon ne date pas d&#8217;aujourd&#8217;hui. J&#8217;attends que l&#8217;\u00e9cologie ne soit pas trait\u00e9e comme une variable mais comme une vision globale coh\u00e9rente. Mon r\u00f4le n&#8217;est pas de soutenir un candidat&#8221; (Nicolas Hulot, pr\u00e9sident de &#8220;La Fondation pour la nature et l&#8217;homme&#8221;, invit\u00e9 d&#8217;Audrey Crespo-Mara; vid\u00e9o, amener le curseur sur 10:28) : <\/strong> http:\/\/www.lci.fr\/replay\/l-invite-politique-de-8h15-du-28-fevrier-2017-nicolas-hulot-president-de-la-fondation-pour-la-nature-et-l-homme-2027587.html%3Ftype=content<\/p>\n<p>-Le projet d&#8217;enfouissement de d\u00e9chets nucl\u00e9aires \u00e0 Bure fragilis\u00e9 par une d\u00e9cision de justice (Ang\u00e9lique N\u00e9groni) : http:\/\/www.lefigaro.fr\/flash-eco\/2017\/02\/28\/97002-20170228FILWWW00135-bure-le-projet-d-enfouissement-de-dechets-nucleaires-fragilise-par-une-decision-de-justice.php<\/p>\n<p><strong>-Fran\u00e7ois Hollande a inaugur\u00e9 la ligne \u00e0 grande vitesse Tours-Bordeaux (vid\u00e9o) :<\/strong> http:\/\/www.elysee.fr\/videos\/new-video-102\/#content<\/p>\n<p>-Pendant son discours, un policier charg\u00e9 de sa protection a tir\u00e9 (vid\u00e9o) : http:\/\/www.francetvinfo.fr\/economie\/emploi\/metiers\/armee-et-securite\/tir-accidentel-en-charente-une-enquete-a-ete-ouverte_2075797.html<\/p>\n<p>-&#8220;Avec Mobile First&#8221;, nous serons la banque de la d\u00e9mocratisation&#8221; (R\u00e9my Weber, pr\u00e9sident de &#8220;La Banque postale&#8221;, interrog\u00e9 par Nicolas Pierron; vid\u00e9o) : https:\/\/www.dailymotion.com\/video\/x5dh6sg_avec-mobile-first-nous-serons-la-banque-de-la-democratisation-remy-weber-28-02-2017_news<\/p>\n<p>-&#8220;S&#8217;est-on tromp\u00e9 de cible contre la maladie d&#8217;Alzheimer ?&#8221; (Marie-Laure Th\u00e9odule) : https:\/\/www.letemps.ch\/sciences\/2017\/02\/27\/seston-trompe-cible-contre-maladie-dalzheimer?utm_source<\/p>\n<p><strong>-&#8220;Ce qu&#8217;il faut faire rentrer \u00e0 l&#8217;\u00e9cole, c&#8217;est la spiritualit\u00e9&#8221; (le linguiste Alain Bentolila, auteur de &#8220;L&#8217;\u00e9cole contre la barbarie&#8221;, \u00e9tait l&#8217;invit\u00e9 du JT de France 2. Il \u00e9tait interrog\u00e9 par Marie-Sophie Lacarrau; vid\u00e9o) : <\/strong> http:\/\/www.francetvinfo.fr\/economie\/emploi\/metiers\/art-culture-edition\/education-faut-il-faire-entrer-dieu-en-classe_2075483.html<\/p>\n<p><em>-les Fran\u00e7ais et la formation professionnelle (BVA) : <\/em><br \/>\nhttp:\/\/www.bva-group.com\/sondages\/francais-formation-professionnelle\/<\/p>\n<p>-A Paris, le nouveau centre pour migrants d\u00e9j\u00e0 satur\u00e9 (Isma\u00ebl Halissat) : http:\/\/www.liberation.fr\/france\/2017\/02\/27\/a-paris-le-nouveau-centre-pour-migrants-deja-sature_1551416?xtor<\/p>\n<p><strong>-&#8220;Ce que disent le rapport de l&#8217;IGPN et divers t\u00e9moignages sur l&#8217;affaire Th\u00e9o&#8221; (Fr\u00e9d\u00e9ric Ploquin) : <\/strong>   https:\/\/www.marianne.net\/societe\/ce-que-disent-le-rapport-de-l-igpn-et-les-temoignages-sur-l-affaire-theo?utm_campaign<\/p>\n<p><strong>-&#8220;Les nouvelles r\u00e9v\u00e9lations des Panama Papers&#8221;  (&#8220;Cash Impact&#8221; pr\u00e9sent\u00e9 par Elise Lucet; vid\u00e9o, \u00e0 voir ici pendant 6 jours) : <\/strong> http:\/\/pluzz.francetv.fr\/videos\/cash_impact.html<\/p>\n<p><strong>POLITIQUE<\/strong><\/p>\n<p><strong>-&#8220;L&#8217;ennemi, c&#8217;est toujours la finance !&#8221; (la rencontre des forces de gauche et \u00e9cologistes, initi\u00e9e par Pierre Laurent \u00e0 la Bellevilloise; vid\u00e9o) :  <\/strong> https:\/\/www.youtube.com\/watch?v=CZB5tyNzI14<\/p>\n<p>-&#8220;Je ne m\u00e9nagerai pas mes efforts pour continuer \u00e0 faire \u00e9merger dans le d\u00e9bat public des propositions communes parce que je veux faire la d\u00e9monstration qu&#8217;il y a entre ces forces de gauche tellement de choses communes. Ainsi, ce soir, je les invite toutes \u00e0 Paris pour une rencontre sur le th\u00e8me : &#8220;l&#8217;ennemi, c&#8217;est toujours la finance&#8221;. En menant la campagne de Jean-Luc M\u00e9lenchon comme je l&#8217;ai dit, je continuerai cet effort. Marine Le Pen a salu\u00e9 Donald Trump qui double le budget militaire des Etats-Unis. Emmanuel Macron n&#8217;est pas mon candidat mais je ne laisserai jamais pass\u00e9 Marine Le Pen&#8221; (Pierre Laurent, invit\u00e9 de Caroline Roux; vid\u00e9o) :  http:\/\/www.francetvinfo.fr\/culture\/livres\/4-verites-le-pc-va-continuer-a-tenter-de-rassembler-hamon-et-melenchon_2075197.html<\/p>\n<p>-&#8220;Avec Hamon, nos \u00e9lectorats ne s&#8217;additionnent pas&#8221; (Jean-Luc M\u00e9lenchon; vid\u00e9o) : http:\/\/www.europe1.fr\/politique\/melenchon-avec-hamon-nos-electorats-ne-sadditionnent-pas-2990567<\/p>\n<p>-&#8220;C&#8217;est le moment o\u00f9 les gens ne croient plus \u00e0 rien&#8221; (vid\u00e9o) : http:\/\/www.europe1.fr\/politique\/pour-melenchon-la-situation-avant-la-presidentielle-est-quasiment-pre-revolutionnaire-2990582<\/p>\n<p><strong>-Il \u00e9tait l&#8217;invit\u00e9 du &#8220;Club de la Presse&#8221; d&#8217;Europe 1; son) : <\/strong> http:\/\/www.europe1.fr\/emissions\/le-club-de-la-presse\/europe-soir-le-club-de-la-presse-jean-luc-melenchon-2990594<\/p>\n<p>-Son meeting \u00e0 Brest (vid\u00e9o) : https:\/\/www.youtube.com\/watch?v=WNwngAR4xg4<\/p>\n<p><strong>-Son programme&#8230;en BD :<\/strong> http:\/\/www.melakarnets.com\/<\/p>\n<p>-Le 19e \u00e9pisode de sa &#8220;Revue de la semaine&#8221; (vid\u00e9o) : https:\/\/www.youtube.com\/watch?v=fyrAg_pReTY<\/p>\n<p><strong>-&#8220;La question europ\u00e9enne n&#8217;est pas que programmatique car elle permet ou pas de mettre en oeuvre une autre politique en France. On n&#8217;a aucune sympathie pour M.Poutine et on est contre sa politique int\u00e9rieure. Mais ne confondons pas cela avec une analyse g\u00e9ostrat\u00e9gique dans laquelle on ne peut ignorer la Russie&#8221; (Danielle Simonnet, porte-parole de Jean-Luc M\u00e9lenchon, interrog\u00e9e par Eric Delvaux; son) :  <\/strong> https:\/\/www.franceinter.fr\/emissions\/l-invite-du-5-7\/l-invite-du-5-7-28-fevrier-2017<\/p>\n<p>-&#8220;Je regrette que l&#8217;on donne un spectacle de division&#8221; (Marie-Pierre Vieu, membre de la direction du PCF; propos recueillis par J\u00e9r\u00f4me Latta) : https:\/\/wp.muchomaas.com\/web\/article\/marie-pierre-vieu-le-choix-de-melenchon-ne-doit-pas-etre-fait-au-detriment-d-un<\/p>\n<p><strong>-&#8220;Beno\u00eet Hamon est dans une impasse strat\u00e9gique. Dans l&#8217;\u00e9tat actuel des choses, moi et des dizaines d&#8217;autres parlementaires, nous ne pouvons pas (lui) donner notre parrainage&#8221; (le secr\u00e9taire d&#8217;Etat Jean-Marie Le Guen, interrog\u00e9 par Elizabeth Martichoux; vid\u00e9o) :<\/strong> http:\/\/www.rtl.fr\/actu\/politique\/pour-jean-marie-le-guen-benoit-hamon-est-dans-une-impasse-strategique-7787454634?utm_campaign<\/p>\n<p>-&#8220;Qu&#8217;il ait le courage de rejoindre Emmanuel Macron&#8221; (J\u00e9r\u00f4me Guedj, porte-parole de Beno\u00eet Hamon; son) : http:\/\/www.rtl.fr\/actu\/societe-faits-divers\/jerome-guedj-que-jean-marie-le-guen-ait-le-courage-de-rejoindre-emmanuel-macron-7787460755<\/p>\n<p>-&#8220;Manuel Valls exprime son inqui\u00e9tude face \u00e0 la campagne de Beno\u00eet Hamon&#8221; (Bastien Bonnefous) : http:\/\/www.lemonde.fr\/election-presidentielle-2017\/article\/2017\/03\/01\/manuel-valls-exprime-son-inquietude-face-a-la-campagne-de-benoit-hamon_5087152_4854003.html<\/p>\n<p>-&#8220;En allant sur ce terrain (de la restructuration de la dette), Beno\u00eet Hamon donne tr\u00e8s fortement le sentiment de ne pas croire en ses chances de succ\u00e8s&#8221; (Dominique Seux des &#8220;Echos&#8221;; son) : https:\/\/www.franceinter.fr\/emissions\/l-edito-eco\/l-edito-eco-28-fevrier-2017<\/p>\n<p>-&#8220;Une alliance avec le PS est inenvisageable&#8221; (Yannick Jadot, le 27 octobre 2016, avant le 2e tour de la primaire \u00e9cologiste) : https:\/\/reporterre.net\/Yannick-Jadot-Une-alliance-avec-le-PS-est-inenvisageable<\/p>\n<p>-&#8220;Il fallait une seule candidature. C&#8217;\u00e9tait Beno\u00eet Hamon qui \u00e9tait le mieux plac\u00e9 pour rassembler et l&#8217;emporter. Nous en appelons \u00e0 la responsabilit\u00e9 des \u00e9lecteurs de gauche qui ont la possibilit\u00e9 de le qualifier pour le 2e tour. J&#8217;entends beaucoup d&#8217;\u00e9lus communistes qui veulent travailler avec Beno\u00eet Hamon&#8221; (Aur\u00e9lie Filippetti, d\u00e9put\u00e9e PS de Moselle, ancienne ministre de la Culture, face \u00e0 Fr\u00e9d\u00e9ric Rivi\u00e8re; vid\u00e9o) : http:\/\/www.rfi.fr\/video\/20170228-aurelie-filippetti-deputee-ps-moselle-ancienne-ministre-culture<\/p>\n<p>-&#8220;Il y a Jean-Luc M\u00e9lenchon qui a re\u00e7u difficilement le soutien du PCF et qui refuse l&#8217;union&#8221; (Fran\u00e7ois Kalfon, soutien de Beno\u00eet Hamon, face \u00e0 Aurore Berger, qui est  de droite et qui soutient Emmanuel  Macron; son du 27 f\u00e9vrier) : https:\/\/www.radioclassique.fr\/radio\/emissions\/le-19h20h\/grand-debat-soir\/<\/p>\n<p>-Le conseiller r\u00e9gional PS d&#8217;Ile-de- France \u00e9tait l&#8217;invit\u00e9 de &#8220;Territoires d&#8217;Infos&#8221; (vid\u00e9o, amener le curseur sur 34:00) : http:\/\/www.dailymotion.com\/video\/x5dgvai_territoires-d-infos-28-02-2017_news<\/p>\n<p>-&#8220;Le programme de Beno\u00eet Hamon ne permet pas de gouverner.  Ce qui m&#8217;a d\u00e9termin\u00e9, c&#8217;est le ralliement de Fran\u00e7ois Bayrou&#8221; (Christophe Caresche, d\u00e9put\u00e9 PS de Paris, ralli\u00e9 \u00e0 Emmanuel Macron; invit\u00e9 de Jean-Pierre Elkabbach sur CNews; vid\u00e9o) :  http:\/\/www.cnews.fr\/chroniques\/linvite-de-jean-pierre-elkabbach\/linvite-de-jean-pierre-elkabbach-du-28022017-173238<\/p>\n<p><strong>-&#8220;Ce qui manque \u00e0 la gauche depuis longtemps, ce sont les mots, ses propres mots. Elle a rompu plus ou moins avec son histoire, elle a donc perdu aussi ses raisonnements, elle a perdu sa cr\u00e9ativit\u00e9, elle a perdu ses \u00e9lans. Il faut retrouver tout cela&#8221; (Christiane Taubira se confie \u00e0 L\u00e9a Salam\u00e9 dans &#8220;Stup\u00e9fiant !&#8221;; vid\u00e9o) : <\/strong> http:\/\/www.france2.fr\/emissions\/stupefiant\/videos\/linterview_christiane_taubira_27-02-2017_1497493?onglet<\/p>\n<p>-&#8220;Il y a une gauche qui est morte. Fran\u00e7ois Hollande a rat\u00e9 la synth\u00e8se. Macron a compris qu&#8217;il fallait faire une structure d&#8217;accueil&#8221; (le sociologue Jean-Pierre Le Goff, auteur de &#8220;La gauche \u00e0 l&#8217;agonie ?&#8221;; invit\u00e9 du &#8220;Club de la Presse&#8221; d&#8217;Europe 1; son, amener le curseur sur 26:55) : http:\/\/www.europe1.fr\/emissions\/le-club-de-la-presse\/europe-soir-le-club-de-la-presse-benjamin-griveaux-et-jean-pierre-le-goff-270217-2989676<\/p>\n<p>-&#8220;Hollande cherche sa place dans l&#8217;histoire&#8221; (Yves Thr\u00e9ard du &#8220;Figaro&#8221;; vid\u00e9o) : http:\/\/www.europe1.fr\/emissions\/ledito-politique-dyves-threard\/hollande-cherche-sa-place-dans-lhistoire-2989925<\/p>\n<p>-&#8220;Chez Marine Le Pen comme chez Fran\u00e7ois Fillon, il y a beaucoup d&#8217;affolement&#8221; (Richard Ferrand, d\u00e9put\u00e9 PS du Finist\u00e8re, secr\u00e9taire g\u00e9n\u00e9ral de &#8220;En Marche&#8221;; interrog\u00e9 par Guillaume Durand; vid\u00e9o) : https:\/\/www.dailymotion.com\/video\/x5dh7hw_chez-marine-le-pen-comme-chez-francois-fillon-il-y-a-beaucoup-d-affolement-richard-ferrand-28-02-20_news<\/p>\n<p>-&#8220;Marine Le Pen est une marchande de mirages&#8221; (Benjamin Griveaux, porte-parole d&#8217;Emmanuel Macron; vid\u00e9o) : http:\/\/www.europe1.fr\/politique\/griveaux-en-marche-marine-le-pen-est-une-marchande-de-mirages-2989673<\/p>\n<p>-Il \u00e9tait l&#8217;invit\u00e9 du &#8220;Club de la Presse&#8221; d&#8217;Europe 1 (son) : http:\/\/www.europe1.fr\/emissions\/le-club-de-la-presse\/europe-soir-le-club-de-la-presse-benjamin-griveaux-et-jean-pierre-le-goff-270217-2989676<\/p>\n<p>-&#8220;On vient de d\u00e9passer les 10 000 candidatures pour les \u00e9lections l\u00e9gislatives&#8221; (Jean-Paul Delevoye, ancien pr\u00e9sident du CESE, charg\u00e9 des candidatures chez Emmanuel Macron; interrog\u00e9 par Olivier Galzi; vid\u00e9o) : http:\/\/www.cnews.fr\/chroniques\/invite-olivier-galzi\/jean-paul-delevoye-invite-dolivier-galzi-173264<\/p>\n<p><em>-Le barom\u00e8tre de confiance dans l&#8217;ex\u00e9cutif (HARRIS) <\/em> : http:\/\/harris-interactive.fr\/opinion_polls\/barometre-de-confiance-dans-lexecutif-harris-interactive-delits-dopinion-9\/<\/p>\n<p>-Brice Hortefeux appelle le gouvernement \u00e0 assurer le bon d\u00e9roulement des meetings (l&#8217;eurod\u00e9put\u00e9 LR \u00e9tait l&#8217;invit\u00e9 de la matinale de Franceinfo; vid\u00e9o) : http:\/\/www.dailymotion.com\/video\/x5dh9ll_presidentielle-brice-hortefeux-appelle-le-gouvernement-a-assurer-le-bon-deroulement-des-meetings_news<\/p>\n<p>-&#8220;Vous connaissez un citoyen fran\u00e7ais qui ne r\u00e9pond pas aux convocations des magistrats ?&#8221; (Christian Estrosi, pr\u00e9sident LR de la r\u00e9gion PACA, invit\u00e9 de Laurence Ferrari sur CNews; vid\u00e9o) : http:\/\/www.cnews.fr\/chroniques\/invite-laurence-ferrari\/estrosi-vous-connaissez-un-citoyen-francais-qui-ne-repond-pas-aux-convocations-des-magistrats-173262<\/p>\n<p>-&#8220;Fran\u00e7ois Fillon est compl\u00e8tement dans sa campagne m\u00eame si c&#8217;est difficile. Je pense qu&#8217;il faut hausser le ton. Le climat est mauvais. Nul ne sait ce qui sortira  des urnes. Nous n&#8217;avons pas d&#8217;adversaire car il n&#8217;y a pas de sortant. Sa force, c&#8217;est son programme. Il faut gagner quelques points pour \u00eatre au second tour&#8221; (Eric Woerth, d\u00e9put\u00e9 LR de l&#8217;Oise, conseiller de Fran\u00e7ois Fillon; interrog\u00e9 par Yves Calvi; vid\u00e9o) : http:\/\/www.lci.fr\/replay\/l-invite-de-24h-en-questions-du-28-fevrier-2017-eric-woerth-depute-les-republicains-de-l-oise-2027689.html<\/p>\n<p>-&#8220;Nous ne sommes pas dans un climat de guerre civile&#8221; (Philippe Tesson; vid\u00e9o) : https:\/\/www.dailymotion.com\/video\/x5dh8c5_nous-ne-sommes-pas-dans-un-climat-de-guerre-civile-philippe-tesson-28-02-2017_news<\/p>\n<p>-Avec &#8220;le climat de quasi guerre civile, et si Fran\u00e7ois Fillon recherchait une pol\u00e9mique contre le gouvernement pour incarner l&#8217;alternance sur les questions de l&#8217;ordre et de la s\u00e9curit\u00e9 ?&#8221; (Guillaume Tabard du &#8220;Figaro&#8221;; son du 28 f\u00e9vrier) : https:\/\/www.radioclassique.fr\/radio\/emissions\/matinale-de-radio-classique\/22630-2\/<\/p>\n<p>-&#8220;Fillon va tenter de faire du Sarkozy&#8221; (Alba Ventura; vid\u00e9o) : http:\/\/www.rtl.fr\/actu\/politique\/presidentielle-2017-fillon-va-tenter-de-faire-du-sarkozy-frapper-fort-et-rester-en-mouvement-7787454417<\/p>\n<p>-&#8220;Il y a un certain nombres d&#8217;\u00e9conomies \u00e0 faire dans la fonction publique territoriale&#8221; (David Rachline, directeur de campagne de Marine Le Pen, \u00e9tait l&#8217;invit\u00e9 de la matinale de France Inter. Il r\u00e9pondait aux questions de Patrick Cohen et des auditeurs; vid\u00e9os) :                                                                                           http:\/\/www.dailymotion.com\/video\/x5dgwda_david-rachline-repond-aux-questions-de-patrick-cohen_news                                                                                    http:\/\/www.dailymotion.com\/video\/x5dh086_david-rachline-repond-aux-auditeurs-de-france-inter_news<\/p>\n<p>-&#8220;Il est temps de lib\u00e9rer les agriculteurs des normes europ\u00e9ennes&#8221; (Gilbert Collard, d\u00e9put\u00e9 apparent\u00e9 FN du Gard, face \u00e0 Fabien Namias; vid\u00e9o) : http:\/\/www.europe1.fr\/emissions\/linterview-politique-de-8h20\/gilbert-collard-il-est-temps-de-liberer-les-agriculteurs-des-normes-europeennes-2990051<\/p>\n<p><strong>-&#8220;Marine Le Pen, c&#8217;est la Trump fran\u00e7aise&#8221; (Alain Duhamel, invit\u00e9 d&#8217;Audrey Crespo-Mara sur LCI; vid\u00e9o) <\/strong> : http:\/\/www.lci.fr\/replay\/l-invite-de-8h45-du-28-fevrier-2017-alain-duhamel-marine-le-pen-c-est-la-trump-francaise-2027590.html<\/p>\n<p>-&#8220;Candidats contre juges, le duel pr\u00e9sidentiel fran\u00e7ais&#8221; (Richard Werly, du quotidien suisse &#8220;Le Temps&#8221;) : https:\/\/www.letemps.ch\/monde\/2017\/02\/27\/candidats-contre-juges-duel-presidentiel-francais?utm_source<\/p>\n<p>-&#8220;Marine Le Pen r\u00e9ussit \u00e0 f\u00e2cher les syndicats de magistrats et de la police&#8221; (C\u00e9dric Mathiot; vid\u00e9o) : http:\/\/www.liberation.fr\/elections-presidentielle-legislatives-2017\/2017\/02\/28\/menaces-contre-les-fonctionnaires-marine-le-pen-reussit-a-facher-les-syndicats-de-magistrats-et-de-l_1551534?xtor<\/p>\n<p>-&#8220;Marine Le Pen et Fran\u00e7ois Fillon contre les juges&#8221; (Thomas Legrand; son) : https:\/\/www.franceinter.fr\/emissions\/l-edito-politique\/l-edito-politique-28-fevrier-2017<\/p>\n<p><em>-Les intentions de vote \u00e0 l&#8217;\u00e9lection pr\u00e9sidentielle au 28 f\u00e9vrier (OPINION-WAY) <\/em> : https:\/\/www.opinion-way.com\/fr\/<\/p>\n<p><em>-Le m\u00eame (IFOP) :<\/em> http:\/\/www.parismatch.com\/La-presidentielle-en-temps-reel<\/p>\n<p><strong>EUROPE-MONDE<\/strong><\/p>\n<p>-&#8220;Le PPE veut remodeler l&#8217;union \u00e9conomique et mon\u00e9taire&#8221; (Sarantis Michalopoulos) : http:\/\/www.euractiv.fr\/section\/avenir-de-l-ue\/news\/tuesday-european-peoples-party-innovation-holds-the-key-to-eurozones-future\/?nl_ref<\/p>\n<p><strong>-Sur les perturbateurs endocriniens, &#8220;la Commission europ\u00e9enne a un peu boug\u00e9&#8221; (Mich\u00e8le Rivasi, eurod\u00e9put\u00e9e \u00e9cologiste; son du 28 f\u00e9vrier) : <\/strong> https:\/\/www.radioclassique.fr\/radio\/emissions\/matinale-de-radio-classique\/journal-de-l-europe\/<\/p>\n<p>-La France a de la marge pour la r\u00e9duction de pesticides (Romain Loury) : http:\/\/www.euractiv.fr\/section\/developpement-durable\/news\/la-france-a-de-la-marge-dans-la-reduction-des-pesticides\/?nl_ref<\/p>\n<p>-&#8220;Seule l&#8217;Ukraine applique la politique de diversification nucl\u00e9aire de l&#8217;Union europ\u00e9enne&#8221; (Michael Kirst de &#8220;Westinghouse Electric Company&#8221;; propos recueillis par Georgi Gotev) : http:\/\/www.euractiv.fr\/section\/energie\/interview\/westinghouse-only-ukraine-applies-eus-nuclear-diversification-policy\/?nl_ref<\/p>\n<p>-Frontex accuse les ONG d&#8217;encourager le trafic d&#8217;\u00eatres humains en M\u00e9diterran\u00e9e (vid\u00e9o) :  http:\/\/newscdn.newsrep.net\/h5\/nrvideo.html?r=3&#038;lan=fr_FR&#038;pid=14&#038;id=0H97c09d20o_fr&#038;app_lan=fr_FR&#038;mcc=208&#038;declared_lan<\/p>\n<p>-Avec l&#8217;article 50, le d\u00e9clenchement du Brexit approche (Jon Henley du &#8220;Guardian&#8221;; son) : https:\/\/www.franceinter.fr\/emissions\/meridien-d-europe\/meridien-d-europe-28-fevrier-2017<\/p>\n<p>-Londres enqu\u00eate sur le scandale des enfants &#8220;immigr\u00e9s&#8221; de force (vid\u00e9o) : http:\/\/newscdn.newsrep.net\/h5\/nrvideo.html?r=3&#038;lan=fr_FR&#038;pid=14&#038;id=ok97c09d3Fi_fr&#038;app_lan=fr_FR&#038;mcc<\/p>\n<p><strong>-&#8220;L&#8217;Irlande, victime collat\u00e9rale du Brexit&#8221; (Marc Mahuzier) : <\/strong> http:\/\/www.euractiv.fr\/section\/royaume-uni-en-europe\/news\/lirlande-victime-collaterale-du-brexit\/?nl_ref=32209711<\/p>\n<p>-En Italie, mort de Fabiano Antoniani, figure de la lutte pour l&#8217;euthanasie (vid\u00e9o) : http:\/\/newscdn.newsrep.net\/h5\/nrvideo.html?r=3&#038;lan=fr_FR&#038;pid=14&#038;id=oE97e0bbbsM_fr&#038;app_lan=fr_FR&#038;mcc<\/p>\n<p><strong>-&#8220;Si Marine Le Pen gagne, nous pourrions dire au revoir \u00e0 l&#8217;Union europ\u00e9enne&#8221; (Jean Asselborn, ministre des Affaires \u00e9trang\u00e8res du Luxembourg; propos recueillis par Albrecht Meier) : <\/strong> http:\/\/www.euractiv.fr\/section\/elections\/interview\/asselborn-poland-would-not-be-allowed-into-the-eu-now\/?nl_ref<\/p>\n<p>-En Hongrie, une nouvelle barri\u00e8re contre l&#8217;immigration (vid\u00e9o) : http:\/\/newscdn.newsrep.net\/h5\/nrvideo.html?r=3&#038;lan=fr_FR&#038;pid=14&#038;id=tL9764031HR_fr&#038;app_lan=fr_FR&#038;mcc<\/p>\n<p>-Le correspondant du quotidien allemand Die Welt plac\u00e9 en d\u00e9tention provisoire en Turquie (vid\u00e9o) : http:\/\/newscdn.newsrep.net\/h5\/nrvideo.html?r=3&#038;lan=fr_FR&#038;pid=14&#038;id=Rw97c09d76h_fr&#038;app_lan=fr_FR&#038;mcc<\/p>\n<p>-Au Sud-Soudan, ils survivent en mangeant des n\u00e9nuphars et des racines de plantes (vid\u00e9o) : http:\/\/newscdn.newsrep.net\/h5\/nrvideo.html?r=3&#038;lan=fr_FR&#038;pid=14&#038;id=an97640326B_fr&#038;app_lan=fr_FR&#038;mcc<\/p>\n<p><strong>-&#8220;Moscou-Washington, une nouvelle course \u00e0 l&#8217;arme nucl\u00e9aire ?&#8221; (St\u00e9phane Bussard) : <\/strong> https:\/\/www.letemps.ch\/monde\/2017\/02\/27\/moscouwashington-une-nouvelle-course-larme-nucleaire?utm_source<\/p>\n<p>-&#8220;Donald Trump veut gagner des guerres&#8221; (Bernard Guetta; son) : https:\/\/www.franceinter.fr\/emissions\/geopolitique\/geopolitique-28-fevrier-2017<\/p>\n<p><strong>-&#8220;Construire la paix, d\u00e9construire la guerre&#8221;, \u00e0 l&#8217;initiative de la Fondation Gabriel P\u00e9ri, les auditions de Roland Nivet, porte-parole du &#8220;Mouvement de la Paix&#8221; et Paul Quil\u00e8s, ancien ministre de la D\u00e9fense, pr\u00e9sident de &#8220;Initiative pour le D\u00e9sarmement Nucl\u00e9aire&#8221;, respectivement les 9 et 15 mars prochains : <\/strong> http:\/\/www.gabrielperi.fr\/construire-la-paix,-d%C3%A9construire-la-guerre.html<\/p>\n<p>-Wilbur Ross, l&#8217;homme qui va ren\u00e9gocier les trait\u00e9s (vid\u00e9o) : http:\/\/newscdn.newsrep.net\/h5\/nrvideo.html?r=3&#038;lan=fr_FR&#038;pid=14&#038;id=su97da84cll_fr&#038;app_lan=fr_FR&#038;mcc<\/p>\n<p><strong>-Trump veut mettre les Etats-Unis \u00e0 l&#8217;abri des r\u00e8gles fiscales de l&#8217;Union europ\u00e9enne (Simon Van Dorpe) :<\/strong> http:\/\/www.euractiv.fr\/section\/monde\/news\/us-companies-would-avoid-eu-state-aid-rules-with-republican-tax-proposal\/?nl_ref<\/p>\n<p>-En Cor\u00e9e du Sud, l&#8217;h\u00e9ritier de l&#8217;empire Samsung inculp\u00e9 de corruption : http:\/\/www.liberation.fr\/planete\/2017\/02\/28\/coree-du-sud-l-heritier-de-l-empire-samsung-inculpe-de-corruption_1551539?xtor=EPR-450206&#038;utm_source<\/p>\n<p><strong>-La France va installer un projet de ville durable en Chine pour un million d&#8217;habitants (un reportage de Dominique Andr\u00e9; son) :  <\/strong> https:\/\/www.franceinter.fr\/emissions\/grand-angle\/grand-angle-28-fevrier-2017<\/p>\n<p><strong>-Avec 20 milliards d&#8217;objets connect\u00e9s en 2020, des risques partout (L\u00e9o Tescher; son) :<\/strong> https:\/\/www.franceinter.fr\/emissions\/le-zoom-de-la-redaction\/le-zoom-de-la-redaction-28-fevrier-2017<\/p>\n<p><strong>-&#8220;Le monde entier est en cyberguerre&#8221; (David Martinon, ambassadeur pour la cyberdiplomatie; invit\u00e9 d&#8217;Alexandra Bensaid; vid\u00e9o) :  <\/strong> http:\/\/www.dailymotion.com\/video\/x5dgr7y_david-martinon-repond-aux-questions-d-alexandra-bensaid_news<\/p>\n<p><strong>-&#8220;400 personnes, dans 44 pays, ont r\u00e9pondu \u00e0 6 questions (IPSOS; vid\u00e9os en cliquant sur les drapeaux) <\/strong> : http:\/\/www.ipsos.fr\/sub-sites\/uuniverse-views\/accueil.html<\/p>\n<p><strong>CULTURE-MEDIAS<\/strong><\/p>\n<p>-&#8220;L&#8217;islamophobie&#8221; en d\u00e9bat chez Olivier Galzi sur CNews, avec le philosophe Pascal Bruckner et Jean Birnbaum du &#8220;Monde&#8221; (vid\u00e9o) : http:\/\/www.cnews.fr\/chroniques\/grand-decryptage\/le-grand-decryptage-du-27022017-173256<\/p>\n<p><strong>-Le chef d&#8217;orchestre Charles Dutoit \u00e9tait l&#8217;invit\u00e9 de &#8220;Passion classique&#8221; d&#8217;Olivier Bellamy; son du 27 f\u00e9vrier) : <\/strong> https:\/\/www.radioclassique.fr\/radio\/emissions\/passion-classique\/<\/p>\n<p>-A la Com\u00e9die fran\u00e7aise, &#8220;La R\u00e8gle du jeu&#8221;, d&#8217;apr\u00e8s le film de Jean Renoir, mise en sc\u00e8ne par la br\u00e9silienne Christiane Jatahy, &#8220;explose les fronti\u00e8res entre th\u00e9\u00e2tre et cin\u00e9ma&#8221; (Fabienne Pascaud) : http:\/\/www.telerama.fr\/sortir\/l-adaptation-d-un-film-de-jean-renoir-explose-les-frontieres-entre-theatre-et-cinema,154513.php#xtor<\/p>\n<p><strong>-Les Beaux-arts de Paris c\u00e9l\u00e8brent leurs 200 ans (vid\u00e9o) : <\/strong> http:\/\/www.france2.fr\/emissions\/stupefiant\/videos\/beaux-arts_200_ans_et_toujours_jeunes_27-02-2017_1497533?onglet<\/p>\n<p>-Le Louvre et le Th\u00e9\u00e2tre de la Colline s&#8217;adaptent aux malvoyants (la directrice du &#8220;Centre recherche th\u00e9\u00e2tre handicap&#8221; Emilie Bougoin; propos recueillis par Emmanuelle Chaudieu) : http:\/\/www.telerama.fr\/sortir\/comment-le-louvre-et-le-theatre-de-la-colline-s-adaptent-aux-malvoyants,154470.php#xtor<\/p>\n<p>-A Nantes, malvoyante, Charlotte Desmousseaux a cr\u00e9\u00e9 sa librairie par amour des livres (au micro d&#8217;Emmanuel Moreaux; son) : https:\/\/www.franceinter.fr\/emissions\/l-esprit-d-initiative\/l-esprit-d-initiative-28-fevrier-2017<\/p>\n<p><strong>-&#8220;Le Louvre ne devrait pas vous interdire de photographier les Vermeer&#8221; (Amaelle Guitton) :<\/strong> http:\/\/www.liberation.fr\/futurs\/2017\/02\/27\/non-le-louvre-ne-devrait-pas-vous-interdire-de-photographier-les-vermeer_1551391?xtor<\/p>\n<p>-De nouvelles r\u00e9v\u00e9lations sur la face sombre de Louis-Ferdinand C\u00e9line dans &#8220;Stup\u00e9fiants !&#8221; de L\u00e9a Salam\u00e9 (vid\u00e9o) : http:\/\/www.france2.fr\/emissions\/stupefiant\/videos\/celine_et_les_nazis_nouvelles_revelations_27-02-2017_1497497?onglet<\/p>\n<p>-Pierre Grillet, parolier de Bashung et Christophe, anime l&#8217;atelier d&#8217;\u00e9criture de l&#8217;\u00e9cole des &#8220;Mots&#8221; \u00e0 Paris (Thierry Voisin; vid\u00e9o) : http:\/\/www.telerama.fr\/sortir\/dans-l-atelier-d-ecriture-de-pierre-grillet-parolier-de-baschung-christophe,154473.php#xtor<\/p>\n<p><strong>-&#8220;Solide Mirage&#8221;, le nouvel album du groupe &#8220;Fran\u00e7ois and the Atlas Montain&#8221; (Rebecca Manzoni; vid\u00e9o)<\/strong> : http:\/\/www.dailymotion.com\/video\/x5dglnx_solide-mirage-nouvel-album-de-francois-the-atlas-mountains-pop-co_music<\/p>\n<p><strong>-&#8220;La photographie fran\u00e7aise \u00e9touffe&#8221; (appel collectif) : <\/strong> http:\/\/www.liberation.fr\/debats\/2017\/02\/27\/la-photographie-francaise-etouffe_1551457?xtor<\/p>\n<p>-Gaston Lagaffe f\u00eate ses 60 ans (vid\u00e9o) : http:\/\/www.francetvinfo.fr\/replay-radio\/bd-bande-dessinee\/culture-gaston-fete-ses-60-ans_2074645.html<\/p>\n<p>-La une du &#8220;Canard encha\u00een\u00e9&#8221; : http:\/\/www.lecanardenchaine.fr\/la-une-du-1-mars-2017\/<\/p>\n<p>-Ali Baddou reprend le magazine culturel de France 3. Il \u00e9tait l&#8217;invit\u00e9 de Sonia Devillers (son, amener le curseur sur 6:19) : https:\/\/www.franceinter.fr\/emissions\/l-instant-m\/l-instant-m-28-fevrier-2017<\/p>\n<p>-&#8220;Deux d\u00e9bats d&#8217;entre deux tours ?&#8221; (Marc Baudriller; son du 28 f\u00e9vrier) : https:\/\/www.radioclassique.fr\/radio\/emissions\/matinale-de-radio-classique\/la-vie-des-medias\/<\/p>\n<p>-&#8220;Mandragore et gu\u00e9risseurs, sur France Culture, une nuit dans la France des croyances (Jos\u00e9phine Lebars) : http:\/\/www.telerama.fr\/radio\/mandragore-et-guerisseurs-une-nuit-dans-la-france-des-croyances,154325.php#xtor<\/p>\n<p><strong>-D\u00e9couvrir l&#8217;\u00e9mission de Philippe Garbit (sons) :<\/strong>                                                   https:\/\/www.franceculture.fr\/emissions\/les-nuits-de-france-culture\/la-france-mysterieuse-de-marie-charlotte-delmas                                                              https:\/\/www.franceculture.fr\/emissions\/les-nuits-de-france-culture\/legendes-urbaines-parisiennes-de-nicolas-flamel-au-petit-homme                                          https:\/\/www.franceculture.fr\/emissions\/les-nuits-de-france-culture\/tresor-du-terroir-les-noms-de-lieux-de-la-france-par-roger                                                   https:\/\/www.franceculture.fr\/emissions\/les-nuits-de-france-culture\/guerisseuses-anthropologues-et-exorcistes-racontent-les                                                      https:\/\/www.franceculture.fr\/emissions\/les-nuits-de-france-culture\/dits-et-recits-la-mandragore                                                                                                  https:\/\/www.franceculture.fr\/emissions\/les-nuits-de-france-culture\/le-dictionnaire-des-sorcieres-raconte-par-gregoire-solotareff                                                         https:\/\/www.franceculture.fr\/emissions\/les-nuits-de-france-culture\/claude-seignolle-ethnologue-du-monde-fantastique-je-suis-un                                                     https:\/\/www.franceculture.fr\/emissions\/les-nuits-de-france-culture\/histoire-du-loup-garou-entre-lycanthropie-savante-et-croyances<\/p>\n<p>-&#8220;L\u00e9nine, une autre histoire de la r\u00e9volution russe&#8221; sur Arte (Sonia Devillers; vid\u00e9o) :<br \/>\n<iframe loading=\"lazy\" title=\"&quot;L\u00e9nine, une autre histoire de la r\u00e9volution russe&quot;, sur Arte - L&#039;instant T\u00e9l\u00e9\" frameborder=\"0\" width=\"500\" height=\"283\" src=\"https:\/\/geo.dailymotion.com\/player.html?video=x5dgjgt&#038;\" allowfullscreen allow=\"autoplay; fullscreen; picture-in-picture; web-share\"><\/iframe><\/p>\n<p><strong>-Le documentaire de C\u00e9dric Tourbe (\u00e0 voir ici; vid\u00e9o) : <\/strong> http:\/\/www.arte.tv\/guide\/fr\/065312-000-A\/lenine-une-autre-histoire-de-la-revolution-russe<\/p>\n<p>-&#8220;Une journ\u00e9e difficile devant CNews&#8221; (Bruno Donnet; vid\u00e9o) : http:\/\/www.dailymotion.com\/video\/x5dh7kw_la-journee-difficle-de-bruno-donnet-devant-c-news-l-apres-coup-de-bruno-donnet_news<\/p>\n<p>-&#8220;Le journal de presque 17H17&#8221; (vid\u00e9o) : http:\/\/www.dailymotion.com\/video\/x5deh9n_marine-le-pen-segolene-royal-et-charline-le-journal-de-17h17_news<\/p>\n<p>-Il n&#8217;y a pas que les Oscars qui ont connu des couacs retentissants (vid\u00e9o) : http:\/\/www.liberation.fr\/video\/2017\/02\/27\/tout-comme-les-oscars-ces-ceremonies-ont-connu-des-couacs-retentissants_1551415?xtor<\/p>\n<p><strong>-&#8220;Oscars et fake news&#8221; (Hippolyte Girardot; vid\u00e9o) : <\/strong> http:\/\/www.dailymotion.com\/video\/x5dehj4_oscars-et-fake-news-la-chronique-d-hippolyte-girardot_news<\/p>\n<p><strong>-&#8220;L&#8217;\u00e9conomie dans les programmes scolaires&#8221; (Guillaume Meurice; vid\u00e9o) :<\/strong> http:\/\/www.dailymotion.com\/video\/x5defcv_l-economie-dans-les-programmes-scolaires-le-moment-meurice_fun<\/p>\n<p><strong>-&#8220;Aujourd&#8217;hui, face au FN, je change de strat\u00e9gie&#8221; (Alex Vizorek; vid\u00e9o) : <\/strong> http:\/\/www.dailymotion.com\/video\/x5dh0i5_aujourd-hui-face-au-fn-je-change-de-strategie-le-billet-d-alex-vizorek_fun<\/p>\n<p><strong>-&#8220;Une campagne sous cyberattaque russe&#8221; (Charline Vanhoenacker; vid\u00e9o) : <\/strong> http:\/\/www.dailymotion.com\/video\/x5dgvu9_une-campagne-sous-cyberattaque-russe-le-billet-de-charline_fun<\/p>\n<p>-&#8220;Hamon, M\u00e9lenchon, le menu&#8221; (avec Claude Brasseur; vid\u00e9o) : http:\/\/www.dailymotion.com\/video\/x5deh7a_hamon-et-melenchon-le-diner-si-tu-ecoutes-le-sketch_fun<\/p>\n","protected":false},"excerpt":{"rendered":"<p>ACTUALITE -Un an apr\u00e8s les manifs contre la loi Travail (vid\u00e9o; amener le curseur sur 14:40) : http:\/\/www.francetvinfo.fr\/replay-jt\/france-3\/soir-3\/jt-grand-soir-3-lundi-27-fevrier-2017_2067345.html -&#8220;Les agriculteurs se mobilisent contre le r\u00e9chauffement climatique&#8221; (Baptiste Gaborit; son du 28 f\u00e9vrier) : https:\/\/www.radioclassique.fr\/radio\/emissions\/matinale-de-radio-classique\/3-minutes-planete\/ -Jean-Luc M\u00e9lenchon, promoteur d&#8217;une agriculture bio (vid\u00e9o) : http:\/\/www.lcp.fr\/la-politique-en-video\/melenchon-promoteur-dune-agriculture-bio -Les dirigeants du FN au Salon de l&#8217;Agriculture (vid\u00e9o) : http:\/\/newscdn.newsrep.net\/h5\/nrvideo.html?r=3&#038;lan=fr_FR&#038;pid=14&#038;id=oE97e0bbbsM_fr&#038;app_lan=fr_FR&#038;mcc -Pierre [&hellip;]<\/p>\n","protected":false},"author":1042,"featured_media":0,"comment_status":"open","ping_status":"open","sticky":false,"template":"","format":"standard","meta":{"_themeisle_gutenberg_block_has_review":false,"footnotes":""},"categories":[151],"tags":[],"class_list":["post-10227","post","type-post","status-publish","format-standard","hentry","category-la-revue-de-presse-de-lulu"],"_links":{"self":[{"href":"https:\/\/archives.regards.fr\/index.php?rest_route=\/wp\/v2\/posts\/10227","targetHints":{"allow":["GET"]}}],"collection":[{"href":"https:\/\/archives.regards.fr\/index.php?rest_route=\/wp\/v2\/posts"}],"about":[{"href":"https:\/\/archives.regards.fr\/index.php?rest_route=\/wp\/v2\/types\/post"}],"author":[{"embeddable":true,"href":"https:\/\/archives.regards.fr\/index.php?rest_route=\/wp\/v2\/users\/1042"}],"replies":[{"embeddable":true,"href":"https:\/\/archives.regards.fr\/index.php?rest_route=%2Fwp%2Fv2%2Fcomments&post=10227"}],"version-history":[{"count":0,"href":"https:\/\/archives.regards.fr\/index.php?rest_route=\/wp\/v2\/posts\/10227\/revisions"}],"wp:attachment":[{"href":"https:\/\/archives.regards.fr\/index.php?rest_route=%2Fwp%2Fv2%2Fmedia&parent=10227"}],"wp:term":[{"taxonomy":"category","embeddable":true,"href":"https:\/\/archives.regards.fr\/index.php?rest_route=%2Fwp%2Fv2%2Fcategories&post=10227"},{"taxonomy":"post_tag","embeddable":true,"href":"https:\/\/archives.regards.fr\/index.php?rest_route=%2Fwp%2Fv2%2Ftags&post=10227"}],"curies":[{"name":"wp","href":"https:\/\/api.w.org\/{rel}","templated":true}]}}