{"id":10222,"date":"2017-02-28T06:09:12","date_gmt":"2017-02-28T05:09:12","guid":{"rendered":"https:\/\/wp.muchomaas.com\/article-la-revue-du-28-fevrier-2017\/"},"modified":"2023-06-23T23:24:13","modified_gmt":"2023-06-23T21:24:13","slug":"article-la-revue-du-28-fevrier-2017","status":"publish","type":"post","link":"https:\/\/archives.regards.fr\/?p=10222","title":{"rendered":"La Revue du 28 f\u00e9vrier 2017"},"content":{"rendered":"<strong>ACTUALITE<\/strong>\n\n-L&#8217;encadrement de l&#8217;\u00e9conomie collaborative (son) : http:\/\/www.sudradio.fr\/Podcasts\/Les-reportages-de-la-matinee\/Economie-collaborative\n\n-&#8220;De plus en plus d&#8217;agriculteurs choisissent de changer de mod\u00e8le&#8221; (Baptiste Gaborit; son du 27 f\u00e9vrier) : https:\/\/www.radioclassique.fr\/radio\/emissions\/matinale-de-radio-classique\/3-minutes-planete\/\n\n-&#8220;La ferme du Bec Helloin, visit\u00e9e par le monde entier (Mathilde Golla du &#8220;Figaro&#8221;; son) : https:\/\/www.franceinter.fr\/emissions\/l-esprit-d-initiative\/l-esprit-d-initiative-27-fevrier-2017\n\n-&#8220;L&#8217;agriculture fran\u00e7aise s&#8217;affaiblit&#8221; (Yani Khezzar; vid\u00e9o) : http:\/\/www.cnews.fr\/magazines\/la-matinale-info\/lagriculture-francaise-saffaiblit-173221\n\n-Faut-il l\u00e2cher de nouveaux ours dans les Pyr\u00e9n\u00e9es ? (le naturaliste G\u00e9rard Caussimont; son) : http:\/\/www.sudradio.fr\/Podcasts\/L-invite-pour-comprendre\/Gerard-Caussimont-naturaliste-president-du-FIEP\n\n-Le poids des lobbies (Isabelle Saporta, interrog\u00e9e par Dimitri Pavlenko; son) : http:\/\/www.sudradio.fr\/Podcasts\/L-invite-pour-comprendre\/Isabelle-Saporta-journaliste-ecrivain\n\n-Rachet\u00e9e il y a moins d&#8217;un an par le g\u00e9ant finlandais Nokia, Withing perd son identit\u00e9 fran\u00e7aise (B\u00e9n\u00e9dicte Tassart; son) : http:\/\/www.rtl.fr\/culture\/futur\/withings-rachetee-par-nokia-perd-son-identite-francaise-7787439408\n\n-&#8220;Il n&#8217;y a plus que quatre grandes surfaces qui se livrent une guerre des prix. Je veux d\u00e9noncer un syst\u00e8me qui va \u00e0 la disparition de la fili\u00e8re&#8221; (Jean-Philippe Puig, directeur du groupe d&#8217;huiles Avril; interrog\u00e9 par Yves Calvi; vid\u00e9o) : http:\/\/www.rtl.fr\/actu\/societe-faits-divers\/grande-distribution-la-guerre-des-prix-menace-t-elle-l-emploi-7787440432\n\n-&#8220;Le RSI r\u00e9pond \u00e0 ses d\u00e9tracteurs&#8221; (St\u00e9phane Sellier, son directeur; son) : http:\/\/www.sudradio.fr\/Podcasts\/L-invite-pour-comprendre\/Stephane-Sellier-directeur-general-du-RSI\n\n-&#8220;J&#8217;ai une mise en demeure du RSI de 81 012 euros et je ne sais pas pourquoi&#8221; (vid\u00e9o) : http:\/\/rmc.bfmtv.com\/mediaplayer\/video\/rsi-j-ai-une-mise-endemeure-de-81012-euros-et-ne-sais-pas-pourquoi-918377.html\n\n-Jeudi, journ\u00e9e de soutien \u00e0 Antonin \u00e0 l&#8217;universit\u00e9 de Nanterre (92; Genevi\u00e8ve Bernanos) : https:\/\/blogs.mediapart.fr\/genevieve-bernanos\/blog\/210217\/journee-de-soutien-antonin-jeudi-2-mars-luniversite-de-nanterre\n\n<strong>-&#8220;La d\u00e9radicalisation est un fiasco&#8221; (Esther Benbassa, s\u00e9natrice EELV du Val-de-Marne, coauteur  d&#8217;un rapport s\u00e9natorial sur le sujet; invit\u00e9e d&#8217;Audrey Pulvar dans &#8220;Dimanche Politique&#8221; sur CNews; vid\u00e9o) :<\/strong> http:\/\/www.cnews.fr\/magazines\/dimanche-politique\/dimanche-politique-1ere-partie-du-26022017-173208\n\n-Emeutes, &#8220;il y a un langage des actes, \u00e0 nous de l&#8217;entendre&#8221; (Alain Bertho, professeur d&#8217;anthropologie \u00e0 l&#8217;universit\u00e9 Paris VIII) : https:\/\/lundi.am\/Emeutes-Il-y-a-un-langage-des-actes-A-nous-de-l-entendre\n\n<em>-R\u00e9formes souhait\u00e9es pour l&#8217;assurance maladie et contre les d\u00e9serts m\u00e9dicaux (ODOXA) :<\/em> http:\/\/www.odoxa.fr\/sondage\/barometre-sante-360-reformes-souhaitees-lassurance-maladie-contre-deserts-medicaux\/\n\n<strong>POLITIQUE<\/strong>\n\n<strong>-&#8220;Je ne vais pas essayer de siphonner l&#8217;\u00e9lectorat de Jean-Luc M\u00e9lenchon ou d&#8217;Emmanuel Macron&#8221; (Beno\u00eet Hamon \u00e9tait l&#8217;invit\u00e9 de la matinale sp\u00e9ciale de France Inter; vid\u00e9o) <\/strong> : http:\/\/www.dailymotion.com\/video\/x5dcfog_benoit-hamon-je-ne-vais-pas-essayer-de-siphonner-l-electorat-de-jean-luc-melenchon-ou-d-emmanuel-mac_news\n\n-Son projet \u00e9conomique et social (interrog\u00e9 par Patrick Cohen et Alexandra Bensa\u00efd; vid\u00e9o) : http:\/\/www.dailymotion.com\/video\/x5dciwg_benoit-hamon-il-faut-recruter-20000-enseignants_news\n\n-Quelle politique internationale pour la France ? (avec Bernard Guetta; son et vid\u00e9o) : https:\/\/www.franceinter.fr\/emissions\/geopolitique\/geopolitique-27-fevrier-2017\n\n-Beno\u00eet Hamon a r\u00e9pondu aux questions des auditeurs  (vid\u00e9o) : http:\/\/www.dailymotion.com\/video\/x5dcom6_benoit-hamon-le-systeme-democratique-francais-est-a-bout-de-souffle_news\n\n<strong>-M. Hamon, &#8220;vous \u00eates aussi le candidat du PS&#8221; (Thomas Legrand; son) : <\/strong> https:\/\/www.franceinter.fr\/emissions\/l-edito-politique\/l-edito-politique-27-fevrier-2017\n\n-&#8220;M\u00e9lenchon, le pi\u00e8ge tendu au PS&#8221; (Nathalie Schuck du &#8220;Parisien&#8221;; son) : https:\/\/www.franceinter.fr\/emissions\/histoires-politiques\/histoires-politiques-27-fevrier-2017\n\n<strong>-&#8220;Aux l\u00e9gislatives, je fais le choix de passer la main \u00e0 la g\u00e9n\u00e9ration suivante. Je n&#8217;ai plus du tout d&#8217;ambition minist\u00e9rielle. J&#8217;ai d\u00e9j\u00e0 beaucoup donn\u00e9. Je continuerai \u00e0 m&#8217;engager dans la lutte contre le r\u00e9chauffement climatique. J&#8217;observe que tous les candidats parlent d&#8217;\u00e9cologie. Plus personne ne remet en cause la loi de transition \u00e9cologique. J&#8217;interviendrai sans doute dans la campagne \u00e9lectorale au moment de l&#8217;ouverture de la campagne officielle, le 23 mars. Sur le terrain, personne ne m&#8217;a parl\u00e9 d&#8217;elle ! Un gouffre est en train de se creuser entre ce que disent les candidats et les pr\u00e9occupations de nos concitoyens. Je sens une tr\u00e8s forte abstention. J&#8217;ai invent\u00e9 les recompositions politiques il y a dix ans. Ce n&#8217;est d&#8217;ailleurs pas tr\u00e8s bien pass\u00e9 dans mon propre camp&#8221; (S\u00e9gol\u00e8ne Royal, interrog\u00e9e par Yves Calvi; vid\u00e9o, amener le curseur sur 1:19) <\/strong> : http:\/\/www.lci.fr\/replay\/l-invite-de-24h-en-question-du-27-fevrier-2017-segolene-royal-ministre-de-l-environnement-de-l-energie-et-de-la-mer-2027518.html%3Ftype=content\n\n-&#8220;Il y a une sorte d&#8217;apparence de concurrence port\u00e9e par Emmanuel Macron aupr\u00e8s d&#8217;un certain nombre des n\u00f4tres. Mes d\u00e9clarations sont une alerte, un signal d&#8217;alarme pour dire \u00e0 mes camarades que si on veut que la gauche continue \u00e0 exister, qu&#8217;elle soit une gauche de poids, il faut la d\u00e9fendre maintenant. Ma conception de la politique, ce n&#8217;est pas de parier sur le vainqueur mais de d\u00e9fendre des id\u00e9es. C&#8217;est de celles de Beno\u00eet Hamon que je me rapproche le plus&#8221; (Najat Vallaud-Belkacem, ministre de l&#8217;Education nationale, qui a confirm\u00e9 que la candidature d&#8217;Emmanuel Macron &#8220;complique la vie&#8221;. Elle \u00e9tait l&#8217;invit\u00e9e de la matinale de Franceinfo; vid\u00e9o) :  http:\/\/www.francetvinfo.fr\/replay-radio\/8h30-aphatie\/presidentielle-najat-vallaud-belkacem-veut-defendre-la-gauche-maintenant-avec-benoit-hamon_2059559.html\n\n-&#8220;Avec Hamon, la r\u00e9ponse sera de gauche. Il a une vision moins souverainiste de l&#8217;Union europ\u00e9enne que Jean-Luc M\u00e9lenchon, mais il y a urgence \u00e0 la r\u00e9former et \u00e0 refonder une Europe des valeurs&#8221; (Mathieu Hanotin, directeur de campagne de Beno\u00eet Hamon; vid\u00e9o) : http:\/\/www.francetvinfo.fr\/politique\/benoit-hamon\/presidentielle-avec-hamon-la-reponse-sera-de-gauche_2073943.html\n\n-&#8220;Le mauvais d\u00e9but de campagne de Beno\u00eet Hamon&#8221; (Jonathan Boucher-Petersen de &#8220;Lib\u00e9ration&#8221;; vid\u00e9o, amener le curseur sur 2:24) :  http:\/\/rmc.bfmtv.com\/mediaplayer\/video\/qg-bourdin-2017-le-mauvais-debut-de-campagne-de-benoit-hamon-2702-918379.html\n\n-&#8220;Cette fois, avec cet accord, l&#8217;occasion nous est donn\u00e9e de mettre en oeuvre ce dont nous r\u00eavions. Monsieur Fillon et madame Le Pen devraient dispara\u00eetre de la sc\u00e8ne politique. On a un d\u00e9saccord sur le nucl\u00e9aire militaire&#8221; (Yannick Jadot, interrog\u00e9 par Fabien Namias; vid\u00e9o) : http:\/\/www.europe1.fr\/emissions\/linterview-politique-de-8h20\/yannick-jadot-monsieur-fillon-et-madame-le-pen-devraient-disparaitre-de-la-scene-politique-2989037\n\n-&#8220;L&#8217;ub\u00e9risation de la politique est-elle en marche ?&#8221; (Alexandre Jardin, candidat \u00e0 l&#8217;\u00e9lection pr\u00e9sidentielle; invit\u00e9 d&#8217;Audrey Pulvar; vid\u00e9o) : http:\/\/www.cnews.fr\/magazines\/dimanche-politique\/dimanche-politique-2e-partie-du-26022017-173209\n\n<strong>-&#8220;L&#8217;objectif est Emmanuel Macron en t\u00eate au premier tour devant Marine Le Pen&#8221; (Richard Ferrand, d\u00e9put\u00e9 PS du Finist\u00e8re, secr\u00e9taire g\u00e9n\u00e9ral de &#8220;En Marche&#8221;; invit\u00e9 de Fr\u00e9d\u00e9ric Rivi\u00e8re; vid\u00e9o) <\/strong> : http:\/\/www.rfi.fr\/video\/20170227-richard-ferrand-objectif-est-emmanuel-macron-tete-premier-tour-devant-marine-le-pen\n\n-Sur BFM TV, il \u00e9tait face \u00e0 Nicolas Bay, secr\u00e9taire g\u00e9n\u00e9ral du FN (vid\u00e9o) : http:\/\/www.bfmtv.com\/mediaplayer\/video\/nicolas-bayface-a-richard-ferrand-la-campagne-presidentielle-se-durcit-918681.html\n\n-&#8220;Je soutiendrai celui qui est  le meilleur rempart contre Marine Le Pen. Aujourd&#8217;hui, c&#8217;est Macron. Je ne suis pas &#8220;en marche&#8221;, je suis assis&#8221; (Daniel Cohen-Bendit, interrog\u00e9 par Thomas Sotto; vid\u00e9o) : http:\/\/www.europe1.fr\/emissions\/l-humeur\/dany-nest-pas-en-marche-il-est-assit-2988965\n\n-&#8220;En citoyen libre, candidat du MdP \u00e0 l&#8217;\u00e9lection pr\u00e9sidentielle, je d\u00e9cide de soutenir Emmanuel Macron&#8221; (S\u00e9bastien Nadot; pi\u00e8ce jointe);\n\n-&#8220;Macron leur appara\u00eet le meilleur contre Marine Le Pen et le plus europ\u00e9en&#8221; (Christophe Barbier; vid\u00e9o) : http:\/\/www.bfmtv.com\/mediaplayer\/video\/l-edito-de-christophe-barbier-emmanuel-macron-engrange-un-nouveau-soutien-918371.html\n\n-Bruno Le Roux d\u00e9voile \u00e0 Elizabeth Martichoux les premi\u00e8res id\u00e9es de la concertation gendarmerie-police (vid\u00e9o) : http:\/\/www.rtl.fr\/actu\/politique\/bruno-le-roux-devoile-les-premieres-idees-de-la-concertation-police-gendarmerie-7787440416\n\n<strong>-A Chartres, Fran\u00e7ois Hollande en a fait le bilan (vid\u00e9o) : <\/strong> http:\/\/www.elysee.fr\/videos\/new-video-100\/#content\n\n-&#8220;Quand va-t-on prendre en compte la fatigue du policier ?&#8221; (Yves Lefebvre, secr\u00e9taire du syndicat de policiers FO; son) :  http:\/\/www.rtl.fr\/actu\/societe-faits-divers\/va-t-on-enfin-aborder-la-fatigue-du-policier-se-demande-un-syndicaliste-7787444755\n\n-&#8220;Macron est le produit de Fran\u00e7ois Hollande. Celui qui a eu les paroles les plus dures et les plus justes contre lui, c&#8217;est Fran\u00e7ois Bayrou&#8221; (Louis Giscard d&#8217;Estaing, conseiller r\u00e9gional UDI d&#8217;Auvergne-Rh\u00f4ne-Alpes; invit\u00e9 de &#8220;Territoires d&#8217;Infos&#8221;; vid\u00e9o, amener le curseur sur 34:22) : http:\/\/www.dailymotion.com\/video\/x5dcglh_invite-louis-giscard-d-estaing-territoires-d-infos-27-02-2017_news\n\n-&#8220;A 54 jours de l&#8217;\u00e9lection, il y a des d\u00e9bordements intol\u00e9rables dans les meetings par des militants d&#8217;extr\u00eame-gauche. Le gouvernement n&#8217;assume pas ses responsabilit\u00e9s&#8221; (Thierry Sol\u00e8re, d\u00e9put\u00e9 LR des Hauts-Seine, interrog\u00e9 par Jean-Pierre Elkabbach sur &#8220;CNews&#8221;; vid\u00e9o) : http:\/\/www.cnews.fr\/chroniques\/linvite-de-jean-pierre-elkabbach\/linvite-de-jean-pierre-elkabbach-du-27022017-173218\n\n-&#8220;Il n&#8217;y avait pas urgence \u00e0 d\u00e9clencher des instructions&#8221; sur l&#8217;affaire Penelope-Fillon (Julien Aubert, d\u00e9put\u00e9 LR du Vaucluse; vid\u00e9o) : http:\/\/www.lcp.fr\/la-politique-en-video\/affaire-francois-fillon-il-ny-avait-pas-urgence-declencher-des-instructions\n\n-Il \u00e9tait l&#8217;invit\u00e9 de &#8220;Politique matin&#8221;, interrog\u00e9 par Brigitte Boucher (vid\u00e9o, amener le curseur sur18:00) : http:\/\/www.lcp.fr\/emissions\/politique-matin\/282398-politique-matin\n\n-A Meaux (77), sur les terres de Jean-Fran\u00e7ois Cop\u00e9, Fran\u00e7ois Fillon accuse le premier ministre  de laisser s&#8217;instaurer &#8220;un climat de quasi guerre civile&#8221; (vid\u00e9o) : http:\/\/www.lcp.fr\/la-politique-en-video\/presidentielle-2017-fillon-meaux-dans-la-ville-de-jean-francois-cope\n\n-&#8220;Depuis des ann\u00e9es, on ferme les yeux sur des comportements extr\u00eamement violents. Notre pays n&#8217;est plus tenu&#8221; (Jean-Fran\u00e7ois Cop\u00e9, d\u00e9put\u00e9 LR de Seine-et-Marne; interrog\u00e9 par Fran\u00e7ois Gapihan; vid\u00e9o) : http:\/\/www.bfmtv.com\/mediaplayer\/video\/jean-francois-copeface-a-francois-gapihan-918679.html\n\n-&#8220;Les attaques de la droite font monter le tandem Macron-Bayrou&#8221; (Nicolas Domenach; vid\u00e9o) : http:\/\/www.rtl.fr\/actu\/societe-faits-divers\/presidentielle-2017-les-attaques-de-la-droite-font-monter-le-tandem-macron-bayrou-selon-nicolas-domenach-7787440201\n\n-&#8220;C&#8217;est la cote d&#8217;alerte pour Fran\u00e7ois Fillon. Le grand danger pour lui,  c&#8217;est qu&#8217;une partie des \u00e9lecteurs du centre et de la droite craignent qu&#8217;il perde contre Marine Le Pen&#8221; (Guillaume Tabard du &#8220;Figaro&#8221;; son du 27 f\u00e9vrier) : https:\/\/www.radioclassique.fr\/radio\/emissions\/matinale-de-radio-classique\/22630-2\/\n\n-&#8220;Si Macron gagne, la droite va \u00e9clater&#8221; (Alain Minc; vid\u00e9o) : http:\/\/www.lci.fr\/elections\/presidentielle-alain-minc-decele-chez-francois-fillon-un-signe-d-affolement-video-2027447.html\n\n-Il \u00e9tait l&#8217;invit\u00e9 d&#8217;Audrey Crespo-Mara (vid\u00e9o) : http:\/\/www.lci.fr\/replay\/l-invite-politique-de-8h15-du-27-fevrier-2017-alain-minc-president-d-am-conseil-et-soutien-d-emmanuel-macron-2027446.html\n\n-&#8220;J&#8217;ai \u00e9t\u00e9 assistant parlementaire, j&#8217;\u00e9tais beaucoup moins pay\u00e9 que Penelope Fillon et il faudrait 45 secondes pour prouver le travail effectu\u00e9&#8221; (Eric Naulleau; vid\u00e9o) :  http:\/\/www.lci.fr\/elections\/eric-naulleau-il-est-tres-facile-d-etablir-ou-la-veracite-ou-le-cote-fictif-d-un-assistant-parlementaire-2027451.html\n\n-Il \u00e9tait l&#8217;invit\u00e9 d&#8217;Audrey Crespo-Mara sur LCI (vid\u00e9o) : http:\/\/www.lci.fr\/replay\/l-invite-de-8h45-du-27-fevrier-2017-eric-naulleau-essayiste-et-chroniqueur-2027445.html\n\n-&#8220;Les l\u00e9gislatives refl\u00e9teront les difficult\u00e9s \u00e0 constituer une majorit\u00e9 pour Emmanuel Macron et Marine Le Pen&#8221; (Luc Ferry; vid\u00e9o) : https:\/\/www.dailymotion.com\/video\/x5dcv7k_les-legislatives-refleteront-la-difficulte-a-constituer-une-majorite-pour-emmanuel-macron-ou-mlp-lu_news\n\n-&#8220;Vers l&#8217;explosion du clivage gauche\/droite&#8221; (Yves Thr\u00e9ard du &#8220;Figaro&#8221;; vid\u00e9o) : http:\/\/www.europe1.fr\/emissions\/ledito-politique-dyves-threard\/vers-lexplosion-du-clivage-gauche-droite-2988857\n\n-&#8220;Une campagne qui tourne mal, qui tourne en rond&#8221; (Alba Ventura; vid\u00e9o) : http:\/\/www.rtl.fr\/actu\/politique\/presidentielle-2017-une-campagne-qui-tourne-mal-qui-tourne-en-rond-deplore-alba-ventura-7787439577\n\n-&#8220;Je demande que TF1 respecte la loi, au CSA de la faire respecter et au t\u00e9l\u00e9spectateurs de boycotter la cha\u00eene&#8221; (Nicolas Dupont-Aignan, interrog\u00e9 par Brigitte Boucher; vid\u00e9o, amener le curseur sur 29:21) : http:\/\/www.lcp.fr\/emissions\/politique-matin\/282398-politique-matin\n\n-&#8220;Cela fait deux ans que je parle de ces affaires qui connaissent une acc\u00e9l\u00e9ration du calendrier judiciaire parce qu&#8217;arrivent les \u00e9lections. Le ministre de l&#8217;Int\u00e9rieur intervient sur le sujet, confirmant le caract\u00e8re politique de l&#8217;attaque. Que vient faire M. Cazeneuve dans cette affaire ? On va repartir cinq ans avec l&#8217;h\u00e9ritier de Fran\u00e7ois Hollande ? Il n&#8217;en est pas question !&#8221; (Florian Philippot, vice-pr\u00e9sident du FN, face \u00e0 Jean-Jacques Bourdin; vid\u00e9o) : http:\/\/www.bfmtv.com\/mediaplayer\/video\/florian-philippot-face-a-jean-jacques-bourdin-en-direct-918387.html\n\n-&#8220;Il est temps que les juges observent l&#8217;obligation de neutralit\u00e9, au moins apparente&#8221; (Gilbert Collard, d\u00e9put\u00e9 apparent\u00e9 FN du Gard; interrog\u00e9 par Guillaume Durand; vid\u00e9o) : https:\/\/www.dailymotion.com\/video\/x5dctxp_il-est-temps-que-les-juges-respectent-l-obligation-de-neutralite-au-moins-apparente-gilbert-collard_news\n\n-&#8220;L&#8217;ex-conseiller qui accuse Marine Le Pen&#8221; (Marine Turchi de &#8220;Mediapart&#8221;; pi\u00e8ce jointe);\n\n-&#8220;Le syst\u00e8me de financement des campagnes du FN flirte totalement avec l&#8217;ill\u00e9galit\u00e9&#8221; (Laurent Fargues, auteur du livre &#8220;Le proc\u00e8s interdit de Marine Le Pen&#8221;; interrog\u00e9 par Thomas Sotto; vid\u00e9o) :  http:\/\/www.europe1.fr\/emissions\/l-interview-verite\/laurent-fargues-le-systeme-de-financement-des-campagnes-du-fn-flirte-totalement-avec-lillegalite-2988959\n\n-R\u00e9actions de militants du FN (vid\u00e9o) : http:\/\/rmc.bfmtv.com\/mediaplayer\/video\/comment-reagissent-les-militants-de-marine-le-pen-face-aux-affaires-918333.html\n\n-&#8220;La justice sur le perron de l&#8217;Elys\u00e9e&#8221; (Emmanuel Fansten) : http:\/\/www.liberation.fr\/elections-presidentielle-legislatives-2017\/2017\/02\/26\/affaires-fillon-et-le-pen-la-justice-sur-le-perron-de-l-elysee_1551220?xtor\n\n<strong>-&#8220;Les magistrats ne sont pas l\u00e0 pour s&#8217;int\u00e9resser \u00e0 l&#8217;impact&#8221; de leurs d\u00e9cisions (Jean-Jacques Urvoas, ministre de la Justice; interrog\u00e9 par Caroline Roux; vid\u00e9o) : <\/strong> http:\/\/www.francetvinfo.fr\/economie\/emploi\/metiers\/droit-et-justice\/4-verites-urvoas-les-magistrats-ne-sont-pas-la-pour-s-interesser-a-l-impact-de-leur-decision_2073871.html\n\n<em>-Intentions de vote \u00e0 l&#8217;\u00e9lection pr\u00e9sidentielle au 27 f\u00e9vrier (IFOP) : <\/em> http:\/\/www.parismatch.com\/La-presidentielle-en-temps-reel\n\n<em>-Le m\u00eame (OPINION-WAY) <\/em> : https:\/\/www.opinion-way.com\/fr\/\n\n<em>-Rappel de celui de la SOFRES au 24 f\u00e9vrier : <\/em> http:\/\/fr.kantar.com\/elections\/presidentielle\/2017\/intentions-de-vote-marine-le-pen-et-emmanuel-macron-creusent-l-ecart\/\n\n<strong>EUROPE-MONDE<\/strong>\n\n<strong>-&#8220;Efficaces, les fonds europ\u00e9ens manquent de visibilit\u00e9 en banlieue&#8221; (Marion Candau) <\/strong> : http:\/\/www.euractiv.fr\/section\/politique\/news\/efficaces-les-fonds-europeens-manquent-de-visibilite-en-banlieue\/?nl_ref=32111286\n\n-&#8220;Je d\u00e9nonce tous les hypocrites qui ont vot\u00e9 l&#8217;accord sur la r\u00e9forme du march\u00e9 du carbone&#8221; (l&#8217;eurod\u00e9put\u00e9 PS Edouard Martin, interrog\u00e9 par G\u00e9rard Leclerc; son du 27 f\u00e9vrier) : https:\/\/www.radioclassique.fr\/radio\/emissions\/matinale-de-radio-classique\/journal-de-l-europe\/\n\n-Son point de vue et celui de Lakshmi Mittal dans &#8220;Le Monde&#8221; (pi\u00e8ce jointe);\n\n<strong>-La Commission europ\u00e9enne propose de r\u00e9duire la part des biocarburants agricoles d&#8217;ici 2030. Ce qu&#8217;en pense Laura Buffet de l&#8217;ONG &#8220;Transport et environnement&#8221; (propos recueillis par Sarantis Michalopoulos) :<\/strong> http:\/\/www.euractiv.fr\/section\/plan-te\/interview\/biofuels-expert-clear-sustainability-framework-needed\/?nl_ref=32111286\n\n-L&#8217;Union europ\u00e9enne encourage la lutte contre l&#8217;ob\u00e9sit\u00e9 \u00e0 l&#8217;\u00e9cole (Hannah Black) : http:\/\/www.euractiv.fr\/section\/agriculture-alimentation\/news\/eu-urges-member-states-to-target-childhood-obesity-in-schools\/?nl_ref=32111286\n\n-Malte met un coup de projecteur sur les droits de la communaut\u00e9 LGTBI dans l&#8217;Union europ\u00e9enne (Matthew Tempest) : http:\/\/www.euractiv.fr\/section\/politique\/news\/malta-minister-says-politicians-must-help-shape-public-opinion-on-lgbti-rights\/?nl_ref=32111286\n\n-&#8220;Le tandem Hamon -Jadot pr\u00f4ne l&#8217;arr\u00eat du Lyon-Turin&#8221; (C\u00e9cile Barbi\u00e8re) : http:\/\/www.euractiv.fr\/section\/climat\/news\/le-tandem-hamon-jadot-prone-larret-du-lyon-turin\/?nl_ref=32111286\n\n-Les eurod\u00e9put\u00e9s se pr\u00e9occupent de la s\u00e9curit\u00e9 avec les robots (vid\u00e9o) : http:\/\/www.francetvinfo.fr\/economie\/industrie\/ue-les-deputes-ont-peur-des-robots_2073939.html\n\n-Ancien pr\u00e9sident du Parlement europ\u00e9en, le social-d\u00e9mocrate Martin Schulz, &#8220;l&#8217;homme qui inqui\u00e8te Angela Merkel&#8221; (vid\u00e9o) : http:\/\/www.francetvinfo.fr\/monde\/europe\/elections-en-allemagne\/allemagne-l-homme-qui-inquiete-angela-merkel_2074609.html\n\n-&#8220;R\u00e9veil prometteur au Portugal&#8221; (Ana Navaro Pedro; son) : https:\/\/www.franceinter.fr\/emissions\/meridien-d-europe\/meridien-d-europe-27-fevrier-2017\n\n-La R\u00e9publique tch\u00e8que s&#8217;inqui\u00e8te de l&#8217;effet Trump sur sa politique nationale (Lucas Hendrych) : http:\/\/www.euractiv.fr\/section\/l-europe-dans-le-monde\/news\/czechs-debate-trumps-impact-on-national-political-priorities\/?nl_ref=32111286\n\n<strong>-&#8220;Nous faisons bien rire les Su\u00e9dois !&#8221; (vid\u00e9o) : <\/strong>  http:\/\/www.francetvinfo.fr\/politique\/suede-modele-de-transparence_2074575.html\n\n-&#8220;Moscou se mobilise pour intensifier la guerre de l&#8217;information&#8221; (Emmanuel Grynszpan) : http:\/\/www.euractiv.fr\/section\/innovation-entreprises\/news\/moscou-se-mobilise-pour-intensifier-la-guerre-de-linformation\/?nl_ref=32111286\n\n-La Chine veut mettre un terme au trafic de l&#8217;ivoire sur son territoire (Yolaine de la Bigne; son) : http:\/\/www.sudradio.fr\/Podcasts\/Quelle-epoque-ethique\/Chine-et-Ivoire\n\n<strong>CULTURE-MEDIAS<\/strong>\n\n<strong>-&#8220;En quoi la crise que traverse aujourd&#8217;hui notre d\u00e9mocratie se distingue-t-elle des pr\u00e9c\u00e9dentes ?&#8221; (le philosophe et historien Marcel Gauchet, invit\u00e9 des &#8220;Matins&#8221; de Guillaume Erner; sons) <\/strong> : https:\/\/www.franceculture.fr\/emissions\/linvite-des-matins\/presidentielle-le-pire-et-le-meilleur-de-la-democratie#xtor                  https:\/\/www.franceculture.fr\/emissions\/linvite-des-matins-2eme-partie\/presidentielles-le-pire-et-le-meilleur-de-la-democratie \n\n<strong>-&#8220;Les pathologies de la d\u00e9mocratie&#8221; (le cours de Pierre Rosanvallon au Coll\u00e8ge de France; vid\u00e9o) :<\/strong> https:\/\/www.youtube.com\/watch?v=qBr1_y6wf6E\n\n<strong>-Le th\u00e9\u00e2tre r\u00e9publicain pendant la guerre d&#8217;Espagne&#8221; (Rocio Gonzal\u00e8s Naranjo, chercheuse \u00e0 l&#8217;universit\u00e9 de Limoges, \u00e9tait l&#8217;invit\u00e9e de &#8220;la Marche de l&#8217;Histoire&#8221; de Jean Lebrun; son) :<\/strong> https:\/\/www.franceinter.fr\/emissions\/la-marche-de-l-histoire\/la-marche-de-l-histoire-27-fevrier-2017\n\n-&#8220;Le lib\u00e9ralisme est un humanisme. On est l\u00e0 pour se marrer et pour faire du fric&#8221; (Robert Leblanc, &#8220;patron chr\u00e9tien&#8221; du Medef; interrog\u00e9 par Nicolas Pierron; vid\u00e9o) : https:\/\/www.dailymotion.com\/video\/x5dcswo_une-bonne-ambiance-dans-l-entreprise-favorise-la-prosperite-de-tous-robert-leblanc-27-02-2017_news\n\n-A partir d&#8217;aujourd&#8217;hui salle Pleyel, le rappeur Abd Al Malik se produit avec Albert Camus (propos recueillis par Gilles Heur\u00e9) : http:\/\/www.telerama.fr\/sortir\/abd-al-malik-a-12-ans-je-m-imaginais-discuter-avec-camus-en-bas-de-mon-immeuble,154478.php#xtor\n\n-&#8220;Sur les traces d&#8217;Andy  Warhol&#8221; (dans &#8220;Stup\u00e9fiant !&#8221; de L\u00e9a Salam\u00e9; vid\u00e9o) :                   http:\/\/www.france2.fr\/emissions\/stupefiant\/videos\/la_story_sur_les_traces_dandy_warhol_20-02-2017_1490571?onglet\n\n<strong>-&#8220;Il \u00e9tait une fois la banlieue&#8221;, un coffret de 6 films de Dominique Cabrera (Jean-Jacques Birg\u00e9; vid\u00e9os) :<\/strong> https:\/\/blogs.mediapart.fr\/jean-jacques-birge\/blog\/240217\/il-etait-une-fois-la-banlieue\n\n-&#8220;Que vive le documentaire sur grand \u00e9cran&#8221; (appel collectif) : https:\/\/blogs.mediapart.fr\/les-invites-de-mediapart\/blog\/210217\/que-vive-le-documentaire-sur-grand-ecran\n\n<strong>-Six moments de la c\u00e9r\u00e9monie des Oscars 2017 (vid\u00e9os) : <\/strong> http:\/\/www.lepoint.fr\/pop-culture\/cinema\/oscars-2017-le-top-6-des-moments-a-revoir-et-ce-qu-il-faut-retenir-27-02-2017-2107805_2923.php?M_BT\n\n<strong>-Sept, historiques, de celles des C\u00e9sars (vid\u00e9o) : <\/strong> http:\/\/www.liberation.fr\/video\/2017\/02\/24\/la-nuit-des-cesars-en-sept-moments-historiques_1550838?xtor\n\n<strong>-&#8220;Divines au pluriel&#8221;. Les grandes gagnantes  de la c\u00e9r\u00e9monie des C\u00e9sars 2017 sont les invit\u00e9es d&#8217;Augustin Trapenard (son et vid\u00e9o) : <\/strong> https:\/\/www.franceinter.fr\/emissions\/boomerang\/boomerang-27-fevrier-2017\n\n-Cafouillage pour la remise de l&#8217;Oscar du meilleur film (vid\u00e9o) : http:\/\/www.francetvinfo.fr\/culture\/cinema\/oscars\/video-la-la-land-ou-moonlight-cafouillage-aux-oscars-pour-la-remise-de-la-statuette-du-meilleur-film_2073755.html\n\n-&#8220;Ce genre de cafouillage n&#8217;\u00e9tait jamais arriv\u00e9 aux Oscars&#8221; (Laurent Weil de Canal +; son du 27 f\u00e9vrier) : https:\/\/www.radioclassique.fr\/radio\/emissions\/matinale-de-radio-classique\/l-invite-du-matin\/\n\n-Catherine Hepburn n&#8217;aimait pas les statuettes (Louis Guichard) : http:\/\/television.telerama.fr\/television\/miss-hepburn-n-aimait-pas-les-statuettes,154081.php#xtor\n\n-&#8220;20th Century Women&#8221;, une d\u00e9claration d&#8217;amour aux femmes du r\u00e9alisateur Mike Mills (vid\u00e9o) : http:\/\/www.francetvinfo.fr\/culture\/cinema\/cinema-20th-century-women-une-declaration-d-amour-aux-femmes_2073551.html\n\n-Michel Legrand, grand compositeur de musiques de films, \u00e9tait l&#8217;invit\u00e9 de Laurent Delahousse (vid\u00e9o) : http:\/\/www.francetvinfo.fr\/culture\/cinema\/michel-legrand-un-grand-compositeur-de-musiques-de-films_2073475.html\n\n<strong>-&#8220;La musique au travail&#8221; (Rebecca Manzoni; vid\u00e9o) : <\/strong> https:\/\/www.franceinter.fr\/emissions\/pop-co\/pop-co-27-fevrier-2017\n\n-Retrouver Fran\u00e7oiz Breut et &#8220;cette voix, papillon qui refusait de se poser&#8221;; avec Fran\u00e7ois Gorin (vid\u00e9o et son) : http:\/\/www.telerama.fr\/musique\/francoiz-breut-ne-pas-quitter-disais-tu,154560.php#xtor\n\n-&#8220;Retourner \u00e0 la mer&#8221;, le premier livre du chanteur Rapha\u00ebl (invit\u00e9 de Claire Chazal; son du 25 f\u00e9vrier) : https:\/\/www.radioclassique.fr\/radio\/emissions\/l-invite-culture-de-claire-chazal\/\n\n-Jean-Guy Coulange, compositeur sonore (propos recueillis par Camille Poirier) : http:\/\/www.telerama.fr\/radio\/jean-guy-coulange-compositeur-sonore-je-suis-un-adepte-de-la-lenteur,153994.php#xtor\n\n<strong>-Ecouter sa derni\u00e8re pi\u00e8ce &#8220;Fleuve Somme&#8221; (son) :<\/strong> http:\/\/www.rts.ch\/play\/radio\/le-labo\/audio\/fleuve-somme-la-traversee-du-paysage-1?id=8277217\n\n-D&#8217;autres pi\u00e8ces sonores sur son site (sons) : http:\/\/www.jgcoulange.com\/\n\n<strong>-Une semaine devant le poste sur BFM TV (Samuel Gontier) : <\/strong> http:\/\/television.telerama.fr\/television\/nicolas-sarkozy-bon-pour-accor-francois-fillon-mauvais-pour-la-secu,154574.php#xtor\n\n-Lettre \u00e0 Fran\u00e7ois Lenglet (Adrien Daquin) : https:\/\/blogs.mediapart.fr\/adrien-daquin\/blog\/250217\/lettre-francois-lenglet\n\n<strong>-&#8220;Torreton face \u00e0 M\u00e9lenchon ou la nullit\u00e9 du grain de sable&#8221; (Daniel Scheidermann) : <\/strong> http:\/\/www.liberation.fr\/debats\/2017\/02\/26\/torreton-face-a-melenchon-ou-la-nullite-du-grain-de-sable_1551182?xtor\n\n-&#8220;Marine Le Pen et les m\u00e9dias&#8221; (Soazig Qu\u00e9m\u00e9ner de &#8220;Marianne&#8221; et Geoffroy Lejeune de &#8220;Valeurs actuelles&#8221;; vid\u00e9o) : http:\/\/www.bfmtv.com\/mediaplayer\/video\/marine-le-pen-s-en-prend-aux-medias-918307.html\n\n<strong>-&#8220;Que pr\u00e9voit le programme du FN pour la presse et les m\u00e9dias ?&#8221; (Florian Philippot, vice-pr\u00e9sident du FN, \u00e9tait l&#8217;invit\u00e9 de Sonia Devillers; vid\u00e9o, amener le curseur sur 1:16) :<\/strong> http:\/\/www.dailymotion.com\/video\/x5dd8cn_que-prevoit-le-programme-du-fn-pour-la-presse-et-l-audiovisuel_news\n\n-&#8220;Sur C8, Ardisson bat des records d&#8217;audience&#8221; (Marc Baudriller; son du 27 f\u00e9vrier) : https:\/\/www.radioclassique.fr\/radio\/emissions\/matinale-de-radio-classique\/la-vie-des-medias\/\n\n-&#8220;The Wall&#8221;, le nouveau jeu de TF1 anim\u00e9 par Christophe Dechavanne (interrog\u00e9 par Thomas Joubert; vid\u00e9o) : http:\/\/www.europe1.fr\/emissions\/l-invite-medias\/the-wall-notre-emission-est-meilleure-que-lamericaine-assure-christophe-dechavanne-2989247\n\n-La cha\u00eene i-T\u00e9l\u00e9 est devenue officiellement CNews (J\u00e9r\u00f4me Ivanitchtchenko; vid\u00e9o) : http:\/\/www.europe1.fr\/emissions\/le-fait-medias-du-jour\/la-chaine-itele-est-officiellement-devenue-cnews-2989103\n\n<strong>-&#8220;I love Paris&#8221; (Sophia Aram; vid\u00e9o en anglais parce qu&#8217;adress\u00e9e \u00e0 Donald Trump et sous-titr\u00e9e) :<\/strong> http:\/\/www.dailymotion.com\/video\/x5dcmu9_i-love-paris-le-billet-de-sophia-aram-a-donald-trump_fun\n\n<strong>-&#8220;Clem et Jean-Matt reprennent en main la com de Beno\u00eet Hamon&#8221; (Charline Vanhoenacker et Guillaume Meurice; vid\u00e9o) :  <\/strong> http:\/\/www.dailymotion.com\/video\/x5dce3m\n\n<strong>-&#8220;Fuck le syst\u00e8me !&#8221; (Didier Porte; vid\u00e9o) : <\/strong> https:\/\/www.youtube.com\/watch?v=612HCsI3yzk&#038;feature=youtu.be\n<h2 class=\"wp-block-heading\">Documents joints<\/h2>\n\n\n\n<div class=\"wp-block-file\"><a href=\"https:\/\/wp.muchomaas.com\/wp-content\/uploads\/2017\/02\/comm_nadot_presidentielle_2017-554.pdf\">comm_nadot_presidentielle_2017.pdf<\/a><\/div>\n\n\n\n<div class=\"wp-block-file\"><a href=\"https:\/\/wp.muchomaas.com\/wp-content\/uploads\/2017\/02\/le_conseiller_fn-cdb.pdf\">le_conseiller_fn.pdf<\/a><\/div>\n\n\n\n<div class=\"wp-block-file\"><a href=\"https:\/\/wp.muchomaas.com\/wp-content\/uploads\/2017\/02\/lakshmi_mittal-063.pdf\">lakshmi_mittal.pdf<\/a><\/div>\n\n\n","protected":false},"excerpt":{"rendered":"<p>ACTUALITE -L&#8217;encadrement de l&#8217;\u00e9conomie collaborative (son) : http:\/\/www.sudradio.fr\/Podcasts\/Les-reportages-de-la-matinee\/Economie-collaborative -&#8220;De plus en plus d&#8217;agriculteurs choisissent de changer de mod\u00e8le&#8221; (Baptiste Gaborit; son du 27 f\u00e9vrier) : https:\/\/www.radioclassique.fr\/radio\/emissions\/matinale-de-radio-classique\/3-minutes-planete\/ -&#8220;La ferme du Bec Helloin, visit\u00e9e par le monde entier (Mathilde Golla du &#8220;Figaro&#8221;; son) : https:\/\/www.franceinter.fr\/emissions\/l-esprit-d-initiative\/l-esprit-d-initiative-27-fevrier-2017 -&#8220;L&#8217;agriculture fran\u00e7aise s&#8217;affaiblit&#8221; (Yani Khezzar; vid\u00e9o) : http:\/\/www.cnews.fr\/magazines\/la-matinale-info\/lagriculture-francaise-saffaiblit-173221 -Faut-il l\u00e2cher de nouveaux [&hellip;]<\/p>\n","protected":false},"author":1042,"featured_media":0,"comment_status":"open","ping_status":"open","sticky":false,"template":"","format":"standard","meta":{"_themeisle_gutenberg_block_has_review":false,"footnotes":""},"categories":[151],"tags":[],"class_list":["post-10222","post","type-post","status-publish","format-standard","hentry","category-la-revue-de-presse-de-lulu"],"_links":{"self":[{"href":"https:\/\/archives.regards.fr\/index.php?rest_route=\/wp\/v2\/posts\/10222","targetHints":{"allow":["GET"]}}],"collection":[{"href":"https:\/\/archives.regards.fr\/index.php?rest_route=\/wp\/v2\/posts"}],"about":[{"href":"https:\/\/archives.regards.fr\/index.php?rest_route=\/wp\/v2\/types\/post"}],"author":[{"embeddable":true,"href":"https:\/\/archives.regards.fr\/index.php?rest_route=\/wp\/v2\/users\/1042"}],"replies":[{"embeddable":true,"href":"https:\/\/archives.regards.fr\/index.php?rest_route=%2Fwp%2Fv2%2Fcomments&post=10222"}],"version-history":[{"count":0,"href":"https:\/\/archives.regards.fr\/index.php?rest_route=\/wp\/v2\/posts\/10222\/revisions"}],"wp:attachment":[{"href":"https:\/\/archives.regards.fr\/index.php?rest_route=%2Fwp%2Fv2%2Fmedia&parent=10222"}],"wp:term":[{"taxonomy":"category","embeddable":true,"href":"https:\/\/archives.regards.fr\/index.php?rest_route=%2Fwp%2Fv2%2Fcategories&post=10222"},{"taxonomy":"post_tag","embeddable":true,"href":"https:\/\/archives.regards.fr\/index.php?rest_route=%2Fwp%2Fv2%2Ftags&post=10222"}],"curies":[{"name":"wp","href":"https:\/\/api.w.org\/{rel}","templated":true}]}}