{"id":10221,"date":"2017-02-27T07:20:26","date_gmt":"2017-02-27T06:20:26","guid":{"rendered":"https:\/\/wp.muchomaas.com\/article-la-revue-du-27-fevrier-2017\/"},"modified":"2023-06-23T23:24:13","modified_gmt":"2023-06-23T21:24:13","slug":"article-la-revue-du-27-fevrier-2017","status":"publish","type":"post","link":"https:\/\/archives.regards.fr\/?p=10221","title":{"rendered":"La Revue du 27 f\u00e9vrier 2017"},"content":{"rendered":"<strong>ACTUALITE<\/strong>\n\n\n<strong>-&#8220;Faut-il se m\u00e9fier de la robotisation des emplois ?&#8221; (en d\u00e9bat dans &#8220;24 Heures en politique&#8221; d&#8217;Yves Calvi; vid\u00e9o) :<\/strong> http:\/\/www.lci.fr\/replay\/replay-24-heures-en-questions-du-24-fevrier-2017-faut-il-se-mefier-de-la-robotisation-des-emplois-2027244.html%3Ftype=content\n\n<strong>-&#8220;Il y a une vraie r\u00e9signation dans les campagnes&#8221; (Laurent Pinatel, pr\u00e9sident de la Conf\u00e9d\u00e9ration paysanne et Luc Smessaert, vice-pr\u00e9sident de la FNSEA; invit\u00e9s de S\u00e9bastien Guyot; son) :<\/strong> http:\/\/www.europe1.fr\/emissions\/linterview-verite-du-week-end\/laurent-pinatel-il-y-a-une-vraie-resignation-dans-les-campagnes-les-gens-ne-voient-plus-de-solutions-pour-sortir-de-la-crise-2987594\n\n-&#8220;En trois ans, le chiffre d&#8217;affaire des exploitations a baiss\u00e9 de 30%&#8221; (Pascal Cormery, pr\u00e9sident de &#8220;la Mutualit\u00e9 sociale agricole&#8221;; interrog\u00e9 par Alain Passerel; son) : https:\/\/www.franceinter.fr\/emissions\/l-interview-politique\/l-interview-politique-26-fevrier-2017\n\n-&#8220;Quel nouveau mod\u00e8le pour une agriculture en crise ?&#8221; (Paolin Pascot, cr\u00e9ateur de &#8220;la Ferme digitale&#8221;; interrog\u00e9 par David Abiker; son, amener le curseur sur 11:54) : http:\/\/www.europe1.fr\/emissions\/c-est-arrive-cette-semaine\/cest-arrive-cette-semaine-250217-2987651\n\n<strong>-&#8220;L&#8217;agroforesterie dans le Gers&#8221; (Denis Cheissous; son) :<\/strong> https:\/\/www.franceinter.fr\/emissions\/co2-mon-amour\/co2-mon-amour-25-fevrier-2017\n\n-&#8220;La vente directe concerne une exploitation agricole sur cinq&#8221; (vid\u00e9o) : http:\/\/www.francetvinfo.fr\/economie\/emploi\/metiers\/agriculture\/agriculture-le-succes-grandissant-de-la-vente-directe_2072721.html\n\n-Transport des animaux, quelles sont les r\u00e8gles ? (Allain Bougrain-Dubourg; son) : https:\/\/www.franceinter.fr\/emissions\/curieux-de-nature\/curieux-de-nature-26-fevrier-2017\n\n&#8220;Touche pas \u00e0 mon camembert !&#8221; (Corinne Bouchouchi) : http:\/\/tempsreel.nouvelobs.com\/economie\/20170224.OBS5738\/touche-pas-a-mon-camembert-peut-on-se-fier-aux-aop.html#xtor\n\n-En Alsace, Heppner, une affaire qui roule (vid\u00e9o) : http:\/\/www.francetvinfo.fr\/replay-jt\/france-2\/13-heures\/une-affaire-de-famille-heppner-une-affaire-qui-roule_2073209.html\n\n-&#8220;Savon d&#8217;Alep, made in France&#8221; (&#8220;13H15 le dimanche&#8221;; vid\u00e9o) : http:\/\/www.france2.fr\/emission\/13h15-les-francais\/diffusion-du-26-02-2017-14h15\n\n<strong>-Le Carnaval de Nice, &#8220;les larmes au bord du rire&#8221; (&#8220;13H15 le samedi&#8221; de Anne-Claire Danel, Thibault Pomares et B\u00e9reng\u00e8re Lafont; vid\u00e9o) :<\/strong> http:\/\/www.francetvinfo.fr\/replay-magazine\/france-2\/13h15\/13h15-du-samedi-25-fevrier-2017_2065003.html\n\n-Des peines de prison avec sursis pour les auteurs de tweets homophobes contre Ian Brossat, adjoint communiste au logement de la maire de Paris (Christine Henry) : http:\/\/m.leparisien.fr\/paris-75\/les-auteurs-des-tweets-homophobes-a-l-encontre-de-ian-brossat-condamnes-22-02-2017-6702489.php\n\n<strong>POLITIQUE<\/strong>\n\n<strong>-&#8220;Il  y a une telle d\u00e9fiance \u00e0 l&#8217;\u00e9gard des dirigeants politiques qu&#8217;une transparence absolue en actes s&#8217;impose. Non (je ne regrette pas notre soutien \u00e0 Jean-Luc M\u00e9lenchon). Les conditions de discussions  pour dire comment ensemble nous envisageons de gouverner la France sont aujourd&#8217;hui possibles. Il faut pousser en ce sens. J&#8217;esp\u00e8re que la rencontre (entre Jean-Luc M\u00e9lenchon et Beno\u00eet Hamon) aura lieu la semaine prochaine. Elle doit porter sur des questions s\u00e9rieuses. Les dangers sont consid\u00e9rables. L&#8217;ambition sociale que nous portons, la n\u00e9cessaire lutte contre la finance-un grand rat\u00e9 du quinquennat Hollande-il faut aussi r\u00e9pondre \u00e0 ces questions. Je pense que c&#8217;est possible et si on m&#8217;invite, j&#8217;y suis pr\u00eat. Je porterai ces questions. Il n&#8217;y a qu&#8217;une mani\u00e8re de d\u00e9bloquer la situation, c&#8217;est de mettre ces questions sur la table pour signer un contrat politique commun. Si on essaie de contourner cela, on n&#8217;y arrivera pas parce que chacun porte des exigences qui existent dans la soci\u00e9t\u00e9. J&#8217;ai tellement oeuvr\u00e9 pour un accord depuis un an que je ne vais pas y renoncer aujourd&#8217;hui qu&#8217;une porte s&#8217;ouvre&#8221; (Pierre Laurent, interrog\u00e9 par Nicolas Poirette sur RTL; vid\u00e9o) : <\/strong> http:\/\/www.rtl.fr\/actu\/politique\/presidentielle-2017-pierre-laurent-pousse-pour-un-projet-commun-de-la-gauche-7787411006\n\n-&#8220;Il y a une exigence d&#8217;unit\u00e9 et une exigence d&#8217;engagements&#8221; (dans &#8220;l&#8217;Humanit\u00e9&#8221;, Aur\u00e9lien Soucheyre rend compte de la rencontre entre Pierre Laurent et Jean-Luc M\u00e9lenchon) : http:\/\/www.humanite.fr\/il-y-une-exigence-dunite-et-une-exigence-dengagements-632641\n\n<strong>-L&#8217;intervention de Jean-Luc M\u00e9lenchon \u00e0 &#8220;La Journ\u00e9e de l&#8217;\u00e9cologie&#8221;. Il y a expliqu\u00e9 pourquoi il n&#8217;irait pas au Salon de l&#8217;agriculture (vid\u00e9o) : <\/strong> https:\/\/www.youtube.com\/watch?v=B854jwPS7vY&#038;feature=youtu.be\n\n-&#8220;Le mod\u00e8le de production agricole fran\u00e7ais est en crise&#8221; (Yuna Chiffoleau, charg\u00e9e de recherche pour l&#8217;INRA \u00e0 Montpellier; vid\u00e9o) : http:\/\/www.francetvinfo.fr\/economie\/emploi\/metiers\/agriculture\/crise-des-eleveurs\/agriculture-le-modele-francais-en-crise_2072705.html\n\n-&#8220;On ne mobilisera pas les 50% de Fran\u00e7ais qui n&#8217;ont pas fait leur choix avec de vieilles recettes, avec des directions de partis qui se mettraient d&#8217;accord. En politique, il n&#8217;y a pas d&#8217;additions \u00e0 froid, il y a des dynamiques \u00e0 faire&#8221; (Alexis Corbi\u00e8re, porte-parole de Jean-Luc M\u00e9lenchon; invit\u00e9 de &#8220;Int\u00e9grale week-end&#8221; sur i-T\u00e9l\u00e9; vid\u00e9o) : https:\/\/www.youtube.com\/watch?v=lLeXjV_kl4Y&#038;feature=youtu.be\n\n-&#8220;On a un gouvernement- c&#8217;est encore le PS qui est au gouvernement, il ne faudrait pas l&#8217;oublier- qui a d\u00e9sesp\u00e9r\u00e9 les Fran\u00e7ais. Arithm\u00e9tiquement, ce qu&#8217;il faut d&#8217;abord voir dans les sondages, c&#8217;est que le PS s&#8217;est effondr\u00e9&#8221; (Dani\u00e8lle Simonnet, autre porte-parole de Jean-Luc M\u00e9lenchon, invit\u00e9e de &#8220;Dimanche en Politique en Ile-de-France&#8221;; vid\u00e9o) : http:\/\/pluzz.francetv.fr\/videos\/dimanche_en_politique_paris_ile_de_france_,154042414.html\n\n-&#8220;Pour combattre le ch\u00f4mage, il faut interdire les licenciements, r\u00e9duire la dur\u00e9e du travail et abaisser l&#8217;\u00e2ge de d\u00e9part \u00e0 la retraite. Il faut une nouvelle branche de la S\u00e9curit\u00e9 sociale qui garantisse un salaire \u00e0 tout le monde&#8221; (Philippe Poutou, candidat du NPA \u00e0 l&#8217;\u00e9lection pr\u00e9sidentielle, invit\u00e9 de &#8220;On n&#8217;est pas couch\u00e9&#8221;; vid\u00e9o) : http:\/\/www.france2.fr\/emissions\/on-n-est-pas-couche\/videos\/philippe_poutou_-_on_nest_pas_couche_25_fevrier_2017_onpc_26-02-2017_1495775?onglet=tous&#038;page=1\n\n<strong>-&#8220;L&#8217;accord Hamon-Jadot promet 43 circonscriptions aux \u00e9cologistes et la sortie du nucl\u00e9aire, comme en 2012. Ce n&#8217;est qu&#8217;un accord d&#8217;appareils. Quant \u00e0 l&#8217;accord M\u00e9lenchon-Hamon, le microcosme ne cesse de le r\u00e9clamer, les gens aussi, alors qu&#8217;il n&#8217;aura pas lieu. Additionner les intentions de vote de Jean-Luc M\u00e9lenchon et de Beno\u00eet Hamon pour entretenir l&#8217;id\u00e9e que cela permettrait d&#8217;atteindre le second tour n&#8217;a pas de sens parce qu&#8217;elles ne s&#8217;additionneraient pas. Les deux candidats n&#8217;ont qu&#8217;un souci, celui de ne pas  porter la responsabilit\u00e9 d&#8217;un \u00e9chec pourtant in\u00e9vitable&#8221; (Dans l&#8217;\u00e9mission &#8220;M\u00e9diapolis&#8221; de Natacha Polony et Alain Duhamel sur Europe 1; son, amener le curseur sur 7:55) <\/strong> : http:\/\/www.europe1.fr\/emissions\/mediapolis\/mediapolis-250217-2987717\n\n-&#8220;Aucun des deux ne veut retirer sa candidature&#8230;ni prendre la responsabilit\u00e9 de la dispersion&#8221; (Arthur Nazaret) : http:\/\/www.lejdd.fr\/Politique\/Hamon-Melenchon-le-rendez-vous-manque-850394\n\n-&#8220;Hamon-M\u00e9lenchon, l&#8217;enthousiasme n&#8217;est pas au rendez-vous&#8221; (Fr\u00e9d\u00e9ric Dabi de l&#8217;institut IFOP; propos recueillis par Thibaud Le Meneec) : http:\/\/www.lejdd.fr\/Politique\/Rapprochement-Hamon-Melenchon-L-enthousiasme-n-est-pas-au-rendez-vous-849953\n\n<strong>-Ce qu&#8217;ils pensent de 19 propositions phares (Vincent Winter et Cl\u00e9ment Parrot) : <\/strong> http:\/\/www.francetvinfo.fr\/politique\/benoit-hamon\/revenu-universel-nucleaire-europe-ceque-melenchon-et-hamon-pensent-de-18propositions-phares_2071169.html\n\n<strong>-Jean-Luc M\u00e9lenchon, &#8220;je l&#8217;ai vu, il m&#8217;a confirm\u00e9 ce que je savais, il sera candidat. La situation est maintenant claire&#8221; (Beno\u00eet Hamon, invit\u00e9 du &#8220;20 heures&#8221; de TF1; vid\u00e9o) <\/strong> :  http:\/\/www.lci.fr\/politique\/benoit-hamon-son-alliance-avec-melenchon-et-le-futur-auquel-il-aspire-2027406.html%3Ftype=content\n\n<em>-Le communiqu\u00e9 de Jean-Luc M\u00e9lenchon (pi\u00e8ce jointe); <\/em> \n\n-&#8220;Il \u00e9tait de ma responsabilit\u00e9 de construire un rassemblement. Si l&#8217;Europe reste cette petite mondialisation lib\u00e9rale, aust\u00e9ritaire et technocratique, elle va mourir. Je ne suis pas pour la sortie de l&#8217;euro. Beno\u00eet Hamon a gagn\u00e9 la primaire en faisant de ses id\u00e9es un mod\u00e8le de d\u00e9veloppement&#8221; (Yannick Jadot \u00e9tait l&#8217;invit\u00e9 de &#8220;BFM Politique; vid\u00e9os) : \nhttp:\/\/www.bfmtv.com\/mediaplayer\/video\/ralliement-a-benoit-hamon-il-etait-de-ma-responsabilite-de-construire-un-rassemblement-yannick-jadot-918251.html         http:\/\/www.bfmtv.com\/mediaplayer\/video\/politiques-au-quotidien-si-l-europe-reste-cette-petite-mondialisation-liberale-austeritaire-et-technocratique-elle-va-mourir-yannick-jadot-918253.html                                                                             http:\/\/www.bfmtv.com\/mediaplayer\/video\/questions-d-eco-je-ne-suis-pas-pour-la-sortie-de-l-euro-yannick-jadot-918255.html                                                        http:\/\/www.bfmtv.com\/mediaplayer\/video\/yannick-jadot-face-aux-francais-benoit-hamon-a-gagne-la-primaire-en-faisant-de-ses-idees-du-modele-de-developpement-918257.html\n\n-&#8220;Les \u00e9lecteurs \u00e9cologistes approuvent \u00e0 pr\u00e8s de 80 % le renoncement de Yannick Jadot&#8221; : http:\/\/www.francetvinfo.fr\/politique\/yannick-jadot\/presidentielle-les-electeurs-ecologistes-approuvent-a-pres-de-80-le-renoncement-de-yannick-jadot-et-le-soutien-a-benoit-hamon_2073115.html\n\n-&#8220;Yannick Jadot nous a trahis&#8221; : http:\/\/www.francetvinfo.fr\/politique\/melenchon\/yannick-jadot-nous-a-trahis-la-colere-de-certains-militants-eelv-apres-l-accord-avec-benoit-hamon_2071157.html\n \n-Le num\u00e9ro 835 de &#8220;ReSPUBLICA&#8221; : http:\/\/www.gaucherepublicaine.org\/wp-content\/uploads\/lettres\/20170223_respublica-lettre-sommaire_lettre-835.htm\n\n-&#8220;Macron a fait un d\u00e9but de campagne \u00e0 gauche et une deuxi\u00e8me partie \u00e0 droite, en s&#8217;alliant avec Fran\u00e7ois Bayrou plut\u00f4t qu&#8217;avec le PS. Il pense que Fran\u00e7ois Fillon a perdu. Fran\u00e7ois Hollande aurait \u00e9t\u00e9 un bon candidat pour l&#8217;emporter. Son retour n&#8217;est pas le plus probable. Je comprends la position de la F\u00e9d\u00e9ration socialiste de Paris par rapport \u00e0 C\u00e9cile Duflot. Beno\u00eet Hamon est plus cr\u00e9dible que Jean-Luc M\u00e9lenchon pour rassembler toutes les composantes de la gauche&#8221; (Jean-Christophe Cambad\u00e9lis dans &#8220;Dimanche Politique&#8221;, interrog\u00e9 par Francis Letellier; vid\u00e9o) :  http:\/\/www.francetvinfo.fr\/politique\/emmanuel-macron\/jean-christophe-cambadelis-emmanuel-macron-pense-que-fillon-a-perdu_2073153.html\n\n-&#8220;Je continue de m&#8217;interroger sur l&#8217;objet politique non-identifi\u00e9 qu&#8217;est Emmanuel Macron&#8221; (le commissaire europ\u00e9en PS Pierre Moscovici, face \u00e0 Romain Desarbres; vid\u00e9o) :  http:\/\/www.cnews.fr\/magazines\/la-matinale-info\/pierre-moscovici-je-continue-de-minterroger-sur-lobjet-politique-non-identifie-quest-emmanuel-macron-173150\n\n-&#8220;Les agriculteurs font battre le coeur de la France.  Il ne faut pas leur tourner le dos comme Jean-Luc M\u00e9lenchon avec je ne sais quelle excuse. L&#8217;Europe, c&#8217;est une belle id\u00e9e. St\u00e9phane Le Foll a eu de jolis r\u00e9sultats. Je suis un social-d\u00e9mocrate et \u00e9cologiste&#8221; (Luc Carvounas, s\u00e9nateur PS du Val-de-Marne, invit\u00e9 du &#8220;Brunch politique&#8221; de Louis Morin; son) :  http:\/\/www.sudradio.fr\/Podcasts\/Le-Brunch-Politique\/Luc-Carvounas\n\n-&#8220;Notre pays va crever si ce sont toujours les m\u00eames qui ont la parole depuis trente ans&#8221; (Pierre Larrouturou, candidat \u00e0 l&#8217;\u00e9lection pr\u00e9sidentielle &#8220;Nouvelle donne&#8221;; interrog\u00e9 par Alain Passerel; son) : https:\/\/www.franceinter.fr\/emissions\/l-interview-politique\/l-interview-politique-25-fevrier-2017\n\n-&#8220;Cette interf\u00e9rence permanente entre des questions judiciaires et un d\u00e9bat politique, ce n&#8217;est pas sain pour la d\u00e9mocratie&#8221; (Jean Pisani-Ferry, \u00e9conomiste, conseiller d&#8217;Emmanuel Macron; invit\u00e9 de la matinale de Franceinfo; son et vid\u00e9o) :  http:\/\/www.francetvinfo.fr\/replay-radio\/8h30-politique\/8h30-politique-affaire-fillon-cette-interference-permanente-entre-des-questions-judiciaires-et-un-debat-politique-ce-nest-pas-sain-pour-la-democratie-estime-jean-pisani-ferry_2057571.html\n\n-&#8220;Qui au deuxi\u00e8me tour peut le mieux battre Marine Le Pen ? Emmanuel Macron&#8221; (Daniel Cohn-Bendit; vid\u00e9o) : http:\/\/www.francetvinfo.fr\/elections\/presidentielle\/video-pour-battre-marine-le-pen-daniel-cohn-bendit-soutient-emmanuel-macron-des-le-premier-tour_2073149.html\n\n-Il \u00e9tait l&#8217;invit\u00e9 de &#8220;Questions politiques&#8221; sur France Inter (vid\u00e9o, amener le curseur sur 25:17) : http:\/\/www.dailymotion.com\/video\/x5da3pc_daniel-cohn-bendit-repond-aux-questions-des-auditeurs-de-questions-politiques_news\n\n-Il r\u00e9pondu aux questions des auditeurs (vid\u00e9o) : http:\/\/www.dailymotion.com\/video\/x5da3pc_daniel-cohn-bendit-repond-aux-questions-des-auditeurs-de-questions-politiques_news\n\n-&#8220;Il y a un suicide d&#8217;agriculteur tous les trois jours. La fin du quota laitier est une erreur. L&#8217;agriculture ne peut pas enti\u00e8rement vivre du libre \u00e9change. Tous les pays ont fait des progr\u00e8s contre la corruption. Qui peut expliquer qu&#8217;un \u00e9lecteur d&#8217;extr\u00eame-gauche, d&#8217;extr\u00eame-droite ou du centre soit 3 \u00e0 5 fois moins repr\u00e9sent\u00e9 qu&#8217;un \u00e9lecteur socialiste ou de droite ? Je ne suis pas partisan de l&#8217;immunit\u00e9 pr\u00e9sidentielle&#8221; (Fran\u00e7ois Bayrou, pr\u00e9sident du MoDem, invit\u00e9 du &#8220;Grand Rendez-vous&#8221; d&#8217;Europe 1; vid\u00e9o) : http:\/\/www.cnews.fr\/magazines\/le-grand-rendez-vous\/francois-bayrou-je-suis-un-defenseur-de-la-langue-francaise-de-la-culture-francaise-173198\n\n-&#8220;J&#8217;ai vu que pour la deuxi\u00e8me fois, Fran\u00e7ois Bayrou s&#8217;appr\u00eatait \u00e0 voter pour Fran\u00e7ois Hollande&#8221; (Thierry Sol\u00e8re, d\u00e9put\u00e9 LR des Hauts-de-Seine, porte-parole de Fran\u00e7ois Fillon; invit\u00e9 de &#8220;On n&#8217;est pas couch\u00e9&#8221;; vid\u00e9o) :               http:\/\/www.france2.fr\/emissions\/on-n-est-pas-couche\/videos\/thierry_solere_-_on_nest_pas_couche_25_fevrier_2017_onpc_26-02-2017_1495761?onglet=tous&#038;page=1\n\n-&#8220;Il y a un certain nombre de responsables politiques de gauche qui ne pensent pas que l&#8217;agriculture, finalement, c&#8217;est une industrie. Fran\u00e7ois Fillon est le seul candidat r\u00e9formateur de droite qui veut tourner le dos \u00e0 cinq ann\u00e9es de socialisme et de Fran\u00e7ois Hollande. Quand j&#8217;entends qu&#8217;il faut interdire tous liens entre un parlementaire et une activit\u00e9 professionnelle, c&#8217;est absurde. Je suis favorable \u00e0 une transparence \u00e0 l&#8217;Assembl\u00e9e nationale&#8221; (Luc Chatel, d\u00e9put\u00e9 LR de la Haute-Marne, pr\u00e9sidents du Conseil national; invit\u00e9 de &#8220;BFM Politique&#8221;; vid\u00e9os) : \nhttp:\/\/www.bfmtv.com\/mediaplayer\/video\/il-y-a-un-certain-nombre-de-responsables-politique-de-gauche-qui-ne-pensent-pas-que-l-agriculture-finalement-c-est-une-industrie-luc-chatel-918229.html                                                                     http:\/\/www.bfmtv.com\/mediaplayer\/video\/politiques-au-quotidien-francois-fillon-est-le-seul-candidat-reformateur-de-droite-qui-veut-tourner-le-dos-a-5-annees-de-socialisme-et-francois-hollande-luc-chatel-918231.html                                     http:\/\/www.bfmtv.com\/mediaplayer\/video\/questions-d-eco-quand-j-entends-qu-il-faut-interdire-tous-liens-entre-des-parlementaires-et-une-activite-professionnelle-c-est-absurde-luc-chatel-918233.html\nhttp:\/\/www.bfmtv.com\/mediaplayer\/video\/luc-chatel-face-aux-francais-je-suis-favorable-a-une-transparence-a-l-assemblee-nationale-918235.html\n\n-G\u00e9rard Larcher, pr\u00e9sident LR du S\u00e9nat, ne croit pas que Fran\u00e7ois Fillon sera mis en examen. Avec ironie, il demande si Macron-Bayrou, ce  sera l&#8217;alternance ? Il \u00e9tait l&#8217;invit\u00e9 du &#8220;Grand Jury RTL&#8221; (son) : http:\/\/www.rtl.fr\/actu\/politique\/alliance-bayrou-macron-est-ce-une-veritable-alternance-demande-gerard-larcher-7787430035\n\n-&#8220;Le parquet a transmis le dossier \u00e0 un juge, ce qui signifie qu&#8217;il ne dispose pas de suffisamment d&#8217;\u00e9l\u00e9ments. Fran\u00e7ois Fillon n&#8217;a ni un pass\u00e9 ni un avenir judiciaire. Il y  eu beaucoup de d\u00e9sarroi \u00e0 droite. Alain Jupp\u00e9 soutient Fran\u00e7ois Fillon sans r\u00e9serve. J&#8217;invite ceux qui sont tent\u00e9s par Emmanuel Macron \u00e0 comparer les programmes. C&#8217;est \u00e0 la fin de la foire qu&#8217;on compte les bouses; L&#8217;erreur que nous avons commise avec Alain Jupp\u00e9, c&#8217;est de nous focaliser sur Nicolas Sarkozy&#8221; (Gilles Boyer, soutien d&#8217;Alain Jupp\u00e9, auteur de &#8220;Rase campagne&#8221;; interrog\u00e9 par David Abiker; son, amener le curseur sur 1:13) : http:\/\/www.europe1.fr\/emissions\/c-est-arrive-cette-semaine\/cest-arrive-cette-semaine-250217-2987651\n\n-&#8220;On ne peut pas diriger dans la douceur, il faut \u00eatre juste. Je ne suis pas une communicante. Multiplier des salaires par 20 ans, \u00e7a fait de grosses sommes. Mais pourquoi en fait-on une affaire ? Parce que c&#8217;est la femme de Fran\u00e7ois Fillon. Macron est une imposture&#8221; (Virginie Calmels, premi\u00e8re adjointe d&#8217;Alain Jupp\u00e9, invit\u00e9e de &#8220;Salut les Terriens&#8221;; vid\u00e9o) : http:\/\/www.c8.fr\/c8-divertissement\/ms-salut-les-terriens\/pid7527-emission.html?vid=1437497\n\n-Sur &#8220;FR3 Limousin&#8221;, &#8220;Dimanche politique en r\u00e9gion&#8221; avec&#8230;trois repr\u00e9sentants du FN (vid\u00e9o) : http:\/\/pluzz.francetv.fr\/videos\/dimanche_en_politique_limousin_,154405427.html\n\n-A Nantes, Marine Le Pen s&#8217;en prend &#8220;aux puissances de l&#8217;argent et au gouvernement des juges&#8221; (vid\u00e9o) : http:\/\/www.francetvinfo.fr\/elections\/presidentielle\/video-marine-le-pen-s-en-prend-aux-puissances-de-l-argent-et-au-gouvernement-des-juges_2073183.html\n\n-Comme pour Simone Veil,  l&#8217;interruption volontaire de grossesse &#8220;n&#8217;est pas un droit fondamental, c&#8217;est une loi d&#8217;exception&#8230;Je n&#8217;ai pas cette vision ang\u00e9lique et na\u00efve de la g\u00e9opolitique&#8230;L&#8217;union europ\u00e9enne est une anomalie inefficace&#8221; (Marion Mar\u00e9chal-Le Pen, d\u00e9put\u00e9e FN du Vaucluse; vid\u00e9os) :                                                    http:\/\/www.lci.fr\/societe\/video-ivg-marion-marechal-le-pen-se-demande-s-il-est-normal-d-etre-rembourse-integralement-2017761.html%3Ftype=content            http:\/\/www.lci.fr\/international\/video-marion-marechal-le-pen-sur-alep-je-n-ai-pas-cette-vision-angelique-et-naive-de-la-geopolitique-2017759.html%3Ftype=content\n\n-&#8220;La justice, variable d\u00e9terminante de l&#8217;\u00e9lection pr\u00e9sidentielle ?&#8221; (Herv\u00e9 Gattegno du JDD; son) : http:\/\/www.europe1.fr\/emissions\/ledito-du-jdd\/la-justice-variable-determinante-de-lelection-presidentielle-2988125\n                                     \n<strong>-&#8220;Plus rien \u00e0 faire, plus rien \u00e0 foutre. La vraie crise de la d\u00e9mocratie&#8221; (Brice Teinturier, directeur adjoint d&#8217;IPSOS, interrog\u00e9 par Yves Calvi; vid\u00e9o) : <\/strong> http:\/\/www.lci.fr\/replay\/replay-l-invite-de-24-heures-en-questions-brice-teinturier-de-l-institut-ipsos-2027266.html\n\n-&#8220;La d\u00e9mocratie en danger ?&#8221;, en d\u00e9bat dans &#8220;C pol\u00e9mique&#8221; de Bruce Toussaint (avec BHLet Brice Teinturier; vid\u00e9o) : http:\/\/www.france5.fr\/emissions\/c-politique\/videos\/trump_le_pen_la_democratie_en_danger__26-02-2017_1495967\n\n<em>-Les intentions de vote \u00e0 l&#8217;\u00e9lection pr\u00e9sidentielle au 25 f\u00e9vrier (IFOP) : <\/em> http:\/\/www.parismatch.com\/La-presidentielle-en-temps-reel\n\n<em>-Le m\u00eame (ODOXA) : <\/em> http:\/\/www.odoxa.fr\/sondage\/presidentielle-grace-a-bayrou-macron-reprend-lavantage-fillon-redevient-favori\/\n\n<em>-Les choix des cadres (VIAVOICE) <\/em> : http:\/\/www.institut-viavoice.com\/images\/02_PDFs\/BaroEcoMoralCadres\/baro%C3%A9co2017\/Le_Baro-Eco._Viavoice_HEC_BFM_Business_LExpress._F%C3%A9vrier_2017_diffusion.pdf\n\n<strong>EUROPE-MONDE<\/strong>\n\n<strong>-&#8220;Le plan B de Jean-Luc M\u00e9lenchon&#8221; (Marie Viennot; son) : <\/strong> https:\/\/www.franceculture.fr\/emissions\/le-billet-economique\/ue-et-eu-le-plan-b-de-melenchon-et-au-dela\n\n-La place de l&#8217;agriculture fran\u00e7aise en Europe. Conflit entre Uber et les taxis en Italie et avec les dockers en Espagne (St\u00e9phane Leneuf; son) : https:\/\/www.franceinter.fr\/emissions\/cafe-europe\/cafe-europe-26-fevrier-2017\n\n-&#8220;L&#8217;avenir de la gauche espagnole&#8221; (Barbara Loyer, chercheuse en g\u00e9opolitique \u00e0 Paris VIII; Jorge Lago, soutien de Inigo Errejon dans Podemos; Montse Daban, de l&#8217;Assembl\u00e9e nationale catalane et Ludovic Lamant; son) : https:\/\/www.franceculture.fr\/emissions\/culturesmonde\/europe-luttes-internes-44-podemos-psoe-lavenir-de-la-gauche-espagnole\n\n-&#8220;La fin de l&#8217;\u00e8re Merkel ?&#8221; (Barbara Kunz, chercheuse au Cerfa; Niels Minkmar, journaliste au &#8220;Spiegel&#8221; et l&#8217;artiste germano-syrien Manaf Halbouni; son) : https:\/\/www.franceculture.fr\/emissions\/culturesmonde\/europe-luttes-internes-24-la-fin-de-lere-merkel\n\n-&#8220;L&#8217;extr\u00eame-droite aux portes du pouvoir aux Pays-Bas&#8221; (Jean-Yves Camus, chercheur associ\u00e9 \u00e0 l&#8217;Iris; le chercheur Jan Herman Brinks, sp\u00e9cialiste de l&#8217;histoire contemporaine des Pays-Bas; St\u00e9phane De Vries, correspondant n\u00e9erlandais \u00e0 Paris et le plasticien Jonas Staal; son) : https:\/\/www.franceculture.fr\/emissions\/culturesmonde\/europe-luttes-internes-34-pays-bas-lextreme-droite-aux-portes-du-pouvoir\n\n-&#8220;Roumanie, la coupe et pleine&#8221; (Samuel Bernard; son) :  https:\/\/www.franceculture.fr\/emissions\/culturesmonde\/europe-luttes-internes-14-roumanie-lemergence-dune-societe-civile\n\n<strong>-&#8220;La voie roumaine de la lutte contre la corruption&#8221; (un reportage de Pascal Dervieux; son) <\/strong> : https:\/\/www.franceinter.fr\/emissions\/interception\/interception-26-fevrier-2017\n\n<strong>-&#8220;La France doit reconna\u00eetre l&#8217;Etat de Palestine&#8221; (un appel de 154 parlementaires socialistes, CRC, \u00e9cologistes et non-inscrits) <\/strong> : http:\/\/www.lejdd.fr\/Politique\/La-France-doit-reconnaitre-l-Etat-de-Palestine-850391\n\n-En Turquie, la vie d&#8217;Erdogan au cin\u00e9ma avant le r\u00e9f\u00e9rendum (vid\u00e9o) : http:\/\/newscdn.newsrep.net\/h5\/nrvideo.html?r=3&#038;lan=fr_FR&#038;pid=14&#038;id=Ut960014bLn_fr&#038;app_lan\n\n-Manifestation anti-immigr\u00e9s en Afrique du Sud \u00e0 Pretoria (vid\u00e9o) : http:\/\/newscdn.newsrep.net\/h5\/nrvideo.html?r=3&#038;lan=fr_FR&#038;pid=14&#038;id=mR955d5d70z_fr&#038;app_lan\n\n-&#8220;La France est tout ce que rejette Donald Trump&#8221; (l&#8217;historien Fran\u00e7ois Durpaire, interrog\u00e9 par Bernard Poirette; son) : http:\/\/www.rtl.fr\/actu\/international\/la-france-est-tout-ce-que-donald-trump-rejette-explique-francois-durpaire-7787428076\n\n<strong>CULTURE-MEDIAS<\/strong>\n\n<strong>-&#8220;Sept exoplan\u00e8tes de plus&#8221; (Fran\u00e7ois Forget, plan\u00e9tologue, directeur de recherche CNRS; son, amener le curseur sur 18:56) : <\/strong> http:\/\/www.europe1.fr\/emissions\/c-est-arrive-cette-semaine\/cest-arrive-cette-semaine-250217-2987651\n\n-&#8220;Un espace sur et juste pour l&#8217;humanit\u00e9&#8221; (l&#8217;\u00e9conomiste Kate Raworth; propos recueillis par Marie Drique) : http:\/\/www.revue-projet.com\/articles\/2017-02_raworth_un-espace-sur-et-juste-pour-l_humanite\/\n\n-L&#8217;augmentation de l&#8217;esp\u00e9rance de vie, &#8220;nous ne savons pas ce que sera le futur&#8221; (Jean-Marie Robine, d\u00e9mographe, directeur de recherche \u00e0 l&#8217;INSERM (invit\u00e9 de Patricia Martin; son) : https:\/\/www.franceinter.fr\/emissions\/l-nterview-societe-civile\/l-nterview-societe-civile-26-fevrier-2017\n\n-&#8220;Les nouveaux visages du fascisme&#8221;, le nouvel ouvrage de l&#8217;historien Enzo Traverso, comment\u00e9 par Gr\u00e9goire Biseau de &#8220;Lib\u00e9ration&#8221; et Alexis Brezet du &#8220;Figaro&#8221; (son) : https:\/\/www.franceinter.fr\/emissions\/le-club-des-idees\/le-club-des-idees-26-fevrier-2017\n\n-&#8220;A la table d&#8217;une famille chinoise&#8221; (Fran\u00e7ois-R\u00e9gis Gaudry; son, avec les recettes !) : https:\/\/www.franceinter.fr\/emissions\/on-va-deguster\/on-va-deguster-26-fevrier-2017\n\n<strong>-Expos\u00e9s au Louvre jusqu&#8217;au 22 mai, trois tableaux de Vermeer \u00e0 la loupe (vid\u00e9os) :<\/strong> http:\/\/www.la-croix.com\/Culture\/Expositions\/VIDEO-Trois-tableaux-de-Vermeer-a-la-loupe-2017-02-23-1200827067?utm_source\n\n<strong>-&#8220;Vincent Dedienne, le th\u00e9\u00e2tre dans la peau&#8221; (re\u00e7u par Jo\u00eblle Gayot; son et vid\u00e9o) : <\/strong> https:\/\/www.franceculture.fr\/emissions\/une-saison-au-theatre\/vincent-dedienne-le-theatre-dans-la-peau\n\n-Jusqu&#8217;au 3 mars, au Th\u00e9\u00e2tre national de Chaillot, &#8220;Flexible silence&#8221; du chor\u00e9graphe Saburo Teshigawara (Emmanuelle Bouchez; vid\u00e9o) : http:\/\/www.telerama.fr\/sortir\/avec-flexible-silence-le-choregraphe-saburo-teshigawara-defie-le-temps,154576.php#xtor\n\n<strong>-Le concert priv\u00e9 du fl\u00fbtiste Philippe Bernold aux Invalides  (vid\u00e9o) : <\/strong> http:\/\/tempsreel.nouvelobs.com\/videos\/8k3vvl.DGT\/revivez-le-concert-prive-du-flutiste-philippe-bernold-aux-invalides.html#xtor\n\n-Les principaux laur\u00e9ats des C\u00e9sars (diaporama) : http:\/\/tempsreel.nouvelobs.com\/galeries-photos\/photo\/20170224.OBS5760\/en-photos-retrouvez-les-principaux-laureats-des-cesar-2017.html#xtor\n\n<strong>-&#8220;La grande f\u00eate du cin\u00e9ma fran\u00e7ais a pris des airs de tribune politique&#8221; (Christine Simeone; vid\u00e9os) <\/strong> : https:\/\/www.franceinter.fr\/culture\/cesar-2017\n\n-&#8220;Il y a pire que recevoir un prix&#8221; (Isabelle Huppert avec Louis Garrel, son partenaire au th\u00e9\u00e2tre dans &#8220;Les Fausses confidences&#8221; de Marivaux; propos recueillis par H\u00e9l\u00e8ne Rochette) : http:\/\/www.telerama.fr\/cinema\/isabelle-huppert-il-y-a-pires-circonstances-pour-une-actrice-que-de-recevoir-des-prix,154577.php#xtor\n\n-La campagne des com\u00e9diens pour convaincre les votants des Oscars (vid\u00e9o) : http:\/\/www.francetvinfo.fr\/culture\/cinema\/oscars\/oscars-des-comediens-en-campagne_2073205.html\n\n<strong>-&#8220;Moonlight&#8221; de Barry Jenkins,  Oscar du meilleur film (Toutes les statuettes des 89e Oscars; vid\u00e9os) :<\/strong> http:\/\/culturebox.francetvinfo.fr\/cinema\/la-89e-ceremonie-des-oscars-toutes-les-statuettes-minute-par-minute-253011\n\n<strong>-&#8220;Certaines femmes&#8221;, le film de Kelly Reichardt, une des tr\u00e8s rares cin\u00e9astes am\u00e9ricaines actuelles (Laurent Delmas; son) : <\/strong> https:\/\/www.franceinter.fr\/emissions\/la-prescription-cinema-de-laurent-delmas\/la-prescription-cinema-de-laurent-delmas-25-fevrier-2017\n\n-&#8220;Je suis ordinaire&#8221;, un mini-film coup de poing sur le viol conjugal (Maxence Sorel; vid\u00e9o \u00e0 voir ici) : http:\/\/www.telerama.fr\/monde\/je-suis-ordinaire-un-mini-film-coup-de-poing-sur-le-viol-conjugal,154562.php#xtor\n\n-&#8220;Catherine Deneuve, noy\u00e9e d&#8217;amour (Jacques Morice; vid\u00e9o) :  http:\/\/www.telerama.fr\/cinema\/catherine-deneuve-1-noyee-d-amour,154235.php\n\n<strong>-&#8220;Odalisque&#8221; (avec un hommage \u00e0 Luce Vigo et \u00e0 son compagnon Emile Breton, critique \u00e0 &#8220;l&#8217;Humanit\u00e9&#8221;; vid\u00e9o) <\/strong> : http:\/\/www.telerama.fr\/cinema\/catherine-deneuve-2-odalisque,154281.php#xtor\n\n-Florence Foresti \u00e9tait l&#8217;invit\u00e9e de Catherine Ceylac \u00e0 l&#8217;occasion de la sortie du film &#8220;De plus belle&#8221; d&#8217;Anne-Ga\u00eblle Daval dont elle est l&#8217;interpr\u00e8te (vid\u00e9o) :                http:\/\/www.france2.fr\/emissions\/the-ou-cafe\/videos\/replay_-_the_ou_cafe_25-02-2017_1495635?onglet=tous&#038;page=1\n\n<strong>-&#8220;Caroline&#8221; (MC Solaar en 1994; vid\u00e9o de l&#8217;Ina) :<\/strong> http:\/\/www.ina.fr\/video\/I05225110\n\n<strong>-&#8220;Taratata 100% live&#8221; du 24 f\u00e9vrier avec Nagui (vid\u00e9os) : <\/strong> http:\/\/www.france2.fr\/emissions\/taratata\n\n-&#8220;La communication politique de crise de Fran\u00e7ois Fillon&#8221; (Julie De La Sabli\u00e8re, professeur \u00e0 Sciences Po et Claude Posternak, fondateur de &#8220;l&#8217;Important&#8221;; son, amener le curseur sur 25:35) : http:\/\/www.europe1.fr\/emissions\/mediapolis\/mediapolis-250217-2987717\n\n<strong>-&#8220;TF 1 cherche a \u00eatre la cha\u00eene de la pr\u00e9sidentielle et le secr\u00e9taire g\u00e9n\u00e9ral de l&#8217;ONU s&#8217;engage pour la presse et les journalistes&#8221; (Alexandra Ackoun; son) : <\/strong> https:\/\/www.franceinter.fr\/emissions\/regard-sur-les-medias\/regard-sur-les-medias-25-fevrier-2017\n\n-&#8220;Les citoyens su\u00e9dois utilisent le Web comme une arme d\u00e9mocratique et militante&#8221; (J\u00e9r\u00e9mie Maire) : http:\/\/www.telerama.fr\/medias\/en-suede-le-peuple-s-empare-du-web,154549.php#xtor\n\n-L&#8217;humoriste Chris Esquerre triomphe au th\u00e9\u00e2tre de la Madeleine (son, amener le curseur sur 26:54) : http:\/\/www.europe1.fr\/emissions\/c-est-arrive-cette-semaine\/cest-arrive-cette-semaine-250217-2987651\n\n<strong>-L&#8217;in\u00e9galit\u00e9 d&#8217;acc\u00e8s \u00e0 la t\u00e9l\u00e9vision des candidats \u00e0 l&#8217;\u00e9lection pr\u00e9sidentielle : <\/strong> http:\/\/www.francetvinfo.fr\/elections\/presidentielle\/les-republicains-et-le-ps-nettement-plus-presents-a-la-television-que-le-fn-melenchon-ou-macron_2072523.html\n\n<strong>-&#8220;T\u00e9l\u00e9vision et politique, 50 ans d&#8217;histoire et d&#8217;influence&#8221; (Claude Askolovitch; son) : <\/strong> https:\/\/www.franceinter.fr\/emissions\/histoire-et-politique\/histoire-et-politique-26-fevrier-2017\n\n-Manifestation \u00e0 Paris contre les casseroles des \u00e9lus (vid\u00e9o) :                          http:\/\/newscdn.newsrep.net\/h5\/nrvideo.html?r=3&#038;lan=fr_FR&#038;pid=14&#038;id=95960dc44Ir_fr&#038;app_lan=fr_FR&#038;mcc=208&#038;declared_lan\n\n-&#8220;Candidats loufoques&#8221; (vid\u00e9o de l&#8217;Ina) : http:\/\/www.ina.fr\/video\/S617141_001\/presidentielles-les-candidats-les-plus-loufoques-video.html\n\n<strong>-&#8220;C&#8217;est \u00e9tudi\u00e9 pour&#8221; (Fernand Raynaud; vid\u00e9o de l&#8217;Ina) :<\/strong> http:\/\/www.ina.fr\/video\/I06268517\n\n-&#8220;Guillon 2017&#8221; (en pr\u00e9sence de Virginie Calmels, premi\u00e8re adjointe d&#8217;Alain Jupp\u00e9, qui n&#8217;a pas tout appr\u00e9ci\u00e9&#8230;sauf quand celui qui \u00e9tait \u00e9pingl\u00e9 \u00e9tait Nicolas Sarkozy; vid\u00e9o) : http:\/\/www.c8.fr\/c8-divertissement\/ms-salut-les-terriens\/pid8294-stephane-guillon.html?vid=1437505\n\n-&#8220;Chauffe Macron, chauffe !&#8221; (Didier Porte; vid\u00e9o) : https:\/\/www.youtube.com\/watch?v=ifUd_j1Qg9g&#038;feature=youtu.be\n\n-&#8220;La grande braderie des fonctionnaires&#8221; (Guillaume Meurice; vid\u00e9o) : https:\/\/www.youtube.com\/watch?v=9qcqjMFYgyk&#038;feature=youtu.be\n\n<strong>-&#8220;Ce ne sont pas les Fran\u00e7ais qui abandonnent la politique, c&#8217;est la politique qui les a abandonn\u00e9s&#8221; (Nicole Ferroni; vid\u00e9o) :<\/strong>https:\/\/www.youtube.com\/watch?v=B84dtr568pA&#038;feature=youtu.be\n\n-Des bless\u00e9s apr\u00e8s l&#8217;accident du car de la campagne d&#8217;Emmanuel Macron : http:\/\/www.legorafi.fr\/2017\/02\/24\/plusieurs-blesses-apres-que-le-conducteur-du-bus-de-la-campagne-demmanuel-macron-a-confondu-sa-droite-avec-sa-gauche\/\n<h2 class=\"wp-block-heading\">Documents joints<\/h2>\n\n\n\n<div class=\"wp-block-file\"><a href=\"https:\/\/wp.muchomaas.com\/wp-content\/uploads\/2017\/02\/communique-493.pdf\">communique.pdf<\/a><\/div>\n\n\n","protected":false},"excerpt":{"rendered":"<p>ACTUALITE -&#8220;Faut-il se m\u00e9fier de la robotisation des emplois ?&#8221; (en d\u00e9bat dans &#8220;24 Heures en politique&#8221; d&#8217;Yves Calvi; vid\u00e9o) : http:\/\/www.lci.fr\/replay\/replay-24-heures-en-questions-du-24-fevrier-2017-faut-il-se-mefier-de-la-robotisation-des-emplois-2027244.html%3Ftype=content -&#8220;Il y a une vraie r\u00e9signation dans les campagnes&#8221; (Laurent Pinatel, pr\u00e9sident de la Conf\u00e9d\u00e9ration paysanne et Luc Smessaert, vice-pr\u00e9sident de la FNSEA; invit\u00e9s de S\u00e9bastien Guyot; son) : http:\/\/www.europe1.fr\/emissions\/linterview-verite-du-week-end\/laurent-pinatel-il-y-a-une-vraie-resignation-dans-les-campagnes-les-gens-ne-voient-plus-de-solutions-pour-sortir-de-la-crise-2987594 -&#8220;En trois ans, [&hellip;]<\/p>\n","protected":false},"author":1042,"featured_media":0,"comment_status":"open","ping_status":"open","sticky":false,"template":"","format":"standard","meta":{"_themeisle_gutenberg_block_has_review":false,"footnotes":""},"categories":[151],"tags":[],"class_list":["post-10221","post","type-post","status-publish","format-standard","hentry","category-la-revue-de-presse-de-lulu"],"_links":{"self":[{"href":"https:\/\/archives.regards.fr\/index.php?rest_route=\/wp\/v2\/posts\/10221","targetHints":{"allow":["GET"]}}],"collection":[{"href":"https:\/\/archives.regards.fr\/index.php?rest_route=\/wp\/v2\/posts"}],"about":[{"href":"https:\/\/archives.regards.fr\/index.php?rest_route=\/wp\/v2\/types\/post"}],"author":[{"embeddable":true,"href":"https:\/\/archives.regards.fr\/index.php?rest_route=\/wp\/v2\/users\/1042"}],"replies":[{"embeddable":true,"href":"https:\/\/archives.regards.fr\/index.php?rest_route=%2Fwp%2Fv2%2Fcomments&post=10221"}],"version-history":[{"count":0,"href":"https:\/\/archives.regards.fr\/index.php?rest_route=\/wp\/v2\/posts\/10221\/revisions"}],"wp:attachment":[{"href":"https:\/\/archives.regards.fr\/index.php?rest_route=%2Fwp%2Fv2%2Fmedia&parent=10221"}],"wp:term":[{"taxonomy":"category","embeddable":true,"href":"https:\/\/archives.regards.fr\/index.php?rest_route=%2Fwp%2Fv2%2Fcategories&post=10221"},{"taxonomy":"post_tag","embeddable":true,"href":"https:\/\/archives.regards.fr\/index.php?rest_route=%2Fwp%2Fv2%2Ftags&post=10221"}],"curies":[{"name":"wp","href":"https:\/\/api.w.org\/{rel}","templated":true}]}}