{"id":10219,"date":"2017-02-25T07:20:25","date_gmt":"2017-02-25T06:20:25","guid":{"rendered":"https:\/\/wp.muchomaas.com\/article-la-revue-du-25-fevrier-2017\/"},"modified":"2023-06-23T23:24:13","modified_gmt":"2023-06-23T21:24:13","slug":"article-la-revue-du-25-fevrier-2017","status":"publish","type":"post","link":"https:\/\/archives.regards.fr\/?p=10219","title":{"rendered":"La Revue du 25 f\u00e9vrier 2017"},"content":{"rendered":"<strong>ACTUALITE<\/strong>\n\n<strong>-&#8220;Les perturbateurs endocriniens, \u00e9ternels cheveux de bataille&#8221; (Coralie Schaub et Estelle Patt\u00e9e) :<\/strong> http:\/\/www.liberation.fr\/planete\/2017\/02\/23\/les-perturbateurs-endocriniens-eternels-cheveux-de-bataille_1550666?xtor\n\n<em>-Ce qu&#8217;en pensent les Fran\u00e7ais (ODOXA) :<\/em> http:\/\/www.odoxa.fr\/sondage\/carnet-de-sante-perturbateurs-endocriniens-inquietent-70-francais\/\n\n-&#8220;Les comptes d&#8217;Airbus plomb\u00e9s par l&#8217;avion militaire A400M&#8221; (Christian Menanteau; vid\u00e9o) : http:\/\/www.rtl.fr\/actu\/societe-faits-divers\/airbus-voit-ses-comptes-plombes-par-l-a400m-7787399771\n\n-&#8220;Compteurs Linky, une pol\u00e9mique sous haute tension&#8221; (vid\u00e9o) : http:\/\/www.lcp.fr\/la-politique-en-video\/compteurs-linky-une-polemique-sous-haute-tension\n\n-&#8220;Trois grandes surfaces s&#8217;engagent pour la viande fran\u00e7aise&#8221; (vid\u00e9o) : http:\/\/www.francetvinfo.fr\/replay-jt\/france-3\/soir-3\/agriculture-les-grandes-surfaces-s-engagent-pour-la-viande-francaise_2071273.html\n\n-&#8220;On revient sur des fondamentaux qui sont le partage des marges et le retour \u00e0 la valeur ajout\u00e9e sur nos exploitations&#8221; (Samuel Vandaele, secr\u00e9taire des &#8220;Jeunes agriculteurs&#8221;, invit\u00e9 de Sandrine Aramon; vid\u00e9o) : http:\/\/www.francetvinfo.fr\/replay-jt\/france-3\/soir-3\/agriculture-on-revient-sur-des-fondamentaux-qui-sont-le-partage-des-marges-et-le-retour-a-la-valeur-ajoutee_2071269.html\n\n<strong>-S\u00e9bastien Itard, un \u00e9leveur qui a sauv\u00e9 sa ferme (vid\u00e9o) : <\/strong> http:\/\/www.francetvinfo.fr\/economie\/emploi\/metiers\/agriculture\/retour-sur-sebastien-itard-eleveur-qui-a-sauve-sa-ferme_2070685.html\n\n-La col\u00e8re gronde chez les producteurs bio (Baptiste Gaborit; son du 24 f\u00e9vrier) : https:\/\/www.radioclassique.fr\/radio\/emissions\/matinale-de-radio-classique\/3-minutes-planete\/\n\n<em>-Les crit\u00e8res de choix des Fran\u00e7ais pour leurs produits agricoles (CSA) : <\/em> https:\/\/www.csa.eu\/fr\/survey\/les-criteres-de-choix-des-francais-pour-leurs-produits-agricoles\n\n<strong>-&#8220;Tout le monde a int\u00e9r\u00eat \u00e0 l&#8217;obsolescence programm\u00e9e&#8221; (Laeticia Vasseur) : <\/strong> http:\/\/www.lemonde.fr\/tant-de-temps\/article\/2017\/02\/24\/laetitia-vasseur-tout-le-monde-a-interet-a-l-obsolescence-programmee_5084675_4598196.html\n\n<strong>POLITIQUE<\/strong>\n\n-&#8220;Macron, c&#8217;est du Fillon en mod\u00e8le r\u00e9duit&#8221; (Pierre Laurent; vid\u00e9o) : http:\/\/www.dailymotion.com\/video\/x5d186n_macron-c-est-du-fillon-en-modele-reduit-pour-pierre-laurent_tv\n\n<strong>-&#8220;Jean-Luc M\u00e9lenchon a laiss\u00e9 la porte ouverte, il a m\u00eame fait une proposition. Ces rencontres doivent porter sur le contrat de majorit\u00e9, c&#8217;est \u00e0 dire sur les engagements communs. Ce qu&#8217;attendent les Fran\u00e7ais, ce sont ces engagements clairs. Je crois qu&#8217;il y a quatre questions que je souhaite voir discut\u00e9es. La premi\u00e8re, c&#8217;est par quoi remplace-t-on la loi El Khomri abrog\u00e9e ? Je crois qu&#8217;il faut deux piliers avec une loi de s\u00e9curisation de l&#8217;emploi et de la formation et la relance de la S\u00e9curit\u00e9 sociale. La deuxi\u00e8me question, c&#8217;est qu&#8217;il faut reprendre le pouvoir sur l&#8217;argent pour lutter contre la finance. La troisi\u00e8me, c&#8217;est la 6e R\u00e9publique avec la proportionnelle. Enfin, il faut articuler la transition \u00e9cologiste avec la r\u00e9industrialisation. Il reste beaucoup de choses \u00e0 \u00e9claircir. C&#8217;est la clart\u00e9 qui mobilisera les \u00e9lecteurs. C&#8217;est donc par cela qu&#8217;il faut commencer, je ne cesse de le dire. Bien s\u00fbr que je suis disponible, je n&#8217;arr\u00eate pas de le proposer&#8221; (vid\u00e9o) :<\/strong> http:\/\/www.dailymotion.com\/video\/x5d185e_pierre-laurent-souhaite-un-contrat-de-majorite-avec-benoit-hamon_tv\n\n<strong>-Il \u00e9tait l&#8217;invit\u00e9 de &#8220;Parlement Hebdo&#8221; (vid\u00e9o) : <\/strong> https:\/\/www.publicsenat.fr\/emission\/parlement-hebdo\/invite-pierre-laurent-53836\n\n-Le N\u00b0 314 de &#8220;Cerises&#8221; : http:\/\/www.cerisesenligne.fr\/file\/archive\/cerises-314.pdf\n\n-&#8220;Evidemment que je suis pr\u00eat \u00e0 rencontrer Jean-Luc M\u00e9lenchon, on peut m\u00eame y associer Yannick Jadot, et m\u00eame s&#8217;il y est pr\u00eat, les communistes. Ma centralit\u00e9 me permet d&#8217;incarner ce rassemblement. J&#8217;ai pris l&#8217;engagement que les d\u00e9put\u00e9s \u00e9cologistes seraient reconduits, avec C\u00e9cile Duflot&#8221; (Beno\u00eet Hamont, interrog\u00e9 par Guillaume Daret; vid\u00e9o) :  http:\/\/www.france2.fr\/emissions\/telematin\/actu\/les-4-verites-benoit-hamon_555425\n\n<strong>-&#8220;Aujourd&#8217;hui, Jean-Luc M\u00e9lenchon est plut\u00f4t isol\u00e9. Personne ne pense qu&#8217;il peut gagner l&#8217;\u00e9lection pr\u00e9sidentielle Dans les intentions de vote, Beno\u00eet Hamon a creus\u00e9 un \u00e9cart. Jean Luc M\u00e9lenchon, pour qui j&#8217;ai le plus grand respect, mais qui est plut\u00f4t \u00e0 la fin de sa carri\u00e8re, doit se poser la question de savoir quelle  trace il veut laisser dans l&#8217;histoire&#8221; (Alexis Bachelay, d\u00e9put\u00e9 PS des Hauts-de-Seine, porte-parole de Beno\u00eet Hamon; vid\u00e9o) :<\/strong> http:\/\/www.lcp.fr\/la-politique-en-video\/bachelay-pro-hamon-il-y-une-forme-de-mepris-de-la-part-de-jean-luc-melenchon\n\n-Il \u00e9tait l&#8217;invit\u00e9 de &#8220;Politique Matin&#8221; et r\u00e9pondait aux questions de Brigitte Boucher (vid\u00e9o, amener le curseur sur 17:19) : http:\/\/www.lcp.fr\/emissions\/politique-matin\/282397-politique-matin\n\n-&#8220;Il ne faut pas se faire d&#8217;illusions&#8221; (Jean-Luc M\u00e9lenchon; vid\u00e9o) : https:\/\/www.publicsenat.fr\/article\/politique\/il-ne-faut-pas-se-faire-d-illusions-previent-melenchon-sur-une-rencontre-avec\n\n-&#8220;Je soutiens Beno\u00eet Hamon m\u00eame si je ne suis pas d&#8217;accord avec toutes ses propositions &#8221; (le ministre de la Justice Jean-Jacques Urvoas, invit\u00e9 de Fabien Namias; vid\u00e9o) : http:\/\/www.europe1.fr\/emissions\/linterview-politique-de-8h20\/jean-jacques-urvoas-je-soutiens-benoit-hamon-meme-si-je-ne-suis-pas-daccord-avec-toutes-ses-propositions-2986760\n\n-&#8220;Avec M\u00e9lenchon, on gagne l&#8217;\u00e9lection&#8221; (Yannick Jadot, interrog\u00e9 par Elisabeth Martichoux; vid\u00e9o) : http:\/\/www.rtl.fr\/actu\/politique\/presidentielle-2017-que-contient-l-accord-conclu-entre-jadot-et-hamon-7787400328\n\n-&#8220;L&#8217;accord n&#8217;est pas r\u00e9aliste, c&#8217;est un contrat politicien&#8221; (Christian Bataille, d\u00e9put\u00e9 socialiste du Nord; son) : http:\/\/www.rtl.fr\/actu\/politique\/l-accord-entre-hamon-et-jadot-n-est-pas-realiste-selon-un-soutien-de-valls-7787405515\n\n&#8220;-Jadot rallie Hamon et c&#8217;est enfin la petite union de la gauche&#8221; (Lilian Alemagna, Rachid La\u00efreche et Laure Bretton) : http:\/\/www.liberation.fr\/elections-presidentielle-legislatives-2017\/2017\/02\/23\/jadot-rallie-hamon-et-c-est-enfin-la-petite-union-de-la-gauche_1550572?xtor\n\n-&#8220;C&#8217;est une bonne nouvelle pour Hamon. Il y a surtout un accord pour des circonscriptions. Avec Jean-Luc M\u00e9lenchon, le ton a chang\u00e9 mais l&#8217;accord est encore loin. S&#8217;il se faisait, on aurait la gauche la plus \u00e0 gauche jamais vue, \u00e0 rebours de toute l&#8217;\u00e9volution de la sociale-d\u00e9mocratie ces derni\u00e8res ann\u00e9es&#8221; (Guillaume Tabard du &#8220;Figaro&#8221;; son du 24 f\u00e9vrier) : https:\/\/www.radioclassique.fr\/radio\/emissions\/matinale-de-radio-classique\/22630-2\/\n\n-&#8220;Il \u00e9tait temps !&#8221; (Alba Ventura; vid\u00e9o) : http:\/\/www.rtl.fr\/actu\/politique\/presidentielle-2017-le-ralliement-hamon-jadot-il-etait-temps-lance-alba-ventura-7787399923\n\n-&#8220;L&#8217;honn\u00eatet\u00e9, c&#8217;est important&#8221; (Eric Montgolfier, ancien procureur, conseiller justice de Beno\u00eet Hamon; invit\u00e9 d&#8217;Audrey Crespo-Mara; vid\u00e9o) :  http:\/\/www.lci.fr\/replay\/replay-l-invite-de-8h45-eric-de-montgolfier-conseiller-justice-du-candidat-b-hamon-2027168.html%3Ftype=content \n\n-&#8220;La gauche a-t-elle d\u00e9j\u00e0 perdu ?&#8221; (Judith Waintraub du &#8220;Figaro&#8221; et Anne Rosincher de &#8220;l&#8217;Express&#8221;; vid\u00e9o) : http:\/\/www.francetvinfo.fr\/replay-jt\/france-3\/soir-3\/duel-politique-du-grand-soir-3-la-gauche-a-t-elle-d-ores-et-deja-perdu-l-election_2071279.html\n\n-&#8220;Alexis Bachelay dit que notre projet est pire que le pacte de responsabilit\u00e9 qu&#8217;il a vot\u00e9. Nous voulons \u00eatre \u00e9conomes pour pouvoir investir. Nous sommes en train de r\u00e9ussir le d\u00e9passement des clivages&#8221; (Richard Ferrand, d\u00e9put\u00e9 PS du Finist\u00e8re, secr\u00e9taire g\u00e9n\u00e9ral de &#8220;En Marche&#8221;; interrog\u00e9 par Brigitte Boucher; vid\u00e9o, amener le curseur sur 32:42) : http:\/\/www.lcp.fr\/emissions\/politique-matin\/282397-politique-matin\n\n-Emmanuel Macron \u00e9tait l&#8217;invit\u00e9 de la matinale de BFM TV. Il r\u00e9pondait aux questions de Jean-Jacques Bourdin (vid\u00e9o) :                                                                http:\/\/www.bfmtv.com\/mediaplayer\/video\/emmanuel-macron-face-a-jean-jacques-bourdin-en-direct-917635.html\n\n-&#8220;L&#8217;offre d&#8217;alliance se fait sur le fond&#8221; (Corinne Lepage, pr\u00e9sidente de Cap21; interrog\u00e9e par Yves Calvi; vid\u00e9o, amener le curseur sur 1:08) :                         http:\/\/www.lci.fr\/replay\/l-invitee-de-24-heures-en-questions-du-22-fevrier-2017-corinne-lepage-presidente-de-cap21-2027023.html%3Ftype=content\n\n<em>-Les Fran\u00e7ais et la d\u00e9cision de Fran\u00e7ois Bayrou (ODOXA) : <\/em> http:\/\/www.odoxa.fr\/sondage\/francois-bayrou-decision-saluee-francais\/\n\n<strong>-&#8220;Macron\/Bayrou ou Hamon\/M\u00e9lenchon, deux logiques&#8221; (Thomas Legrand; son) : <\/strong> https:\/\/www.franceinter.fr\/emissions\/l-edito-politique\/l-edito-politique-24-fevrier-2017\n\n-&#8220;Il y a une prise de conscience qui s&#8217;op\u00e8re. J&#8217;ai 500 signatures. J&#8217;ai toujours essay\u00e9 d&#8217;\u00eatre l&#8217;acteur de ma propre vie. On a laiss\u00e9 la finance prendre le dessus. Nous avons perdu 3 millions de paysans dans les quarante derni\u00e8res ann\u00e9es&#8221; (Jean Lassalle, d\u00e9put\u00e9 des Pyr\u00e9n\u00e9es-Atlantiques, candidat \u00e0 la pr\u00e9sidence de la R\u00e9publique; interrog\u00e9 par Audrey Crespo-Mara; vid\u00e9o) : http:\/\/www.lci.fr\/replay\/replay-l-invite-politique-de-8h15-jean-lassalle-candidat-independant-a-la-presidentielle-2027161.html%3Ftype=content\n\n-&#8220;Emmanuel Macron passe son temps \u00e0 changer d&#8217;avis&#8221; (Thierry Sol\u00e8re, d\u00e9put\u00e9 LR des Hauts-de-Seine; interrog\u00e9 par Guillaume Durand; vid\u00e9o) :  https:\/\/www.dailymotion.com\/video\/x5d0t5q_emmanuel-macron-passe-son-temps-a-changer-d-avis-thierry-solere-24-02-2017_news\n\n-L&#8217;alliance Macron-Bayrou, &#8220;c&#8217;est de la tambouille politicienne&#8221; (Nicolas Dupont-Aignan, d\u00e9put\u00e9 de l&#8217;Essonne; invit\u00e9 de la matinale de Franceinfo; vid\u00e9o) : http:\/\/www.dailymotion.com\/video\/x5d0th0_nicolas-dupont-aignan-voit-de-la-tambouille-politicienne-dans-l-alliance-macron-bayrou_news\n\n-Affaire Fillon, le parquet national financier ouvre une information judiciaire (vid\u00e9o) : http:\/\/www.francetvinfo.fr\/politique\/francois-fillon\/affaires-fillon\/francois-fillon-le-parquet-national-financier-ouvre-une-information-judiciaire_2071761.html\n\n-Quelles cons\u00e9quences ? (Dominique Verdeilhan; vid\u00e9o) : \nhttp:\/\/www.francetvinfo.fr\/politique\/francois-fillon\/affaires-fillon\/francois-fillon-quel-message-retenir-de-la-decision-du-parquet-national-financier_2071767.html\n\n-&#8220;L&#8217;attitude de Mme Le Pen est probl\u00e9matique. Comment peut-elle respecter l&#8217;uniforme et les institutions et ne pas r\u00e9pondre \u00e0 une convocation de la police ?&#8221; (NKM, d\u00e9put\u00e9e LR de l&#8217;Essonne, conseill\u00e8re politique de Fran\u00e7ois Fillon; interrog\u00e9e par Ruth Elkrief; vid\u00e9o) : http:\/\/www.bfmtv.com\/mediaplayer\/video\/nathalie-kosciusko-morizetface-a-ruth-elkrief-917901.html\n\n-&#8220;Macron est embl\u00e9matique du syst\u00e8me jusqu&#8217;\u00e0 la caricature&#8221; (Nicolas Bay, secr\u00e9taire g\u00e9n\u00e9ral du FN; invit\u00e9 de &#8220;Territoires d&#8217;infos&#8221;; vid\u00e9o, amener le curseur sur 33:45) : http:\/\/www.dailymotion.com\/video\/x5d0dpd_invitee-nicolas-bay-territoires-d-infos-24-02-2017_news\n\n-&#8220;Laissons faire la justice, moi-m\u00eame je ne comprends pas tout. Dans le Crif , ils ont des d\u00e9bats sur la relation qu&#8217;ils ont avec nous. Bayrou-Macron, \u00e7a sent les arrangements. M. Macron est une esp\u00e8ce de savonnette&#8221; (Marion Mar\u00e9chal, d\u00e9put\u00e9e FN du Vaucluse, interrog\u00e9e par Yves Thr\u00e9ard; vid\u00e9o) : https:\/\/www.youtube.com\/watch?v=nSYDmXtBnrs&#038;feature=youtu.be\n\n-&#8220;Il est malhonn\u00eate de parler co\u00fbt de sortie de l&#8217;euro sans parler de celui de son maintien&#8221; (Jean Messiha, coordinateur du programme de Marine Le Pen; interrog\u00e9 par Fr\u00e9d\u00e9ric Rivi\u00e8re; vid\u00e9o) : http:\/\/www.rfi.fr\/video\/20170224-jean-messiha-malhonnete-parler-cout-sortie-euro-parler-celui-son-maintien\n\n-&#8220;FN, le bras d&#8217;honneur permanent&#8221; (Dominique Albertini) : http:\/\/www.liberation.fr\/elections-presidentielle-legislatives-2017\/2017\/02\/23\/fn-le-bras-d-honneur-permanent_1550677?xtor\n\n<em>-Les intentions de vote \u00e0 l&#8217;\u00e9lection pr\u00e9sidentielle au 24 f\u00e9vrier (IFOP) : <\/em> http:\/\/www.parismatch.com\/La-presidentielle-en-temps-reel\n\n<em>-Le m\u00eame (OPINION-WAY) :<\/em> https:\/\/www.opinion-way.com\/fr\/component\/edocman\/?task=document.viewdoc&#038;id=1538&#038;Itemid=0\n\n<strong>EUROPE-MONDE<\/strong>\n\n<strong>-&#8220;Les Etats membres \u00e0 la tra\u00eene sur les r\u00e9formes sociales&#8221; (Nicole Sagener) : <\/strong> http:\/\/www.euractiv.fr\/section\/europe-sociale-emploi\/news\/education-europes-problem-child\/?nl_ref=31982038\n\n-&#8220;La famille sociale-d\u00e9mocrate europ\u00e9enne cherche \u00e0 reconqu\u00e9rir le vote  ouvrier en allant sur le terrain du populisme&#8221; (Pascal Delwit, professeur au Cevipof; son du 24 f\u00e9vrier) : https:\/\/www.radioclassique.fr\/radio\/emissions\/matinale-de-radio-classique\/journal-de-l-europe\/\n\n-Dublin ne croit pas au calendrier du Brexit (Catherine Stupp) : http:\/\/www.euractiv.fr\/section\/royaume-uni-en-europe\/news\/kenny-casts-doubt-over-date-for-article-50\/?nl_ref\n\n-La Chine devient le premier partenaire commercial de l&#8217;Allemagne (Jean-Michel Gradt) : http:\/\/www.lesechos.fr\/monde\/enjeux-internationaux\/0211828874630-la-chine-premier-partenaire-commercial-de-lallemagne-2067671.php\n\n<strong>-&#8220;Les Allemands sont en quelque sorte fatigu\u00e9s d&#8217;Angela Merkel&#8221; (Michael Spreng, ancien \u00e9diteur du &#8220;Bild am Sonntag&#8221;; propos recueillis par Marc Etzold) : <\/strong> http:\/\/www.euractiv.fr\/section\/elections\/interview\/political-consultant-schulz-has-a-fighting-chance-of-winning-election\/?nl_ref=31982038\n\n-Bruxelles demande \u00e0 l&#8217;Italie de r\u00e9duire son d\u00e9ficit (Fr\u00e9d\u00e9ric Simon) : http:\/\/www.euractiv.fr\/section\/euro-finances\/news\/brussels-tells-italy-to-reduce-fiscal-gap-or-risk-being-fined\/?nl_ref=31982038\n\n-L&#8217;arm\u00e9e irakienne a pris la partie ouest de Mossoul (vid\u00e9o) : http:\/\/www.francetvinfo.fr\/monde\/proche-orient\/mossoul\/mossoul-l-armee-irakienne-a-repris-la-partie-ouest_2071727.htm\n\n-A Standing Rock, le combat des Indiens Lakotas s&#8217;ach\u00e8ve dans les flammes (Emmanuel Tellier; vid\u00e9o) : http:\/\/www.telerama.fr\/monde\/standing-rock-le-combat-des-indiens-lakotas-s-acheve-dans-les-flammes,154541.php#xtor\n\n<strong>-&#8220;Il y a plus de Mexicains qui quittent les Etats-Unis que de Mexicains qui y rentrent&#8221; (Juan Manuel Gomez-Robledo, ambassadeur du Mexique en France, interrog\u00e9 par Thomas Sotto; vid\u00e9o) :<\/strong> http:\/\/www.europe1.fr\/emissions\/l-interview-verite\/juan-manuel-gomez-robledo-il-y-a-plus-de-mexicains-qui-quittent-les-etats-unis-que-de-mexicains-qui-y-rentrent-2986733\n\n-Au Japon, le surmenage inqui\u00e8te les autorit\u00e9s (vid\u00e9o) : http:\/\/www.francetvinfo.fr\/monde\/japon\/japon-le-surmenage-inquiete-les-autorites_2071733.html\n\n<strong>CULTURE-MEDIAS<\/strong>\n\n<strong>-Jusqu&#8217;au 7 juin, le Mus\u00e9e de la Poste pr\u00e9sente une r\u00e9trospective de l&#8217;oeuvre du peintre Bernard Rancillac \u00e0 l&#8217;Espace Niemeyer (pi\u00e8ce jointe);  <\/strong> \n\n<strong>-&#8220;La gauche du r\u00e9el !&#8221; (Fr\u00e9d\u00e9ric Lordon; vid\u00e9o) :<\/strong>  https:\/\/www.youtube.com\/watch?v=64m3mWidKsA&#038;feature=youtu.be\n\n<strong>-&#8220;Ceux qui vont se faire exploser, il faut bien qu&#8217;ils en tirent un plaisir quelconque&#8221; (la philosophe Catherine Cl\u00e9ment, invit\u00e9e d&#8221;Ali Baddou; vid\u00e9o) : <\/strong> https:\/\/www.franceinter.fr\/emissions\/l-invite-d-ali-baddou\/l-invite-d-ali-baddou-24-fevrier-2017\n\n-F\u00e9vrier 1917, FR 3 est revenu sur la r\u00e9volution russe (vid\u00e9o) : http:\/\/www.francetvinfo.fr\/replay-jt\/france-3\/soir-3\/1917-la-rupture-la-revolution-russe_2071245.html\n\n<strong>-A l&#8217;occasion de son centenaire, &#8220;la Royal Academy of Arts&#8221; de Londres consacre une exposition \u00e0 l&#8217;art r\u00e9volutionnaire (vid\u00e9o) <\/strong> : http:\/\/www.france5.fr\/emissions\/entree-libre\/videos\/la_peinture_voit_rouge_23-02-2017_1494371?onglet=tous&#038;page=1\n\n-Qui est Antonio Gramsci ? (Nathan Sperber, enseignant de sociologie \u00e0 l&#8217;universit\u00e9 Fudan de Shanghai; sons) : https:\/\/www.franceculture.fr\/emissions\/les-chemins-de-la-philosophie\/qui-est-antonio-gramsci#xtor\n\n<strong>-L&#8217;exposition Chtchoukine \u00e0 la Fondation Louis Vuitton a d\u00e9pass\u00e9 le million de visiteurs. &#8220;Il s&#8217;agit d&#8217;un tr\u00e9sor des mus\u00e9es russes r\u00e9uni pour la premi\u00e8re fois \u00e0 Paris. \u00c7a a pris plusieurs  ann\u00e9es de n\u00e9gociations qui n&#8217;auraient pas abouti sans Vladimir Poutine&#8221; (Bernard Arnault, PDG de LVMH, interrog\u00e9 par Guillaume Durand; vid\u00e9o) : <\/strong> https:\/\/videos.lesechos.fr\/radioclassique\/invite-economie\/il-sagit-dun-tresor-des-musees-russes-reuni-pour-la-1ere-fois-a-paris-bernard-arnault-24022017\/8k3x8v\n\n-Jusqu&#8217;au 20 avril au Palais des Beaux Arts \u00e0 Paris, une Cate Blanchett m\u00e9connaissable (Jos\u00e9phine Bind\u00e9; vid\u00e9o) : http:\/\/www.telerama.fr\/sortir\/travail-du-dimanche-a-paris-des-bibliothecaires-se-rebiffent,154531.php#xtor\n\n-Le design nordique prend des couleurs (Marie Godfrain) : http:\/\/www.lemonde.fr\/m-design-deco\/article\/2017\/02\/24\/le-design-nordique-prend-des-couleurs_5085044_4497702.html\n\n<strong>-&#8220;Valser&#8221; de Catherine Berbessou \u00e0 la Maison de la Danse de Lyon (vid\u00e9o) : <\/strong> http:\/\/culturebox.francetvinfo.fr\/danse\/danses-du-monde\/valser-a-la-maison-de-la-danse-de-lyon-252547\n\n-Des biblioth\u00e9caires de la capitale se rebiffent contre le travail du dimanche (Emmanuelle Chaudieu) : http:\/\/www.telerama.fr\/sortir\/travail-du-dimanche-a-paris-des-bibliothecaires-se-rebiffent,154531.php#xtor\n\n<strong>-Le Guignol de Lyon sauv\u00e9 des eaux par la compagnie M.A (Odile Morain; vid\u00e9o) : <\/strong> http:\/\/culturebox.francetvinfo.fr\/theatre\/le-guignol-de-lyon-sauve-des-eaux-grace-a-la-compagnie-ma-252893\n\n<strong>-&#8220;Patients&#8221; de Grand Corps Malade, une le\u00e7on de vie (vid\u00e9o) : <\/strong> http:\/\/www.francetvinfo.fr\/sante\/hopital\/patients-une-lecon-de-vie_2071731.html\n\n<strong>-Nicole Garcia et Fran\u00e7ois Ozon \u00e9taient les invit\u00e9s de la matinale de France Inter (vid\u00e9os) :<\/strong> https:\/\/www.franceinter.fr\/emissions\/l-invite-de-8h20\/l-invite-de-8h20-24-fevrier-2017\n\n-Les lecteurs de T\u00e9l\u00e9rama avaient choisi leurs C\u00e9sars avant l&#8217;heure: http:\/\/www.telerama.fr\/cinema\/cesar-2017-vous-avez-vote-pour-vos-preferes-et-voici-les-resultats,154545.php#xtor\n\n<strong>-Tout savoir de la soir\u00e9e (vid\u00e9os) <\/strong> : http:\/\/www.canalplus.fr\/cinema\/pid3411-ceremonie-des-cesar-sur-canal.html\n\n-Le palmar\u00e8s (Jacky Bornet; vid\u00e9os) : http:\/\/culturebox.francetvinfo.fr\/cinema\/la-49e-nuit-des-cesar-minute-par-minute-252967\n\n<strong>-Fran\u00e7ois Ruffin, r\u00e9compens\u00e9 pour &#8220;Merci Patron&#8221;, appelle Fran\u00e7ois Hollande &#8220;\u00e0 se bouger le cul pour les ouvriers&#8221; (vid\u00e9o) : <\/strong> http:\/\/www.francetvinfo.fr\/culture\/cinema\/cesar-2014\/cesar-2017-recompense-pour-merci-patron-francois-ruffin-appelle-francois-hollande-a-se-bouger-le-cul-pour-les-ouvriers_2071811.html\n\n<strong>-&#8220;La r\u00e9sistance du cin\u00e9ma \u00e0 Trump viendrait plut\u00f4t des ind\u00e9pendants&#8221; (la cin\u00e9aste Kelly Reichardt, r\u00e9alisatrice de &#8220;Certaines femmes&#8221;; propos recueillis par J\u00e9r\u00e9mie Couston; vid\u00e9o) <\/strong> : http:\/\/www.telerama.fr\/cinema\/kelly-reichardt-la-resistance-du-cinema-a-trump-viendrait-plutot-des-independants,154532.php#xtor\n\n-&#8220;18 films fran\u00e7ais ont fait plus d&#8217;un million d&#8217;entr\u00e9es&#8221; (son du 24 f\u00e9vrier) : https:\/\/www.radioclassique.fr\/radio\/emissions\/matinale-de-radio-classique\/l-invite-du-matin\/\n\n-&#8220;Alien : Covenant&#8221;, le prologue officiel  de la suite de la saga (vid\u00e9o en anglais) : http:\/\/www.telerama.fr\/cinema\/alien-covenant-voila-le-prologue-officiel-du-film,154544.php#xtor\n\n-La plateforme de VOD Netflix s&#8217;offre le nouveau film de Martin Scorsese &#8220;The Irishman&#8221; (Samuel Douhaire) : http:\/\/www.telerama.fr\/cinema\/netflix-s-offre-martin-scorsese,154539.php#xtor\n\n<strong>-Les documentaires que Dominique Cabrera a consacr\u00e9 \u00e0 la banlieue, rassembl\u00e9s dans un coffret DVD (Fran\u00e7ois Ekchajzer; vid\u00e9os) : <\/strong> http:\/\/television.telerama.fr\/television\/il-etait-une-fois-dominique-cabrera,154231.php#xtor\n\n<strong>-Vincent Delerme \u00e9tait l&#8217;invit\u00e9 de &#8220;Passion classique&#8221; d&#8217;Olivier Bellamy (son du 23 f\u00e9vrier) :<\/strong> https:\/\/www.radioclassique.fr\/radio\/emissions\/passion-classique\/\n\n<strong>-Retrouver Michel Hurley avec Fran\u00e7ois Gorin (sons) :<\/strong>                               http:\/\/www.telerama.fr\/musique\/michael-hurley,61397.php                             http:\/\/www.telerama.fr\/musique\/michael-hurley-2-cartoon-du-marais-ancestral,154464.php                                                                                       http:\/\/www.telerama.fr\/musique\/michael-hurley-3-vieux-loup-cale-dans-son-fauteuil,154515.php                                                                                      http:\/\/www.telerama.fr\/musique\/michael-hurley-4-boogie-rouge-a-l-herbe-bleue,154537.php#xtor\n\n-Dans son dernier album, l&#8217;artiste catalan Davy Kilemb\u00e9 &#8220;fait danser les mots comme Brassens&#8221; (Marion Gadea; vid\u00e9o) : http:\/\/culturebox.francetvinfo.fr\/musique\/chanson-francaise\/davy-kilembe-fait-danser-les-mots-comme-brassens-dans-son-nouvel-album-252905\n\n-L&#8217;\u00e9volution des &#8220;unes&#8221; du &#8220;New York Time&#8221; depuis 1852 (Aur\u00e9lie Delaunoy; vid\u00e9o) : http:\/\/www.telerama.fr\/medias\/l-evolution-des-unes-du-new-york-times-sur-plus-d-un-siecle-et-demi,154540.php#xtor\n\n-Les podcasts du &#8220;Washington Post&#8221; contre la politique de Trump (Laurence Le Saux; sons en anglais) : http:\/\/www.telerama.fr\/radio\/contre-la-politique-de-trump-le-washington-post-sort-les-decodeurs,154497.php#xtor                                            https:\/\/www.washingtonpost.com\/graphics\/politics\/can-he-do-that-trump-podcast\/  \n\n<strong>-&#8220;Soyons r\u00e9alistes, demanons l&#8217;impossible !&#8221; (Fr\u00e9d\u00e9ric Lordon; vid\u00e9o) : <\/strong> https:\/\/www.youtube.com\/watch?v=64m3mWidKsA&#038;feature=youtu.be\n\n<strong>-&#8220;Matilda&#8221;, une plateforme \u00e9ducative f\u00e9ministe et interactive (vid\u00e9os) : <\/strong> http:\/\/www.matilda.education\/app\/course\/view.php?id=217\n\n-i-T\u00e9l\u00e9 change de nom. 80 journalistes ont quitt\u00e9 la cha\u00eene  (Marc Baudriller; son du 24 f\u00e9vrier) :      https:\/\/www.radioclassique.fr\/radio\/emissions\/matinale-de-radio-classique\/la-vie-des-medias\/   \n\n-2,7 millions de t\u00e9l\u00e9spectateurs ont regard\u00e9 &#8220;L&#8217;Emission politique&#8221; sur France 2, moins qu&#8217;avec Marine Le Pen (Thomas Joubert; vid\u00e9o) :        http:\/\/www.europe1.fr\/medias-tele\/les-audiences-tele-de-jeudi-tf1-loin-devant-avec-section-de-recherches-2986868       \n\n-&#8220;L&#8217;information m&#8217;a manqu\u00e9 et peut-\u00eatre que je lui manqu\u00e9&#8221; (Jean-Pierre Elkabbach qui commence lundi sur CNews; vid\u00e9o) :      http:\/\/www.rtl.fr\/actu\/societe-faits-divers\/l-information-m-a-manque-et-peut-etre-que-je-lui-ai-manque-affirme-jean-pierre-elkabbach-7787394635\n\n<strong>-&#8220;La rencontre entre Fillon et Cop\u00e9 report\u00e9e \u00e0 Meaux&#8221; (Charline Vanhoenacker; vid\u00e9o) :<\/strong> https:\/\/www.franceinter.fr\/emissions\/le-billet-de-charline-vanhoenacker\/le-billet-de-charline-vanhoenacker-24-fevrier-2017\n\n\n<h2 class=\"wp-block-heading\">Documents joints<\/h2>\n\n\n\n<div class=\"wp-block-file\"><a href=\"https:\/\/wp.muchomaas.com\/wp-content\/uploads\/2017\/02\/retrospective_bernard_rancillac-b23.pdf\">retrospective_bernard_rancillac.pdf<\/a><\/div>\n\n\n","protected":false},"excerpt":{"rendered":"<p>ACTUALITE -&#8220;Les perturbateurs endocriniens, \u00e9ternels cheveux de bataille&#8221; (Coralie Schaub et Estelle Patt\u00e9e) : http:\/\/www.liberation.fr\/planete\/2017\/02\/23\/les-perturbateurs-endocriniens-eternels-cheveux-de-bataille_1550666?xtor -Ce qu&#8217;en pensent les Fran\u00e7ais (ODOXA) : http:\/\/www.odoxa.fr\/sondage\/carnet-de-sante-perturbateurs-endocriniens-inquietent-70-francais\/ -&#8220;Les comptes d&#8217;Airbus plomb\u00e9s par l&#8217;avion militaire A400M&#8221; (Christian Menanteau; vid\u00e9o) : http:\/\/www.rtl.fr\/actu\/societe-faits-divers\/airbus-voit-ses-comptes-plombes-par-l-a400m-7787399771 -&#8220;Compteurs Linky, une pol\u00e9mique sous haute tension&#8221; (vid\u00e9o) : http:\/\/www.lcp.fr\/la-politique-en-video\/compteurs-linky-une-polemique-sous-haute-tension -&#8220;Trois grandes surfaces s&#8217;engagent pour la viande fran\u00e7aise&#8221; (vid\u00e9o) [&hellip;]<\/p>\n","protected":false},"author":1042,"featured_media":0,"comment_status":"open","ping_status":"open","sticky":false,"template":"","format":"standard","meta":{"_themeisle_gutenberg_block_has_review":false,"footnotes":""},"categories":[151],"tags":[],"class_list":["post-10219","post","type-post","status-publish","format-standard","hentry","category-la-revue-de-presse-de-lulu"],"_links":{"self":[{"href":"https:\/\/archives.regards.fr\/index.php?rest_route=\/wp\/v2\/posts\/10219","targetHints":{"allow":["GET"]}}],"collection":[{"href":"https:\/\/archives.regards.fr\/index.php?rest_route=\/wp\/v2\/posts"}],"about":[{"href":"https:\/\/archives.regards.fr\/index.php?rest_route=\/wp\/v2\/types\/post"}],"author":[{"embeddable":true,"href":"https:\/\/archives.regards.fr\/index.php?rest_route=\/wp\/v2\/users\/1042"}],"replies":[{"embeddable":true,"href":"https:\/\/archives.regards.fr\/index.php?rest_route=%2Fwp%2Fv2%2Fcomments&post=10219"}],"version-history":[{"count":0,"href":"https:\/\/archives.regards.fr\/index.php?rest_route=\/wp\/v2\/posts\/10219\/revisions"}],"wp:attachment":[{"href":"https:\/\/archives.regards.fr\/index.php?rest_route=%2Fwp%2Fv2%2Fmedia&parent=10219"}],"wp:term":[{"taxonomy":"category","embeddable":true,"href":"https:\/\/archives.regards.fr\/index.php?rest_route=%2Fwp%2Fv2%2Fcategories&post=10219"},{"taxonomy":"post_tag","embeddable":true,"href":"https:\/\/archives.regards.fr\/index.php?rest_route=%2Fwp%2Fv2%2Ftags&post=10219"}],"curies":[{"name":"wp","href":"https:\/\/api.w.org\/{rel}","templated":true}]}}