{"id":10215,"date":"2017-02-24T08:19:26","date_gmt":"2017-02-24T07:19:26","guid":{"rendered":"https:\/\/wp.muchomaas.com\/article-la-revue-du-24-fevrier-2017\/"},"modified":"2023-06-23T23:24:12","modified_gmt":"2023-06-23T21:24:12","slug":"article-la-revue-du-24-fevrier-2017","status":"publish","type":"post","link":"https:\/\/archives.regards.fr\/?p=10215","title":{"rendered":"La Revue du 24 f\u00e9vrier 2017"},"content":{"rendered":"<strong>ACTUALITE<\/strong>\n\n-Des salari\u00e9s de la banque en ligne &#8220;ING Direct&#8221; ont appris leur licenciement par email (vid\u00e9o) :  http:\/\/www.francetvinfo.fr\/france\/ing-direct-des-salaries-apprennent-leur-licenciement-par-email_2070185.html\n\n<em>-Les salari\u00e9s et le revenu universel (BVA) :<\/em> http:\/\/www.bva-group.com\/sondages\/les-salaries-et-le-revenu-universel\/\n\n<strong>-&#8220;L&#8217;usine d&#8217;Aulnay est ferm\u00e9e, nous ne regrettons pas de ne pas avoir sign\u00e9 chez PSA. Sur la qualit\u00e9 sociale, le bilan est tr\u00e8s n\u00e9gatif. Une entreprise, \u00e7a ne se juge pas que sur les dividendes vers\u00e9s aux actionnaires. La campagne a du mal \u00e0 entrer dans les questions sociales. On en est aux petits arrangements, tout ce que ne veulent pas les salari\u00e9s. Je r\u00e9fl\u00e9chis pour mon vote, la CGT ne prendra pas position&#8221; (Philippe Martinez, secr\u00e9taire de la CGT; interrog\u00e9 par Olivier Galzi; vid\u00e9o) : <\/strong> http:\/\/www.cnews.fr\/chroniques\/invite-olivier-galzi\/linvite-politique-dolivier-galzi-du-23022017-173139\n\n-&#8220;Une prime d&#8217;int\u00e9ressement de 2 000 euros pour les salari\u00e9s&#8221; (vid\u00e9o) : http:\/\/www.francetvinfo.fr\/economie\/emploi\/psa-une-prime-d-interessement-de-2-000-euros-pour-les-salaries_2070731.html\n\n<strong>-&#8220;Aujourd&#8217;hui, l&#8217;agriculteur ne peut pas vivre au prix o\u00f9 on lui r\u00e8gle la viande bovine&#8221; (J\u00e9r\u00f4me Pitot, \u00e9leveur dans le Cantal; interrog\u00e9 par Nicolas Pierron; vid\u00e9o) : <\/strong> https:\/\/www.dailymotion.com\/video\/x5cwd3h_aujourd-hui-l-agriculteur-ne-peut-pas-vivre-au-prix-ou-on-lui-regle-la-viande-bovine-jerome-pitot-2_news\n\n&#8220;Montrer une agriculture moderne&#8221; (Baptiste Gaborit; son du 23 f\u00e9vrier) : https:\/\/www.radioclassique.fr\/radio\/emissions\/matinale-de-radio-classique\/3-minutes-planete\/\n\n-&#8220;Plus on avance, moins on est \u00e9cout\u00e9&#8221; (Ludivine et Christophe Le Monnier, auteurs de &#8220;Le jour o\u00f9 on a vendu nos vaches&#8221;; invit\u00e9s d&#8217;Eric Delvaux; son) :  https:\/\/www.franceinter.fr\/emissions\/l-invite-du-5-7\/l-invite-du-5-7-23-fevrier-2017\n\n<strong>-&#8220;Le bio change d&#8217;\u00e9chelle en pr\u00e9servant ses fondamentaux&#8221; (l&#8217;agence Bio) : <\/strong> http:\/\/www.agencebio.org\/sites\/default\/files\/upload\/documents\/5_Communication\/Relations_Presse\/dp_bio_barometre_val.pdf\n\n-&#8220;Le ch\u00f4mage des jeunes non-dipl\u00f4m\u00e9s est massif&#8221; (l&#8217;\u00e9conomiste Agn\u00e8s Benassy-Qu\u00e9r\u00e9, pr\u00e9sidente du Conseil de l&#8217;analyse \u00e9conomique, invit\u00e9e de Jean-Paul Chapel; vid\u00e9o) :   http:\/\/www.francetvinfo.fr\/economie\/emploi\/recherche-d-emploi\/premier-emploi\/video-emploi-il-faut-renverser-la-logique-de-lapprentissage-selon-agnes-benassy-quere_2069401.html\n\n<strong>-&#8220;Ce plastique invisible qui pollue les oc\u00e9ans&#8221; (Nathalie Fontrel; son) : <\/strong> https:\/\/www.franceinter.fr\/emissions\/planete-environnement\/planete-environnement-23-fevrier-2017\n\n<em>-L&#8217;\u00e9tude de l&#8217;Union internationale pour la conservation de la nature (document \u00e0 t\u00e9l\u00e9charger) :<\/em>  https:\/\/portals.iucn.org\/library\/node\/46622\n\n-La crise du secteur des travaux publics (Bruno Cavagn\u00e9, pr\u00e9sident de la F\u00e9d\u00e9ration nationale; interrog\u00e9 par Dimitri Pavlenko; son) : http:\/\/www.sudradio.fr\/Podcasts\/L-invite-pour-comprendre\/Bruno-Cavagne-President-de-la-Federation-nationale-des-Travaux-Public\n\n<strong>-A Gennevilliers (92), &#8220;la mixit\u00e9 sociale \u00e0 l&#8217;\u00e9preuve du r\u00e9el&#8221; (Claire Chaudi\u00e8re; son) <\/strong> : https:\/\/www.franceinter.fr\/emissions\/le-zoom-de-la-redaction\/le-zoom-de-la-redaction-23-fevrier-2017\n\n-Des HLM \u00e0 dur\u00e9e de location limit\u00e9e ? (vid\u00e9o) : http:\/\/www.francetvinfo.fr\/societe\/logement-des-hlm-a-duree-limitee_2070197.html\n\n-A Compi\u00e8gne (60), les dealers rendent insupportable la vie dans le quartier (vid\u00e9o) : http:\/\/www.lci.fr\/france\/a-compiegne-des-habitants-contraints-de-partir-a-cause-de-la-delinquance-2027017.html%3Ftype=content\n\n<em>-&#8220;20 propositions pour une inclusion des personnes vivant en bidonvilles et squats&#8221; (Collectif national droits de l&#8217;homme Romeurope; document) : <\/em>  http:\/\/www.romeurope.org\/wp-content\/uploads\/2017\/02\/Rapport_2017_20-propositions-1.pdf\n\n-Une prison de nouvelle g\u00e9n\u00e9ration \u00e0 Beauvais dans l&#8217;Oise (vid\u00e9o) : http:\/\/www.francetvinfo.fr\/france\/hauts-de-france\/oise\/a-beauvais-dans-une-prison-nouvelle-generation_2070671.html\n\n<strong>-&#8220;Quel bilan pour les droits en 2016 ?&#8221; (leur d\u00e9fenseur, Jacques Toubon, invit\u00e9 de Laurence Ferrari; vid\u00e9o) :<\/strong> http:\/\/www.cnews.fr\/chroniques\/invite-laurence-ferrari\/linvite-de-laurence-ferrari-du-23022017-173133\n\n-&#8220;Une enqu\u00eate sur la d\u00e9ontologie de la s\u00e9curit\u00e9 sera men\u00e9e dans l&#8217;affaire Th\u00e9o&#8221; (il \u00e9tait interrog\u00e9 par Thomas Sotto; vid\u00e9o) : http:\/\/www.europe1.fr\/emissions\/l-interview-verite\/jacques-toubon-une-enquete-sur-la-deontologie-de-la-securite-sera-menee-dans-laffaire-theo-2985728\n\n<em>-Son rapport annuel d&#8217;activit\u00e9 2016 (document) : <\/em> http:\/\/www.defenseurdesdroits.fr\/sites\/default\/files\/atoms\/files\/raa-2016-num-20.02.2017.pdf\n\n<strong>POLITIQUE<\/strong>\n\n<strong>-Six s\u00e9quences de &#8220;L&#8217;Emission Politique&#8221; avec Jean-Luc M\u00e9lenchon (vid\u00e9os) : <\/strong> http:\/\/www.francetvinfo.fr\/politique\/melenchon\/videos-six-sequences-qu-il-ne-fallait-pas-rater-dans-l-emission-politique-avec-jean-luc-melenchon_2070759.html\n\n-L&#8217;int\u00e9grale (vid\u00e9o) : http:\/\/www.francetvinfo.fr\/replay-magazine\/france-2\/l-emission-politique\/l-emission-politique-du-jeudi-23-fevrier-2017_2063241.html\n\n<strong>-Le com\u00e9dien Philippe Torreton n&#8217;a pas fait ce que les organisateurs de l&#8217;\u00e9mission attendaient de lui (vid\u00e9o, amener le curseur sur 52:40) : <\/strong> http:\/\/www.francetvinfo.fr\/replay-magazine\/france-2\/l-emission-politique\/l-emission-politique-du-jeudi-23-fevrier-2017_2063241.html\n\n<em>-Le sondage (HARRIS) :<\/em> http:\/\/harris-interactive.fr\/opinion_polls\/sondage-pour-lemission-politique-invite-jean-luc-melenchon\/\n\n<strong>-&#8220;Face au danger, appelons au r\u00e9veil collectif&#8221; (Patrick Lehyaric; pi\u00e8ce jointe);<\/strong>\n\n-&#8220;La situation \u00e0 gauche n&#8217;est pas au niveau&#8221; (Olivier Dartigolles, porte-parole du PCF; propos recueillis par Anne-Charlotte Dusseaulx) : http:\/\/www.lejdd.fr\/Politique\/Dartigolles-La-situation-a-gauche-n-est-pas-au-niveau-849347\n\n-&#8220;Le ralliement de Fran\u00e7ois Bayrou aide \u00e0 situer Emmanuel Macron l\u00e0 o\u00f9 il est&#8221; (Eric Coquerel, coordinateur du Parti de gauche, \u00e9tait l&#8217;invit\u00e9 de la matinale de France Inter. Il a r\u00e9pondu aux questions de Patrick Cohen et des auditeurs; vid\u00e9os) : http:\/\/www.dailymotion.com\/video\/x5cw358_eric-coquerel-repond-aux-questions-de-patrick-cohen_news                                                                                            http:\/\/www.dailymotion.com\/video\/x5cw8py_eric-coquerel-repond-aux-questions-des-auditeurs-de-france-inter_news\n\n<strong>-Christiane Taubira \u00e9tait l&#8217;invit\u00e9e &#8220;Des matins de France Culture&#8221; (vid\u00e9o) : <\/strong> https:\/\/www.franceculture.fr\/politique\/gauche-humanisme-justice-litterature-lessentiel-des-propos-de-christiane-taubira#xtor\n\n-&#8220;En choisissant de ne pas \u00eatre candidat, Fran\u00e7ois Bayrou a fait preuve d&#8217;esprit de responsabilit\u00e9. Il y a toujours trois divisions face \u00e0 Fran\u00e7ois Fillon. Je ne veux pas d&#8217;un deuxi\u00e8me tour Fillon\/Le Pen. Il y a une part d&#8217;irresponsabilit\u00e9 \u00e0 faire tra\u00eener les choses (comme le fait Yannick Jadot). En cinq ans, avec les agriculteurs, j&#8217;ai travers\u00e9 8 crises. Je marche la t\u00eate haute&#8221;  (St\u00e9phane Le Foll, invit\u00e9 de Caroline Roux; vid\u00e9o) : http:\/\/www.france2.fr\/emissions\/telematin\/actu\/les-4-verites-stephane-le-foll_555083\n\n-&#8220;Je retire ma candidature \u00e0 l&#8217;\u00e9lection pr\u00e9sidentielle&#8221; (Yannick Jadot au &#8220;20 heures&#8221; de France 2; vid\u00e9o) : http:\/\/www.francetvinfo.fr\/politique\/yannick-jadot\/yannick-jadot-je-retire-ma-candidature-a-l-election-presidentielle_2070657.html\n\n<em>-Le texte de l&#8217;accord (document \u00e0 t\u00e9l\u00e9charger)<\/em> : https:\/\/reporterre.net\/Voici-le-texte-de-l-accord-entre-Hamon-et-Jadot\n\n-&#8220;Je ne vois pas la coh\u00e9rence d&#8217;un \u00e9cologiste \u00e0 rejoindre Emmanuel Macron. Tout le monde est bienvenu. Ce serait la premi\u00e8re fois que les \u00e9cologistes se reconna\u00eetraient  dans le candidat d&#8217;un autre parti. Je souhaite un processus constituant achev\u00e9 avant 2022 et conclu par un r\u00e9f\u00e9rendum et des \u00e9lections l\u00e9gislatives. La sortie du nucl\u00e9aire civil, c&#8217;est \u00e0 50 ans avec une \u00e9tape \u00e0 25. Je souhaite une capacit\u00e9 de dissuasion nucl\u00e9aire, indispensable \u00e0 une d\u00e9fense europ\u00e9enne. Je souhaite l&#8217;abandon de Notre-Dame-des-Landes sur ce site. Je suis pour que  les \u00e9cologistes disposent d&#8217;un groupe et que C\u00e9cile Duflot soit d\u00e9put\u00e9e&#8221; (Beno\u00eet Hamon \u00e9tait l&#8217;invit\u00e9 de &#8220;Questions d&#8217;Info&#8221;; vid\u00e9o) :    http:\/\/www.lcp.fr\/emissions\/questions-dinfo\/279540-questions-dinfo\n\n-&#8220;C&#8217;est la premi\u00e8re fois depuis 1965 que je ne sais pas \u00e0 60 jours du scrutin pour qui je vais voter. Jusqu&#8217;\u00e0 pr\u00e9sent, Beno\u00eet Hamon ne s&#8217;est pas tourn\u00e9 vers nous. C&#8217;est vrai que je penche plut\u00f4t pour Emmanuel Macron. Il faut \u00e9viter l&#8217;affrontement de Le Pen avec un homme corrompu&#8221; (Fran\u00e7ois Loncle, d\u00e9put\u00e9 PS de l&#8217;Eure; face \u00e0 Fr\u00e9d\u00e9ric Rivi\u00e8re; vid\u00e9o) : http:\/\/www.rfi.fr\/video\/20170223-francois-loncle-eviter-le-cauchemar-2eme-tour-entre-marine-le-pen-francois-fillon\n\n-&#8220;Je ne me reconnais ni dans le bonapartisme d&#8217;extr\u00eame-gauche de Jean-Luc M\u00e9lenchon, ni dans celui du centre d&#8217;Emmanuel Macron. Je choisis Beno\u00eet Hamon. Je ne comprends pas pourquoi le Pari communiste tra\u00eene la jambe alors que nous gouvernons des villes ensemble. Quand nous aurons d\u00e9crocher des \u00e9lecteurs de Jean-Luc M\u00e9lenchon, il fera avec Beno\u00eet Hamon ce que Fran\u00e7ois Bayrou vient de faire avec Emmanuel Macron&#8221; (le secr\u00e9taire d&#8217;Etat Jean-Vincent Plac\u00e9, invit\u00e9 de &#8220;Territoires d&#8217;Infos&#8221;; vid\u00e9o; amener le curseur sur 33:21) :   http:\/\/www.sudradio.fr\/Politique\/L-interview-politique\/Jean-Vincent-Place-critique-le-bonapartisme-du-centre-de-Macron\n\n-Sur RTL, Fran\u00e7ois Bayrou a r\u00e9fut\u00e9 tout marchandage avec Emmanuel Macron (interrog\u00e9 par Elizabeth Martichoux; vid\u00e9os) : http:\/\/www.rtl.fr\/actu\/politique\/francois-bayrou-refute-tout-marchandage-avec-emmanuel-macron-7787382114\n\n-&#8220;C&#8217;est un tournant dans la campagne. Une alliance d&#8217;homme \u00e0 homme, pas d&#8217;appareils. C&#8217;est tout \u00e0 son honneur que Fran\u00e7ois Bayrou d\u00e9passe ses pr\u00e9ventions&#8221; (Fr\u00e9d\u00e9rique Dumas, conseill\u00e8re r\u00e9gionale UDI, membre du Comit\u00e9 politique de &#8220;En Marche&#8221;; interrog\u00e9e par Dimitri Pavlenko; son) : http:\/\/www.sudradio.fr\/Podcasts\/L-invite-pour-comprendre\/Frederique-Dumas-membre-du-comite-politique-d-En-Marche\n\n-&#8220;C&#8217;est d&#8217;abord une alliance sur le fond&#8221; (Benjamin Griveaux, porte-parole d&#8217;Emmanuelle Macron; interrog\u00e9 par Alexandra Bensaid; vid\u00e9o) : http:\/\/www.dailymotion.com\/video\/x5cvuf9_benjamin-griveaux-repond-aux-questions-d-alexandra-bensaid_news\n\n-Il en d\u00e9battait sur BFM TV, chez Ruth Elkrief, avec David Assouline, s\u00e9nateur PS de Paris (vid\u00e9o) : http:\/\/www.bfmtv.com\/mediaplayer\/video\/benjamin-griveaux-face-a-david-assouline-l-alliance-macron-bayrou-un-coup-dur-pour-benoit-hamon-917489.html\n\n<strong>-&#8220;Mon projet \u00e9conomique&#8221; (Emmanuel Macron dans &#8220;Les Echos) : <\/strong> http:\/\/www.lesechos.fr\/elections\/emmanuel-macron\/0211826576981-emmanuel-macron-mon-projet-economique-2067359.php#xtor\n\n-&#8220;Il y a entre l&#8217;intuition d&#8217;Emmanuel Macron et ce que nous portons depuis longtemps une forme de r\u00e9sonance&#8221; (Marielle de Sarnez, eurod\u00e9put\u00e9e Modem; vid\u00e9o, amener le curseur sur 11:50 et sur 17:17) :  http:\/\/www.lcp.fr\/la-politique-en-video\/archive-lcp-quand-francois-bayrou-critiquait-la-politique-economique-demmanuel\n\n-Quand Fran\u00e7ois Bayrou critiquait la politique \u00e9conomique d&#8217;Emmanuel Macron (vid\u00e9o) : http:\/\/www.lcp.fr\/la-politique-en-video\/archive-lcp-quand-francois-bayrou-critiquait-la-politique-economique-demmanuel\n\n-&#8220;J&#8217;ai \u00e9t\u00e9 agr\u00e9ablement surpris par le choix de Fran\u00e7ois Bayrou. On voit bien que ce que j&#8217;ai d\u00e9fendu dans la primaire est plus proche d&#8217;Emmanuel Macron que de Beno\u00eet Hamon&#8221; (Fran\u00e7ois de Rugy, d\u00e9put\u00e9 \u00e9cologiste de Loire Atlantique; face \u00e0 Audrey Crespo-Mara; vid\u00e9o) : http:\/\/www.lci.fr\/replay\/l-invite-politique-de-8h15-du-23-fevrier-2017-francois-de-rugy-depute-ecologiste-2027037.html\n\n-&#8220;C&#8217;est une \u00e9tape et c&#8217;est plut\u00f4t bien qu&#8217;il y ait un rassemblement&#8221; (l&#8217;eurod\u00e9put\u00e9e centriste Sylvie Goulard; vid\u00e9o) : http:\/\/www.europe1.fr\/politique\/sylvie-goulard-sur-lalliance-macron-bayrou-cest-une-etape-2985329\n\n-&#8220;Fran\u00e7ois Bayrou n&#8217;y va pas parce que son espace \u00e9tait pris par Emmanuel Macron. Cette alliance arrive au bon moment pour lui. Ce revirement \u00e0 un c\u00f4t\u00e9 \u00e0 l&#8217;ancienne&#8221; (Guillaume Tabard du &#8220;Figaro&#8221;; son du 23 f\u00e9vrier) :  https:\/\/www.radioclassique.fr\/radio\/emissions\/matinale-de-radio-classique\/22630-2\/\n\n-&#8220;Toutes les semaines, il y a un \u00e9v\u00e9nement  Macron&#8221; (Eric Fottorino, Philippe Tesson et Jean-Louis Bourlanges; vid\u00e9o) : https:\/\/www.dailymotion.com\/video\/x5cwfob_toutes-les-semaines-il-y-a-un-evenement-emmanuel-macron-philippe-tesson-23-02-2017_news\n\n-&#8220;Il y a une coh\u00e9rence chez Fran\u00e7ois Bayrou. C&#8217;est le r\u00eave de la recomposition politique. Quelle majorit\u00e9 \u00e0 l&#8217;Assembl\u00e9e nationale ? &#8221; (Yves J\u00e9go, d\u00e9put\u00e9 UDI de la Seine-et-Marne, soutien de Fran\u00e7ois Fillon; interrog\u00e9 par Brigitte Boucher; vid\u00e9o, amener le curseur sur 31:01) : http:\/\/www.lcp.fr\/emissions\/politique-matin\/282396-politique-matin\n\n-&#8220;Une \u00e9tape de la recomposition politique tant annonc\u00e9e&#8221; (Thomas Legrand; son) : https:\/\/www.franceinter.fr\/emissions\/l-edito-politique\/l-edito-politique-23-fevrier-2017\n\n<strong>-&#8220;Fran\u00e7ois Bayrou a \u00e9t\u00e9 un passager clandestin du socialisme depuis une vingtaine d&#8217;ann\u00e9es. C&#8217;est la deuxi\u00e8me fois qu&#8217;il votera Fran\u00e7ois Hollande. Il paye sa place pour s&#8217;asseoir \u00e0 c\u00f4t\u00e9 de l&#8217;h\u00e9ritier parricide de Fran\u00e7ois Hollande. Au moins cet attelage va pouvoir d\u00e9fendre devant les Fran\u00e7ais le bilan de Fran\u00e7ois Hollande, c&#8217;est bien. C&#8217;est plut\u00f4t une bonne nouvelle&#8221; (Fran\u00e7ois Baroin, s\u00e9nateur-maire LR de Troyes, interrog\u00e9 par Fabien Namias. Aurait-il la trouille ?; vid\u00e9o) : <\/strong> http:\/\/www.europe1.fr\/emissions\/linterview-politique-de-8h20\/francois-baroin-francois-baroin-a-ete-un-passager-clandestin-du-socialisme-2985761\n\n-&#8220;La fusion des girouettes a rarement donn\u00e9 le bon cap&#8221; (Eric Ciotti, d\u00e9put\u00e9 LR des Alpes-Maritimes; invit\u00e9 de la matinale de Franeinfo; vid\u00e9o) :  http:\/\/www.dailymotion.com\/video\/x5cwem8_presidentielle-pour-eric-ciotti-la-fusion-des-girouettes-a-rarement-donne-le-bon-cap_news\n\n-&#8220;Fran\u00e7ois Bayrou n&#8217;avait pas les moyens d&#8217;\u00eatre candidat. Il rejoint l&#8217;h\u00e9ritier de Fran\u00e7ois Hollande. La raison ne lui est jamais revenue. Il s&#8217;assoit sur sa propre morale. Marine Le Pen est une profiteuse de l&#8217;Europe&#8221; (Nadine Morano, eurod\u00e9put\u00e9e LR; face \u00e0 Jean-Jacques Bourdin; vid\u00e9o) : http:\/\/www.bfmtv.com\/mediaplayer\/video\/nadine-morano-face-a-jean-jacques-bourdin-en-direct-917171.html\n\n-&#8220;Il a peur de ne pas faire 5% et de ne pas \u00eatre rembours\u00e9&#8221; (l&#8217;eurod\u00e9put\u00e9 LR Philippe Jouvin, invit\u00e9 de Myriam Encaoua; vid\u00e9o) : http:\/\/www.cnews.fr\/chroniques\/invite-myriam-encaoua\/philippe-juvin-bayrou-a-peur-de-ne-pas-faire-5-et-de-ne-pas-etre-rembourse-173119\n\n-&#8220;Une alliance tr\u00e8s politicienne&#8221; (Virginie Calmels, premi\u00e8re adjointe d&#8217;Alain Jupp\u00e9 \u00e0 Bordeaux; vid\u00e9o) : http:\/\/www.europe1.fr\/politique\/virginie-calmels-bayrou-macron-une-alliance-tres-politicienne-2986391\n\n-&#8220;C&#8217;est la deuxi\u00e8me fois que Fran\u00e7ois Bayrou va voter Hollande&#8221; (Val\u00e9rie Boyer, porte-parole de Fran\u00e7ois Fillon; vid\u00e9o) : http:\/\/www.bfmtv.com\/mediaplayer\/video\/bayrou-rallie-macron-c-est-la-deuxieme-fois-qu-il-va-voter-hollande-raille-valerie-boyer-917199.html\n\n-&#8220;Il est path\u00e9tique. Il va vers Macron une fois que Fillon l&#8217;a vir\u00e9&#8221; (Bernard Debr\u00e9, d\u00e9put\u00e9 LR de Paris; vid\u00e9o) : http:\/\/rmc.bfmtv.com\/mediaplayer\/video\/francois-bayrou-est-pathetique-il-est-alle-vers-macron-a-partir-du-moment-ou-fillon-l-a-vire-917193.html\n\n-&#8220;C&#8217;est l&#8217;alliance de la carpe et du lapin&#8221; (Nicolas Dupont-Aignan, d\u00e9put\u00e9 de l&#8217;Essonne, candidat \u00e0 l&#8217;\u00e9lection pr\u00e9sidentielle; face \u00e0 Ruth Elkrief; vid\u00e9o) : http:\/\/www.bfmtv.com\/mediaplayer\/video\/macron-bayrou-c-est-un-peu-l-alliance-de-la-carpe-et-du-lapin-nicolas-dupont-aignan-917487.html\n\n-&#8220;En 2017, la France pourrait avoir un pr\u00e9sident sans majorit\u00e9&#8221; (Yves Thr\u00e9ard du &#8220;Figaro&#8221;; vid\u00e9o) : http:\/\/www.europe1.fr\/emissions\/ledito-politique-dyves-threard\/en-2017-la-france-pourrait-avoir-un-president-sans-majorite-2986670\n\n-L&#8217;avocat Arno Klasfeld, soutien de Fran\u00e7ois Fillon, justifie, \u00e0 la serpe,  que Jean-Luc M\u00e9lenchon n&#8217;ait pas \u00e9t\u00e9 invit\u00e9 au d\u00eener du Crif (vid\u00e9o) : http:\/\/www.lci.fr\/replay\/l-invite-de-8h45-du-23-fevrier-2017-l-avocat-arno-klarsfeld-2027040.html%3Ftype=content\n\n<strong>-Le discours qu&#8217;y a prononc\u00e9 Fran\u00e7ois Hollande (vid\u00e9o) : <\/strong> http:\/\/www.elysee.fr\/videos\/new-video-97\/\n\n-&#8220;Ce qui va amener la proportionnelle, c&#8217;est l&#8217;\u00e9lection de Marine Le Pen. L&#8217;euro a perdu 20% de sa valeur en deux ans. Bayrou s&#8217;est vendu pour quelques circonscriptions&#8221; (Florian Philippot, vice-pr\u00e9sident du FN; face \u00e0 Guillaume Durand; vid\u00e9o) : https:\/\/www.dailymotion.com\/video\/x5cwf4e_l-euro-a-perdu-25-de-sa-valeur-en-2-ans-florian-philippot-23-02-2017_news\n\n-Claude Bartolone tire sa r\u00e9v\u00e9rence apr\u00e8s 35 ans de mandat (vid\u00e9o) : http:\/\/www.lcp.fr\/la-politique-en-video\/claude-bartolone-tire-sa-reverence-apres-35-ans-de-mandat\n\n-Les maires ruraux et les parrainages (son) : http:\/\/www.sudradio.fr\/Podcasts\/Les-reportages-de-la-matinee\/Les-maires-ruraux-et-les-parrainages\n\n-Des candidats d\u00e9noncent &#8220;un verrou antid\u00e9mocratique&#8221; (vid\u00e9o) : http:\/\/www.lcp.fr\/la-politique-en-video\/des-candidats-la-presidentielle-denoncent-un-verrou-antidemocratique\n\n<em>-Les Fran\u00e7ais et les propositions \u00e9conomiques des candidats (BVA) :<\/em> http:\/\/www.bva-group.com\/sondages\/questions-de-leconomie-election-presidentielle-2017\/\n\n<em>-Les intentions de vote \u00e0 l&#8217;\u00e9lection pr\u00e9sidentielle (HARRIS)<\/em> : http:\/\/harris-interactive.fr\/opinion_polls\/harris-interactive-realise-des-intentions-de-vote-a-la-presidentielle\/\n\n<em>-Le m\u00eame (BVA)<\/em> : http:\/\/www.bva-group.com\/sondages\/intentions-de-vote-a-2-mois-de-lelection-presidentielle\/\n\n<em>-Le m\u00eame au 23 f\u00e9vrier (IFOP) <\/em> : http:\/\/www.parismatch.com\/La-presidentielle-en-temps-reel\n\n<em>-Le m\u00eame (OPINION-WAY) :<\/em> https:\/\/www.opinion-way.com\/fr\/\n\n<strong>EUROPE-MONDE<\/strong>\n\n-&#8220;Tous les pays de l&#8217;Union europ\u00e9enne ont retrouv\u00e9 la croissance&#8221; (le commissaire Pierre Moscovici; interrog\u00e9 par G\u00e9rard Leclerc; son du 23 f\u00e9vrier) : https:\/\/www.radioclassique.fr\/radio\/emissions\/matinale-de-radio-classique\/journal-de-l-europe\/\n\n-&#8220;L&#8217;Europe, leader mondial des \u00e9nergies renouvelables ?&#8221; (Enrico Letta, pr\u00e9sident de l&#8217;institut Jacques Delors, Herman Van Rompuy, ancien pr\u00e9sident du Conseil europ\u00e9en et Bertrand Piccard de &#8220;Solar Impulse&#8221;) : http:\/\/www.institutdelors.eu\/media\/energiesrenouvelables-lettavanrompuypiccard.pdf?pdf=ok\n\n<strong>-Bruxelles sonde les Etats membres sur le cas polonais (Georgi Gotev): <\/strong> http:\/\/www.euractiv.fr\/section\/politique\/news\/commission-to-seek-member-states-views-on-polish-rule-of-law\/?nl_ref=31873551\n\n-Suspension de la gr\u00e8ve des taxis italiens (vid\u00e9o) : http:\/\/newscdn.newsrep.net\/h5\/nrvideo.html?r=3&#038;lan=fr_FR&#038;pid=14&#038;id=wo93aaa2bwv_fr&#038;app_lan=fr_FR&#038;mcc=208&#038;declared_lan\n\n-&#8220;Le rapprochement entre M\u00e9lenchon et Hamon bute sur l&#8217;Europe&#8221; (C\u00e9cile Barbi\u00e8re) : \nhttp:\/\/www.euractiv.fr\/section\/elections\/news\/le-rapprochement-entre-hamon-et-melenchon-bute-sur-leurope\/?nl_ref\n\n<strong>-&#8220;Martin Schulz rebat les cartes de la politique allemande&#8221; (Romaric Godin) : <\/strong> http:\/\/www.latribune.fr\/economie\/union-europeenne\/allemagne-martin-schulz-rebat-les-cartes-644703.html\n\n-&#8220;Le Brexit met sur la sellette l&#8217;aide au d\u00e9veloppement britannique&#8221; (Mattew Tempest) : http:\/\/www.euractiv.fr\/section\/l-europe-dans-le-monde\/news\/attacks-on-uk-aid-budget-are-fake-news-says-miliband\/?nl_ref\n\n-L&#8217;Union europ\u00e9enne renforce son aide au Soudan du Sud pour combattre la famine (Matthew Tempest) : http:\/\/www.euractiv.fr\/section\/l-europe-dans-le-monde\/news\/stylianides-condemns-man-made-famine-in-south-sudan-promises-e82m\/?nl_ref\n\n-&#8220;L&#8217;agriculture irlandaise se pr\u00e9pare au pire avec le Brexit&#8221; (Catherine Stupp) : http:\/\/www.euractiv.fr\/section\/innovation-entreprises\/news\/ireland-scrambles-to-shield-agriculture-from-brexit-threat\/?nl_ref\n\n-Le succ\u00e8s \u00e0 l&#8217;exportation des produits agricoles espagnols (Laura Cristobal) : http:\/\/www.euractiv.fr\/section\/agriculture-alimentation\/news\/thurs-sr-spanish-oil-wine-meat-and-horticultural-products-four-success-stories\/?nl_ref\n\n<strong>-&#8220;L&#8217;\u00e9tablissement de postes de fronti\u00e8res entre l&#8217;Irlande du Nord et la R\u00e9publique d&#8217;Irlande est in\u00e9vitable&#8221; (Gerry Adams, chef de file du Sinn Fein (Catherine Stupp) :<\/strong> http:\/\/www.euractiv.fr\/section\/royaume-uni-en-europe\/news\/brexit-border-talks-doomed-to-fail-warns-gerry-adams\/?nl_ref=31873551\n\n-&#8220;Les socialistes hongrois tournent le dos \u00e0 l&#8217;ultralib\u00e9ralisme&#8221; (Ludovic Lepeltier-Kutasi) : http:\/\/hu-lala.org\/les-socialistes-hongrois-rompent-avec-le-social-liberalisme\/\n\n<strong>-La libert\u00e9 d&#8217;expression sur Internet menac\u00e9e \u00e0 Malte (Daniela Vincenti) : <\/strong> http:\/\/www.euractiv.fr\/section\/innovation-entreprises\/news\/maltas-new-draft-law-raises-concerns-over-internet-freedom\/?nl_ref\n\n-Le monde est devenu plus sombre (Amnesty international; vid\u00e9os) : http:\/\/newscdn.newsrep.net\/h5\/nrvideo.html?r=3&#038;lan=fr_FR&#038;pid=14&#038;id=cZ93e7d9akp_fr&#038;app_lan=fr_FR&#038;mcc=208&#038;declared_lan                                                                                                                 http:\/\/newscdn.newsrep.net\/h5\/nrvideo.html?r=3&#038;lan=fr_FR&#038;pid=14&#038;id=dW93e7d9cKT_fr&#038;app_lan=fr_FR&#038;mcc=208&#038;declared_lan\n\n<em>-&#8220;Un monde de plus en plus divis\u00e9 et dangereux&#8221; (son rapport 2017;  document) <\/em> : https:\/\/amnestyfr.cdn.prismic.io\/amnestyfr%2Fbce7b768-7cc9-424c-9654-5db02f1c9c9b_air201617-french_2017-embargo.pdf\n\n<strong>-&#8220;La mondialisation, une notion en voie de d\u00e9passement&#8221; (une table ronde, avec Fran\u00e7ois Hollande, \u00e0 l&#8217;occasion de l&#8217;inauguration du campus Jourdan; vid\u00e9o) : <\/strong> http:\/\/www.elysee.fr\/videos\/table-ronde-sur-le-campus-jourdan-la-mondialisation-une-notion-en-voie-de-depassement\/ \n\n-L&#8217;ann\u00e9e du tourisme durable (Yolaine de la Bigne; son) : http:\/\/www.sudradio.fr\/Podcasts\/Quelle-epoque-ethique\/Tourisme-durable\n\n<strong>CULTURE-MEDIAS<\/strong>\n\n<strong>-Demain, \u00e0 la Maison Elsa Triolet-Louis Aragon, le vernissage de l&#8217;exposition consacr\u00e9e au peintre Bernard Rancillac, ouvert \u00e0 tous :<\/strong> https:\/\/www.maison-triolet-aragon.com\/bernardrancillac\n\n-La Nasa a d\u00e9couvert sept nouvelles plan\u00e8tes (Nicolas Delesalle) : http:\/\/www.telerama.fr\/monde\/la-nasa-l-etoile-rouge-et-ses-sept-nains,154530.php#xtor\n\n<strong>-Michel Tournier entre \u00e0 la Pl\u00e9iade. D&#8217;autres en sont sortis (Chlo\u00e9 Leprince; sons) :<\/strong> https:\/\/www.franceculture.fr\/litterature\/peut-etre-vire-de-la-pleiade-et-autres-histoires-sur-une-collection-mythique#xtor\n\n<strong>-Le linguiste Alain Bentolila publie &#8220;l&#8217;Ecole contre la barbarie&#8221;. Il \u00e9tait l&#8217;invit\u00e9 du &#8220;Club de la presse&#8221; d&#8217;Europe 1 (son) :<\/strong> http:\/\/www.europe1.fr\/emissions\/le-club-de-la-presse\/europe-soir-le-club-de-la-presse-virginie-calmels-et-alain-bentolila-23022017-2986376\n\n-&#8220;Les croisades de Caroline Fourest&#8221; (Mathieu Magnaudeix; pi\u00e8ce jointe);  \n\n<strong>-Les chef-d&#8217;oeuvres de la collection Leiden au Louvre (Zo\u00e9 Sfez; son) : <\/strong> https:\/\/www.franceculture.fr\/emissions\/le-journal-de-la-culture\/chef-doeuvres-de-la-collection-leiden-lautre-evenement-de-la#xtor\n\n<strong>-Jusqu&#8217;au 4 juin, au mus\u00e9e Guggenheim de Bilbao, une exposition consacr\u00e9e \u00e0 &#8220;L&#8217;impressionnisme abstrait&#8221; (vid\u00e9o) <\/strong> : http:\/\/www.france5.fr\/emissions\/entree-libre\/videos\/un_courant_made_in_america__21-02-2017_1491829?onglet\n\n-Un tableau de Degas de retour \u00e0 Pau (Marie Pujolas; vid\u00e9o) : http:\/\/culturebox.francetvinfo.fr\/arts\/peinture\/degas-son-tableau-de-famille-a-la-nouvelle-orleans-de-retour-a-pau-252859\n\n<strong>-Le neuroradiologue Christophe Habas \u00e9tait l&#8217;invit\u00e9 de &#8220;Passion classique&#8221; d&#8217;Olivier Bellamy; son du 22 f\u00e9vrier) :<\/strong> https:\/\/www.radioclassique.fr\/radio\/emissions\/passion-classique\/\n\n<strong>-Seijun Suzuki, &#8220;la mort d&#8217;un franc-tireur du cin\u00e9ma japonais&#8221; (Samuel Douhaire; vid\u00e9os) <\/strong> : http:\/\/www.telerama.fr\/cinema\/seijun-suzuki-mort-d-un-franc-tireur-du-cinema-japonais,154516.php#xtor\n\n-&#8220;Certaines femmes&#8221; de Kelly Reichardt, &#8220;un superbe et singulier western f\u00e9minin&#8221; (Jacques Morice; vid\u00e9o) : http:\/\/www.telerama.fr\/cinema\/certaines-femmes-de-kelly-reichardt-un-superbe-et-singulier-western-feminin,154508.php#xtor\n\n<strong>-&#8220;De sas en sas&#8221;, le premier long m\u00e9trage de Rachida Brakni (entretien r\u00e9alis\u00e9 par Alice Gancel et Guillemette Odicino; vid\u00e9o) :<\/strong> http:\/\/www.telerama.fr\/cinema\/le-film-de-la-semaine-rachida-brakni-nous-parle-de-de-sas-en-sas,154506.php#xtor\n\n-&#8220;Chez nous&#8221; de Lucas Belvaux, salutaire (Louis Guichard; vid\u00e9o) : http:\/\/www.telerama.fr\/cinema\/chez-nous-de-lucas-belvaux-inegal-mais-salutaire,154503.php#xtor\n\n<strong>-Quand le cin\u00e9ma s&#8217;invite dans la campagne \u00e9lectorale (en d\u00e9battent avec Olivier Galzi, le r\u00e9alisateur Lucas Belvaux; Renaud D\u00e9ly de &#8220;Marianne&#8221; et Bruno Gollnisch, eurod\u00e9put\u00e9 FN; vid\u00e9o) <\/strong> : http:\/\/www.cnews.fr\/chroniques\/grand-decryptage\/quand-le-cinema-sinvite-dans-la-presidentielle-2017-173113\n\n-&#8220;Pearl&#8221;, premier film en r\u00e9alit\u00e9 virtuelle \u00e0 \u00eatre nomm\u00e9 aux Oscars (vid\u00e9o) : http:\/\/www.telerama.fr\/cinema\/regardez-pearl-premier-film-en-realite-virtuelle-nomme-aux-oscars,154518.php#xtor\n\n-&#8220;Si j&#8217;\u00e9tais un homme&#8221; d&#8217;Audrey Dana, &#8220;une com\u00e9die b\u00e2cl\u00e9e digne de Bigard&#8221; (Samuel Douhaire; vid\u00e9o) :  http:\/\/www.telerama.fr\/cinema\/si-j-etais-un-homme-une-comedie-baclee-digne-de-bigard,154510.php#xtor\n\n<strong>-&#8220;Charles Aznavour, paroles et musique&#8221; (vid\u00e9o) : <\/strong> http:\/\/www.france5.fr\/emissions\/entree-libre\/videos\/charles_aznavour_paroles_et_musiques_20-02-2017_1490413?onglet\n\n<strong>-La disparition du guitariste Larry Coryell, pionnier du jazz-fusion (vid\u00e9os et sons; avec deux morceaux interpr\u00e9t\u00e9s avec Paco de Lucia) : <\/strong> http:\/\/culturebox.francetvinfo.fr\/musique\/jazz-blues\/la-mort-de-larry-coryell-l-un-des-guitaristes-pionniers-du-jazz-fusion-252813\n\n-David Bowie, star posthume des Brit Awards (vid\u00e9o) : http:\/\/culturebox.francetvinfo.fr\/musique\/rock\/david-bowie-star-posthume-des-brit-awards-252873\n\n<strong>-Le nouvel album de &#8220;Chinese Man&#8221; (Didier Varrot; vid\u00e9o) : <\/strong> https:\/\/www.franceinter.fr\/emissions\/pop-co\/pop-co-23-fevrier-2017\n\n-Jusqu&#8217;au 30 avril, au &#8220;Palais des sports&#8221; de Paris, la com\u00e9die musicale &#8220;Saturday Night Fever&#8221; (vid\u00e9o) : http:\/\/www.france5.fr\/emissions\/entree-libre\/videos\/bee_gees_stayin_alive__22-02-2017_1491817?onglet\n\n<strong>-Fellag \u00e9tait l&#8217;invit\u00e9 d&#8217;Augustin Trapenard (son) : <\/strong> https:\/\/www.franceinter.fr\/emissions\/boomerang\/boomerang-23-fevrier-2017\n\n-Les photos de la semaine (Epic) : http:\/\/www.oai13.com\/featured\/la-selection-du-jeudi-depic-stories-76\/?mc_cid\n\n<strong>-&#8220;Regard sur l&#8217;actualit\u00e9&#8221; (Patrick Le Hyaric, directeur de &#8220;L&#8217;Humanit\u00e9&#8221;; vid\u00e9o) :<\/strong>  http:\/\/www.humanite.fr\/videos\/regard-sur-lactualite-5-632579\n\n<strong>-Les fabuleux dessins de Jean-Claude Golvin (St\u00e9phanie Loeb; vid\u00e9o) : <\/strong> http:\/\/culturebox.francetvinfo.fr\/patrimoine\/histoire\/l-antiquite-comme-si-vous-y-etiez-les-fabuleux-dessins-de-jean-claude-golvin-252795\n\n-&#8220;Les maires r\u00e9clament plus de &#8220;positive attitude&#8221; \u00e0 France T\u00e9l\u00e9visions&#8221; (Richard S\u00e9n\u00e9joux) :  http:\/\/www.telerama.fr\/medias\/france-televisions-les-maires-reclament-plus-de-positive-attitude,154522.php#xtor\n\n-La foire d&#8217;empoigne entre les cha\u00eenes pour l&#8217;organisation des d\u00e9bats de la pr\u00e9sidentielle (Marc Baudriller; son du 23 f\u00e9vrier) : https:\/\/www.radioclassique.fr\/radio\/emissions\/matinale-de-radio-classique\/la-vie-des-medias\/\n\n<strong>-G\u00e9rald-Brice Viret, patron des cha\u00eenes de Canal +, invit\u00e9 de Sonia Devillers (vid\u00e9o, amener le curseur sur 3:28) :<\/strong> http:\/\/www.dailymotion.com\/video\/x5cwhgy_gerald-brice-viret-patron-des-chaines-du-groupe-canal_news\n\n-&#8220;Le progr\u00e8s dans le b\u00e9ton&#8221; (Guillaume Meurice; vid\u00e9o) : http:\/\/www.dailymotion.com\/video\/x5cxis5_le-progres-dans-le-beton-le-moment-meurice_fun\n\n-&#8220;Bayrou se marie avec Macron&#8221; (Alex Vizorek et Charline Vanhoenacker; vid\u00e9o) :  http:\/\/www.dailymotion.com\/video\/x5cxhmk_bayrou-se-marie-avec-macron-le-journal-de-17h17_fun\n\n-&#8220;Je sais pourquoi Bayrou n&#8217;est pas candidat&#8221; (Charline Vanhoenacker; vid\u00e9o) : http:\/\/www.dailymotion.com\/video\/x5cvug2_bayrou-pas-candidat-charline-sait-pourquoi-le-billet-de-charline_fun\n<h2 class=\"wp-block-heading\">Documents joints<\/h2>\n\n\n\n<div class=\"wp-block-file\"><a href=\"https:\/\/wp.muchomaas.com\/wp-content\/uploads\/2017\/02\/edito-34-09a.pdf\">edito-34.pdf<\/a><\/div>\n\n\n\n<div class=\"wp-block-file\"><a href=\"https:\/\/wp.muchomaas.com\/wp-content\/uploads\/2017\/02\/les_croisades_de_caroline_fourest-fc8.pdf\">les_croisades_de_caroline_fourest.pdf<\/a><\/div>\n\n\n","protected":false},"excerpt":{"rendered":"<p>ACTUALITE -Des salari\u00e9s de la banque en ligne &#8220;ING Direct&#8221; ont appris leur licenciement par email (vid\u00e9o) : http:\/\/www.francetvinfo.fr\/france\/ing-direct-des-salaries-apprennent-leur-licenciement-par-email_2070185.html -Les salari\u00e9s et le revenu universel (BVA) : http:\/\/www.bva-group.com\/sondages\/les-salaries-et-le-revenu-universel\/ -&#8220;L&#8217;usine d&#8217;Aulnay est ferm\u00e9e, nous ne regrettons pas de ne pas avoir sign\u00e9 chez PSA. Sur la qualit\u00e9 sociale, le bilan est tr\u00e8s n\u00e9gatif. Une entreprise, \u00e7a [&hellip;]<\/p>\n","protected":false},"author":1042,"featured_media":0,"comment_status":"open","ping_status":"open","sticky":false,"template":"","format":"standard","meta":{"_themeisle_gutenberg_block_has_review":false,"footnotes":""},"categories":[151],"tags":[],"class_list":["post-10215","post","type-post","status-publish","format-standard","hentry","category-la-revue-de-presse-de-lulu"],"_links":{"self":[{"href":"https:\/\/archives.regards.fr\/index.php?rest_route=\/wp\/v2\/posts\/10215","targetHints":{"allow":["GET"]}}],"collection":[{"href":"https:\/\/archives.regards.fr\/index.php?rest_route=\/wp\/v2\/posts"}],"about":[{"href":"https:\/\/archives.regards.fr\/index.php?rest_route=\/wp\/v2\/types\/post"}],"author":[{"embeddable":true,"href":"https:\/\/archives.regards.fr\/index.php?rest_route=\/wp\/v2\/users\/1042"}],"replies":[{"embeddable":true,"href":"https:\/\/archives.regards.fr\/index.php?rest_route=%2Fwp%2Fv2%2Fcomments&post=10215"}],"version-history":[{"count":0,"href":"https:\/\/archives.regards.fr\/index.php?rest_route=\/wp\/v2\/posts\/10215\/revisions"}],"wp:attachment":[{"href":"https:\/\/archives.regards.fr\/index.php?rest_route=%2Fwp%2Fv2%2Fmedia&parent=10215"}],"wp:term":[{"taxonomy":"category","embeddable":true,"href":"https:\/\/archives.regards.fr\/index.php?rest_route=%2Fwp%2Fv2%2Fcategories&post=10215"},{"taxonomy":"post_tag","embeddable":true,"href":"https:\/\/archives.regards.fr\/index.php?rest_route=%2Fwp%2Fv2%2Ftags&post=10215"}],"curies":[{"name":"wp","href":"https:\/\/api.w.org\/{rel}","templated":true}]}}