{"id":10212,"date":"2017-02-22T16:25:00","date_gmt":"2017-02-22T15:25:00","guid":{"rendered":"https:\/\/wp.muchomaas.com\/article-questions-d-identite\/"},"modified":"2023-07-03T14:48:59","modified_gmt":"2023-07-03T12:48:59","slug":"article-questions-d-identite","status":"publish","type":"post","link":"https:\/\/archives.regards.fr\/?p=10212","title":{"rendered":"Questions d&#8217;identit\u00e9"},"content":{"rendered":"<p class=\"post_excerpt\">Un invit\u00e9, un th\u00e8me. C\u2019est le principe du rendez-vous mensuel que vous proposent Politis et la fondation Copernic au Lieu-dit \u00e0 Paris. Jeudi 23, Roger Martelli interviendra sur les &#8220;questions d&#8217;identit\u00e9&#8221;.<\/p>\n<p>Pour ce troisi\u00e8me rendez-vous de la s\u00e9rie d\u2019\u00e9missions Web de Politis &#8220;2017 en d\u00e9bats&#8221;, le 23 f\u00e9vrier \u00e0 19 heures, Politis et la fondation Copernic re\u00e7oivent au caf\u00e9 le Lieu-dit l\u2019historien Roger Martelli.<\/p>\n<p>Quarante minutes d\u2019entretien avec deux journalistes de Politis, puis un d\u00e9bat avec le public autour du dernier livre de Roger Martelli, <em>L\u2019identit\u00e9, c\u2019est la guerre<\/em>. Comment et pourquoi, peu \u00e0 peu, la question identitaire s\u2019est substitu\u00e9e au social dans le d\u00e9bat public. Quels effets sur la psychologie collective ? Peut-on balayer ce sujet d\u2019un revers de main ? Ne doit-on pas, malgr\u00e9 tout, le prendre en consid\u00e9ration ? Ce sont quelques-unes des questions que nous poserons \u00e0 Roger Martelli.<\/p>\n<p>Le d\u00e9bat sera pr\u00e9sent\u00e9 par Pierre Khalfa de la fondation Copernic.<\/p>\n<p>Rendez-vous jeudi 23 f\u00e9vrier \u00e0 19 heures, en direct du Lieu-Dit, 6, rue Sorbier, Paris XXe. Entr\u00e9e libre.<div id='gallery-1' class='gallery galleryid-10212 gallery-columns-3 gallery-size-thumbnail'><figure class='gallery-item'>\n\t\t\t<div class='gallery-icon landscape'>\n\t\t\t\t<a href='https:\/\/archives.regards.fr\/wp-content\/uploads\/2017\/02\/politis-identite-32b.jpg'><img loading=\"lazy\" decoding=\"async\" width=\"150\" height=\"150\" src=\"https:\/\/archives.regards.fr\/wp-content\/uploads\/2017\/02\/politis-identite-32b-150x150.jpg\" class=\"attachment-thumbnail size-thumbnail\" alt=\"politis-identite.jpg\" \/><\/a>\n\t\t\t<\/div><\/figure><figure class='gallery-item'>\n\t\t\t<div class='gallery-icon portrait'>\n\t\t\t\t<a href='https:\/\/archives.regards.fr\/wp-content\/uploads\/2017\/02\/martelli-livre-1df.jpg'><img loading=\"lazy\" decoding=\"async\" width=\"150\" height=\"150\" src=\"https:\/\/archives.regards.fr\/wp-content\/uploads\/2017\/02\/martelli-livre-1df-150x150.jpg\" class=\"attachment-thumbnail size-thumbnail\" alt=\"martelli-livre.jpg\" \/><\/a>\n\t\t\t<\/div><\/figure>\n\t\t<\/div>\n<\/p>\n","protected":false},"excerpt":{"rendered":"<p>Un invit\u00e9, un th\u00e8me. C\u2019est le principe du rendez-vous mensuel que vous proposent Politis et la fondation Copernic au Lieu-dit \u00e0 Paris. Jeudi 23, Roger Martelli interviendra sur les &#8220;questions d&#8217;identit\u00e9&#8221;.<\/p>\n","protected":false},"author":328,"featured_media":24598,"comment_status":"open","ping_status":"open","sticky":false,"template":"","format":"standard","meta":{"_themeisle_gutenberg_block_has_review":false,"footnotes":""},"categories":[157],"tags":[],"class_list":["post-10212","post","type-post","status-publish","format-standard","has-post-thumbnail","hentry","category-web"],"_links":{"self":[{"href":"https:\/\/archives.regards.fr\/index.php?rest_route=\/wp\/v2\/posts\/10212","targetHints":{"allow":["GET"]}}],"collection":[{"href":"https:\/\/archives.regards.fr\/index.php?rest_route=\/wp\/v2\/posts"}],"about":[{"href":"https:\/\/archives.regards.fr\/index.php?rest_route=\/wp\/v2\/types\/post"}],"author":[{"embeddable":true,"href":"https:\/\/archives.regards.fr\/index.php?rest_route=\/wp\/v2\/users\/328"}],"replies":[{"embeddable":true,"href":"https:\/\/archives.regards.fr\/index.php?rest_route=%2Fwp%2Fv2%2Fcomments&post=10212"}],"version-history":[{"count":0,"href":"https:\/\/archives.regards.fr\/index.php?rest_route=\/wp\/v2\/posts\/10212\/revisions"}],"wp:featuredmedia":[{"embeddable":true,"href":"https:\/\/archives.regards.fr\/index.php?rest_route=\/wp\/v2\/media\/24598"}],"wp:attachment":[{"href":"https:\/\/archives.regards.fr\/index.php?rest_route=%2Fwp%2Fv2%2Fmedia&parent=10212"}],"wp:term":[{"taxonomy":"category","embeddable":true,"href":"https:\/\/archives.regards.fr\/index.php?rest_route=%2Fwp%2Fv2%2Fcategories&post=10212"},{"taxonomy":"post_tag","embeddable":true,"href":"https:\/\/archives.regards.fr\/index.php?rest_route=%2Fwp%2Fv2%2Ftags&post=10212"}],"curies":[{"name":"wp","href":"https:\/\/api.w.org\/{rel}","templated":true}]}}