{"id":10209,"date":"2017-02-23T07:29:56","date_gmt":"2017-02-23T06:29:56","guid":{"rendered":"https:\/\/wp.muchomaas.com\/article-la-revue-du-23-fevrier-2017\/"},"modified":"2017-02-23T07:29:56","modified_gmt":"2017-02-23T06:29:56","slug":"article-la-revue-du-23-fevrier-2017","status":"publish","type":"post","link":"https:\/\/archives.regards.fr\/?p=10209","title":{"rendered":"La Revue du 23 f\u00e9vrier 2017"},"content":{"rendered":"<p><strong>ACTUALITE<\/strong><\/p>\n<p>-La SNCF a du mal \u00e0 recruter des conducteurs de trains (vid\u00e9o) : http:\/\/www.francetvinfo.fr\/economie\/transports\/sncf\/la-sncf-recherche-desesperement-des-conducteurs-de-train_2068505.html<\/p>\n<p><strong>-Des employ\u00e9s de fourri\u00e8re t\u00e9moignent (vid\u00e9o) <\/strong> : http:\/\/www.francetvinfo.fr\/replay-jt\/france-2\/20-heures\/fourriere-quand-la-politique-du-chiffre-prime_2068499.html<\/p>\n<p>-&#8220;Nourrir le futur&#8221;, une campagne des jeunes agriculteurs (Ange Loing, vice-pr\u00e9sident des &#8220;Jeunes agriculteurs&#8221;, invit\u00e9 de Dimitri Pavlenko; son) :          http:\/\/www.sudradio.fr\/Podcasts\/L-invite-pour-comprendre\/Ange-Loing-vice-president-des-Jeunes-Agriculteurs<\/p>\n<p><strong>-&#8220;On attend que les candidats \u00e0 l&#8217;\u00e9lection pr\u00e9sidentielle r\u00e9agissent&#8221; (les agriculteurs Christian et Catherine Begos, interrog\u00e9s par Thomas Sotto; son) : <\/strong> http:\/\/www.europe1.fr\/emissions\/l-interview-verite\/agriculture-on-attend-que-les-candidats-a-la-presidentielle-reagissent-2984693<\/p>\n<p>-&#8220;La grogne des agriculteurs bio&#8221; (Nathalie Fontrel; son) : https:\/\/www.franceinter.fr\/emissions\/planete-environnement\/planete-environnement-22-fevrier-2017<\/p>\n<p>-L&#8217;abattage des animaux \u00e0 la ferme (Yolaine de la Bigne; son) : http:\/\/www.sudradio.fr\/Podcasts\/Quelle-epoque-ethique\/Abattage-a-domicile<\/p>\n<p><strong>-Les pompiers aussi interpellent les candidats. Delphine Evenou s&#8217;est rendue dans une caserne de l&#8217;Oise (son) : <\/strong> https:\/\/www.franceinter.fr\/emissions\/grand-angle\/grand-angle-22-fevrier-2017<\/p>\n<p>-&#8220;Les enseignements sup\u00e9rieurs ont besoin d&#8217;autonomie&#8221; (Jean-Philippe Ammeux qui dirige une association qui regroupe 25 \u00e9tablissements d&#8217;enseignement sup\u00e9rieur priv\u00e9s; interrog\u00e9 par Nicolas Pierron; vid\u00e9o) : https:\/\/www.dailymotion.com\/video\/x5crizw_les-etablissements-d-enseignement-superieur-ont-besoin-d-autonomie-jean-philippe-ammeux-22-02-2017_news<\/p>\n<p><strong>-&#8220;L&#8217;\u00e9galit\u00e9 fille-gar\u00e7on \u00e0 l&#8217;\u00e9cole, on n&#8217;y est pas encore&#8221; (Claire Guiraud, secr\u00e9taire g\u00e9n\u00e9rale du Haut conseil \u00e0 l&#8217;\u00e9galit\u00e9; son) : <\/strong>  http:\/\/www.sudradio.fr\/Podcasts\/L-invite-pour-comprendre\/Claire-Guiraud-Secretaire-Generale-du-Haut-Conseil-a-l-Egalite<\/p>\n<p><em>-Le rapport (document) <\/em> : http:\/\/www.haut-conseil-egalite.gouv.fr\/IMG\/pdf\/hce_rapport_formation_a_l_egalite_2017_02_22_vf.pdf<\/p>\n<p><strong>-Fran\u00e7ois Hollande a fait un discours sur le site d&#8217;Alstom \u00e0 Belfort (vid\u00e9o) : <\/strong> http:\/\/www.elysee.fr\/videos\/discours-sur-le-site-d-alstom-a-belfort\/#content<\/p>\n<p><strong>-&#8220;Pr\u00e8s de 7 millions de logements mal isol\u00e9s&#8221; (Baptiste Gaborit; son du 22 f\u00e9vrier) : <\/strong> https:\/\/www.radioclassique.fr\/radio\/emissions\/matinale-de-radio-classique\/3-minutes-planete\/<\/p>\n<p>-Me Laurent Franck Li\u00e9nard, avocat sp\u00e9cialis\u00e9 dans la d\u00e9fense des forces de l&#8217;ordre, \u00e9tait l&#8217;invit\u00e9 d&#8217;Yves Calvi (vid\u00e9o) :                                                   http:\/\/www.lci.fr\/replay\/replay-l-invite-de-24-heures-en-questions-du-21-fevrier-2017-laurent-franck-lienard-avocat-specialise-dans-la-defense-des-forces-de-l-ordre-2026907.html<\/p>\n<p><strong>-Deux s\u00e9natrices \u00e9trillent la politique de d\u00e9radicalisation (Willy Le Devin) : <\/strong> http:\/\/www.liberation.fr\/france\/2017\/02\/22\/deux-senatrices-etrillent-la-politique-de-deradicalisation_1550306<\/p>\n<p><em>-Les attentes des Fran\u00e7ais en mati\u00e8re de sant\u00e9 (HARRIS) <\/em> : http:\/\/harris-interactive.fr\/opinion_polls\/les-attentes-des-francais-en-matiere-de-sante\/<\/p>\n<p><strong>POLITIQUE<\/strong><\/p>\n<p><strong>-&#8220;Aujourd&#8217;hui, nous votons pour Jean-Luc M\u00e9lenchon, mais nous n&#8217;en restons pas l\u00e0. Nous continuons \u00e0 travailler pour que soit sign\u00e9 par les candidats de gauche  un pacte de majorit\u00e9. Des millions de Fran\u00e7ais le souhaitent. Il faut que cette force s&#8217;en m\u00eale. Il faut que les discussions continuent. Les exigences que porte Jean-Luc M\u00e9lenchon sont port\u00e9es par les gens. Il faut abroger la loi Travail mais il faut dire par quoi on la remplace. Il faut que Beno\u00eet Hamon prenne un peu plus ses distances avec la politique du quinquennat. Les d\u00e9put\u00e9s du Front de gauche, pendant cinq ans, sont rest\u00e9s fid\u00e8les \u00e0 leurs engagements. Rien n&#8217;est pli\u00e9. La gauche n&#8217;a pas perdu. S&#8217;il n&#8217;y a pas d&#8217;accord, nous voterons pour Jean-Luc M\u00e9lenchon, le candidat qui a le programme le plus proche du n\u00f4tre. Il faut emp\u00eacher le sc\u00e9nario Le Pen-Fillon au second tour mais, en toute circonstance, je battrai Marine Le Pen&#8221; (Pierre Laurent, invit\u00e9 de Jean-Jacques Bourdin; vid\u00e9o) :  <\/strong> http:\/\/www.bfmtv.com\/mediaplayer\/video\/pierre-laurent-face-a-jean-jacques-bourdin-en-direct-916739.html<\/p>\n<p>-Le num\u00e9ro 18 de &#8220;la Revue de la semaine&#8221; de Jean-Luc M\u00e9lenchon (vid\u00e9o) : https:\/\/wp.muchomaas.com\/ecrire\/?exec=article_edit&#038;id_article=10209<\/p>\n<p>-Philippe Poutou, candidat du NPA, face \u00e0 la r\u00e9daction de Mediapart (vid\u00e9o) : https:\/\/www.youtube.com\/watch?v=p32rXHenjHo&#038;app=desktop<\/p>\n<p><strong>-&#8220;La France est multiculturelle et c&#8217;est tant mieux&#8221; (Pouria Amirshahi, ex-d\u00e9put\u00e9 socialiste, qui ne briguera pas un nouveau mandat; invit\u00e9 du &#8220;Bondy blog&#8221; : <\/strong> http:\/\/www.bondyblog.fr\/201702200937\/pouria-amirshahi-la-france-est-multiculturelle-et-cest-tant-mieux\/#.WK58Gm_hCpo<\/p>\n<p>-&#8220;Je suis effectivement consid\u00e9r\u00e9 comme un l\u00e9gitimiste et pourtant je me suis oppos\u00e9 \u00e0 plusieurs reprises au gouvernement.  Est-ce qu&#8217;on veut vraiment de Marine Le Pen qui a pour mod\u00e8le Poutine et Trump. Les communistes au gouvernement, j&#8217;y suis favorable&#8221; (Olivier Faure, pr\u00e9sident du groupe socialiste \u00e0 l&#8217;Assembl\u00e9e nationale; interrog\u00e9 par Myriam Encaoua; vid\u00e9o) : http:\/\/www.itele.fr\/chroniques\/invite-myriam-encaoua\/olivier-faure-est-ce-quon-veut-vraiment-de-marine-le-pen-qui-a-pour-modeles-poutine-et-trump-173092<\/p>\n<p>-&#8220;Que va chercher Marine Le Pen aupr\u00e8s de repr\u00e9sentants religieux elle qui pr\u00f4ne la la\u00efcit\u00e9 ? Son discours fonctionne parce que nous sommes dans une crise \u00e9conomique. Beno\u00eet Hamon est le plus apte (\u00e0 la battre) parce qu&#8217;il parle de la vie des gens. Dans deux mois, les \u00e9lecteurs de Jean-Luc M\u00e9lenchon choisiront&#8221; (Aur\u00e9lie Filippetti, ancienne ministre de la Culture, porte-parole de Beno\u00eet Hamon; face \u00e0 Ruth Elkrief; vid\u00e9o) : http:\/\/www.bfmtv.com\/mediaplayer\/video\/marine-le-pen-au-liban-que-va-t-elle-rechercher-aupres-de-representants-religieux-elle-qui-prone-la-laicite-aurelie-filippetti-916613.html<\/p>\n<p>-Beno\u00eet Hamon \u00e0 Blois (vid\u00e9o) : http:\/\/www.lcp.fr\/la-politique-en-video\/presidentielle-2017-hamon-en-mode-participatif-blois<\/p>\n<p>-&#8220;La culture de la gauche, ce n&#8217;est pas le farniente&#8221; (David Habib, d\u00e9put\u00e9 PS des Pyr\u00e9n\u00e9es-Atlantiques; vid\u00e9o) :  http:\/\/www.lcp.fr\/la-politique-en-video\/un-depute-ps-demonte-le-projet-de-hamon-la-culture-de-la-gauche-ce-nest-pas-le<\/p>\n<p>-Il \u00e9tait l&#8217;invit\u00e9 de &#8220;Politique matin&#8221;, interrog\u00e9 par Brigitte Boucher; son, amener le curseur sur 15:30) : http:\/\/www.lcp.fr\/emissions\/politique-matin\/282395-politique-matin<\/p>\n<p>-Les d\u00e9put\u00e9s PS pro-Macron priv\u00e9s de r\u00e9union de groupe (vid\u00e9o) : http:\/\/www.lcp.fr\/la-politique-en-video\/groupe-ps-les-deputes-pro-macron-prives-de-reunion-de-groupe<\/p>\n<p><strong>-&#8220;PS, on ferme&#8230;&#8221; (Renaud D\u00e9ly; son) : <\/strong> https:\/\/www.franceinter.fr\/emissions\/histoires-politiques\/histoires-politiques-23-fevrier-2017<\/p>\n<p>-&#8220;L&#8217;alliance avec le camp Hamon, c&#8217;est cette semaine ou pas&#8221; (Yannick Jadot, eurod\u00e9put\u00e9 \u00e9cologiste, face \u00e0 Alexandre Bensaid; vid\u00e9o) : https:\/\/www.franceinter.fr\/emissions\/l-invite-de-7h50\/l-invite-de-7h50-22-fevrier-2017<\/p>\n<p>-&#8220;Je pr\u00e9f\u00e8re la coh\u00e9rence \u00e0 l&#8217;ob\u00e9issance, je choisis Emmanuel Macron. Beno\u00eet Hamon, au soir de la primaire, a fait un choix politique en recherchant un accord de gouvernement avec Yannick Jadot et Jean-Luc M\u00e9lenchon. Je vois que beaucoup de ministres, et pas des moindres, ont du mal \u00e0 soutenir Beno\u00eet Hamon&#8221;  (Fran\u00e7ois de Rugy, d\u00e9put\u00e9 \u00e9cologiste de Loire-Atlantique qui s&#8217;\u00e9tait engag\u00e9 \u00e0 respecter le r\u00e9sultat de la primaire socialiste; invit\u00e9 de la matinale de Franceinfo; vid\u00e9o) :  http:\/\/www.dailymotion.com\/video\/x5crnqq_presidentielle-francois-de-rugy-fait-le-choix-de-rejoindre-emmanuel-macron_news<\/p>\n<p>-&#8220;Je n&#8217;attendais pas pr\u00e9cis\u00e9ment son soutien&#8221; (Beno\u00eet Hamon; son) : http:\/\/www.francetvinfo.fr\/politique\/benoit-hamon\/benoit-hamon-je-n-attendais-pas-specialement-le-soutien-de-francois-derugy-a-la-presidentielle_2068953.html<\/p>\n<p>-Une centaine de d\u00e9put\u00e9s de gauche saisissent le Conseil constitutionnel sur le CETA : http:\/\/www.euractiv.fr\/section\/politique\/news\/des-deputes-saisissent-le-conseil-constitutionnel-sur-le-ceta\/?nl_ref=31774092<\/p>\n<p>-&#8220;Les \u00e9lecteurs socialistes mainstream&#8221; (Thomas Legrand; son) : https:\/\/www.franceinter.fr\/emissions\/l-edito-politique\/l-edito-politique-22-fevrier-2017<\/p>\n<p><strong>-&#8220;J&#8217;ai d\u00e9cid\u00e9 de faire \u00e0 Emmanuel Macron une offre d&#8217;alliance&#8221; (Fran\u00e7ois Bayrou, pr\u00e9sident du MoDem; l&#8217;int\u00e9gralit\u00e9 de sa conf\u00e9rence de presse; vid\u00e9o) : <\/strong> http:\/\/www.francetvinfo.fr\/politique\/francois-bayrou\/direct-presidentielle-regardez-la-conference-de-presse-de-francois-bayrou_2068765.html<\/p>\n<p>-Il \u00e9tait l&#8217;invit\u00e9 du &#8220;20 heures&#8221; de France 2 (vid\u00e9o) : http:\/\/www.francetvinfo.fr\/politique\/emmanuel-macron\/pour-francois-bayrou-son-alliance-avec-emmanuel-macron-peut-sortir-les-francais-du-marecage_2069465.html<\/p>\n<p><em>-Le communiqu\u00e9 d&#8217;Emmanuel Macron (document) : <\/em> http:\/\/www.huffingtonpost.fr\/2017\/02\/22\/emmanuel-macron-accepte-loffre-dalliance-de-francois-bayrou\/<\/p>\n<p>-&#8220;Emmanuel Macron a dit qu&#8217;il fait siennes les quatre propositions de Fran\u00e7ois Bayrou&#8221; (Marielle de Sarnez, eurod\u00e9put\u00e9e MoDem, invit\u00e9e de Ruth Elkrief; vid\u00e9o) : emmanuel-macron-dit-qu-il-fait-siennes-les-quatre-propositions-de-francois-bayrou-marielle-de-sarnez-917037.html<\/p>\n<p><em>-Les Fran\u00e7ais et Fran\u00e7ois Bayrou (ELABE) :<\/em> http:\/\/elabe.fr\/francois-bayrou\/<\/p>\n<p><strong>-&#8220;Je trouve choquant le discours d&#8217;Emmanuel Macron sur le&#8221; opposant au mariage pour tous&#8221; (Christiane Taubira; vid\u00e9o) :<\/strong> http:\/\/www.francetvinfo.fr\/societe\/mariage\/mariage-et-homoparentalite\/video-christiane-taubira-je-trouve-choquant-le-discours-d-emmanuel-macron-sur-les-opposants-au-mariage-pour-tous_2069431.html<\/p>\n<p><strong>-Elle \u00e9tait l&#8217;invit\u00e9e de &#8220;C&#8217;est \u00e0 vous&#8221; (vid\u00e9o) <\/strong> : http:\/\/www.france5.fr\/emissions\/c-a-vous\/videos\/taubira_peut-elle_sauver_la_gauche_c_a_vous_-_22022017_22-02-2017_1492955?onglet<\/p>\n<p>-&#8220;Bayrou est l&#8217;expert en trahison, en compromission&#8221; (Eric Ciotti, d\u00e9put\u00e9 LR des Alpes-Maritimes, face \u00e0 Laurence Ferrari; vid\u00e9o) :  http:\/\/www.itele.fr\/chroniques\/invite-laurence-ferrari\/pour-eric-ciotti-bayrou-est-lexpert-en-trahison-en-compromission-173110<\/p>\n<p>-&#8220;Le programme de Le Pen serait un suicide collectif. Fran\u00e7ois Fillon ne sera pas le sauveur de la France. La candidature de Fran\u00e7ois Bayrou ne changerait pas grand chose. Il ne lui reste que la solution de soutenir Emmanuel Macron&#8221; (Jean-Christophe Lagarde, pr\u00e9sident de l&#8217;UDI; face \u00e0 Guillaume Durand; vid\u00e9o) : https:\/\/www.dailymotion.com\/video\/x5crhfa_francois-fillon-ne-sera-pas-le-sauveur-de-la-france-jean-christophe-lagarde-22-02-2017_news<\/p>\n<p>-&#8220;La candidature de Fran\u00e7ois Bayrou est inutile, il propose les m\u00eames solutions depuis 2002&#8221; (Herv\u00e9 Morin, pr\u00e9sident UDI de la r\u00e9gion Normandie; vid\u00e9o) : http:\/\/www.lci.fr\/elections\/presidentielle-2017-morin-juge-inutile-une-candidature-de-bayrou-qui-propose-les-memes-solutions-depuis-2002-2026927.html<\/p>\n<p>-Il \u00e9tait l&#8217;invit\u00e9 de la matinale de LCI; interrog\u00e9 par Audrey Crespo-Mara (vid\u00e9o) : http:\/\/www.lci.fr\/replay\/l-invite-politique-de-8h15-du-22-fevrier-2017-herve-morin-president-les-centristes-2026925.html<\/p>\n<p>-&#8220;Bayrou va prendre des voix \u00e0 Macron et donner une chance \u00e0 Hamon-M\u00e9lenchon. Marie Le Pen a r\u00e9ussi un coup de com formidable&#8221; (Luc Ferry, ancien ministre; face \u00e0 Audrey Crespo-Mara; vid\u00e9o) : http:\/\/www.lci.fr\/replay\/l-invite-de-8h45-du-22-fevrier-2017-luc-ferry-philosophe-et-ancien-ministre-2026926.html<\/p>\n<p>-&#8220;Fran\u00e7ois Bayrou s&#8217;est  toujours ing\u00e9ni\u00e9 \u00e0 faire perdre la droite et le centre. Macron, c&#8217;est la gauche bo-bo. C&#8217;est Woodstock et Wall Street. Sur le terrain , les Fran\u00e7ais on envie d&#8217;alternance&#8221; (Bruno Retailleau, pr\u00e9sident du groupe LR au S\u00e9nat, invit\u00e9 de &#8220;Territoires d&#8217;Infos&#8221;; vid\u00e9o, amener le curseur sur 33:40) : https:\/\/www.publicsenat.fr\/emission\/territoires-d-infos\/bruno-retailleau-53808<\/p>\n<p>-&#8220;La famille est rassembl\u00e9e, c&#8217;est important de le montrer. C&#8217;est ce que fait Alain Jupp\u00e9. Chez Fran\u00e7ois Fillon, il n&#8217;y a jamais de recul, que des avanc\u00e9es. Hamon est encalmin\u00e9 dans ses affaires d&#8217;union \u00e0 gauche. Fran\u00e7ois Fillon a mis la sant\u00e9 des Fran\u00e7ais dans la campagne. Il vise 20 milliards d&#8217;\u00e9conomie au minimum&#8221; (Eric Woerth, d\u00e9put\u00e9 LR de l&#8217;Oise, responsable du programme de Fran\u00e7ois Fillon; face \u00e0 Caroline Roux; vid\u00e9o) : http:\/\/www.france2.fr\/emissions\/telematin\/actu\/les-4-verites-eric-woerth_554833<\/p>\n<p>-&#8220;\u00c7a rappelle que Nicolas Sarkozy n&#8217;est pas dans les codes, n&#8217;est pas dans les normes. C&#8217;est sain. Fran\u00e7ois Fillon a une l\u00e9gitimit\u00e9 qui s&#8217;impose \u00e0 tous&#8221; (Brice Hortefeux, eurod\u00e9put\u00e9 LR, interrog\u00e9 par Elizabeth Martichoux; vid\u00e9o) : http:\/\/www.rtl.fr\/actu\/politique\/brice-hortefeux-sur-rtl-francois-fillon-a-une-legitimite-qui-s-impose-a-tous-7787361619<\/p>\n<p>-La nouvelle vie de Nicolas Sarkozy (vid\u00e9o) : http:\/\/www.francetvinfo.fr\/politique\/nicolas-sarkozy\/nomination-au-ca-d-accorhotels-la-nouvelle-vie-de-nicolas-sarkozy_2069481.html<\/p>\n<p>-&#8220;Emmanuel Macron crache sur nos tombes&#8221; (Yves Censi, d\u00e9put\u00e9 LR de l&#8217;Aveyron; vid\u00e9o) : http:\/\/www.lcp.fr\/la-politique-en-video\/crime-contre-lhumanite-emmanuel-macron-crache-sur-nos-tombes-semporte-un<\/p>\n<p>-&#8220;Les jupp\u00e9istes veulent peser dans la campagne&#8221; (St\u00e9phanie D\u00e9pierre; vid\u00e9o) :  http:\/\/www.lcp.fr\/la-politique-en-video\/les-juppeistes-veulent-peser-sur-la-campagne-de-fillon<\/p>\n<p>-&#8220;L&#8217;\u00e9tat d&#8217;esprit n&#8217;est pas du tout d&#8217;organiser la fronde. Il est important de montrer que la droite est diverse. La majorit\u00e9 p\u00e9nale \u00e0 16 ans fait d\u00e9bat, il ne faudrait pas qu&#8217;il y ait un tournant s\u00e9curitaire. Sur la sant\u00e9, c&#8217;est plus \u00e9quilibr\u00e9&#8221; (Fr\u00e9d\u00e9ric Valletoux, maire LR de Fontainebleau, proche d&#8217;Alain Jupp\u00e9; interrog\u00e9 par Brigitte Boucher; vid\u00e9o, amener le curseur sur 31:35) : http:\/\/www.lcp.fr\/emissions\/politique-matin\/282395-politique-matin<\/p>\n<p>-&#8220;Les jupp\u00e9istes sont traumatis\u00e9s&#8221; (Nicolas Domenach; vid\u00e9o) : http:\/\/www.rtl.fr\/actu\/societe-faits-divers\/presidentielle-2017-les-juppeistes-sont-traumatises-constate-nicolas-domenach-7787361197<\/p>\n<p><strong>-&#8220;Les affaires du FN ne prennent pas, contrairement \u00e0 son discours de victimisation. Elle peut continuer \u00e0 progresser&#8221; (Guillaume Tabard du &#8220;Figaro&#8221;; son du 22 f\u00e9vrier) :<\/strong><br \/>\nhttps:\/\/www.radioclassique.fr\/radio\/emissions\/matinale-de-radio-classique\/22630-2\/<\/p>\n<p>-&#8220;Marine Le Pen progresse sur un champ de ruines&#8221; (Yves Thr\u00e9ard du &#8220;Figaro&#8221;; vid\u00e9o) : http:\/\/www.europe1.fr\/emissions\/ledito-politique-dyves-threard\/marine-le-pen-prospere-sur-un-champ-de-ruines-2984630<\/p>\n<p>-&#8220;Il y a l\u00e0 un risque tr\u00e8s lourd d&#8217;instrumentalisation de la justice&#8221; (elle \u00e9tait l&#8217;invit\u00e9e du &#8220;20 heures&#8221; de TF1; vid\u00e9o) : http:\/\/www.lci.fr\/politique\/marine-le-pen-invitee-du-jt-20h-2027016.html%3Ftype=content<\/p>\n<p>-Au Liban, &#8220;elle a fait une d\u00e9monstration de la\u00efcit\u00e9 ostentatoire&#8221; (Alba Ventura; vid\u00e9o) : http:\/\/www.rtl.fr\/actu\/politique\/marine-le-pen-refuse-de-porter-le-voile-au-liban-une-demonstration-de-laicite-ostentatoire-7787360541<\/p>\n<p>-&#8220;Lucas Belvaux se d\u00e9cerne \u00e0 lui-m\u00eame un brevet d&#8217;anti-lepenisme&#8221; (S\u00e9bastien Chenu, conseiller r\u00e9gional FN des Hauts-de-France et pr\u00e9sident du Collectif Culture du parti; interrog\u00e9 par Eric Delvaux; son et vid\u00e9o) : https:\/\/www.franceinter.fr\/emissions\/l-invite-du-5-7\/l-invite-du-5-7-22-fevrier-2017<\/p>\n<p><strong>-&#8220;Le Front national est un parti si la R\u00e9publique ne l&#8217;interdit pas&#8221; (le cardinal Andr\u00e9 Vingt-Trois, interrog\u00e9 par Fabien Namias; vid\u00e9o) : <\/strong> http:\/\/www.europe1.fr\/emissions\/linterview-politique-de-8h20\/cardinal-andre-vingt-trois-le-front-national-est-un-parti-si-la-republique-ne-linterdit-pas-2984741<\/p>\n<p>-Ils ne sont pas invit\u00e9s parce que &#8220;M\u00e9lenchon et Le Pen v\u00e9hiculent la haine&#8221; (Francis Kalifat, pr\u00e9sident du CRIF, invit\u00e9 d&#8217;Yves Calvi; vid\u00e9o) : http:\/\/www.rtl.fr\/actu\/societe-faits-divers\/melenchon-et-le-pen-vehiculent-la-haine-estime-le-president-du-crif-7787361583<\/p>\n<p>-Jean-Luc M\u00e9lenchon &#8220;profond\u00e9ment choqu\u00e9 par cette insulte&#8221; : http:\/\/fr.timesofisrael.com\/diner-du-crif-melenchon-profondement-choque-dit-avoir-ete-compare-au-fn\/<\/p>\n<p>-&#8220;Le pays est dans un \u00e9tat d&#8217;exasp\u00e9ration et de col\u00e8re&#8221; (G\u00e9rard Leclerc; vid\u00e9o, amener le curseur sur 4:40) : https:\/\/www.dailymotion.com\/video\/x5crjka_le-pays-est-dans-un-etat-d-exasperation-et-de-colere-gerard-leclerc-22-02-2017_news<\/p>\n<p><strong>-&#8220;Fran\u00e7ois Fillon entreprend une remont\u00e9e mais le doute n&#8217;est pas totalement dissip\u00e9 chez les \u00e9lecteurs de droite. La volatilit\u00e9 des \u00e9lectorats est tr\u00e8s grande et provoque de grands d\u00e9placements, ce qui va continuer jusqu&#8217;au bout. C&#8217;est la premi\u00e8re fois que Macron subit un tel recul. Le proc\u00e8s en inexp\u00e9rience lui fait perdre des \u00e9lecteurs \u00e2g\u00e9s. Son \u00e9lectorat est tr\u00e8s proche de celui de Fran\u00e7ois Bayrou. Marine Le Pen continue de progresser au premier tour et l&#8217;\u00e9cart se resserre au second&#8221; (Bernard Sanan\u00e8s, pr\u00e9sident de l&#8217;Institut ELABE; son du 22 f\u00e9vrier) : <\/strong> https:\/\/www.radioclassique.fr\/radio\/emissions\/matinale-de-radio-classique\/l-invite-du-matin\/<\/p>\n<p>-&#8220;Les lois perdues du quinquennat&#8221; (Kathia Gilder; vid\u00e9o) : http:\/\/www.lcp.fr\/la-politique-en-video\/les-lois-perdues-du-quinquennat<\/p>\n<p><strong>-&#8220;L&#8217;enjeu de la pr\u00e9sidentielle sera de gagner la bataille du Praf (des \u00e9lecteurs qui n&#8217;en ont plus rien \u00e0 foutre)&#8221;. Brice Teinturier, directeur de l&#8217;institut IPSOS, \u00e9tait l&#8217;invit\u00e9 de la matinale de France Inter. Il r\u00e9pondait aux questions de Patrick Cohen et des auditeurs (vid\u00e9os) <\/strong> : https:\/\/www.franceinter.fr\/emissions\/l-invite-de-8h20\/l-invite-de-8h20-22-fevrier-2017<\/p>\n<p><em>-Les intentions de vote \u00e0 l&#8217;\u00e9lection pr\u00e9sidentielle au 22 f\u00e9vrier (OPINION-WAY) : <\/em> https:\/\/www.opinion-way.com\/fr\/<\/p>\n<p><em>-Le m\u00eame (IFOP) : <\/em> http:\/\/www.parismatch.com\/La-presidentielle-en-temps-reel<\/p>\n<p><strong>EUROPE-MONDE<\/strong><\/p>\n<p>-&#8220;Hollande convoque un mini-sommet sur l&#8217;avenir de l&#8217;Europe le 6 mars prochain&#8221; (Georgi Gotev) : http:\/\/www.euractiv.fr\/section\/politique\/news\/hollande-calls-versailles-mini-summit-on-the-future-of-the-eu\/?nl_ref=31774092<\/p>\n<p><strong>-L&#8217;Europe adopte une d\u00e9finition restrictive des paradis fiscaux (Jorge Valero) : <\/strong> http:\/\/www.euractiv.fr\/section\/euro-finances\/news\/member-states-broad-definition-of-tax-havens-raises-concerns\/?nl_ref=31774092<\/p>\n<p>-Le protectionnisme menace les exportations alimentaires europ\u00e9ennes (Lucia Luiz Simon) : http:\/\/www.euractiv.fr\/section\/agriculture-alimentation\/news\/spanish-food-exporters-on-edge-over-protectionist-resurgence\/?nl_ref=31774092<\/p>\n<p><strong>-Les cr\u00e9anciers de la Gr\u00e8ce durcissent encore le troisi\u00e8me m\u00e9morandum (Romaric Godin) <\/strong> : http:\/\/www.latribune.fr\/economie\/union-europeenne\/grece-le-troisieme-memorandum-ne-cesse-de-se-durcir-643580.html<\/p>\n<p>-Le Parlement europ\u00e9en s&#8217;inqui\u00e8te des droits des femmes en Pologne (Matthew Tempest) : http:\/\/www.euractiv.fr\/section\/justice-affaires-interieures\/news\/socialists-and-democrats-reject-polish-morning-after-pill-restrictions\/?nl_ref<\/p>\n<p><strong>-&#8220;Dans le pays, les journaux sont dans une situation intenable&#8221; (Pauline Ad\u00e8s-M\u00e9vel de l&#8217;ONG &#8220;Reporters sans fronti\u00e8res&#8221;; propos recueillis par Justine Salvestroni) : <\/strong> http:\/\/www.euractiv.fr\/section\/justice-affaires-interieures\/interview\/les-journaux-en-pologne-sont-dans-une-situation-intenable%E2%80%89\/?nl_ref=31774092<\/p>\n<p>-&#8220;La facture du Brexit de l&#8217;Union europ\u00e9enne pr\u00e9sent\u00e9e aux Britanniques est sal\u00e9e&#8221; (Hughes Beaudoin; son du 21 f\u00e9vrier) :  https:\/\/www.radioclassique.fr\/radio\/emissions\/le-19h20h\/24h-en-europe\/<\/p>\n<p>-L&#8217;Allemagne gagne du terrain dans la course aux ventes d&#8217;armes (Daniel M\u00fctzel) :  http:\/\/www.euractiv.fr\/section\/l-europe-dans-le-monde\/news\/international-arms-trade-shoots-up-to-highest-level-since-end-of-cold-war\/?nl_ref=31774092<\/p>\n<p>-Elle propose d&#8217;examiner les demandes d&#8217;asile hors de l&#8217;Union europ\u00e9enne : http:\/\/www.euractiv.fr\/section\/justice-affaires-interieures\/news\/lallemafne-propose-dexaminer-les-demandes-dasile-hors-de-lue\/?nl_ref<\/p>\n<p><strong>-Le ministre tch\u00e8que des Finances appelle \u00e0 une approche diff\u00e9rente de la crise migratoire (propos recueillis par Karolina Szbitniewska) : <\/strong> http:\/\/www.euractiv.fr\/section\/l-europe-dans-le-monde\/interview\/andrej-babis-a-different-migration-is-needed\/?nl_ref=31774092<\/p>\n<p>-&#8220;Le parti D\u00e9mocrate italien au bord de la scission&#8221; (son du 22 f\u00e9vrier) : https:\/\/www.radioclassique.fr\/radio\/emissions\/matinale-de-radio-classique\/journal-de-l-europe\/<\/p>\n<p><strong>-Le 15 mars, les N\u00e9erlandais \u00e9liront leurs d\u00e9put\u00e9s (Aline Robert) : <\/strong> http:\/\/www.euractiv.fr\/section\/politique\/news\/les-elections-aux-pays-bas-repetition-generale-avant-le-scrutin-francais\/?nl_ref<\/p>\n<p>-Le port du voile autoris\u00e9 dans l&#8217;arm\u00e9e turque (vid\u00e9o) : http:\/\/www.francetvinfo.fr\/economie\/emploi\/metiers\/armee-et-securite\/turquie-le-port-du-voile-autorise-dans-l-armee_2069489.html<\/p>\n<p>-&#8220;Gen\u00e8ve se lance dans la r\u00e9gularisation des clandestins&#8221; (Laure Lugon Zugravu) : https:\/\/www.letemps.ch\/suisse\/2017\/02\/21\/geneve-se-lance-regularisation-clandestins?utm_source<\/p>\n<p><strong>-A Tel-Aviv, un an et demi de prison pour meurtre. La victime \u00e9tait un Palestinien (Serge Dumont) : <\/strong> https:\/\/www.letemps.ch\/monde\/2017\/02\/21\/un-an-demi-prison-meurtre?utm_source<\/p>\n<p>-Au S\u00e9n\u00e9gal, la concurrence du lait europ\u00e9en (vid\u00e9o) : http:\/\/www.francetvinfo.fr\/economie\/senegal-la-concurrence-du-lait-europeen_2068493.html<\/p>\n<p>-En C\u00f4te-d&#8217;Ivoire, l&#8217;ouverture du proc\u00e8s des disparus du Novotel (vid\u00e9o) : http:\/\/www.francetvinfo.fr\/monde\/afrique\/attaque-en-cote-d-ivoire\/cote-d-ivoire-ouverture-du-proces-des-disparus-du-novotel_2068781.html<\/p>\n<p>-&#8220;Les scientifiques am\u00e9ricains organisent leur r\u00e9bellion&#8221; (Olivier Dessibourg) : https:\/\/www.letemps.ch\/sciences\/2017\/02\/20\/face-donald-trump-scientifiques-americains-organisent-rebellion?utm_source<\/p>\n<p>-&#8220;Le nouveau d\u00e9fi am\u00e9ricain&#8221; (Bernard Guetta; son) : https:\/\/www.franceinter.fr\/emissions\/geopolitique\/geopolitique-22-fevrier-2017<\/p>\n<p><strong>CULTURE-MEDIAS<\/strong><\/p>\n<p><strong>-&#8220;La nuit est toujours marqu\u00e9e par l&#8217;impr\u00e9visible&#8221; (le philosophe Micha\u00ebl Foessel; propos recueillis par Juliette Cerf) :<\/strong> http:\/\/www.telerama.fr\/idees\/michael-foessel-philosophe-la-nuit-est-toujours-marquee-par-l-imprevisible,154493.php#xtor<\/p>\n<p>-&#8220;Le bateau coule, il nous reste \u00e0 sombrer avec \u00e9l\u00e9gance. Trump, un milliardaire qui va g\u00e9rer pour les milliardaires&#8221; (le philosophe Michel Onfray venu pr\u00e9sent\u00e9 son dernier livre &#8220;La D\u00e9cadence&#8221; \u00e0 Olivier Galzi; vid\u00e9os) : http:\/\/www.itele.fr\/chroniques\/grand-decryptage\/le-grand-decryptage-du-21022017-1ere-partie-173088<br \/>\n http:\/\/www.itele.fr\/chroniques\/grand-decryptage\/michel-onfray-trump-un-milliardaire-qui-va-gerer-pour-les-milliardaires-173089<\/p>\n<p>-Des virus pour combattre les bact\u00e9ries (Elo\u00efse Fagard) : https:\/\/www.letemps.ch\/sciences\/2017\/02\/21\/virus-antibacteriens-retour?utm_source<\/p>\n<p><strong>-Le violoniste Renaud Capu\u00e7on \u00e9tait l&#8217;invit\u00e9 de &#8220;Passion classique&#8221; d&#8217;Olivier Bellamy (son du 21 f\u00e9vrier) <\/strong> : https:\/\/www.radioclassique.fr\/radio\/emissions\/passion-classique\/<\/p>\n<p>-&#8220;Safari&#8221;, sc\u00e8nes de chasse en Namibie de Ulrich Sidl (Antoine Duplan; vid\u00e9o) : https:\/\/www.letemps.ch\/culture\/2017\/02\/21\/safari-scenes-chasse-namibie?utm_source <\/p>\n<p>-Le grand myst\u00e8re des films fant\u00f4mes (Eric Delvaux; son et vid\u00e9os) : https:\/\/www.franceinter.fr\/emissions\/le-cabinet-de-curiosites\/le-cabinet-de-curiosites-22-fevrier-2017<\/p>\n<p><strong>-Le r\u00e9alisateur M Night Shyamalan, grand ma\u00eetre du suspense, \u00e9tait l&#8217;invit\u00e9 d&#8217;Augustin Trapenard (son) : <\/strong> https:\/\/www.franceinter.fr\/emissions\/boomerang\/boomerang-22-fevrier-2017<\/p>\n<p><strong>-Chaque semaine, l&#8217;actualit\u00e9 du cin\u00e9ma dans &#8220;Cin\u00e9rama&#8221;. La premi\u00e8re ici (vid\u00e9o) : <\/strong> http:\/\/www.telerama.fr\/cinema\/en-direct-cinerama-notre-nouvelle-emission-cinema,154499.php#xtor<\/p>\n<p><strong>-Le nouvel album de Peter Peter (Didier Varrod; vid\u00e9o) : <\/strong> https:\/\/www.franceinter.fr\/emissions\/pop-co\/pop-co-22-fevrier-2017<\/p>\n<p>-&#8220;Sentinel Nord&#8221;, le morceau in\u00e9dit de MC Solaar (son) : http:\/\/www.telerama.fr\/musique\/sentinel-nord-le-morceau-inedit-de-mc-solaar,154466.php#xtor<\/p>\n<p>-&#8220;Ma musique est le r\u00e9cit de mes origines&#8221; (la chanteuse Rakia; entretien r\u00e9alis\u00e9 par  Erwan Perron et Jean-Baptiste Rauch; vid\u00e9o) : http:\/\/www.telerama.fr\/musique\/rakia-ma-musique-est-le-recit-de-mes-origines,154467.php#xtor<\/p>\n<p><strong>-Gaston Lagaffe a 6O ans (Franquin en 1973; son) : <\/strong> https:\/\/www.franceinter.fr\/emissions\/le-7h43\/le-7h43-22-fevrier-2017<\/p>\n<p><strong>-Cyril Linette, patron de &#8220;L&#8217;Equipe&#8221;, \u00e9tait l&#8217;invit\u00e9 de Sonia Devillers (vid\u00e9o, amener le curseur sur 6:31) : <\/strong> http:\/\/www.dailymotion.com\/video\/x5crnt3_l-instant-m-avec-cyril-linette-patron-de-l-equipe_sport<\/p>\n<p><strong>-Une semaine de politique \u00e0 la t\u00e9l\u00e9 (Samuel Gontier) : <\/strong> http:\/\/television.telerama.fr\/television\/marine-le-pen-pascal-bruckner-et-eric-brunet-ultimes-remparts-contre-l-islamo-gauchisme,154496.php#xtor<\/p>\n<p>-&#8220;Record absolu pour les r\u00e9sultats de M6&#8221; (Marc Baudriller; son du 22 f\u00e9vrier) : https:\/\/www.radioclassique.fr\/radio\/emissions\/matinale-de-radio-classique\/la-vie-des-medias\/<\/p>\n<p>-&#8220;Une augmentation de 33% de son b\u00e9n\u00e9fice net&#8221; (J\u00e9r\u00f4me Ivanitchtchenko; vid\u00e9o) : http:\/\/www.europe1.fr\/emissions\/le-fait-medias-du-jour\/m6-des-resultats-record-pour-lannee-2016-2984861<\/p>\n<p><strong>-Sur France Inter, Guillaume Galienne a c\u00e9l\u00e9br\u00e9 Pierre Desproges (Aude Dassonville; son) :<\/strong> http:\/\/www.telerama.fr\/radio\/si-proche-desproges-avec-guillaume-gallienne,153724.php#xto<\/p>\n<p>-Linda de Souza et G\u00e9rard Lenorman \u00e9taient les invit\u00e9s de Thomas Joubert (vid\u00e9o) : http:\/\/www.europe1.fr\/emissions\/l-invite-medias\/age-tendre-et-tete-de-bois-si-on-a-un-ego-on-ne-peut-pas-faire-de-tournee-comme-ca-2984876<\/p>\n<p>-&#8220;Qui fait les poubelles \u00e0 Puteaux ?&#8221; (Guillaume Meurice; vid\u00e9o) : http:\/\/www.dailymotion.com\/video\/x5ct7ta_qui-fait-les-poubelles-a-puteaux-le-moment-meurice_fun<\/p>\n<p><strong>-&#8220;This is my projeeect&#8221; ! (Emmanuel Macron \u00e0 Londres. Charline Vanhoenacker; vid\u00e9o) :<\/strong> https:\/\/www.franceinter.fr\/emissions\/le-billet-de-charline-vanhoenacker\/le-billet-de-charline-vanhoenacker-22-fevrier-2017<\/p>\n<p><strong>-&#8220;La politique, c&#8217;est comme l&#8217;ap\u00e9ro&#8221; (Nicole Ferroni; vid\u00e9o) : <\/strong> https:\/\/www.franceinter.fr\/emissions\/le-billet-de-nicole-ferroni\/le-billet-de-nicole-ferroni-22-fevrier-2017<\/p>\n<p><strong>-Andr\u00e9 Dussolier dans le r\u00f4le de Patrick Balkany (vid\u00e9o) <\/strong> : http:\/\/www.dailymotion.com\/video\/x5ct9rf_tanguy-a-levallois-perret-si-tu-ecoutes-le-sketch_fun<\/p>\n","protected":false},"excerpt":{"rendered":"<p>ACTUALITE -La SNCF a du mal \u00e0 recruter des conducteurs de trains (vid\u00e9o) : http:\/\/www.francetvinfo.fr\/economie\/transports\/sncf\/la-sncf-recherche-desesperement-des-conducteurs-de-train_2068505.html -Des employ\u00e9s de fourri\u00e8re t\u00e9moignent (vid\u00e9o) : http:\/\/www.francetvinfo.fr\/replay-jt\/france-2\/20-heures\/fourriere-quand-la-politique-du-chiffre-prime_2068499.html -&#8220;Nourrir le futur&#8221;, une campagne des jeunes agriculteurs (Ange Loing, vice-pr\u00e9sident des &#8220;Jeunes agriculteurs&#8221;, invit\u00e9 de Dimitri Pavlenko; son) : http:\/\/www.sudradio.fr\/Podcasts\/L-invite-pour-comprendre\/Ange-Loing-vice-president-des-Jeunes-Agriculteurs -&#8220;On attend que les candidats \u00e0 l&#8217;\u00e9lection pr\u00e9sidentielle r\u00e9agissent&#8221; (les agriculteurs [&hellip;]<\/p>\n","protected":false},"author":1042,"featured_media":0,"comment_status":"open","ping_status":"open","sticky":false,"template":"","format":"standard","meta":{"_themeisle_gutenberg_block_has_review":false,"footnotes":""},"categories":[151],"tags":[],"class_list":["post-10209","post","type-post","status-publish","format-standard","hentry","category-la-revue-de-presse-de-lulu"],"_links":{"self":[{"href":"https:\/\/archives.regards.fr\/index.php?rest_route=\/wp\/v2\/posts\/10209","targetHints":{"allow":["GET"]}}],"collection":[{"href":"https:\/\/archives.regards.fr\/index.php?rest_route=\/wp\/v2\/posts"}],"about":[{"href":"https:\/\/archives.regards.fr\/index.php?rest_route=\/wp\/v2\/types\/post"}],"author":[{"embeddable":true,"href":"https:\/\/archives.regards.fr\/index.php?rest_route=\/wp\/v2\/users\/1042"}],"replies":[{"embeddable":true,"href":"https:\/\/archives.regards.fr\/index.php?rest_route=%2Fwp%2Fv2%2Fcomments&post=10209"}],"version-history":[{"count":0,"href":"https:\/\/archives.regards.fr\/index.php?rest_route=\/wp\/v2\/posts\/10209\/revisions"}],"wp:attachment":[{"href":"https:\/\/archives.regards.fr\/index.php?rest_route=%2Fwp%2Fv2%2Fmedia&parent=10209"}],"wp:term":[{"taxonomy":"category","embeddable":true,"href":"https:\/\/archives.regards.fr\/index.php?rest_route=%2Fwp%2Fv2%2Fcategories&post=10209"},{"taxonomy":"post_tag","embeddable":true,"href":"https:\/\/archives.regards.fr\/index.php?rest_route=%2Fwp%2Fv2%2Ftags&post=10209"}],"curies":[{"name":"wp","href":"https:\/\/api.w.org\/{rel}","templated":true}]}}