{"id":10207,"date":"2017-02-22T07:31:58","date_gmt":"2017-02-22T06:31:58","guid":{"rendered":"https:\/\/wp.muchomaas.com\/article-la-revue-du-22-fevrier-2017\/"},"modified":"2023-06-23T23:24:11","modified_gmt":"2023-06-23T21:24:11","slug":"article-la-revue-du-22-fevrier-2017","status":"publish","type":"post","link":"https:\/\/archives.regards.fr\/?p=10207","title":{"rendered":"La Revue du 22 f\u00e9vrier 2017"},"content":{"rendered":"<strong>ACTUALITE<\/strong>\n\n-&#8220;Nous fabriquons en France plus de 30% de ce que nous vendons&#8221; (Bertrand Neuschwander, directeur g\u00e9n\u00e9ral du groupe SEB; interrog\u00e9 par Nicolas Pierron; vid\u00e9o) : https:\/\/www.dailymotion.com\/video\/x5cmzw1_nous-fabriquons-en-france-plus-de-30-de-ce-que-nous-vendons-bertrand-neuschwander-21-02-2017_news\n\n<strong>-Le burn out en d\u00e9bat dans l&#8217;\u00e9mission &#8220;\u00c7a vous regarde&#8221; anim\u00e9e par Ahmed Tazir (avec, notamment, la participation d&#8217;Olivier Dartigolles, porte-parole du PCF; vid\u00e9o) :  <\/strong>  http:\/\/www.lcp.fr\/emissions\/ca-vous-regarde\/282206-ca-vous-regarde\n\n<strong>-&#8220;La pollution existe en dehors des pics&#8221; (la pneumologue Jocelyne Just; vid\u00e9o) : <\/strong> http:\/\/www.francetvinfo.fr\/meteo\/particules-fines\/sante-la-pollution-existe-en-dehors-des-pics_2068027.html\n\n-&#8220;S&#8217;en prot\u00e9ger est devenu un march\u00e9 juteux&#8221; (vid\u00e9o) : http:\/\/www.francetvinfo.fr\/meteo\/particules-fines\/business-anti-pollution-un-marche-en-plein-essor_2068029.html\n\n-400 cosm\u00e9tiques \u00e9pingl\u00e9s pour des ingr\u00e9dients ind\u00e9sirables (vid\u00e9o) : http:\/\/www.francetvinfo.fr\/economie\/sante-400-cosmetiques-epingles-pour-des-ingredients-indesirables_2068037.html\n\n-&#8220;Le plan Vert de la r\u00e9gion Ile-de-France&#8221; (Baptiste Gaborit; son du 21 f\u00e9vrier) : https:\/\/www.radioclassique.fr\/radio\/emissions\/matinale-de-radio-classique\/3-minutes-planete\/\n\n-&#8220;Le boom des ventes de v\u00e9los \u00e9lectriques&#8221; (Nathalie Fontrel; son) : https:\/\/www.franceinter.fr\/emissions\/planete-environnement\/planete-environnement-21-fevrier-2017\n\n-&#8220;Notre syst\u00e8me de sant\u00e9, qui \u00e9tait le meilleur, n&#8217;a pas su s&#8217;adapter \u00e0 de nouvelles r\u00e9alit\u00e9s&#8221; (Fr\u00e9d\u00e9ric Bizard, \u00e9conomiste de la sant\u00e9; son) : http:\/\/www.sudradio.fr\/Podcasts\/L-invite-pour-comprendre\/Frederic-Bizard-economiste-de-la-Sante-auteur\n\n<strong>-&#8220;Aujourd&#8217;hui, les compl\u00e9mentaires sont indispensables pour l&#8217;acc\u00e8s aux soins&#8221; (Thierry Beaudet, pr\u00e9sident d la Mutualit\u00e9 fran\u00e7aise, invit\u00e9 d&#8217;Eric Delvaux; son) :  <\/strong> https:\/\/www.franceinter.fr\/emissions\/l-invite-du-5-7\/l-invite-du-5-7-21-fevrier-2017\n\n-Qui sont les anti viande ? (son) : http:\/\/www.sudradio.fr\/Podcasts\/Les-reportages-de-la-matinee\/Qui-sont-les-anti-viande\n\n<strong>-&#8220;Assistant parlementaire, une profession \u00e0 l&#8217;ombre des ors&#8221; (Laure Equy et Elise Godeau) : <\/strong> http:\/\/www.liberation.fr\/elections-presidentielle-legislatives-2017\/2017\/02\/20\/assistants-parlementaires-une-profession-dans-l-ombre-des-ors_1549844?xtor\n\n-Michel Gu\u00e9rard, un chef triplement \u00e9toil\u00e9; invit\u00e9 de Marie-Sophie Lacarrau (vid\u00e9o) :                                       http:\/\/www.francetvinfo.fr\/culture\/livres\/michel-guerard-les-recettes-maison-du-chef-triplement-etoile_2068053.html\n\n<strong>-&#8220;Bruno Beschizza, le maire cam\u00e9l\u00e9on LR d&#8217;Aulnay-sous-Bois&#8221; (Isma\u00ebl Halissa et Rams\u00e8s Kefi) <\/strong> : http:\/\/www.liberation.fr\/france\/2017\/02\/20\/bruno-beschizza-le-maire-cameleon_1549826?xtor\n\n<strong>-&#8220;Du ban au coeur de la R\u00e9publique&#8221; (Patrick Le Hyaric; pi\u00e8ce jointe);<\/strong>\n\n-A Marseille, le collectif &#8220;Trop jeune pour mourir&#8221; (son fondateur Hassen Hammou, interrog\u00e9 par Dimitri Pavlenko; son) :  http:\/\/www.sudradio.fr\/Podcasts\/L-invite-pour-comprendre\/Hassen-Hammou-fondateur-du-Collectif-Trop-jeune-pour-Mourir\n\n<strong>-&#8220;La d\u00e9p\u00e9nalisation du cannabis est-elle in\u00e9luctable ?&#8221; (le professeur Amine Benyamina, responsable du centre d&#8217;addictologie de l&#8217;h\u00f4pital Paul Brousse \u00e0 Villejuif (94) et le psychiatre Laurent Karila, porte parole de l&#8217;association &#8220;SOS addictions&#8221;; invit\u00e9s d&#8217;Ali Rebeihi (son) :<\/strong> https:\/\/www.franceinter.fr\/emissions\/grand-bien-vous-fasse\/grand-bien-vous-fasse-21-fevrier-2017\n\n<strong>POLITIQUE<\/strong>\n\n<strong>-Des candidats de &#8220;la France insoumise&#8221; se pr\u00e9sentent &#8220;dans des circonscriptions dans lesquelles le d\u00e9put\u00e9 sortant est communiste. C&#8217;est une erreur politique. &#8220;La France insoumise&#8221; doit r\u00e9fl\u00e9chir \u00e0 la situation qui la verrait solliciter d&#8217;une main des parrainages d&#8217;\u00e9lus communistes pour la candidature de Jean-Luc M\u00e9lenchon et , de l&#8217;autre, se pr\u00e9senter contre eux. Cette question sera en t\u00eate de celles examin\u00e9es au cours de la r\u00e9union de jeudi&#8221; (Olivier Dartigolles, porte-parole du PCF; vid\u00e9o) :   <\/strong>                                                                       http:\/\/www.lcp.fr\/la-politique-en-video\/les-communistes-et-france-insoumise-se-reunissent-jeudi-pour-tenter-de\n\n-&#8220;Bayrou sera candidat \u00e0 l&#8217;\u00e9lection pr\u00e9sidentielle&#8221; estime le conseiller municipal d&#8217;opposition de Pau (vid\u00e9o) : http:\/\/www.lcp.fr\/la-politique-en-video\/bayrou-sera-candidat-la-presidentielle-pense-son-opposant-municipal-communiste\n\n<strong>-Le porte-parole du PCF  \u00e9tait l&#8217;invit\u00e9 de &#8220;Politique matin&#8221; et r\u00e9pondait aux questions de Brigitte Boucher. Il a rappel\u00e9 que le candidat du PCF \u00e9tait Jean-Luc M\u00e9lenchon tout en laissant entendre qu&#8217;il faudrait, le moment venu, regarder qui de Jean-Luc M\u00e9lenchon et de Beno\u00eet Hamon montrait les plus grandes capacit\u00e9s de rassemblement. A rapprocher de ce que disent ci-dessous St\u00e9phane Le Foll et Fran\u00e7ois Rebsamen qui, eux aussi, attendent Godot ! (vid\u00e9o, amener le curseur sur 28:53) :<\/strong> http:\/\/www.lcp.fr\/la-politique-en-video\/bayrou-sera-candidat-la-presidentielle-pense-son-opposant-municipal-communiste\n\n<em>-&#8220;Pour le changement, un pacte pour une nouvelle majorit\u00e9 de gauche&#8221; (adresse du Parti communiste au peuple de France; document) : <\/em> http:\/\/www.pcf.fr\/96837\n\n-&#8220;Hamon-M\u00e9lenchon, les mains (faussement) tendues&#8221; (Marcelo Wesfreid; son) : https:\/\/www.franceinter.fr\/emissions\/histoires-politiques\/histoires-politiques-21-fevrier-2017\n\n-&#8220;J&#8217;ai dit que cette loi (la loi Travail), je n&#8217;en voulais pas. Ce que je souhaite, c&#8217;est que nous pensions demain une nouvelle loi. Ce que je veux c&#8217;est une nouvelle loi Travail&#8221; (Beno\u00eet Hamon; vid\u00e9o) : http:\/\/www.europe1.fr\/politique\/loi-travail-ce-que-benoit-hamon-veut-en-faire-2984099\n\n-Il \u00e9tait l&#8217;invit\u00e9 de Fabien Namias sur Europe 1 (vid\u00e9o) : http:\/\/www.europe1.fr\/emissions\/linterview-politique-de-8h20\/benoit-hamon-jabrogerai-la-loi-travail-por-la-remplacer-par-une-nouvelle-2983802\n\n-&#8220;Alors qu&#8217;on a des h\u00f4pitaux au bord de l&#8217;explosion, Fran\u00e7ois Fillon veut leur retirer des moyens. Il faut avoir le courage de s&#8217;attaquer aux lobbies du m\u00e9dicament et de l&#8217;optique. Avec Beno\u00eet Hamon, on ne veut pas tomber dans le m\u00eame pi\u00e8ge qu&#8217;avec Fran\u00e7ois Hollande qui n&#8217;a rien fait des engagements pris avec nous&#8221;  (Yannick Jadot, candidat \u00e9cologiste \u00e0 la pr\u00e9sidence de la R\u00e9publique; interrog\u00e9 par Caroline Roux; vid\u00e9o\n\n-&#8220;Hamon et Jadot entament leur tambouille \u00e9lectorale&#8221; (Lilian Alemagna et Laure Bretton) : http:\/\/www.liberation.fr\/elections-presidentielle-legislatives-2017\/2017\/02\/20\/hamon-et-jadot-entament-leur-tambouille-electorale_1549862?xtor\n\n-&#8220;L&#8217;accord va se faire mais il faut y mettre les formes et Jadot va faire payer cher son ralliement. Le vrai probl\u00e8me pour Beno\u00eet Hamon , c&#8217;est qu&#8217;il a fait chou blanc avec Jean-Luc M\u00e9lenchon qui est dans des scores proches de ceux de 2012. Ce n&#8217;est donc pas de ce c\u00f4t\u00e9 l\u00e0 que Beno\u00eet Hamon peux esp\u00e9rer r\u00e9cup\u00e9rer des voix mais du c\u00f4t\u00e9 d&#8217;Emmanuel Macron. Or, il s&#8217;est compliqu\u00e9 la tache aupr\u00e8s de ces \u00e9lecteurs en pr\u00f4nant une union de la gauche avec M\u00e9lenchon&#8221; (Guillaume Tabard du &#8220;Figaro&#8221;; son du 21 f\u00e9vrier) : https:\/\/www.radioclassique.fr\/radio\/emissions\/matinale-de-radio-classique\/22630-2\/\n\n<strong>-&#8220;Les autorit\u00e9s sanitaires sont face \u00e0 un virus extr\u00eamement virulent, \u00e0 incubation tr\u00e8s rapide. Bien s\u00fbr que les producteurs seront indemnis\u00e9s. Ce que font  les banques est inacceptable en pratiquant des taux de 13 %. Il faut que Jadot arr\u00eate de faire tra\u00eener les choses. Il a les propositions de Hamon, c&#8217;est \u00e0 prendre ou \u00e0 laisser.  Maintenant, il faut se tourner vers les Fran\u00e7ais. Je soutiens aujourd&#8217;hui le candidat sorti de la primaire et le moment venu, celui qui sera en mesure d&#8217;\u00eatre au second tour, Macron ou Hamon&#8221; <\/strong> (St\u00e9phane Le Foll, face \u00e0 Jean-Jacques Bourdin; vid\u00e9o) : http:\/\/www.bfmtv.com\/mediaplayer\/video\/stephane-le-foll-face-a-jean-jacques-bourdin-en-direct-916331.html\n\n-&#8220;Je suis derri\u00e8re Beno\u00eet Hamon pour le moment&#8221; (Fran\u00e7ois Rebsamen, ancien ministre du Travail, interrog\u00e9 par Laurence Ferrari; vid\u00e9o) : http:\/\/www.itele.fr\/chroniques\/invite-laurence-ferrari\/francois-rebsamen-je-suis-derriere-benoit-hamon-pour-le-moment-173086\n\n-&#8220;Ce qui m&#8217;inqui\u00e8te le plus, c&#8217;est la constante progression de Mme Le Pen et en face nous sommes atones. Pendant ce temps-l\u00e0, on  glose sur les accords \u00e0 gauche. Je voterai pour Beno\u00eet Hamon m\u00eame si je ne partage pas sa ligne politique. J&#8217;esp\u00e8re que l&#8217;on aura un projet plus large que celui des primaires. Le revenu universel a d\u00e9j\u00e0 largement \u00e9t\u00e9 amend\u00e9&#8221; (La secr\u00e9taire d&#8217;Etat Juliette Mehadel; face \u00e0 Guillaume Durand; vid\u00e9o) : https:\/\/www.dailymotion.com\/video\/x5cn0no_le-revenu-universel-a-ete-largement-amende-dans-sa-mise-en-oeuvre-juliette-meadel-21-02-2017_news\n\n<strong>-&#8220;Fillon fait le programme de Macron&#8221; sur la sant\u00e9 (G\u00e9rard Collomb, s\u00e9nateur-maire PS de Lyon, face \u00e0 Elizabeth Martichoux; vid\u00e9o) : <\/strong> http:\/\/www.rtl.fr\/actu\/politique\/presidentielle-2017-fillon-reprend-le-programme-de-macron-sur-la-sante-estime-collomb-7787344228\n\n-&#8220;Aujourd&#8217;hui, Emmanuel Macron est favori, tout le monde lui tombe dessus&#8221; (Christophe Castaner, d\u00e9put\u00e9 PS des Alpes-de-Haute-Provence et porte-parole d&#8217;Emmanuel Macron; interrog\u00e9 par Myriam Encoua; vid\u00e9o) : http:\/\/www.itele.fr\/chroniques\/invite-myriam-encaoua\/christophe-castaner-aujourdhui-emmanuel-macron-est-favori-tout-le-monde-lui-tombe-dessus-173069\n\n-&#8220;Les gens qui nous \u00e9coutent, les citoyens n&#8217;ont pas voix au chapitre; Les solutions sont dans nos territoires, pas dans les cabinets minist\u00e9riels&#8221; (Alexandre Jardin, candidat \u00e0 l&#8217;\u00e9lection pr\u00e9sidentielle; interrog\u00e9 par Dimitri Pavlenko; son) : http:\/\/www.sudradio.fr\/Podcasts\/L-invite-pour-comprendre\/Alexandre-Jardin-candidat-a-l-election-presidentielle2\n\n-&#8220;L&#8217;accord (avec les R\u00e9publicains) est quasiment conclu. Il y aura 70 \u00e0 75 circonscription gagnables pour l&#8217;UDI&#8221; (Philippe Vigier, pr\u00e9sident du groupe UDI \u00e0 l&#8217;Assembl\u00e9e nationale; vid\u00e9o) :  http:\/\/www.lcp.fr\/la-politique-en-video\/investitures-lr-udi-70-75-circonscriptions-gagnables-pour-ludi-assure-vigier\n\n<strong>-&#8220;On ne pourra pas r\u00e9former l&#8217;assurance maladie en attendant que tout passe par l&#8217;assurance maladie. Il y des compl\u00e9mentaires sant\u00e9, heureusement qu&#8217;elles sont l\u00e0. Mutuelles, ce n&#8217;est pas un gros mot&#8221; (Florence Portelli, porte-parole de Fran\u00e7ois Fillon; invit\u00e9e de &#8220;Territoires d&#8217;Infos&#8221;; vid\u00e9o, amener le curseur sur 33:40) : <\/strong> http:\/\/www.dailymotion.com\/video\/x5cmmvh_florence-portelli-territoires-d-infos-21-02-2017_news\n\n-&#8220;Fran\u00e7ois Fillon , dans les 48 heures, va rencontrer Alain Jupp\u00e9 \u00e0 Paris. Je ne sais pas ce qu&#8217;il (Fran\u00e7ois Bayrou) va faire. Le connaissant, \u00e7a doit le chatouiller. J&#8217;attends l&#8217;arbitrage de Fran\u00e7ois Fillon, mais moi, \u00e7a ne me g\u00e8ne pas une l\u00e9g\u00e8re augmentation de la TVA&#8221; (Dominique Bussereau, d\u00e9put\u00e9 LR de Charente-Maritime; invit\u00e9 d la matinale de FranceInfo; vid\u00e9o) : http:\/\/www.dailymotion.com\/video\/x5cn42y_presidentielle-dominique-bussereau-annonce-une-rencontre-fillon-juppe-dans-48-heures_news\n\n<strong>-&#8220;Jupp\u00e9 \u00e9tait trop haut, trot t\u00f4t et je n&#8217;ai pas su g\u00e9rer ce probl\u00e8me&#8221; (son directeur de campagne Gilles Boyer, interrog\u00e9 par Alexandra Bensaid; vid\u00e9o) : <\/strong> http:\/\/www.dailymotion.com\/video\/x5cmhtj_gilles-boyer-repond-aux-question-d-alexandra-bensaid_news\n\n-&#8220;4 millions d&#8217;\u00e9lecteurs, Fran\u00e7ois Fillon a une l\u00e9gitimit\u00e9 forte. Certes, la campagne est difficile, je ne vais pas vous dire le contraire, mais on peut y arriver&#8221; (NKM, d\u00e9put\u00e9e LR de l&#8217;Essonne, conseill\u00e8re politique de Fran\u00e7ois Fillon; interrog\u00e9e par Audrey Crespo-Mara; vid\u00e9o) : http:\/\/www.lci.fr\/replay\/l-invite-politique-de-8h15-du-21-fevrier-2017-nathalie-kosciusko-morizet-conseillere-politique-de-francois-fillon-deputee-lr-de-l-essonne-2026767.html\n\n-&#8220;Je m&#8217;interroge sur l&#8217;instrumentalisation que certains voudraient faire du parquet&#8221; (le d\u00e9put\u00e9 LR Alain Marsaud, face \u00e0 Fr\u00e9d\u00e9ric Rivi\u00e8re; vid\u00e9o) : http:\/\/www.rfi.fr\/video\/20170221-alain-marsaud-je-interroge-instrumentalisation-certains-voudraient-faire-parquet\n\n-&#8220;Fran\u00e7ois Fillon, compte tenu des casseroles qu&#8217;il porte, ne pourra pas gouverner m\u00eame s&#8217;il est \u00e9lu&#8221; (Bruno Roger-Petit; vid\u00e9o) : https:\/\/www.dailymotion.com\/video\/x5cn1ed_francois-fillon-compte-tenu-des-casseroles-qu-il-porte-ne-pourra-pas-gouverner-meme-s-il-est-elu-br_news\n\n-&#8220;On veut nous mettre \u00e9ternellement dans le choix entre ceux qui nous ont ruin\u00e9s et le FN. J&#8217;appelle les Fran\u00e7ais \u00e0 boycotter TF1&#8221; (Nicolas Dupont-Aignan, candidat \u00e0 l&#8217;\u00e9lection pr\u00e9sidentielle; vid\u00e9o) : http:\/\/www.europe1.fr\/politique\/dupont-aignan-jappelle-les-francais-a-boycotter-tf1-2984249\n\n-Il \u00e9tait l&#8217;invit\u00e9 du &#8220;Club de la Presse&#8221; d&#8217;Europe 1 (son) : http:\/\/www.europe1.fr\/emissions\/le-club-de-la-presse\/europe-soir-le-club-de-la-presse-nicolas-dupont-aignan-21022017-2984381\n\n-Marine Le Pen et la Syrie (Bernard Guetta; son) : https:\/\/www.franceinter.fr\/emissions\/geopolitique\/geopolitique-21-fevrier-2017\n\n<strong>-Les affaires, Fran\u00e7ois Fillon et Marine Le Pen (Thomas Legrand; son) : <\/strong> https:\/\/www.franceinter.fr\/emissions\/l-edito-politique\/l-edito-politique-21-fevrier-2017\n\n-Les principales propositions des candidats sur la sant\u00e9 (vid\u00e9o) : http:\/\/www.dailymotion.com\/video\/x5cn9nl_sante-les-principales-propositions-des-candidats-a-la-presidentielle_news\n\n<strong>-L&#8217;int\u00e9grale de la rencontre organis\u00e9e par la Mutualit\u00e9 fran\u00e7aise (vid\u00e9o) : <\/strong> https:\/\/www.youtube.com\/watch?v=37_jV-h9uk4\n\n-Les intentions de vote \u00e0 l&#8217;\u00e9lection pr\u00e9sidentielle au 21 f\u00e9vrier (OPINION-WAY) : https:\/\/www.opinion-way.com\/fr\/\n\n<em>-Le m\u00eame (IFOP) : <\/em>  http:\/\/www.parismatch.com\/La-presidentielle-en-temps-reel\n\n<em>-Le m\u00eame (ELABE)<\/em> : http:\/\/elabe.fr\/intentions-de-vote-election-presidentielle-2017-2\/\n\n-L&#8217;analyse qu&#8217;en fait Bernard Sanan\u00e8s, pr\u00e9sident de l&#8217;institut (vid\u00e9o) : http:\/\/www.bfmtv.com\/mediaplayer\/video\/bernard-sananesface-a-maurice-szafran-comment-expliquer-le-rebond-de-francois-fillon-dans-le-sondage-elabe-916621.html\n\n<strong>-&#8220;30% des Fran\u00e7ais se sont d\u00e9tourn\u00e9s de la politique ces dix derni\u00e8res ann\u00e9es&#8221; (Alba Ventura; vid\u00e9o)<\/strong> : http:\/\/www.rtl.fr\/actu\/politique\/presidentielle-2017-30-de-francais-se-sont-detournes-de-la-politique-ces-dix-dernieres-annees-analyse-alba-ventura-7787344072\n\n<strong>EUROPE-MONDE<\/strong>\n\n<strong>-&#8220;Six ans apr\u00e8s, une nouvelle pollution radioactive est d\u00e9tect\u00e9e en Europe&#8221; (Val\u00e9ry Laram\u00e9e de Tannenberg) <\/strong> :  http:\/\/www.euractiv.fr\/section\/energie\/news\/six-ans-apres-une-nouvelle-pollution-radioactive-est-detectee-en-europe\/?nl_ref=31662030\n\n-&#8220;Bruxelles d\u00e9ment les rumeurs de d\u00e9mission de Juncker (Daniela Vincenti) : http:\/\/www.euractiv.fr\/section\/politique\/news\/commission-denies-juncker-ready-to-resign\/?nl_ref=31662030\n\n-La Gr\u00e8ce toujours dans la tourmente et dans les mains des cr\u00e9anciers (vid\u00e9o) : https:\/\/www.youtube.com\/watch?v=HPVVqLs7pdA\n\n<strong>-&#8220;Faut-il sortir la dette de nos t\u00eates ?&#8221; (Guillaume Erner recevait l&#8217;essayiste Coralie Delaume; sons et vid\u00e9o) : <\/strong> https:\/\/www.franceculture.fr\/emissions\/linvite-des-matins\/faut-il-se-sortir-la-dette-de-nos-tetes#xtor\n\n-&#8220;Le surr\u00e9alisme fiscal grec&#8221; (l&#8217;ethnologue et historien Panagiotis Grigoriou; son) : https:\/\/www.franceinter.fr\/emissions\/meridien-d-europe\/meridien-d-europe-21-fevrier-2017\n\n-Ath\u00e8nes et Copenhague se disputent l&#8217;agence du m\u00e9dicament (Sarantis Michalopoulos) : http:\/\/www.euractiv.fr\/section\/sante-modes-de-vie\/news\/eu-drugs-agency-dont-politicise-brexit-relocation-say-athens-copenhagen\/?nl_ref=31662030\n\n-La Pologne balaie les critiques sur l&#8217;Etat de droit : http:\/\/www.euractiv.fr\/section\/justice-affaires-interieures\/news\/la-pologne-balaye-les-critiques-de-bruxelles-sur-letat-de-droit\/?nl_ref=31662030\n\n-En Turquie, apr\u00e8s le putsch rat\u00e9, l&#8217;heure du proc\u00e8s&#8221; (Quentin Raverdy) : http:\/\/www.liberation.fr\/planete\/2017\/02\/20\/turquie-apres-le-putsch-rate-l-heure-du-proces_1549836?xtor\n\n-L&#8217;\u00e9tat de famine au Soudan du Sud (vid\u00e9o) : http:\/\/www.francetvinfo.fr\/monde\/afrique\/famine\/soudan-du-sud-etat-de-famine_2067789.html\n\n-&#8220;Le pr\u00e9sident Trump continue \u00e0 \u00eatre en campagne. Le coeur de son \u00e9lectorat est tr\u00e8s content mais aussi tr\u00e8s minoritaire&#8221; (Christine Ockrent; son du 21 f\u00e9vrier) :  https:\/\/www.radioclassique.fr\/radio\/emissions\/matinale-de-radio-classique\/l-invite-du-matin\/\n\n<em>-Une carte des meurtres racistes par lynchage aux Etats-Unis (document) :<\/em> http:\/\/www.telerama.fr\/monde\/une-carte-des-meurtres-racistes-par-lynchage-aux-etats-unis,154335.php#xtor\n\n-En Colombie, le processus de paix pr\u00e9voit la restitution des terres aux paysans et leur formation (Yolaine de la Bigne; son) : http:\/\/www.sudradio.fr\/Podcasts\/Quelle-epoque-ethique\/Colombie\n\n<strong>-Airpocalypse, quand la pollution de l&#8217;air tue (le climatologue Guy Brasseur et l&#8217;\u00e9pid\u00e9miologiste de l&#8217;INSERM R\u00e9my Slama; invit\u00e9s de Mika\u00ebl Th\u00e9bault; son) :  <\/strong> https:\/\/www.franceinter.fr\/emissions\/un-jour-dans-le-monde\/un-jour-dans-le-monde-21-fevrier-2017\n\n<strong>CULTURE-MEDIAS<\/strong>\n\n<strong>-L&#8217;\u00e9crivain alg\u00e9rien Kamel Daoud \u00e9tait l&#8217;invit\u00e9 de la matinale de France Inter. Il r\u00e9pondait aux questions de Patrick Cohen et des auditeurs (vid\u00e9os) :  <\/strong>        http:\/\/www.dailymotion.com\/video\/x5cmnzn_kamel-daoud-repond-aux-questions-de-patrick-cohen_news                                                                                   http:\/\/www.dailymotion.com\/video\/x5cmr65_kamel-daoud-repond-aux-questions-des-auditeurs-de-france-inter_news\n\n<strong>-&#8220;Pourquoi d\u00e9testons-nous autant nos politiques ?&#8221;, le coauteur de cet essai a r\u00e9pondu aux questions des lecteurs de T\u00e9l\u00e9rama (vid\u00e9o) : <\/strong> http:\/\/www.telerama.fr\/idees\/en-direct-pourquoi-detestons-nous-autant-nos-politiques,154332.php#xtor\n\n<strong>-&#8220;Six toiles de Vermeer pour explorer l&#8217;esth\u00e9tique du &#8220;Sphinx de Delft&#8221;, entre visible et invisible (Alisonne Sinard; sons et vid\u00e9o) : <\/strong> https:\/\/www.franceculture.fr\/peinture\/linvisible-de-vermeer-en-six-tableaux#xtor\n\n-&#8220;Enseignons \u00e0 l&#8217;\u00e9cole l&#8217;empathie pour les animaux&#8221; (tribune collective) : http:\/\/www.liberation.fr\/debats\/2017\/02\/20\/enseignons-a-l-ecole-l-empathie-pour-les-animaux_1549784?xtor\n\n-La disparition de Roger Knobelspiess, l\u00e9gende de l&#8217;injustice pass\u00e9e \u00e0 la litt\u00e9rature (Julie Brafman) : http:\/\/www.liberation.fr\/france\/2017\/02\/20\/roger-knobelspiess-legende-de-l-injustice-passee-a-la-litterature_1549870?xtor\n\n-Alain Minc \u00e9tait l&#8217;invit\u00e9 de &#8220;Passion classique&#8221; d&#8217;Olivier Bellamy (son du 20 f\u00e9vrier) : \nhttps:\/\/www.radioclassique.fr\/radio\/emissions\/passion-classique\/\n\n<strong>-&#8220;Une femme coquette&#8221;, un film rare de Jean-Luc Godard, appara\u00eet sur Youtube (Caroline Besse; \u00e0 voir ici; vid\u00e9o) : <\/strong> http:\/\/www.telerama.fr\/cinema\/une-femme-coquette-un-film-rare-de-jean-luc-godard-apparait-sur-youtube,154367.php#xtor\n\n<strong>-M\u00e9canicienne, elle aime deux hommes, l&#8217;un \u00e0 terre, l&#8217;autre en mer. L&#8217;argument de &#8220;Fidelio, l&#8217;odyss\u00e9e d&#8217;Alice&#8221;, le premier film de Lucie Borleteau avec Ariane Labed (\u00e0 voir ici; vid\u00e9o) <\/strong> : http:\/\/television.telerama.fr\/television\/regardez-fidelio-l-odyssee-d-alice-quand-ariane-labed-prefere-l-amour-en-mer,154346.php#xtor\n\n-&#8220;L&#8217;indompt\u00e9e&#8221; est une d\u00e9claration d&#8217;amour \u00e0 la Villa M\u00e9dicis (sa r\u00e9alisatrice, Caroline Deruas; propos recueillis par Fr\u00e9d\u00e9ric Strauss; vid\u00e9o) :  http:\/\/www.telerama.fr\/cinema\/veut-on-vraiment-tuer-la-villa-medicis,154256.php#xtor\n\n-L&#8217;hommage \u00e0 Pigalle dans &#8220;Les derniers Parisiens&#8221;, le film de Ekou\u00e9 et Ham\u00e9. Ce dernier \u00e9tait l&#8217;invit\u00e9 du &#8220;Grand Soir 3&#8221; (vid\u00e9o) : http:\/\/www.francetvinfo.fr\/culture\/cinema\/hommage-a-pigalle-dans-les-derniers-parisiens_2067793.html\n\n-&#8220;Ce film est le projet le plus important de ma vie&#8221; (Nicolas Bedos, r\u00e9alisateur de &#8220;Monsieur et Madame Adelman&#8221;; invit\u00e9 de Thomas Sotto; vid\u00e9o) : http:\/\/www.europe1.fr\/emissions\/l-interview-verite\/nicolas-bedos-ce-film-est-le-projet-le-plus-important-de-ma-vie-2983739\n\n<strong>-Laure Adler recevait Bertrand Bonello, r\u00e9alisateur de &#8220;Nocturama&#8221; (son) : <\/strong> https:\/\/www.franceinter.fr\/emissions\/l-heure-bleue\/l-heure-bleue-21-fevrier-2017\n\n<strong>-Avec Fran\u00e7ois Gorin, retrouver Franco et l&#8217;orchestre OK Jazz (sons) : <\/strong> http:\/\/www.telerama.fr\/musique\/franco-ok-jazz-petite-fleur-de-nostalgie-africaine,154334.php#xtor\n\n-Le premier album d'&#8221;Octave noire&#8221; (Didier Varrod; vid\u00e9o) : https:\/\/www.franceinter.fr\/emissions\/pop-co\/pop-co-21-fevrier-2017\n\n<strong>-Rapha\u00ebl \u00e9tait l&#8217;invit\u00e9 d&#8217;Augustin Trapenard (son) : <\/strong> https:\/\/www.franceinter.fr\/emissions\/boomerang\/boomerang-21-fevrier-2017\n\n-Maurice Vander, &#8220;Mister Swing&#8221;, n&#8217;est plus (Eric Delhaye; vid\u00e9o) : http:\/\/www.telerama.fr\/musique\/maurice-vander-mister-swing-n-est-plus,154336.php#xtor\n\n-Jusqu&#8217;au 9 avril \u00e0 la Maison europ\u00e9enne de la photographie \u00e0 Paris, le photographe de la r\u00e9volution culturelle chinoise Gao Bo (Fr\u00e9d\u00e9rique Chapuis) :                    http:\/\/www.telerama.fr\/sortir\/gao-bo-un-photographe-chinois-hante-par-ses-demons,154197.php\n\n-&#8220;Ma m\u00e8re, mon poison&#8221;, un documentaire d&#8217;Anne-Marie Avouac, interrog\u00e9e par Isabelle Poitte (vid\u00e9o) : http:\/\/television.telerama.fr\/television\/ma-mere-mon-poison-quand-l-amour-devient-toxique,154277.php#xtor\n\n<strong>-Le documentaire (vid\u00e9o) : <\/strong> http:\/\/www.france5.fr\/emissions\/le-monde-en-face\/videos\/replay_-_ma_mere_mon_poison_21-02-2017_1491541\n\n-Sur Arte radio, &#8220;un r\u00eave d&#8217;argent facile&#8221;. Une femme qui joue de ses charmes aupr\u00e8s d&#8217;hommes riches raconte (Carole Lefran\u00e7ois) : http:\/\/www.telerama.fr\/radio\/sur-arte-radio-un-reve-d-argent-facile,154089.php#xtor\n\n<strong>-Les quatre \u00e9pisodes de &#8220;Diamant sur canap\u00e9&#8221; (sons) :<\/strong> https:\/\/www.arteradio.com\/serie\/diamant_sur_canape\n\n<strong>-Quand Gaston Lagaffe travaillait au journal Spirou (Sonia Devillers; vid\u00e9o, amener le curseur sur 5:07) : <\/strong> http:\/\/www.dailymotion.com\/video\/x5cn23d_quand-gaston-lagaffe-travaillait-au-journal-de-spirou_fun\n\n-La une du &#8220;Canard encha\u00een\u00e9&#8221; : http:\/\/www.lecanardenchaine.fr\/la-une-du-22-fevrier-2017\/\n\n<strong>-&#8220;Charlie Hebdo est toujours l\u00e0, il a encore envie d&#8217;exister encore longtemps&#8221; (Riss, directeur de l&#8217;hebdomadaire; invit\u00e9 de Ruth Elkrief; vid\u00e9o) :  <\/strong> http:\/\/www.bfmtv.com\/mediaplayer\/video\/riss-charlie-hebdo-est-toujours-la-il-a-encore-envie-d-exister-pendant-encore-longtemps-916615.html\n\n<strong>-&#8220;Surprise, le d\u00e9funt patron de la FNSEA \u00e9tait aussi un industriel (sauf sur France 2; Samuel Gontier) : <\/strong> http:\/\/television.telerama.fr\/television\/surprise-le-defunt-patron-de-la-fnsea-etait-aussi-un-industriel-sauf-sur-france-2,154347.php#xtor\n\n-Ce que nous dessinait de lui &#8220;Reporterre&#8221; : https:\/\/reporterre.net\/La-grande-enquete-sur-le-maitre-cache-de-l-agriculture-francaise\n\n-Cinq de ses d\u00e9clarations (vid\u00e9o) : http:\/\/www.liberation.fr\/video\/2017\/02\/20\/xavier-beulin-en-cinq-declarations_1549727?xtor\n\n-&#8220;La crise profonde de la presse de gauche&#8221; (Marc Baudriller; son du 21 f\u00e9vrier) : https:\/\/www.radioclassique.fr\/radio\/emissions\/matinale-de-radio-classique\/la-vie-des-medias\/\n\n<strong>-M6 au zoo (Bruno Donnet; vid\u00e9o) : <\/strong> http:\/\/www.dailymotion.com\/video\/x5cn6d5_m6-au-zoo-l-apres-coup-de-bruno-donnet_news\n\n<strong>-&#8220;Deux ans que Jupp\u00e9 \u00e9tait favori, il n&#8217;y avait plus que le penalty \u00e0 tirer&#8221; (Charline Vanhoenacker; vid\u00e9o) :<\/strong> http:\/\/www.dailymotion.com\/video\/x5cmhl6_deux-ans-que-juppe-etait-favori-il-n-y-avait-plus-que-le-penalty-a-tirer-le-billet-de-charline_fun\n\n<strong>-&#8220;Les derniers d\u00e9fenseurs de Fran\u00e7ois Fillon&#8221; (Guillaume Meurice; vid\u00e9o) : <\/strong> http:\/\/www.dailymotion.com\/video\/x5ck5l4_les-derniers-defenseurs-de-francois-fillon-le-moment-meurice_fun\n\n<strong>-&#8220;Au temps b\u00e9ni des colonies&#8221; (Alex Vizorek; vid\u00e9o) :<\/strong> https:\/\/www.franceinter.fr\/emissions\/le-billet-d-alex-vizorek\/le-billet-d-alex-vizorek-21-fevrier-2017\n<h2 class=\"wp-block-heading\">Documents joints<\/h2>\n\n\n\n<div class=\"wp-block-file\"><a href=\"https:\/\/wp.muchomaas.com\/wp-content\/uploads\/2017\/02\/du_ban_au_coeur_de_la_republique_1_2_-5ca.pdf\">du_ban_au_coeur_de_la_republique_1_2_.pdf<\/a><\/div>\n\n\n","protected":false},"excerpt":{"rendered":"<p>ACTUALITE -&#8220;Nous fabriquons en France plus de 30% de ce que nous vendons&#8221; (Bertrand Neuschwander, directeur g\u00e9n\u00e9ral du groupe SEB; interrog\u00e9 par Nicolas Pierron; vid\u00e9o) : https:\/\/www.dailymotion.com\/video\/x5cmzw1_nous-fabriquons-en-france-plus-de-30-de-ce-que-nous-vendons-bertrand-neuschwander-21-02-2017_news -Le burn out en d\u00e9bat dans l&#8217;\u00e9mission &#8220;\u00c7a vous regarde&#8221; anim\u00e9e par Ahmed Tazir (avec, notamment, la participation d&#8217;Olivier Dartigolles, porte-parole du PCF; vid\u00e9o) : http:\/\/www.lcp.fr\/emissions\/ca-vous-regarde\/282206-ca-vous-regarde -&#8220;La pollution [&hellip;]<\/p>\n","protected":false},"author":1042,"featured_media":0,"comment_status":"open","ping_status":"open","sticky":false,"template":"","format":"standard","meta":{"_themeisle_gutenberg_block_has_review":false,"footnotes":""},"categories":[151],"tags":[],"class_list":["post-10207","post","type-post","status-publish","format-standard","hentry","category-la-revue-de-presse-de-lulu"],"_links":{"self":[{"href":"https:\/\/archives.regards.fr\/index.php?rest_route=\/wp\/v2\/posts\/10207","targetHints":{"allow":["GET"]}}],"collection":[{"href":"https:\/\/archives.regards.fr\/index.php?rest_route=\/wp\/v2\/posts"}],"about":[{"href":"https:\/\/archives.regards.fr\/index.php?rest_route=\/wp\/v2\/types\/post"}],"author":[{"embeddable":true,"href":"https:\/\/archives.regards.fr\/index.php?rest_route=\/wp\/v2\/users\/1042"}],"replies":[{"embeddable":true,"href":"https:\/\/archives.regards.fr\/index.php?rest_route=%2Fwp%2Fv2%2Fcomments&post=10207"}],"version-history":[{"count":0,"href":"https:\/\/archives.regards.fr\/index.php?rest_route=\/wp\/v2\/posts\/10207\/revisions"}],"wp:attachment":[{"href":"https:\/\/archives.regards.fr\/index.php?rest_route=%2Fwp%2Fv2%2Fmedia&parent=10207"}],"wp:term":[{"taxonomy":"category","embeddable":true,"href":"https:\/\/archives.regards.fr\/index.php?rest_route=%2Fwp%2Fv2%2Fcategories&post=10207"},{"taxonomy":"post_tag","embeddable":true,"href":"https:\/\/archives.regards.fr\/index.php?rest_route=%2Fwp%2Fv2%2Ftags&post=10207"}],"curies":[{"name":"wp","href":"https:\/\/api.w.org\/{rel}","templated":true}]}}