{"id":10204,"date":"2017-02-21T07:05:38","date_gmt":"2017-02-21T06:05:38","guid":{"rendered":"https:\/\/wp.muchomaas.com\/article-la-revue-du-21-fevrier-2017\/"},"modified":"2023-06-23T23:24:11","modified_gmt":"2023-06-23T21:24:11","slug":"article-la-revue-du-21-fevrier-2017","status":"publish","type":"post","link":"https:\/\/archives.regards.fr\/?p=10204","title":{"rendered":"La Revue du 21 f\u00e9vrier 2017"},"content":{"rendered":"<strong>ACTUALITE<\/strong>\n\n<strong>-&#8220;FO ne donnera pas de consigne de vote. Pour moi, je ne sais pas encore pour qui je voterai. Il y a une d\u00e9ception g\u00e9n\u00e9rale. Les primaires sont une erreur. Les gens veulent que l&#8217;\u00e9lu respecte le sens et le projet. L&#8217;ensemble des syndicats europ\u00e9ens disent &#8220;l&#8217;aust\u00e9rit\u00e9, c&#8217;est fini&#8221;. On n&#8217;a dit qu&#8217;on n&#8217;\u00e9tait pas favorable au revenu universel&#8221; (Jean-Claude Mailly, secr\u00e9taire de FO, invit\u00e9 de &#8220;Territoires d&#8217;Infos&#8221;; vid\u00e9o, amener le curseur sur 32:49) :<\/strong> http:\/\/www.dailymotion.com\/video\/x5chxz8_invite-jean-claude-mailly-territoires-d-infos-20-02-2017_news\n\n-En 2016, les dividendes ont stagn\u00e9 dans le monde&#8230;sauf en France o\u00f9 ils ont progress\u00e9 de 11,8% (vid\u00e9o avec Maurice Ulrich de &#8220;l&#8217;Humanit\u00e9&#8221;) :  http:\/\/www.lci.fr\/economie\/les-dividendes-ont-stagne-en-2016-sauf-en-france-ou-ils-ont-augmente-de-plus-de-10-actionnaires-2026713.html\n\n-Les r\u00e9actions politiques au d\u00e9c\u00e8s de Xavier Beulin (vid\u00e9o) : http:\/\/www.francetvinfo.fr\/economie\/emploi\/metiers\/agriculture\/deces-de-xavier-beulin-les-reactions-politiques_2066651.html\n\n-&#8220;Nous distribuons chaque ann\u00e9e 13 milliards d&#8217;objets&#8221; (Sylvie Fran\u00e7ois, DRH de &#8220;La Poste&#8221;; interrog\u00e9e par Nicolas Pierron; vid\u00e9o) : https:\/\/www.dailymotion.com\/video\/x5cia9b_nous-distribuons-chaque-annee-13-milliards-d-objets-sylvie-francois-20-02-2017_news\n\n-&#8220;PSA-Opel, questions sur un rachat \u00e0 haut risque&#8221; (Nabil Bourassi) : http:\/\/www.latribune.fr\/entreprises-finance\/industrie\/automobile\/opel-psa-questions-sur-un-rachat-a-haut-risque-638540.html#xtor\n\n-&#8220;Faire rouler des TGV sur des lignes TGV, il suffisait d&#8217;y penser !&#8221; (Lionel Steinmann) : http:\/\/www.lesechos.fr\/industrie-services\/tourisme-transport\/0211802492904-letat-transfert-a-la-sncf-le-mistigri-de-la-commande-des-15-tgv-a-alstom-2065186.php#xtor\n\n<strong>-&#8220;L&#8217;\u00e9conomie de la mer p\u00e8se en France  trois fois plus que le secteur automobile et six fois plus que l&#8217;a\u00e9ronautique&#8221; (Baptiste Gaborit; son du 20 f\u00e9vrier) : <\/strong> https:\/\/www.radioclassique.fr\/radio\/emissions\/matinale-de-radio-classique\/3-minutes-planete\/\n\n-Les pilotes d&#8217;Air France ont dit oui \u00e0 58,1% \u00e0 la cr\u00e9ation d&#8217;une filiale \u00e0 co\u00fbt r\u00e9duit : \nhttp:\/\/www.lemonde.fr\/economie\/article\/2017\/02\/20\/air-france-les-pilotes-disent-oui-au-principe-de-la-creation-de-boost-une-filiale-a-couts-reduits_5082610_3234.html\n\n-Le syndicat, oppos\u00e9 au projet, prend acte de ce vote (vid\u00e9o) :  http:\/\/www.francetvinfo.fr\/economie\/transports\/greve-a-air-france\/low-cost-le-oui-des-pilotes-d-air-france_2067265.html\n\n-200 euros de l&#8217;Etat pour l&#8217;achat d&#8217;un v\u00e9lo \u00e9lectrique (Olivier Schneider, pr\u00e9sident de la FUB; interrog\u00e9 par Dimitri Pavlenko; son) : http:\/\/www.sudradio.fr\/Podcasts\/L-invite-pour-comprendre\/Olivier-Schneider-President-de-la-FUB\n\n-A partir du 1er mars,, du sport sur ordonnance (vid\u00e9o) : http:\/\/www.francetvinfo.fr\/sports\/sante-du-sport-sur-ordonnance_2067009.html\n\n-&#8220;Il y a r\u00e9ellement un lien entre cancer et alimentation&#8221; (St\u00e9phane Besan\u00e7on, directeur de l&#8217;ONG &#8220;Sant\u00e9 diab\u00e8te&#8221; au Mali; invit\u00e9 de Claire H\u00e9don; vid\u00e9o) : http:\/\/www.rfi.fr\/video\/20170220-cancer-alimentation\n\n<strong>-Le cancer est la deuxi\u00e8me cause de d\u00e9c\u00e8s chez les enfants de un \u00e0 quatorze ans (les docteurs Leila Kockler, Michael Lukasiewicz et Rapha\u00ebl Rousseau) : <\/strong> http:\/\/www.lesechos.fr\/idees-debats\/cercle\/0211799305629-il-ny-a-pas-de-fatalite-contre-le-cancer-de-lenfant-2065144.php#xtor\n\n-Une campagne pour mieux faire conna\u00eetre la loi sur la fin de vie (la ministre Marisol Touraine; vid\u00e9o) : https:\/\/www.publicsenat.fr\/article\/politique\/parlons-fin-de-vie-une-campagne-pour-mieux-faire-connaitre-la-loi-55682\n\n-&#8220;L&#8217;association &#8220;40 millions d&#8217;automobilistes&#8221; indign\u00e9e par &#8220;la privatisation des radars embarqu\u00e9s&#8221; (vid\u00e9o) : http:\/\/www.francetvinfo.fr\/societe\/securite-routiere\/radars-embarques-leur-privatisation-indigne-les-automobilistes_2067013.html\n\n-&#8220;A quoi jouent les enfants \u00e0 la r\u00e9cr\u00e9 ?&#8221; (vid\u00e9o) : http:\/\/www.francetvinfo.fr\/replay-radio\/question-d-education\/ecole-a-quoi-jouent-les-enfants-a-la-recre_2067019.html\n\n<strong>-Fran\u00e7ois Hollande a visit\u00e9 un logement social \u00e0 Ivry-sur-Seine (94; vid\u00e9o) : <\/strong> http:\/\/www.elysee.fr\/videos\/declaration-a-l-occasion-de-la-visite-d-un-logement-social-a-ivry-sur-seine\/\n\n<em>-Les Fran\u00e7ais et les services publics locaux (ODOXA) : <\/em> http:\/\/www.odoxa.fr\/sondage\/trois-quarts-francais-craignent-degradation-services-publics-locaux\/\n\n-&#8220;Une usine fran\u00e7aise doit voir le digital comme une opportunit\u00e9&#8221; (Jean-Jacques Orsini, directeur dans le groupe a\u00e9ronautique Safran; propos recueillis par Fabrice Gliszczynski) : http:\/\/www.latribune.fr\/entreprises-finance\/industrie\/aeronautique-defense\/une-usine-francaise-doit-voir-le-digital-comme-une-opportunite-safran-638571.html#xtor\n\n<strong>-Fos-sur-Mer malade de sa pollution (vid\u00e9o) : <\/strong> http:\/\/www.francetvinfo.fr\/sante\/cancer\/fos-sur-mer-malade-de-sa-pollution_2066819.html\n\n-&#8220;Incapable de faire face en zone rurale et dans certains quartiers&#8221;, l&#8217;enseignement catholique r\u00e9clame une modification des r\u00e8gles pour pouvoir r\u00e9pondre &#8220;aux demandes des familles&#8221; (Caroline Saliou, pr\u00e9sidente de l&#8217;APEL; son) :                    http:\/\/www.sudradio.fr\/Podcasts\/L-invite-pour-comprendre\/Caroline-Saliou-Presidente-de-l-APEL\n\n-&#8220;On a sous-estim\u00e9 l&#8217;impact du salafisme aujourd&#8217;hui dans les quartiers. K\u00e9pel a raison. La catastrophe absolue serait un deuxi\u00e8me tour Le Pen-Hamon&#8221; (Luc Ferry; vid\u00e9o) : https:\/\/www.dailymotion.com\/video\/x5cicxd_on-a-sous-estime-l-impact-du-salafisme-aujourd-hui-dans-les-quartiers-luc-ferry-20-02-2017_news\n\n-Le cur\u00e9 de l&#8217;\u00e9glise Sainte Blandine \u00e0 Lyon a d\u00e9cid\u00e9 de se marier (vid\u00e9o) : http:\/\/tempsreel.nouvelobs.com\/societe\/20170219.OBS5485\/le-pere-grea-cure-le-plus-cool-de-lyon-a-decide-de-se-marier.html#xtor\n\n-La justice requalifie en viol l&#8217;accusation de violences \u00e0 l&#8217;encontre d&#8217;un policier municipal de Drancy (93) : http:\/\/www.francetvinfo.fr\/faits-divers\/police\/policier-municipal-accuse-de-violences-a-drancy-la-justice-demande-la-requalification-en-viol_2066817.html\n\n<strong>-&#8220;Une d\u00e9cision de justice exceptionnelle&#8221; (vid\u00e9o) :<\/strong> http:\/\/www.francetvinfo.fr\/faits-divers\/arrestation-violente-a-aulnay-sous-bois\/policier-municipal-accuse-de-violences-a-drancy-le-tribunal-correctionnel-requalifie-les-faits-en-viol_2067227.html\n\n<strong>-&#8220;A Cr\u00e9teil (94), elle se fait avec les moyens du bord&#8221; (Jean Philippe Deniau; son) :<\/strong> https:\/\/www.franceinter.fr\/emissions\/le-zoom-de-la-redaction\/le-zoom-de-la-redaction-20-fevrier-2017\n\n<strong>-La matinale de France Inter au Tribunal de Grande Instance de Cr\u00e9teil, avec les questions des auditeurs (vid\u00e9os) : <\/strong> http:\/\/www.dailymotion.com\/video\/x5ci1wo_matinale-speciale-au-coeur-du-tgi-de-creteil_news                                                                                               http:\/\/www.dailymotion.com\/video\/x5ci9ka_matinale-speciale-au-coeur-du-tgi-de-creteil-les-questions-des-auditeurs-de-france-inter_news\n\n<em>-Les Fran\u00e7ais et les banlieues (IFOP) :<\/em> http:\/\/www.ifop.com\/?option=com_publication&#038;type=poll&#038;id=3659\n\nPOLITIQUE\n\n<strong>-&#8220;Je ne peux pas convaincre si je ne montre pas comment \u00e7a marche&#8221; a dit Jean-Luc M\u00e9lenchon&#8221; (Alexis Corbi\u00e8re, son porte-parole, apr\u00e8s les 5 heures de pr\u00e9sentation du programme du candidat; vid\u00e9o) :<\/strong> http:\/\/www.bfmtv.com\/mediaplayer\/video\/presidentielle-2017-jean-luc-melenchon-chiffre-son-programme-915899.html\n\n-&#8220;Un socialiste, je ne le crois plus sur parole&#8221; (vid\u00e9o) : http:\/\/rmc.bfmtv.com\/mediaplayer\/video\/alexis-corbiere-porte-parole-de-jean-luc-melenchon-un-socialiste-je-ne-le-crois-plus-sur-parole-915963.html\n\n-&#8220;M\u00e9lenchon trace sa route en chiffres&#8221; (Alexandre Hervaud et Aurore Coulaud) : http:\/\/www.liberation.fr\/france\/2017\/02\/19\/melenchon-trace-sa-route-en-chiffres_1549640\n\n-&#8220;273 milliards d&#8217;euros de d\u00e9penses suppl\u00e9mentaires&#8221; (vid\u00e9o) : http:\/\/www.francetvinfo.fr\/politique\/melenchon\/jean-luc-melenchon-un-programme-a-273-milliards-d-euros_2067225.html\n\n-&#8220;M\u00e9lenchon fait dans la politique du chiffre&#8221; (Christophe Geugneau; pi\u00e8ce jointe);\n\n<em>-Les principaux chiffres (document) : <\/em> https:\/\/fr.scribd.com\/document\/339809194\/Chiffrage-projet-France-insoumise#from_embed\n\n<strong>-&#8220;Je pr\u00e9f\u00e8re l&#8217;union \u00e0 la division. Peut-on r\u00e9gler d&#8217;ici l&#8217;\u00e9lection des probl\u00e8mes de fond que pose Jean-Luc M\u00e9lenchon dans sa lettre \u00e0 Beno\u00eet Hamon ? Ne faisons pas comme si on pouvait gommer d&#8217;un trait de plume la diff\u00e9rence entre ceux qui ont soutenu le gouvernement et ceux qui l&#8217;ont combattu. La question est de savoir quelle majorit\u00e9 pour mener une politique qui r\u00e9ponde aux attentes populaires. Il faut continuer de discuter&#8221;  (Cl\u00e9mentine Autain, conseill\u00e8re r\u00e9gionale Front de Gauche d&#8217;Ile-de-France, soutien de Jean-Luc M\u00e9lenchon; face \u00e0 une Alexandra Bensaid tr\u00e8s militante; vid\u00e9o) :<\/strong> http:\/\/www.dailymotion.com\/video\/x5chx2o_clementine-autain-repond-aux-questions-d-alexandra-bensaid_news\n\n-&#8220;Hamon-M\u00e9lenchon, c&#8217;est mort !&#8221; (Christophe Barbier; vid\u00e9o) : http:\/\/www.bfmtv.com\/mediaplayer\/video\/l-edito-de-christophe-barbier-hamon-melenchon-c-est-mort-915957.html\n\n<strong>-&#8220;Nous sommes condamn\u00e9s \u00e0 nous entendre de Macron \u00e0 M\u00e9lenchon. Il faut r\u00e9concilier la gauche sur un axe un peu plus \u00e0 gauche, la r\u00e9habilitation du bilan et une volont\u00e9 de cr\u00e9dibilit\u00e9. Les \u00e9lecteurs autour de Jean-Luc M\u00e9lenchon se rendent bien compte que l&#8217;efficacit\u00e9 est de se rassembler derri\u00e8re Beno\u00eet Hamon qui est compatible avec Emmanuel Macron et avec Jean-Luc M\u00e9lenchon. S&#8217;il l&#8217;emporte, toutes les sensibilit\u00e9s seront repr\u00e9sent\u00e9es au gouvernement. Emmanuel Macron rentre dans le dur. On aurait tort de ne pas se rendre compte que Mme Le Pen peut gagner l&#8217;\u00e9lection&#8221; (Jean-Christophe Cambad\u00e9lis, face \u00e0 Caroline Roux; vid\u00e9o) : <\/strong> http:\/\/www.france2.fr\/emissions\/telematin\/actu\/jean-christophe-cambadelis_554225\n\n-&#8220;Jean-Luc M\u00e9lenchon ne veut pas cr\u00e9er les conditions du rassemblement&#8221; (Alexis Bachelay, d\u00e9put\u00e9 PS des Hauts-de-Seine; vid\u00e9o) : http:\/\/www.rtl.fr\/actu\/societe-faits-divers\/presidentielle-hamon-melenchon-ne-veut-pas-creer-les-conditions-du-rassemblement-pour-alexis-bachelay-7787334906\n\n-&#8220;On ne peut pas dire je veux changer les choses et rester dans son bel isolement&#8221; (l&#8217;eurod\u00e9put\u00e9 \u00e9cologiste Pascal Durand, interrog\u00e9 par Fr\u00e9d\u00e9ric Rivi\u00e8re; vid\u00e9o) : http:\/\/www.rfi.fr\/video\/20170220-pascal-durand-on-peut-pas-dire-je-veux-changer-choses-rester-son-bel-isolement\n\n<strong>-&#8220;M\u00e9lenchon et Hamon ne sont pas interchangeables&#8221; (J\u00e9r\u00f4me Sainte-Marie, directeur de &#8220;Pollingvox&#8221;, ancien responsable des Instituts BVA et CSA) : <\/strong> http:\/\/www.lefigaro.fr\/vox\/politique\/2017\/02\/20\/31001-20170220ARTFIG00228-jerome-sainte-marie-melenchon-et-hamon-ne-sont-pas-interchangeables.php\n\n<strong>-Ce qui se discute entre Beno\u00eet Hamon et Yannick Jadot (vid\u00e9o, amener le curseur sur 17:27) :<\/strong> http:\/\/www.lcp.fr\/emissions\/politique-matin\/282393-politique-matin\n\n-La question \u00e9tait en d\u00e9bat dans l&#8217;\u00e9mission &#8220;\u00c7a vous regarde&#8221;, anim\u00e9e par Arnaud Ardoin (vid\u00e9o) :  http:\/\/www.lcp.fr\/emissions\/ca-vous-regarde\/282207-ca-vous-regarde\n\n-&#8220;La Fabrique \u00e9cologique&#8221; s\u00e9v\u00e8re avec les propositions des candidats (Val\u00e9ry Laram\u00e9e de Tannenberg) : http:\/\/www.euractiv.fr\/section\/politique\/news\/la-fabrique-ecologique-sans-concession-sur-les-propositions-des-candidats\/?nl_ref\n\n-Eric Piolle, maire \u00e9cologiste de Grenoble, propose \u00e0 Jean-Luc M\u00e9lenchon, Beno\u00eet Hamon et Yannick Jadot de se d\u00e9sister au profit de Nicolas Hulot (Barnab\u00e9 Binctin) : \nhttp:\/\/www.bastamag.net\/Si-nous-y-allons-avec-trois-candidats-ou-meme-deux-aucun-n-a-de-chances-d-aller\n\n-&#8220;Une candidature du NPA ric-rac \u00e0 cause des parrainages. Rien ne se passera comme pr\u00e9vu. Soit ce sera un cataclysme, soit ce sera un big bang d\u00e9mocratique et politique. Le colonialisme au m\u00eame titre que l&#8217;esclavage font partie de ces crimes contre l&#8217;humanit\u00e9&#8221; (Olivier Besancenot, invit\u00e9 de la matinale de Franceinfo; vid\u00e9o) : http:\/\/www.francetvinfo.fr\/replay-radio\/8h30-aphatie\/presidentielle-olivier-besancenot-pressent-une-candidature-du-npa-ric-rac-a-cause-des-parrainages_2051631.html\n\n-Philippe Poutou, candidat \u00e0 l&#8217;\u00e9lection pr\u00e9sidentielle, d\u00e9nonce &#8220;un barrage antid\u00e9mocratique&#8221;  (vid\u00e9o) : http:\/\/www.francetvinfo.fr\/elections\/presidentielle\/video-presidentielle-il-manque-200parrainages-a-philippe-poutou-qui-denonce-un-barrage-antidemocratique_2066933.html\n\n-Le num\u00e9ro 834 de ReSPUBLICA : http:\/\/www.gaucherepublicaine.org\/wp-content\/uploads\/lettres\/20170219_respublica-lettre-sommaire_lettre-834.htm\n\n<strong>-&#8220;La bulle Macron, un matraquage publicitaire massif&#8221; (Thomas Gu\u00e9nol\u00e9, enseignant \u00e0 Sciences Po Paris; entretien r\u00e9alis\u00e9 par Baptiste Legrand) : <\/strong> http:\/\/tempsreel.nouvelobs.com\/presidentielle-2017\/20170217.OBS5437\/la-bulle-macron-un-matraquage-publicitaire-massif.html#xtor\n\n-&#8220;Un r\u00e9volutionnaire du pass\u00e9&#8221; (Yves Thr\u00e9ard du&#8221;Figaro&#8221;; vid\u00e9o) : http:\/\/www.europe1.fr\/emissions\/ledito-politique-dyves-threard\/melenchon-un-revolutionnaire-du-passe-2982800\n\n-&#8220;Il doit arr\u00eater de croire qu&#8217;il peut refaire le monde&#8221; (Alba Ventura; vid\u00e9o) : http:\/\/www.rtl.fr\/actu\/politique\/presidentielle-2017-emmanuel-macron-doit-arreter-de-croire-qu-il-peut-refaire-le-monde-analyse-alba-ventura-7787329284\n\n-&#8220;Vous connaissez le programme de Fran\u00e7ois Fillon sur la sant\u00e9 ? Non parce qu&#8217;il change d&#8217;avis toutes les semaines&#8221; (Benjamin Griveaux, porte-parole d&#8217;Emmanuel Macron; vid\u00e9o) : http:\/\/www.lcp.fr\/la-politique-en-video\/vous-connaissez-le-programme-de-francois-fillon-sur-la-sante-non-parce-quil\n\n-Il \u00e9tait l&#8217;invit\u00e9 de &#8220;Politique matin&#8221; et r\u00e9pondait aux questions de Brigitte Boucher (vid\u00e9o, amener le curseur sur 31:08) : http:\/\/www.lcp.fr\/emissions\/politique-matin\/282393-politique-matin\n\n-&#8220;Il \u00e9tait temps que quelqu&#8217;un tranche sur la question de la colonisation&#8221; (l&#8217;\u00e9crivain alg\u00e9rien Kamel Daoud, invit\u00e9 de Thomas Sotto; vid\u00e9o) : http:\/\/www.dailymotion.com\/video\/x5chw4p_kamel-daoud-il-etait-temps-que-quelqu-un-tranche-sur-la-question-de-la-colonisation_news\n\n-&#8220;Macron est dans la s\u00e9duction, pas dans la conviction&#8221; (Eric Woerth, d\u00e9put\u00e9 LR de l&#8217;Oise, qui ne verrait pas d&#8217;inconv\u00e9nient \u00e0 ce que Fran\u00e7ois Fillon, mis en examen, reste candidat; interrog\u00e9 par Elizabeth Martichoux; vid\u00e9o) : http:\/\/www.rtl.fr\/actu\/politique\/woerth-ne-verrait-pas-de-probleme-a-une-candidature-de-fillon-mis-en-examen-7787329809\n\n-&#8220;Ce qu&#8217;a fait Emmanuel Macron en Alg\u00e9rie est une double humiliation. Sur la S\u00e9curit\u00e9 sociale, les choses vont changer dans son programme mais l&#8217;esprit reste le m\u00eame&#8221; (J\u00e9r\u00f4me Chartier, conseiller sp\u00e9cial de Fran\u00e7ois Fillon; interrog\u00e9 par Guillaume Durand; vid\u00e9o) : https:\/\/www.dailymotion.com\/video\/x5cic0i_ce-qu-a-fait-emmanuel-macron-est-une-double-humiliation-jerome-chartier-20-02-2017_news\n\n-&#8220;Les autres candidats veulent nous voler la victoire. J&#8217;ai senti l&#8217;envie de repartir en campagne. On a le droit de critiquer la presse. Macron n&#8217;a pas la carrure pour r\u00e9sister \u00e0 un Poutine ou \u00e0 un Trump&#8221; (Val\u00e9rie P\u00e9cresse, pr\u00e9sidente LR de la r\u00e9gion Ile-de-France; face \u00e0 Jean-Jacques Bourdin; vid\u00e9o) : http:\/\/www.bfmtv.com\/mediaplayer\/video\/valerie-pecresse-face-a-jean-jacques-bourdin-en-direct-915973.html\n\n-&#8220;Le maintien de Fran\u00e7ois Fillon est un naufrage de la droite&#8221; (Henri Guaino, d\u00e9put\u00e9 LR des Yvelines, candidat \u00e0 l&#8217;\u00e9lection pr\u00e9sidentielle; interrog\u00e9 par Audrey Crespo-Mara; vid\u00e9o) : http:\/\/www.lci.fr\/replay\/l-invite-politique-de-8h15-du-20-fevrier-2017-henri-guaino-depute-lr-des-yvelines-et-candidat-a-l-election-presidentielle-2026619.html\n\n-&#8220;Fran\u00e7ois Fillon a gagn\u00e9 une bataille, les militants de droite restent derri\u00e8re lui&#8221; (Paul Laubacher) : http:\/\/tempsreel.nouvelobs.com\/presidentielle-2017\/20170219.OBS5479\/francois-fillon-a-gagne-une-bataille-les-militants-de-droite-restent-derriere-lui.html#xtor\n\n-&#8220;La transparence, c&#8217;est un minimum \u00e0 exiger des \u00e9lus&#8221; (Elsa Foucraut de &#8220;Transparency International&#8221;, invit\u00e9e d&#8217;Eric Delvaux; son) : https:\/\/www.franceinter.fr\/emissions\/l-invite-du-5-7\/l-invite-du-5-7-20-fevrier-2017\n\n-&#8220;Nicolas Sarkozy, parrain des R\u00e9publicains&#8221; (Nathalie Schuck; son) : https:\/\/www.franceinter.fr\/emissions\/histoires-politiques\/histoires-politiques-20-fevrier-2017\n\n-&#8220;C&#8217;est un peu comique, il y a un an, au m\u00eame endroit, la m\u00eame perquisition a eu lieu. Peut-\u00eatre pensent-ils qu&#8217;on a rajout\u00e9 des preuves ! Ces probl\u00e8mes ont commenc\u00e9 au moment des \u00e9lections europ\u00e9ennes, quand nous sommes devenus le premier parti de France. Comme par hasard, la perquisition intervient alors que Marine Le Pen est au plus haut dans les sondages. Contrairement \u00e0 d&#8217;autres, il n&#8217;est pas question d&#8217;enrichissement personnel&#8221; (Florian Philippot, vice-pr\u00e9sident du FN, face \u00e0 Ruth Elkrief; vid\u00e9o) :  http:\/\/www.bfmtv.com\/mediaplayer\/video\/florian-philippot-face-a-ruth-elkrief-916191.html\n\n-&#8220;Comme il y avait des probl\u00e8mes, Marine Le Pen a demand\u00e9 l&#8217;interdiction de la manifestation pour \u00e9viter de graves d\u00e9bordements. Personne ne fait l&#8217;amalgame entre le terrorisme et une religion. Ce que nous mettons en cause, c&#8217;est le fondamentalisme. A Toulon, la r\u00e9alit\u00e9, c&#8217;est que le meeting de Macron \u00e9tait un bide. Cette perquisition m\u00e9diatique fait sans doute partie de l&#8217;engagement de Fran\u00e7ois Hollande contre le FN&#8221; (David Rachline, directeur de campagne de Marine Le Pen; face \u00e0 Laurence Ferrari; vid\u00e9o) :  http:\/\/www.itele.fr\/chroniques\/invite-laurence-ferrari\/linvite-de-laurence-ferrari-du-20022017-173059\n\n-Marine Le Pen re\u00e7ue par Michel Aoun, pr\u00e9sident du Liban (vid\u00e9o) : http:\/\/www.francetvinfo.fr\/politique\/marine-le-pen\/marine-le-pen-la-candidate-invitee-officiellement-au-liban_2067007.html\n\n<strong>-&#8220;Elle est solidement install\u00e9e en t\u00eate. Ses \u00e9lecteurs sont les plus s\u00fbrs de leur choix. Incertitude entre Fillon et Macron, avec, pour ce dernier, la plus faible s\u00fbret\u00e9 du choix. La qualification pour le second tour risque de se jouer \u00e0 moins de 100 000 voix&#8221; (Yves Marie-Cann de l&#8217;institut ELABE; son du 20 f\u00e9vrier) : <\/strong> https:\/\/www.radioclassique.fr\/radio\/emissions\/matinale-de-radio-classique\/l-invite-du-matin\/\n\n-&#8220;Pr\u00e9sidentielle, mais pourquoi tous les candidats sont-ils cathos ?&#8221; (Sylvain Courage) : http:\/\/tempsreel.nouvelobs.com\/presidentielle-2017\/20170219.OBS5481\/presidentielle-mais-pourquoi-diable-tous-les-candidats-sont-ils-cathos.html#xtor\n\n<strong>-&#8220;Une campagne sans dynamique&#8221; (Thomas Legrand; son) : <\/strong> https:\/\/www.franceinter.fr\/emissions\/l-edito-politique\/l-edito-politique-20-fevrier-2017\n\n-&#8220;Le candidat royaliste, un des micro-candidats&#8221; (Louise Clavier; son) : http:\/\/www.sudradio.fr\/Podcasts\/Les-reportages-de-la-matinee\/Louise-Clavier-Candidat-Royaliste-a-la-Presidentielle\n\n-&#8220;Les attentes des Fran\u00e7ais en mati\u00e8re de s\u00e9curit\u00e9&#8221; (Jean-Daniel L\u00e9vy de l&#8217;institut HARRIS; vid\u00e9o) : http:\/\/www.lcp.fr\/la-politique-en-video\/sondage-2017-93-des-francais-en-faveur-du-retablissement-de-la-police-de\n\n<em>-Le sondage :<\/em> http:\/\/harris-interactive.fr\/opinion_polls\/les-francais-et-la-securite-quatrieme-vague-denquete\/\n\n<em>-Les intentions de vote \u00e0 l&#8217;\u00e9lection pr\u00e9sidentielle au 20 f\u00e9vrier (OPINION-WAY) :   <\/em>  https:\/\/www.opinion-way.com\/fr\/\n\n<em>-Le m\u00eame (IFOP) :<\/em> http:\/\/www.parismatch.com\/La-presidentielle-en-temps-reel\n\n<strong>EUROPE-MONDE<\/strong>\n\n<strong>-La Conf\u00e9d\u00e9ration europ\u00e9enne des syndicats veut que les salaires augmentent (Janie Matthews) :<\/strong> http:\/\/www.euractiv.fr\/section\/europe-sociale-emploi\/news\/etuc-wages-in-europe-are-too-low\/?nl_ref\n\n<strong>-&#8220;La r\u00e9forme du march\u00e9 du carbone a transform\u00e9 le CO2 en source de profit&#8221; (l&#8217;eurod\u00e9put\u00e9 PS Edouard Martin) : <\/strong> http:\/\/www.euractiv.fr\/section\/climat-environnement\/opinion\/le-marche-du-carbone-reforme-risque-de-profiter-aux-climato-sceptiques\/?nl_ref\n\n-&#8220;Le vice-pr\u00e9sident am\u00e9ricain peine \u00e0 rassurer l&#8217;Europe&#8221; : http:\/\/www.euractiv.fr\/section\/politique\/news\/le-vice-president-americain-peine-a-rassurer-leurope\/?nl_ref\n\n-&#8220;Le Parlement europ\u00e9en renforce l&#8217;arsenal antiterroriste de l&#8217;Europe&#8221; : http:\/\/www.euractiv.fr\/section\/justice-affaires-interieures\/news\/meps-adopt-new-laws-to-stop-foreign-fighters-at-eu-borders\/?nl_ref\n\n<strong>-Il rejette le revenu universel (Jorge Valero) <\/strong> : http:\/\/www.euractiv.fr\/section\/europe-sociale-emploi\/news\/parliament-plenary-rejects-universal-basic-income\/?nl_ref=31565455\n\n-&#8220;Bilan mitig\u00e9 pour l&#8217;op\u00e9ration de lutte contre les passeurs en M\u00e9diterran\u00e9e&#8221; : http:\/\/www.euractiv.fr\/section\/justice-affaires-interieures\/news\/operation-sofia-has-saved-33296-migrants-in-mediterranean\/?nl_ref\n\n-&#8220;Nous souhaitons la libre circulation des services et des travailleurs avec cette modification de la directive sur les travailleurs  d\u00e9tach\u00e9s&#8221; (l&#8217;eurod\u00e9put\u00e9e du PPE Elisabeth Morin-Chartier, interrog\u00e9e par G\u00e9rard Leclerc; son du 20 f\u00e9vrier) :  https:\/\/www.radioclassique.fr\/radio\/emissions\/matinale-de-radio-classique\/journal-de-l-europe\/\n\n-&#8220;Sortir de l&#8217;euro, un pari trop risqu\u00e9 ?&#8221; (en d\u00e9bat chez Olivier Galzi sur I-T\u00e9l\u00e9; vid\u00e9o) : http:\/\/www.itele.fr\/chroniques\/grand-decryptage\/le-grand-decryptage-du-20022017-173065\n\n-La m\u00e9diatrice d\u00e9nonce des stages non r\u00e9mun\u00e9r\u00e9s par des services de l&#8217;Union europ\u00e9enne (Samuel White) : http:\/\/www.euractiv.fr\/section\/europe-sociale-emploi\/news\/oreilly-reprimands-eeas-over-unpaid-internships\/?nl_ref\n\n<strong>-Les immigr\u00e9s en gr\u00e8ve au Royaume-Uni (vid\u00e9o) : <\/strong> http:\/\/www.francetvinfo.fr\/monde\/europe\/migrants\/royaume-uni-les-immigres-en-greve_2066969.html\n\n-Tony Blair encourage les Britanniques \u00e0 se dresser contre le Brexit (Jame Crisp et Matthew Tempest) : http:\/\/www.euractiv.fr\/section\/royaume-uni-en-europe\/news\/blair-urges-pro-eu-britons-to-rise-up-against-brexit\/?nl_ref\n\n-&#8220;Lufthansa a trouv\u00e9 un accord salarial avec ses pilotes&#8221; : http:\/\/www.lesechos.fr\/industrie-services\/tourisme-transport\/0211802440044-lufthansa-a-trouve-un-accord-salarial-avec-ses-pilotes-2065203.php#xtor\n\n<strong>-Apr\u00e8s le sommet franco-espagnol, d\u00e9claration conjointe \u00e0 Malaga (vid\u00e9o) : <\/strong> http:\/\/www.elysee.fr\/videos\/declaration-conjointe-a-malaga\/\n\n-Les exportations agricoles espagnoles explosent (Oscar Tomasi) : http:\/\/www.euractiv.fr\/section\/innovation-entreprises\/news\/les-exportations-agricoles-espagnoles-explosent\/?nl_ref\n\n-Madrid veut taxer les sacs en plastique : http:\/\/www.euractiv.fr\/section\/developpement-durable\/news\/madrid-veut-taxer-les-sacs-en-plastique\/?nl_ref\n\n-&#8220;5 Etoiles, le populisme \u00e0 l&#8217;italienne&#8221; (Alberto Toscano; son) : https:\/\/www.franceinter.fr\/emissions\/meridien-d-europe\/meridien-d-europe-20-fevrier-2017\n\n-&#8220;La France doit prendre parti contre la surench\u00e8re aust\u00e9ritaire&#8221; inflig\u00e9e \u00e0 la Gr\u00e8ce (le PCF) : http:\/\/www.pcf.fr\/96654\n\n-&#8220;L&#8217;absence d&#8217;\u00e9ducation sexuelle entra\u00eene de nombreux avortements en Gr\u00e8ce&#8221; (Sarantis Michalopoulos) : http:\/\/www.euractiv.fr\/section\/sante-modes-de-vie\/news\/greece-alarmed-by-high-number-of-abortions-amongst-minors\/?nl_ref\n\n-Le Mont\u00e9n\u00e9gro d\u00e9stabilis\u00e9 apr\u00e8s une tentative de coup d&#8217;Etat (Georgi Gotev) : http:\/\/www.euractiv.fr\/section\/l-europe-dans-le-monde\/news\/eu-calls-for-rapid-investigation-into-montenegro-coup\/?nl_ref\n\n-&#8220;Cr\u00e9dit suisse&#8221;, la deuxi\u00e8me banque du pays, va supprimer 5 000 \u00e0 6 000 emplois de plus :  http:\/\/www.latribune.fr\/entreprises-finance\/banques-finance\/credit-suisse-va-supprimer-5-000-a-6-000-emplois-de-plus-638575.html#xtor\n\n<strong>-&#8220;La gestuelle de Donald Trump d\u00e9crypt\u00e9e par un sp\u00e9cialiste&#8221; (Adrien Rivierre; vid\u00e9os) :<\/strong> http:\/\/www.lesechos.fr\/idees-debats\/cercle\/0211798996469-la-gestuelle-de-donald-trump-decryptee-par-un-specialiste-2064868.php#xtor\n\n-&#8220;Il a toujours \u00e9t\u00e9 amoureux de la presse tant qu&#8217;elle disait du bien de lui&#8221; (Christine Ockrent et Adam Nossiter, invit\u00e9s de Fabien Namias; vid\u00e9o) : http:\/\/www.dailymotion.com\/video\/x5ci39o_christine-ockrent-donald-trump-a-toujours-ete-amoureux-de-la-presse-tant-qu-elle-disait-du-bien-de-l_news\n\n-&#8220;L&#8217;OTAN comme unique horizon&#8221; (Fr\u00e9d\u00e9ric Koller) : https:\/\/www.letemps.ch\/monde\/2017\/02\/19\/lotan-unique-horizon?utm_source\n\n-&#8220;Justin Trudeau a pris la taille XXL&#8221; (Nicolas Domenach; vid\u00e9o) : http:\/\/www.rtl.fr\/actu\/international\/justin-trudeau-a-pris-la-taille-xxl-selon-nicolas-domenach-7787329794\n\n<strong>CULTURE-MEDIAS<\/strong>\n\n<strong>-&#8220;Devenir r\u00e9fugi\u00e9e&#8221; (Amina Touidjine; vid\u00e9o) <\/strong> : https:\/\/www.youtube.com\/watch?v=AUsGd1VDOKs\n\n-A l&#8217;initiative de la Fondation Gabriel P\u00e9ri, les 3 et 17 mars prochains \u00e0 18 H, &#8220;Quel enseignement du fran\u00e7ais dans une \u00e9cole d\u00e9mocratique ?&#8221; :                        http:\/\/www.gabrielperi.fr\/quels-contenus-l%C3%A9cole-doit-elle-transmettre.html\n\n-&#8220;Avons-nous perdu le sens de la d\u00e9mocratie ?&#8221; (l&#8217;historienne Sophie Wahnich, directrice de recherche au CNRS; invit\u00e9e de &#8220;La Grande table&#8221; d&#8217;Olivia Gesbert; son) : https:\/\/www.franceculture.fr\/emissions\/la-grande-table-2eme-partie\/avons-nous-perdu-le-sens-de-la-democratie\n\n<strong>-La qu\u00eate de l&#8217;homme providentiel en politique (Patrice Gueniffey, directeur d&#8217;\u00e9tudes \u00e0 l&#8217;Ecole des hautes \u00e9tudes en sciences sociales; invit\u00e9 de Guillaume Erner; sons) : <\/strong> \nhttps:\/\/www.franceculture.fr\/emissions\/linvite-des-matins\/lhistoire-dans-la-presidentielle-qui-croit-encore-aux-grands-hommes#xtor\nhttps:\/\/www.franceculture.fr\/emissions\/linvite-des-matins-2eme-partie\/lhistoire-dans-la-presidentielle-qui-croit-encore-aux\n\n-&#8220;Quand on regarde notre histoire, on voit naturellement les grands personnages mais on oublie les fantassins de la R\u00e9publique&#8221; (Jean-Louis Debr\u00e9, auteur du &#8220;Dictionnaire amoureux de la R\u00e9publique&#8221;; son) : http:\/\/www.sudradio.fr\/Podcasts\/L-invite-pour-comprendre\/Jean-Louis-Debre-Ancien-president-du-Conseil-Constitutionnel\n\n-&#8220;La Guerre et apr\u00e8s&#8221;, neuf t\u00e9moignages de militaires dans l&#8217;ouvrage de la journaliste de RFI et productrice \u00e0 France Culture Pauline Maucort (Claude Angelier; son) : https:\/\/www.franceculture.fr\/emissions\/les-emois\/le-soleil-ni-la-mort-la-guerre-et-apres-de-pauline-maucort#xtor\n\n<strong>-Jusqu&#8217;au 22 mai, Vermeer expose douze toiles au Louvre (vid\u00e9o) : <\/strong> http:\/\/www.lci.fr\/culture\/sur-les-traces-de-vermeer-2026734.html%3Ftype=content\n\n-En Ile-de-France, &#8220;p\u00e9ril en Arcadi&#8221; (Texte collectif) : http:\/\/www.liberation.fr\/debats\/2017\/02\/20\/peril-en-arcadi_1549124\n\n<strong>-Elle joue Marguerite Duras pour la premi\u00e8re fois, Judith Magre \u00e9tait l&#8217;invit\u00e9e d&#8217;Augustin Trapenard (son) : <\/strong> https:\/\/www.franceinter.fr\/emissions\/boomerang\/boomerang-20-fevrier-2017\n\n<strong>-Catherine Frot, invit\u00e9e de &#8220;Passion Classique&#8221; d&#8217;Olivier Bellamy (son) : <\/strong> https:\/\/www.radioclassique.fr\/radio\/emissions\/passion-classique\/\n\n-A La Ciotat (13), la plus vieille salle de cin\u00e9ma au monde (Pierre Pinelli) : http:\/\/www.telerama.fr\/sortir\/a-la-ciotat-on-a-visite-la-plus-vieille-salle-de-cinema-au-monde,154204.php#xtor\n\n<strong>-&#8220;Mon film est un portrait objectif d&#8217;un parti populiste&#8221; (Lucas Delvaux, r\u00e9alisateur de &#8220;Chez Nous&#8221;, invit\u00e9 de &#8220;La Grande table&#8221; d&#8217;Olivia Gesbert; son) : <\/strong> https:\/\/www.franceculture.fr\/emissions\/la-grande-table-1ere-partie\/lucas-belvaux-mon-film-est-un-portrait-objectif-dun-parti#xtor\n\n<strong>-Petite histoire de la contestation aux Oscars (C\u00e9cile Mury; vid\u00e9os) :<\/strong> http:\/\/www.telerama.fr\/cinema\/petite-histoire-de-la-contestation-aux-oscars,154272.php#xtor\n\n<strong>-Grand Corps Malade, r\u00e9alisateur de &#8220;Patient&#8221;, \u00e9tait l&#8217;invit\u00e9 de Claire Chazal (son du 18 f\u00e9vrier) <\/strong> : https:\/\/www.radioclassique.fr\/radio\/emissions\/l-invite-culture-de-claire-chazal\/\n\n<strong>-&#8220;La justice en chansons&#8221; (Rebecca Manzoni; vid\u00e9o) : <\/strong> https:\/\/www.franceinter.fr\/emissions\/pop-co\/pop-co-20-fevrier-2017\n\n-Il a accompagn\u00e9 Claude Nougaro pendant 40 ans, Maurice Vander est mort \u00e0 87 ans (Patrick Cohen; vd\u00e9o) : https:\/\/www.franceinter.fr\/emissions\/le-7h43\/le-7h43-20-fevrier-2017\n\n<strong>-Pendant trois ans, No\u00eblle Herrenschmidt a promen\u00e9 ses pinceaux et sa palette dans les couloirs de l&#8217;Assembl\u00e9e nationale (vid\u00e9o) :<\/strong>  http:\/\/www.lcp.fr\/la-politique-en-video\/lassemblee-nationale-trait-pour-trait-0\n\n-&#8220;Anonymous a attaqu\u00e9 et d\u00e9truit le dark web&#8221; (Yolaine de la Bigne; son) : http:\/\/www.sudradio.fr\/Podcasts\/Quelle-epoque-ethique\/Anonymous-et-dark-web\n\n<strong>-&#8220;La difficult\u00e9 pour les journalistes de s&#8217;informer sur la Cor\u00e9e du Nord&#8221; (Harold Thibault, qui couvre la r\u00e9gion pour &#8220;Le Monde&#8221;, \u00e9tait l&#8217;invit\u00e9 de Sonia Devillers; vid\u00e9o, amener le curseur sur 5:20) <\/strong> : http:\/\/www.dailymotion.com\/video\/x5cifxm_les-journalistes-face-au-mur-de-pyongyang_news\n\n-Le 2 mars prochain, salle Wagram \u00e0 Paris, les candidats \u00e0 la pr\u00e9sidentielle vont plancher avec pour sujet les m\u00e9dias (Marc Baudriller; son du 20 f\u00e9vrier) :  https:\/\/www.radioclassique.fr\/radio\/emissions\/matinale-de-radio-classique\/la-vie-des-medias\/\n\n<strong>-&#8220;Beaucoup d&#8217;entre eux investissent Internet. Jean-Luc M\u00e9lenchon l&#8217;a fait 5 heures dimanche, sans journalistes. Avec 20 000 internautes, il a marqu\u00e9 des points. C&#8217;est sa position anti-syst\u00e8me qui explique son succ\u00e8s. Il est un des seuls \u00e0 avoir compris qu&#8217;on ne s&#8217;exprimait pas sur internet comme sur les autres m\u00e9dias&#8221; (Jean Massiet, fondateur de la cha\u00eene Accropolis, interrog\u00e9 par Dimitri Pavlenko; son) : <\/strong> http:\/\/www.sudradio.fr\/Podcasts\/L-invite-pour-comprendre\/Jean-Massiet-Fondateur-de-la-chaine-Accropolis\n\n-&#8220;Omnipr\u00e9sence sur Internet&#8221; (J\u00e9r\u00f4me Ivanitchtchenko; vid\u00e9o) : http:\/\/www.dailymotion.com\/video\/x5cicnd_presidentielle-2017-les-candidats-omnipresents-sur-internet_news\n\n-&#8220;Claire Chazal nous rejoindra sur Franceinfo au cours du mois de mars&#8221; (Germain Dagonet, directeur de l&#8217;Information, interrog\u00e9 par Thomas Joubert; vid\u00e9o) : http:\/\/www.dailymotion.com\/video\/x5cifpo_germain-dagognet-claire-chazal-nous-rejoindra-sur-france-info-au-cours-du-mois-de-mars_news\n\n<strong>-&#8220;Apr\u00e8s la prison, le tribunal et bient\u00f4t la mairie de Levallois-Perret&#8221; (Charline Vanhoenacker; vid\u00e9o)<\/strong> : http:\/\/www.dailymotion.com\/video\/x5chvpo_apres-la-prison-le-tribunal-et-bientot-la-mairie-de-levallois-perret-le-billet-de-charline_fun\n\n<strong>-&#8220;D\u00e9tournement de campagne&#8221; (Sophia Aram; vid\u00e9o) : <\/strong> http:\/\/www.dailymotion.com\/video\/x5ci5nf_detournement-de-campagne-le-billet-de-sophia-aram_fun\n\n\n<h2 class=\"wp-block-heading\">Documents joints<\/h2>\n\n\n\n<div class=\"wp-block-file\"><a href=\"https:\/\/wp.muchomaas.com\/wp-content\/uploads\/2017\/02\/melenchon_fait_dans_la_politique_du_chiffre-561.pdf\">melenchon_fait_dans_la_politique_du_chiffre.pdf<\/a><\/div>\n\n\n","protected":false},"excerpt":{"rendered":"<p>ACTUALITE -&#8220;FO ne donnera pas de consigne de vote. Pour moi, je ne sais pas encore pour qui je voterai. Il y a une d\u00e9ception g\u00e9n\u00e9rale. Les primaires sont une erreur. Les gens veulent que l&#8217;\u00e9lu respecte le sens et le projet. L&#8217;ensemble des syndicats europ\u00e9ens disent &#8220;l&#8217;aust\u00e9rit\u00e9, c&#8217;est fini&#8221;. On n&#8217;a dit qu&#8217;on n&#8217;\u00e9tait [&hellip;]<\/p>\n","protected":false},"author":1042,"featured_media":0,"comment_status":"open","ping_status":"open","sticky":false,"template":"","format":"standard","meta":{"_themeisle_gutenberg_block_has_review":false,"footnotes":""},"categories":[151],"tags":[],"class_list":["post-10204","post","type-post","status-publish","format-standard","hentry","category-la-revue-de-presse-de-lulu"],"_links":{"self":[{"href":"https:\/\/archives.regards.fr\/index.php?rest_route=\/wp\/v2\/posts\/10204","targetHints":{"allow":["GET"]}}],"collection":[{"href":"https:\/\/archives.regards.fr\/index.php?rest_route=\/wp\/v2\/posts"}],"about":[{"href":"https:\/\/archives.regards.fr\/index.php?rest_route=\/wp\/v2\/types\/post"}],"author":[{"embeddable":true,"href":"https:\/\/archives.regards.fr\/index.php?rest_route=\/wp\/v2\/users\/1042"}],"replies":[{"embeddable":true,"href":"https:\/\/archives.regards.fr\/index.php?rest_route=%2Fwp%2Fv2%2Fcomments&post=10204"}],"version-history":[{"count":0,"href":"https:\/\/archives.regards.fr\/index.php?rest_route=\/wp\/v2\/posts\/10204\/revisions"}],"wp:attachment":[{"href":"https:\/\/archives.regards.fr\/index.php?rest_route=%2Fwp%2Fv2%2Fmedia&parent=10204"}],"wp:term":[{"taxonomy":"category","embeddable":true,"href":"https:\/\/archives.regards.fr\/index.php?rest_route=%2Fwp%2Fv2%2Fcategories&post=10204"},{"taxonomy":"post_tag","embeddable":true,"href":"https:\/\/archives.regards.fr\/index.php?rest_route=%2Fwp%2Fv2%2Ftags&post=10204"}],"curies":[{"name":"wp","href":"https:\/\/api.w.org\/{rel}","templated":true}]}}