{"id":10200,"date":"2017-02-20T06:26:14","date_gmt":"2017-02-20T05:26:14","guid":{"rendered":"https:\/\/wp.muchomaas.com\/article-la-revue-du-20-fevrier-2017\/"},"modified":"2023-06-23T23:24:10","modified_gmt":"2023-06-23T21:24:10","slug":"article-la-revue-du-20-fevrier-2017","status":"publish","type":"post","link":"https:\/\/archives.regards.fr\/?p=10200","title":{"rendered":"La Revue du 20 f\u00e9vrier 2017"},"content":{"rendered":"<strong>ACTUALITE<\/strong>\n\n<strong>-La le\u00e7on de solidarit\u00e9 des \u00e9l\u00e8ves du lyc\u00e9e Le Corbusier d&#8217;Aubervilliers en Seine-Saint-Denis (Carole Sterl\u00e9; vid\u00e9o) : <\/strong> http:\/\/www.leparisien.fr\/aubervilliers-93300\/video-la-lecon-de-solidarite-des-lyceens-d-aubervilliers-fait-un-tabac-au-conseil-economique-et-social-17-02-2017-6690084.php\n\n<strong>-La disparition des services publics hors des grandes agglom\u00e9rations; l&#8217;exemple de Lure en Haute-Sa\u00f4ne (un reportage de S\u00e9bastien Laug\u00e9nie; son) : <\/strong> https:\/\/www.franceinter.fr\/emissions\/interception\/interception-12-fevrier-2017\n\n-&#8220;Incons\u00e9quence ferroviaire&#8221; (Daniel Fortin) : http:\/\/www.lesechos.fr\/idees-debats\/editos-analyses\/0211803405697-inconsequence-ferroviaire-2065315.php#xtor\n\n-A Beauvais dans l&#8217;Oise, le fabriquant de chaussettes Kindy a six mois pour \u00e9viter la liquidation judiciaire (vid\u00e9o) : http:\/\/www.francetvinfo.fr\/economie\/emploi\/plans-sociaux\/textile-le-fabricant-de-chaussettes-kindy-a-six-mois-pour-eviter-la-liquidation_2064471.html\n\n<strong>-&#8220;Air France reste moins comp\u00e9titive que ses principaux concurrents avec une concurrence tr\u00e8s agressive des compagnies low cost. Nous voulons faire porter l&#8217;essentiel des efforts sur les nouveaux personnels navigants qui seront embauch\u00e9s. Si le syndicat des pilotes dit non, ce sera le d\u00e9clin. Je ne m&#8217;y r\u00e9sous pas &#8221; (Jean-Marc Janaillac, PDG d&#8217;Air France-KLM; interrog\u00e9 par Marion L&#8217;Hour; son, amener le curseur sur 33:36) : <\/strong> https:\/\/www.franceinter.fr\/emissions\/on-n-arrete-pas-l-eco\/on-n-arrete-pas-l-eco-18-fevrier-2017\n\n-&#8220;Derri\u00e8re la reprise des n\u00e9gociations sur l&#8217;assurance ch\u00f4mage, il y a un enjeu de soci\u00e9t\u00e9&#8221; (David Abiker recevait le pr\u00e9sident de l&#8217;UNEDIC Alexandre Saubot; son, amener le curseur sur 12:18) : http:\/\/www.europe1.fr\/emissions\/c-est-arrive-cette-semaine\/cest-arrive-cette-semaine-180217-2981531\n\n<em>-Le regard des Fran\u00e7ais sur la richesse (ODOXA) :<\/em> http:\/\/www.lesechos.fr\/economie-france\/budget-fiscalite\/021153777351-a-partir-de-quel-salaire-est-on-riche-la-reponse-des-francais-1130932.php#xtor\n\n-&#8220;Bonnenote.fr propose, moyennant finance, de sous-traiter des devoirs d&#8217;\u00e9l\u00e8ves \u00e0 des profs&#8221; (son cr\u00e9ateur Victor Der Megreditchian, interrog\u00e9 par David Abiker; son, amener le curseur sur 20:35) :  http:\/\/www.europe1.fr\/emissions\/c-est-arrive-cette-semaine\/cest-arrive-cette-semaine-180217-2981531\n\n-Les arnaques du d\u00e9pannage \u00e0 domicile (Val\u00e8re Cor\u00e9ard; son) : https:\/\/www.franceinter.fr\/emissions\/social-lab\/social-lab-19-fevrier-2017\n\n<strong>-&#8220;Les compteurs Linky, mon amour ou pas ?&#8221; (d\u00e9bat avec Gladys Larose du programme Linky et l&#8217;opposant St\u00e9phane Lhomme, pr\u00e9sident de l&#8217;Observatoire du nucl\u00e9aire; son, amener le curseur sur 13:10) : <\/strong> https:\/\/www.franceinter.fr\/emissions\/co2-mon-amour\/co2-mon-amour-18-fevrier-2017\n\n<strong>-Les h\u00f4tels tentent d&#8217;\u00e9chapper aux interm\u00e9diaires (Laurent Bougras, directeur de l&#8217;association Fairbooking et Brigitte Masson, propri\u00e9taire d&#8217;un h\u00f4tel; invit\u00e9s de Patricia Martin; son) :<\/strong> https:\/\/www.franceinter.fr\/emissions\/l-nterview-societe-civile\/l-nterview-societe-civile-19-fevrier-2017\n\n-&#8220;Une nouvelle menace plane sur les distributeurs automatiques de billets&#8221; (Etienne Combier) : http:\/\/www.lesechos.fr\/finance-marches\/banque-assurances\/0211796725603-une-nouvelle-menace-plane-sur-les-distributeurs-automatiques-de-billets-2064649.php#xtor\n\n<strong>-&#8220;Veill\u00e9e d&#8217;armes contre le stockage de d\u00e9chets radioactifs de Bure&#8221; (Pierre Le Hire; vid\u00e9o) :<\/strong> http:\/\/www.lemonde.fr\/planete\/article\/2017\/02\/17\/veillee-d-armes-contre-le-stockage-radioactif-de-bure_5081440_3244.html\n\n-Deux interpellations durant la manifestation : http:\/\/www.lemonde.fr\/planete\/article\/2017\/02\/19\/site-d-enfouissement-de-bure-deux-interpellations-lors-de-la-manifestation_5081945_3244.html\n\n-&#8220;Tous les candidats veulent passer \u00e0 Bure&#8221; (Elise Godeau) : http:\/\/www.liberation.fr\/elections-presidentielle-legislatives-2017\/2017\/02\/17\/tous-les-candidats-veulent-passer-a-bure-on-dirait-notre-dame-des-landes-en-2012_1549300\n\n-Le biodiesel, un d\u00e9sastre \u00e9cologiste ?&#8221; (vid\u00e9o) : \nhttp:\/\/www.francetvinfo.fr\/sante\/environnement-et-sante\/video-le-biodiesel-desastre-ecologique_2065965.html\n\n<strong>-Les d\u00e9lais de prescription bient\u00f4t doubl\u00e9s  (le d\u00e9put\u00e9 PRG du Calvados Alain Tourret, qui porte la proposition avec celui LR du Rh\u00f4ne Georges Fenech, face \u00e0 Laurence Blisson, secr\u00e9taire g\u00e9n\u00e9rale du Syndicat de la magistrature; vid\u00e9o) : <\/strong> http:\/\/www.rtl.fr\/actu\/societe-faits-divers\/justice-les-delais-de-prescription-bientot-doubles-7787271983\n\n-Deux enseignants racontent leur quotidien aupr\u00e8s de jeunes d\u00e9tenus (vid\u00e9o) : http:\/\/www.francetvinfo.fr\/societe\/prisons\/prisons-deux-enseignantes-racontent-leur-quotidien-aupres-des-jeunes-detenus_2064475.html\n\n<strong>-Sur la majorit\u00e9 p\u00e9nale abaiss\u00e9e \u00e0 16 ans, le face \u00e0 face entre Jean-Pierre Rosenczveig, ancien pr\u00e9sident du Tribunal de Bobigny pour enfants et Eric Ciotti, porte-parole de Fran\u00e7ois Fillon (vid\u00e9o) <\/strong> : http:\/\/www.europe1.fr\/emissions\/linterview-politique-de-8h20\/eric-ciotti-la-meilleure-reponse-a-la-delinquance-des-mineurs-cest-une-sanction-plus-ferme-2980595\n\n<strong>-&#8220;Les d\u00e9bordements dans les manifestations sont une insulte \u00e0 Th\u00e9o et \u00e0 sa famille&#8221; (Dominique Sopo, pr\u00e9sident de &#8220;SOS Racisme&#8221;, invit\u00e9 de Wendy Bouchard; vid\u00e9o) : <\/strong> http:\/\/www.dailymotion.com\/video\/x5cbk0u_dominique-sopo-les-debordements-une-insulte-a-theo-et-a-sa-famille_news\n\n-Manifestation Place de la R\u00e9publique \u00e0 Paris (vid\u00e9os) : http:\/\/www.lci.fr\/societe\/en-direct-affaire-theo-aulnay-suivez-les-manifestations-place-de-la-republique-a-paris-nantes-nice-montpellier-2026420.html\n\n-&#8220;La qualification de viol au centre de l&#8217;enqu\u00eate&#8221; (Simon Auffret et Marie Limousin) :  http:\/\/www.lemonde.fr\/les-decodeurs\/article\/2017\/02\/17\/interpellation-violente-de-theo-l-la-qualification-de-viol-au-centre-de-l-enquete_5081565_4355770.html \n\n<strong>-&#8220;Police, le blues et la matraque&#8221; (un reportage au sein de la police de Patricia Hernandez; son) : <\/strong> https:\/\/www.franceinter.fr\/emissions\/interception\/interception-19-fevrier-2017\n\n<em>-Les Fran\u00e7ais et les incidents en banlieue (BVA) :<\/em>                                      http:\/\/www.bva-group.com\/sondages\/francais-incidents-banlieue\/\n\n-Xavier Beulin, pr\u00e9sident de la FNSEA, est d\u00e9c\u00e9d\u00e9 \u00e0 l&#8217;\u00e2ge de 58 ans (au dernier salon de l&#8217;agriculture, interrog\u00e9 par Arlette Chabot; vid\u00e9o) : http:\/\/www.lci.fr\/societe\/xavier-beulin-le-president-de-la-fnsea-est-mort-a-l-age-de-58-ans-2026576.html\n\n<strong>POLITIQUE<\/strong>\n\n<strong>-&#8220;J&#8217;ai un programme, il y a un texte, pas qu&#8217;une personne avec sa cravate. Il y a dans le pays une immense col\u00e8re. Il faut qu&#8217;il (Fran\u00e7ois Fillon) accepte que les gens manifestent leur humeur. L&#8217;\u00e9lection sera un coup de balai. Il n&#8217;est plus cr\u00e9dible sur rien. C&#8217;est un cadeau qui nous est fait mais ce n&#8217;est pas bon pour la d\u00e9mocratie. \u00c7a ne sert \u00e0 rien qu&#8217;on fasse tous les deux (avec Beno\u00eet Hamon) la danse du ventre. Qui a perdu la moiti\u00e9 de ses voix ? Le Parti socialiste. Je n&#8217;ai pas l&#8217;intention d&#8217;aller m&#8217;accrocher \u00e0 un corbillard. Si Beno\u00eet Hamon est pr\u00eat \u00e0 rompre avec tout \u00e7a, il est le bien venu et on peut discuter. Je ne demande aucune t\u00eate, je demande qu&#8217;on ne se paye pas la mienne. 70 % des Fran\u00e7ais ne votent pas pour Marine Le Pen. C&#8217;est un argument qui sert \u00e0 faire peur et \u00e0 emp\u00eacher de penser. La guerre d&#8217;Alg\u00e9rie est finie, maintenant, on s&#8217;aime&#8221; (Jean-Luc M\u00e9lenchon, invit\u00e9 de Ruth El Krief; vid\u00e9o) <\/strong> : http:\/\/www.bfmtv.com\/mediaplayer\/video\/jean-luc-melenchon-face-a-ruth-elkrief-915525.html\n \n-\u00ab Le Parti qui dirige le pays, c\u2019est le Parti socialiste qui a fait beaucoup de d\u00e9g\u00e2ts. On ne fera pas croire \u00e0 la population que ces gens-l\u00e0 vont faire le contraire de ce qu\u2019ils ont fait. Mme El Khomri ne va pas se faire \u00e9lire pour abroger la loi Travail. Nous voulons des garanties pour qu\u2019on ne nous refasse pas le coup du Bourget. Nous ne voulons pas participer \u00e0 une entreprise de recyclage de socialistes qui nous disent qu\u2019ils ont chang\u00e9 en pensant le contraire. Si on additionne des choses incoh\u00e9rentes, on d\u00e9truit tout cela\u00bb (Alexis Corbi\u00e8re, porte-parole de Jean-Luc M\u00e9lenchon, face \u00e0 Yves Calvi ; vid\u00e9o) : http:\/\/www.rtl.fr\/actu\/politique\/macron-sur-la-colonisation-quand-on-est-chef-d-etat-il-faut-etre-vertebre-dit-corbiere-7787287891\n\n<strong>-Pendant 5 heures, &#8220;\u00e9mission chiffrage du programme&#8221; (vid\u00e9o) : <\/strong>             \n<iframe loading=\"lazy\" title=\"\u00c9MISSION SP\u00c9CIALE CHIFFRAGE DU PROGRAMME - #JLMChiffrage\" width=\"500\" height=\"281\" src=\"https:\/\/www.youtube.com\/embed\/T7b67QCjibc?feature=oembed\" frameborder=\"0\" allow=\"accelerometer; autoplay; clipboard-write; encrypted-media; gyroscope; picture-in-picture; web-share\" referrerpolicy=\"strict-origin-when-cross-origin\" allowfullscreen><\/iframe> \n\n-En Limousin, des difficult\u00e9s pour les l\u00e9gislatives entre le PCF et la &#8220;France insoumise&#8221; (Laurence Pache, repr\u00e9sentante de cette derni\u00e8re, interrog\u00e9e par Anna\u00efck Demars, avec Francis Dauliac, secr\u00e9taire de la f\u00e9d\u00e9ration de Haute-Vienne du PCF, en amenant le curseur sur 21:35; vid\u00e9o) : http:\/\/m.pluzz.francetv.fr\/videos\/dimanche_en_politique_limousin.html\n\n-&#8220;Les communistes qui soutiennent M\u00e9lenchon se mobilisent&#8221; (tribune collective) : http:\/\/www.lejdd.fr\/Politique\/TRIBUNE-Les-communistes-qui-soutiennent-Melenchon-se-mobilisent-847682\n\n<em>-La lettre ouverte de Jean-Luc M\u00e9lenchon \u00e0 Beno\u00eet Hamon (document) : <\/em> https:\/\/blogs.mediapart.fr\/cyril-molesini\/blog\/170217\/lettre-ouverte-de-jean-luc-melenchon-benoit-hamon-le-17-fevrier\n\n-&#8220;Ils se sont parl\u00e9, mais rien n&#8217;est fait&#8221; (C\u00e9cile Amar) : http:\/\/tempsreel.nouvelobs.com\/presidentielle-2017\/20170217.OBS5456\/hamon-et-melenchon-se-sont-parles-mais-rien-n-est-fait.html\n\n-Au Portugal, Beno\u00eet Hamon a r\u00e9pondu \u00e0 Jean-Luc M\u00e9lenchon (Thibaud Le Meneec) : http:\/\/www.lejdd.fr\/Politique\/Au-Portugal-Hamon-repond-a-Melenchon-et-expose-son-plan-pour-l-Europe-848312\n\n-&#8220;Je ne cours apr\u00e8s personne et je n&#8217;oblige personne. Aujourd&#8217;hui, je suis le mieux plac\u00e9 pour remporter l&#8217;\u00e9lection pr\u00e9sidentielle&#8221; (le candidat socialiste; vid\u00e9o) : http:\/\/www.francetvinfo.fr\/politique\/ps\/primaire-a-gauche\/presidentielle-pas-d-union-pour-jean-luc-melenchon-et-benoit-hamon_2065969.html\n\n-&#8220;Je refuse de bricoler un accord d&#8217;appareil&#8221; (il \u00e9tait l&#8217;invit\u00e9 du &#8220;Grand Jury-RTL; vid\u00e9o) : http:\/\/www.rtl.fr\/actu\/politique\/presidentielle-2017-hamon-melenchon-refuse-de-bricoler-un-accord-d-appareil-7787319712\n\n-&#8220;Il veut monter qu&#8217;il dispose d&#8217;une capacit\u00e9 de rassemblement plus grande que Jean-Luc M\u00e9lenchon&#8221; (Fr\u00e9d\u00e9ric Sawicky, professeur de sciences politiques \u00e0 l&#8217;universit\u00e9 Paris I; entretien r\u00e9alis\u00e9 par Baptiste Legrand) :  \nhttp:\/\/tempsreel.nouvelobs.com\/presidentielle-2017\/20170217.OBS5453\/hamon-melenchon-une-competition-pour-savoir-qui-sera-le-plus-unitaire.html#xtor\n\n<strong>-&#8220;Les faux-semblants de l&#8217;union&#8221; (Roger Martelli) : <\/strong> https:\/\/wp.muchomaas.com\/web\/article\/les-faux-semblants-de-l-union\n\n-&#8220;Hollande aurait d\u00fb faire une autre politique \u00e9conomique et sociale&#8221; (Beno\u00eet Hamon \u00e9tait interrog\u00e9 par Anna Cabana et Arthur Nazaret dans le JDD) : http:\/\/www.lejdd.fr\/Politique\/Hamon-sur-les-banlieues-Hollande-aurait-du-faire-une-autre-politique-economique-et-sociale-848411\n\n-&#8220;Avec Beno\u00eet Hamon, on va proposer pour la premi\u00e8re fois, une vraie proposition de  d\u00e9mocratisation de la zone euro pour sortir de l&#8217;aust\u00e9rit\u00e9. Avec Emmanuel Macron, on a quelqu&#8217;un qui est pr\u00eat \u00e0 dire tout et n&#8217;importe quoi pour attraper tout le monde. Apr\u00e8s le Brexit, s&#8217;amuser \u00e0 faire ressortir un pays de la zone euro, c&#8217;est ouvrir une boite de Pandore dont on ne sortira jamais. Il est temps de dialoguer entre Beno\u00eet Hamon et Jean-Luc M\u00e9lenchon&#8221; (Thomas Piketty, invit\u00e9 de &#8220;BFM Politique&#8221;; vid\u00e9os) : http:\/\/www.bfmtv.com\/mediaplayer\/video\/avec-benoit-hamon-on-va-proposer-pour-la-premiere-fois-une-vraie-proposition-d-une-democratisation-de-la-zone-euro-pour-sortir-de-l-austerite-thomas-piketty-915803.html                                                                                                  http:\/\/www.bfmtv.com\/mediaplayer\/video\/politiques-au-quotidien-avec-emmanuel-macron-on-a-quelqu-un-qui-est-pret-a-dire-tout-et-n-importe-quoi-pour-attraper-tout-le-monde-thomas-piketty-915805.html                                                    http:\/\/www.bfmtv.com\/mediaplayer\/video\/questions-d-eco-apres-le-brexit-vouloir-s-amuser-a-refaire-sortir-un-pays-de-la-zone-euro-c-est-ouvrir-une-boite-de-pandore-dont-on-ne-sortira-jamais-thomas-piketty-915807.html                                        http:\/\/www.bfmtv.com\/mediaplayer\/video\/thomas-piketty-face-aux-francais-il-est-temps-de-dialoguer-entre-benoit-hamon-et-jean-luc-melenchon-915809.html\n\n-&#8220;Parce qu&#8217;il est dangereux de se droguer, il faut l\u00e9galiser&#8221; (cit\u00e9 par Mathilde Siraud; vid\u00e9o) : http:\/\/www.lefigaro.fr\/elections\/presidentielles\/2017\/02\/18\/35003-20170218ARTFIG00100-hamon-parce-qu-il-est-dangereux-de-se-droguer-il-faut-legaliser.php\n\n-&#8220;Selon lui, les jeunes Fran\u00e7ais seraient exclus des minima sociaux, une exception en Europe. Vrai ou faux ?&#8221; (Delphine Simon; son) :  https:\/\/www.franceinter.fr\/emissions\/le-vrai-faux-de-l-europe\/le-vrai-faux-de-l-europe-18-fevrier-2017\n\n-Bill Gates lui aussi veut taxer les robots (vid\u00e9os) : http:\/\/www.lci.fr\/elections\/bill-gates-microsoft-defend-l-idee-de-benoit-hamon-de-taxer-les-robots-2026463.html\n\n<strong>-&#8220;On a besoin de remettre du collectif, de la solidarit\u00e9. Nous avons autour de 300 parrainages. Nous ne sommes pas du tout m\u00e9diatis\u00e9s&#8221; (Philippe Poutou, seul ouvrier, candidat du NPA \u00e0 l&#8217;\u00e9lection pr\u00e9sidentielle, invit\u00e9 de S\u00e9bastien Laug\u00e9nie; son) : <\/strong> https:\/\/www.franceinter.fr\/emissions\/l-interview-politique\/l-interview-politique-19-fevrier-2017\n\n-Sylvie Goulard, eurod\u00e9put\u00e9e MoDem, soutient Emmanuel Macron; invit\u00e9e d&#8217;Yves Calvi (vid\u00e9o) : http:\/\/www.lci.fr\/replay\/l-invite-de-24-heures-en-questions-du-17-fevrier-2017-sylvie-goulard-deputee-europeenne-et-soutien-d-emmanuel-macron-2026413.html\n\n-C&#8217;est aussi le cas d&#8217;Eric Halphen, ancien juge anti-corruption, invit\u00e9 de Amandine B\u00e9got (vid\u00e9o) :  http:\/\/www.lci.fr\/replay\/replay-l-invite-de-8h45-de-lci-matin-du-17-fevrier-2017-eric-halphen-magistrat-et-soutien-d-emmanuel-macron-2026312.html\n\n-&#8220;Les Fran\u00e7ais d\u00e9testent cette mani\u00e8re de faire de la politique depuis trente ans&#8221; (son porte-parole Benjamin Griveau, interrog\u00e9 par Olivier Harmant) : https:\/\/videos.lesechos.fr\/lesechos\/invite-des-echos\/les-francais-detestent-cette-maniere-de-faire-de-la-politique-depuis-30-ans-selon-benjamin-griveaux-en-marche\/8vk5l5\n\n-&#8220;L&#8217;impeccable le\u00e7on de Macron sur la colonisation&#8221; (Fran\u00e7ois Reynaert; vid\u00e9o) : http:\/\/tempsreel.nouvelobs.com\/presidentielle-2017\/20170216.OBS5407\/l-impeccable-lecon-de-macron-sur-la-colonisation.html#\n\n-&#8220;Elle a \u00e9t\u00e9 explicit\u00e9e par Richard Ferrand, d\u00e9put\u00e9 PS du Finist\u00e8re, secr\u00e9taire g\u00e9n\u00e9ral de &#8220;En Marche&#8221; (vid\u00e9o) : http:\/\/www.dailymotion.com\/video\/x5c29w8_richard-ferrand-explicite-la-position-de-macron-sur-la-colonisation-en-algerie_news\n\n<strong>-&#8220;Certaines pages de l&#8217;Histoire de la colonisation sont de l&#8217;ordre du crime contre l&#8217;humanit\u00e9&#8221; (l&#8217;historien Pascal Blanchard, chercheur au CNRS; propos recueillis par Alban de Montigny) :<\/strong> http:\/\/www.la-croix.com\/France\/Politique\/Certaines-pages-de-lHistoire-de-la-colonisation-sont-de-lordre-du-crime-contre-lhumanite-2017-02-17-1200825594?utm_source\n\n-En Alg\u00e9rie, &#8220;il a \u00e9t\u00e9 maladroit, ce qui est une faute&#8221; (Alain Duhamel; vid\u00e9o) : http:\/\/www.rtl.fr\/actu\/politique\/colonisation-macron-a-ete-maladroit-ce-qui-est-une-faute-selon-alain-duhamel-7787299485\n\n-&#8220;Est-ce le candidat qui butine ?&#8221; (Yves Thr\u00e9ard du &#8220;Figaro&#8221;; vid\u00e9o) : http:\/\/www.dailymotion.com\/video\/x5c5z60_emmanuel-macron-est-ce-le-candidat-qui-butine_news\n\n-&#8220;\u00c7a tangue pour lui&#8221; (Catherine Ney; son) : http:\/\/www.europe1.fr\/emissions\/le-portrait-de-catherine-nay\/ca-tangue-pour-emmanuel-macron-2981495\n\n<em>-Ce que pensent les Fran\u00e7ais de ses d\u00e9clarations sur la colonisation de l&#8217;Alg\u00e9rie (IFOP) <\/em> : http:\/\/www.ifop.fr\/?option=com_publication&#038;type=poll&#038;id=3657\n\n-&#8220;On n&#8217;a pas r\u00e9ponse \u00e0 tout, mais c&#8217;est concret&#8221; (l&#8217;\u00e9conomiste Pierre Larrouturou, candidat &#8220;Nouvelle Donne&#8221; \u00e0 l&#8217;\u00e9lection pr\u00e9sidentielle, qui stigmatise &#8220;la vacuit\u00e9 du d\u00e9bat&#8221;; invit\u00e9 de Wendy Bouchard; vid\u00e9o) : http:\/\/www.dailymotion.com\/video\/x5cbopc_pierre-larrouturou-on-n-a-pas-reponse-a-tout-mais-c-est-concret_news\n\n-&#8220;Fran\u00e7ois Bayrou sera candidat, moi je le sais depuis le d\u00e9but&#8221; (Jean Lassalle, d\u00e9put\u00e9 des Pyr\u00e9n\u00e9es-Atlantiques et candidat \u00e0 l&#8217;\u00e9lection pr\u00e9sidentielle; interrog\u00e9 par Romain Desarbres; vid\u00e9o) :  http:\/\/www.itele.fr\/chroniques\/invite-myriam-encaoua\/jean-lassalle-je-sais-que-francois-bayrou-sera-candidat-172980\n\n<strong>-&#8220;Je suis candidat et j&#8217;irai jusqu&#8217;\u00e0 la victoire&#8221; (Fran\u00e7ois Fillon dans &#8220;Le Figaro&#8221;; pi\u00e8ce jointe);<\/strong>\n\n-&#8220;Fran\u00e7ois Fillon ira jusqu&#8217;au bout. En d\u00e9mocratie, ce ne peut \u00eatre que le verdict populaire. La droite est rassembl\u00e9e derri\u00e8re lui. Il a r\u00e9pondu \u00e0 toutes les questions. J&#8217;attaque le &#8220;Canard encha\u00een\u00e9&#8221; &#8221; (Thierry Sol\u00e8re, d\u00e9put\u00e9 LR des Hauts-de-Seine, porte-parole de Fran\u00e7ois Fillon; interrog\u00e9 par Fran\u00e7ois-Xavier M\u00e9nage; vid\u00e9o, amener le curseur sur 19:48) :   http:\/\/www.lci.fr\/replay\/replay-l-invite-politique-du-17-fevrier-2017-thierry-solere-porte-parole-de-francois-fillon-2026314.html                 \n\n-&#8220;Il ira jusqu&#8217;au bout et il l&#8217;a dit. Les \u00e9meutes ont \u00e9t\u00e9 l&#8217;occasion de pr\u00e9senter ses propositions sur la s\u00e9curit\u00e9. Les principes de son programme \u00e9conomique sont tr\u00e8s clairs et d\u00e9finitifs. Ces derni\u00e8res ann\u00e9es, Fran\u00e7ois Fillon a enrichi son projet au contact des Fran\u00e7ais&#8221; (J\u00e9r\u00f4me Chartier, conseiller sp\u00e9cial de Fran\u00e7ois Fillon, invit\u00e9 de &#8220;BFM Politique&#8221;; vid\u00e9os) : \nhttp:\/\/www.bfmtv.com\/mediaplayer\/video\/presidentielle-2017-francois-fillon-ira-jusqu-au-bout-et-il-l-a-dit-jerome-chartier-915815.html                                         http:\/\/www.bfmtv.com\/mediaplayer\/video\/politiques-au-quotidien-les-emeutes-ont-ete-l-occasion-pour-francois-fillon-de-presenter-les-propositions-sur-la-securite-jerome-chartier-915817.html                                                                            http:\/\/www.bfmtv.com\/mediaplayer\/video\/questions-d-eco-les-principes-du-programme-economique-de-francois-fillon-sont-tres-clairs-et-definitifs-jerome-chartier-915819.html         \n\n<em>-70 % des \u00e9lecteurs LR veulent qu&#8217;il se maintienne (IFOP) : <\/em> http:\/\/www.lejdd.fr\/Politique\/Fillon-70-des-electeurs-LR-veulent-qu-il-se-maintienne-848366\n\n-&#8220;L&#8217;ennemi principal ce n&#8217;est pas la finance, c&#8217;est la violence. Notre r\u00e9publique est fragile quand elle s&#8217;attaque aux corps interm\u00e9diaires&#8221; (Jean-Pierre Raffarin, s\u00e9nateur LR de La Vienne, face \u00e0 Francis Letellier; vid\u00e9o) : http:\/\/pluzz.francetv.fr\/videos\/dimanche_en_politique.html\n\n-&#8220;Il n&#8217;y a pas \u00e0 ce jour de d\u00e9lit constat\u00e9 et le parquet n&#8217;a pas pu ouvrir d&#8217;instruction. Cette affaire handicape gravement la droite. La justice a pris en otage les \u00e9lecteurs. Je connais tr\u00e8s bien cette situation, j&#8217;ai \u00e9t\u00e9 mis en examen six fois&#8221; (G\u00e9rard Longuet, s\u00e9nateur LR de la Meuse sur FR3 Lorraine; vid\u00e9o) : http:\/\/pluzz.francetv.fr\/videos\/dimanche_en_politique_lorraine_,153509235.html\n\n-&#8220;Je soutiens Fran\u00e7ois Fillon sans \u00e9tat d&#8217;\u00e2me. Il porte le meilleur projet&#8221; (Herv\u00e9 Mariton, d\u00e9put\u00e9 LR de la Dr\u00f4me, \u00e9tait l&#8217;invit\u00e9 de &#8220;Questions politiques&#8221;; vid\u00e9o, amener le curseur sur 22:07) :  http:\/\/www.dailymotion.com\/video\/x5cfc92_herve-mariton-invite-de-questions-politiques_news\n\n-Il a r\u00e9pondu aux auditeurs de France Inter (vid\u00e9o) : http:\/\/www.dailymotion.com\/video\/x5cff48_herve-mariton-repond-aux-questions-des-auditeurs-de-questions-politiques_news\n\n-&#8220;Comment les leaders de la droite voient la campagne de Fran\u00e7ois Fillon&#8221; (vid\u00e9o) : http:\/\/www.francetvinfo.fr\/politique\/francois-fillon\/video-difficile-la-campagne-de-francois-fillon-vue-par-les-republicains_2065867.html\n\n-&#8220;Les primaires \u00e9taient l&#8217;escroquerie du si\u00e8cle, une sorte de suffrage censitaire. Il faudrait que son parti d\u00e9branche Fran\u00e7ois Fillon. Son d\u00e9calage avec les \u00e9lus locaux est ph\u00e9nom\u00e9nal. Son programme est le plus con de l&#8217;histoire de la France. C&#8217;est exactement le contraire qu&#8217;il faut faire. Ce sont tous les petits soldats de Mme Merkel. Le seul choix qui restera, c&#8217;est Le Pen, M\u00e9lenchon et moi&#8221; (Nicolas Dupont-Aignan, d\u00e9put\u00e9 de l&#8217;Essonne, candidat \u00e0 l&#8217;\u00e9lection pr\u00e9sidentielle, \u00e9tait l&#8217;invit\u00e9 de &#8220;On n&#8217;est pas couch\u00e9&#8221;; vid\u00e9o) :  http:\/\/www.france2.fr\/emissions\/on-n-est-pas-couche\/videos\/nicolas_dupont-aignan_-_on_nest_pas_couche_18_fevrier_2017_onpc_18-02-2017_1488819?onglet\n\n-&#8220;En cas de second tour Macron-Le Pen, j&#8217;irai sans doute \u00e0 la p\u00eache. Le maintien de Fran\u00e7ois Fillon est une folie pour la droite&#8221; (Henri Guaino, d\u00e9put\u00e9 LR des Yvelines, candidat \u00e0 l&#8217;\u00e9lection pr\u00e9sidentielle; invit\u00e9 de la matinale de Franceinfo; son et vid\u00e9os) : http:\/\/www.francetvinfo.fr\/replay-radio\/8h30-politique\/en-cas-d-un-face-a-face-le-pen-macron-au-second-tour-de-l-election-presidentielle-henri-guaino-ira-sans-doute-a-la-peche_2049711.html\n\n-&#8220;Si la droite change de candidat, elle perdra. La sortie de l&#8217;Euro ruinera la France tout comme le projet de Le Pen&#8221; (Bruno Le Maire, d\u00e9put\u00e9 LR de l&#8217;Eure; invit\u00e9 du &#8220;Grand Rendez-vous d&#8217;Europe 1&#8221;; vid\u00e9o) : https:\/\/www.youtube.com\/watch?v=q4cbcvTDhes\n\n-(Mich\u00e8le Alliot-Marie, candidate \u00e0 l&#8217;\u00e9lection pr\u00e9sidentielle, invit\u00e9e du &#8220;Brunch politique&#8221; de Louis Morin (son) : http:\/\/www.sudradio.fr\/Podcasts\/Le-Brunch-Politique\/Michele-Alliot-Marie2\n\n-&#8220;L&#8217;Union europ\u00e9enne, via l&#8217;Olaf, veut notre peau&#8221; (Florian Philippot, vice-pr\u00e9sident du FN; son) : http:\/\/www.rtl.fr\/actu\/societe-faits-divers\/florian-philippot-l-union-europeenne-via-l-olaf-veut-notre-peau-7787293354\n\n-&#8220;Marine Le Pen d\u00e9ment formellement avoir reconnu un emploi fictif&#8221; (vid\u00e9o) : http:\/\/www.itele.fr\/politique\/video\/marine-le-pen-dement-avoir-reconnu-un-emploi-fictif-173002\n\n<em>-La popularit\u00e9 de Cazeneuve en chute de 6 points (IFOP-JDD) : <\/em> http:\/\/www.lejdd.fr\/Politique\/La-popularite-de-Cazeneuve-en-chute-de-6-points-848342\n\n<em>-Les intentions de vote \u00e0 l&#8217;\u00e9lection pr\u00e9sidentielle au 17 f\u00e9vrier (IFOP) : <\/em> http:\/\/www.parismatch.com\/La-presidentielle-en-temps-reel\n\n<em>-Le m\u00eame (OPINION-WAY) :<\/em> https:\/\/www.opinion-way.com\/fr\/component\/edocman\/?task=document.viewdoc&#038;id=1533&#038;Itemid=0\n\n<em>-Moins d&#8217;un Fran\u00e7ais sur deux sait aujourd&#8217;hui pour qui il va voter (ODOXA) : <\/em> http:\/\/www.odoxa.fr\/sondage\/presidentielle-dun-francais-deux-sait-aujourdhui-votera\/\n\nEUROPE-MONDE\n\n-Pour les robots, vers la mise en place d&#8217;un cadre l\u00e9gal \u00e0 l&#8217;\u00e9chelle europ\u00e9enne (St\u00e9phane Leneuf; son) : https:\/\/www.franceinter.fr\/emissions\/cafe-europe\/cafe-europe-19-fevrier-2017\n\n<strong>-A Barcelone, une manifestation g\u00e9ante pour l&#8217;accueil des r\u00e9fugi\u00e9s en Espagne  (vid\u00e9o): <\/strong> http:\/\/www.itele.fr\/monde\/video\/barcelone-enorme-manifestation-pour-laccueil-des-refugies-173029\n\n-Le CETA r\u00e9v\u00e8le une profonde division franco-allemande (Georgi Gotev) : http:\/\/www.euractiv.fr\/section\/l-europe-dans-le-monde\/news\/french-and-german-socialists-divided-by-ceta-vote\/\n\n<strong>&#8220;L&#8217;aust\u00e9rit\u00e9 pousse les Grecs vers la d\u00e9pression collective&#8221; (Fabien Perrier) : <\/strong> https:\/\/www.letemps.ch\/monde\/2017\/02\/19\/lausterite-pousse-grecs-vers-depression-collective?utm_source\n\n-&#8220;L&#8217;Ukraine pleure trois ans apr\u00e8s la r\u00e9volution de Maidan (vid\u00e9o) : http:\/\/newscdn.newsrep.net\/h5\/nrvideo.html?r=3&#038;lan=fr_FR&#038;pid=14&#038;id=St911c3a6iQ_fr&#038;app_lan=fr_FR&#038;mcc=208&#038;declared_lan\n\n<strong>&#8220;Aux portes de Raqqa&#8221; (&#8220;13H15 le samedi&#8221;; vid\u00e9o) : <\/strong> http:\/\/www.francetvinfo.fr\/replay-magazine\/france-2\/13h15\/13h15-du-samedi-18-fevrier-2017_2057193.html\n\n-De nombreux civils en danger \u00e0 Mossoul en Irak (vid\u00e9o) : http:\/\/www.francetvinfo.fr\/monde\/proche-orient\/mossoul\/irak-la-ville-de-mossoul-pilonnee-par-l-armee-de-nombreux-civils-en-danger_2065927.html\n\n<strong>-&#8220;Les nouveau horizons des \u00e9leveurs mongols&#8221; (Paola Boyer) :<\/strong>  http:\/\/www.la-croix.com\/Monde\/Asie-et-Oceanie\/Les-nouveaux-horizons-eleveurs-mongols-2016-11-30-1200806866?utm_source\n\n<strong>-&#8220;On a l&#8217;impression que Trump ne sait pas de quoi il parle&#8221; (Marie-C\u00e9cile Naves, docteure en sciences politiques, chercheuse associ\u00e9e \u00e0 l&#8217;Iris; interrog\u00e9e par S\u00e9bastien Laug\u00e9nie; son) : <\/strong> https:\/\/www.franceinter.fr\/emissions\/l-interview-politique\/l-interview-politique-18-fevrier-2017\n\n-&#8220;Il s&#8217;offre un meeting aux airs de campagne&#8221; (vid\u00e9o) : http:\/\/newscdn.newsrep.net\/h5\/nrvideo.html?r=3&#038;lan=fr_FR&#038;pid=14&#038;id=e2911c39eNb_fr&#038;app_lan=fr_FR&#038;mcc=208&#038;declared_lan\n\n<strong>-&#8220;A quoi jouent les Russes et les Am\u00e9ricains ?&#8221; (Bruno Tertrais, de la Fondation pour la recherche strat\u00e9gique; interrog\u00e9 par David Abiker; son, amener le curseur sur 1:01) <\/strong> : http:\/\/www.europe1.fr\/emissions\/c-est-arrive-demain\/cest-arrive-demain-david-abiker-190217-2982161\n\n-Conf\u00e9rence de presse muscl\u00e9e (vid\u00e9o) : http:\/\/www.francetvinfo.fr\/monde\/usa\/presidentielle\/donald-trump\/donald-trump-quand-les-medias-font-face-au-president-americain_2065057.html\n\n-Ce qu&#8217;en a dit &#8220;Quotidien&#8221; de Yann Barth\u00e8s (vid\u00e9o) :  http:\/\/www.tf1.fr\/tmc\/quotidien-avec-yann-barthes\/videos\/retour-l-incroyable-conference-de-presse-de-donald-trump.html\n\n-&#8220;Le ma\u00eetre de la propagande&#8221; (Paul Quil\u00e8s) : http:\/\/paul.quiles.over-blog.com\/2017\/02\/le-maitre-de-la-propagande.html\n\n-&#8220;Le Canada, un nouveau havre d&#8217;opacit\u00e9 financi\u00e8re&#8221; (Marie Viennot; son) : https:\/\/www.franceculture.fr\/emissions\/le-billet-economique\/ceta-snow-washing-et-panama-papers\n\n-Le mois de janvier, un des plus chauds, sauf en Europe : http:\/\/huet.blog.lemonde.fr\/2017\/02\/17\/climat-2017-demarre-fort\/\n\n<strong>CULTURE<\/strong>\n\n-&#8220;Quels seraient les effets d&#8217;une guerre nucl\u00e9aire ?&#8221; (le d\u00e9put\u00e9 travailliste W. Frederick Mulley; d\u00e9cembre 1962): http:\/\/www.monde-diplomatique.fr\/1962\/12\/MULLEY\/25102\n\n-&#8220;Les ann\u00e9es 30 sont-elles de retour ?&#8221; (l&#8217;historien Pascal Blanchard; son, amener le curseur sur 10:36) : http:\/\/www.europe1.fr\/emissions\/c-est-arrive-demain\/cest-arrive-demain-david-abiker-190217-2982161\n\n<strong>-&#8220;La vision identitaire de l&#8217;Histoire, c&#8217;est une vision nostalgique qui voudrait que l&#8217;Histoire ait une fin&#8221; (l&#8217;historien Yann Potin, un des 120 auteurs de &#8220;l&#8217;Histoire mondiale de la France&#8221;, sous la direction de Patrick Boucheron; interrog\u00e9 par Sandrine Aramon; vid\u00e9o) :<\/strong> http:\/\/www.francetvinfo.fr\/replay-jt\/france-3\/soir-3\/culture-la-vision-identitaire-de-l-histoire-c-est-une-vision-nostalgique-qui-voudrait-que-l-histoire-ait-une-fin_2065803.html\n\n-&#8220;Pour comprendre notre histoire, il faut comprendre l&#8217;histoire du monde&#8221; (Fran\u00e7ois Reynaert, auteur de &#8220;La grande histoire du monde&#8221;; interrog\u00e9 par Patricia Martin) : https:\/\/www.franceinter.fr\/emissions\/la-prescription-litteraire\/la-prescription-litteraire-18-fevrier-2017\n\n<strong>-&#8220;Inventer une m\u00e9moire coloniale commune&#8221; (Alain Gresh, juillet 2001) : <\/strong> http:\/\/www.monde-diplomatique.fr\/mav\/58\/GRESH\/55808\n\n-&#8220;D\u00e9fendre sa libert\u00e9 face au ciel est vital. Les historiens ont tranch\u00e9, la colonisation a \u00e9t\u00e9 un crime contre l&#8217;humanit\u00e9&#8221; (l&#8217;\u00e9crivain alg\u00e9rien Kamel Daoud, prix Goncourt du premier roman; invit\u00e9 de Yann Barth\u00e8s; vid\u00e9o) : http:\/\/www.tf1.fr\/tmc\/quotidien-avec-yann-barthes\/videos\/kamel-daoud-un-esprit-libre.html\n\n<strong>-&#8220;Je pourrais presque devenir m\u00e9lancolique, vous n&#8217;imaginez pas le trouble dans lequel vous me jetez !&#8221; (Stella Baruk, chercheuse en p\u00e9dagogie des math\u00e9matiques; invit\u00e9e d&#8217;Eva Bester; son) :<\/strong> https:\/\/www.franceinter.fr\/emissions\/remede-a-la-melancolie\/remede-a-la-melancolie-19-fevrier-2017\n\n-Alain Passard, \u00e9lu par ses pairs &#8220;meilleur cuisinier du monde&#8221; (&#8220;13H15 le dimanche&#8221;; vid\u00e9o) : http:\/\/www.france2.fr\/emission\/13h15-les-francais\/diffusion-du-19-02-2017-14h15\n \n<strong>-En 1967, au Petit Palais, l&#8217;extraordinaire exposition &#8220;Tout\u00e2nkamon et son temps&#8221; (avec Andr\u00e9 Malraux lors de son inauguration; vid\u00e9o de l&#8217;INA) <\/strong> : http:\/\/www.ina.fr\/video\/CAF89016160\n\n-&#8220;Le film o\u00f9 l&#8217;on voit Marcel Proust \u00e9tait connu depuis trois ans&#8221; (Laure Hillerin, la biographe de la comtesse Greffuhle; propos recueillis par Julia Vergely; vid\u00e9o et document) :   http:\/\/www.telerama.fr\/livre\/le-film-de-proust-une-decouverte-non-il-etait-connu-depuis-trois-ans,154254.php#xtor\n\n-&#8220;Les n\u00e8gres en litt\u00e9rature, plumes de l&#8217;ombre&#8221; (vid\u00e9o) : http:\/\/www.francetvinfo.fr\/societe\/debats\/pantheon\/les-negres-litteraires-les-plumes-de-l-ombre_2065933.html\n\n<strong>-Voir ici &#8220;Ennemis int\u00e9rieurs&#8221;, le court-m\u00e9trage fran\u00e7ais de S\u00e9lim Azzazi s\u00e9lectionn\u00e9 aux Oscars (en s&#8217;inscrivant gratuitement au pr\u00e9alable sur le site d&#8217;UniFrance; vid\u00e9os) <\/strong> :  http:\/\/www.telerama.fr\/cinema\/ennemis-interieurs-le-court-metrage-francais-selectionne-aux-oscars-est-a-voir-en-ligne,154230.php#xtor                               https:\/\/secure.unifrance.org\/login?langue=langue.fr\n\n-&#8220;Il y a un humour handicap\u00e9 qui est tr\u00e8s trash et tr\u00e8s dr\u00f4le&#8221; (Grand Corps Malade qui sort son premier film &#8220;Patients&#8221;; invit\u00e9 de Maxime Switek; vid\u00e9o) : http:\/\/www.dailymotion.com\/video\/x5c66fi_grand-corps-malade-il-y-a-un-humour-handicape-qui-est-tres-trash-et-tres-drole_news\n\n-Laurent Delmas recommande la collection de DVD &#8220;Les films du Patrimoine&#8221; (son) : https:\/\/www.franceinter.fr\/emissions\/la-prescription-cinema-de-laurent-delmas\/la-prescription-cinema-de-laurent-delmas-18-fevrier-2017\n\n<strong>-Avec Christine Masson, ils recevaient Andr\u00e9 Dussollier, \u00e0 l&#8217;affiche de &#8220;Chez nous&#8221; de Lucas Belvaux et S\u00e9bastien Houbani, interpr\u00e8te de &#8220;Noces&#8221; de St\u00e9phane Streker (son) :<\/strong> https:\/\/www.franceinter.fr\/emissions\/on-aura-tout-vu\/on-aura-tout-vu-18-fevrier-2017\n\n-Les nouvelles figures du cin\u00e9ma fran\u00e7ais sur le plateau de &#8220;Quotidien&#8221; (vid\u00e9o) : http:\/\/www.tf1.fr\/tmc\/quotidien-avec-yann-barthes\/videos\/espoirs-cesar-2017-prets-a-crever-l-ecran-1.html\n\n<strong>-Reda Kateb est \u00e0 l&#8217;affiche de &#8220;Les derniers Parisiens&#8221;, le film des rappeurs Ham\u00e9 et Ekou\u00e9 du groupe &#8220;La Rumeur&#8221; (invit\u00e9 de David Abiker; son, amener le curseur sur 20:57) :<\/strong> http:\/\/www.europe1.fr\/emissions\/c-est-arrive-demain\/cest-arrive-demain-david-abiker-190217-2982161\n\n-L&#8217;Ours d&#8217;Or de la Berlinade a \u00e9t\u00e9 attribu\u00e9 \u00e0 &#8220;On body and soul&#8221;, une romance de la r\u00e9alisatrice hongroise lldiko Enyedi :  http:\/\/tempsreel.nouvelobs.com\/en-direct\/a-chaud\/33671-cine-berlinale-decerne-hongrois.html#xtor\n\n-&#8220;Silence, on tourne&#8221;, la pi\u00e8ce de Patrick Haudecoeur, satire du monde du cin\u00e9ma, au Th\u00e9\u00e2tre Fontaine \u00e0 Paris, jusqu&#8217;au 31 mars (vid\u00e9o) : http:\/\/www.francetvinfo.fr\/replay-jt\/france-3\/19-20\/theatre-silence-on-tourne-arrive-sur-les-planches_2064477.html\n\n<strong>-A Ronchamp en Haute-Sa\u00f4ne, dans la chapelle Le Corbusier, Patty Smith en concert (vid\u00e9os) <\/strong> : http:\/\/france3-regions.francetvinfo.fr\/bourgogne-franche-comte\/haute-saone\/video-patti-smith-concert-chapelle-ronchamp-1196959.html\n\n<strong>-Mao (Mauricio Sarfatis), le percussionniste et chanteur br\u00e9silien dans la nuit corse (vid\u00e9o) :<\/strong> http:\/\/culturebox.francetvinfo.fr\/musique\/concerts-a-la-bougie\/mao-concert-a-la-bougie-252443\n\n-&#8220;Rocking away&#8221; (Al Jarreau en 1981; vid\u00e9o de l&#8217;INA) : http:\/\/www.ina.fr\/video\/I16322623\n\n<strong>-R\u00e9\u00e9couter ses chansons en compagnie de la chanteuse de jazz China Moses (son, amener le curseur sur 27: 32) :<\/strong> http:\/\/www.europe1.fr\/emissions\/c-est-arrive-cette-semaine\/cest-arrive-cette-semaine-180217-2981531\n\n-&#8220;Dear to me&#8221; (&#8220;Electric Guest&#8221; chez Barth\u00e8s; vid\u00e9o) : http:\/\/www.tf1.fr\/tmc\/quotidien-avec-yann-barthes\/videos\/electric-guest-dear-to-me-live-quotidien.html\n\n-&#8220;Rover (Timoth\u00e9e R\u00e9gnier), rocker sous influence&#8221; (son, amener le curseur sur 29:01) : http:\/\/www.europe1.fr\/emissions\/c-est-arrive-demain\/cest-arrive-demain-david-abiker-190217-2982161\n\n<strong>-Olivia Ruiz \u00e9tait l&#8217;invit\u00e9e de &#8220;On n&#8217;est pas couch\u00e9&#8221; (vid\u00e9o) : <\/strong> http:\/\/www.france2.fr\/emissions\/on-n-est-pas-couche\/videos\/olivia_ruiz_-_on_nest_pas_couche_18_fevrier_2017_onpc_19-02-2017_1488811?onglet\n\n-Philippe Manoeuvre prend sa retraite et quitte &#8220;Rock and folk&#8221; (Marie Pujolas; vid\u00e9o) : http:\/\/culturebox.francetvinfo.fr\/musique\/rock\/philippe-manoeuvre-prend-sa-retraite-et-quitte-rockfolk-l-interview-du-20h-252711\n\n-Un nouveau tapis d&#8217;exception sort de la Manufacture nationale de Lod\u00e8ve dans l&#8217;H\u00e9rault (Odile Morain; vid\u00e9o) : http:\/\/culturebox.francetvinfo.fr\/patrimoine\/un-nouveau-tapis-d-exception-sort-de-la-manufacture-nationale-de-lodeve-252619\n\n-Les \u00e9corch\u00e9s du docteur Auzoux expos\u00e9s comme des oeuvres d&#8217;art \u00e0 Montpellier (Sophie Granel; vid\u00e9os) : http:\/\/culturebox.francetvinfo.fr\/arts\/les-ecorches-du-dr-auzoux-exposes-comme-des-oeuvres-d-art-a-montpellier-252635\n\n-&#8220;Sexiste le milieu de la BD ?&#8221; (Laurence Le Saux) : http:\/\/www.telerama.fr\/livre\/sexiste-le-milieu-de-la-bd,154247.php#xtor\n\n-France Culture a re\u00e7u Brigitte Lahaye dans l&#8217;\u00e9mission &#8220;Mauvais genres&#8221; (son et vid\u00e9o) : https:\/\/www.franceculture.fr\/emissions\/mauvais-genres\/initial-bl-rencontre-avec-brigitte-lahaie\n\n-&#8220;Le Canard encha\u00een\u00e9&#8221; ne b\u00e9n\u00e9ficie pas de subventions publiques, contrairement \u00e0 la rumeur que fait courir la droite et en particulier la premi\u00e8re adjointe d&#8217;Alain Jupp\u00e9, sur la cha\u00eene LCP (Fr\u00e9d\u00e9ric M\u00e9t\u00e9zeau; son) :  https:\/\/www.franceinter.fr\/emissions\/le-vrai-faux-de-la-campagne\/le-vrai-faux-de-la-campagne-18-fevrier-2017\n\n-Editorialiste de BFM TV, qui est vraiment Ruth Elkrief ? (Cl\u00e9ment Arbrun; vid\u00e9os) : http:\/\/www.lesinrocks.com\/2017\/02\/19\/actualite\/vraiment-ruth-elkrief-leditorialiste-de-bfm-feu-critiques-11914380\/\n\n<strong>-&#8220;Regard sur l&#8217;actualit\u00e9&#8221; de Patrick Le Hyaric, directeur de &#8220;l&#8217;Humanit\u00e9&#8221; (vid\u00e9o) : <\/strong> http:\/\/www.humanite.fr\/videos\/regard-sur-lactualite-4-632348\n\n<strong>-&#8220;Je ne me suis pas senti concern\u00e9 par la manifestation&#8221; (Fran\u00e7ois Baroin, s\u00e9nateur-maire LR de Troyes,  en 1986; vid\u00e9o de l&#8217;INA)<\/strong> : http:\/\/www.ina.fr\/video\/R10183888\n\n-&#8220;Fran\u00e7ois Hollande, profession fant\u00f4me&#8221; (&#8220;Quotidien&#8221; de Yann Barth\u00e8s; vid\u00e9o) : http:\/\/www.tf1.fr\/tmc\/quotidien-avec-yann-barthes\/videos\/francois-hollande-president-fantome.html\n\n-&#8220;Bien choisir sa religion&#8221; (R\u00e9gis Mailhot; vid\u00e9o) : http:\/\/www.france2.fr\/emissions\/vivement-dimanche\/videos\/regis_mailhot_bien_choisir_sa_religion_12-02-2017_1484117?onglet=tous&#038;page=1\n<h2 class=\"wp-block-heading\">Documents joints<\/h2>\n\n\n\n<div class=\"wp-block-file\"><a href=\"https:\/\/wp.muchomaas.com\/wp-content\/uploads\/2017\/02\/francois_fillon-2-99d.pdf\">francois_fillon-2.pdf<\/a><\/div>\n\n\n","protected":false},"excerpt":{"rendered":"<p>ACTUALITE -La le\u00e7on de solidarit\u00e9 des \u00e9l\u00e8ves du lyc\u00e9e Le Corbusier d&#8217;Aubervilliers en Seine-Saint-Denis (Carole Sterl\u00e9; vid\u00e9o) : http:\/\/www.leparisien.fr\/aubervilliers-93300\/video-la-lecon-de-solidarite-des-lyceens-d-aubervilliers-fait-un-tabac-au-conseil-economique-et-social-17-02-2017-6690084.php -La disparition des services publics hors des grandes agglom\u00e9rations; l&#8217;exemple de Lure en Haute-Sa\u00f4ne (un reportage de S\u00e9bastien Laug\u00e9nie; son) : https:\/\/www.franceinter.fr\/emissions\/interception\/interception-12-fevrier-2017 -&#8220;Incons\u00e9quence ferroviaire&#8221; (Daniel Fortin) : http:\/\/www.lesechos.fr\/idees-debats\/editos-analyses\/0211803405697-inconsequence-ferroviaire-2065315.php#xtor -A Beauvais dans l&#8217;Oise, le fabriquant de chaussettes [&hellip;]<\/p>\n","protected":false},"author":1042,"featured_media":0,"comment_status":"open","ping_status":"open","sticky":false,"template":"","format":"standard","meta":{"_themeisle_gutenberg_block_has_review":false,"footnotes":""},"categories":[151],"tags":[],"class_list":["post-10200","post","type-post","status-publish","format-standard","hentry","category-la-revue-de-presse-de-lulu"],"_links":{"self":[{"href":"https:\/\/archives.regards.fr\/index.php?rest_route=\/wp\/v2\/posts\/10200","targetHints":{"allow":["GET"]}}],"collection":[{"href":"https:\/\/archives.regards.fr\/index.php?rest_route=\/wp\/v2\/posts"}],"about":[{"href":"https:\/\/archives.regards.fr\/index.php?rest_route=\/wp\/v2\/types\/post"}],"author":[{"embeddable":true,"href":"https:\/\/archives.regards.fr\/index.php?rest_route=\/wp\/v2\/users\/1042"}],"replies":[{"embeddable":true,"href":"https:\/\/archives.regards.fr\/index.php?rest_route=%2Fwp%2Fv2%2Fcomments&post=10200"}],"version-history":[{"count":0,"href":"https:\/\/archives.regards.fr\/index.php?rest_route=\/wp\/v2\/posts\/10200\/revisions"}],"wp:attachment":[{"href":"https:\/\/archives.regards.fr\/index.php?rest_route=%2Fwp%2Fv2%2Fmedia&parent=10200"}],"wp:term":[{"taxonomy":"category","embeddable":true,"href":"https:\/\/archives.regards.fr\/index.php?rest_route=%2Fwp%2Fv2%2Fcategories&post=10200"},{"taxonomy":"post_tag","embeddable":true,"href":"https:\/\/archives.regards.fr\/index.php?rest_route=%2Fwp%2Fv2%2Ftags&post=10200"}],"curies":[{"name":"wp","href":"https:\/\/api.w.org\/{rel}","templated":true}]}}