{"id":10197,"date":"2017-02-17T07:37:42","date_gmt":"2017-02-17T06:37:42","guid":{"rendered":"https:\/\/wp.muchomaas.com\/article-la-revue-du-17-fevrier-2017\/"},"modified":"2023-06-23T23:24:09","modified_gmt":"2023-06-23T21:24:09","slug":"article-la-revue-du-17-fevrier-2017","status":"publish","type":"post","link":"https:\/\/archives.regards.fr\/?p=10197","title":{"rendered":"La Revue du 17 f\u00e9vrier 2017"},"content":{"rendered":"<strong>ACTUALITE<\/strong>\n\n-Les salari\u00e9 de PSA sont attentifs au rachat d&#8217;Opel (vid\u00e9o) : http:\/\/www.francetvinfo.fr\/economie\/automobile\/automobile-les-salaries-de-psa-sont-attentifs-au-rachat-d-opel_2062595.html\n\n-En Allemagne, on s&#8217;en inqui\u00e8te (Amaury Guibert; vid\u00e9o) : http:\/\/www.francetvinfo.fr\/economie\/automobile\/automobile-l-interet-de-psa-pour-opel-inquiete-l-allemagne_2062597.html\n\n-Pour Alstom, l&#8217;Etat revoie sa copie (vid\u00e9o) :                                   http:\/\/www.francetvinfo.fr\/economie\/transports\/sncf\/economie-le-plan-de-l-etat-pour-le-contrat-avec-alstom_2062841.html\n\n-&#8220;Nous ne voulons pas taxer les contrats courts parce que \u00e7a ne sert \u00e0 rien&#8221; (Pierre Gattaz, pr\u00e9sident du Medef; interrog\u00e9 par Nicolas Pierron; son du 16 f\u00e9vrier) : https:\/\/www.radioclassique.fr\/radio\/emissions\/matinale-de-radio-classique\/l-invite-de-l-economie\/\n\n<strong>-&#8220;Le jour o\u00f9 on a vendu nos vaches&#8221; (Ludovine Le Monnier, invit\u00e9e de Marie-Sophie Lacarrau; vid\u00e9o) : <\/strong> http:\/\/www.francetvinfo.fr\/economie\/emploi\/metiers\/agriculture\/crise-des-eleveurs\/agriculture-le-jour-ou-on-a-vendu-nos-vaches_2062851.html\n\n-&#8220;L&#8217;horreur des abattoirs&#8230;c\u00f4t\u00e9 humain&#8221; (Marc Belpois) :  http:\/\/television.telerama.fr\/television\/envoye-special-dans-l-horreur-des-abattoirs-cote-humain,153710.php#xtor\n\n<strong>-Dans &#8220;Envoy\u00e9 sp\u00e9cial&#8221; (vid\u00e9o) : <\/strong> http:\/\/television.telerama.fr\/television\/on-devient-fous-regardez-un-extrait-d-envoye-special-consacre-aux-abattoirs,154233.php\n\n-&#8220;Faut-il revoir le mod\u00e8le de production du foie gras comme le propose St\u00e9phane Le Foll ?&#8221; (Marie-Pierre P\u00e9, porte-parole du CIFOG; interrog\u00e9e par Dimitri Pavlenko; son) : http:\/\/www.sudradio.fr\/Podcasts\/L-invite-pour-comprendre\/Marie-Pierre-Pe-deleguee-generale-et-porte-parole-du-CIFOG\n\n<strong>-Le succ\u00e8s extraordinaire de la marque de lait &#8220;C&#8217;est qui le patron ?&#8221; (Baptiste Gaborit; son du 16 f\u00e9vrier) <\/strong> : https:\/\/www.radioclassique.fr\/radio\/emissions\/matinale-de-radio-classique\/3-minutes-planete\/\n\n-La r\u00e9gion PACA malade de ses d\u00e9chets (son) : http:\/\/www.sudradio.fr\/Podcasts\/Les-reportages-de-la-matinee\/La-region-Provence-Alpes-Cote-d-Azur-malade-de-ses-dechets\n\n-&#8220;Le bras de fer continue \u00e0 Notre-Dame-des-Landes&#8221; (Marine Jobert) : http:\/\/www.euractiv.fr\/section\/politique\/news\/le-bras-de-fer-continue-a-nddl\/?nl_ref=31347033\n\n<strong>-&#8220;Qui a dit que les immigr\u00e9s \u00e9taient sous-qualifi\u00e9s ?&#8221; (le d\u00e9mographe Mathieu Ichou, avec le lien pour son \u00e9tude, d\u00e9j\u00e0 publi\u00e9e dans cette revue; propos recueillis par Marc Belpois) <\/strong> : http:\/\/www.telerama.fr\/monde\/qui-a-dit-que-les-immigres-etaient-sous-qualifies,154238.php#xtor\n\n-Cancer du sein, une enqu\u00eate lanc\u00e9e sur le doc\u00e9taxel apr\u00e8s 5 d\u00e9c\u00e8s de patientes (vid\u00e9o) :  http:\/\/www.francetvinfo.fr\/sante\/medicament\/medicaments-des-soupcons-sur-un-anti-cancereux_2062849.html\n\n-Les d\u00e9lais d&#8217;attente pour un scanner ou une IRM risquent de s&#8217;allonger (vid\u00e9o) : http:\/\/www.francetvinfo.fr\/sante\/sante-les-delais-d-attente-pour-un-scanner-ou-une-irm-risquent-de-s-allonger_2062721.html\n\n<strong>-&#8220;Les chiffres affolants des soins psy sans consentement&#8221; (Eric Favereau) : <\/strong> http:\/\/www.liberation.fr\/france\/2017\/02\/15\/les-chiffres-affolants-des-soins-psy-sans-consentement_1548756?xtor\n\n<em>-L&#8217;\u00e9tude de Magali Coldefi et Sarah Fernandes avec la collaboration de David Lapalus (document) <\/em> : http:\/\/www.irdes.fr\/recherche\/questions-d-economie-de-la-sante\/222-les-soins-sans-consentement-en-psychiatrie.pdf\n\n<strong>-100 000 cas d&#8217;\u00e9puisement professionnel (Jean-Claude Delg\u00e8nes, du cabinet &#8220;Technologia&#8221;; son)<\/strong> : http:\/\/www.sudradio.fr\/Podcasts\/L-invite-pour-comprendre\/Jean-Claude-Delgenes-directeur-du-cabinet-Technologia\n\n-Eurostar installe des contr\u00f4les de reconnaissance faciale Gare du Nord \u00e0 Paris (vid\u00e9o) : http:\/\/www.francetvinfo.fr\/replay-jt\/france-2\/8-heures\/paris-eurostar-installe-des-controles-de-reconnaissance-faciale-a-la-gare-du-nord_2062707.html\n\n<strong>-Emmanuel, Yanis et Issa, trois jeunes dans les \u00e9v\u00e9nements d&#8217;Aulnay-sous-Bois; invit\u00e9s de Yann Barth\u00e8s  (vid\u00e9o) :<\/strong> http:\/\/www.tf1.fr\/tmc\/quotidien-avec-yann-barthes\/videos\/emmanuel-yanis-issa-3-jeunes.html\n\n-&#8220;Jeunes et policiers, l&#8217;impossible dialogue&#8221; (t\u00e9moignages recueillis par Delphine Evenou; son) : https:\/\/www.franceinter.fr\/emissions\/histoires-politiques\/histoires-politiques-16-fevrier-2017\n\n-&#8220;A quoi ressemble le quotidien d&#8217;un policier dans un quartier sensible&#8221; (vid\u00e9o) : http:\/\/www.lci.fr\/societe\/a-quoi-ressemble-le-quotidien-de-la-police-dans-les-quartiers-sensibles-2026142.html%3Ftype=content\n\n-Marc, policier de la Bac en Seine-Saint-Denis, t\u00e9moigne (vid\u00e9o) : http:\/\/www.francetvinfo.fr\/faits-divers\/police\/banlieue-un-policier-de-la-bac-temoigne_2062845.html\n\n<strong>POLITIQUE<\/strong>\n\n-A Strasbourg, M\u00e9lenchon propose sa candidature \u00e0 Hamon et Jadot (vid\u00e9o) : http:\/\/www.francetvinfo.fr\/economie\/emploi\/carriere\/vie-professionnelle\/droit-du-travail\/politique-la-gauche-doit-elle-s-unir_2062847.html\n\n-&#8220;Les militants \u00e9cologistes ont vot\u00e9 \u00e0 pr\u00e8s de 90% pour une alliance avec Beno\u00eet Hamon et Jean-Luc M\u00e9lenchon&#8221; (Yannick Jadot, interrog\u00e9 par Ruth Elkrief; vid\u00e9o) : http:\/\/www.bfmtv.com\/mediaplayer\/video\/yannick-jadot-les-militants-ecologistes-ont-vote-a-pres-de-90percent-pour-une-alliance-avec-benoit-hamon-et-jean-luc-melenchon-915071.html\n\n-A propos d&#8217;une information donn\u00e9e par &#8220;le Canard encha\u00een\u00e9&#8221; et d\u00e9mentie par Pierre Laurent (Fran\u00e7ois Coq) : https:\/\/cocq.wordpress.com\/2017\/02\/15\/legislatives-la-tambouille-du-pcf-avec-le-ps\/\n\n-&#8220;Des \u00e9lus et des dirigeants communistes contre M\u00e9lenchon&#8221; (Alain Beuve-M\u00e9ry) : http:\/\/www.lemonde.fr\/election-presidentielle-2017\/article\/2017\/02\/16\/des-elus-et-des-dirigeants-communistes-contre-melenchon_5080648_4854003.html\n\n<strong>-&#8220;La colonisation fait partie de notre histoire et c&#8217;est une horreur de notre histoire&#8221; (la ministre Emmanuelle Cosse; vid\u00e9o) <\/strong> : http:\/\/www.francetvinfo.fr\/politique\/les-4-verites-la-colonisation-fait-partie-de-notre-histoire-et-c-est-une-horreur-de-notre-histoire-estime-emmanuelle-cosse_2062735.html\n\n-&#8220;Fran\u00e7ois Fillon renforce le Front national par la mani\u00e8re dont il se d\u00e9fend&#8221; (Laurence Rossignol, ministre de la Famille; interrog\u00e9e par G\u00e9rard Leclerc; vid\u00e9o) : http:\/\/www.dailymotion.com\/video\/x5c1cc0_francois-fillon-renforce-le-front-national-par-la-maniere-dont-il-se-defend-laurence-rossignol-16-0_news\n\n<strong>-&#8220;J&#8217;ai fait adopt\u00e9 \u00e0 l&#8217;unanimit\u00e9 un projet de loi sur l&#8217;autoconsommation d&#8217;\u00e9lectricit\u00e9, une r\u00e9volution \u00e9nerg\u00e9tique. Il faudrait sortir rapidement des soubresauts judiciaires qui \u00e9tonnent beaucoup \u00e0 l&#8217;\u00e9tranger. La d\u00e9gradation du d\u00e9bat profite \u00e0 la candidate de l&#8217;extr\u00eame-droite. Je regarde, j&#8217;\u00e9coute les candidats en pr\u00e9sence. Le colonialisme est ce qu&#8217;a magnifiquement dit Aim\u00e9 C\u00e9saire. Le CETA pose le probl\u00e8me des conditions de sa pr\u00e9paration alors qu&#8217;il respecte l&#8217;accord de Paris sur le climat. Il faut prendre des pr\u00e9cautions mais cet accord est une bonne chose pour l&#8217;Europe et la France&#8221; (S\u00e9gol\u00e8ne Royal, invit\u00e9e de Ruth Elkrief; vid\u00e9o) <\/strong> : http:\/\/www.bfmtv.com\/mediaplayer\/video\/segolene-royalface-a-ruth-elkrief-915069.html\n\n<strong>-&#8220;Nous sommes pr\u00eats \u00e0 r\u00e9server des circonscriptions pour EELV et \u00e0 aller plus loin sur la proportionnelle&#8221; (Jean-Marc Germain, d\u00e9put\u00e9 PS des Hauts-de-Seine, directeur de campagne de Beno\u00eet Hamon; vid\u00e9o) :<\/strong> http:\/\/www.lcp.fr\/la-politique-en-video\/lequipe-hamon-prete-reserver-des-circonscriptions-pour-eelv-et-aller-plus-loin\n\n-Pour la colonisation en Alg\u00e9rie, &#8220;il est inappropri\u00e9 de parler de crime contre l&#8217;humanit\u00e9&#8221;. Le faire est la preuve &#8220;de l&#8217;immaturit\u00e9 d&#8217;Emmanuel Macron&#8221; (vid\u00e9o) :  http:\/\/www.lcp.fr\/la-politique-en-video\/macron-jean-marc-germain-juge-inapproprie-de-dire-crime-contre-lhumanite-pour\n\n-Il \u00e9tait l&#8217;invit\u00e9 de Brigitte Boucher dans &#8220;Politique Matin&#8221;; vid\u00e9o, amener le curseur sur 29:22) : http:\/\/www.lcp.fr\/emissions\/politique-matin\/282391-politique-matin\n\n-&#8220;Au PS comme un air de fronde anti-Hamon&#8221; (Laure Bretton et vid\u00e9o) : http:\/\/www.liberation.fr\/elections-presidentielle-legislatives-2017\/2017\/02\/15\/au-ps-comme-un-air-de-fronde-anti-hamon_1548768?xtor     http:\/\/www.dailymotion.com\/video\/x5c121z_comme-un-air-de-fronde-au-ps_news\n\n-&#8220;Je vais soutenir Beno\u00eet Hamon. Le revenu universel m&#8217;int\u00e9resse, m\u00eame si je ne suis pas d&#8217;accord avec tout&#8221; (l&#8217;\u00e9conomiste Daniel Cohen, interrog\u00e9 par Laurent Neumann; vid\u00e9o) : http:\/\/www.bfmtv.com\/mediaplayer\/video\/daniel-cohen-face-a-laurent-neumann-en-direct-914837.html\n\n<strong>-&#8220;L&#8217;impossible accord \u00e0 gauche. Les socialistes ont donn\u00e9 raison \u00e0 M\u00e9lenchon sur le CETA&#8221; (Thomas Legrand; son) <\/strong> : https:\/\/www.franceinter.fr\/emissions\/l-edito-politique\/l-edito-politique-16-fevrier-2017\n\n-Les adieux de Bernard Cazeneuve \u00e0 l&#8217;Assembl\u00e9e nationale (vid\u00e9o) : http:\/\/www.dailymotion.com\/video\/x5by598_adieux-emus-de-bernard-cazeneuve-a-l-assemblee-nationale_news?utm_source\n\n-&#8220;Quand j&#8217;\u00e9tais journaliste, j&#8217;ai toujours voulu rester quand la porte se refermait. On est victime d&#8217;attaques de notre site&#8221; (Laurence Ha\u00efm, porte-parole d&#8217;Emmanuel Macron; interrog\u00e9e par Amandine B\u00e9got; vid\u00e9o) : http:\/\/www.lci.fr\/replay\/replay-l-invite-de-8h45-de-lci-matin-du-15-fevrier-2017-laurence-haim-porte-parole-d-emmanuel-macron-2026061.html%3Ftype=content\n\n-Aux meetings d&#8217;Emmanuel Macron, les acclamations t\u00e9l\u00e9guid\u00e9es par smartphones (Etienne Girard) : http:\/\/www.marianne.net\/aux-meetings-macron-les-acclamations-militants-teleguidees-smartphone-100249919.html\n\n-Comment est cr\u00e9\u00e9e l&#8217;ambiance ? (vid\u00e9o) : https:\/\/www.youtube.com\/watch?feature=share&#038;v=E9t08A3TylA&#038;app=desktop\n\n-La colonisation de l&#8217;Alg\u00e9rie, &#8220;un crime contre l&#8217;humanit\u00e9&#8221; (le point de vue de Christophe Barbier; vid\u00e9o) : http:\/\/www.bfmtv.com\/mediaplayer\/video\/l-edito-de-christophe-barbier-emmanuel-macron-denonce-la-colonisation-c-est-un-crime-contre-l-humanite-914809.html\n\n-&#8220;Sa premi\u00e8re faute politique&#8221; (Marion Mourgue du &#8220;Figaro&#8221;; son du 16 f\u00e9vrier) : https:\/\/www.radioclassique.fr\/radio\/emissions\/matinale-de-radio-classique\/22630-2\/\n\n-&#8220;Je suis boulevers\u00e9&#8221; (Christian Estrosi, fid\u00e8le \u00e0 &#8220;l&#8217;Alg\u00e9rie fan\u00e7aise&#8221;, interrog\u00e9 par G\u00e9rard Leclerc; son du 15 f\u00e9vrier) : https:\/\/www.radioclassique.fr\/radio\/emissions\/le-19h20h\/grand-debat-soir\/\n\n-&#8220;Emmanuel Macron s&#8217;en est expliqu\u00e9&#8221; (vid\u00e9o) : http:\/\/video.lefigaro.fr\/figaro\/video\/emmanuel-macron-s-explique-apres-la-polemique-suscitee-par-ses-propos-sur-la-colonisation\/5325510728001\/\n\n-&#8220;Il fait de la politique de s\u00e9duction avec des marqueurs. C&#8217;est de la politique \u00e0 l&#8217;ancienne&#8221; (Alexandre Jardin, qui a peur que les partis l&#8217;emp\u00eachent d&#8217;avoir ses parrainages; vid\u00e9o) : http:\/\/www.itele.fr\/chroniques\/invite-galzi-jusqua-minuit\/linvite-politique-dolivier-galzi-du-16022017-172973\n\n<strong>-Le d\u00e9bat sur la colonisation &#8220;est tr\u00e8s fort dans les banlieues. Malheureusement, dans ces d\u00e9bats qui ont lieu en France, on demande tr\u00e8s peu l&#8217;avis des anciens colonis\u00e9s&#8221; (l&#8217;historien Benjamin Stora; son) : <\/strong> http:\/\/www.francetvinfo.fr\/monde\/algerie\/le-debat-sur-la-colonisation-est-tres-fort-dans-les-banlieues_2062627.html\n\n-&#8220;Les historiens ont apport\u00e9 la preuve de massacres&#8221; (propos recueillis par Jannick Alimi) : http:\/\/www.leparisien.fr\/politique\/macron-sur-la-colonisation-les-historiens-ont-apporte-la-preuve-de-massacres-juge-stora-17-02-2017-6687714.php\n\n-&#8220;Emmanuel Macron parle de crime contre l&#8217;humanit\u00e9 sur le ton de l&#8217;\u00e9vidence&#8221; (propos recueillis par Kim Hullot-Guiot) : http:\/\/www.liberation.fr\/elections-presidentielle-legislatives-2017\/2017\/02\/16\/emmanuel-macron-parle-de-crime-contre-l-humanite-sur-le-ton-de-l-evidence_1548995?xtor\n\n-&#8220;Les tourments de Bayrou&#8221; (Renaud D\u00e9ly; son) : https:\/\/www.franceinter.fr\/emissions\/histoires-politiques\/histoires-politiques-16-fevrier-2017\n\n<strong>-&#8220;Fran\u00e7ois Fillon a pr\u00e9sent\u00e9 ses excuses. Il a reconnu une erreur&#8221; (Fran\u00e7ois Baroin, s\u00e9nateur-maire LR de Troyes, \u00e9tait l&#8217;invit\u00e9 de la matinale de France Inter. Il a r\u00e9pondu aux questions de Patrick Cohen et des auditeurs; vid\u00e9os) :     <\/strong>                                                                                                                                                                                                                                           http:\/\/www.dailymotion.com\/video\/x5c0xmj_francois-baroin-francois-fillon-a-presente-ses-excuses-il-a-reconnu-une-erreur_news                                                                                http:\/\/www.dailymotion.com\/video\/x5c14dw_francois-baroin-repond-aux-auditeurs-dans-interactiv_news\n\n-&#8220;Le parquet national financier \u00e9carte &#8220;en l&#8217;\u00e9tat&#8221; un classement sans suite&#8221;  :  http:\/\/www.lemonde.fr\/affaire-penelope-fillon\/article\/2017\/02\/16\/affaire-fillon-le-parquet-national-financier-ecarte-en-l-etat-un-classement-sans-suite_5080512_5070021.html\n\n-Les r\u00e9actions (vid\u00e9o) : http:\/\/www.francetvinfo.fr\/politique\/francois-fillon\/penelope-fillon\/francois-fillon-la-classe-politique-divisee_2062843.html\n\n-&#8220;Fillon s&#8217;en remet &#8220;au seul jugement du suffrage universel&#8221; (cit\u00e9 par Paule Gonzales dans le &#8220;Figaro&#8221;; vid\u00e9os) : http:\/\/www.lefigaro.fr\/elections\/presidentielles\/2017\/02\/16\/35003-20170216ARTFIG00301-fillon-s-en-remet-au-seul-jugement-du-suffrage-universel.php\n\n-Les explications de son avocat, Me Antonin L\u00e9vy, interrog\u00e9 par Ruth Elkrief (vid\u00e9o) : http:\/\/www.bfmtv.com\/mediaplayer\/video\/me-antonin-levy-face-a-ruth-elkrief-915083.html\n\n-&#8220;Le rendez-vous Sarkozy-Fillon  confirme que nous sommes en ordre de marche&#8221; (Jean-Fran\u00e7ois Lamour, d\u00e9put\u00e9 LR de Paris; interrog\u00e9 par Fr\u00e9d\u00e9ric Rivi\u00e8re; vid\u00e9o) : http:\/\/www.rfi.fr\/video\/20170216-j-f-lamour-lr-le-rendez-vous-sarkozy-fillon-confirme-nous-sommes-ordre-marche\n\n-&#8220;Ce n&#8217;est pas un virage \u00e0 droite mais social. On est confront\u00e9 dans des quartiers \u00e0 des ca\u00efds qui \u00e0 16 ans sont d&#8217;une violence inou\u00efe&#8221; (Christian Estrosi, pr\u00e9sident LR de la r\u00e9gion PACA, invit\u00e9 de &#8220;Territoires d&#8217;infos&#8221;; vid\u00e9o) : http:\/\/www.dailymotion.com\/video\/x5c1fyz_invitee-christian-estrosi-territoires-d-infos-le-best-of-16-02-2017_tv\n\n-&#8220;La campagne pr\u00e9sidentielle doit maintenant repartir pour parler du fond. Nicolas Sarkozy a eu une attitude exemplaire&#8221; (Bernard Accoyer, secr\u00e9taire g\u00e9n\u00e9ral de LR; interrog\u00e9 par Fran\u00e7ois-Xavier Man\u00e8ge; vid\u00e9o) :  http:\/\/www.lci.fr\/replay\/replay-l-invite-politique-du-15-fevrier-2017-bernard-accoyer-secretaire-general-des-republicains-2026060.html%3Ftype=content\n\n-&#8220;Un d\u00e9jeuner qui a symbolis\u00e9 l&#8217;unit\u00e9 de la droite et du centre. La majorit\u00e9 p\u00e9nale \u00e0 16 ans avait \u00e9t\u00e9 d\u00e9battue bien avant. Il y a une supercherie Macron et elle se voit tous les jours. Il salit l&#8217;histoire de la France&#8221; (Eric Woerth, d\u00e9put\u00e9 LR de l&#8217;Oise, invit\u00e9 de la matinale de FranceInfo; vid\u00e9o) : http:\/\/www.dailymotion.com\/video\/x5c1m9m_pour-eric-woerth-le-dejeuner-fillon-sarkozy-a-symbolise-l-unite-de-la-droite-et-du-centre_news\n\n-&#8220;Il faut s&#8217;adapter \u00e0 une jeunesse de plus en plus violente. Proclamons le respect des policiers&#8221;  (Bruno Retailleau, coordinateur de la campagne de Fran\u00e7ois Fillon; interrog\u00e9 par Myriam Encaoua; vid\u00e9o) : http:\/\/www.itele.fr\/chroniques\/invite-myriam-encaoua\/bruno-retailleau-senateur-lr-172960\n\n<strong>-&#8220;Un opportunisme dangereux et irresponsable. Aujourd&#8217;hui, un jeune peut \u00eatre condamn\u00e9 \u00e0 30 ans d&#8217;emprisonnement&#8221; (Jean-Pierre Rosenczveig, ancien pr\u00e9sident du tribunal pour enfants de Bobigny; interrog\u00e9 par Dimitri Pavlenko; son) : <\/strong> http:\/\/www.sudradio.fr\/Podcasts\/L-invite-pour-comprendre\/JP-Rosenczveig-ancien-President-du-tribunal-pour-enfants-de-Bobigny\n\n-&#8220;Fran\u00e7ois Fillon fragilise l&#8217;alternance. Le spectacle de la pr\u00e9sidentielle peut inqui\u00e9ter les citoyens. Fran\u00e7ois Bayrou annoncera son choix la semaine prochaine&#8221; (l&#8217;eurod\u00e9put\u00e9e MoDem Marielle de Sarnez sur i-T\u00e9l\u00e9; vid\u00e9o) : http:\/\/www.itele.fr\/chroniques\/invite-politique-ferrari-tirs-croises\/linvite-de-laurence-ferrari-du-16022017-172970\n\n-&#8220;Ma famille politique est en train de se suicider&#8221; (Georges Fenech, d\u00e9put\u00e9 LR du Rh\u00f4ne; vid\u00e9o) : http:\/\/www.lci.fr\/elections\/georges-fenech-lr-sur-l-affaire-fillon-ma-famille-politique-est-en-train-de-se-suicider-2026137.html%3Ftype=content\n\n-Il \u00e9tait l&#8217;invit\u00e9 d&#8217;Yves Calvi (vid\u00e9o, amener le curseur sur 1:08:09) : http:\/\/www.lci.fr\/replay\/replay-24-heures-en-questions-du-15-fevrier-2017-2026153.html%3Ftype=content\n\n-&#8220;Il faut se demander pourquoi l&#8217;int\u00e9gration ne se passe bien en France. Fran\u00e7ois Fillon ne peut plus d\u00e9fendre son programme \u00e9conomique, alors il vire \u00e0 droite sur le s\u00e9curitaire. Avec Nicolas Sarkozy, ils se sont mis d&#8217;accord pour pr\u00e9senter Fran\u00e7ois Baroin en futur premier ministre, qui deviendrait candidat en cas de coup dur pour \u00e9carter Alain Jupp\u00e9&#8221; (Jean-Louis Bourlanges, ancien eurod\u00e9put\u00e9 centiste; vid\u00e9o) : http:\/\/www.dailymotion.com\/video\/x5c1b4x_il-faut-se-demander-pourquoi-l-integration-ne-se-passe-pas-bien-en-france-jean-louis-bourlanges-16_news\n\n<strong>-&#8220;Fran\u00e7ois Fillon joue \u00e0 la roulette russe avec son propre camp&#8221; (interrog\u00e9 par Pascal Rich\u00e9) :<\/strong> http:\/\/tempsreel.nouvelobs.com\/presidentielle-2017\/20170215.OBS5356\/jean-louis-bourlanges-fillon-joue-a-la-roulette-russe-avec-son-propre-camp.html#xtor\n\n-&#8220;A gauche comme \u00e0 droite, les d\u00e9put\u00e9s sont perdus&#8221; (Yves Thr\u00e9ard du &#8220;Figaro&#8221;; vid\u00e9o) :  http:\/\/www.dailymotion.com\/video\/x5c0ixq_a-gauche-comme-a-droite-les-deputes-sont-perdus_news\n\n-&#8220;Emmanuel Macron dit ce qu&#8217;une salle veut entendre en Alg\u00e9rie, ce qui prouve qu&#8217;il n&#8217;a pas de colonne vert\u00e9brale. C&#8217;est une faute tr\u00e8s grave pour masquer qu&#8217;il n&#8217;a pas de programme. Le CETA va d\u00e9truire des milliers d&#8217;emplois en France. Marine Le Pen sortira la France de cet accord&#8221; (Florian Philippot, vice-pr\u00e9sident du FN; interrog\u00e9 par Fran\u00e7ois-Xavier M\u00e9nage; vid\u00e9o) : http:\/\/www.lci.fr\/replay\/replay-l-invite-politique-du-16-fevrier-2017-florian-philippot-vice-president-du-front-national-2026179.html%3Ftype=content\n\n<strong>-Le FN, &#8220;c&#8217;est quand m\u00eame un parti anti tout&#8221; (le cin\u00e9aste belge Lucas Belvaux, invit\u00e9 d&#8217;Alexandra Bensaid; vid\u00e9o) : <\/strong> http:\/\/www.dailymotion.com\/video\/x5c0pfx_lucas-belvaux-sur-le-fn-c-est-quand-meme-un-parti-anti-tout_news\n\n<strong>-&#8220;Assistants parlementaires au Parlement europ\u00e9en, le document qui accable Marine Le Pen&#8221; (Marine Turchi de &#8220;Mediapart&#8221;; pi\u00e8ce jointe);\n<\/strong>\n\n-Marine Le Pen reconna\u00eet avoir salari\u00e9 fictivement un assistant pour le &#8220;r\u00e9gulariser&#8221; : http:\/\/www.europe1.fr\/politique\/assistants-fn-au-parlement-europeen-marine-le-pen-reconnait-lemploi-fictif-2980397\n\n-&#8220;Le pouvoir est une drogue, quand le pouvoir s&#8217;en va, c&#8217;est un effet extr\u00eamement douloureux&#8221; (Solenn de Royer du &#8220;Monde&#8221; qui a retrac\u00e9 dans son livre les 100 derniers jours de mandats pr\u00e9sidentiels; interrog\u00e9e par Eric Delvaux; son) : https:\/\/www.franceinter.fr\/emissions\/l-invite-du-5-7\/l-invite-du-5-7-16-fevrier-2017\n\n<strong>-&#8220;Les r\u00e9seaux sociaux jouent un r\u00f4le de plus en plus grand dans les campagnes \u00e9lectorales, avec Jean-Luc M\u00e9lenchon et Marine Le Pen nettement devant tous les autres candidats&#8221; (Marc Baudriller; son du 16 f\u00e9vrier) :  <\/strong> https:\/\/www.radioclassique.fr\/radio\/emissions\/matinale-de-radio-classique\/la-vie-des-medias\/\n\n<em>-L&#8217;enqu\u00eate \u00e9lectorale 2017 du Cevipof de Sciences Po (IPSOS) : <\/em> http:\/\/www.ipsos.fr\/decrypter-societe\/2017-02-16-enquete-electorale-francaise-vague-11-deux-mois-scrutin-match-est-loin-d-etre-plie\n\n<strong>-&#8220;La d\u00e9sagr\u00e9gation du vote de gauche se poursuit&#8221; (Martial Foucault, directeur du Cevipof) :<\/strong> http:\/\/www.lemonde.fr\/election-presidentielle-2017\/article\/2017\/02\/16\/presidentielle-le-vote-de-classe-de-plus-en-plus-eclate_5080595_4854003.html\n\n<em>-Les intentions de vote \u00e0 l&#8217;\u00e9lection pr\u00e9sidentielle au 16 f\u00e9vrier (IFOP) :<\/em> http:\/\/www.parismatch.com\/La-presidentielle-en-temps-reel\n\n<em>-Le m\u00eame \u00e0 la m\u00eame date (OPINION-WAY) : <\/em> https:\/\/www.opinion-way.com\/fr\/\n\n<strong>EUROPE-MONDE<\/strong>\n\n-&#8220;CETA, comment va-t-on \u00eatre trait\u00e9 ?&#8221; (Estelle Patt\u00e9e) :  http:\/\/www.liberation.fr\/planete\/2017\/02\/15\/ceta-comment-va-t-on-etre-traite_1548777?xtor\n\n<strong>-Que repr\u00e9sente le vote du Parlement europ\u00e9en ? (Maxime Vaudano du &#8220;Monde&#8221;; vid\u00e9o) :<\/strong> http:\/\/www.dailymotion.com\/video\/x5by8wj_ceta-que-represente-le-vote_news?utm_source\n\n<strong>-&#8220;Cinq pays, dont la France, bafouent les r\u00e8gles de pollution de l&#8217;air&#8221; (James Crisp et Janie Matthews) <\/strong> : http:\/\/www.euractiv.fr\/section\/climat-environnement\/news\/five-countries-face-fines-after-breaking-eu-pollution-laws\/?nl_ref=31347033\n\n-Les ONG demandent \u00e0 la Commission d&#8217;\u00e9voluer sur les perturbateurs endocriniens (Sarantis Michalopoulos) : http:\/\/www.euractiv.fr\/section\/agriculture-alimentation\/news\/report-commissions-criteria-on-endocrine-disruptors-should-not-be-limited-to-pesticides\/?nl_ref=31347033\n\n-&#8220;Martin Schulz donne un nouveau visage \u00e0 la social-d\u00e9mocratie allemande&#8221; (son du 16 f\u00e9vrier) : https:\/\/www.radioclassique.fr\/radio\/emissions\/matinale-de-radio-classique\/journal-de-l-europe\/\n\n<strong>-&#8220;Les Budapestois contre les JO dans leur ville&#8221; (un reportage de Florence La Bruy\u00e8re; son) <\/strong> : https:\/\/www.franceinter.fr\/emissions\/grand-angle\/grand-angle-16-fevrier-2017\n\n-&#8220;Pour les Tatars, la peur et la r\u00e9pression n&#8217;auront qu&#8217;un temps en Crim\u00e9e&#8221; (Mustafa Dzhemilew, dirigeant tatar de Crim\u00e9e; propos recueillis par Karolina Zbytniewska) : http:\/\/www.euractiv.fr\/section\/l-europe-dans-le-monde\/interview\/tatar-leader-crimea-will-be-free\/?nl_ref=31347033\n\n<strong>-&#8220;La Libye, un pays hors d&#8217;Etat&#8221; (C\u00e9lian Mac\u00e9) :<\/strong> http:\/\/www.liberation.fr\/planete\/2017\/02\/15\/libye-un-pays-hors-d-etat_1548748?xtor\n\n-Pr\u00e8s de 200 nig\u00e9riens rapatri\u00e9s (vid\u00e9o) : http:\/\/www.dailymotion.com\/video\/x5bw0kw_libye-pres-de-200-migrants-nigeriens-rapatries_news\n\n<strong>-&#8220;Les Syriens sont r\u00e9sign\u00e9s et d\u00e9prim\u00e9s&#8221; (le m\u00e9decin urgentiste Rapha\u00ebl Pitty de retour de Syrie, interrog\u00e9 par Maxime Switek; son) : <\/strong> http:\/\/www.dailymotion.com\/video\/x5c0rf0_raphael-pitti-les-syriens-sont-resignes-et-deprimes_news\n\n<strong>-L&#8217;interview int\u00e9grale de Bachar Al-Assad \u00e0 Fabien Namias (son) : <\/strong> http:\/\/www.dailymotion.com\/video\/x5c0tg4_l-interview-integrale-de-bachar-al-assad_news\n\n-Isra\u00ebl-Palestine, Washington n&#8217;\u00e9carte pas la solution d&#8217;un seul Etat (Serge Dumont) : https:\/\/www.letemps.ch\/monde\/2017\/02\/15\/israelpalestine-washington-necarte-solution-dun-seul?utm_source\n\n-Les r\u00e9actions (vid\u00e9o) : http:\/\/newscdn.newsrep.net\/h5\/nrvideo.html?r=3&#038;lan=fr_FR&#038;pid=14&#038;id=J38ef9eb9ty_fr&#038;app_lan=fr_FR&#038;mcc=208&#038;declared_lan\n\n-&#8220;La lune de miel ?&#8221; (vid\u00e9o) : http:\/\/newscdn.newsrep.net\/h5\/nrvideo.html?r=3&#038;lan=fr_FR&#038;pid=14&#038;id=op8eea0456q_fr&#038;app_lan=fr_FR&#038;mcc=208&#038;declared_lan\n\n-&#8220;Donald Trump souffle le chaud et le froid avec Moscou&#8221; (Val\u00e9rie de Graffenried) : https:\/\/www.letemps.ch\/monde\/2017\/02\/15\/donald-trump-souffle-chaud-froid-moscou?utm_source\n\n-Ce qu&#8217;il faut retenir de sa conf\u00e9rence de presse : http:\/\/www.lemonde.fr\/ameriques\/article\/2017\/02\/16\/donald-trump-defend-les-premieres-semaines-de-son-administration-et-critique-a-nouveau-la-presse_5080921_3222.html\n\n-Les Etats-Unis r\u00e9clament, dans l&#8217;OTAN, un plus grand engagement de l&#8217;Europe dans la d\u00e9fense (vid\u00e9o) : http:\/\/newscdn.newsrep.net\/h5\/nrvideo.html?r=3&#038;lan=fr_FR&#038;pid=14&#038;id=Jp8edd5d4KC_fr&#038;app_lan=fr_FR&#038;mcc=208&#038;declared_lan=\n\n-A Rio, des installations olympiques d\u00e9labr\u00e9es (vid\u00e9o) : http:\/\/www.dailymotion.com\/video\/x5brz6a_a-rio-des-installations-olympiques-delabrees_news\n\n<strong>-La recherche m\u00e9dicale pour les pays en voie de d\u00e9veloppement ne cesse de ralentir (Matthew Tempest) <\/strong> : http:\/\/www.euractiv.fr\/section\/l-europe-dans-le-monde\/news\/unveils-report-showing-eu-overtakes-uk-on-medical-research-for-developing-world\/?nl_ref=31347033\n\n<strong>CULTURE-MEDIAS<\/strong>\n\n-&#8220;En 2018, la culture redevient capitale \u00e0 Marseille&#8221; (Gilles Rof) : http:\/\/www.telerama.fr\/scenes\/en-2018-la-culture-redevient-capitale-a-marseille,154232.php#xtor\n\n<strong>-Rapha\u00ebl Personnaz, interpr\u00e8te de &#8220;Sc\u00e8nes de la vie conjugale&#8221;, invit\u00e9 de Claire Chazal; son du 11 f\u00e9vrier) <\/strong> : https:\/\/www.radioclassique.fr\/radio\/emissions\/l-invite-culture-de-claire-chazal\/\n\n<strong>-&#8220;Une lettre de protestation et de solidarit\u00e9 au cin\u00e9ma portugais&#8221; (Ludovic Lamant) :<\/strong> https:\/\/blogs.mediapart.fr\/ludovic-lamant\/blog\/140217\/une-lettre-de-protestation-et-de-solidarite-au-cinema-portugais?utm_source\n\n-D\u00e9saccord de critiques pour le film &#8220;Loving&#8221; de Jeff Nichols (Pierre Murat; vid\u00e9o) : http:\/\/www.telerama.fr\/cinema\/loving-film-delicat-ou-truffe-de-cliches,154226.php#xtor\n\n-C&#8217;est aussi le cas pour &#8220;Rock&#8217;n&#8217;Roll&#8221; de Guillaume Canet (Pierre Murat; vid\u00e9o; voir notre livraison de mercredi) : http:\/\/www.telerama.fr\/cinema\/rock-n-roll-la-satire-feroce-et-drole-de-guillaume-canet,154222.php#xtor\n\n-Douze ans apr\u00e8s, Luc Jacquet a retrouv\u00e9 &#8220;L&#8217;Empereur&#8221; (vid\u00e9o) : http:\/\/www.telerama.fr\/cinema\/luc-jacquet-retrouve-l-empereur-et-douze-ans-apres-le-charme-opere-toujours,154227.php#xtor\n\n<strong>-Avec le plongeur Laurent Ballesta, visiter l&#8217;exposition &#8220;Antartica&#8221; au mus\u00e9e des Confluences de Lyon (Pierrick Allain et Virginie F\u00e9lix; vid\u00e9o) : <\/strong> http:\/\/television.telerama.fr\/television\/visite-guidee-70-metres-sous-la-banquise-avec-le-plongeur-laurent-ballesta,153236.php\n\n<strong>-Encore 4 jours pour revoir ici le documentaire &#8220;Plan\u00e8te animale&#8221; (vid\u00e9o) : <\/strong> http:\/\/pluzz.francetv.fr\/videos\/planete_animale_,153341791.html\n\n-Disney se s\u00e9pare du youtubeur PiewDiePie auteur d&#8217;une provocation antis\u00e9mite (vid\u00e9o) : http:\/\/www.dailymotion.com\/video\/x5bxz4u_disney-se-separe-du-youtubeur-pewdiepie_news?utm_source\n\n-L&#8217;app\u00e2t du gain a fait na\u00eetre le march\u00e9 des fake news (J\u00e9r\u00e9mie Maire; vid\u00e9o en anglais) :  http:\/\/www.telerama.fr\/medias\/fake-news-mode-d-emploi,154228.php#xtor\n\n<strong>-&#8220;Tinariwen, du blues dans le d\u00e9sert&#8221; (Rebecca Manzoni; vid\u00e9o) :<\/strong> http:\/\/www.dailymotion.com\/video\/x5c0igr_tinariwen-du-blues-dans-le-desert-pop-co_music\n\n-&#8220;Sinkane, le funk cosmique aux accents politiques&#8221; (Jean-Baptiste Roch; vid\u00e9os) : http:\/\/www.telerama.fr\/musique\/sinkane-le-funk-cosmique-aux-accents-politiques,154181.php#xtor\n\n-Alma repr\u00e9sentera la France au prochain concours de l&#8217;Eurovision (invit\u00e9e de Tomas Joubert; vid\u00e9o) : http:\/\/www.dailymotion.com\/video\/x5c1k5n_alma-ce-sont-mes-manageuses-qui-m-ont-proposee-a-la-selection-de-l-eurovision_news\n\n-Pour la premi\u00e8re fois, elle a pr\u00e9sent\u00e9 &#8220;Requiem&#8221; dans l&#8217;\u00e9mission &#8220;C \u00e0 vous&#8221; (vid\u00e9o) : https:\/\/www.youtube.com\/watch?v=_vi4m0WPcXQ\n\n<strong>-Line Renaud \u00e9tait l&#8217;invit\u00e9e de &#8220;Passion classique&#8221; d&#8217;Olivier Bellamy (son du 15 f\u00e9vrier) :<\/strong> https:\/\/www.radioclassique.fr\/radio\/emissions\/passion-classique\/\n\n-France Culture met la rose en majest\u00e9 (Laurence Le Saux; son) : http:\/\/www.telerama.fr\/radio\/france-culture-met-la-rose-en-majeste,153355.php#xtor\n\n-R\u00e9\u00e9couter les quatre \u00e9missions chez Perrine Kervran (sons) : https:\/\/www.franceculture.fr\/emissions\/lsd-la-serie-documentaire\/ou-est-passe-le-parfum-des-roses-14-de-la-fleur-deglantier-la\n\n-&#8220;A bas les dikdats sur le corps des femmes&#8221; (Violaine de la Bigne; son) :  http:\/\/www.sudradio.fr\/Podcasts\/Quelle-epoque-ethique\/A-bas-les-diktats-sur-le-corps-de-la-femme\n\n<strong>-Pierre Chevalier, l&#8217;homme qui a rajeuni la fiction sur Arte (J\u00e9r\u00e9mie Couston; vid\u00e9os) <\/strong> : http:\/\/www.telerama.fr\/sortir\/pierre-chevalier-l-homme-qui-a-rajeuni-la-fiction-a-la-tele,154206.php#xtor\n\n-Jusqu&#8217;au 20 mars, la r\u00e9trospective que lui consacre la Cin\u00e9math\u00e8que de Paris : http:\/\/www.cinematheque.fr\/cycle\/pierre-chevalier-373.html\n\n-&#8220;La Tueuse cam\u00e9l\u00e9on&#8221; de Jos\u00e9e Dayan ce soir sur France 2, invit\u00e9e de Dimitri Pavlenko; son) : http:\/\/www.sudradio.fr\/Podcasts\/L-invite-pour-comprendre\/Josee-Dayan-realisatrice\n\n<strong>-&#8220;The Voice&#8221;, la diversit\u00e9 sur TF1 (Bruno Berbes, directeur du casting de l&#8217;\u00e9mission, invit\u00e9 de Sonia Devillers; vid\u00e9o, amener le curseur sur 4:32) : <\/strong> http:\/\/www.dailymotion.com\/video\/x5c1ij5_the-voice-sur-tf1-la-diversite-et-ses-recettes_music\n\n-&#8220;Arnaud Lagard\u00e8re, au nom du p\u00e8re&#8221; dans &#8220;Compl\u00e9ment d&#8217;enqu\u00eate&#8221; sur France 2 (Sonia Devillers; vid\u00e9o) : http:\/\/www.dailymotion.com\/video\/x5c0cb7_arnaud-lagardere-au-nom-du-pere-complement-d-enquete-sur-france-2-l-instant-tele_news\n\n-Sheila remont\u00e9e apr\u00e8s un article &#8220;d&#8217;Ici Paris&#8221; (J\u00e9r\u00f4me Ivanichtchenko; vid\u00e9o) : http:\/\/www.dailymotion.com\/video\/x5c1kgd_presse-a-scandales-sheila-s-enerve-apres-un-article-d-ici-paris_news\n\n-&#8220;Le calvaire des cochons dans l&#8217;abattoir de Houdan&#8221; (Guillaume Meurice; vid\u00e9o) : https:\/\/www.youtube.com\/watch?v=1NhM2KPfESQ\n\n<strong>-&#8220;A fond le feuilleton Fillon !&#8221; (Didier Porte; vid\u00e9o) : <\/strong> http:\/\/www.dailymotion.com\/video\/x5c2mlm_didier-porte-a-fond-dans-le-feuilleton-fillon_news\n<h2 class=\"wp-block-heading\">Documents joints<\/h2>\n\n\n\n<div class=\"wp-block-file\"><a href=\"https:\/\/wp.muchomaas.com\/wp-content\/uploads\/2017\/02\/assistants_au_parlement_europeen-ea8.pdf\">assistants_au_parlement_europeen.pdf<\/a><\/div>\n\n\n","protected":false},"excerpt":{"rendered":"<p>ACTUALITE -Les salari\u00e9 de PSA sont attentifs au rachat d&#8217;Opel (vid\u00e9o) : http:\/\/www.francetvinfo.fr\/economie\/automobile\/automobile-les-salaries-de-psa-sont-attentifs-au-rachat-d-opel_2062595.html -En Allemagne, on s&#8217;en inqui\u00e8te (Amaury Guibert; vid\u00e9o) : http:\/\/www.francetvinfo.fr\/economie\/automobile\/automobile-l-interet-de-psa-pour-opel-inquiete-l-allemagne_2062597.html -Pour Alstom, l&#8217;Etat revoie sa copie (vid\u00e9o) : http:\/\/www.francetvinfo.fr\/economie\/transports\/sncf\/economie-le-plan-de-l-etat-pour-le-contrat-avec-alstom_2062841.html -&#8220;Nous ne voulons pas taxer les contrats courts parce que \u00e7a ne sert \u00e0 rien&#8221; (Pierre Gattaz, pr\u00e9sident du Medef; interrog\u00e9 par Nicolas [&hellip;]<\/p>\n","protected":false},"author":1042,"featured_media":0,"comment_status":"open","ping_status":"open","sticky":false,"template":"","format":"standard","meta":{"_themeisle_gutenberg_block_has_review":false,"footnotes":""},"categories":[151],"tags":[],"class_list":["post-10197","post","type-post","status-publish","format-standard","hentry","category-la-revue-de-presse-de-lulu"],"_links":{"self":[{"href":"https:\/\/archives.regards.fr\/index.php?rest_route=\/wp\/v2\/posts\/10197","targetHints":{"allow":["GET"]}}],"collection":[{"href":"https:\/\/archives.regards.fr\/index.php?rest_route=\/wp\/v2\/posts"}],"about":[{"href":"https:\/\/archives.regards.fr\/index.php?rest_route=\/wp\/v2\/types\/post"}],"author":[{"embeddable":true,"href":"https:\/\/archives.regards.fr\/index.php?rest_route=\/wp\/v2\/users\/1042"}],"replies":[{"embeddable":true,"href":"https:\/\/archives.regards.fr\/index.php?rest_route=%2Fwp%2Fv2%2Fcomments&post=10197"}],"version-history":[{"count":0,"href":"https:\/\/archives.regards.fr\/index.php?rest_route=\/wp\/v2\/posts\/10197\/revisions"}],"wp:attachment":[{"href":"https:\/\/archives.regards.fr\/index.php?rest_route=%2Fwp%2Fv2%2Fmedia&parent=10197"}],"wp:term":[{"taxonomy":"category","embeddable":true,"href":"https:\/\/archives.regards.fr\/index.php?rest_route=%2Fwp%2Fv2%2Fcategories&post=10197"},{"taxonomy":"post_tag","embeddable":true,"href":"https:\/\/archives.regards.fr\/index.php?rest_route=%2Fwp%2Fv2%2Ftags&post=10197"}],"curies":[{"name":"wp","href":"https:\/\/api.w.org\/{rel}","templated":true}]}}