{"id":10191,"date":"2017-02-15T06:58:15","date_gmt":"2017-02-15T05:58:15","guid":{"rendered":"https:\/\/wp.muchomaas.com\/article-la-revue-du-15-fevrier-2017\/"},"modified":"2023-06-23T23:24:08","modified_gmt":"2023-06-23T21:24:08","slug":"article-la-revue-du-15-fevrier-2017","status":"publish","type":"post","link":"https:\/\/archives.regards.fr\/?p=10191","title":{"rendered":"La Revue du 15 f\u00e9vrier 2017"},"content":{"rendered":"<strong>ACTUALITE<\/strong>\n\n<strong>-&#8220;La CGT se f\u00e9licite de l&#8217;allongement des cong\u00e9s de maternit\u00e9 et de paternit\u00e9&#8221; (elle souligne le r\u00f4le jou\u00e9 par Marie-George Buffet, d\u00e9put\u00e9e Front de gauche de Seine-Saint-Denis) <\/strong> : http:\/\/www.cgt.fr\/La-CGT-se-felicite-de-l.html\n\n-La France n&#8217;a jamais eu autant de SDF (son) : http:\/\/www.sudradio.fr\/Podcasts\/Les-reportages-de-la-matinee\/La-Grande-Pauvrete\n\n<em>-&#8220;30 ans de lutte contre la pauvret\u00e9&#8221; (IPSOS) : <\/em> http:\/\/www.ipsos.fr\/decrypter-societe\/2017-02-14-30-ans-lutte-contre-pauvrete\n\n<strong>-Un espoir pour les lyc\u00e9ens sans abri du lyc\u00e9e Auguste Blanqui de Saint-Ouen (93; Thibault Lef\u00e8vre; son) <\/strong> : https:\/\/www.franceinter.fr\/emissions\/grand-angle\/grand-angle-14-fevrier-2017\n\n<strong>-&#8220;Avec des r\u00e9formes, un avenir radieux est possible pour la France&#8221; (Pierre Gattaz, pr\u00e9sident du Medef, dans &#8220;Le Figaro&#8221;; pi\u00e8ce jointe);<\/strong>\n\n-&#8220;On n&#8217;entre pas dans cette n\u00e9gociation de l&#8217;UNEDIC pour augmenter le co\u00fbt du travail.  Sur le programme \u00e9conomique, c&#8217;est Fillon qui a le plus d\u00e9taill\u00e9&#8221; (il \u00e9tait interrog\u00e9 par Maxime Switek sur Europe 1; vid\u00e9o) : http:\/\/www.europe1.fr\/emissions\/linterview-politique-de-8h20\/pierre-gattaz-sur-le-programme-economique-cest-francois-fillon-qui-a-le-plus-detaille-2977481\n\n-&#8220;Le Medef accepte de rouvrir une n\u00e9gociation sur l&#8217;assurance ch\u00f4mage&#8221; (David Bo\u00e9ri; vid\u00e9o) : http:\/\/www.francetvinfo.fr\/economie\/emploi\/chomage\/le-medef-accepte-de-rouvrir-une-negociation-sur-l-assurance-chomage_2059519.html\n\n-&#8220;L&#8217;\u00e9conomie am\u00e9ricaine est le moteur de nos \u00e9conomies modernes&#8221; (Didier Le Menestrel, pr\u00e9sident de &#8220;la Fran\u00e7aise de l&#8217;\u00e9chiquier&#8221;; interrog\u00e9 par Nicolas Pierron; vid\u00e9o) :                                    https:\/\/www.dailymotion.com\/video\/x5bq3gt_l-economie-americaine-est-le-moteur-de-nos-economies-modernes-didier-le-menestrel-14-02-2017_news\n\n<strong>-&#8220;EDF va bien, EDF n&#8217;est pas dans le rouge&#8221; (son PDG Jean-Bernard L\u00e9vy, interrog\u00e9 par Benjamin Sportouch; vid\u00e9o) :<\/strong> http:\/\/www.rtl.fr\/actu\/politique\/edf-va-bien-edf-n-est-pas-dans-le-rouge-assure-jean-bernard-levy-7787238654\n\n-&#8220;PSA veut racheter OPEL&#8221; (vid\u00e9o) : http:\/\/www.francetvinfo.fr\/economie\/entreprises\/automobile-psa-veut-racheter-opel_2060649.html\n\n-Le boum de l&#8217;enseignement du chinois en France (vid\u00e9o) : http:\/\/www.francetvinfo.fr\/economie\/emploi\/carriere\/formation\/emploi-le-boom-de-l-enseignement-du-chinois_2059489.html\n\n<strong>-&#8220;Les pesticides sont les vaches \u00e0 lait de ceux qui les vendent&#8221; (St\u00e9phane D&#8217;Halluin des jardineries Botanic; vid\u00e9o) :<\/strong> http:\/\/www.rtl.fr\/actu\/environnement\/espaces-verts-ventes-aux-particuliers-haro-sur-les-pesticides-7787246651\n\n<strong>-&#8220;J&#8217;ai vu pour la premi\u00e8re fois tomber la pluie en Antarctique l&#8217;ann\u00e9e derni\u00e8re&#8221; (Luc Jacquet, r\u00e9alisateur de &#8220;L&#8217;Empereur&#8221;, interrog\u00e9 par Eric Delvaux; son et vid\u00e9o) : <\/strong> https:\/\/www.franceinter.fr\/emissions\/grand-angle\/grand-angle-14-fevrier-2017\n\n-Des usagers en col\u00e8re contre la SNCF qui veut supprimer leur abonnement (vid\u00e9o) : http:\/\/www.francetvinfo.fr\/economie\/transports\/sncf\/transports-la-colere-des-voyageurs-sncf_2059121.html\n\n-Une nouvelle organisation du travail dans certaines exploitations agricoles (vid\u00e9o) : http:\/\/www.francetvinfo.fr\/replay-radio\/patron-chef-d-entreprise\/agriculture-un-salarie-trois-patrons_2060324.html\n\n<strong>-&#8220;Ces ph\u00e9nom\u00e8nes d&#8217;avalanches viennent d&#8217;un mois de janvier ensoleill\u00e9 et tr\u00e8s froid. Il faudrait de grosses chutes de neige qui recouvrent les couches fragiles&#8221; (Dominique L\u00e9tang, sp\u00e9cialiste des avalanches; interrog\u00e9 par Dimitri Pavlenko; son) :  <\/strong> http:\/\/www.sudradio.fr\/Podcasts\/L-invite-pour-comprendre\/Dominique-Letang-directeur-de-l-ANENA2\n\n<strong>-&#8220;Le myst\u00e8re des avalanches&#8221; (Sandy  Dauphin; son et vid\u00e9o) : <\/strong> https:\/\/www.franceinter.fr\/emissions\/le-zoom-de-la-redaction\/le-zoom-de-la-redaction-14-fevrier-2017\n\n-Les quatre buts du PSG face au Bar\u00e7a (vid\u00e9os) : http:\/\/www.lequipe.fr\/Football\/Actualites\/Les-quatre-buts-du-psg-face-au-barca-en-video\/778196\n\n-&#8220;En banlieue, la situation n&#8217;est pas la m\u00eame qu&#8217;en 2005&#8221; (le sociologue G\u00e9rard Mauger; propos recueillis par Anne-Sophie Hojlo) : http:\/\/tempsreel.nouvelobs.com\/societe\/20170214.OBS5302\/incidents-en-banlieue-la-situation-n-est-pas-la-meme-qu-en-2005.html#xtor\n\n-&#8220;Mohamed K, l&#8217;ami de Th\u00e9o, raconte son passage \u00e0 tabac une semaine avant&#8221; (Elsa Vigoureux) : http:\/\/tempsreel.nouvelobs.com\/societe\/20170213.OBS5270\/aulnay-sous-bois-mohamed-k-ami-de-theo-raconte-son-passage-a-tabac-par-la-police.html?xtref\n\n-&#8220;Trois policiers \u00e0 nouveau accus\u00e9s&#8221; (Jean-Michel D\u00e9cugis) : http:\/\/www.leparisien.fr\/seine-saint-denis-93\/trois-policiers-impliques-dans-l-affaire-theo-a-nouveau-accuses-de-violences-14-02-2017-6681675.php\n\n<strong>-&#8220;Le troublant pass\u00e9 judiciaire du commissaire d&#8217;Aulnay-sous-Bois&#8221; (Rosa Moussaoui) <\/strong> : http:\/\/www.humanite.fr\/le-troublant-passe-judiciaire-du-commissaire-daulnay-sous-bois-632010\n\n-Thibault de Montbrial, pr\u00e9sident du centre de r\u00e9flexion sur la s\u00e9curit\u00e9 int\u00e9rieure, \u00e9tait l&#8217;invit\u00e9 d&#8217;Yves Calvi (vid\u00e9o) : http:\/\/www.lci.fr\/replay\/l-invite-de-24h-en-questions-du-13-fevrier-2017-thibault-de-montbrial-president-du-centre-de-reflexion-sur-la-securite-interieure-2025913.html%3Ftype=content\n\n-Thierry Sol\u00e8re, porte-parole de Fran\u00e7ois Fillon, vis\u00e9 par une enqu\u00eate pour fraude fiscale : http:\/\/www.francetvinfo.fr\/politique\/francois-fillon\/affaires-fillon\/thierry-solere-porte-parole-de-francois-fillon-vise-par-une-enquete-pour-fraude-fiscale_2060516.html\n\n<strong>POLITIQUE<\/strong>\n\n<strong>-&#8220;Ce qui se passe (dans les banlieues) n&#8217;est pas une bonne chose pour la d\u00e9mocratie d&#8217;o\u00f9 la n\u00e9cessit\u00e9 d&#8217;actes forts pour apaiser. Le pr\u00e9sident de la R\u00e9publique est dans son r\u00f4le. Le rassemblement de la gauche, nous y pensons. Beno\u00eet  Hamon doit mettre en coh\u00e9rence ses actes et ses propos. Le coup du Bourget est dans beaucoup de t\u00eates. Toutes les concessions sont possibles si l&#8217;orientation est claire, y compris sur la candidature qui n&#8217;est pas la question la plus importante.  Il y a une opportunit\u00e9 d&#8217;\u00eatre au deuxi\u00e8me tour avec le recul de Fran\u00e7ois Fillon&#8221; (Manuel Bompard, directeur de campagne de Jean-Luc M\u00e9lenchon; interrog\u00e9 par Fr\u00e9d\u00e9ric Rivi\u00e8re; vid\u00e9o) :   <\/strong>     http:\/\/www.francetvinfo.fr\/replay-jt\/france-2\/13-heures\/jt-de-13h-du-mardi-14-fevrier-2017_2052207.html      \n\n<strong>-&#8220;L&#8217;inventivit\u00e9 des jeunes n&#8217;a pas trouv\u00e9 de r\u00e9ponse en banlieue. L&#8217;erreur de tout le monde, c&#8217;est de leur proposer des services publics alors qu&#8217;ils veulent innover par eux-m\u00eames. Ils veulent pouvoir cr\u00e9er leur bo\u00eete, faire une start-up. C&#8217;est pour cela que Macron est assez populaire dans les banlieues. On est dans le vieux monde. On ne comprend pas ce que veulent vraiment ces jeunes dans les banlieues. Le feuilleton  Fillon, \u00e7a suffit. Pendant ce temps l\u00e0, le FN progresse. Je ne dis pas \u00e0 Jean-Luc M\u00e9lenchon &#8220;d\u00e9gage&#8221;, je dis &#8220;discutons&#8221; (Jean-Christophe Cambad\u00e9lis, invit\u00e9 de la matinale de Franceinfo; vid\u00e9o) : <\/strong> http:\/\/www.dailymotion.com\/video\/x5bqb1u_pour-jean-christophe-cambadelis-l-inventivite-des-jeunes-n-a-pas-trouve-de-reponse-en-banlieue_news\n\n<strong>-&#8220;Les cam\u00e9ras sont une bien meilleure r\u00e9ponse qu&#8217;un morceau de papier&#8221;. Les chances de la gauche, &#8220;y en a pas beaucoup. Jean-Luc M\u00e9lenchon ira jusqu&#8217;au bout. En 2012, il y avait d\u00e9j\u00e0 M\u00e9lenchon et Fran\u00e7ois Hollande (a gagn\u00e9). Cette fois, avec lui, il y a Hamon et Macron, c&#8217;est-\u00e0-dire pas la synth\u00e8se r\u00e9alis\u00e9e en 2012. Pour la premi\u00e8re fois, moi aussi, je suis dans l&#8217;incertitude&#8221;. Sur la grippe aviaire, &#8220;on a un probl\u00e8me de bios\u00e9curit\u00e9 globale&#8221; (St\u00e9phane Le Foll \u00e9tait l&#8217;invit\u00e9 de la matinale de France Inter. Il r\u00e9pondait aux questions de Patrick Cohen et des auditeurs; vid\u00e9os) : <\/strong> http:\/\/www.dailymotion.com\/video\/x5bpris_stephane-le-foll-sur-les-chances-de-gauche-y-en-a-pas-beaucoup_news\n<iframe loading=\"lazy\" title=\"St\u00e9phane Le Foll sur la grippe aviaire : &quot;On a un probl\u00e8me de bios\u00e9curit\u00e9 global&quot;\" frameborder=\"0\" width=\"500\" height=\"283\" src=\"https:\/\/geo.dailymotion.com\/player.html?video=x5bpw81&#038;\" allowfullscreen allow=\"autoplay; fullscreen; picture-in-picture; web-share\"><\/iframe>\n\n-&#8220;Fran\u00e7ois Hollande a rat\u00e9 son rendez-vous avec la jeunesse. Les associations qui ont \u00e9t\u00e9 re\u00e7ues par le gouvernement, on ne les voit pas sur le terrain&#8221; (Bilel Hidri, chef d&#8217;entreprise \u00e0 Aulnay-sous-Bois (93), interrog\u00e9 par Dimitri Pavlenko; son) : http:\/\/www.sudradio.fr\/Podcasts\/L-invite-pour-comprendre\/Bilel-Hidri-chef-d-entreprise\n\n-&#8220;Le pr\u00e9sident \u00e9tait \u00e0 Aubervilliers pour calmer les esprits&#8221; (vid\u00e9o) : http:\/\/www.lcp.fr\/la-politique-en-video\/violences-urbaines-hollande-aubervilliers-pour-calmer-les-esprits\n\n<strong>-Son discours vid\u00e9o) :<\/strong>http:\/\/www.elysee.fr\/videos\/new-video-91\/\n\n-&#8220;Nous traitons le sujet avec la gravit\u00e9 n\u00e9cessaire&#8221; (la secr\u00e9taire d&#8217;Etat H\u00e9l\u00e8ne Geoffroy; vid\u00e9o) : http:\/\/www.itele.fr\/chroniques\/invite-politique-ferrari-tirs-croises\/linvite-de-laurence-ferrari-du-14022017-172930\n\n-&#8220;Agir pour de vrai&#8221; (Olivier Dartigolles, porte-parole du PCF) : http:\/\/www.pcf.fr\/96547\n\n-&#8220;Les quartiers sont \u00e0 fleur de peau et je ne comprends pas le comportement de la droite qui attise au lieu de chercher \u00e0 calmer. C&#8217;est une attitude irresponsable. Plut\u00f4t que d&#8217;interdire, il faut chercher \u00e0 comprendre. La mise en examen d&#8217;un policier pour viol n&#8217;a rien \u00e0 voir avec le r\u00e9c\u00e9piss\u00e9. Quand Georges Marchais a fait le programme commun, il y avait plus de diff\u00e9rences entre le PS et le PC qu&#8217;aujourd&#8217;hui entre Hamon et Valls&#8221; (Olivier Faure, pr\u00e9sident du groupe socialiste; interrog\u00e9 par Brigitte Boucher; vid\u00e9o, amener le curseur sur 30:33) : http:\/\/www.lcp.fr\/emissions\/politique-matin\/282389-politique-matin\n\n-&#8220;Il faut r\u00e9tablir une police de proximit\u00e9 et de contact&#8221; (St\u00e9phane Troussel, pr\u00e9sident PS du Conseil d\u00e9partemental de Seine-Saint-Denis; interrog\u00e9 par Thomas Sotto; vid\u00e9o) : http:\/\/www.dailymotion.com\/video\/x5bple4_stephane-troussel-il-faut-retablir-une-police-de-proximite-et-de-contact_news\n\n-&#8220;Jeu de chat et de la souris entre Jadot et M\u00e9lenchon&#8221; (Fran\u00e7ois Goulin; vid\u00e9o) : http:\/\/www.lcp.fr\/la-politique-en-video\/jeu-du-chat-et-de-la-souris-entre-melenchon-et-jadot\n\n-&#8220;Un improbable retour de la gauche plurielle&#8221; (Olivier Bost; vid\u00e9o) : http:\/\/www.rtl.fr\/actu\/politique\/presidentielle-2017-un-improbable-retour-de-la-gauche-plurielle-analyse-olivier-bost-7787238999\n\n-&#8220;PCF, sortons de l&#8217;immobilisme&#8221; (appel collectif; pi\u00e8ce jointe);\n\n-&#8220;Il n&#8217;y a pas de solution alternative meilleure que ma candidature&#8221; (Fran\u00e7ois Fillon; vid\u00e9o, amener le curseur sur 9:38) : http:\/\/www.francetvinfo.fr\/replay-jt\/france-2\/13-heures\/jt-de-13h-du-mardi-14-fevrier-2017_2052207.html\n\n-On en a d\u00e9battu sur i-T\u00e9l\u00e9 (vid\u00e9o) : http:\/\/www.itele.fr\/chroniques\/grand-decryptage-olivier-galzi\/le-grand-decryptage-du-14022017-172934\n\n-&#8220;Je reste favorable \u00e0 ce que notre famille reste unie. Toutes ces initiatives sont inopportunes&#8221; (Eric Ciotti, d\u00e9put\u00e9 LR des Alpes-Maritimes; vid\u00e9o) : http:\/\/www.lcp.fr\/la-politique-en-video\/affaire-fillon-ciotti-juge-inopportune-la-convocation-dun-bureau-politique-des\n\n-&#8220;On est face \u00e0 une horde de voyous&#8221; (Il \u00e9tait l&#8217;invit\u00e9 de &#8220;Politique Matin&#8221; sur la cha\u00eene LCP et r\u00e9pondait aux questions de Brigitte Boucher; vid\u00e9o, amener le curseur sur 7:52 et sur 18:14) :  http:\/\/www.lcp.fr\/emissions\/politique-matin\/282389-politique-matin\n\n-&#8220;Que l&#8217;argent public aille \u00e0 Penelope Fillon ou \u00e0 Mme Dupont, c&#8217;est la m\u00eame somme. Est-ce que la probit\u00e9 de Fran\u00e7ois Fillon a \u00e9t\u00e9 mise en cause ? A ma connaisance, non&#8221; (Virginie Calmes, premi\u00e8re adjointe LR de Bordeaux; interrog\u00e9e par Alexandra Bensa\u00cfd; vid\u00e9o) :  https:\/\/www.franceinter.fr\/emissions\/l-invite-de-7h50\/l-invite-de-7h50-14-fevrier-2017\n\n-&#8220;Les frondeurs LR appellent le candidat \u00e0 prendre ses responsabilit\u00e9s&#8221; (vid\u00e9o) : http:\/\/www.lci.fr\/politique\/presidentielle-2017-affaire-fillon-nouvel-assaut-des-frondeurs-georges-fenech-nadine-morano-lr-contre-le-candidat-2025925.html\n\n<strong>-&#8220;Pendant que les banlieues br\u00fblent, les campagnes sont frapp\u00e9es du m\u00eame m\u00e9pris&#8221; (Rama Yade, candidate \u00e0 l&#8217;\u00e9lection pr\u00e9sidentielle; interrog\u00e9e par Renaud Blanc; vid\u00e9o) : <\/strong> https:\/\/www.dailymotion.com\/video\/x5bq43m_pendant-que-les-banlieues-brulent-les-campagnes-sont-frappees-du-meme-mepris-rama-yade-14-02-2017_news\n\n-&#8220;Il faut que le d\u00e9bat politique accueille de nouveaux profils&#8221; (Jean-Christophe Fromantin, d\u00e9put\u00e9-maire de Neuilly-sur-Seine; vid\u00e9o) :  http:\/\/www.dailymotion.com\/video\/x5bn5gh_fromantin-il-faut-que-le-debat-politique-accueille-de-nouveaux-profils_news\n\n-&#8220;Personne ne peut l&#8217;emp\u00eacher d&#8217;\u00eatre candidat s&#8217;il le veut dans la situation actuelle&#8221; (Mich\u00e8le Alliot-Marie, candidate \u00e0 l&#8217;\u00e9lection pr\u00e9sidentielle; interrog\u00e9e par Ruth Elkrief; vid\u00e9o) : http:\/\/www.bfmtv.com\/mediaplayer\/video\/affaire-fillon-personne-ne-peut-l-empecher-d-etre-candidat-s-il-le-veut-dans-la-situation-actuelle-michele-alliot-marie-914307.html\n\n-&#8220;Il ira jusqu&#8217;au bout, m\u00eame s&#8217;il est mis en examen&#8221; (Georges Fenech, d\u00e9put\u00e9 LR du Rh\u00f4ne; vid\u00e9o) : http:\/\/www.lci.fr\/elections\/georges-fenech-francois-fillon-ira-jusqu-au-bout-meme-s-il-est-mis-en-examen-2026015.html%3Ftype=content\n\n-&#8220;Le probl\u00e8me n&#8217;est pas le racisme, c&#8217;est le laxisme. Il faut recruter 15 000 policiers et une politique de tol\u00e9rance 0. La vraie pauvret\u00e9 n&#8217;est pas dans ces quartiers, elle est dans les zones rurales o\u00f9 on ne br\u00fble pas les voitures. Le feuilleton Fillon devient lassant car il emp\u00eache que ne se d\u00e9roule la campagne&#8221; (Marion Mar\u00e9chal-Le Pen, d\u00e9put\u00e9e FN du Vaucluse; interrog\u00e9e par Jeff Wittenberg; vid\u00e9o) : http:\/\/www.france2.fr\/emissions\/telematin\/actu\/les-4-verites-marion-marechal-le-pen_553085\n\n-&#8220;C&#8217;est \u00e0 la justice de dire ce qui s&#8217;est pass\u00e9, s&#8217;il y a faute, il doit y avoir sanction \u00e0 la hauteur. Contrairement \u00e0 la gauche et \u00e0 la droite, nous ne commen\u00e7ons pas par condamner les policiers qui doivent b\u00e9n\u00e9ficier de la pr\u00e9somption d&#8217;innocence. M. Fillon, quand il \u00e9tait premier ministre, en a supprim\u00e9 12 000 et des milliers de douaniers&#8221; (David Rachline, directeur de campagne de Marine Le Pen; vid\u00e9o) :  http:\/\/www.itele.fr\/chroniques\/invite-politique-ferrari-tirs-croises\/linvite-de-laurence-ferrari-du-14022017-172930\n\n-&#8220;L&#8217;\u00e9motion ne justifie pas que l&#8217;on casse les abris-bus. Plut\u00f4t qu&#8217;\u00e0 celui de Th\u00e9o, il aurait fallu que Fran\u00e7ois Hollande se rende au chevet des policiers. Les banlieues vont provoquer une guerre civile&#8221; (Gilbert Collard, d\u00e9put\u00e9 apparent\u00e9 FN du Gard; invit\u00e9 de &#8220;Territoires d&#8217;Infos&#8221;; vid\u00e9o, amener le curseur sur 33:22) : http:\/\/www.dailymotion.com\/video\/x5bppsi_invite-gilbert-collard-territoires-d-infos-14-02-2017_news\n\n-&#8220;Sortir de l&#8217;euro monnaie unique, la bonne id\u00e9e pour les fran\u00e7ais&#8221; (Bernard Monot, strat\u00e9giste \u00e9conomique du FN; interrog\u00e9 par St\u00e9phane D\u00e9pinoy; vid\u00e9o) : http:\/\/www.francetvinfo.fr\/economie\/crise\/crise-europeenne\/video-presidentielle-sortir-de-leuro-monnaie-unique-la-bonne-idee-pour-les-francais-selon-le-front-national_2059073.html\n\n<strong>-&#8220;80% d&#8217;\u00e9lecteurs de Marine Le Pen sont certains de voter pour elle et d&#8217;abord motiv\u00e9s par son projet pr\u00e9sidentiel&#8221; (Jean-Daniel L\u00e9vy, directeur du d\u00e9partement politique et opinion de HARRIS; vid\u00e9o) <\/strong> : http:\/\/www.lcp.fr\/la-politique-en-video\/sondage-2017-la-1ere-motivation-de-lelectorat-fn-cest-le-projet-de-marine-le\n\n<strong>-&#8220;C&#8217;est bon pour le FN&#8221; (Thomas Legrand; son) : <\/strong> https:\/\/www.franceinter.fr\/emissions\/l-edito-politique\/l-edito-politique-14-fevrier-2017\n\n-&#8220;Bayrou et son casse-t\u00eate palois&#8221; (Yves Thr\u00e9ard du Figaro&#8221;; vid\u00e9o) : http:\/\/www.dailymotion.com\/video\/x5bpdec_candidat-ou-pas-candidat-bayrou-et-son-casse-tete-palois_news\n\n-&#8220;Le ministre de l&#8217;Int\u00e9rieur, je ne sais pas o\u00f9 il est. Tout le monde sait que c&#8217;est encore Bernard Cazeneuve. Si Fran\u00e7ois Hollande n&#8217;avait pas rendu visite \u00e0 Th\u00e9o, cela aurait \u00e9t\u00e9 pire&#8221; (Bruno Roger-Petit et Jean-Francis P\u00e9cresse; vid\u00e9o) : https:\/\/www.dailymotion.com\/video\/x5bq4ui_le-ministre-de-l-interieur-je-ne-sais-pas-ou-il-est-bruno-roger-petit-14-02-2017_news\n\n<em>-Le barom\u00e8tre politique (ODOXA) : <\/em> http:\/\/tempsreel.nouvelobs.com\/societe\/20170213.OBS5270\/aulnay-sous-bois-mohamed-k-ami-de-theo-raconte-son-passage-a-tabac-par-la-police.html?xtref\n\n<em>-Les intentions de vote \u00e0 l&#8217;\u00e9lection pr\u00e9sidentielle au 13 f\u00e9vrier (IFOP) : <\/em> http:\/\/www.ifop.fr\/?option=com_publication&#038;type=poll&#038;id=3649\n\n<em>-Au 14 f\u00e9vrier : <\/em> http:\/\/www.parismatch.com\/Actu\/Politique\/Sondage-presidentielle-Macron-et-Fillon-au-coude-a-coude-1188488\n\n<strong>EUROPE-MONDE<\/strong>\n\n<strong>-&#8220;C&#8217;est \u00e0 l&#8217;Europe de choisir son propre destin. Si on veut qu&#8217;il y ait de la s\u00e9curit\u00e9 dans les banlieues, il faut des emplois. Nous en avons cr\u00e9\u00e9s l\u00e0 o\u00f9 des milliers avaient \u00e9t\u00e9 supprim\u00e9s&#8221; (En Allemagne, Bernard Cazeneuve a rencontr\u00e9 Angela Merkel. Il a donn\u00e9 une interview \u00e0 Micka\u00ebl Darmon; son) <\/strong> : http:\/\/www.sudradio.fr\/Podcasts\/L-invite-pour-comprendre\/Bernard-Cazeneuve-Premier-Ministre\n\n-Le si\u00e8ge du Parlement europ\u00e9en \u00e0 Strasbourg remis en cause ? (Anne Sander, eurod\u00e9put\u00e9e du PPE;  son du 14 f\u00e9vrier) : https:\/\/www.radioclassique.fr\/radio\/emissions\/matinale-de-radio-classique\/journal-de-l-europe\/\n\n<strong>-&#8220;Je ne crois pas aux enfants de deuxi\u00e8me classe&#8221; (Marianne Thyssen, commissaire aux affaires sociales, en r\u00e9ponse au ministre allemand des Finances qui proposait de r\u00e9duire de moiti\u00e9 les allocations familiales pour les europ\u00e9ens \u00e9trangers; cit\u00e9e par Catherine Stupp) :<\/strong> http:\/\/www.euractiv.fr\/section\/europe-sociale-emploi\/news\/thyssen-slams-schaubles-proposal-to-cut-childcare-benefits-for-eu-foreigners\/?nl_ref=31136515\n\n-&#8220;Le Parlement europ\u00e9en s&#8217;inqui\u00e8te du futur des jeunes&#8221; (Brian Maguire: vid\u00e9o) : http:\/\/www.euractiv.fr\/section\/europe-sociale-emploi\/video\/europes-youth-and-the-european-parliament\/?nl_ref=31136515\n\n-&#8220;Pour la premi\u00e8re fois, la Commission europ\u00e9enne a revu ses pr\u00e9visions \u00e0 la hausse&#8221; (Fran\u00e7ois Vidal des &#8220;Echos&#8221;; son du 14 f\u00e9vrier) : https:\/\/www.radioclassique.fr\/radio\/emissions\/matinale-de-radio-classique\/l-edito-economique\/\n\n-&#8220;L&#8217;effet Trump&#8221; ne mine pas la reprise \u00e9conomique&#8221; (Jorge Valero) :  http:\/\/www.euractiv.fr\/section\/euro-finances\/news\/european-recovery-gains-momentum-despite-trump-effect\/?nl_ref=31136515\n\n<strong>-&#8220;Le renoncement de Jean-Claude Yuncker, signal le plus \u00e9vident du d\u00e9sarroi que conna\u00eet l&#8217;Union europ\u00e9enne&#8221; (Hughes Beaudoin; son du 13 f\u00e9vrier) :<\/strong> https:\/\/www.radioclassique.fr\/radio\/emissions\/le-19h20h\/24h-en-europe\/\n\n-&#8220;Le PPE accus\u00e9 de vouloir saboter un d\u00e9bat sur la dette grecque&#8221; (Sarantis Michalopoulos) : http:\/\/www.euractiv.fr\/section\/euro-finances\/news\/syriza-mep-epp-tried-to-sabotage-greek-bailout-debate-in-eu-parliament\/?nl_ref=31136515\n\n<strong>-&#8220;Le profilage racial inqui\u00e8te la gauche allemande&#8221; (Nicole Sagener) : <\/strong> http:\/\/www.euractiv.fr\/section\/justice-affaires-interieures\/news\/vice-versa-racial-profiling-in-germany\/?nl_ref=31136515\n\n-&#8220;La question des travailleurs d\u00e9tach\u00e9s reste cruciale pour l&#8217;Autriche&#8221; (Catherine Stupp) : http:\/\/www.euractiv.fr\/section\/europe-sociale-emploi\/news\/austrian-chancellor-kern-says-breakthrough-on-posted-workers-decisive\/?nl_ref=31136515\n\n-Vers la fin de l&#8217;argent liquide en Su\u00e8de (vid\u00e9o) : http:\/\/www.francetvinfo.fr\/economie\/suede-vers-la-fin-de-l-argent-liquide_2060661.html\n\n<strong>-En Roumanie, &#8220;ces manifestations sont une extraordinaire r\u00e9ponse civique en faveur de la justice&#8221; (le r\u00e9alisateur Cristian Mungiu; propos recueillis par Caroline Besse) <\/strong> : http:\/\/www.telerama.fr\/cinema\/cristian-mungiu-ces-manifestations-sont-une-extraordinaire-reponse-civique-en-faveur-de-la-justice,154036.php#xtor\n\n-A Rome, le 25 mars prochain, une marche pour &#8220;relancer l&#8217;int\u00e9gration europ\u00e9enne&#8221;, \u00e0 l&#8217;appel de 300 personnalit\u00e9s (Georgi Gotev) :  http:\/\/www.euractiv.fr\/section\/politique\/news\/eu-citizens-invited-to-join-march-for-europe-in-rome\/?nl_ref=31136515\n\n-&#8220;Les pi\u00e8ces de la fontaine de Trevi pour une bonne cause (vid\u00e9o) : http:\/\/www.francetvinfo.fr\/monde\/italie\/fontaine-de-trevi-des-pieces-pour-une-bonne-cause_2060338.html\n\n<strong>-&#8220;La Suisse va-t-elle finir sur la liste noire des paradis fiscaux de Bruxelles ?&#8221; (Jean-Christophe Catalon) <\/strong> : http:\/\/www.latribune.fr\/economie\/international\/la-suisse-va-t-elle-finir-sur-la-liste-noire-des-paradis-fiscaux-de-bruxelles-638123.html\n\n-&#8220;Le Mont\u00e9n\u00e9gro vit-il un coup d&#8217;Etat ?&#8221; (Snezana Nikcevic, pr\u00e9sidente des journalistes francophones; son) :  https:\/\/www.franceinter.fr\/emissions\/meridien-d-europe\/meridien-d-europe-14-fevrier-2017\n\n-Surproduction d&#8217;oranges en Tunisie (vid\u00e9o) : http:\/\/www.francetvinfo.fr\/monde\/tunisie\/tunisie-surproduction-d-oranges_2059153.html\n\n-Soup\u00e7onn\u00e9 de connivence avec la Russie, le responsable de la s\u00e9curit\u00e9 de Donald Trump pouss\u00e9 vers la sortie (vid\u00e9os) : http:\/\/www.lci.fr\/international\/affaire-michael-flynn-le-conseiller-a-la-securite-de-donald-trump-demissionne-2025924.html\nhttp:\/\/www.francetvinfo.fr\/monde\/usa\/presidentielle\/donald-trump\/un-conseiller-de-donald-trump-contraint-a-la-demission_2060306.html\n\n-Des enfants am\u00e9ricains PDG d&#8217;entreprises (vid\u00e9o) : http:\/\/www.francetvinfo.fr\/sante\/enfant-ado\/etats-unis-la-richesse-pour-enfants_2059475.html\n\n<strong>-La p\u00eache minoti\u00e8re dans le monde (Baptiste Gaborit; son du 14 f\u00e9vrier) : <\/strong> https:\/\/www.radioclassique.fr\/radio\/emissions\/matinale-de-radio-classique\/3-minutes-planete\/\n\n-Les d\u00e9g\u00e2ts de l&#8217;aquaculture (Nathalie Fontrel; son) :   https:\/\/www.franceinter.fr\/emissions\/planete-environnement\/planete-environnement-14-fevrier-2017\n\n-Pollution record dans les grands fonds marins (Romain Loury) : http:\/\/www.euractiv.fr\/section\/climat-environnement\/news\/pollution-record-dans-les-grands-fonds-marins\/?nl_ref=31136515\n\n-&#8220;La course \u00e0 la rentabilit\u00e9 a g\u00e2ch\u00e9 la vie des moutons&#8221; (Violaine de la Bigne; son) : http:\/\/www.sudradio.fr\/Podcasts\/Quelle-epoque-ethique\/Laine\n\n<strong>CULTURE-MEDIAS<\/strong>\n\n-&#8220;Au bout du raisonnement des identitaires, il y a la guerre civile (Eric Dupin; entretien r\u00e9alis\u00e9 par Michel Abescat) : http:\/\/www.telerama.fr\/livre\/eric-dupin-au-bout-du-raisonnement-des-identitaires-il-y-a-la-guerre-civile,154000.php#xtor\n\n-La Bpi, l&#8217;encyclop\u00e9die g\u00e9ante du Centre Pompidou (Pierre Pinelli) : http:\/\/www.telerama.fr\/sortir\/tout-le-monde-se-retrouve-a-la-bpi-l-encyclopedie-geante-du-centre-pompidou,153990.php#xtor\n\n<strong>-Dans la manufacture de Lod\u00e8ve dans l&#8217;H\u00e9rault, des tapis d&#8217;exception tiss\u00e9s \u00e0 la main (vid\u00e9o) : <\/strong> http:\/\/www.francetvinfo.fr\/economie\/patrimoine-des-tapis-d-exception-au-coeur-du-pouvoir_2060292.html\n\n<strong>-La romanci\u00e8re et com\u00e9dienne L\u00e9a Wiazemsky, fille de R\u00e9gine Desforges, arri\u00e8re-petite fille de Fran\u00e7ois Mauriac; invit\u00e9e de &#8220;Passion Classique&#8221; d&#8217;Olivier Bellamy (son du 13 f\u00e9vrier) :<\/strong> https:\/\/www.radioclassique.fr\/radio\/emissions\/passion-classique\/\n\n-Avec &#8220;Chez nous&#8221;, le r\u00e9alisateur belge Lucas Belvaux d\u00e9nonce les m\u00e9thodes d&#8217;un parti populiste d&#8217;extr\u00eame-droite (entretien r\u00e9alis\u00e9 par Louis Guichard; vid\u00e9o) : http:\/\/www.telerama.fr\/cinema\/lucas-belvaux-chez-nous-s-adresse-a-ceux-qui-ont-l-impression-d-avoir-ete-trahis-et-qui-sont-en-colere,153970.php#xtor\n\n<strong>-Agn\u00e8s Varda et JR, le roi du collage photographique, dans l&#8217;\u00e9mission de L\u00e9a Salam\u00e9 &#8220;Stup\u00e9fiant !&#8221; (vid\u00e9o) : <\/strong> http:\/\/www.france2.fr\/emissions\/stupefiant\/videos\/linterview_agnes_varda_et_jr__13-02-2017_1484877?onglet=tous&#038;page=1\n\n-&#8220;Sundance&#8221;, le festival ind\u00e9 \u00e0 1 000 kilom\u00e8tres d&#8217;Hollywood (vid\u00e9o) : http:\/\/www.france2.fr\/emissions\/stupefiant\/videos\/sundance_le_festival_inde_14-02-2017_1484869?onglet=tous&#038;page=1\n\n-Le triomphe posthume de David Bowie au Grammy Awards 2017 (Jean-Baptiste Roch; vid\u00e9o) : http:\/\/www.telerama.fr\/musique\/grammy-awards-2017-le-triomphe-posthume-de-david-bowie,154035.php#xtor\n\n<strong>-Le groupe de rap &#8220;A Tribe Called Quest&#8221; a demand\u00e9 aux spectateurs de r\u00e9sister (vid\u00e9o en anglais) :<\/strong> http:\/\/www.telerama.fr\/musique\/le-coup-tres-politique-du-groupe-a-tribe-called-quest-aux-grammy-awards,154034.php#xtor\n\n-Les meilleurs moments de la c\u00e9r\u00e9monie (vid\u00e9o) : http:\/\/www.telerama.fr\/musique\/les-meilleurs-moments-des-grammy-awards-en-video,154005.php#xtor\n\n-Le choix inepte du plus prestigieux prix de la photo de presse (Laurent Abadjian) : http:\/\/www.telerama.fr\/medias\/le-world-press-photo-2017-un-choix-inepte,154046.php#xtor\n\n-&#8220;Une image explosive de la haine de notre \u00e9poque&#8221; (vid\u00e9o) : http:\/\/www.francetvinfo.fr\/replay-radio\/photos-photographes\/video-world-press-photo-2017-l-histoire-derriere-la-photo-de-l-annee_2059317.html\n\n<strong>-Le tournage du documentaire britannique &#8220;Plan\u00e8te animale&#8221; (vid\u00e9o) :<\/strong> http:\/\/www.france2.fr\/emissions\/planete-animale\/videos\/aventures_en_terre_animale_14-02-2017_1485845\n\n<strong>-Le documentaire, avec Fran\u00e7ois Morel pour narrateur (vid\u00e9o) : <\/strong> http:\/\/www.france2.fr\/emissions\/planete-animale\/videos\/aventures_en_terre_animale_14-02-2017_1485845\n\n-&#8220;En 15 jours, nous n&#8217;avons jamais eu un tel retentissement. Nos sources ne sont pas politiques&#8221; (Claude Angeli, ancien r\u00e9dacteur en chef du &#8220;Canard encha\u00een\u00e9; invit\u00e9 du &#8220;Club de la Presse&#8221; d&#8217;Europe 1; son, amener le curseur sur 20:28) : http:\/\/www.europe1.fr\/emissions\/le-club-de-la-presse\/europe-soir-le-club-de-la-presse-jean-christophe-fromantin-et-claude-angeli-13022017-2977115\n\n-La une du &#8220;Canard encha\u00een\u00e9&#8221; du 15 f\u00e9vrier : http:\/\/www.lecanardenchaine.fr\/la-une-du-15-fevrier-2017\/\n\n<strong>-&#8220;O\u00f9 se situe d\u00e9sormais le JDD, politiquement ?&#8221; (Herv\u00e9 Gattegno, qui est \u00e0 sa t\u00eate r\u00e9pondait aux questions de Sonia Devillers; vid\u00e9o, amener le curseur sur 6:19) : <\/strong> http:\/\/www.dailymotion.com\/video\/x5bqosz_le-jdd-matche-t-il-politiquement_news\n\n<strong>-&#8220;Les confessions d&#8217;une correctrice au &#8220;Monde&#8221; (Muriel Gilbert \u00e9tait l&#8217;invit\u00e9e de Sonia Devillers; vid\u00e9o, amener le curseur sur 6:22) : <\/strong> http:\/\/www.dailymotion.com\/video\/x5bpw0z_la-fidelite-est-un-vice-de-pauvre-le-billet-d-alex-vizorek_fun\n\n<strong>-&#8220;Reporters sans fronti\u00e8res&#8221; d\u00e9nonce le climat &#8220;naus\u00e9abond&#8221; subi par les journalistes (vid\u00e9os) <\/strong> : http:\/\/www.lci.fr\/medias\/affaire-fillon-violences-en-banlieue-rsf-denonce-le-climat-nauseabond-subi-par-les-journalistes-2025936.html\n\n-&#8220;Les m\u00e9dias pro-russes s&#8217;engouffrent dans le tout sauf Macron&#8221; (Emmanuel Grynszpan) : http:\/\/www.euractiv.fr\/section\/politique\/news\/les-medias-pro-russes-sengoufrent-dans-le-tout-sauf-macron\/?nl_ref=31136515\n\n-La Commission europ\u00e9enne se penche sur l&#8217;avenir d&#8217;Euronews (Georgi Gotev) : http:\/\/www.euractiv.fr\/section\/l-europe-dans-le-monde\/news\/commission-to-look-seriously-at-euronews-mess\/?nl_ref=31136515\n\n<strong>-A 2 heures du matin, du cin\u00e9ma sur France 2 (Sonia Devillers; vid\u00e9os) : <\/strong> https:\/\/www.franceinter.fr\/emissions\/l-instant-tele\/l-instant-tele-14-fevrier-2017\n\n-Sur Canal +, &#8220;L&#8217;Effet papillon&#8221; f\u00eate ses dix ans. Daphn\u00e9  Roulier, sa pr\u00e9sentatrice, revient sur une d\u00e9cennie d&#8217;engagements sur le terrain (propos recueillis par El\u00e9onore Colin; vid\u00e9os) :        http:\/\/television.telerama.fr\/television\/daphne-roulier-dans-un-monde-plus-globalise-que-jamais-l-effet-papillon-a-un-role-de-lanceur-d-alerte,153986.php#xtor\n\n-&#8220;La descente aux enfers du &#8220;Grand Journal&#8221; a commenc\u00e9 d\u00e8s le d\u00e9part de Michel Denisot&#8221; (Gilles Fontaine; son du 14 f\u00e9vrier) : https:\/\/www.radioclassique.fr\/radio\/emissions\/matinale-de-radio-classique\/la-vie-des-medias\/\n\n-&#8220;L&#8217;\u00e9mission avait fait son temps&#8221; (Michel Denisot; son) : http:\/\/www.rtl.fr\/culture\/medias-people\/le-grand-journal-avait-fait-son-temps-pour-michel-denisot-7787227636\n\n<strong>-&#8220;La fin d&#8217;un esprit canaille&#8221; (J\u00e9r\u00f4me Ivanichtchenko; vid\u00e9o) : <\/strong> http:\/\/www.dailymotion.com\/video\/x5bqak3_le-grand-journal-la-fin-d-un-esprit-canaille_news\n\n-&#8220;Tous les ans, je propose une prime des Z&#8217;amours pour la Saint Valentin&#8221; (Tex, invit\u00e9 de Thomas Joubert; vid\u00e9o) : http:\/\/www.dailymotion.com\/video\/x5bqdn7_tex-tous-les-ans-je-propose-un-prime-des-z-amours-pour-la-saint-valentin_news\n\n-Chaque dimanche sur France Inter, \u00e0 6H20, Caroline Gillet propose &#8220;A ton \u00e2ge&#8221;. Elle r\u00e9pond aux questions d&#8217;Ir\u00e8ne Verlaque) :  http:\/\/www.telerama.fr\/radio\/caroline-gillet-de-france-inter-je-fais-aussi-ces-reves-de-foirage-integral,150585.php#xtor\n\n<strong>-&#8220;Le Secret&#8221;, sa livraison du 12 f\u00e9vrier dernier (son) <\/strong> :https:\/\/www.franceinter.fr\/emissions\/a-ton-age\/a-ton-age-12-fevrier-2017\n\n<strong>-&#8220;La fid\u00e9lit\u00e9 est un vice de pauvre&#8221; (Alex Vizorek; vid\u00e9o) : <\/strong> http:\/\/www.dailymotion.com\/video\/x5bpw0z_la-fidelite-est-un-vice-de-pauvre-le-billet-d-alex-vizorek_fun\n<h2 class=\"wp-block-heading\">Documents joints<\/h2>\n\n\n\n<div class=\"wp-block-file\"><a href=\"https:\/\/wp.muchomaas.com\/wp-content\/uploads\/2017\/02\/pierre_gattaz-e02.pdf\">pierre_gattaz.pdf<\/a><\/div>\n\n\n\n<div class=\"wp-block-file\"><a href=\"https:\/\/wp.muchomaas.com\/wp-content\/uploads\/2017\/02\/sortons_de_l_immobilisme_avec_430_1ers_signataires-d85.pdf\">sortons_de_l_immobilisme_avec_430_1ers_signataires.pdf<\/a><\/div>\n\n\n","protected":false},"excerpt":{"rendered":"<p>ACTUALITE -&#8220;La CGT se f\u00e9licite de l&#8217;allongement des cong\u00e9s de maternit\u00e9 et de paternit\u00e9&#8221; (elle souligne le r\u00f4le jou\u00e9 par Marie-George Buffet, d\u00e9put\u00e9e Front de gauche de Seine-Saint-Denis) : http:\/\/www.cgt.fr\/La-CGT-se-felicite-de-l.html -La France n&#8217;a jamais eu autant de SDF (son) : http:\/\/www.sudradio.fr\/Podcasts\/Les-reportages-de-la-matinee\/La-Grande-Pauvrete -&#8220;30 ans de lutte contre la pauvret\u00e9&#8221; (IPSOS) : http:\/\/www.ipsos.fr\/decrypter-societe\/2017-02-14-30-ans-lutte-contre-pauvrete -Un espoir pour les [&hellip;]<\/p>\n","protected":false},"author":1042,"featured_media":0,"comment_status":"open","ping_status":"open","sticky":false,"template":"","format":"standard","meta":{"_themeisle_gutenberg_block_has_review":false,"footnotes":""},"categories":[151],"tags":[],"class_list":["post-10191","post","type-post","status-publish","format-standard","hentry","category-la-revue-de-presse-de-lulu"],"_links":{"self":[{"href":"https:\/\/archives.regards.fr\/index.php?rest_route=\/wp\/v2\/posts\/10191","targetHints":{"allow":["GET"]}}],"collection":[{"href":"https:\/\/archives.regards.fr\/index.php?rest_route=\/wp\/v2\/posts"}],"about":[{"href":"https:\/\/archives.regards.fr\/index.php?rest_route=\/wp\/v2\/types\/post"}],"author":[{"embeddable":true,"href":"https:\/\/archives.regards.fr\/index.php?rest_route=\/wp\/v2\/users\/1042"}],"replies":[{"embeddable":true,"href":"https:\/\/archives.regards.fr\/index.php?rest_route=%2Fwp%2Fv2%2Fcomments&post=10191"}],"version-history":[{"count":0,"href":"https:\/\/archives.regards.fr\/index.php?rest_route=\/wp\/v2\/posts\/10191\/revisions"}],"wp:attachment":[{"href":"https:\/\/archives.regards.fr\/index.php?rest_route=%2Fwp%2Fv2%2Fmedia&parent=10191"}],"wp:term":[{"taxonomy":"category","embeddable":true,"href":"https:\/\/archives.regards.fr\/index.php?rest_route=%2Fwp%2Fv2%2Fcategories&post=10191"},{"taxonomy":"post_tag","embeddable":true,"href":"https:\/\/archives.regards.fr\/index.php?rest_route=%2Fwp%2Fv2%2Ftags&post=10191"}],"curies":[{"name":"wp","href":"https:\/\/api.w.org\/{rel}","templated":true}]}}