{"id":10188,"date":"2017-02-14T07:51:59","date_gmt":"2017-02-14T06:51:59","guid":{"rendered":"https:\/\/wp.muchomaas.com\/article-la-revue-du-14-fevrier-2017\/"},"modified":"2023-06-23T23:24:08","modified_gmt":"2023-06-23T21:24:08","slug":"article-la-revue-du-14-fevrier-2017","status":"publish","type":"post","link":"https:\/\/archives.regards.fr\/?p=10188","title":{"rendered":"La Revue du 14 f\u00e9vrier 2017"},"content":{"rendered":"<strong>ACTUALITE<\/strong>\n\n-&#8220;Pour STX Saint-Nazaire, Fincantieri exige la majorit\u00e9 absolue&#8221; (Christian Menanteau; vid\u00e9o) : http:\/\/www.rtl.fr\/actu\/societe-faits-divers\/stx-saint-nazaire-fincantieri-exige-la-majorite-absolue-7787219486\n\n-Le vote d\u00e9cisif des pilotes d&#8217;Air France est d\u00e9cal\u00e9 au 20 f\u00e9vrier (Fabrice Gliszczynski) : http:\/\/www.latribune.fr\/entreprises-finance\/services\/transport-logistique\/le-vote-decisif-des-pilotes-sur-l-avenir-d-air-france-est-decale-637944.html\n\n<strong>-Le d\u00e9remboursement de soins pour les handicap\u00e9s (Marcel Hartmann; son) : <\/strong> http:\/\/www.sudradio.fr\/Podcasts\/L-invite-pour-comprendre\/Marcel-Hartmann-vice-president-de-l-ANECAMSP\n\n-Une hydrolienne fluviale dans l&#8217;Ain (Baptiste Gaborit; son du 13 f\u00e9vrier) : https:\/\/www.radioclassique.fr\/radio\/emissions\/matinale-de-radio-classique\/3-minutes-planete\/\n\n-&#8220;Les roses de la Saint-Valentin&#8221; (Nathalie Fontrel; son) : https:\/\/www.franceinter.fr\/emissions\/planete-environnement\/planete-environnement-13-fevrier-2017\n\n-&#8220;Le Grand Paris rend plus facile la conversion des bureaux en logements&#8221; (Olivier Wigniole, directeur g\u00e9n\u00e9ral d&#8217;Icade; interrog\u00e9 par Nicolas Pierron; vid\u00e9o) : https:\/\/www.dailymotion.com\/video\/x5bktg2_le-developpement-du-grand-paris-rend-plus-facile-la-conversion-des-bureaux-en-logements-olivier-wig_news\n\n<strong>&#8220;Les Mis\u00e9rables&#8221;, le cout m\u00e9trage de Ladj Ly qui fait \u00e9cho \u00e0 l&#8217;actualit\u00e9 (en rubrique &#8220;Culture&#8221;, Damien Bonnard, l&#8217;acteur principal; \u00e0 voir ici) : <\/strong> https:\/\/www.youtube.com\/watch?v=QNkDBom7oso\n\n-&#8220;Pourquoi ces jeunes cassent-ils ? Pourquoi s&#8217;attaquent-ils \u00e0 la police ? Th\u00e9o est une victime comme tous les jeunes des quartiers populaires, victimes de la violence d&#8217;un syst\u00e8me&#8221; (Yanis Rezzoug, coorganisateur de la manifestation de Bobigny de soutien \u00e0 Th\u00e9o; interrog\u00e9 par Dimitri Pavlenko; son) : http:\/\/www.sudradio.fr\/Podcasts\/L-invite-pour-comprendre\/Yanis-Rezzoug-co-organisateur-de-la-manifestation-de-soutien-a-Theo\n\n<strong>-&#8220;Ce n&#8217;est pas un fait divers, nous sommes face \u00e0 un fait de soci\u00e9t\u00e9&#8221; (Jacques Toubon, le D\u00e9fenseur des droits, \u00e9tait l&#8217;invit\u00e9 de la matinale de France Inter. Il r\u00e9pondait aux questions de Patrick Cohen et des auditeurs; vid\u00e9os) : <\/strong> https:\/\/www.franceinter.fr\/emissions\/l-invite-de-8h20\/l-invite-de-8h20-13-fevrier-2017\n\n-&#8220;Dire Bamboula, c&#8217;est raciste mais il y a une d\u00e9rive s\u00e9mantique  sur le terme par rapport \u00e0 sa signification il y a une vingtaine d&#8217;ann\u00e9es. L&#8217;image de l&#8217;homme politique irr\u00e9prochable de Fran\u00e7ois Fillon a pris un coup dans l&#8217;aile&#8221; (l&#8217;ancien magistrat Philippe \nBilger, interrog\u00e9 par Amandine B\u00e9got; vid\u00e9o) : \nhttp:\/\/www.lci.fr\/replay\/replay-l-invite-de-8h45-de-lci-matin-du-13-fevrier-2017-philippe-bilger-2025811.html\n\n-&#8220;Les casseurs ne venaient pas tous de Bobigny&#8221; (le maire UDI de Bobigny, interrog\u00e9 par Yves Calvi; son) : http:\/\/www.rtl.fr\/actu\/politique\/les-casseurs-ne-venaient-pas-uniquement-de-bobigny-estime-le-maire-7787220047\n\n-&#8220;Il est urgent de restaurer la police de proximit\u00e9 et la formation des policiers aux pr\u00e9jug\u00e9s&#8221; (Thomas Sotto, pr\u00e9sident de &#8220;SOS Racisme&#8221; \u00e0 sa sortie de Matignon; son) : http:\/\/www.rtl.fr\/actu\/societe-faits-divers\/interpellation-a-aulnay-sous-bois-sos-racisme-prone-une-formation-aux-prejuges-pour-les-policiers-7787225928\n\n-&#8220;Il y a eu des violences inacceptables. 4 500 policiers sont sortis de l&#8217;\u00e9cole cette ann\u00e9e. La situation est tendue dans certains quartiers. J&#8217;apporte beaucoup mieux que les r\u00e9c\u00e9piss\u00e9s avec les cam\u00e9ras&#8221; (Bruno Le Roux, ministre de l&#8217;int\u00e9rieur, interrog\u00e9 par Marc-Olivier Fogiel; son) : http:\/\/www.rtl.fr\/actu\/politique\/incidents-a-bobigny-et-argenteuil-bruno-le-roux-defend-l-action-du-gouvernement-7787231811\n\n-&#8220;Il n&#8217;y a pas de gouvernement innocent, tous ont \u00e9chou\u00e9&#8221; (Alain Duhamel; vid\u00e9o) : http:\/\/www.rtl.fr\/actu\/societe-faits-divers\/emeutes-a-bobigny-il-n-y-a-pas-de-gouvernement-innocent-tous-ont-echoue-dit-alain-duhamel-7787232635\n\n-La carte de la corruption en France (Raymond Bonomo, de l&#8217;association &#8220;Transparency International&#8221;; interrog\u00e9 par Dimitri Pavlenko; son) : http:\/\/www.sudradio.fr\/Podcasts\/L-invite-pour-comprendre\/Raymond-Bonomo-benevole-adherent-a-Transparency-International\n\n-&#8220;Transparency France&#8221; demande aux candidats \u00e0 l&#8217;\u00e9lection pr\u00e9sidentielle de se prononcer sur 11 engagements : https:\/\/transparency-france.org\/project\/interpelle-les-candidats-presidentielle-2017\/\n\n-Plong\u00e9e dans le quartier Barb\u00e8s dans le 18e arrondissement de Paris (son) : http:\/\/www.sudradio.fr\/Podcasts\/Les-reportages-de-la-matinee\/Plongee-dans-Barbes\n\n-&#8220;Il fallait gagner, on l&#8217;a fait. On sent des fr\u00e9missements. On m\u00e9rite mieux que la 8e place mondiale. L&#8217;Angleterre est une r\u00e9f\u00e9rence, avec 78 % de joueurs anglais dans leur championnat&#8221; (Bernard Laporte, pr\u00e9sident de la F\u00e9d\u00e9ration fran\u00e7aise de rugby; son) : http:\/\/www.sudradio.fr\/Podcasts\/L-invite-pour-comprendre\/Bernard-Laporte-president-de-la-Federation-Francaise-de-Rugby\n\n<strong>-&#8220;O\u00f9 sont nos militaires ?&#8221; (Camille Renard; sons) :   <\/strong> https:\/\/www.franceculture.fr\/geopolitique\/ou-sont-nos-militaires#xtor\n\n<strong>POLITIQUE<\/strong>\n\n<strong>-&#8220;Le rassemblement, pas l&#8217;enlisement&#8221; (Roger Martelli; pi\u00e8ce jointe);<\/strong>\n\n<strong>-&#8220;J&#8217;\u00e9tais au fameux meeting de Jean-Luc M\u00e9lenchon, c&#8217;\u00e9tait bluffant ! Peut-\u00eatre que l&#8217;id\u00e9e de partage va revenir&#8221; (Marie-George Buffet, d\u00e9put\u00e9e communiste de Seine-Saint-Denis, invit\u00e9e d&#8217;Anne Roumanoff sur Europe 1; son, amener le curseur sur 1:20) :<\/strong> http:\/\/www.europe1.fr\/emissions\/ca-pique-mais-cest-bon\/ca-pique-mais-cest-bon-100217-2974598\n\n-&#8220;Cette gauche gouvernementale, il est l\u00e0 leur probl\u00e8me. On ne s&#8217;opposera pas aux licenciements avec la VIe R\u00e9publique ou en combattant les trait\u00e9s europ\u00e9ens&#8221; (Nathalie Artaud, candidate LO \u00e0 l&#8217;\u00e9lection pr\u00e9sidentielle; interrog\u00e9e par Caroline Delage; vid\u00e9o) : http:\/\/www.itele.fr\/chroniques\/invite-politique-ferrari-tirs-croises\/nathalie-arthaud-est-linvitee-politique-de-caroline-delage-172912\n\n-&#8220;Ils faut \u00eatre petits comme nous et pas gros comme Fillon pour piquer dans les caisses de l&#8217;Etat. Il faut interdire les licenciements&#8221; (Philippe Poutou, candidat du NPA \u00e0 l&#8217;\u00e9lection pr\u00e9sidentielle; interrog\u00e9 par Caroline Delage; vid\u00e9o) : http:\/\/www.itele.fr\/chroniques\/invite-galzi-jusqua-minuit\/philippe-poutou-est-linvite-politique-disabelle-moreau-172914\n\n-&#8220;Nous ne parlons pas des circonscriptions, nous recherchons un accord de projet&#8221;(Yannick Jadot, interrog\u00e9 par Laurent Neumann; vid\u00e9o) : http:\/\/www.bfmtv.com\/mediaplayer\/video\/yannick-jadot-face-a-laurent-neumann-en-direct-913615.html\n\n-&#8220;Mme Le Pen jette de l&#8217;huile sur le feu pour gagner des voix. Toute la famille socialiste est r\u00e9unie dans l&#8217;\u00e9quipe de campagne. Beno\u00eet Hamon est le candidat de la modernit\u00e9. On va proposer un chemin pour sortir du nucl\u00e9aire&#8221; (Jean-Marc Germain, directeur de campagne de Beno\u00eet Hamon; interrog\u00e9 par Fran\u00e7ois-Xavier M\u00e9nage; vid\u00e9o) : http:\/\/www.lci.fr\/replay\/replay-l-invite-politique-du-13-fevrier-2017-jean-marc-germain-2025810.html\n\n-&#8220;Ces couillons qui vont faire une majorit\u00e9 avec la droite&#8221; autour de Macron. &#8220;M\u00e9lenchon fuit les discussions autour d&#8217;un contrat de gouvernement&#8221; (Pascal Cherki, d\u00e9put\u00e9 PS de Paris, interrog\u00e9 par Brigitte Boucher; vid\u00e9o, amener le curseur sur 18:10) : http:\/\/www.lcp.fr\/emissions\/politique-matin\/282388-politique-matin\n\n-&#8220;Petite manoeuvre et grandes arri\u00e8res-pens\u00e9es \u00e0 gauche&#8221; (Fr\u00e9d\u00e9ric M\u00e9t\u00e9zeau; son) : https:\/\/www.franceinter.fr\/emissions\/l-edito-politique\/l-edito-politique-13-fevrier-2017\n\n-&#8220;Nous avons d\u00e9j\u00e0 mis des propositions en d\u00e9bat, d\u00e9but mars, tout sera sur la table. Si &#8220;Paris-Match&#8221; met Emmanuel Macron \u00e0 sa une, c&#8217;est qu&#8217;il en vend beaucoup. Il y prend go\u00fbt. Nous sommes l&#8217;objet de milliers d&#8217;attaques qui viennent des fronti\u00e8res russes&#8221; (Richard Ferrand, d\u00e9put\u00e9 PS du Finist\u00e8re, secr\u00e9taire g\u00e9n\u00e9ral du mouvement &#8220;En Marche&#8221;; interrog\u00e9 par Jeff Wittenberg; vid\u00e9o) : http:\/\/www.france2.fr\/emissions\/telematin\/actu\/les-4-verites-richard-ferrand_552761\n\n-Benjamin Griveaux, porte-parole d&#8217;Emmanuel Macron, accuse deux m\u00e9dias russes d&#8217;ing\u00e9rence dans la campagne \u00e9lectorale (il \u00e9tait l&#8217;invit\u00e9 de &#8220;Territoires d&#8217;infos&#8221;; son, amener le curseur sur 33:33) : http:\/\/www.dailymotion.com\/video\/x5bkkv0_invitee-benjamin-griveaux-territoires-d-infos-13-02-2017_news\n\n-&#8220;Les fran\u00e7ais ont besoin d&#8217;\u00eatre incarn\u00e9s par un candidat, il y a une notion mystique&#8221; (Sylvain Maillard, \u00e9lu UDI du 9e arrondissement de Paris, porte-parole d&#8217;Emmanuel Macron; interrog\u00e9 par Fr\u00e9d\u00e9ric Rivi\u00e8re; vid\u00e9o) : http:\/\/www.rfi.fr\/video\/20170213-sylvain-maillard-francais-ont-besoin-etre-incarnes-candidat\n\n-&#8220;C&#8217;est l&#8217;offensive g\u00e9n\u00e9rale contre Emmanuel Macron&#8221; (Nicolas Domenach; vid\u00e9o) : http:\/\/www.rtl.fr\/actu\/societe-faits-divers\/nicolas-domenach-c-est-l-offensive-generale-contre-emmanuel-macron-7787220366\n\n-&#8220;Notre syst\u00e8me est en train de s&#8217;autod\u00e9truire&#8221; (Alexandre Jardin, candidat \u00e0 l&#8217;\u00e9lection pr\u00e9sidentielle; interrog\u00e9 par Renaud Blanc; vid\u00e9o) : https:\/\/www.dailymotion.com\/video\/x5bkxif_notre-systeme-est-en-train-de-s-auto-detruire-alexandre-jardin-13-02-2017_news\n\n-&#8220;O\u00f9 est pass\u00e9 Bruno Le Roux ? Cette manifestation aurait d\u00fb \u00eatre interdite. Nous n&#8217;allons pas nous laisser voler le d\u00e9bat&#8221; (Thierry Sol\u00e8re, d\u00e9put\u00e9 des Hauts-de-Seine; porte-parole de Fran\u00e7ois Fillon; interrog\u00e9 par Benjamin Sportouch; vid\u00e9o) : http:\/\/www.rtl.fr\/actu\/politique\/presidentielle-2017-nous-n-allons-pas-nous-faire-voler-le-debat-lance-thierry-solere-7787220369\n\n-&#8220;J&#8217;ai dit \u00e0 Fran\u00e7ois Fillon que je n&#8217;\u00e9tais pas Fillonniste&#8221; (Christian Estrosi, pr\u00e9sident LR de la r\u00e9gion PACA; interrog\u00e9 par Thomas Sotto; vid\u00e9o) : http:\/\/www.europe1.fr\/emissions\/linterview-politique-de-8h20\/christian-estrosi-jai-dit-a-francois-fillon-que-je-netais-pas-filloniste-2976356\n\n-&#8220;Comment fait-on pour gouverner une fois qu&#8217;on a gagn\u00e9 dans un contexte pareil ? Il est n\u00e9cessaire que la justice tranche vite pour que les incertitudes et les interrogations soient lev\u00e9es. Elles ne portent pas sur le programme mais sur la personne&#8221; (Jean-Fr\u00e9d\u00e9ric Poisson, d\u00e9put\u00e9 des Yvelines, invit\u00e9 de la matinale de Franceinfo; vid\u00e9o) : http:\/\/www.dailymotion.com\/video\/x5bkzl1_jean-frederic-poisson-veut-que-la-justice-tranche-vite-sur-l-affaire-fillon-pour-lever-des-incertitu_news\n\n-&#8220;Il ne suffit pas d&#8217;avoir des allures de jeunesse pour incarner le renouveau&#8221; (Nicolas Bay, secr\u00e9taire g\u00e9n\u00e9ral du FN; face \u00e0 Renaud Blanc; vid\u00e9o) : https:\/\/www.dailymotion.com\/video\/x5bkwfv_il-ne-suffit-pas-d-avoir-des-allures-de-jeunesse-pour-incarner-un-renouveau-financier-nicolas-bay-1_news\n\n-&#8220;Marine Le Pen, le pole de stabilit\u00e9 de l&#8217;\u00e9lection&#8221; (Guillaume Tabard du &#8220;Figaro&#8221;; son du 10 f\u00e9vrier) : https:\/\/www.radioclassique.fr\/radio\/emissions\/matinale-de-radio-classique\/22630-2\/\n\n-&#8220;Une campagne \u00e9lectorale fa\u00e7on jeu de massacre&#8221; (Laure Bretton et Jonathan Bouchet-Petersen) : http:\/\/www.liberation.fr\/elections-presidentielle-legislatives-2017\/2017\/02\/12\/presidentielle-le-big-bazar_1548089?xtor\n\n-&#8220;La transparence \u00e0 tout prix&#8221; (Christophe Barbier; vid\u00e9o) : http:\/\/www.bfmtv.com\/mediaplayer\/video\/l-edito-de-christophe-barbier-presidentielle-2017-la-transparence-a-tout-prix-913585.html\n\n-La question des banlieues s&#8217;invite dans la campagne (J\u00e9r\u00f4me Guedj, porte-parole de Beno\u00eet Hamon, face \u00e0 S\u00e9bastien Chenu, d\u00e9l\u00e9gu\u00e9 national du rassemblement &#8220;Bleu marine&#8221;; vid\u00e9o) : http:\/\/www.bfmtv.com\/mediaplayer\/video\/la-questions-des-banlieues-s-invite-dans-la-campagne-913913.html\n\n-&#8220;L&#8217;histoire d&#8217;une faillite fran\u00e7aise&#8221; (Yves Thr\u00e9ard du &#8220;Figaro&#8221;; vid\u00e9o) : http:\/\/www.europe1.fr\/emissions\/ledito-politique-dyves-threard\/banlieues-lhistoire-dune-faillite-francaise-2976230\n\n<strong>-&#8220;La dynamique de Fran\u00e7ois Fillon n&#8217;est pas bonne. En terme d&#8217;image, il a \u00e9norm\u00e9ment chut\u00e9 \u00e0 droite et au centre. Emmanuel Macron a de bonnes opinions \u00e0 droite et \u00e0 gauche, de fa\u00e7on homog\u00e8ne. Aujourd&#8217;hui, il a le statut de favori et va \u00eatre attaqu\u00e9&#8221; (Bernard Sanan\u00e8s, pr\u00e9sident  de l&#8217;Institut Elabe; son du 13 f\u00e9vrier) <\/strong> :  https:\/\/www.radioclassique.fr\/radio\/emissions\/matinale-de-radio-classique\/l-invite-du-matin\/\n\n<em>-Le barom\u00e8tre politique (ODOXA) <\/em> : http:\/\/www.odoxa.fr\/sondage\/barometre-politique-hamon-senvole-fillon-degringole-macron-recule-seul-13-francais-lestime-capable-de-faire-president\/\n\n<em>-Intentions de vote \u00e0 l&#8217;\u00e9lection pr\u00e9sidentielle (IFOP au 13 f\u00e9vrier) : <\/em> http:\/\/www.parismatch.com\/Actu\/Politique\/Sondage-presidentielle-Macron-la-fin-de-la-magie-1187720\n\n<em>-Le m\u00eame (OPINION-WAY) :<\/em> https:\/\/www.opinion-way.com\/fr\/\n\n<em>-Les Fran\u00e7ais et les sondages (OPINION-WAY) <\/em> : https:\/\/www.opinion-way.com\/fr\/component\/edocman\/?task=document.viewdoc&#038;id=1529&#038;Itemid=0\n\n<strong>EUROPE-MONDE<\/strong>\n\n-La lutte contre l&#8217;accaparement des terres accumule les exemptions (Stephan Haselberger) : http:\/\/www.euractiv.fr\/section\/agriculture-alimentation\/news\/la-lutte-contre-laccaparement-des-terres-accumule-les-exemptions\/?nl_ref=31037672\n\n-Le march\u00e9 du carbone \u00e0 la recherche du juste prix (Robert Hodgson) : http:\/\/www.euractiv.fr\/section\/energie\/news\/the-price-is-right-its-crunch-time-for-eu-carbon-market-reform\/?nl_ref=31037672\n\n<strong>-&#8220;Le CETA, un accord commercial \u00e0 haut risque climatique&#8221; (R\u00e9mi Barroux) : <\/strong> http:\/\/www.lemonde.fr\/planete\/article\/2017\/02\/13\/le-ceta-un-accord-commercial-a-haut-risque-climatique_5078802_3244.html\n\n-Le parquet financier europ\u00e9en, ce qu&#8217;en pense Alain Lamassoure, eurod\u00e9put\u00e9 du PPE, interrog\u00e9 par Renaud Blanc; son du 13 f\u00e9vrier) : https:\/\/www.radioclassique.fr\/radio\/emissions\/matinale-de-radio-classique\/journal-de-l-europe\/\n\n-Les eurod\u00e9put\u00e9s souhaitent une plus grande coop\u00e9ration des Etats membres en mati\u00e8re de d\u00e9fense (Sarantis Michalopoulos) : http:\/\/www.euractiv.fr\/section\/politique\/news\/meps-call-eu-countries-to-boost-defence-cooperation-in-times-of-external-crises\/?nl_ref=31037672\n\n<strong>-&#8220;Jean-Claude Junker, pour qui le Brexit est une trag\u00e9die pour le continent, craint que le front europ\u00e9en ne s&#8217;y brise&#8221; (Catherine Stupp) : <\/strong> http:\/\/www.euractiv.fr\/section\/politique\/news\/juncker-will-not-seek-second-term-as-european-commission-president\/?nl_ref=31037672\n\n-&#8220;Il \u00e9tale son pessimisme&#8221; (C\u00e9cile Ducourtieux) : http:\/\/www.lemonde.fr\/europe\/article\/2017\/02\/12\/les-doutes-du-president-de-la-commission-europeenne-jean-claude-juncker_5078583_3214.html\n\n-&#8220;Avec l&#8217;euro, nous avons construit une bonne monnaie, une monnaie solide&#8221; (Fran\u00e7ois Villeroy de Gallaud, gouverneur de la Banque de France; invit\u00e9 de L\u00e9a Salam\u00e9; vid\u00e9o) : https:\/\/www.franceinter.fr\/emissions\/l-invite-de-7h50\/l-invite-de-7h50-13-fevrier-2017\n\n-&#8220;Le 60e anniversaire du Trait\u00e9 de Rome doit donner naissance \u00e0 un noyau dur europ\u00e9en&#8221; (Marielle de Sarnez, eurod\u00e9put\u00e9e MoDem) : http:\/\/www.euractiv.fr\/section\/politique\/opinion\/le-60eme-anniversaire-du-traite-de-rome-doit-donner-naissance-a-un-noyau-dur-europeen\/?nl_ref=31037672\n\n<strong>-&#8220;La ligne de Pablo Iglesias confort\u00e9e au congr\u00e8s de Podemos&#8221; (Fran\u00e7ois Musseau) :<\/strong> http:\/\/www.liberation.fr\/planete\/2017\/02\/12\/podemos-nous-avons-grandi-trop-vite_1548081?xtor\n\n-&#8220;Incontestable succ\u00e8s pour Iglesias&#8221; (Lo\u00efc Le Clerc) : https:\/\/wp.muchomaas.com\/web\/article\/le-congres-de-podemos-plebiscite-pablo-iglesias\n\n<em>-Les r\u00e9sultats des votes (document en espagnol) : <\/em> https:\/\/vistalegre2.podemos.info\/resultados\/\n\n<strong>-&#8220;La Catalogne, un pas vers l&#8217;ind\u00e9pendance ?&#8221; (Marti Anglada, d\u00e9l\u00e9gu\u00e9 en France de la G\u00e9n\u00e9ralit\u00e9 de Catalogne; son) :<\/strong> https:\/\/www.franceinter.fr\/emissions\/meridien-d-europe\/meridien-d-europe-13-fevrier-2017\n\n<strong>-&#8220;Gr\u00e8ce, le pi\u00e8ge de Wolfang Scha\u00fcble se referme&#8221; (Romaric Godin) : <\/strong> http:\/\/www.latribune.fr\/economie\/union-europeenne\/grece-le-piege-de-wolfgang-schauble-se-referme-638180.html\n\n-Les Pays-Bas ont trop de places de prison (Anthony Bellanger; son) : https:\/\/www.franceinter.fr\/emissions\/les-histoires-du-monde\/les-histoires-du-monde-13-fevrier-2017\n\n-La Hongrie s&#8217;appr\u00eate \u00e0 construire une nouvelle barri\u00e8re anti-migrants : http:\/\/www.euractiv.fr\/section\/justice-affaires-interieures\/news\/hungary-ready-to-build-another-fence-on-southern-border\/?nl_ref=31037672\n\n<strong>-Les suisses pl\u00e9biscitent la r\u00e9forme qui simplifie la naturalisation (C\u00e9line Z\u00fcnd) : <\/strong> https:\/\/www.letemps.ch\/suisse\/2017\/02\/12\/naturalisation-facilitee-emporte-confiance-peuple?utm_campaign\n\n-Ils rejettent une nouvelle fois celle sur l&#8217;imposition des entreprises (Alexis Favre) : https:\/\/www.letemps.ch\/suisse\/2017\/02\/12\/seisme-larc-lemanique-non-rie-iii?utm_source=\n\n-Au Turkm\u00e9nistan, le pr\u00e9sident r\u00e9\u00e9lu pour un troisi\u00e8me mandat avec 98% des voix : http:\/\/www.rfi.fr\/asie-pacifique\/20170213-turkmenistan-president-sortant-reelu-98-troisieme-mandat-gourbangouly-berdym\n\n-La crise anglophone au Cameroun (vid\u00e9o) : http:\/\/www.rfi.fr\/video\/20170210-cameroun-comprendre-crise-anglophone\n\n<strong>-Le d\u00e9cornage des rhinoc\u00e9ros pour les prot\u00e9ger (Violaine de la Bigne; son) : <\/strong> http:\/\/www.sudradio.fr\/Podcasts\/Quelle-epoque-ethique\/Rhinoceros-decornes\n\n-&#8220;Aux Etats-Unis, une affaire similaire \u00e0 celle de Fran\u00e7ois Fillon serait plus rapidement d\u00e9couverte&#8221; (Kathleen Clark, professeur de droit dans le Missouri; propos recueillis par Vincent Dozol) : http:\/\/www.telerama.fr\/monde\/affaire-fillon-aux-usa-une-affaire-similaire-serait-plus-rapidement-decouverte,153978.php#xtor\n\n-&#8220;Les incoh\u00e9rences du trumpisme&#8221; (Bernard Guetta; son) :  https:\/\/www.franceinter.fr\/emissions\/geopolitique\/geopolitique-13-fevrier-2017\n\n-Ce que Justin Trudeau attend de Donald Trump (Val\u00e9rie de Graffenried) : https:\/\/www.letemps.ch\/monde\/2017\/02\/12\/justin-trudeau-attend-donald-trump?utm_source\n\n-&#8220;Avec le Canada, la Maison blanche veut tout ren\u00e9gocier&#8221; (Aude Massiot) : http:\/\/www.liberation.fr\/planete\/2017\/02\/12\/chez-trump-justin-trudeau-doit-faire-durer-l-entente_1548054?xtor\n\n<strong>-Au Mexique, des dizaines de milliers de manifestants contre Donald Trump (vid\u00e9o) : <\/strong> http:\/\/www.bfmtv.com\/international\/au-mexique-des-milliers-de-manifestants-dans-les-rues-contre-donald-trump-1101778.html#?xtor\n\n<strong>-&#8220;La pollution chimique gagne les abysses&#8221; (Pierre Le Hir) : <\/strong> http:\/\/www.lemonde.fr\/pollution\/article\/2017\/02\/13\/la-pollution-chimique-gagne-les-abysses_5079052_1652666.html\n\n<strong>CULTURE-MEDIAS<\/strong>\n\n-Au Quai Branly, l&#8217;art africain rencontre Picasso et Soulage (Sophie Cachon) : http:\/\/www.telerama.fr\/sortir\/eclectique,153771.php#xtor\n\n-&#8220;Au Vent des \u00eeles&#8221;, la maison d&#8217;\u00e9dition qui promeut la litt\u00e9rature oc\u00e9anienne (Fran\u00e7ois Ekchajzer) : http:\/\/television.telerama.fr\/television\/la-litterature-du-pacifique-retrouve-son-souffle,153975.php#xtor\n\n-&#8220;Thierry LePaon va \u00eatre nomm\u00e9 d\u00e9l\u00e9gu\u00e9 interminist\u00e9riel \u00e0 la langue fran\u00e7aise&#8221; (Michel Noblecourt) : http:\/\/social.blog.lemonde.fr\/2017\/02\/13\/thierry-lepaon-va-etre-nomme-delegue-interministeriel-a-la-langue-francaise\/\n\n<strong>-Damien Bonnard, acteur engag\u00e9 dans &#8220;Les Mis\u00e9rables&#8221; (cit\u00e9 par Caroline Besse) : <\/strong> http:\/\/www.telerama.fr\/cinema\/clermont-2017-damien-bonnard-acteur-engage-dans-les-miserables,153942.php#xtor\n\n<strong>-Regarder ici &#8220;Herculanum&#8221; d&#8217;Arthur Cahn, laur\u00e9at du prix &#8220;T\u00e9l\u00e9rama&#8221; et &#8220;Go\u00fbt Bacon&#8221; d&#8217;Emma Benestan au Festival du court de Clermont (jusqu&#8217;\u00e0 ce soir. Avec une interview des r\u00e9alisateurs par Fr\u00e9d\u00e9ric Strauss et Guillemette Odicino; vid\u00e9os) :<\/strong>  http:\/\/www.telerama.fr\/cinema\/clermont-2017-regardez-herculanum-d-arthur-cahn-laureat-du-prix-telerama,153784.php#xtor  http:\/\/www.telerama.fr\/cinema\/clermont-2017-regardez-gout-bacon-d-emma-benestan,153976.php#xtor\n\n-Le palmar\u00e8s (vid\u00e9os) : http:\/\/france3-regions.francetvinfo.fr\/auvergne-rhone-alpes\/puy-de-dome\/clermont-ferrand\/decouvrez-palmares-du-festival-international-du-court-metrage-clermont-ferrand-1194997.html\n\n<strong>-&#8220;Il y a 80 000  enfants dans les rues en Inde&#8221; (Nicole Kidman et Dev Patel, acteurs du film &#8220;Lion&#8221;; interrog\u00e9s par Thomas Sotto; son) :  <\/strong> http:\/\/www.europe1.fr\/emissions\/l-interview-verite\/dev-patel-il-y-a-80000-enfants-dans-les-rues-en-inde-2976290\n\n<strong>-&#8220;Je n&#8217;imagine pas laisser \u00e0 nos enfants un monde sans empereur&#8221; (le r\u00e9alisateur Luc Jacquet, invit\u00e9 du &#8220;20 heures&#8221; de France 2 avec le conteur Lambert Wilson; interrog\u00e9s par Leila Kaddour; vid\u00e9o) <\/strong> : http:\/\/culturebox.francetvinfo.fr\/cinema\/luc-jacquet-je-n-imagine-pas-laisser-a-nos-enfants-un-monde-sans-empereur-252493\n\n-&#8220;La La Land&#8221; triomphe aux Bafta de Londres (vid\u00e9os) :  http:\/\/culturebox.francetvinfo.fr\/cinema\/evenements\/bafta-le-triomphe-de-la-la-land-a-londres-252483\n\n-Avec &#8220;Loving&#8221;, le r\u00e9alisateur Jeff Nichols fouille la m\u00e9moire sale de l&#8217;Am\u00e9rique (Pierre-Yves Grenu; vid\u00e9os) : http:\/\/culturebox.francetvinfo.fr\/cinema\/critiques\/loving-le-realisateur-jeff-nichols-fouille-la-memoire-sale-de-l-amerique-252441\n\n<strong>-Lors de la premi\u00e8re de son spectacle en hommage \u00e0 Barbara, G\u00e9rard Depardieu a envo\u00fbt\u00e9 les Bouffes du Nord (Val\u00e9rie Lehoux) : <\/strong> http:\/\/www.telerama.fr\/musique\/hommage-a-barbara-depardieu-envoute-les-bouffes-du-nord,153982.php#xtor\n\n<strong>-Douze chansons d&#8217;Al Jarreau (Annie Yanb\u00e9kian; vid\u00e9os et sons) : <\/strong> http:\/\/culturebox.francetvinfo.fr\/musique\/jazz-blues\/al-jarreau-hommage-en-douze-chansons-252489\n\n-Retrouver Jonathan Richman avec Fran\u00e7ois Gorin (son) : http:\/\/www.telerama.fr\/musique\/jonathan-richman-9-la-petite-cour-des-miracles,153981.php#xtor\n\n-La diva britannique Adele rafle la mise aux Grammy Awards de Los Angeles (vid\u00e9os) : http:\/\/culturebox.francetvinfo.fr\/musique\/evenements\/adele-raffle-la-mise-aux-grammys-a-los-angeles-252485\n\n<strong>-Les rappeurs y ont \u00e9trill\u00e9 Donald Trump (vid\u00e9o) : <\/strong> http:\/\/www.lexpress.fr\/culture\/musique\/videos-les-rappeurs-etrillent-donald-trump-aux-grammy-awards_1878585.html?PMSRC_CAMPAIGN\n\n-Les moments marquants de la c\u00e9r\u00e9monie (Hermance Murgue; vid\u00e9os) : http:\/\/www.lexpress.fr\/culture\/musique\/declaration-d-amour-hommages-les-moments-marquants-des-grammy-awards_1878530.html?PMSRC_CAMPAIGN\n\n<strong>-Benjamin Biolay \u00e9tait l&#8217;invit\u00e9 d&#8217;Augustin Trapenard (son) : <\/strong> https:\/\/www.franceinter.fr\/emissions\/boomerang\/boomerang-13-fevrier-2017\n\n-Fiona Walden, nouvelle \u00e9toile de la folk (Sophie Granel; vid\u00e9os) : http:\/\/culturebox.francetvinfo.fr\/musique\/folk\/decouverte-la-voix-magique-de-fiona-walden-nouvelle-etoile-de-la-folk-251897\n\n<strong>-La folk pop du caennais Malo&#8217; fait le tour du monde (Odile Morain; vid\u00e9os) : <\/strong> http:\/\/culturebox.francetvinfo.fr\/musique\/folk\/des-insus-a-charlie-wiston-la-pop-folk-de-malo-fait-le-tour-du-monde-251185\n\n<strong>-&#8220;Quand le jazz est l\u00e0&#8230;le hip hop aussi est l\u00e0&#8221; (Rebecca Manzoni; vid\u00e9o) : <\/strong> https:\/\/www.franceinter.fr\/emissions\/pop-co\/pop-co-13-fevrier-2017\n\n<strong>-Hommages \u00e0 Th\u00e9o aux Victoires de la musique (vid\u00e9os) :  <\/strong> http:\/\/www.dailymotion.com\/video\/x5bbezb_victoires-de-la-musique-la-chanteuse-imany-interrompt-sa-chanson-pour-demander-justice-pour-theo-pou_news     http:\/\/www.dailymotion.com\/video\/x5bbcjd_victoires-de-la-musique-on-n-est-pas-des-bamboulas-on-est-tous-des-theo-on-croit-en-la-justice_news\n\n<strong>-Mathias Duplessy \u00e0 la Maison de la Radio (vid\u00e9o) : <\/strong> http:\/\/culturebox.francetvinfo.fr\/musique\/chanson-francaise\/live-a-fip\/live-a-fip-mathias-duplessy-a-la-maison-de-la-radio-246421\n\n-Quand un virtuose du violon, incognito, fait un bide dans le m\u00e9tro (Nicolas Delesalle; vid\u00e9os) : http:\/\/www.telerama.fr\/medias\/pourquoi-un-violoniste-star-peut-faire-un-bide-incognito-dans-le-metro,153735.php#xtor\n\n-La diff\u00e9rence et le handicap d\u00e9filent \u00e0 la &#8220;Fashion Week&#8221; de New York (vid\u00e9o) : http:\/\/culturebox.francetvinfo.fr\/mode\/style-et-defiles\/fashion-week\/pret-a-porter-feminin-automne-hiver-2017-2018\/la-difference-et-le-handicap-defilent-a-la-fashion-week-de-new-york-252487\n\n-Un nouveau label pour les marionnettes (Mathieu Braunstein) : http:\/\/www.telerama.fr\/scenes\/un-nouveau-label-agite-la-marionnette,153961.php#xtor\n\n-&#8220;Magritte, ceci n&#8217;est pas une biographie&#8221; (une BD de Vincent Zabus et Thomas Campi; Laurence Le Saux) : http:\/\/www.telerama.fr\/livre\/la-bedetheque-ideale-147-en-quete-eperdue-de-rene-magritte,153974.php#xtor\n\n-Jusqu&#8217;au 1er avril 2017, Pef expose ses planches \u00e0 Annecy (V\u00e9ronique Dalmas; vid\u00e9o) : http:\/\/culturebox.francetvinfo.fr\/livres\/jeunesse\/le-dessinateur-a-succes-pef-expose-ses-planches-a-annecy-252479\n\n-Taniguchi, le mangaka qui a su magistralement conqu\u00e9rir le public occidental (Marius Chapuis) : http:\/\/www.liberation.fr\/planete\/2017\/02\/12\/podemos-nous-avons-grandi-trop-vite_1548081?xtor\n\n-Le kiosque SFR, la plateforme de t\u00e9l\u00e9chargement de la presse quotidienne en plein boum (Gilles Fontaine; son du 13 f\u00e9vrier) : https:\/\/www.radioclassique.fr\/radio\/emissions\/matinale-de-radio-classique\/la-vie-des-medias\/\n\n<strong>-&#8220;Cyril Hanouna r\u00e9ussit \u00e0 f\u00e9d\u00e9rer d\u00e9fense du sexisme, du racisme et de l&#8217;homophobie&#8221; (Samuel Gontier) :<\/strong>  http:\/\/television.telerama.fr\/television\/cyril-hanouna-reussit-a-federer-defense-du-sexisme-du-racisme-et-de-l-homophobie,153997.php#xtor\n\n-Sur RFI, une semaine sp\u00e9ciale Saint-Valentin, &#8220;l&#8217;amour en Afrique&#8221; (Aude Dassonville) : http:\/\/www.telerama.fr\/radio\/sur-rfi-une-semaine-speciale-saint-valentin,153960.php#xtor\n\n<em>-Les Fran\u00e7ais et les sextoys (IFOP) :<\/em> http:\/\/www.ifop.com\/?option=com_publication&#038;type=poll&#038;id=3648\n\n-Sur Canal, &#8220;la saison 3 de &#8220;The Affair&#8221; s&#8217;est mise dans de beaux draps&#8230;&#8221; (Pierre Langlais) : http:\/\/www.telerama.fr\/series-tv\/avec-sa-saison-3-the-affair-s-est-mise-dans-de-beaux-draps,153958.php#xtor\n\n-Le Grand Journal se termine le 17 mars prochain (Audrey Kucinskas) : http:\/\/www.lexpress.fr\/actualite\/medias\/canal-supprime-le-grand-journal_1878627.html?PMSRC_CAMPAIGN\n\n<strong>-&#8220;Le bon, la brute et le truand&#8221; sur &#8220;Paris Premi\u00e8re&#8221; (Sonia Devillers; vid\u00e9o) : <\/strong> http:\/\/www.dailymotion.com\/video\/x5bk48y_le-bon-la-brute-et-le-truand-sur-paris-premiere-l-instant-tele_news\n\n<strong>-&#8220;Police et jeunesse, fa\u00eetes vous des bisous&#8221; (Fr\u00e9d\u00e9ric Fromet; vid\u00e9o) : <\/strong> http:\/\/www.dailymotion.com\/video\/x5bajxt_police-et-jeunesse-faites-vous-des-bisous-la-chanson-de-frederic-fromet_fun\n\n<strong>-&#8220;Savoir vivre &#8230; ensemble&#8221; (Sophia Aram; vid\u00e9o) : <\/strong> https:\/\/www.franceinter.fr\/emissions\/le-billet-de-sophia-aram\/le-billet-de-sophia-aram-13-fevrier-2017\n<h2 class=\"wp-block-heading\">Documents joints<\/h2>\n\n\n\n<div class=\"wp-block-file\"><a href=\"https:\/\/wp.muchomaas.com\/wp-content\/uploads\/2017\/02\/rassemblement_pas_enlisement_13_fevrier_2017-42f.pdf\">rassemblement_pas_enlisement_13_fevrier_2017.pdf<\/a><\/div>\n\n\n","protected":false},"excerpt":{"rendered":"<p>ACTUALITE -&#8220;Pour STX Saint-Nazaire, Fincantieri exige la majorit\u00e9 absolue&#8221; (Christian Menanteau; vid\u00e9o) : http:\/\/www.rtl.fr\/actu\/societe-faits-divers\/stx-saint-nazaire-fincantieri-exige-la-majorite-absolue-7787219486 -Le vote d\u00e9cisif des pilotes d&#8217;Air France est d\u00e9cal\u00e9 au 20 f\u00e9vrier (Fabrice Gliszczynski) : http:\/\/www.latribune.fr\/entreprises-finance\/services\/transport-logistique\/le-vote-decisif-des-pilotes-sur-l-avenir-d-air-france-est-decale-637944.html -Le d\u00e9remboursement de soins pour les handicap\u00e9s (Marcel Hartmann; son) : http:\/\/www.sudradio.fr\/Podcasts\/L-invite-pour-comprendre\/Marcel-Hartmann-vice-president-de-l-ANECAMSP -Une hydrolienne fluviale dans l&#8217;Ain (Baptiste Gaborit; son du 13 f\u00e9vrier) : https:\/\/www.radioclassique.fr\/radio\/emissions\/matinale-de-radio-classique\/3-minutes-planete\/ [&hellip;]<\/p>\n","protected":false},"author":1042,"featured_media":0,"comment_status":"open","ping_status":"open","sticky":false,"template":"","format":"standard","meta":{"_themeisle_gutenberg_block_has_review":false,"footnotes":""},"categories":[151],"tags":[],"class_list":["post-10188","post","type-post","status-publish","format-standard","hentry","category-la-revue-de-presse-de-lulu"],"_links":{"self":[{"href":"https:\/\/archives.regards.fr\/index.php?rest_route=\/wp\/v2\/posts\/10188","targetHints":{"allow":["GET"]}}],"collection":[{"href":"https:\/\/archives.regards.fr\/index.php?rest_route=\/wp\/v2\/posts"}],"about":[{"href":"https:\/\/archives.regards.fr\/index.php?rest_route=\/wp\/v2\/types\/post"}],"author":[{"embeddable":true,"href":"https:\/\/archives.regards.fr\/index.php?rest_route=\/wp\/v2\/users\/1042"}],"replies":[{"embeddable":true,"href":"https:\/\/archives.regards.fr\/index.php?rest_route=%2Fwp%2Fv2%2Fcomments&post=10188"}],"version-history":[{"count":0,"href":"https:\/\/archives.regards.fr\/index.php?rest_route=\/wp\/v2\/posts\/10188\/revisions"}],"wp:attachment":[{"href":"https:\/\/archives.regards.fr\/index.php?rest_route=%2Fwp%2Fv2%2Fmedia&parent=10188"}],"wp:term":[{"taxonomy":"category","embeddable":true,"href":"https:\/\/archives.regards.fr\/index.php?rest_route=%2Fwp%2Fv2%2Fcategories&post=10188"},{"taxonomy":"post_tag","embeddable":true,"href":"https:\/\/archives.regards.fr\/index.php?rest_route=%2Fwp%2Fv2%2Ftags&post=10188"}],"curies":[{"name":"wp","href":"https:\/\/api.w.org\/{rel}","templated":true}]}}