{"id":10186,"date":"2017-02-12T14:35:00","date_gmt":"2017-02-12T13:35:00","guid":{"rendered":"https:\/\/wp.muchomaas.com\/article-le-congres-de-podemos-plebiscite-pablo-iglesias\/"},"modified":"2023-06-23T23:24:07","modified_gmt":"2023-06-23T21:24:07","slug":"article-le-congres-de-podemos-plebiscite-pablo-iglesias","status":"publish","type":"post","link":"https:\/\/archives.regards.fr\/?p=10186","title":{"rendered":"Le congr\u00e8s de Podemos\u00a0pl\u00e9biscite Pablo Iglesias"},"content":{"rendered":"<p class=\"post_excerpt\">Ce week-end \u00e0 Madrid, Podemos a r\u00e9uni son deuxi\u00e8me congr\u00e8s, Vistalegre 2. Apr\u00e8s avoir men\u00e9 la &#8220;guerre \u00e9clair&#8221; dans toutes les \u00e9lections, Podemos doit d\u00e9sormais pr\u00e9parer la guerre de positions. Pour cela, les militants ont choisi la ligne Iglesias.<\/p>\n<p>Le premier congr\u00e8s de Podemos, en 2014, avait formalis\u00e9 la cr\u00e9ation du parti. \u00c0 l\u2019\u00e9poque, l&#8217;objectif \u00e9tait simple\u00a0: mener une guerre \u00e9clair et r\u00e9aliser les meilleurs scores possibles lors des <a href=\"https:\/\/wp.muchomaas.com\/web\/article\/podemos-lance-la-transition\">\u00e9lections municipales, r\u00e9gionales<\/a> et <a href=\"https:\/\/wp.muchomaas.com\/web\/article\/une-victoire-de-podemos-contre-le\">l\u00e9gislatives<\/a>. Pour y parvenir, le parti devenait un outil tr\u00e8s vertical, national, avec un homme fort \u00e0 sa t\u00eate. L\u2019inverse de la promesse du printemps 2011. La &#8220;blitzkrieg&#8221; a finalement dur\u00e9 jusqu\u2019\u00e0 juin 2016, et <a href=\"https:\/\/wp.muchomaas.com\/web\/article\/espagne-rajoy-reelu-president-grace-a-la-trahison-historique-des-socialistes\">l\u2019abdication du PSOE devant le PP<\/a>. Il avait manqu\u00e9 300.000 voix \u00e0 Podemos pour <a href=\"https:\/\/wp.muchomaas.com\/web\/article\/legislatives-espagnoles-podemos-encore-loin-de-la-victoire\">d\u00e9passer les socialistes<\/a>. <\/p>\n<h2>Majorit\u00e9 pour Iglesias, \u00e9chec pour Errej\u00f3n<\/h2>\n<p>D\u00e9sormais, un temps long s\u2019installe en Espagne. Podemos n\u2019est pas &#8220;en crise&#8221;, comme ont pu l\u2019\u00e9crire de nombreux m\u00e9dias : Podemos est en congr\u00e8s. Et, comme pour n\u2019importe quel congr\u00e8s, des sensibilit\u00e9s politiques, des strat\u00e9gies divergentes, s\u2019affrontent et le rapport de forces d\u00e9finit la ligne du parti.<\/p>\n<p><em>\u00ab\u00a0Unit\u00e9\u00a0! \u00bb<\/em>, voil\u00e0 le cri lanc\u00e9 par les <em>podemistas<\/em> aux dirigeants du parti, \u00e0 l\u2019ouverture du congr\u00e8s. Et l\u2019unit\u00e9 se fera donc, encore, <a href=\"https:\/\/wp.muchomaas.com\/web\/article\/sacrifier-iglesias-pour-sauver-podemos\">derri\u00e8re Pablo Iglesias<\/a>. Sur plus de 155.000 votants, Iglesias est r\u00e9\u00e9lu secr\u00e9taire g\u00e9n\u00e9ral (89% des voix) et sa liste composera l\u2019ex\u00e9cutif du parti \u00e0 hauteur de 37 membres (60% des postes, soit 50,8% des voix, contre 36% pour \u00cd\u00f1igo Errej\u00f3n \u2013 33,7% des voix \u2013 et 3% pour Anticapitalistas avec 13,1% des voix). On est tr\u00e8s loin du 40\/40% pronostiqu\u00e9\u2026 Le num\u00e9ro 2 du parti devient Pablo Echenique, une figure de l\u2019aile gauche de Podemos, \u00e9lu devant Errej\u00f3n, pour qui l\u2019\u00e9chec est cuisant.<\/p>\n<p>\u00c0 noter que Pablo Iglesias avait r\u00e9alis\u00e9 un petit chantage\u00a0: si sa liste n\u2019\u00e9tait pas majoritaire, mais qu\u2019il \u00e9tait quand m\u00eame \u00e9lu secr\u00e9taire g\u00e9n\u00e9ral, il d\u00e9missionnerait. Son objectif \u00e9tait clair\u00a0: que sa ligne soit dominante dans tout l\u2019appareil. C\u2019est chose faite. Apr\u00e8s sa victoire, son mot d\u2019ordre \u00e9tait\u00a0: <em>\u00ab Unit\u00e9 et humilit\u00e9\u00a0\u00bb<\/em>.<\/p>\n<p><a href=\"https:\/\/vistalegre2.podemos.info\/resultados\/\">Tous les r\u00e9sultats ici<\/a><\/p>\n<h2>Quelle forme\u00a0? Quelle id\u00e9ologie\u00a0?<\/h2>\n<p>Podemos, ce sont principalement trois forces en pr\u00e9sence, incarn\u00e9es \u00e0 l\u2019occasion de ce congr\u00e8s par Pablo Iglesias, \u00cd\u00f1igo Errej\u00f3n et Miguel Urb\u00e1n (Anticapitalistas).<\/p>\n<p><strong>Les &#8220;pablistes&#8221;<\/strong> d\u00e9fendent le radicalisme de Podemos, le &#8220;nous&#8221; peuple contre le &#8220;eux&#8221; caste, faisant table rase des drapeaux rouges et de l\u2019Internationale. Iglesias se positionne contre le sch\u00e9ma gauche-droite, afin de remplacer les vieux partis (PSOE et IU) et de <em>\u00ab\u00a0prendre d\u2019assaut\u00a0\u00bb<\/em> les institutions. Pourtant, il a \u00e9t\u00e9 tent\u00e9 d\u2019ouvrir Podemos. Ainsi a-t-on vu <a href=\"https:\/\/wp.muchomaas.com\/web\/article\/espagne-podemos-et-iu-vers-une-alliance-de-la-gauche-radicale\">l\u2019alliance avec Izquierda Unida (IU)<\/a>, puis <a href=\"https:\/\/wp.muchomaas.com\/web\/article\/comment-unidos-podemos-veut-gagner-la-patrie\">fleurir de nouveaux termes<\/a>, comme <em>\u00ab\u00a0patrie\u00a0\u00bb<\/em>.<\/p>\n<p><strong>Pour \u00cd\u00f1igo Errej\u00f3n<\/strong>, il faut ouvrir Podemos \u00e0 <em>\u00ab\u00a0ceux qui manquent\u00a0\u00bb<\/em> (pour gagner). Il pr\u00f4ne un <em>\u00ab\u00a0mouvement populaire\u00a0\u00bb<\/em>, un <em>\u00ab\u00a0populisme de gauche\u00a0\u00bb<\/em> concentr\u00e9 vers les classes populaires et repr\u00e9sent\u00e9 dans les institutions. Mais pour cela, Errej\u00f3n est aussi celui qui tend la main au PSOE. Et avec une social-d\u00e9mocratie espagnole en crise, impossible de n\u00e9gocier avec le PSOE, d\u2019autant qu\u2019un pr\u00e9suppos\u00e9 \u00e0 toute n\u00e9gociation portait sur un grand pacte Ciudadanos-PSOE-Podemos. En somme, une gauche de droite ou rien.<\/p>\n<p><strong>C\u00f4t\u00e9 anticapitalistes<\/strong>, on penche pour une d\u00e9centralisation de Podemos, tant sur le plan id\u00e9ologique (tr\u00e8s d\u00e9mocratiste), que pratique avec la mise en avant des nombreux embranchements locaux, loin des institutions nationales. Ils proposent, par exemple, que Podemos n\u2019ait pas de secr\u00e9taire g\u00e9n\u00e9ral. Bien \u00e9videmment, les &#8220;anticapis&#8221; sont oppos\u00e9s \u00e0 toute alliance avec le PSOE. D\u2019ailleurs, \u00e0 choisir entre les deux champions, ce sera\u2026 Iglesias.<\/p>\n<h2>Tenir une ligne<\/h2>\n<p>L\u2019heure est au bilan. Fallait-il s\u2019associer aux communistes d\u2019IU\u00a0? Fallait-il en faire plus pour s\u2019allier au PSOE\u00a0? Ne valait-il pas mieux \u00eatre radical jusqu\u2019au bout, en ne visant que l\u2019h\u00e9g\u00e9monie\u00a0? Au moins, les militants ont-ils tranch\u00e9.<\/p>\n<p>L\u2019alliance \u00e9lectorale avec IU n\u2019a pas pay\u00e9. Pire, les deux partis avaient perdu, avec ce mariage d\u2019un scrutin, un million de suffrages. En outre, ce sch\u00e9ma avait plac\u00e9 Iglesias dans le r\u00f4le du social-d\u00e9mocrate. L\u00e0 encore, Podemos s\u2019inscrivait dans des r\u00e8gles politiques pr\u00e9\u00e9tablies, loin de ses id\u00e9aux de <em>\u00ab\u00a0renverser la table\u00a0\u00bb<\/em>. Mais ce week-end, en confirmant Pablo Iglesias, les militants donnent leur pr\u00e9f\u00e9rence \u00e0 ce choix de la gauche plut\u00f4t qu\u2019\u00e0 la transversalit\u00e9 vers le centre d\u2019Errej\u00f3n.<\/p>\n<p>Car ce qui avait perdu Podemos, c\u2019\u00e9tait le flou strat\u00e9gique. \u00c0 h\u00e9siter, Podemos a perdu, ou du moins n\u2019a pas gagn\u00e9. L\u2019important va dor\u00e9navant \u00eatre de rester fid\u00e8le \u00e0 une ligne et de s\u2019y tenir sur la dur\u00e9e, sans proc\u00e9der \u00e0 une \u00e9puration fratricide, redout\u00e9e aujourd\u2019hui. Sinon, <a href=\"http:\/\/alencontre.org\/europe\/espagne\/etat-espagnol-le-desarroi-dune-nuit-dete.html\">comme l\u2019\u00e9crivait Josep Maria Antentas<\/a>\u00a0: <em>\u00ab\u00a0Les contradictions et les modifications permanentes des messages renforcent en fin de compte la perception de Podemos comme \u00e9tant une force ayant des principes instables, fugaces qui adapte son discours aux variations de l\u2019opinion publique\u00a0\u00bb<\/em>. Les clarifications du congr\u00e8s suffiront-elles, ou va-t-on assister \u00e0 un schisme \u00e0 Podemos\u00a0? Ou pire, faut-il que Podemos devienne un parti comme les autres\u00a0?<\/p>\n<p><a href=\"https:\/\/twitter.com\/LoicLeClerc33\">@LoicLeClerc33<\/a><\/p>\n<p><a href=\"https:\/\/wp.muchomaas.com\/web\/article\/regards-le-numero-d-hiver-10091\"><img loading=\"lazy\" decoding=\"async\" class=\" aligncenter size-full wp-image-24395\" src=\"https:\/\/wp.muchomaas.com\/wp-content\/uploads\/2017\/01\/une-hiver-sortie-d83.jpg\" alt=\"une-hiver-sortie.jpg\" align=\"center\" width=\"460\" height=\"297\" \/><\/a><div id='gallery-1' class='gallery galleryid-10186 gallery-columns-3 gallery-size-thumbnail'><figure class='gallery-item'>\n\t\t\t<div class='gallery-icon landscape'>\n\t\t\t\t<a href='https:\/\/archives.regards.fr\/wp-content\/uploads\/2017\/01\/une-hiver-sortie-a8d.jpg'><img loading=\"lazy\" decoding=\"async\" width=\"150\" height=\"150\" src=\"https:\/\/archives.regards.fr\/wp-content\/uploads\/2017\/01\/une-hiver-sortie-a8d-150x150.jpg\" class=\"attachment-thumbnail size-thumbnail\" alt=\"une-hiver-sortie.jpg\" \/><\/a>\n\t\t\t<\/div><\/figure>\n\t\t<\/div>\n<\/p>\n","protected":false},"excerpt":{"rendered":"<p>Ce week-end \u00e0 Madrid, Podemos a r\u00e9uni son deuxi\u00e8me congr\u00e8s, Vistalegre 2. Apr\u00e8s avoir men\u00e9 la &#8220;guerre \u00e9clair&#8221; dans toutes les \u00e9lections, Podemos doit d\u00e9sormais pr\u00e9parer la guerre de positions. Pour cela, les militants ont choisi la ligne Iglesias.<\/p>\n","protected":false},"author":1203,"featured_media":24395,"comment_status":"open","ping_status":"open","sticky":false,"template":"","format":"standard","meta":{"_themeisle_gutenberg_block_has_review":false,"footnotes":""},"categories":[157],"tags":[419,483],"class_list":["post-10186","post","type-post","status-publish","format-standard","has-post-thumbnail","hentry","category-web","tag-espagne","tag-podemos"],"_links":{"self":[{"href":"https:\/\/archives.regards.fr\/index.php?rest_route=\/wp\/v2\/posts\/10186","targetHints":{"allow":["GET"]}}],"collection":[{"href":"https:\/\/archives.regards.fr\/index.php?rest_route=\/wp\/v2\/posts"}],"about":[{"href":"https:\/\/archives.regards.fr\/index.php?rest_route=\/wp\/v2\/types\/post"}],"author":[{"embeddable":true,"href":"https:\/\/archives.regards.fr\/index.php?rest_route=\/wp\/v2\/users\/1203"}],"replies":[{"embeddable":true,"href":"https:\/\/archives.regards.fr\/index.php?rest_route=%2Fwp%2Fv2%2Fcomments&post=10186"}],"version-history":[{"count":0,"href":"https:\/\/archives.regards.fr\/index.php?rest_route=\/wp\/v2\/posts\/10186\/revisions"}],"wp:featuredmedia":[{"embeddable":true,"href":"https:\/\/archives.regards.fr\/index.php?rest_route=\/wp\/v2\/media\/24395"}],"wp:attachment":[{"href":"https:\/\/archives.regards.fr\/index.php?rest_route=%2Fwp%2Fv2%2Fmedia&parent=10186"}],"wp:term":[{"taxonomy":"category","embeddable":true,"href":"https:\/\/archives.regards.fr\/index.php?rest_route=%2Fwp%2Fv2%2Fcategories&post=10186"},{"taxonomy":"post_tag","embeddable":true,"href":"https:\/\/archives.regards.fr\/index.php?rest_route=%2Fwp%2Fv2%2Ftags&post=10186"}],"curies":[{"name":"wp","href":"https:\/\/api.w.org\/{rel}","templated":true}]}}