{"id":10185,"date":"2017-02-13T08:12:13","date_gmt":"2017-02-13T07:12:13","guid":{"rendered":"https:\/\/wp.muchomaas.com\/article-la-revue-du-13-fevrier-2017\/"},"modified":"2023-06-23T23:24:07","modified_gmt":"2023-06-23T21:24:07","slug":"article-la-revue-du-13-fevrier-2017","status":"publish","type":"post","link":"https:\/\/archives.regards.fr\/?p=10185","title":{"rendered":"La Revue du 13 f\u00e9vrier 2017"},"content":{"rendered":"<strong>ACTUALITE<\/strong>\n\n<strong>-Trois agriculteurs, &#8220;pour l&#8217;amour de la terre&#8221; (un reportage de Karima Hamzaoui; vid\u00e9o) :<\/strong> http:\/\/www.lci.fr\/replay\/grands-reportages-du-11-fevrier-2017-pour-l-amour-de-la-terre-2025631.html%3Ftype=content\n\n<strong>-A Morez en Franche-Comt\u00e9, &#8220;Logo&#8221;, la manufactures de lunettes du Jura, a \u00e9t\u00e9 mise en liquidation judiciaire (&#8220;13H15&#8221; le samedi; vid\u00e9o) : <\/strong> http:\/\/www.francetvinfo.fr\/replay-magazine\/france-2\/13h15\/13h15-du-samedi-11-fevrier-2017_2049345.html\n\n<strong>-&#8220;De Paris \u00e0 Fukushima, le secret d&#8217;une catastrophe&#8221; (pr\u00e9sent\u00e9 par David Pujadas; vid\u00e9o) :<\/strong>http:\/\/www.france2.fr\/emission\/cellule-de-crise\/diffusion-du-12-02-2017-22h40\n\n-&#8220;C&#8217;est le projet du XXIe si\u00e8cle pour la m\u00e9tropole de la capitale. Nous b\u00e9n\u00e9ficions de ressources fiscales affect\u00e9es&#8221; (Philippe Evin, pr\u00e9sident du directoire de la Soci\u00e9t\u00e9 du Grand Paris, interrog\u00e9 par Yves Decaens; son, amener le curseur sur 35:47) :   \nhttps:\/\/www.franceinter.fr\/emissions\/on-n-arrete-pas-l-eco\/on-n-arrete-pas-l-eco-11-fevrier-2017\n\n<strong>-En Seine-Maritime, les 500 ans du Havre (vid\u00e9o) : <\/strong> http:\/\/www.francetvinfo.fr\/france\/normandie\/seine-maritime\/le-havre\/seine-maritime-les-500-ans-du-havre_2057541.html\n\n-La pilule contraceptive a 50 ans (le gyn\u00e9cologue endocrinologue Christian Jamin; son, amener le curseur sur 19:40) : http:\/\/www.europe1.fr\/emissions\/c-est-arrive-cette-semaine\/cest-arrive-cette-semaine-110217-2975171\n\n-&#8220;Les CHU font entendre leur voix&#8221; (Danielle Messager; son) : https:\/\/www.franceinter.fr\/emissions\/carnet-de-sante\/carnet-de-sante-11-fevrier-2017\n\n-Pour le Conseil constitutionnel, consulter un site terroriste n&#8217;est pas un d\u00e9lit (Amaelle Guiton) : http:\/\/www.liberation.fr\/france\/2017\/02\/10\/pour-le-conseil-constitutionnel-consulter-des-sites-terroristes-n-est-pas-un-delit_1547689?xtor\n\n-&#8220;A Calais, les migrants ressortent du bois&#8221; (Hayd\u00e9e Sab\u00e9ran) : http:\/\/www.liberation.fr\/france\/2017\/02\/10\/a-calais-les-migrants-ressortent-du-bois_1547776?xtor\n\n<strong>-&#8220;Aller sur Mars est un r\u00eave&#8221; (Mouadh Bouayad, \u00e9tudiant \u00e0 Toulouse, en partance pour le d\u00e9sert de l&#8217;Utah, afin de simuler la vie sur la plan\u00e8te rouge; interrog\u00e9 par Wendy Bouchard; son) <\/strong> : http:\/\/www.europe1.fr\/emissions\/linterview-verite-du-week-end\/mouadh-bouayad-aller-sur-mars-est-un-reve-2975081\n\n<strong>-&#8220;Le refuge de Zian, guide de haute montagne&#8221; (&#8220;13H15 le dimanche&#8221;; vid\u00e9o) : <\/strong> http:\/\/www.francetvinfo.fr\/replay-magazine\/france-2\/13h15\/\n\n-Le r\u00e9cit de l&#8217;interpellation de Th\u00e9o jeudi dernier (&#8220;Le Parisien&#8221;; vid\u00e9o) : http:\/\/www.leparisien.fr\/faits-divers\/aulnay-sous-bois-le-recit-de-l-interpellation-de-theo-09-02-2017-6667074.php\n\n<strong>-&#8220;Les contr\u00f4les de police sont une affaire de soci\u00e9t\u00e9. On ne peut pas r\u00e9gler rapidement une question qui remonte \u00e0 dix ans. On a abandonn\u00e9 la formation des policiers. En Seine-Saint-Denis, on a cr\u00e9\u00e9 une soci\u00e9t\u00e9 artificielle&#8221; (Pierre Joxe, ancien ministre de l&#8217;Int\u00e9rieur, m\u00e9diateur du Conseil d\u00e9partemental de la Seine-Saint-Denis, interrog\u00e9 par David Abiker; son, amener le curseur sur 1:12) : <\/strong> http:\/\/www.europe1.fr\/emissions\/c-est-arrive-cette-semaine\/cest-arrive-cette-semaine-110217-2975171\n\n-&#8220;Il n&#8217;est pas normal d&#8217;avoir peur de la police. C&#8217;est un probl\u00e8me&#8221; (Dominique Sopo, pr\u00e9sident de &#8220;SOS Racisme&#8221;; interrog\u00e9 par Sandrine Aramo; vid\u00e9o) : http:\/\/www.francetvinfo.fr\/faits-divers\/arrestation-violente-a-aulnay-sous-bois\/violences-policieres-la-peur-est-un-probleme-selon-dominique-sopo_2057059.html\n\n-&#8220;Th\u00e9o a bien \u00e9t\u00e9 viol\u00e9&#8221; (Texte collectif) : https:\/\/blogs.mediapart.fr\/les-invites-de-mediapart\/blog\/110217\/theo-bien-ete-viole\n\n<strong>-&#8220;Une violence inou\u00efe qui peut \u00eatre qualifi\u00e9e d&#8217;acte de barbarie&#8221; (Eliane Assassi, pr\u00e9sidente du groupe CRC au S\u00e9nat; vid\u00e9o) <\/strong> : http:\/\/ericbocquet.fr\/activite-des-senateurs\/les-questions-au-gouvernement\/les-questions-d-actualite\/article\/une-violence-inouie-qui-peut-etre-qualifiee-d-acte-de-barbarie\n\n-&#8220;Par cet acte, c&#8217;est toute la R\u00e9publique qu&#8217;on viole&#8221; (Rama Yade, candidate \u00e0 l&#8217;\u00e9lection pr\u00e9sidentielle de &#8220;la France qui ose&#8221;; interrog\u00e9e par Pierre Weill; son) : https:\/\/www.franceinter.fr\/emissions\/l-interview-politique\/l-interview-politique-12-fevrier-2017\n\n-&#8220;La suppression de la police de proximit\u00e9 a \u00e9t\u00e9 une catastrophe&#8221; (Michel Pouzol, d\u00e9put\u00e9 PS de l&#8217;Essonne, porte-parole de Beno\u00eet Hamon; invit\u00e9 du &#8220;Brunch politique&#8221; de Louis Morin (son) : http:\/\/www.sudradio.fr\/Podcasts\/Le-Brunch-Politique\/Michel-Pouzol\n\n<strong>-&#8220;La volont\u00e9 de blesser la masculinit\u00e9 de leur public est fr\u00e9quente chez les policiers&#8221; (le sociologue Didier Frassin; propos recueillis par Sylvain Mouillard) : <\/strong> http:\/\/www.liberation.fr\/france\/2017\/02\/09\/la-volonte-de-blesser-la-masculinite-de-leur-public-est-frequente-chez-les-policiers_1547341\n\n<strong>-&#8220;Ce que tu as fait est une trahison&#8221; (ce que lui disent ses fr\u00e8res parce qu&#8217;il s&#8217;est engag\u00e9 dans la police; cit\u00e9s par Lycia Meysenq) : <\/strong> http:\/\/www.francetvinfo.fr\/societe\/manifestation-des-policiers\/temoignages-franceinfo-ce-que-tu-as-fait-c-est-une-trahison-ils-sont-nes-en-banlieue-et-ont-choisi-d-etre-policiers_2052527.html\n\n-&#8220;Samedi, d\u00e9fil\u00e9 sous tension \u00e0 Bobigny (93; vid\u00e9os) : http:\/\/www.francetvinfo.fr\/faits-divers\/arrestation-violente-a-aulnay-sous-bois\/arrestation-de-theo-defile-sous-tension_2057545.html          http:\/\/www.francetvinfo.fr\/faits-divers\/arrestation-violente-a-aulnay-sous-bois\/video-affaire-theo-incidents-en-marge-d-une-manifestation-a-bobigny_2057495.html\n\n-&#8220;Une fillette de 6 ans sauv\u00e9e des flammes de justesse&#8221; (diaporama) : http:\/\/www.leparisien.fr\/bobigny-93000\/debordements-a-bobigny-une-fillette-de-6-ans-sauvee-des-flammes-par-les-crs-11-02-2017-6673839.php?xtor\n\n<strong>-&#8220;C&#8217;est Emmanuel qui a sauv\u00e9 des flammes une fillette, pas les CRS&#8221; (Laurence Mauriaucourt) :<\/strong> http:\/\/www.humanite.fr\/suites-de-laffaire-theo-cest-emmanuel-qui-sauve-des-flammes-une-fillette-hier-bobigny-pas-les-crs\n\n-&#8220;Ces casseurs sont toujours pr\u00e9sents dans les manifestations en France. Il faut que la justice tranche rapidement, nous dise ce qui s&#8217;est r\u00e9ellement pass\u00e9 \u00e0 Aulnay-sous-Bois pour que la col\u00e8re retombe&#8221; (Youssef Zaoui, adjoint au maire de Bobigny) : http:\/\/www.francetvinfo.fr\/faits-divers\/arrestation-violente-a-aulnay-sous-bois\/affaire-theo-ce-n-est-pas-en-cassant-des-vitres-que-l-on-fait-avancer-la-cause_2057810.html\n\n<strong>-&#8220;Police&#8221; (NTM) :<\/strong> https:\/\/www.youtube.com\/watch?v=thaLl-fyNQ0&#038;app=desktop\n\n<strong>-&#8220;Les personnes en situation de pauvret\u00e9 (pr\u00e8s de 9 millions en France) n&#8217;ont pas les m\u00eames droits que les autres. Ce ne sont pas les quartiers qui sont violents, c&#8217;est la soci\u00e9t\u00e9 qui est violente avec ces personne. Elles ne demandent qu&#8217;une chose, c&#8217;est de travailler. Le revenu de base n&#8217;a pas \u00e9t\u00e9 pens\u00e9 avec elles. Le RSA, c&#8217;est moins de 2 euros par jour pour se nourrir, moi, je ne sais pas faire. Leur esp\u00e9rance de vie, c&#8217;est celle des personnes qui vivent en Afrique&#8221; (Claire H\u00e9don, pr\u00e9sidente d&#8217;ATD Quart Monde-France, invit\u00e9e de Patricia Martin; son) : <\/strong> ps:\/\/www.franceinter.fr\/emissions\/l-nterview-societe-civile\/l-nterview-societe-civile-12-fevrier-2017\n\n<strong>-En commission, Eric Bocquet, s\u00e9nateur CRC du Nord, remet \u00e0 leur place les financiers (vid\u00e9o) : <\/strong> https:\/\/www.facebook.com\/senateurscommunistes\/videos\/1711344118892140\/\n\n-A Marseille, &#8220;une augmentation de 4 centimes par heure chez Primark&#8221; (vid\u00e9o) : http:\/\/www.laprovence.com\/video\/Marseille-ils-denoncent-une-augmentation-de-4-centimes-par-heure\/x5be8xz\n\n-La maire LR d&#8217;Aix-en-Provence renvoy\u00e9e en correctionnelle pour &#8220;d\u00e9tournement de fonds publics et prise d&#8217;int\u00e9r\u00eats&#8221; (Jean-Fran\u00e7ois Giorgetti) : http:\/\/france3-regions.francetvinfo.fr\/provence-alpes-cote-d-azur\/bouches-du-rhone\/aix-en-provence\/maryse-joissains-masini-renvoyee-correctionnelle-1194901.html\n\n<strong>POLITIQUE<\/strong>\n\n<strong>-&#8220;Mon objectif est de gouverner mais il faut le faire sur une base respectueuse des Fran\u00e7ais. Je suis pr\u00eat \u00e0 discuter avec le candidat du Parti socialiste mais pas pour jouer la com\u00e9die. Cette union qui hier \u00e9tait un combat devient une combine. Les Etats-Unis sont des fouteurs de guerre dans le monde entier. Les 100 milliards d&#8217;euros que M. Fillon et M. Macron veulent retirer de la d\u00e9pense publique, moi je veux les rajouter. Avec l&#8217;imp\u00f4t universel, plus personne ne pourra \u00eatre un \u00e9vad\u00e9  fiscal&#8221; (Jean-Luc M\u00e9lenchon, invit\u00e9 de &#8220;BFM Politique&#8221; (vid\u00e9os) :<\/strong> \nhttp:\/\/www.bfmtv.com\/mediaplayer\/video\/mon-objectif-est-de-gouverner-mais-il-faut-le-faire-sur-une-base-respectueuse-de-l-opinion-des-francais-jean-luc-melenchon-913453.html                                                                                    http:\/\/www.bfmtv.com\/mediaplayer\/video\/politiques-au-quotidien-les-etats-unis-d-amerique-sont-des-fouteurs-de-guerre-dans-le-monde-entier-jean-luc-melenchon-913455.html                                                                                                  http:\/\/www.bfmtv.com\/mediaplayer\/video\/questions-d-eco-les-100-milliards-que-monsieur-macron-et-monsieur-fillon-veulent-retirer-de-la-depense-publique-moi-je-veux-les-rajouter-jean-luc-melenchon-913457.html                                                http:\/\/www.bfmtv.com\/mediaplayer\/video\/jean-luc-melenchon-face-aux-francais-avec-l-impot-universel-plus-personne-ne-pourra-plus-etre-un-evade-fiscal-913473.html\n\n-&#8220;Je n&#8217;\u00e9changerai pas des bouts de programme contre des si\u00e8ges aux l\u00e9gislatives&#8221; (Son interview dans &#8220;La Provence&#8221;; propos recueillis par Olivier Mazerolle; pi\u00e8ce jointe);\n \n-&#8220;Beno\u00eet Hamon veut aller de l&#8217;avant. Ma famille, c&#8217;est la gauche. Ce qui compte, c&#8217;est le rassemblement des citoyens, pas pour un cartel, pour un projet&#8221; (Mathieu Hanotin, d\u00e9put\u00e9 PS de Seine-Saint-Denis; co-directeur de la campagne de Beno\u00eet Hamon; interrog\u00e9 par Cyril Graziani; son) : https:\/\/www.franceinter.fr\/emissions\/l-interview-politique\/l-interview-politique-11-fevrier-2017\n\n-Thomas Piketty rejoint son \u00e9quipe de campagne : http:\/\/www.francetvinfo.fr\/economie\/thomas-piketty\/presidentielle-thomas-piketty-rejoint-l-equipe-de-campagne-de-benoit-hamon_2057307.html\n\n-Il \u00e9tait l&#8217;invit\u00e9 de &#8220;Questions politiques&#8221; sur France Inter (vid\u00e9o) : http:\/\/www.dailymotion.com\/video\/x5bhjro_questions-politiques-avec-l-economiste-thomas-piketty_news\n\n-&#8220;Je suis pour le revenu universel mais \u00e0 certaines conditions&#8221; (vid\u00e9o) : http:\/\/www.dailymotion.com\/video\/x5bhitf_thomas-piketty-je-suis-pour-le-revenu-universel-mais-a-certaines-conditions_news\n\n-&#8220;Nous avons besoin d&#8217;une assembl\u00e9e de la zone euro&#8221; (vid\u00e9o; sur les bases de cette proposition et des crit\u00e8res de composition \u00e9nonc\u00e9s par Thomas Piketty, j&#8217;ai essay\u00e9 de me rendre compte de l&#8217;allure qu&#8217;aurait cette assembl\u00e9e de la zone euro aujourd&#8217;hui. Bonjour les d\u00e9g\u00e2ts, la droite et l&#8217;extr\u00eame-droite y seraient tr\u00e8s majoritaires !) : http:\/\/www.dailymotion.com\/video\/x5bhhno_thomas-piketty-on-a-besoin-d-une-assemblee-de-la-zone-euro_news\n\n-&#8220;M\u00e9lenchon rejette l&#8217;id\u00e9e d&#8217;une &#8220;majorit\u00e9 composite&#8221; avec Hamon et Jadot&#8221; (Ga\u00ebl Vaillant) : http:\/\/www.lejdd.fr\/Politique\/Melenchon-rejette-l-idee-d-une-majorite-composite-avec-Hamon-et-Jadot-846548\n\n-&#8220;La vraie dynamique, elle est chez Marine Le Pen&#8221; (Julien Drey, porte-parole du PS, qui pr\u00f4ne une large alliance de Macron \u00e0 M\u00e9lenchon pour emp\u00eacher l&#8217;\u00e9lection qu&#8217;il croit possible de Marine Le Pen; interrog\u00e9 par Fr\u00e9d\u00e9ric Haziza de &#8220;Radio J&#8221;; son) : http:\/\/www.radioj.fr\/node\/11\n\n<strong>-&#8220;Taxer les robots ?&#8221; (Delphine Simon; son) : <\/strong> https:\/\/www.franceinter.fr\/emissions\/le-vrai-faux-de-l-europe\/le-vrai-faux-de-l-europe-11-fevrier-2017\n\n-&#8220;La politique, c&#8217;est mystique&#8221; (Emmanuel Macron; cit\u00e9 par Anna Cabana) : http:\/\/www.lejdd.fr\/Politique\/Emmanuel-Macron-confidences-sacrees-846746\n\n-&#8220;Emmanuel Macron commence \u00e0  d\u00e9voiler son programme&#8221; (Herv\u00e9 Gattegno du &#8220;JDD&#8221;; son) : http:\/\/www.europe1.fr\/emissions\/ledito-du-jdd\/emmanuel-macron-commence-a-devoiler-son-programme-2975639\n\n-&#8220;Je ne suis pas d&#8217;accord avec l&#8217;id\u00e9e qu&#8217;il n&#8217;y aurait pas besoin de programme&#8221; (l&#8217;\u00e9conomiste Nicolas Bouzou, invit\u00e9 de David Abiker; son, amener le curseur sur 1:07) : http:\/\/www.europe1.fr\/emissions\/c-est-arrive-demain\/cest-arrive-demain-david-abiker-120217-2975711\n\n-&#8220;C&#8217;est toujours la 4e fois que les candidats \u00e0 l&#8217;\u00e9lection pr\u00e9sidentielle ont obtenu  les meilleurs r\u00e9sultats.  Je d\u00e9ciderai sur une situation politique politique que je n&#8217;ai jamais connue aussi grave et intol\u00e9rable&#8221; (Fran\u00e7ois Bayrou, pr\u00e9sident du MoDem, interrog\u00e9 par Francis Letellier; vid\u00e9o) : http:\/\/pluzz.francetv.fr\/videos\/dimanche_en_politique.html\n\n-&#8220;La rumeur, une arme en politique ?&#8221; (Pascal Froissard, enseignant-chercheur de l&#8217;universit\u00e9 Paris VIII; son, amener le curseur sur 12:08) : http:\/\/www.europe1.fr\/emissions\/c-est-arrive-cette-semaine\/cest-arrive-cette-semaine-110217-2975171\n\n<strong>-&#8220;D\u00e9gagisme et populisme&#8221; \u00e0 &#8220;C Politique&#8221; de Bruce Toussaint, avec Olivier Besancenot et  Laurence Parisot (vid\u00e9o) : <\/strong> http:\/\/www.france5.fr\/emissions\/c-politique\/videos\/degagisme_et_populisme_12-02-2017_1483451\n\n<strong>-D&#8217;o\u00f9 vient le financement des partis politiques ? (Laura Motet) : <\/strong> http:\/\/www.lemonde.fr\/les-decodeurs\/article\/2017\/02\/10\/d-ou-vient-le-financement-des-partis-politiques_5077918_4355770.html\n\n-&#8220;L&#8217;art d\u00e9licat du faux mea culpa en politique&#8221; (l&#8217;opinion du linguiste am\u00e9ricain Edwin Battistella; vid\u00e9o) : http:\/\/www.lemonde.fr\/affaire-penelope-fillon\/video\/2017\/02\/11\/affaire-fillon-l-art-delicat-du-faux-mea-culpa-en-politique_5078107_5070021.html\n\n<strong>-&#8220;Saint Fran\u00e7ois victime de la transparence&#8217; (Rapha\u00ebl Glucksmann) : <\/strong> http:\/\/tempsreel.nouvelobs.com\/presidentielle-2017\/20170208.OBS5069\/fillon-saint-francois-victime-de-la-transparence-par-raphael-glucksmann.html#xtor\n\n-Le parquet national financier &#8220;n&#8217;a pris aucune d\u00e9cision&#8221; et ne s&#8217;est fix\u00e9 &#8220;aucun calendrier&#8221; : http:\/\/www.francetvinfo.fr\/politique\/francois-fillon\/affaires-fillon\/affaire-fillon-aucune-decision-n-a-ete-encore-prise-et-aucun-calendrier-fixe-annonce-le-parquet-national-financier_2058023.html\n\n-Accueil mouvement\u00e9 \u00e0 La R\u00e9union (vid\u00e9o) : http:\/\/www.francetvinfo.fr\/politique\/francois-fillon\/affaires-fillon\/presidentielle-2017-accueil-mouvemente-pour-francois-fillon-a-la-reunion_2057523.html\n\n-&#8220;Je n&#8217;ai jamais fait perdre ma famille politique&#8221; (Mich\u00e8le Alliot-Marie, qui a bon espoir d&#8217;obtenir ses 500 parrainages; invit\u00e9e de &#8220;Point Pol&#8221;; vid\u00e9o) : http:\/\/www.dailymotion.com\/video\/x5b4tyd_mam-n-a-pas-de-soucis-pour-ses-parrainages_news\n\n-&#8220;Ce qui est terriblement grave, c&#8217;est que des responsables politiques jettent ainsi  l&#8217;opprobe sur toute la police. Moi, je l&#8217;ai dit et je le redis, par principe, je soutiens la police. Pr\u00e9sidente, le premier ministre ne serait pas forc\u00e9ment issu du FN&#8221; (Marine Le Pen, qui lance plus particuli\u00e8rement un appel \u00e0 Henri Guaino et Nicolas Dupont-Aignan; invit\u00e9e du &#8220;Grand Rendez-vous&#8221; d&#8217;Europe 1; vid\u00e9o) :  https:\/\/www.youtube.com\/watch?v=iS3-F1BvJYo&#038;feature=youtu.be\n\n-Avec Emmanuel Macron, potentiel vainqueur de l&#8217;\u00e9lection pr\u00e9sidentielle, &#8220;la gauche a l&#8217;intention de fusiller tous ceux qui pourraient acc\u00e9der aux affaires, avec une instrumentalisation au sommet de l&#8217;Etat visant \u00e0 le faire \u00e9lire&#8221; (Marion Mar\u00e9chal-Le Pen, d\u00e9put\u00e9e FN du Vaucluse, invit\u00e9e du &#8220;Grand Jury RTL&#8221;; vid\u00e9o) : \nhttp:\/\/www.rtl.fr\/actu\/politique\/marion-marechal-le-pen-il-y-a-un-risque-que-la-gauche-revienne-au-pouvoir-7787210353\n\n-&#8220;Il est scandaleux d&#8217;utiliser cet \u00e9v\u00e9nement (d&#8217;Aulnay-sous-Bois) pour proc\u00e9der \u00e0 des saccages qui doivent \u00eatre sanctionn\u00e9s&#8221; (Nicolas Bay, secr\u00e9taire g\u00e9n\u00e9ral du FN; invit\u00e9 de la matinale de Franceinfo; son et vid\u00e9os) :  http:\/\/www.francetvinfo.fr\/replay-radio\/8h30-politique\/affaire-theo-le-secretaire-general-du-fn-troube-scandaleux-d-utiliser-cet-evenement-pour-proceder-a-des-saccages_2053715.html\n\n<strong>-&#8220;Quatre affaires pour Marine Le Pen&#8221; (Kocila Mackdeche) :<\/strong> http:\/\/www.francetvinfo.fr\/elections\/presidentielle\/presidentielle-les-quatre-affaires-qui-pourraient-plomber-la-campagne-de-marinele-pen_2055853.html\n\n-&#8220;Une histoire amus\u00e9e des promesse \u00e9lectorales&#8221; (l&#8217;historien Bruno Fuligni, invit\u00e9 de David Abiker; son, amener le curseur sur 11:43) : http:\/\/www.europe1.fr\/emissions\/c-est-arrive-demain\/cest-arrive-demain-david-abiker-120217-2975711\n\n-La situation politique vue par Bruno Jeudi de &#8220;Paris Match&#8221; et Nicolas Domenach de RTL, invit\u00e9s de Laurence Ferrari dans &#8220;Punchline&#8221; (vid\u00e9o) : http:\/\/replay.c8.fr\/video\/1435506\n\n<em>-Le barom\u00e8tre politique (VIAVOICE)<\/em> : http:\/\/www.institut-viavoice.com\/images\/02_PDFs\/BaroEtudesLiberation\/2017\/Le_barom%C3%A8tre_politique_Viavoice_-_Lib%C3%A9ration._9_F%C3%A9vrier_2017.pdf\n\n<em>-Les \u00e9volutions des intentions de vote \u00e0 l&#8217;\u00e9lection pr\u00e9sidentielle (OPINION-WAY) : <\/em> https:\/\/www.opinion-way.com\/fr\/component\/edocman\/?task=document.viewdoc&#038;id=1528&#038;Itemid=0\n\n<em>-Au 10 f\u00e9vrier (IFOP) :<\/em> http:\/\/www.parismatch.com\/La-presidentielle-en-temps-reel\n\n<strong>EUROPE-MONDE<\/strong>\n\n-Jean-Claude Junker, pr\u00e9sident de la Commission europ\u00e9enne, ne briguera pas un deuxi\u00e8me mandat. (Gagn\u00e9 par l&#8217;euroscepticisme ?) : https:\/\/www.letemps.ch\/monde\/2017\/02\/11\/jeanclaude-juncker-ne-briguera-un-deuxieme-mandat\n\n<em>-La perception de l&#8217;Union europ\u00e9enne par les Fran\u00e7ais (CSA) : <\/em> https:\/\/www.csa.eu\/fr\/survey\/la-perception-de-lunion-europeenne-par-les-fran%C3%A7ais\n\n-&#8220;L&#8217;euro a \u00e9t\u00e9 une catastrophe&#8221; (Louis Alliot, vice-pr\u00e9sident du FN, invit\u00e9 de BFM Politique; vid\u00e9o) : http:\/\/www.bfmtv.com\/mediaplayer\/video\/louis-aliot-l-euro-a-ete-une-catastrophe-913519.html\n\n<strong>-Les \u00e9nergies renouvelables battent de nouveaux records en Europe (Adam Vaughan)<\/strong> : http:\/\/www.euractiv.fr\/section\/energie\/news\/almost-90-of-new-energy-in-europe-from-renewable-sources-in-2016\/\n\n-&#8220;Bruxelles autorise Paris \u00e0 soutenir les siennes&#8221; : http:\/\/www.latribune.fr\/entreprises-finance\/industrie\/energie-environnement\/bruxelles-autorise-paris-a-soutenir-ses-renouvelables-637838.html\n\n-Face aux constructeurs automobiles, le Parlement europ\u00e9en souhaite que la Commission dispose de plus de pouvoirs de contr\u00f4le (Catherine Stupp) : http:\/\/www.euractiv.fr\/section\/innovation-entreprises\/news\/internal-market-meps-approve-rules-to-muscle-up-commission-after-dieselgate-reject-calls-for-eu-road-agency\/\n\n<strong>-En Espagne, &#8220;la droite rassembl\u00e9e et Podemos divis\u00e9 tiennent leur congr\u00e8s&#8221; (Sandrine Morel) : <\/strong> http:\/\/www.lemonde.fr\/europe\/article\/2017\/02\/10\/en-espagne-la-droite-rassemblee-et-podemos-divise-tiennent-leurs-congres_5077897_3214.html\n\n-Mobilisation anti fasciste \u00e0 G\u00e8nes (vid\u00e9o) : http:\/\/newscdn.newsrep.net\/h5\/nrvideo.html?r=3&#038;lan=fr_FR&#038;pid=14&#038;id=ON8b5064cJ5_fr&#038;app_lan=fr_FR&#038;mcc=208&#038;declared_lan\n\n-&#8220;L&#8217;Irlande veut &#8220;une fronti\u00e8re invisible&#8221; avec le Royaume-Uni&#8221; (James Crisp) : http:\/\/www.euractiv.fr\/section\/royaume-uni-en-europe\/news\/ireland-tells-eu-brexit-bosses-we-are-firmly-on-your-side\/\n\n-&#8220;Le Brexit est le Cheval de Troie de Trump&#8221; (le vice-pr\u00e9sident du parlement europ\u00e9en Ram\u00f3n Luis Valc\u00e1rel, cit\u00e9 par Lara Malvesi) :  http:\/\/www.euractiv.fr\/section\/l-europe-dans-le-monde\/news\/european-parliament-vp-warns-trump-is-using-brexit-as-a-trojan-horse\/\n\n-L&#8217;Allemagne va acc\u00e9l\u00e9rer les expulsions de migrants : http:\/\/www.euractiv.fr\/section\/l-europe-dans-le-monde\/news\/lallemagne-va-accelerer-les-expulsions-de-migrants\/\n\n-Le social-d\u00e9mocrate Frank-Walter Steinmeier \u00e9lu pr\u00e9sident allemand (vid\u00e9o) : http:\/\/tempsreel.nouvelobs.com\/en-direct\/a-chaud\/33453-allemagne-social-democrate-frank-walter-steinmeier.html#xtor\n\n-Alexis Tsipras confiant sur un accord avec les financiers (vid\u00e9o) : http:\/\/newscdn.newsrep.net\/h5\/nrvideo.html?r=3&#038;lan=fr_FR&#038;pid=14&#038;id=3H8b0e265bR_fr&#038;app_lan=fr_FR&#038;mcc=208&#038;declared_lan\n\n<strong>-&#8220;La Roumanie conna\u00eet sa deuxi\u00e8me r\u00e9volution d\u00e9mocratique&#8221; (l&#8217;analyste romano-polonais Octavian Milewski; propos recueillis par Karolina Zbytniewska) : <\/strong> http:\/\/www.euractiv.fr\/section\/justice-affaires-interieures\/interview\/milewski-romania-is-undergoing-a-democratic-revolution\/\n\n-&#8220;Les pays asiatiques se tournent vers Bruxelles plut\u00f4t que Londres&#8221; (Matthew Tempest) : http:\/\/www.euractiv.fr\/section\/royaume-uni-en-europe\/news\/asian-economies-stress-focus-is-on-eu-27-not-uk-after-brexit\/\n\n-R\u00e9f\u00e9rendum en Suisse sur la simplification de la proc\u00e9dure de naturalisation (vid\u00e9o) : http:\/\/newscdn.newsrep.net\/h5\/nrvideo.html?r=3&#038;lan=fr_FR&#038;pid=14&#038;id=7c8b5f5e8sO_fr&#038;app_lan=fr_FR&#038;mcc=208&#038;declared_lan\n\n<strong>-En Isra\u00ebl, \u00eatre un d\u00e9put\u00e9 arabe est un d\u00e9fi permanent (vid\u00e9o) : <\/strong> http:\/\/newscdn.newsrep.net\/h5\/nrvideo.html?r=3&#038;lan=fr_FR&#038;pid=14&#038;id=y58b70691kp_fr&#038;app_lan=fr_FR&#038;mcc=208&#038;declared_lan\n\n-Au Etats-Unis, face \u00e0 face entre les pro et les anti-avortement (vid\u00e9o) : http:\/\/newscdn.newsrep.net\/h5\/nrvideo.html?r=3&#038;lan=fr_FR&#038;pid=14&#038;id=qW8b5f5e9jO_fr&#038;app_lan=fr_FR&#038;mcc=208&#038;declared_lan\n\n-Au Br\u00e9sil, la gr\u00e8ve des policiers d\u00e9clenche une flamb\u00e9e de meurtres (Fran\u00e7ois-Xavier Gomez) : http:\/\/www.liberation.fr\/planete\/2017\/02\/10\/au-bresil-une-greve-de-policiers-declenche-une-flambee-de-meurtres_1547803?xtor\n\n-Pourquoi l&#8217;Asie est-elle rest\u00e9e en dehors de l&#8217;influence chr\u00e9tienne ? (Isabelle de Gaulmyn; son) : https:\/\/www.franceinter.fr\/emissions\/faut-il-y-croire\/faut-il-y-croire-11-fevrier-2017\n\n<strong>-&#8220;De l&#8217;in\u00e9galit\u00e9 en Chine&#8221; (Thomas Piketty; pi\u00e8ce jointe);\n<\/strong>\n\n-&#8220;Spectaculaire rebond des exportations chinoises en janvier&#8221; (vid\u00e9o) : http:\/\/newscdn.newsrep.net\/h5\/nrvideo.html?r=3&#038;lan=fr_FR&#038;pid=14&#038;id=ay8a2660am1_fr&#038;app_lan=fr_FR&#038;mcc=208&#038;declared_lan\n\n-La Cor\u00e9e du Nord tire un nouveau missile balistique (vid\u00e9o) : http:\/\/newscdn.newsrep.net\/h5\/nrvideo.html?r=3&#038;lan=fr_FR&#038;pid=14&#038;id=Bf8b5f5ebkZ_fr&#038;app_lan=fr_FR&#038;mcc=208&#038;declared_lan\n\n-Les cyberattaques, l&#8217;arme du XXIe si\u00e8cle (vid\u00e9o) : http:\/\/newscdn.newsrep.net\/h5\/nrvideo.html?r=3&#038;lan=fr_FR&#038;pid=14&#038;id=NH8b509f5n0_fr&#038;app_lan=fr_FR&#038;mcc=208&#038;declared_lan\n\n<strong>-Les ravages de la pollution industrielle vus du ciel (photos grand format) : <\/strong> http:\/\/tempsreel.nouvelobs.com\/galeries-photos\/photo\/20170209.OBS5108\/grand-format-les-ravages-de-la-pollution-industrielle-vus-du-ciel.html#xtor\n\n<strong>CULTURE-MEDIAS<\/strong>\n\n<strong>-&#8220;L&#8217;imagerie m\u00e9dicale, le corps sous toutes ses coutures&#8221; (Nathalie George, directrice de recherche CNRS et R\u00e9gine Trebossen du CEA; son) :<\/strong> https:\/\/www.franceculture.fr\/emissions\/la-methode-scientifique\/limagerie-medicale-le-corps-sous-toutes-les-coutures\n\n-&#8220;Reconstruire l&#8217;\u00e9conomie en redonnant de la valeur au savoir&#8221; (le philosophe Bernard Stiegler; entretien r\u00e9alis\u00e9 par Amaelle Guiton) : http:\/\/www.liberation.fr\/france\/2017\/02\/08\/bernard-stiegler-reconstruire-l-economie-en-redonnant-de-la-valeur-au-savoir_1547285\n\n-&#8220;Le cr\u00e9puscule des idoles progressistes&#8221;, le livre de B\u00e9r\u00e9nice Levet, comment\u00e9 par Laurent Joffrin de &#8220;Lib\u00e9ration&#8221; et Alexis Brezet du &#8220;Figaro&#8221; (son) : https:\/\/www.franceinter.fr\/emissions\/le-club-des-idees\/le-club-des-idees-12-fevrier-2017\n\n-&#8220;Il y a des racines chr\u00e9tiennes \u00e0 l&#8217;antis\u00e9mitisme&#8221; (le philosophe Michel Onfray, invit\u00e9 de &#8220;On n&#8217;est pas couch\u00e9&#8221;; vid\u00e9o) : http:\/\/www.france2.fr\/emissions\/on-n-est-pas-couche\/videos\/michel_onfray_-_on_nest_pas_couche_11_fevrier_2017_onpc_11-02-2017_1483301?onglet=tous&#038;page=1\n\n<strong>-&#8220;Avec l&#8217;air de la reine de la nuit, on tient les spectateurs par les couilles&#8221; (Actuellement, la soprano Sabine Devieilhe interpr\u00e8te &#8220;La Flute enchant\u00e9e&#8221; de Mozart \u00e0 l&#8217;Op\u00e9ra Bastille. Elle \u00e9tait l&#8217;invit\u00e9e de David Abiker; son, amener le curseur sur 30:09)<\/strong> : http:\/\/www.europe1.fr\/emissions\/c-est-arrive-demain\/cest-arrive-demain-david-abiker-120217-2975711\n\n-&#8220;Ce m\u00e9tier me stresse trop et je ne vais pas attendre quinze ans pour faire une rupture. Je sais que je devrai beaucoup r\u00e9duire mon train de vie&#8221; (Lambert Wilson, invit\u00e9 d&#8217;Isabelle Morizet; son) :  http:\/\/www.europe1.fr\/emissions\/il-n-y-a-pas-qu-une-vie-dans-la-vie\/il-ny-a-pas-quune-vie-dans-la-vie-lambert-wilson-120217-2975825\n\n-L&#8217;\u00e9volution du financement par l&#8217;Etat du spectacle vivant de 2005 \u00e0 2015 (Jean-Fran\u00e7ois Marguerin) : https:\/\/blogs.mediapart.fr\/marguerin-jean-francois\/blog\/210915\/l-evolution-du-financement-par-l-etat-du-spectacle-vivant-au-cours-de-ces-dix-dernieres\n\n-Le Bauhaus au Mus\u00e9e des Arts d\u00e9coratifs, &#8220;une formidable aventure humaine&#8221; (diaporama) : http:\/\/mobile.lemonde.fr\/arts\/portfolio\/2016\/12\/12\/le-bauhaus-au-musee-des-arts-decoratifs-une-une-formidable-aventure-humaine_5047486_1655012.html?xtref\n\n<strong>-100 000 spectateurs ont d\u00e9j\u00e0 applaudi la pi\u00e8ce belge &#8220;Djihad&#8221;, &#8220;l&#8217;humour contre la radicalisation&#8221; (V\u00e9ronique Dalmas; vid\u00e9o) : <\/strong> http:\/\/culturebox.francetvinfo.fr\/theatre\/theatre-contemporain\/djihad-qui-met-en-piece-la-radicalisation-applaudie-par-100-000-spectateurs-252461\n\n<strong>-&#8220;Je ne renie pas mes origines portugaises, la m\u00e9lancolie on en fait m\u00eame une source de plaisir&#8221; (la com\u00e9dienne, r\u00e9alisatrice et chanteuse Maria de Medeiros; invit\u00e9e d&#8217;Eva Bester; son) <\/strong> :  https:\/\/www.franceinter.fr\/emissions\/remede-a-la-melancolie\/remede-a-la-melancolie-12-fevrier-2017\n\n-La mort d&#8217;Evelyne Pisier, ancienne directrice du Livre au minist\u00e8re de la Culture : http:\/\/culturebox.francetvinfo.fr\/livres\/essais-documents\/la-mort-d-evelyne-pisier-figure-intellectuelle-de-gauche-252465\n\n-Au Festival de Berlin 2017, &#8220;dix talents sous les projecteurs&#8221; (Fr\u00e9d\u00e9ric Strauss; vid\u00e9o) : http:\/\/www.telerama.fr\/cinema\/festival-de-berlin-2017-dix-talents-sous-les-projecteurs,153778.php#xtor\n\n-Isabelle &#8220;Houppert&#8221; \u00e0 la t\u00e9l\u00e9vision am\u00e9ricaine (J\u00e9r\u00e9mie Maire; vid\u00e9o) : http:\/\/television.telerama.fr\/television\/stephen-colbert-fait-les-yeux-doux-a-isabelle-houppert,153934.php#xtor\n\n-&#8220;Orpheline&#8221;, le nouveau film d&#8217;Arnaud des Palli\u00e8res (vid\u00e9o) : http:\/\/www.telerama.fr\/cinema\/regardez-la-bande-annonce-de-orpheline-le-nouveau-film-d-arnaud-des-pallieres,153933.php#xtor\n\n<strong>-Le r\u00e9alisateur Wong Kar-way nous en fait voir de toutes les couleurs (vid\u00e9o) <\/strong> : http:\/\/www.telerama.fr\/cinema\/wong-kar-wai-nous-en-fait-voir-de-toutes-les-couleurs,153927.php#xtor\n\n-&#8220;Pourquoi on aime le cin\u00e9ma d&#8217;animation&#8221; (Guillemette Odicino, interrog\u00e9e par Fabienne Pascaud; vid\u00e9o) : http:\/\/www.telerama.fr\/cinema\/dans-les-coulisses-de-telerama-pourquoi-on-aime-le-cinema-d-animation,153926.php#xtor\n\n-Au Festival du court de Clermont 2017, des p\u00e9pites du cin\u00e9ma sud-cor\u00e9en (Nicolas Didier) : http:\/\/www.telerama.fr\/cinema\/clermont-2017-un-festival-de-pepites-sud-coreennes,153924.php#xtor\n\n-Le grand prix est all\u00e9 \u00e0 &#8220;Ecole primaire Dekalb&#8221; de l&#8217;am\u00e9ricain Reed Van Dyk : http:\/\/culturebox.francetvinfo.fr\/cinema\/court-metrage\/festival-du-court-metrage-dekalb-elementary-couronne-a-clermont-ferrand-252467\n\n-Le documentaire de Andrea Arnold &#8220;American Honey&#8221; sous les feux de la critique (vid\u00e9o) : http:\/\/www.telerama.fr\/cinema\/american-honey-formidable-documentaire-romance-ou-clip-racoleur,153923.php#xtor\n\n-Laurent Delmas conseille d&#8217;aller voir celui de Claire Simon &#8220;Le Concours&#8221; (son) : https:\/\/www.franceinter.fr\/emissions\/la-prescription-cinema-de-laurent-delmas\/la-prescription-cinema-de-laurent-delmas-11-fevrier-2017\n\n<strong>-Dan Uzan, r\u00e9alisateur de &#8220;Nous nous marierons&#8221; et deux de ses com\u00e9diens, \u00e9taient les invit\u00e9s de Christine Masson et Laurent Delmas (son et vid\u00e9o) : <\/strong> https:\/\/www.franceinter.fr\/emissions\/on-aura-tout-vu\/on-aura-tout-vu-11-fevrier-2017\n\n-Jusqu&#8217;au 5 mars \u00e0 Moulins dans l&#8217;Allier, l&#8217;exposition consacr\u00e9e aux costumes de sc\u00e8ne de la musique pop et de la chanson (St\u00e9phane Malfettes, le commissaire de l&#8217;exposition; invit\u00e9 de David Abiker; son, amener le curseur sur 25:45) : http:\/\/www.europe1.fr\/emissions\/c-est-arrive-cette-semaine\/cest-arrive-cette-semaine-110217-2975171\n\n<strong>-&#8220;Al Jarreau, une grande voix du jazz s&#8217;\u00e9teint&#8221; (Annie Yanb\u00e9kian; vid\u00e9os et sons) : <\/strong> http:\/\/culturebox.francetvinfo.fr\/musique\/jazz-blues\/al-jarreau-une-grande-voix-s-eteint-252481\n\n<strong>-D&#8217;ann\u00e9e en ann\u00e9e, sept moments marquants des &#8220;Victoires de la musique&#8221; (vid\u00e9o) :<\/strong> http:\/\/www.liberation.fr\/video\/2017\/02\/09\/les-victoires-de-la-musique-en-sept-moments-marquants_1547432?xtor=EPR-450206&#038;utm_source\n\n-David Axelrod, un des premiers arrangeurs \u00e0 m\u00e9langer jazz et rock  (Erwan Perron; sons) :  http:\/\/www.telerama.fr\/musique\/david-axelrod-fut-l-un-des-premiers-arrangeurs-a-melanger-le-jazz-et-le-rock,153921.php#xtor\n\n<strong>-Le pianiste cubain Chucho Valdes \u00e0 la Maison de la Radio, le 19 mai 2016 (vid\u00e9os) : <\/strong> http:\/\/culturebox.francetvinfo.fr\/musique\/chanson-francaise\/live-a-fip\/live-a-fip-chucho-valdes-a-la-maison-de-la-radio-239309\n\n<strong>-Christophe \u00e9tait l&#8217;invit\u00e9 de &#8220;On n&#8217;est pas couch\u00e9&#8221; (vid\u00e9o) :<\/strong> http:\/\/www.france2.fr\/emissions\/on-n-est-pas-couche\/videos\/christophe_-_on_nest_pas_couche_11_fevrier_2017_onpc_12-02-2017_1483289?onglet=tous&#038;page=1\n\n<em>-Les Fran\u00e7ais et la musique (IFOP) :<\/em> http:\/\/www.ifop.com\/?option=com_publication&#038;type=poll&#038;id=3646\n\n-12 expositions de photos \u00e0 voir \u00e0 Paris en f\u00e9vrier (Fr\u00e9d\u00e9rique Chapuis) : http:\/\/www.telerama.fr\/sortir\/photo-les-12-expos-a-voir-a-paris-en-fevrier-2017,153915.php#xtor\n\n-La disparition du c\u00e9l\u00e8bre auteur de mangas Jir\u00f4 Taniguchi : http:\/\/culturebox.francetvinfo.fr\/livres\/bande-dessinee\/la-mort-de-jiro-taniguchi-celebre-auteur-de-mangas-252459\n\n<strong>-Charlotte Savalle, attach\u00e9e de presse, dans &#8220;Interclass'&#8221;, s\u00e9rie de France Inter con\u00e7ue pour faire de l&#8217;\u00e9ducation aux m\u00e9dias dans les coll\u00e8ges class\u00e9s en REP (propos recueillis par Emmanuelle Daviet; son) : <\/strong> https:\/\/www.franceinter.fr\/emissions\/interclass\/interclass-12-fevrier-2017\n\n-La r\u00e9daction surprise par les rumeurs de disparition du &#8220;Grand journal&#8221; de Canal + (J\u00e9r\u00e9mie Maire) : http:\/\/television.telerama.fr\/television\/le-grand-journal-debranche-plus-tot-que-prevu,153928.php#xtor\n\n-Orange toujours int\u00e9ress\u00e9 par le rachat de Canal + (Fabienne Schmitt, David Barroux et Nicolas Madelaine) : http:\/\/www.lesechos.fr\/tech-medias\/medias\/0211793515098-le-cadre-des-discussions-se-precise-entre-orange-et-canal-2064278.php\n\n-&#8220;Etait-il temps de dire adieu \u00e0 &#8220;Fais pas ci, fais pas \u00e7a&#8221; ? (le point de vue de critiques; vid\u00e9o) : http:\/\/www.telerama.fr\/series-tv\/tetes-de-series-19-etait-il-temps-de-dire-adieu-a-fais-pas-ci-fais-pas-ca,153929.php#xtor\n\n-&#8220;J&#8217;ai \u00e9t\u00e9 coup\u00e9 chez Michel Drucker, mais je ne parle pas de censure&#8221; (l&#8217;humoriste Haroun; entretien r\u00e9alis\u00e9 par Rossana Di Vincenzo; vid\u00e9os) : http:\/\/www.telerama.fr\/sortir\/haroun-coupe-chez-drucker-je-ne-parle-pas-de-censure-j-exprime-juste-une-frustration,153922.php#xtor\n\n-Yves Calvi pour remplacer Jean-Pierre Pernaut au &#8220;13 heure&#8221; de TF 1 ? (Olivier Milot) : http:\/\/television.telerama.fr\/television\/pernaut-remplace-par-calvi-au-13-heures-de-tf1-c-est-dans-l-air,153917.php#xtor\n\n-Des excuses apr\u00e8s la blague honteuse de Nicolas Canteloup sur Europe 1 (Aude Dassonville; vid\u00e9o) : http:\/\/www.telerama.fr\/radio\/sur-europe-1-des-excuses-apres-la-blague-honteuse-de-nicolas-canteloup,153931.php#xtor\n\n-&#8220;Regard sur les m\u00e9dias&#8221; (Alexandra Ackoun; son) : https:\/\/www.franceinter.fr\/emissions\/regard-sur-les-medias\/regard-sur-les-medias-11-fevrier-2017\n\n<strong>-&#8220;Pour la m\u00e9diatisation du sport f\u00e9minin&#8221; (Nathalie Ianneta, conseill\u00e8re \u00e0 la direction de l&#8217;UEFA; interrog\u00e9e par Bernard Poirette; son) <\/strong> : http:\/\/www.rtl.fr\/sport\/autres-sports\/sport-feminin-un-match-de-hand-joue-par-les-filles-c-est-trippant-7787195902\n\n-&#8220;Mariage foireux, t\u00e9l\u00e9 heureuse&#8221; (Bertrand Villegas; vid\u00e9os) : http:\/\/television.telerama.fr\/television\/mariage-foireux-tele-heureuse,153734.php#xtor=\n\n<strong>-Auteur de &#8220;Bienvenue \u00e0 Webland&#8221;, Christophe Al\u00e9v\u00eaque \u00e9tait l&#8217;invit\u00e9 de &#8220;On n&#8217;est pas couch\u00e9&#8221; (vid\u00e9o) :<\/strong> http:\/\/www.france2.fr\/emissions\/on-n-est-pas-couche\/videos\/christophe_aleveque_-_on_nest_pas_couche_11_fevrier_2017_onpc_12-02-2017_1483277?onglet=tous&#038;page=1\n\n<strong>-Fary a lu le livre de Michel Onfray (vid\u00e9o) <\/strong> : http:\/\/www.france2.fr\/emissions\/on-n-est-pas-couche\/videos\/le_sketch_de_fary_-_on_nest_pas_couche_11_fevrier_2017_onpc_12-02-2017_1483293?onglet=tous&#038;page=1\n\n<strong>-&#8220;Fran\u00e7ois Fillon r\u00e8gle violemment ses comptes&#8221; (vid\u00e9o) :  <\/strong> http:\/\/www.dailymotion.com\/video\/x5alxc5_francois-fillon-regle-violemment-ses-comptes-emission-d-antoine-du-04-02-canal_fun?utm_source\n\n<h2 class=\"wp-block-heading\">Documents joints<\/h2>\n\n\n\n<div class=\"wp-block-file\"><a href=\"https:\/\/wp.muchomaas.com\/wp-content\/uploads\/2017\/02\/melenchon-6-bfa.pdf\">melenchon-6.pdf<\/a><\/div>\n\n\n\n<div class=\"wp-block-file\"><a href=\"https:\/\/wp.muchomaas.com\/wp-content\/uploads\/2017\/02\/de_l_inegalite_en_chine-353.pdf\">de_l_inegalite_en_chine.pdf<\/a><\/div>\n\n\n","protected":false},"excerpt":{"rendered":"<p>ACTUALITE -Trois agriculteurs, &#8220;pour l&#8217;amour de la terre&#8221; (un reportage de Karima Hamzaoui; vid\u00e9o) : http:\/\/www.lci.fr\/replay\/grands-reportages-du-11-fevrier-2017-pour-l-amour-de-la-terre-2025631.html%3Ftype=content -A Morez en Franche-Comt\u00e9, &#8220;Logo&#8221;, la manufactures de lunettes du Jura, a \u00e9t\u00e9 mise en liquidation judiciaire (&#8220;13H15&#8221; le samedi; vid\u00e9o) : http:\/\/www.francetvinfo.fr\/replay-magazine\/france-2\/13h15\/13h15-du-samedi-11-fevrier-2017_2049345.html -&#8220;De Paris \u00e0 Fukushima, le secret d&#8217;une catastrophe&#8221; (pr\u00e9sent\u00e9 par David Pujadas; vid\u00e9o) :http:\/\/www.france2.fr\/emission\/cellule-de-crise\/diffusion-du-12-02-2017-22h40 -&#8220;C&#8217;est le [&hellip;]<\/p>\n","protected":false},"author":1042,"featured_media":0,"comment_status":"open","ping_status":"open","sticky":false,"template":"","format":"standard","meta":{"_themeisle_gutenberg_block_has_review":false,"footnotes":""},"categories":[151],"tags":[],"class_list":["post-10185","post","type-post","status-publish","format-standard","hentry","category-la-revue-de-presse-de-lulu"],"_links":{"self":[{"href":"https:\/\/archives.regards.fr\/index.php?rest_route=\/wp\/v2\/posts\/10185","targetHints":{"allow":["GET"]}}],"collection":[{"href":"https:\/\/archives.regards.fr\/index.php?rest_route=\/wp\/v2\/posts"}],"about":[{"href":"https:\/\/archives.regards.fr\/index.php?rest_route=\/wp\/v2\/types\/post"}],"author":[{"embeddable":true,"href":"https:\/\/archives.regards.fr\/index.php?rest_route=\/wp\/v2\/users\/1042"}],"replies":[{"embeddable":true,"href":"https:\/\/archives.regards.fr\/index.php?rest_route=%2Fwp%2Fv2%2Fcomments&post=10185"}],"version-history":[{"count":0,"href":"https:\/\/archives.regards.fr\/index.php?rest_route=\/wp\/v2\/posts\/10185\/revisions"}],"wp:attachment":[{"href":"https:\/\/archives.regards.fr\/index.php?rest_route=%2Fwp%2Fv2%2Fmedia&parent=10185"}],"wp:term":[{"taxonomy":"category","embeddable":true,"href":"https:\/\/archives.regards.fr\/index.php?rest_route=%2Fwp%2Fv2%2Fcategories&post=10185"},{"taxonomy":"post_tag","embeddable":true,"href":"https:\/\/archives.regards.fr\/index.php?rest_route=%2Fwp%2Fv2%2Ftags&post=10185"}],"curies":[{"name":"wp","href":"https:\/\/api.w.org\/{rel}","templated":true}]}}