{"id":10180,"date":"2017-02-11T06:46:10","date_gmt":"2017-02-11T05:46:10","guid":{"rendered":"https:\/\/wp.muchomaas.com\/article-la-revue-du-11-fevrier-2017\/"},"modified":"2017-02-11T06:46:10","modified_gmt":"2017-02-11T05:46:10","slug":"article-la-revue-du-11-fevrier-2017","status":"publish","type":"post","link":"https:\/\/archives.regards.fr\/?p=10180","title":{"rendered":"La Revue du 11 f\u00e9vrier 2017"},"content":{"rendered":"<p><strong>ACTUALITE<\/strong><\/p>\n<p><strong>-La forte progression des faillites d&#8217;exploitations agricoles en Bretagne (son) : <\/strong> http:\/\/www.sudradio.fr\/Podcasts\/Les-reportages-de-la-matinee\/Faillite-des-agriculteurs<\/p>\n<p>-Diesel, PSA \u00e0 son tour dans la tourmente ? (vid\u00e9o) : http:\/\/www.francetvinfo.fr\/economie\/automobile\/diesel\/diesel-psa-dans-la-tourmente_2056311.html<\/p>\n<p>-&#8220;Des r\u00e9sultats record pour Renault mais une \u00e9p\u00e9e de Damocl\u00e8s judiciaire&#8221; (Franck Bouaziz) : http:\/\/www.liberation.fr\/futurs\/2017\/02\/10\/renault-des-resultats-records-mais-une-epee-de-damocles-judiciaire_1547680<\/p>\n<p><strong>-&#8220;L&#8217;ob\u00e9sit\u00e9 touche quatre fois plus les enfants d&#8217;ouvriers que ceux des cadres&#8221; (Anne-A\u00ebl Durand) :<\/strong> http:\/\/www.lemonde.fr\/les-decodeurs\/article\/2017\/02\/09\/l-obesite-touche-quatre-fois-plus-les-enfants-d-ouvriers-que-ceux-de-cadres_5077373_4355770.html<\/p>\n<p>-Gr\u00e8ve aujourd&#8217;hui dans la cha\u00eene de v\u00eatements &#8220;Primark&#8221;, qui apr\u00e8s avoir propos\u00e9 une augmentation brut de un centime \u00e0 ses salari\u00e9s en propose quatre aujourd&#8217;hui comme ultime concession ! (vid\u00e9o) : http:\/\/www.dailymotion.com\/video\/x57vc0e_primark-augmente-ses-salaries-d-un-centime-d-euro-de-l-heure_news<\/p>\n<p>-&#8220;Les consommatrices pr\u00e9f\u00e8rent aujourd&#8217;hui acheter les produits de beaut\u00e9 dans des magasins de centre-ville, plut\u00f4t que dans les grandes surfaces&#8221; (Jean-Paul Agon, PDG de l&#8217;Or\u00e9al&#8221;; son du 10 f\u00e9vrier) : https:\/\/www.radioclassique.fr\/radio\/emissions\/matinale-de-radio-classique\/l-invite-de-l-economie\/<\/p>\n<p>-Yannick All\u00e9no, deux fois triplement \u00e9toil\u00e9 au guide Michelin (interrog\u00e9 par Renaud Blanc; son du 10 f\u00e9vrier) : https:\/\/www.radioclassique.fr\/radio\/emissions\/matinale-de-radio-classique\/l-invite-du-matin\/<\/p>\n<p>-Le Carnaval de Nice commence aujourd&#8217;hui, sans passer par la Promenade des Anglais. &#8220;Pour la s\u00e9curit\u00e9, nous nous sommes inspir\u00e9s des Isra\u00e9liens&#8221; (Rudy Salles, adjoint au maire; son) :  http:\/\/www.sudradio.fr\/Podcasts\/L-invite-pour-comprendre\/Rudy-Salles-adjoint-au-maire-de-Nice<\/p>\n<p>-Sous haute s\u00e9curit\u00e9, en \u00e9tat d&#8217;urgence (vid\u00e9o) : http:\/\/www.francetvinfo.fr\/economie\/emploi\/metiers\/art-culture-edition\/nice-un-carnaval-sous-tres-haute-securite_2056281.html<\/p>\n<p><strong>-Les invendus des grandes surfaces donn\u00e9s aux associations (Baptiste Gaborit; son du 10 f\u00e9vrier) <\/strong> : https:\/\/www.radioclassique.fr\/radio\/emissions\/matinale-de-radio-classique\/3-minutes-planete\/<\/p>\n<p><strong>-&#8220;Les migrants reviennent \u00e0 Calais, en majorit\u00e9 des mineurs. La municipalit\u00e9 ne veut pas reconna\u00eetre qu&#8217;ils existent et a bloqu\u00e9 l&#8217;acc\u00e8s&#8221;  (Didier Degremont du Secours Catholique; son) :<\/strong> http:\/\/www.sudradio.fr\/Podcasts\/L-invite-pour-comprendre\/Didier-Degremont-president-du-Secours-Catholique-Pas-de-Calais<\/p>\n<p>-Les questions soulev\u00e9es par la justice sur la solidarit\u00e9 avec les r\u00e9fugi\u00e9s (Serge Slama, ma\u00eetre de conf\u00e9rence en droit public, interrog\u00e9 par Guillaume Erner; son) : https:\/\/www.franceculture.fr\/droit-justice\/solidarite-avec-les-refugies-les-questions-soulevees-par-la-justice#xtor<\/p>\n<p>-&#8220;Je pense que je vais \u00eatre relax\u00e9&#8221; (C\u00e9dric Herrou, agriculteur \u00e0 Breil-sur-Roya, interrog\u00e9 par Thomas Sotto; son) : http:\/\/www.dailymotion.com\/video\/x5b8hh9_cedric-herrou-je-pense-que-je-vais-etre-relaxe_news<\/p>\n<p><strong>-A la sortie du tribunal (vid\u00e9o) : <\/strong> http:\/\/www.francetvinfo.fr\/monde\/europe\/migrants\/migrants-cedric-herrou-condamne-en-tant-que-passeur-de-la-frontiere-franco-italienne_2056315.html<\/p>\n<p><strong>-Condamn\u00e9 \u00e0 3 000 euros d&#8217;amende avec sursis, &#8220;il va continuer le combat&#8221; (son et vid\u00e9o) : <\/strong> http:\/\/www.rtl.fr\/actu\/societe-faits-divers\/aide-aux-migrants-cedric-herrou-va-continuer-le-combat-7787182879                                                                 http:\/\/www.francetvinfo.fr\/monde\/europe\/migrants\/migrants-cedric-herrou-condamne-en-tant-que-passeur-de-la-frontiere-franco-italienne_2056315.html<\/p>\n<p>-Les assistants parlementaires en qu\u00eate d&#8217;un statut&#8221; (Astrid de Villaines; vid\u00e9o) : http:\/\/www.lcp.fr\/la-politique-en-video\/assistants-parlementaires-en-quete-dun-statut<\/p>\n<p><strong>-&#8220;Immunit\u00e9 polici\u00e8re, le combustible de la r\u00e9volte&#8221; (Pierre-Antoine, docteur en droit public) <\/strong> : https:\/\/blogs.mediapart.fr\/pierre-antoine\/blog\/090217\/immunite-policiere-le-combustible-de-la-revolte<\/p>\n<p>-&#8220;Th\u00e9o fait bonne figure mais on ignore ce qu&#8217;il ressent&#8221; (sa soeur et son fr\u00e8re, cit\u00e9s par Isma\u00ebl Halissat) : http:\/\/www.liberation.fr\/france\/2017\/02\/09\/aulnay-theo-fait-bonne-figure-mais-on-ignore-ce-qu-il-ressent_1547531<\/p>\n<p><strong>-&#8220;Un acte de torture&#8221; (Jean-Luc M\u00e9lenchon; vid\u00e9o) : <\/strong> http:\/\/www.dailymotion.com\/video\/x5b8zg1_theo-viole-jean-luc-melenchon-pousse-un-coup-de-gueule-contre-les-policiers-video_tv<\/p>\n<p>-&#8220;Bamboula&#8221;, un terme qui n&#8217;appartient pas au langage des repr\u00e9sentants de l&#8217;Etat&#8221; (le ministre de l&#8217;Int\u00e9rieur Bruno Le Roux; vid\u00e9o) : http:\/\/www.lcp.fr\/la-politique-en-video\/bruno-le-roux-bamboula-un-terme-qui-nappartient-pas-au-langage-des<\/p>\n<p>-Les r\u00e9percussions politiques (Christophe Barbier; vid\u00e9o) :  http:\/\/www.bfmtv.com\/mediaplayer\/video\/l-edito-de-christophe-barbier-quelles-repercussions-politiques-pour-l-affaire-theo-912853.html<\/p>\n<p>-Pour les interventions de la police, des cam\u00e9ras bient\u00f4t obligatoires ? (vid\u00e9o) : http:\/\/www.francetvinfo.fr\/faits-divers\/police\/police-les-cameras-de-surveillance-bientot-obligatoire_2056113.html<\/p>\n<p><strong>-&#8220;Elle sont plus efficaces qu&#8217;un r\u00e9c\u00e9piss\u00e9. C&#8217;est \u00e0 la justice de faire sont travail&#8221; (Bruno Le Roux, ministre de l&#8217;Int\u00e9rieur, interrog\u00e9 par Fabien Namias; vid\u00e9o) :  <\/strong> http:\/\/www.europe1.fr\/emissions\/linterview-politique-de-8h20\/bruno-le-roux-les-cameras-pietons-sont-plus-efficaces-quun-recepisse-2974355<\/p>\n<p>-&#8220;Le d\u00e9rapage est toujours possible. Les policiers sont insult\u00e9s tous les jours. Le trafic de drogue se d\u00e9veloppe. Les jeunes policiers n&#8217;ont pas d&#8217;encadrement&#8221; (Fran\u00e7ois Pupponi, d\u00e9put\u00e9-maire PS de Sarcelles dans le Val-d&#8217;Oise; interrog\u00e9 par Elizabeth Matichoux; vid\u00e9o) :  http:\/\/www.rtl.fr\/actu\/politique\/aulnay-sous-bois-pourquoi-la-police-est-elle-en-difficulte-en-banlieue-7787175769<\/p>\n<p><strong>-Au &#8220;T\u00e9l\u00e9phone sonne&#8221; de France Inter, &#8220;comment r\u00e9concilier les forces de l&#8217;ordre avec les citoyens en g\u00e9n\u00e9ral, avec les habitants des cit\u00e9s en particulier&#8221; (Autour de Claire Servajean, Denis Jacob, du syndicat &#8220;Alternative police&#8221;; Slim Ben Achour, avocat \u00e0 la Cour d&#8217;appel de Paris; Sandra Pizzo, membre du collectif &#8220;Citoyens et policiers&#8221; et le footballeur Lilian Thuram ; son) <\/strong> : https:\/\/www.franceinter.fr\/emissions\/le-telephone-sonne\/le-telephone-sonne-10-fevrier-2017<\/p>\n<p>-Ce dernier avait rencontr\u00e9 Claire Servajean (son) : https:\/\/www.franceinter.fr\/emissions\/une-semaine-en-france\/une-semaine-en-france-10-fevrier-2017<\/p>\n<p><strong>-La question du nucl\u00e9aire en Polyn\u00e9sie n&#8217;est plus &#8220;n\u00e9gligeable&#8221; (Julien Sartre; pi\u00e8ce jointe);<\/strong><\/p>\n<p>-Le patron de la DGSI d\u00e9ment avoir parl\u00e9 &#8220;d&#8217;un pays au bord de la guerre civile&#8221; (vid\u00e9o) : http:\/\/www.lcp.fr\/la-politique-en-video\/le-patron-de-la-dgsi-dement-avoir-parle-dun-pays-au-bord-de-la-guerre-civile<\/p>\n<p><strong>-&#8220;Je n&#8217;\u00e9tais pas un pr\u00eatre p\u00e9dophile, j&#8217;\u00e9tais un p\u00e9dophile qui a \u00e9t\u00e9 ordonn\u00e9 pr\u00eatre&#8221; (vid\u00e9o) <\/strong> : http:\/\/www.francetvinfo.fr\/societe\/religion\/pedophilie-de-l-eglise\/temoignage-france-3-je-n-etais-pas-un-pretre-pedophile-j-etais-un-pedophile-qui-a-ete-ordonne-pretre_2056131.html<\/p>\n<p><strong>POLITIQUE<\/strong><\/p>\n<p>-&#8220;Ce qui me frappe, c&#8217;est de voir comment M. Fillon est d\u00e9cal\u00e9 par rapport au quotidien des Fran\u00e7ais. Il repr\u00e9sente une forme d&#8217;arrogance de caste&#8221; (Alexis Corbi\u00e8re, porte-parole de Jean-Luc M\u00e9lenchon; vid\u00e9o) : http:\/\/www.lci.fr\/elections\/affaire-fillon-sur-lci-le-porte-parole-de-jean-luc-melenchon-denonce-l-arrogance-de-caste-du-candidat-2025470.html<\/p>\n<p><strong>-&#8220;La vertu devrait \u00eatre le fondement de tout gouvernement r\u00e9publicain, c&#8217;est Montesquieu qui disait cela. Quand il s&#8217;agit de 500 euros, M. Fillon parle d&#8217;assistanat, pour 5 000 euros, il parle d&#8217;assistante parlementaire. Aucun coup de fil de Beno\u00eet Hamon. Il s&#8217;est tromp\u00e9 sur les raisons de sa victoire. O\u00f9 est le programme de Beno\u00eet Hamon ? Hier, on disait que l&#8217;union \u00e9tait un combat, on peut craindre qu&#8217;aujourd&#8217;hui elle soit une combine&#8221;  (il \u00e9tait l&#8217;invit\u00e9 de la matinale de LCI, interrog\u00e9 par Fran\u00e7ois-Xavier M\u00e9nage; vid\u00e9o) <\/strong> : http:\/\/www.lci.fr\/replay\/replay-l-invite-politique-de-8h15-du-10-fevrier-2017-alexis-corbiere-porte-parole-de-jean-luc-melenchon-2025473.html<\/p>\n<p>-&#8220;Comment rester au centre de l&#8217;attention sans la d\u00e9tourner&#8221; (G\u00e9raldine Mosna-Savoye) : https:\/\/www.franceculture.fr\/emissions\/petit-precis-de-philosophie-lusage-des-candidats\/jean-luc-melenchon-face-simone-weil-lart<\/p>\n<p>-A Ivry-sur-Seine (94), &#8220;la banlieue rouge d\u00e9\u00e7ue par Hollande, derri\u00e8re M\u00e9lenchon et tent\u00e9e par Le Pen&#8221; : http:\/\/www.francesoir.fr\/politique-france\/-la-banlieue-rouge-decue-par-francois-hollande-derriere-jean-luc-melenchon-et-tentee-par-marine-le-pen-pr%C3%A9sidentielle-vote<\/p>\n<p><strong>-&#8220;La France premi\u00e8re victime de la mondialisation ?&#8221; (le d\u00e9mographe et historien Emmanuel Todd; son) <\/strong> : https:\/\/www.franceculture.fr\/emissions\/la-grande-table-2eme-partie\/la-france-premiere-victime-de-la-mondialisation#xtor<\/p>\n<p>-&#8220;La candidature critiqu\u00e9e d&#8217;Eric Coquerel (du Parti de gauche)&#8221;, dans la premi\u00e8re circonscription de  Seine-Saint-Denis, celle de Bruno Le Roux, l&#8217;actuel ministre de l&#8217;Int\u00e9rieur PS (S\u00e9bastien Banse) :  http:\/\/www.lejsd.com\/content\/la-candidature-critiqu%C3%A9e-d%E2%80%99eric-coquerel<\/p>\n<p>-&#8220;Sur le terrain, Beno\u00eet Hamon peine \u00e0 convaincre&#8221; (vid\u00e9o) : http:\/\/rmc.bfmtv.com\/mediaplayer\/video\/presidentielle-2017-sur-le-terrain-benoit-hamon-peine-a-convaincre-912855.html<\/p>\n<p>-&#8220;Abrogera-t-il vraiment la loi Travail ?&#8221; (Maxence Kagni; vid\u00e9o) : http:\/\/www.lcp.fr\/actualites\/benoit-hamon-va-t-il-vraiment-abroger-la-loi-travail<\/p>\n<p>-Fran\u00e7ois Fillon, &#8220;il a souhait\u00e9 que les choses aillent vite et ses avocats veulent maintenant qu&#8217;on renvoie tout. Mme Le Pen, \u00e7a pourrait co\u00fbter tr\u00e8s cher \u00e0 la France et aux Fran\u00e7ais. Fran\u00e7ois Mitterrand avait d\u00e9clar\u00e9 : &#8220;le nationalisme, c&#8217;est la guerre&#8221;. On n&#8217;a pas de propositions sur l&#8217;emploi&#8221; (St\u00e9phane Le Foll, qui se d\u00e9terminera le moment venu, interrog\u00e9 par Guillaume Daret; vid\u00e9o) : http:\/\/www.france2.fr\/emissions\/telematin\/actu\/les-4-verites-stephane-le-foll_552447<\/p>\n<p>-&#8220;Tout me choque dans cette affaire, quand on s&#8217;excuse, c&#8217;est qu&#8217;il y a une faute. Dans cette \u00e9lection, je ne pr\u00e9juge de rien. Ce n&#8217;est pas la pr\u00e9sidentielle qui rythme les \u00e9v\u00e9nements, ce sont les \u00e9v\u00e9nements qui rythme la pr\u00e9sidentielle. Les avocats cherchent \u00e0 gagner du temps&#8221; (Jean-Christophe Cambad\u00e9lis, invit\u00e9 de &#8220;Questions d&#8217;Infos&#8221;; vid\u00e9o) :   http:\/\/www.lcp.fr\/emissions\/questions-dinfo\/279538-questions-dinfo<\/p>\n<p>-Les n\u00e9gociations avec Hamon et M\u00e9lenchon seront soumises au vote des sympathisants d&#8217;EELV : http:\/\/www.lemonde.fr\/election-presidentielle-2017\/article\/2017\/02\/10\/eelv-les-negociations-avec-hamon-et-melenchon-soumises-au-vote-des-sympathisants_5077884_4854003.html<\/p>\n<p>-Ecologie, &#8220;comparer les programmes de Hamon, Jadot et M\u00e9lenchon&#8221; : http:\/\/www.la-croix.com\/France\/Politique\/Ecologie-comparez-les-programmes-de-Hamon-Jadot-et-Melenchon-2017-02-09-1200823667?utm_source<\/p>\n<p>-Celui d&#8217;Emmanuel Macron (Corinne Laurent) : http:\/\/www.la-croix.com\/France\/Politique\/Lecologie-selon-Emmanuel-Macron-2017-02-09-1200823663?utm_source<\/p>\n<p><strong>-Pourquoi il faut parler du nucl\u00e9aire dans la campagne pr\u00e9sidentielle (Fr\u00e9d\u00e9ric M\u00e9t\u00e9zeau; son) <\/strong> : https:\/\/www.franceinter.fr\/emissions\/l-edito-politique\/l-edito-politique-10-fevrier-2017<\/p>\n<p>-&#8220;J&#8217;ai trouv\u00e9 Marine Le Pen dangereusement efficace. Aujourd&#8217;hui, elle est au second tour. Il y a les sondages depuis deux ans et aussi la col\u00e8re des gens. Emmanuel Macron  pr\u00e9sentera fin f\u00e9vrier\/d\u00e9but mars un contrat avec la nation&#8221; (Benjamin Griveaux, porte-parole de &#8220;En Marche&#8221;; interrog\u00e9 par Renaud Blanc; vid\u00e9o) : https:\/\/www.dailymotion.com\/video\/x5b8xpw_emmanuel-macron-presentera-fin-fevrier-debut-mars-un-contrat-avec-la-nation-griveaux-benjamin-10-02_news<\/p>\n<p>-&#8220;Emmanuel Macron doit dire quel pr\u00e9sident il veut \u00eatre&#8221; (Alba Ventura; son) : http:\/\/www.rtl.fr\/actu\/politique\/presidentielle-2017-emmanuel-macron-alba-ventura-7787175590<\/p>\n<p>-&#8220;On voudrait que je sois un saint, je suis un homme&#8221; (Fran\u00e7ois Fillon \u00e0 Poitiers; cit\u00e9 par Laure Equy) : http:\/\/www.liberation.fr\/elections-presidentielle-legislatives-2017\/2017\/02\/10\/fillon-a-poitiers-on-voudrait-que-je-sois-un-saint-je-suis-un-homme_1547554?xtor<\/p>\n<p>-&#8220;Une op\u00e9ration reconqu\u00eate en forme de chemin de croix&#8221; (vid\u00e9o) : http:\/\/www.lci.fr\/elections\/video-francois-fillon-chahute-a-chaque-deplacement-une-operation-reconquete-en-forme-de-chemin-de-croix-2025409.html<\/p>\n<p>-&#8220;Il y aura un nouveau projet sur la s\u00e9curit\u00e9 sociale. Vous allez voir, beaucoup de choses vont changer. Fran\u00e7ois Fillon devrait prendre l&#8217;engagement devant les Fran\u00e7ais de ne pas faire jouer l&#8217;immunit\u00e9 pr\u00e9sidentielle sur cette affaire s&#8217;il est \u00e9lu&#8221; (Jean-Christophe Lagarde, d\u00e9put\u00e9 de Seine-Saint-Denis, pr\u00e9sident de l&#8217;UDI, qui r\u00e9affirme &#8220;son soutien \u00e0 Fran\u00e7ois Fillon&#8221;; invit\u00e9 de la matinale de Franceinfo; vid\u00e9o) : http:\/\/www.dailymotion.com\/video\/x5b91ow_pour-jean-christophe-lagarde-francois-fillon-devrait-promettre-de-ne-pas-faire-jouer-l-immunite-pres_news<\/p>\n<p>-&#8220;Se passer de Fillon, c&#8217;est offrir plus de voix au FN&#8221; (Herv\u00e9 Mariton, d\u00e9put\u00e9 LR de la Dr\u00f4me, interrog\u00e9 par Jean-Jacques Bourdin; vid\u00e9o) : http:\/\/www.bfmtv.com\/mediaplayer\/video\/herve-mariton-face-a-jean-jacques-bourdin-en-direct-912875.html<\/p>\n<p><strong>-&#8220;\u00c7a me g\u00e8ne que Fillon veuille confier le r\u00e9gime maladie \u00e0 l&#8217;assurance priv\u00e9e, dont Axa est un fleuron en France&#8221; (Mourrad Boudjellal; vid\u00e9o) : <\/strong> http:\/\/rmc.bfmtv.com\/mediaplayer\/video\/ca-me-gene-que-fillon-veuille-confier-le-regime-maladie-a-l-assurance-privee-dont-axa-est-un-fleuron-en-france-912947.html<\/p>\n<p><em>-70% des Fran\u00e7ais veulent qu&#8217;il renonce (ODOXA)<\/em> : http:\/\/www.odoxa.fr\/sondage\/f-fillon-na-convaincu-desormais-7-francais-10-veulent-quil-renonce\/<\/p>\n<p>-&#8220;Il y a urgence, le pays va se r\u00e9volter&#8221; (Alexandre Jardin, candidat de &#8220;l&#8217;appel des mouvements citoyens&#8221; \u00e0 l&#8217;\u00e9lection pr\u00e9sidentielle; interrog\u00e9 par Arnaud Pontus; vid\u00e9o) : http:\/\/www.rfi.fr\/video\/20170210-alexandre-jardin-il-y-une-urgence-le-pays-va-revolter<\/p>\n<p>-&#8220;Pay\u00e9e 23 euros brut \u00e0 &#8220;la Revue des deux mondes&#8221; (l&#8217;\u00e9crivaine Rosie Pinhas-Delpuech) : http:\/\/www.liberation.fr\/debats\/2017\/02\/09\/payee-23-euros-brut-a-la-revue-des-deux-mondes_1547440<\/p>\n<p>-&#8220;Dans cette affaire, ce qui me g\u00e8ne le plus, c&#8217;est ce qu&#8217;on a appris sur Axa parce qu&#8217;il y a des implications politiques de fond. Il doit s&#8217;en aller si nous voulons une \u00e9lection pr\u00e9sidentielle qui parle du fond&#8221; (Florian Philippot, vice-pr\u00e9sident du FN; invit\u00e9 de &#8220;Territoires d&#8217;Infos&#8221;; vid\u00e9o, amener le curseur sur 32:57) : http:\/\/www.dailymotion.com\/video\/x5b8jru_florian-philippot-territoires-d-infos-10-02-2017_news<\/p>\n<p><strong>-&#8220;Banlieues, les territoires oubli\u00e9s par la campagne ?&#8221; (la sociologue Marie-H\u00e9l\u00e8ne Bacqu\u00e9; la g\u00e9ographe Marie-Fleur Albecker et Catherine Arenou, maire centriste de Chanteloup-les-Vignes dans les Yvelines; invit\u00e9es de Guillaume Erner; sons et vid\u00e9o) <\/strong> :                                                                                                                                                                                                    https:\/\/www.franceculture.fr\/emissions\/linvite-des-matins\/banlieues-les-territoires-oublies-de-la-campagne                                                                                                                         https:\/\/www.franceculture.fr\/emissions\/linvite-des-matins-2eme-partie\/banlieues-les-territoires-oublies-de-la-campagne-2eme#xtor<\/p>\n<p>-&#8220;Le parquet national financier confort\u00e9 par les d\u00e9put\u00e9s&#8221; (Sandrine Mazetier, d\u00e9put\u00e9e PS de Paris, co-rapporteure; vid\u00e9o) : http:\/\/www.lcp.fr\/la-politique-en-video\/au-coeur-de-laffaire-fillon-le-parquet-national-financier-conforte-par-les<\/p>\n<p>-&#8220;On est dans une campagne apocalyptique. Il y a le feu dans la baraque Fillon. Il aura toujours \u00e9t\u00e9 \u00e0 contretemps. 52% des \u00e9lecteurs de droite sont pour qu&#8217;il se retire. Il essaye de pr\u00e9parer une \u00e9ventuelle mise en examen&#8221; (Maurice Szafran et Bruno Jeudi; vid\u00e9o) : https:\/\/www.dailymotion.com\/video\/x5b8xpw_emmanuel-macron-presentera-fin-fevrier-debut-mars-un-contrat-avec-la-nation-griveaux-benjamin-10-02_news<\/p>\n<p>-&#8220;Faut-il en finir avec la fonction de pr\u00e9sident de la R\u00e9publique ?&#8221; (Yves Thr\u00e9ard du &#8220;Figaro&#8221;; vid\u00e9o) : http:\/\/www.dailymotion.com\/video\/x5b88we_faut-il-en-finir-avec-le-president-de-la-republique_news<\/p>\n<p>-&#8220;Je suis d\u00e9sar\u00e7onn\u00e9e par le pape Fran\u00e7ois&#8221; (Marion Mar\u00e9chal-Le Pen, d\u00e9put\u00e9e FN du Vaucluse, invit\u00e9e de &#8220;Face aux chr\u00e9tiens&#8221;; vid\u00e9o) :  https:\/\/www.youtube.com\/watch?v=i1pJ-DbSS7Q<\/p>\n<p><em>-Apr\u00e8s &#8220;L&#8217;\u00e9mission politique&#8221; de France 2 consacr\u00e9e \u00e0 Marine Le Pen (HARRIS) :<\/em> http:\/\/harris-interactive.fr\/wp-content\/uploads\/sites\/6\/2017\/02\/Rapport-Harris-Emission-Politique-du-0902-avec-Marine-LE-PEN-France-T\u00e9l\u00e9visions.pd<\/p>\n<p><em>-Le barom\u00e8tre politique (ELABE) :<\/em> http:\/\/elabe.fr\/barometre-politique-fevrier-2017\/<\/p>\n<p><em>-Les intentions de vote \u00e0 l&#8217;\u00e9lection pr\u00e9sidentielle au 10 f\u00e9vrier (IFOP) : <\/em><br \/>\nhttp:\/\/www.parismatch.com\/Actu\/Politique\/Sondage-presidentielle-Le-Pen-et-Melenchon-vainqueurs-de-la-semaine-1186139<\/p>\n<p><strong>EUROPE-MONDE<\/strong><\/p>\n<p><strong>-Marie-Christine Vergiat, eurod\u00e9put\u00e9e du Front de gauche, participait \u00e0 l&#8217;\u00e9mission &#8220;Europe Hebdo&#8221; sur la cha\u00eene LCP (vid\u00e9o) <\/strong> : http:\/\/www.lcp.fr\/emissions\/europe-hebdo\/280124-europe-hebdo<\/p>\n<p>-La f\u00e9brilit\u00e9 s&#8217;empare d&#8217;Angela Merkel (Hughes Beaudoin; son du 9 f\u00e9vrier) : https:\/\/www.radioclassique.fr\/radio\/emissions\/le-19h20h\/24h-en-europe\/<\/p>\n<p>-&#8220;En Belgique, une ex-ministre frappe sous la ceinture&#8221; (Jean-Pierre Stroobants) : http:\/\/www.lemonde.fr\/m-moyen-format\/article\/2017\/02\/10\/en-belgique-une-ex-ministre-frappe-sous-la-ceinture_5077828_4497271.html<\/p>\n<p><strong>-Le difficile acc\u00e8s des Italiennes \u00e0 l&#8217;IVG (un reportage de Fran\u00e7ois Goulin; vid\u00e9o) : <\/strong> http:\/\/www.lcp.fr\/la-politique-en-video\/le-difficile-acces-des-italiennes-livg<\/p>\n<p>-&#8220;C&#8217;est tr\u00e8s positif ce qui se passe en Roumanie&#8221; (l&#8217;\u00e9crivain et philosophe Gaspard Koenig; interrog\u00e9 par Amandine B\u00e9gaud; vid\u00e9o) : http:\/\/www.lci.fr\/replay\/replay-l-invite-de-8h45-de-lci-matin-du-10-fevrier-2017-gaspard-koenig-ecrivain-et-philosophe-2025476.html<\/p>\n<p>-Alep, &#8220;quand je regarde \u00e7a, je ressens beaucoup de souffrance&#8221; (vid\u00e9o) : http:\/\/rmc.bfmtv.com\/mediaplayer\/video\/alep-quand-je-regarde-ca-je-ressens-beaucoup-de-souffrance-912867.html<\/p>\n<p>-&#8220;Les bourreaux de M. Assad&#8221; (Bernard Guetta; son) : https:\/\/www.franceinter.fr\/emissions\/geopolitique\/geopolitique-10-fevrier-2017<\/p>\n<p><strong>-&#8220;Chigago, vivre avec les gangs&#8221; (un documentaire de Marc Garmirian; vid\u00e9o) : <\/strong> http:\/\/www.lcp.fr\/emissions\/276273-chicago-vivre-avec-les-gangs<\/p>\n<p>-Aux obs\u00e8ques de l&#8217;\u00e9pouse de Lula (Claire Gatinois) : http:\/\/www.lemonde.fr\/m-actu\/article\/2017\/02\/10\/les-medecins-de-l-epouse-de-lula-deversaient-leur-haine-sur-whatsapp_5077838_4497186.html<\/p>\n<p><em>-La lettre ouverte de Pierre Laurent au nouveau secr\u00e9taire g\u00e9n\u00e9ral des Nations-Unies Antonio Gutterez (document) :<\/em> http:\/\/www.pcf.fr\/96454<\/p>\n<p><strong>CULTURE-MEDIAS<\/strong><\/p>\n<p><strong>-&#8220;Si Google anticipe pour moi, cela ne veut pas dire qu&#8217;il choisit pour moi&#8221; (le philosophe allemand Markus Gabriel, invit\u00e9 d&#8217;Ali Baddou; vid\u00e9o) : <\/strong> https:\/\/www.franceinter.fr\/emissions\/l-invite-d-ali-baddou\/l-invite-d-ali-baddou-10-fevrier-2017<\/p>\n<p>-Hommage \u00e0 Tzvetan Todorov (Pascal Boniface) : https:\/\/blogs.mediapart.fr\/pascalboniface\/blog\/090217\/hommage-tzvetan-todorov<\/p>\n<p><strong>-Chez Jean Lebrun, il parle de Germaine Tillion (son) : <\/strong> https:\/\/www.franceinter.fr\/emissions\/la-marche-de-l-histoire\/la-marche-de-l-histoire-10-fevrier-2017<\/p>\n<p>-&#8220;Il y a 50 ans, Lucien Neuwirth bataillait pour la r\u00e9gulation des naissances&#8221; (vid\u00e9o) : http:\/\/www.liberation.fr\/video\/2017\/02\/09\/il-y-a-50-ans-lucien-neuwirth-bataillait-pour-la-regulation-des-naissances_1547402?xtor<\/p>\n<p><strong>-Le compositeur Guillaume Connesson \u00e9tait l&#8217;invit\u00e9 de &#8220;Passion classique&#8221; d&#8217;Olivier Bellamy (son du 9 f\u00e9vrier)<\/strong> : https:\/\/www.radioclassique.fr\/radio\/emissions\/passion-classique\/<\/p>\n<p>-Au Th\u00e9\u00e2tre national de Strasbourg, &#8220;Eric Von Stroheim&#8221;, mis en sc\u00e8ne par Stanislas Nordey, &#8220;la relation ambig\u00fce d&#8217;un couple \u00e0 g\u00e9om\u00e9trie variable&#8221; (Anne Diatkine) : http:\/\/next.liberation.fr\/theatre\/2017\/02\/09\/triangle-de-passion-froide_1547448?xtor<\/p>\n<p><strong>-&#8220;La volont\u00e9 de faire entendre des \u00e9critures contemporaines&#8221; (Stanislas Nordey) : <\/strong> http:\/\/next.liberation.fr\/theatre\/2017\/02\/09\/triangle-de-passion-froide_1547448?xtor<\/p>\n<p><strong>-Le metteur en sc\u00e8ne allemand Thomas Ostermeier \u00e9tait l&#8217;invit\u00e9 d&#8217;Augustin Trapenard; son) : <\/strong> https:\/\/www.franceinter.fr\/emissions\/boomerang\/boomerang-10-fevrier-2017<\/p>\n<p><strong>-&#8220;La friction entre th\u00e9\u00e2tre et cin\u00e9ma est une troisi\u00e8me zone de cr\u00e9ation&#8221; (Christiane Jatahi, qui met en sc\u00e8ne &#8220;La R\u00e8gle du jeu&#8221; \u00e0 la Com\u00e9die fran\u00e7aise (chez Olivia Gesbert; son) :<\/strong> https:\/\/www.franceculture.fr\/emissions\/la-grande-table-1ere-partie\/christiane-jatahy-la-friction-entre-theatre-et-cinema-cest-une<\/p>\n<p><strong>-375 000 oeuvres du &#8220;Metropolitan Museum of Art&#8221; en acc\u00e8s libre (Harry Bellet; portfolio) : <\/strong> http:\/\/www.lemonde.fr\/arts\/article\/2017\/02\/09\/le-metropolitan-museum-of-art-diffuse-375-000-uvres-en-acces-libre_5077226_1655012.html<\/p>\n<p>-Le site de t\u00e9l\u00e9chargement :  http:\/\/www.metmuseum.org\/art\/collection<\/p>\n<p><strong>-Visiter le Panth\u00e9on la nuit (vid\u00e9o) <\/strong> : http:\/\/www.francetvinfo.fr\/france\/pantheon-visiter-de-nuit-le-temple-de-la-republique_2056451.html<\/p>\n<p><strong>-&#8220;Une semaine au fil du Nil&#8221; (vid\u00e9os)<\/strong> : http:\/\/www.francetvinfo.fr\/replay-radio\/voyage-et-decouvertes\/feuilleton-au-fil-du-nil-1-5_2051185.html               http:\/\/www.francetvinfo.fr\/replay-jt\/france-2\/13-heures\/feuilleton-au-fil-du-nil-2-5_2052389.html                                                                                               http:\/\/www.francetvinfo.fr\/monde\/egypte\/feuilleton-au-fil-du-nil-3-5_2053669.html   http:\/\/www.francetvinfo.fr\/monde\/egypte\/feuilleton-au-fil-du-nil-4-5_2055073.html http:\/\/www.francetvinfo.fr\/monde\/egypte\/feuilleton-au-fil-du-nil-5-5_2056355.html<\/p>\n<p>-&#8220;Il y a certainement chez Martin Scorsese un attachement profond \u00e0 la tradition chr\u00e9tienne&#8221; (le p\u00e8re Fran\u00e7ois Euv\u00e9, r\u00e9dacteur en chef de la revue &#8220;Etudes&#8221;, \u00e0 propos du film &#8220;Silence&#8221;; vid\u00e9os) :          http:\/\/www.la-croix.com\/Culture\/Cinema\/Lexperience-de-la-foi-dans-Silence-de-Martin-Scorsese-2017-02-08-1200823432?utm_source<\/p>\n<p>-&#8220;Fences&#8221;, le film r\u00e9alis\u00e9 par l&#8217;acteur Denzel Washington, sort le 22 f\u00e9vrier (vid\u00e9o) : http:\/\/www.lci.fr\/cinema\/fences-denzel-washington-et-viola-davis-dans-l-extrait-les-temps-ont-change-2025328.html<\/p>\n<p>-Pour la 67e ann\u00e9e cons\u00e9cutive, Berlin accueille &#8220;La Berlinale&#8221;, festival porteur d&#8217;Histoire (Farah Keram) : https:\/\/www.franceculture.fr\/cinema\/la-berlinale-festival-porteur-dhistoire#xtor<\/p>\n<p><strong>-&#8220;Foule sentimentale&#8221; d&#8217;Alain Souchon (Rebecca Manzoni; vid\u00e9o) : <\/strong> https:\/\/www.franceinter.fr\/emissions\/tubes-co\/tubes-co-10-fevrier-2017<\/p>\n<p><strong>-&#8220;Les Victoires de la Musique&#8221;, c&#8217;est un acc\u00e9l\u00e9rateur de particules&#8221; (Julien Dor\u00e9 et Vincent Delerm \u00e9taient les invit\u00e9s de la matinale de France Inter (vid\u00e9os et son) : <\/strong> https:\/\/www.franceinter.fr\/emissions\/l-invite-de-8h20\/l-invite-de-8h20-10-fevrier-2017  https:\/\/www.franceinter.fr\/emissions\/interactiv\/interactiv-10-fevrier-2017<\/p>\n<p><strong>-Les prestations et le palmar\u00e8s (vid\u00e9os) : <\/strong><br \/>\nhttp:\/\/www.france2.fr\/emissions\/les-victoires-de-la-musique-varietes<\/p>\n<p><strong>-Tour d&#8217;horizon des sorties jazz et des musiques du monde de ce d\u00e9but d&#8217;ann\u00e9e (Vincent Josse; son) : <\/strong> https:\/\/www.franceinter.fr\/emissions\/la-recreation\/la-recreation-10-fevrier-2017<\/p>\n<p>-&#8220;Les grands groupes de la presse quotidienne se sont r\u00e9tablis. Les magazines eux sont en crise &#8221; (Marc Baudriller; son du 10 f\u00e9vrier) : https:\/\/www.radioclassique.fr\/radio\/emissions\/matinale-de-radio-classique\/la-vie-des-medias\/<\/p>\n<p><strong>-Pluralisme dans l&#8217;audiovisuel public, &#8220;le Buisson qui cache la for\u00eat&#8221; (David Carzon) : <\/strong> http:\/\/www.liberation.fr\/france\/2017\/02\/10\/pluralisme-dans-l-audiovisuel-public-le-buisson-qui-cache-la-foret_1547676<\/p>\n<p>-&#8220;Allo, vous avez demand\u00e9 l&#8217;union de la gauche ? Ne quittez-pas&#8221; (Marc Fauvelle; son) : https:\/\/www.franceinter.fr\/emissions\/le-7h43\/le-7h43-10-fevrier-2017<\/p>\n<p><strong>-&#8220;Le travail gratuit se niche partout&#8221; (Charline Vanhoenacker; vid\u00e9o) : <\/strong> https:\/\/www.franceinter.fr\/emissions\/le-billet-de-charline-vanhoenacker\/le-billet-de-charline-vanhoenacker-10-fevrier-2017<\/p>\n<p><strong>-&#8220;Politi-cards&#8221;, le 2e \u00e9pisode (vid\u00e9o) : <\/strong> http:\/\/www.francetvinfo.fr\/elections\/presidentielle\/video-politi-cards-decouvrez-le-second-episode-de-la-serie-politico-mediatique_2056379.html<\/p>\n<p><strong>-En direct de &#8220;Qui perd gagne&#8221; (Fran\u00e7ois Morel; son) : <\/strong> https:\/\/www.franceinter.fr\/emissions\/le-billet-de-francois-morel\/le-billet-de-francois-morel-10-fevrier-2017<\/p>\n","protected":false},"excerpt":{"rendered":"<p>ACTUALITE -La forte progression des faillites d&#8217;exploitations agricoles en Bretagne (son) : http:\/\/www.sudradio.fr\/Podcasts\/Les-reportages-de-la-matinee\/Faillite-des-agriculteurs -Diesel, PSA \u00e0 son tour dans la tourmente ? (vid\u00e9o) : http:\/\/www.francetvinfo.fr\/economie\/automobile\/diesel\/diesel-psa-dans-la-tourmente_2056311.html -&#8220;Des r\u00e9sultats record pour Renault mais une \u00e9p\u00e9e de Damocl\u00e8s judiciaire&#8221; (Franck Bouaziz) : http:\/\/www.liberation.fr\/futurs\/2017\/02\/10\/renault-des-resultats-records-mais-une-epee-de-damocles-judiciaire_1547680 -&#8220;L&#8217;ob\u00e9sit\u00e9 touche quatre fois plus les enfants d&#8217;ouvriers que ceux des cadres&#8221; (Anne-A\u00ebl Durand) : [&hellip;]<\/p>\n","protected":false},"author":1042,"featured_media":0,"comment_status":"open","ping_status":"open","sticky":false,"template":"","format":"standard","meta":{"_themeisle_gutenberg_block_has_review":false,"footnotes":""},"categories":[151],"tags":[],"class_list":["post-10180","post","type-post","status-publish","format-standard","hentry","category-la-revue-de-presse-de-lulu"],"_links":{"self":[{"href":"https:\/\/archives.regards.fr\/index.php?rest_route=\/wp\/v2\/posts\/10180","targetHints":{"allow":["GET"]}}],"collection":[{"href":"https:\/\/archives.regards.fr\/index.php?rest_route=\/wp\/v2\/posts"}],"about":[{"href":"https:\/\/archives.regards.fr\/index.php?rest_route=\/wp\/v2\/types\/post"}],"author":[{"embeddable":true,"href":"https:\/\/archives.regards.fr\/index.php?rest_route=\/wp\/v2\/users\/1042"}],"replies":[{"embeddable":true,"href":"https:\/\/archives.regards.fr\/index.php?rest_route=%2Fwp%2Fv2%2Fcomments&post=10180"}],"version-history":[{"count":0,"href":"https:\/\/archives.regards.fr\/index.php?rest_route=\/wp\/v2\/posts\/10180\/revisions"}],"wp:attachment":[{"href":"https:\/\/archives.regards.fr\/index.php?rest_route=%2Fwp%2Fv2%2Fmedia&parent=10180"}],"wp:term":[{"taxonomy":"category","embeddable":true,"href":"https:\/\/archives.regards.fr\/index.php?rest_route=%2Fwp%2Fv2%2Fcategories&post=10180"},{"taxonomy":"post_tag","embeddable":true,"href":"https:\/\/archives.regards.fr\/index.php?rest_route=%2Fwp%2Fv2%2Ftags&post=10180"}],"curies":[{"name":"wp","href":"https:\/\/api.w.org\/{rel}","templated":true}]}}