{"id":10179,"date":"2017-02-10T06:56:59","date_gmt":"2017-02-10T05:56:59","guid":{"rendered":"https:\/\/wp.muchomaas.com\/article-la-revue-du-10-fevrier-2017\/"},"modified":"2023-06-23T23:24:06","modified_gmt":"2023-06-23T21:24:06","slug":"article-la-revue-du-10-fevrier-2017","status":"publish","type":"post","link":"https:\/\/archives.regards.fr\/?p=10179","title":{"rendered":"La Revue du 10 f\u00e9vrier 2017"},"content":{"rendered":"<strong>ACTUALITE<\/strong>\n\n-Une explosion \u00e0 la centrale nucl\u00e9aire de Flamanville dans la Manche (vid\u00e9o) : http:\/\/www.francetvinfo.fr\/societe\/nucleaire\/explosion-a-flamanville-ce-qu-il-s-est-passe-les-risques-pour-la-population_2054899.html\n\n-&#8220;L&#8217;h\u00f4pital \u00e0 bout de souffle&#8221; (Sabrina Ali Benali, interne \u00e0 l&#8217;AP-HP; Nathalie Depoire, pr\u00e9sidente de la Coordination infirmi\u00e8res; Pascale Le Pors-Lemoine, gyn\u00e9cologue \u00e0 l&#8217;h\u00f4pital de Saint-Malo; r\u00e9unis par Mediapart; vid\u00e9o) : https:\/\/www.youtube.com\/watch?v=hO2o37njhEo\n\n<strong>-L&#8217;int\u00e9grale de la soir\u00e9e (vid\u00e9o, amener le curseur sur 47:09) : <\/strong> https:\/\/www.youtube.com\/watch?v=dUFjeLfIPec\n\n-Maladie de Crohn, patients et m\u00e9decins en col\u00e8re (vid\u00e9o) : http:\/\/www.allodocteurs.fr\/maladies\/intestins-et-estomac\/mici-maladie-de-crohn\/maladie-de-crohn-patients-et-medecins-en-colere_21546.html\n\n-D\u00e9velopper l&#8217;agriculture biologique (Baptiste Gaborit; son du 9 f\u00e9vrier) : https:\/\/www.radioclassique.fr\/radio\/emissions\/matinale-de-radio-classique\/3-minutes-planete\/\n\n-Didier Nigaud, pr\u00e9sident de la Cour des comptes, \u00e9tait l&#8217;invit\u00e9 de la matinale de France Inter. Il r\u00e9pondait aux questions de Marc Fauvelle et des auditeurs (vid\u00e9o et son) : http:\/\/www.dailymotion.com\/video\/x5b443l_didier-migaud-nous-avons-un-budget-public-2017-qui-est-construit-sur-des-hypotheses-un-peu-optimiste_news\nhttps:\/\/www.franceinter.fr\/emissions\/interactiv\/interactiv-09-fevrier-2017\n\n-Le Haut-Rhin parvient \u00e0 imposer &#8220;son RSA contre b\u00e9n\u00e9volat&#8221; (Youness Rhounna) : http:\/\/www.marianne.net\/haut-rhin-parvient-imposer-son-rsa-contre-benevolat-100249759.html\n\n-Les d\u00e9put\u00e9s se penchent sur le transport des animaux vivants (Manon Flausch) : http:\/\/www.euractiv.fr\/section\/transport\/news\/les-deputes-vont-se-pencher-sur-le-transport-des-animaux-vivants\/?nl_ref\n\n-&#8220;A Aulnay-sous-Bois, guet-apens organis\u00e9 ou intervention hasardeuse ?&#8221; (Sylvain Mouillard) : http:\/\/www.liberation.fr\/france\/2017\/02\/09\/violences-urbaines-a-aulnay-guet-apens-organise-ou-interpellation-hasardeuse_1547300?xtor\n\n<strong>-Pour la police des polices, &#8220;ce serait un accident, pas un viol intentionnel&#8221; (vid\u00e9o) : <\/strong> http:\/\/www.francetvinfo.fr\/faits-divers\/arrestation-violente-a-aulnay-sous-bois\/aulnay-sous-bois-le-rapport-remis-au-juge-ne-considere-pas-le-viol-intentionnel_2054903.html\n\n-Elle \u00e9carte l&#8217;accusation de &#8220;viol d\u00e9lib\u00e9r\u00e9&#8221; : http:\/\/www.marianne.net\/aulnay-bois-police-polices-ecarte-accusation-viol-delibere-theo-100249769.html\n\n<strong>-&#8220;Il serait troublant qu&#8217;on puisse identifier un viol par accident&#8221; (la secr\u00e9taire d&#8217;Etat Laurence Rossignol; vid\u00e9o) <\/strong> : https:\/\/www.publicsenat.fr\/article\/politique\/affaire-theo-il-serait-troublant-qu-on-puisse-identifier-un-viol-par-accident-pour\n\n<strong>-Eric Dupont-Moretti, l&#8217;avocat de Th\u00e9o, r\u00e9fute la th\u00e8se de l&#8217;accident (son) : <\/strong> http:\/\/www.rtl.fr\/actu\/societe-faits-divers\/aulnay-sous-bois-eric-dupont-moretti-l-avocat-de-theo-refute-la-these-de-l-accident-7787165494\n\n-A Aulnay-sous-Bois, incompr\u00e9hension g\u00e9n\u00e9rale apr\u00e8s le rapport de l&#8217;IGPN (vid\u00e9o) : http:\/\/www.francetvinfo.fr\/faits-divers\/arrestation-violente-a-aulnay-sous-bois\/aulnay-sous-bois-incomprehension-generale-apres-le-rapport-de-l-ipgn_2055437.html\n\n<strong>-&#8220;C&#8217;est salir la police de dire que ces quatre hommes sont policiers&#8221; (Mikael, le fr\u00e8re de Th\u00e9o, qui maintient sa confiance dans la justice; vid\u00e9o) : <\/strong> http:\/\/rmc.bfmtv.com\/mediaplayer\/video\/pour-le-frere-de-theo-c-est-salir-la-police-de-dire-que-ces-quatre-hommes-sont-policiers-912433.html\n\n-&#8220;Je n&#8217;ai pas la conviction qu&#8217;il y a eu viol&#8221; (Fr\u00e9d\u00e9ric Lagache &#8220;d&#8217;Alliance Police nationale&#8221;, interrog\u00e9 par Yves Calvi; vid\u00e9o, amener le curseur sur 1:24) : http:\/\/www.lci.fr\/replay\/l-invite-de-24h-en-questions-du-8-fevrier-2017-frederic-lagache-secretaire-general-adjoint-d-alliance-police-nationale-2025263.html%3Ftype=content\n\n-&#8220;Justice pour Th\u00e9o !&#8221; (manifestation \u00e0 M\u00e9nilmontant; vid\u00e9o) : http:\/\/taranis.news\/2017\/02\/paris-manifestation-justicepourtheo-a-menilmontant\/\n\n-&#8220;Il y a une impunit\u00e9 totale&#8221; (vid\u00e9o) : http:\/\/rmc.bfmtv.com\/mediaplayer\/video\/manifestation-de-soutien-a-theo-il-y-a-une-impunite-totale-912385.html\n\n-Une  marche le 19 mars : https:\/\/blogs.mediapart.fr\/marche19mars\/blog\/080217\/marchons-le-19-mars-pour-resister-aux-violences-policieres?utm_source\n\n-&#8220;A quoi joue la police&#8221; (Jean-Riad Kechaou) : http:\/\/www.politis.fr\/articles\/2017\/02\/banlieues-a-quoi-joue-la-police-36281\/?override\n\n<strong>-&#8220;C dans l&#8217;air&#8221; a trait\u00e9 le sujet, avec un responsable syndical de la police qui tient un propos raciste en direct et Caroline Roux qui  le reprend (Rien ne nous sera \u00e9pargn\u00e9 ! vid\u00e9o) : <\/strong> http:\/\/www.france5.fr\/emissions\/c-dans-l-air\/videos\/aulnay_le_debat_police-citoyens_relance_09-02-2017_1481483\n\n<strong>&#8220;Ce racisme est un d\u00e9lit. On n&#8217;avait pas besoin de \u00e7a. Quand cessera-t-on de stigmatiser notre jeunesse ! Je peux \u00eatre la solution, mais pas le plan B&#8221; (Rama Yade, candidate \u00e0 l&#8217;\u00e9lection pr\u00e9sidentielle sur i-T\u00e9l\u00e9; vid\u00e9o)<\/strong> : http:\/\/www.itele.fr\/chroniques\/grand-decryptage-olivier-galzi\/le-grand-decryptage-du-09022017-172833\n\n-Recadr\u00e9 par le ministre de l&#8217;Int\u00e9rieur et son propre syndicat : http:\/\/www.liberation.fr\/france\/2017\/02\/10\/le-ministre-de-l-interieur-recadre-un-syndicaliste-policier-selon-qui-bamboula-ca-reste-a-peu-pres-c_1547570?xtor\n\n-&#8220;Les braises du silence et de la peur&#8221; (Richard Werly) : https:\/\/www.letemps.ch\/monde\/2017\/02\/09\/aulnay-braises-silence-peur?utm_source\n\n<strong>-A Tarnac en Corr\u00e8ze, &#8220;nos terroristes, c&#8217;est des gentils&#8221; (un reportage de Guillaume Gendron) :<\/strong> http:\/\/www.liberation.fr\/france\/2017\/02\/08\/tarnac-nos-terroristes-c-est-des-gentils_1547244?xtor\n\n<strong>-Poursuivis pour avoir aid\u00e9 des migrants (vid\u00e9o) : <\/strong> http:\/\/www.francetvinfo.fr\/monde\/europe\/migrants\/justice-poursuivi-pour-avoir-aide-les-migrants_2055119.html\n\n-A Lyon, des SDF remis \u00e0 la rue (vid\u00e9o) : http:\/\/www.francetvinfo.fr\/societe\/lyon-des-sdf-remis-a-la-rue_2055031.html\n\n-La Cour de cassation a annul\u00e9 l&#8217;interdiction d&#8217;exercer de Me Bernard Riper, ancien avocat &#8220;d&#8217;Action directe&#8221; : http:\/\/france3-regions.francetvinfo.fr\/auvergne-rhone-alpes\/isere\/grenoble\/avocat-grenoblois-bernard-ripert-obtient-annulation-son-interdiction-exercer-1193185.html\n\n<em>-Le barom\u00e8tre de la menace terroriste (IFOP) :<\/em> http:\/\/www.ifop.com\/?option=com_publication&#038;type=poll&#038;id=3643\n\n-&#8220;L&#8217;Assembl\u00e9e nationale a rendu hommage \u00e0 un de ses employ\u00e9s sauvagement agress\u00e9&#8221; (Diane Berger) : http:\/\/www.lefigaro.fr\/actualite-france\/2017\/02\/08\/01016-20170208ARTFIG00287-l-assemblee-nationale-rend-hommage-a-un-de-ses-employes-sauvagement-agresse.php\n\n-Menac\u00e9e de mort, Carole Delga, pr\u00e9sidente PS de la r\u00e9gion Occitanie, porte plainte (vid\u00e9o) : http:\/\/www.lci.fr\/politique\/menacee-de-mort-carole-delga-la-presidente-de-la-region-occitanie-porte-plainte-2025304.html%3Ftype=content\n\n<strong>-Hommage \u00e0 Roger Walkowiak (Jean-Emmanuel Ducoin, journaliste \u00e0 &#8220;l&#8217;Humanit\u00e9&#8221;) : <\/strong> http:\/\/larouetournehuma.blogspot.fr\/2017\/02\/hommage-roger-walkowiak.html?spref=fb&#038;m=1\n\n<strong>POLITIQUE<\/strong>\n\n<strong>-Le rassemblement Hamon-M\u00e9lenchon, &#8220;ce sera difficile pour la pr\u00e9sidentielle, mais on peut faire progresser nos id\u00e9es. J&#8217;appelle les candidats de gauche \u00e0 d\u00e9battre publiquement. La pr\u00e9sidentielle efface les partis politiques. Le projet d&#8217;Estrosi pour les transports est dangereux&#8221; (Pierre Laurent sur &#8220;La Provence TV&#8221;; vid\u00e9o) : <\/strong> http:\/\/www.laprovence.com\/article\/politique\/4313592\/le-projet-destrosi-pour-les-transports-est-dangereux.html\n\n-&#8220;La planification \u00e9cologique de Jean-Luc M\u00e9lenchon, un sillon bien creus\u00e9&#8221; (Aur\u00e9lie Delmas) : http:\/\/www.liberation.fr\/elections-presidentielle-legislatives-2017\/2017\/02\/08\/la-planification-ecologique-de-jean-luc-melenchon-un-sillon-bien-creuse_1546956\n\n-&#8220;Avec son hologramme, il cartonne sur les r\u00e9seaux sociaux&#8221; (Aur\u00e9lien Viers; vid\u00e9o et diaporama) : http:\/\/tempsreel.nouvelobs.com\/presidentielle-2017\/20170207.OBS4966\/l-hologramme-de-melenchon-cartonne-sur-les-reseaux-sociaux.html\n\n<strong>-Le num\u00e9ro 17 de sa &#8220;Revue de la semaine&#8221; (vid\u00e9o) :<\/strong> https:\/\/www.youtube.com\/watch?v=579gZ1fsLVY\n\n-&#8220;J&#8217;aurai les parrainages, mais ce n&#8217;est pas le sujet. La question \u00e9cologiste est devenue une question importante \u00e0 gauche. L&#8217;\u00e9lection de Beno\u00eet Hamon ouvre un espace de discussion. Sur un projet commun, on pourra envisager une candidature unique&#8221; (Yannick Jadot, candidat \u00e9cologiste \u00e0 l&#8217;\u00e9lection pr\u00e9sidentielle; interrog\u00e9 par Patrick Poivre d&#8217;Arvor; son du 8 f\u00e9vrier) : https:\/\/www.radioclassique.fr\/radio\/emissions\/le-19h20h\/grand-debat-soir\/\n\n-&#8220;Je suis candidat. Je suis parfaitement conscient de la situation politique&#8221; (il r\u00e9pondait \u00e0 Arnaud Pontus sur RFI; vid\u00e9o) : http:\/\/www.rfi.fr\/video\/20170209-yannick-jadot-je-suis-candidat-je-suis-parfaitement-conscient-situation-politique\n\n-&#8220;Le plus probable aujourd&#8217;hui est qu&#8217;il y ait un bulletin Jadot \u00e0 la pr\u00e9sidentielle&#8221; (David Cormand, secr\u00e9taire national EELV; face \u00e0 Jean-Jacques Bourdin; vid\u00e9o) : http:\/\/rmc.bfmtv.com\/mediaplayer\/video\/alliance-jadot-hamon-le-plus-probable-aujourd-hui-est-qu-il-y-ait-un-bulletin-jadot-a-la-presidentielle-912417.html\n\n-&#8220;Dans certains quartiers, la police est \u00e0 bout de nerf&#8221;. L&#8217;affaire Fillon&#8221;salit la politique&#8221; (C\u00e9cile Duflot, d\u00e9put\u00e9e \u00e9cologiste de Paris, interrog\u00e9e par Elizabeth Martichoux; vid\u00e9o) : http:\/\/www.rtl.fr\/actu\/politique\/cecile-duflot-sur-l-affaire-fillon-je-trouve-que-ca-salit-la-politique-7787159219\n\n<strong>-&#8220;Ce contrat sign\u00e9 avec Ecomouv&#8217; l&#8217;a \u00e9t\u00e9 par le gouvernement Fillon. Il garantissait \u00e0 une soci\u00e9t\u00e9 italienne 220 millions d&#8217;euros par an, m\u00eame si la taxe ne rapportait rien. Macron et Hamon m&#8217;ont rendu visite, je leur ai donn\u00e9 quelques conseils. Je les respecte. Je m&#8217;entends bien avec Jean-Luc M\u00e9lenchon et j&#8217;ai toujours plaid\u00e9 pour l&#8217;ouverture vers le centre&#8221; (S\u00e9gol\u00e8ne Royal, invit\u00e9e de la matinale de Franceinfo; vid\u00e9o) :<\/strong> http:\/\/www.dailymotion.com\/video\/x5b4gxw_pour-segolene-royal-il-y-a-toujours-eu-un-doute-sur-le-contrat-signe-precipitamment-avec-ecomouv-en_news\n\n<strong>-&#8220;Tout \u00e7a profite \u00e0 Marine Le Pen, pas \u00e0 Macron. Il faut vite que la droite change de candidat. Il a commenc\u00e9 \u00e0 28% et aujourd&#8217;hui, il est \u00e0 18%&#8221; (Jean-Christophe Cambad\u00e9lis, invit\u00e9 du &#8220;Club de la Presse&#8221; d&#8217;Europe 1; son) : <\/strong> http:\/\/www.europe1.fr\/emissions\/le-club-de-la-presse\/europe-soir-le-club-de-la-presse-jean-christophe-cambadelis-et-veronique-roy-08022017-2973008\n\n-&#8220;L&#8217;image de la police p\u00e2tit de quelques pourris violents. Le discours anti-syst\u00e8me est destructeur. Le fait marquant, c&#8217;est l&#8217;entr\u00e9e de la violence dans la politique. Emmanuel Macron a une chance de l&#8217;emporter &#8221; (Malek Boutih, d\u00e9put\u00e9 PS de L&#8217;Essonne; face \u00e0 Jean-Jacques Bourdin; vid\u00e9o) : http:\/\/www.bfmtv.com\/mediaplayer\/video\/malek-boutih-face-a-jean-jacques-bourdin-en-direct-912431.html\n\n-&#8220;Il y a 180 000 adh\u00e9rents et plus de 6 000 candidatures d\u00e9pos\u00e9es&#8221; (Jean-Paul Delevoye, ancien pr\u00e9sident du Conseil \u00e9conomique, social et environnemental, pr\u00e9sident de la Commission d&#8217;investiture d&#8217;Emmanuel Macron; interrog\u00e9 par Fran\u00e7ois-Xavier M\u00e9nage; vid\u00e9o) :   http:\/\/www.lci.fr\/replay\/replay-l-invite-politique-de-8h15-jean-paul-delevoye-president-de-la-commission-d-investiture-d-emmanuel-macron-2025321.html%3Ftype=content\n\n<em>-La sociologie de l&#8217;\u00e9lectorat d&#8217;Emmanuel Macron (IFOP) : <\/em> http:\/\/www.ifop.com\/?option=com_publication&#038;type=publication&#038;id=957\n\n-&#8220;Fran\u00e7ois Fillon s&#8217;exprime avec une clart\u00e9 et un  calme impressionnants&#8221; (Edouard Philippe, d\u00e9put\u00e9 LR de Seine-Maritime, face \u00e0 Guillaume Durand; vid\u00e9o) : https:\/\/www.dailymotion.com\/video\/x5b4d9g_francois-fillon-s-exprime-avec-une-clarte-et-un-calme-impressionnant-edouard-philippe-09-02-2017_news\n\n-&#8220;Nous allons nous battre pour lui permettre de remonter la pente&#8221; (Dominique Bussereau, d\u00e9put\u00e9 LR de la Charente-Maritime, interrog\u00e9 par Fabien Namias; vid\u00e9o) : http:\/\/www.dailymotion.com\/video\/x5b44ds_dominique-bussereau-nous-allons-nous-battre-pour-permettre-a-francois-fillon-de-remonter-la-pente_news\n\n-Fran\u00e7ois Fillon en meeting au Futuroscope (vid\u00e9o) : http:\/\/www.bfmtv.com\/mediaplayer\/video\/francois-fillon-poursuit-sa-contre-offensive-sur-le-terrain-912751.html\n\n-&#8220;Il faut tout changer. Quand Fran\u00e7ois Fillon est venu \u00e0 Nice, je n&#8217;ai cess\u00e9 de dire que parler social n&#8217;\u00e9tait pas une grossi\u00e8ret\u00e9&#8221; (Christian Estrosi, pr\u00e9sident LR de la r\u00e9gion PACA; interrog\u00e9 par Caroline Le Pen; vid\u00e9o) : http:\/\/www.france2.fr\/emissions\/telematin\/actu\/christian-estrosi_552217\n\n-&#8220;La campagne impossible ?&#8221; (chez Ruth Elkrief sur BFM TV; vid\u00e9o) : http:\/\/www.bfmtv.com\/mediaplayer\/video\/francois-fillon-la-campagne-impossible-912745.html\n\n-&#8220;Comment Fran\u00e7ois Fillon \u00e9value-t-il ses biens ?&#8221; (Pauline Moullot) : http:\/\/www.liberation.fr\/france\/2017\/02\/08\/comment-fillon-a-estime-la-valeur-de-sa-maison-dans-la-sarthe_1547197?xtor\n\n-Ces avocats demandent \u00e0 la justice &#8220;d&#8217;abandonner une enqu\u00eate ill\u00e9gale&#8221; (vid\u00e9o) :  http:\/\/www.bfmtv.com\/mediaplayer\/video\/les-avocats-du-couple-fillon-demandent-a-la-justice-d-abandonner-une-enquete-illegale-912647.html\n\n-Ils ne veulent pas croire \u00e0 une mise en examen (vid\u00e9o) :  http:\/\/www.bfmtv.com\/mediaplayer\/video\/affaire-fillon-je-ne-peux-pas-croire-a-une-mise-en-examen-assure-son-avocat-912655.html\n\n-&#8220;Il n&#8217;y a pas d&#8217;infraction p\u00e9nale&#8221; (Me Antonin L\u00e9vy, interrog\u00e9 par Ruth Elkrief; vid\u00e9o) : http:\/\/www.bfmtv.com\/mediaplayer\/video\/affaire-fillon-il-n-y-a-pas-d-infraction-penale-me-antonin-levy-912735.html\n\n-&#8220;Je laisse les avocats faire leur travail. C&#8217;est un d\u00e9bat tr\u00e8s juridique. Fran\u00e7ois Fillon va reprendre la main sur sa campagne&#8221; (Thierry Sol\u00e8re, porte-parole de Fran\u00e7ois Fillon, interrog\u00e9 par Laurence Ferrari; vid\u00e9o) :  http:\/\/www.itele.fr\/chroniques\/invite-politique-ferrari-tirs-croises\/linvite-de-laurence-ferrari-du-09022017-172830\n\n-&#8220;Ils sont path\u00e9tiques&#8221; (George-Paul Langevin, d\u00e9put\u00e9e PS de Paris, avocate honoraire; vid\u00e9o) : http:\/\/www.bfmtv.com\/mediaplayer\/video\/les-avocats-du-couple-fillon-sont-pathetiques-fustige-une-deputee-ps-912699.html\n\n-&#8220;Tout cela appara\u00eet totalement surr\u00e9aliste. On prend les Fran\u00e7ais pour des go-go. Qui a demand\u00e9 \u00e0 \u00eatre entendu au plus vite par le parquet national financier? Fran\u00e7ois Fillon !&#8221; (Razzi Hammadi, d\u00e9put\u00e9 PS de la Seine-Saint-Denis, porte parole du PS; interrog\u00e9 par Ruth Elkrief; son) : http:\/\/www.bfmtv.com\/mediaplayer\/video\/contre-offensive-judiciaire-de-fillon-tout-cela-apparait-totalement-surrealiste-razzy-hammadi-912741.html\n\n-&#8220;Il est dos au mur&#8221; (Bruno Jeudy; vid\u00e9o) : http:\/\/www.bfmtv.com\/mediaplayer\/video\/bruno-jeudy-francois-fillon-est-dos-au-mur-912773.html\n\n-&#8220;Il veut se placer uniquement sur le plan politique. Il pointe le danger d&#8217;une crise politique grave, un s\u00e9isme politique s&#8217;il n&#8217;est pas au second tour, avec une victoire de Mme Le Pen. &#8220;Il faudra aussi qu&#8217;on s&#8217;occupe du pass\u00e9 de M. Macron&#8221; dit-il, qui, pour lui, est celui qui peut l&#8217;emp\u00eacher d&#8217;\u00eatre au 2e tour&#8221; (Guillaume Tabard du &#8220;Figaro&#8221;; son du 9 f\u00e9vrier) : https:\/\/www.radioclassique.fr\/radio\/emissions\/matinale-de-radio-classique\/22630-2\/\n\n-&#8220;Il veut encore y croire&#8221; (Yves Thr\u00e9ard du &#8220;Figaro&#8221;; vid\u00e9o) : http:\/\/www.dailymotion.com\/video\/x5b3ud6_fillon-veut-encore-y-croire_news\n\n-A qui profite l&#8217;affaire ? (Brice Teinturier, directeur de l&#8217;Institut IPSOS) : http:\/\/www.ipsos.fr\/decrypter-societe\/2017-02-08-l-affaire-penelope-fillon-quelles-consequences\n\n-&#8220;Fran\u00e7ois Bayrou est persuad\u00e9 que le plan B, c&#8217;est lui&#8221; (Alba Ventura; vid\u00e9o) : http:\/\/www.rtl.fr\/actu\/politique\/presidentielle-2017-francois-bayrou-est-persuade-que-le-plan-b-c-est-lui-constate-alba-ventura-7787158587\n\n<strong>-&#8220;Une calomnie doubl\u00e9e d&#8217;une crapulerie&#8221; (Edwy Plnel, directeur de Mediapart, qui r\u00e9plique \u00e0 une campagne lanc\u00e9e contre sa fille) <\/strong> : https:\/\/blogs.mediapart.fr\/edwy-plenel\/blog\/090217\/une-calomnie-doublee-dune-crapulerie?utm_source\n\n-Emploi fictif au Parlement, &#8220;le pr\u00e9c\u00e9dent qui contredit Fillon&#8221; (Louise Fessart; pi\u00e8ce jointe);\n\n<strong>-L&#8217;affaire Fillon vue d&#8217;ailleurs (vid\u00e9o) <\/strong> : http:\/\/www.bfmtv.com\/politique\/grand-angle-l-affaire-fillon-vue-d-ailleurs-1099355.html\n\n-&#8220;Le probl\u00e8me de la France, c&#8217;est qu&#8217;elle reste enferm\u00e9e dans le d\u00e9ni&#8221; (Nicolas Baverez; vid\u00e9o) : https:\/\/www.dailymotion.com\/video\/x5b4dpu_le-probleme-de-la-france-c-est-qu-elle-reste-enfermee-dans-le-deni-nicolas-baverez-09-02-2017_news\n\n-&#8220;Je r\u00e9oriente compl\u00e8tement la construction europ\u00e9enne et je fais \u00e9voluer l&#8217;euro en monnaie commune. Trump, Theresa May montrent qu&#8217;un pr\u00e9sident peut agir. La premi\u00e8re chose \u00e0 faire, c&#8217;est de se d\u00e9barrasser de ceux qui ont gouvern\u00e9. Avec Emmanuel Macron, il y a des similitudes de d\u00e9marche&#8221; (Nicolas Dupont-Aignan, invit\u00e9 de&#8221; Territoires d&#8217;Infos&#8221;; vid\u00e9o, amener le curseur sur 33:29 ) :  https:\/\/www.dailymotion.com\/video\/x5b42dt_invite-nicolas-dupont-aignan-territoires-d-infos-09-02-2017_news\n\n<strong>-Marine Le Pen \u00e9tait l&#8217;invit\u00e9e de &#8220;L&#8217;Emission politique&#8221; sur France 2 (vid\u00e9o) :  <\/strong> http:\/\/www.francetvinfo.fr\/replay-magazine\/france-2\/l-emission-politique\/l-emission-politique-du-jeudi-9-fevrier-2017_2047641.html\n\n<strong>-Face \u00e0 Patrice Bessac, maire Front de gauche de Montreuil (93; vid\u00e9o, amener le curseur sur 1:15:45) <\/strong> : http:\/\/www.france2.fr\/emission\/lemission-politique\/diffusion-du-09-02-2017-20h55\n\n-&#8220;Qu&#8217;en retenir ?&#8221; (vid\u00e9o) : http:\/\/www.bfmtv.com\/mediaplayer\/video\/marine-le-pen-dans-l-emission-politique-que-faut-il-en-retenir-912801.html\n\n-Il y a &#8220;une sale odeur&#8221; derri\u00e8re Fran\u00e7ois Fillon et Emmanuel Macron (vid\u00e9o) :  http:\/\/www.francetvinfo.fr\/politique\/francois-fillon\/affaires-fillon\/video-affaires-marine-le-pen-evoque-une-sale-odeur-derriere-francois-fillon-et-emmanuel-macron_2055517.html\n\n<strong>-&#8220;Vous \u00eates la candidate du nanti-syst\u00e8me&#8221; (Charline Vanhoenacker; vid\u00e9o) : <\/strong> http:\/\/www.francetvinfo.fr\/elections\/presidentielle\/video-vous-etes-la-candidate-du-nanti-systeme-lance-charline-vanhoenacker-a-marine-le-pen_2055523.html\n\n<em>-Les intentions de vote \u00e0 l&#8217;\u00e9lection pr\u00e9sidentielle (HARRIS) :<\/em> http:\/\/harris-interactive.fr\/opinion_polls\/harris-interactive-realise-des-intentions-de-vote-a-la-presidentielle-et-interroge-les-francais-sur-les-candidats-a-cette-election\/\n\n<strong>EUROPE-MONDE<\/strong>\n\n-Commissaire europ\u00e9en \u00e0 la recherche, Carlos Moedas souhaite que Bruxelles justifie ses politiques par la preuve scientifique et la v\u00e9rification des faits (Fr\u00e9d\u00e9ric Simon) : http:\/\/www.euractiv.fr\/section\/climat-environnement\/news\/dont-be-afraid-of-science-eus-moedas-tells-commission\/?nl_ref\n\n<strong>-&#8220;Pour une vraie d\u00e9fense europ\u00e9enne&#8221; (Federica Mogherini, la haute-repr\u00e9sentante de l&#8217;Union europ\u00e9enne aux Affaires \u00e9trang\u00e8res et Jyrki Katainen, vice-pr\u00e9sident de la Commission europ\u00e9enne) <\/strong> : http:\/\/www.euractiv.fr\/section\/l-europe-dans-le-monde\/opinion\/pour-une-vraie-defense-europeenne\/?nl_ref=30817556\n\n-&#8220;L&#8217;Europe et le docteur Trump&#8221; (Bernard Guetta; son) : https:\/\/www.franceinter.fr\/emissions\/geopolitique\/geopolitique-09-fevrier-2017\n\n-Vers la fin du g\u00e9oblocage de contenus num\u00e9riques en Europe : http:\/\/www.euractiv.fr\/section\/politique\/news\/bruxelles-parvient-a-un-accord-sur-le-geoblocage\/?nl_ref\n\n-Les faux pesticides handicapent l&#8217;\u00e9conomie europ\u00e9enne (Sarantis Michalopoulos) : http:\/\/www.euractiv.fr\/section\/agriculture-alimentation\/news\/fake-pesticides-deal-severe-blow-to-eu-economy-report-says\/?nl_ref\n\n-Le Commissaire \u00e0 la sant\u00e9 veut mener la vie dure au vapotage (Hannah Black et Sarantis Michalopoulos) : http:\/\/www.euractiv.fr\/section\/all\/news\/e-cigarettes-are-not-cool-eus-top-health-official-says\/?nl_ref=30817556\n\n<strong>-La Commission menace de sanctions les \u00e9tats qui refusent des r\u00e9fugi\u00e9s : <\/strong> http:\/\/www.euractiv.fr\/section\/justice-affaires-interieures\/news\/commission-threatens-to-sue-countries-that-dont-take-refugees\/?nl_ref\n\n-&#8220;La m\u00e9thode douce a \u00e9chou\u00e9&#8221; (Hughes Beaudoin; son du 8 f\u00e9vrier) : https:\/\/www.radioclassique.fr\/radio\/emissions\/le-19h20h\/24h-en-europe\/\n\n-Elle a ouvert une proc\u00e9dure contre la France sur la question des boues rouges (Mich\u00e8le Rivasi, eurod\u00e9put\u00e9e \u00e9cologiste; son du 9 f\u00e9vrier) : https:\/\/www.radioclassique.fr\/radio\/emissions\/matinale-de-radio-classique\/journal-de-l-europe\/\n\n<strong>-La France inqui\u00e8te des projets de Bruxelles en mati\u00e8re d&#8217;\u00e9nergie (Dominique Pialot)<\/strong> : http:\/\/www.latribune.fr\/entreprises-finance\/industrie\/energie-environnement\/energie-industriels-et-gouvernement-francais-inquiets-des-projets-de-bruxelles-636692.html\n\n-&#8220;Mariano Rajoy propose \u00e0 Trump d&#8217;\u00eatre son interlocuteur en Europe et en Am\u00e9rique latine : http:\/\/www.euractiv.fr\/section\/l-europe-dans-le-monde\/news\/rajoy-propose-a-trump-detre-son-interlocuteur-en-europe-et-en-amerique-latine\/?nl_ref\n\n-Sadiq Khan, le maire de Londres, fait la tourn\u00e9e des capitales pour rappeler que sa ville &#8220;reste ouverte au business&#8221; (Sonia Delesalle-Stolper) :   http:\/\/www.liberation.fr\/planete\/2017\/02\/08\/sadiq-khan-se-lance-dans-une-tournee-pour-rappeler-que-londres-reste-ouverte-au-business_1547297?xto\n\n-Des d\u00e9put\u00e9s entonnent l&#8217;hymne europ\u00e9en avant le vote sur le lancement du Brexit (vid\u00e9o) : http:\/\/www.liberation.fr\/video\/2017\/02\/09\/des-deputes-entonnent-l-hymne-europeen-avant-le-vote-sur-le-lancement-du-brexit_1547314?xtor\n\n-Le pr\u00e9sident de la chambre des Communes dit non \u00e0 Trump (vid\u00e9o) : http:\/\/newscdn.newsrep.net\/h5\/nrvideo.html?r=3&#038;lan=fr_FR&#038;pid=14&#038;id=JD877b8d8X8_fr&#038;app_lan=fr_FR&#038;mcc=208&#038;declared_lan\n\n-BP renoue avec les b\u00e9n\u00e9fices (vid\u00e9o) : http:\/\/newscdn.newsrep.net\/h5\/nrvideo.html?r=3&#038;lan=fr_FR&#038;pid=14&#038;id=ZR877b8c7oA_fr&#038;app_lan=fr_FR&#038;mcc=208&#038;declared_lan\n\n-&#8220;La fraude touche de plein fouet l&#8217;aide au d\u00e9veloppement britannique&#8221; (Rajeev Syal) : http:\/\/www.euractiv.fr\/section\/aide-au-developpement\/news\/uk-foreign-aid-fraud-investigations-quadruple-in-last-five-years\/?nl_ref\n\n-L&#8217;ind\u00e9pendance de l&#8217;Ecosse progresse dans les sondages : http:\/\/www.euractiv.fr\/section\/royaume-uni-en-europe\/news\/scottish-independence-now-neck-and-neck-new-post-brexit-poll-shows\/?nl_ref\n\n-Des centaines de soldats allemands en Lituanie (vid\u00e9o) : http:\/\/newscdn.newsrep.net\/h5\/nrvideo.html?r=3&#038;lan=fr_FR&#038;pid=14&#038;id=oJ877b8beJd_fr&#038;app_lan=fr_FR&#038;mcc=208&#038;declared_lan\n\n-Selon l&#8217;ONU, le Y\u00e9men est au bord de la famine (vid\u00e9o) : http:\/\/newscdn.newsrep.net\/h5\/nrvideo.html?r=3&#038;lan=fr_FR&#038;pid=14&#038;id=gZ88d9f80QY_fr&#038;app_lan=fr_FR&#038;mcc=208&#038;declared_lan\n\n<strong>-15 000 Goranes au coeur du d\u00e9sert du nord-est du Tchad (vid\u00e9o) : <\/strong> http:\/\/www.lci.fr\/replay\/sept-a-huit-les-goranes-nomades-au-coeur-du-desert-1-2024863.html%3Ftype=content\n\n-La Cour d&#8217;appel confirme la suspension du d\u00e9cret anti-immigration de Trump : http:\/\/www.lemonde.fr\/donald-trump\/article\/2017\/02\/10\/la-suspension-du-decret-anti-immigration-de-donald-trump-maintenue-par-la-cour-d-appel_5077414_4853715.html\n\n-Au Br\u00e9sil, 75 morts pendant la gr\u00e8ve des policiers (vid\u00e9o) : http:\/\/newscdn.newsrep.net\/h5\/nrvideo.html?r=3&#038;lan=fr_FR&#038;pid=14&#038;id=de879a648G6_fr&#038;app_lan=fr_FR&#038;mcc=208&#038;declared_lan\n\n<strong>CULTURE-MEDIAS<\/strong>\n\n<strong>-La restitution des travaux du colloque organis\u00e9 \u00e0 l&#8217;initiative de la Fondation Gabriel P\u00e9ri, intitul\u00e9 &#8220;Philosophie, anthropologie, \u00e9mancipation, autour de Lucien S\u00e8ve&#8221; (vid\u00e9os) : <\/strong>  https:\/\/www.youtube.com\/playlist?list=PLqPelZfvb2s6pAbejXzX5JXHj7WqNTO4H&#038;app=desktop\n\n-Les 7 premiers dessins connus de Rimbaud pr\u00e9empt\u00e9s \u00e0 Charleville-M\u00e9zi\u00e8res :  http:\/\/culturebox.francetvinfo.fr\/livres\/bande-dessinee\/rimbaud-ses-sept-premiers-dessins-connus-preemptes-a-charleville-mezieres-252369\n\n-&#8220;Mozart, la vie d&#8217;un prodige&#8221; (Avner Peres; vid\u00e9o) : https:\/\/www.youtube.com\/watch?v=mwT1x_2S2YA\n\n<strong>-La violoniste Anne-Sophie Mutter, invit\u00e9e de &#8220;Passion classique &#8221; d&#8217;Olivier Bellamy (son du 8 f\u00e9vrier) :<\/strong>  https:\/\/www.radioclassique.fr\/radio\/emissions\/passion-classique\/\n\n-A 100 ans, Kirk Douglas est en pleine forme (vid\u00e9o) : http:\/\/www.lci.fr\/people\/video-a-100-ans-kirk-douglas-danse-aussi-bien-que-vous-voire-mieux-2025301.html%3Ftype=content\n\n-&#8220;Good&#8221;, le dernier album de l&#8217;alsacien Rodolphe Burger (Odile Morain; vid\u00e9o et son) : http:\/\/culturebox.francetvinfo.fr\/musique\/rock\/rodolphe-burger-signe-good-un-nouvel-album-solo-made-in-alsace-252341\n\n<strong>-Ce soir, &#8220;Les Victoires de la musique&#8221;, une \u00e9dition &#8220;\u00e9clectique et transg\u00e9n\u00e9rationnelle&#8221; (vid\u00e9os) : <\/strong> http:\/\/culturebox.francetvinfo.fr\/musique\/evenements\/victoires-de-la-musique-une-edition-2017-eclectique-et-transgenerationnelle-252345\n\n-William Z. Villain, l&#8217;ovni musical venu du Wisconsin (Jean-Michel Ogier; vid\u00e9o) :  http:\/\/culturebox.francetvinfo.fr\/musique\/jazz-blues\/william-zvillain-l-ovni-musical-venu-du-wisconsin-252301\n\n<strong>-&#8220;Sinkane le r\u00e9sistant&#8221; (Rebecca Manzoni; vid\u00e9o) :<\/strong> https:\/\/www.franceinter.fr\/emissions\/pop-co\/pop-co-09-fevrier-2017\n\n-&#8220;Le siffleur&#8221;, le spectacle de Fred Radix, l&#8217;inventeur de la musique siffl\u00e9e (Marie-H\u00e9l\u00e8ne Bonnot; vid\u00e9os) : http:\/\/culturebox.francetvinfo.fr\/theatre\/comedie\/le-siffleur-c-est-fred-radix-l-inventeur-de-la-musique-sifflee-252353\n\n-Le rappeur Drake a domin\u00e9 les ventes mondiales d&#8217;albums en 2016, devant David Bowie (vid\u00e9o) : http:\/\/culturebox.francetvinfo.fr\/musique\/rap\/le-rappeur-drake-a-domine-les-ventes-mondiales-d-albums-en-2016-252367\n\n<strong>-A 76 ans, Al Jarreau, hospitalis\u00e9, met fin \u00e0 sa tourn\u00e9e et quitte la sc\u00e8ne (Annie Yanb\u00e9kian; vid\u00e9os) <\/strong> : http:\/\/culturebox.francetvinfo.fr\/musique\/jazz-blues\/al-jarreau-hospitalise-met-fin-a-sa-tournee-et-quitte-la-scene-252371\n\n<em>-Apr\u00e8s le meeting de Lyon-Aubervilliers de Jean-Luc M\u00e9lenchon, &#8220;lettre de Bernard Lacave au m\u00e9diateur de Radio France et la r\u00e9ponse de ce dernier&#8221; (documents) :<\/em> http:\/\/mediateur.radiofrance.fr\/message\/couverture-non-equitable-meeting-de-jl-melenchon\/\n\n<strong>-&#8220;Il vaut mieux que ces choses sortent plut\u00f4t que d&#8217;avoir quelqu&#8217;un comme M. Fillon comme pr\u00e9sident. Nous avons eu les informations sur les indemnit\u00e9s de licenciement quelques heures avant l&#8217;impression du journal&#8221; (Claude Angeli, chroniqueur du &#8220;Canard encha\u00een\u00e9&#8221;; interrog\u00e9 par Amandine B\u00e9gaud; vid\u00e9o) : <\/strong> http:\/\/www.lci.fr\/replay\/replay-l-invite-de-8h45-de-lci-matin-du-9-fevrier-2017-claude-angeli-chroniqueur-au-canard-enchaine-2025322.html%3Ftype=content\n\n-&#8220;Le Grand Journal&#8221; de Canal + ne passera pas le printemps (Marc Baudriller; son du 9 f\u00e9vrier) : https:\/\/www.radioclassique.fr\/radio\/emissions\/matinale-de-radio-classique\/la-vie-des-medias\/\n\n-&#8220;Je me fous des audiences, je veux juste qu&#8217;on s&#8217;amuse&#8221; (Patrick S\u00e9bastien; son) : http:\/\/www.dailymotion.com\/video\/x5b4hxb_patrick-sebastien-je-me-fous-completement-des-audiences-je-veux-juste-qu-on-s-amuse_news\n\n-&#8220;Le Michelin arrive&#8221; (P\u00e9rico Legasse de &#8220;Marianne&#8221;; son du 9 f\u00e9vrier) : https:\/\/www.radioclassique.fr\/radio\/emissions\/matinale-de-radio-classique\/l-invite-du-matin\/\n\n<strong>-&#8220;La machine \u00e0 voter Jean-Luc M\u00e9lenchon&#8221;, &#8220;Le message d&#8217;adieu \u00e0 Fran\u00e7ois Fillon&#8221; et &#8220;Beno\u00eet Hamon, t&#8217;es trop de gauche&#8221;(Mathieu Mad\u00e9nian et Thomas VDB; vid\u00e9os) :     <\/strong>                                                                                             http:\/\/www.france2.fr\/emissions\/actuality\/videos\/mathieu_madenian_et_thomas_vdb_inventent_la_machine_a_voter_jean-luc_melenchon_actuality_06-02-2017_1478401?onglet=tous&#038;page=1      http:\/\/www.france2.fr\/emissions\/actuality\/videos\/le_message_dadieu_de_mathieu_madenian_et_thomas_vdb_a_francois_fillon_actuality_08-02-2017_1480493?onglet=tous&#038;page=1                                                                                       http:\/\/www.france2.fr\/emissions\/actuality\/videos\/le_message_de_mathieu_madenian_et_thomas_vdb_a_benoit_hamon_actuality_09-02-2017_1481469?onglet=tous&#038;page=1\n\n<strong>-&#8220;La douloureuse journ\u00e9e d&#8217;une militante filloniste&#8221; (Charline Vanhoenacker; vid\u00e9o) :<\/strong> https:\/\/www.franceinter.fr\/emissions\/le-billet-de-charline-vanhoenacker\/le-billet-de-charline-vanhoenacker-09-fevrier-2017\n\n<strong>-L&#8217;affaire Th\u00e9o (Guillaume Meurice; vid\u00e9o) : <\/strong> http:\/\/www.dailymotion.com\/video\/x5b5x8a_l-affaire-theo-le-moment-meurice_fun\n\n<h2 class=\"wp-block-heading\">Documents joints<\/h2>\n\n\n\n<div class=\"wp-block-file\"><a href=\"https:\/\/wp.muchomaas.com\/wp-content\/uploads\/2017\/02\/emploi_fictif_au_parlement-7c5.pdf\">emploi_fictif_au_parlement.pdf<\/a><\/div>\n\n\n","protected":false},"excerpt":{"rendered":"<p>ACTUALITE -Une explosion \u00e0 la centrale nucl\u00e9aire de Flamanville dans la Manche (vid\u00e9o) : http:\/\/www.francetvinfo.fr\/societe\/nucleaire\/explosion-a-flamanville-ce-qu-il-s-est-passe-les-risques-pour-la-population_2054899.html -&#8220;L&#8217;h\u00f4pital \u00e0 bout de souffle&#8221; (Sabrina Ali Benali, interne \u00e0 l&#8217;AP-HP; Nathalie Depoire, pr\u00e9sidente de la Coordination infirmi\u00e8res; Pascale Le Pors-Lemoine, gyn\u00e9cologue \u00e0 l&#8217;h\u00f4pital de Saint-Malo; r\u00e9unis par Mediapart; vid\u00e9o) : https:\/\/www.youtube.com\/watch?v=hO2o37njhEo -L&#8217;int\u00e9grale de la soir\u00e9e (vid\u00e9o, amener le curseur [&hellip;]<\/p>\n","protected":false},"author":1042,"featured_media":0,"comment_status":"open","ping_status":"open","sticky":false,"template":"","format":"standard","meta":{"_themeisle_gutenberg_block_has_review":false,"footnotes":""},"categories":[151],"tags":[],"class_list":["post-10179","post","type-post","status-publish","format-standard","hentry","category-la-revue-de-presse-de-lulu"],"_links":{"self":[{"href":"https:\/\/archives.regards.fr\/index.php?rest_route=\/wp\/v2\/posts\/10179","targetHints":{"allow":["GET"]}}],"collection":[{"href":"https:\/\/archives.regards.fr\/index.php?rest_route=\/wp\/v2\/posts"}],"about":[{"href":"https:\/\/archives.regards.fr\/index.php?rest_route=\/wp\/v2\/types\/post"}],"author":[{"embeddable":true,"href":"https:\/\/archives.regards.fr\/index.php?rest_route=\/wp\/v2\/users\/1042"}],"replies":[{"embeddable":true,"href":"https:\/\/archives.regards.fr\/index.php?rest_route=%2Fwp%2Fv2%2Fcomments&post=10179"}],"version-history":[{"count":0,"href":"https:\/\/archives.regards.fr\/index.php?rest_route=\/wp\/v2\/posts\/10179\/revisions"}],"wp:attachment":[{"href":"https:\/\/archives.regards.fr\/index.php?rest_route=%2Fwp%2Fv2%2Fmedia&parent=10179"}],"wp:term":[{"taxonomy":"category","embeddable":true,"href":"https:\/\/archives.regards.fr\/index.php?rest_route=%2Fwp%2Fv2%2Fcategories&post=10179"},{"taxonomy":"post_tag","embeddable":true,"href":"https:\/\/archives.regards.fr\/index.php?rest_route=%2Fwp%2Fv2%2Ftags&post=10179"}],"curies":[{"name":"wp","href":"https:\/\/api.w.org\/{rel}","templated":true}]}}