{"id":10176,"date":"2017-02-09T07:45:58","date_gmt":"2017-02-09T06:45:58","guid":{"rendered":"https:\/\/wp.muchomaas.com\/article-la-revue-du-9-fevrier-2017\/"},"modified":"2023-06-23T23:24:05","modified_gmt":"2023-06-23T21:24:05","slug":"article-la-revue-du-9-fevrier-2017","status":"publish","type":"post","link":"https:\/\/archives.regards.fr\/?p=10176","title":{"rendered":"La Revue du 9 f\u00e9vrier 2017"},"content":{"rendered":"<strong>ACTUALITE<\/strong>\n\n<strong>-Les lyc\u00e9ens sans toit de Saint-Ouen en Seine-Saint-Denis (un reportage de Leila Djitli; son) :<\/strong>  https:\/\/www.franceculture.fr\/emissions\/les-pieds-sur-terre\/des-lyceens-sans-toit#xtor\n\n<strong>-Premier port \u00e0 conteneurs fran\u00e7ais, Le Havre subit la concurrence de Anvers (vid\u00e9o<\/strong>) : http:\/\/www.francetvinfo.fr\/france\/normandie\/seine-maritime\/le-havre\/le-havre-le-premier-port-a-conteneurs-francais-subit-la-concurrence-d-anvers_2052821.html\n\n-&#8220;En Alsace, chez les cuisines Schmidt, les robots cr\u00e9ent de l&#8217; emploi&#8221; (vid\u00e9o) : http:\/\/www.francetvinfo.fr\/economie\/industrie\/les-cuisines-schmidt-parient-sur-les-robots_2053273.html\n\n<strong>-Sur le sujet, face \u00e0 face entre Christophe Ramaux des &#8220;Economistes atterr\u00e9s&#8221;\/Dominique Seux des &#8220;Echos&#8221; (vid\u00e9o) : <\/strong> http:\/\/www.francetvinfo.fr\/economie\/industrie\/les-cuisines-schmidt-parient-sur-les-robots_2053273.html\n\n<strong>-&#8220;Nous sommes des salari\u00e9s comme les autres, nous ne sommes pas  P\u00e9n\u00e9lope. Notre travail est tr\u00e8s tangible&#8221; (la collaboratrice parlementaire d&#8217;un s\u00e9nateur communiste de l&#8217;Oise; vid\u00e9o) : <\/strong> http:\/\/rmc.bfmtv.com\/mediaplayer\/video\/manifestation-des-collaborateurs-parlementaires-au-senat-nous-sommes-des-salaries-comme-les-autres-911945.html\n\n-&#8220;Les cartons rouges de la Cour des comptes&#8221; (Anne-A\u00ebl Durand) : http:\/\/www.lemonde.fr\/les-decodeurs\/article\/2017\/02\/08\/ecotaxe-hopitaux-corses-crs-les-cartons-rouges-de-la-cour-des-comptes_5076269_4355770.html#VdY260tEKJ1q6DAb.99\n\n<em>-Le rapport public annuel (documents)<\/em> : https:\/\/www.ccomptes.fr\/Actualites\/A-la-une\/Le-rapport-public-annuel-2017\n\n-Le retour de migrants \u00e0 Calais (vid\u00e9o) : http:\/\/www.francetvinfo.fr\/france\/hauts-de-france\/migrants-a-calais\/calais-le-retour-des-migrants_2052831.html\n\n-La r\u00e9ponse de S\u00e9gol\u00e8ne Royal sur l&#8217;Ecotaxe (vid\u00e9o) : http:\/\/www.itele.fr\/france\/video\/ecotaxe-segolene-royal-repond-aux-critiques-de-la-cour-des-comptes-172806\n\n-Quand les smartphones sont r\u00e9utilis\u00e9s, c&#8217;est bon pour la plan\u00e8te (Nathalie Fontrel; son) : https:\/\/www.franceinter.fr\/emissions\/planete-environnement\/planete-environnement-08-fevrier-2017\n\n-&#8220;Le bio s&#8217;invite faussement dans les supermarch\u00e9s&#8221; (Philippe Lefebvre; sons) : https:\/\/www.franceinter.fr\/emissions\/le-zoom-de-la-redaction\/le-zoom-de-la-redaction-08-fevrier-2017\n\n-Pour les migrants venant d&#8217;Italie, &#8220;l&#8217;Etat fran\u00e7ais s&#8217;assoit sur le droit&#8221; (Sylvain Mouillard) : http:\/\/www.liberation.fr\/france\/2017\/02\/08\/migrants-rejetes-vers-l-italie-l-etat-francais-s-assoit-sur-le-droit_1546973?xtor\n\n<strong>-L&#8217;enqu\u00eate d&#8217;Amnesty International France (vid\u00e9o) : <\/strong> https:\/\/www.amnesty.fr\/refugies-et-migrants\/actualites\/frontiere-franco-italienne-des-controles-aux-frontieres\n\n<strong>POLITIQUE<\/strong>\n\n<strong>-&#8220;En marche&#8221;&#8230;vers la prison lib\u00e9rale&#8221; (Patrick Le Hyaric; pi\u00e8ce jointe);<\/strong>\n\n-L&#8217;affaire Fillon, &#8220;c&#8217;est r\u00e9v\u00e9lateur d&#8217;un monde bourgeois&#8221; (Nathalie Arthaud, candidate LO \u00e0 l&#8217;\u00e9lection pr\u00e9sidentielle; vid\u00e9o) : http:\/\/www.dailymotion.com\/video\/x5axgtu_nathalie-arthaud-sur-l-affaire-fillon-c-est-revelateur-d-un-monde-bourgeois_news\n\n-Elle \u00e9tait l&#8217;invit\u00e9e du &#8220;Club de la presse&#8221; d&#8217;Europe 1 (son) : http:\/\/www.europe1.fr\/emissions\/le-club-de-la-presse\/europe-soir-le-club-de-la-presse-nathalie-arthaud-07022017-2972204\n\n-Elle a d\u00e9voil\u00e9 son patrimoine (vid\u00e9o) : http:\/\/www.dailymotion.com\/video\/x5axj2y_nathalie-arthaud-devoile-son-patrimoine-sur-europe-1_news\n\n<strong>-&#8220;Si on veut aider les policiers, il faut renforcer les formations&#8221; (Pouria Amirshahi, d\u00e9put\u00e9 ex-PS, \u00e0 propos du projet de loi qui pr\u00e9voit d&#8217;\u00e9tendre les cas de l\u00e9gitime d\u00e9fense \u00e0 la police nationale; interrog\u00e9 par Eric Delvaux; son) : <\/strong> https:\/\/www.franceinter.fr\/emissions\/l-invite-du-5-7\/l-invite-du-5-7-08-fevrier-2017\n\n-&#8220;Il faut r\u00e9tablir une police de proximit\u00e9 et pas celle qui se projette en cas d&#8217;incident&#8221; (St\u00e9phane Troussel, d\u00e9put\u00e9 PS de Seine-Saint-Denis; interrog\u00e9 par Arnaud Pontus; vid\u00e9o) : http:\/\/www.rfi.fr\/video\/20170208-stephane-troussel-retablir-une-police-proximite-pas-celle-projette-cas-incident\n\n-&#8220;Il faut recr\u00e9er un lien de confiance entre les habitants et les policiers, avec de la pr\u00e9sence physique pi\u00e9tonne, pour qu&#8217;il y ait du contact humain. J&#8217;aurais aim\u00e9 une poign\u00e9e de main du pr\u00e9sident. La moindre des choses, c&#8217;est de dire merci&#8221; (Bruno Beschizza, le maire LR d&#8217;Aulnay-sous-Bois,  invit\u00e9 de la matinale de Franceinfo; vid\u00e9o) : http:\/\/www.dailymotion.com\/video\/x5azyhy_arrestation-violente-a-aulnay-sous-bois-le-maire-aurait-aime-etre-informe-de-la-visite-de-francois-h_news\n\n-&#8220;Quand on lit le r\u00e9cit de ce que Th\u00e9o a subi, \u00e7a soul\u00e8ve le coeur. Fran\u00e7ois Fillon s&#8217;enfonce et fait monter le populisme&#8221; (la secr\u00e9taire d&#8217;Etat Juliette M\u00e9adel, face \u00e0 Fabien Namias; vid\u00e9o) : http:\/\/www.dailymotion.com\/video\/x5azner_juliette-meadel-quand-on-lit-le-recit-de-theo-on-a-le-coeur-brise_news\n\n-Elle \u00e9tait l&#8217;invit\u00e9e de Laurence Ferrari sur BFM TV (vid\u00e9o) : http:\/\/www.itele.fr\/chroniques\/invite-politique-ferrari-tirs-croises\/linvite-de-laurence-ferrari-du-08022017-172807\n\n-&#8220;Les voyous de la police doivent \u00eatre sanctionn\u00e9s&#8221; (Christian Estrosi, pr\u00e9sident LR de la r\u00e9gion PACA,  qui ajoute qu&#8217;avec l&#8217;affaire Fillon, &#8220;on a l&#8217;impression que c&#8217;est un supplice chinois avec un goutte-\u00e0-goutte qui fait un peu plus de mal \u00e0 toute la classe politique et \u00e0 la d\u00e9mocratie&#8221;. Il s&#8217;\u00e9tonne du silence fait autour des affaires qui touchent le FN; interrog\u00e9 par Elizabeth Martichoux; vid\u00e9o) : http:\/\/www.rtl.fr\/actu\/politique\/presidentielle-2017-estrosi-denonce-l-entre-soi-qui-favorise-le-fn-7787137004\n\n-&#8220;Les politiques en \u00e9moi sur ce qui arrive \u00e0 Th\u00e9o&#8221; (Alba Ventura; vid\u00e9o) : http:\/\/www.rtl.fr\/actu\/politique\/interpellation-a-aulnay-sous-bois-l-affaire-theo-met-les-politiques-en-emoi-constate-alba-ventura-7787136148\n\n-Les premiers candidats d\u00e9clar\u00e9s du MdP aux \u00e9lections l\u00e9gislatives (photos) : http:\/\/www.md-progressistes.fr\/retour-en-photos-sur-la-rencontre-des-premiers-candidats-declares-du-mdp-pour-les-legislatives-2017\/?utm_source\n\n-Apr\u00e8s avoir particip\u00e9 \u00e0 la primaire socialiste, Vincent Peillon redevient auteur de romans policiers (vid\u00e9o) : https:\/\/www.youtube.com\/watch?v=JhFKhzICR70\n\n-&#8220;Apr\u00e8s la primaire, il y a toujours un tassement dans les sondages. A gauche, la dynamique est en marche. Le bilan de Fran\u00e7ois Hollande est bon sur de nombreux points. Beno\u00eet Hamon a dit qu&#8217;il garderait de nombreux points de la loi Travail&#8221; (Razzy Hamadi, d\u00e9put\u00e9 de Seine-Saint-Denis, porte parole du PS; face \u00e0 Olivier Galzi; vid\u00e9o) : http:\/\/www.itele.fr\/chroniques\/invite-galzi-jusqua-minuit\/linvite-politique-dolivier-galzi-du-08022017-172810\n\n-&#8220;Avec le revenu universel, Hamon plus pr\u00e8s de J\u00e9sus que de Blum !&#8221; (Emmanuel Berreta) : http:\/\/www.lepoint.fr\/politique\/emmanuel-berretta\/revenu-universel-hamon-plus-pres-de-jesus-que-de-blum-07-02-2017-2102911_1897.php\n\n-Fran\u00e7ois Fillon &#8220;commence par taper sur la magistrature dont le pr\u00e9sident de la R\u00e9publique est le garant et sur les m\u00e9dias qui ne sont pas \u00e0 l&#8217;origine des faits pour lesquels Fran\u00e7ois Fillon s&#8217;excuse&#8221; (Richard Ferrand, d\u00e9put\u00e9 PS du Finist\u00e8re, secr\u00e9taire g\u00e9n\u00e9ral du mouvement &#8220;En Marche&#8221;; invit\u00e9 de &#8220;Territoires d&#8217;Infos&#8221;; vid\u00e9o, amener le curseur sur 33:22) : http:\/\/www.dailymotion.com\/video\/x5azxj8_territoires-d-infos-richard-ferrand_tv\n\n-Pour Emmanuel Macron, &#8220;encore un coup des Russes&#8221; (Fran\u00e7ois-Xavier Bourmaud; son) : https:\/\/www.franceinter.fr\/emissions\/histoires-politiques\/histoires-politiques-08-fevrier-2017\n\n<strong>-&#8220;Dans quel monde ces gens vivent-ils ? De tr\u00e8s grandes soci\u00e9t\u00e9s se payent des hommes politiques. Jamais un candidat \u00e0 la pr\u00e9sidence de la R\u00e9publique n&#8217;a \u00e9t\u00e9 ainsi sous   influence des puissances d&#8217;agent. Je ne laisserai pas faire \u00e7a. C&#8217;est de salut public qu&#8217;il s&#8217;agit. J&#8217;esp\u00e8re que des \u00e9volutions vont intervenir&#8221;  (Fran\u00e7ois Beyrou, pr\u00e9sident du MoDem; face \u00e0 Caroline Roux; vid\u00e9o) : <\/strong> http:\/\/www.france2.fr\/emissions\/telematin\/actu\/les-4-verites-francois-bayrou_552039\n\n-&#8220;L&#8217;argent a trop de place dans la vie politique fran\u00e7aise. J&#8217;ai un calendrier et je m&#8217;y tiendrai&#8221; (il \u00e9tait l&#8217;invit\u00e9 de Ruth Elkrief; vid\u00e9o) : http:\/\/www.bfmtv.com\/mediaplayer\/video\/francois-bayrou-l-argent-a-trop-de-place-dans-la-vie-politique-en-france-912291.html\n\n-&#8220;On voit bien quel est le jeu de Fran\u00e7ois Bayrou qui rentre en campagne aujourd&#8217;hui. Fran\u00e7ois Fillon a tout mis sur la table lundi, il est temps de mener campagne sur les vrais probl\u00e8mes&#8221; (Bernard Accoyer, secr\u00e9taire g\u00e9n\u00e9ral des R\u00e9publicains sur i-T\u00e9l\u00e9; vid\u00e9o) : http:\/\/www.itele.fr\/politique\/video\/affaire-fillon-bernard-accoyer-repond-a-francois-bayrou-172803\n\n<em>-&#8220;La lettre aux Fran\u00e7ais de Fran\u00e7ois Fillon&#8221; (document)<\/em> : http:\/\/www.ouest-france.fr\/politique\/francois-fillon\/tribune-la-lettre-aux-francais-de-francois-fillon-4786284\n\n-&#8220;Une belle exclusivit\u00e9 pour &#8220;Ouest-France&#8221; (vid\u00e9o, amener le curseur sur 14:10) : http:\/\/www.dailymotion.com\/video\/x5azxj8_territoires-d-infos-richard-ferrand_tv\n\n-&#8220;Fran\u00e7ois Fillon reste le meilleur candidat de la droite&#8221; (Eric Woerth, d\u00e9put\u00e9 LR de l&#8217;0ise, charg\u00e9 du programme pr\u00e9sidentiel, \u00e9tait l&#8217;invit\u00e9 de la matinale de France Inter. Il r\u00e9pondait aux questions de Marc Fauvelle et des auditeurs; vid\u00e9os) : https:\/\/www.franceinter.fr\/emissions\/l-invite-de-8h20\/l-invite-de-8h20-08-fevrier-2017\n\n-&#8220;Il a d\u00e9cid\u00e9 de tout mettre sur la table&#8221; (Virginie Calmels, premi\u00e8re adjointe d&#8217;Alain Jupp\u00e9 \u00e0 la mairie de Bordeaux; interrog\u00e9e par Elsa Mondin-Gava; vid\u00e9o, amener le curseur sur 29:07) :  http:\/\/www.lcp.fr\/emissions\/politique-matin\/282385-politique-matin\n\n-&#8220;On est en train de vouloir nous voler l&#8217;\u00e9lection pr\u00e9sidentielle. C&#8217;est un assassinat politique&#8221; (Luc Chatel, d\u00e9put\u00e9 LR de la Haute-Marne; interrog\u00e9 par Fran\u00e7ois-Xavier M\u00e9nage; vid\u00e9o) : http:\/\/www.lci.fr\/replay\/replay-l-invite-politique-de-8h15-luc-chatel-2025158.html%3Ftype=content\n\n-&#8220;Je suis indign\u00e9 par ce qui s&#8217;est pass\u00e9 \u00e0 Aulnay. C&#8217;est monstrueux. Nous avons une grande fragilit\u00e9 en mati\u00e8re de s\u00e9curit\u00e9 due principalement \u00e0 la r\u00e9duction des effectifs. Il faut un virage s\u00e9curitaire. A deux mois de la pr\u00e9sidentielle, on ne peut imaginer que la droite ne soit pas pr\u00e9sente et de se retrouver dans un duel Macron-Le Pen, qu&#8217;il ne gagnera pas en \u00e9cartant les bras&#8221; (Jean-Fran\u00e7ois Cop\u00e9, d\u00e9put\u00e9 LR de Seine-et-Marne, face \u00e0 Jean-Jacques Bourdin; vid\u00e9o) : http:\/\/www.bfmtv.com\/mediaplayer\/video\/jean-francois-cope-face-a-jean-jacques-bourdin-en-direct-911995.html\n\n-&#8220;Axa a vers\u00e9 200 000 euros \u00e0 la soci\u00e9t\u00e9 de Fran\u00e7ois Fillon&#8221; (Matthieu Pechberty) : http:\/\/bfmbusiness.bfmtv.com\/france\/francois-fillon-a-touche-200-000-euros-d-axa-1098642.html\n\n-&#8220;Les liens entre Fran\u00e7ois Fillon et Axa au coeur d&#8217;une nouvelle pol\u00e9mique&#8221; (Yann Duvert) : http:\/\/bfmbusiness.bfmtv.com\/france\/francois-fillon-a-touche-200-000-euros-d-axa-1098642.html\n\n<strong>-&#8220;La transparence, c&#8217;est pas le probl\u00e8me, le probl\u00e8me, c&#8217;est l&#8217;honn\u00eatet\u00e9&#8221; (Eric Halphen, ancien juge anti-corruption, soutien d&#8217;Emmanuel Macron; interrog\u00e9 par L\u00e9a Salam\u00e9; vid\u00e9o) :<\/strong> https:\/\/www.franceinter.fr\/emissions\/l-invite-de-7h50\/l-invite-de-7h50-08-fevrier-2017\n\n-&#8220;Cinq questions autour des nouvelles r\u00e9v\u00e9lations&#8221; (Rapha\u00ebl Godet, Vincent Matalon et Beno\u00eet Zagdoun) : http:\/\/www.francetvinfo.fr\/politique\/francois-fillon\/penelope-fillon\/indemnites-de-licenciement-cumul-de-deux-emplois-cinq-questions-sur-les-nouvelles-revelations-autour-de-penelope-fillon_2052519.html\n\n-&#8220;LR sert les rangs, &#8220;Le Canard&#8221; resserre l&#8217;\u00e9tau&#8221; (Laure Equy) : http:\/\/www.liberation.fr\/elections-presidentielle-legislatives-2017\/2017\/02\/07\/affaire-fillon-lr-serre-les-rangs-le-canard-resserre-l-etau_1547017?xtor\n\n-&#8220;En Grande-Bretagne, Fran\u00e7ois Fillon serait politiquement mort&#8221; (les journalistes Philip Turle et St\u00e9phan Simons; invit\u00e9s de Thomas Sotto; vid\u00e9o) :  http:\/\/www.dailymotion.com\/video\/x5azf7r_penelope-gate-francois-fillon-serait-politiquement-mort-en-grande-bretagne_news\n\n-&#8220;Les 9 failles de sa d\u00e9fense&#8221; (Maxime Vaudano et Mathilde Damg\u00e9) : http:\/\/www.lemonde.fr\/les-decodeurs\/article\/2017\/02\/08\/les-9-failles-de-la-defense-de-francois-fillon_5076757_4355770.html#xtor\n\n<strong>-&#8220;Quand Fran\u00e7ois Fillon et le patronat pr\u00e9parent la guerre sociale&#8221; (devant les patrons, le vrai Fillon; vid\u00e9o) :<\/strong> https:\/\/www.youtube.com\/watch?feature=youtu.be&#038;v=rlQ3cfBMhFY&#038;app=desktop\n\n-Le jeu des sept ressemblances entre Marine Le Pen et Donald Trump (Camille Adaoust; vid\u00e9o) : http:\/\/www.francetvinfo.fr\/monde\/usa\/presidentielle\/donald-trump\/video-le-jeu-des-sept-ressemblances-entre-marine-le-pen-et-donald-trump_2052495.html\n\n-&#8220;Femmes politiques de tous bords, levez-vous !&#8221; (Nicolas Domenach; vid\u00e9o) : http:\/\/www.rtl.fr\/actu\/societe-faits-divers\/nicolas-domenach-femmes-politiques-de-tous-bords-levez-vous-7787138409\n\n<strong>-&#8220;Peut-on d\u00e9pr\u00e9sidentialiser la pr\u00e9sidentielle ?&#8221; (Thomas Legrand; son) : <\/strong> https:\/\/www.franceinter.fr\/emissions\/l-edito-politique\/l-edito-politique-08-fevrier-2017\n\n-&#8220;C&#8217;est la premi\u00e8re fois qu&#8217;on ne sait pas quel duel se dessine&#8221; (Alain Duhamel; vid\u00e9o) : http:\/\/www.rtl.fr\/actu\/politique\/presidentielle-c-est-la-premiere-fois-qu-on-ne-sait-pas-quel-duel-se-dessine-estime-alain-duhamel-7787127605\n\n-&#8220;Il n&#8217;y a pas d&#8217;acteur principal. Je ne sens pas le fond et je ne vois pas d&#8217;homme. On ne voit pas d&#8217;axe principal&#8221; (Serge Moati qui tourne sa derni\u00e8re camagne; vid\u00e9o) : http:\/\/www.lci.fr\/replay\/replay-l-invite-de-8h45-de-lci-matin-du-8-fevrier-2017-serge-moati-2025159.html%3Ftype=content\n\n-&#8220;Les Fran\u00e7ais sont-ils les grands oubli\u00e9s de cette pr\u00e9sidentielle ?&#8221; (Yves Thr\u00e9ard du &#8220;Figaro&#8221;; vid\u00e9o) : http:\/\/www.dailymotion.com\/video\/x5az71r_les-francais-sont-ils-les-grands-oublies-de-cette-presidentielle_news\n\n<em>-Le tableau de bord politique (IFOP) :<\/em> https:\/\/wp.muchomaas.com\/ecrire\/?exec=article_edit&#038;id_article=10176\n\n<em>-Le barom\u00e8tre (VIAVOICE)<\/em> : http:\/\/www.institut-viavoice.com\/viavoice-paris\/publications\/sondages-publies\/565-barometre-viavoice-liberation-francois-fillon-decroche-benoit-hamon-decolle\n\n<em>-L&#8217;observatoire de la politique nationale (BVA) : <\/em> http:\/\/www.bva.fr\/fr\/sondages\/observatoire_de_la_politique_nationale\/observatoire_de_la_politique_nationale_fevrier_2017.html\n\n-&#8220;Fillon plonge dans l&#8217;opinion, Macron recule aupr\u00e8s des sympathisants de droite, Hamon et M\u00e9lenchon, personnalit\u00e9s pr\u00e9f\u00e9r\u00e9es \u00e0 gauche&#8221; (Mathias Th\u00e9pot) : http:\/\/www.latribune.fr\/economie\/presidentielle-2017\/presidentielle-2017-fillon-plonge-dans-l-opinion-636654.html#xtor\n\n<em>-Les intentions de vote au 7 f\u00e9vrier (IFOP) <\/em> : http:\/\/www.ifop.com\/?option=com_publication&#038;type=poll&#038;id=3641\n\n<em>-Le m\u00eame (ELABE) <\/em> : http:\/\/elabe.fr\/intentions-de-vote-election-presidentielle-2017\/\n\n<em>-Celui d&#8217;OPINION-WAY)<\/em> : https:\/\/www.opinion-way.com\/fr\/\n\n<strong>EUROPE-MONDE<\/strong>\n\n<strong>-Alors que de nombreux pays demandent \u00e0 ren\u00e9gocier les trait\u00e9s, quel avenir pour celui de Rome qui f\u00eate ses 60 ans ? (Christian Makarian de &#8220;l&#8217;Express&#8221;; son) : <\/strong> https:\/\/www.franceinter.fr\/emissions\/meridien-d-europe\/meridien-d-europe-08-fevrier-2017\n\n-&#8220;Le FN veut saisir la m\u00e9diatrice europ\u00e9enne&#8221; (C\u00e9cile Barbi\u00e8re) : http:\/\/www.euractiv.fr\/section\/politique\/news\/le-fn-veut-saisir-la-mediatrice-europeenne\/\n\n-&#8220;Federica Mogherini, la chef de la diplomatie europ\u00e9enne, tend la main \u00e0 Washington&#8221; (Jorge Valero) : http:\/\/www.euractiv.fr\/section\/l-europe-dans-le-monde\/news\/mogherini-kicks-off-effort-to-restore-eu-us-relations\/\n\n-La Commission europ\u00e9enne consulte sur la modernisation de la PAC (Marine Jobert) : http:\/\/www.euractiv.fr\/section\/agriculture-alimentation\/news\/bruxelle-consulte-sur-la-modernisation-de-la-pac\/\n\n-&#8220;L&#8217;Union europ\u00e9enne a houspill\u00e9 la presse  tablo\u00efde britannique&#8221; (Samuel Morgan) : http:\/\/www.euractiv.fr\/section\/sports\/news\/brussels-refutes-claims-that-it-will-make-uk-sport-teams-wear-eu-flag\/\n\n-Theresa May a promis de consult\u00e9 les d\u00e9put\u00e9s britanniques avant l&#8217;accord final avec l&#8217;Union europ\u00e9enne : http:\/\/www.euractiv.fr\/section\/royaume-uni-en-europe\/news\/may-promet-de-consulter-les-deputes-avant-laccord-final-avec-lue\/\n\n-Ils lui donnent le pouvoir d&#8217;enclencher le Brexit (Vincent Collen) : http:\/\/www.lesechos.fr\/monde\/europe\/0211786400085-brexit-une-etape-est-franchie-2063550.php\n\n<strong>-&#8220;Nous ne devrions pas punir le Royaume-Uni pour le Brexit&#8221; (le ministre allemand de l&#8217;Economie et des Finances Wolfgang Scha\u00fcble; propos recueillis par Albert Funk et Robert Birnbaum) <\/strong> : http:\/\/www.euractiv.fr\/section\/euro-finances\/interview\/schauble-uk-shouldnt-be-punished-for-brexit\/\n\n<strong>-&#8220;En 2016, les r\u00e9fugi\u00e9s ont afflu\u00e9 en Espagne et en France&#8221; (Radim Klekner) : <\/strong> http:\/\/www.euractiv.fr\/section\/l-europe-dans-le-monde\/news\/refugees-returning-to-tried-and-tested-north-african-route\/\n\n<strong>-Un village de Calabre rena\u00eet gr\u00e2ce \u00e0 l&#8217;arriv\u00e9e des migrants (son) : <\/strong> https:\/\/www.franceculture.fr\/emissions\/le-choix-de-la-redaction\/un-paese-di-calabria-un-documentaire-sur-la-renaissance-dun#xtor\n\n-Les r\u00e9gions allemandes renoncent aux expulsions vers l&#8217;Afghanistan (Daniel M\u00fctzel) : http:\/\/www.euractiv.fr\/section\/l-europe-dans-le-monde\/news\/german-regions-stop-sending-rejected-asylum-seekers-back-to-afghanistan\/\n\n<strong>-Une semaine de manifestations en Roumanie (vid\u00e9o) : <\/strong> http:\/\/www.liberation.fr\/video\/2017\/02\/07\/une-semaine-de-manifestations-en-roumanie_1546928?xtor\n\n-Le pr\u00e9sident roumain s&#8217;en prend au gouvernement (vid\u00e9o) : http:\/\/newscdn.newsrep.net\/h5\/nrvideo.html?r=3&#038;lan=fr_FR&#038;pid=14&#038;id=Gx877b8c1nq_fr&#038;app_lan=fr_FR&#038;mcc\n\n<strong>-L&#8217;Union europ\u00e9enne s&#8217;inqui\u00e8te de la r\u00e9int\u00e9gration des enfants soldats en Colombie (Gonzalo Dominguez Loeda) <\/strong> :  http:\/\/www.euractiv.fr\/section\/l-europe-dans-le-monde\/news\/colombia-peace-process-eu-prioritises-rehabilitation-of-child-soldiers\/\n\n<strong>-&#8220;L&#8217;ivresse des droites isra\u00e9liennes&#8221; (Bernard Guetta; son) : <\/strong> https:\/\/www.franceinter.fr\/emissions\/geopolitique\/geopolitique-08-fevrier-2017\n\n-&#8220;Les aventures de &#8220;Bibi&#8221; Netanyahou avec la justice&#8221; (l&#8217;\u00e9crivain isra\u00e9lien Etgar Keret) :                                                                        http:\/\/www.liberation.fr\/debats\/2017\/02\/07\/les-aventures-de-bibi-netanyahou-avec-la-justice-par-etgar-keret_1546949\n\n<strong>-Le face \u00e0 face Taoufiq Tahani, pr\u00e9sident de l&#8217;association France-Palestine Solidarit\u00e9\/Daniel Shek, ancien ambassadeur d&#8217;Isra\u00ebl en France (vid\u00e9o) : <\/strong> http:\/\/newscdn.newsrep.net\/h5\/nrvideo.html?r=3&#038;lan=fr_FR&#038;pid=14&#038;id=a787fdceczn_fr&#038;app_lan=fr_FR&#038;mcc=208&#038;declared_lan\n\n<strong>-&#8220;La nouvelle loi est une rupture historique&#8221; (Piotr Smolar, correspondant du &#8220;Monde&#8221; en Isra\u00ebl) :<\/strong> http:\/\/www.lemonde.fr\/proche-orient\/article\/2017\/02\/08\/colonies-israeliennes-en-cisjordanie-la-nouvelle-loi-est-une-rupture-historique_5076752_3218.html#xtor\n\n-La Maison Blanche publie une liste d&#8217;attentats en partyie ignor\u00e9s par les m\u00e9dias (vid\u00e9o) : http:\/\/newscdn.newsrep.net\/h5\/nrvideo.html?r=3&#038;lan=fr_FR&#038;pid=14&#038;id=6D877b8baxt_fr&#038;app_lan=fr_FR&#038;mcc=208&#038;declared_lan\n\n<strong>-Produire de l&#8217;eau potable et des l\u00e9gumes dans un d\u00e9sert (vid\u00e9o) : <\/strong> http:\/\/www.francetvinfo.fr\/meteo\/climat\/sciences-un-espoir-pour-repondre-a-la-demande-d-eau-potable_2052789.html\n\n<strong>CULTURE-MEDIAS<\/strong>\n\n-&#8220;Repenser les in\u00e9galit\u00e9s face au d\u00e9fi \u00e9cologique&#8221; (texte collectif) : http:\/\/www.revue-projet.com\/articles\/2017-02repenser-les-inegalites-face-au-defi-ecologique\/\n\n-Du nouveau sur &#8220;La Faute \u00e0 Diderot&#8221; : http:\/\/www.lafauteadiderot.net\/\n\n<strong>-Alors que sort &#8220;Silence&#8221;, son dernier film, Martin Scorsese \u00e9tait l&#8217;invit\u00e9 d&#8217;Augustin Trapenard (son et vid\u00e9o) : <\/strong> https:\/\/www.franceinter.fr\/emissions\/boomerang\/boomerang-08-fevrier-2017\n\n-&#8220;Le sacr\u00e9 sublim\u00e9 par Scorsese&#8221; (Pierre Murat; vid\u00e9o) : http:\/\/www.telerama.fr\/cinema\/silence-le-sacre-sublime-par-scorsese,153912.php#xtor\n\n-La liste des salles participantes au premier festival T\u00e9l\u00e9rama pour enfants :  http:\/\/www.telerama.fr\/festivalenfants\/2017\/1er-festival-cinema-telerama-enfants-la-liste-des-salles-participantes,153895.php#xtor\n\n<strong>-&#8220;Thierry Fr\u00e9maux, monsieur cin\u00e9ma&#8221; (le d\u00e9l\u00e9gu\u00e9 g\u00e9n\u00e9ral du Festival international du film de Cannes \u00e9tait l&#8217;invit\u00e9 des Matins de Guillaume Erner (sons et vid\u00e9o; avec, dans la deuxi\u00e8me partie, un hommage au philosophe Tzvetan Todorov, disparu mardi) :   <\/strong> https:\/\/www.franceculture.fr\/emissions\/linvite-des-matins\/thierry-fremaux-monsieur-cinema#xtor\nhttps:\/\/www.franceculture.fr\/emissions\/linvite-des-matins-2eme-partie\/thierry-fremaux-monsieur-cinema-2eme-partie-hommage-tzvetan\n\n-&#8220;Tzvetan Todorov, historien des id\u00e9es&#8221; (Fran\u00e7ois Angelier; son) : https:\/\/www.franceculture.fr\/emissions\/les-emois\/une-esthetique-de-lincertitude-le-fantastique-selon-todorov#xtor\n\n<strong>-&#8220;Que rejette-t-on en s&#8217;en prenant au multiculturalisme ?&#8221; (Tzetan Todorov) : <\/strong> http:\/\/www.telerama.fr\/idees\/que-rejette-on-en-s-en-prenant-au-multiculturalisme-par-tzvetan-todorov,153902.php#xtor\n\n<strong>-La playlist jazz de Nathalie Piol\u00e9 (son) : <\/strong> https:\/\/www.francemusique.fr\/emissions\/banzzai\/la-playlist-jazz-de-nathalie-piole-sarah-vaughan-dave-brubeck-stan-getz-oscar-pettiford-and-more-31597\n\n-John Travolta en &#8220;Rastignac de la hanche&#8221; (Rebecca Manzoni; vid\u00e9o) : https:\/\/www.franceinter.fr\/emissions\/pop-co\/pop-co-08-fevrier-2017\n\n<strong>-Les musiques de danses \u00e0 &#8220;La Folle Journ\u00e9e&#8221; de Nantes (vid\u00e9o) :  <\/strong> http:\/\/concert.arte.tv\/fr\/la-folle-journee-de-nantes-musiques-de-danses\n\n<strong>-&#8220;Les journalistes n&#8217;auraient pas d\u00fb accepter les r\u00e8gles impos\u00e9es par Fillon&#8221; (l&#8217;historien Christian Delporte; propos recueillis par J\u00e9r\u00e9mie Maire) : <\/strong> http:\/\/www.telerama.fr\/medias\/christian-delporte-les-journalistes-n-auraient-pas-du-accepter-les-regles-imposees-par-francois-fillon,153907.php#xtor\n\n<strong>-&#8220;Il se plie \u00e0 une demande un peu totalitaire \u00e0 cheval sur sa planche \u00e0 voile&#8221; (Samuel Gontier) :<\/strong> http:\/\/television.telerama.fr\/television\/francois-fillon-se-plie-a-une-demande-un-peu-totalitaire-a-cheval-sur-sa-planche-a-voile,153897.php#xtor\n\n<em>-A-t-il convaincu les Fran\u00e7ais ? (HARRIS) : <\/em> http:\/\/harris-interactive.fr\/opinion_polls\/les-francais-ont-ils-ete-convaincus-par-la-conference-de-presse-de-francois-fillon\/\n\n-&#8220;Entre politiques et m\u00e9dias, le bal des menteurs&#8221; (Richard Werly) : https:\/\/www.letemps.ch\/opinions\/2017\/02\/08\/entre-politiques-medias-un-bal-menteurs-tres-francais?utm_source\n\n-TF1 attend  beaucoup de cette \u00e9dition des &#8220;Enfoir\u00e9s&#8221; sans Jean-Jacques Goldman (J\u00e9r\u00f4me Ivanichtchenko; vid\u00e9o) : http:\/\/www.dailymotion.com\/video\/x5azx31_les-enfoires-tf1-attend-beaucoup-de-cette-edition-sans-jean-jacques-goldman_news\n\n-La derni\u00e8re saison de &#8220;Fais pas ci, fais pas \u00e7a&#8221; (les com\u00e9diens avec Thomas Joubert; son) : http:\/\/www.dailymotion.com\/video\/x5b0dgj_fais-pas-ci-fais-pas-ca-il-faut-arreter-avant-de-faire-la-saison-de-trop_news\n\n-&#8220;Avec l&#8217;UNICEF, David Beckham a le coeur sur le slip&#8221; (Charline Vanhoenacker; vid\u00e9o) : https:\/\/www.franceinter.fr\/emissions\/le-billet-de-charline-vanhoenacker\/le-billet-de-charline-vanhoenacker-08-fevrier-2017\n\n<strong>-&#8220;Un dispositif proche d&#8217;Erasmus pour rem\u00e9dier \u00e0 ce qui arrive \u00e0 Fran\u00e7ois Fillon&#8221; (Nicole Ferroni; vid\u00e9o) <\/strong> : https:\/\/www.franceinter.fr\/emissions\/le-billet-de-nicole-ferroni\/le-billet-de-nicole-ferroni-08-fevrier-2017\n<h2 class=\"wp-block-heading\">Documents joints<\/h2>\n\n\n\n<div class=\"wp-block-file\"><a href=\"https:\/\/wp.muchomaas.com\/wp-content\/uploads\/2017\/02\/edito-32-86e.pdf\">edito-32.pdf<\/a><\/div>\n\n\n","protected":false},"excerpt":{"rendered":"<p>ACTUALITE -Les lyc\u00e9ens sans toit de Saint-Ouen en Seine-Saint-Denis (un reportage de Leila Djitli; son) : https:\/\/www.franceculture.fr\/emissions\/les-pieds-sur-terre\/des-lyceens-sans-toit#xtor -Premier port \u00e0 conteneurs fran\u00e7ais, Le Havre subit la concurrence de Anvers (vid\u00e9o) : http:\/\/www.francetvinfo.fr\/france\/normandie\/seine-maritime\/le-havre\/le-havre-le-premier-port-a-conteneurs-francais-subit-la-concurrence-d-anvers_2052821.html -&#8220;En Alsace, chez les cuisines Schmidt, les robots cr\u00e9ent de l&#8217; emploi&#8221; (vid\u00e9o) : http:\/\/www.francetvinfo.fr\/economie\/industrie\/les-cuisines-schmidt-parient-sur-les-robots_2053273.html -Sur le sujet, face \u00e0 face entre Christophe [&hellip;]<\/p>\n","protected":false},"author":1042,"featured_media":0,"comment_status":"open","ping_status":"open","sticky":false,"template":"","format":"standard","meta":{"_themeisle_gutenberg_block_has_review":false,"footnotes":""},"categories":[151],"tags":[],"class_list":["post-10176","post","type-post","status-publish","format-standard","hentry","category-la-revue-de-presse-de-lulu"],"_links":{"self":[{"href":"https:\/\/archives.regards.fr\/index.php?rest_route=\/wp\/v2\/posts\/10176","targetHints":{"allow":["GET"]}}],"collection":[{"href":"https:\/\/archives.regards.fr\/index.php?rest_route=\/wp\/v2\/posts"}],"about":[{"href":"https:\/\/archives.regards.fr\/index.php?rest_route=\/wp\/v2\/types\/post"}],"author":[{"embeddable":true,"href":"https:\/\/archives.regards.fr\/index.php?rest_route=\/wp\/v2\/users\/1042"}],"replies":[{"embeddable":true,"href":"https:\/\/archives.regards.fr\/index.php?rest_route=%2Fwp%2Fv2%2Fcomments&post=10176"}],"version-history":[{"count":0,"href":"https:\/\/archives.regards.fr\/index.php?rest_route=\/wp\/v2\/posts\/10176\/revisions"}],"wp:attachment":[{"href":"https:\/\/archives.regards.fr\/index.php?rest_route=%2Fwp%2Fv2%2Fmedia&parent=10176"}],"wp:term":[{"taxonomy":"category","embeddable":true,"href":"https:\/\/archives.regards.fr\/index.php?rest_route=%2Fwp%2Fv2%2Fcategories&post=10176"},{"taxonomy":"post_tag","embeddable":true,"href":"https:\/\/archives.regards.fr\/index.php?rest_route=%2Fwp%2Fv2%2Ftags&post=10176"}],"curies":[{"name":"wp","href":"https:\/\/api.w.org\/{rel}","templated":true}]}}