{"id":10174,"date":"2017-02-08T07:01:22","date_gmt":"2017-02-08T06:01:22","guid":{"rendered":"https:\/\/wp.muchomaas.com\/article-la-revue-du-8-fevrier-2017\/"},"modified":"2017-02-08T07:01:22","modified_gmt":"2017-02-08T06:01:22","slug":"article-la-revue-du-8-fevrier-2017","status":"publish","type":"post","link":"https:\/\/archives.regards.fr\/?p=10174","title":{"rendered":"La Revue du 8 f\u00e9vrier 2017"},"content":{"rendered":"<p><strong>ACTUALITE<\/strong><\/p>\n<p>-Air France et les syndicats de pilotes n\u00e9gocient sur le projet d&#8217;une nouvelle compagnie low-cost (Christian Menanteau; vid\u00e9o) : http:\/\/www.rtl.fr\/actu\/societe-faits-divers\/air-france-les-pilotes-vont-se-prononcer-sur-le-projet-boost-7787111553<\/p>\n<p><strong>-Chaque ann\u00e9e, pr\u00e8s de 15 000 cancers pourraient \u00eatre \u00e9vit\u00e9s chez les plus d\u00e9favoris\u00e9s : <\/strong> http:\/\/www.lemonde.fr\/sante\/article\/2017\/02\/07\/pres-de-15-000-cancers-pourraient-etre-evites-chaque-annee-chez-les-plus-defavorises_5075607_1651302.html<\/p>\n<p><strong>-Les restructurations du CHU de Nancy (vid\u00e9o) :<\/strong> http:\/\/www.francetvinfo.fr\/replay-jt\/france-2\/13-heures\/nancy-les-restructurations-du-chu-de-nancy-pour-lutter-contre-les-deficits_2052369.html<\/p>\n<p><em>-&#8220;Le suicide de notre coll\u00e8gue Emmanuel&#8221; (un communiqu\u00e9 du syndicat CGT des H\u00f4pitaux de Paris) <\/em> : http:\/\/www.humanite.fr\/suicide-de-notre-collegue-emmanuel-631756<\/p>\n<p>-&#8220;Steah Machine&#8221;, le r\u00e9cit de Geoffrey Le Guilcher qui a pass\u00e9 40 jours dans un abattoir breton (son) : https:\/\/www.franceinter.fr\/emissions\/le-coup-de-coeur-des-voix-d-inter\/le-coup-de-coeur-des-voix-d-inter-07-fevrier-2017<\/p>\n<p>-&#8220;Leclerc a failli ne pas vendre son livre&#8221; (Thomas B\u00e9card) : http:\/\/www.telerama.fr\/monde\/steak-machine-le-livre-sur-les-abattoirs-qui-a-failli-ne-pas-etre-vendu-chez-leclerc,153737.php#xto<\/p>\n<p>-Les ventes de produits en vrac progressent en France (Nathalie Fontrel; son) : https:\/\/www.franceinter.fr\/emissions\/planete-environnement\/planete-environnement-07-fevrier-2017<\/p>\n<p><strong>-La s\u00e8cheresse record en Bretagne (Baptiste Gaborit; son du 7 f\u00e9vrier) : <\/strong> https:\/\/www.radioclassique.fr\/radio\/emissions\/matinale-de-radio-classique\/3-minutes-planete\/<\/p>\n<p>-Le nouveau projet de &#8220;la Miroiterie&#8221; fait jaser le quartier de M\u00e9nilmontant  (J\u00e9r\u00e9mie Maire) : http:\/\/www.telerama.fr\/sortir\/le-nouveau-projet-de-la-miroiterie-fait-jaser-le-quartier-de-menilmontant,153679.php#xtor<\/p>\n<p><strong>-A Nantes, le restaurant &#8220;Le Reflet&#8221; emploie des handicap\u00e9s (Yolaine de la Bigne; son) :<\/strong> http:\/\/www.sudradio.fr\/Podcasts\/Quelle-epoque-ethique\/Un-restaurant-pas-comme-les-autres<\/p>\n<p>-&#8220;L&#8217;association Pierre-Claver transmet l&#8217;art d&#8217;\u00eatre fran\u00e7ais aux exil\u00e9s&#8221; (Aude Dassonville) : http:\/\/www.telerama.fr\/radio\/pierre-claver-l-ecole-qui-transmet-l-art-d-etre-francais-aux-exiles,153213.php#xtor<\/p>\n<p><strong>-Dans sa s\u00e9rie &#8220;Documentaire&#8221;, France Culture lui a consacr\u00e9 une \u00e9mission pr\u00e9par\u00e9e par Caroline Eliacheff (son) <\/strong> : https:\/\/www.franceculture.fr\/emissions\/lsd-la-serie-documentaire\/la-transmission-dans-tous-ses-etats-24-lecole-pierre-claver-un<\/p>\n<p><strong>-&#8220;Difficile retour au calme \u00e0 Aulnay-sous-Bois&#8221; (vid\u00e9o) : <\/strong> http:\/\/www.francetvinfo.fr\/faits-divers\/arrestation-violente-a-aulnay-sous-bois\/aulnay-sous-bois-questions-sur-une-interpellation_2051599.html<\/p>\n<p>-&#8220;Comment nos enfants vont continuer \u00e0 vivre avec \u00e7a&#8221;, un reportage dans le quartier de &#8220;la Rose des Vents&#8221; de Isma\u00ebl Halissat : http:\/\/www.liberation.fr\/france\/2017\/02\/06\/aulnay-comment-nos-enfants-vont-continuer-a-vivre-avec-ca_1546746?xtor<\/p>\n<p>-&#8220;Il n&#8217;y a pas eu viol dans cette affaire&#8221; (Fr\u00e9d\u00e9ric Lagache, du syndicat &#8220;Alliance Police nationale&#8221;; interrog\u00e9 par Thomas Sotto; vid\u00e9o) : http:\/\/www.dailymotion.com\/video\/x5av1hk_frederic-lagache-il-n-y-a-pas-eu-viol-dans-cette-affaire_news<\/p>\n<p><strong>-&#8220;Psychologiquement, Th\u00e9o est d\u00e9moli&#8221; (son avocat Me Eric Dupond-Moretti, interrog\u00e9 par Ruth Elkrief; vid\u00e9o) : <\/strong> http:\/\/www.bfmtv.com\/mediaplayer\/video\/aulnay-sous-bois-psychologiquement-theo-est-demoli-eric-dupond-moretti-911843.html<\/p>\n<p>-Fran\u00e7ois Hollande lui a rendu visite (diaporama) : http:\/\/www.elysee.fr\/photos\/rencontre-avec-theo-a-aulnay-sous-bois\/<\/p>\n<p>-&#8220;Le scandale de trop&#8221; (Jean-Luc M\u00e9lenchon) : http:\/\/www.bfmtv.com\/politique\/aulnay-sous-bois-la-france-insoumise-de-melenchon-condamne-le-scandale-de-trop-1098343.html<\/p>\n<p>-Avec les jeunes recrues de l&#8217;\u00e9cole de police de Montb\u00e9liard dans le Doubs (vid\u00e9o) : http:\/\/www.francetvinfo.fr\/economie\/emploi\/carriere\/formation\/formation-avec-les-jeunes-recrues-a-l-ecole-de-police_2051577.html<\/p>\n<p>-&#8220;Nicolas Sarkozy renvoy\u00e9 en proc\u00e8s&#8221; (vid\u00e9os) :<br \/>\nhttp:\/\/www.francetvinfo.fr\/politique\/affaire-cope\/affaire-bygmalion-nicolas-sarkozy-renvoye-en-proces_2052747.html<br \/>\nhttp:\/\/www.francetvinfo.fr\/politique\/nicolas-sarkozy\/affaire-bygmalion-pourquoi-une-procedure-d-appel_2052819.html<\/p>\n<p>-&#8220;J&#8217;attends sereinement et sans angoisse particuli\u00e8re la tenue de ce proc\u00e8s. Fran\u00e7ois Fillon fait partie de ceux qui se sont mal comport\u00e9s avec moi&#8221; (J\u00e9r\u00f4me Lavrilleux, ancien directeur-adjoint de la campagne de 2012 de Nicolas Sarkozy; interrog\u00e9 par Ruth Elkrief; vid\u00e9o) : http:\/\/www.bfmtv.com\/mediaplayer\/video\/affaire-bygmalion-j-attend-sereinement-et-sans-angoisse-particuliere-la-tenue-de-ce-proces-jerome-lavrilleux-911831.html<\/p>\n<p><strong>POLITIQUE<\/strong><\/p>\n<p>-&#8220;Quand Beno\u00eet Hamon pique les mots de Jean-Luc M\u00e9lenchon&#8221; (Kim Hullot-Guiot) : http:\/\/www.liberation.fr\/elections-presidentielle-legislatives-2017\/2017\/02\/06\/quand-benoit-hamon-pique-les-mots-de-jean-luc-melenchon_1546695<\/p>\n<p>-&#8220;Ma responsabilit\u00e9, c&#8217;est que le prochain quinquennat soit \u00e9cologiste, social et europ\u00e9en&#8221; (Yannick Jadot, candidat \u00e9cologiste \u00e0 l&#8217;\u00e9lection pr\u00e9sidentielle; interrog\u00e9 par Fabien Namias; vid\u00e9o) : http:\/\/www.dailymotion.com\/video\/x5av76d_yannick-jadot-ma-responsabilite-c-est-que-le-prochain-quinquennat-soit-ecologique-social-et-europeen_news<\/p>\n<p>-&#8220;Si nous ratons le rassemblement, ce sera une faute collective&#8221; (C\u00e9cile Duflot, d\u00e9put\u00e9e \u00e9cologiste de Paris; propos recueillis par Rachid La\u00efreche) : http:\/\/www.liberation.fr\/france\/2017\/02\/07\/cecile-duflot-si-nous-ratons-le-rassemblement-ce-sera-une-faute-collective_1546995<\/p>\n<p><strong>-&#8220;Fran\u00e7ois Fillon a dit \u00e0 son camp : &#8220;j&#8217;ai fait une faute mais il n&#8217;y a pas le choix. Il a pris la droite en otage. Il s&#8217;\u00e9tait pr\u00e9sent\u00e9 comme un homme pur, je suis dubitatif sur son rapport \u00e0 l&#8217;argent&#8221; (Jean-Christophe Cambad\u00e9lis face \u00e0 Jean-Jacques Bourdin; vid\u00e9o) : <\/strong> http:\/\/www.bfmtv.com\/mediaplayer\/video\/jean-christophe-cambadelis-face-a-jean-jacques-bourdin-en-direct-911575.html<\/p>\n<p>-Fran\u00e7ois Hollande l&#8217;a \u00e9voqu\u00e9 dans son discours d&#8217;inauguration du service d&#8217;accueil unique du justiciable au tribunal d&#8217;instance de Pontoise (vid\u00e9o) : http:\/\/www.elysee.fr\/videos\/inauguration-du-service-d-accueil-unique-du-justiciable-au-tribunal-de-grande-instance-de-pontoise-2\/<\/p>\n<p>-&#8220;La ligne rouge, c&#8217;est le parrainage&#8221; (Christophe Borgel, charg\u00e9 des \u00e9lections au PS, \u00e0 l&#8217;intention des d\u00e9put\u00e9s PS engag\u00e9s avec Macron; vid\u00e9o) : http:\/\/www.lcp.fr\/la-politique-en-video\/legislatives-la-ligne-rouge-cest-le-parrainage-dit-borgel-aux-deputes-ps<\/p>\n<p>-Il \u00e9tait l&#8217;invit\u00e9 de &#8220;Politique matin&#8221; (vid\u00e9o, amener le curseur sur 27:27) : http:\/\/www.lcp.fr\/emissions\/politique-matin\/280071-politique-matin<\/p>\n<p>-&#8220;On n&#8217;a pas appris grand chose. Trouve-t-on  normal qu&#8217;un jeune \u00e9tudiant soit pay\u00e9 3 000 euros par mois. Je m\u00e8ne campagne, nous pouvons avoir un pr\u00e9sident socialiste&#8221; (Luc Carvounas, s\u00e9nateur PS du Val-de-Marne, soutien de Manuel Valls; son) : http:\/\/www.sudradio.fr\/Podcasts\/L-invite-pour-comprendre\/Luc-Carvounas-senateur-maire-PS-d-Alfortville<\/p>\n<p>-Les r\u00e9actions d&#8217;Olivier Faure, pr\u00e9sident du groupe socialiste \u00e0 l&#8217;Assembl\u00e9e nationale; Philippe Houillon, d\u00e9put\u00e9 LR du Val-d&#8217;Oise et Florian Philippot, vice-pr\u00e9sident du FN; invit\u00e9s d&#8217;un  &#8220;Club de la presse&#8221;&#8221; d&#8217;Europe 1 sp\u00e9cial; son) : http:\/\/www.europe1.fr\/emissions\/le-club-de-la-presse\/europe-soir-le-club-de-la-presse-emission-speciale-francois-fillon-06022017-2971205<\/p>\n<p>-D&#8217;autres r\u00e9actions politiques (vid\u00e9o) : http:\/\/www.francetvinfo.fr\/politique\/francois-fillon\/penelope-fillon\/conference-de-presse-de-francois-fillon-la-classe-politique-reagit_2052335.html<\/p>\n<p>-&#8220;Fillon ou l&#8217;implosion du politique&#8221; (No\u00ebl Mam\u00e8re, d\u00e9put\u00e9 \u00e9cologique de Gironde) : https:\/\/blogs.mediapart.fr\/noel-mamere\/blog\/070217\/fillon-ou-limplosion-du-politique?utm_source<\/p>\n<p>-Celles de Carole Barjon de &#8220;L&#8217;Obs&#8221; et de Guillaume Roquette du &#8220;Figaro Magazine&#8221; (vid\u00e9o) : http:\/\/www.rtl.fr\/actu\/societe-faits-divers\/francois-fillon-a-t-il-retourne-la-situation-7787112309<\/p>\n<p>-Le n\u00b0 833 de &#8220;ReSPUBLICA&#8221; : http:\/\/www.gaucherepublicaine.org\/wp-content\/uploads\/lettres\/20170206_respublica-lettre-sommaire_lettre-833.htm<\/p>\n<p>-&#8220;Le myst\u00e8re Macron&#8221;, en d\u00e9bat sur i-T\u00e9l\u00e9 chez Olivier Galzi (vid\u00e9o) : http:\/\/www.itele.fr\/chroniques\/grand-decryptage-olivier-galzi\/le-grand-decryptage-du-07022017-172795<\/p>\n<p>-&#8220;La candidature est sauv\u00e9e. Ce qui est en cause, c&#8217;est la pr\u00e9sence de la droite et du centre au second tour&#8221; (Eric Ciotti, porte-parole de Fran\u00e7ois Fillon; face \u00e0 Guillaume Durand; vid\u00e9o) : https:\/\/www.dailymotion.com\/video\/x5avhco_aucune-voix-ne-s-est-exprimee-de-facon-dissonante-eric-ciotti-07-02-2017_news<\/p>\n<p>-&#8220;C&#8217;est un assassinat politique. Il faudra des semaines et des semaines pour qu&#8217;il retisse les liens avec l&#8217;opinion publique&#8221; (Eric Woerth, conseiller politique de Fran\u00e7ois Fillon; face \u00e0 Jean-Jacques Bourdin; vid\u00e9o) : http:\/\/rmc.bfmtv.com\/mediaplayer\/video\/affaire-penelope-fillon-c-est-un-assassinat-politique-confirme-eric-woerth-911553.html<\/p>\n<p>-&#8220;On a un hallali m\u00e9diatique comme jamais&#8221; (Thierry Sol\u00e8re, porte-parole de Fran\u00e7ois Fillon; interrog\u00e9 par L\u00e9a Salam\u00e9; vid\u00e9o) : http:\/\/www.dailymotion.com\/video\/x5av2k0_thierry-solere-on-a-une-hallali-mediatique-comme-jamais_news<\/p>\n<p>-&#8220;Fillon a montr\u00e9 qu&#8217;il \u00e9tait un homme de courage&#8221; (G\u00e9rard Longuet, s\u00e9nateur LR de la Meuse, inviter de &#8220;Territoires d&#8217;Infos&#8221;; vid\u00e9o, amener le curseur sur 33:08) : http:\/\/www.dailymotion.com\/video\/x5av4mw_invite-gerard-longuet-territoires-d-infos-07-02-2017_news<\/p>\n<p>-NKM, d\u00e9put\u00e9e LR de l&#8217;Essonne, aimerait que P\u00e9n\u00e9lope Fillon s&#8217;exprime. Elle \u00e9tait interrog\u00e9e par Elizabeth Martichoux (vid\u00e9o) : http:\/\/www.rtl.fr\/actu\/politique\/nathalie-kosciusko-morizet-est-l-invite-de-rtl-du-7-fevrier-2017-7787110984<\/p>\n<p>-&#8220;Je n&#8217;avais pas \u00e0 \u00eatre convaincu. Fran\u00e7ois Fillon est un candidat cr\u00e9dible&#8221; (Charles de Courson, d\u00e9put\u00e9 UDI de la Marne; interrog\u00e9 par Arnaud Pontus; vid\u00e9o) : http:\/\/www.rfi.fr\/video\/20170207-charles-courson-depute-udi-marne<\/p>\n<p>-L&#8217;accord UDI-LR pour les \u00e9lections l\u00e9gislatives, &#8220;on doit le concr\u00e9tiser le plus vite possible&#8221; (Philippe Vigier, pr\u00e9sident du groupe centriste \u00e0 l&#8217;Assembl\u00e9e nationale; vid\u00e9o) : http:\/\/www.lcp.fr\/la-politique-en-video\/accord-udi-lr-aux-legislatives-doit-le-concretiser-le-plus-rapidement-possible<\/p>\n<p>-Il \u00e9tait l&#8217;invit\u00e9 de &#8220;Politique matin&#8221; (vid\u00e9o, amener le curseur sur 17:17) : http:\/\/www.lcp.fr\/emissions\/politique-matin\/280071-politique-matin<\/p>\n<p><strong>-&#8220;Fillon a convaincu plus de sympathisants de droite&#8221; (Jean-Daniel L\u00e9vy de l&#8217;institut HARRIS; vid\u00e9o) <\/strong> : http:\/\/www.lcp.fr\/la-politique-en-video\/sondages-fillon-convaincu-plus-de-sympathisants-de-droite-de-la-necessite-du<\/p>\n<p><em>-Le sondage <\/em> : http:\/\/harris-interactive.fr\/opinion_polls\/les-francais-ont-ils-ete-convaincus-par-la-conference-de-presse-de-francois-fillon\/<\/p>\n<p>-&#8220;Donald Fillon ou Fran\u00e7ois Trump&#8221; (Thomas Legrand; son) : https:\/\/www.franceinter.fr\/emissions\/l-edito-politique\/l-edito-politique-07-fevrier-2017<\/p>\n<p>-&#8220;Il joue l&#8217;opinion contre le syst\u00e8me&#8221; (Yves Thr\u00e9ard du &#8220;Figaro&#8221;; vid\u00e9o) :  http:\/\/www.dailymotion.com\/video\/x5auw1m_francois-fillon-joue-l-opinion-contre-le-systeme_news<\/p>\n<p>-&#8220;C&#8217;est le retour de battling Fillon&#8221; (Alba Ventura; vid\u00e9o) : http:\/\/www.rtl.fr\/actu\/politique\/affaire-penelope-fillon-c-est-le-retour-de-battling-fillon-decrypte-alba-ventura-7787111654<\/p>\n<p>-&#8220;Cette conf\u00e9rence de presse ne suffira pas \u00e0 le remettre en selle&#8221; (Alain Duhamel; vid\u00e9o) : http:\/\/www.rtl.fr\/actu\/politique\/francois-fillon-cette-conference-ne-suffira-pas-a-la-remettre-en-selle-dit-alain-duhamel-7787107902<\/p>\n<p>-&#8220;A son arriv\u00e9e dans l&#8217;Aube, il a \u00e9t\u00e9 trait\u00e9 de &#8220;voyou&#8221; et &#8220;d&#8217;escroc&#8221; (vid\u00e9o) : http:\/\/www.francetvinfo.fr\/politique\/francois-fillon\/affaires-fillon\/video-en-deplacement-a-romilly-sur-seine-francois-fillon-se-fait-traiter-de-voyou-et-d-escroc_2052467.html<\/p>\n<p>-La une du &#8220;Canard encha\u00een\u00e9&#8221; : http:\/\/www.lecanardenchaine.fr\/la-une-du-8-fevrier-2017\/<\/p>\n<p>-Nouvelles r\u00e9v\u00e9lations (H\u00e9l\u00e8ne Gully; vid\u00e9o) : http:\/\/www.lesechos.fr\/politique-societe\/politique\/0211781671835-affaire-fillon-le-canard-enchaine-fait-de-nouvelles-revelations-2063241.php#xtor=CS1-25<\/p>\n<p>-Premi\u00e8res r\u00e9actions chez Ruth Elkrief sur BFM TV (vid\u00e9o) : http:\/\/www.bfmtv.com\/mediaplayer\/video\/penelope-fillon-nouvelles-accusations-du-canard-enchaine-911841.html<\/p>\n<p>-&#8220;On ne va pas laisser aller la campagne au rythme des pseudos r\u00e9v\u00e9lations du &#8220;Canard encha\u00een\u00e9&#8221; (Bruno Retailleau, pr\u00e9sident du groupe LR au S\u00e9nat; face \u00e0 Ruth Elkrief; vid\u00e9o) : http:\/\/www.bfmtv.com\/mediaplayer\/video\/penelope-fillon-on-ne-va-pas-laisser-aller-la-campagne-au-rythme-des-pseudos-revelations-du-canard-enchaine-bruno-retailleau-911845.html<\/p>\n<p>-&#8220;Elle n&#8217;aurait donc pas d\u00e9missionn\u00e9 mais a \u00e9t\u00e9 licenci\u00e9e pour b\u00e9n\u00e9ficier des indemnit\u00e9s&#8221; (Florian Philippot, vice-pr\u00e9sident du FN; face \u00e0 Laurence Ferrari; vid\u00e9o) : http:\/\/www.itele.fr\/chroniques\/invite-politique-ferrari-tirs-croises\/linvite-de-laurence-ferrari-du-07022017-172788<\/p>\n<p><strong>-&#8220;L&#8217;Elys\u00e9e a toujours \u00e9t\u00e9 convoit\u00e9. Mitterrand est le seul \u00e0 ne pas avoir modifi\u00e9 une virgule de la Constitution qu&#8217;il avait combattue. La r\u00e9plique politique &#8220;moi ou le chaos&#8221; de Fran\u00e7ois Fillon \u00e9tait bonne. Apr\u00e8s sa conf\u00e9rence de presse, il demeure beaucoup d&#8217;impr\u00e9cisions. La vraie questions, c&#8217;est celle du travail fictif. La question de la &#8220;Revue des deux mondes&#8221; n&#8217;a pas \u00e9t\u00e9 \u00e9voqu\u00e9e, ni celle du montant des r\u00e9mun\u00e9rations&#8221; (Jean-Louis Debr\u00e9, ancien pr\u00e9sident du Conseil constitutionnel; interrog\u00e9 par Guillaume Durand; son du 7 f\u00e9vrier) :  <\/strong> https:\/\/www.radioclassique.fr\/radio\/emissions\/matinale-de-radio-classique\/l-invite-du-matin\/<\/p>\n<p>-&#8220;Je ne comprends rien \u00e0 ce que fait et dit Fran\u00e7ois Fillon&#8221; (Marine Le Pen invit\u00e9e pendant une heure \u00e0 la matinale de LCI; vid\u00e9o) : http:\/\/www.lci.fr\/replay\/replay-l-invite-politique-du-7-fevrier-2017-marine-le-pen-2025023.html%3Ftype=content<\/p>\n<p>-&#8220;Il y a beaucoup de gens dans la d\u00e9tresse qui voudraient bien recevoir la visite du chef de l&#8217;Etat. Pendant qu&#8217;on parle de l&#8217;affaire Fillon, on ne parle pas du reste&#8221; (Louis Aliot, vice-pr\u00e9sident du FN; interrog\u00e9 par Olivier Galzi; vid\u00e9o) : http:\/\/www.itele.fr\/chroniques\/invite-galzi-jusqua-minuit\/linvite-politique-dolivier-galzi-du-07022017-172792<\/p>\n<p>-Sale temps pour &#8220;les plumes&#8221; des candidats (Marcelo Weisfreid; son) : https:\/\/www.franceinter.fr\/emissions\/histoires-politiques\/histoires-politiques-07-fevrier-2017<\/p>\n<p><em>-Les intentions de vote \u00e0 l&#8217;\u00e9lection pr\u00e9sidentielle au 6 f\u00e9vrier (IFOP) :<\/em> http:\/\/www.ifop.com\/?option=com_publication&#038;type=poll&#038;id=3638<\/p>\n<p><strong>EUROPE-MONDE<\/strong><\/p>\n<p><strong>-25 ans apr\u00e8s le trait\u00e9 de Maastricht, &#8220;L&#8217;Europe sociale ne vient pas. L&#8217;esp\u00e9rance est d\u00e9\u00e7ue&#8221; (Fr\u00e9d\u00e9ric Farah, professeur d&#8217;\u00e9conomie, charg\u00e9 de cours \u00e0 la Sorbonne-Nouvelle; interrog\u00e9 par Eric Delvaux; son) :<\/strong> https:\/\/www.franceinter.fr\/emissions\/l-invite-du-5-7\/l-invite-du-5-7-07-fevrier-2017<\/p>\n<p>-&#8220;L&#8217;objectif fondamental de l&#8217;euro n&#8217;est pas atteint. Nous n&#8217;avons que les contraintes macro-\u00e9conomiques&#8221; (Patrick Artus, chef \u00e9conomiste de Natixis, invit\u00e9 de Nicolas Perron; vid\u00e9o) :    https:\/\/www.dailymotion.com\/video\/x5avfye_l-objectif-fondamental-de-l-euro-n-est-pas-atteint-patrick-artus-07-02-2017_news<\/p>\n<p><strong>-&#8220;23 pays de l&#8217;Union europ\u00e9enne violent les r\u00e8gles de qualit\u00e9 de l&#8217;air&#8221; (James Crisp) :  <\/strong> http:\/\/www.euractiv.fr\/section\/climat-environnement\/news\/23-eu-countries-are-breaking-european-air-quality-laws\/?nl_ref=30605673<\/p>\n<p>-Les Etats membres du FMI partag\u00e9s sur la dette grecque : http:\/\/www.lemonde.fr\/economie\/article\/2017\/02\/07\/les-etats-membres-du-fmi-partages-sur-la-dette-grecque_5075621_3234.html<\/p>\n<p><strong>-Le syst\u00e8me hospitalier anglais en crise (vid\u00e9o) : <\/strong> http:\/\/www.francetvinfo.fr\/monde\/royaume-uni\/grande-bretagne-un-systeme-hospitalier-en-crise_2052777.html<\/p>\n<p>-&#8220;Angela Merkel en danger face \u00e0 Martin Schulz (vid\u00e9o) : http:\/\/www.francetvinfo.fr\/monde\/europe\/elections-en-allemagne\/allemagne-angela-merkel-en-danger-face-a-martin-schulz_2052771.html<\/p>\n<p><strong>-La col\u00e8re continue de gronder en Roumanie (le journaliste de la radio roumaine Radu Cibote; son) <\/strong> : https:\/\/www.franceinter.fr\/emissions\/meridien-d-europe\/meridien-d-europe-07-fevrier-2017<\/p>\n<p><strong>-&#8220;Avec Trump, la lev\u00e9e des sanctions contre la Russie n&#8217;est qu&#8217;une question de temps&#8221; (Bezena Kaminska, \u00e9lue polonaise d&#8217;opposition; propos recueillis par Sarantis Michalopoulos) <\/strong> : http:\/\/www.euractiv.fr\/section\/l-europe-dans-le-monde\/interview\/polish-mp-with-trump-lifting-russia-sanctions-is-just-a-matter-of-time\/?nl_ref=30605673<\/p>\n<p>-L&#8217;Union europ\u00e9enne pourrait suspendre les droits de vote de la Pologne : http:\/\/www.euractiv.fr\/section\/europe-de-l-est\/news\/lue-pourrait-suspendre-les-droits-de-vote-de-varsovie\/?nl_ref=30605673<\/p>\n<p>-Un rapport met en garde contre le d\u00e9tournement de l&#8217;aide au d\u00e9veloppement : http:\/\/www.euractiv.fr\/section\/aide-au-developpement\/news\/new-report-warns-on-creative-accounting-diverting-aid-to-housing-refugees-within-eu\/?nl_ref=30605673<\/p>\n<p>-&#8220;La prison de Saidnaya, centre d&#8217;extermination du r\u00e9gime syrien&#8221; (Luc Mathieu) : http:\/\/www.liberation.fr\/planete\/2017\/02\/07\/la-prison-de-saidnaya-centre-d-extermination-du-regime-syrien_1546640?xtor<\/p>\n<p><strong>-Selon un rapport d&#8217;Amnesty International, pr\u00e8s de 13 000 d\u00e9tenus ont \u00e9t\u00e9 tu\u00e9s dans une prison syrienne en 5 ans (vid\u00e9o) <\/strong> : http:\/\/www.francetvinfo.fr\/monde\/revolte-en-syrie\/syrie-13-000-personnes-pendues-dans-une-prison-selon-amnesty-international_2052351.html<\/p>\n<p><em>-L&#8217;enqu\u00eate (vid\u00e9o)<\/em> : https:\/\/www.amnesty.fr\/conflits-armes-et-populations\/actualites\/syrie-lhorrible-prison-de-saidnaya<\/p>\n<p><strong>-Fran\u00e7ois Hollande et Mahmoud Abbas ont r\u00e9agi \u00e0 l&#8217;acc\u00e9l\u00e9ration des annexions de terres palestiniennes par Isra\u00ebl (vid\u00e9o)<\/strong> : http:\/\/www.elysee.fr\/videos\/declaration-conjointe-avec-mahmoud-abbas\/<\/p>\n<p><strong>-Six ans apr\u00e8s la catastrophe, &#8220;un niveau de radiation record d\u00e9tect\u00e9 \u00e0 la centrale nucl\u00e9aire de Fukushima&#8221; (vid\u00e9o) : <\/strong> http:\/\/www.lemonde.fr\/planete\/article\/2017\/02\/03\/un-niveau-de-radiations-record-detecte-a-la-centrale-nucleaire-de-fukushima_5073836_3244.html<\/p>\n<p>-&#8220;L&#8217;Inde se lib\u00e9ralise&#8221; (un reportage de S\u00e9bastien Farcis; son) : https:\/\/www.franceinter.fr\/emissions\/grand-angle\/grand-angle-07-fevrier-2017<\/p>\n<p><strong>CULTURE-MEDIAS<\/strong><\/p>\n<p><strong>-Au mus\u00e9e d&#8217;Orsay, l&#8217;exposition consacr\u00e9e \u00e0 l&#8217;impressionniste Fr\u00e9d\u00e9ric Bazille (Lo\u00efc Prigent; vid\u00e9o) : <\/strong> http:\/\/www.france2.fr\/emissions\/stupefiant\/videos\/la_brigade_du_stup_frederic_bazille_au_musee_dorsay_07-02-2017_1478737?onglet=tous&#038;page=1<\/p>\n<p><strong>-Avec sa flute pr\u00e9historique et ses smartphones, l&#8217;orchestre de Picardie innove (St\u00e9phane Hilarion; vid\u00e9os) :<\/strong> http:\/\/culturebox.francetvinfo.fr\/opera-classique\/musique-classique\/flute-prehistorique-et-choeur-de-smartphones-l-orchestre-de-picardie-innove-252255<\/p>\n<p><strong>-La soir\u00e9e anniversaire des 25 ans du festival &#8220;Suresnes Cit\u00e9s Danse&#8221; (vid\u00e9o) : <\/strong>  http:\/\/culturebox.francetvinfo.fr\/danse\/danse-contemporaine\/suresnes-cites-danse\/soiree-anniversaire-du-festival-suresnes-cites-danse-251769<\/p>\n<p>-&#8220;La personnalit\u00e9 de Mme Fillon suscite chez moi de la compassion. C&#8217;est terrible ce qui lui arrive. Je d\u00e9teste la chasse \u00e0 courre&#8221; (Elisabeth Badinter, pr\u00e9sidente du jury du &#8220;Livre Inter&#8221;, invit\u00e9e de la matinale de France Inter; vid\u00e9os) :<br \/>\nhttp:\/\/www.dailymotion.com\/video\/x5av9ns_elisabeth-badinter-la-personnalite-de-mme-fillon-suscite-chez-moi-de-la-compassion-c-est-terrible-ce_news                      http:\/\/www.dailymotion.com\/video\/x5ava82_elisabeth-badinter-et-le-prix-du-livre-inter-ce-qui-m-a-convaincue-c-est-l-aventure_news<\/p>\n<p>-&#8220;Artistes \u00e0 Bagdad&#8221; (vid\u00e9o) :  http:\/\/www.france2.fr\/emissions\/stupefiant\/videos\/artistes_a_bagdad_06-02-2017_1478745?onglet=tous&#038;page=1<\/p>\n<p><strong>-Juliette Gr\u00e9co a 90 ans. France Culture a marqu\u00e9 le coup (H\u00e9l\u00e8ne Combis-Schlumberger; son et vid\u00e9os) <\/strong> : https:\/\/www.franceculture.fr\/musique\/juliette-greco-jetais-entierement-pourrie-des-choses-les-plus-belles-du-monde-et-je-marchais#xtor<\/p>\n<p>-Sur France Inter, Marc Fauvelle y a pens\u00e9 (vid\u00e9o) : http:\/\/www.dailymotion.com\/video\/x5auy1g_juliette-greco-90-ans-aujourd-hui-le-07h43_news<\/p>\n<p>-Pour les 20 ans de la disparition de Barbara, G\u00e9rard Depardieu sort un disque et monte sur sc\u00e8ne (vid\u00e9o) : http:\/\/culturebox.francetvinfo.fr\/musique\/chanson-francaise\/pour-les-20-ans-de-barbara-depardieu-sort-un-disque-et-monte-sur-scene-252271<\/p>\n<p>-Virginie Efira, interrog\u00e9e par L\u00e9a Salam\u00e9 (vid\u00e9o) : http:\/\/www.france2.fr\/emissions\/stupefiant\/videos\/linterview_virginie_efira_07-02-2017_1478733?onglet=tous&#038;page=1<\/p>\n<p><strong>-Gauvain Sers, la r\u00e9v\u00e9lation de la premi\u00e8re partie du spectacle de  la tourn\u00e9e de Renaud (Jean-Fran\u00e7ois Convert; vid\u00e9os) : <\/strong> http:\/\/culturebox.francetvinfo.fr\/musique\/chanson-francaise\/gauvain-sers-la-revelation-de-la-tournee-de-renaud-252227<\/p>\n<p>-Rock, pop, folk, les concerts de f\u00e9vrier \u00e0 Paris (Fr\u00e9d\u00e9ric P\u00e9guillan) : http:\/\/www.telerama.fr\/sortir\/rock-pop-folk-les-concerts-a-ne-pas-rater-en-fevrier-a-paris,153677.php#xtor=EPR-126-newsletter_tra-20170207<\/p>\n<p><strong>-Sur les traces de la F\u00e9line (Rebecca Manzoni; vid\u00e9o) :  <\/strong> http:\/\/www.dailymotion.com\/video\/x5auy7t_hors-des-sentiers-battus-sur-les-traces-de-la-feline-pop-co_news<\/p>\n<p>-A Vend\u00f4me (41), demain, une collection de 15 000 vinyles mise en vente en un seul lot. Ench\u00e8re de d\u00e9part, 100 euros : http:\/\/culturebox.francetvinfo.fr\/musique\/rock\/une-collection-de-15000-vinyles-mise-aux-encheres-jeudi-prochain-a-vendome-252257<\/p>\n<p>-Du 23 au 25 juin, sur l&#8217;hippodrome de Longchamp, &#8220;Solidays 2017&#8221; (vid\u00e9o) : http:\/\/culturebox.francetvinfo.fr\/musique\/evenements\/solidays-2017-the-prodigy-la-femme-et-les-flatbush-zombies-a-l-affiche-252233<\/p>\n<p>-Les incroyables tambours japonais d&#8217;Eitetsu Hayashi se sont produits \u00e0 &#8220;La Folle journ\u00e9e&#8221; de Nantes : http:\/\/culturebox.francetvinfo.fr\/voyageur-de-notes\/2017\/02\/05\/a-la-folle-journee-les-incroyables-tambours-japonais-deitetsu-hayashi.html<\/p>\n<p><strong>-Les voir et les entendre (vid\u00e9o) <\/strong> : https:\/\/www.youtube.com\/watch?v=otJ95PWVG6c<\/p>\n<p>-&#8220;Les arts de la marionnette auront d\u00e9sormais un label national&#8221; (Audrey Azoulay, ministre de la Culture) :  http:\/\/culturebox.francetvinfo.fr\/scenes\/les-arts-de-la-marionnette-on-desormais-leur-label-national-252249<\/p>\n<p><strong>-Jusqu&#8217;au 1er avril au &#8220;Libert\u00e9&#8221; \u00e0 Toulon, les photos de r\u00e9fugi\u00e9s de Laila Alaoui, un an apr\u00e8s son d\u00e9c\u00e8s (St\u00e9phane Hilarion; vid\u00e9o) : <\/strong> http:\/\/culturebox.francetvinfo.fr\/arts\/photo\/les-photos-de-refugies-de-laila-alaoui-exposees-a-toulon-un-an-apres-son-deces-252239<\/p>\n<p>-Jusqu&#8217;au 23 avril, \u00e0 la Fondation Henri Cartier-Bresson \u00e0 Paris, &#8220;Images \u00e0 la sauvette&#8221;, une exposition sur un livre mythique du photographe (Val\u00e9rie Oddos) : http:\/\/culturebox.francetvinfo.fr\/arts\/photo\/henri-cartier-bresson-images-a-la-sauvette-une-expo-sur-un-livre-mythique-252237<\/p>\n<p>-Le clip publicitaire anti-Trump du site de location de logements Airbnb, diffus\u00e9 pendant la mi-temps du Super Bowl 2017, le programme de l&#8217;ann\u00e9e le plus regard\u00e9 aux Etats-Unis (vid\u00e9o) : http:\/\/www.telerama.fr\/monde\/weaccept-la-belle-pub-anti-trump-d-airbnb-pour-le-super-bowl-2017,153731.php#xtor<\/p>\n<p>-Lady Gaga y a d\u00e9livr\u00e9 un message de tol\u00e9rance (vid\u00e9o) : http:\/\/culturebox.francetvinfo.fr\/musique\/pop\/lady-gaga-delivre-un-message-de-tolerance-au-show-du-super-bowl-252219<\/p>\n<p><strong>-&#8220;Pendant que M\u00e9lenchon se d\u00e9double, Marine Le Pen se multiplie&#8221; (Samuel Gontier)<\/strong> : http:\/\/television.telerama.fr\/television\/l-hologramme-bluffant-l-extremiste-pas-transcendantal-le-pen-national-socialiste,153739.php#xtor<\/p>\n<p><strong>-Pierre P\u00e9an co-signe un documentaire sur la mafia corse diffus\u00e9 par Arte. Il \u00e9tait sur France-Inter (vid\u00e9o) :<\/strong> http:\/\/www.dailymotion.com\/video\/x5avnis_pierre-pean-les-mafieux-cherchent-toujours-des-protections_news<\/p>\n<p><strong>-Voir la premi\u00e8re partie ici (vid\u00e9o) :<\/strong> http:\/\/www.arte.tv\/guide\/fr\/057866-001-A\/mafia-et-republique-1-3<\/p>\n<p>-&#8220;Fran\u00e7ois Fillon s&#8217;en prend \u00e0 &#8220;Envoy\u00e9 sp\u00e9cial&#8221;&#8230; et perd un peu plus en cr\u00e9dibilit\u00e9&#8221; (Thomas B\u00e9card; vid\u00e9o) : http:\/\/television.telerama.fr\/television\/francois-fillon-s-en-prend-a-envoye-special-et-perd-un-peu-plus-en-credibilite,153765.php#xtor<\/p>\n<p><strong>-&#8220;Il a d\u00e9nonc\u00e9 le tribunal m\u00e9diatique&#8221; (J\u00e9r\u00f4me Ivanichtchenko; vid\u00e9o) : <\/strong> http:\/\/www.dailymotion.com\/video\/x5avjt8_conference-de-francois-fillon-le-grand-deballage_news<\/p>\n<p>-Pour la presse \u00e9trang\u00e8re, il est &#8220;un cadavre politique&#8221; (Fran\u00e7ois-Xavier Gomez, Aude Massiot et Martina Castigliani) : http:\/\/www.liberation.fr\/elections-presidentielle-legislatives-2017\/2017\/02\/06\/pour-la-presse-etrangere-smoking-gun-et-cadavre-politique_1546771?xtor<\/p>\n<p>-Apr\u00e8s celles venues de Su\u00e8de et de Norv\u00e8ge avec succ\u00e8s, les s\u00e9ries belges arrivent sur nos \u00e9crans (Pierre Langlais) : http:\/\/www.telerama.fr\/series-tv\/ennemi-public-sur-tf1-il-etait-une-fois-dans-les-ardennes,153340.php#xtor<\/p>\n<p>-Regarder ici les deux premiers \u00e9pisodes de celle diffus\u00e9e par TF1 &#8220;Ennemi public&#8221; (vid\u00e9os) : http:\/\/www.tf1.fr\/tf1\/ennemi-public<\/p>\n<p><strong>-Deux cr\u00e9ations -jamais diffus\u00e9es- du service de la Recherche de l&#8217;ORTF, dirig\u00e9 pendant 15 ans par Pierre Schaeffer (Lucas Armati; vid\u00e9os) : <\/strong> http:\/\/television.telerama.fr\/television\/la-drole-de-speakerine-de-l-ortf,153574.php#xtor<\/p>\n<p><strong>-L&#8217;espace Niemeyer, &#8220;comit\u00e9 central de toutes les \u00e9l\u00e9gances&#8221; (vid\u00e9o) : <\/strong> https:\/\/www.youtube.com\/watch?v=neNTGrUd9_8&#038;feature=share&#038;app=desktop<\/p>\n<p>-&#8220;L&#8217;hologramme de Jean-Luc M\u00e9lenchon&#8221; (Guillaume Meurice; vid\u00e9o) : http:\/\/www.dailymotion.com\/video\/x5asl2j_l-hologramme-de-jean-luc-melenchon-le-moment-meurice_fun<\/p>\n<p>-&#8220;La r\u00e9information&#8221; (vid\u00e9o) : http:\/\/www.dailymotion.com\/video\/x5ax31v_la-reinformation-le-moment-meurice_fun<\/p>\n<p>-&#8220;Tout mettre sur la table&#8221; (Nicolas Canteloup; vid\u00e9o) : http:\/\/www.europe1.fr\/emissions\/la-revue-de-presque\/les-24-heures-du-jmens-de-francois-fillon-2970560<\/p>\n<p>-Anne Roumanoff a appel\u00e9 des habitants de la Sarthe apr\u00e8s la conf\u00e9rence de presse (son) : http:\/\/www.europe1.fr\/emissions\/le-canular-danne-roumanoff\/le-canular-il-sen-sort-bien-par-contre-il-a-pris-un-coup-de-vieux-2971805<\/p>\n<p><strong>-&#8220;Op\u00e9ration v\u00e9rit\u00e9 et transparence&#8221; (Charline Vanhoenacker; vid\u00e9o) : <\/strong> http:\/\/www.dailymotion.com\/video\/x5av27n_operation-verite-et-transparence-le-billet-de-charline_fun<\/p>\n","protected":false},"excerpt":{"rendered":"<p>ACTUALITE -Air France et les syndicats de pilotes n\u00e9gocient sur le projet d&#8217;une nouvelle compagnie low-cost (Christian Menanteau; vid\u00e9o) : http:\/\/www.rtl.fr\/actu\/societe-faits-divers\/air-france-les-pilotes-vont-se-prononcer-sur-le-projet-boost-7787111553 -Chaque ann\u00e9e, pr\u00e8s de 15 000 cancers pourraient \u00eatre \u00e9vit\u00e9s chez les plus d\u00e9favoris\u00e9s : http:\/\/www.lemonde.fr\/sante\/article\/2017\/02\/07\/pres-de-15-000-cancers-pourraient-etre-evites-chaque-annee-chez-les-plus-defavorises_5075607_1651302.html -Les restructurations du CHU de Nancy (vid\u00e9o) : http:\/\/www.francetvinfo.fr\/replay-jt\/france-2\/13-heures\/nancy-les-restructurations-du-chu-de-nancy-pour-lutter-contre-les-deficits_2052369.html -&#8220;Le suicide de notre coll\u00e8gue Emmanuel&#8221; (un communiqu\u00e9 du [&hellip;]<\/p>\n","protected":false},"author":1042,"featured_media":0,"comment_status":"open","ping_status":"open","sticky":false,"template":"","format":"standard","meta":{"_themeisle_gutenberg_block_has_review":false,"footnotes":""},"categories":[151],"tags":[],"class_list":["post-10174","post","type-post","status-publish","format-standard","hentry","category-la-revue-de-presse-de-lulu"],"_links":{"self":[{"href":"https:\/\/archives.regards.fr\/index.php?rest_route=\/wp\/v2\/posts\/10174","targetHints":{"allow":["GET"]}}],"collection":[{"href":"https:\/\/archives.regards.fr\/index.php?rest_route=\/wp\/v2\/posts"}],"about":[{"href":"https:\/\/archives.regards.fr\/index.php?rest_route=\/wp\/v2\/types\/post"}],"author":[{"embeddable":true,"href":"https:\/\/archives.regards.fr\/index.php?rest_route=\/wp\/v2\/users\/1042"}],"replies":[{"embeddable":true,"href":"https:\/\/archives.regards.fr\/index.php?rest_route=%2Fwp%2Fv2%2Fcomments&post=10174"}],"version-history":[{"count":0,"href":"https:\/\/archives.regards.fr\/index.php?rest_route=\/wp\/v2\/posts\/10174\/revisions"}],"wp:attachment":[{"href":"https:\/\/archives.regards.fr\/index.php?rest_route=%2Fwp%2Fv2%2Fmedia&parent=10174"}],"wp:term":[{"taxonomy":"category","embeddable":true,"href":"https:\/\/archives.regards.fr\/index.php?rest_route=%2Fwp%2Fv2%2Fcategories&post=10174"},{"taxonomy":"post_tag","embeddable":true,"href":"https:\/\/archives.regards.fr\/index.php?rest_route=%2Fwp%2Fv2%2Ftags&post=10174"}],"curies":[{"name":"wp","href":"https:\/\/api.w.org\/{rel}","templated":true}]}}