{"id":10171,"date":"2017-02-07T07:11:50","date_gmt":"2017-02-07T06:11:50","guid":{"rendered":"https:\/\/wp.muchomaas.com\/article-la-revue-du-7-fevrier-2017\/"},"modified":"2023-06-23T23:24:04","modified_gmt":"2023-06-23T21:24:04","slug":"article-la-revue-du-7-fevrier-2017","status":"publish","type":"post","link":"https:\/\/archives.regards.fr\/?p=10171","title":{"rendered":"La Revue du 7 f\u00e9vrier 2017"},"content":{"rendered":"<strong>ACTUALITE<\/strong>\n\n<strong>-Avec le revenu universel, il y a &#8220;un risque de logique d&#8217;assistance. Les gens n&#8217;attendent pas des programmes-catalogues. Certains candidats veulent nationaliser  l&#8217;assurance ch\u00f4mage, ce serait une erreur. La d\u00e9fiscalisation des heures suppl\u00e9mentaires m\u00e9rite d&#8217;\u00eatre r\u00e9examin\u00e9e&#8221; (Jean-Claude Mailly, secr\u00e9taire de FO; interrog\u00e9 par Olivier Harmant; vid\u00e9o) <\/strong> : https:\/\/videos.lesechos.fr\/lesechos\/invite-des-echos\/revenu-universel-un-risque-de-logique-dassistance-selon-jean-claude-mailly-fo\/8rrfrs\n\n-&#8220;A Belfort, la commande des TGV menac\u00e9e&#8221; (Lionel Steinmann; vid\u00e9o) : http:\/\/www.lesechos.fr\/industrie-services\/tourisme-transport\/0211766086706-alstom-belfort-la-commande-des-tgv-menacee-2062743.php#xtor\n\n-Des obstacles juridiques ? (vid\u00e9o) : http:\/\/www.francetvinfo.fr\/economie\/transports\/sncf\/alstom-le-plan-de-sauvetage-de-l-usine-de-belfort-en-danger_2051133.html\n\n<strong>-&#8220;Anne Lauvergeon, l&#8217;enfant g\u00e2t\u00e9e de la R\u00e9publique&#8221; (un document de &#8220;Compl\u00e9ment d&#8217;enqu\u00eate&#8221; de Laure Pollez, Benjamin Poulain et Fr\u00e9d\u00e9rique Prigent; vid\u00e9o) <\/strong> :     http:\/\/www.francetvinfo.fr\/societe\/nucleaire\/video-anne-lauvergeon-l-enfant-gatee-de-la-republique_2044071.html\n\n-&#8220;Le fait d&#8217;avoir un r\u00e9seau physique avec des conseillers est un atout&#8221; (Marie-Anne Barbat-Layani, directrice g\u00e9n\u00e9rale de la F\u00e9d\u00e9ration bancaire fran\u00e7aise; interrog\u00e9e par Nicolas Pierron; vid\u00e9o) : https:\/\/www.dailymotion.com\/video\/x5ar0qb_le-fait-d-avoir-un-reseau-physique-avec-des-conseillers-est-un-atout-marie-anne-barbat-layani-06-02_news\n\n-Il est plus facile de changer de banque, dans un d\u00e9lai maximum de 22 jours (Gr\u00e9gory Guermonprez, directeur de la banque en ligne &#8220;Fortuneo&#8221;; son) : http:\/\/www.sudradio.fr\/Podcasts\/L-invite-pour-comprendre\/Gregory-Guermonprez-Directeur-de-Fortuneo-France\n\n<strong>-Les lacs r\u00e9servoirs de la Seine ont soif (Nathalie Fontrel; son) : <\/strong> https:\/\/www.franceinter.fr\/emissions\/planete-environnement\/planete-environnement-06-fevrier-2017\n\n-Pour le tri, un syst\u00e8me de consigne num\u00e9rique (Baptiste Gaborit; son du 6 f\u00e9vrier; son) : https:\/\/www.radioclassique.fr\/radio\/emissions\/matinale-de-radio-classique\/3-minutes-planete\/\n\n-A Nantes, la r\u00e9insertion de d\u00e9tenus (son) : http:\/\/www.sudradio.fr\/Podcasts\/Les-reportages-de-la-matinee\/Reinsertion-des-detenus\n\n<strong>-La Fondation pour la recherche m\u00e9dicale a 70 ans (Thierry Lhermitte; son parrain; vid\u00e9o) <\/strong> : http:\/\/www.francetvinfo.fr\/sante\/soigner\/coeur-artificiel\/fondation-pour-la-recherche-medicale-70-ans-de-decouvertes-cruciales_2051151.html\n\n-Le plus jeune maire de France (divers droite) mis en examen pour &#8220;prise ill\u00e9gale d&#8217;int\u00e9r\u00eats&#8221; et &#8220;complicit\u00e9 de faux et d&#8217;usage de faux&#8221; : http:\/\/www.lexpress.fr\/actualite\/politique\/le-plus-jeune-maire-de-france-mis-en-examen_1876237.html?PMSRC_CAMPAIGN\n\n-&#8220;L&#8217;intrigante r\u00e9serve parlementaire de Jean-Christophe Lagarde&#8221;, pr\u00e9sident de l&#8217;UDI et d\u00e9put\u00e9 de Seine-Saint-Denis (Hugo Domenach et Mathieu Lehot) :                 http:\/\/www.lepoint.fr\/politique\/exclusif-l-intrigante-reserve-parlementaire-de-jean-christophe-lagarde-04-02-2016-2015447_20.php#xtor=CS2-259\n\n<strong>-&#8220;Les faits sont intol\u00e9rables . La police est faite pour prot\u00e9ger les autres&#8221; (Bruno Breschizza, maire LR d&#8217;Aulnay-sous-Bois (93), ancien dirigeant d&#8217;un syndicat de policiers; vid\u00e9o) : <\/strong> http:\/\/rmc.bfmtv.com\/mediaplayer\/video\/policiers-mis-en-examen-les-faits-sont-intolerables-inacceptables-gravissimes-pour-le-maire-d-aulnay-910927.html\n\n-&#8220;La justice est ind\u00e9pendante et elle a fait son travail. Je souhaite qu&#8217;on la laisse le poursuivre sereinement, c&#8217;est le meilleur service qu&#8217;on puisse rendre \u00e0 Th\u00e9o et \u00e0 sa famille. Se trouve pos\u00e9e la question de la relation entre la police et la population ainsi que celle du type d&#8217;intervention&#8221; (Daniel Goldberg, d\u00e9put\u00e9 PS de Seine-Saint-Denis; son) :  http:\/\/www.sudradio.fr\/Podcasts\/L-invite-pour-comprendre\/Daniel-Goldberg-depute-PS-de-Seine-Saint-Denis\n\n<strong>-&#8220;Il y a une exigence vis \u00e0 vis de la justice, la famille veut des r\u00e9ponses&#8221; (Me Eric Dupond-Moretti, avocat du jeune Th\u00e9o; interrog\u00e9 par L\u00e9a Salam\u00e9; vid\u00e9o) :<\/strong> https:\/\/www.franceinter.fr\/emissions\/l-invite-de-7h50\/l-invite-de-7h50-06-fevrier-2017\n\n-La marche de soutien (vid\u00e9o) : http:\/\/www.lci.fr\/faits-divers\/aulnay-sous-bois-theo-fait-le-recit-terrifiant-de-son-interpellation-2024922.html\n\n<strong>POLITIQUE<\/strong>\n\n-&#8220;Le pr\u00e9alable d&#8217;une charte d&#8217;affiliation \u00e0 &#8220;la France insoumise&#8221; est lev\u00e9&#8221; (Pierre Laurent; vid\u00e9o) : http:\/\/www.lcp.fr\/la-politique-en-video\/legislatives-2017-pour-pierre-laurent-le-prealable-dune-charte-daffiliation-la\n\n<strong>-&#8220;Le meeting de Jean-Luc M\u00e9lenchon a \u00e9t\u00e9 un grand succ\u00e8s. Nous le soutenons toujours et nous sommes en campagne dans ce sens l\u00e0. Les responsables politiques de gauche ont besoin de discuter publiquement. Le syst\u00e8me pr\u00e9sidentiel pousse \u00e0 la personnalisation. Nous travaillons \u00e0 une majorit\u00e9 parlementaire qui sera forc\u00e9ment diverse.Il serait aberrant que des forces qui soutiennent le m\u00eame  candidat \u00e0 l&#8217;\u00e9lection pr\u00e9sidentielle s&#8217;opposent aux l\u00e9gislatives. La signature d&#8217;une charte est un probl\u00e8me derri\u00e8re nous. Il faut que l&#8217;on donne la parole aux citoyens et les dirigeants politiques doivent y contribuer. Nous ne construirons pas une majorit\u00e9 avec Emmanuel Macron dont le programme est tr\u00e8s lib\u00e9ral. A Aulnay, les faits sont gravissimes. Il faut reconstruire d&#8217;autres types d&#8217;interventions polici\u00e8res. On attend rapidement une parole forte de l&#8217;Etat sur la question&#8221; (Il <\/strong> \u00e9tait interrog\u00e9 par Elsa Mondin-Gava; vid\u00e9o, amener le curseur sur 30:32) : http:\/\/www.lcp.fr\/emissions\/politique-matin\/279044-politique-matin\n\n-&#8220;A chaque fois qu&#8217;on nous tend la main au lieu de nous insulter, nous sommes toujours heureux&#8221; (Jean-Luc M\u00e9lenchon, cit\u00e9 par Rachid La\u00efreche) : http:\/\/www.liberation.fr\/elections-presidentielle-legislatives-2017\/2017\/02\/05\/melenchon-a-lyon-et-a-paris-et-la-mort-et-la-betise-combien-ca-coute_1546484?xtor\n\n-L&#8217;affaire Fillon &#8220;tourne au calvaire. Je pr\u00e9conise qu&#8217;on n&#8217;emploie aucun membre de sa famille quand on est parlementaire. Emmanuel Macron ignore m\u00eame la r\u00e9alit\u00e9 de la pauvret\u00e9&#8221; (Beno\u00eet Hamon, invit\u00e9 d&#8217;Elizabeth Martichoux; vid\u00e9o) : http:\/\/www.rtl.fr\/actu\/politique\/benoit-hamon-sur-l-affaire-penelope-fillon-cette-histoire-tourne-au-calvaire-7787096347\n\n-&#8220;La gauche n&#8217;a jamais \u00e9t\u00e9 autant en capacit\u00e9 de se rassembler&#8221; (Olivier Faure, porte-parole du PS, face \u00e0 Jean-Jacques Bourdin; vid\u00e9o) : http:\/\/rmc.bfmtv.com\/mediaplayer\/video\/presidentielle-2017-la-gauche-n-a-jamais-ete-autant-en-capacite-de-se-rassembler-910909.html\n\n<strong>-&#8220;Je n&#8217;ai aucun \u00e9tat d&#8217;\u00e2me \u00e0 soutenir Beno\u00eet Hamon. Vous savez, il a vot\u00e9 tous les textes budg\u00e9taires, il a vot\u00e9 le CICE&#8230;il veut simplement \u00e9crire une nouvelle page. Il se rendra compte qu&#8217;une s\u00e9rie d&#8217;organisations soutiennent cette la loi (Travail). Le ni droite ni gauche, je ne sais pas ce que sait&#8221; (Najat Vallaud-Belkacem, invit\u00e9e de la matinale de France Inter. Elle r\u00e9pondait aux questions de Marc Fauvelle et des auditeurs; vid\u00e9o) : <\/strong>   http:\/\/www.dailymotion.com\/video\/x5aqtce_najat-vallaud-belkacem-le-ni-droite-ni-gauche-je-ne-sais-pas-ce-que-c-est_news  http:\/\/www.dailymotion.com\/video\/x5aqvfr_najat-vallaud-belkacem-dans-l-education-on-a-redresse-une-situation-catastrophique_news\n\n-&#8220;L&#8217;Appel des 100 a r\u00e9uni la gauche&#8221; (St\u00e9phane Sahuc) : http:\/\/www.humanite.fr\/lappel-des-100-reunit-la-gauche-631687\n\n-A 18 ans, ils ont choisi Beno\u00eet Hamon (vid\u00e9o) : http:\/\/tempsreel.nouvelobs.com\/videos\/#xtor\n\n-&#8220;Hamon se met \u00e0 y croire&#8221; (Yves Thr\u00e9ard du &#8220;Figaro&#8221;; vid\u00e9o) : http:\/\/www.europe1.fr\/emissions\/ledito-politique-dyves-threard\/hamon-se-met-a-y-croire-2970392\n\n-&#8220;Emmanuel Macron et Jean-Luc M\u00e9lenchon ont choisi Lyon pour s&#8217;opposer \u00e0 Marine Le Pen. Tous les trois captent une partie du rejet du syst\u00e8me. Ils obtiennent une majorit\u00e9 absolue des suffrages alors que les deux partis de gouvernement n&#8217;en rassemblent qu&#8217;un tiers&#8221; (Guillaume Tabard du &#8220;Figaro&#8221;; son du 6 f\u00e9vrier) : https:\/\/www.radioclassique.fr\/radio\/emissions\/matinale-de-radio-classique\/22630-2\/\n\n-&#8220;La position de Fran\u00e7ois Fillon est de plus en plus intenable. A Aulnay, des agissements inacceptables. Il n&#8217;y a pas eu de vols d&#8217;\u00e9tourneaux (du PS) vers Emmanuel Macron&#8221; (le ministre Patrick Kanner, invit\u00e9 de la matinale de Franceinfo; son et vid\u00e9os) :  http:\/\/www.francetvinfo.fr\/replay-radio\/8h30-aphatie\/patrick-kanner-assure-qu-il-n-y-a-pas-eu-de-vol-d-etourneaux-de-socialistes-vers-macron_2043367.html\n\n-&#8220;Si Alain Jupp\u00e9 disait oui, je l&#8217;aiderais&#8221; (Fran\u00e7ois Bayrou, invit\u00e9 de &#8220;On n&#8217;est pas couch\u00e9&#8221;; vid\u00e9o) : http:\/\/www.france2.fr\/emissions\/on-n-est-pas-couche\/videos\/francois_bayrou_-_on_nest_pas_couche_4_fevrier_2017_onpc_05-02-2017_1476975?onglet=tous&#038;page=1\n\n-&#8220;Alain Jupp\u00e9 ne veut pas \u00eatre un candidat de recours&#8221; (Corinne Laurent) : http:\/\/www.la-croix.com\/France\/Alain-Juppe-ne-veut-pas-etre-un-candidat-de-recours-2017-02-06-1200822840?utm_source\n\n<strong>-&#8220;Il faut prendre Donald Trump au s\u00e9rieux. Il est soucieux de garder le contact avec son \u00e9lectorat. La France et l&#8217;Europe sont en voie d&#8217;effacement. La Chine est la question centrale.  Si Fran\u00e7ois Fillon est emp\u00each\u00e9, Alain Jupp\u00e9 doit prendre sa place. Il y a un risque r\u00e9el de voir Marine Le Pen remporter l&#8217;\u00e9lection pr\u00e9sidentielle&#8221; (Dominique de Villepin, interrog\u00e9 par Fabien Namias; vid\u00e9o) : <\/strong> http:\/\/www.europe1.fr\/emissions\/linterview-politique-de-8h20\/dominique-de-villepin-si-francois-fillon-est-empeche-cest-a-alain-juppe-de-prendre-sa-place-2970506\n\n-Pour la presse, &#8220;mal embarqu\u00e9, Fran\u00e7ois Fillon entame une semaine cruciale&#8221; : http:\/\/tempsreel.nouvelobs.com\/presidentielle-2017\/20170206.OBS4877\/mal-embarque-francois-fillon-entame-une-semaine-cruciale-estime-la-presse.html#xtor\n\n-&#8220;Il lance l&#8217;op\u00e9ration survie&#8221; (Christophe Barbier; vid\u00e9o) : http:\/\/www.bfmtv.com\/mediaplayer\/video\/l-edito-de-christophe-barbier-presidentielle-2017-francois-fillon-lance-l-operation-survie-910913.html\n\n-&#8220;Ses occasions manqu\u00e9es&#8221; (Thomas Legrand; son) : https:\/\/www.franceinter.fr\/emissions\/l-edito-politique\/l-edito-politique-06-fevrier-2017\n\n-&#8220;Fillon trublion&#8221; (Jean-Paul Bor\u00e9; pi\u00e8ce jointe);\n\n-&#8220;Pourquoi ses soutiens n&#8217;osent pas se manifester&#8221; (Nicolas Domenach; vid\u00e9o) : http:\/\/www.rtl.fr\/actu\/politique\/presidentielle-2017-les-soutiens-de-fillon-n-osent-pas-se-manifester-car-leurs-motifs-ne-sont-pas-des-plus-nobles-7787096343\n\n-&#8220;M\u00eame si vous faites plus de transparence, vous encouragez la suspicion&#8221; (Julien Aubert, d\u00e9put\u00e9 LR du Vaucluse, auteur de &#8220;Salaud d&#8217;\u00e9lu&#8221;; interrog\u00e9 par Eric Delvaux; son) :  https:\/\/www.franceinter.fr\/emissions\/l-invite-du-5-7\/l-invite-du-5-7-06-fevrier-2017\n\n<strong>-&#8220;Les r\u00e9actions de gens de droite sont tr\u00e8s violentes. Il ne comprend pas ce qu&#8217;on lui reproche. Pour les Fran\u00e7ais, ce n&#8217;est pas la l\u00e9galit\u00e9, mais l&#8217;\u00e9thique. Ils sont tomb\u00e9s de haut et je ne vois pas comment il pourrait continuer&#8221; (Rama Yade, candidate \u00e0 l&#8217;\u00e9lection pr\u00e9sidentielle; invit\u00e9e de &#8220;Territoires d&#8217;Infos&#8221;; vid\u00e9o, amener le curseur sur  33:19) :<\/strong> http:\/\/www.dailymotion.com\/video\/x5aqq7x_invitee-rama-yade-territoires-d-infos-06-02-2017_news\n\n-&#8220;Les \u00e9lecteurs expriment une profonde tristesse. Ils veulent entendre leur candidat parce qu&#8217;ils n&#8217;ont pas \u00e9t\u00e9 convaincus. Le tract n&#8217;a pas \u00e9t\u00e9 distribu\u00e9. Il faut qu&#8217;il soit dans la v\u00e9rit\u00e9&#8221; (Vincent Ledoux, d\u00e9put\u00e9 LR du Nord, interrog\u00e9 par Thomas Sotto; vid\u00e9o) : http:\/\/www.europe1.fr\/emissions\/l-interview-verite\/vincent-ledoux-francois-fillon-peut-rester-candidat-si-la-verite-est-assumee-2970455\n\n-&#8220;La droite Les R\u00e9publicains n&#8217;a que deux solutions, Fran\u00e7ois  Fillon ou Alain Jupp\u00e9&#8221;  (Maurice Szafran et Yves-Marie Cann; vid\u00e9o) : https:\/\/www.dailymotion.com\/video\/x5ar36y_la-droite-les-republicains-n-a-que-deux-solutions-francois-fillon-ou-alain-juppe_news\n\n-&#8220;Ce que r\u00e9v\u00e8le l&#8217;enqu\u00eate du &#8220;Monde&#8221;&#8221; (G\u00e9rard Davet, son coauteur; son ) : http:\/\/www.bfmtv.com\/mediaplayer\/video\/ce-que-revele-l-enquete-du-monde-sur-francois-fillon-son-epouse-et-ses-enfants-911217.html\n\n<strong>-&#8220;De nouveaux \u00e9l\u00e9ments qui fragilisent la d\u00e9fense de Fran\u00e7ois Fillon&#8221; (G\u00e9rard Davet et Fabrice Lhomme du &#8220;Monde&#8221;; pi\u00e8ce jointe);<\/strong>\n\n<strong>-La conf\u00e9rence de presse du candidat de la droite (vid\u00e9o) : <\/strong> http:\/\/www.francetvinfo.fr\/politique\/francois-fillon\/affaires-fillon\/replay-regardez-l-integralite-de-la-conference-de-presse-de-francois-fillon_2051283.html\n\n-Elise Lucet lui r\u00e9pond : http:\/\/www.europe1.fr\/politique\/interview-de-penelope-fillon-elise-lucet-repond-aux-declarations-de-francois-fillon-2971127\n\n<strong>-&#8220;Les incoh\u00e9rences d&#8217;une d\u00e9fense \u00e0 marche forc\u00e9e&#8221; (Lucie Delaporte et Mathilde Mathieu; pi\u00e8ce jointe);\n<\/strong>\n\n-&#8220;Les erreurs et approximations&#8221; (les D\u00e9codeurs du &#8220;Monde&#8221;) : http:\/\/www.lemonde.fr\/les-decodeurs\/article\/2017\/02\/06\/les-erreurs-et-approximations-de-la-defense-de-fillon_5075579_4355770.html\n\n-La r\u00e9ponse du Parquet national financier dont la comp\u00e9tence a \u00e9t\u00e9 mise en cause : http:\/\/www.ouest-france.fr\/politique\/francois-fillon\/le-parquet-national-financier-repond-aux-accusations-de-francois-fillon-4785014\n\n-&#8220;La contre-attaque de Fran\u00e7ois Fillon&#8221; (en d\u00e9bat chez Olivier Galzi sur i-T\u00e9l\u00e9; vid\u00e9o) : http:\/\/www.itele.fr\/chroniques\/grand-decryptage-olivier-galzi\/le-grand-decryptage-du-0000-00-00-000000-172775\n\n-&#8220;Je n&#8217;ai pas tr\u00e8s bien compris la raison de ses excuses. Ce n&#8217;\u00e9tait pas le sujet. Il n&#8217;a apport\u00e9 aucune justification de plus. Je suis candidat face \u00e0 lui. Comment demander des sacrifices aux Fran\u00e7ais quand on se trouve dans cette situation ?&#8221; (Henri Guaino chez Laurence Ferrari; vid\u00e9o) : http:\/\/www.itele.fr\/chroniques\/invite-politique-ferrari-tirs-croises\/linvite-de-laurence-ferrari-du-06022017-172772\n\n-&#8220;Le d\u00e9ni de r\u00e9alit\u00e9 des R\u00e9publicains dessert le pays. Il y a un probl\u00e8me politique. Avec cette affaire, Fran\u00e7ois Fillon prend la droite fran\u00e7aise en otage. Ce qui me pose le plus de questions, c&#8217;est sa soci\u00e9t\u00e9&#8221; (Nicolas Dupont-Aignant sur i-T\u00e9l\u00e9; vid\u00e9o, qui fait travailler sa femme depuis de nombreuses ann\u00e9es) : http:\/\/www.itele.fr\/chroniques\/invite-galzi-jusqua-minuit\/linvite-politique-dolivier-galzi-du-06022017-172774\n\n-22 hommes et 2 femmes dans le Comit\u00e9 de campagne de Fran\u00e7ois Fillon :  http:\/\/www.francetvinfo.fr\/politique\/francois-fillon\/mepris-des-femmes-insupportable-le-comite-de-campagne-de-francois-fillon-epingle-pour-son-manque-de-parite_2051653.html\n\n-&#8220;Sur Fran\u00e7ois Fillon, il y  a deux France. On est sur une incertitude jamais vue. Hamon ringardise M\u00e9lenchon, mais c&#8217;est tr\u00e8s volatile&#8221; (IFOP; son du 6 f\u00e9vrier) : https:\/\/www.radioclassique.fr\/radio\/emissions\/matinale-de-radio-classique\/l-invite-du-matin\/#livePlayer\n\n-&#8220;Macron, c&#8217;est le t\u00e9l\u00e9graphiste des gros int\u00e9r\u00eats financiers. Je propose 75 % de commandes publiques aux entreprises qui produisent en France &#8221; (Nicolas Dupont-Aignan, interrog\u00e9 par Guillaume Durand; vid\u00e9o) : https:\/\/www.dailymotion.com\/video\/x5ar24t_je-propose-75-des-commandes-publiques-aux-entreprises-qui-produisent-en-france-nicolas-dupont-aigna_news\n\n-&#8220;Si on veut une campagne de fond, il vaut mieux qu&#8217;il s&#8217;en aille. Il n&#8217;a convaincu personne. Nous n&#8217;avons pas encore le pr\u00eat pour la campagne. Le vrai scandale, c&#8217;est que le syst\u00e8me bancaire puisse emp\u00eacher une candidature. Nous ouvrons les bras aux patriotes, qu&#8217;ils viennent de droite ou de gauche &#8221; (Florian Philippot, vice-pr\u00e9sident du FN; face \u00e0 Jean-Jacques Bourdin; vid\u00e9o) : http:\/\/www.bfmtv.com\/mediaplayer\/video\/florian-philippot-face-a-jean-jacques-bourdin-en-direct-910935.html\n\n-&#8220;Comment pouvez-vous imaginer que nous portions atteinte \u00e0 la d\u00e9claration des droits de l&#8217;homme. C&#8217;est le peuple qui d\u00e9cidera s&#8217;il veut ou non la pr\u00e9f\u00e9rence nationale. On ira voir nos amis europ\u00e9ens avec autorit\u00e9. S&#8217;il ne veulent pas travailler avec nous, il y aura un r\u00e9f\u00e9rendum. Je les vois mal se passer de la deuxi\u00e8me puissance. Pour l&#8217;instant, le cataclysme annonc\u00e9 avec le Brexit n&#8217;a pas eu lieu&#8221; (Gilbert Collard, d\u00e9put\u00e9 apparent\u00e9 FN du Gard, invit\u00e9 de &#8220;Politique matin&#8221;; vid\u00e9o, amener le curseur sur 11:39 et sur 16:30) : http:\/\/www.lcp.fr\/emissions\/politique-matin\/279044-politique-matin\n\n-&#8220;Marine Le Pen essaie d&#8217;appara\u00eetre moins clivante que son p\u00e8re&#8221; (Alba Ventura; vid\u00e9o) : http:\/\/www.rtl.fr\/actu\/politique\/presidentielle-2017-marine-le-pen-essaie-d-apparaitre-moins-clivante-que-son-pere-analyse-alba-ventura-7787095762\n\n-&#8220;Les circonstances sont favorables pour elle&#8221; (Alain Duhamel; vid\u00e9o) : http:\/\/www.rtl.fr\/actu\/politique\/les-circonstances-sont-favorables-a-marine-le-pen-selon-alain-duhamel-7787064423\n\n<em>-Les intentions de vote \u00e0 l&#8217;\u00e9lection pr\u00e9sidentielle (OPINION-WAY) : <\/em> http:\/\/www.lesechos.fr\/elections\/presidentielle-2017\/0211779276319-sondage-fillon-conserve-un-noyau-dur-2062988.php#xtor=CS1-25\n\n<strong>EUROPE-MONDE<\/strong>\n\n-&#8220;Les Europ\u00e9ens en pleine crise de confiance, \u00e0 la recherche d&#8217;un &#8220;dirigeant fort&#8221; : http:\/\/www.ouest-france.fr\/europe\/en-crise-de-confiance-les-europeens-veulent-un-dirigeant-fort-4784626\n\n-Des Europ\u00e9ens portent plainte contre leurs Etats qui ne luttent pas suffisamment contre le r\u00e9chauffement climatique (Yolaine de la Bigne; son) : http:\/\/www.sudradio.fr\/Podcasts\/Les-reportages-de-la-matinee\/Reinsertion-des-detenus\n\n-Les candidats fran\u00e7ais s&#8217;affrontent sur le projet europ\u00e9en (C\u00e9cile Barbi\u00e8re) : http:\/\/www.euractiv.fr\/section\/elections\/news\/les-canbdidats-francais-saffrontent-sur-le-projet-europeen\/?nl_ref\n\n-Le climat se tend entre le Parlement europ\u00e9en et Theresa May sur le Brexit : http:\/\/www.euractiv.fr\/section\/royaume-uni-en-europe\/news\/le-climat-se-tend-entre-le-parlement-et-theresa-may-sur-le-brexit\/?nl_ref\n\n-L&#8217;ancien pr\u00e9sident de la r\u00e9gion autonome de Catalogne devant la justice (Salom\u00e9 Parent) : http:\/\/www.la-croix.com\/Monde\/Europe\/En-Catalogne-lancien-president-de-la-region-autonome-devant-la-justice-2017-02-06-1200822837?utm_source\n\n-Merkel favorable \u00e0 un accord &#8220;\u00e9quitable&#8221; entre l&#8217;Europe et le Mercosur : http:\/\/www.euractiv.fr\/section\/innovation-entreprises\/news\/merkel-hopes-for-fair-eu-mercosur-trade-deal\/?nl_ref\n\n<strong>-Les deux Irlande \u00e0 l&#8217;heure du Brexit (Antoine Giniaux; son) : <\/strong> https:\/\/www.franceinter.fr\/emissions\/le-zoom-de-la-redaction\/le-zoom-de-la-redaction-06-fevrier-2017\n\n<strong>-O\u00f9 en est l&#8217;Islande ? (Torfi Tulinius de l&#8217;universit\u00e9 de Reykjavik; son) :  <\/strong> https:\/\/www.franceinter.fr\/emissions\/meridien-d-europe\/meridien-d-europe-06-fevrier-2017\n\n-Dans le contexte des mobilisations en Roumanie, la Commission europ\u00e9enne prise \u00e0 partie pour ne pas avoir publi\u00e9 le rapport annuel sur la corruption (Janie Matthews) : http:\/\/www.euractiv.fr\/section\/justice-affaires-interieures\/news\/commission-quietly-shelves-corruption-report\/?nl_ref\n\n<strong>-Trois groupes du Parlement europ\u00e9en refuse l&#8217;ambassadeur propos\u00e9 par les Etats-Unis (Georgi Gotev) :<\/strong> http:\/\/www.euractiv.fr\/section\/l-europe-dans-le-monde\/news\/epp-alde-socialists-and-democrats-leaders-propose-eu-rejects-trumps-ambassador\/?nl_ref=30523628\n\n-A Rome, le pape Fran\u00e7ois cible d&#8217;une campagne d&#8217;affiches (vid\u00e9o) : http:\/\/newscdn.newsrep.net\/h5\/nrvideo.html?r=3&#038;lan=fr_FR&#038;pid=14&#038;id=lb85aa7e4kG_fr&#038;app_lan=fr_FR&#038;mcc=208&#038;declared_lan\n\n-La suspicion subsiste en Roumanie (vid\u00e9o) : http:\/\/newscdn.newsrep.net\/h5\/nrvideo.html?r=3&#038;lan=fr_FR&#038;pid=14&#038;id=9m85aa7e58a_fr&#038;app_lan=fr_FR&#038;mcc=208&#038;declared_lan\n\n-&#8220;Le tournant de Malte&#8221; (Bernard Guetta; son) : https:\/\/www.franceinter.fr\/emissions\/geopolitique\/geopolitique-06-fevrier-2017\n\n<strong>-&#8220;Les d\u00e9put\u00e9s isra\u00e9liens valident l&#8217;expropriation de milliers de lots de terres palestiniennes&#8221; (Piotr Smolar) :<\/strong> http:\/\/www.lemonde.fr\/proche-orient\/article\/2017\/02\/06\/les-deputes-israeliens-votent-la-legalisation-des-avant-postes_5075603_3218.html\n\n<strong>-Dans l&#8217;enfer du trafic d&#8217;\u00eatres humains en Libye :<\/strong>  http:\/\/tempsreel.nouvelobs.com\/galeries-photos\/photo\/20170203.OBS4823\/grand-format-dans-l-enfer-du-trafic-d-etres-humains-en-libye.html#xto\n\n-Les dirigeants europ\u00e9ens s&#8217;allient avec elle &#8220;pour r\u00e9duire l&#8217;immigration&#8221; (Daniela Vincenti) : http:\/\/www.euractiv.fr\/section\/l-europe-dans-le-monde\/news\/eu-leaders-approve-plan-to-curb-migration-from-libya-africa\/?nl_ref=30523628\n\n-James Robart, le juge qui a bloqu\u00e9 le &#8220;muslim ban&#8221; de Trump (Isabelle Hanne; vid\u00e9o) : http:\/\/www.liberation.fr\/planete\/2017\/02\/05\/cinq-choses-a-savoir-sur-james-robart-le-juge-qui-a-bloque-le-muslim-ban-de-trump_1546418?xtor\n\n-&#8220;Trump, premier &#8220;comandante&#8221; des Etats-Unis ou despote arabe ?&#8221; (Catherine Gou\u00ebset) : http:\/\/www.lexpress.fr\/actualite\/monde\/amerique-nord\/trump-premier-comandante-des-etats-unis-ou-despote-arabe_1873557.html\n\n-La p\u00e9dophilie dans l&#8217;Eglise australienne (Marie Malzac) : http:\/\/www.la-croix.com\/Religion\/Ce-que-revelent-les-chiffres-de-la-pedophilie-dans-lEglise-en-Australie-2017-02-06-1200822831?utm_source\n\n<strong>CULTURE-MEDIAS<\/strong>\n\n<strong>-La gauche divis\u00e9e en quatre \u00e0 la pr\u00e9sidentielle de 1969 (&#8220;La Marche de l&#8217;histoire&#8221; de Jean Lebrun; son) :<\/strong> https:\/\/www.franceinter.fr\/emissions\/la-marche-de-l-histoire\/la-marche-de-l-histoire-06-fevrier-2017\n\n-R\u00e9viser le bac blanc de philosophie avec France Culture et &#8220;Le Monde&#8221; (Arthur B\u00e9ranger; sons et vid\u00e9os) : https:\/\/www.franceculture.fr\/philosophie\/bac-philo-sujets-corriges-ecouter#xtor\n\n-A Stampa, le village des Grisons suisses qui a vu grandir Alberto Giacometti (Sophie Cachon) : http:\/\/www.telerama.fr\/scenes\/dans-les-grisons-la-douceur-du-val-suisse-d-alberto-giacometti,153332.php#xtor\n\n<strong>-L&#8217;obsession de Paul C\u00e9zanne pour la montagne Sainte-Victoire \u00e0 Aix-en-Provence (13; vid\u00e9o) :<\/strong> http:\/\/www.francetvinfo.fr\/economie\/emploi\/metiers\/art-culture-edition\/peinture-l-obsession-de-paul-cezanne-pour-la-montagne-sainte-victoire_2051613.html\n\n<strong>-Didier Bezace et sa compagnie th\u00e9\u00e2trale &#8220;L&#8217;ent\u00eatement amoureux&#8221; s&#8217;adressent \u00e0 vous et sollicitent votre soutien (vid\u00e9o) : <\/strong> https:\/\/www.kisskissbankbank.com\/fr\/projects\/fox-le-chien-dans-le-cas-sneijder\n\n<strong>-Pierre Arditti a pr\u00e9sent\u00e9 la pi\u00e8ce chez Laurent Ruquier (vid\u00e9o) : <\/strong> http:\/\/www.france2.fr\/emissions\/on-n-est-pas-couche\/videos\/pierre_arditi_-_on_nest_pas_couche_4_fevrier_2017_onpc_05-02-2017_1476971?onglet=tous&#038;page=1\n\n-A partir du 11 f\u00e9vrier, au Th\u00e9\u00e2tre du Palais Royal, &#8220;Le P&#8217;tit monde de Renaud&#8221;, mis en sc\u00e8ne par Elise Roche (vid\u00e9o) : https:\/\/www.youtube.com\/watch?v=TzE4DVfdWLw&#038;utm_source\n\n<strong>-Au Th\u00e9\u00e2tre de l&#8217;Oeuvre, elle interpr\u00e8te le chef d&#8217;oeuvre d&#8217;Ingmar Berman &#8220;Sc\u00e8nes de la vie conjugale&#8221; aux c\u00f4t\u00e9 de Rapha\u00ebl Personnaz. Laeticia Casta \u00e9tait l&#8217;invit\u00e9e d&#8217;Augustin Trapenard (son) <\/strong> :   https:\/\/www.franceinter.fr\/emissions\/boomerang\/boomerang-06-fevrier-2017\n\n<strong>-Jusqu&#8217;au 15 f\u00e9vrier au Th\u00e9\u00e2tre national de Strasbourg, &#8220;Erich von Stroheim&#8221; dans une mise en sc\u00e8ne de Stanislas Nordey, avec Emmanuelle B\u00e9art (vid\u00e9o) : <\/strong>  http:\/\/culturebox.francetvinfo.fr\/theatre\/theatre-contemporain\/erich-von-stroheim-avec-emmanuelle-beart-amour-sexe-et-imposture-252045\n\n-Romane et Richard Bohringer soutiennent &#8220;la France insoumise&#8221; et Jean-Luc M\u00e9lenchon : http:\/\/france-insoumise-est-var.blogspot.fr\/2017\/01\/romane-et-richard-bohringer-soutiennent.html\n\n-&#8220;Regarder un film avec un enfant est un moment assez magique&#8221; (J\u00e9r\u00e9mie Elka\u00efm; propos recueillis par Guillemette Odicino) : http:\/\/www.telerama.fr\/cinema\/jeremie-elkaim-regarder-un-film-avec-un-enfant-est-un-moment-de-partage-assez-magique,153681.php#xtor\n\n<strong>-Avec &#8220;La La Land&#8221; le jazz s&#8217;invite au cin\u00e9ma et \u00e7a d\u00e9m\u00e9nage ! (la bande sonore du film)<\/strong> : https:\/\/www.youtube.com\/watch?v=wR8QjkUpiew \n\n-Gr\u00e2ce au film, un regain de fr\u00e9quentation au &#8220;Caveau de la Huchette&#8221; (son et vid\u00e9o) : https:\/\/www.franceinter.fr\/emissions\/grand-angle\/grand-angle-06-fevrier-2017\n\n<strong>-&#8220;Le jazz est-il bien repr\u00e9sent\u00e9 au cin\u00e9ma ?&#8221; (Adrien Toffolet; vid\u00e9os) : <\/strong> https:\/\/www.francemusique.fr\/jazz\/le-jazz-est-il-bien-represente-au-cinema-32127\n\n-&#8220;Dans la joie&#8221;, premier album du groupe limougeaud &#8220;Au champ des morts&#8221; (St\u00e9phan Bayle, &#8220;ex-Anorexia Nevrosa&#8221;, interrog\u00e9 par Marie-H\u00e9l\u00e8ne Soenen; son) : http:\/\/www.telerama.fr\/musique\/stefan-bayle-de-au-champ-des-morts-je-voulais-retrouver-un-black-metal-sincere,153567.php#xtor\n\n-Lafayette du groupe &#8220;One Two&#8221;, &#8220;gar\u00e7on pop et f\u00e9minin&#8221; (entretien r\u00e9alis\u00e9 par Erwan Perron; vid\u00e9o) : http:\/\/www.telerama.fr\/musique\/lafayette-garcon-pop-et-feminin,153570.php#xtor\n\n<strong>-&#8220;Arno Future !&#8221; (Rebecca Manzoni; vid\u00e9o) :<\/strong> https:\/\/www.franceinter.fr\/emissions\/pop-co\/pop-co-06-fevrier-2017\n\n<strong>-&#8220;Arno dancing inside my head&#8221;, un documentaire de Pascal Poissonnier, visible ici jusqu&#8217;au 10 f\u00e9vrier (vid\u00e9o) <\/strong> : http:\/\/www.arte.tv\/guide\/fr\/056733-000-A\/arno-dancing-inside-my-head\n\n-Jusqu&#8217;au 10 avril, le Centre Pompidou rend hommage \u00e0 Gaston Lagaffe (Eric Delhaye; vid\u00e9o) : http:\/\/www.telerama.fr\/sortir\/le-centre-pompidou-rend-hommage-a-gaston-lagaffe-l-antiheros-de-franquin,151155.php#xtor\n\n<strong>-Les r\u00e8gles du CSA sur le temps de parole des politiques dans les m\u00e9dias (Sylvie Pierre-Brossolette, une des &#8220;sages&#8221; du Conseil sup\u00e9rieur de l&#8217;audiovisuel; interrog\u00e9e par Bruno Donnet; vid\u00e9o, amener le curseur sur 5:12) : <\/strong> http:\/\/www.dailymotion.com\/video\/x5ar8ap_temps-de-parole-des-politiques-questions-sur-les-regles-du-csa_news\n\n<strong>-&#8220;Ceci est la r\u00e9alit\u00e9 et j&#8217;en fait partie&#8221; (une autre fa\u00e7on de traiter le meeting de Jean-Luc M\u00e9lenchon \u00e0 Lyon-Aubervilliers; vid\u00e9o) :<\/strong>  https:\/\/www.youtube.com\/watch?v=wHJE2xPDF70&#038;feature=youtu.be\n\n<strong>-Le regard sur l&#8217;actualit\u00e9 de Patrick Le Hyaric, directeur de &#8220;L&#8217;Humanit\u00e9&#8221; (vid\u00e9o) : <\/strong> https:\/\/www.youtube.com\/watch?v=bxmG9QfQoU8&#038;feature=youtu.be&#038;app=desktop\n\n-Les politiques attaquent les m\u00e9dias (Marc Baudriller; son du 6 f\u00e9vrier) : https:\/\/www.radioclassique.fr\/radio\/emissions\/matinale-de-radio-classique\/la-vie-des-medias\/\n\n-&#8220;2\/3 des femmes de Trump \u00e9taient des immigr\u00e9es&#8221; : http:\/\/paul.quiles.over-blog.com\/2017\/02\/bien-vu.html\n\n-&#8220;L&#8217;hologramme de Jean-Luc M\u00e9lenchon \u00e9chappe \u00e0 tout contr\u00f4le et s\u00e8me la terreur dans Paris&#8221; (le Gorafi) : http:\/\/www.legorafi.fr\/2017\/02\/06\/lhologramme-de-jean-luc-melenchon-echappe-a-tous-controles-et-seme-la-terreur-dans-paris\/\n\n-&#8220;L&#8217;\u00e9loge fun\u00e8bre de la belle-m\u00e8re&#8221; (Olivier de Benoist; vid\u00e9o) : http:\/\/newscdn.newsrep.net\/h5\/nrvideo.html?r=3&#038;lan=fr_FR&#038;pid=14&#038;id=Va852a6e9xs_fr&#038;app_lan=fr_FR&#038;mcc\n\n<strong>-&#8220;Trois meetings d&#8217;affil\u00e9e&#8221; (Charline Vanhoenacker; vid\u00e9o) : <\/strong> https:\/\/www.franceinter.fr\/emissions\/le-billet-de-charline-vanhoenacker\/le-billet-de-charline-vanhoenacker-06-fevrier-2017\n\n<strong>-&#8220;Marine Le Pen et les sacs \u00e0 marde&#8221; (Sophia Aram; vid\u00e9o) : <\/strong> http:\/\/www.dailymotion.com\/video\/x5aquv4_marine-le-pen-et-les-sacs-a-marde-le-billet-de-sophia-aram_fun\n<h2 class=\"wp-block-heading\">Documents joints<\/h2>\n\n\n\n<div class=\"wp-block-file\"><a href=\"https:\/\/wp.muchomaas.com\/wp-content\/uploads\/2017\/02\/fillon_trublion-b91.pdf\">fillon_trublion.pdf<\/a><\/div>\n\n\n\n<div class=\"wp-block-file\"><a href=\"https:\/\/wp.muchomaas.com\/wp-content\/uploads\/2017\/02\/de_nouveaux_elements_de_l-67e.pdf\">de_nouveaux_elements_de_l.pdf<\/a><\/div>\n\n\n\n<div class=\"wp-block-file\"><a href=\"https:\/\/wp.muchomaas.com\/wp-content\/uploads\/2017\/02\/les_incoherences_d-8cc.pdf\">les_incoherences_d.pdf<\/a><\/div>\n\n\n","protected":false},"excerpt":{"rendered":"<p>ACTUALITE -Avec le revenu universel, il y a &#8220;un risque de logique d&#8217;assistance. Les gens n&#8217;attendent pas des programmes-catalogues. Certains candidats veulent nationaliser l&#8217;assurance ch\u00f4mage, ce serait une erreur. La d\u00e9fiscalisation des heures suppl\u00e9mentaires m\u00e9rite d&#8217;\u00eatre r\u00e9examin\u00e9e&#8221; (Jean-Claude Mailly, secr\u00e9taire de FO; interrog\u00e9 par Olivier Harmant; vid\u00e9o) : https:\/\/videos.lesechos.fr\/lesechos\/invite-des-echos\/revenu-universel-un-risque-de-logique-dassistance-selon-jean-claude-mailly-fo\/8rrfrs -&#8220;A Belfort, la commande des TGV [&hellip;]<\/p>\n","protected":false},"author":1042,"featured_media":0,"comment_status":"open","ping_status":"open","sticky":false,"template":"","format":"standard","meta":{"_themeisle_gutenberg_block_has_review":false,"footnotes":""},"categories":[151],"tags":[],"class_list":["post-10171","post","type-post","status-publish","format-standard","hentry","category-la-revue-de-presse-de-lulu"],"_links":{"self":[{"href":"https:\/\/archives.regards.fr\/index.php?rest_route=\/wp\/v2\/posts\/10171","targetHints":{"allow":["GET"]}}],"collection":[{"href":"https:\/\/archives.regards.fr\/index.php?rest_route=\/wp\/v2\/posts"}],"about":[{"href":"https:\/\/archives.regards.fr\/index.php?rest_route=\/wp\/v2\/types\/post"}],"author":[{"embeddable":true,"href":"https:\/\/archives.regards.fr\/index.php?rest_route=\/wp\/v2\/users\/1042"}],"replies":[{"embeddable":true,"href":"https:\/\/archives.regards.fr\/index.php?rest_route=%2Fwp%2Fv2%2Fcomments&post=10171"}],"version-history":[{"count":0,"href":"https:\/\/archives.regards.fr\/index.php?rest_route=\/wp\/v2\/posts\/10171\/revisions"}],"wp:attachment":[{"href":"https:\/\/archives.regards.fr\/index.php?rest_route=%2Fwp%2Fv2%2Fmedia&parent=10171"}],"wp:term":[{"taxonomy":"category","embeddable":true,"href":"https:\/\/archives.regards.fr\/index.php?rest_route=%2Fwp%2Fv2%2Fcategories&post=10171"},{"taxonomy":"post_tag","embeddable":true,"href":"https:\/\/archives.regards.fr\/index.php?rest_route=%2Fwp%2Fv2%2Ftags&post=10171"}],"curies":[{"name":"wp","href":"https:\/\/api.w.org\/{rel}","templated":true}]}}