{"id":10168,"date":"2017-02-06T07:06:44","date_gmt":"2017-02-06T06:06:44","guid":{"rendered":"https:\/\/wp.muchomaas.com\/article-la-revue-du-6-fevrier-2017\/"},"modified":"2023-06-23T23:24:03","modified_gmt":"2023-06-23T21:24:03","slug":"article-la-revue-du-6-fevrier-2017","status":"publish","type":"post","link":"https:\/\/archives.regards.fr\/?p=10168","title":{"rendered":"La Revue du 6 f\u00e9vrier 2017"},"content":{"rendered":"<strong>ACTUALITE<\/strong>\n\n<em>-Le rapport d&#8217;information de la mission parlementaire relative \u00e0 la faisabilit\u00e9 technique et financi\u00e8re du d\u00e9mant\u00e8lement des installations nucl\u00e9aires de base&#8221; (document) <\/em> : http:\/\/www2.assemblee-nationale.fr\/documents\/notice\/14\/rap-info\/i4428\/%28index%29\/rapports-information\n\n<strong>-Les perturbateurs endocriniens ont fait leur apparition dans la campagne \u00e9lectorale (Danielle Messager; son) <\/strong> : https:\/\/www.franceinter.fr\/emissions\/carnet-de-sante\/carnet-de-sante-04-fevrier-2017\n\n-Les ados et le portable, un ph\u00e9nom\u00e8ne de soci\u00e9t\u00e9 (C\u00e9line Cabourg, interrog\u00e9e par Sandrine Aramon; vid\u00e9o) : http:\/\/www.francetvinfo.fr\/internet\/telephonie\/les-ados-et-le-portable-un-phenomene-de-societe_2049213.html\n\n<strong>-&#8220;La spirale de l&#8217;anorexie dans le monde de la mode&#8221; (l&#8217;ancienne mannequin-vedette Victoire Ma\u00e7on Dauxerre, auteure de &#8220;Jamais assez maigre&#8221;; invit\u00e9e de Patricia Martin; son) <\/strong> : https:\/\/www.franceinter.fr\/emissions\/l-nterview-societe-civile\/l-nterview-societe-civile-05-fevrier-2017\n\n-&#8220;Paris a mis les sportifs en avant pour sa candidature aux JO&#8221; (Armand de Rendinger, consultant international du sport; vid\u00e9o) : http:\/\/newscdn.newsrep.net\/h5\/nrvideo.html?r=3&#038;lan=fr_FR&#038;pid=14&#038;id=ST845d2f7zC_fr&#038;app_lan=fr_FR&#038;mcc\n\n<strong>-&#8220;La r\u00e9surrection des catholiques&#8221; (&#8220;13H15 le dimanche&#8221;; vid\u00e9o) : <\/strong> http:\/\/www.francetvinfo.fr\/replay-magazine\/france-2\/13h15\/13h15-du-dimanche-5-fevrier-2017_2041383.html\n\n-Apr\u00e8s les violences subies par un jeune de 24 ans, vives tensions \u00e0 Aulnay-sous-Bois (93) entre la population et la police (vid\u00e9o) : http:\/\/www.itele.fr\/france\/video\/aulnay-sous-bois-vives-tensions-entre-habitants-et-policiers-172749\n\n<strong>-&#8220;Quatre policiers en garde-\u00e0-vue pour viol&#8221; (Gwenael Bourdon, Nathalie Revenu et Thomas Poupeau; son et vid\u00e9o) <\/strong> : http:\/\/www.leparisien.fr\/faits-divers\/seine-saint-denis-quatre-policiers-en-garde-a-vue-pour-viol-04-02-2017-6654195.php?xtor\n\n-Le maire LR de la ville, Bruno Beschizza, ancien responsable d&#8217;un syndicat de policiers, &#8220;ne comprend pas la requalification des faits&#8221; (son) : https:\/\/www.franceinter.fr\/justice\/violences-policieres-a-aulnay-sous-bois-le-maire-ne-comprend-pas-la-requalification-des-faits\n\n<em>-Un policier mis en examen pour viol, les trois autres pour violences volontaires (le communiqu\u00e9 du parquet de Bobigny) :<\/em> http:\/\/www.lci.fr\/faits-divers\/accusations-de-viol-a-aulnay-sous-bois-un-policier-mis-en-examen-pour-violences-volontaires-2024785.html%3Ftype=content\n\n<strong>POLITIQUE<\/strong>\n\n-Le double meeting de Jean-Luc M\u00e9lenchon \u00e0 Lyon et \u00e0 Aubervilliers (vid\u00e9o) : https:\/\/www.youtube.com\/watch?v=XlnQ801wWf4\n\n<strong>-Son discours depuis les deux lieux (vid\u00e9o) <\/strong> : https:\/\/www.youtube.com\/watch?v=EPqDtPpNkWc\n\n<strong>-&#8220;Jean-Luc M\u00e9lenchon se dit pr\u00eat \u00e0 travailler avec Beno\u00eet  Hamon&#8221; (dans &#8220;Le Parisien&#8221;, entretien r\u00e9alis\u00e9 par Henry Vernet) :<\/strong> http:\/\/www.leparisien.fr\/elections\/presidentielle\/candidats-et-programmes\/jean-luc-melenchon-se-dit-pret-a-travailler-avec-benoit-hamon-05-02-2017-6655962.php\n\n-&#8220;Beno\u00eet Hamon ne nous a toujours pas contact\u00e9s&#8221; (Alexis Corbi\u00e8re, porte-parole de Jean-Luc M\u00e9lenchon, interrog\u00e9 par Florence Cohen; son) : http:\/\/www.rtl.fr\/actu\/politique\/benoit-hamon-melenchon-ne-nous-a-toujours-pas-contactes-s-etonne-alexis-corbiere-7787081572\n\n-Vendredi, le candidat de &#8220;la France insoumise&#8221; \u00e9tait l&#8217;invit\u00e9 du &#8220;20 H&#8221; de TF1 (vid\u00e9o) : https:\/\/www.youtube.com\/watch?v=69d8CDjvvSg&#038;feature=youtu.be\n\n<strong>-Fr\u00e9d\u00e9ric Lordon, l&#8217;\u00e9lection pr\u00e9sidentielle et Jean-Luc M\u00e9lenchon (vid\u00e9o) : <\/strong> https:\/\/www.youtube.com\/watch?v=zQiLa3nS6jc&#038;feature=youtu.be\n\n-Le n\u00b0 313 de &#8220;Cerises&#8221; : http:\/\/www.cerisesenligne.fr\/file\/archive\/cerises-313.pdf\n\n-&#8220;M\u00e9lenchon emp\u00eache la prise de conscience du peuple&#8221; (PARDEM; sans lui, tout irait comme sur des roulettes&#8230;pour les autres candidats) : http:\/\/www.pardem.org\/actualite\/point-de-vue-du-pardem\/609-melenchon-empeche-la-prise-de-conscience-du-peuple\n\n-&#8220;Fran\u00e7ois Fillon est disqualifi\u00e9, il faut le d\u00e9brancher. Je veux la victoire d&#8217;un projet \u00e9cologique, social et europ\u00e9en. Il faut une majorit\u00e9 et un contrat de gouvernement. Si on a le projet, on aura le candidat&#8221; (Yannick Jadot, candidat \u00e9cologiste \u00e0 l&#8217;\u00e9lection pr\u00e9sidentielle; invit\u00e9 de la matinale de Franceinfo; son et vid\u00e9o) : http:\/\/www.francetvinfo.fr\/replay-radio\/8h30-politique\/pour-yannick-jadot-francois-fillon-est-disqualifie-il-faut-le-debrancher_2040511.html\n\n-&#8220;L&#8217;\u00e9cologie, une majorit\u00e9 culturelle absente des d\u00e9bats \u00e0 la pr\u00e9sidentielle&#8221; (Pascal Canfin, directeur g\u00e9n\u00e9ral du WWF France) : http:\/\/www.lejdd.fr\/Politique\/Pascal-Canfin-L-ecologie-une-majorite-culturelle-absente-des-debats-a-la-presidentielle-845159\n\n-Alexis Bachelay, porte-parole de Beno\u00eet Hamon, pr\u00e9f\u00e8rerait &#8220;battre Fran\u00e7ois Fillon \u00e0 la loyale&#8221; (invit\u00e9 de Wendy Bouchard; vid\u00e9o) : http:\/\/www.dailymotion.com\/video\/x5al1u0_alexis-bachelay-battre-francois-fillon-a-la-loyale_news\n\n-Il \u00e9tait l&#8217;invit\u00e9 de &#8220;Dimanche en politique&#8221; en r\u00e9gion Ile-de-France (vid\u00e9o) : http:\/\/pluzz.francetv.fr\/videos\/dimanche_en_politique_paris_ile_de_france_,152956909.html\n\n-Les discours de Christiane Taubira, Anne Hidalgo, Jean-Christophe Cambad\u00e9lis et Jean Jouzel \u00e0 la convention d&#8217;investiture de Beno\u00eet Hamon (vid\u00e9os) :\n<iframe loading=\"lazy\" title=\"Discours de Christiane Taubira \u00e0 la convention d&#039;investiture de Beno\u00eet Hamon\" frameborder=\"0\" width=\"500\" height=\"283\" src=\"https:\/\/geo.dailymotion.com\/player.html?video=x5aobqh&#038;\" allowfullscreen allow=\"autoplay; fullscreen; picture-in-picture; web-share\"><\/iframe>\nhttps:\/\/www.dailymotion.com\/video\/x5ao794_discours-d-anne-hidalgo-lors-de-la-convention-d-investiture-de-benoit-hamon_news                                        https:\/\/www.dailymotion.com\/video\/x5ao94t_discours-de-jean-jouzel-a-la-convention-d-investiture-de-benoit-hamon_news                                           https:\/\/www.dailymotion.com\/video\/x5aojar_discours-de-jean-christophe-cambadelis-a-la-convention-d-investiture-de-benoit-hamon_news  \n\n<strong>-&#8220;Croyez-y de toutes vos forces et nous serons invincibles&#8221; (Le discours de Beno\u00eet Hamon (vid\u00e9o) : <\/strong> https:\/\/www.dailymotion.com\/video\/x5aoj60_discours-de-benoit-hamon-a-la-convention-d-investiture-pour-l-election-presidentielle_news\n\n-&#8220;Il y a beaucoup de raisons de soutenir Hamon&#8221; (le secr\u00e9taire d&#8217;Etat Thierry Mandon; propos recueillis par David Revault d&#8217;Allonnes) : http:\/\/www.lejdd.fr\/Politique\/Thierry-Mandon-Il-y-a-beaucoup-de-raisons-de-soutenir-Hamon-845270\n\n-&#8220;Il doit muscler son discours maintenant qu&#8217;il est entr\u00e9 dans l&#8217;ar\u00e8ne&#8221; (Malek Boutih, d\u00e9put\u00e9 PS de l&#8217;Essonne, soutien de Manuel Valls; vid\u00e9o) : http:\/\/www.bfmtv.com\/mediaplayer\/video\/presidentielle-2017-benoit-hamon-doit-muscler-son-discours-maintenant-qu-il-est-engage-dans-l-arene-malek-boutih-910813.html\n\n-&#8220;Celui qui peut arr\u00eater Donald Trump, c&#8217;est lui-m\u00eame quand il se rendra compte que ses choix desservent les int\u00e9r\u00eats de son pays. Si je peux \u00eatre utile dans le d\u00e9bat, je le ferai pour tel ou tel candidat&#8221; (S\u00e9gol\u00e8ne Royal, invit\u00e9e de &#8220;Dimanche en politique&#8221;, interrog\u00e9e par Francis Letellier; vid\u00e9o) : http:\/\/pluzz.francetv.fr\/videos\/dimanche_en_politique.html\n\n-En Haute-Normandie, face \u00e0 face Laura Thieblemont de &#8220;la France insoumise&#8221;\/Fabien Gouttefarde de &#8220;En Marche&#8221; (vid\u00e9o, amener le curseur sur 3:11) : http:\/\/pluzz.francetv.fr\/videos\/dimanche_en_politique_haute_normandie_,152939183.html\n\n-&#8220;Avec les \u00e9colos et les communistes, Hamon cherche sa gauche plurielle&#8221; (Arthur Nazaret) : http:\/\/www.lejdd.fr\/Politique\/Avec-les-ecolos-et-les-communistes-Hamon-cherche-sa-gauche-plurielle-845129\n\n<strong>-Le meeting d&#8217;Emmanuel Macron \u00e0 Lyon (vid\u00e9o)<\/strong> : https:\/\/www.youtube.com\/watch?v=YDp72tEAuIg&#038;feature=youtu.be\n\n-Le discours de G\u00e9rard Collomb, s\u00e9nateur-maire PS de Lyon (vid\u00e9o) : https:\/\/www.youtube.com\/watch?v=2uPw0ob2ZwU&#038;feature=youtu.be\n\n-&#8220;Marine Le Pen, dont la seule vraie proposition est la division des Fran\u00e7ais, est la v\u00e9ritable adversaire d&#8217;Emmanuel Macron&#8221; (il \u00e9tait l&#8217;invit\u00e9 du &#8220;Grand Rendez-vous&#8221; d&#8217;Europe 1; vid\u00e9o) :  http:\/\/www.dailymotion.com\/video\/x5aocp2_le-grand-rendez-vous-avec-gerard-collomb-et-marion-marechal-le-pen_news\n\n-&#8220;Fillon n&#8217;a pas d&#8217;autre solution que de se retirer de la pr\u00e9sidentielle&#8221; (Fran\u00e7ois Bayrou; vid\u00e9o) : http:\/\/www.lci.fr\/elections\/video-bayrou-sur-lci-fillon-n-a-pas-d-autre-solution-que-de-se-retirer-de-la-presidentielle-2024799.html\n\n-Il \u00e9tait l&#8217;invit\u00e9 du &#8220;Grand Jury RTL&#8221; et a pr\u00e9cis\u00e9 qu&#8217;il n&#8217;avait pas ferm\u00e9 la porte de la pr\u00e9sidentielle mais qu&#8217;en tout \u00e9tat de cause, il ne pouvait plus soutenir Fran\u00e7ois Fillon (son) : http:\/\/www.rtl.fr\/actu\/politique\/francois-bayrou-sera-t-il-candidat-je-n-ai-pas-ferme-cette-porte-7787084743\n\n-Selon &#8220;Le Fiagaro&#8221;, &#8220;finalement, Alain Jupp\u00e9 veut bien \u00eatre un plan B mais seulement si Fran\u00e7ois Fillon est d&#8217;accord&#8221; : http:\/\/www.lci.fr\/elections\/affaire-fillon-finalement-alain-juppe-veut-bien-etre-un-plan-b-mais-seulement-si-francois-fillon-est-d-accord-2024857.html%3Ftype=content\n\n<strong>-&#8220;L&#8217;affaire Fillon et ceux qui prennent leur distance avec la morale alimentent l&#8217;antir\u00e9publicanisme&#8221; (Jean-Louis Debr\u00e9, ancien pr\u00e9sident du Conseil constitutionnel; interrog\u00e9 par Pierre Weill) <\/strong> :  https:\/\/www.franceinter.fr\/emissions\/l-interview-politique\/l-interview-politique-04-fevrier-2017\n\n-&#8220;Quand je vois la situation, finalement, j&#8217;ai \u00e9t\u00e9 d&#8217;un optimisme d\u00e9lirant ces derni\u00e8res ann\u00e9es. Je suis candidat. On a fait du chantage contre moi. Un petit clan a mis la main sur le parti. Dans la Ve R\u00e9publique, il n&#8217;y a pas de candidat d&#8217;un parti. Quelles que soient les d\u00e9cisions de justice, Fran\u00e7ois Fillon ne peut plus mener campagne pour d\u00e9fendre son programme. Alain Jupp\u00e9 a \u00e9t\u00e9 battu pour des raisons de fond comme Nicolas Sarkozy, donc il ne peut pas le remplacer. L&#8217;alternative, c&#8217;est moi. Les deux grands partis peuvent dispara\u00eetre. Si rien ne change, la droite n&#8217;aura pas de candidat au 2e tour. L&#8217;affaire Fillon, ce n&#8217;est plus un probl\u00e8me juridique ni m\u00e9diatique, c&#8217;est un probl\u00e8me politique. Tout le monde cherche quelqu&#8217;un pour pulv\u00e9riser le syst\u00e8me. Macron, Le Pen et M\u00e9lenchon peuvent \u00eatre cet instrument&#8221; (Henri Guaino, d\u00e9put\u00e9 LR des Yvelines, candidat \u00e0 l&#8217;\u00e9lection pr\u00e9sidentielle; invit\u00e9 de &#8220;Questions Politiques&#8221; (vid\u00e9o, amener le curseur sur 15:28) : http:\/\/www.dailymotion.com\/video\/x5aoexj_henri-guaino-invite-de-questions-politiques_news\n\n-Il \u00e9tait l&#8217;invit\u00e9 de &#8220;C Pol\u00e9mique&#8221;, avec Eva Joly, sur le th\u00e8me de la morale en politique (vid\u00e9o) : http:\/\/m.pluzz.francetv.fr\/videos\/c_polemique_saison1_,152959125.html\n   \n-&#8220;Les parlementaires LR p\u00e9trifi\u00e9s&#8221; (Laure Equy) : http:\/\/www.liberation.fr\/elections-presidentielle-legislatives-2017\/2017\/02\/03\/francois-fillon-inebranlable-les-parlementaires-lr-petrifies_1546282?xtor\n\n-&#8220;En une semaine, P\u00e9n\u00e9lope Fillon est pass\u00e9e de complice \u00e0 victime&#8221; (Violaine Morin) : http:\/\/www.lemonde.fr\/big-browser\/article\/2017\/02\/03\/la-perception-de-penelope-fillon-apres-une-semaine-de-scandale-de-complice-a-victime_5074447_4832693.html\n\n-&#8220;Il a dit que sa femme travaillait avec lui dans un cadre personnel. La politique est dure, le soutien de la famille est important. J&#8217;ai surtout vu P\u00e9n\u00e9lope Fillon dans la Sarthe. Je l&#8217;ai vue chez lui, lors de d\u00eeners. Aujourd&#8217;hui, tout le monde est derri\u00e8re lui&#8221; (Eric Ciotti, d\u00e9put\u00e9 LR des Alpes-Maritimes; invit\u00e9 de &#8220;Salut les Terriens&#8221;, interrog\u00e9 par Thierry Ardisson; dur moment pour le d\u00e9put\u00e9 qui est convaincu que &#8220;demain, Fran\u00e7ois Fillon sera un grand pr\u00e9sident&#8221;; vid\u00e9o) : http:\/\/www.c8.fr\/c8-divertissement\/ms-salut-les-terriens\/pid7527-emission.html?vid=1434431\n\n-&#8220;Fran\u00e7ois Fillon est le candidat \u00e0 abattre car il \u00e9tait en passe de devenir pr\u00e9sident de la R\u00e9publique. Aujourd&#8217;hui, je ne r\u00e9mun\u00e8re aucun membre de ma famille. L&#8217;affaire Fillon nous d\u00e9tourne de l&#8217;essentiel qui est la r\u00e9forme dont le pays a besoin&#8221; (il \u00e9tait l&#8217;invit\u00e9 de &#8220;BFM Politique&#8221;; vid\u00e9os) : \nhttp:\/\/www.bfmtv.com\/mediaplayer\/video\/penelope-gate-francois-fillon-est-le-candidat-a-abattre-car-il-etait-en-passe-de-devenir-president-de-la-republique-eric-ciotti-910781.html                                                                                           http:\/\/www.bfmtv.com\/mediaplayer\/video\/politiques-au-quotidien-aujourd-hui-je-ne-remunere-aucun-membre-de-ma-famille-eric-ciotti-910791.html                                http:\/\/www.bfmtv.com\/mediaplayer\/video\/questions-d-eco-l-affaire-fillon-nous-detourne-de-l-essentiel-qui-est-la-reforme-dont-la-france-a-besoin-eric-ciotti-910799.html\n\n-&#8220;La situation est tr\u00e8s triste et douloureuse. Je ne veux pas participer \u00e0 la chasse \u00e0 l&#8217;homme. Il y a le sujet de l&#8217;honn\u00eatet\u00e9 de Fran\u00e7ois Fillon. Sa capacit\u00e9 \u00e0 rester debout est forte. C&#8217;est lui qui a la l\u00e9gitimit\u00e9. Il nous a demand\u00e9 15 jours. La politique s&#8217;est trop \u00e9loign\u00e9e de la r\u00e9alit\u00e9 et de la question de l&#8217;emploi. Le discours de Macron, c&#8217;est un discours d&#8217;artiste mais que fait M.Macron sur le cancer du ch\u00f4mage ? Pour le moment, il n&#8217;y a que Mme Le Pen qui peut atteindre 25% et se qualifier. Elle peut \u00eatre \u00e9lue&#8221; (Jean-Pierre Raffarin; face \u00e0 Laurence Ferrari; vid\u00e9os) :  http:\/\/replay.c8.fr\/video\/1434488      http:\/\/replay.c8.fr\/video\/1434490\n\n-&#8220;M. Fillon ne peut pas \u00eatre candidat \u00e0 l&#8217;\u00e9lection pr\u00e9sidentielle. C&#8217;est impossible&#8221; (Patrick Balkany, d\u00e9put\u00e9 LR des Hauts-de-Seine, qui n&#8217;a pas \u00e9t\u00e9 reconduit par son parti pour les prochaines \u00e9lections l\u00e9gislatives; vid\u00e9o) : http:\/\/www.itele.fr\/politique\/video\/penelope-gate-patrick-balkany-appelle-francois-fillon-a-renoncer-172722\n\n-&#8220;Fillon, tiens bon !&#8221; (Frigide Barjot a lanc\u00e9 une p\u00e9tition pour d\u00e9fendre son candidat) : http:\/\/www.lci.fr\/elections\/affaire-fillon-frigide-barjot-change-org-2024781.html%3Ftype=content\n\n-&#8220;Les d\u00e9\u00e7us de Saint-Germains-en-Laye&#8221; (vid\u00e9o) :  http:\/\/www.itele.fr\/politique\/video\/affaire-fillon-les-decus-de-saint-germain-en-laye-172731\n\n<strong>-Pourquoi la justice va-t-elle si vite ? (Didier Rebut, professeur de droit p\u00e9nal \u00e0 Paris 2 Panth\u00e9on-Assas; interrog\u00e9 par Guillaume Erner; son) : <\/strong> https:\/\/www.franceculture.fr\/emissions\/la-question-du-jour\/penelopegate-pourquoi-la-justice-va-t-elle-si-vite\n\n-&#8220;Moi, on me menace de poursuites pour 27 euros de cantine&#8221; (sur le vif, r\u00e9actions sur l&#8217;affaire Fillon) : http:\/\/www.liberation.fr\/elections-presidentielle-legislatives-2017\/2017\/02\/03\/moi-on-me-menace-de-poursuites-pour-27-euros-de-cantine_1546278?xtor\n\n-&#8220;Fillon doit partir&#8221; (Laurent Joffrin) : http:\/\/www.liberation.fr\/elections-presidentielle-legislatives-2017\/2017\/02\/03\/fillon-doit-partir_1546274?xtor\n\n&#8211;<strong>&#8220;Il a cinq fronts \u00e0 tenir \u00e0 la fois. Il n&#8217;a pas pu contester le montant des sommes. A l&#8217;\u00e9lection pr\u00e9sidentielle, il y a toujours eu une surprise. Cette fois, il n&#8217;y a que des surprises, avec le &#8220;d\u00e9gagisme&#8221; de Jean-Luc M\u00e9lenchon&#8221; (Patrice Duhamel, invit\u00e9 de David Abiker; son, amener le curseur sur 1:12) :<\/strong> http:\/\/www.europe1.fr\/emissions\/c-est-arrive-cette-semaine\/cest-arrive-cette-semaine-040217-2969099\n\n-&#8220;J&#8217;ai embauch\u00e9 ma fille en 2004&#8221; (Bernard Debr\u00e9, d\u00e9put\u00e9 LR de Paris, porte-parole de Fran\u00e7ois Fillon; vid\u00e9o) : http:\/\/videos.leparisien.fr\/video\/bernard-debre-porte-parole-de-francois-fillon-j-ai-embauche-ma-fille-en-2004-30-01-2017-x5a3qb5?xtor\n\n-&#8220;Des millions d&#8217;euros ont \u00e9t\u00e9 siphonn\u00e9s par des s\u00e9nateurs UMP&#8221; (Mathilde Mathieu de &#8220;Mediapart&#8221;; pi\u00e8ce jointe);\n\n-&#8220;Les ch\u00e8ques secrets de Fran\u00e7ois Fillon&#8221; (pi\u00e8ce jointe); \n\n-&#8220;Il faut que M. Fillon s&#8217;adresse au pays car des zones d&#8217;ombres demeurent. Il y a urgence&#8221; (Jean-Fr\u00e9d\u00e9ric Poisson, d\u00e9put\u00e9 des Yvelines; invit\u00e9 du &#8220;Brunch politique&#8221; de Louis Morin (son) : http:\/\/www.sudradio.fr\/Podcasts\/Le-Brunch-Politique\/Jean-Frederic-Poisson2\n\n<em>-68 % des Fran\u00e7ais souhaitent qu&#8217;il retire sa candidature (IFOP-JDD) : <\/em> http:\/\/www.lejdd.fr\/Politique\/SONDAGE-68-des-Francais-souhaitent-que-Fillon-retire-sa-candidature-845096\n\n-&#8220;Je n&#8217;ai jamais re\u00e7u autant de messages de soutien. \u00c7a a commenc\u00e9 quand les Fran\u00e7ais ont d\u00e9couvert le programme de Fran\u00e7ois Fillon. On ne va pas r\u00e9soudre les probl\u00e8mes avec ceux qui les ont cr\u00e9\u00e9s. Je veux convaincre que c&#8217;est moi qui vais battre Macron, qui recycle le PS&#8221;  (Nicolas Dupont-Aignan, candidat de &#8220;Debout la France&#8221; \u00e0 l&#8217;\u00e9lection pr\u00e9sidentielle; interrog\u00e9 par Audrey Crespo-Mara; vid\u00e9o) : http:\/\/www.lci.fr\/replay\/replay-l-invite-politique-du-3-fevrier-2017-nicolas-dupont-aignan-2024586.html\n\n-&#8220;Si Marine Le Pen est \u00e9lue, nous reviendrons \u00e0 une monnaie nationale&#8221; (Louis Alliot, vice-pr\u00e9sident du FN, interrog\u00e9 par Pierre Weill; son) : https:\/\/www.franceinter.fr\/emissions\/l-interview-politique\/l-interview-politique-05-fevrier-2017\n\n-&#8220;Ce serait un comble qu&#8217;elle profite de l&#8217;affaire Fillon&#8221; (Herv\u00e9 Gattegno du JDD; son) : http:\/\/www.europe1.fr\/emissions\/ledito-du-jdd\/laffaire-fillon-peut-elle-vraiment-profiter-a-marine-le-pen-2969699\n\n<strong>-&#8220;Tous anti-syst\u00e8me. A droite, 2\/3 d&#8217;\u00e9lecteurs pensent encore que Fran\u00e7ois Fillon est le meilleur&#8221; (J\u00e9r\u00f4me Fourquet, directeur de l&#8217;institut IFOP; son, amener le curseur sur 1:20) : <\/strong> http:\/\/www.europe1.fr\/emissions\/c-est-arrive-demain\/cest-arrive-demain-david-abiker-050217-2969744\n\n-M. Macron a un certain talent, &#8220;il en faut pour susciter autant d&#8217;\u00e9mulation autour du vide programmatique. Notre objectif, c&#8217;est de nous tourner vers les \u00e9lecteurs du parti r\u00e9publicain en leur disant qu&#8217;il y a le plan M,  le plan Marine, qui va r\u00e9pondre \u00e0 vos attentes&#8221; (Marion Mar\u00e9chal-Le Pen, d\u00e9put\u00e9e FN du Vaucluse; invit\u00e9e du &#8220;Grand Rendez-vous&#8221; d&#8217;Europe 1; vid\u00e9o, amener le curseur sur 18:54) : http:\/\/www.dailymotion.com\/video\/x5aocp2_le-grand-rendez-vous-avec-gerard-collomb-et-marion-marechal-le-pen_news\n\n<strong>-Le meeting de Marine Le Pen \u00e0 Lyon (vid\u00e9o) :<\/strong> https:\/\/www.youtube.com\/watch?v=R-UR_Uqtaho\n\n<strong>-&#8220;Les tracts et les slogans du FN infusent dans la soci\u00e9t\u00e9&#8221; (l&#8217;historienne Val\u00e9rie Igounet; entretien r\u00e9alis\u00e9 par S\u00e9bastien Billard) : <\/strong> http:\/\/tempsreel.nouvelobs.com\/presidentielle-2017\/20170123.OBS4205\/islam-immigration-les-tracts-et-les-slogans-du-fn-infusent-dans-la-societe.html#xtor\n\n<em>-Les intentions de vote \u00e0 l&#8217;\u00e9lection pr\u00e9sidentielle (BVA) : <\/em> http:\/\/www.bva.fr\/fr\/sondages\/intentions_de_vote_a_moins_de_3_mois_de_l_election_presidentielle.html\n\n<strong>EUROPE-MONDE<\/strong>\n\n-Vers une alliance europ\u00e9enne contre le dumping dans le transport routier ? (St\u00e9phane Leneuf; son) : https:\/\/www.franceinter.fr\/emissions\/cafe-europe\/cafe-europe-05-fevrier-2017\n\n<strong>-Le procureur de la Cour supr\u00eame de Pologne demande l&#8217;annulation de l&#8217;acquittement de la sociologue Pinar Selek (Pascal Maillard) : <\/strong> https:\/\/blogs.mediapart.fr\/pascal-maillard\/blog\/040217\/petition-de-soutien-pinar-selek?utm_source\n\n-Face aux manifestations, le pouvoir roumain retire son d\u00e9cret (vid\u00e9o) : http:\/\/www.lci.fr\/international\/video-corruption-face-aux-manifestations-monstres-le-pouvoir-roumain-retire-un-decret-polemique-2024472.html%3Ftype=content\n\n-Malgr\u00e9 ce recul, 500 000 personnes dans les rues (Jean-Baptiste Chastand) : http:\/\/www.lemonde.fr\/europe\/article\/2017\/02\/05\/roumanie-500-000-personnes-manifestent-malgre-le-recul-du-gouvernement_5074983_3214.html\n\n-&#8220;Une \u00e9tonnante ballade sur les pas de la crise bancaire \u00e0 Reykjavik&#8221; (Sabrina Champenois) : http:\/\/www.liberation.fr\/voyages\/2017\/01\/27\/reykjavik-krach-boom-rues_1544503?xtor\n\n<strong>-&#8220;Syrie, patrimoine en danger&#8221; (&#8220;13H15 le samedi&#8221;; vid\u00e9o) : <\/strong> http:\/\/www.francetvinfo.fr\/replay-magazine\/france-2\/13h15\/13h15-du-samedi-4-fevrier-2017_2040159.html\n\n<strong>-Avec &#8220;M\u00e9decins du monde&#8221; en Irak, &#8220;soigner les esprits&#8221; (un reportage de Vanessa Descouraux; son) : <\/strong> https:\/\/www.franceinter.fr\/emissions\/interception\/interception-05-fevrier-2017\n\n-Les d\u00e9fis de la nouvelle Gambie (vid\u00e9o) : http:\/\/newscdn.newsrep.net\/h5\/nrvideo.html?r=3&#038;lan=fr_FR&#038;pid=14&#038;id=a0843ce3eNE_fr&#038;app_lan=fr_FR&#038;mcc\n\n-La justice am\u00e9ricaine bloque provisoirement le d\u00e9cret anti-immigration de Donald Trump (Gilles Paris) : http:\/\/www.lemonde.fr\/ameriques\/article\/2017\/02\/04\/la-justice-americaine-bloque-le-decret-anti-immigration-de-donald-trump_5074495_3222.html\n\n<strong>-&#8220;L&#8217;Am\u00e9rique de Donald Trump&#8221; (la vision de Georges Ayache, ancien diplomate, sp\u00e9cialiste des relations internationales; interrog\u00e9 par David Abiker; son, amener le curseur sur 9:17) : <\/strong>  http:\/\/www.europe1.fr\/emissions\/c-est-arrive-cette-semaine\/cest-arrive-cette-semaine-040217-2969099\n\n-Le parti de Jovenel Mo\u00efse sort vainqueur des \u00e9lections l\u00e9gislatives partielles en Ha\u00efti : http:\/\/www.lemonde.fr\/ameriques\/article\/2017\/02\/04\/legislatives-partielles-en-haiti-le-parti-de-jovenel-moise-sort-vainqueur_5074453_3222.html\n\nCULTURE-MEDIAS\n\n<strong>-&#8220;Histoire mondiale de la France&#8221;, un ouvrage collectif coordonn\u00e9 par l&#8217;historien Patrick Boucheron, professeur au Coll\u00e8ge de France; invit\u00e9 de Yann Barth\u00e8s (vid\u00e9o, amener le curseur sur 2:58) <\/strong> : http:\/\/www.tf1.fr\/tmc\/quotidien-avec-yann-barthes\/videos\/quotidien-premiere-partie-3-fevrier-2017.html\n\n-&#8220;Vers une extension du domaine de la marchandise&#8221; (les sociologues Luc Boltanski et Arnaud Esquerre, charg\u00e9 de recherche au CNRS; invit\u00e9s d&#8217;Olivia Gesbert; son) : https:\/\/www.franceculture.fr\/emissions\/la-grande-table-2eme-partie\/vers-une-extension-du-domaine-de-la-marchandise\n\n<strong>-&#8220;Ce fut ma m\u00e8re qui m&#8217;a appris \u00e0 lire car il fallait bien y passer&#8221; (Jacques Pr\u00e9vert sur France Culture; son) <\/strong> : https:\/\/www.franceculture.fr\/emissions\/les-nuits-de-france-culture\/jacques-prevert-ce-fut-ma-mere-qui-mapprit-lire-car-il-fallait\n\n<strong>-&#8220;Immigration, histoire, \u00e9volutions et tendances&#8221; (un entretien avec la sociologue Catherine Wihtol de Wenden; vid\u00e9o) <\/strong> : https:\/\/www.youtube.com\/watch?v=2royMAiH27s\n\n-Jusqu&#8217;au 12 novembre 2017, l&#8217;histoire de l&#8217;Afrique au mus\u00e9e du Quai Branly (Val\u00e9rie Oddos) : http:\/\/culturebox.francetvinfo.fr\/arts\/evenements\/l-afrique-des-routes-l-histoire-d-un-continent-au-quai-branly-252135\n\n<strong>-&#8220;Centre Pompidou, 40 ans et pas une ride&#8221; (son directeur Serge Lasvignes; son, amener le curseur sur 23:28) <\/strong> : http:\/\/www.europe1.fr\/emissions\/c-est-arrive-cette-semaine\/cest-arrive-cette-semaine-040217-2969099\n\n-Jusqu&#8217;au 30 octobre 2017, au M\u00e9morial de la Shoah, une exposition de BD consacr\u00e9es au g\u00e9nocide des juifs (vid\u00e9o) : http:\/\/www.francetvinfo.fr\/replay-radio\/bd-bande-dessinee\/memorial-de-la-shoah-le-genocide-juif-en-bd_2049217.html\n\n-L\u00e9onore Baulac et Germain Louvet, nouveaux danseurs \u00e9toiles de l&#8217;Op\u00e9ra de Paris, \u00e9taient les invit\u00e9s de Yann Barth\u00e8s (vid\u00e9o, amener le curseur sur 22:50) : http:\/\/www.tf1.fr\/tmc\/quotidien-avec-yann-barthes\/videos\/quotidien-deuxieme-partie-3-fevrier-2017.html\n\n-Au th\u00e9\u00e2tre Ranelagh \u00e0 Paris, &#8220;L&#8217;aigle \u00e0 deux t\u00eates&#8221; de Jean Cocteau, mis en sc\u00e8ne par Issame Chayle (Jacky Bornet; vid\u00e9os) : http:\/\/culturebox.francetvinfo.fr\/theatre\/theatre-contemporain\/l-aigle-a-deux-tetes-les-jeux-de-l-amour-et-du-pouvoir-au-theatre-ranelagh-252087\n\n<strong>-&#8220;Nous sommes la g\u00e9n\u00e9ration Hamlet&#8221; (Thomas Ostermeier, directeur artistique de la Schaub\u00fchne de Berlin, re\u00e7u par Olivia Gesbert; son) : <\/strong> https:\/\/www.franceculture.fr\/emissions\/la-grande-table-1ere-partie\/thomas-ostermeier-nous-sommes-la-generation-hamlet\n\n-Le th\u00e9\u00e2tre d&#8217;Ardoise de l&#8217;\u00eele d&#8217;Ol\u00e9ron, &#8220;contre vents et mar\u00e9es&#8221; (Sophie Rahal) : http:\/\/www.telerama.fr\/scenes\/sur-l-ile-d-oleron-le-theatre-d-ardoise-contre-vents-et-marais,153663.php#xtor\n\n-Natalie Portman dans &#8220;Jackie&#8221;, sur la vie de Jackie Kennedy (les critiques Gr\u00e9goire Lem\u00e9nager de &#8220;L&#8217;Obs&#8221; et Christophe Buisson du &#8220;Figaro Magazine&#8221;; vid\u00e9o) : http:\/\/tempsreel.nouvelobs.com\/videos\/8rv8lv.DGT\/natalie-portman-merite-t-elle-un-oscar-pour-jackie.html\n\n-Laurent Delmas conseille d&#8217;aller voir le film (son) : https:\/\/www.franceinter.fr\/emissions\/la-prescription-cinema-de-laurent-delmas\/la-prescription-cinema-de-laurent-delmas-04-fevrier-2017\n\n<strong>-&#8220;Le Concours&#8221;, Claire Simon a film\u00e9 le concours d&#8217;entr\u00e9e \u00e0 la FEMIS, l&#8217;\u00e9cole nationale des m\u00e9tiers de l&#8217;image et du son (avec un hommage \u00e0 Emmanuel Riva; Christine Masson et Laurent Delmas; son) <\/strong> : https:\/\/www.franceinter.fr\/emissions\/on-aura-tout-vu\/on-aura-tout-vu-04-fevrier-2017\n\n-Jusqu&#8217;au 11 f\u00e9vrier, au festival du court-m\u00e9trage de Clermont-Ferrand, &#8220;on voyage loin&#8221; (Nicolas Didier) :  http:\/\/www.telerama.fr\/cinema\/clermont-ferrand-au-festival-du-court-on-voyage-loin,153668.php#xtor\n\n-&#8220;F\u00e9licit\u00e9&#8221;, le nouveau film d&#8217;Alain Gomis (vid\u00e9o) : http:\/\/www.telerama.fr\/cinema\/regardez-la-bande-annonce-de-fecilite-le-nouveau-film-d-alain-gomis,153667.php#xtor\n\n-&#8220;Silence&#8221;, celui de Martin Scorsese sur le pros\u00e9lytisme catholique dans le Japon du 17e si\u00e8cle (vid\u00e9o) : http:\/\/www.francetvinfo.fr\/societe\/religion\/silence-le-film-de-scorsese-sur-le-proselytisme-catholique-au-japon_2050183.html\n\n-A Papeete, la 14e \u00e9dition du &#8220;Fifo&#8221; qui rassemble les documentaires sur l&#8217;Oc\u00e9anie (Fran\u00e7ois Ekchajzer; vid\u00e9o) : http:\/\/television.telerama.fr\/television\/au-fifo-les-documentaires-rassemblent-l-oceanie,153501.php#xtor\n\n-&#8220;Love Streams&#8221; de John Cassavetes est ressorti en salles (Pierre Murat; vid\u00e9o) : http:\/\/www.telerama.fr\/cinema\/pourquoi-faut-il-revoir-love-streams-de-john-cassavetes,153571.php#xtor\n\n-Dany Boon \u00e9tait l&#8217;invit\u00e9 de Catherine Ceylac dans &#8220;Th\u00e9 ou caf\u00e9&#8221; (vid\u00e9o) : http:\/\/www.france2.fr\/emissions\/the-ou-cafe\/videos\/replay_-_the_ou_cafe_04-02-2017_1476835\n\n-&#8220;A Pr\u00e9sent&#8221; (Vincent Delerm \u00e0 Rouen; Odile Morain; vid\u00e9os) :   http:\/\/culturebox.francetvinfo.fr\/musique\/chanson-francaise\/video-vincent-delerm-offre-un-a-present-chaleureux-a-rouen-252129\n\n-&#8220;O\u00f9 est la r\u00e9volution ?&#8221; (Depeche Mode; Laure Narlian; son) : http:\/\/culturebox.francetvinfo.fr\/musique\/pop\/ou-est-la-revolution-demande-depeche-mode-en-prelude-a-son-nouvel-album-252167\n\n-Retrouver &#8220;The Moody Blues&#8221; (vid\u00e9o de l&#8217;Ina) : http:\/\/www.ina.fr\/video\/I08039483\/the-moody-blues-nights-in-white-satin-video.html\n\n-Et aussi Jimmy Radcliffe avec Fran\u00e7ois Gorin (son) : http:\/\/www.telerama.fr\/musique\/jimmy-radcliffe-o-mon-bateau,153670.php#xtor\n\n-Le retour des &#8220;Motiv\u00e9s&#8221; (Philippe Gagnebet; vid\u00e9o) : http:\/\/www.telerama.fr\/musique\/ami-entends-tu-le-retour-des-motives,153674.php#xtor\n\n-Les bandes-son des jeux vid\u00e9o en concert salle Pleyel (Julie Biet; vid\u00e9os) : http:\/\/www.telerama.fr\/sortir\/quand-les-fans-de-jeux-video-se-passionnent-pour-la-musique-classique,153672.php#xtor\n\n-Le salaire de Laurent Delahousse mentionn\u00e9 par la Cour des comptes (Marjolaine Margue) : http:\/\/www.gqmagazine.fr\/pop-culture\/news\/articles\/france-television-renegocie-la-salaire-de-laurent-delahousse\/49751?utm_source\n\n-&#8220;Seule sa trumpisation pourrait sauver Fran\u00e7ois Fillon&#8221; (Samuel Gontier) : http:\/\/television.telerama.fr\/television\/seule-sa-trumpisation-pourrait-sauver-francois-fillon,153678.php#xtor\n\n-Le &#8220;Canard encha\u00een\u00e9&#8221; et la feuille d&#8217;imp\u00f4t de Jacques Chaban-Delmas (vid\u00e9o de l&#8217;Ina) : http:\/\/www.ina.fr\/video\/I17032123\/jacques-chaban-delmas-a-propos-de-ses-impots-sur-le-revenu-video.html\n\n<strong>-&#8220;L&#8217;hebdomadaire a toujours \u00e9t\u00e9 le cauchemar des politiques&#8221; (Claude Askolovitch; son) <\/strong> : https:\/\/www.franceinter.fr\/emissions\/histoire-et-politique\/histoire-et-politique-05-fevrier-2017\n\n-Enti\u00e8rement consacr\u00e9 \u00e0 la radio et \u00e0 l&#8221;\u00e9coute, le festival &#8220;Longueur d&#8217;ondes&#8221; de Brest s&#8217;est achev\u00e9 dimanche (Aude Dassonville) : http:\/\/www.telerama.fr\/radio\/a-brest-la-radio-et-ses-auditeurs-sur-la-meme-longueur-d-ondes,153288.php#xtor\n\n<strong>-Dans les quartiers dits sensibles, &#8220;les jeunes ont une \u00e9nergie incroyable et sont tr\u00e8s inform\u00e9s. Ils s&#8217;int\u00e9ressent \u00e0 beaucoup de choses, le contraire de ce que l&#8217;on dit d&#8217;eux&#8221; (Yann Gallic, grand reporter \u00e0 France Inter, apr\u00e8s avoir pass\u00e9 du temps dans une classe terminale d&#8217;Aulnay-sous-Bois en Seine-Saint-Denis; interrog\u00e9 par Emmanuelle Daviet; son) :  <\/strong> https:\/\/www.franceinter.fr\/emissions\/interclass\/interclass-05-fevrier-2017\n\n<strong>-Le d\u00e9samour des Fran\u00e7ais \u00e0 l&#8217;\u00e9gard des m\u00e9dias et ses contradictions (Alexandra Ackoun qui a interrog\u00e9 le sociologue des m\u00e9dias Dominique Wolton; son) :<\/strong> https:\/\/www.franceinter.fr\/emissions\/regard-sur-les-medias\/regard-sur-les-medias-04-fevrier-2017\n\n-Sur France Inter, le vendredi \u00e0 21H05, &#8220;Foule sentimentale&#8221; de Didier Varrod, cit\u00e9 par Aude Dassonville : http:\/\/www.telerama.fr\/radio\/france-inter-foule-sentimentale-sur-un-air-libertaire,153019.php#xtor\n\n-La derni\u00e8re \u00e9mission, avec notamment Jane Birkin, Miossec, Arnold Turboust et Christophe (son) : https:\/\/www.franceinter.fr\/emissions\/foule-sentimentale\/foule-sentimentale-03-fevrier-2017\n\n<strong>-&#8220;La m\u00e9lancolie contr\u00f4l\u00e9e, \u00e7a marche quand on a un fond bien solide&#8221; (l&#8217;humoriste Chris Esquerre, invit\u00e9 d&#8217;Eva Bester; son) : <\/strong> https:\/\/www.franceinter.fr\/emissions\/remede-a-la-melancolie\/remede-a-la-melancolie-05-fevrier-2017\n\n<strong>-&#8220;Le dessin de presse dans tous ses \u00e9tats&#8221; (face \u00e0 face Plantu\/Gilles Finchelstein de la Fondation Jean-Jaur\u00e8s; vid\u00e9o)<\/strong> : https:\/\/www.youtube.com\/watch?v=ShNb8G9z2B8\n\n<strong>-L&#8217;interdiction de fumer, un gag du 1er avril 1972 (vid\u00e9o de l&#8217;Ina) : <\/strong> http:\/\/www.ina.fr\/video\/CAF97034496\n\n-Guillon 2017 (vid\u00e9o) : http:\/\/www.c8.fr\/c8-divertissement\/ms-salut-les-terriens\/pid8294-stephane-guillon.html\n\n-&#8220;Allez tous vous faire&#8230;&#8221; (Mathieu Mad\u00e9nian; vid\u00e9o) :                           http:\/\/www.france2.fr\/emissions\/vivement-dimanche\/videos\/mathieu_madenian_allez_tous_vous_faire._29-01-2017_1470877?onglet=tous&#038;page=1\n<h2 class=\"wp-block-heading\">Documents joints<\/h2>\n\n\n\n<div class=\"wp-block-file\"><a href=\"https:\/\/wp.muchomaas.com\/wp-content\/uploads\/2017\/02\/des_millions_d-0b7.pdf\">des_millions_d.pdf<\/a><\/div>\n\n\n\n<div class=\"wp-block-file\"><a href=\"https:\/\/wp.muchomaas.com\/wp-content\/uploads\/2017\/02\/argent_public_detourne_au_senat-680.pdf\">argent_public_detourne_au_senat.pdf<\/a><\/div>\n\n\n","protected":false},"excerpt":{"rendered":"<p>ACTUALITE -Le rapport d&#8217;information de la mission parlementaire relative \u00e0 la faisabilit\u00e9 technique et financi\u00e8re du d\u00e9mant\u00e8lement des installations nucl\u00e9aires de base&#8221; (document) : http:\/\/www2.assemblee-nationale.fr\/documents\/notice\/14\/rap-info\/i4428\/%28index%29\/rapports-information -Les perturbateurs endocriniens ont fait leur apparition dans la campagne \u00e9lectorale (Danielle Messager; son) : https:\/\/www.franceinter.fr\/emissions\/carnet-de-sante\/carnet-de-sante-04-fevrier-2017 -Les ados et le portable, un ph\u00e9nom\u00e8ne de soci\u00e9t\u00e9 (C\u00e9line Cabourg, interrog\u00e9e par Sandrine [&hellip;]<\/p>\n","protected":false},"author":1042,"featured_media":0,"comment_status":"open","ping_status":"open","sticky":false,"template":"","format":"standard","meta":{"_themeisle_gutenberg_block_has_review":false,"footnotes":""},"categories":[151],"tags":[],"class_list":["post-10168","post","type-post","status-publish","format-standard","hentry","category-la-revue-de-presse-de-lulu"],"_links":{"self":[{"href":"https:\/\/archives.regards.fr\/index.php?rest_route=\/wp\/v2\/posts\/10168","targetHints":{"allow":["GET"]}}],"collection":[{"href":"https:\/\/archives.regards.fr\/index.php?rest_route=\/wp\/v2\/posts"}],"about":[{"href":"https:\/\/archives.regards.fr\/index.php?rest_route=\/wp\/v2\/types\/post"}],"author":[{"embeddable":true,"href":"https:\/\/archives.regards.fr\/index.php?rest_route=\/wp\/v2\/users\/1042"}],"replies":[{"embeddable":true,"href":"https:\/\/archives.regards.fr\/index.php?rest_route=%2Fwp%2Fv2%2Fcomments&post=10168"}],"version-history":[{"count":0,"href":"https:\/\/archives.regards.fr\/index.php?rest_route=\/wp\/v2\/posts\/10168\/revisions"}],"wp:attachment":[{"href":"https:\/\/archives.regards.fr\/index.php?rest_route=%2Fwp%2Fv2%2Fmedia&parent=10168"}],"wp:term":[{"taxonomy":"category","embeddable":true,"href":"https:\/\/archives.regards.fr\/index.php?rest_route=%2Fwp%2Fv2%2Fcategories&post=10168"},{"taxonomy":"post_tag","embeddable":true,"href":"https:\/\/archives.regards.fr\/index.php?rest_route=%2Fwp%2Fv2%2Ftags&post=10168"}],"curies":[{"name":"wp","href":"https:\/\/api.w.org\/{rel}","templated":true}]}}