{"id":10162,"date":"2017-02-04T06:48:39","date_gmt":"2017-02-04T05:48:39","guid":{"rendered":"https:\/\/wp.muchomaas.com\/article-la-revue-du-4-fevrier-2017\/"},"modified":"2023-06-23T23:24:02","modified_gmt":"2023-06-23T21:24:02","slug":"article-la-revue-du-4-fevrier-2017","status":"publish","type":"post","link":"https:\/\/archives.regards.fr\/?p=10162","title":{"rendered":"La Revue du 4 f\u00e9vrier 2017"},"content":{"rendered":"<strong>ACTUALITE<\/strong>\n\n<strong>-&#8220;Les salari\u00e9s des TPE confirment  la CGT comme premi\u00e8re organisation, \u00e0 dix points devant la deuxi\u00e8me&#8221; (la CGT) <\/strong> : http:\/\/www.cgt.fr\/Les-salaries-des-TPE-confirment-la.html\n\n-&#8220;EDF au bord du court-circuit&#8221; (Cl\u00e9ment Lesaffre) :  http:\/\/www.europe1.fr\/economie\/edf-au-bord-du-court-circuit-financier-2967683#xtor\n\n<em>-&#8220;D&#8217;autres choix sont possibles&#8221; (la F\u00e9d\u00e9ration CGT des mines et de l&#8217;\u00e9nergie) : <\/em> http:\/\/www.fnme-cgt.fr\/index.php\/communiques\/edf-d-autres-choix-sont-possibles\n\n-&#8220;Un changement de r\u00e9gime pour l&#8217;\u00e9lectricien&#8221; (Christian Menanteau; vid\u00e9o) : http:\/\/www.rtl.fr\/actu\/conso\/edf-face-a-une-nouvelle-realite-economique-7787051006\n\n<strong>-Dans le Finist\u00e8re, rencontre avec les anciens salari\u00e9s de l&#8217;abattoir Gad (la matinale de France Inter; Patrick Cohen; vid\u00e9o) : <\/strong> http:\/\/www.dailymotion.com\/video\/x5ah9hb_emission-speciale-en-direct-de-lampaul-guimiliau-retour-sur-le-plan-social-chez-gad_news\n\n<strong>-Jean-Marc Puchois, le maire de Lampaul-Guimiliau, interrog\u00e9 par Patrick Cohen (vid\u00e9o) :<\/strong> http:\/\/www.dailymotion.com\/video\/x5agw3n_jean-marc-puchois-maire-de-lampaul-guimiliau-repond-aux-questions-de-patrick-cohen_news\n<em>\n-Les Fran\u00e7ais et la finance (ODOXA) :<\/em> http:\/\/www.odoxa.fr\/sondage\/francois-hollande-sest-comporte-ami-de-finance\/\n\n<em>-L&#8217;innovation dans l&#8217;entreprise (ODOXA)<\/em> : http:\/\/www.odoxa.fr\/sondage\/salaries-confiance-a-leurs-entreprises-innover-pointent-nombre-de-freins-a-lever\/\n\n-Eric Valletoux, pr\u00e9sident de la F\u00e9d\u00e9ration hospitali\u00e8re; interrog\u00e9 par Nicolas Pierron; vid\u00e9o) : https:\/\/www.dailymotion.com\/video\/x5aheyl_sur-le-plan-politique-et-democratique-la-situation-est-tres-grave-maurice-szafran-03-02-2017_news\n\n<strong>-&#8220;Les co\u00fbteux int\u00e9rimaires des h\u00f4pitaux&#8221; (vid\u00e9o) : <\/strong> http:\/\/www.francetvinfo.fr\/sante\/professions-medicales\/enquete-les-couteux-interimaires-des-hopitaux_2048841.html\n\n<strong>-La journ\u00e9e mondiale contre le cancer, avec le professeur David Khayat (vid\u00e9o, amener le curseur sur 3:40) : <\/strong> http:\/\/www.itele.fr\/france\/video\/lheure-des-pros-journee-mondiale-contre-le-cancer-172718\n\n<strong>-Le t\u00e9moignage d&#8217;un p\u00e8re, invit\u00e9 de Francis Letellier (vid\u00e9o) : <\/strong> http:\/\/www.francetvinfo.fr\/sante\/cancer\/cancer-des-enfants-le-temoignage-d-un-pere_2047973.html\n\n-Questions autour du d\u00e9pistage par la mammographie (vid\u00e9o) : http:\/\/www.francetvinfo.fr\/sante\/cancer\/cancer-du-sein-le-depistage-par-mammographie-remis-en-cause_2048517.html\n\n<em>-Les Fran\u00e7ais et les services publics (IFOP) <\/em> : http:\/\/www.ifop.fr\/?option=com_publication&#038;type=poll&#038;id=3635\n\n-&#8220;Paris 2024, un projet cr\u00e9\u00e9 par des athl\u00e8tes pour des athl\u00e8tes&#8221; (Marie-Am\u00e9lie Le Fur, championne paralympique, invit\u00e9e de Thomas Sotto; vid\u00e9o) : http:\/\/www.dailymotion.com\/video\/x5ah552_marie-amelie-le-fur-paris-2024-un-projet-cree-par-des-athletes-pour-des-athletes_news\n\n-Au rugby, le risque des commotions c\u00e9r\u00e9brales (J\u00e9r\u00f4me Val; son) : https:\/\/www.franceinter.fr\/emissions\/grand-angle\/grand-angle-03-fevrier-2017\n\n-De 80 \u00e0 115 euros pour pouvoir courir le Marathon de Paris le 9 avril (Hugo Saadi) :  http:\/\/www.telerama.fr\/sortir\/pourquoi-le-tarif-d-inscription-au-marathon-de-paris-est-il-si-eleve,153513.php#xtor\n\n-La gare de Lyon exp\u00e9rimente les premi\u00e8res vespasiennes s\u00e8ches et connect\u00e9es (Xavier de Jarcy) : http:\/\/www.telerama.fr\/scenes\/la-gare-de-lyon-experimente-les-premieres-vespasiennes-seches-et-connectees,153566.php#xtor\n\n-D\u00e9velopper la pratique du v\u00e9lo (Baptiste Gaborit; son du 3 f\u00e9vrier) : https:\/\/www.radioclassique.fr\/radio\/emissions\/matinale-de-radio-classique\/3-minutes-planete\/\n\n-Les d\u00e9marches pour changer de banque sont simplifi\u00e9es (vid\u00e9o) : http:\/\/www.francetvinfo.fr\/economie\/budget\/les-demarches-pour-changer-de-banque-sont-simplifiees_2048123.html\n\n-&#8220;Le parquet national financier commence \u00e0 trouver ses marques&#8221; (Sara Ghibaudo; son) : https:\/\/www.franceinter.fr\/emissions\/dans-le-pretoire\/dans-le-pretoire-03-fevrier-2017\n\n<strong>-Apr\u00e8s l&#8217;attaque du Carrousel du Louvre, la conf\u00e9rence de presse du Procureur de la R\u00e9publique Fran\u00e7ois Molins (vid\u00e9o) :<\/strong> http:\/\/www.francetvinfo.fr\/faits-divers\/un-militaire-agresse-blesse-par-balles-son-assaillant-dans-l-enceinte-du-carrousel-du-louvre-suivez-notre-direct_2048073.html\n \n<strong>POLITIQUE<\/strong>\n\n-&#8220;On veut de la clart\u00e9 ! Nous n&#8217;irons pas derri\u00e8re quelqu&#8217;un qui veut nous embobiner&#8221; (Alexis Corbi\u00e8re, porte parole de Jean-Luc M\u00e9lenchon; vid\u00e9o) :  http:\/\/www.lcp.fr\/la-politique-en-video\/corbiere-sur-hamon-veut-de-la-clarte-nous-nirons-pas-derriere-quelquun-qui-0\n\n<strong>-&#8220;Invit\u00e9 de &#8220;Politique Matin&#8221;, il r\u00e9pondait aux questions de Brigitte Boucher (vid\u00e9o, amener le curseur sur 29:24) <\/strong> : http:\/\/www.lcp.fr\/emissions\/politique-matin\/279043-politique-matin\n\n-&#8220;Beno\u00eet Hamon ne demande pas une candidature unique puis qu&#8217;il a dit qu&#8217;en tout \u00e9tat de cause il y aura un bulletin &#8220;Hamon&#8221; \u00e0 l&#8217;\u00e9lection pr\u00e9sidentielle. Ce qu&#8217;il propose, c&#8217;est de constituer une nouvelle majorit\u00e9 parlementaire. &#8220;D&#8217;accord&#8221; lui a r\u00e9pondu Jean-Luc M\u00e9lenchon, mais dans la clart\u00e9. Reprenant l&#8217;expression &#8220;tourner la page&#8221; utilis\u00e9e par Beno\u00eet Hamon, Jean-Luc M\u00e9lenchon a pr\u00e9cis\u00e9 qu&#8217;on ne pouvait le faire avec ceux qui l&#8217;ont \u00e9crite&#8221; (Danielle Simonnet, porte parole du candidat de &#8220;la France insoumise&#8221;; vid\u00e9o) :  http:\/\/rmc.bfmtv.com\/mediaplayer\/video\/union-hamon-melenchon-on-ne-peut-pas-tourner-cette-page-avec-ceux-qui-l-ont-ecrite-910117.html\n\n-&#8220;Demain, \u00e0 quoi va ressembler l&#8217;hologramme de Jean-Luc M\u00e9lenchon ?&#8221; (Gr\u00e9gory Rozi\u00e8res et Pierre Tremblay; vid\u00e9o) : http:\/\/www.huffingtonpost.fr\/2017\/02\/02\/video-voici-a-quoi-va-ressembler-lhologramme-de-jean-luc-melen\/\n\n-&#8220;Le vieux roublard M\u00e9lenchon n&#8217;a pas envie de jouer au chat et \u00e0 la souris avec Hamon&#8221; (Alba Ventura; vid\u00e9o) : http:\/\/www.rtl.fr\/actu\/politique\/edito-presidentielle-2017-melenchon-hamon-7787051118\n\n-&#8220;Comment Jean-Luc M\u00e9lenchon a &#8220;ub\u00e9ris\u00e9&#8221; la politique fran\u00e7aise&#8221; (Jean-Christophe Catalon) : http:\/\/www.latribune.fr\/technos-medias\/internet\/comment-jean-luc-melenchon-a-uberise-la-politique-francaise-635778.html\n\n-&#8220;Animal politique&#8221; (Pauline Graulle) : http:\/\/www.politis.fr\/articles\/2017\/02\/jean-luc-melenchon-animal-politique-36249\/\n\n-Son interview dans &#8220;Familles chr\u00e9tiennes&#8221; : http:\/\/www.famillechretienne.fr\/politique-societe\/presidentielle-2017\/je-suis-de-culture-catholique-je-connais-la-maison-!-212179\n\n-Dans &#8220;T\u00eatu&#8221; : http:\/\/tetu.com\/2017\/02\/03\/jean-luc-melenchon-mot-mariage-prete-a-confusion\/\n\n-&#8220;Les frondeurs changent de camp&#8221; (vid\u00e9o) : http:\/\/www.lcp.fr\/la-politique-en-video\/groupe-socialiste-les-frondeurs-changent-de-camp\n\n-&#8220;Ils n&#8217;\u00e9taient pas frondeurs&#8221; (Edwy Penel de Mediapart; vid\u00e9o) : https:\/\/www.dailymotion.com\/video\/x577vta_edwy-plenel-les-frondeurs-n-etaient-pas-frondeurs-ils-rappelaient-le-programme-politique-sur-lequel_news\n\n-R\u00e9solution sur le CETA, le groupe PS s&#8217;abstient pour pr\u00e9server son unit\u00e9 (un avant go\u00fbt de ce qui pourrait se passer demain ?&#8221; (Maxence Kagni) : http:\/\/www.lcp.fr\/actualites\/resolution-sur-le-ceta-le-groupe-ps-sabstient-pour-concilier-les-positions-de-hamon-et-du\n\n<em>-&#8220;Rassemblement \u00e0 gauche, assez de paroles, des actes &#8221; (texte collectif; pi\u00e8ce jointe);<\/em>\n\n-&#8220;Pour gagner, Hamon et M\u00e9lenchon doivent s&#8217;engager aujourd&#8217;hui \u00e0 gouverner ensemble&#8221; (G\u00e9rard Filoche, membre du Bureau national du PS) : http:\/\/www.huffingtonpost.fr\/gerard-filoche\/hamon-melenchon-legislatives\/\n\n-&#8220;Hamon-M\u00e9lenchon, l&#8217;impossible accord&#8221; (Thomas Legrand; son) : https:\/\/www.franceinter.fr\/emissions\/l-edito-politique\/l-edito-politique-03-fevrier-2017\n\n-&#8220;Yannick Jadot va vraisemblablement rejoindre Beno\u00eet Hamon. Dans un autre pays, Fran\u00e7ois Fillon ne serait plus candidat. Macron va gagner la pr\u00e9sidentielle, il y aura des quadrangulaires aux l\u00e9gislatives et aucun parti n&#8217;aura la majorit\u00e9&#8221; (Daniel Cohn-Bendit, invit\u00e9 d&#8217;Audrey Crespo-Mara; vid\u00e9o) : http:\/\/www.lci.fr\/replay\/replay-l-invite-de-8h45-de-lci-matin-du-3-fevrier-2017-daniel-cohn-bendit-2024601.html\n\n<em>-Le barom\u00e8tre de l&#8217;ex\u00e9cutif (YOUGOV) : <\/em> https:\/\/fr.yougov.com\/news\/2017\/02\/02\/resultats-du-barometre-yougov-france-le-huffington\/\n\n-&#8220;On prendra les candidats qui seront l\u00e0 le 23 avril&#8221;. Affaire Fillon, &#8220;il y a un probl\u00e8me de droit et un probl\u00e8me d&#8217;\u00e9thique. Il faut laisser \u00e0 la justice le temps de faire son travail. Le pays a \u00e9t\u00e9 dirig\u00e9 par des politiques qui sont l\u00e0 depuis 30 ans, or le pays ne va pas aussi bien que \u00e7a. Candidat du travail, Emmanuel Macron est un des rares \u00e0 avoir travaill\u00e9. Beno\u00eet Hamon est le candidat de la gauche de l&#8217;illusion. Emmanuel Macron est le seul \u00e0 pouvoir emp\u00eacher un deuxi\u00e8me tour entre la droite et l&#8217;extr\u00eame-droite&#8221; (Benjamin Griveaux, porte-parole d&#8217;Emmanuel Macron, interrog\u00e9 par Jeff Wittenberg; vid\u00e9o) : http:\/\/www.france2.fr\/emissions\/telematin\/actu\/les-4-verites-benjamin-griveaux_551083\n\n-L&#8217;avocat de P\u00e9n\u00e9lope &#8220;explique&#8221; l&#8217;extrait diffus\u00e9 par &#8220;Envoy\u00e9 Sp\u00e9cial&#8221; (son) : http:\/\/www.rtl.fr\/actu\/politique\/affaire-penelope-fillon-l-avocat-explique-l-extrait-diffuse-par-envoye-special-7787046648\n\n-&#8220;Le message de Fran\u00e7ois Fillon \u00e0 ses soutiens&#8221; (vid\u00e9o) : https:\/\/www.fillon2017.fr\/2017\/02\/03\/message-aux-soutiens\/\n\n-&#8220;Il a choisi de mobiliser ses \u00e9lecteurs contre le syst\u00e8me m\u00e9diatico-politique. P\u00e9n\u00e9lope Fillon n&#8217;\u00e9tait pas sa secr\u00e9taire, c&#8217;\u00e9tait sa collaboratrice&#8221; (J\u00e9r\u00f4me Chartier, d\u00e9put\u00e9 LR du Val-d&#8217;Oise, conseiller sp\u00e9cial du candidat de la droite; interrog\u00e9 par Ruth Elkrief; vid\u00e9o) : http:\/\/www.bfmtv.com\/mediaplayer\/video\/penelope-gate-francois-fillon-dit-comprendre-le-trouble-et-assure-qu-il-tiendra-bon-910427.html\n\n-&#8220;Il n&#8217;y a pas d&#8217;emploi fictif dans le m\u00e9tier d&#8217;assistant parlementaire parce que c&#8217;est le parlementaire qui d\u00e9finit la fa\u00e7on de travailler. Il y a une libert\u00e9 de l&#8217;employeur d&#8217;organiser son travail !&#8221; (G\u00e9rard Longuet, s\u00e9nateur LR de la Meuse; vid\u00e9o) : http:\/\/www.lcp.fr\/la-politique-en-video\/il-ny-pas-demploi-fictif-dans-le-metier-dassistant-parlementaire-assure\n\n-Il \u00e9tait l&#8217;invit\u00e9 de &#8220;Politique Matin&#8221; et r\u00e9pondait aux questions de Brigitte Boucher (vid\u00e9o, amener le curseur sur 30:29) : http:\/\/www.lcp.fr\/emissions\/politique-matin\/279042-politique-matin\n\n<strong>-&#8220;Avec cette affaire, on ne peut plus parler de l&#8217;avenir de notre pays. La campagne est pollu\u00e9e, elle avait d&#8217;ailleurs mal commenc\u00e9 avant l&#8217;affaire, je l&#8217;avais dit. Fran\u00e7ois Fillon a cru qu&#8217;il avait gagn\u00e9 l&#8217;\u00e9lection pr\u00e9sidentielle parce qu&#8217;il avait remport\u00e9 la primaire. Ce qui choque, c&#8217;est le montant des sommes. Un million d&#8217;euros, c&#8217;est \u00e9norme. Il faut qu&#8217;il reprenne contact avec les \u00e9lus et les militants. Il y a un plan A, c&#8217;est Fran\u00e7ois Fillon. Si on n&#8217;avait un plan B, \u00e7a se saurait. Moi, je ne fais pas les coups dans le dos, je les fais en direct&#8221;  (Rachida Dati, eurod\u00e9put\u00e9e LR, interrog\u00e9e par Jean-Jacques Bourdin; vid\u00e9o) : <\/strong> http:\/\/www.bfmtv.com\/mediaplayer\/video\/rachida-dati-face-a-jean-jacques-bourdin-en-direct-910127.html\n\n-Georges Fenech, d\u00e9put\u00e9 LR du Rh\u00f4ne, &#8220;veut redonner la parole aux militants&#8221; (vid\u00e9o) : http:\/\/www.lcp.fr\/la-politique-en-video\/affaire-fillon-fenech-veut-redonner-la-parole-aux-militants\n\n-Il \u00e9tait invit\u00e9 de &#8220;Politique matin&#8221; (vid\u00e9o, amener le curseur sur 11:09) : http:\/\/www.lcp.fr\/emissions\/politique-matin\/279042-politique-matin\n\n-&#8220;Il faut changer de tactique sans d\u00e9lai&#8221; (interrog\u00e9 par Yves Calvi; vid\u00e9o) : http:\/\/www.rtl.fr\/actu\/societe-faits-divers\/affaire-penelope-fillon-il-faut-changer-de-tactique-sans-delai-previent-georges-fenech-7787035034\n\n-Laurent Wauquiez, pr\u00e9sident LR de la r\u00e9gion Auvergne Rh\u00f4ne-Alpes, demande \u00e0 Fran\u00e7ois Fillon d&#8217;apporter des r\u00e9ponses &#8220;parce qu&#8217; il y a des doutes&#8221; (son, amener le curseur sur 3:30) : https:\/\/www.franceinter.fr\/emissions\/le-journal-de-7h30\/le-journal-de-7h30-03-fevrier-2017\n\n<strong>-&#8220;Fillon risque de mettre la droite hors-jeu de l&#8217;\u00e9lection pr\u00e9sidentielle. On va se retrouver avec un face \u00e0 face Emmanuel Macron\/Marine Le Pen&#8221; (Henri Guaino, d\u00e9put\u00e9 LR des Yvelines, candidat \u00e0 l&#8217;\u00e9lection pr\u00e9sidentielle; interrog\u00e9 par Guillaume Durand; vid\u00e9o) <\/strong> : https:\/\/www.dailymotion.com\/video\/x5aheid_on-va-se-retrouver-avec-un-face-a-face-emmanuel-macronl-marine-le-pen-henri-guaino-03-02-2017_news\n\n-&#8220;Il recule de 11 points chez les \u00e9lecteurs de Nicolas Sarkozy de 2012. Les \u00e9lectorats sont tr\u00e8s volatiles&#8221; (Bernard Sanan\u00e8s, pr\u00e9sident de l&#8217;institut ELABE; son du 2 f\u00e9vrier) : https:\/\/www.radioclassique.fr\/radio\/emissions\/matinale-de-radio-classique\/l-invite-du-matin\/\n\n<em>-61% des Fran\u00e7ais souhaitent qu&#8217;il renonce d\u00e8s \u00e0 pr\u00e9sent (ODOXA) : <\/em> http:\/\/www.odoxa.fr\/sondage\/francais-souhaitent-fillon-renonce-a-present\/\n\n<em>-Le m\u00eame (HARRIS) : <\/em> http:\/\/harris-interactive.fr\/opinion_polls\/les-francais-souhaitent-ils-que-francois-fillon-maintienne-sa-candidature\/\n\n<em>-Macron plus capable que Fillon pour redresser l&#8217;\u00e9conomie (ODOXA) : <\/em> http:\/\/www.odoxa.fr\/sondage\/fillon-patine-leconomie-apparait-desormais-credible-macron\/\n\n-&#8220;Pourquoi Jupp\u00e9 ne veut-il pas \u00eatre un plan B ?&#8221; (Yves Thr\u00e9ard du &#8220;Figaro&#8221;; vid\u00e9o) : http:\/\/www.dailymotion.com\/video\/x5agxnf_pourquoi-juppe-ne-veut-pas-etre-un-plan-b_news\n\n-&#8220;P\u00e9n\u00e9lope Fillon ne m\u00e9rite pas \u00e7a. Il y a un d\u00e9calage entre les d\u00e9clarations publiques des dirigeants de la droite et les pressions qui s&#8217;exercent sur eux pour pousser Fran\u00e7ois Fillon \u00e0 renoncer. La journ\u00e9e de mardi sera d\u00e9cisive mais c&#8217;est toujours le brouillard sur le plan B&#8221; (Guillaume Tabard du &#8220;Figaro&#8221;; son du 3 f\u00e9vrier) : https:\/\/www.radioclassique.fr\/radio\/emissions\/matinale-de-radio-classique\/22630-2\/\n\n-&#8220;Un long naufrage&#8221; (Alain Minc, invit\u00e9 de la matinale de Franceinfo; son et vid\u00e9os) : http:\/\/www.francetvinfo.fr\/replay-radio\/8h30-aphatie\/alain-minc-l-affaire-penelope-fillon-ressemble-a-un-long-naufrage_2039295.html\n\n-&#8220;La droite vacille&#8221; (Christophe Barbier) : http:\/\/www.bfmtv.com\/mediaplayer\/video\/l-edito-de-christophe-barbier-la-droite-vascille-910105.html\n\n-&#8220;Sur le plan politique et d\u00e9mocratique, la situation est tr\u00e8s grave&#8221; (Maurice Szafran; vid\u00e9o) : https:\/\/www.dailymotion.com\/video\/x5aheyl_sur-le-plan-politique-et-democratique-la-situation-est-tres-grave-maurice-szafran-03-02-2017_news\n\n&#8211;<strong>&#8220;Une campagne pr\u00e9sidentielle d\u00e9natur\u00e9e&#8221; (l&#8217;\u00e9ditorial du &#8220;Monde&#8221; : <\/strong> http:\/\/www.lemonde.fr\/idees\/article\/2017\/02\/03\/une-campagne-presidentielle-denaturee_5074035_3232.html?xtmc=marine_le_pen&#038;xtcr=3\n\n-&#8220;Je souhaite que Fran\u00e7ois Fillon se retire de l&#8217;\u00e9lection pr\u00e9sidentielle&#8221; (Florian Philippot, vice-pr\u00e9sident du FN; face \u00e0 Elizabeth Martichoux; vid\u00e9o) : http:\/\/www.rtl.fr\/actu\/politique\/florian-philippot-je-souhaite-que-francois-fillon-se-retire-de-l-election-presidentielle-7787051271\n\n<em>-Les intentions de vote \u00e0 l&#8217;\u00e9lection pr\u00e9sidentielle (IFOP) :<\/em> http:\/\/www.ifop.fr\/?option=com_publication&#038;type=poll&#038;id=3634\n\n<strong>EUROPE-MONDE<\/strong>\n\n<strong>-&#8220;Les eurod\u00e9put\u00e9s s&#8217;interrogent sur le prix des m\u00e9dicaments&#8221; (Sarantis Michalopoulos)<\/strong> : http:\/\/www.euractiv.fr\/section\/sante-modes-de-vie\/news\/lawmakers-warn-eu-pharma-industry-about-drugs-pricing\/?nl_ref=30395108\n\n-Les Verts reprochent \u00e0 la Commission de bloquer l&#8217;enqu\u00eate sur les Panama Papers (Georgi Gotev) :  http:\/\/www.euractiv.fr\/section\/euro-finances\/news\/greens-slam-commission-for-blocking-the-panama-papers-probe\/?nl_ref=30395108\n\n-&#8220;Junker tance les commissaires pour avoir \u00e9t\u00e9 pr\u00e9sents \u00e0 Davos&#8221; (James Crisp) : http:\/\/www.euractiv.fr\/section\/politique\/news\/juncker-scolds-a-dozen-commissioners-for-flocking-to-davos\/?nl_ref=30395108\n\n-&#8220;Vu de Bruxelles, la question qui se pose est de savoir pourquoi Fran\u00e7ois Fillon ne tire pas les le\u00e7ons de ce qui lui  arrive. En Allemagne, Martin Schulz, ancien pr\u00e9sident du parlement europ\u00e9en et candidat social-d\u00e9mocrate face \u00e0 Angela Merkel, enregistre une forte progression dans les sondages&#8221; (Hughes Beaudoin; son du 2 f\u00e9vrier) :   https:\/\/www.radioclassique.fr\/radio\/emissions\/le-19h20h\/24h-en-europe\/\n\n-Ce qu&#8217;en pensent les Britanniques (vid\u00e9o) : http:\/\/www.francetvinfo.fr\/politique\/francois-fillon\/penelope-fillon\/affaire-fillon-ce-qu-en-pensent-les-britanniques_2048423.html\n\n-&#8220;Le rejet de Trump ne doit pas se transformer en antiam\u00e9ricanisme&#8221; (Joseph Muscat, premier ministre travailliste de Malte; propos recueillis par Daniela Vincenti) :                                         http:\/\/www.euractiv.fr\/section\/l-europe-dans-le-monde\/interview\/muscat-rebutting-trump-should-not-turn-into-anti-americanism\/?nl_ref=30395108\n\n-Au sommet europ\u00e9en, une r\u00e9ponse commune face \u00e0 Donald Trump ? (Val\u00e9ry Lerouge; vid\u00e9o) : http:\/\/www.francetvinfo.fr\/monde\/usa\/presidentielle\/donald-trump\/sommet-europeen-une-reponse-commune-face-a-donald-trump_2048441.html\n\n<strong>-La conf\u00e9rence de presse de Fran\u00e7ois Hollande (vid\u00e9o) : <\/strong> http:\/\/www.elysee.fr\/videos\/conference-de-presse-a-l-issue-du-sommet-de-malte\/#content\n\n-De nouvelles manifestations record en Roumanie pour d\u00e9noncer un assouplissement des lois anticorruption (vid\u00e9o) : http:\/\/www.francetvinfo.fr\/economie\/votre-argent\/roumanie-manifestations-contre-la-corruption-a-bucarest_2048819.html\n\n-Une situation inqui\u00e9tante en Ukraine (vid\u00e9os) : http:\/\/www.francetvinfo.fr\/monde\/europe\/manifestations-en-ukraine\/trois-raisons-de-s-inquieter-de-la-situation-en-ukraine_2048353.html\n\n<strong>-Le commerce des migrants est tr\u00e8s lucratif au sud de la M\u00e9diterran\u00e9e (Etienne Dubuis) :<\/strong> https:\/\/www.letemps.ch\/monde\/2017\/02\/02\/commerce-migrants-tres-lucratif-sud-mediterranee?utm_source\n\n-Une tourbi\u00e8re trois fois plus grande que la Suisse d\u00e9couverte dans le bassin du Congo (Pascaline Minet) : https:\/\/www.letemps.ch\/sciences\/2017\/02\/02\/une-tourbiere-trois-plus-grande-suisse-decouverte-bassin-congo?utm_source\n\n<strong>-&#8220;Les perdants de la mondialisation seront les premi\u00e8res victimes de Trump&#8221; (Joseph Stiglitz, prix Nobel d&#8217;\u00e9conomie et l&#8217;\u00e9conomiste Ga\u00ebl Giraud; propos recueillis par Marie de Verg\u00e8s et Marie Charrel; pi\u00e8ce jointe);<\/strong>\n\n<strong>CULTURE-MEDIAS<\/strong>\n\n<strong>-&#8220;L&#8217;universel, \u00e0 l&#8217;\u00e9preuve du mal&#8221; (un entretien entre la psychanalyste Julia Kristeva et  Martin Legros, r\u00e9dacteur en chef de &#8220;Philosophie Magazine&#8221; (vid\u00e9o) : <\/strong> https:\/\/www.dailymotion.com\/video\/x59y0qr_l-universel-a-l-epreuve-du-mal-entretien-avec-julia-kristeva_news\n\n<strong>-&#8220;Une affaire en politique&#8221; (le philosophe Patrick Savidan, interrog\u00e9 par Ali Baddou; vid\u00e9o) :<\/strong> http:\/\/www.dailymotion.com\/video\/x5ahca2_le-philosophe-patrick-savidan-repond-aux-questions-d-ali-baddou_news\n\n<strong>-&#8220;Fran\u00e7oise Sagan, l&#8217;\u00e9l\u00e9gance de vivre&#8221;, le documentaire de Marie Brunet-Debaines en replay ici (H\u00e9l\u00e8ne Rochette; vid\u00e9o) :<\/strong> http:\/\/television.telerama.fr\/television\/regardez-en-replay-francoise-sagan-l-elegance-de-vivre,153587.php#xtor\n\n-Me Eric Dupont-Moretti, invit\u00e9 de &#8220;Passion classique&#8221; d&#8217;Olivier Bellamy (son du 2 f\u00e9vrier) : https:\/\/www.radioclassique.fr\/radio\/emissions\/passion-classique\/\n\n-&#8220;Torture, viol, cannibalisme, le th\u00e9\u00e2tre de Sarah Kane est une descente aux enfers&#8221; (jusqu&#8217;au 25 f\u00e9vrier au th\u00e9\u00e2tre-studio d&#8217;Alfortville dans le Val-de-Marne; Fabienne Pascaud) :  http:\/\/www.telerama.fr\/sortir\/drame-blasted,153372.php\n\n<strong>-&#8220;J&#8217;ai \u00e9t\u00e9 confront\u00e9 \u00e0 des probl\u00e8mes de libert\u00e9 d&#8217;expression&#8221; (Martin Scorsese, venu pr\u00e9sent\u00e9 &#8220;Silence&#8221;, son dernier film; interrog\u00e9 par Fabien Namias; son) : <\/strong> http:\/\/www.dailymotion.com\/video\/x5ahdxq_martin-scorsese-j-ai-ete-confronte-a-des-problemes-de-liberte-d-expression_news\n\n-&#8220;Ring&#8221;, le remake am\u00e9ricain du film classique d&#8217;horreur japonais de Hideo Nakata, &#8220;\u00e0 mourir d&#8217;ennui&#8221; (C\u00e9cile Muray; vid\u00e9o) : http:\/\/www.telerama.fr\/cinema\/rings-un-nouveau-cercle-de-la-cretinerie,153573.php#xtor\n\n-&#8220;Les cl\u00e9s d&#8217;un bon sc\u00e9nario&#8221; (vid\u00e9o) : http:\/\/www.francetvinfo.fr\/culture\/cinema\/cinema-les-clefs-d-un-bon-scenario_2048837.html\n\n<strong>-Les tubes de la musique bretonne (Rebecca Manzoni; vid\u00e9o) : <\/strong> \n<iframe loading=\"lazy\" title=\"D&#039;Alan Stivell \u00e0 Christophe Miossec, les meilleures galettes bretonnes - Tubes and Co\" frameborder=\"0\" width=\"500\" height=\"283\" src=\"https:\/\/geo.dailymotion.com\/player.html?video=x5agwn4&#038;\" allowfullscreen allow=\"autoplay; fullscreen; picture-in-picture; web-share\"><\/iframe>\n\n<strong>-&#8220;J&#8217;aimerais qu&#8217;on joue &#8220;Happy Birthday&#8221; le jour de mon enterrement&#8221; (Kurt Wagner, chanteur du groupe &#8220;Lambchop; propos recueillis par Fran\u00e7ois Gorin; sons et vid\u00e9os) <\/strong> :      http:\/\/www.telerama.fr\/musique\/kurt-wagner-lambchop-j-aimerais-qu-on-joue-happy-birthday-le-jour-de-mon-enterrement,153564.php#xtor\n\n<strong>-Retrouver Judee Sill (sons) <\/strong> : http:\/\/www.telerama.fr\/musique\/judee-sill-1-tragi-cosmique-et-pas-si-folk,153415.php                                                                                                                 http:\/\/www.telerama.fr\/musique\/judee-sill-2-vers-la-clarte-des-abysses,153548.php                                                                                                                                                                                        http:\/\/www.telerama.fr\/musique\/judee-sill-3-trop-loin-partie,153582.php#xtor\n\n-Jusqu&#8217;au 8 mai, Abraham Poincheval installe ses \u00e9tranges performances au Palais de Tokyo \u00e0 Paris (Sabrina Silamo) : http:\/\/www.telerama.fr\/sortir\/les-performances-derangeantes-d-abraham-poincheval-l-artiste-qui-s-est-enterre-vivant,153520.php#xtor\n\n-Des messages de 2014 de Rachida Dati refond leur apparition sur le Net (Marie-Pierre Haddad) : http:\/\/www.rtl.fr\/actu\/politique\/affaire-penelope-fillon-pourquoi-des-internautes-font-le-lien-avec-rachida-dati-7786996476?estat_svc\n\n<strong>-&#8220;La confiance des Fran\u00e7ais envers les m\u00e9dias est en forte baisse&#8221; (J\u00e9r\u00f4me Ivanichtchenko; vid\u00e9o) :<\/strong> http:\/\/www.dailymotion.com\/video\/x5ahfyc_la-confiance-des-francais-envers-les-medias-est-en-forte-baisse_news\n\n<em>-Le barom\u00e8tre (SOFRES) :<\/em> http:\/\/www.tns-sofres.com\/publications\/barometre-2016-de-confiance-des-francais-dans-les-media\n\n-Sur le temps de parole, &#8220;le CSA renvoie le FN dans les cordes&#8221; (Richard S\u00e9n\u00e9joux) : http:\/\/www.telerama.fr\/medias\/temps-de-parole-le-csa-renvoie-le-fn-dans-les-cordes,153590.php#xtor\n\n<strong>-&#8220;Le CSA en position de police des ondes&#8221; (Daniel Cohn-Bendit; vid\u00e9o) : <\/strong> http:\/\/www.dailymotion.com\/video\/x5ah55e_equite-du-temps-de-parole-le-csa-en-position-de-police-des-ondes_news\n\n-&#8220;Tracks&#8221; sur Arte a 20 ans. Visite avec Chrystelle Andr\u00e9, sa voix culte (propos recueillis par J\u00e9r\u00e9mie Maire; vid\u00e9os) : http:\/\/television.telerama.fr\/television\/chrystelle-andre-le-timbre-affranchi-de-tracks,153291.php#xtor\n\n<strong>-La livraison de janvier avec Bill Murray (vid\u00e9o) : <\/strong> http:\/\/www.arte.tv\/guide\/fr\/071432-001-A\/tracks\n\n<strong>-&#8220;Jean-Christophe Averty a r\u00e9ellement cr\u00e9\u00e9 une oeuvre&#8221; (Mireille Dumas, interrog\u00e9e par Thomas Joubert; vid\u00e9o) : <\/strong> http:\/\/www.dailymotion.com\/video\/x5ahjrd_mireille-dumas-jean-christophe-averty-a-reellement-creer-une-oeuvre_news\n\n<strong>-Son documentaire consacr\u00e9 au r\u00e9alisateur (vid\u00e9o) :<\/strong>http:\/\/www.france3.fr\/emission\/les-tresors-caches-des-varietes\/diffusion-du-03-02-2017-20h55\n\n-&#8220;Elkrief, Delahousse et Fillon, ils appartiennent \u00e0 la m\u00eame caste&#8221; (Daniel Schneidermann cit\u00e9 par M\u00e9lody Locard; vid\u00e9o) : http:\/\/tempsreel.nouvelobs.com\/politique\/20170203.OBS4791\/daniel-schneidermann-elkrief-delahousse-ou-fillon-ils-appartiennent-a-la-meme-caste.html#xtor\n\n-&#8220;Fais pas ci, fais pas \u00e7a&#8221;, la saison 9 arrive mercredi sur France 2. En avant-premi\u00e8re ici, le premier \u00e9pisode (vid\u00e9o) : http:\/\/television.telerama.fr\/television\/regardez-le-1er-episode-de-la-saison-9-de-fais-pas-ci-fais-pas-ca,153662.php#xtor\n\n-&#8220;Avis de d\u00e9pression num\u00e9rique sur France Culture et Arte radio&#8221; (Aude Dassonville) : http:\/\/www.telerama.fr\/radio\/avis-de-depression-numerique-sur-france-culture-et-arte-radio,153551.php#xtor\n\n<strong>-A \u00e9couter ici (sons) <\/strong> : https:\/\/www.franceculture.fr\/emissions\/creation-air\/atelier-de-creation-radiophonique-un-homme-qui-dort-remix?xtmc                                                                                   http:\/\/arteradio.com\/serie\/cent_facons_de_disparaitre !&#8221;\n\n-La cha\u00eene BFM TV et &#8220;Le Canard encha\u00een\u00e9&#8221; profitent de l&#8217;affaire Fillon (Marc Baudriller; son du 3 f\u00e9vrier) : https:\/\/www.radioclassique.fr\/radio\/emissions\/matinale-de-radio-classique\/la-vie-des-medias\/\n\n-Le Super Bowl, l&#8217;\u00e9v\u00e9nement sportif et t\u00e9l\u00e9visuel de l&#8217;ann\u00e9e aux Etats Unis (Samyr Hamoudi, ancien joueur et commentateur, invit\u00e9 de Sonia Devillers; vid\u00e9o, amener le curseur sur 7:28) : http:\/\/www.dailymotion.com\/video\/x5ahibq_super-bowl-le-mega-show-du-sport-americain_sport\n\n<strong>-&#8220;Pourquoi aller voir une expo ? T&#8217;as tout sur Google images&#8221; (Thomas VDB, jusqu&#8217;au 29 avril au &#8220;Sentier des Halles&#8221; \u00e0 Paris; propos recueillis par Rossana Di Vincenzo; vid\u00e9os) :<\/strong>                        http:\/\/www.telerama.fr\/sortir\/thomas-vdb-pourquoi-aller-voir-une-expo-t-as-tout-sur-google-images,153519.php#xtor\n\n-&#8220;Beno\u00eet Hamon, l&#8217;ado en crise du PS&#8221; (Nicolas Canteloup; vid\u00e9o) : http:\/\/www.dailymotion.com\/video\/x5ahfij_benoit-hamon-l-ado-en-crise-du-ps_news\n\n<strong>-&#8220;Je fais partie de l&#8217;association des amis de P\u00e9n\u00e9lope&#8221; (Anne Romanoff au t\u00e9l\u00e9phone avec des habitants de Sabl\u00e9-sur-Sarthe; son)<\/strong> : http:\/\/www.europe1.fr\/emissions\/le-canular-danne-roumanoff\/le-canular-ah-non-madame-je-ne-veux-pas-de-t-shirt-je-suis-penelope-2965805\n\n<strong>-&#8220;Moi, pr\u00e9sident&#8221; (Philippe Vendel; vid\u00e9o) : <\/strong> http:\/\/www.dailymotion.com\/video\/x5ahfz0_moi-president-l-humeur-de-philippe-vandel_news\n\n&#8220;Hamon et M\u00e9lenchon sont dans un bateau&#8221; (Patrick Cohen; vid\u00e9o) : https:\/\/www.franceinter.fr\/emissions\/le-7h43\/le-7h43-03-fevrier-2017\n\n<strong>-&#8220;Un plan B comme Balkany&#8221; (Guillaume Meurice; vid\u00e9o) : <\/strong> http:\/\/www.dailymotion.com\/video\/x5aim0g_un-plan-b-comme-balkany-le-moment-meurice_fun\n\n-&#8220;Lampaul-Guimiliau, c&#8217;est le bout du monde&#8221; (Charline Vanhoenacker; vid\u00e9o) : http:\/\/www.dailymotion.com\/video\/x5ah7a4_lampaul-guimiliau-c-est-le-bout-du-monde-le-billet-de-charline_fun\n\n<strong>-&#8220;Travail fictif pour tous&#8221; (Fran\u00e7ois Morel; vid\u00e9o) : <\/strong> http:\/\/www.dailymotion.com\/video\/x5ahc0d_travail-fictif-pour-tous-le-billet-de-francois-morel_fun\n\n\n<h2 class=\"wp-block-heading\">Documents joints<\/h2>\n\n\n\n<div class=\"wp-block-file\"><a href=\"https:\/\/wp.muchomaas.com\/wp-content\/uploads\/2017\/02\/rassemblement_a_gauche_des_actes-672.pdf\">rassemblement_a_gauche_des_actes.pdf<\/a><\/div>\n\n\n\n<div class=\"wp-block-file\"><a href=\"https:\/\/wp.muchomaas.com\/wp-content\/uploads\/2017\/02\/les_perdants_de_la_mondialisation_seront_les_premieres_victimes_de_trump-783.pdf\">les_perdants_de_la_mondialisation_seront_les_premieres_victimes_de_trump.pdf<\/a><\/div>\n\n\n","protected":false},"excerpt":{"rendered":"<p>ACTUALITE -&#8220;Les salari\u00e9s des TPE confirment la CGT comme premi\u00e8re organisation, \u00e0 dix points devant la deuxi\u00e8me&#8221; (la CGT) : http:\/\/www.cgt.fr\/Les-salaries-des-TPE-confirment-la.html -&#8220;EDF au bord du court-circuit&#8221; (Cl\u00e9ment Lesaffre) : http:\/\/www.europe1.fr\/economie\/edf-au-bord-du-court-circuit-financier-2967683#xtor -&#8220;D&#8217;autres choix sont possibles&#8221; (la F\u00e9d\u00e9ration CGT des mines et de l&#8217;\u00e9nergie) : http:\/\/www.fnme-cgt.fr\/index.php\/communiques\/edf-d-autres-choix-sont-possibles -&#8220;Un changement de r\u00e9gime pour l&#8217;\u00e9lectricien&#8221; (Christian Menanteau; vid\u00e9o) : http:\/\/www.rtl.fr\/actu\/conso\/edf-face-a-une-nouvelle-realite-economique-7787051006 [&hellip;]<\/p>\n","protected":false},"author":1042,"featured_media":0,"comment_status":"open","ping_status":"open","sticky":false,"template":"","format":"standard","meta":{"_themeisle_gutenberg_block_has_review":false,"footnotes":""},"categories":[151],"tags":[],"class_list":["post-10162","post","type-post","status-publish","format-standard","hentry","category-la-revue-de-presse-de-lulu"],"_links":{"self":[{"href":"https:\/\/archives.regards.fr\/index.php?rest_route=\/wp\/v2\/posts\/10162","targetHints":{"allow":["GET"]}}],"collection":[{"href":"https:\/\/archives.regards.fr\/index.php?rest_route=\/wp\/v2\/posts"}],"about":[{"href":"https:\/\/archives.regards.fr\/index.php?rest_route=\/wp\/v2\/types\/post"}],"author":[{"embeddable":true,"href":"https:\/\/archives.regards.fr\/index.php?rest_route=\/wp\/v2\/users\/1042"}],"replies":[{"embeddable":true,"href":"https:\/\/archives.regards.fr\/index.php?rest_route=%2Fwp%2Fv2%2Fcomments&post=10162"}],"version-history":[{"count":0,"href":"https:\/\/archives.regards.fr\/index.php?rest_route=\/wp\/v2\/posts\/10162\/revisions"}],"wp:attachment":[{"href":"https:\/\/archives.regards.fr\/index.php?rest_route=%2Fwp%2Fv2%2Fmedia&parent=10162"}],"wp:term":[{"taxonomy":"category","embeddable":true,"href":"https:\/\/archives.regards.fr\/index.php?rest_route=%2Fwp%2Fv2%2Fcategories&post=10162"},{"taxonomy":"post_tag","embeddable":true,"href":"https:\/\/archives.regards.fr\/index.php?rest_route=%2Fwp%2Fv2%2Ftags&post=10162"}],"curies":[{"name":"wp","href":"https:\/\/api.w.org\/{rel}","templated":true}]}}