{"id":10161,"date":"2017-02-03T07:17:13","date_gmt":"2017-02-03T06:17:13","guid":{"rendered":"https:\/\/wp.muchomaas.com\/article-la-revue-du-3-fevrier-2017\/"},"modified":"2023-06-23T23:24:02","modified_gmt":"2023-06-23T21:24:02","slug":"article-la-revue-du-3-fevrier-2017","status":"publish","type":"post","link":"https:\/\/archives.regards.fr\/?p=10161","title":{"rendered":"La Revue du 3 f\u00e9vrier 2017"},"content":{"rendered":"ACTUALITE\n\n<strong>-&#8220;La CGT essaye de placer au coeur de cette \u00e9lection les probl\u00e9matiques qui concernent les salari\u00e9s et les citoyens. Elle ne donnera pas de consigne de vote, comme d&#8217;habitude. Quand il s&#8217;agit de ses proches, M. Fillon n&#8217;a pas la m\u00eame  conception  du co\u00fbt du travail. Nous consid\u00e9rons que nous ne sommes pas dans le si\u00e8cle de la fin du travail. M. Macron pense que le travail est un co\u00fbt. EDF est un exemple de mauvaise gestion &#8221; (Philippe Martinez, secr\u00e9taire de la CGT; invit\u00e9 de la matinale de i-T\u00e9l\u00e9; vid\u00e9o) <\/strong> : http:\/\/www.itele.fr\/politique\/video\/philippe-martinez-se-prononce-sur-laffaire-fillon-172690\n\n-Des r\u00e9ductions d&#8217;effectifs plus importantes que pr\u00e9vues \u00e0 EDF : http:\/\/www.lesechos.fr\/industrie-services\/energie-environnement\/0211760644284-edf-la-reduction-des-effectifs-serait-plus-elevee-que-prevu-2062134.php#xtor\n\n<strong>-Entre 5 000 et 7 000 suppression de postes (vid\u00e9o) : <\/strong> http:\/\/www.francetvinfo.fr\/economie\/emploi\/plans-sociaux\/economie-edf-prevoit-de-supprimer-entre-5-000-et-7-000-postes_2047247.html\n\n<strong>-&#8220;L&#8217;h\u00f4pital public est en situation de burn-out&#8221; (Fr\u00e9d\u00e9ric Valletoux, pr\u00e9sident de la F\u00e9d\u00e9ration fran\u00e7aise hospitali\u00e8re; interrog\u00e9 par Marina Carr\u00e8re d&#8217;Encausse et Michel Cymes; vid\u00e9o) :<\/strong> http:\/\/www.francetvinfo.fr\/sante\/hopital\/l-hopital-est-en-situation-de-burn-out_2047473.html\n\n-Les discriminations \u00e0 l&#8217;embauche (Justine Weil; vid\u00e9o) :  http:\/\/www.francetvinfo.fr\/economie\/emploi\/chomage\/emploi-les-failles-des-mesures-contre-les-discriminations-a-l-embauche_2047211.html\n\n-&#8220;Une vall\u00e9e agricole autour de l&#8217;A1,  entre Roissy et la Porte-de la-Chapelle&#8221; (son du 2 f\u00e9vrier) :  https:\/\/www.radioclassique.fr\/radio\/emissions\/matinale-de-radio-classique\/3-minutes-planete\/\n\n<strong>-La journ\u00e9e mondiale des zones humides (Nathalie Fontrel; son) : <\/strong> https:\/\/www.franceinter.fr\/emissions\/planete-environnement\/planete-environnement-02-fevrier-2017\n\n<strong>-Comment les constructeurs d&#8217;automobiles se pr\u00e9parent \u00e0 la disparition de la voiture en ville (Nabil Bourassi) :<\/strong> http:\/\/www.latribune.fr\/entreprises-finance\/industrie\/automobile\/comment-les-constructeurs-auto-se-preparent-a-la-disparition-de-la-voiture-en-ville-634028.html#xtor\n\n-Bien r\u00e9cup\u00e9rer apr\u00e8s le sport, les conseils de Jean-Marc S\u00e8ne, m\u00e9decin de l&#8217;\u00e9quipe de France de judo, interrog\u00e9 par Claire H\u00e9don (vid\u00e9o) : http:\/\/www.rfi.fr\/video\/20170202-bien-recuperer-apres-le-sport\n\n-Rudy Bariou, cr\u00eapier de &#8220;La Bigoud\u00e8ne&#8221; \u00e0 Saint-Denis (93; son) : http:\/\/www.sudradio.fr\/Podcasts\/L-invite-pour-comprendre\/Rudy-Bariou-crepier-proprietaire-de-La-bigoudene-a-Saint-Denis\n\n-&#8220;En France, des \u00e9coles clandestines islamiques radicales&#8221; (Michel Taube qui interpelle le pr\u00e9sident de la R\u00e9publique et les candidats; son) : http:\/\/www.sudradio.fr\/Podcasts\/L-invite-pour-comprendre\/Michel-Taube-Fondateur-d-Opinion-Internationale\n\n<strong>-Le reportage de France 2 (vid\u00e9o) :<\/strong> http:\/\/blog.francetvinfo.fr\/oeil-20h\/2017\/01\/31\/islamisme-radical-ces-ecoles-qui-inquietent-la-republique.html\n\n-Les agressions en hausse dans les transports (vid\u00e9o) : http:\/\/www.francetvinfo.fr\/economie\/transports\/transports-les-agressions-en-hausse_2047221.html\n\n<strong>POLITIQUE<\/strong>\n\n<strong>-&#8220;M\u00e9lenchon fait une belle campagne mais le rassemblement doit s&#8217;\u00e9largir&#8221; (Ian Brossat, maire-adjoint communiste charg\u00e9 du logement \u00e0 la mairie de Paris; propos recueillis par Pierre Jacquemain) :<\/strong>  https:\/\/wp.muchomaas.com\/web\/article\/ian-brossat-melenchon-fait-une-belle-campagne-mais-le-rassemblement-doit-encore\n\n-&#8220;Une fois qu&#8217;on acc\u00e8de \u00e0 une place, on va \u00e0 la mangeoire. Des sommes qu&#8217;un ouvrier pay\u00e9 au Smic ne gagnera pas durant toute sa vie&#8221; (Nathalie Arthaud, candidate LO \u00e0 l&#8217;\u00e9lection pr\u00e9sidentielle; face \u00e0 Dimitri Pavlenko; son) : http:\/\/www.sudradio.fr\/Podcasts\/L-invite-pour-comprendre\/Nathalie-Arthaud-candidate-Lutte-Ouvriere-a-l-election-presidentielle\n\n-Marie-No\u00eblle Lienemann, s\u00e9natrice PS de Paris, d\u00e9fend &#8220;le rassemblement des forces de gauche&#8221; (interrog\u00e9e par Arnaud Pontus (vid\u00e9o) : http:\/\/www.rfi.fr\/video\/20170201-marie-noelle-lienemann-defend-le-rassemblement-forces-gauche\n\n-Beno\u00eet Hamon \u00e0 la sortie de l&#8217;Elys\u00e9e (vid\u00e9o) : http:\/\/www.francetvinfo.fr\/politique\/francois-hollande\/benoit-hamon-adoube-par-l-elysee_2047213.html\n\n-&#8220;Un soutien de Fran\u00e7ois Hollande serait mieux \u00e0 prendre qu&#8217;un silence. Les Fran\u00e7ais s&#8217;int\u00e9ressent peu au bilan, ce qui compte c&#8217;est l&#8217;avenir. On ne demande pas \u00e0 Jean-Luc M\u00e9lenchon de revenir sur ses propos sur Poutine ou sur l&#8217;Europe&#8221; (Guillaume Balas, en charge du programme  de Beno\u00eet Hamon, qui a une curieuse fa\u00e7on de rechercher le rassemblement; interrog\u00e9 par Eric Delvaux; son) : https:\/\/www.franceinter.fr\/emissions\/l-invite-du-5-7\/l-invite-du-5-7-02-fevrier-2017\n\n<strong>-&#8220;Il (Beno\u00eet Hamon) va se rabougrir, il va se r\u00e9tr\u00e9cir et devenir le candidat du PS, r\u00e9sultat de compromis dont on ne sait plus finalement quel est le coeur. On se voit sur la clart\u00e9 d&#8217;un projet. Je suis pour une dynamique qui d\u00e9passe les partis politiques et un candidat qui incarne l&#8217;\u00e9cologie, le social et la d\u00e9mocratie. La dynamique Macron est int\u00e9ressante mais elle est autour d&#8217;un homme&#8221; (Yanick Jadot, candidat \u00e9cologiste \u00e0 l&#8217;\u00e9lection pr\u00e9sidentielle, face \u00e0 Olivier Galzi; vid\u00e9o) : <\/strong> http:\/\/www.itele.fr\/chroniques\/invite-galzi-jusqua-minuit\/linvite-politique-dolivier-galzi-du-02022017-172710\n\n<strong>-&#8220;Les gauches peuvent-elles s&#8217;unir ?&#8221; (Raquelle Garrido, porte-parole de &#8220;la France insoumise&#8221;, Eva Sas, d\u00e9put\u00e9e \u00e9cologiste de l&#8217;Essonne, co-pr\u00e9sidente du Conseil politique de Yannick Jadot et Guillaume Balas, soutien de Beno\u00eet Hamon; invit\u00e9s des &#8220;Matins&#8221; de Guillaume Erner; sons et vid\u00e9o) :   <\/strong>  https:\/\/www.franceculture.fr\/emissions\/linvite-des-matins\/les-gauches-peuvent-elles-sunir#xtor                                                                                                    https:\/\/www.franceculture.fr\/emissions\/linvite-des-matins-2eme-partie\/les-gauches-peuvent-elles-sunir-2eme-partie\n\n-&#8220;Je ne sais qu&#8217;une chose, c&#8217;est que Marine Le Pen est au dessus de 25 % et qu&#8217;elle est qualifi\u00e9e pour le 2e tour. J&#8217;ai \u00e0 peu pr\u00e8s cette certitude&#8221; (St\u00e9phane Le Foll, interrog\u00e9 par Elizabeth Martichoux; vid\u00e9o) : http:\/\/www.rtl.fr\/actu\/politique\/presidentielle-2017-stephane-le-foll-je-sais-qu-une-chose-c-est-que-marine-le-pen-est-au-dessus-de-25-7787034837\n\n-&#8220;Je suis le seul candidat qui n&#8217;est pas pay\u00e9 par le contribuable pour faire autre chose&#8221; (Emmanuel Macron, invit\u00e9 du &#8220;20H de TF1&#8221;. Il r\u00e9pondait aux questions de Gilles Bouleau; vid\u00e9o) :  http:\/\/www.lci.fr\/elections\/emmanuel-macron-invite-du-20h-je-suis-le-seul-candidat-qui-n-est-pas-paye-par-le-contribuable-pour-faire-autre-chose-2024432.html%3Ftype=content\n\n-&#8220;Nous voulons gagner sur un projet&#8221; (Benjamin Griveaux, porte-parole d&#8217;Emmanuel Macron, interrog\u00e9 par Arnaud Pontus; vid\u00e9o) : http:\/\/www.rfi.fr\/video\/20170202-benjamin-griveaux-porte-parole-emmanuel-macron-veut-gagner-projet\n\n<strong>-&#8220;8 personnes dans le monde poss\u00e8dent, \u00e0 elles seules, autant que 3 milliards et demi d&#8217;\u00eatres humains sur terre. La d\u00e9mocratie fran\u00e7aise a besoin de loyaut\u00e9; les 2\/3 des Fran\u00e7ais ne sont pas repr\u00e9sent\u00e9s. Sans la presse, ces pratiques ne seraient pas sorties&#8221; (Fran\u00e7ois Bayrou \u00e9tait l&#8217;invit\u00e9 de la matinale de France Inter. Il r\u00e9pondait aux questions de Patrick Cohen et des auditeurs; vid\u00e9o et son) :        <\/strong>                           \nhttp:\/\/www.dailymotion.com\/video\/x5adi0o_francois-bayrou-repond-aux-questions-de-patrick-cohen_news                                                                                 https:\/\/www.franceinter.fr\/emissions\/interactiv\/interactiv-02-fevrier-2017\n\n-&#8220;Fran\u00e7ois Fillon est notre candidat parce qu&#8217;il est le seul \u00e0 porter la l\u00e9gitimit\u00e9 du peuple et du suffrage universel&#8221; (Benoist Apparu, son porte-parole, face \u00e0 Myriam Encaoua; vid\u00e9o) :          http:\/\/www.itele.fr\/politique\/video\/benoist-apparu-ne-lache-pas-francois-fillon-172691\n\n-A la R\u00e9union, le pr\u00e9sident LR de la r\u00e9gion lui reste fid\u00e8le (son) : https:\/\/www.franceinter.fr\/emissions\/journal-d-outre-mer-1ere\/journal-d-outre-mer-1ere-03-fevrier-2017\n\n-&#8220;Il est la cible de ceux qui ne veulent pas de l&#8217;alternance&#8221; (Eric Ciotti, d\u00e9put\u00e9 LR des Alpes-Maritimes; invit\u00e9 de la matinale de Franceinfo; vid\u00e9o) :   http:\/\/www.dailymotion.com\/video\/x5advap_pour-eric-ciotti-francois-fillon-est-la-cible-de-ceux-qui-ne-veulent-pas-de-l-alternance_news\n\n-&#8220;Nous ne nous laisserons pas voler l&#8217;\u00e9lection pr\u00e9sidentielle.&#8221; Pour celui qui est \u00e0 la manoeuvre, &#8220;nous avons des suspicions sur M. Jean-Louis Nadal, pr\u00e9sident de la Haute autorit\u00e9 pour la transparence de la vie publique, nomm\u00e9 par Fran\u00e7ois Hollande. Georges Fennec, alors qu&#8217;il est magistrat, ne fait aucun cas de la pr\u00e9somption d&#8217;innocence&#8221; (Bernard Debr\u00e9, d\u00e9put\u00e9 LR de Paris, conseiller strat\u00e9gique de Fran\u00e7ois Fillon; vid\u00e9o) : https:\/\/www.publicsenat.fr\/article\/politique\/penelopegate-bernard-debre-accuse-jean-louis-nadal-d-etre-a-la-manoeuvre-54110\n\n-Il \u00e9tait l&#8217;invit\u00e9 de &#8220;Territoires d&#8217;Infos&#8221; (vid\u00e9o; amener le curseur sur 33:02) : https:\/\/www.publicsenat.fr\/emission\/territoires-d-infos\/invite-bernard-debre-52305\n\n-&#8220;A Sabl\u00e9-sur-Sarthe, la (tr\u00e8s) discr\u00e8te P\u00e9n\u00e9lope Fillon&#8221; (Margaux Duguet) : http:\/\/www.francetvinfo.fr\/politique\/francois-fillon\/penelope-fillon\/a-sable-sur-sarthe-la-tres-discrete-penelope-fillon_2046797.html\n\n<strong>-&#8220;Je n&#8217;ai jamais \u00e9t\u00e9 son assistante ou quoi que ce soit de ce genre&#8221; (P\u00e9n\u00e9lope Fillon; vid\u00e9o de &#8220;Envoy\u00e9 sp\u00e9cial&#8221;) :<\/strong> http:\/\/www.francetvinfo.fr\/politique\/francois-fillon\/affaires-fillon\/video-envoye-special-je-n-ai-jamais-ete-son-assistante-ou-quoi-que-ce-soit-de-ce-genre-affirme-penelope-fillon-au-sujet-de-son-mari_2047461.html\n\n-&#8220;Ce serait mieux pour tout le monde que Fillon renonce \u00e0 se pr\u00e9senter&#8221; (Henri Guaino, d\u00e9put\u00e9 LR des Yvelines, candidat \u00e0 l&#8217;\u00e9lection pr\u00e9sidentielle; invit\u00e9 de Caroline Roux; vid\u00e9o) : http:\/\/www.france2.fr\/emissions\/telematin\/actu\/les-4-verites-henri-guaino_550871                           \n\n-La p\u00e9tition lanc\u00e9e par le d\u00e9put\u00e9 LR du Rh\u00f4ne Georges Fennec pour changer de candidat (Louis Hausalter) : http:\/\/www.marianne.net\/voici-petition-du-depute-lr-georges-fenech-remplacer-candidat-fillon-100249592.html\n\n-&#8220;Fran\u00e7ois Fillon. La fin&#8221; (Thomas Legrand; son) : https:\/\/www.franceinter.fr\/emissions\/l-edito-politique\/l-edito-politique-02-fevrier-2017\n\n-&#8220;Le salaire m\u00e9dian d&#8217;un collaborateur parlementaire, c&#8217;est 2 200 euros&#8221; (Marianne  Darmon, interrog\u00e9e par Thomas Sotto; vid\u00e9o) : http:\/\/www.europe1.fr\/emissions\/l-interview-verite\/marianne-darmon-le-salaire-median-dun-collaborateur-parlementaire-cest-2200-euros-2967503\n\n-&#8220;Le cas Fillon doit-\u00eatre r\u00e9gl\u00e9 dans les plus bref d\u00e9lais&#8221; (Bruno Roger-Petit; vid\u00e9o) : https:\/\/www.dailymotion.com\/video\/x5adpt8_le-cas-francois-fillon-doit-etre-regle-dans-les-plus-brefs-delais-bruno-roger-petit-02-02-2017_news\n\n<strong>-&#8220;Fillon s&#8217;obstine&#8221;, en d\u00e9bat dans &#8220;Questions politiques&#8221; d&#8217;Yves Calvi, avec un direct depuis le meeting du candidat de la droite \u00e0 Sedan. On apprend que les sarkozystes  entrent publiquement dans la danse du scalp (vid\u00e9o) : <\/strong> http:\/\/www.lci.fr\/replay\/replay-24-heures-en-questions-du-2-fevrier-2017-2024576.html%3Ftype=content\n\n-&#8220;La campagne impossible&#8221; chez Olivier Galzi sur i-T\u00e9l\u00e9 (vid\u00e9o) : http:\/\/www.itele.fr\/chroniques\/grand-decryptage-olivier-galzi\/le-grand-decryptage-du-02022017-172711\n\n-&#8220;Le micro-parti de Fran\u00e7ois Fillon siphonne les dons de la campagne&#8221; (Mathilde Mathieu; pi\u00e8ce jointe);\n\n-Sa contre-attaque (Alba Ventura; vid\u00e9o) : http:\/\/www.rtl.fr\/actu\/politique\/affaire-penelope-fillon-la-contre-attaque-de-francois-fillon-decryptee-par-alba-ventura-7787034539\n\n<em>-Le maintien de la candidature de Fran\u00e7ois Fillon (HARRIS) <\/em> : http:\/\/harris-interactive.fr\/opinion_polls\/les-francais-souhaitent-ils-que-francois-fillon-maintienne-sa-candidature\/\n\n-&#8220;Il n&#8217;y a plus de favori et on ne peut pas pr\u00e9dire l&#8217;affiche du second tour. Le camp socialiste, avec Beno\u00eet Hamon, se remet \u00e0 y croire&#8221; (Guillaume Tabard du &#8220;Figaro&#8221;; son du 2 f\u00e9vrier) : https:\/\/www.radioclassique.fr\/radio\/emissions\/matinale-de-radio-classique\/22630-2\/\n\n<strong>-&#8220;La R\u00e9publique n&#8217;est pas en grande forme, c&#8217;est triste. C&#8217;est path\u00e9tique. Cela profite \u00e0 ceux qui n&#8217;aiment pas la R\u00e9publique. Avec les primaires, on est en train de tout casser. Ne mettons pas l&#8217;\u00e9lection pr\u00e9sidentielle dans les mains des partis politiques. Ces pratiques sont r\u00e9v\u00e9l\u00e9es, changeons les pratiques. Fran\u00e7ois Fillon est inaudible aujourd&#8217;hui. J&#8217;attends de conna\u00eetre le programme d&#8217;Emmanuel Macron pour me prononcer, sa d\u00e9marche au-dessus des partis est int\u00e9ressante&#8221; (Jean-Louis Debr\u00e9, ancien pr\u00e9sident du Conseil constitutionnel, interrog\u00e9 par Audrey Crespo-Mara; vid\u00e9o) :       <\/strong>        http:\/\/www.lci.fr\/replay\/replay-l-invite-politique-de-8h45-2024477.html%3Ftype=content   \n              \n-&#8220;Nous ne pr\u00e9voyons pas de d\u00e9cret Trump mais nous n&#8217;excluons pas cette possibilit\u00e9&#8221; (Florian Philippot, vice-pr\u00e9sident du FN; face \u00e0 Guillaume Durand; vid\u00e9o) :                                                     https:\/\/www.dailymotion.com\/video\/x5adov7_nous-ne-prevoyons-pas-de-decret-trump-mais-n-excluons-pas-cette-possibilite-florian-philippot-02-02_news\n\n-&#8220;Ind\u00e9pendamment de cette affaire, il n&#8217;y avait pas d&#8217;enthousiasme pour Fran\u00e7ois Fillon. Les Fran\u00e7ais rejettent tous ceux qui ont dirig\u00e9 les deux derniers quinquennats&#8221; (Nicolas Bay, secr\u00e9taire g\u00e9n\u00e9ral du FN, interrog\u00e9 par Yves Calvi; vid\u00e9o) : http:\/\/www.lci.fr\/replay\/l-invite-de-24h-en-questions-du-1er-fevrier-2017-nicolas-bay-secretaire-general-du-front-national-2024440.html%3Ftype=content\n\n-&#8220;Qui arr\u00eatera Marine Le Pen ?&#8221; (Yves Thr\u00e9ard du &#8220;Figaro&#8221;; vid\u00e9o) : https:\/\/www.dailymotion.com\/video\/x5adtub_qui-arretera-marine-le-pen_news\n\n<em>-Le barom\u00e8tre politique (SOFRES) : <\/em> http:\/\/www.lefigaro.fr\/elections\/presidentielles\/2017\/02\/02\/35003-20170202ARTFIG00103-barometre-figaro-magazine-hamon-en-forte-hausse-fillon-chute.php\n\n<strong>EUROPE-MONDE<\/strong>\n\n<strong>-&#8220;L&#8217;Europe s&#8217;affaisse et se d\u00e9sint\u00e8gre tout seule&#8221; (son) : <\/strong> https:\/\/www.franceinter.fr\/emissions\/meridien-d-europe\/meridien-d-europe-02-fevrier-2017\n\n-Le manque d&#8217;investissement ralentit l&#8217;Europe de l&#8217;\u00e9nergie (James Crisp) : http:\/\/www.euractiv.fr\/section\/energie\/news\/sluggish-renewables-investment-poses-challenge-to-eu-energy-plans\/?nl_ref\n\n-&#8220;Les socialistes fran\u00e7ais demandent un d\u00e9bat de fond sur le CETA&#8221; (Marion Candau) : http:\/\/www.euractiv.fr\/section\/politique\/news\/les-socialistes-francais-reclament-un-debat-de-fond-sur-le-ceta\/?nl_ref\n\n<strong>-Le collectif &#8220;Stop Ceta-Tafta&#8221; (Violaine de la Bigne; son) :<\/strong> http:\/\/www.sudradio.fr\/Podcasts\/Quelle-epoque-ethique\/Collectif-Stop-Ceta-Tafta\n\n<strong>-Gr\u00e8ce, &#8220;l&#8217;effondrement \u00e0 bas bruit de tout un pays&#8221; (Martine Orange; pi\u00e8ce jointe); <\/strong> \n\n-Avec le Brexit, de nouvelles opportunit\u00e9s pour les villes europ\u00e9ennes ? (Charles Van Overmeire) : http:\/\/www.euractiv.fr\/section\/all\/opinion\/le-brexit-une-opportunite-pour-les-villes-europeennes\/?nl_ref\n\n-2 000 personnes \u00e0 La Haye contre Trump (vid\u00e9o) : http:\/\/newscdn.newsrep.net\/h5\/nrvideo.html?r=3&#038;lan=fr_FR&#038;pid=14&#038;id=5B8269e09LB_fr&#038;app_lan=fr_FR&#038;mcc\n\n-&#8220;La Commission d\u00e9nonce le r\u00e9trop\u00e9dalage roumain sur la corruption&#8221; (Georgi Gotev) : http:\/\/www.euractiv.fr\/section\/justice-affaires-interieures\/news\/juncker-timmermans-issue-stern-warning-against-romanias-backtracking\/?nl_ref\n\n-Des milliers de Roumains dans les rues (Hughes Beaudoin; son du 2 f\u00e9vrier) : https:\/\/www.radioclassique.fr\/radio\/emissions\/le-19h20h\/24h-en-europe\/\n\n<strong>-&#8220;O\u00f9 est donc l&#8217;Europe de Jean Monnet ?&#8221; (le sociologue et historien Alfred Grosser) <\/strong> : http:\/\/www.euractiv.fr\/section\/l-europe-dans-le-monde\/opinion\/ou-est-donc-leurope-de-jean-monnet\/?nl_ref\n\n-&#8220;L&#8217;\u00e9vacuation de la colonie sauvage d&#8217;Amona, un psychodrame national en Isra\u00ebl&#8221; (vid\u00e9o) : http:\/\/www.france24.com\/fr\/video\/20170201-levacuation-damona-psychodrame-national\n\n<strong>-&#8220;Des vies boulevers\u00e9es apr\u00e8s le d\u00e9cret Trump&#8221; (vid\u00e9o) : <\/strong> http:\/\/newscdn.newsrep.net\/h5\/nrvideo.html?r=3&#038;lan=fr_FR&#038;pid=14&#038;id=lf8169853Y7_fr&#038;app_lan=fr_FR&#038;mcc\n\n-La nouvelle administration Trump (vid\u00e9o) : ewsrep.net\/h5\/nrvideo.html?r=3&#038;lan=fr_FR&#038;pid=14&#038;id=LV82ef9f9j3_fr&#038;app_lan=fr_FR&#038;mcc\n\n-Son conseiller climat hu\u00e9 \u00e0 Bruxelles (Georgi Gotev et Matthew Tempest) : http:\/\/www.euractiv.fr\/section\/climat-environnement\/news\/trump-climate-advisor-heckled-in-brussels-calls-environmentalists-urban-imperialists\/?nl_ref\n\n<strong>-&#8220;Trump est beaucoup plus perturbant et choquant que dangereux&#8221; (Hubert V\u00e9drine, invit\u00e9 de Fabien Namias; vid\u00e9o) :<\/strong> http:\/\/www.europe1.fr\/emissions\/linterview-politique-de-8h20\/hubert-vedrine-trump-est-beaucoup-plus-perturbant-et-choquant-que-dangereux-2967545\n\n-&#8220;Point d&#8217;interrogation sur le monde&#8221; (Bernard Guetta; son) :  https:\/\/www.franceinter.fr\/emissions\/geopolitique\/geopolitique-02-fevrier-2017\n\n<strong>CULTURE-MEDIAS<\/strong>\n\n<strong>-Christophe a quitt\u00e9 sa tani\u00e8re pour rejoindre &#8220;L&#8217;Heure bleue&#8221; de Laure Adler (son) <\/strong> :  https:\/\/www.franceinter.fr\/emissions\/l-heure-bleue\/l-heure-bleue-02-fevrier-2017\n\n<strong>-Jusqu&#8217;\u00e0 dimanche, &#8220;La Folle journ\u00e9e&#8221; de Nantes. Celle de jeudi avec Vincent Josse (son) :<\/strong> https:\/\/www.franceinter.fr\/emissions\/la-recreation\/la-recreation-02-fevrier-2017\n\n-Qui est  Barry Jenkins, r\u00e9alisateur de &#8220;Moolight&#8221;, favori des Oscars ? (Samuel Douhaire; vid\u00e9o) :                                                                                                                                                             http:\/\/www.telerama.fr\/cinema\/qui-est-barry-jenkins-le-realisateur-de-moonlight-grand-favori-des-oscars,153569.php#xtor\n\n-Dans &#8220;Jackie&#8221;, le r\u00e9alisateur chilien Pablo Larrain s&#8217;attaque \u00e0 l&#8217;ic\u00f4ne Jackie Kennedy qu&#8217;incarne Natalie Portman (Louis Guichard; vid\u00e9o) :  http:\/\/www.telerama.fr\/cinema\/jackie-habile-reflexion-sur-l-image-ou-biopic-idolatre,153549.php#xtor\n\n<strong>-C\u00e9dric L\u00e9pine s&#8217;entretient avec Nejib Belkadhi, r\u00e9alisateur de &#8220;Bastardo&#8221; : <\/strong> https:\/\/blogs.mediapart.fr\/edition\/cinemas-du-maghreb-et-du-moyen-orient\/article\/020217\/entretien-avec-nejib-belkadhi-pour-son-film-bastardo?utm_source\n\n-&#8220;La femme qui est partie&#8221; du r\u00e9alisateur philippin Lav Diaz, &#8220;un m\u00e9lo sublime, parfois onirique&#8221; (Pierre Murat; vid\u00e9o) : http:\/\/www.telerama.fr\/cinema\/la-femme-qui-est-partie-lav-diaz-ou-l-obsedante-tentation-de-la-bonte,153552.php#xtor\n\n<strong>-&#8220;J&#8217;ai demand\u00e9 aux enfants de ne jamais oublier la cam\u00e9ra&#8221; (Anne-Dauphine Julliand, r\u00e9alisatrice de &#8220;Et les Mistrals gagnants&#8221; (propos recueillis par Samuel Douhaire; vid\u00e9o)<\/strong> : http:\/\/www.telerama.fr\/cinema\/j-ai-demande-aux-enfants-de-ne-jamais-oublier-la-camera-anne-dauphine-julliand,153555.php#xtor\n\n<strong>-En 2007, Iggy Pop retrouvait les &#8220;Stooges&#8221;. Il raconte (Hugo Cassavetti; vid\u00e9o) : <\/strong> http:\/\/www.telerama.fr\/musique\/iggy-pop-raconte-les-stooges-il-y-avait-une-sorte-de-chaos-permanent-autour-de-nous,153547.php#xtor\n\n-Les revenus publicitaires de Facebook en forte hausse (Ana\u00efs Moutot) : http:\/\/www.lesechos.fr\/tech-medias\/hightech\/0211760299478-les-revenus-publicitaires-de-facebook-en-forte-hausse-2062122.php#xtor\n\n-Marine Le Pen veut r\u00e9former le CSA (Marc Baudriller; son du 2 f\u00e9vrier) : https:\/\/www.radioclassique.fr\/radio\/emissions\/matinale-de-radio-classique\/la-vie-des-medias\/\n\n-Les journalistes de Mediapart condamnent l&#8217;\u00e9vacuation de confr\u00e8res pendant un d\u00e9placement de la candidate du FN :  https:\/\/blogs.mediapart.fr\/la-sdj-de-mediapart\/blog\/020217\/la-sdj-condamne-l-evacuation-de-journalistes-lors-d-un-deplacement-de-marine-le-pen?utm_source\n\n<strong>-&#8220;M\u00e9dias, comment r\u00e9tablir la confiance ?&#8221;, au &#8220;T\u00e9l\u00e9phone sonne&#8221; de France Inter; avec Guillaume Goubert, directeur de &#8220;La Croix&#8221;; Samuel Laurent, reponsable des &#8220;D\u00e9codeurs du Monde&#8221;; C\u00e9line Pigalle, directrice de la r\u00e9daction de BFM TV et Jean-Marc Four, directeur de la r\u00e9daction de France Inter; \u00e9mission anim\u00e9e par Nicolas Demorand (son) :<\/strong> https:\/\/www.franceinter.fr\/emissions\/le-telephone-sonne\/le-telephone-sonne-02-fevrier-2017\n\n<strong>-&#8220;Le Canard encha\u00een\u00e9&#8221;, poil \u00e0 gratter des politiques en 5 dates (sons et vid\u00e9o) : <\/strong> https:\/\/www.franceculture.fr\/medias\/de-stavisky-fillon-le-canard-enchaine-poil-gratter-des-politiques-en-5-dates#xtor\n\n-Sur BFM TV, Ruth Elkrief gendarme du journalisme (Jean-Louis Legalery) : https:\/\/blogs.mediapart.fr\/jean-louis-legalery\/blog\/020217\/ruth-elkrief-gendarme-du-journalisme-de-complaisance\n\n<strong>&#8220;Mireille Dumas, une vie de confessions et de chansons&#8221; (elle \u00e9tait l&#8217;invit\u00e9e de Sonia Devillers pour pr\u00e9senter son documentaire consacr\u00e9 au regrett\u00e9 Jean-Christophe Averty; vid\u00e9o) <\/strong> : http:\/\/www.dailymotion.com\/video\/x5adtog_mireille-dumas-une-vie-de-confessions-et-de-chansons_news\n\n-Les s\u00e9ries fran\u00e7aises ont plus la cote (Xavier Deluc, interrog\u00e9 par Thomas Joubert; vid\u00e9o) : http:\/\/www.europe1.fr\/emissions\/linterview-politique-de-8h20\/hubert-vedrine-trump-est-beaucoup-plus-perturbant-et-choquant-que-dangereux-2967545\n\n<strong>-Le billet de Charline Vanhoenacker (vid\u00e9o) : <\/strong> https:\/\/www.franceinter.fr\/emissions\/le-billet-de-charline-vanhoenacker\/le-billet-de-charline-vanhoenacker-02-fevrier-2017\n\n<strong>-L&#8217;affaire Fillon inspire les dessinateurs de presse : <\/strong> http:\/\/www.francetvinfo.fr\/politique\/francois-fillon\/affaires-fillon\/en-images-l-affaire-fillon-inspire-les-dessinateurs-de-presse_2047567.html\n\n<h2 class=\"wp-block-heading\">Documents joints<\/h2>\n\n\n\n<div class=\"wp-block-file\"><a href=\"https:\/\/wp.muchomaas.com\/wp-content\/uploads\/2017\/02\/le_micro-699.pdf\">le_micro.pdf<\/a><\/div>\n\n\n\n<div class=\"wp-block-file\"><a href=\"https:\/\/wp.muchomaas.com\/wp-content\/uploads\/2017\/02\/grece-3-c90.pdf\">grece-3.pdf<\/a><\/div>\n\n\n","protected":false},"excerpt":{"rendered":"<p>ACTUALITE -&#8220;La CGT essaye de placer au coeur de cette \u00e9lection les probl\u00e9matiques qui concernent les salari\u00e9s et les citoyens. Elle ne donnera pas de consigne de vote, comme d&#8217;habitude. Quand il s&#8217;agit de ses proches, M. Fillon n&#8217;a pas la m\u00eame conception du co\u00fbt du travail. Nous consid\u00e9rons que nous ne sommes pas dans [&hellip;]<\/p>\n","protected":false},"author":1042,"featured_media":0,"comment_status":"open","ping_status":"open","sticky":false,"template":"","format":"standard","meta":{"_themeisle_gutenberg_block_has_review":false,"footnotes":""},"categories":[151],"tags":[],"class_list":["post-10161","post","type-post","status-publish","format-standard","hentry","category-la-revue-de-presse-de-lulu"],"_links":{"self":[{"href":"https:\/\/archives.regards.fr\/index.php?rest_route=\/wp\/v2\/posts\/10161","targetHints":{"allow":["GET"]}}],"collection":[{"href":"https:\/\/archives.regards.fr\/index.php?rest_route=\/wp\/v2\/posts"}],"about":[{"href":"https:\/\/archives.regards.fr\/index.php?rest_route=\/wp\/v2\/types\/post"}],"author":[{"embeddable":true,"href":"https:\/\/archives.regards.fr\/index.php?rest_route=\/wp\/v2\/users\/1042"}],"replies":[{"embeddable":true,"href":"https:\/\/archives.regards.fr\/index.php?rest_route=%2Fwp%2Fv2%2Fcomments&post=10161"}],"version-history":[{"count":0,"href":"https:\/\/archives.regards.fr\/index.php?rest_route=\/wp\/v2\/posts\/10161\/revisions"}],"wp:attachment":[{"href":"https:\/\/archives.regards.fr\/index.php?rest_route=%2Fwp%2Fv2%2Fmedia&parent=10161"}],"wp:term":[{"taxonomy":"category","embeddable":true,"href":"https:\/\/archives.regards.fr\/index.php?rest_route=%2Fwp%2Fv2%2Fcategories&post=10161"},{"taxonomy":"post_tag","embeddable":true,"href":"https:\/\/archives.regards.fr\/index.php?rest_route=%2Fwp%2Fv2%2Ftags&post=10161"}],"curies":[{"name":"wp","href":"https:\/\/api.w.org\/{rel}","templated":true}]}}