{"id":10159,"date":"2017-02-03T15:40:20","date_gmt":"2017-02-03T14:40:20","guid":{"rendered":"https:\/\/wp.muchomaas.com\/article-ian-brossat-melenchon-fait-une-belle-campagne-mais-le-rassemblement-doit-encore\/"},"modified":"2023-06-23T23:24:01","modified_gmt":"2023-06-23T21:24:01","slug":"article-ian-brossat-melenchon-fait-une-belle-campagne-mais-le-rassemblement-doit-encore","status":"publish","type":"post","link":"https:\/\/archives.regards.fr\/?p=10159","title":{"rendered":"Ian Brossat\u00a0: \u00ab\u00a0M\u00e9lenchon fait une belle campagne, mais le rassemblement doit s&#8217;\u00e9largir\u00a0\u00bb"},"content":{"rendered":"<p class=\"post_excerpt\">\u00c9lu communiste au conseil de Paris, en charge du logement, Ian Brossat soutient la candidature de Jean-Luc M\u00e9lenchon. Il analyse les possibilit\u00e9s de la gauche post-primaire \u00e0 la lumi\u00e8re de son exp\u00e9rience municipale.\n<\/p>\n<p><strong>Regards<\/strong>. Qu\u2019est-ce que l\u2019\u00e9lection de Benoit Hamon a chang\u00e9, pour vous\u00a0? \u00a0<\/strong><\/p>\n<p><strong>Ian Brossat.<\/strong> Cette victoire dit deux choses \u00e0 la fois. D\u2019abord, elle confirme ce que disaient le Parti communiste, le Front de Gauche et Jean-Luc M\u00e9lenchon depuis tr\u00e8s longtemps\u00a0: \u00e0 savoir que le peuple de gauche rejette massivement les politiques d\u2019aust\u00e9rit\u00e9. Nous l&#8217;avons vu dans la rue avec la mobilisation contre la loi El Khomri. Ce dimanche, nous l&#8217;avons vu dans les urnes. C\u2019est le premier \u00e9l\u00e9ment. Le deuxi\u00e8me, c\u2019est que nous avons enfin un interlocuteur avec lequel il est possible de discuter. Valls avait th\u00e9oris\u00e9 les deux gauches irr\u00e9conciliables. Cette page-l\u00e0, les \u00e9lecteurs de la primaire ont choisi de la tourner. Avec Valls, il n&#8217;y avait pas de convergences possibles. Avec Hamon, si. Cela m\u00e9rite que nous en discutions. <\/p>\n<p><strong>\u2026 et discuter de quoi\u00a0?<\/strong><\/p>\n<p>Il faut aborder les questions de fond avec Beno\u00eet Hamon. Il a \u00e9t\u00e9 \u00e9lu sur le rejet de l\u2019aust\u00e9rit\u00e9. Mais la question de l\u2019orientation politique qu\u2019il d\u00e9fendra pendant la campagne pr\u00e9sidentielle reste enti\u00e8re. La balle est aussi de son c\u00f4t\u00e9. S\u2019il reste fid\u00e8le au programme d\u00e9fendu pendant la primaire, nous pourrons faire la d\u00e9monstration que des convergences de fond sont possibles \u2013 notamment dans la perspective d&#8217;une future majorit\u00e9 de gauche \u00e0 l&#8217;Assembl\u00e9e nationale. Si, en revanche, il fait une synth\u00e8se avec les courants les plus droitiers du Parti socialiste pour emp\u00eacher d&#8217;\u00e9ventuels d\u00e9parts chez Macron, ce sera impossible.<\/p>\n<p><em> <\/p>\n<h2>\u00ab Le score de Jean-Luc M\u00e9lenchon sera d\u2019autant plus haut qu\u2019il tendra la main \u00e0 tous ceux qui refusent les politiques d\u2019aust\u00e9rit\u00e9. Le rassemblement peut encore s\u2019\u00e9largir.\u00a0\u00bb<\/h2>\n<p> <\/em><\/p>\n<p><strong>Plusieurs p\u00e9titions circulent pour appeler M\u00e9lenchon, Hamon et Jadot \u00e0 s\u2019entendre autour d\u2019une candidature commune.\u00a0 Est-ce envisageable ?<\/strong><\/p>\n<p>Ces appels r\u00e9pondent \u00e0 une aspiration que j&#8217;entends. Il reste que cette \u00e9ventualit\u00e9 demeure tr\u00e8s al\u00e9atoire. M\u00e9lenchon, Hamon et Jadot ont tous les trois leur l\u00e9gitimit\u00e9. Pour ce qui concerne les communistes, nous avons notre candidat. C&#8217;est Jean-Luc M\u00e9lenchon. S&#8217;il y a une discussion \u00e0 avoir, elle doit porter sur le fond, sur les propositions. Et c&#8217;est \u00e0 partir de celles-ci que nous pourrons \u2013 je le souhaite, en tout cas \u2013 construire un pacte de majorit\u00e9 dans la perspective des \u00e9lections l\u00e9gislatives. <\/p>\n<p><strong>Comment appr\u00e9ciez-vous la campagne de Jean-Luc M\u00e9lenchon\u00a0?\u00a0<\/strong><\/p>\n<p>Il y a incontestablement une belle dynamique de campagne\u00a0: il y a du monde dans les meetings et une pr\u00e9sence sur les r\u00e9seaux sociaux extr\u00eamement forte. Il reste que la campagne men\u00e9e par Jean-Luc M\u00e9lenchon en 2017 n\u2019est pas la campagne de 2012. Le choix d\u2019en rester au seul cadre de la France insoumise et de ne pas laisser la place aux autres composantes qui soutiennent sa candidature est \u00e0 mon sens regrettable. Je suis convaincu que le score de Jean-Luc M\u00e9lenchon sera d\u2019autant plus haut qu\u2019il tendra la main \u00e0 tous ceux qui refusent les politiques d\u2019aust\u00e9rit\u00e9. C\u2019est donc une belle campagne, mais le rassemblement doit encore s\u2019\u00e9largir.<\/p>\n<p><strong>Allez-vous signer la charte des Insoumis\u00a0?<\/strong><\/p>\n<p>Non. Et cela ne m&#8217;emp\u00eache pas de faire campagne pour Jean-Luc M\u00e9lenchon. <\/p>\n<p><strong>C\u2019est pourtant la condition pour avoir le soutien de la France insoumise. Face aux candidats communistes, des candidats insoumis pourraient-ils donc \u00eatre investis\u00a0?<\/strong><\/p>\n<p>Il serait totalement aberrant que nous ayons des candidats distincts aux \u00e9lections l\u00e9gislatives alors que nous soutenons le m\u00eame candidat \u00e0 l\u2019\u00e9lection pr\u00e9sidentielle.\u00a0Le dialogue doit donc se poursuivre avec la France insoumise pour aboutir \u00e0 des candidatures communes. Tout le monde y gagnera.<\/p>\n<p><em> <\/p>\n<h2>\u00abSi, depuis cinq ans, la gauche nationale avait ressembl\u00e9 un peu plus \u00e0 la gauche parisienne, la gauche se porterait mieux.\u00a0\u00bb<\/h2>\n<p> <\/em><\/p>\n<p><strong>Depuis ce lundi, vous \u00eates membre d\u2019un ex\u00e9cutif municipal \u00e0 Paris, qui compte en son sein des \u00e9lus En Marche \u2013 Anne Hidalgo ayant maintenu ses deux adjoints dans leurs fonctions. Ce que vous d\u00e9noncez \u00e0 l\u2019\u00e9chelle nationale est acceptable \u00e0 l\u2019\u00e9chelle locale ?\u00a0<\/strong><\/p>\n<p>On parle de deux \u00e9lus qui ont fait un choix personnel. Si ce choix s\u2019\u00e9tait traduit par une inflexion de la politique municipale, la question de notre participation \u00e0 la majorit\u00e9 se poserait. Il n&#8217;en est rien. Nous sommes port\u00e9s par un engagement de mandature. Il est aujourd&#8217;hui respect\u00e9. En mati\u00e8re de logement, premier sujet de pr\u00e9occupation des Parisiens, nous allons m\u00eame au-del\u00e0 de nos engagements de campagne. En 2017, nous continuerons \u00e0 produire 7.500 logements sociaux, \u00e0 ouvrir des centres d\u2019h\u00e9bergements, dont un de 300 places dans le 12e arrondissement, \u00e0 avoir un niveau d\u2019investissement tr\u00e8s \u00e9lev\u00e9, \u00e0 livrer des places en cr\u00e8che et \u00e0 renforcer le service public. <\/p>\n<p><strong>Tout de m\u00eame, un ex\u00e9cutif qui compte une ex-chiraquienne, un ex-Modem, des \u00e9lus En Marche \u2013 qui ont soutenu la politique gouvernementale, entour\u00e9s de socialistes, d\u2019\u00e9cologistes et de communistes\u2026 \u00e0 la veille de la pr\u00e9sidentielle et des l\u00e9gislatives, le pari est un peu risqu\u00e9, non\u00a0? <\/strong><\/p>\n<p>La maire de Paris n\u2019a jamais soutenu la politique de Valls et, aujourd\u2019hui, elle soutient la candidature de Beno\u00eet Hamon. Lors de cette \u00e9lection pr\u00e9sidentielle, les vingt-et-un adjoints d\u2019Anne Hidalgo soutiendront des candidats \u00e0 la pr\u00e9sidentielle extr\u00eamement diff\u00e9rents. Certains soutiennent Jadot, d\u2019autres Hamon, d\u2019autres comme moi soutiennent M\u00e9lenchon. Et enfin deux \u00e9lus seulement soutiennent Macron. <\/p>\n<p><strong>Vous resterez donc au sein de l\u2019ex\u00e9cutif municipal\u00a0?<\/strong><\/p>\n<p>Ma seule boussole, c\u2019est l\u2019int\u00e9r\u00eat des gens. Je suis fier d&#8217;avoir ouvert un centre pour sans-abris dans le 16e malgr\u00e9 les hurlements de certains riverains attach\u00e9s \u00e0 l&#8217;entre-soi. Fier aussi d&#8217;avoir enfin encadr\u00e9 les loyers pour prot\u00e9ger les classes moyennes parisiennes. La politique, telle que je la con\u00e7ois, ce sont des faits, des r\u00e9sultats. Tant que nous sommes utiles au plus grand nombre, nous avons notre place dans cet ex\u00e9cutif municipal. Si, depuis cinq ans, la gauche nationale avait ressembl\u00e9 un peu plus \u00e0 la gauche parisienne, la gauche se porterait mieux. Et je souhaite d\u2019ailleurs \u00e0 la gauche, \u00e0 l\u2019\u00e9chelle nationale, de se porter aussi bien que la gauche parisienne.\u00a0<\/p>\n<p><em> <\/p>\n<h2>\u00ab Tant que d\u2019autres grandes m\u00e9tropoles n\u2019ouvriront pas de centres humanitaires, la situation des migrants restera dramatique.\u00a0\u00bb<\/h2>\n<p> <\/em><\/p>\n<p><strong>Il y a tout de m\u00eame quelques sujets de discorde. L\u2019accueil des migrants par exemple, la pr\u00e9carit\u00e9 et la violence qui s\u2019exercent sur eux, a \u00e9t\u00e9 largement d\u00e9nonc\u00e9e \u2013 m\u00eame si la ville de Paris n\u2019est pas en premi\u00e8re ligne\u2026<\/strong><\/p>\n<p>La situation est loin, tr\u00e8s loin d\u2019\u00eatre parfaite. C\u2019est le moins que l\u2019on puisse dire. Il reste que depuis l\u2019ouverture du centre de la porte de la Chapelle \u2013 et maintenant du centre d\u2019Ivry \u2013, la situation s\u2019est am\u00e9lior\u00e9e. Il y a quelques mois, des centaines de r\u00e9fugi\u00e9s dormaient dehors \u00e0 Stalingrad. C&#8217;\u00e9tait indigne. La ville de Paris a fait le choix d\u2019aller bien au-del\u00e0 de ses comp\u00e9tences en ouvrant un centre humanitaire alors que c\u2019est une comp\u00e9tence de l\u2019\u00c9tat. Paris est, de fait, une ville refuge. Nous avons choisi de l&#8217;assumer. Il a fallu forcer la main de l&#8217;\u00c9tat qui, au d\u00e9part, ne voulait pas de notre centre humanitaire. Nous avons tenu bon et nous l&#8217;avons fait. En revanche, il serait totalement faux d\u2019imaginer que Paris, seule, puisse r\u00e9gler le probl\u00e8me. Tant que d\u2019autres grandes m\u00e9tropoles n\u2019ouvriront pas de centres humanitaires, la situation restera dramatique. Pourquoi n\u2019a-t-on pas l\u2019\u00e9quivalent du centre de la Chapelle \u00e0 Nice, par exemple\u00a0? <\/p>\n<p style=\"text-align: center;\"><strong>[Lire aussi : <a href=\"https:\/\/wp.muchomaas.com\/web\/article\/mineurs-refugies-quand-l-urgence-en-cache-une-autre\">&#8220;Mineurs refugi\u00e9s : quand l\u2019urgence en cache une autre&#8221;<\/a>]<\/strong><\/p>\n<p><strong>Comment analysez-vous ce qu\u2019on appelle &#8220;l\u2019affaire Fillon&#8221; et que dit-elle de la d\u00e9connexion du politique avec le peuple\u00a0?<\/strong><\/p>\n<p>Cette affaire, que les faits en question soit l\u00e9gaux ou pas, est totalement immorale. On ne peut pas d\u2019un c\u00f4t\u00e9 pr\u00f4ner l\u2019aust\u00e9rit\u00e9 pour tous et, dans le m\u00eame temps, se gaver sur le dos du contribuable en se tournant les pouces. C\u2019est profond\u00e9ment choquant. Cette affaire en dit long sur la d\u00e9connexion d\u2019une certaine \u00e9lite par rapport \u00e0 la r\u00e9alit\u00e9 de ce que vivent les gens. Ces pratiques immorales, il faut les rendre ill\u00e9gales. Il n\u2019est pas normal que l\u2019on puisse embaucher son conjoint ou ses enfants \u00e0 l\u2019Assembl\u00e9e nationale ou au s\u00e9nat. Ces pratiques d\u2019un autre si\u00e8cle devraient \u00eatre d\u00e9finitivement enterr\u00e9es.\u00a0<\/p>\n<p><a href=\"https:\/\/wp.muchomaas.com\/web\/article\/regards-le-numero-d-hiver-10091\"><img loading=\"lazy\" decoding=\"async\" class=\" aligncenter size-full wp-image-24395\" src=\"https:\/\/wp.muchomaas.com\/wp-content\/uploads\/2017\/01\/une-hiver-sortie-d83.jpg\" alt=\"une-hiver-sortie.jpg\" align=\"center\" width=\"460\" height=\"297\" \/><\/a><div id='gallery-1' class='gallery galleryid-10159 gallery-columns-3 gallery-size-thumbnail'><figure class='gallery-item'>\n\t\t\t<div class='gallery-icon landscape'>\n\t\t\t\t<a href='https:\/\/archives.regards.fr\/wp-content\/uploads\/2017\/01\/une-hiver-sortie-a8d.jpg'><img loading=\"lazy\" decoding=\"async\" width=\"150\" height=\"150\" src=\"https:\/\/archives.regards.fr\/wp-content\/uploads\/2017\/01\/une-hiver-sortie-a8d-150x150.jpg\" class=\"attachment-thumbnail size-thumbnail\" alt=\"une-hiver-sortie.jpg\" \/><\/a>\n\t\t\t<\/div><\/figure>\n\t\t<\/div>\n<\/p>\n","protected":false},"excerpt":{"rendered":"<p>\u00c9lu communiste au conseil de Paris, en charge du logement, Ian Brossat soutient la candidature de Jean-Luc M\u00e9lenchon. Il analyse les possibilit\u00e9s de la gauche post-primaire \u00e0 la lumi\u00e8re de son exp\u00e9rience municipale. <\/p>\n","protected":false},"author":1039,"featured_media":24395,"comment_status":"open","ping_status":"open","sticky":false,"template":"","format":"standard","meta":{"_themeisle_gutenberg_block_has_review":false,"footnotes":""},"categories":[157],"tags":[293,383,406,497],"class_list":["post-10159","post","type-post","status-publish","format-standard","has-post-thumbnail","hentry","category-web","tag-entretien","tag-jean-luc-melenchon","tag-pcf","tag-presidentielle-2017"],"_links":{"self":[{"href":"https:\/\/archives.regards.fr\/index.php?rest_route=\/wp\/v2\/posts\/10159","targetHints":{"allow":["GET"]}}],"collection":[{"href":"https:\/\/archives.regards.fr\/index.php?rest_route=\/wp\/v2\/posts"}],"about":[{"href":"https:\/\/archives.regards.fr\/index.php?rest_route=\/wp\/v2\/types\/post"}],"author":[{"embeddable":true,"href":"https:\/\/archives.regards.fr\/index.php?rest_route=\/wp\/v2\/users\/1039"}],"replies":[{"embeddable":true,"href":"https:\/\/archives.regards.fr\/index.php?rest_route=%2Fwp%2Fv2%2Fcomments&post=10159"}],"version-history":[{"count":0,"href":"https:\/\/archives.regards.fr\/index.php?rest_route=\/wp\/v2\/posts\/10159\/revisions"}],"wp:featuredmedia":[{"embeddable":true,"href":"https:\/\/archives.regards.fr\/index.php?rest_route=\/wp\/v2\/media\/24395"}],"wp:attachment":[{"href":"https:\/\/archives.regards.fr\/index.php?rest_route=%2Fwp%2Fv2%2Fmedia&parent=10159"}],"wp:term":[{"taxonomy":"category","embeddable":true,"href":"https:\/\/archives.regards.fr\/index.php?rest_route=%2Fwp%2Fv2%2Fcategories&post=10159"},{"taxonomy":"post_tag","embeddable":true,"href":"https:\/\/archives.regards.fr\/index.php?rest_route=%2Fwp%2Fv2%2Ftags&post=10159"}],"curies":[{"name":"wp","href":"https:\/\/api.w.org\/{rel}","templated":true}]}}