{"id":10158,"date":"2017-02-02T07:16:17","date_gmt":"2017-02-02T06:16:17","guid":{"rendered":"https:\/\/wp.muchomaas.com\/article-la-revue-du-2-fevrier-2017\/"},"modified":"2023-06-23T23:24:01","modified_gmt":"2023-06-23T21:24:01","slug":"article-la-revue-du-2-fevrier-2017","status":"publish","type":"post","link":"https:\/\/archives.regards.fr\/?p=10158","title":{"rendered":"La Revue du 2 f\u00e9vrier 2017"},"content":{"rendered":"<strong>ACTUALITE<\/strong>\n\n-Apr\u00e8s 11 ans de n\u00e9gociations, &#8220;les entreprises au pied du mur de la p\u00e9nibilit\u00e9&#8221; (Marie Viennot; son) : https:\/\/www.franceculture.fr\/emissions\/le-billet-economique\/penibilite-11-ans-de-negociations-pour-rien#xtor\n\n-&#8220;Et si on essayait vraiment la mixit\u00e9&#8221; (l&#8217;\u00e9conomiste Fr\u00e9d\u00e9ric Gilli) : http:\/\/www.metropolitiques.eu\/Et-si-on-essayait-VRAIMENT-la.html\n\n<em>-&#8220;La pauvret\u00e9 en conditions de vie de 2004 \u00e0 2014&#8221; (documents de l&#8217;INSEE \u00e0 t\u00e9l\u00e9charger) :<\/em> https:\/\/www.insee.fr\/fr\/statistiques\/2502743?sommaire=2502768\n\n<strong>-&#8220;Familles pr\u00e9caris\u00e9es, comment prot\u00e9ger les enfants ?&#8221;, d\u00e9bat sur France 2 anim\u00e9 par Julian Bugier (vid\u00e9o) : <\/strong> http:\/\/www.france2.fr\/emission\/familles-precaires-comment-proteger-les-enfants\/diffusion-du-01-02-2017-22h25\n\n-A Saint-Ouen (93), les lyc\u00e9ens se mobilisent pour leurs camarades sans abri (vid\u00e9o) : http:\/\/www.francetvinfo.fr\/societe\/sdf\/lyceens-sans-abri-a-saint-ouen-leurs-camarades-se-mobilisent_2046441.html\n\n-&#8220;Nous sommes actionnaires de 1 000 entreprises en direct, 3 000 en indirect&#8221; (Nicolas Dufourcq, directeur g\u00e9n\u00e9ral de &#8220;Bpifrance&#8221;; interrog\u00e9 par Nicolas Pierron; vid\u00e9o) : https:\/\/www.dailymotion.com\/video\/x5a9oax_nous-sommes-actionnaires-de-1000-entreprises-en-direct-3000-en-indirect-nicolas-dufourcq-01-02-2017_news\n\n-Pour Louis Maurin, le directeur de l&#8217;Observatoire des in\u00e9galit\u00e9s, &#8220;l&#8217;\u00e9cole ne les augmente pas&#8221; : http:\/\/www.inegalites.fr\/spip.php?page=article&#038;id_article=2252&#038;id_rubrique=64\n\n-Le d\u00e9clin du diesel se confirme (Maxime Amiot; vid\u00e9o) : http:\/\/www.lesechos.fr\/industrie-services\/automobile\/0211757188615-le-diesel-nest-plus-majoritaire-dans-les-ventes-de-voitures-neuves-2061814.php\n\n-&#8220;Le bio\u00e9thanol en profite&#8221; (Anne Feitz) : http:\/\/www.lesechos.fr\/industrie-services\/energie-environnement\/0211733776308-le-bioethanol-profite-du-dieselgate-2060359.php\n\n-&#8220;Des voitures \u00e9lectriques en mal de bornes&#8221; (St\u00e9phanie Senet) :  http:\/\/www.euractiv.fr\/section\/all\/news\/military-situation-in-eastern-ukraine-worsens\/?nl_ref=30203806\n\n-Les p\u00e9ages augmentent de 0,8% en moyenne (vid\u00e9o) : http:\/\/www.francetvinfo.fr\/economie\/automobile\/augmentation-du-tarif-des-peages-de-8-en-moyenne_2046445.html\n\n<strong>-&#8220;L&#8217;impossible chiffrage du d\u00e9mant\u00e8lement des centrales nucl\u00e9aires&#8221; (Barbara Romagnan, d\u00e9put\u00e9e PS, rapporteuse du rapport sur &#8220;la faisabilit\u00e9 technique et financi\u00e8re du d\u00e9mant\u00e8lement des centrales nucl\u00e9aires&#8221; (vid\u00e9o) :  <\/strong> http:\/\/www.lcp.fr\/la-politique-en-video\/limpossible-chiffrage-du-demantelement-des-centrales-nucleaires-0\n\n-La r\u00e9union de la commission du &#8220;D\u00e9veloppement durable&#8221; qui en a d\u00e9battu (cliquer sur les noms de d\u00e9put\u00e9s pour voir les vid\u00e9os de leurs interventions) :              http:\/\/videos.assemblee-nationale.fr\/video.4620686_58919a16cc841.commission-du-developpement-durable&#8211;faisabilite-technique-et-financiere-du-demantelement-des-infra-1-fevrier-2017\n\n<em>-Le rapport n&#8217;est pas encore \u00e9dit\u00e9 :<\/em> http:\/\/www2.assemblee-nationale.fr\/documents\/notice\/14\/rap-info\/i4428\/(index)\/rapports-information\n\n<em>-Les Fran\u00e7ais et les \u00e9nergies renouvelables (OPINION-WAY) <\/em> : https:\/\/www.opinion-way.com\/fr\/component\/edocman\/?task=document.viewdoc&#038;id=1522&#038;Itemid=0\n\n<strong>-La loi littoral &#8220;assouplie&#8221; par les d\u00e9put\u00e9s (Marc Bourreau et Violaine de la Bigne; sons du 1er f\u00e9vrier) <\/strong> : https:\/\/www.radioclassique.fr\/radio\/emissions\/matinale-de-radio-classique\/3-minutes-planete\/            http:\/\/www.sudradio.fr\/Podcasts\/Quelle-epoque-ethique\/Loi-Littoral\n\n-&#8220;L&#8217;enjeu est de travailler sur des produits de qualit\u00e9. Nous livrons 1 000 colis par semaine&#8221; (Julien Radic, fondateur de &#8220;Illico Fresco&#8221;; interrog\u00e9 par St\u00e9phane D\u00e9pinay (vid\u00e9o) : http:\/\/www.francetvinfo.fr\/sante\/alimentation\/video-fourneaux-lenjeu-est-de-travailler-sur-des-produits-de-qualite-selon-julien-radic_2045891.html\n\n-&#8220;Notre principale richesse, c&#8217;est notre diversit\u00e9&#8221; (l&#8217;historien Nicolas Baverez; son) : http:\/\/www.sudradio.fr\/Podcasts\/L-invite-pour-comprendre\/Nicolas-Baverez-essayiste-historien-chroniqueur\n\n<em>-L&#8217;attirance sexuelle entre femmes (IFOP) : <\/em> http:\/\/www.ifop.fr\/?option=com_publication&#038;type=poll&#038;id=3630\n\n-&#8220;Les collectivit\u00e9s locales veulent faire la lumi\u00e8re sur l&#8217;absent\u00e9isme&#8221; (Le\u00efla de Comarmond) : http:\/\/www.lesechos.fr\/economie-france\/social\/0211752208691-les-collectivites-locales-veulent-faire-la-lumiere-sur-labsenteisme-2061739.php\n\n-Le harc\u00e8lement t\u00e9l\u00e9phonique des d\u00e9marcheurs (Manuel Jacquinet du magazine &#8220;En Contact&#8221;; son) : http:\/\/www.sudradio.fr\/Podcasts\/L-invite-pour-comprendre\/Manuel-Jacquinet-redacteur-en-chef-du-magazine-En-Contact\n\n-&#8220;Bloctel&#8221;, le syst\u00e8me qui dysfonctionne (vid\u00e9o) : http:\/\/www.francetvinfo.fr\/internet\/telephonie\/demarchage-telephonique-bloctel-un-systeme-qui-dysfonctionne_2046447.html\n\n-&#8220;Moi prof, je ne demandais pas \u00e0 \u00eatre augment\u00e9e, et cela tombe bien car je ne le suis pas&#8221; (Lucie Martin) : http:\/\/www.telerama.fr\/monde\/moi-prof-je-ne-demandais-pas-a-etre-augmentee,153408.php#xtor\n\n-&#8220;Comment vivre au temps du terrorisme&#8221;, son auteur, le criminologue Alain Bauer, invit\u00e9 du &#8220;Club de la presse&#8221; d&#8217;Europe 1. Il en profite pour s&#8217;expliquer  sur l&#8217;enqu\u00eate que m\u00e8ne sur lui le parquet national financier (son, amener le curseur sur 26:09) : http:\/\/www.europe1.fr\/emissions\/le-club-de-la-presse\/europe-soir-le-club-de-la-presse-eric-dupond-moretti-et-alain-bauer-01022017-2967053\n\n<strong>POLITIQUE<\/strong>\n\n&#8211;<strong>&#8220;En campagne pour le changement !&#8221; (Patrick Le Hyaric; pi\u00e8ce jointe);<\/strong>\n\n<strong>-&#8220;La situation de Fran\u00e7ois Fillon devient intenable. Le coup vient de sa propre famille. Il faut accepter quand on tend la main comme le fait Beno\u00eet Hamon. Je suis pr\u00eat \u00e0 discuter. Examinons la question de la majorit\u00e9 gouvernementale mais dans la clart\u00e9. Je suis pr\u00eat \u00e0 discuter de tout mais pas d&#8217;ambigu\u00eft\u00e9 en essayant de tourner la page en conservant ceux qui l&#8217;ont \u00e9crite&#8221; (Jean-Luc M\u00e9lenchon, interrog\u00e9 par Marc Olivier Fogiel; son) :<\/strong> http:\/\/www.rtl.fr\/actu\/politique\/presidentielle-2017-melenchon-sur-fillon-s-il-reste-ca-fait-un-adversaire-plus-vulnerable-7787028762\n\n-&#8220;Nous entrons dans une p\u00e9riode de grande turbulence. Alors r\u00e9fl\u00e9chissons&#8221; (vid\u00e9o) : \n<iframe loading=\"lazy\" title=\"MONSIEUR HAMON, CHOISISSEZ !\" width=\"500\" height=\"281\" src=\"https:\/\/www.youtube.com\/embed\/tQIsWprmxDA?feature=oembed\" frameborder=\"0\" allow=\"accelerometer; autoplay; clipboard-write; encrypted-media; gyroscope; picture-in-picture; web-share\" referrerpolicy=\"strict-origin-when-cross-origin\" allowfullscreen><\/iframe>\n\n-&#8220;Pierre Laurent, la t\u00eate \u00e0 une grande alliance&#8221; (Rachid La\u00efreche) : http:\/\/www.liberation.fr\/elections-presidentielle-legislatives-2017\/2017\/02\/01\/pierre-laurent-la-tete-a-une-grande-alliance_1545398?xtor\n\n-Autour de Beno\u00eet Hamon, &#8220;il faut rassembler au maximum tous les socialistes et le faire dans une dynamique de rassemblement de la Gauche au plus large et des \u00e9cologistes&#8221; (Marie-No\u00eblle Lienemann, s\u00e9natrice socialiste de Paris; interrog\u00e9e par Arnaud Pontus; vid\u00e9o) : http:\/\/www.rfi.fr\/video\/20170201-marie-noelle-lienemann-defend-le-rassemblement-forces-gauche\n\n-&#8220;L&#8217;union des gauches est-elle un concept d\u00e9pass\u00e9 ?&#8221; (Olivier Faure, pr\u00e9sident du groupe socialiste \u00e0 l&#8217;Assembl\u00e9e nationale et Fr\u00e9d\u00e9ric Sawicki, professeur de science politique \u00e0 l&#8217;universit\u00e9 Paris I Panth\u00e9on-Sorbonne; invit\u00e9s de &#8220;L&#8217;Atelier du pouvoir&#8221; d&#8217;Ariane Chemin et Vincent Martigny; son) :  https:\/\/www.franceculture.fr\/emissions\/latelier-du-pouvoir\/lunion-des-gauches-est-elle-un-concept-depasse\n\n-&#8220;L&#8217;id\u00e9e d&#8217;un rapprochement entre Hamon et Jadot fait son chemin&#8221; (Rapha\u00eblle Besse Desmouli\u00e8res) : http:\/\/www.lemonde.fr\/election-presidentielle-2017\/article\/2017\/01\/31\/l-idee-d-un-rapprochement-entre-hamon-et-jadot-fait-son-chemin_5072126_4854003.html\n\n-&#8220;Ces r\u00e9v\u00e9lations (sur Fran\u00e7ois Fillon) sont accablantes. Ses amis vont le pousser dehors. Cette bourgeoisie se croit tout permis. Il est disqualifi\u00e9. Le FN aussi, pourtant avec peu d&#8217;\u00e9lus, va \u00e0 la mangeoire. je n&#8217;appartiens pas \u00e0 ce monde-l\u00e0&#8221; (Nathalie Arthaud de LO, invit\u00e9e de &#8220;Politique matin&#8221;; interrog\u00e9e par Brigitte Boucher; vid\u00e9o, amener le curseur sur 29:40) : http:\/\/www.lcp.fr\/emissions\/politique-matin\/279041-politique-matin\n\n-&#8220;Je souhaite que les parlementaires ne puissent pas embaucher de membres de leur famille. Quand la loi a \u00e9t\u00e9 promulgu\u00e9e, Fran\u00e7ois Fillon a mis fin au contrat de sa femme. La question est de savoir si en face de la r\u00e9mun\u00e9ration, il y a un travail. Il n&#8217;est pas classique de payer des gens sans les faire travailler. Nous avons eu une primaire et je prends l&#8217;appel des &#8220;r\u00e9formateurs&#8221; comme un appel \u00e0 discuter. Le pr\u00e9sident continue \u00e0 s&#8217;int\u00e9resser \u00e0 sa famille d&#8217;origine&#8221; (Olivier Faure, d\u00e9put\u00e9 PS de Seine-et-Marne, face \u00e0 Caroline Roux; vid\u00e9o) : http:\/\/www.france2.fr\/emissions\/telematin\/actu\/les-4-verites-olivier-faure_550483\n\n<br \/>&mdash;&nbsp;&#8220;On voit bien l&#8217;effondrement du candidat de la droite qui profite au FN. Macron peut \u00eatre le rempart. Nous demandons un certain nombre de choses \u00e0 Beno\u00eet Hamon. Cette petite gauche, je la connais, elle ne m\u00e8ne \u00e0 rien&#8221; (Christophe Caresche, d\u00e9put\u00e9 PS de Paris; face \u00e0 Guillaume Durand; son du 1er f\u00e9vrier) : https:\/\/www.radioclassique.fr\/radio\/emissions\/matinale-de-radio-classique\/l-invite-du-matin\/\n\n-&#8220;Les socialistes inventent le droit de retrait en politique&#8221; (Alba Ventura; vid\u00e9o) : http:\/\/www.rtl.fr\/actu\/politique\/presidentielle-2017-les-socialistes-inventent-le-droit-de-retrait-en-politique-s-etonne-alba-ventura-7787017519\n\n-&#8220;Quand on se pr\u00e9sente, il vaut mieux \u00eatre irr\u00e9prochable. Le parti radical de gauche a besoin d&#8217;\u00e9claircissements de Beno\u00eet Hamon  sur le projet europ\u00e9en, sur la la\u00efcit\u00e9&#8221; (la ministre PRG de la Fonction publique Annick Girardin; invit\u00e9e de &#8220;Territoires d&#8217;Infos&#8221;; vid\u00e9o) : http:\/\/www.dailymotion.com\/video\/x5a9em9_invitee-annick-girardin-territoires-d-infos-01-02-2017_news\n\n-&#8220;Je ne peux pas renier ce que j&#8217;ai vot\u00e9&#8221; (Odile Saugues, d\u00e9put\u00e9e PS du Puy-de-D\u00f4me qui refuse de soutenir Beno\u00eet Hamon; propos recueillis par C\u00e9dric Gourin) :                                                    http:\/\/www.lamontagne.fr\/clermont-ferrand\/politique\/allier\/2017\/01\/31\/pourquoi-la-deputee-socialiste-odile-saugues-refuse-de-soutenir-le-candidat-hamon_12265544.html\n\n-&#8220;Je ne me reconnais pas dans le socialisme extr\u00e9miste qui n&#8217;a rien \u00e0 voir avec la r\u00e9alit\u00e9&#8221; (G\u00e9rard Collomb, s\u00e9nateur PS du Rh\u00f4ne; vid\u00e9o) :  http:\/\/www.lci.fr\/elections\/quand-gerard-collomb-proche-de-macron-ne-se-reconnait-pas-dans-le-socialisme-extremiste-de-hamon-2024319.html%3Ftype=content\n\n-&#8220;Emmanuel Macron a de fortes chances d&#8217;\u00eatre le prochain pr\u00e9sident de la R\u00e9publique&#8221; (Il \u00e9tait l&#8217;invit\u00e9 d&#8217;Audrey Crespo-Mara; vid\u00e9o) : http:\/\/www.lci.fr\/replay\/replay-l-invite-politique-du-1er-fevrier-2017-gerard-collomb-senateur-maire-de-lyon-2024320.html%3Ftype=content\n\n<strong>-Emmanuel Macron a eu droit \u00e0 une matinale &#8220;grand format&#8221; sur France Inter pour d\u00e9tailler ses propositions (vid\u00e9os) :   <\/strong>                                                                                                                 http:\/\/www.dailymotion.com\/video\/x5a9bn6_matinale-grand-format-l-interview-politique-emmanuel-macron_news\n<iframe loading=\"lazy\" title=\"Matinale Grand Format - Interactiv&#039; : Emmanuel Macron\" frameborder=\"0\" width=\"500\" height=\"283\" src=\"https:\/\/geo.dailymotion.com\/player.html?video=x5a9ln3&#038;\" allowfullscreen allow=\"autoplay; fullscreen; picture-in-picture; web-share\"><\/iframe>\n\n-Ce qu&#8217;il a dit sur l&#8217;affaire Fillon (vid\u00e9o) : http:\/\/www.dailymotion.com\/video\/x5a9hi6_emmanuel-macron-sur-l-affaire-fillon-si-l-on-ne-regarde-pas-ces-sujets-en-face-on-nourrit-la-defianc_news\n\n-L&#8217;ancien directeur de campagne de Bruno Le Maire, J\u00e9r\u00f4me Grand d&#8217;Esnon le rejoint. Il \u00e9tait l&#8217;invit\u00e9 d&#8217;Elizabeth Martichoux (vid\u00e9o) : http:\/\/www.rtl.fr\/actu\/politique\/presidentielle-2017-pourquoi-l-ancien-directeur-de-campagne-de-le-maire-rejoint-macron-7787017934\n\n<strong>-&#8220;Je suis troubl\u00e9 par les faits et par les sommes. Que Fran\u00e7ois Fillon soit oblig\u00e9 de se retirer est une possibilit\u00e9. La France est un pays qui a besoin d&#8217;\u00e9quit\u00e9, dans lequel la loi est la m\u00eame pour tous. Depuis le premier jour, des questions n&#8217;ont pas re\u00e7u de r\u00e9ponses. Les primaires sont un poison. Elles n&#8217;ont pas la v\u00e9rit\u00e9 de l&#8217;\u00e9lection pr\u00e9sidentielle. Elles vont toujours chercher le noyau dur, c&#8217;est le contraire de l&#8217;\u00e9lection pr\u00e9sidentielle&#8221; (Fran\u00e7ois Bayrou, interrog\u00e9 par Jean-Jacques Bourdin; vid\u00e9o) :<\/strong> http:\/\/www.bfmtv.com\/mediaplayer\/video\/francois-bayrou-face-a-jean-jacques-bourdin-en-direct-909371.html\n\n-&#8220;Il h\u00e9site parce qu&#8217;il esp\u00e8re que va se d\u00e9gager un espace pour lui, mais, son espace, c&#8217;est Macron qui l&#8217;occupe. Il cherche les conditions du ralliement&#8221; (Christophe Barbier; vid\u00e9o) : http:\/\/www.bfmtv.com\/mediaplayer\/video\/l-edito-de-christophe-barbier-francois-bayrou-se-lancera-t-il-ou-pas-dans-la-course-a-l-elysee-909361.html\n\n-&#8220;\u00c7a jette le discr\u00e9dit sur toute la classe politique&#8221; (S\u00e9gol\u00e8ne Royal, qui ne sera pas \u00e0 l&#8217;investiture de Beno\u00eet Hamon &#8220;parce que c&#8217;est le PS&#8221;; vid\u00e9os) : http:\/\/www.bfmtv.com\/mediaplayer\/video\/affaire-penelope-fillon-pour-royal-ca-jette-un-discredit-sur-toute-la-classe-politique-909439.html \n\n-&#8220;Ce n&#8217;est pas un hasard que ces r\u00e9v\u00e9lations interviennent en pleine campagne  pr\u00e9sidentielle&#8221; (Bernard Accoyer, secr\u00e9taire g\u00e9n\u00e9ral de LR; face \u00e0 Guillaume Durand; vid\u00e9o) :  https:\/\/www.dailymotion.com\/video\/x5a9p8c_ce-n-est-pas-un-hasard-que-ces-revelations-interviennent-en-pleine-campagne-presdientielle-bernard_news\n\n-&#8220;Pas de plan B mais un plan &#8220;F&#8221; comme Fillon&#8221; (son porte-parole Benoist Apparu, invit\u00e9 de &#8220;L&#8217;Epreuve de v\u00e9rit\u00e9&#8221;; vid\u00e9o) : https:\/\/www.dailymotion.com\/video\/x5a87z3_invite-benoist-apparu-l-epreuve-de-verite-le-best-of-31-01-2017_tv\n\n-Curieusement, m\u00eame argument pour G\u00e9rard Darmanin, secr\u00e9taire g\u00e9n\u00e9ral des R\u00e9publicains ! (il \u00e9tait l&#8217;invit\u00e9 de Fabien Namias; vid\u00e9o) : http:\/\/www.europe1.fr\/emissions\/linterview-politique-de-8h20\/gerald-darmanin-il-ny-a-pas-de-plan-b-il-y-a-un-plan-f-cest-le-plan-francois-fillon-2966528\n\n-&#8220;Fran\u00e7ois Fillon est victime d&#8217;un lynchage m\u00e9diatique&#8221; (son porte-parole David Lisnard, maire LR de Cannes; vid\u00e9o) : http:\/\/rmc.bfmtv.com\/mediaplayer\/video\/francois-fillon-est-victime-d-un-lynchage-mediatique-denonce-son-porte-parole-909349.html\n\n<strong>-&#8220;P\u00e9n\u00e9lope a fait le choix de ne pas avoir de vie professionnelle et d&#8217;\u00eatre dans le sillage de son mari, qu&#8217;elle a toujours accompagn\u00e9&#8221; (G\u00e9rard Longuet, s\u00e9nateur LR  de la Meuse; interrog\u00e9 par Myriam Encaoua; vid\u00e9o) : <\/strong> http:\/\/www.itele.fr\/chroniques\/invite-michael-darmon\/linvite-de-myriam-encaoua-du-01022017-172665\n\n<strong>-Ce soir, &#8220;Envoy\u00e9 sp\u00e9cial&#8221; va diffuser une vid\u00e9o qui montre P\u00e9n\u00e9lope Fillon d\u00e9clarant en mai 2007, \u00e0 propos de son mari, dans une interview de 45 minutes accord\u00e9e \u00e0 journal britannique : &#8220;je n&#8217;ai jamais \u00e9t\u00e9 son assistante, ou quoi que ce soit de ce genre-l\u00e0&#8221; :<\/strong>  http:\/\/www.francetvinfo.fr\/politique\/francois-fillon\/penelope-fillon\/info-envoye-special-je-n-ai-jamais-ete-l-assistante-de-mon-mari-affirmait-penelope-fillon-en-mai-2007_2046177.html\n\n-&#8220;Comment Fran\u00e7ois Fillon peut-il encore l\u00e9gitimement faire campagne ?&#8221; (Jean-Francis P\u00e9cresse; vid\u00e9o) : https:\/\/www.dailymotion.com\/video\/x5a9q60_comment-francois-fillon-peut-il-encore-legitimement-faire-campagne-jean-francis-pecresse-01-02-2017_news\n\n-&#8220;On a le sentiment que loin de se d\u00e9gonfler l&#8217;affaire Fillon ne cesse de s&#8217;amplifier. A droite, c&#8217;est la panique. Tous r\u00e9fl\u00e9chissent \u00e0 des solutions de remplacement&#8221; (Guillaume Tabard du &#8220;Figaro&#8221;; son du 1er f\u00e9vrier; son) : https:\/\/www.radioclassique.fr\/radio\/emissions\/matinale-de-radio-classique\/22630-2\/\n\n-L&#8217;\u00e9lection pr\u00e9sidentielle dans les mains de la justice&#8221; (Yves Thr\u00e9ard du &#8220;Figaro&#8221;; vid\u00e9o) : http:\/\/www.europe1.fr\/emissions\/ledito-politique-dyves-threard\n\n-&#8220;Les six affaires qui plombent le candidat de la droite&#8221; (Simon Gourmellet) : http:\/\/www.francetvinfo.fr\/politique\/francois-fillon\/penelope-fillon\/les-six-affaires-qui-plombent-francois-fillon_2044099.html\n\n-&#8220;Le job en or cach\u00e9 du candidat Fillon&#8221; (Lucie Delaporte; pi\u00e8ce jointe);\n\n-&#8220;Fran\u00e7ois Fillon, le sens des affaires&#8221; (Mediapart fait le point; vid\u00e9o) : https:\/\/www.youtube.com\/watch?v=4oL10Hcas6w\n\n-&#8220;On a 15 jours \u00e0 tenir. Je vous demande d&#8217;\u00eatre totalement solidaires&#8221; (Fran\u00e7ois Fillon; vid\u00e9o) : http:\/\/www.francetvinfo.fr\/politique\/francois-fillon\/penelope-fillon\/affaires-fillon-on-a-quinze-jours-a-tenir-je-vous-demande-d-etre-totalement-solidaire_2046465.html\n\n-&#8220;Un coup d&#8217;Etat institutionnel&#8221;, la r\u00e9ponse de St\u00e9phane Le Foll, porte-parole du gouvernement (vid\u00e9o, amener le curseur sur 33:00) : http:\/\/www.elysee.fr\/videos\/compte-rendu-du-conseil-des-ministres-du-mercredi-1er-fevrier-2\/#content \n\n-Celle du Secr\u00e9taire d&#8217;Etat Jean-Marie Le Guen, invit\u00e9 de Laurence Ferrari (vid\u00e9o) :                                                   http:\/\/www.itele.fr\/chroniques\/invite-politique-ferrari-tirs-croises\/linvite-de-laurence-ferrari-du-01022017-172675\n\n-&#8220;Une d\u00e9fense \u00e0 haut risque ?&#8221;. En d\u00e9bat chez Olivier Galzi sur i-T\u00e9l\u00e9 (vid\u00e9o) : http:\/\/www.itele.fr\/chroniques\/grand-decryptage-olivier-galzi\/le-grand-decryptage-du-01022017-172682\n\n-A droite, des voix commencent \u00e0 s&#8217;\u00e9lever (vid\u00e9o) : http:\/\/www.francetvinfo.fr\/politique\/francois-fillon\/affaires-fillon\/affaire-fillon-a-droite-des-voix-s-elevent_2046395.html\n\n-Celle de Georges Fenech, d\u00e9put\u00e9 LR du Rh\u00f4ne, invit\u00e9 d&#8217;Olivier Galzi sur i-T\u00e9l\u00e9 (vid\u00e9o) : http:\/\/www.itele.fr\/chroniques\/invite-galzi-jusqua-minuit\/linvite-politique-dolivier-galzi-du-01022017-172679\n\n-&#8220;Nous sommes en train de tous couler, comme l&#8217;orchestre du Titanic&#8221; (vid\u00e9o) : http:\/\/www.liberation.fr\/video\/2017\/02\/01\/nous-sommes-en-train-de-tous-couler-comme-l-orchestre-du-titanic_1545598?utm_campaign\n\n-&#8220;Le seul capable de rassembler, c&#8217;est Alain Jupp\u00e9&#8221; (Luc Ferry, interrog\u00e9 par Audrey Crespo-Mara; vid\u00e9o) : http:\/\/www.lci.fr\/replay\/replay-l-invite-politique-de-8h45-du-1er-fevrier-luc-ferry-2024324.html%3Ftype=content\n\n-&#8220;Ce n&#8217;est pas la peine de d\u00e9fendre l&#8217;ind\u00e9fendable&#8221; (le d\u00e9put\u00e9 LR de la Manche Philippe Gosselin; vid\u00e9o) : http:\/\/www.lcp.fr\/la-politique-en-video\/penelope-fillon-ce-nest-pas-la-peine-de-defendre-lindefendable-assure-gosselin\n\n-&#8220;Ne pas c\u00e9der \u00e0 la panique&#8221; (Eric Woerth, d\u00e9put\u00e9 LR de l&#8217;Oise, interrog\u00e9 par Ruth Elkrief; vid\u00e9o) : http:\/\/www.bfmtv.com\/mediaplayer\/video\/affaire-penelope-fillon-eric-woerth-appelle-a-ne-pas-ceder-a-la-panique-909613.html\n\n-Le suppl\u00e9ant de Fran\u00e7ois Fillon, Marc Joulaud, entendu par les enqu\u00eateurs (vid\u00e9o) : http:\/\/www.francetvinfo.fr\/politique\/francois-fillon\/affaires-fillon\/affaire-fillon-marc-joulaud-temoin-clef-entendu-par-les-enqueteurs_2046433.html\n\n-Ce qu&#8217;en pensent les autres candidats \u00e0 l&#8217;\u00e9lection pr\u00e9sidentielle (vid\u00e9o) : http:\/\/www.francetvinfo.fr\/politique\/francois-fillon\/affaires-fillon\/affaire-fillon-ce-qu-en-pensent-les-candidats-a-la-presidentielle_2046421.html\n\n-&#8220;A qui profite l&#8217;affaire ?&#8221; (Bernard Sanan\u00e8s, pr\u00e9sident de l&#8217;institut ELABE, face \u00e0 Anne Rosencher de &#8220;L&#8217;Express&#8221;; vid\u00e9o) :  http:\/\/www.bfmtv.com\/mediaplayer\/video\/anne-rosencherface-a-bernard-sananes-qui-profite-de-l-affaire-penelope-fillon-909617.html\n\n<strong>-Au &#8220;T\u00e9l\u00e9phone sonne&#8221; de France Inter, anim\u00e9 par Nicolas Demorand,  &#8220;Avis de temp\u00eate \u00e0 droite ?&#8221; (avec Thomas Legrand; Alain Richard, s\u00e9nateur PS du Val-d&#8217;Oise; l&#8217;historien Jean Garrigues et Arnaud Leparmentier du &#8220;Monde&#8221;; son) :  <\/strong> https:\/\/www.franceinter.fr\/emissions\/le-telephone-sonne\/le-telephone-sonne-01-fevrier-2017\n\n-&#8220;Au S\u00e9nat, c&#8217;est organis\u00e9 pour qu&#8217;il y ait des emplois fictifs&#8221; (le journaliste d&#8217;investigation Yvan St\u00e9fanovitch; son) : http:\/\/www.sudradio.fr\/Podcasts\/L-invite-pour-comprendre\/Yvan-Stefanovitch-journaliste-d-investigation\n\n<strong>-&#8220;Sa candidature (de Fran\u00e7ois Fillon) \u00e9tait d\u00e9j\u00e0 fragilis\u00e9e par son programme d&#8217;une duret\u00e9 extr\u00eame. Il s&#8217;est toujours cach\u00e9 derri\u00e8re quelqu&#8217;un peut-\u00eatre pour faire des choses pas claires. On peut se demander si c&#8217;est \u00e0 la demande d&#8217;Axa et des assurances qu&#8217;il propose de d\u00e9manteler la S\u00e9curit\u00e9 sociale. J&#8217;ai toujours pens\u00e9 que je pourrais me retrouver face \u00e0 M. Macron au 2e tour. Son programme mondialiste est l&#8217;exact contraire du mien, patriotique,&#8230; qui n&#8217;est pas celui du FN&#8221; (Marine Le Pen, invit\u00e9e de &#8220;Questions d&#8217;Info&#8221;; vid\u00e9o)<\/strong> : http:\/\/www.lcp.fr\/emissions\/questions-dinfo\/279537-questions-dinfo\n\n-&#8220;Les salaires \u00e9voqu\u00e9s, les montants \u00e9voqu\u00e9s montrent que P\u00e9n\u00e9lope Fillon est une  assistante parlementaire de comp\u00e9tition. Je ne sais pas qui a donn\u00e9 ces informations, mais on est habitu\u00e9 \u00e0 ces vieilles rivalit\u00e9s \u00e0 droite qui, souvent, ont eu comme cons\u00e9quence ce type d&#8217;affaires&#8221; (David Rachline, directeur de campagne de Marine Le Pen; invit\u00e9 de la matinale de Franceinfo; vid\u00e9o) :  http:\/\/www.dailymotion.com\/video\/x5aa4na_david-rachline-fn-favorable-a-l-interdiction-du-travail-en-famille-a-l-assemblee-ou-au-senat_news\n\n-&#8220;Je rentrais par le parking&#8221; (Catherine Griset, l&#8217;assistante fant\u00f4me de Marine Le Pen; cit\u00e9e par Caroline Michel; vid\u00e9o) : http:\/\/tempsreel.nouvelobs.com\/presidentielle-2017\/20170131.OBS4654\/l-assistante-fantome-de-marine-le-pen-je-rentrais-par-le-parking.html#xtor\n\n-&#8220;Le FN est pers\u00e9cut\u00e9 par le Parlement europ\u00e9en&#8221; (son secr\u00e9taire g\u00e9n\u00e9ral Nicolas Bay; vid\u00e9o) : http:\/\/rmc.bfmtv.com\/mediaplayer\/video\/le-front-national-persecute-par-le-parlement-europeen-selon-son-secretaire-general-909377.html\n\n<em>-Les intentions de vote au premier tour de l&#8217;\u00e9lection pr\u00e9sidentielle (ELABE) :<\/em> http:\/\/elabe.fr\/presidentielle-2017-intentions-de-vote-a-2-mois-demi-scrutin\/\n\n<em>-Le m\u00eame (IFOP) :<\/em> http:\/\/www.lepoint.fr\/presidentielle\/sondage-ifop-fiducial-fillon-se-maintient-hamon-siphonne-melenchon-01-02-2017-2101752_3121.php\n\n<strong>EUROPE-MONDE<\/strong>\n\n<em>-Le rapport annuel de la Cour europ\u00e9enne des droits de l&#8217;homme (document) : <\/em> http:\/\/www.echr.coe.int\/Documents\/Annual_report_2016_FRA.pdf\n\n<em>-La d\u00e9claration de Lisbonne adopt\u00e9e par le sommet des pays m\u00e9diterran\u00e9ens de l&#8217;Union europ\u00e9enne (document) : <\/em> http:\/\/www.elysee.fr\/chronologie\/#e15477,2017-01-28,sommet-des-pays-m-diterran-ens-de-l-union-europ-enne-lisbonne\n\n-Les d\u00e9put\u00e9s britanniques commencent \u00e0 d\u00e9battre du Brexit (Matthew Tempest) : http:\/\/www.euractiv.fr\/section\/all\/news\/british-mps-finally-begin-debating-brexit\/?nl_ref=30203806\n\n-&#8220;Le Danemark perce le secret de la consommation d&#8217;eau sans \u00e9nergie&#8221; (Fr\u00e9d\u00e9ric Simon) : http:\/\/www.euractiv.fr\/section\/all\/news\/military-situation-in-eastern-ukraine-worsens\/?nl_ref=30203806\n\n-&#8220;La Su\u00e8de abolit l&#8217;emploi \u00e0 vie des fonctionnaires&#8221; (vid\u00e9o) : http:\/\/www.francetvinfo.fr\/economie\/emploi\/fonctionnaires-la-suede-abolit-l-emploi-a-vie_2046397.html\n\n-&#8220;L&#8217;ouest de l&#8217;Union europ\u00e9enne s&#8217;oppose \u00e0 la lib\u00e9ration du cabotage routier&#8221; (C\u00e9cile Barbi\u00e8re) : http:\/\/www.euractiv.fr\/section\/all\/news\/louest-de-lue-soppose-a-la-liberalisation-du-cabotage-routier\/?nl_ref=30203806\n\n<strong>&#8220;Vive d\u00e9gradation de la situation militaire dans l&#8217;est de l&#8217;Ukraine&#8221; (Georgi Gotev) :<\/strong> http:\/\/www.euractiv.fr\/section\/all\/news\/military-situation-in-eastern-ukraine-worsens\/?nl_ref=30203806\n\n-Les combats ont repris (vid\u00e9o) : http:\/\/www.francetvinfo.fr\/monde\/europe\/manifestations-en-ukraine\/ukraine-reprise-des-combats_2046413.html\n\n<strong>-&#8220;Isra\u00ebl approuve la construction de 3 000 logements de colonisation en Cisjordanie&#8221; (vid\u00e9o)<\/strong> : http:\/\/www.lemonde.fr\/proche-orient\/article\/2017\/02\/01\/israel-approuve-la-construction-de-3-000-logements-de-colonisation-en-cisjordanie_5072457_3218.html                                               http:\/\/newscdn.newsrep.net\/h5\/nrvideo.html?r=3&#038;lan=fr_FR&#038;pid=14&#038;id=lG81ff15aof_fr&#038;app_lan=fr_FR&#038;mcc\n\n-Donald Trump nomme un pur conservateur \u00e0 la Cour supr\u00eame (Fr\u00e9d\u00e9ric Autran) : http:\/\/www.liberation.fr\/planete\/2017\/02\/01\/donald-trump-nomme-un-pur-conservateur-a-la-cour-supreme_1545460?xtor\n\n<strong>-Qui est ce juge ? (vid\u00e9o) :<\/strong> http:\/\/www.lci.fr\/international\/etats-unis-contraception-peine-de-mort-donald-trump-nomme-neil-gorsuchun-juge-ultraconservateur-a-la-cour-supreme-2024318.html%3Ftype=content\n\n-La r\u00e9ponse de l&#8217;animateur anglais James Corden au &#8220;Muslim Ban&#8221; (J\u00e9r\u00e9mie Maire; vid\u00e9o en anglais) : http:\/\/www.telerama.fr\/monde\/muslim-ban-la-reponse-de-l-animateur-anglais-james-corden,153540.php#xtor\n\n<em>-San Francisco r\u00e9pond au pr\u00e9sident (document) <\/em> : https:\/\/blogs.mediapart.fr\/corinne-n\/blog\/261216\/la-reponse-officielle-de-san-francisco-l-election-de-trump\n\n<strong>CULTURE-MEDIAS<\/strong>\n\n<strong>-&#8220;Racisme, justice et respect&#8221; (une conf\u00e9rence de Magali Bessonne, ma\u00eetre de conf\u00e9rences \u00e0 l&#8217;universit\u00e9 de Rennes, prononc\u00e9e en 2013; son) : <\/strong> https:\/\/www.franceculture.fr\/conferences\/ecole-normale-superieure\/racisme-justice-et-respect-0#xtor\n\n<strong>-&#8220;Vivent les alternatives !&#8221;. &#8220;Tous les jours, loin des partis politiques, des hommes et des femmes mettent en pratique leur vision de l&#8217;\u00e9conomie et de la soci\u00e9t\u00e9&#8221; (Mediapart leur a consacr\u00e9 une soir\u00e9e; vid\u00e9o)<\/strong> : https:\/\/www.youtube.com\/watch?v=uL1oYwONy3U&#038;feature=youtu.be\n\n-&#8220;La politique d&#8217;\u00e9ducation est au moins aussi importante que la politique fiscale pour lutter contre le in\u00e9galit\u00e9s&#8221; (l&#8217;\u00e9conomiste Philippe Aghion, professeur au Coll\u00e8ge de France; invit\u00e9 des &#8220;Matins&#8221; de Guillaume Erner (sons) :                                   https:\/\/www.franceculture.fr\/emissions\/linvite-des-matins\/la-finance-est-elle-encore-notre-ennemie#xtor                                                                                     https:\/\/www.franceculture.fr\/emissions\/linvite-des-matins-2eme-partie\/la-finance-est-elle-encore-notre-ennemie-2eme-partie\n\n-Auteur de &#8220;Directs du droit&#8221;, l&#8217;avocat Eric Dupond-Moretti \u00e9tait l&#8217;invit\u00e9 du &#8220;Club de la presse&#8221; d&#8217;Europe 1 (son) :  http:\/\/www.europe1.fr\/emissions\/le-club-de-la-presse\/europe-soir-le-club-de-la-presse-eric-dupond-moretti-et-alain-bauer-01022017-2967053\n\n-&#8220;Je suis estomaqu\u00e9 par la c\u00e9l\u00e9rit\u00e9 de l&#8217;enqu\u00eate&#8221; sur Fran\u00e7ois Fillon (vid\u00e9o) : http:\/\/www.europe1.fr\/politique\/affaire-fillon-eric-dupond-moretti-estomaque-par-la-celerite-de-lenquete-2967059\n\n-Les d\u00e9buts compliqu\u00e9s de M\u00e9lanie Laurent au th\u00e9\u00e2tre (Fabienne Pascaud; vid\u00e9o) : http:\/\/www.telerama.fr\/sortir\/le-dernier-testament-les-debuts-compliques-de-melanie-laurent-au-theatre,153414.php#xtor\n\n-Le festival de G\u00e9rardmer a c\u00e9l\u00e9br\u00e9 la femme, &#8220;atout du cin\u00e9ma d&#8217;horreur&#8221;  (Fr\u00e9d\u00e9ric Strauss; vid\u00e9os) : http:\/\/www.telerama.fr\/cinema\/gerardmer-celebre-la-femme-atout-du-cinema-d-horreur,153404.php#xtor\n\n-&#8220;Sundance&#8221;, le festival am\u00e9ricain du cin\u00e9ma ind\u00e9pendant, a d\u00e9cern\u00e9 ses r\u00e9compenses et condamn\u00e9 le &#8220;Muslim Ban&#8221; (J\u00e9r\u00e9mie Couston) : http:\/\/www.telerama.fr\/cinema\/sundance-distribue-les-recompenses-et-condamne-le-muslim-ban,153379.php#xtor\n\n-Le palmar\u00e8s : https:\/\/www.sundance.org\/festivals\/sundance-film-festival\/program\/AWS-guide\n\n-&#8220;Moonlight&#8221;, le film de Barry Jenkins, &#8220;\u00e9clairs de lutte&#8221; (Didier P\u00e9ron) : http:\/\/www.liberation.fr\/elections-presidentielle-legislatives-2017\/2017\/02\/01\/pierre-laurent-la-tete-a-une-grande-alliance_1545398?xtor\n\n<strong>-Pedro Almod\u00f3var, pr\u00e9sident du jury du Festival de Cannes 2017, en cinq films (vid\u00e9o) :<\/strong> http:\/\/www.liberation.fr\/video\/2017\/01\/31\/pedro-almodovar-designe-president-du-70e-festival-de-cannes-en-cinq-films_1545315?xtor\n\n-Les r\u00e9f\u00e9rences artistiques dans ses films (vid\u00e9o) : http:\/\/www.lemonde.fr\/cinema\/video\/2016\/08\/18\/l-influence-de-l-histoire-de-l-art-sur-le-cinema-d-almodovar_4984436_3476.html\n\n-Dans le 13e arrondissement de Paris, la Fondation Path\u00e9 red\u00e9couvre le cin\u00e9ma merveilleux de Yasujiro Ozu (Samuel Douhaire; vid\u00e9o) : http:\/\/www.telerama.fr\/sortir\/a-la-fondation-pathe-on-redecouvre-le-cinema-merveilleux-de-yasujiro-ozu,153533.php#xtor\n\n-Le Syndicat fran\u00e7ais de la critique r\u00e9compense \u00e0 son tour &#8220;Elle&#8221; de Paul Verhoeven : http:\/\/www.telerama.fr\/cinema\/elle-de-paul-verhoeven-encore-sacre-par-le-syndicat-de-la-critique-cette-fois,153411.php#xtor\n\n-Les &#8220;Lumi\u00e8res&#8221; de la presse \u00e9trang\u00e8re aussi (Guillemette Odicino) : http:\/\/www.telerama.fr\/cinema\/les-lumieres-de-la-presse-etrangere-consacrent-eux-aussi-elle-de-paul-verhoeven,153537.php#xtor\n\n<strong>-&#8220;Patients&#8221;, le premier film de Grand Corps Malade (Odile Morain; vid\u00e9os) : <\/strong> http:\/\/culturebox.francetvinfo.fr\/cinema\/sorties\/grand-corps-malade-raconte-sa-vie-de-patients-dans-son-premier-film-252035\n\n-Le producteur G\u00e9rard Louvin \u00e9tait l&#8217;invit\u00e9 de &#8220;Passion classique&#8221; d&#8217;Olivier Bellami; son du 31 janvier) :   https:\/\/www.radioclassique.fr\/radio\/emissions\/passion-classique\/\n\n<strong>-&#8220;Les victoires de la musique classique 2017&#8221; (vid\u00e9o) : <\/strong> http:\/\/culturebox.francetvinfo.fr\/opera-classique\/musique-classique\/les-victoires-de-la-musique-classique-2017-251371\n\n-Retrouver &#8220;Mazzi Star&#8221; avec Fran\u00e7ois Gorin (son et vid\u00e9o) : http:\/\/www.telerama.fr\/musique\/mazzy-star-1-a-pas-feutres-vers-les-etoiles,153281.php                                                                           http:\/\/www.telerama.fr\/musique\/mazzy-star-2-fondu-au-bleu-nuit,153381.php#xtor\n\n<strong>-&#8220;Jim Jarmusch, Iggy Pop, The Stooges&#8221; dans Pop and Co&#8221; avec Rebecca Manzoni (vid\u00e9o) :<\/strong> http:\/\/www.dailymotion.com\/video\/x5a96sy_jim-jarmusch-iggy-pop-the-stooges-et-emmanuel-macron-pop-co_music\n\n-&#8220;Vitalic, \u00e9ternel outsider de la sc\u00e8ne \u00e9lectro&#8221; (Erwan Perron) : http:\/\/www.telerama.fr\/musique\/a-bruxelles-vitalic-fait-tournee-dans-le-bus,153380.php#xtor\n\n-La disparition \u00e0 67 ans de John Wetton, le chanteur du groupe de rock progressif Asia (vid\u00e9os) : http:\/\/culturebox.francetvinfo.fr\/musique\/rock\/john-wetton-le-chanteur-du-groupe-de-rock-progressif-asia-meurt-a-67-ans-252029\n\n<strong>-&#8220;C&#8217;\u00e9tait inou\u00ef, l&#8217;amour que Barbara portait \u00e0 Depardieu&#8221; (son pianiste G\u00e9rard Daguerre, cit\u00e9 par Val\u00e9rie Lehoux) <\/strong> : http:\/\/www.telerama.fr\/musique\/c-etait-inoui-l-amour-que-barbara-portait-a-depardieu,153297.php#xtor\n\n-&#8220;Avec le Big Data, les politiques savent tout de nous&#8221; (vid\u00e9o) : http:\/\/www.telerama.fr\/monde\/inquietant-non-les-politiques-savent-vraiment-tout-de-nous,153499.php#xtor\n\n-Le 30e Festival des programmes de t\u00e9l\u00e9vision (FIPA) a mis \u00e0 l&#8217;honneur l&#8217;engagement des femmes (Olivier Milot) : http:\/\/television.telerama.fr\/television\/le-fipa-2017-met-l-engagement-au-coeur-de-son-palmares,153360.php#xtor\n\n-&#8220;Pour 270 millions d&#8217;euros, H\u00e9l\u00e8ne a de nouveaux gar\u00e7ons&#8221; (Richard S\u00e9n\u00e9joux) : http:\/\/www.telerama.fr\/medias\/ab-cede-a-pigasse-niel-et-capton-pour-270-millions-helene-a-de-nouveaux-garcons,153403.php#xtor\n\n-&#8220;Les robots-chatteurs sont-ils l&#8217;avenir du journalisme&#8221; (J\u00e9r\u00e9mie Maire) : http:\/\/www.telerama.fr\/medias\/les-robots-chatteurs-sont-ils-l-avenir-du-journalisme,151915.php#xtor\n\n<strong>-&#8220;Beno\u00eet Hamon, une poign\u00e9e de main trop furtive pour \u00eatre honn\u00eate&#8221; (Samuel Gontier) :<\/strong> http:\/\/television.telerama.fr\/television\/benoit-hamon-une-poignee-de-main-trop-furtive-pour-etre-honnete,153382.php#xto\n\n-&#8220;Ses meilleurs agents&#8221; (Daniel Scheidermann) : http:\/\/www.liberation.fr\/debats\/2017\/01\/29\/benoit-hamon-et-ses-meilleurs-agents_1544866\n\n-&#8220;L&#8217;affaire P\u00e9n\u00e9lope, une belle affaire pour &#8220;Le Canard encha\u00een\u00e9&#8221; (Marc Baudriller; son du 1er f\u00e9vrier) : https:\/\/www.radioclassique.fr\/radio\/emissions\/matinale-de-radio-classique\/la-vie-des-medias\/\n\n<strong>-Christophe Nobili, coauteur de l&#8217;enqu\u00eate du &#8220;Canard encha\u00een\u00e9&#8221;, \u00e9tait l&#8217;invit\u00e9 de Sonia Devillers (vid\u00e9o, amener le curseur sur 4:27) : <\/strong> http:\/\/www.dailymotion.com\/video\/x5a9swm_le-canard-enchaine-seisme-et-repliques-de-l-affaire-fillon_news\n\n-Les sons du quotidien imit\u00e9s par un orchestre classique berlinois (vid\u00e9o) : http:\/\/www.lemonde.fr\/musiques\/video\/2017\/01\/30\/canards-joggeur-ou-cuisson-de-saucisses-un-orchestre-berlinois-imite-les-sons-du-quotidien_5071815_1654986.html\n\n<strong>-Le billet de Charline Vanhoenacker (vid\u00e9o) : <\/strong> http:\/\/www.dailymotion.com\/video\/x5a9ayb_emmanuel-macron-le-debrief-de-clem-et-jean-mat-de-l-agence-winwin-le-billet-de-charline_fun\n\n<strong>-&#8220;Emmanuel Macron, prouvez que vous \u00eates anti-syst\u00e8me&#8221; (Nicole Ferroni; vid\u00e9o) :<\/strong> http:\/\/www.dailymotion.com\/video\/x5a9la9_emmanuel-macron-prouvez-que-vous-etes-anti-syteme-faites-un-putschinet-le-billet-de-nicole-ferroni_fun\n<h2 class=\"wp-block-heading\">Documents joints<\/h2>\n\n\n\n<div class=\"wp-block-file\"><a href=\"https:\/\/wp.muchomaas.com\/wp-content\/uploads\/2017\/02\/edito-31-c14.pdf\">edito-31.pdf<\/a><\/div>\n\n\n\n<div class=\"wp-block-file\"><a href=\"https:\/\/wp.muchomaas.com\/wp-content\/uploads\/2017\/02\/le_job_en_or_cache_du_candidat_fillon-56e.pdf\">le_job_en_or_cache_du_candidat_fillon.pdf<\/a><\/div>\n\n\n","protected":false},"excerpt":{"rendered":"<p>ACTUALITE -Apr\u00e8s 11 ans de n\u00e9gociations, &#8220;les entreprises au pied du mur de la p\u00e9nibilit\u00e9&#8221; (Marie Viennot; son) : https:\/\/www.franceculture.fr\/emissions\/le-billet-economique\/penibilite-11-ans-de-negociations-pour-rien#xtor -&#8220;Et si on essayait vraiment la mixit\u00e9&#8221; (l&#8217;\u00e9conomiste Fr\u00e9d\u00e9ric Gilli) : http:\/\/www.metropolitiques.eu\/Et-si-on-essayait-VRAIMENT-la.html -&#8220;La pauvret\u00e9 en conditions de vie de 2004 \u00e0 2014&#8221; (documents de l&#8217;INSEE \u00e0 t\u00e9l\u00e9charger) : https:\/\/www.insee.fr\/fr\/statistiques\/2502743?sommaire=2502768 -&#8220;Familles pr\u00e9caris\u00e9es, comment prot\u00e9ger les enfants [&hellip;]<\/p>\n","protected":false},"author":1042,"featured_media":0,"comment_status":"open","ping_status":"open","sticky":false,"template":"","format":"standard","meta":{"_themeisle_gutenberg_block_has_review":false,"footnotes":""},"categories":[151],"tags":[],"class_list":["post-10158","post","type-post","status-publish","format-standard","hentry","category-la-revue-de-presse-de-lulu"],"_links":{"self":[{"href":"https:\/\/archives.regards.fr\/index.php?rest_route=\/wp\/v2\/posts\/10158","targetHints":{"allow":["GET"]}}],"collection":[{"href":"https:\/\/archives.regards.fr\/index.php?rest_route=\/wp\/v2\/posts"}],"about":[{"href":"https:\/\/archives.regards.fr\/index.php?rest_route=\/wp\/v2\/types\/post"}],"author":[{"embeddable":true,"href":"https:\/\/archives.regards.fr\/index.php?rest_route=\/wp\/v2\/users\/1042"}],"replies":[{"embeddable":true,"href":"https:\/\/archives.regards.fr\/index.php?rest_route=%2Fwp%2Fv2%2Fcomments&post=10158"}],"version-history":[{"count":0,"href":"https:\/\/archives.regards.fr\/index.php?rest_route=\/wp\/v2\/posts\/10158\/revisions"}],"wp:attachment":[{"href":"https:\/\/archives.regards.fr\/index.php?rest_route=%2Fwp%2Fv2%2Fmedia&parent=10158"}],"wp:term":[{"taxonomy":"category","embeddable":true,"href":"https:\/\/archives.regards.fr\/index.php?rest_route=%2Fwp%2Fv2%2Fcategories&post=10158"},{"taxonomy":"post_tag","embeddable":true,"href":"https:\/\/archives.regards.fr\/index.php?rest_route=%2Fwp%2Fv2%2Ftags&post=10158"}],"curies":[{"name":"wp","href":"https:\/\/api.w.org\/{rel}","templated":true}]}}