{"id":10153,"date":"2017-02-01T06:42:47","date_gmt":"2017-02-01T05:42:47","guid":{"rendered":"https:\/\/wp.muchomaas.com\/article-la-revue-du-1er-fevrier-2017\/"},"modified":"2023-06-23T23:24:00","modified_gmt":"2023-06-23T21:24:00","slug":"article-la-revue-du-1er-fevrier-2017","status":"publish","type":"post","link":"https:\/\/archives.regards.fr\/?p=10153","title":{"rendered":"La Revue du 1er f\u00e9vrier 2017"},"content":{"rendered":"<strong>ACTUALITE<\/strong>\n\n<strong>-&#8220;La France a r\u00e9ussi un parcours assez unique sur le plan entrepreneurial&#8221; (Maurice L\u00e9vy, pr\u00e9sident du directoire de Publicis; interrog\u00e9 par Fabien Namias; vid\u00e9o) : <\/strong> http:\/\/www.europe1.fr\/emissions\/linterview-politique-de-8h20\/maurice-levy-la-france-a-reussi-un-parcours-assez-unique-sur-le-plan-entrepreneurial-2965619\n\n<em>-&#8220;FO et la CGT saisissent l&#8217;OIT sur des dispositions de la loi Travail&#8221; :<\/em> http:\/\/www.cgt.fr\/FO-et-la-CGT-saisissent-l-OIT.html\n\n-&#8220;Le mal-logement s&#8217;enracine en France (Mathias Th\u00e9pot) : http:\/\/www.latribune.fr\/economie\/france\/pres-de-15-millions-de-personnes-sont-victimes-de-la-crise-du-logement-631455.html#xtor\n\n<strong>-&#8220;15 millions de Fran\u00e7ais sont fragilis\u00e9s par la crise du logement et la tendance est \u00e0 l&#8217;aggravation de la situation&#8221; (Manuel Domergue, directeur des \u00e9tudes \u00e0 la Fondation Abb\u00e9 Pierre; invit\u00e9 de Dimitri Pavlenko; son) <\/strong> : http:\/\/www.sudradio.fr\/Podcasts\/L-invite-pour-comprendre\/Manuel-Domergue-directeur-des-etudes-a-la-Fondation-Abbe-Pierre\n\n<strong>-&#8220;On peut sortir du probl\u00e8me des sans-domicile dans notre pays en cinq ou dix ans&#8221; (Christophe Robert, directeur de la Fondation Abb\u00e9 Pierre, interrog\u00e9 par Thomas Sotto; vid\u00e9o) : <\/strong>  http:\/\/www.europe1.fr\/emissions\/l-interview-verite\/christophe-robert-on-peut-sortir-du-probleme-des-sans-domicile-dans-notre-pays-en-5-ou-10-ans-2965499\n\n-&#8220;Le nombre de SDF a augment\u00e9 de 50% en dix ans&#8221; (interrog\u00e9 par Eric Delvaux; son) : ttps:\/\/www.franceinter.fr\/emissions\/l-invite-du-5-7\/l-invite-du-5-7-31-janvier-2017\n\n<em>-&#8220;L&#8217;\u00e9tat du mal-logement en France en 2017&#8221; (le 22e rapport annuel de la Fondation Abb\u00e9 Pierre; document \u00e0 t\u00e9l\u00e9charger)<\/em> : http:\/\/www.fondation-abbe-pierre.fr\/22e-rapport-etat-mal-logement-en-france-2017\n\n<em>-&#8220;On attend quoi ?&#8221; (Ian Brossat, responsable de la question du logement au PCF) : <\/em> http:\/\/www.pcf.fr\/96044\n\n<strong>-&#8220;Pour une s\u00e9curit\u00e9 sociale du logement&#8221; (Jean-Luc M\u00e9lenchon devant la Fondation Abb\u00e9 Pierre; vid\u00e9o) :<\/strong> http:\/\/melenchon.fr\/2017\/01\/31\/securite-sociale-logement\/\n\n-Dans le nord, un agent immobilier aide les sans-abri (son) : http:\/\/www.sudradio.fr\/Podcasts\/Les-reportages-de-la-matinee\/Mal-logement\n\n-&#8220;On se diversifie car le march\u00e9 du GPS est en perte de vitesse&#8221; (Corinne Vigreux, fondatrice de &#8220;Tom Tom&#8221;, interrog\u00e9e par Nicolas Pierron; son du 31 janvier) : https:\/\/www.radioclassique.fr\/radio\/emissions\/matinale-de-radio-classique\/l-invite-de-l-economie\/\n\n<strong>-La ville de Limay (78) refuse la fermeture de l&#8217;antenne de la S\u00e9curit\u00e9 sociale (le maire communiste Eric Roulot, interrog\u00e9 par Dimitri Pavlenko; son) : <\/strong> http:\/\/www.sudradio.fr\/Podcasts\/L-invite-pour-comprendre\/Eric-Roulot-maire-PCF-de-Limay\n\n-Faire revenir de la nature et de l&#8217;agriculture dans la capitale (Baptiste Gaborit; son du 31 janvier) : https:\/\/www.radioclassique.fr\/radio\/emissions\/matinale-de-radio-classique\/3-minutes-planete\/\n\n<strong>-Aux candidats \u00e0 la pr\u00e9sidentielle, &#8220;que comptez-vous faire pour les \u00e9nergies renouvelables ?&#8221; (Nathalie Fontrel; son) : <\/strong> https:\/\/www.franceinter.fr\/emissions\/planete-environnement\/planete-environnement-31-janvier-2017\n\n<strong>-Sciences Po Bordeaux recrute dans les zones rurales (Sonia Bourhan; son) : <\/strong> https:\/\/www.franceinter.fr\/emissions\/le-zoom-de-la-redaction\/le-zoom-de-la-redaction-31-janvier-2017\n\n-Vers la disparition des poules \u00e9lev\u00e9es en batterie (vid\u00e9o) : http:\/\/www.francetvinfo.fr\/animaux\/bien-etre-animal\/maltraitance-dans-les-abattoirs\/consommation-vers-la-disparition-des-poules-elevees-en-batterie_2043413.html\n\n-Le quotidien d&#8217;une femme de l&#8217;unit\u00e9 d&#8217;\u00e9lite du RAID (vid\u00e9o) : http:\/\/www.francetvinfo.fr\/faits-divers\/police\/police-le-quotidien-d-une-femme-de-l-unite-d-elite-du-raid_2043405.html\n\n<strong>POLITIQUE<\/strong>\n\n<strong>-&#8220;Beno\u00eet Hamon ne nous a pas appel\u00e9s, il \u00e9tait peut-\u00eatre plus press\u00e9 de rencontrer Bernard Cazeneuve, par filiation. Le moment est au coup de balai. Beno\u00eet Hamon a capt\u00e9 l&#8217;envie de battre Manuel Valls. Je passe mon temps \u00e0 r\u00e9fl\u00e9chir. Je veux comprendre l&#8217;\u00e9nergie du pays. Gagner une primaire ne fait pas de vous le soleil autour duquel devraient tourner toutes les autres plan\u00e8tes&#8221; (Alexis Corbi\u00e8re, porte-parole de Jean-Luc M\u00e9lenchon, r\u00e9pondait aux questions de Patrick Cohen, qui a tent\u00e9-sans succ\u00e8s-de d\u00e9stabiliser son invit\u00e9 en utilisant une citation peu glorieuse de la commission \u00e9conomique du PCF. Cette derni\u00e8re et l&#8217;animateur n&#8217;en sortent pas grandis; vid\u00e9o) : <\/strong> http:\/\/www.dailymotion.com\/video\/x5a5x4c_alexis-corbiere-repond-aux-questions-des-auditeurs-de-france-inter_news\n\n-&#8220;Un espoir rena\u00eet \u00e0 gauche avec Hamon&#8221; (Aur\u00e9lie Filippetti, ancienne ministre de la Culture, invit\u00e9e de Caroline Roux; vid\u00e9o) : http:\/\/www.francetvinfo.fr\/politique\/ps\/primaire-a-gauche\/4-verites-filippetti-un-espoir-renait-a-gauche-avec-hamon_2044177.html\n\n-&#8220;Je n&#8217;ai aucun probl\u00e8me pour soutenir Beno\u00eet Hamon&#8221; (le secr\u00e9taire d&#8217;Etat Thierry Mandon; vid\u00e9o) : http:\/\/www.europe1.fr\/politique\/thierry-mandon-je-nai-aucun-probleme-a-soutenir-benoit-hamon-2965082\n\n-Il \u00e9tait l&#8217;invit\u00e9 du &#8220;Club de la Presse&#8221; d&#8217;Europe 1 (son) : http:\/\/www.europe1.fr\/emissions\/le-club-de-la-presse\/europe-soir-le-club-de-la-presse-thierry-mandon-et-amy-greene-30012017-2965106\n\n-Ce qu&#8217;en pense Julien Dray, secr\u00e9taire national du PS, face \u00e0 Patrick Cohen dans l&#8217;\u00e9mission &#8220;C \u00e0 vous&#8221; (vid\u00e9o) : https:\/\/www.youtube.com\/watch?v=hbnL5GNeGeU&#038;app=desktop\n\n<strong>-&#8220;Hamon a aujourd&#8217;hui la responsabilit\u00e9 de rassembler la gauche et au-del\u00e0. A lui de montrer qu&#8217;il a cette capacit\u00e9 pour gagner, pas pour t\u00e9moigner. S&#8217;il ne change pas de ligne, il ne rassemblera pas&#8221; (Marisol Touraine, ministre de la Sant\u00e9; interrog\u00e9e par Elizabeth Martichoux; vid\u00e9o) <\/strong> : http:\/\/www.rtl.fr\/actu\/politique\/presidentielle-2017-benoit-hamon-programme-marisol-touraine-7787002420\n\n-&#8220;S&#8217;il veut  rassembler sa famille, Beno\u00eet Hamon doit faire des gestes substantiels&#8221; (le secr\u00e9taire d&#8217;Etat Jean-Marie Le Guen, invit\u00e9 de la matinale de Franceinfo; vid\u00e9o) : http:\/\/www.dailymotion.com\/video\/x5a61d6_pour-jean-marie-le-guen-benoit-hamon-doit-faire-des-gestes-substantiels_news\n\n<strong>-&#8220;Nous avons une forte remont\u00e9e de la croissance. La qu\u00eate de 2 \u00e0 3% de croissance n&#8217;a plus de sens. Il m&#8217;est arriv\u00e9 souvent d&#8217;\u00eatre minoritaire dans mon parti, je soutiens donc le candidat qui a \u00e9t\u00e9 l\u00e9gitimement \u00e9lu. Il ne peut rassembler que s&#8217;il incarne la fiert\u00e9 de ce qui a \u00e9t\u00e9 fait pendant ces cinq derni\u00e8res ann\u00e9es. La gauche de la r\u00e9alit\u00e9 a longtemps \u00e9t\u00e9 celle de Beno\u00eet Hamon quand il \u00e9tait avec Michel Rocard &#8221; (Michel Sapin, face \u00e0 Patrick Cohen; vid\u00e9o) : <\/strong> http:\/\/www.dailymotion.com\/video\/x5a5xau_michel-sapin-repond-aux-questions-de-patrick-cohen_news\n\n-&#8220;La victoire d&#8217;Hamon nous met dans une situation tr\u00e8s difficile&#8221; (Christophe Careshe, d\u00e9put\u00e9 socialiste de Paris; vid\u00e9o) : http:\/\/rmc.bfmtv.com\/mediaplayer\/video\/la-victoire-d-hamon-nous-met-dans-une-situation-impossible-lance-un-depute-socialiste-908913.html\n\n-&#8220;Les R\u00e9formateurs&#8221; du PS menacent Hamon et lorgnent vers Macron&#8221; (vid\u00e9o) : http:\/\/www.lcp.fr\/la-politique-en-video\/les-reformateurs-du-ps-menacent-hamon-et-lorgnent-macron\n\n-Face \u00e0 face Philippe Doucet, d\u00e9put\u00e9 PS du Val-d&#8217;Oise, soutien de Manuel Valls\/Geoffroy Didier des R\u00e9publicains (son du 30 janvier) : https:\/\/www.radioclassique.fr\/radio\/emissions\/le-19h20h\/grand-debat-soir\/\n\n-&#8220;Une candidature commune Hamon-Jadot est envisageable&#8221; (No\u00ebl Mam\u00e8re, d\u00e9put\u00e9 \u00e9cologiste de la Gironde; vid\u00e9o) : http:\/\/www.lcp.fr\/la-politique-en-video\/mamere-juge-envisageable-une-candidature-commune-hamon-jadot\n\n<strong>-Il \u00e9tait l&#8217;invit\u00e9 de &#8220;Politique matin&#8221; sur la cha\u00eene LCP et r\u00e9pondait aux questions de Brigitte Boucher (vid\u00e9o, amener le curseur sur 31:19) :<\/strong> http:\/\/www.lcp.fr\/emissions\/politique-matin\/279040-politique-matin\n\n<em>-Appel collectif pour la convergence des candidatures Hamon, Jadot et M\u00e9lenchon) :<\/em> http:\/\/www.michele-rivasi.eu\/non-classe\/appel-pour-une-convergence-des-candidatures-hamon-jadot-melenchon\/\n\n-&#8220;La revanche de Jadot&#8221; (Marcelo Wesfreid; son) : https:\/\/www.franceinter.fr\/emissions\/histoires-politiques\/histoires-politiques-31-janvier-2017\n\n<strong>-&#8220;Pour l&#8217;instant, Beno\u00eet Hamon ne peut pas rassembler la gauche&#8221; (Thomas Legrand; son) :<\/strong> https:\/\/www.franceinter.fr\/emissions\/l-edito-politique\/l-edito-politique-31-janvier-2017\n\n-&#8220;Qu&#8217;est-ce qui reste des id\u00e9es socialistes ? La gauche fran\u00e7aise va mal de n&#8217;avoir pas vu le monde changer. Le mouvement d&#8217;ouverture d&#8217;Emmanuel Macron, lui, r\u00e9pond \u00e0 la situation. J&#8217;ai confiance dans l&#8217;int\u00e9grit\u00e9 de Fran\u00e7ois Fillon&#8221; (Bernard Kouchner, face \u00e0 Guillaume Durand; son du 31 janvier) : https:\/\/www.radioclassique.fr\/radio\/emissions\/matinale-de-radio-classique\/l-invite-politique\/\n\n-&#8220;Ce sont les \u00e9lecteurs de Jean-Luc M\u00e9lenchon qui ont choisi le candidat du Parti socialiste&#8221; (Me Dominique Villemot, ami de Fran\u00e7ois Hollande qui soutient Emmanuel Macron; interrog\u00e9 par Myriam Encaoua; vid\u00e9o) : http:\/\/www.itele.fr\/chroniques\/invite-michael-darmon\/linvite-de-myriam-encaoua-du-31012017-172647\n\n-&#8220;S&#8217;il (Fran\u00e7ois Fillon) reste le candidat de la droite, sa campagne ne sera \u00e9videmment pas la m\u00eame, avec ce goutte \u00e0 goutte que sait si bien distiller &#8220;Le Canard encha\u00een\u00e9&#8221;. On ne dit pas assez que les politiques ne sont pas assez pay\u00e9s. Je ne voterai pas Fillon car je soutenais Jupp\u00e9 et aujourd&#8217;hui Macron. Dans le sport, quand la m\u00e9daille d&#8217;or est d\u00e9class\u00e9e, c&#8217;est la m\u00e9daille d&#8217;argent qui la remplace. Ce qui arrive \u00e0 Beno\u00eet Hamon est normal puisque, pour se faire \u00e9lire, il a d\u00e9fendu intelligemment un programme qui ne correspond pas au centre de gravit\u00e9 du PS&#8221; (Alain Minc, interrog\u00e9 par Laurence Ferrari; vid\u00e9o) :  http:\/\/www.itele.fr\/chroniques\/invite-politique-ferrari-tirs-croises\/linvite-de-laurence-ferrari-du-31012017-172657\n\n<strong>-&#8220;Il y a un trouble \u00e9norme parmi les Fran\u00e7ais. C&#8217;est un d\u00e9sordre, un chaos sans pr\u00e9c\u00e9dent que les citoyens voient avec stup\u00e9faction et d\u00e9sarroi. Trois questions : est-ce que la loi est la m\u00eame pour tous ? Quand on demande des sacrifices aux gens, est-ce qu&#8217;ils sont \u00e9quitablement r\u00e9partis ? Il y a une loi au Parlement europ\u00e9en qu&#8217;il suffit d&#8217;appliquer qui interdit \u00e0 un parlementaire l&#8217;embauche d&#8217;un membre de sa famille. Je ne sais pas ce que pense Emmanuel Macron, cette proposition n&#8217;est pas mure&#8221; (Fran\u00e7ois Bayrou, pr\u00e9sident du MoDem, qui prendra sa d\u00e9cision sur sa candidature \u00e0 la mi-f\u00e9vrier; face \u00e0 Gilles Bouleau au &#8220;20 H&#8221; de TF1; vid\u00e9o) :  <\/strong>    http:\/\/www.lci.fr\/politique\/francois-bayrou-invite-du-20h-reagit-sur-l-affaire-penelope-fillon-2024305.html%3Ftype=content\n\n-&#8220;Hamon est le vainqueur de la primaire socialiste, Macron en sera le b\u00e9n\u00e9ficiaire&#8221; (Alain Duhamel; vid\u00e9o) : http:\/\/www.rtl.fr\/actu\/politique\/hamon-est-le-vainqueur-de-la-primaire-socialiste-macron-en-sera-le-beneficiaire-estime-alain-duhamel-7786998551\n\n-&#8220;Macron, l&#8217;homme \u00e0 abattre&#8221; (Yves Thr\u00e9ard du &#8220;Figaro&#8221;; vid\u00e9o) : http:\/\/www.europe1.fr\/emissions\/ledito-politique-dyves-threard\/macron-lhomme-a-abattre-2965424\n\n-&#8220;\u00c7a ne suffit pas de gagner la primaire. Pour le rassemblement, c\u00f4t\u00e9 gauche, la porte est ferm\u00e9e. C\u00f4t\u00e9 droit, ce sont des d\u00e9parts au compte-goutte vers Macron. Il a besoin d&#8217;une caution de Bernard Cazeneuve et de Fran\u00e7ois Hollande, lui qui les a combattus&#8221; (Guillaume Tabard du &#8220;Figaro&#8221;; son du 31 janvier) : https:\/\/www.radioclassique.fr\/radio\/emissions\/matinale-de-radio-classique\/22630-2\/\n\n-&#8220;Si \u00e7a allait mieux, Fran\u00e7ois Hollande ce serait repr\u00e9sent\u00e9. Ce tapage m\u00e9diatique et cette proc\u00e9dure feront flop. Nous souhaitons que la justice fasse vite&#8221; (Bruno Retailleau, coordinateur de la campagne de Fran\u00e7ois Fillon; face \u00e0 Jean-Jacques Bourdin; vid\u00e9o) : http:\/\/www.bfmtv.com\/mediaplayer\/video\/bruno-retailleau-face-a-jean-jacques-bourdin-en-direct-908915.html\n\n-Le travail de P\u00e9n\u00e9lope Fillon comme collaboratrice de son mari &#8220;est parfaitement l\u00e9gal&#8221; (G\u00e9rard Longuet, s\u00e9nateur LR de la Meuse, interrog\u00e9 par Ruth Elkrief; vid\u00e9o) : http:\/\/www.bfmtv.com\/mediaplayer\/video\/gerard-longuet-le-travail-de-penelope-fillon-comme-collaboratrice-de-son-mari-est-parfaitement-legal-909251.html\n\n<strong>-&#8220;Il y a beaucoup d&#8217;argent, je suppose que \u00e7a correspond \u00e0 beaucoup de justificatifs&#8221; (Ren\u00e9 Dosi\u00e8re, d\u00e9put\u00e9 apparent\u00e9 socialiste de l&#8217;Aisne; interrog\u00e9 par Yves Calvi; vid\u00e9o) :<\/strong> http:\/\/www.lci.fr\/politique\/affaire-penelope-fillon-il-y-a-beaucoup-d-argent-je-suppose-que-ca-correspond-a-beaucoup-de-travail-et-donc-beaucoup-de-justificatifs-s-interroge-rene-dosiere-2024303.html%3Ftype=content\n\n-&#8220;Il restera que Fran\u00e7ois Fillon n&#8217;est pas mieux que les autres&#8221; (Christophe Barbier; vid\u00e9o) : http:\/\/www.bfmtv.com\/mediaplayer\/video\/l-edito-de-christophe-barbier-presidentielle-2017-francois-fillon-va-t-il-tenirjusqu-au-bout-908917.html\n\n-&#8220;Je ne connais pas le fond de l&#8217;affaire, quand je ne connais pas, je ne parle pas. Dans un dossier comme celui-ci, aller vite est une bonne chose&#8221; (Mich\u00e8le Alliot-Marie, candidate \u00e0 l&#8217;\u00e9lection pr\u00e9sidentielle; interrog\u00e9e par Olivier Galzi; vid\u00e9o) : http:\/\/www.itele.fr\/chroniques\/invite-galzi-jusqua-minuit\/linvite-politique-dolivier-galzi-du-31012017-172660\n\n-&#8220;La course pr\u00e9sidentielle est lanc\u00e9e&#8221; (Alexis Corbi\u00e8re pour Jean-Luc M\u00e9lenchon; Marie-No\u00eblle Lienemann pour Beno\u00eet Hamon; Benjamin Griveaux pour Emmanuel Macron; Florence Portelli pour Fran\u00e7ois Fillon et David Rachline pour Marine Le Pen; vid\u00e9o) : http:\/\/www.bfmtv.com\/mediaplayer\/video\/presidentielle-2017-la-course-est-lancee-22-908757.html\n\n-Devant la justice, &#8220;Fran\u00e7ois Fillon a eu l&#8217;occasion de s&#8217;expliquer, c&#8217;est ce qu&#8217;il souhaitait&#8221; (Eric Woerth, d\u00e9put\u00e9 LR de l&#8217;Oise; vid\u00e9o) : http:\/\/www.rfi.fr\/video\/20170131-eric-woerth-francois-fillon-eu-occasion-s-expliquer-il-souhaitait\n\n-&#8220;De nouvelles r\u00e9v\u00e9lations sur sa famille&#8221; (vid\u00e9o) : http:\/\/www.francetvinfo.fr\/politique\/francois-fillon\/penelope-fillon\/affaire-fillon-nouvelles-revelations-sur-sa-famille_2044769.html\n\n<strong>-La &#8220;une&#8221; du &#8220;Canard encha\u00een\u00e9&#8221; : <\/strong> http:\/\/www.lecanardenchaine.fr\/la-une-du-1er-fevrier-2017\/\n\n-La r\u00e9action du candidat de la droite \u00e0 l&#8217;\u00e9lection pr\u00e9sidentielle (vid\u00e9o) : http:\/\/www.francetvinfo.fr\/politique\/francois-fillon\/penelope-fillon\/affaire-fillon-nouvelle-reaction-du-candidat_2044789.html\n\n-&#8220;D&#8217;autres documents seront encore remis aux enqu\u00eateurs&#8221; (son avocat Antonin L\u00e9vy, interrog\u00e9 par Yves Calvi; vid\u00e9o) : http:\/\/www.rtl.fr\/actu\/societe-faits-divers\/affaire-penelope-fillon-d-autres-documents-seront-encore-remis-aux-enqueteurs-7784735212\n\n-&#8220;Les d\u00e9clarations de son avocat sont une offense au m\u00e9tier d&#8217;assistant parlementaire&#8221; (le d\u00e9put\u00e9 socialiste Fran\u00e7ois Loncle; vid\u00e9o) : http:\/\/www.lcp.fr\/la-politique-en-video\/loncle-revolte-par-les-declarations-de-lavocat-de-fillon-cest-une-offense-au\n\n-Il \u00e9tait l&#8217;invit\u00e9 de &#8220;Politique matin&#8221; et r\u00e9pondait \u00e0  Brigitte Boucher (vid\u00e9o, amener le curseur sur 9:47) : http:\/\/www.lcp.fr\/emissions\/politique-matin\/279040-politique-matin\n\n-&#8220;C&#8217;est surtout les Fran\u00e7ais qu&#8217;il doit convaincre&#8221; (Alba Ventura; vid\u00e9o) : http:\/\/www.rtl.fr\/actu\/politique\/presidentielle-2017-francois-fillon-doit-surtout-convaincre-les-francais-estime-alba-ventura-7787002034\n\n-&#8220;Il faut que M. Fillon s&#8217;explique. La vraie question est surtout de savoir si le travail \u00e9tait r\u00e9ellement r\u00e9alis\u00e9. On attend des r\u00e9ponses. Il vaut probablement mieux que la loi ne permette plus (\u00e0 un parlementaire) d&#8217;employer ses proches. Nos assistants au Parlement europ\u00e9en, personne ne leur reproche de ne pas avoir travaill\u00e9 mais d&#8217;avoir des responsabilit\u00e9s politiques par ailleurs&#8221; (David Racline, directeur de campagne de Marine Le Pen; invit\u00e9 de &#8220;Territoires d&#8217;Infos&#8221;; vid\u00e9o, amener le curseur sur 34:05) : http:\/\/www.dailymotion.com\/video\/x5a5neg_invite-david-rachline-territoires-d-infos-31-01-2017_news\n\n<strong>-&#8220;Une pr\u00e9sidentielle au-dessus d&#8217;un volcan&#8221; (Rapha\u00eblle Bacqu\u00e9; pi\u00e8ce jointe);<\/strong>\n\n-&#8220;Et pourquoi pas un second tour sans PS et sans les R\u00e9publicains ?&#8221; (Daniel Cohn-Bendit; son) : http:\/\/www.europe1.fr\/emissions\/l-humeur\/et-pourquoi-pas-un-second-tour-sans-ps-ni-lr-2965505\n\n<strong>EUROPE-MONDE<\/strong>\n\n-Le droit des robots d\u00e9battu au Parlement europ\u00e9en (Violaine de la Bigne; son) : http:\/\/www.sudradio.fr\/Podcasts\/Quelle-epoque-ethique\/Robot-civil\n\n-&#8220;Rome et Madrid tentent un rapprochement strat\u00e9gique&#8221; : http:\/\/www.euractiv.fr\/section\/politique\/news\/madrid-and-rome-revive-bilateral-ties-to-address-european-challenges\/\n\n<strong>-Au Royaume Uni, une \u00e9norme p\u00e9tition contre la venue de Donald Trump (Hughes Beaudoin; son du 30 janvier) <\/strong> : https:\/\/www.radioclassique.fr\/radio\/emissions\/le-19h20h\/24h-en-europe\/\n\n-L&#8217;Ecosse veut pousser Londres au compromis sur le Brexit (Matthew Tempest) : http:\/\/www.euractiv.fr\/section\/royaume-uni-en-europe\/news\/sturgeon-gives-may-deadline-to-sort-scotland-brexit-compromise\/\n\n<strong>-L&#8217;impasse chypriote&#8221; (l&#8217;historien Charalambos Petinos; son) : <\/strong> \nhttps:\/\/www.franceinter.fr\/emissions\/meridien-d-europe\/meridien-d-europe-31-janvier-2017\n\n-&#8220;Les s\u00e9paratistes catalans accus\u00e9s de pillage de donn\u00e9es&#8221; (Fran\u00e7ois Musseau) :  https:\/\/www.letemps.ch\/monde\/2017\/01\/30\/separatistes-catalans-accuses-piratage-donnees\n\n-Un navire de guerre turc repouss\u00e9 des eaux grecques (Sarantis Michalopoulos) : http:\/\/www.euractiv.fr\/section\/l-europe-dans-le-monde\/news\/turkey-escalates-tensions-in-the-aegean-sea-by-violating-greek-borders\/\n\n<strong>-La longue qu\u00eate des jeunes Suisses pour trouver un emploi (vid\u00e9o) :  <\/strong> https:\/\/www.youtube.com\/watch?v=nXRwxur877c\n\n<strong>-&#8220;Je crains que l&#8217;Union europ\u00e9enne reste l&#8217;otage de ses sanctions contre la Russie. La d\u00e9cision de la Bulgarie de choisir l&#8217;Union europ\u00e9enne et l&#8217;OTAN est strat\u00e9gique. Elle ne devrait pas \u00eatre remise en question&#8221; (le nouveau pr\u00e9sident de la R\u00e9publique bulgare Rumen Radev; propos recueillis par Georgi Gotev) : <\/strong> http:\/\/www.euractiv.fr\/section\/politique\/interview\/bulgarias-radev-i-fear-eu-will-remain-hostage-of-sanction-war-against-russia\/\n\n-Le pr\u00e9sident tch\u00e8que rare soutient en Europe de Donald Trump sur l&#8217;immigration (Ama Lorenz) : http:\/\/www.euractiv.fr\/section\/l-europe-dans-le-monde\/news\/czech-president-backs-trumps-refugee-ban\/\n\n<strong>-&#8220;La lutte contre l&#8217;excision \u00e9choue depuis 40 ans en Guin\u00e9e&#8221; (C\u00e9cile Barbi\u00e8re) : <\/strong> http:\/\/www.euractiv.fr\/section\/aide-au-developpement\/interview\/la-lutte-contre-lexcision-echoue-depuis-40-ans-en-guinee\/\n\n-&#8220;Harvard m&#8217;a d\u00e9conseill\u00e9 de sortir des Etats-Unis&#8221; (Alexandre, ressortissant iranien entr\u00e9 aux USA avec un passeport suisse; cit\u00e9 par Val\u00e9rie de Graffenried) :  https:\/\/www.letemps.ch\/monde\/2017\/01\/31\/harvard-deconseille-sortir-etatsunis\n\n-&#8220;Trump limoge la ministre int\u00e9rimaire hostile au d\u00e9cret anti-immigration : http:\/\/www.lemonde.fr\/donald-trump\/article\/2017\/01\/31\/donald-trump-limoge-la-ministre-interimaire-hostile-a-l-application-du-decret-anti-immigration_5071879_4853715.html\n\n-Le Conseil de s\u00e9curit\u00e9 de l&#8217;ONU convoqu\u00e9 par les Etats Unis apr\u00e8s un tir de missile iranien : http:\/\/www.lemonde.fr\/international\/article\/2017\/01\/31\/le-conseil-de-securite-de-l-onu-convoque-par-les-etats-unis-apres-le-tir-d-un-missile-iranien_5071884_3210.html\n\n-&#8220;Le d\u00e9cret de trop ?&#8221; (chez Olivier Galzi sur i-T\u00e9l\u00e9; vid\u00e9o) : http:\/\/www.itele.fr\/chroniques\/grand-decryptage-olivier-galzi\/le-grand-decryptage-du-31012017-172661\n\n<strong>-Des photographies de la Nasa pour illustrer le d\u00e9r\u00e8glement climatique (vid\u00e9o) : <\/strong> http:\/\/www.francetvinfo.fr\/meteo\/climat\/changement-climatique-les-photographies-de-la-nasa_2043375.html\n\n<strong>-&#8220;Tout le monde se met aux \u00e9nergies renouvelables&#8221; (Christian Menanteau; vid\u00e9o) <\/strong> : http:\/\/www.rtl.fr\/actu\/environnement\/energies-renouvelables-tout-le-monde-s-y-met-7787001919\n\n<strong>CULTURE-MEDIAS<\/strong>\n\n<strong>-&#8220;L&#8217;\u00e9pop\u00e9e des gueules noires&#8221;, un documentaire de Fabien Beziat et Hugues Nancy (vid\u00e9o) :<\/strong>  http:\/\/www.france2.fr\/emission\/lepopee-des-gueules-noires\/diffusion-du-31-01-2017-21h00\n\n-&#8220;Adieu paysans&#8221;, un documentaire d&#8217;Audrey Maurion (vid\u00e9o) : http:\/\/www.france2.fr\/emissions\/infrarouge\/videos\/replay_-_adieu_paysans_31-01-2017_1472729?onglet=tous&#038;page=1\n\n-A son ouverture, le Centre Pompidou fut tr\u00e8s contest\u00e9 (vid\u00e9o) : http:\/\/www.francetvinfo.fr\/culture\/le-centre-pompidou-a-failli-ne-jamais-feter-ses-40-ans_2044169.html\n\n<strong>-&#8220;Celui qu&#8217;on appelait &#8220;Beaubourg&#8221; (son histoire retrac\u00e9e dans &#8220;Affaires sensibles&#8221; de Fabrice Drouelle; son et vid\u00e9o) : <\/strong>  https:\/\/www.franceinter.fr\/emissions\/affaires-sensibles\/affaires-sensibles-31-janvier-2017\n\n<em>-La rapport de mission sur &#8220;Les territoires de l&#8217;\u00e9ducation artistique et culturelle&#8221; (la d\u00e9put\u00e9e PS de la Gironde Sandrine Doucet; document) : <\/em> http:\/\/www.gouvernement.fr\/partage\/8804-rapport-de-mission-sur-les-territoires-de-l-education-artistique-et-culturelle\n\n-&#8220;L&#8217;actualit\u00e9 politique, c&#8217;est mieux que Santa Barbara&#8221; (la com\u00e9dienne Virginie Lemoine, invit\u00e9e de Fr\u00e9d\u00e9ric Letellier; vid\u00e9o) : http:\/\/www.francetvinfo.fr\/culture\/virginie-lemoine-l-actualite-politique-c-est-mieux-que-santa-barbara_2044175.html\n\n<strong>-&#8220;Et les mistrals gagnants&#8221;, un documentaire de Anne-Dauphine Julliand, &#8220;un hymne \u00e0 la vie, avec des enfants malades&#8221; (vid\u00e9o) :<\/strong>  http:\/\/www.francetvinfo.fr\/sante\/maladie\/et-les-mistrals-gagnants-un-hymne-a-la-vie_2044215.html\n\n<strong>-Elle \u00e9tait l&#8217;invit\u00e9e de L\u00e9a Salam\u00e9 (vid\u00e9o) : <\/strong> http:\/\/www.dailymotion.com\/video\/x5a5ldh_anne-dauphine-julliand-repond-aux-questions-de-lea-salame_news\n\n<strong>-Pedro Almod\u00f3var pr\u00e9sidera le festival de Cannes 2017 (Fr\u00e9d\u00e9ric Strauss) : <\/strong> http:\/\/www.telerama.fr\/cinema\/cannes-2017-pourquoi-pedro-almodovar-est-un-tres-bon-choix-pour-presider-le-jury,153544.php\n\n-Jusqu&#8217;au 5 mars 2017, au Centquatre \u00e0 Paris, le Festival &#8220;Ciculation(s)&#8221; consacr\u00e9 \u00e0 la jeune photographie  europ\u00e9enne : http:\/\/www.festival-circulations.com\/edition\/edition-2017\/#\n\n-Des exposants suisses (vid\u00e9o) : https:\/\/www.youtube.com\/watch?v=nITTNUFyuVU\n\n-Marc Lambron de l&#8217;Acad\u00e9mie fran\u00e7aise, invit\u00e9 de &#8220;Passion classique&#8221; d&#8217;Olivier Bellamy (son du 30 janvier) : https:\/\/www.radioclassique.fr\/radio\/emissions\/passion-classique\/\n\n<strong>-Quand pour la premi\u00e8re fois G\u00e9rard Depardieu parle de Barbara avec Val\u00e9rie Lehoux (Fabienne Pascaud; vid\u00e9o)<\/strong> : http:\/\/www.telerama.fr\/musique\/dans-les-coulisses-de-telerama-gerard-depardieu-parle-pour-la-premiere-fois-de-barbara,153542.php\n\n<strong>-&#8220;Le blues myst\u00e9rieux de l&#8217;Am\u00e9ricain William Z Villain&#8221; (Rebecca Manzoni; vid\u00e9o) :<\/strong> ttps:\/\/www.franceinter.fr\/emissions\/pop-co\/pop-co-31-janvier-2017\n\n<strong>-&#8220;Regardez le magnifique chant du cygne de Jimmy Scott, accompagn\u00e9 par Joe Pesci (Laurent Rigoulet; vid\u00e9o) <\/strong> : http:\/\/www.telerama.fr\/musique\/regardez-le-magnifique-chant-du-cygne-de-jimmy-scott-avec-joe-pesci,153416.php\n\n<strong>-L&#8217;impact des candidats \u00e0 la pr\u00e9sidentielle dans l&#8217;ar\u00e8ne num\u00e9rique (Antoine Bevort, professeur \u00e9m\u00e9rite de sociologie au CNAM) <\/strong> : http:\/\/www.lejdd.fr\/Politique\/2017-l-audience-des-candidats-sur-Internet-en-dit-beaucoup-sur-l-etat-de-l-opinion-a-leur-egard-844238\n\n<strong>-&#8220;Fiable, pas fiable, &#8220;Le Monde&#8221; va trier les sites d&#8217;infos&#8221; (son directeur J\u00e9r\u00f4me F\u00e9noglio \u00e9tait l&#8217;invit\u00e9 de Sonia Devillers; vid\u00e9o) : <\/strong> http:\/\/www.dailymotion.com\/video\/x5a62pe_fiable-pas-fiable-le-monde-va-trier-les-sites-d-info_news\n\n-La situation d&#8217;Europe 1 inqui\u00e8te Arnaud Lagard\u00e8re (Marc Baudriller; son du 31 janvier) : https:\/\/www.radioclassique.fr\/radio\/emissions\/matinale-de-radio-classique\/la-vie-des-medias\/\n\n-&#8220;Les grandes cha\u00eenes font la grimace&#8221; (J\u00e9r\u00f4me Ivanichtchenko; vid\u00e9o) : http:\/\/www.europe1.fr\/emissions\/le-fait-medias-du-jour\/les-grandes-chaines-font-la-grimace-2965706\n\n<strong>-Caroline Got, directrice ex\u00e9cutive de France 2, \u00e9tait l&#8217;invit\u00e9e de Thomas Joubert (vid\u00e9o) <\/strong> : http:\/\/www.europe1.fr\/emissions\/l-invite-medias\/caroline-got-actuality-continue-2965742\n\n<strong>-&#8220;On ne consomme plus la t\u00e9l\u00e9vision comme au d\u00e9but des ann\u00e9es 2000&#8221; (G\u00e9rard Louvin, figure historique du paysage audiovisuel, analyse les programmes diffus\u00e9s aujourd&#8217;hui avec Thomas Joubert; vid\u00e9o)<\/strong> : http:\/\/www.europe1.fr\/emissions\/l-invite-medias\/gerard-louvin-on-ne-consomme-plus-la-television-de-la-meme-facon-quau-debut-des-annees-2000-2962265\n\n<strong>-&#8220;David Pujadas et France 2 d\u00e9montrent l&#8217;ill\u00e9gitimit\u00e9 de Beno\u00eet Hamon&#8221; (Samuel Gontier) <\/strong> : http:\/\/television.telerama.fr\/television\/david-pujadas-et-france-2-demontrent-l-illegitimite-de-benoit-hamon,153536.php\n\n-&#8220;P\u00e9n\u00e9lope est devenu un nom commun&#8221; (Patrick Cohen; vid\u00e9o) : https:\/\/www.franceinter.fr\/emissions\/le-7h43\/le-7h43-31-janvier-2017\n\n<strong>-&#8220;La d\u00e9faite de Manuel Valls&#8221; (Guillaume Meurice; vid\u00e9o) :<\/strong> http:\/\/www.dailymotion.com\/video\/x5a7e9j_la-defaite-de-manuel-valls-le-moment-meurice_fun\n\n-&#8220;P\u00e9n\u00e9lope Fillon, G\u00e9rard Larcher et Beno\u00eet Hamon&#8221; (Charline Vanhoenacker, Alex Vizorek; vid\u00e9o) : http:\/\/www.dailymotion.com\/video\/x5a7c3s_penelope-fillon-gerard-larcher-et-benoit-hamon-le-journal-de-17h17_fun\n<h2 class=\"wp-block-heading\">Documents joints<\/h2>\n\n\n\n<div class=\"wp-block-file\"><a href=\"https:\/\/wp.muchomaas.com\/wp-content\/uploads\/2017\/01\/au_dessus_d_un_volcan-f5c.pdf\">au_dessus_d_un_volcan.pdf<\/a><\/div>\n\n\n","protected":false},"excerpt":{"rendered":"<p>ACTUALITE -&#8220;La France a r\u00e9ussi un parcours assez unique sur le plan entrepreneurial&#8221; (Maurice L\u00e9vy, pr\u00e9sident du directoire de Publicis; interrog\u00e9 par Fabien Namias; vid\u00e9o) : http:\/\/www.europe1.fr\/emissions\/linterview-politique-de-8h20\/maurice-levy-la-france-a-reussi-un-parcours-assez-unique-sur-le-plan-entrepreneurial-2965619 -&#8220;FO et la CGT saisissent l&#8217;OIT sur des dispositions de la loi Travail&#8221; : http:\/\/www.cgt.fr\/FO-et-la-CGT-saisissent-l-OIT.html -&#8220;Le mal-logement s&#8217;enracine en France (Mathias Th\u00e9pot) : http:\/\/www.latribune.fr\/economie\/france\/pres-de-15-millions-de-personnes-sont-victimes-de-la-crise-du-logement-631455.html#xtor -&#8220;15 millions de Fran\u00e7ais [&hellip;]<\/p>\n","protected":false},"author":1042,"featured_media":0,"comment_status":"open","ping_status":"open","sticky":false,"template":"","format":"standard","meta":{"_themeisle_gutenberg_block_has_review":false,"footnotes":""},"categories":[151],"tags":[],"class_list":["post-10153","post","type-post","status-publish","format-standard","hentry","category-la-revue-de-presse-de-lulu"],"_links":{"self":[{"href":"https:\/\/archives.regards.fr\/index.php?rest_route=\/wp\/v2\/posts\/10153","targetHints":{"allow":["GET"]}}],"collection":[{"href":"https:\/\/archives.regards.fr\/index.php?rest_route=\/wp\/v2\/posts"}],"about":[{"href":"https:\/\/archives.regards.fr\/index.php?rest_route=\/wp\/v2\/types\/post"}],"author":[{"embeddable":true,"href":"https:\/\/archives.regards.fr\/index.php?rest_route=\/wp\/v2\/users\/1042"}],"replies":[{"embeddable":true,"href":"https:\/\/archives.regards.fr\/index.php?rest_route=%2Fwp%2Fv2%2Fcomments&post=10153"}],"version-history":[{"count":0,"href":"https:\/\/archives.regards.fr\/index.php?rest_route=\/wp\/v2\/posts\/10153\/revisions"}],"wp:attachment":[{"href":"https:\/\/archives.regards.fr\/index.php?rest_route=%2Fwp%2Fv2%2Fmedia&parent=10153"}],"wp:term":[{"taxonomy":"category","embeddable":true,"href":"https:\/\/archives.regards.fr\/index.php?rest_route=%2Fwp%2Fv2%2Fcategories&post=10153"},{"taxonomy":"post_tag","embeddable":true,"href":"https:\/\/archives.regards.fr\/index.php?rest_route=%2Fwp%2Fv2%2Ftags&post=10153"}],"curies":[{"name":"wp","href":"https:\/\/api.w.org\/{rel}","templated":true}]}}