{"id":10150,"date":"2017-01-31T06:09:51","date_gmt":"2017-01-31T05:09:51","guid":{"rendered":"https:\/\/wp.muchomaas.com\/article-la-revue-du-31-janvier-2017\/"},"modified":"2023-06-23T23:23:59","modified_gmt":"2023-06-23T21:23:59","slug":"article-la-revue-du-31-janvier-2017","status":"publish","type":"post","link":"https:\/\/archives.regards.fr\/?p=10150","title":{"rendered":"La Revue du 31 janvier 2017"},"content":{"rendered":"<strong>ACTUALITE<\/strong>\n\n-La semaine du micro-cr\u00e9dit (Alice Ponsero; son) : http:\/\/www.sudradio.fr\/Podcasts\/L-invite-pour-comprendre\/Alice-Ponsero-deleguee-territoriale-Yvelines-de-l-ADIE\n\n-&#8220;Paris se remet \u00e0 la marche&#8221; (son) : http:\/\/www.sudradio.fr\/Podcasts\/Les-reportages-de-la-matinee\/Pietons-a-Paris\n\n-De nouvelles poubelles pour les Parisiens : http:\/\/www.lesechos.fr\/industrie-services\/conso-distribution\/0211749009518-une-nouvelle-poubelle-pour-les-parisiens-2061216.php\n\n-N\u00eemes, Metz et Le Mans, les trois villes o\u00f9 les prix de l&#8217;immobilier ont le plus progress\u00e9 en 2016 : http:\/\/patrimoine.lesechos.fr\/immobilier\/prix\/0211732795983-immobilier-les-trois-villes-a-surveiller-en-2017-2061221.php\n\n-&#8220;Ce championnat a \u00e9t\u00e9 un grand succ\u00e8s populaire&#8221; (Olivier Krumbholz, entra\u00eeneur de l&#8217;\u00e9quipe de France de handball f\u00e9minine; son) : http:\/\/www.sudradio.fr\/Podcasts\/L-invite-pour-comprendre\/Olivier-Krumbholz-Entraineur-de-l-equipe-feminine-de-France-de-hand\n\n<strong>-Les champions du monde Ludovic Fabregas et Daniel Narcisse \u00e9taient les invit\u00e9s du 20 H de TF1 (vid\u00e9o) :<\/strong> http:\/\/www.lci.fr\/sport\/handball-les-champions-du-monde-ludovic-fabregas-et-daniel-narcisse-sont-les-invite-du-20h-2024160.html%3Ftype=content\n\n-Des bouteilles de lait non recyclables (Baptiste Gaborit; son du 30 janvier) : https:\/\/www.radioclassique.fr\/radio\/emissions\/matinale-de-radio-classique\/3-minutes-planete\/\n\n<strong>-&#8220;Allons-nous continuer \u00e0 b\u00e9tonner le littoral&#8221; (Nathalie Fontrel; son) : <\/strong> https:\/\/www.franceinter.fr\/emissions\/planete-environnement\/planete-environnement-30-janvier-2017\n\n-L&#8217;audition de Fran\u00e7ois Fillon et de sa femme au parquet financier : http:\/\/www.lesechos.fr\/elections\/francois-fillon\/0211749009755-francois-fillon-et-sa-femme-entendu-par-le-parquet-financier-2061231.php\n\n<strong>POLITIQUE<\/strong>\n\n<strong>-&#8220;Jean-Luc M\u00e9lenchon, l&#8217;homme qui avan\u00e7ait \u00e0 contre-courant&#8221; (un documentaire de G\u00e9rard Miller; vid\u00e9o) : <\/strong> http:\/\/m.pluzz.francetv.fr\/videos\/jean_luc_melenchon_l_homme_qui_avancait_a_contre_courant_,152591332.html\n\n<strong>-&#8220;Gauche : et maintenant ?&#8221; (Roger Martelli; pi\u00e8ce jointe),  <\/strong>\n\n<strong>-&#8220;Le rassemblement de la gauche est-il possible ?&#8221; (Olivier Dartigolles, porte-parole du PCF) : <\/strong> https:\/\/francais.rt.com\/opinions\/33213-victoire-benoit-hamon-primaire-rassemblement-gauche-est-possible\n\n-&#8220;Ce que j&#8217;aimerais que dise et fasse le PCF&#8221; (Didier Nieto; pi\u00e8ce jointe);  \n\n-&#8220;Hamon, Jadot, M\u00e9lenchon, un candidat mais pas trois !&#8221; (tribune collective) : http:\/\/www.liberation.fr\/debats\/2017\/01\/30\/hamon-jadot-melenchon-un-candidat-mais-pas-trois_1544997?utm_campaign\n\n-&#8220;Il y a trop de candidats \u00e0 gauche&#8221; (en ont d\u00e9battu chez Ruth Elkrief Le\u00efla Chabi, porte-parole de Jean-Luc M\u00e9lenchon; Mathieu Hanotin, d\u00e9put\u00e9 PS de Seine-Saint-Denis, porte-parole de Beno\u00eet Hamon et Benjamin Griveaux, porte-parole d&#8217;Emmanuel Macron; vid\u00e9o) : http:\/\/www.bfmtv.com\/mediaplayer\/video\/presidentielle-2017-y-a-t-il-trop-de-candidats-a-gauche-908819.html\n\n<strong>-&#8220;Pas question de se retirer&#8221; (Alexis Corbi\u00e8re, porte-parole de Jean-Luc M\u00e9lenchon, face \u00e0 Jean-Jacques Bourdin; vid\u00e9o) :  <\/strong> http:\/\/rmc.bfmtv.com\/mediaplayer\/video\/vers-un-rassemblement-hamon-melenchon-pas-question-de-se-retirer-previent-alexis-corbiere-908517.html\n\n-&#8220;Il y a un mouvement d\u00e9gagiste  qui traverse tr\u00e8s fort la soci\u00e9t\u00e9, dont a profit\u00e9 Beno\u00eet Hamon face \u00e0  Manuel Valls, mais la vague peut revenir vers lui&#8221; (vid\u00e9o) : http:\/\/rmc.bfmtv.com\/mediaplayer\/video\/alexis-corbiere-previent-il-y-a-un-mouvement-degagiste-qui-traverse-puissamment-la-france-908615.html\n\n<strong>-Apr\u00e8s s&#8217;\u00eatre r\u00e9f\u00e9r\u00e9 \u00e0 Michel Rocard, &#8220;auquel je dois beaucoup&#8221;&#8230;&#8221;plus d&#8217;un million d&#8217;\u00e9lecteurs ont donn\u00e9 un \u00e9lan \u00e0 un projet. Il y a des \u00e9l\u00e9ments positifs dans le quinquennat mais il me semble qu&#8217;il faut nous tourner vers ce futur-l\u00e0. Et c&#8217;est la raison pour laquelle je parle d&#8217;un futur d\u00e9sirable que j&#8217;esp\u00e8re pouvoir incarner avec force&#8221; (Beno\u00eet Hamon, invit\u00e9 du 20H de France 2, en r\u00e9ponse \u00e0 David Pujadas qui lui rappelait la formule de Fran\u00e7ois Hollande en 2012 &#8220;R\u00e9enchanter l&#8217;avenir&#8221; (vid\u00e9o) :\n<\/strong> http:\/\/www.francetvinfo.fr\/politique\/ps\/primaire-a-gauche\/benoit-hamon-plus-d-un-million-d-electeurs-ont-donne-de-l-elan-a-un-projet_2043289.html\n\n<strong>-La gauche &#8220;ne r\u00e9ussira pas sans assumer le bilan du quinquennat&#8221; (le premier ministre Bernard Cazeneuve \u00e0 Beno\u00eet Hamon, qui s&#8217;est dit &#8220;satisfait&#8221; de leur rencontre; vid\u00e9o) :<\/strong> http:\/\/www.lemonde.fr\/election-presidentielle-2017\/article\/2017\/01\/30\/cazeneuve-a-hamon-la-gauche-ne-reussira-pas-sans-assumer-le-bilan-du-quinquennat_5071796_4854003.html#xtor\n\n-&#8220;Le coeur de la gauche s&#8217;est r\u00e9veill\u00e9. Il y a des choses tr\u00e8s positives dans le bilan que nous allons d\u00e9fendre. On tourne la page d&#8217;une gauche au gouvernement qui baisse la t\u00eate. La ligne a \u00e9t\u00e9 choisie dans la primaire, nous ne ferons pas de synth\u00e8se&#8221; (Pascal Cherki, porte-parole de Beno\u00eet Hamon; face \u00e0 Myriam Encaoua; vid\u00e9o) : http:\/\/www.itele.fr\/chroniques\/invite-michael-darmon\/linvite-de-myriam-encaoua-du-30012017-172631\n\n-&#8220;Nous allons nous adresser aux \u00e9lecteurs de Jean-Luc M\u00e9lenchon qui iront vers celui le plus capable de rassembler&#8221; (Alexis Bachelay, son autre porte-parole, invit\u00e9 de &#8220;Territoires d&#8217;Infos&#8221;; vid\u00e9o) : http:\/\/www.dailymotion.com\/video\/x5a1rri_invite-alexis-bachelay-territoires-d-infos-30-01-2017_news\n\n<strong>-&#8220;Pendant 25 ans, j&#8217;ai vot\u00e9 des motions qui n&#8217;\u00e9taient pas celles de Beno\u00eet Hamon. Pour autant, ce soir, c&#8217;est mon candidat que je vais  soutenir jusqu&#8217;\u00e0 la victoire. Il assume la majorit\u00e9 du bilan du quinquennat&#8221;  (Olivier Faure, pr\u00e9sident du groupe socialiste \u00e0 l&#8217;Assembl\u00e9e nationale, invit\u00e9 de Laurence Ferrari; vid\u00e9o) <\/strong> : http:\/\/www.itele.fr\/chroniques\/invite-politique-ferrari-tirs-croises\/linvite-de-laurence-ferrari-du-30012017-172640\n\n-&#8220;Il y a des convergences possibles&#8221; avec Beno\u00eet Hamon (Philippe Doucet, d\u00e9put\u00e9 PS du Val-d&#8217;Oise, porte-parole de Manuel Valls; face \u00e0 Elizabeth Martichoux; vid\u00e9o) : http:\/\/www.rtl.fr\/actu\/societe-faits-divers\/il-y-a-des-convergences-possibles-avec-benoit-hamon-estime-un-porte-parole-de-manuel-valls-7786946554\n\n<strong>-&#8220;Beno\u00eet Hamon a port\u00e9 les id\u00e9es \u00e9cologistes. Va-t-il faire le Fran\u00e7ois Hollande de la synth\u00e8se et se r\u00e9tr\u00e9cir ? Est-il pr\u00eat \u00e0 s&#8217;\u00e9manciper du PS qui a tourn\u00e9 le dos \u00e0 l&#8217;\u00e9cologie,  \u00e0 d\u00e9passer les \u00e9gos ? Je suis pr\u00eat \u00e0 la grande aventure du social, de l&#8217;\u00e9cologie et de l&#8217;Europe. Il y a une confusion permanente au PS. Il y aura un bulletin Jadot&#8221; (Yannick Jadot, candidat \u00e9cologiste \u00e0 la pr\u00e9sidentielle; face \u00e0 Jean-Jacques Bourdin; vid\u00e9o) :<\/strong> http:\/\/www.bfmtv.com\/mediaplayer\/video\/yannick-jadot-face-a-jean-jacques-bourdin-en-direct-908529.html\n\n-&#8220;La gauche est d\u00e9j\u00e0 tr\u00e8s divis\u00e9e en raison des multiples candidats. Si Beno\u00eet Hamon ne r\u00e9ussit pas le rassemblement, ce sera tr\u00e8s difficile. La campagne des socialistes commence maintenant. Le rassemblement avec Jadot et M\u00e9lenchon, \u00e7a ne suffit pas. Une candidature socialiste et souverainiste aujourd&#8217;hui, \u00e7a n&#8217;a pas de sens&#8221; (le commissaire europ\u00e9en PS Pierre Moscovici, face \u00e0 Guillaume Durand; vid\u00e9o) : https:\/\/www.dailymotion.com\/video\/x5a20g1_la-gauche-est-deja-tres-divisee-en-raison-des-multiples-candidats-pierre-moscovici-30-01-2017_news\n\n-&#8220;J&#8217;esp\u00e8re que le parti socialiste n&#8217;est pas mort&#8221; (Dominique Lefebvre, d\u00e9put\u00e9 PS du Val-d&#8217;Oise, soutien de Manuel Valls; face \u00e0 Nicolas Pierron; son du 30 janvier) : https:\/\/www.radioclassique.fr\/radio\/emissions\/matinale-de-radio-classique\/l-invite-de-l-economie\/\n\n-Soutenir Beno\u00eet Hamon ? &#8220;Je verrai comment cela se passe&#8221; (Hugues Fourage, d\u00e9put\u00e9 PS de Vend\u00e9e, soutien de Manuel Valls; vid\u00e9o) : http:\/\/www.lcp.fr\/la-politique-en-video\/presidentielle-2017-les-vallsistes-nouveaux-frondeurs-du-parti-socialiste\n\n-&#8220;Yannick Jadot peut \u00eatre le premier \u00e0 rejoindre Beno\u00eet Hamon, pour &#8220;La France insoumise&#8221;, ce sera beaucoup plus difficile&#8221; (le politologue Fabien Escola; vid\u00e9o) : http:\/\/www.telerama.fr\/idees\/en-direct-quels-enseignements-tirer-de-la-primaire-de-la-gauche,153300.php#xtor\n\n-&#8220;La victoire de Beno\u00eet Hamon est nette. C&#8217;est la premi\u00e8re fois qu&#8217;un repr\u00e9sentant de la gauche radicale l&#8217;emporte sur la gauche sociale-lib\u00e9rale, beaucoup de socialistes sont all\u00e9s chez Macron et n&#8217;ont pas vot\u00e9&#8221; (Guillaume Tabard du &#8220;Figaro&#8221;; son du 30 janvier) :  https:\/\/www.radioclassique.fr\/radio\/emissions\/matinale-de-radio-classique\/22630-2\/\n\n<strong>-&#8220;La fin du cycle d&#8217;Epinay&#8221; (Thomas Legrand; son) : <\/strong> https:\/\/www.franceinter.fr\/emissions\/l-edito-politique\/l-edito-politique-30-janvier-2017\n\n<strong>-&#8220;La primaire a \u00e9chou\u00e9 \u00e0 d\u00e9gager un candidat et \u00e0 rassembler&#8221; (Isabelle Veyrat-Masson, qui dirige le laboratoire &#8220;Politique et communication&#8221; au CNRS; vid\u00e9o) :   <\/strong> http:\/\/www.dailymotion.com\/video\/x5a0cli_isabelle-veyrat-masson-la-primaire-a-echoue-a-degager-un-candidat-et-a-rassembler_news\n\n-Thomas Clay, le pr\u00e9sident de la Haute autorit\u00e9 de la primaire socialiste, \u00e9tait l&#8217;invit\u00e9 d&#8217;Olivier Galzi (vid\u00e9o) : http:\/\/www.itele.fr\/chroniques\/invite-galzi-jusqua-minuit\/linvite-politique-dolivier-galzi-du-30012017-172643\n\n<em>-Les r\u00e9sultats par d\u00e9partement :<\/em> http:\/\/www.lemonde.fr\/data\/france\/primaire-gauche-2017\/\n\n<em>-Sur quels crit\u00e8res les \u00e9lecteurs de la primaire ont-ils vot\u00e9 ? (OPINION-WAY) :  <\/em> https:\/\/www.opinion-way.com\/fr\/component\/edocman\/?task=document.viewdoc&#038;id=1520&#038;Itemid=0\n\n<em>-La sociologie du vote (OPINION-WAY) <\/em> : https:\/\/www.opinion-way.com\/fr\/component\/edocman\/?task=document.viewdoc&#038;id=1519&#038;Itemid=0\n\n-&#8220;Une victoire qui signe une revanche&#8221; (Alba Ventura; vid\u00e9o) :  http:\/\/www.rtl.fr\/actu\/politique\/primaire-de-la-gauche-la-victoire-de-benoit-hamon-signe-une-revanche-7786987297\n\n-&#8220;Ceux qui ne se sentent pas \u00e0 l&#8217;aise peuvent nous rejoindre&#8221; (Christophe Castaner, d\u00e9put\u00e9 PS des Alpes-de-Haute-Provence, proche d&#8217;Emmanuel Macron; face \u00e0 Dimitri Pavlenko; son) : http:\/\/www.sudradio.fr\/Podcasts\/L-invite-pour-comprendre\/Christophe-Castaner-depute-PS-des-Alpes-de-Haute-Provence\n\n-&#8220;La candidature Jadot, c&#8217;est le Jadot de la M\u00e9duse&#8221; (Nicolas Domenach; vid\u00e9o) : http:\/\/www.rtl.fr\/actu\/societe-faits-divers\/presidentielle-2017-la-candidature-jadot-c-est-le-jadot-de-la-meduse-estime-nicolas-domenach-7786987897\n\n<strong>-&#8220;J&#8217;ai toujours d\u00e9sapprouv\u00e9 ce syst\u00e8me des primaires qui s\u00e8me la confusion. Beno\u00eet Hamon va devoir \u00e0 la fois porter le bilan du quinquennat alors qu&#8217;il en a \u00e9t\u00e9 le critique en chef. Il est un candidat hybride qui d\u00e9fend le bilan du Parti socialiste et un programme proche de celui de Jean-Luc M\u00e9lenchon&#8221; (Richard Ferrand, d\u00e9put\u00e9 PS du Finist\u00e8re, secr\u00e9taire g\u00e9n\u00e9ral de &#8220;En Marche&#8221;; interrog\u00e9 par Audrey Crespo-Mara; vid\u00e9o) :<\/strong> http:\/\/www.lci.fr\/replay\/replay-l-invite-politique-du-30-janvier-2017-richard-ferrand-2024070.html\n\n-Sur la cha\u00eene LCP, il s&#8217;est moqu\u00e9 &#8220;du rafistolage de derni\u00e8re minute&#8221; au PS apr\u00e8s la victoire de Hamon (vid\u00e9o) : http:\/\/www.lci.fr\/replay\/replay-l-invite-politique-du-30-janvier-2017-richard-ferrand-2024070.html\n\n-Il r\u00e9pondait aux questions de Marion Becker (vid\u00e9o) : http:\/\/www.lcp.fr\/emissions\/lcp-info\/279179-lcp-info\n\n-&#8220;La gauche de Beno\u00eet Hamon est la soeur jumelle de celle de Jean-Luc M\u00e9lenchon&#8221; (interrog\u00e9 par Eric Delvaux sur France Inter; son) : https:\/\/www.franceinter.fr\/emissions\/l-invite-du-5-7\/l-invite-du-5-7-30-janvier-2017\n\n-&#8220;L&#8217;\u00e9cologie serait-elle devenue un sujet audible pour une campagne de gauche ?&#8221; (Lucile Schmid, pr\u00e9sidente de la Fondation de l&#8217;\u00e9cologie politique; propos recueillis par Weronika Zarachovicz) : http:\/\/www.telerama.fr\/idees\/l-ecologie-serait-elle-devenue-un-sujet-audible-pour-une-campagne-de-gauche,153292.php#xtor\n\n-&#8220;Il sera un des candidats du parti socialiste qui en a deux , Hamon et Macron&#8221; (J\u00e9r\u00f4me Chartier, d\u00e9put\u00e9 LR du Val-d&#8217;Oise, conseiller sp\u00e9cial de Fran\u00e7ois Fillon; invit\u00e9 de Caroline Roux; vid\u00e9o) :  http:\/\/www.france2.fr\/emissions\/telematin\/actu\/les-4-verites-jerome-chartier_549853\n\n<strong>-&#8220;Je ne pense pas que Beno\u00eet Hamon puisse \u00eatre au second tour. On a vu l&#8217;\u00e9lection d&#8217;un premier secr\u00e9taire du Parti socialiste qui va curieusement \u00e0 l&#8217;\u00e9lection avec un contre-bilan. Fran\u00e7ois Fillon \u00e0 la Villette, lui, \u00e9tait pr\u00e9sident. Il y a une diff\u00e9rence d&#8217;\u00e9paisseur&#8221; (Jean-Pierre Raffarin, s\u00e9nateur LR de la Vienne; face \u00e0 Fabien Namias; vid\u00e9o) :<\/strong>   http:\/\/www.europe1.fr\/emissions\/linterview-politique-de-8h20\/jean-pierre-raffarin-a-la-villette-francois-fillon-etait-president-2964530\n\n-&#8220;Il ne faut pas sous-estimer Beno\u00eet Hamon&#8221; (Dominique Bussereau, d\u00e9put\u00e9 LR de Charente-Maritime; interrog\u00e9 par Elsa Mondin-Gava; vid\u00e9o, amener le curseur sur 33:12) : http:\/\/www.lcp.fr\/emissions\/politique-matin\/279039-politique-matin\n\n-&#8220;La probit\u00e9 et l&#8217;int\u00e9grit\u00e9 de Fran\u00e7ois Fillon n&#8217;ont jamais \u00e9t\u00e9 mises en cause. Emmanuel Macron repr\u00e9sente la gauche honteuse, celle qu&#8217;il faut d\u00e9masquer&#8221; (Val\u00e9rie P\u00e9cresse, pr\u00e9sidente LR de la r\u00e9gion Ile-de-France; invit\u00e9e de L\u00e9a Salam\u00e9; vid\u00e9o) : http:\/\/www.dailymotion.com\/video\/x5a1oqb_valerie-pecresse-repond-aux-questions-de-lea-salame_news\n\n-&#8220;Fran\u00e7ois Fillon est en col\u00e8re face \u00e0 ces attaques&#8221; (Eric Ciotti, d\u00e9put\u00e9 LR des Alpes-Maritimes; face \u00e0 Elizabeth Martichoux; vid\u00e9o) : http:\/\/www.rtl.fr\/actu\/politique\/affaire-penelope-la-villette-fillon-francois-fillon-est-en-colere-face-a-ces-attaques-7786987463\n\n-&#8220;Il respecte la loi depuis trente ans&#8221; (Thierry Sol\u00e8re, d\u00e9put\u00e9 LR des Hauts-de-Seine, face \u00e0 Franceinfo; vid\u00e9o) : http:\/\/www.dailymotion.com\/video\/x5a2654_pour-thierry-solere-francois-fillon-respecte-la-loi-depuis-trente-ans_news\n\n-&#8220;Il faut recoudre Paris avec sa banlieue&#8221; (NKM, qui propose de couvrir le p\u00e9riph\u00e9rique; son) : http:\/\/www.rtl.fr\/actu\/politique\/nathalie-kosciusko-morizet-souhaite-recoudre-paris-avec-sa-banlieue-7786992177\n\n-&#8220;La droite craint les r\u00e9percussions sur le terrain de l&#8217;affaire P\u00e9n\u00e9lope-Fillon&#8221; (Yves Thr\u00e9ard du &#8220;Figaro&#8221;; vid\u00e9o) : http:\/\/www.europe1.fr\/emissions\/ledito-politique-dyves-threard\/la-droite-craint-les-repercussions-sur-le-terrain-de-laffaire-penelope-fillon-2964443\n\n-&#8220;L&#8217;affaire de &#8220;la ristourne&#8221; de Fran\u00e7ois Fillon (Mathilde Mathieu de Mediapart; son) : http:\/\/www.sudradio.fr\/Podcasts\/L-invite-pour-comprendre\/Mathilde-Mathieu-journaliste-Mediapart\n\n<strong>-&#8220;Il n&#8217;y a plus de favori. Fran\u00e7ois Fillon n&#8217;est plus qu&#8217;un candidat parmi d&#8217;autres&#8221; (Christophe Jakubyszyn de TF1; vid\u00e9o) <\/strong> : http:\/\/www.lci.fr\/elections\/affaire-penelope-fillon-il-n-y-a-plus-de-favori-francois-fillon-n-est-plus-qu-un-candidat-parmi-d-autres-2024173.html%3Ftype=content\n\n-&#8220;Il est dans l&#8217;air du temps de faire sortir les sortants&#8221; (le politologue Roland Cayrol, interrog\u00e9 par Guillaume Maujean des &#8220;Echos&#8221;; vid\u00e9o) :  https:\/\/videos.lesechos.fr\/lesechos\/invite-des-echos\/eviction-de-hollande-valls-sarkozy-il-est-dans-lere-du-temps-de-faire-sortir-les-sortants\/8rxffx\n\n<strong>EUROPE-MONDE<\/strong>\n\n-Boud\u00e9 par l&#8217;Europe, le bio\u00e9thanol fran\u00e7ais a le vent en poupe (Dominique Pialot) : http:\/\/www.euractiv.fr\/section\/climat-environnement\/news\/boude-par-leurope-le-bioethanol-francais-a-le-vent-en-poupe\/\n\n<strong>-La Commission europ\u00e9enne planche sur &#8220;des actifs europ\u00e9ens s\u00fbrs&#8221; (Jorge Valero) : <\/strong> http:\/\/www.euractiv.fr\/section\/euro-finances\/news\/commission-confirms-work-on-securitization-of-eu-sovereign-bonds\/?nl_ref=30011277\n\n-Des \u00e9tudiants du r\u00e9seau Erasmus s&#8217;attaquent \u00e0 la surconsommation d&#8217;alcool. Leur initiative est parrain\u00e9e par la soci\u00e9t\u00e9 de spiritueux Ricard ! (Sarantis Michalopoulos et Hannah Black) : http:\/\/www.euractiv.fr\/section\/sante-modes-de-vie\/news\/erasmus-responsible-party-need-to-be-drunk-to-enjoy\/\n\n<strong>-&#8220;Les Romains d\u00e9\u00e7us par leur nouvelle maire 5 \u00e9toiles&#8221; (Mathilde Imberty; son) : <\/strong> https:\/\/www.franceinter.fr\/emissions\/le-zoom-de-la-redaction\/le-zoom-de-la-redaction-30-janvier-2017\n\n-En Gr\u00e8ce, &#8220;on veut des mesures comme celles prises par Donald Trump&#8221; (le parti d&#8217;extr\u00eame-droite &#8220;Aube dor\u00e9e&#8221;; vid\u00e9o) : http:\/\/newscdn.newsrep.net\/h5\/nrvideo.html?r=3&#038;lan=fr_FR&#038;pid=14&#038;id=Av7f5bdd3CI_fr&#038;app_lan=fr_FR&#038;mcc\n\n<strong>-&#8220;Le ch\u00f4mage recule au Portugal&#8221; (C\u00e9cile Thibaut) : <\/strong> http:\/\/www.lesechos.fr\/monde\/europe\/0211749629157-chomage-deficit-le-portugal-sort-la-tete-de-leau-2061242.php\n\n-Schulz d\u00e9marre la course \u00e0 la chancellerie allemande en attaquant Trump (Catherine Stupp) : http:\/\/www.euractiv.fr\/section\/politique\/news\/schulz-bashes-trump-in-campaign-to-unseat-merkel-as-germanys-chancellor\/\n\n-&#8220;L&#8217;exc\u00e9dent budg\u00e9taire allemand attise la campagne&#8221; (Henrik Uterwedde; son) : https:\/\/www.franceinter.fr\/emissions\/meridien-d-europe\/meridien-d-europe-30-janvier-2017\n\n-France et Allemagne peaufinent la r\u00e9ponse europ\u00e9enne \u00e0 Trump : http:\/\/www.euractiv.fr\/section\/politique\/news\/france-et-allemagne-peaufinent-la-reponse-europeenne-a-trump\/\n\n-Le pr\u00e9sident du Conseil europ\u00e9en incite le Mont\u00e9n\u00e9gro \u00e0 ne pas renier ses aspirations europ\u00e9ennes (Georgi Gotev) : http:\/\/www.euractiv.fr\/section\/l-europe-dans-le-monde\/news\/tusk-warns-montenegro-western-balkans-against-alternatives-to-eu\/?nl_ref=30011277\n\n-Netanyahu presse Trump \u00e0 d\u00e9m\u00e9nager l&#8217;ambassade am\u00e9ricaine \u00e0 J\u00e9rusalem (vid\u00e9o) : http:\/\/newscdn.newsrep.net\/h5\/nrvideo.html?r=3&#038;lan=fr_FR&#038;pid=14&#038;id=K17f9aa0aVk_fr&#038;app_lan=fr_FR&#038;mcc\n\n-Donald Trump et la lutte contre le terrorisme (Bernard Guetta; son) : https:\/\/www.franceinter.fr\/emissions\/geopolitique\/geopolitique-30-janvier-2017\n\n<strong>-&#8220;Muslim Ban&#8221;, des cons\u00e9quences lourdes pour la culture (l&#8217;auteure am\u00e9ricaine Alison Gingeras, invit\u00e9e de Zo\u00e9 Sfez; son et vid\u00e9o) :<\/strong> https:\/\/www.franceculture.fr\/emissions\/le-journal-de-la-culture\/muslim-ban-reactions-vives-et-consequences-lourdes-dans-le-monde#xtor\n\n-&#8220;Sit-in g\u00e9ant \u00e0 l&#8217;a\u00e9roport de San Francisco&#8221; (vid\u00e9o) :  https:\/\/videos.lesechos.fr\/lesechos\/c-est-quoi-ce-chiffre\/immigration-sit-in-geant-anti-trump-a-laeroport-de-san-francisco\/8r3xrx\n\n<strong>CULTURE-MEDIAS<\/strong>\n\n<strong>-&#8220;Le PS a gagn\u00e9 quelques semaines mais il n&#8217;\u00e9chappera pas \u00e0 la recomposition. 2 millions d&#8217;\u00e9lecteurs sur 40 millions, ce n&#8217;est qu&#8217;un extrait. Le parti socialiste de Fran\u00e7ois Mitterrand est mort&#8221; (Le sociologue Jean-Pierre Le Goff et Thierry Pech, directeur de &#8220;Terra Nova&#8221; \u00e9taient les invit\u00e9s de la matinale de France Inter. Ils r\u00e9pondaient aux questions de Patrick Cohen et des auditeurs; vid\u00e9os) :   <\/strong>                                                                                                                                                                                                                                                                            http:\/\/www.dailymotion.com\/video\/x5a1v7v_thierry-pech-et-jean-pierre-le-goff-repondent-aux-questions-de-patrick-cohen_news                                                                                                                                                                                                                                                                                             http:\/\/www.dailymotion.com\/video\/x5a1vo4_thierry-pech-et-jean-pierre-le-goff-repondent-aux-questions-des-auditeurs-de-france-inter_news\n\n-&#8220;Deux gauches se sont oppos\u00e9es, une gauche de gouvernement pr\u00eate \u00e0 exercer le pouvoir et une gauche des id\u00e9es&#8221; (G\u00e9rard Grunberg, directeur de recherche \u00e9m\u00e9rite du CNRS et G\u00e9rard Le Gall, analyste politique; invit\u00e9s de Guillaume Erner; sons) : https:\/\/www.franceculture.fr\/emissions\/linvite-des-matins\/ps-fin-de-partie-ou-renaissance#xtor                                                                                          https:\/\/www.franceculture.fr\/emissions\/linvite-des-matins-2eme-partie\/ps-fin-de-partie-ou-renaissance-2eme-partie\n\n-L&#8217;influence des primaires sur la vie politique fran\u00e7aise (Julie Benetti, professeur de droit public \u00e0 Paris I Panth\u00e9on-Sorbonne, auteure de &#8220;Les primaires et notre monarchie r\u00e9publicaine&#8221;; son) :  https:\/\/www.franceculture.fr\/emissions\/la-question-du-jour\/la-vie-politique-francaise-va-t-elle-eclater-cause-des-primaires#xtor\n\n<strong>-La place de la femme dans la pr\u00e9histoire (la pal\u00e9ontologue et historienne des sciences Claudine Cohen et Silvana Condemi, pal\u00e9oanthropologue, directrice de recherche au CNRS; invit\u00e9es d&#8217;Emmanuel Laurentin; son) :<\/strong>  https:\/\/www.franceculture.fr\/emissions\/la-fabrique-de-lhistoire\/quoi-de-neuf-la-prehistoire-14-nos-freres-et-soeurs#xto\n\n-&#8220;Le Centre Pompidou est un mus\u00e9e remarquable&#8221; (le plasticien Daniel Buren, invit\u00e9 de Thomas Sotto; vid\u00e9o) : http:\/\/www.europe1.fr\/emissions\/l-interview-verite\/daniel-buren-le-centre-pompidou-est-un-musee-remarquable-2964479\n\n-La 23e &#8220;Folle journ\u00e9e&#8221; de Nantes commence demain jusqu&#8217;au 5 f\u00e9vrier : http:\/\/culturebox.francetvinfo.fr\/voyageur-de-notes\/2017\/01\/27\/la-folle-journee-de-nantes-entre-dans-la-danse-mercredi-prochain.html\n\n<strong>-Le concert des 40 ans du choeur de l&#8217;Orchestre de Paris (vid\u00e9o int\u00e9grale) :<\/strong>  http:\/\/culturebox.francetvinfo.fr\/opera-classique\/musique-classique\/concert-des-40-ans-du-choeur-de-l-orchestre-de-paris-251191\n\n<strong>-Huit films du ma\u00eetre japonais Akira Kurosawa ressortent dans les salles (Samuel Douhaire; vid\u00e9os) <\/strong> : http:\/\/www.telerama.fr\/cinema\/akira-kurosawa-dans-tous-ses-eclats,153289.php#xtor\n\n-La 24e \u00e9dition du Festival de G\u00e9rardmer a rendu hommage \u00e0 Kiyoshi Kurosawa et \u00e0 son cin\u00e9ma fantastique (Sophie Granel; vid\u00e9os) :   http:\/\/culturebox.francetvinfo.fr\/cinema\/fantastique\/festival-de-gerardmer-hommage-a-kiyoshi-kurosawa-maitre-du-fantastique-251909\n\n-&#8220;Jouer la com\u00e9die est un sport technique&#8221; (l&#8217;acteur am\u00e9ricain Neil Patrick Harris; propos recueillis par Pierre Langlais) : http:\/\/www.telerama.fr\/series-tv\/neil-patrick-harris-jouer-la-comedie-est-un-sport-technique,153225.php#xtor\n\n<strong>-C\u00e9dric Klapisch \u00e9tait l&#8217;invit\u00e9 d&#8217;Augustin Trapenard (son) : <\/strong> https:\/\/www.franceinter.fr\/emissions\/boomerang\/boomerang-30-janvier-2017\n\n<strong>-Costa-Gavras, celui de Charline Vanhoenacker et Alex Vizorek (son, amener le curseur sur 3:30) :<\/strong>  https:\/\/www.franceinter.fr\/emissions\/boomerang\/boomerang-30-janvier-2017\n\n<strong>-&#8220;Du coup&#8221; (Hippolyte Girardot; vid\u00e9o) : <\/strong> http:\/\/www.dailymotion.com\/video\/x5a3h1u_du-coup-le-billet-d-hippolyte-girardot_news\n\n-Victime du d\u00e9cret Trump, le cin\u00e9aste iranien Asghar Farhadi n&#8217;ira pas \u00e0 la c\u00e9r\u00e9monie des Oscars (vid\u00e9o) : http:\/\/culturebox.francetvinfo.fr\/cinema\/evenements\/decret-trump-le-cineaste-iranien-asghar-farhadi-n-ira-pas-aux-oscars-251933\n\n-&#8220;Matthieu Chedid a mis Bamako debout&#8221; (vid\u00e9o et son) : http:\/\/culturebox.francetvinfo.fr\/musique\/rock\/matthieu-chedid-alias-m-met-bamako-debout-251921\n\n<strong>-R\u00e9\u00e9couter Muddy Waters, une l\u00e9gende du blues, \u00e0 la Maison de la Radio en 1976 (son) :   <\/strong>                                                                                                                                                      https:\/\/www.francemusique.fr\/emissions\/les-legendes-du-jazz\/muddy-waters-la-maison-de-la-radio-en-1976-31367\n\n<strong>-La musique des jeux vid\u00e9o (Rebecca Manzoni; vid\u00e9o) : <\/strong> https:\/\/www.franceinter.fr\/emissions\/pop-co\/pop-co-30-janvier-2017\n\n-&#8220;Un documentaire tr\u00e8s favorable \u00e0 Jean-Luc M\u00e9lenchon sur France 3&#8221; (Marc Baudriller; son du 30 janvier) : https:\/\/www.radioclassique.fr\/radio\/emissions\/matinale-de-radio-classique\/la-vie-des-medias\/\n\n<strong>-&#8220;Le roman national &#8220;des gueules noires&#8221; sur France 2. Les r\u00e9alisateurs  Hugues Nancy et Fabien B\u00e9ziat \u00e9taient les invit\u00e9s de Sonia Devillers; vid\u00e9o, amener le curseur sur 3:06) :<\/strong>              http:\/\/www.dailymotion.com\/video\/x5a2703_le-roman-national-des-gueules-noires-sur-france-2_news \n\n-Patrick Drahi va absorber compl\u00e8tement BFM TV (Marina Alcaraz et Fabienne Schmitt) : http:\/\/www.lesechos.fr\/tech-medias\/medias\/0211748858427-sfr-veut-prendre-le-controle-de-nextradiotv-2061260.php\n\n<strong>-Au meeting de Fran\u00e7ois Fillon (Guillaume Meurice; vid\u00e9o) : <\/strong> http:\/\/www.dailymotion.com\/video\/x5a3ejf_au-meeting-de-francois-fillon-le-moment-meurice_fun\n\n<strong>-&#8220;Le P\u00e9n\u00e9-gate&#8221; (Sophia Aram; vid\u00e9o) : <\/strong> http:\/\/www.dailymotion.com\/video\/x5a1vun_le-pene-gate-le-billet-de-sophia-aram_fun\n\n<strong>-&#8220;Je suis P\u00e9n\u00e9lope&#8221; (Charlie Vanhoenacker et Guillaume Meurice; vid\u00e9o) : <\/strong> http:\/\/www.dailymotion.com\/video\/x5a1ozf_je-suis-penelope-le-billet-de-charline_fun\n<h2 class=\"wp-block-heading\">Documents joints<\/h2>\n\n\n\n<div class=\"wp-block-file\"><a href=\"https:\/\/wp.muchomaas.com\/wp-content\/uploads\/2017\/01\/gauche_et_maintenant_30_janvier_2017-3ce.pdf\">gauche_et_maintenant_30_janvier_2017.pdf<\/a><\/div>\n\n\n\n<div class=\"wp-block-file\"><a href=\"https:\/\/wp.muchomaas.com\/wp-content\/uploads\/2017\/01\/responsabilite_cruciale-378.pdf\">responsabilite_cruciale.pdf<\/a><\/div>\n\n\n","protected":false},"excerpt":{"rendered":"<p>ACTUALITE -La semaine du micro-cr\u00e9dit (Alice Ponsero; son) : http:\/\/www.sudradio.fr\/Podcasts\/L-invite-pour-comprendre\/Alice-Ponsero-deleguee-territoriale-Yvelines-de-l-ADIE -&#8220;Paris se remet \u00e0 la marche&#8221; (son) : http:\/\/www.sudradio.fr\/Podcasts\/Les-reportages-de-la-matinee\/Pietons-a-Paris -De nouvelles poubelles pour les Parisiens : http:\/\/www.lesechos.fr\/industrie-services\/conso-distribution\/0211749009518-une-nouvelle-poubelle-pour-les-parisiens-2061216.php -N\u00eemes, Metz et Le Mans, les trois villes o\u00f9 les prix de l&#8217;immobilier ont le plus progress\u00e9 en 2016 : http:\/\/patrimoine.lesechos.fr\/immobilier\/prix\/0211732795983-immobilier-les-trois-villes-a-surveiller-en-2017-2061221.php -&#8220;Ce championnat a \u00e9t\u00e9 un grand succ\u00e8s [&hellip;]<\/p>\n","protected":false},"author":1042,"featured_media":0,"comment_status":"open","ping_status":"open","sticky":false,"template":"","format":"standard","meta":{"_themeisle_gutenberg_block_has_review":false,"footnotes":""},"categories":[151],"tags":[],"class_list":["post-10150","post","type-post","status-publish","format-standard","hentry","category-la-revue-de-presse-de-lulu"],"_links":{"self":[{"href":"https:\/\/archives.regards.fr\/index.php?rest_route=\/wp\/v2\/posts\/10150","targetHints":{"allow":["GET"]}}],"collection":[{"href":"https:\/\/archives.regards.fr\/index.php?rest_route=\/wp\/v2\/posts"}],"about":[{"href":"https:\/\/archives.regards.fr\/index.php?rest_route=\/wp\/v2\/types\/post"}],"author":[{"embeddable":true,"href":"https:\/\/archives.regards.fr\/index.php?rest_route=\/wp\/v2\/users\/1042"}],"replies":[{"embeddable":true,"href":"https:\/\/archives.regards.fr\/index.php?rest_route=%2Fwp%2Fv2%2Fcomments&post=10150"}],"version-history":[{"count":0,"href":"https:\/\/archives.regards.fr\/index.php?rest_route=\/wp\/v2\/posts\/10150\/revisions"}],"wp:attachment":[{"href":"https:\/\/archives.regards.fr\/index.php?rest_route=%2Fwp%2Fv2%2Fmedia&parent=10150"}],"wp:term":[{"taxonomy":"category","embeddable":true,"href":"https:\/\/archives.regards.fr\/index.php?rest_route=%2Fwp%2Fv2%2Fcategories&post=10150"},{"taxonomy":"post_tag","embeddable":true,"href":"https:\/\/archives.regards.fr\/index.php?rest_route=%2Fwp%2Fv2%2Ftags&post=10150"}],"curies":[{"name":"wp","href":"https:\/\/api.w.org\/{rel}","templated":true}]}}