{"id":10147,"date":"2017-01-30T06:19:19","date_gmt":"2017-01-30T05:19:19","guid":{"rendered":"https:\/\/wp.muchomaas.com\/article-la-revue-du-30-janvier-2017\/"},"modified":"2023-06-23T23:23:58","modified_gmt":"2023-06-23T21:23:58","slug":"article-la-revue-du-30-janvier-2017","status":"publish","type":"post","link":"https:\/\/archives.regards.fr\/?p=10147","title":{"rendered":"La Revue du 30 janvier 2017"},"content":{"rendered":"<strong>ACTUALITE<\/strong>\n\n<strong>-&#8220;Il faut que tout le monde s&#8217;inqui\u00e8te de cette d\u00e9gradation de la qualit\u00e9 des soins&#8221; (Eric Audouy, vice-pr\u00e9sident de &#8220;la Coordination nationale infirmi\u00e8re&#8221;; interrog\u00e9 par Patricia Martin; son)<\/strong> : https:\/\/www.franceinter.fr\/emissions\/l-nterview-societe-civile\/l-nterview-societe-civile-29-janvier-2017\n\n<strong>-&#8220;Les enfants les plus impact\u00e9s par la pollution de l&#8217;air&#8221; (le docteur Nathalie Lambert; vid\u00e9o) :<\/strong> http:\/\/www.francetvinfo.fr\/sante\/environnement-et-sante\/asthme-du-a-la-pollution-les-enfants-sont-les-plus-impactes_2040501.html\n\n&#8211;<strong>A Decazeville dans l&#8217;Aveyron, forte mobilisation pour exiger la r\u00e9ouverture de la maternit\u00e9 (vid\u00e9o) <\/strong> : http:\/\/www.francetvinfo.fr\/sante\/decazeville-forte-mobilisation-pour-exiger-la-reouverture-de-la-maternite_2040441.html\n\n<strong>-Sur le d\u00e9mant\u00e8lement du groupe Vivarte, C\u00e9cile Cukierman, s\u00e9natrice CRC de la Loire et la r\u00e9ponse de la ministre du Travail (vid\u00e9o, amener le curseur sur 37:30) : <\/strong> http:\/\/www.francetvinfo.fr\/replay-magazine\/france-3\/questions-au-gouvernement\/questions-au-gouvernement-du-jeudi-26-janvier-2017_2026102.html\n\n<strong>-&#8220;L&#8217;insertion professionnelle des jeunes est un v\u00e9ritable parcours du combattant&#8221; (la nouvelle pr\u00e9sidente de l&#8217;Unef Lil\u00e2 Le Bas, invit\u00e9e de St\u00e9phane D\u00e9pinoy; vid\u00e9o) : <\/strong> http:\/\/www.francetvinfo.fr\/economie\/emploi\/carriere\/vie-professionnelle\/droit-du-travail\/video-precarite-linsertion-professionnelle-des-jeunes-est-un-parcours-du-combattant-selon-lunef_2037023.html\n\n-Pour avoir critiqu\u00e9 Lactalis sur France 2, des producteurs de lait perdent leur contrat : http:\/\/www.lesechos.fr\/industrie-services\/conso-distribution\/0211738846789-apres-avoir-critique-lactalis-sur-france-2-des-producteurs-de-lait-perdent-leur-contrat-2060733.php\n\n-Les Fran\u00e7ais ach\u00e8tent moins dans les supermarch\u00e9s (vid\u00e9o) : http:\/\/www.francetvinfo.fr\/societe\/alimentation-les-francais-achetent-moins-dans-les-supermarches_2040193.html\n\n-Les taxis se modernisent pour lutter contre la concurrence (vid\u00e9o) : http:\/\/www.francetvinfo.fr\/france\/greve-des-taxis\/taxis-la-profession-se-modernise-pour-lutter-contre-la-concurrence_2040517.html\n\n<strong>-&#8220;Moulins-M\u00e2con, la route de la mort&#8221; (un reportage d&#8217;Elodie For\u00eat; son) : <\/strong> https:\/\/www.franceinter.fr\/emissions\/interception\/interception-29-janvier-2017\n\n<strong>-&#8220;Le ma\u00efs pousse le grand hamster \u00e0 l&#8217;infanticide&#8221; (Audrey Garric; pi\u00e8ce jointe);<\/strong>\n\n-&#8220;Les zones humides, un patrimoine \u00e0 pr\u00e9server&#8221; (Allain Bougrain-Dubourg; son) : https:\/\/www.franceinter.fr\/emissions\/curieux-de-nature\/curieux-de-nature-29-janvier-2017\n\n-Au lac du Bourget en Savoie, l&#8217;ouverture de la p\u00eache (vid\u00e9o) : http:\/\/www.francetvinfo.fr\/france\/auvergne-rhone-alpes\/savoie\/savoie-rencontre-avec-les-pecheurs-du-lac-du-bourget-pour-son-ouverture_2041517.html\n\n-Architecture et patrimoine des centrales nucl\u00e9aires (l&#8217;architecte Jacinthe Pesci, re\u00e7ue par Patricia Martin; son) : https:\/\/www.franceinter.fr\/emissions\/la-photo-de-la-semaine\/la-photo-de-la-semaine-28-janvier-2017\n\n<strong>-Rencontre avec Armel Le Cl\u00e9ac&#8217;h, le h\u00e9ros du &#8220;Vend\u00e9e Globe&#8221; (avec Sandrine Lef\u00e8vre; vid\u00e9o)<\/strong> : http:\/\/videos.leparisien.fr\/video\/armel-le-cleac-h-rencontre-avec-le-heros-du-vendee-globe-27-01-2017-x59vm84#xtor\n\n-&#8220;En navigation, on attend d&#8217;\u00eatre battu pour y retourner&#8221; (Lo\u00efck Peyron, interrog\u00e9 par Wendy Bouchard; son) : http:\/\/www.europe1.fr\/emissions\/linterview-verite-du-week-end\/loick-peyron-en-navigation-on-attend-detre-battu-pour-y-retourner-2962874\n\n<strong>-&#8220;Les Handballeurs fran\u00e7ais sont entr\u00e9s dans l&#8217;histoire de leur sport&#8221; (Anthony Jolly; vid\u00e9o) :<\/strong> http:\/\/www.francetvinfo.fr\/sports\/handball\/mondial-de-handball\/handball-des-experts-en-or_2041739.html\n\n<strong>-La France vue de l&#8217;espace par Thomas Pesquet (des clich\u00e9s sublimes) :<\/strong> http:\/\/tempsreel.nouvelobs.com\/galeries-photos\/photo\/20170127.OBS4446\/grand-format-la-france-vue-de-l-espace-par-thomas-pesquet-sublime.html#xtor\n\n-Il y fait du sport (vid\u00e9o) : \nhttp:\/\/www.francetvinfo.fr\/sciences\/espace\/thomas-pesquet\/thomas-pesquet-sport-en-apesanteur_2041457.html\n\n<strong>-&#8220;L&#8217;\u00e9nigme Xavier Dupont de Ligonn\u00e8s&#8221; (&#8220;13H15 le samedi&#8221;; vid\u00e9o) : <\/strong> http:\/\/www.telerama.fr\/cinema\/emmanuelle-riva-une-femme-francaise-s-en-va,153305.php\n\n<strong>-&#8220;La passion de punir&#8221; (Marc Hunyadi, \u00e0 propos du livre de l&#8217;anthropologue, sociologue et m\u00e9decin Didier Fassin &#8220;Punir, une passion contemporaine&#8221; : <\/strong> https:\/\/www.letemps.ch\/culture\/2017\/01\/27\/passion-punir?utm_source\n\n-18 mois de prison avec sursis pour un policier marseillais auteur d&#8217;un tir de flash-ball mortel (vid\u00e9o) : http:\/\/www.francetvinfo.fr\/faits-divers\/justice-proces\/proces-du-flash-ball-18-mois-de-prison-requis-avec-sursis_2040257.html\n\n<strong>POLITIQUE<\/strong>\n\n<strong>-&#8220;Il faut des r\u00e8gles pour \u00e9viter ce qui se passe. Les gens en ont assez de ces affaires. L&#8217;\u00e9lection pr\u00e9sidentielle va int\u00e9resser. Jean-Luc M\u00e9lenchon est notre candidat. Comme lui, je souhaite la fermeture de Fessenheim. Le programme de &#8220;la France insoumise&#8221; ressemble beaucoup \u00e0 celui de 2012. Il faut avancer vers des candidats communs aux \u00e9lections l\u00e9gislatives&#8221; (Cl\u00e9mentine Autain, conseill\u00e8re r\u00e9gionale Front de gauche d&#8217;Ile-de-France; interrog\u00e9e par William Van Qui; vid\u00e9o) :<\/strong> http:\/\/pluzz.francetv.fr\/videos\/dimanche_en_politique_paris_ile_de_france_,152652382.html\n\n<strong>-&#8220;L&#8217;affaire Fillon choque \u00e9norm\u00e9ment. Elle arrive dans un moment populiste de la soci\u00e9t\u00e9 et peut faire monter la col\u00e8re. Je ne suis pas d&#8217;accord avec cette id\u00e9e de rar\u00e9faction du travail. Beno\u00eet Hamon a dit qu&#8217;en avril, quoi qu&#8217;il arrive, il y aura un bulletin &#8220;Hamon&#8221; (Alexis Corbi\u00e8re, porte-parole de Jean-Luc M\u00e9lenchon; face \u00e0 Wendy Bouchard; son)<\/strong> : http:\/\/www.europe1.fr\/emissions\/l-interview-politique-du-week-end\/alexis-corbiere-laffaire-fillon-heurte-le-moment-populiste-dans-lequel-nous-sommes-2962889\n\n-&#8220;Le gagnant de la primaire sera pleinement responsable du bilan de ces cinq derni\u00e8res ann\u00e9es&#8221; (Danielle Simonnet, coordinatrice du Parti de gauche; interrog\u00e9e par St\u00e9phane Leneuf; son) : https:\/\/www.franceinter.fr\/emissions\/l-interview-politique\/l-interview-politique-29-janvier-2017\n\n-Beno\u00eet Hamon l&#8217;emporte largement face \u00e0 Manuel Valls : \nhttp:\/\/www.lemonde.fr\/primaire-de-la-gauche\/article\/2017\/01\/29\/primaire-a-gauche-benoit-hamon-l-emporte-largement-face-a-manuel-valls_5071066_5008374.html\n\n<strong>-Son discours de victoire (vid\u00e9o) : <\/strong> http:\/\/www.dailymotion.com\/video\/x5a06at_discours-de-victoire-de-benoit-hamon_news\n\n<strong>-&#8220;Les germes de la d\u00e9composition sont l\u00e0&#8221; (Manuel Valls; vid\u00e9o) : <\/strong> http:\/\/www.francetvinfo.fr\/politique\/ps\/primaire-a-gauche\/video-battu-valls-estime-que-les-germes-de-la-decomposition-politique-sont-la_2041749.html\n\n-La r\u00e9action d&#8217;Olivier Dartigolles, porte-parole du PCF : http:\/\/www.pcf.fr\/95965\n\n-Celle de Le\u00efla Chaibi, soutien de Jean-Luc M\u00e9lenchon (vid\u00e9o, amener le curseur sur 27:20) : http:\/\/www.pcf.fr\/95965\n\n-Celles d&#8217; Aur\u00e9lie Filippetti, ancienne ministre de la Culture et de G\u00e9rard Colomb, soutien d&#8217;Emmanuel Macron (vid\u00e9o, amener le curseur sur 4:08) : \nhttp:\/\/www.france2.fr\/emission\/primaire-le-second-tour\/diffusion-du-29-01-2017-20h10\n\n-Celle de l&#8217;acteur Jacques Weber (vid\u00e9o, amener le curseur sur 8:48) : http:\/\/www.france2.fr\/emission\/primaire-le-second-tour\/diffusion-du-29-01-2017-19h45\n\n-&#8220;Beno\u00eet Hamon ? M\u00e9lenchon veut n&#8217;en faire qu&#8217;une bouch\u00e9e&#8221; (Bruno Rieth) : http:\/\/www.marianne.net\/benoit-hamon-melenchon-veut-n-faire-qu-bouchee-100249448.html?utm_medium\n\n-&#8220;Face \u00e0 la monarchie pr\u00e9sidentielle, le PCF appelle \u00e0 un choc d\u00e9mocratique&#8221; (Julia Hamlaoui) : http:\/\/www.humanite.fr\/face-la-monarchie-presidentielle-le-pcf-appelle-un-choc-democratique-631272\n\n<strong>-Ce que Beno\u00eet Hamon et Manuel Valls ont dit de la dissuasion nucl\u00e9aire (Paul Quil\u00e8s, ancien ministre PS de la D\u00e9fense) :    <\/strong>                                                                                                                            http:\/\/paul.quiles.over-blog.com\/2017\/01\/quand-un-candidat-est-interroge-sur-la-dissuasion-nucleaire.html                                                                                                                                    http:\/\/paul.quiles.over-blog.com\/2017\/01\/les-candidats-et-le-nucleaire-suite.html\n\n<strong>-&#8220;Les Assises du socialisme en&#8230;octobre 1974&#8221; (Claude Askolovitch; son) : <\/strong> https:\/\/www.franceinter.fr\/emissions\/histoire-et-politique\/histoire-et-politique-29-janvier-2017\n\n<em>-Le jugement des Fran\u00e7ais sur la primaire socialiste (ODOXA) : <\/em> http:\/\/www.odoxa.fr\/sondage\/jugement-severe-francais-primaire-de-belle-alliance-populaire\/\n\n-&#8220;577 Pour la France&#8221;, le mouvement initi\u00e9 par Jean-Christophe Fromentin, d\u00e9put\u00e9 des Hauts-de-Seine qui soutien Fran\u00e7ois Fillon (interrog\u00e9 par St\u00e9phane Leneuf; son) : https:\/\/www.franceinter.fr\/emissions\/l-interview-politique\/l-interview-politique-28-janvier-2017\n\n-&#8220;Macron a le c.. bord\u00e9 de nouilles&#8221; (Franz-Olivier Giesbert; vid\u00e9o) : http:\/\/www.c8.fr\/c8-divertissement\/ms-salut-les-terriens\/pid7527-emission.html?vid=1433362\n\n-Philippe Saurel, maire de Montpellier, lui apporte son soutien (vid\u00e9o) :  http:\/\/pluzz.francetv.fr\/videos\/dimanche_en_politique_languedoc_roussillon_,152948309.html\n\n-Fr\u00e9d\u00e9ric Cuvillier, ancien ministre des Transports, &#8220;penche pour lui&#8221; (David Revault d&#8217;Allones) : http:\/\/www.lejdd.fr\/Politique\/Frederic-Cuvillier-penche-pour-Macron-843224\n\n-&#8220;Je suis disponible pour un dialogue avec Emmanuel Macron. Il est clair sur le fait qu&#8217;il veut exercer des responsabilit\u00e9s&#8221; (Fran\u00e7ois de Rugy, d\u00e9put\u00e9 \u00e9cologique de Loire-Atlantique, invit\u00e9 de &#8220;Questions politiques&#8221;; vid\u00e9o) : http:\/\/www.dailymotion.com\/video\/x59zkvx_francois-de-rugy-repond-aux-questions-des-auditeurs-de-questions-politiques_news\n\n<strong>-&#8220;Des forces sont \u00e0 l&#8217;oeuvre pour me faire taire&#8221; (Fran\u00e7ois Fillon dans le JDD; entretien r\u00e9alis\u00e9 par Anna Cavana, Herv\u00e9 Gattegno et Christian Ollivier) :  <\/strong>           http:\/\/www.lejdd.fr\/Politique\/Francois-Fillon-Des-forces-sont-a-l-oeuvre-pour-me-faire-taire-843494\n\n<strong>-Son discours \u00e0 la Villette (vid\u00e9o) : <\/strong> http:\/\/www.republicains.fr\/actualites_discours_francois_fillon_la_villette_20170129\n\n-&#8220;Il a \u00e9t\u00e9 fort, puissant&#8221; (Fran\u00e7ois Baroin, s\u00e9nateur LR de l&#8217;Aube, interrog\u00e9 par Laurent Delahousse; vid\u00e9o, amener le curseur sur 11:30) : http:\/\/www.france2.fr\/emission\/journal-20h00\/diffusion-du-29-01-2017-20h00\n\n-De nouvelles r\u00e9v\u00e9lations (vid\u00e9o) : http:\/\/www.francetvinfo.fr\/politique\/francois-fillon\/francois-fillon-nouvelles-revelations_2041439.html\n\n-&#8220;Je n&#8217;ai jamais embauch\u00e9 un de mes proche mais je comprends qu&#8217;on puisse y avoir recours. Je ne connaissais pas les activit\u00e9s de P\u00e9n\u00e9lope Fillon. Cela ressemble de plus en plus \u00e0 un moment de calomnie, qui a pour objectif de nuire \u00e0 Fran\u00e7ois Fillon et aussi \u00e0 l&#8217;ensemble de la droite fran\u00e7aise. Pas question de changer de candidat&#8221; (Luc Chatel, pr\u00e9sident du Conseil national des R\u00e9publicains; invit\u00e9 de la matinale de Franceinfo; son et vid\u00e9os) : http:\/\/www.francetvinfo.fr\/replay-radio\/8h30-politique\/affaire-penelope-francois-fillon-reste-notre-candidat-affirme-luc-chatel_2029886.html\n\n-&#8220;Imaginez la souffrance de ceux qui sont mis en cause. Moi, je fais confiance \u00e0 Fran\u00e7ois Fillon. Je ne connais pas le programme de M. Macron, avec celui issu de la primaire et Jean-Luc M\u00e9lenchon, il sera le 3e candidat de la gauche&#8221; (G\u00e9rard Larcher, pr\u00e9sident LR du S\u00e9nat, invit\u00e9 du &#8220;Grand Rende-vous&#8221; d&#8217;Europe 1; vid\u00e9o) : http:\/\/www.itele.fr\/magazines\/grand-rendez-vous-politique-darmon\/le-grand-rendez-vous-partie-1-du-29012017-172623\n\n<strong>-&#8220;La politique peut-elle \u00eatre une affaire de famille ?&#8221; (l&#8217;historien Jean Garrigues qui pr\u00e9cise &#8220;qu&#8217;un collaborateur parlementaire, c&#8217;est quelqu&#8217;un qui se voit&#8221;; interrog\u00e9 par David Abiker; son; amener le curseur sur 1:07) <\/strong> : http:\/\/www.europe1.fr\/emissions\/c-est-arrive-cette-semaine\/cest-arrive-cette-semaine-280117-2962856\n\n-&#8220;Fran\u00e7ois Fillon, touch\u00e9 mais pas coul\u00e9&#8221; (&#8220;24 heures en questions&#8221; d&#8217;Yves Calvi; vid\u00e9o) : http:\/\/www.lci.fr\/replay\/replay-24-heures-en-questions-du-27-janvier-2017-2023820.html\n\n-&#8220;Dans quinze jours, on n&#8217;en parlera plus&#8221; (Franz-Olivier Giesbert; vid\u00e9o) : http:\/\/www.dailymotion.com\/video\/x59y6ma_f-o-giesbert-le-penelope-gate-dans-15-jours-on-n-en-parlera-plus-salut-les-terriens-28-01-2017_tv\n\n<strong>-&#8220;Mis en examen, ce serait une crise de r\u00e9gime. Fran\u00e7ois Fillon a remis l&#8217;avenir de l&#8217;\u00e9lection pr\u00e9sidentielle dans les mains du pouvoir judiciaire&#8221; (le sp\u00e9cialiste de la communication Philippe Moreau-Chevrolet, interrog\u00e9 par Yves Calvi; vid\u00e9o, amener le curseur sur 1.07.43) <\/strong> : http:\/\/www.lci.fr\/replay\/replay-24-heures-en-questions-du-27-janvier-2017-2023820.html\n\n-&#8220;Une vengeance ?&#8221; (Allain Auffray) : http:\/\/www.liberation.fr\/elections-presidentielle-legislatives-2017\/2017\/01\/28\/l-affaire-fillon-trouve-t-elle-ses-racines-dans-le-scandale-bygmalion_1544567\n\n-&#8220;Les tweets \u00e9trangement pr\u00e9monitoires de Rachida Dati&#8221; : http:\/\/m.planet.fr\/politique-rachida-dati-ses-tweets-etrangement-premonitoires-sur-laffaire-penelope-fillon.1294119.29334.html\n\n-&#8220;Quand P\u00e9n\u00e9lope Fillon, cens\u00e9e travailler pour son mari depuis dix ans, annon\u00e7ait qu&#8217;elle allait se remettre au travail&#8230;en 2007&#8221; (Laurence Dequay) : http:\/\/www.marianne.net\/quand-penelope-fillon-censee-bosser-francois-10-ans-voulait-se-remettre-au-travail-100249462.html\n\n-&#8220;Si on embauche quelqu&#8217;un, c&#8217;est pour qu&#8217;il travaille&#8221; (Jean-Louis Debr\u00e9, ancien pr\u00e9sident du Conseil constitutionnel, amoureux de la R\u00e9publique, pas des primaires; interrog\u00e9 par David Abiker; son, amener le curseur sur 1:05) : http:\/\/www.europe1.fr\/emissions\/c-est-arrive-demain\/cest-arrive-demain-david-abiker-290117-2963438\n\n-Rama Yade, candidate \u00e0 l&#8217;\u00e9lection pr\u00e9sidentielle, \u00e9tait l&#8217;invit\u00e9e de &#8220;On n&#8217;est pas couch\u00e9&#8221; pour son livre &#8220;A l&#8217;instant de basculer&#8221; (vid\u00e9o) : http:\/\/www.france2.fr\/emissions\/on-n-est-pas-couche\/videos\/rama_yade_-_on_nest_pas_couche_28_janvier_2017_onpc_29-01-2017_1470107?onglet=tous&#038;page=1\n\n-Elle \u00e9tait aussi celle de Laurence Ferrari sur C8 (vid\u00e9o) : http:\/\/www.c8.fr\/c8-info\/pid8591-c8-punchline.html?vid=1433393\n\n-&#8220;L&#8217;\u00e9lection pr\u00e9sidentielle est entre les mains de la justice. C&#8217;est in\u00e9dit&#8221; (Nicolas Dupont-Aignan, candidat de &#8220;Debout la France&#8221; \u00e0 l&#8217;\u00e9lection pr\u00e9sidentielle; interrog\u00e9 par Francis Letellier; vid\u00e9o) : http:\/\/pluzz.francetv.fr\/videos\/dimanche_en_politique.html\n\n-&#8220;Le probl\u00e8me de M. Fillon, c&#8217;est celui de la confiance d&#8217;un candidat et des Fran\u00e7ais&#8221; (Marine Le Pen; vid\u00e9o) :  http:\/\/www.lci.fr\/elections\/marine-le-pen-attaque-fillon-n-est-il-pas-un-homme-qui-aime-l-argent-2023878.html\n\n-Elle \u00e9tait l&#8217;invit\u00e9e du 13H de TF1 (vid\u00e9o, amener le curseur sur 6:26) :   http:\/\/www.tf1.fr\/tf1\/jt-we\/videos\/13-heures-28-janvier-2017.html\n\n-&#8220;Ceux qui ont \u00e9t\u00e9 aux premi\u00e8res loges des deux quinquennats \u00e9coul\u00e9s sont d\u00e9barqu\u00e9s. Chez Donald Trump, ce qui est remarquable, c&#8217;est le volontarisme politique. Lui, il met en oeuvre le programme pour lequel il a \u00e9t\u00e9 \u00e9lu qui consiste \u00e0 d\u00e9fendre les Am\u00e9ricains&#8221; (Nicolas Bay, secr\u00e9taire g\u00e9n\u00e9ral du FN, sur LCI; vid\u00e9o) : http:\/\/www.lci.fr\/politique\/la-revue-de-presse-politique-de-nicolas-bay-secretaire-general-du-fn-2023872.html%3Ftype=content\n\n-&#8220;Il n&#8217;y a pas que l&#8217;affaire P\u00e9n\u00e9lope Fillon. Est-il irr\u00e9prochable ? Il faut qu&#8217;il s&#8217;explique sur les affaires qui le concerne. Aujourd&#8217;hui, c&#8217;est l&#8217;opacit\u00e9 qui r\u00e8gne. Qui est le vrai Fillon ? Les Fran\u00e7ais doivent savoir&#8221; (David Rachline, directeur de campagne de Marine Le Pen; invit\u00e9 du &#8220;Brunch politique&#8221; de Louis Morin : http:\/\/www.sudradio.fr\/Podcasts\/Le-Brunch-Politique\/David-Rachline\n\n-&#8220;Au nom de Florian&#8221; (&#8220;13H15 le dimanche&#8221;; vid\u00e9o) : \nhttp:\/\/www.francetvinfo.fr\/replay-magazine\/france-2\/13h15\/13h15-du-dimanche-29-janvier-2017_2030819.html\n\n<strong>-&#8220;Pr\u00e9sidentielle, rien ne se passe comme pr\u00e9vu&#8221; (&#8220;C Pol\u00e9mique&#8221; anim\u00e9 par Bruce Toussaint; vid\u00e9o) : <\/strong> http:\/\/www.france5.fr\/emissions\/c-politique\/videos\/presidentielle_rien_ne_se_passe_comme_prevu_29-01-2017_1470235\n\n-&#8220;Une semaine chaotique qui renforce le tous-pourris&#8221; (Herv\u00e9 Gattegno, directeur de la r\u00e9daction du JDD; son) : http:\/\/www.europe1.fr\/emissions\/ledito-du-jdd\/penelope-gate-et-lutte-acharnee-de-valls-et-hamon-une-semaine-chaotique-qui-renforce-le-tous-pourris-2963417\n\n<em>-Les intentions de vote \u00e0 l&#8217;\u00e9lection pr\u00e9sidentielle (SOFRES) : <\/em>  http:\/\/www.lefigaro.fr\/elections\/presidentielles\/2017\/01\/29\/35003-20170129ARTFIG00201-presidentielle-fillon-et-macron-au-coude-a-coude-le-pen-en-tete.php\n\n<strong>EUROPE-MONDE<\/strong>\n\n<strong>-Au Parlement europ\u00e9en, Patrick Le Hyaric, eurod\u00e9put\u00e9 Front de gauche, \u00e9tait l&#8217;invit\u00e9 de &#8220;7\/8 Politique&#8221;. Il r\u00e9pondait aux questions de Nicolas Kirilowits (vid\u00e9o) : <\/strong> https:\/\/www.youtube.com\/watch?v=7FJdmLEGy3A\n\n-&#8220;Trait\u00e9 avec le Canada, nouvel Eldorado de l&#8217;\u00e9vasion fiscale&#8221; : http:\/\/www.humanite.fr\/traite-avec-le-canada-nouvel-eldorado-de-levasion-fiscale-631270\n\n<strong>-D\u00e9claration conjointe Fran\u00e7ois Hollande\/Angela Merkel (vid\u00e9o) : <\/strong> http:\/\/www.elysee.fr\/videos\/declaration-conjointe-avec-angela-merkel\/#content\n\n<strong>-En Russie, &#8220;qu&#8217;as-tu fait \u00e0 ton mari pour qu&#8217;il te frappe ?&#8221; (Emmanuel Grynszpan) : <\/strong> https:\/\/www.letemps.ch\/monde\/2017\/01\/27\/quastu-mari-quil-te-frappe?utm_source\n\n-T\u00e9moignages de femmes russes (vid\u00e9o) : http:\/\/newscdn.newsrep.net\/h5\/nrvideo.html?r=3&#038;lan=fr_FR&#038;pid=14&#038;id=Xd7e4f362Eo_fr&#038;app_lan=fr_FR&#038;mcc\n\n-Soup\u00e7onn\u00e9 de tortures, un ex-ministre gambien arr\u00eat\u00e9 en Suisse (Lise Bailat) : https:\/\/www.letemps.ch\/suisse\/2017\/01\/26\/requerant-dasile-soupconne-torture-un-exministre-gambien-arrete-suisse?utm_campaign\n\n<strong>-&#8220;L&#8217;\u00e9tourdissante semaine de Donald Trump \u00e0 la Maison Blanche&#8221; (Charlotte Cieslinski et Renaud F\u00e9vrier)<\/strong> : http:\/\/tempsreel.nouvelobs.com\/monde\/l-amerique-selon-trump\/20170126.OBS4381\/decret-sur-decret-l-etourdissante-premiere-semaine-de-donald-trump-a-la-maison-blanche.html#xtor\n\n-Il suspend l&#8217;accueil des r\u00e9fugi\u00e9s (vid\u00e9o) : http:\/\/www.francetvinfo.fr\/monde\/usa\/presidentielle\/donald-trump\/donald-trump-suspend-l-accueil-des-refugies_2040217.html\n\n-&#8220;Les villes sanctuaires se rebiffent contre lui&#8221; (Val\u00e9rie de Graffenried) : https:\/\/www.letemps.ch\/monde\/2017\/01\/26\/clandestins-villes-sanctuaires-se-rebiffent-contre-donald-trump?utm_source\n\n-Des associations attaquent le d\u00e9cret en justice (vid\u00e9o) : http:\/\/newscdn.newsrep.net\/h5\/nrvideo.html?r=3&#038;lan=fr_FR&#038;pid=14&#038;id=gO7eef8e1rb_fr&#038;app_lan=fr_FR&#038;mcc\n\n-Une juge f\u00e9d\u00e9rale leur donne raison (Corinne Lesnes) : http:\/\/www.lemonde.fr\/donald-trump\/article\/2017\/01\/29\/decret-anti-immigration-les-defenseurs-des-droits-civiques-remportent-leur-premiere-bataille_5070810_4853715.html\n\n<strong>-&#8220;La r\u00e9action du monde musulman&#8221; (vid\u00e9o) : <\/strong> http:\/\/www.francetvinfo.fr\/monde\/usa\/presidentielle\/donald-trump\/trump-suspend-l-accueil-des-refugies-la-reaction-du-monde-musulman_2040463.html\n\n-&#8220;Toll\u00e9 dans le monde&#8221; (vid\u00e9o) : http:\/\/www.francetvinfo.fr\/monde\/usa\/presidentielle\/donald-trump\/decret-anti-immigration-tolle-dans-le-monde_2041751.html\n\n-Vaste mobilisation des opposants \u00e0 l&#8217;avortement \u00e0 Washington (vid\u00e9o) : http:\/\/newscdn.newsrep.net\/h5\/nrvideo.html?r=3&#038;lan=fr_FR&#038;pid=14&#038;id=lG7eb585aq4_fr&#038;app_lan=fr_FR&#038;mcc\n\n-&#8220;En r\u00e9ponse aux mesures anti-IVG de Donald Trump, la gouverneur de l&#8217;Oregon interdit la fellation pour cannibalisme !&#8221; : http:\/\/nordpresse.be\/gouverneur-de-loregon-interdit-fellation-cannibalisme-reponse-aux-mesures-anti-ivg-de-donald-trump\/\n\n-Evoquant Trump, &#8220;le nazisme est aussi n\u00e9 du populisme&#8221; (le pape Fran\u00e7ois, cit\u00e9 par Christian Laporte) : http:\/\/www.lalibre.be\/actu\/international\/evoquant-trump-le-pape-francois-previent-le-nazisme-est-aussi-ne-du-populisme-5887b111cd70e747fb54566e#.WI3FcWDAb3Y.facebook\n\n-Hollande et Trump au t\u00e9l\u00e9phone (vid\u00e9o) : http:\/\/www.francetvinfo.fr\/monde\/usa\/presidentielle\/donald-trump\/d-trump-f-hollande-le-contenu-de-leur-conversation_2041757.html\n\n<strong>-&#8220;Palentir, l&#8217;encombrant ami fran\u00e7ais du renseignement am\u00e9ricain&#8221; (Olivier Tesquet) : <\/strong> http:\/\/www.telerama.fr\/medias\/palantir-big-data-renseignement,153229.php#xtor\n\n-L&#8217;ann\u00e9e du coq commence (vid\u00e9o) : http:\/\/newscdn.newsrep.net\/h5\/nrvideo.html?r=3&#038;lan=fr_FR&#038;pid=14&#038;id=9z7ea45c9Vn_fr&#038;app_lan=fr_FR&#038;mcc\n\n-C\u00e9l\u00e9bration \u00e0 P\u00e9kin sous un ciel pollu\u00e9 (vid\u00e9o) : http:\/\/www.francetvinfo.fr\/monde\/asie\/pollution-en-chine\/video-pekin-celebre-le-nouvel-an-chinois-sous-un-ciel-pollue_2040117.html\n\n<strong>CULTURE-MEDIAS<\/strong>\n\n<strong>-&#8220;Pourquoi reparle-t-on de l&#8217;avortement ?&#8221; (Danielle Gaudry, m\u00e9decin gyn\u00e9cologue, ancienne membre du bureau national du Planning familial et Eug\u00e9nie Basti\u00e9, journaliste au &#8220;Figaro&#8221;; invit\u00e9es de Rapha\u00ebl Bourgois (son) : <\/strong>  https:\/\/www.franceculture.fr\/emissions\/dimanche-et-apres\/pourquoi-reparle-t-de-lavortement\n\n<strong>-&#8220;Le droit de choisir&#8221;, le manifeste de m\u00e9decins et biologistes de la procr\u00e9ation m\u00e9dicale assist\u00e9e (le professeur Ren\u00e9 Frydman, invit\u00e9 de David Abiker; son, amener le curseur sur 10:54) : <\/strong>   http:\/\/www.europe1.fr\/emissions\/c-est-arrive-cette-semaine\/cest-arrive-cette-semaine-280117-2962856\n\n<strong>-Au nouveau Th\u00e9\u00e2tre de Montreuil (93), jusqu&#8217;au 4 f\u00e9vrier, &#8220;Shock Corridor&#8221;, une brillante adaptation pour la sc\u00e8ne du film culte de Samuel Fuller, par Mathieu Bauer, le directeur du lieu : <\/strong> http:\/\/www.telerama.fr\/sortir\/shock-corridor-le-film-de-samuel-fuller-brillamment-adapte-par-mathieu-bauer,153044.php#xtor\n\n-Genevi\u00e8ve Casile de retour sur sc\u00e8ne au Th\u00e9\u00e2tre du Petit Montparnasse, dans &#8220;Alma Malher, \u00e9ternelle amoureuse&#8221; mis en sc\u00e8ne par George Werler (vid\u00e9o) : http:\/\/www.francetvinfo.fr\/economie\/emploi\/metiers\/art-culture-edition\/theatre-genevieve-casile-de-retour-sur-scene_2041189.html\n\n-A l&#8217;Op\u00e9ra de Paris, &#8220;une saison qui ne manque pas d&#8217;audace&#8221; (Emmanuelle Bouchez; vid\u00e9os) : http:\/\/www.telerama.fr\/sortir\/a-l-opera-de-paris-une-saison-2017-2018-qui-ne-manque-pas-d-audace,153254.php#xtor\n\n<strong>-&#8220;40 ans d&#8217;audace au Centre Pompidou \u00e0 Paris&#8221; (Jihane Benzina; vid\u00e9o) :<\/strong> http:\/\/www.francetvinfo.fr\/economie\/emploi\/metiers\/art-culture-edition\/centre-pompidou-40-ans-d-audace_2040461.html\n\n<strong>-&#8220;La Micro-Folie de Sevran&#8221; (93; son, amener le curseur sur 9:00) :    <\/strong> https:\/\/www.franceinter.fr\/emissions\/le-journal-de-7h30\/le-journal-de-7h30-29-janvier-2017\n\n-Bernard Werber, auteur &#8220;Des Fourmis&#8221;, s&#8217;est int\u00e9ress\u00e9 aux chats. Il \u00e9tait l&#8217;invit\u00e9 d&#8217;Isabelle Morizet (son) : http:\/\/www.europe1.fr\/emissions\/il-n-y-a-pas-qu-une-vie-dans-la-vie\/il-ny-a-pas-quune-vie-dans-la-vie-bernard-werber-290117-2963534\n\n<strong>-&#8220;Jean-Louis Trintignant, l&#8217;insaisissable&#8221; (&#8220;Un jour, un destin&#8221; de Laurent Delahousse; vid\u00e9o) : <\/strong> http:\/\/www.france2.fr\/emissions\/un-jour-un-destin\/videos\/jean-louis_trintignant_linsaisissable_29-01-2017_1470255\n\n<strong>-&#8220;Aucun r\u00e9gime d&#8217;extr\u00eame droite n&#8217;a jamais r\u00e9ussi quoi que ce soit&#8221; (Costa-Gavras; propos recueillis par Baptiste Thion) <\/strong> : http:\/\/www.lejdd.fr\/Culture\/Cinema\/Costa-Gavras-Aucun-regime-d-extreme-droite-n-a-jamais-reussi-quoi-que-ce-soit-843191\n\n-&#8220;Les confessions&#8221; de Roberto Ando, avec Daniel Auteuil et Toni Servillo (entretien r\u00e9alis\u00e9 par Guillemette Odicino; vid\u00e9o) : http:\/\/www.telerama.fr\/sortir\/shock-corridor-le-film-de-samuel-fuller-brillamment-adapte-par-mathieu-bauer,153044.php#xtor\n\n-&#8220;Merveilleux &#8220;La La Land&#8221; de Damien Chazelle&#8221; (Laurent Delmas; son) : https:\/\/www.franceinter.fr\/emissions\/la-prescription-cinema-de-laurent-delmas\/la-prescription-cinema-de-laurent-delmas-28-janvier-2017\n\n-La cin\u00e9math\u00e8que de Paris consacre une r\u00e9trospective \u00e0 Jane Birkin et une autre au producteur Pierre Chevalier. Les deux \u00e9taient les invit\u00e9s de Christine Masson et Laurent Delmas (son) :    https:\/\/www.franceinter.fr\/emissions\/on-aura-tout-vu\/on-aura-tout-vu-28-janvier-2017\n\n-Le festival du film fantastique de G\u00e9rardmer a ferm\u00e9 ses portes dimanche. Son directeur, Bruno Barde, r\u00e9pond aux questions de Fr\u00e9d\u00e9ric Strauss (vid\u00e9o) : http:\/\/www.telerama.fr\/cinema\/festival-de-gerardmer-le-cinema-fantastique-ouvre-sur-des-experiences-de-spectateur-plus-intenses,153210.php#xtor\n\n<strong>-Les bandes annonces des meilleurs films nomm\u00e9s aux C\u00e9sars (vid\u00e9o) : <\/strong> http:\/\/www.dailymotion.com\/video\/x59m5vz_les-bandes-annonces-des-meilleurs-films-nommes-aux-cesar-2017_news?utm_source\n\n-Nathalie Baye et Philippe Lacheau, interpr\u00e8tes  de &#8220;Alibi.com&#8221;, le film  de Philippe Lacheau, invit\u00e9s de &#8220;On n&#8217;est pas couch\u00e9&#8221; (vid\u00e9o) : http:\/\/www.france2.fr\/emissions\/on-n-est-pas-couche\/videos\/nathalie_baye_et_philippe_lacheau_-_on_nest_pas_couche_28_janvier_2017_onpc_29-01-2017_1470103?onglet=tous&#038;page=1\n\n-La bande-annonce (vid\u00e9o) : http:\/\/www.allocine.fr\/video\/player_gen_cmedia=19566974&#038;cfilm=247411.html\n\n<strong>-Grandiose interpr\u00e8te de &#8220;The Elephant man&#8221;, l&#8217;acteur britannique John Hurt est mort \u00e0 77 ans (vid\u00e9os) :  <\/strong>                                                                                                                                         https:\/\/www.youtube.com\/watch?v=R2zDnnTPAdk                                                                                                                                                                                                                                 https:\/\/www.youtube.com\/watch?v=N1KwhWCtOGk                                                                                                                                                                                                                                                  https:\/\/www.youtube.com\/watch?v=K1MwSGE0cRI\n\n-Emmanuelle Riva, &#8220;une femme fran\u00e7aise s&#8217;en va&#8221; (Jacques Morice; vid\u00e9o) : http:\/\/www.telerama.fr\/cinema\/emmanuelle-riva-une-femme-francaise-s-en-va,153305.php\n\n<strong>-Une carri\u00e8re longue de 60 ans (vid\u00e9o) :<\/strong> http:\/\/www.francetvinfo.fr\/economie\/emploi\/metiers\/art-culture-edition\/emmanuelle-riva-l-actrice-est-morte-a-l-age-de-89-ans_2040229.html\n\n-&#8220;Le N\u00e9o-Z\u00e9landais Aron Ottignon n&#8217;aurait jamais d\u00fb jouer du piano&#8221; (Mathieu Conquet; son et vid\u00e9o) : https:\/\/www.franceculture.fr\/emissions\/lactualite-musicale\/aron-ottignon-joue-avec-son-ombre-0\n\n-&#8220;Pour moi, le rap doit \u00eatre hardcore&#8221; (Vald; propos recueillis par Alexandre Caporal; vid\u00e9os) : https:\/\/www.letemps.ch\/culture\/2017\/01\/27\/vald-moi-rap-hardcore?utm_source\n\n-Le groupe de rock &#8220;La Femme&#8221; \u00e9tait au Z\u00e9nith de Paris (vid\u00e9o) : http:\/\/tempsreel.nouvelobs.com\/videos\/8rqrlm.DGT\/la-femme-au-zenith-un-concert-dejante-colore-et-electrique.html#xtor\n\n<strong>-L&#8217;auteure et interpr\u00e8te Imany \u00e9tait l&#8217;invit\u00e9e de Catherine Ceylac dans &#8220;Th\u00e9 ou caf\u00e9&#8221; (vid\u00e9o)<\/strong> : http:\/\/www.france2.fr\/emissions\/the-ou-cafe\/videos\/replay_-_the_ou_cafe_28-01-2017_1469897?onglet=tous&#038;page=1\n\n<strong>-&#8220;Je suis quelqu&#8217;un d&#8217;inquiet, \u00e7a a peut-\u00eatre \u00e0 voir avec la musique; l&#8217;oreille, c&#8217;est l&#8217;organe de la peur&#8221; (l&#8217;artiste multiforme Perez, invit\u00e9 de la toujours excellente Eva Bester; son) :<\/strong>             https:\/\/www.franceinter.fr\/emissions\/remede-a-la-melancolie\/remede-a-la-melancolie-29-janvier-2017\n\n-Retrouver le groupe &#8220;Rain Parade&#8221; avec Fran\u00e7ois Gorin (son) : http:\/\/www.telerama.fr\/musique\/rain-parade-fermons-les-yeux-sous-la-pluie,153256.php#xtor\n\n<strong>-&#8220;Un coup de queue de vache&#8221;, le dernier album de Thomas Fersen, invit\u00e9 de David Abiker (son, amener le curseur sur 27:21) :<\/strong> http:\/\/www.europe1.fr\/emissions\/c-est-arrive-cette-semaine\/cest-arrive-cette-semaine-280117-2962856\n\n-Vianney, un succ\u00e8s fulgurant (vid\u00e9o) : http:\/\/www.francetvinfo.fr\/culture\/musique\/vianney-l-histoire-d-un-succes-fulgurant_2040503.html\n\n<strong>-Il \u00e9tait l&#8217;invit\u00e9 de Laurent Delahousse au &#8220;20 H&#8221; de France 2 (vid\u00e9o) : <\/strong> http:\/\/www.francetvinfo.fr\/culture\/musique\/vianney-la-musique-c-etait-ma-passion-depuis-tout-petit_2040465.html\n\n-La semaine culturelle (Nathalie Hayter; vid\u00e9o) : http:\/\/www.francetvinfo.fr\/culture\/musique\/victoires-de-la-musique\/chronique-culture-de-la-musique-du-theatre-et-du-cinema-a-l-affiche-cette-semaine_2040215.html\n\n-Le palmar\u00e8s du Festival d&#8217;Angoul\u00eame : http:\/\/www.francetvinfo.fr\/culture\/festival\/festival-de-bd-d-angouleme\/festival-de-bd-d-angouleme-le-fauve-d-or-du-meilleur-album-attribue-aux-belges-eric-lambe-et-philippe-de-pierpont-pour-paysage-apres-la-bataille_2040405.html\n\n-Les cha\u00eenes publiques am\u00e9ricaines menac\u00e9es par Donald Trump (Sandra Muller) : http:\/\/television.telerama.fr\/television\/les-chaines-publiques-americaines-menacees-par-donald-trump,153253.php#xtor\n\n-Au 30e Fipa de Biarritz qui s&#8217;est achev\u00e9 dimanche, trois mini-s\u00e9ries ont retenu l&#8217;attention (Pierre Langlais: vid\u00e9os) : http:\/\/www.telerama.fr\/series-tv\/fipa-2017-trois-fictions-d-exception,152977.php#xtor\n\n-&#8220;Les cha\u00eene de streaming seront bient\u00f4t aussi l\u00e9gitimes que les studios de cin\u00e9ma&#8221; (Macon Blair; propos recueillis par J\u00e9r\u00e9mie Couston; vid\u00e9o) : http:\/\/www.telerama.fr\/cinema\/les-chaines-de-streaming-seront-bientot-aussi-legitimes-que-les-studios-de-cinema,153262.php#xtor\n\n-&#8220;Une dr\u00f4le de conception de la beaut\u00e9 f\u00e9minine sur M6&#8221; (Marie-H\u00e9l\u00e8ne Soenen; vid\u00e9o) : http:\/\/television.telerama.fr\/television\/pour-m6-si-tu-sors-sans-ton-mascara-c-est-que-tu-n-es-pas-une-vraie-fille,152745.php#xtor\n\n-&#8220;Non, je ne soutiens pas Emmanuel Macron&#8221; (le pr\u00e9sentateur Emmanuel Chain; propos recueillis par Richard S\u00e9n\u00e9joux) : http:\/\/www.telerama.fr\/medias\/emmanuel-chain-non-je-ne-soutiens-pas-emmanuel-macron,153269.php#xtor\n\n-La temp\u00eate m\u00e9diatique qui a suivi l&#8217;article du &#8220;Canard encha\u00een\u00e9&#8221; a entrain\u00e9 la journaliste Christine Kelly, auteure de la seule biographie consacr\u00e9e \u00e0 Fran\u00e7ois Fillon (interrog\u00e9e par Alexandra Ackoun; son) : https:\/\/www.franceinter.fr\/emissions\/regard-sur-les-medias\/regard-sur-les-medias-28-janvier-2017\n\n<strong>-Quand Edouard Baer pirate la matinale de France Inter sur Radio Nova (vid\u00e9o) : <\/strong> http:\/\/www.telerama.fr\/radio\/quand-edouard-baer-pirate-la-matinale-de-patrick-cohen-sur-france-inter,153239.php\n\n-&#8220;Guillon 2017&#8221; (St\u00e9phane Guillon; vid\u00e9o) : http:\/\/www.c8.fr\/c8-divertissement\/ms-salut-les-terriens\/pid8294-stephane-guillon.html?vid=1433358\n\n<strong>-&#8220;Massacre \u00e0 Lamaballe&#8221; (Didier Porte; vid\u00e9o) <\/strong> : http:\/\/www.dailymotion.com\/video\/x590gnj_didier-porte-massacre-a-lamaballe_news\n<h2 class=\"wp-block-heading\">Documents joints<\/h2>\n\n\n\n<div class=\"wp-block-file\"><a href=\"https:\/\/wp.muchomaas.com\/wp-content\/uploads\/2017\/01\/le_mais_pousse_le_grand_hamster_a_l-d68.pdf\">le_mais_pousse_le_grand_hamster_a_l.pdf<\/a><\/div>\n\n\n","protected":false},"excerpt":{"rendered":"<p>ACTUALITE -&#8220;Il faut que tout le monde s&#8217;inqui\u00e8te de cette d\u00e9gradation de la qualit\u00e9 des soins&#8221; (Eric Audouy, vice-pr\u00e9sident de &#8220;la Coordination nationale infirmi\u00e8re&#8221;; interrog\u00e9 par Patricia Martin; son) : https:\/\/www.franceinter.fr\/emissions\/l-nterview-societe-civile\/l-nterview-societe-civile-29-janvier-2017 -&#8220;Les enfants les plus impact\u00e9s par la pollution de l&#8217;air&#8221; (le docteur Nathalie Lambert; vid\u00e9o) : http:\/\/www.francetvinfo.fr\/sante\/environnement-et-sante\/asthme-du-a-la-pollution-les-enfants-sont-les-plus-impactes_2040501.html &#8211;A Decazeville dans l&#8217;Aveyron, forte mobilisation pour [&hellip;]<\/p>\n","protected":false},"author":1042,"featured_media":0,"comment_status":"open","ping_status":"open","sticky":false,"template":"","format":"standard","meta":{"_themeisle_gutenberg_block_has_review":false,"footnotes":""},"categories":[151],"tags":[],"class_list":["post-10147","post","type-post","status-publish","format-standard","hentry","category-la-revue-de-presse-de-lulu"],"_links":{"self":[{"href":"https:\/\/archives.regards.fr\/index.php?rest_route=\/wp\/v2\/posts\/10147","targetHints":{"allow":["GET"]}}],"collection":[{"href":"https:\/\/archives.regards.fr\/index.php?rest_route=\/wp\/v2\/posts"}],"about":[{"href":"https:\/\/archives.regards.fr\/index.php?rest_route=\/wp\/v2\/types\/post"}],"author":[{"embeddable":true,"href":"https:\/\/archives.regards.fr\/index.php?rest_route=\/wp\/v2\/users\/1042"}],"replies":[{"embeddable":true,"href":"https:\/\/archives.regards.fr\/index.php?rest_route=%2Fwp%2Fv2%2Fcomments&post=10147"}],"version-history":[{"count":0,"href":"https:\/\/archives.regards.fr\/index.php?rest_route=\/wp\/v2\/posts\/10147\/revisions"}],"wp:attachment":[{"href":"https:\/\/archives.regards.fr\/index.php?rest_route=%2Fwp%2Fv2%2Fmedia&parent=10147"}],"wp:term":[{"taxonomy":"category","embeddable":true,"href":"https:\/\/archives.regards.fr\/index.php?rest_route=%2Fwp%2Fv2%2Fcategories&post=10147"},{"taxonomy":"post_tag","embeddable":true,"href":"https:\/\/archives.regards.fr\/index.php?rest_route=%2Fwp%2Fv2%2Ftags&post=10147"}],"curies":[{"name":"wp","href":"https:\/\/api.w.org\/{rel}","templated":true}]}}