{"id":10146,"date":"2017-01-28T06:46:07","date_gmt":"2017-01-28T05:46:07","guid":{"rendered":"https:\/\/wp.muchomaas.com\/article-la-revue-du-28-janvier-2017\/"},"modified":"2017-01-28T06:46:07","modified_gmt":"2017-01-28T05:46:07","slug":"article-la-revue-du-28-janvier-2017","status":"publish","type":"post","link":"https:\/\/archives.regards.fr\/?p=10146","title":{"rendered":"La Revue du 28 janvier 2017"},"content":{"rendered":"<p><strong>ACTUALITE<\/strong><\/p>\n<p>-Les dentistes ont manifest\u00e9 contre le plafonnement de leurs tarifs (vid\u00e9o) : http:\/\/www.francetvinfo.fr\/france\/sante-les-dentistes-manifestent-contre-le-plafonnement-de-leurs-tarifs_2039343.html<\/p>\n<p>-&#8220;En France, on a une grande passion de l&#8217;Etat actionnaire&#8221; (David Azema, vice-pr\u00e9sident de l&#8217;Institut Montaigne, face \u00e0 Nicolas Pierron; vid\u00e9o) : https:\/\/www.dailymotion.com\/video\/x59tu9a_en-france-on-a-une-passion-de-l-etat-actionnaire-david-azema-27-01-2017_news<\/p>\n<p>-&#8220;Syst\u00e8me U&#8221; se d\u00e9barrasse des substances dangereuses (Baptiste Gaborit; son du 27 janvier) : https:\/\/www.radioclassique.fr\/radio\/emissions\/matinale-de-radio-classique\/3-minutes-planete\/<\/p>\n<p>-Les explications d&#8217;Alt\u00e9o sur les boues rouges (Violaine de la Bigne; son) : http:\/\/www.sudradio.fr\/Podcasts\/Quelle-epoque-ethique\/Mise-au-point-Alteo-boues-rouges<\/p>\n<p>-Airbnb, les r\u00e8gles sont-elles appliqu\u00e9es \u00e0 Paris ? (son) : http:\/\/www.sudradio.fr\/Podcasts\/Les-reportages-de-la-matinee\/Airbnb-Les-regles-sont-elles-appliques-a-Paris<\/p>\n<p><strong>-A Belleville, on se mobilise contre le racisme anti-Chinois (Claire Chaudi\u00e8re; son) : <\/strong> https:\/\/www.franceinter.fr\/emissions\/grand-angle\/grand-angle-27-janvier-2017<\/p>\n<p><strong>-&#8220;Denain, entre pauvret\u00e9 et sentiment d&#8217;oubli&#8221; (vid\u00e9o) : <\/strong> http:\/\/www.francetvinfo.fr\/politique\/front-national\/economie-denain-entre-pauvrete-et-sentiment-d-oubli_2039299.html<\/p>\n<p><em>-Les Fran\u00e7ais, le travail et les start-up (IFOP) :<\/em><br \/>\nhttp:\/\/www.ifop.com\/?option=com_publication&#038;type=poll&#038;id=3627<\/p>\n<p><em>-Les salari\u00e9s fran\u00e7ais \u00e0 l&#8217;heure du digital (SOFRES)<\/em> : http:\/\/www.tns-sofres.com\/publications\/les-salaries-francais-a-l-ere-du-digital<\/p>\n<p><em>-Quelles perspectives pour le e-commerce en 2017 ? (CSA) : <\/em> https:\/\/www.csa.eu\/fr\/survey\/quelles-perspectives-pour-le-e-commerce-en-2017<\/p>\n<p>-A la prison de Mont-de-Marsan dans les Landes, le choix a \u00e9t\u00e9 fait de laisser la cl\u00e9 de leur cellule aux d\u00e9tenus (vid\u00e9o) : http:\/\/www.francetvinfo.fr\/economie\/emploi\/metiers\/droit-et-justice\/landes-les-detenus-ont-la-clef-de-leur-cellule_2038539.html<\/p>\n<p><strong>POLITIQUE<\/strong><\/p>\n<p><strong>-&#8220;J&#8217;ai regard\u00e9 avec consternation les explications de Fran\u00e7ois Fillon. Ce devrait \u00eatre le bons sens, quand on est parlementaire, de ne pas embaucher sa famille. S&#8217;il d\u00e9cide d&#8217;aller au bout de l&#8217;\u00e9lection, les Fran\u00e7ais d\u00e9cideront la mani\u00e8re dont ils jugent cette affaire.  Avec la dynamique dans la campagne de Jean-Luc M\u00e9lenchon que nous soutenons, avec les initiatives que nous prenons, avec ce qui se passe du c\u00f4t\u00e9 de Beno\u00eet Hamon, il y a un grand d\u00e9sir du retour \u00e0 une politique de gauche. Ce que je souhaite, c&#8217;est d&#8217;abord que les convergences de projets puissent s&#8217;affirmer dans le d\u00e9bat public&#8221; (Pierre Laurent, invit\u00e9 de la matinale de Franceinfo; vid\u00e9o) : <\/strong> http:\/\/www.dailymotion.com\/video\/x59u5c7_polemique-penelope-fillon-pour-pierre-laurent-les-francais-decideront-la-maniere-dont-ils-jugent-l-a_news<\/p>\n<p><strong>-La Revue n\u00b0 15 de Jean-Luc M\u00e9lenchon (vid\u00e9o) :<\/strong> https:\/\/www.youtube.com\/watch?v=wRWG8RdT4fU<\/p>\n<p>-&#8220;Le fant\u00f4me du capitalisme&#8221; (Maurice Ulrich de &#8220;L&#8217;Humanit\u00e9&#8221;; vid\u00e9o) : https:\/\/www.youtube.com\/watch?v=zDVYyUJcRHI<\/p>\n<p>-Le n\u00b0 312 de &#8220;Cerises&#8221; : http:\/\/www.cerisesenligne.fr\/file\/archive\/cerises-312.pdf<\/p>\n<p>-Le meeting de Montreuil (93) de Beno\u00eet Hamon (vid\u00e9o int\u00e9grale) : https:\/\/www.youtube.com\/watch?v=pq6Oz90losQ<\/p>\n<p><strong>-Il admet des votes en sa faveur &#8220;par rejet du quinquennat&#8221; (face \u00e0 Elizabeth Martichoux sur RTL; vid\u00e9os)<\/strong> : http:\/\/www.rtl.fr\/actu\/politique\/affaire-penelope-fillon-ces-pratiques-doivent-etre-interdites-estime-hamon-7786945957<\/p>\n<p>-Son porte-parole, Alexis Bachelay, d\u00e9put\u00e9 PS des Hauts-de-Seine, dit &#8220;recevoir des menaces de mort sur les r\u00e9seaux sociaux&#8221; (vid\u00e9o) : http:\/\/www.lcp.fr\/la-politique-en-video\/polemique-valls-fourest-alexis-bachelay-dit-recevoir-des-menaces-de-mort-sur<\/p>\n<p>-Il \u00e9tait l&#8217;invit\u00e9 de &#8220;Politique matin&#8221; sur LCP (vid\u00e9o, amener la curseur sur 7:11 puis sur 14:00) :  http:\/\/www.lcp.fr\/la-politique-en-video\/bayrou-continue-de-faire-planer-le-doute-sur-sa-candidature-en-2017<\/p>\n<p><em>-Les salari\u00e9s et les mesures prises pendant le quinquennat (BVA) : <\/em> http:\/\/www.bva.fr\/fr\/sondages\/les_salaries_et_les_mesures_prises_pendant_le_quinquennat_notoriete_et_bilan.html<\/p>\n<p>-&#8220;Manuel Valls est mal plac\u00e9 pour donner des le\u00e7ons. On attend toujours le chiffrage de son programme. Beno\u00eet Hamon donnera des gages  tr\u00e8s forts de rassemblement&#8221; (son porte-parole, R\u00e9gis Juanico, d\u00e9put\u00e9 PS de la Loire; invit\u00e9 de &#8220;Territoires d&#8217;Infos&#8221;; vid\u00e9o) : https:\/\/www.dailymotion.com\/video\/x59u549_invite-regis-juanico-territoires-d-infos-le-best-of-27-01-2017_tv<\/p>\n<p>-&#8220;Jean-Luc M\u00e9lenchon ferme la porte \u00e0 Beno\u00eet Hamon&#8221; (Christophe Barbier; vid\u00e9o) : http:\/\/www.bfmtv.com\/mediaplayer\/video\/l-edito-de-christophe-barbier-primaire-de-la-gauche-jean-luc-melenchon-ferme-la-porte-a-benoit-hamon-907803.html<\/p>\n<p>-Manuel Valls \u00e0 Alforville (94; vid\u00e9o) : https:\/\/www.youtube.com\/watch?v=TRt98t64op0<\/p>\n<p><strong>-Il \u00e9tait l&#8217;invit\u00e9 de Jean-Jacques Bourdin sur BFMTV et a pr\u00e9cis\u00e9 qu&#8217;il ne soutiendrait pas le programme de Beno\u00eet Hamon si ce dernier l&#8217;emporte (vid\u00e9o) :<\/strong> http:\/\/www.bfmtv.com\/mediaplayer\/video\/manuel-valls-face-a-jean-jacques-bourdin-en-direct-907827.html<\/p>\n<p>-&#8220;Il y a surtout ceux qui n&#8217;ont pas vot\u00e9 au premier tour. On verra qui sortira dimanche. Le sectarisme am\u00e8ne la droite au pouvoir. A l&#8217;Assembl\u00e9e nationale, Andr\u00e9 Chassaigne cache sa joie (par rapport au soutien \u00e0 Jean-Luc M\u00e9lenchon)&#8221; (Philippe Doucet, d\u00e9put\u00e9 PS du Val-d&#8217;Oise, porte-parole de Manuel Valls; face \u00e0 Juliette Rengeval; vid\u00e9o) : http:\/\/www.rfi.fr\/video\/20170127-philippe-doucet-porte-parole-manuel-valls-on-verra-sortira-dimanche<\/p>\n<p><strong>&#8220;Quand Fran\u00e7ois Fillon appelle les Fran\u00e7ais \u00e0 faire des sacrifices, il faut qu&#8217;il se l&#8217;applique \u00e0 lui m\u00eame. Ne pas donner le sentiment que les politiques b\u00e9n\u00e9ficient de droits que n&#8217;ont pas les autres. Si c&#8217;est l\u00e9gal, pourquoi ce secret ? (S\u00e9gol\u00e8ne Royal, qui ne votera pas au second tour, retenue par ses obligations internationales de ministre et qui laisse entendre qu&#8217;elle a vot\u00e9 Hamon au premier tour; face \u00e0 Jeff Wittenberg; vid\u00e9o) : <\/strong> http:\/\/www.france2.fr\/emissions\/telematin\/actu\/les-4-verites-segolene-royal_549545<\/p>\n<p>-&#8220;L&#8217;argument de la misogynie ne tient pas. Si M. Fillon \u00e9tait mari\u00e9 avec un homme, les m\u00eames questions seraient pos\u00e9es. \u00c7a fait trente ans qu&#8217;on dit que le PS est mort &#8221; (la ministre de la Famille Laurence Rossignol, invit\u00e9e d&#8217;Audrey Crespo-Mara; vid\u00e9o) : http:\/\/www.lci.fr\/replay\/replay-l-invitee-politique-du-27-janvier-2017-laurence-rossignol-2023725.html<\/p>\n<p>-&#8220;L&#8217;arithm\u00e9tique et la dynamique sont du c\u00f4t\u00e9 de Beno\u00eet Hamon&#8221; (Bernard Sanan\u00e8s, de l&#8217;Institut ELABE et Pascal Cherki, son porte-parole; son du 27 janvier) : https:\/\/www.radioclassique.fr\/radio\/emissions\/matinale-de-radio-classique\/l-invite-du-matin\/<\/p>\n<p>-Le num\u00e9ro 832 de &#8220;ReSPUBLICA&#8221; : http:\/\/respu.gaucherepublicaine.org\/nl\/ki7\/lptl6.html?a<\/p>\n<p>-&#8220;Les primaires sont-elles des broyeuses de candidats ?&#8221; (Thomas Legrand; son) : https:\/\/www.franceinter.fr\/emissions\/l-edito-politique\/l-edito-politique-27-janvier-2017<\/p>\n<p>-&#8220;Le PS divis\u00e9 \u00e0 la veille du second tour&#8221; (Catherine Demangeat; vid\u00e9o) : http:\/\/www.francetvinfo.fr\/politique\/ps\/primaire-a-gauche\/primaire-de-la-gauche-le-ps-divise-a-la-veille-du-second-tour_2039335.html<\/p>\n<p>-&#8220;Le syst\u00e8me socialiste va se mettre en marche vers Macron&#8221; (l&#8217;eurod\u00e9put\u00e9e MoDem Marielle de Sarnez; vid\u00e9o) : http:\/\/www.lcp.fr\/la-politique-en-video\/de-sarnez-modem-le-systeme-socialiste-va-se-mettre-en-marche-vers-macron<\/p>\n<p>&#8220;Ma probit\u00e9 est enti\u00e8re&#8221; (Emmanuel Macron; vid\u00e9o) :                                https:\/\/www.youtube.com\/watch?v=p7qiOgZBKq8<\/p>\n<p>-&#8220;Fran\u00e7ois Bayrou continue \u00e0 faire planer le doute sur sa candidature&#8221; (Rym Ben Ameur; vid\u00e9o) : http:\/\/www.lcp.fr\/la-politique-en-video\/bayrou-continue-de-faire-planer-le-doute-sur-sa-candidature-en-2017<\/p>\n<p>-&#8220;Je n&#8217;ai aucun doute sur l&#8217;int\u00e9grit\u00e9 de Fran\u00e7ois Fillon&#8221; (NKM, interrog\u00e9e par Fabien Namias; vid\u00e9o) : http:\/\/www.europe1.fr\/emissions\/linterview-politique-de-8h20\/nathalie-kosciusko-morizet-je-nai-aucun-doute-sur-lintegrite-de-francois-fillon-2962172<\/p>\n<p>-&#8220;Pour l&#8217;affaire Fillon, les Fran\u00e7ais sont surpris et hier sur TF1, ils ont appris qu&#8217;il faisait aussi travailler ses enfants. La victoire de Beno\u00eet Hamon fait exploser le Parti socialiste&#8221; (Maurice Szafran; vid\u00e9o) : https:\/\/www.dailymotion.com\/video\/x59tvpm_la-victoire-de-benoit-hamon-fait-exploser-le-parti-socialiste-maurice-szafran-27-01-2017_news<\/p>\n<p>-&#8220;Fillon sur TF1, un exercice de v\u00e9rit\u00e9 alternative&#8221; (Jonathan Bouchet-Petersen) : http:\/\/www.liberation.fr\/elections-presidentielle-legislatives-2017\/2017\/01\/27\/fillon-sur-tf1-un-exercice-de-verite-alternative_1544359?xtor<\/p>\n<p>-&#8220;Il n&#8217;a pas lev\u00e9 les doutes. C&#8217;est la justice qui le fera&#8221; (Alba Ventura; son) : http:\/\/www.rtl.fr\/actu\/politique\/affaire-penelope-fillon-francois-fillon-n-a-pas-leve-le-doute-la-justice-le-fera-selon-alba-ventura-7786945699<\/p>\n<p>-&#8220;Fran\u00e7ois Fillon, le candidat de l&#8217;honn\u00eatet\u00e9, touch\u00e9 en plein coeur&#8221; (Alexandre Lemari\u00e9) : http:\/\/www.lemonde.fr\/election-presidentielle-2017\/article\/2017\/01\/27\/fillon-le-candidat-de-l-honnetete-touche-en-plein-c-ur_5069865_4854003.html#<\/p>\n<p><strong>-&#8220;L&#8217;affaire P\u00e9n\u00e9lope&#8221; \u00e0 &#8220;C dans l&#8217;air&#8221;, \u00e9mission anim\u00e9e par Caroline Roux (vid\u00e9o) :<\/strong> http:\/\/www.france5.fr\/emissions\/c-dans-l-air\/videos\/fillon_laffaire_penelope_25-01-2017_1467489<\/p>\n<p>-&#8220;Seul Fran\u00e7ois Fillon pouvait s&#8217;expliquer. Il la fait avec un m\u00e9lange d&#8217;\u00e9motion et d&#8217;indignation. Il est dans l&#8217;obligation de montrer \u00e0 ses troupes qu&#8217;il tient bon&#8221; (Guillaume Tabard du &#8220;Figaro&#8221;; son du 27 janvier) : https:\/\/www.radioclassique.fr\/radio\/emissions\/matinale-de-radio-classique\/22630-2\/<\/p>\n<p>-&#8220;Sa communication de crise est assez flottante mais il y a le temps pour redresser. Son image d&#8217;homme honn\u00eate est entach\u00e9e&#8221; (Fr\u00e9d\u00e9ric Saint-Clair, auteur de &#8220;La refondation de la droite&#8221;; son) : http:\/\/www.sudradio.fr\/Podcasts\/L-invite-pour-comprendre\/Frederic-Saint-Clair-auteur-de-La-refondation-de-la-droite<\/p>\n<p><em>-Sa cote de popularit\u00e9 d\u00e9gringole (ODOXA) : <\/em> http:\/\/www.odoxa.fr\/sondage\/effondrement-de-popularite-de-francois-fillon\/<\/p>\n<p>-&#8220;Ce qu&#8217;il faut, c&#8217;est rassurer sur les atouts de la France dans le monde&#8221; (Mich\u00e8le Alliot-Marie, candidate LR \u00e0 l&#8217;\u00e9lection pr\u00e9sidentielle; face \u00e0 Renaud Blanc; vid\u00e9o) : https:\/\/www.dailymotion.com\/video\/x59tuwi_ce-qu-il-faut-c-est-rassurer-sur-les-atouts-de-la-france-dans-le-monde-michele-alliot-marie-27-01-2_news<\/p>\n<p>-Marine Le Pen, op\u00e9ration s\u00e9duction en direction des seniors (Jean-Baptiste Marteau; vid\u00e9o) : http:\/\/www.francetvinfo.fr\/politique\/front-national\/marine-le-pen-la-candidate-fn-entre-en-operation-seduction-aupres-des-seniors_2039297.html<\/p>\n<p>-&#8220;Je suis un accident qui se vit bien&#8221; (Marion-Mar\u00e9chal Le Pen, d\u00e9put\u00e9e FN du Vaucluse; vid\u00e9o) : http:\/\/www.lcp.fr\/la-politique-en-video\/marion-marechal-le-pen-sur-sa-naissance-je-suis-un-accident-qui-se-vit-bien<\/p>\n<p>-&#8220;La pr\u00e9sidentielle de toutes les incertitudes&#8221; (Yves Thr\u00e9ard du &#8220;Figaro) : http:\/\/www.europe1.fr\/emissions\/ledito-politique-dyves-threard\/la-presidentielle-de-toutes-les-incertitudes-2962082<\/p>\n<p><strong>EUROPE-MONDE<\/strong><\/p>\n<p><strong>-&#8220;La Commission europ\u00e9enne offre 200 millions d&#8217;euros \u00e0 la Libye pour qu&#8217;elle freine l&#8217;immigration&#8221; <\/strong> : http:\/\/www.euractiv.fr\/section\/l-europe-dans-le-monde\/news\/donald-trump-recoit-theresa-may-pour-esquisser-les-relations-post-brexit\/?nl_ref=29866273<\/p>\n<p>-&#8220;Apr\u00e8s avoir perdu celui du Parlement, les socialistes lorgnent le poste de Tusk, pr\u00e9sident du Conseil europ\u00e9en&#8221; : http:\/\/www.euractiv.fr\/section\/politique\/news\/eu-socialists-eye-tusks-job-after-losing-european-parliament-presidency\/?nl_ref=29866273<\/p>\n<p><strong>-La Belgique et les Pays-Bas veulent contrecarrer le d\u00e9cret anti-avortement de Donald Trump (Georgi Gotev) <\/strong> : http:\/\/www.euractiv.fr\/section\/l-europe-dans-le-monde\/news\/eu-silent-over-trumps-funding-ban-for-family-planning-abroad\/?nl_ref=29866273<\/p>\n<p>-Le ministre de la Justice n\u00e9erlandais, mis en cause dans un scandale politique, d\u00e9missionne : http:\/\/www.lemonde.fr\/europe\/article\/2017\/01\/27\/demission-du-ministre-de-la-justice-neerlandais-mis-en-cause-dans-un-scandale-politique_5069799_3214.html<\/p>\n<p>-Le premier ministre espagnol Mariano Rajoy craint qu&#8217;une victoire du FN en France ne &#8220;d\u00e9truise&#8221; l&#8217;Europe (cit\u00e9 par Jorge Valero) : http:\/\/www.euractiv.fr\/section\/euro-finances\/news\/rajoy-warns-le-pen-victory-would-destroy-europe\/?nl_ref=29866273<\/p>\n<p><strong>-Arriv\u00e9e en janvier 2016, la nouvelle dirigeante de Volkswagen d\u00e9missionne (Thibaut Madelin) :<\/strong> http:\/\/www.lesechos.fr\/industrie-services\/automobile\/0211734259602-la-femme-qui-devait-redonner-une-conscience-a-volkswagen-jette-leponge-2060361.php<\/p>\n<p>-&#8220;La contrebande de tabac a co\u00fbt\u00e9 11,3 milliards d&#8217;euros aux \u00e9tats  membres&#8221; (l&#8217;eurod\u00e9put\u00e9 tch\u00e8que du PPE Tomas Zdechovsky; propos recueillis par Sarantis Michalopoulos) :                  http:\/\/www.euractiv.fr\/section\/l-europe-dans-le-monde\/interview\/czech-mep-eu-should-pressure-belarus-over-illicit-tobacco-trade\/?nl_ref=29866273<\/p>\n<p>-&#8220;Le FMI pr\u00e9tend pr\u00f4ner une politique budg\u00e9taire neutre dans la zone euro&#8221; :  http:\/\/www.euractiv.fr\/section\/euro-finances\/news\/le-fmi-dit-proner-une-politique-budgetaire-neutre-en-zone-euro\/?nl_ref=29866273<\/p>\n<p><strong>-En Russie, &#8220;les violences domestiques d\u00e9p\u00e9nalis\u00e9es au nom des traditions nationales&#8221; (Veronika Dorman):<\/strong> http:\/\/www.liberation.fr\/planete\/2017\/01\/26\/en-russie-les-violences-domestiques-depenalisees-au-nom-des-traditions-nationales_1544267?xtor<\/p>\n<p>-Avec la F\u00e9d\u00e9ration Internationale des Droits de l&#8217;Homme, des juristes am\u00e9ricains militent contre la r\u00e9habilitation de la torture (Hala Kodmani) : http:\/\/www.liberation.fr\/planete\/2017\/01\/26\/le-sadisme-affiche-par-donald-trump-marche-aupres-des-americains_1544261?xtor<\/p>\n<p>-&#8220;Donald Trump re\u00e7oit Theresa May pour esquisser les relations post-Brexit&#8221; : http:\/\/www.euractiv.fr\/section\/l-europe-dans-le-monde\/news\/donald-trump-recoit-theresa-may-pour-esquisser-les-relations-post-brexit\/?nl_ref=29866273<\/p>\n<p>-Avec la Russie, &#8220;coop\u00e9rez mais prenez garde&#8221; a-t-elle dit aux R\u00e9publicains \u00e0 Philadelphie : http:\/\/www.lemonde.fr\/international\/article\/2017\/01\/27\/en-visite-aux-etats-unis-theresa-may-met-en-garde-contre-poutine_5069806_3210.html<\/p>\n<p>-Le maire de Miami va se plier aux sanctions de Donald Trump concernant l&#8217;accueil de clandestins : http:\/\/www.lemonde.fr\/ameriques\/article\/2017\/01\/27\/le-maire-de-miami-va-se-plier-aux-demandes-federales-de-detention-de-sans-papiers_5069824_3222.html<\/p>\n<p><strong>-Il poursuit son offensive contre les musulmans (vid\u00e9o) : <\/strong> http:\/\/www.francetvinfo.fr\/monde\/usa\/presidentielle\/donald-trump\/etats-unis-trump-poursuit-ses-mesures-anti-immigration_2038661.html<\/p>\n<p>-Le mur de la discorde avec le Mexique (vid\u00e9o) :<br \/>\nhttp:\/\/www.francetvinfo.fr\/monde\/usa\/presidentielle\/donald-trump\/donald-trump-le-mur-de-la-discorde-avec-le-mexique_2039323.html<\/p>\n<p><strong>CULTURE-MEDIAS<\/strong><\/p>\n<p><strong>-&#8220;La nuit des id\u00e9es&#8221; pr\u00e9sent\u00e9e par le philosophe Mathieu Potte-Bonneville, invit\u00e9 d&#8217;Ali Baddou (vid\u00e9o) : <\/strong> https:\/\/www.franceinter.fr\/emissions\/l-invite-d-ali-baddou\/l-invite-d-ali-baddou-27-janvier-2017<\/p>\n<p><strong>-Le professeur de m\u00e9decine Jean-Fran\u00e7ois Delfraissy, nouveau pr\u00e9sident du Comit\u00e9 consultatif national d&#8217;\u00e9thique, \u00e9tait l&#8217;invit\u00e9 de la matinale de France Inter (vid\u00e9os) :  <\/strong>    http:\/\/www.dailymotion.com\/video\/x59tnk5_jean-francois-delfraissy-un-avis-sur-la-pma-au-printemps-2017_news                                                                        http:\/\/www.dailymotion.com\/video\/x59tp8t_jean-francois-delfraissy-la-question-de-la-fin-de-vie-revue-en-2018_news <\/p>\n<p><strong>-Le philosophe Edgar Morin \u00e9tait l&#8217;invit\u00e9 de Claire Servajean (son) : <\/strong> https:\/\/www.franceinter.fr\/emissions\/une-semaine-en-france\/une-semaine-en-france-27-janvier-2017<\/p>\n<p>-&#8220;Aujourd&#8217;hui, notre politique culturelle, c&#8217;est une politique d&#8217;assignation \u00e0 r\u00e9sidence&#8221; (Emmanuel Macron, interrog\u00e9 par Zo\u00e9 Sfez; son) : https:\/\/www.franceculture.fr\/emissions\/le-journal-de-la-culture\/emmanuel-macron-aujourdhui-notre-politique-culturelle-cest-une#xtor<\/p>\n<p>-&#8220;Je veux cr\u00e9er un pass culturel, tous les jeunes \u00e0 18 ans, auront 500 euros&#8221; (Eric Chaverou) : https:\/\/www.franceculture.fr\/politique\/emmanuel-macron-je-veux-creer-un-pass-culturel-tous-les-jeunes-18-ans-auront-500-euros#xto<\/p>\n<p><strong>-&#8220;Mes propositions pour la Culture&#8221; (Emmanuel Macron, re\u00e7u par Guillaume Erner, sons)<\/strong> : https:\/\/www.franceculture.fr\/emissions\/linvite-des-matins\/emmanuel-macron-mes-propositions-pour-la-culture                                                     https:\/\/www.franceculture.fr\/emissions\/linvite-des-matins-2eme-partie\/emmanuel-macron-mes-propositions-pour-la-culture-2eme<\/p>\n<p><strong>-&#8220;Moolight&#8221;de Barry Jenkins, &#8220;un film lumineux&#8221; favori pour l&#8217;Oscar (vid\u00e9o) : <\/strong> http:\/\/www.france5.fr\/emissions\/entree-libre\/videos\/_moonlight_film_lumineux_26-01-2017_1468567?onglet=tous&#038;page=1<\/p>\n<p>-Des animaux chantants dans le film d&#8217;animation &#8220;Tous en sc\u00e8ne&#8221; (vid\u00e9o) : http:\/\/www.france5.fr\/emissions\/entree-libre\/videos\/_tous_en_scene__25-01-2017_1467461?onglet=tous&#038;page=1<\/p>\n<p>-&#8220;Bardot, le double je&#8221; chez Claire Chazal dans &#8220;Entr\u00e9e libre&#8221; (vid\u00e9o) : http:\/\/www.france5.fr\/emissions\/entree-libre\/videos\/bardot_le_double_je__26-01-2017_1468557?onglet=tous&#038;page=1<\/p>\n<p>-L&#8217;acteur am\u00e9ricain Mike Connors, interpr\u00eate de Mannix, est mort (Jacky Bornet; vid\u00e9o) : http:\/\/culturebox.francetvinfo.fr\/cinema\/stars\/l-acteur-americain-mike-connors-interprete-de-mannix-est-mort-251861<\/p>\n<p><strong>-&#8220;Dans la t\u00eate du guitariste Thibault Cauvin&#8221; (vid\u00e9o) : <\/strong> http:\/\/www.france5.fr\/emissions\/entree-libre\/videos\/dans_la_tete_de_thibault_cauvin__26-01-2017_1468561?onglet=tous&#038;page=1<\/p>\n<p>-NoJazz dans &#8220;C&#8217;mon talk&#8221; (vid\u00e9o) : http:\/\/www.rfi.fr\/video\/20170127-nojazz-talk-bande-passante-rfi<\/p>\n<p><strong>-&#8220;My Generation&#8221; des Who (Rebecca Manzoni; vid\u00e9o) : <\/strong> https:\/\/www.franceinter.fr\/emissions\/tubes-co\/tubes-co-27-janvier-2017<\/p>\n<p>-Fiona Walden, la r\u00e9v\u00e9lation pop electro-western (vid\u00e9o) : http:\/\/www.francetvinfo.fr\/culture\/musique\/musique-fiona-walden-la-revelation-pop-electro-western_2039351.html<\/p>\n<p><strong>-Les priorit\u00e9s de Radio France (le PDG Mathieu Gallet, interrog\u00e9 par Olivier Harmant; vid\u00e9o) <\/strong> : https:\/\/videos.lesechos.fr\/lesechos\/invite-des-echos\/numerique-audiences-reseaux-sociaux-les-priorites-de-radio-france\/88fpxz<\/p>\n<p>-&#8220;Les gens n&#8217;en peuvent plus de ne pas avoir Internet par manque de couverture par le haut d\u00e9bit. Bouygues Telecom investit un peu moins de un milliard d&#8217;euros dans les r\u00e9seaux&#8221; (Didier Casas, son directeur adjoint, interrog\u00e9 par Fabienne Schmitt; vid\u00e9o) : https:\/\/videos.lesechos.fr\/lesechos\/invite-des-echos\/linvite-des-echos-didier-casas-directeur-general-adjoint-de-bouygues-telecom\/88pupm<\/p>\n<p>-Marc Ladreit de Lacharri\u00e8re, patron de &#8220;La Revue des deux mondes&#8221; et \u00e0 ce titre employeur occasionnel de P\u00e9n\u00e9lope Fillon, est \u00e0 la t\u00eate d&#8217;un empire (Marc Baudriller; son du 27 janvier) :   https:\/\/www.radioclassique.fr\/radio\/emissions\/matinale-de-radio-classique\/la-vie-des-medias\/<\/p>\n<p><strong>-La chanson de Fr\u00e9d\u00e9ric Fromet (vid\u00e9o) : <\/strong> http:\/\/www.dailymotion.com\/video\/x59vff5_femme-de-francois-fillon-la-chanson-de-frederic-fromet_fun<\/p>\n<p>&#8220;Sur le march\u00e9 d&#8217;Angoul\u00eame&#8221; (Guillaume Meurisse; vid\u00e9o) : http:\/\/www.dailymotion.com\/video\/x59ve1b_sur-le-marche-d-angouleme-le-moment-meurice_fun<\/p>\n<p><strong>-&#8220;Gloire \u00e0 P\u00e9n\u00e9lope&#8221; (Fran\u00e7ois Morel; son) : <\/strong> http:\/\/www.dailymotion.com\/video\/x59u9m2_gloire-a-penelope-le-billet-de-francois-morel_fun<\/p>\n","protected":false},"excerpt":{"rendered":"<p>ACTUALITE -Les dentistes ont manifest\u00e9 contre le plafonnement de leurs tarifs (vid\u00e9o) : http:\/\/www.francetvinfo.fr\/france\/sante-les-dentistes-manifestent-contre-le-plafonnement-de-leurs-tarifs_2039343.html -&#8220;En France, on a une grande passion de l&#8217;Etat actionnaire&#8221; (David Azema, vice-pr\u00e9sident de l&#8217;Institut Montaigne, face \u00e0 Nicolas Pierron; vid\u00e9o) : https:\/\/www.dailymotion.com\/video\/x59tu9a_en-france-on-a-une-passion-de-l-etat-actionnaire-david-azema-27-01-2017_news -&#8220;Syst\u00e8me U&#8221; se d\u00e9barrasse des substances dangereuses (Baptiste Gaborit; son du 27 janvier) : https:\/\/www.radioclassique.fr\/radio\/emissions\/matinale-de-radio-classique\/3-minutes-planete\/ -Les explications d&#8217;Alt\u00e9o [&hellip;]<\/p>\n","protected":false},"author":1042,"featured_media":0,"comment_status":"open","ping_status":"open","sticky":false,"template":"","format":"standard","meta":{"_themeisle_gutenberg_block_has_review":false,"footnotes":""},"categories":[151],"tags":[],"class_list":["post-10146","post","type-post","status-publish","format-standard","hentry","category-la-revue-de-presse-de-lulu"],"_links":{"self":[{"href":"https:\/\/archives.regards.fr\/index.php?rest_route=\/wp\/v2\/posts\/10146","targetHints":{"allow":["GET"]}}],"collection":[{"href":"https:\/\/archives.regards.fr\/index.php?rest_route=\/wp\/v2\/posts"}],"about":[{"href":"https:\/\/archives.regards.fr\/index.php?rest_route=\/wp\/v2\/types\/post"}],"author":[{"embeddable":true,"href":"https:\/\/archives.regards.fr\/index.php?rest_route=\/wp\/v2\/users\/1042"}],"replies":[{"embeddable":true,"href":"https:\/\/archives.regards.fr\/index.php?rest_route=%2Fwp%2Fv2%2Fcomments&post=10146"}],"version-history":[{"count":0,"href":"https:\/\/archives.regards.fr\/index.php?rest_route=\/wp\/v2\/posts\/10146\/revisions"}],"wp:attachment":[{"href":"https:\/\/archives.regards.fr\/index.php?rest_route=%2Fwp%2Fv2%2Fmedia&parent=10146"}],"wp:term":[{"taxonomy":"category","embeddable":true,"href":"https:\/\/archives.regards.fr\/index.php?rest_route=%2Fwp%2Fv2%2Fcategories&post=10146"},{"taxonomy":"post_tag","embeddable":true,"href":"https:\/\/archives.regards.fr\/index.php?rest_route=%2Fwp%2Fv2%2Ftags&post=10146"}],"curies":[{"name":"wp","href":"https:\/\/api.w.org\/{rel}","templated":true}]}}