{"id":10144,"date":"2017-01-27T07:19:39","date_gmt":"2017-01-27T06:19:39","guid":{"rendered":"https:\/\/wp.muchomaas.com\/article-la-revue-du-27-janvier-2017\/"},"modified":"2017-01-27T07:19:39","modified_gmt":"2017-01-27T06:19:39","slug":"article-la-revue-du-27-janvier-2017","status":"publish","type":"post","link":"https:\/\/archives.regards.fr\/?p=10144","title":{"rendered":"La Revue du 27 janvier 2017"},"content":{"rendered":"<p>ACTUALITE<\/p>\n<p>-&#8220;A Amiens, rien ne va plus&#8221; (son) : http:\/\/www.sudradio.fr\/Podcasts\/Les-reportages-de-la-matinee\/Amiens-rien-ne-va-plus<\/p>\n<p>-La mobilisation des producteurs de lait apr\u00e8s la multiplication des suicides (Boris Gondoin, pr\u00e9sident de l&#8217;Apli; son) : http:\/\/www.sudradio.fr\/Podcasts\/L-invite-pour-comprendre\/Boris-Gondouin-president-de-l-APLI<\/p>\n<p>-Le m\u00e9contentement des pharmaciens d&#8217;officines (Gilles Bonnefont, du syndicat de pharmaciens Uspo; interrog\u00e9 par Nicolas Pierron; son du 26 janvier) : https:\/\/www.radioclassique.fr\/radio\/emissions\/matinale-de-radio-classique\/l-invite-de-l-economie\/<\/p>\n<p>-&#8220;On est en train de dispara\u00eetre petit \u00e0 petit des endroits recul\u00e9s &#8221; (vid\u00e9o) : http:\/\/rmc.bfmtv.com\/mediaplayer\/video\/greve-des-pharmaciens-on-est-en-train-de-disparaitre-petit-a-petit-des-endroits-recules-907369.html<\/p>\n<p>-&#8220;Le solaire est de plus en plus rentable&#8221; (vid\u00e9o) : http:\/\/www.francetvinfo.fr\/meteo\/climat\/cop21\/en-gironde-le-soleil-produit-aussi-de-l-electricite_2036871.html<\/p>\n<p>-En Aquitaine, on compte aussi sur le bois (vid\u00e9o) : http:\/\/www.francetvinfo.fr\/monde\/environnement\/energies-alternatives-une-solution-economique-et-rentable_2035933.html<\/p>\n<p>-Des perturbateurs endocriniens dans l&#8217;eau (Violaine de La Bigne; son) : http:\/\/www.sudradio.fr\/Podcasts\/Quelle-epoque-ethique\/Perturbateurs-endocriniens2<\/p>\n<p>-Quand des cadres se reconvertissent dans l&#8217;artisanat (vid\u00e9o) : http:\/\/www.francetvinfo.fr\/economie\/entreprises\/entreprises-quand-les-cadres-se-lancent-dans-l-artisanat_2035951.html<\/p>\n<p>-&#8220;On ne prend pas assez en compte le tourisme des s\u00e9niors&#8221; (Dominique Gobert, \u00e9ditorialiste \u00e0 TourMag; son) : http:\/\/www.sudradio.fr\/Podcasts\/L-invite-pour-comprendre\/Dominique-Gobert-editorialiste-a-TourMag2<\/p>\n<p>-Le long combat contre l&#8217;anorexie des mannequins (vid\u00e9o) : http:\/\/www.francetvinfo.fr\/sante\/maladie\/mode-le-lent-combat-contre-l-anorexie-des-mannequins_2035955.html<\/p>\n<p>-Francis Joyon r\u00e9alise un tour du monde \u00e0 la voile en 40 jours (vid\u00e9o) : http:\/\/www.francetvinfo.fr\/sports\/voile\/tour-du-monde-en-40-jours-l-exploit-de-francis-joyon_2037213.html<\/p>\n<p><strong>POLITIQUE<\/strong><\/p>\n<p><strong>-Jean-Luc M\u00e9lenchon \u00e9tait \u00e0 P\u00e9rigueux (vid\u00e9o) : <\/strong>https:\/\/www.youtube.com\/watch?v=0v6mcQVoRbs&#038;app=desktop<\/p>\n<p>-Sa nouvelle \u00e9mission (vid\u00e9o) :<br \/>\nhttps:\/\/youtu.be\/Gf8Z2VZMUD4<\/p>\n<p>-&#8220;On a assist\u00e9 \u00e0 un congr\u00e8s du parti socialiste \u00e0 ciel ouvert&#8221; (Eric Coquerel, coordinateur du Parti de gauche, face \u00e0 Arnaud Pontus; vid\u00e9o) : http:\/\/www.rfi.fr\/video\/20170126-eric-coquerel-debat-hamon-valls-on-assiste-congres-parti-socialiste-ciel-ouvert<\/p>\n<p><strong>-&#8220;Jaur\u00e8s disait qu&#8217;il faut partir du r\u00e9el pour aller \u00e0 l&#8217;id\u00e9al. La crise, c&#8217;est quand le vieux est mort et que le neuf ne peut pas na\u00eetre (Gramsci) &#8221; (Beno\u00eet Hamon face \u00e0 Jean-Jacques Bourdin; vid\u00e9o) :<\/strong> http:\/\/www.bfmtv.com\/mediaplayer\/video\/benoit-hamon-face-a-jean-jacques-bourdin-en-direct-907359.html<\/p>\n<p>-Ses r\u00e9ponses sur la dissuasion  nucl\u00e9aire nous inqui\u00e8tent&#8221; (Paul Quil\u00e8s) : http:\/\/paul.quiles.over-blog.com\/2017\/01\/quand-un-candidat-est-interroge-sur-la-dissuasion-nucleaire.html<\/p>\n<p>-&#8220;Si je suis \u00e9lu \u00e0 la primaire, il y aura un bulletin de vote &#8220;Hamon&#8221; en mai&#8221; (face \u00e0 Ruth Elkrief; vid\u00e9o) : http:\/\/www.bfmtv.com\/mediaplayer\/video\/benoit-hamon-si-je-suis-elu-a-la-primaire-il-y-aura-un-bulletin-de-vote-hamon-en-mai-906773.html<\/p>\n<p>-Il \u00e9tait l&#8217;invit\u00e9 du 20H de TF1 (vid\u00e9o) : http:\/\/www.lci.fr\/primaire-gauche\/jt20h-benoit-hamon-en-campagne-au-20h-de-tf1-2023686.html%3Ftype=content<\/p>\n<p><strong>-&#8220;Je pense en effet que ce d\u00e9bat \u00e9tait d\u00e9cisif. Les diff\u00e9rences  sont apparues. Moi, je veux que mes r\u00eaves, ceux des Fran\u00e7ais se r\u00e9alisent. L&#8217;illusion, puis les d\u00e9sillusions aggravent le foss\u00e9 avec les citoyens. Pour l&#8217;avenir de la gauche, je suis celui qu&#8217;il faut. J&#8217;exige que l&#8217;organisation de la primaire soit impeccable &#8221; (Manuel Valls, invit\u00e9 de Caroline Roux; vid\u00e9o) <\/strong> : http:\/\/www.francetvinfo.fr\/societe\/religion\/laicite\/4-verites-valls-avec-hamon-la-presidentielle-sera-difficile-pour-le-ps_2036879.html<\/p>\n<p>-&#8220;Il faut des explications rapides et particuli\u00e8rement claires de Fran\u00e7ois Fillon (face \u00e0 Fabien Namias; vid\u00e9o) : http:\/\/www.europe1.fr\/emissions\/linterview-politique-de-8h20\/manuel-valls-il-faut-des-explications-rapides-et-particulierement-claires-de-francois-fillon-2961203<\/p>\n<p>-&#8220;J&#8217;ai vu la possibilit\u00e9 du rassemblement et donc une esp\u00e9rance peut revenir&#8221; (Vincent Peillon, eurod\u00e9put\u00e9 PS, qui ne donnera pas de consigne de vote; invit\u00e9 de la matinale de France Inter; vid\u00e9o) : http:\/\/www.dailymotion.com\/video\/x59q0mj_primaire-de-la-gauche-vincent-peillon-convaincu-du-rassemblement-ne-donne-pas-de-consigne-de-vote_news<\/p>\n<p>-&#8220;Les deux ont fait un bon d\u00e9bat. On pouvait \u00eatre fiers d&#8217;\u00eatre socialiste. Ce n&#8217;est plus le d\u00e9bat pour quelqu&#8217;un qui va perdre&#8221; (Marylise Lebranchu, d\u00e9put\u00e9e PS du Finist\u00e8re; vid\u00e9o) : http:\/\/www.lci.fr\/replay\/replay-l-invite-politique-du-26-janvier-2016-marylise-lebranchu-2023567.html<\/p>\n<p>-&#8220;Le projet de Hamon n&#8217;est ni financ\u00e9 ni finan\u00e7able. Au 2e tour, les compteurs sont remis \u00e0 z\u00e9ro. Tout bonheur que la main n&#8217;\u00e9treint pas n&#8217;est qu&#8217;un songe&#8221; (Didier Guillaume, directeur de campagne de Manuel Valls, invit\u00e9 de &#8220;Territoires d&#8217;Infos&#8221;; vid\u00e9o) : http:\/\/www.dailymotion.com\/video\/x59q63k_invite-didier-guillaume-territoires-d-infos-le-best-of-26-01-2017_tv<\/p>\n<p>-&#8220;Le revenu universel, je vote pour&#8221; (Daniel Cohn-Bendit; son) : http:\/\/www.europe1.fr\/emissions\/l-humeur\/revenu-universel-dany-vote-pour-2961173<\/p>\n<p>-Caroline Fourest s&#8217;en prend violemment \u00e0 Beno\u00eet Hamon et son porte-parole Alexis Bachelay sur la la\u00efcit\u00e9. Elle \u00e9tait interrog\u00e9e par  Audray Crespo-Mara (vid\u00e9o) :                                    http:\/\/www.lci.fr\/primaire-gauche\/laicite-caroline-fourest-s-en-prend-violemment-a-benoit-hamon-et-alexis-bachelay-2023600.html<\/p>\n<p>-5,5 millions de t\u00e9l\u00e9spectateurs ont suivi le d\u00e9bat, 3 millions de moins que pour le face \u00e0 face Fillon\/Jupp\u00e9 (Thomas Joubert; vid\u00e9o):  http:\/\/www.europe1.fr\/emissions\/les-audiences\/debat-de-lentre-deux-tours-les-candidats-ont-ils-reuni-beaucoup-de-telespectateurs-2961281<\/p>\n<p>-&#8220;Beno\u00eet Hamon plus convainquant&#8221; (Christophe Barbier; vid\u00e9o) : http:\/\/www.bfmtv.com\/mediaplayer\/video\/l-edito-de-christophe-barbier-benoit-hamon-plus-convaincant-que-manuel-valls-lors-du-debat-907361.html<\/p>\n<p><strong>-&#8220;Cette primaire est \u00e9videmment loin de ce que nous avions propos\u00e9. On a fait une primaire croupion, con\u00e7ue pour Fran\u00e7ois Hollande qui s&#8217;est d\u00e9fil\u00e9&#8221; (le sociologue Michel Wieviorka, invit\u00e9 du &#8220;Club de la Presse&#8221; d&#8217;Europe 1; son, amener le curseur sur 22:26) <\/strong> : http:\/\/www.europe1.fr\/emissions\/le-club-de-la-presse\/europe-soir-le-club-de-la-presse-25012017-2960801<\/p>\n<p><strong>-&#8220;Il faudra r\u00e9duire la place du travail dans nos vies. Attention \u00e0 le faire bien&#8221; (la sociologue du travail Dominique M\u00e9da. Avec le pr\u00e9sident du Cercle des \u00e9conomistes Jean-Herv\u00e9 Lorenzi, ils \u00e9taient les invit\u00e9s de la matinale de France Inter (vid\u00e9o) : <\/strong> http:\/\/www.dailymotion.com\/video\/x59pron_dominique-meda-et-jean-herve-lorenzi-repondent-aux-questions-de-patrick-cohen_news<\/p>\n<p>-&#8220;Cette affaire (Fillon) concerne l&#8217;Assembl\u00e9e nationale et le Parquet financier qui sont ind\u00e9pendants du pouvoir. On a des d\u00e9clarations en p\u00e9riode \u00e9lectorale qui ne sont pas toutes frapp\u00e9es du sceau de la responsabilit\u00e9&#8221; (le secr\u00e9taire d&#8217;Etat Christian Eckert, qui soutient Manuel Valls; face \u00e0 Guillaume Durtand; son du 26 janvier) :  https:\/\/www.radioclassique.fr\/radio\/emissions\/matinale-de-radio-classique\/l-invite-du-matin\/<\/p>\n<p><strong>-&#8220;Je la d\u00e9fendrai, je l&#8217;aime&#8221; (Fran\u00e7ois Fillon au 20H de TF1; vid\u00e9o) : <\/strong> http:\/\/www.lci.fr\/politique\/video-je-la-defendrai-je-l-aime-francois-fillon-defend-sa-femme-au-20-heures-de-tf1-2023685.html%3Ftype=content<\/p>\n<p>-Les explications du magistrat \u00e0 la Cour d&#8217;appel de Paris Charles Prats, qui appelle \u00e0 la prudence; interrog\u00e9 par Dimitri Pavlenko (son) : http:\/\/www.sudradio.fr\/Podcasts\/L-invite-pour-comprendre\/Charles-Prats-Magistrat-a-la-cour-d-appel-de-Paris3<\/p>\n<p><strong>-Le parquet national financier a \u00e9t\u00e9 aussi rapide pour d&#8217;autres affaires (vid\u00e9o) : <\/strong> http:\/\/www.francetvinfo.fr\/economie\/emploi\/metiers\/droit-et-justice\/affaire-penelope-fillon-une-procedure-habituelle_2037183.html<\/p>\n<p><em>-&#8220;Les deux notes \u00e0 100 000 euros de P\u00e9n\u00e9lope Fillon pour &#8220;La Revue des deux mondes&#8221; (Delphine Legout\u00e9; documents) <\/em> : http:\/\/www.marianne.net\/voici-les-2-notes-100000eu-penelope-fillon-revue-deux-mondes-100249455.html<\/p>\n<p>-Philippe Gosselin, d\u00e9put\u00e9 LR de la Manche, reconna\u00eet n&#8217;avoir jamais vu  P\u00e9n\u00e9lope Fillon \u00e0 l&#8217;Assembl\u00e9e nationale (vid\u00e9o) : http:\/\/www.bfmtv.com\/mediaplayer\/video\/philippe-gosselin-lr-admet-n-avoir-jamais-vu-penelope-fillon-a-l-assemblee-nationale-907181.html<\/p>\n<p>-&#8220;On n&#8217;a jamais vu madame Fillon dans les couloirs de la mairie&#8221; (un ancien \u00e9lu de Sabl\u00e9-sur-Sarthe; vid\u00e9o) : http:\/\/www.bfmtv.com\/mediaplayer\/video\/on-n-a-jamais-vu-madame-fillon-dans-les-couloirs-de-la-mairie-affirme-un-ancien-elu-de-sable-sur-sarthe-907457.html<\/p>\n<p>-&#8220;L&#8217;avocat de Fillon va produire des pi\u00e8ces devant le procureur. Cet affaire fait pschitt&#8221; (Bruno Retailleau, coordinateur de la campagne de Fran\u00e7ois Fillon, face \u00e0 Thomas Sotto; vid\u00e9o) : http:\/\/www.europe1.fr\/emissions\/l-interview-verite\/emploi-fictif-de-penelope-fillon-cette-affaire-fera-pshitt-2961170<\/p>\n<p>-&#8220;C&#8217;est une affaire politique&#8221; (Val\u00e9rie P\u00e9cresse, pr\u00e9sidente LR de la r\u00e9gion Ile-de-France; face \u00e0 Elizabeth Martichoux; vid\u00e9o) : http:\/\/www.rtl.fr\/actu\/politique\/affaire-penelope-fillon-c-est-une-manoeuvre-politique-lance-pecresse-7786928194<\/p>\n<p>-&#8220;Il respecte la loi&#8221; (Thierry Sol\u00e8re, d\u00e9put\u00e9 LR des Hauts-de-Seine, invit\u00e9 du &#8220;Club de la Presse&#8221; d&#8217;Europe 1 (son) : http:\/\/www.europe1.fr\/emissions\/le-club-de-la-presse\/europe-soir-le-club-de-la-presse-25012017-2960801<\/p>\n<p>-&#8220;Comment peut-il se d\u00e9fendre ?&#8221; chez Ruth Elkrief, avec cet argument stup\u00e9fiant de G\u00e9rard Longuet, ancien ministre LR de la D\u00e9fense :&#8221;Il avait besoin dans son d\u00e9partement de quelqu&#8217;un qui \u00e9coute en son nom&#8221; (vid\u00e9o) : http:\/\/www.bfmtv.com\/mediaplayer\/video\/affaire-penelope-comment-francois-fillon-peut-il-se-defendre-907663.html<\/p>\n<p>-&#8220;Il n&#8217;y a pas d&#8217;affaire. C&#8217;\u00e9tait un vrai travail. Ce que je trouve curieux, c&#8217;est la rapidit\u00e9 de la justice&#8221; (Philippe Juvin, eurod\u00e9put\u00e9 LR; face \u00e0 Laurence Ferrari; vid\u00e9o) : http:\/\/www.itele.fr\/chroniques\/invite-politique-ferrari-tirs-croises\/linvite-de-laurence-ferrari-du-26012017-172574<\/p>\n<p>-&#8220;Il y a le droit et la morale&#8221; (vid\u00e9o) : http:\/\/www.europe1.fr\/politique\/thierry-solere-sur-laffaire-penelope-fillon-il-y-a-le-droit-et-la-morale-2960768<\/p>\n<p>-&#8220;Un obstacle redoutable sur le chemin de la pr\u00e9sidentielle&#8221; (Alain Duhamel; vid\u00e9o) : http:\/\/www.rtl.fr\/actu\/politique\/l-affaire-penelope-fillon-un-obstacle-redoutable-sur-le-chemin-presidentiel-confie-alain-duhamel-7786924176<\/p>\n<p><strong>-&#8220;Sur la forme, le d\u00e9bat \u00e9tait r\u00e9ussi. C&#8217;est mieux que si \u00e7a avait \u00e9t\u00e9 pire. C&#8217;est Beno\u00eet Hamon qui a pris la main. Ce qui fait tr\u00e8s mal au candidat de la droite, c&#8217;est que l&#8217;affaire tombe quand sa campagne patine, sur le terrain de la probit\u00e9 dont il avait fait un de ses marqueurs face \u00e0 Nicolas Sarkozy. La d\u00e9fense fillonniste s&#8217;est montr\u00e9e brouillonne, contradictoire&#8221; (Guillaume Tabard du &#8220;Figaro&#8221;; son du 26 janvier) : <\/strong> https:\/\/www.radioclassique.fr\/radio\/emissions\/matinale-de-radio-classique\/22630-2\/<\/p>\n<p>-Des r\u00e9actions d&#8217;\u00e9lecteurs de droite (vid\u00e9os) : http:\/\/rmc.bfmtv.com\/mediaplayer\/video\/affaire-penelope-fillon-je-suis-decu-907327.html                                                                                               http:\/\/www.francetvinfo.fr\/politique\/francois-fillon\/penelope-fillon\/francois-fillon-des-electeurs-decontenances_2037169.html<\/p>\n<p>-&#8220;Le m\u00e9tier politique n&#8217;est pas pay\u00e9 d\u00e9cemment, d&#8217;o\u00f9 les arrangements. Quand j&#8217;ai soutenu Emmanuel Macron, il \u00e9tait moins fort qu&#8217;aujourd&#8217;hui. La question europ\u00e9enne est pour moi essentielle or Fillon ne veut pas de supranationalit\u00e9, il ne voit que les Etats&#8221; (Alain Minc, interrog\u00e9 par Guillaume Durand; son du 26 janvier) : https:\/\/www.radioclassique.fr\/radio\/emissions\/matinale-de-radio-classique\/l-invite-politique\/<\/p>\n<p>-&#8220;Fran\u00e7ois Fillon se d\u00e9fend mal, on dirait qu&#8217;il a quelque chose \u00e0 se reprocher. Il devait mettre en avant son immunit\u00e9 parlementaire. Ce n&#8217;est pas la seule affaire qui le concerne. Il avait rencontr\u00e9 M. Juillet pour faire acc\u00e9l\u00e9rer la proc\u00e9dure judiciaire contre Nicolas Sarkpzy, la justice l&#8217;a reconnu&#8221; (Wallerand de Saint-Just, tr\u00e9sorier du FN sur iT\u00e9l\u00e9; vid\u00e9o) : http:\/\/www.itele.fr\/chroniques\/invite-galzi-jusqua-minuit\/linvite-politique-dolivier-galzi-du-26012017-172577<\/p>\n<p>-&#8220;L&#8217;argent public des politiques&#8221; (en d\u00e9bat sur i-T\u00e9l\u00e9; vid\u00e9o) : http:\/\/www.itele.fr\/chroniques\/grand-decryptage-olivier-galzi\/le-grand-decryptage-du-26012017-172580<\/p>\n<p>-&#8220;Le retour des affaires&#8221; (vid\u00e9o) : http:\/\/www.bfmtv.com\/mediaplayer\/video\/fillonmacron-assiste-t-on-au-retour-des-affaires-dans-le-milieu-politique-907659.html<\/p>\n<p>-&#8220;Emmanuel Macron l&#8217;euphorique&#8221; (Renaud D\u00e9ly de &#8220;Marianne&#8221;; son) : https:\/\/www.franceinter.fr\/emissions\/histoires-politiques\/histoires-politiques-26-janvier-2017<\/p>\n<p><strong>EUROPE-MONDE<\/strong><\/p>\n<p>-La Commission europ\u00e9enne promet un tour de vis dans le cabotage routier (Catherine Stupp) : http:\/\/www.euractiv.fr\/section\/transport\/news\/commission-to-tighten-labour-rules-for-truck-drivers-in-may\/<\/p>\n<p>-La facture climatique europ\u00e9enne s&#8217;alourdit : http:\/\/www.euractiv.fr\/section\/climat-environnement\/news\/en-europe-la-facture-climatique-salourdit\/<\/p>\n<p><strong>-L&#8217;impact du r\u00e9chauffement climatique sur les \u00e9v\u00e8nements climatiques extr\u00eames en Europe (Baptiste Gaborit; son du 26 janvier) : <\/strong>   https:\/\/www.radioclassique.fr\/radio\/emissions\/matinale-de-radio-classique\/3-minutes-planete\/<\/p>\n<p>-Bruxelles prolonge les contr\u00f4les aux fronti\u00e8res int\u00e9rieures : http:\/\/www.euractiv.fr\/section\/justice-affaires-interieures\/news\/bruxelles-prolonge-les-controles-aux-frontieres-interieures\/<\/p>\n<p><strong>-Martin Schulz candidat \u00e0 la chancellerie face \u00e0 Merkel (Catherine Stupp) : <\/strong> http:\/\/www.euractiv.fr\/section\/elections\/news\/ex-eu-parliament-president-martin-schulz-to-take-on-merkel-in-german-elections\/<\/p>\n<p><strong>-&#8220;Paris compte sur l&#8217;effet Trump pour faire bouger la politique commerciale europ\u00e9enne&#8221; (le secr\u00e9taire d&#8217;Etat Matthias Fekl, cit\u00e9 par C\u00e9cile Barbi\u00e8re) : <\/strong> http:\/\/www.euractiv.fr\/section\/l-europe-dans-le-monde\/news\/paris-compte-sur-leffet-trump-pour-faire-bouger-la-politique-commerciale-de-lue\/<\/p>\n<p><strong>-Nouvelle pol\u00e9mique apr\u00e8s les propos de Donald Trump sur la torture (vid\u00e9o) :  <\/strong> http:\/\/www.francetvinfo.fr\/monde\/usa\/presidentielle\/donald-trump\/donald-trump-une-nouvelle-polemique-sur-la-torture_2037159.html<\/p>\n<p><strong>CULTURE-MEDIAS<\/strong><\/p>\n<p><strong>-&#8220;Le XXIe si\u00e8cle ne sera pas une promenade de sant\u00e9&#8221; (le philosophe et historien Marcel Gauchet, invit\u00e9 de &#8220;la Grande Table&#8221; de Olivia Gesbert; son) : <\/strong> https:\/\/www.franceculture.fr\/emissions\/la-grande-table-2eme-partie\/marcel-gauchet-le-xxieme-siecle-ne-sera-pas-une-promenade-de#xtor<\/p>\n<p><strong>-&#8220;Quoi de neuf sur le front des id\u00e9es ?&#8221; (Jacques Attali, invit\u00e9 de Guillaume Erner; sons) <\/strong> : https:\/\/www.franceculture.fr\/emissions\/linvite-des-matins\/politique-quoi-de-neuf-sur-le-front-des-idees                                                                          https:\/\/www.franceculture.fr\/emissions\/linvite-des-matins-2eme-partie\/politique-quoi-de-neuf-sur-le-front-des-idees-2eme-partie<\/p>\n<p>-Un renouveau f\u00e9minin dans les nominations des C\u00e9sars 2017 (Guillemette Odicino) : http:\/\/www.telerama.fr\/cinema\/cesar-2017-gros-plan-sur-les-nominations,153246.php<\/p>\n<p>-La guerre d&#8217;Espagne transform\u00e9e en mauvais m\u00e9lo dans &#8220;Au prix du sang&#8221; de Roland Joff\u00e9 (Jacques Morice; vid\u00e9o) : http:\/\/www.telerama.fr\/cinema\/au-prix-du-sang-transforme-la-guerre-d-espagne-en-mauvais-melo,153249.php<\/p>\n<p>-D\u00e9saccords de critiques pour &#8220;La La Land&#8221; de Damien Chazelle (Louis Guichard et Pierre Murat; vid\u00e9o) : http:\/\/www.telerama.fr\/cinema\/la-la-land-chef-d-oeuvre-ou-fiasco-nos-critiques-s-affrontent,153230.php<\/p>\n<p><strong>-12 ans apr\u00e8s &#8220;La Marche de l&#8217;Empereur&#8221;, Luc Jacquet revient avec un long m\u00e9trage consacr\u00e9 au m\u00eame animal (re\u00e7u par Olivia Gesber; son) : <\/strong> https:\/\/www.franceculture.fr\/emissions\/la-grande-table-2eme-partie\/marcel-gauchet-le-xxieme-siecle-ne-sera-pas-une-promenade-de#xtor<\/p>\n<p><strong>-Au Printemps de Bourges, le changement, c&#8217;est maintenant ? (Val\u00e9rie Lehoux) : <\/strong> http:\/\/www.telerama.fr\/musique\/printemps-de-bourges-2017-le-changement-c-est-maintenant,153209.php<\/p>\n<p>-Retrouver &#8220;The Psychedelic Furs&#8221; avec Fran\u00e7ois Gorin (son) : http:\/\/www.telerama.fr\/musique\/the-psychedelic-furs-sous-tes-reins-ce-velours,153223.php<\/p>\n<p><strong>-&#8220;The Divine Comedy&#8221; aux Folies Berg\u00e8re (concert int\u00e9gral; vid\u00e9o) : <\/strong> http:\/\/culturebox.francetvinfo.fr\/musique\/pop\/the-divine-comedy-aux-folies-bergere-251441<\/p>\n<p><strong>-Le quintette australien Parcels (Rebecca Manzoni; vid\u00e9o) : <\/strong> https:\/\/www.franceinter.fr\/emissions\/pop-co\/pop-co-26-janvier-2017<\/p>\n<p>-Julien Lepers, invit\u00e9 de &#8220;Passion classique&#8221; d&#8217;Olivier Bellamy (son du 25 janvier) : https:\/\/www.radioclassique.fr\/radio\/emissions\/passion-classique\/<\/p>\n<p>-&#8220;Si je n&#8217;\u00e9tais pas musicien, je serais fermier dans les montagnes suisses&#8221; (Fai Baba; entretien r\u00e9alis\u00e9 par Erwan Perron; vid\u00e9o) : http:\/\/www.telerama.fr\/musique\/fai-baba-si-je-n-etais-pas-musicien-je-serais-fermier-dans-les-montagnes-suisses,152969.php<\/p>\n<p><strong>-Abou Diarra en concert au Hangar \u00e0 Ivry (94; vid\u00e9o) :  <\/strong> http:\/\/www.rfi.fr\/video\/20170126-abou-diarra-joue-nana-concert-hangar-ivry<\/p>\n<p><strong>-&#8220;On aura tout vu&#8221;, un duo de couturiers sans limites cr\u00e9atives (Corinne Jeammet; vid\u00e9os) <\/strong> : http:\/\/culturebox.francetvinfo.fr\/mode\/style-et-defiles\/fashion-week\/mes-gouts-et-mes-couleurs-on-aura-tout-vu-un-duo-sans-limites-creatives-251303<\/p>\n<p>-Jusqu&#8217;au 13 f\u00e9vrier, Ben Pi expose ses grand clich\u00e9s de concerts au centre musical Fleury Goutte d&#8217;Or-Barbara, Paris 18e  (Erwan Perron) : http:\/\/www.telerama.fr\/sortir\/ben-pi-en-concert-il-suffit-d-un-quart-de-seconde-pour-capter-la-folie,153077.php<\/p>\n<p><strong>-&#8220;Le festival d&#8217;Angoul\u00eame est transg\u00e9n\u00e9rationnel et plus f\u00e9minin&#8221; (son d\u00e9l\u00e9gu\u00e9 g\u00e9n\u00e9ral Franck Bondoux, interrog\u00e9 par Eric Delvaux; son) : <\/strong> https:\/\/www.franceinter.fr\/emissions\/l-invite-du-5-7\/l-invite-du-5-7-26-janvier-2017<\/p>\n<p>-Jusqu&#8217;au 15 octobre 2017, l&#8217;inventeur du roman graphique Will Eisner expos\u00e9 \u00e0 Angoul\u00eame (Laurence Le Saux) : http:\/\/www.telerama.fr\/livre\/will-eisner-l-inventeur-du-roman-graphique-expose-a-angouleme,152887.php<\/p>\n<p>-&#8220;Elys\u00e9e acad\u00e9mie&#8221;, le dernier ouvrage de Bruno Masure (vid\u00e9o) : http:\/\/www.sudradio.fr\/Podcasts\/L-invite-pour-comprendre\/Bruno-Masure-journaliste<\/p>\n<p><strong>-La pr\u00e9carit\u00e9 \u00e9nerg\u00e9tique, les conditions de lib\u00e9ration des otages au Mali, au sommaire &#8220;d&#8221;Envoy\u00e9 sp\u00e9cial&#8221; d&#8217;Alice Lucet (vid\u00e9o) : <\/strong> http:\/\/www.francetvinfo.fr\/replay-magazine\/france-2\/envoye-special\/envoye-special-du-jeudi-26-janvier-2017_2026568.html<\/p>\n<p>-La supr\u00e9matie de TF 1 de plus en plus  contest\u00e9e (Marc Baudriller; son du 26 janvier) : https:\/\/www.radioclassique.fr\/radio\/emissions\/matinale-de-radio-classique\/la-vie-des-medias\/<\/p>\n<p><strong>-&#8220;P\u00e9n\u00e9lope, est-ce qu&#8217;elle fait elle-m\u00eame ses confitures&#8221; (Charline Vanhoenacker; vid\u00e9o) :<\/strong> https:\/\/www.franceinter.fr\/emissions\/le-billet-de-charline-vanhoenacker\/le-billet-de-charline-vanhoenacker-26-janvier-2017<\/p>\n","protected":false},"excerpt":{"rendered":"<p>ACTUALITE -&#8220;A Amiens, rien ne va plus&#8221; (son) : http:\/\/www.sudradio.fr\/Podcasts\/Les-reportages-de-la-matinee\/Amiens-rien-ne-va-plus -La mobilisation des producteurs de lait apr\u00e8s la multiplication des suicides (Boris Gondoin, pr\u00e9sident de l&#8217;Apli; son) : http:\/\/www.sudradio.fr\/Podcasts\/L-invite-pour-comprendre\/Boris-Gondouin-president-de-l-APLI -Le m\u00e9contentement des pharmaciens d&#8217;officines (Gilles Bonnefont, du syndicat de pharmaciens Uspo; interrog\u00e9 par Nicolas Pierron; son du 26 janvier) : https:\/\/www.radioclassique.fr\/radio\/emissions\/matinale-de-radio-classique\/l-invite-de-l-economie\/ -&#8220;On est en train [&hellip;]<\/p>\n","protected":false},"author":1042,"featured_media":0,"comment_status":"open","ping_status":"open","sticky":false,"template":"","format":"standard","meta":{"_themeisle_gutenberg_block_has_review":false,"footnotes":""},"categories":[151],"tags":[],"class_list":["post-10144","post","type-post","status-publish","format-standard","hentry","category-la-revue-de-presse-de-lulu"],"_links":{"self":[{"href":"https:\/\/archives.regards.fr\/index.php?rest_route=\/wp\/v2\/posts\/10144","targetHints":{"allow":["GET"]}}],"collection":[{"href":"https:\/\/archives.regards.fr\/index.php?rest_route=\/wp\/v2\/posts"}],"about":[{"href":"https:\/\/archives.regards.fr\/index.php?rest_route=\/wp\/v2\/types\/post"}],"author":[{"embeddable":true,"href":"https:\/\/archives.regards.fr\/index.php?rest_route=\/wp\/v2\/users\/1042"}],"replies":[{"embeddable":true,"href":"https:\/\/archives.regards.fr\/index.php?rest_route=%2Fwp%2Fv2%2Fcomments&post=10144"}],"version-history":[{"count":0,"href":"https:\/\/archives.regards.fr\/index.php?rest_route=\/wp\/v2\/posts\/10144\/revisions"}],"wp:attachment":[{"href":"https:\/\/archives.regards.fr\/index.php?rest_route=%2Fwp%2Fv2%2Fmedia&parent=10144"}],"wp:term":[{"taxonomy":"category","embeddable":true,"href":"https:\/\/archives.regards.fr\/index.php?rest_route=%2Fwp%2Fv2%2Fcategories&post=10144"},{"taxonomy":"post_tag","embeddable":true,"href":"https:\/\/archives.regards.fr\/index.php?rest_route=%2Fwp%2Fv2%2Ftags&post=10144"}],"curies":[{"name":"wp","href":"https:\/\/api.w.org\/{rel}","templated":true}]}}