{"id":10141,"date":"2017-01-26T07:32:37","date_gmt":"2017-01-26T06:32:37","guid":{"rendered":"https:\/\/wp.muchomaas.com\/article-la-revue-du-26-janvier-2017\/"},"modified":"2023-06-23T23:23:57","modified_gmt":"2023-06-23T21:23:57","slug":"article-la-revue-du-26-janvier-2017","status":"publish","type":"post","link":"https:\/\/archives.regards.fr\/?p=10141","title":{"rendered":"La Revue du 26 janvier 2017"},"content":{"rendered":"<strong>ACTUALITE<\/strong>\n\n-&#8220;Whirlpool migre vers l&#8217;Est&#8221; (Fran\u00e7ois Lenglet; son) : http:\/\/www.rtl.fr\/actu\/societe-faits-divers\/whirlpool-l-industrie-europeenne-migre-vers-l-est-7786910193\n\n<strong>-Le d\u00e9sarroi des salari\u00e9s (vid\u00e9o)<\/strong> : http:\/\/www.francetvinfo.fr\/economie\/emploi\/plans-sociaux\/whirlpool-le-desarroi-apres-l-annonce-de-delocalisation_2035471.html\n\n<strong>-Les syndicats de &#8220;Carrefour&#8221; disent non \u00e0 l&#8217;ouverture dominicale des hypermarch\u00e9s (C\u00e9cile Prudhomme) : <\/strong> http:\/\/www.lemonde.fr\/economie\/article\/2017\/01\/25\/carrefour-les-syndicats-disent-non-a-l-ouverture-dominicale-des-hypermarches_5068603_3234.html\n\n-Contre l&#8217;avis des syndicats CGT, FO et SUD, &#8220;les salari\u00e9s de la Fnac pourront choisir de travailler le dimanche&#8221; (vid\u00e9o) : http:\/\/www.francetvinfo.fr\/economie\/entreprises\/travail-le-dimanche\/fnac-les-salaries-auront-le-choix-de-travailler-le-dimanche_2035931.html\n\n-&#8220;La prime \u00e0 l&#8217;embauche dans les PME baisse le co\u00fbt du travail sur les bas salaires&#8221; (St\u00e9phane Carcillo, professeur \u00e0 Sciences Po Paris; interrog\u00e9 par Nicolas Pierron; vid\u00e9o) :                            https:\/\/www.dailymotion.com\/video\/x59lr0e_la-prime-a-l-embauche-dans-les-pme-baisse-le-cout-du-travail-sur-les-bas-salaires-stephane-carcillo_news\n\n<strong>-Pierre Gattaz, pr\u00e9sident du Medef, conseille \u00e0 Fran\u00e7ois Fillon &#8220;de faire plus de p\u00e9dagogie&#8221; et est &#8220;g\u00ean\u00e9&#8221; par la fermeture de Fessenheim &#8220;si c&#8217;est une d\u00e9cision politique&#8221; (il \u00e9tait l&#8217;invit\u00e9 de &#8220;L&#8217;Epreuve de v\u00e9rit\u00e9&#8221; sur la cha\u00eene &#8220;Public S\u00e9nat; vid\u00e9o) <\/strong> :  https:\/\/www.publicsenat.fr\/emission\/l-epreuve-de-verite\/invite-pierre-gattaz-52190\n\n-&#8220;Le long feuilleton de la fermeture de Fessenheim&#8221; : http:\/\/www.lemonde.fr\/les-decodeurs\/article\/2017\/01\/24\/entre-reculs-et-rebondissements-le-long-feuilleton-de-la-fermeture-de-la-centrale-de-fessenheim_5068474_4355770.html\n\n-&#8220;C&#8217;est une grosse op\u00e9ration d&#8217;enfumage&#8221; (Yannick Jadot, candidat \u00e9cologiste \u00e0 l&#8217;\u00e9lection pr\u00e9sidentielle, interrog\u00e9 par Marc-Olivier Fogiel; son) : http:\/\/www.rtl.fr\/actu\/politique\/fessenheim-c-est-une-grosse-operation-d-enfumage-denonce-jadot-7786905799\n\n-&#8220;La France pourrait produire 100% d&#8217;\u00e9nergie renouvelable en 2050&#8221; (l&#8217;association d&#8217;experts  negaWatt, cit\u00e9e par Pierre Le Hir) : http:\/\/www.lemonde.fr\/planete\/article\/2017\/01\/25\/le-scenario-d-une-france-100-renouvelable_5068583_3244.html\n\n-Le rapport negaWatt (Nathalie Fontrel; son) : https:\/\/www.franceinter.fr\/emissions\/planete-environnement\/planete-environnement-25-janvier-2017\n\n<em>-Sa synth\u00e8se (document \u00e0 t\u00e9l\u00e9charger) <\/em> : https:\/\/negawatt.org\/Scenario-negaWatt-2017\n\n<strong>-&#8220;Ce jour l\u00e0, ma vie a bascul\u00e9 et elle est bousill\u00e9e&#8221; (Brigitte Aubert, victime de la catastrophe AZF de Toulouse, interrog\u00e9e par Thomas Sotto; vid\u00e9o) :<\/strong> http:\/\/www.europe1.fr\/emissions\/l-interview-verite\/brigitte-aubert-ma-vie-a-bascule-et-elle-est-bousillee-2960108\n\n-&#8220;La cha\u00eene d&#8217;approvisionnement en bois d&#8217;Ikea en Roumanie sent le soufre&#8221; (&#8220;Cash investigation&#8221;; vid\u00e9o) : http:\/\/www.francetvinfo.fr\/france\/video-cash-investigation-bois-la-chaine-d-approvisionnement-d-ikea-en-roumanie-sent-le-soufre_2034815.html\n\n<strong>-L&#8217;\u00e9mission (vid\u00e9o int\u00e9grale) <\/strong> : http:\/\/www.francetvinfo.fr\/replay-magazine\/france-2\/cash-investigation\/cash-investigation-du-mardi-24-janvier-2017_2023203.html\n\n-Les motifs de la gr\u00e8ve des pharmaciens (Gilles Bonnefond, interrog\u00e9 par Dimitri Pavlenko; son) : http:\/\/www.sudradio.fr\/Podcasts\/L-invite-pour-comprendre\/Gilles-Bonnefond-president-de-l-USPO\n\n<strong>-Perrine Canon, infirmi\u00e8re, manifestait. Son t\u00e9moignage (vid\u00e9o) : <\/strong> http:\/\/www.francetvinfo.fr\/economie\/emploi\/infirmieres-quand-il-y-a-deux-urgences-on-est-parfois-oblige-de-choisir-quel-patient-a-le-plus-de-chances-de-survie_2034467.html\n\n<em>-Grippe, l&#8217;obligation de vaccination pour les personnels soignants (ODOXA) : <\/em> http:\/\/www.odoxa.fr\/sondage\/francais-favorables-a-lobligation-de-vaccination-personnels-soignants-contre-grippe\/\n\n<strong>-Le quotidien de Jean, autiste (vid\u00e9o) : <\/strong> http:\/\/www.francetvinfo.fr\/sante\/maladie\/autisme-le-quotidien-de-jean-16-ans_2034417.html\n\n<strong>-Pour le Conseil \u00e9conomique, social et environnemental, des m\u00e9dicaments innovants sont vendus \u00e0 des prix trop \u00e9lev\u00e9s (Juliette Garnier) :  <\/strong> http:\/\/www.lemonde.fr\/economie\/article\/2017\/01\/25\/le-cese-critique-le-prix-des-medicaments-innovants_5068589_3234.html\n\n<em>-L&#8217;avis du Conseil (vid\u00e9o et document) :<\/em> http:\/\/www.lecese.fr\/content\/le-cese-adopte-son-avis-prix-et-acces-aux-traitements-medicamenteux-innovants\n\n-La chasse de nuit des renards (Violaine de la Bigne; son) : http:\/\/www.sudradio.fr\/Podcasts\/Quelle-epoque-ethique\/Chasse-aux-renards\n\n-La pollution \u00e0 Lille (vid\u00e9o) : http:\/\/www.francetvinfo.fr\/meteo\/particules-fines\/pollution-quel-impact-sur-la-sante_2035435.html\n\n-Augmentation des PV \u00e0 Paris, &#8220;tous les moyens sont bons pour chasser les automobiles de la capitale&#8221; (vid\u00e9o) : http:\/\/www.itele.fr\/chroniques\/invite-galzi-jusqua-minuit\/linvite-politique-dolivier-galzi-du-25012017-172562\n\n-De nouvelles recommandations du programme national &#8220;Nutrition-sant\u00e9&#8221; (Christian Le Lann; son) : http:\/\/www.sudradio.fr\/Podcasts\/L-invite-pour-comprendre\/Christian-Le-Lann-membre-du-CESE-section-agriculture-et-alimentation\n\n<em>-L&#8217;acc\u00e8s \u00e0 l&#8217;avortement en France (le rapport du Haut conseil \u00e0 l&#8217;\u00e9galit\u00e9 entre les femmes et les hommes; document) :<\/em> http:\/\/www.haut-conseil-egalite.gouv.fr\/IMG\/pdf\/hce_bilan_mise_en_oeuvre_recos_ivg_2017_01_17_vf.pdf\n\n-Quand des commer\u00e7ants parisiens accueillent des r\u00e9fugi\u00e9s (son) : http:\/\/www.sudradio.fr\/Podcasts\/Les-reportages-de-la-matinee\/Quand-les-commercants-parisiens-accueillent-des-SDF\n\n-Le S\u00e9nat assouplit les r\u00e8gles de l\u00e9gitime d\u00e9fense des policiers : http:\/\/www.lemonde.fr\/police-justice\/article\/2017\/01\/25\/policiers-et-gendarmes-soumis-au-meme-usage-des-armes-a-feu_5068534_1653578.html\n\n<strong>-Des images \u00e9poustouflantes en tr\u00e8s haute d\u00e9finition de la sortie de Thomas Pesquet dans l&#8217;espace (vid\u00e9o)<\/strong> : http:\/\/tempsreel.nouvelobs.com\/videos\/88v3ms.DGT\/des-images-epoustouflantes-de-la-sortie-dans-l-espace-de-thomas-pesquet-en-tres-haute-definition.html\n\n<strong>POLITIQUE<\/strong>\n\n<strong>-&#8220;Je veux un d\u00e9bat clair, je suis pour une soci\u00e9t\u00e9 qui donne du travail, source de fiert\u00e9 et dignit\u00e9&#8221; (Manuel Valls \u00e9tait l&#8217;invit\u00e9 de la matinale de France Inter. Il r\u00e9pondait aux questions de Patrick Cohen et des auditeurs; vid\u00e9os) :        <\/strong>                                                                                                                                                                                                                                      http:\/\/www.dailymotion.com\/video\/x59lida_manuel-valls-je-veux-un-debat-clair-je-suis-pour-une-societe-qui-donne-du-travail-source-de-fierte-e_news                                              http:\/\/www.dailymotion.com\/video\/x59ll91_manuel-valls-le-respect-de-la-regle-c-est-de-soutenir-celui-qui-a-gagne_news\n\n<strong>-&#8220;On ne terminera pas le quinquennat avec un bilan positif en mati\u00e8re d&#8217;emplois. La t\u00e2che \u00e9tait rude et m\u00eame avec les solutions que je pr\u00e9conisais, il aurait fallu du temps. Il ne faut plus qu&#8217;un parlementaire puisse embaucher un membre de sa famille&#8221; (Beno\u00eet Hamon, face \u00e0 Caroline Roux; vid\u00e9o) : <\/strong>   http:\/\/www.francetvinfo.fr\/politique\/ps\/primaire-a-gauche\/4-verites-polemique-fillon-tout-parlementaire-ne-doit-plus-pouvoir-embaucher-un-proche-affirme-hamon_2035161.html\n\n-Les s\u00e9quences marquantes de leur d\u00e9bat t\u00e9l\u00e9vis\u00e9 (vid\u00e9os) : http:\/\/www.francetvinfo.fr\/politique\/ps\/primaire-a-gauche\/videos-primaire-de-la-gauche-les-sequences-du-debat-hamon-valls-qu-il-ne-fallait-pas-rater_2035891.html\n\n-L&#8217;int\u00e9grale (vid\u00e9o) : http:\/\/www.francetvinfo.fr\/politique\/ps\/primaire-a-gauche\/direct-primaire-de-la-gauche-regardez-et-commentez-le-debat-decisif-entre-manuel-valls-et-benoit-hamon-sur-france-2_2033577.html\n\n<em>-Qui a gagn\u00e9 ? (ELABE) : <\/em> http:\/\/elabe.fr\/a-gagne-debat-dentre-deux-tours\/\n\n-&#8220;Je n&#8217;irai pas voter pour Beno\u00eet Hamon au second tour. P\u00e9n\u00e9lope Fillon, ce n&#8217;est pas ma mani\u00e8re de faire&#8221; (St\u00e9phane Le Foll, invit\u00e9 de la matinale de Franceinfo; vid\u00e9o) : http:\/\/www.dailymotion.com\/video\/x59ltzn_primaire-de-la-gauche-stephane-le-foll-n-ira-pas-voter-pour-benoit-hamon-au-second-tour_news\n\n-Affaire Fillon, &#8220;toute la classe politique redescend une marche&#8221;  (Marylise Lebranchu, qui est &#8220;tr\u00e8s   mal \u00e0 l&#8217;aise&#8221; avec les attaques de Manuel Valls contre Beno\u00eet Hamon; interrog\u00e9e par Brigitte Boucher; vid\u00e9o, amener le curseur sur 30:04 : http:\/\/www.lcp.fr\/emissions\/politique-matin\/279036-politique-matin\n\n-Le ministre de l&#8217;int\u00e9rieur Bruno Le Roux votera Manuel Valls &#8220;sans h\u00e9sitation&#8221;. Il consid\u00e8re que l&#8217;affaire de l&#8217;emploi de P\u00e9n\u00e9lope Fillon &#8220;est grave&#8221; (face \u00e0 Elizabeth Martichoux; vid\u00e9o) : http:\/\/www.rtl.fr\/actu\/politique\/primaire-de-la-gauche-bruno-le-roux-votera-manuel-valls-sans-hesitation-au-second-tour-7786910236\n\n-&#8220;Entre l&#8217;id\u00e9e du revenu universel que tout le monde comprend et sa mise en oeuvre, on entend de tout. Le sujet central, c&#8217;est de remplacer l&#8217;imp\u00f4t sur le revenu&#8221; (l&#8217;\u00e9conomiste Marc De Basquiat; face \u00e0 Dimitri Pavlenko; son) : http:\/\/www.sudradio.fr\/Podcasts\/L-invite-pour-comprendre\/Marc-De-Basquiat-Ingenieur-et-docteur-en-economie2\n\n-&#8220;Le revenu universel est une arme de destruction massive de l&#8217;Etat social&#8221; (Dany Lang des &#8220;\u00e9conomistes atterr\u00e9s&#8221; : \nhttps:\/\/francais.rt.com\/opinions\/32913-revenu-universel-est-arme-destruction-massive-contre-etat-social\n\n<em>-Ce qu&#8217;en pensent les Fran\u00e7ais (IFOP) : http:\/\/www.ifop.com\/?<\/em>option=com_publication&#038;type=poll&#038;id=3623\n\n-&#8220;Si Hamon gagne la primaire, il faudra un programme commun avec M\u00e9lenchon et Jadot&#8221; (l&#8221;eurod\u00e9put\u00e9e \u00e9cologiste Mich\u00e8le Rivasi, interrog\u00e9e par Eric Delvaux; son) : https:\/\/www.franceinter.fr\/emissions\/l-invite-du-5-7\/l-invite-du-5-7-25-janvier-2017\n\n<em>-Jean-Christophe Cambad\u00e9lis a \u00e9crit aux deux candidats (document) :  <\/em> http:\/\/www.parti-socialiste.fr\/lettre-de-jean-christophe-cambadelis-aux-candidats-a-primaire-de-belle-alliance-populaire\/\n\n-&#8220;Je n&#8217;ai jamais employ\u00e9 quelqu&#8217;un de ma famille, c&#8217;est \u00e0 l&#8217;int\u00e9ress\u00e9 de r\u00e9pondre. Jamais je n&#8217;aurais pu imaginer qu&#8217;on doive interdire la pr\u00e9sence de substances toxiques dans les produits en contact avec les b\u00e9b\u00e9s ! Je le fais&#8221;  (S\u00e9gol\u00e8ne Royal, qui ne votera pas au deuxi\u00e8me tour de la primaire, \u00e9tait l&#8217;invit\u00e9e de Jean-Jacques Bourdin; vid\u00e9o) : http:\/\/www.bfmtv.com\/mediaplayer\/video\/segolene-royal-face-a-jean-jacques-bourdin-en-direct-907025.html\n\n-&#8220;Est-ce que vous imaginez Madame De Gaulle accepter un emploi fictif pay\u00e9 par le contribuable ?&#8221; (Yannick Jadot, candidat \u00e9cologiste \u00e0 l&#8217;\u00e9lection pr\u00e9sidentielle; face \u00e0 Guillaume Durand; vid\u00e9o) :  https:\/\/www.dailymotion.com\/video\/x59lrn6_est-ce-que-vous-imaginez-madame-de-gaulle-accepter-un-emploi-fictif-finance-par-le-contribuable-y-j_news\n\n-&#8220;Fran\u00e7ois Fillon va devoir express\u00e9ment se d\u00e9fendre et vite&#8221; (Bruno Jeudy; vid\u00e9o) : https:\/\/www.dailymotion.com\/video\/x59lsb4_francois-fillon-va-devoir-expressement-se-defendre-et-vite-bruno-jeudy-25-01-2017_news\n\n-&#8220;C&#8217;est grave. Il devrait rembourser cette somme pour qu&#8217;il ne perde pas son \u00e9ligibilit\u00e9&#8221; (Christophe Barbier; vid\u00e9o) : http:\/\/www.bfmtv.com\/mediaplayer\/video\/l-edito-de-christophe-barbier-penelope-fillon-soupconnee-d-emploi-fictif-906939.html\n\n<strong>-&#8220;La s\u00e9quence des boules puantes est ouvertes. C&#8217;est de la misogynie&#8221; (Fran\u00e7ois Fillon; vid\u00e9o) <\/strong> : http:\/\/www.francetvinfo.fr\/elections\/presidentielle\/francois-fillon-denonce-la-misogynie-a-l-encontre-de-sa-femme-penelope_2035087.html\n\n-&#8220;Jusqu&#8217;\u00e0 maintenant je ne m&#8217;\u00e9tais jamais impliqu\u00e9e dans la vie politique de mon mari&#8221; (P\u00e9n\u00e9lope Fillon, dans la presse r\u00e9gionale en octobre dernier; vid\u00e9os, amener le curseur sur 1:12) : http:\/\/www.francetvinfo.fr\/politique\/francois-fillon\/francois-fillon-deplore-les-boules-puantes-du-canard-enchaine_2035309.html\nhttp:\/\/www.francetvinfo.fr\/politique\/francois-fillon\/penelope-fillon\/video-quand-penelope-fillon-assurait-qu-elle-ne-s-impliquait-pas-dans-la-vie-politique-de-son-mari_2035851.html\n\n-&#8220;Je ne doute pas de la moralit\u00e9 et de l&#8217;honn\u00eatet\u00e9 du couple Fillon&#8221; (Jean-Christophe Lagarde, pr\u00e9sident de l&#8217;UDI, invit\u00e9 de &#8220;Territoires d&#8217;Infos&#8221;; vid\u00e9o, amener le curseur sur 32:35) :                            http:\/\/www.dailymotion.com\/video\/x59lhis_jean-christophe-lagarde-territoires-d-infos-25-01-2017_news\n\n-&#8220;Les centristes jouent la montre&#8221; (Judith Waintraub du &#8220;Figaro&#8221;; son) : https:\/\/www.franceinter.fr\/emissions\/histoires-politiques\/histoires-politiques-25-janvier-2017\n\n-&#8220;P\u00e9n\u00e9lope Fillon a toujours travaill\u00e9 dans l&#8217;ombre de son mari. Je l&#8217;ai vue dans de multiples circonstances&#8221; (Bernard Accoyer, secr\u00e9taire g\u00e9n\u00e9ral des R\u00e9publicains; face \u00e0 L\u00e9a Salam\u00e9; vid\u00e9o) :          http:\/\/www.dailymotion.com\/video\/x59ledb_bernard-accoyer-penelope-fillon-a-toujours-travaille-dans-l-ombre-de-son-mari_news\n\n-&#8220;\u00c7a fait des ann\u00e9es que P\u00e9n\u00e9lope Fillon accompagne son mari dans sa carri\u00e8re&#8221; (Thierry Sol\u00e8re, d\u00e9put\u00e9 LR des Hauts-de-Seine, porte-parole de Fran\u00e7ois Fillon; face \u00e0 Fr\u00e9d\u00e9ric Rivi\u00e8re; vid\u00e9o) :  http:\/\/www.rfi.fr\/video\/20170125-thierry-solere-ca-fait-annees-penelope-fillon-accompagne-son-mari-carriere\n\n-&#8220;Fran\u00e7ois Fillon a raison, il ne faut pas changer. La primaire socialiste, \u00e7a ne fleure pas tr\u00e8s bon. Tout cela est tr\u00e8s suspect&#8221; (Eric Ciotti, d\u00e9put\u00e9 LR des Alpes-Maritimes, invit\u00e9 de &#8220;Mardi politique&#8221;; vid\u00e9os) : http:\/\/www.rfi.fr\/video\/20170124-eric-ciotti-membre-equipe-campagne-francois-fillon                                                                                                                                                                                http:\/\/www.rfi.fr\/video\/20170124-mardi-politique-eric-ciotti-membre-equipe-campagne-francois-fillon        \n\n-&#8220;Je suis sid\u00e9r\u00e9 par la rapidit\u00e9 de la justice. A qui profite le crime ?&#8221; (G\u00e9rald Darmanin, secr\u00e9taire g\u00e9n\u00e9ral-adjoint des R\u00e9publicains; interrog\u00e9 par Ruth Elkrief ) : http:\/\/www.bfmtv.com\/mediaplayer\/video\/gerald-darmanin-face-a-ruth-elkrief-907275.html\n\n-&#8220;Allez en Sarthe, vous verrez qu&#8217;on connait P\u00e9n\u00e9lope Fillon. L&#8217;heure des boules puantes est venue. Emmanuel Macron est une bulle&#8221; (Bruno Retailleau, coordinateur de la campagne de Fran\u00e7ois Fillon; interrog\u00e9 par Audrey Crespo-Mara; vid\u00e9o) :  http:\/\/www.lci.fr\/replay\/replay-l-invite-politique-du-25-janvier-2017-bruno-retailleau-1-2023387.html     \n\n&#8211;<strong>Les explications de Louis-Marie Horeau, r\u00e9dacteur en chef du &#8220;Canard encha\u00een\u00e9&#8221; (son) : <\/strong>     http:\/\/www.rtl.fr\/actu\/societe-faits-divers\/affaire-fillon-juste-trois-journalistes-qui-ont-bien-travaille-pour-louis-marie-horeau-7786916701                                                                                                                                                                                                                                                                                                            \n\n-&#8220;Y-a-t-il eu fraude ? 10 questions embarrassantes pour le PS ?&#8221; (Baptiste Legrand) : http:\/\/tempsreel.nouvelobs.com\/presidentielle-2017\/20170124.OBS4263\/y-a-t-il-eu-fraude-a-la-primaire-10-questions-embarrassantes-pour-le-ps.html#xtor\n\n-&#8220;Le double mensonge de la primaire socialiste&#8221; (Yves Thr\u00e9ard du &#8220;Figaro&#8221;; vid\u00e9o) : http:\/\/www.europe1.fr\/emissions\/ledito-politique-dyves-threard\/le-double-mensonge-de-la-primaire-ps-2960060\n\n-&#8220;Pourquoi Valls choisit la politique de la terre br\u00fbl\u00e9e&#8221; (Sylvain Courage) : http:\/\/tempsreel.nouvelobs.com\/politique\/20170124.OBS4299\/primaire-a-gauche-pourquoi-valls-choisit-la-politique-de-la-terre-brulee.html#xtor\n\n-&#8220;J&#8217;ai eu un coup de foudre pour les id\u00e9es&#8221; (Laurence Ha\u00efm, porte-parole d&#8217;Emmanuel Macron; son) : http:\/\/www.sudradio.fr\/Podcasts\/L-invite-pour-comprendre\/Laurence-Haim-journaliste-porte-parole-d-Emmanuel-Macron\n\n<strong>-&#8220;Le choix d&#8217;Emmanuel Macron est confort\u00e9 par les faits&#8221; (les s\u00e9nateurs socialistes qui veulent encore croire \u00e0 l&#8217;unit\u00e9 du PS apr\u00e8s la primaire; vid\u00e9os) : <\/strong> https:\/\/www.publicsenat.fr\/article\/politique\/les-senateurs-socialistes-veulent-encore-croire-a-l-unite-du-ps-apres-la-primaire\n\n-A l&#8217;Assembl\u00e9e nationale, &#8220;la grande migration vers lui se pr\u00e9pare&#8221; (Nicolas Domenach; vid\u00e9o) : http:\/\/www.rtl.fr\/actu\/societe-faits-divers\/nicolas-domanach-l-assemblee-nationale-la-grande-migration-vers-macron-se-prepare-7786910644\n\n-&#8220;Il est le candidat qui repr\u00e9sente le syst\u00e8me. On ne peut pas appliquer le patriotisme \u00e9conomique si on ne remet pas en causes les r\u00e8gles de l&#8217;Union europ\u00e9enne&#8221; (Marine Le Pen, face \u00e0 Fabien Namias; vid\u00e9o) : http:\/\/www.europe1.fr\/emissions\/linterview-politique-de-8h20\/marine-le-pen-emmanuel-macron-est-le-candidat-qui-represente-le-systeme-2960195\n\n-&#8220;Souvent les boules puantes viennent de votre propre camp. Les premi\u00e8res d\u00e9clarations de Fran\u00e7ois Fillon ne sont pas convaincantes. La justice devait ouvrir une enqu\u00eate mais on a beaucoup d&#8217;autres choses \u00e0 lui reprocher&#8221; (Florian Philippot, vice-pr\u00e9sident du FN, face \u00e0 Laurence Ferrari; vid\u00e9o) : http:\/\/www.itele.fr\/chroniques\/invite-politique-ferrari-tirs-croises\/linvite-de-laurence-ferrari-du-25012017-172560\n\n<em>-En mati\u00e8re d&#8217;\u00e9ducation, les attentes des parents pour 2017 (BVA) : <\/em> http:\/\/www.bva.fr\/fr\/sondages\/reformer_leducation_les_attentes_des_parents_pour_2017.html\n\n<strong>EUROPE-MONDE<\/strong>\n\n<strong>-&#8220;De nouvelles responsabilit\u00e9s dans un monde nouveau&#8221; (Patrick Le Hyaric; pi\u00e8ce jointe); \n<\/strong>\n\n<strong>-&#8220;Les votes des eurod\u00e9put\u00e9s fran\u00e7ais au Parlement europ\u00e9en sur 20 enjeux embl\u00e9matiques&#8221; <\/strong> : http:\/\/www.institutdelors.eu\/011-24539-Des-visages-sur-des-clivages-les-votes-des-parlementaires-europeens-a-mi-chemin.html\n\n-&#8220;La valeur Europe remonte&#8221; (Bernard Guetta; son) : https:\/\/www.franceinter.fr\/emissions\/geopolitique\/geopolitique-25-janvier-2017\n\n-&#8220;Comprendre la crise de la gauche en France et en Europe&#8221; (Henri Weber, directeur des \u00e9tudes aupr\u00e8s de Jean-Christophe Cambad\u00e9lis) : http:\/\/www.huffingtonpost.fr\/henri-weber\/politique-gauche-social-democratie-comprendre-la-crise\/\n\n-&#8220;Quand la propagande sovi\u00e9tique imaginait en 1960 l&#8217;ann\u00e9e 2017&#8221; : http:\/\/www.boulevard-exterieur.com\/quand-la-propagande-sovietique-imaginait-en-1960-l-annee-2017.html\n\n-Trump relance le projet d&#8217;ol\u00e9oduc Keystone XL qu&#8217;avait bloqu\u00e9 Obama : http:\/\/tempsreel.nouvelobs.com\/monde\/l-amerique-selon-trump\/20170125.OBS4301\/obama-bloquait-le-projet-d-oleoduc-keystone-xl-trump-le-relance.html#xtor\n\n<strong>-Discours de Fran\u00e7ois Hollande \u00e0 l&#8217;ouverture du Forum scientifique et acad\u00e9mique de Santiago du Chili (vid\u00e9o) :<\/strong> http:\/\/www.elysee.fr\/videos\/discours-d-ouverture-du-forum-scientifique-et-academique-a-santiago\/\n\n-&#8220;Comment la Chine a pris le contr\u00f4le du march\u00e9 des terres rares&#8221; (Ludovic Jeanne) : https:\/\/theconversation.com\/comment-la-chine-a-pris-le-controle-du-marche-des-terres-rares-69967\n\n<strong>CULTURE-MEDIAS<\/strong>\n\n-&#8220;Nous sommes en qu\u00eate d&#8217;alternatives pour sortir de cette crise&#8221; (le philosophe Vincent Cespedes, invit\u00e9 de Audrey Crespo-Marat; vid\u00e9o) : http:\/\/www.lci.fr\/replay\/replay-audrey-crespo-mara-recoit-vincent-cespedes-2023356.html\n\n-Cinq ans apr\u00e8s la nomination d&#8217;Olivier Chaudenson \u00e0 la t\u00eate de &#8220;La Maison de la po\u00e9sie&#8221;  (Julie Biet; vid\u00e9o) : http:\/\/www.telerama.fr\/sortir\/comment-la-maison-de-poesie-s-est-reconciliee-avec-son-public,152982.php#xtor\n\n<strong>-&#8220;La Biblioth\u00e8que M\u00e9dicis&#8221; de Jean-Pierre Elkabbach recevait Bellina Cannone pour &#8220;S&#8217;\u00e9merveiller&#8221;; Didier Decoin, acad\u00e9micien Goncourt, pour &#8220;Le Bureau des jardins et des \u00e9tangs&#8221; au Japon; Caryl Ferey pour &#8220;Que \u00e7a br\u00f4le !&#8221; et l&#8217;acad\u00e9micien Jean-Marie Rouart pour &#8220;Une Jeunesse perdue&#8221; (vid\u00e9o) : <\/strong> https:\/\/www.dailymotion.com\/video\/x5965e3_bibliotheque-medicis-20-01-2017_tv\n\n<strong>-Ancienne doyenne de la Com\u00e9die fran\u00e7aise, Catherine Hiegel \u00e9tait l&#8217;invit\u00e9e d&#8217;Augustin Trapenard (son) <\/strong> : https:\/\/www.franceinter.fr\/emissions\/boomerang\/boomerang-25-janvier-2017\n\n-&#8220;La La Lande&#8221;, la com\u00e9die musicale de Damien Chazelle aux 14 nominations aux Oscars (Caroline Besse; vid\u00e9o) : http:\/\/www.telerama.fr\/cinema\/la-la-land-un-phenomene-enchante,153203.php#xtor\n\n<strong>-&#8220;Elle met les coeurs \u00e0 l&#8217;envers&#8221; (Rebecca  Manzoni; son et vid\u00e9os) : <\/strong> https:\/\/www.franceinter.fr\/emissions\/pop-co\/pop-co-25-janvier-2017\n\n-&#8220;La revanche am\u00e9ricaine d&#8217;Isabelle Huppert&#8221; (Louis Guichard) : http:\/\/www.telerama.fr\/cinema\/oscars-2017-la-revanche-americaine-d-isabelle-huppert,153219.php#xtor\n\n-Egalement nomm\u00e9, &#8220;Ennemis int\u00e9rieurs&#8221;, le court-m\u00e9trage fran\u00e7ais de S\u00e9lim Azzazi (J\u00e9r\u00e9mie Maire; vid\u00e9o) : http:\/\/www.telerama.fr\/cinema\/ennemis-interieurs-le-court-metrage-francais-nomme-aux-oscars,153215.php#xtor\n\n-&#8220;Le meilleur du pire hollywoodien&#8221; (C\u00e9cile Mury) : http:\/\/www.telerama.fr\/cinema\/razzie-awards-2017-le-meilleur-du-pire-hollywoodien,153205.php#xtor\n\n<strong>-La repr\u00e9sentation de la femme dans le cin\u00e9ma indien (la critique, sp\u00e9cialiste du cin\u00e9ma indien Oph\u00e9lie Wiel; propos recueillis par J\u00e9r\u00e9mie Couston; vid\u00e9o) :  <\/strong>                                  http:\/\/www.telerama.fr\/sortir\/quel-est-le-role-de-la-femme-dans-le-cinema-indien,153201.php#xtor\n\n<strong>-Voir ici &#8220;Antarctica, sur les traces de l&#8217;empereur&#8221;, le documentaire &#8220;d&#8217;une beaut\u00e9 sid\u00e9rante&#8221; des photographes Vincent Munier et Laurent Ballesta (Virginie F\u00e9lix; vid\u00e9o int\u00e9grale) : <\/strong>                       http:\/\/television.telerama.fr\/television\/a-voir-sur-telerama-fr-antarctica-sur-les-traces-de-l-empereur-un-doc-d-une-beaute-siderante,153072.php#xtor\n\n-Retrouver le groupe &#8220;Echo and the Bunnymen&#8221; avec Fran\u00e7ois Gorin (son et vid\u00e9o) : http:\/\/www.telerama.fr\/musique\/echo-and-the-bunnymen-1-volutes-psyche-sur-la-mersey,153031.php   http:\/\/www.telerama.fr\/musique\/echo-and-the-bunnymen-2-sous-la-pleine-lune-exactement,153202.php#xtor\n\n-A Montparnasse, un bureau de La Poste envahi par des street artistes avant sa d\u00e9molition (Hanna Ouaziz, directrice du &#8220;Lab 14&#8221;; propos recueillis par Olivier Granoux) :                          http:\/\/www.telerama.fr\/sortir\/lab14-des-street-artistes-envahissent-un-bureau-de-poste-avant-sa-destruction,152974.php#xtor\n\n-&#8220;Une \u00e9dition 2017 a minima du festival  de la BD d&#8217;Angoul\u00eame&#8221; (Laurence Le Saux) :  http:\/\/www.telerama.fr\/livre\/festival-d-angouleme-2017-une-edition-apaisee-a-minima,152964.php#xtor\n\n<strong>-Cosey re\u00e7oit le Grand prix 2017 (sons) :<\/strong> https:\/\/www.franceculture.fr\/bd\/festival-de-bd-dangouleme-cosey-recoit-le-grand-prix-2017\n\n<strong>-La t\u00e9l\u00e9vision n\u00e9erlandaise se paie Donald Trump (vid\u00e9o) : <\/strong> http:\/\/tempsreel.nouvelobs.com\/videos\/88r8kz.DGT\/quand-la-tele-neerlandaise-se-paie-donald-trump-c-est-hilarant.html\n\n-Pour France T\u00e9l\u00e9visions, la nouvelle strat\u00e9gie de communication de Delphine Ernotte, qui aurait aim\u00e9 embaucher Yann Barth\u00e8s et Laurence Ha\u00efm sur le service public (vid\u00e9o) :           http:\/\/www.europe1.fr\/emissions\/le-fait-medias-du-jour\/france-televisions-la-nouvelle-strategie-de-communication-de-delphine-ernotte-2960288\n\n<strong>-&#8220;Au Mali, des otages fran\u00e7ais au meurtre des journalistes de RFI, les r\u00e9v\u00e9lations &#8220;d&#8217;Envoy\u00e9 sp\u00e9cial&#8221;. Le journaliste Jean-Pierre Canet \u00e9tait l&#8217;invit\u00e9 de Sonia Devillers (vid\u00e9o, amener le curseur sur 2:33) :  <\/strong> http:\/\/www.dailymotion.com\/video\/x59m383_mali-des-otages-francais-au-meurtre-des-journalistes-de-rfi-les-revelations-d-envoye-special_news\n\n<strong>-&#8220;Bien choisir son p\u00e2t\u00e9 au rayon \u00e9lections&#8221; (Nicole Ferroni; vid\u00e9o) : <\/strong> http:\/\/www.dailymotion.com\/video\/x59lld9_bien-choisir-son-pate-au-rayon-elections-le-billet-de-nicole-ferroni_fun\n\n<strong>-&#8220;La lettre de Michel Rocard&#8221; (Charline Vanhoenacker; vid\u00e9o) : <\/strong> http:\/\/www.dailymotion.com\/video\/x59ldx9_la-lettre-de-michel-rocard-le-billet-de-charline_fun\n<h2 class=\"wp-block-heading\">Documents joints<\/h2>\n\n\n\n<div class=\"wp-block-file\"><a href=\"https:\/\/wp.muchomaas.com\/wp-content\/uploads\/2017\/01\/edito-30-fc2.pdf\">edito-30.pdf<\/a><\/div>\n\n\n","protected":false},"excerpt":{"rendered":"<p>ACTUALITE -&#8220;Whirlpool migre vers l&#8217;Est&#8221; (Fran\u00e7ois Lenglet; son) : http:\/\/www.rtl.fr\/actu\/societe-faits-divers\/whirlpool-l-industrie-europeenne-migre-vers-l-est-7786910193 -Le d\u00e9sarroi des salari\u00e9s (vid\u00e9o) : http:\/\/www.francetvinfo.fr\/economie\/emploi\/plans-sociaux\/whirlpool-le-desarroi-apres-l-annonce-de-delocalisation_2035471.html -Les syndicats de &#8220;Carrefour&#8221; disent non \u00e0 l&#8217;ouverture dominicale des hypermarch\u00e9s (C\u00e9cile Prudhomme) : http:\/\/www.lemonde.fr\/economie\/article\/2017\/01\/25\/carrefour-les-syndicats-disent-non-a-l-ouverture-dominicale-des-hypermarches_5068603_3234.html -Contre l&#8217;avis des syndicats CGT, FO et SUD, &#8220;les salari\u00e9s de la Fnac pourront choisir de travailler le dimanche&#8221; (vid\u00e9o) : http:\/\/www.francetvinfo.fr\/economie\/entreprises\/travail-le-dimanche\/fnac-les-salaries-auront-le-choix-de-travailler-le-dimanche_2035931.html -&#8220;La [&hellip;]<\/p>\n","protected":false},"author":1042,"featured_media":0,"comment_status":"open","ping_status":"open","sticky":false,"template":"","format":"standard","meta":{"_themeisle_gutenberg_block_has_review":false,"footnotes":""},"categories":[151],"tags":[],"class_list":["post-10141","post","type-post","status-publish","format-standard","hentry","category-la-revue-de-presse-de-lulu"],"_links":{"self":[{"href":"https:\/\/archives.regards.fr\/index.php?rest_route=\/wp\/v2\/posts\/10141","targetHints":{"allow":["GET"]}}],"collection":[{"href":"https:\/\/archives.regards.fr\/index.php?rest_route=\/wp\/v2\/posts"}],"about":[{"href":"https:\/\/archives.regards.fr\/index.php?rest_route=\/wp\/v2\/types\/post"}],"author":[{"embeddable":true,"href":"https:\/\/archives.regards.fr\/index.php?rest_route=\/wp\/v2\/users\/1042"}],"replies":[{"embeddable":true,"href":"https:\/\/archives.regards.fr\/index.php?rest_route=%2Fwp%2Fv2%2Fcomments&post=10141"}],"version-history":[{"count":0,"href":"https:\/\/archives.regards.fr\/index.php?rest_route=\/wp\/v2\/posts\/10141\/revisions"}],"wp:attachment":[{"href":"https:\/\/archives.regards.fr\/index.php?rest_route=%2Fwp%2Fv2%2Fmedia&parent=10141"}],"wp:term":[{"taxonomy":"category","embeddable":true,"href":"https:\/\/archives.regards.fr\/index.php?rest_route=%2Fwp%2Fv2%2Fcategories&post=10141"},{"taxonomy":"post_tag","embeddable":true,"href":"https:\/\/archives.regards.fr\/index.php?rest_route=%2Fwp%2Fv2%2Ftags&post=10141"}],"curies":[{"name":"wp","href":"https:\/\/api.w.org\/{rel}","templated":true}]}}