{"id":10138,"date":"2017-01-25T06:11:53","date_gmt":"2017-01-25T05:11:53","guid":{"rendered":"https:\/\/wp.muchomaas.com\/article-la-revue-du-25-janvier-2017\/"},"modified":"2017-01-25T06:11:53","modified_gmt":"2017-01-25T05:11:53","slug":"article-la-revue-du-25-janvier-2017","status":"publish","type":"post","link":"https:\/\/archives.regards.fr\/?p=10138","title":{"rendered":"La Revue du 25 janvier 2017"},"content":{"rendered":"<p><strong>ACTUALITE<\/strong><\/p>\n<p>-&#8220;Hausse du ch\u00f4mage en d\u00e9cembre&#8221; : http:\/\/www.francetvinfo.fr\/economie\/emploi\/chomage\/chomage-le-nombre-de-demandeurs-d-emploi-en-hausse-de-0-8-en-decembre-la-premiere-augmentation-apres-trois-mois-consecutifs-de-baisse_2034121.html<\/p>\n<p>-&#8220;Une baisse du ch\u00f4mage incertaine&#8230;une hausse de la pr\u00e9carit\u00e9 \u00e9vidente&#8221; (la CGT) : http:\/\/www.cgt.fr\/Une-baisse-du-chomage-incertaine.html<\/p>\n<p><strong>-Le commentaire de Philippe Martinez, invit\u00e9 du &#8220;Club de la Presse&#8221; d&#8217;Europe 1 (son) <\/strong> : http:\/\/www.europe1.fr\/emissions\/le-club-de-la-presse\/europe-soir-le-club-de-la-presse-philippe-martinez-et-erwan-le-morhedec-24012017-2959802<\/p>\n<p><strong>-&#8220;La strat\u00e9gie choisie par les actionnaires \u00e9tait de d\u00e9couper le groupe et de le vendre par morceaux&#8221; (Pierre-Antoine Gailly, ancien pr\u00e9sident du Conseil d&#8217;administration de Vivarte; interrog\u00e9 par Nicolas Pierron; vid\u00e9o. La v\u00e9rit\u00e9 toute nue) : <\/strong> https:\/\/www.dailymotion.com\/video\/x59hi0m_la-strategie-c-etait-decouper-le-groupe-et-le-vendre-par-morceaux-pierre-antoine-gailly-24-01-2017_news<\/p>\n<p>-Dans le groupe Vivarte, l&#8217;enseigne de chaussures &#8220;Andr\u00e9&#8221; est \u00e0 vendre et 136 fermetures de magasins avec 700 suppressions d&#8217;emplois sont pr\u00e9vues \u00e0 &#8220;la Halle aux Chaussures&#8221; (vid\u00e9o) : http:\/\/www.francetvinfo.fr\/societe\/nucleaire\/fessenheim-l-etat-et-edf-ont-trouve-un-compromis_2033917.html<\/p>\n<p>-&#8220;EDF et l&#8217;Etat ont trouv\u00e9 un compromis sur Fessenheim&#8221; (vid\u00e9o) : http:\/\/www.francetvinfo.fr\/societe\/nucleaire\/fessenheim-l-etat-et-edf-ont-trouve-un-compromis_2033917.html<\/p>\n<p>-&#8220;La France est championne du monde du nucl\u00e9aire&#8221; (David Bo\u00e9ri; vid\u00e9o) : http:\/\/www.francetvinfo.fr\/societe\/nucleaire\/electricite-la-france-est-championne-du-monde-du-nucleaire_2034041.html<\/p>\n<p><strong>-&#8220;Et si votre \u00e9lectricit\u00e9 venait de la mer ?&#8221; (Sandy Dauphin; son) : <\/strong> https:\/\/www.franceinter.fr\/emissions\/le-zoom-de-la-redaction\/le-zoom-de-la-redaction-24-janvier-2017<\/p>\n<p>-&#8220;Nous sommes contre la fermeture&#8221; (Philippe Vigier, porte-parole de l&#8217;UDI et  Christian Jacob, pr\u00e9sident du groupe LR; vid\u00e9o) : http:\/\/www.lcp.fr\/la-politique-en-video\/le-conseil-dadministration-dedf-ouvre-la-voie-la-fermeture-de-fessenheim<\/p>\n<p><strong>-La question \u00e9tait d\u00e9battue au &#8220;T\u00e9l\u00e9phone sonne&#8221; de France Inter, avec Maurice Mazi\u00e8re, porte-parole  de la Soci\u00e9t\u00e9 fran\u00e7aise d&#8217;\u00e9nergie nucl\u00e9aire et Yves Marignac, porte-parole de negaWatt. D\u00e9bat anim\u00e9 par Nicolas Demorand; son) :<\/strong> https:\/\/www.franceinter.fr\/emissions\/le-telephone-sonne\/le-telephone-sonne-24-janvier-2017<\/p>\n<p>-&#8220;Travailleur ind\u00e9pendant cherche logement d\u00e9cent, d\u00e9sesp\u00e9r\u00e9ment&#8221; (Lucie Soulier) : http:\/\/www.lemonde.fr\/francaises-francais\/article\/2017\/01\/24\/travailleur-independant-cherche-logement-decent-desesperement_5067944_4999913.html<\/p>\n<p><strong>-&#8220;L&#8217;insertion professionnelle des jeunes de moins de 25 ans est plus difficile en France que dans les autres pays europ\u00e9ens&#8221; : <\/strong> http:\/\/www.lemonde.fr\/societe\/article\/2017\/01\/24\/la-situation-des-jeunes-sur-le-marche-du-travail-reste-difficile-en-france_5067894_3224.html<\/p>\n<p><em>-Le rapport de &#8220;France Strat\u00e9gie&#8221; (document \u00e0 t\u00e9l\u00e9charger) :<\/em> http:\/\/www.strategie.gouv.fr\/publications\/linsertion-professionnelle-jeunes<\/p>\n<p><em>-Les jeunes et le travail (OPINION-WAY) <\/em> : https:\/\/www.opinion-way.com\/fr\/component\/edocman\/?task=document.viewdoc&#038;id=1510&#038;Itemid=0<\/p>\n<p>-Nouvelle manifestation nationale des infirmi\u00e8res (son) : http:\/\/www.sudradio.fr\/Podcasts\/Les-reportages-de-la-matinee\/Manifestation-des-Infirmieres<\/p>\n<p>-Beaucoup de villes touch\u00e9es par la pollution sonore (Baptiste Gaborit; son du 24 janvier) : https:\/\/www.radioclassique.fr\/radio\/emissions\/matinale-de-radio-classique\/3-minutes-planete\/<\/p>\n<p><strong>-&#8220;Les enfants sont les premi\u00e8res victimes de la pollution urbaine&#8221; (le professeur Jocelyne Just, allergologue et p\u00e9diatre \u00e0 Paris; invit\u00e9e de la matinale de France Inter; face \u00e0 Patrick Cohen et aux auditeurs; vid\u00e9os) :  <\/strong> http:\/\/www.dailymotion.com\/video\/x59ha9x_le-pr-jocelyne-just-allegologue-et-pediatre-repond-aux-questions-de-patrick-cohen_news                                                            http:\/\/www.dailymotion.com\/video\/x59he8g_le-pr-jocelyne-just-repond-aux-questions-des-auditeurs-de-france-inter_news<\/p>\n<p>-Des r\u00e9sidus de substances toxiques dans la majorit\u00e9 des couches-culottes : http:\/\/www.lemonde.fr\/sante\/article\/2017\/01\/24\/des-residus-de-substances-toxiques-presents-dans-la-majorite-des-couches-culottes_5067909_1651302.html<\/p>\n<p>-Inqui\u00e9tudes sur leur dangerosit\u00e9 (vid\u00e9o) : http:\/\/www.francetvinfo.fr\/sante\/sante-inquietudes-autour-de-la-dangerosite-des-couches-pour-bebes_2034029.html<\/p>\n<p>-Les nouvelles mesures annonc\u00e9es par Anne Hidalgo contre les particules fines (Violaine de la Bigne; son) : http:\/\/www.sudradio.fr\/Podcasts\/Quelle-epoque-ethique\/Anne-Hidalgo-et-la-voiture<\/p>\n<p>-La r\u00e9forme du code minier avec la question de l&#8217;interdiction de l&#8217;exploitation des gaz et huiles de schistes (Philippe Charlez, \u00e9nerg\u00e9ticien; son) : http:\/\/www.sudradio.fr\/Podcasts\/L-invite-pour-comprendre\/Philippe-Charlez-expert-energeticien-et-auteur<\/p>\n<p>-A Paris s&#8217;est ouvert le troisi\u00e8me proc\u00e8s de l&#8217;usine AZF de Toulouse (Me Stella Bisseuil, une des avocates des familles des victimes, invit\u00e9e de Dimitri Pavlenko; son) : http:\/\/www.sudradio.fr\/Podcasts\/L-invite-pour-comprendre\/Stella-Bisseuil-avocat-de-l-association-de-familles-endeuillee-AZF<\/p>\n<p><strong>-&#8220;C&#8217;est Total qui donnait les ordres et qui doit \u00eatre condamn\u00e9&#8221; (Pauline Miranda, pr\u00e9sidente de l&#8217;Association des sinistr\u00e9s; interrog\u00e9e par Eric Delvaux; son) : <\/strong> https:\/\/www.franceinter.fr\/emissions\/l-invite-du-5-7\/l-invite-du-5-7-24-janvier-2017<\/p>\n<p><strong>-&#8220;Nous sommes confront\u00e9s \u00e0 la menace des retours de Syrie ou d&#8217;Irak&#8221; (le procureur de la R\u00e9publique de Paris Fran\u00e7ois Morins; interrog\u00e9 par Thomas Sotto; vid\u00e9o) :   <\/strong>      http:\/\/www.europe1.fr\/emissions\/l-interview-verite\/francois-molins-nous-sommes-confrontes-a-la-menace-des-retours-2959223 <\/p>\n<p>-&#8220;Une soixantaine d&#8217;affaires de p\u00e9dophilie dans l&#8217;Eglise aux mains de la justice&#8221; (Bernadette Sauvaget) : http:\/\/www.liberation.fr\/france\/2017\/01\/23\/pedophilie-dans-l-eglise-une-soixantaine-d-affaires-aux-mains-de-la-justice_1543468?xtor<\/p>\n<p>-&#8220;L&#8217;affaire UraMin pour laquelle Anne Lauvergeon, ancienne pr\u00e9sidente d&#8217;Areva, est mise en examen&#8221; (Vincent Crouzet, interrog\u00e9 par Dimitri Pavlenko; son) : http:\/\/www.sudradio.fr\/Podcasts\/L-invite-pour-comprendre\/Vincent-Crouzet-ecrivain<\/p>\n<p>-&#8220;Gu\u00e9ant pourrait passer par la case prison&#8221; (Renaud Lecadre) : http:\/\/www.liberation.fr\/france\/2017\/01\/23\/gueant-condamne-a-un-an-de-prison-ferme_1543525<\/p>\n<p>-D&#8217;apr\u00e8s &#8220;Le Canard encha\u00een\u00e9&#8221;, &#8220;Penelope, la femme de Fran\u00e7ois Fillon a per\u00e7u 500 000 euros comme attach\u00e9e parlementaire&#8221; : http:\/\/www.lemonde.fr\/politique\/article\/2017\/01\/24\/la-femme-de-francois-fillon-a-percu-500-000-euros-comme-attachee-parlementaire_5068488_823448.html<\/p>\n<p><strong>POLITIQUE<\/strong><\/p>\n<p><strong>-&#8220;Jean-Luc M\u00e9lenchon est le mieux plac\u00e9 pour qualifier un candidat de gauche au second tour. La primaire montre que tous \u00e0 gauche veulent tourner la page Manuel Valls. Les propositions de Jean-Luc M\u00e9lenchon sont plus audacieuses que celles de Beno\u00eet Hamon. Il faut sortir l&#8217;Europe  du carcan de l&#8217;aust\u00e9rit\u00e9 et en m\u00eame temps, il faut construire une Europe solidaire. Notre rencontre avec Jean-Luc M\u00e9lenchon s&#8217;est bien pass\u00e9 parce que nous sommes dans une autre p\u00e9riode. Dans la vie concr\u00e8te, pour les l\u00e9gislatives, les choses vont se r\u00e9gler&#8221; (Pierre Laurent, face \u00e0 L\u00e9a Salam\u00e9; vid\u00e9o) : <\/strong> http:\/\/www.dailymotion.com\/video\/x59h5ot_pierre-laurent-repond-aux-questions-de-lea-salame_news<\/p>\n<p><strong>-Sur la rencontre PCF-France Insoumise (Astrid de Villaines; vid\u00e9o, amener le curseur sur 15:30; \u00e7a c&#8217;est du journalisme !) :<\/strong> http:\/\/www.lcp.fr\/emissions\/politique-matin\/279035-politique-matin<\/p>\n<p><strong>-Le point de vue d&#8217;Andr\u00e9 Chassaigne, pr\u00e9sident du groupe GDR (vid\u00e9o, amener le curseur sur 20:08) <\/strong> : http:\/\/www.lcp.fr\/emissions\/politique-matin\/279035-politique-matin<\/p>\n<p><strong>-&#8220;Je ne crois pas \u00e0 leur (le PS) sinc\u00e9rit\u00e9. Rien la-dedans ne peut plus \u00eatre cru. C&#8217;est un truquage de masse. La solf\u00e9rinologie est une science que je ne pratique plus. Le candidat sera issu d&#8217;une tricherie. L&#8217;effort que nous avons accompli pour mettre au point un programme s\u00e9rieux n&#8217;est pas n\u00e9gociable. Il faut garantir la transition de tous les emplois du nucl\u00e9aire vers des emplois du renouvelable. C&#8217;est ce que je dirai aux salari\u00e9s de Fessenheim et des sous-traitants&#8221; (Jean-Luc M\u00e9lenchon, interrog\u00e9 par Caroline Roux sur France 2; vid\u00e9o) : <\/strong> http:\/\/www.france2.fr\/emissions\/telematin\/actu\/les-4-verites-jean-luc-melanchon_548695<\/p>\n<p>-&#8220;Les primaires de droite et de gauche vampirisent notre espace. Je ne suis pas dans la m\u00eame gauche que Beno\u00eet Hamon. Nous l&#8217;avons combattu au gouvernent&#8221; (Olivier Besancenot, interrog\u00e9 par Audrey Crespo-Mara; vid\u00e9o) : http:\/\/www.lci.fr\/replay\/replay-l-invite-politique-du-24-janvier-2017-olivier-besancenot-2023207.html%3Ftype=content<\/p>\n<p>-Le num\u00e9ro 311 de &#8220;Cerises&#8221; : http:\/\/www.cerisesenligne.fr\/file\/archive\/cerises-311.pdf<\/p>\n<p>-Sur la participation, ,&#8221;j&#8217;aimerais que l&#8217;incertitude soit lev\u00e9e rapidement&#8221; (Beno\u00eet Hamon; vid\u00e9o) : http:\/\/www.liberation.fr\/video\/2017\/01\/23\/participation-a-la-primaire-j-aimerais-que-l-incertitude-soit-levee-assez-rapidement_1543386<\/p>\n<p>-&#8220;On est juste en dessous de 1,6 millions de votants, quand nous aurons tous les bureaux, on sera entre  1, 6 et 1,7 millions (Christophe Borgel, organisateur de la primaire, qui met en cause &#8220;Alexis Corbi\u00e8re et un emballement m\u00e9diatique&#8221;; face \u00e0 Jean-Jacques Bourdin; vid\u00e9o) : http:\/\/rmc.bfmtv.com\/mediaplayer\/video\/cafouillage-sur-la-participation-a-la-primaire-de-gauche-un-emballement-mediatique-906481.html<\/p>\n<p><strong>-&#8220;Cinq raisons de douter de la sinc\u00e9rit\u00e9 des r\u00e9sultats&#8221; (llan Caro, Nicolas Enault et Cl\u00e9ment Parrot) <\/strong> : http:\/\/www.francetvinfo.fr\/politique\/ps\/primaire-a-gauche\/primaire-de-la-gauche-cinq-raisons-de-douter-de-la-sincerite-des-resultats_2032205.html<\/p>\n<p>-Des d\u00e9put\u00e9s socialistes r\u00e9clament des explications et des excuses (vid\u00e9o) : http:\/\/www.lcp.fr\/la-politique-en-video\/chiffres-de-la-primaire-des-deputes-socialistes-reclament-des-explications-et<\/p>\n<p><strong>-&#8220;Primaire, le soup\u00e7on&#8221; (&#8220;C dans l&#8217;air&#8221;, anim\u00e9 par Caroline Roux; avec un r\u00e9quisitoire implacable de Pascal Perrineau, ancien directeur du CEVIPOF de Sciences Po; vid\u00e9o) :   <\/strong>          http:\/\/www.france5.fr\/emissions\/c-dans-l-air\/videos\/reglement_de_mauvais_comptes_au_ps_24-01-2017_1465857<\/p>\n<p><strong>-&#8220;Je crois s\u00e9rieusement que je peux gagner l&#8217;\u00e9lection pr\u00e9sidentielle&#8221; (Beno\u00eet Hamon, face \u00e0 Fabien Namias; son) <\/strong> : http:\/\/www.europe1.fr\/emissions\/linterview-politique-de-8h20\/benoit-hamon-je-crois-serieusement-que-je-peux-gagner-lelection-presidentielle-2959286<\/p>\n<p>-&#8220;Moi, je ne me trompe pas de bataille, mes ennemis sont Marine Le Pen et Fran\u00e7ois Fillon&#8221; (interrog\u00e9 par Ruth Elkrief; vid\u00e9o) : http:\/\/www.bfmtv.com\/mediaplayer\/video\/benoit-hamon-moi-je-ne-me-trompe-pas-de-bataille-mes-ennemis-sont-marine-le-pen-et-francois-fillon-906779.html<\/p>\n<p>-&#8220;Si je gagne, j&#8217;imagine que Manuel Valls respectera les r\u00e8gles&#8221; (face \u00e0 Fr\u00e9d\u00e9ric Rivi\u00e8re; vid\u00e9o) : http:\/\/www.rfi.fr\/video\/20170124-benoit-hamon-je-gagne-j-imagine-manuel-valls-respectera-regles<\/p>\n<p><strong>-&#8220;J&#8217;appelle \u00e0 une organisation incontestable du second tour. La conception du travail de Beno\u00eet Hamon est tr\u00e8s \u00e9loign\u00e9e de la mienne&#8221; (Manuel Valls, invit\u00e9 de la matinale de Franceinfo; vid\u00e9o) :<\/strong>  http:\/\/www.dailymotion.com\/video\/x59hl3g_primaire-de-la-gauche-manuel-valls-appelle-a-une-organisation-incontestable-du-second-tour_news<\/p>\n<p>-&#8220;Je veux incarner une gauche qui touche le coeur mais aussi la raison&#8221; (il \u00e9tait l&#8217;invit\u00e9 du 20 heures de TF1; vid\u00e9o, amener le curseur sur 11:57) : http:\/\/www.tf1.fr\/tf1\/jt-20h\/videos\/20-heures-23-janvier-2017.html<\/p>\n<p>-&#8220;Le d\u00e9bat est entre ceux qui ont assum\u00e9 les responsabilit\u00e9s gouvernementales et ceux qui les ont critiqu\u00e9es&#8221; (face \u00e0 Ruth Elkrief; vid\u00e9o) : http:\/\/www.bfmtv.com\/mediaplayer\/video\/manuel-valls-le-debat-est-entre-ceux-qui-ont-assume-les-responsabilites-du-gouvernement-et-ceux-qui-les-ont-critiquees-906797.html<\/p>\n<p>-&#8220;Manuel Valls a une forme d&#8217;arrogance qui est inacceptable&#8221; (Alexis Bachelay, d\u00e9put\u00e9 PS des Hauts-de-Seine, porte-parole de Beno\u00eet Hamon; face \u00e0 Guillaume Durand; son du 24 janvier) :  https:\/\/www.radioclassique.fr\/radio\/emissions\/matinale-de-radio-classique\/l-invite-du-matin\/<\/p>\n<p>-Il \u00e9tait l&#8217;invit\u00e9 d&#8217;Olivier Galzi sur i-T\u00e9l\u00e9 (vid\u00e9o) : http:\/\/www.itele.fr\/chroniques\/invite-galzi-jusqua-minuit\/linvite-politique-dolivier-galzi-du-24012017-172540<\/p>\n<p>-&#8220;Il y a le sentiment qu&#8217;il y a un peu d&#8217;amateurisme. Je voterai pour Manuel Valls. Je trouve la p\u00e9riode passionnante. Il y a une partie de l&#8217;\u00e9lectorat de gauche ici, en Espagne, en Gr\u00e8ce qui dit que c&#8217;est trop dur de gouverner. Je suis tr\u00e8s fier du bilan&#8221; (Jean-Jacques Urvoas, ministre de la Justice, face \u00e0 Jean-Jacques Bourdin; vid\u00e9o) : http:\/\/www.bfmtv.com\/mediaplayer\/video\/jean-jacques-urvoas-face-a-jean-jacques-bourdin-en-direct-906505.html<\/p>\n<p>-&#8220;Dans l&#8217;appel d&#8217;Arnaud Montebourg, il n&#8217;y avait pas beaucoup d&#8217;entrain. 60 000 voix nous s\u00e9parent. Manuel Valls fait la synth\u00e8se entre la gauche qui r\u00eave et la gauche r\u00e9aliste&#8221; (Luc Carvounas, s\u00e9nateur PS du Val-de-Marne, interrog\u00e9 par Brigitte Boucher; vid\u00e9o, amener le curseur sur 33:22) :  http:\/\/www.lcp.fr\/emissions\/politique-matin\/279035-politique-matin<\/p>\n<p><strong>-&#8220;L&#8217;affrontement des h\u00e9ritiers du rocardisme&#8221; (Thomas Legrand; son) :<\/strong> https:\/\/www.franceinter.fr\/emissions\/l-edito-politique\/l-edito-politique-24-janvier-2017<\/p>\n<p>-&#8220;Rugy est le candidat \u00e9colo qui a r\u00e9uni le plus de voix sur son nom dans l&#8217;histoire&#8221; (Emmanuelle Cosse, ministre du logement; vid\u00e9o. Bien plac\u00e9e pour recevoir le prochain prix de l&#8217;humour en politique) : http:\/\/www.liberation.fr\/video\/2017\/01\/23\/rugy-le-candidat-ecolo-qui-a-reuni-le-plus-de-voix-dans-l-histoire-une-realite-pour-cosse_1543381<\/p>\n<p>-&#8220;Qui votera qui au second tour ?&#8221; (vid\u00e9o) : http:\/\/www.liberation.fr\/video\/2017\/01\/23\/primaire-de-la-gauche-qui-votera-qui-au-second-tour_1543397<\/p>\n<p>-&#8220;Fran\u00e7ois Hollande ne votera pas&#8221; (vid\u00e9o) : http:\/\/www.francetvinfo.fr\/politique\/ps\/primaire-a-gauche\/primaire-de-gauche-francois-hollande-ne-votera-pas_2033953.html<\/p>\n<p>-&#8220;Chez Valls, les r\u00e8glements de compte ont commenc\u00e9&#8221; (Marcelo Wesfreid de &#8220;L&#8217;Express&#8221;; son) : https:\/\/www.franceinter.fr\/emissions\/histoires-politiques\/histoires-politiques-24-janvier-2017<\/p>\n<p>-&#8220;Revenu universel, une id\u00e9e neuve ?&#8221; (en d\u00e9bat chez Olivier Galzi sur i-T\u00e9l\u00e9; vid\u00e9o) : http:\/\/www.itele.fr\/chroniques\/grand-decryptage-olivier-galzi\/le-grand-decryptage-du-24012017-172541<\/p>\n<p><strong>-&#8220;Entretien d&#8217;embauche pour un poste de pr\u00e9sident&#8221; (Paul Quil\u00e8s) :<\/strong> http:\/\/paul.quiles.over-blog.com\/2017\/01\/entretien-d-embauche-pour-un-poste-de-president.html<\/p>\n<p>-&#8220;Au lendemain de la primaire de &#8220;la Belle alliance populaire&#8221; (Laurent Dumond, membre de l&#8217;ex\u00e9cutif national du MdP) : http:\/\/www.md-progressistes.fr\/au-lendemain-de-la-primaire-de-la-belle-alliance-populaire\/#.WIcZ3lFXycw.gmail<\/p>\n<p>-&#8220;Emmanuel Macron veut assoir une majorit\u00e9 qui casse la logique de partition&#8221; (Me Jean-Pierre Mignard, proche de Fran\u00e7ois Hollande, face \u00e0 Guillaume Durand; vid\u00e9o) :                      https:\/\/www.dailymotion.com\/video\/x59hisv_emmanuel-macron-veut-assoir-une-majorite-qui-casse-la-logique-de-partition-jean-pierre-mignard-24-0_news<\/p>\n<p>-&#8220;Moi,  je suis socialiste&#8221; (Emmanuel Macron en 2014; Patrick Cohen; vid\u00e9o) : https:\/\/www.franceinter.fr\/emissions\/le-7h43\/le-7h43-24-janvier-2017<\/p>\n<p>-&#8220;Le PS a d\u00e9truit ses primaires en se prenant les pieds dans le tapis&#8221; (Jean-Louis Bourlanges et Philippe Tesson ; vid\u00e9o, amener le curseur sur 8:55) :                                                                         https:\/\/www.dailymotion.com\/video\/x59hk3y_le-ps-a-detruit-ses-primaires-en-se-prenant-les-pieds-dans-le-tapis-philippe-tesson-24-01-2017_news<\/p>\n<p>-&#8220;Il ne manquait plus que \u00e7a pour plomber une primaire qui \u00e9tait cens\u00e9e donner un nouvel \u00e9lan. Le choix entre deux gauches, les \u00e9lecteurs l&#8217;ont d\u00e9j\u00e0 fait avec Jean-Luc M\u00e9lenchon et Emmanuel Macron &#8221; (Guillaume Tabard du &#8220;Figaro&#8221;; son du 24 janvier) :  https:\/\/www.radioclassique.fr\/radio\/emissions\/matinale-de-radio-classique\/22630-2\/<\/p>\n<p>-&#8220;Le r\u00e9sultat de la primaire lui-m\u00eame n&#8217;est pas celui d&#8217;une primaire s\u00e9rieuse. Il n&#8217;y a pas de r\u00e9conciliation possible entre les deux lignes. Beaucoup de parlementaires socialistes vont rejoindre Emmanuel Macron  qui va ainsi devenir un Hollande de substitution. Aller \u00e0 Berlin, Fran\u00e7ois Fillon a raison. Il y a dit qu&#8217;il ne changerait pas son programme. Pour la s\u00e9curit\u00e9 sociale, la distinction entre petits risques et les autres dispara\u00eet&#8221; (Eric Woerth, d\u00e9put\u00e9 LR de l&#8217;Oise, interrog\u00e9 par Myriam Encaoua; vid\u00e9o) : http:\/\/www.itele.fr\/chroniques\/invite-michael-darmon\/linvite-de-myriam-encaoua-du-24012017-172527<\/p>\n<p>-&#8220;Le PS est aussi performant pour g\u00e9rer sa primaire que pour r\u00e9tablir les comptes publics&#8221; (Eric Ciotti, d\u00e9put\u00e9 LR des-Alpes Maritimes, invit\u00e9 de &#8220;Territoires d&#8217;Infos&#8221;; vid\u00e9o, amener le curseur sur 33:38) : http:\/\/www.dailymotion.com\/video\/x59h92m_invite-eric-ciotti-territoires-d-infos-24-01-2017_news<\/p>\n<p>-&#8220;La primaire socialiste tourne \u00e0 la farce&#8221; (Bruno Le Maire, d\u00e9put\u00e9 LR de l&#8217;Eure, face \u00e0 Elizabeth Martichoux; vid\u00e9o) : http:\/\/www.rtl.fr\/actu\/politique\/bruno-le-maire-sur-rtl-la-primaire-socialiste-tourne-a-la-farce-7786894287<\/p>\n<p>-&#8220;J&#8217;observe d&#8217;abord la diff\u00e9rence entre la primaire organis\u00e9e par la droite et celle de la gauche. Si vous \u00eates capable d&#8217;expliquer ce que propose Emmanuel Macron, vous \u00eates tr\u00e8s forte ! Il va devenir le candidat du parti socialiste et de la gauche&#8221; (Brice Hortefeux, eurod\u00e9put\u00e9 LR, face \u00e0 Laurence Ferrari; vid\u00e9o) : http:\/\/www.itele.fr\/chroniques\/invite-politique-ferrari-tirs-croises\/linvite-de-laurence-ferrari-du-24012017-172534<\/p>\n<p>-&#8220;2017, l&#8217;ann\u00e9e d&#8217;un vaste coup de balai dans la politique fran\u00e7aise&#8221; (Yves Thr\u00e9ard du &#8220;Figaro&#8221;; vid\u00e9o) :<br \/>\nhttp:\/\/www.europe1.fr\/emissions\/ledito-politique-dyves-threard\/2017-lannee-dun-vaste-coup-de-balai-dans-la-politique-francaise-2959172<\/p>\n<p><em>-Le travail et l&#8217;\u00e9lection pr\u00e9sidentielle (HARRIS) :<\/em> http:\/\/harris-interactive.fr\/opinion_polls\/les-francais-et-la-presidentielle-de-2017-3\/<\/p>\n<p><strong>EUROPE-MONDE<\/strong><\/p>\n<p>-&#8220;Les avocats de Snowden se tournent vers l&#8217;Europe pour obtenir l&#8217;asile&#8221; (Catherine Stupp) : http:\/\/www.euractiv.fr\/section\/justice-affaires-interieures\/news\/snowden-lawyers-explore-eu-asylum-options\/?nl_ref=29532238<\/p>\n<p><strong>-&#8220;L&#8217;\u00e9conomie mondiale peut faire face aux choix des Etats-Unis&#8221; (le commissaire europ\u00e9en Pierre Moscovici; propos recueillis par Jorge Valero) : <\/strong> http:\/\/www.euractiv.fr\/section\/euro-finances\/interview\/moscovici-trump-will-bring-more-nationalism-and-protectionism\/?nl_ref=29532238<\/p>\n<p>-&#8220;L&#8217;Espagne reste \u00e9tourdie par la crise&#8221; (Juan Jose Durado; son) : https:\/\/www.franceinter.fr\/emissions\/meridien-d-europe\/meridien-d-europe-24-janvier-2017<\/p>\n<p>-Theresa May accus\u00e9e d&#8217;avoir cacher un incident lors d&#8217;un tir d&#8217;un missile nucl\u00e9aire (Philippe Bernard) : http:\/\/www.lemonde.fr\/international\/article\/2017\/01\/23\/theresa-may-accusee-d-avoir-cache-un-incident-lors-d-un-tir-de-missile-nucleaire_5067880_3210.html<\/p>\n<p>-Le SPD doit choisir son candidat face \u00e0 Merkel (Stephan Haselberger) : http:\/\/www.euractiv.fr\/section\/elections\/news\/germany-gears-up-for-election-as-spd-chooses-candidate-to-face-merkel\/?nl_ref=29532238<\/p>\n<p><em>-Les europ\u00e9ens et la vuln\u00e9rabilit\u00e9 \u00e9nerg\u00e9tique des logements (OPINION-WAY) : <\/em> https:\/\/www.opinion-way.com\/fr\/component\/edocman\/?task=document.viewdoc&#038;id=1511&#038;Itemid=0<\/p>\n<p>-&#8220;Faire de la destitution d&#8217;Assad un pr\u00e9alable \u00e0 tout a \u00e9t\u00e9 une erreur&#8221; (Emmanuel Macron, \u00e0 Beyrouth,  qui est oppos\u00e9 aux actions de boycott contre Isra\u00ebl; cit\u00e9 par Benjamin Barthe) : http:\/\/www.lemonde.fr\/election-presidentielle-2017\/article\/2017\/01\/24\/emmanuel-macron-faire-de-la-destitution-d-assad-un-prealable-a-tout-a-ete-une-erreur_5067903_4854003.html<\/p>\n<p><strong>-Les m\u00e9dicaments contrefaits envahissent l&#8217;Afrique (C\u00e9cile Barbi\u00e8re) : <\/strong> http:\/\/www.euractiv.fr\/section\/aide-au-developpement\/news\/les-medicaments-contrefaits-envahissent-lafrique\/?nl_ref=29532238<\/p>\n<p>-Pour l&#8217;investiture de Trump, &#8220;une foule pas si ridicule&#8221; (vid\u00e9o) : http:\/\/www.lemonde.fr\/elections-americaines\/video\/2017\/01\/23\/investiture-de-donald-trump-une-affluence-pas-si-ridicule_5067705_829254.html<\/p>\n<p>-&#8220;Un opposant \u00e0 la neutralit\u00e9 du Net nomm\u00e9 \u00e0 la t\u00eate du gendarme am\u00e9ricain des t\u00e9l\u00e9coms (J\u00e9r\u00f4me Marin) : http:\/\/siliconvalley.blog.lemonde.fr\/2017\/01\/24\/un-opposant-a-la-neutralite-du-net-nomme-a-la-tete-du-gendarme-americain-des-telecoms\/<\/p>\n<p>-&#8220;Le coeur du trumpisme&#8221; (Bernard Guetta; son) : https:\/\/www.franceinter.fr\/emissions\/geopolitique\/geopolitique-24-janvier-2017<\/p>\n<p><strong>-Le succ\u00e8s de l&#8217;\u00e9conomie de partage en Chine (un reportage de Dominique Andr\u00e9; son) <\/strong> : https:\/\/www.franceinter.fr\/emissions\/grand-angle\/grand-angle-24-janvier-2017<\/p>\n<p><strong>CULTURE-MEDIAS<\/strong><\/p>\n<p>-&#8220;Les dinosaures sont morts de froid&#8221; (Pierre Barth\u00e9l\u00e9my) : http:\/\/passeurdesciences.blog.lemonde.fr\/2017\/01\/23\/les-dinosaures-sont-morts-de-froid\/<\/p>\n<p><strong>-&#8220;Qu&#8217;est-ce qui nous diff\u00e9rencie des grands singes&#8221; (Marie-Claude Bomsel, docteur v\u00e9t\u00e9rinaire et Emmanuelle Grundmann, primatologue; invit\u00e9s de Nicolas Martin; son) <\/strong> : https:\/\/www.franceculture.fr\/emissions\/la-methode-scientifique\/quest-ce-qui-nous-differencie-des-grands-singes#xtor<\/p>\n<p><strong>-Sur le sujet, le pal\u00e9ontologue de l&#8217;universit\u00e9 de Bourgogne et du CNRS Jean Chaline (vid\u00e9o) <\/strong> : http:\/\/videotheque.cnrs.fr\/index.php?urlaction=doc&#038;id_doc=777<\/p>\n<p>-Feuilleter le premier ouvrage du photographe Henri Cartier-Bresson (Luc Desbenoit; vid\u00e9o) : http:\/\/www.telerama.fr\/sortir\/video-feuilletez-la-version-originale-du-premier-livre-de-cartier-bresson,153088.php#xtor<\/p>\n<p>-Philippe Besson, auteur de &#8220;Arr\u00eate avec tes mensonges&#8221;, invit\u00e9 de Claire Chazal; son du 21 janvier) : https:\/\/www.radioclassique.fr\/radio\/emissions\/l-invite-culture-de-claire-chazal\/<\/p>\n<p>-Pierre Gattaz, pr\u00e9sident du Medef, invit\u00e9 de &#8220;Passion classique&#8221; d&#8217;Olivier Bellamy; son du 23 janvier) : https:\/\/www.radioclassique.fr\/radio\/emissions\/passion-classique\/<\/p>\n<p><strong>-Au Lucernaire, Judith Magre interpr\u00e8te Marguerite Duras pour la premi\u00e8re fois dans &#8220;L&#8221;Amante anglaise&#8221;, mise en sc\u00e8ne par Thierry Harcourt (Jean-Michel Ogier; vid\u00e9os)<\/strong> : http:\/\/culturebox.francetvinfo.fr\/theatre\/l-amante-anglaise-judith-magre-joue-duras-pour-la-premiere-fois-251683<\/p>\n<p>-Jusqu&#8217;au 30 mars, au th\u00e9\u00e2tre du Ranelagh \u00e0 Paris, &#8220;L&#8217;Aigle \u00e0 deux t\u00eates&#8221; de Jean Cocteau, mis en sc\u00e8ne par Issame Chayle (St\u00e9phanie Loebe; vid\u00e9o) : http:\/\/culturebox.francetvinfo.fr\/theatre\/theatre-contemporain\/l-aigle-a-deux-tetes-le-drame-romantique-de-jean-cocteau-revient-sur-scene-251667<\/p>\n<p>-Au Th\u00e9\u00e2tre Fontaine \u00e0 Paris, &#8220;Silence on tourne&#8221;, la com\u00e9die hilarante de Patrick Haudecoeur et G\u00e9rald Sibleyras (Jean-Michel Ogier) : http:\/\/culturebox.francetvinfo.fr\/theatre\/comedie\/silence-on-tourne-de-haudecoeur-hilarante-histoire-de-tournage-au-theatre-251361<\/p>\n<p><strong>-Le contre-t\u00e9nor Philippe Jaroussky et le violoniste Enrico Onofri au Festival d&#8217;Ambronay (vid\u00e9o int\u00e9grale) <\/strong> : http:\/\/culturebox.francetvinfo.fr\/opera-classique\/opera\/festival-d-ambronay\/musica-notturna-e-onofri-p-jaroussky-a-ambronay-246531<\/p>\n<p>-Bourvil racont\u00e9 par Franck Ferrand (son) : http:\/\/www.europe1.fr\/emissions\/au-coeur-de-l-histoire\/les-grands-portraits-dau-coeur-de-lhistoire-bourvil-2956837<\/p>\n<p>-&#8220;Lumi\u00e8re ! L&#8217;Aventure commence&#8221;, le documentaire de Thierry Fr\u00e9maux (Jacky Bornet; vid\u00e9o) : http:\/\/culturebox.francetvinfo.fr\/cinema\/documentaire\/lumiere-l-aventure-commence-108-films-des-freres-lumiere-indispensables-251625<\/p>\n<p><strong>-&#8220;Censur\u00e9e, la &#8220;Religieuse&#8221; de Jacques Rivette !&#8221; (&#8220;Affaires sensibles&#8221; de Fabrice Drouelle; invit\u00e9e la romanci\u00e8re et critique de cin\u00e9ma H\u00e9l\u00e8ne Frappat; son) : <\/strong> https:\/\/www.franceinter.fr\/emissions\/affaires-sensibles\/affaires-sensibles-24-janvier-2017<\/p>\n<p>-Le festival de &#8220;Sundance&#8221; a bien grandi (J\u00e9r\u00e9mie Couston) : http:\/\/www.telerama.fr\/cinema\/dans-le-blizzard-de-sundance-chroniques-d-une-jeunesse-numerique-et-desenchantee,152975.php#xtor<\/p>\n<p>-Face \u00e0 la pol\u00e9mique, le r\u00e9alisateurs Roman Polanski renonce \u00e0 pr\u00e9sider les C\u00e9sars : http:\/\/culturebox.francetvinfo.fr\/cinema\/evenements\/face-a-la-polemique-le-realisateur-roman-polanski-renonce-a-presider-les-cesar-251703<\/p>\n<p><strong>-Ce qu&#8217;en dit le site de France Culture (Zo\u00e9 Sfez; vid\u00e9os et sons) :     <\/strong>                    https:\/\/www.franceculture.fr\/emissions\/le-journal-de-la-culture\/roman-polanski-renonce-la-presidence-des-cesar#xtor  <\/p>\n<p>-Les nominations pour les Oscars : http:\/\/www.francetvinfo.fr\/culture\/cinema\/oscars\/oscars-ce-qu-il-faut-retenir-des-nominations-de-la-89e-ceremonie_2034003.html<\/p>\n<p><strong>-Isabelle Huppert, dans la cat\u00e9gorie &#8220;meilleure actrice&#8221; (vid\u00e9o) : <\/strong> http:\/\/culturebox.francetvinfo.fr\/cinema\/stars\/oscars-isabelle-huppert-nommee-dans-la-categorie-meilleure-actrice-251721<\/p>\n<p><em>-Les comp\u00e9titions cin\u00e9ma pr\u00e9f\u00e9r\u00e9es des Fran\u00e7ais (CSA) : <\/em> https:\/\/www.csa.eu\/fr\/survey\/les-competitions-cinema-preferees-des-fran%C3%A7ais<\/p>\n<p><strong>-&#8220;Temp\u00eate de sable&#8221;, le regard d&#8217;Elite Zexer, r\u00e9alisatrice isra\u00e9lienne, sur la femme musulmane (Jacky Bornet; vid\u00e9o) : <\/strong> http:\/\/culturebox.francetvinfo.fr\/cinema\/critiques\/tempete-de-sable-regard-d-une-realisatrice-israelienne-sur-la-femme-musulmane-251675<\/p>\n<p>-Le Printemps de Bourges 2017 sera ouvert au th\u00e9\u00e2tre et \u00e0 la musique classique (vid\u00e9o) : http:\/\/culturebox.francetvinfo.fr\/musique\/pop\/un-printemps-de-bourges-2017-ouvert-au-theatre-et-a-la-musique-classique-251729<\/p>\n<p><strong>-&#8220;Un jour, un destin, Barbara&#8221; (Laurent Delahousse; vid\u00e9o) : <\/strong> http:\/\/www.france2.fr\/emissions\/un-jour-un-destin\/videos\/barbara_au-dela_des_apparences_22-01-2017_1463535<\/p>\n<p><strong>-La jeune chanteuse Fishbach en cession priv\u00e9e (Pierrick Allain; vid\u00e9o) :<\/strong> http:\/\/www.telerama.fr\/musique\/son-lumiere-fishbach-en-session-privee,153029.php#xtor<\/p>\n<p><strong>-&#8220;Kadhja Bonet ou la bande son de r\u00eave&#8221; (Rebecca Manzoni; vid\u00e9o et son) : <\/strong> https:\/\/www.franceinter.fr\/emissions\/pop-co\/pop-co-24-janvier-2017<\/p>\n<p>-Bruce Springsteen annonce sur sc\u00e8ne qu&#8217;il rejoint &#8220;la r\u00e9sistance am\u00e9ricaine&#8221; (Laure Narlian; vid\u00e9o) : http:\/\/culturebox.francetvinfo.fr\/musique\/rock\/bruce-springsteen-affirme-sur-scene-qu-il-rejoint-la-resistance-americaine-251685<\/p>\n<p>-Les affiches de Shepard Fairey dans les manifestations anti-Trump (Olivier Granoux) : http:\/\/www.telerama.fr\/scenes\/shepard-fairey-d-une-image-iconique-pro-obama-aux-affiches-de-la-mobilisation-anti-trump,153037.php#xtor<\/p>\n<p><strong>-Les laur\u00e9ats distingu\u00e9s par &#8220;l&#8217;Acad\u00e9mie du jazz&#8221; (Annie Yanb\u00e9kian; vid\u00e9os) : <\/strong> http:\/\/culturebox.francetvinfo.fr\/musique\/jazz-blues\/academie-du-jazz-fred-nardin-michele-hendricks-laurent-courthaliac-distingues-251671<\/p>\n<p>-La mort du batteur Jaki Liebezeit (Laurent Rigoulet; vid\u00e9os) : http:\/\/www.telerama.fr\/musique\/jaki-liebezeit-batteur-krautrock-supreme-est-mort,153033.php#xtor<\/p>\n<p>-Les salari\u00e9s des &#8220;Echos&#8221; votent une motion de d\u00e9fiance, refusant les conditions de d\u00e9m\u00e9nagement qui leur sont impos\u00e9es : http:\/\/www.lemonde.fr\/actualite-medias\/article\/2017\/01\/24\/demenagement-des-echos-les-salaries-votent-une-motion-de-defiance_5068517_3236.html#xtor=AL-32280270<\/p>\n<p><strong>-&#8220;Beno\u00eet Hamon, un trumpiste au programme dada\u00efste&#8221; (Samuel Gontier) : <\/strong> http:\/\/television.telerama.fr\/television\/benoit-hamon-un-trumpiste-au-programme-dadaiste,153070.php#xtor<\/p>\n<p>-Elodie Gossuin anime une \u00e9ni\u00e8me \u00e9mission de cuisine sur France 2 (invit\u00e9e de Thomas Joubert; vid\u00e9o) : http:\/\/www.europe1.fr\/emissions\/l-invite-medias\/elodie-gossuin-on-apprend-a-des-novices-a-faire-a-manger-2958328<\/p>\n<p>-Alain Passart, le cuisinier m\u00e9lomane sur France Musique (propos recueillis par Carole Lefran\u00e7ois) : http:\/\/www.telerama.fr\/radio\/alain-passard-cuisine-classique-sur-france-musique,152936.php#xtor<\/p>\n<p><strong>-Ecouter ses \u00e9missions (sons) :<\/strong> https:\/\/www.francemusique.fr\/emissions\/le-palais-musical-d-alain-passard<\/p>\n<p><strong>-Elisabeth Quin, animatrice du &#8220;28 minutes&#8221; sur Arte, \u00e9tait l&#8217;invit\u00e9e de Sonia Devillers (vid\u00e9o, amener le curseur sur 7:05) : <\/strong> http:\/\/www.dailymotion.com\/video\/x59hrsz_elisabeth-quin-on-peut-traiter-des-sujets-qui-sont-au-coeur-des-enjeux-politiques-sans-recevoir-de-p_news<\/p>\n<p>-&#8220;La guerre des chiffres dans les m\u00e9dias&#8221; (Bruno Donnet; vid\u00e9o) : https:\/\/www.franceinter.fr\/emissions\/l-apres-coup\/l-apres-coup-24-janvier-2017<\/p>\n<p>-Il y a 20 ans, &#8220;Tracks&#8221; d\u00e9barquait dans l&#8217;hebdo d&#8217;Arte (J\u00e9r\u00e9mie Maire; vid\u00e9o) : http:\/\/television.telerama.fr\/television\/pour-ses-20-ans-tracks-deterre-son-tout-premier-numero,153035.php#xtor<\/p>\n<p><strong>-L&#8217;\u00e9mission avec Michel Polnareff (vid\u00e9o pendant 5 jours) : <\/strong> http:\/\/www.arte.tv\/guide\/fr\/067124-008-A\/tracks<\/p>\n<p><strong>-&#8220;La relation entre les corps et les d\u00e9cors&#8221; dans &#8220;Guyane&#8221;, la nouvelle s\u00e9rie de Canal + (son cr\u00e9ateur Fabien Nury et son r\u00e9alisateur Kim Chapiron r\u00e9pondent aux questions de Pierre Langlais (vid\u00e9o) : <\/strong> http:\/\/www.telerama.fr\/series-tv\/kim-chapiron-filmer-guyane-c-etait-capter-la-relation-entre-les-corps-et-les-decors,152718.php#xtor<\/p>\n<p>-Les s\u00e9ries fran\u00e7aises peuvent-elles \u00eatre spectaculaires ? (ce qu&#8217;en pensent Marjolaine Jarry de &#8220;L&#8217;Obs&#8221; et Pierre Langlais de &#8220;T\u00e9l\u00e9rama&#8221;; vid\u00e9o) : http:\/\/www.telerama.fr\/series-tv\/en-direct-les-series-francaises-peuvent-elles-etre-spectaculaires,153087.php#xtor<\/p>\n<p>-&#8220;Le monde de la production des s\u00e9ries a toujours \u00e9t\u00e9 plus \u00e0 gauche que la soci\u00e9t\u00e9. La mise en cause ds journalistes est vieille comme le monde&#8221; (Jean-Louis Bourlanges et Philippe Tesson; vid\u00e9o) :       https:\/\/www.dailymotion.com\/video\/x59hk3y_le-ps-a-detruit-ses-primaires-en-se-prenant-les-pieds-dans-le-tapis-philippe-tesson-24-01-2017_news<\/p>\n<p>-La une du &#8220;Canard encha\u00een\u00e9&#8221; : http:\/\/www.lecanardenchaine.fr\/la-une-du-25-janvier-2017\/<\/p>\n<p>-Anne Roumanoff a pi\u00e9g\u00e9 &#8220;La Redoute&#8221; (son) : http:\/\/www.europe1.fr\/emissions\/le-canular-danne-roumanoff\/le-canular-bah-non-madame-on-va-pas-envoyer-des-colis-pieges-a-nos-clients-2958430<\/p>\n<p><strong>-&#8220;Comment Fillon a emball\u00e9 Merkel !&#8221; (Charline Vanhoenacker; vid\u00e9o) : <\/strong> https:\/\/www.franceinter.fr\/emissions\/le-billet-de-charline-vanhoenacker\/le-billet-de-charline-vanhoenacker-24-janvier-2017<\/p>\n<p><strong>-&#8220;Avec un proche de Donald Trump&#8221; (Guillaume Meurice; vid\u00e9o) : <\/strong> http:\/\/www.dailymotion.com\/video\/x59j8eo_avec-une-proche-de-donald-trump-le-moment-meurice_fun<\/p>\n","protected":false},"excerpt":{"rendered":"<p>ACTUALITE -&#8220;Hausse du ch\u00f4mage en d\u00e9cembre&#8221; : http:\/\/www.francetvinfo.fr\/economie\/emploi\/chomage\/chomage-le-nombre-de-demandeurs-d-emploi-en-hausse-de-0-8-en-decembre-la-premiere-augmentation-apres-trois-mois-consecutifs-de-baisse_2034121.html -&#8220;Une baisse du ch\u00f4mage incertaine&#8230;une hausse de la pr\u00e9carit\u00e9 \u00e9vidente&#8221; (la CGT) : http:\/\/www.cgt.fr\/Une-baisse-du-chomage-incertaine.html -Le commentaire de Philippe Martinez, invit\u00e9 du &#8220;Club de la Presse&#8221; d&#8217;Europe 1 (son) : http:\/\/www.europe1.fr\/emissions\/le-club-de-la-presse\/europe-soir-le-club-de-la-presse-philippe-martinez-et-erwan-le-morhedec-24012017-2959802 -&#8220;La strat\u00e9gie choisie par les actionnaires \u00e9tait de d\u00e9couper le groupe et de le vendre par morceaux&#8221; [&hellip;]<\/p>\n","protected":false},"author":1042,"featured_media":0,"comment_status":"open","ping_status":"open","sticky":false,"template":"","format":"standard","meta":{"_themeisle_gutenberg_block_has_review":false,"footnotes":""},"categories":[151],"tags":[],"class_list":["post-10138","post","type-post","status-publish","format-standard","hentry","category-la-revue-de-presse-de-lulu"],"_links":{"self":[{"href":"https:\/\/archives.regards.fr\/index.php?rest_route=\/wp\/v2\/posts\/10138","targetHints":{"allow":["GET"]}}],"collection":[{"href":"https:\/\/archives.regards.fr\/index.php?rest_route=\/wp\/v2\/posts"}],"about":[{"href":"https:\/\/archives.regards.fr\/index.php?rest_route=\/wp\/v2\/types\/post"}],"author":[{"embeddable":true,"href":"https:\/\/archives.regards.fr\/index.php?rest_route=\/wp\/v2\/users\/1042"}],"replies":[{"embeddable":true,"href":"https:\/\/archives.regards.fr\/index.php?rest_route=%2Fwp%2Fv2%2Fcomments&post=10138"}],"version-history":[{"count":0,"href":"https:\/\/archives.regards.fr\/index.php?rest_route=\/wp\/v2\/posts\/10138\/revisions"}],"wp:attachment":[{"href":"https:\/\/archives.regards.fr\/index.php?rest_route=%2Fwp%2Fv2%2Fmedia&parent=10138"}],"wp:term":[{"taxonomy":"category","embeddable":true,"href":"https:\/\/archives.regards.fr\/index.php?rest_route=%2Fwp%2Fv2%2Fcategories&post=10138"},{"taxonomy":"post_tag","embeddable":true,"href":"https:\/\/archives.regards.fr\/index.php?rest_route=%2Fwp%2Fv2%2Ftags&post=10138"}],"curies":[{"name":"wp","href":"https:\/\/api.w.org\/{rel}","templated":true}]}}