{"id":10134,"date":"2017-01-24T07:10:54","date_gmt":"2017-01-24T06:10:54","guid":{"rendered":"https:\/\/wp.muchomaas.com\/article-la-revue-du-24-janvier-2017\/"},"modified":"2023-06-23T23:23:55","modified_gmt":"2023-06-23T21:23:55","slug":"article-la-revue-du-24-janvier-2017","status":"publish","type":"post","link":"https:\/\/archives.regards.fr\/?p=10134","title":{"rendered":"La Revue du 24 janvier 2017"},"content":{"rendered":"<strong>ACTUALITE<\/strong>\n\n-17 000 employ\u00e9s du groupe Vivarte dans l&#8217;attente d&#8217;un nouveau plan de licenciements chez Andr\u00e9 (le secr\u00e9taire du Comit\u00e9 central d&#8217;entreprise Philippe Dessains; interrog\u00e9 par Dimitri Pavlenko; son) :  http:\/\/www.sudradio.fr\/Podcasts\/L-invite-pour-comprendre\/Philippe-Dessains-secretaire-du-CCE-d-Andre-groupe-Vivarte\n\n<strong>-&#8220;Les salari\u00e9s s&#8217;attendent au pire&#8221; (Maxime Debs; son) :<\/strong> https:\/\/www.franceinter.fr\/emissions\/grand-angle\/grand-angle-23-janvier-2017\n\n-2 000 emplois menac\u00e9s (vid\u00e9o) : http:\/\/www.francetvinfo.fr\/economie\/emploi\/plans-sociaux\/vivarte-2-000-emplois-menaces_2032347.html\n\n-&#8220;La mortalit\u00e9 routi\u00e8re sera sur la m\u00eame tendance que l&#8217;ann\u00e9e derni\u00e8re. L&#8217; apologie des services r\u00e9pressifs ne sert \u00e0 rien. On a baign\u00e9 dans les interdictions, au final rien&#8221; (Pierre Chasseray, d\u00e9l\u00e9gu\u00e9 g\u00e9n\u00e9ral de &#8220;40 millions d&#8217;automobilistes&#8221;; son) :  http:\/\/www.sudradio.fr\/Podcasts\/L-invite-pour-comprendre\/Pierre-Chasseray-delegue-general-de-40-Millions-d-automobilistes7\n\n-La belle histoire d&#8217;un patron (Violaine de la Bigne; son) : http:\/\/www.sudradio.fr\/Podcasts\/Quelle-epoque-ethique\/Belle-histoire-de-Patron\n\n-Nouvelle alerte aux particules, &#8220;cette fois, ce sont les v\u00e9hicules les plus polluants qui sont concern\u00e9s par l&#8217;interdiction de circulation, c&#8217;est plus juste&#8221; (Olivier Blond, pr\u00e9sident de l&#8217;association &#8220;Respire&#8221;; son) : http:\/\/www.sudradio.fr\/Podcasts\/L-invite-pour-comprendre\/Olivier-Blond-president-de-l-Association-Respire3\n\n<strong>-Les nuisances sonores aussi (Nathalie Fontrel (son) : <\/strong> https:\/\/www.franceinter.fr\/emissions\/planete-environnement\/planete-environnement-23-janvier-2017\n\n-La r\u00e9forme du code minier et l&#8217;exploitation des gaz et huiles de schiste (Baptiste Gaborit; son du 23 janvier) : https:\/\/www.radioclassique.fr\/radio\/emissions\/matinale-de-radio-classique\/3-minutes-planete\/\n\n-Les salari\u00e9s de Fenssenheim ne veulent pas entendre parler de fermeture (vid\u00e9o) : http:\/\/www.francetvinfo.fr\/societe\/nucleaire\/fessenheim-les-salaries-ne-veulent-pas-entendre-parler-de-fermeture_2032413.html\n\n-Le proc\u00e8s de l&#8217;explosion de l&#8217;usine AZF de Toulouse s&#8217;ouvre aujourd&#8217;hui (vid\u00e9o) : http:\/\/www.francetvinfo.fr\/faits-divers\/accident\/toulouse-le-proces-de-l-explosion-de-l-usine-azf-s-ouvre-mardi_2032495.html\n\n<strong>POLITIQUE<\/strong>\n\n<strong>-&#8220;Je n&#8217;accepte pas qu&#8217;on monte sur les chiffres pour redonner une centralit\u00e9 au PS. Je demande que M. Borgel donne les chiffres aux journalistes. Il y a des chiffres gonfl\u00e9s \u00e0 l&#8217;h\u00e9lium solf\u00e9rinien. A Paris, 66% des \u00e9lecteurs de Claude Bartolone aux \u00e9lections r\u00e9gionales seraient venus voter, avec moins de bureaux et alors qu&#8217;ils \u00e9taient vides. Il n&#8217;est pas question de se rallier \u00e0 Beno\u00eet Hamon qui, au mieux, a rassembl\u00e9 500 000 voix et qui va &#8220;valsiser&#8221; son programme pour rassembler les socialistes&#8221; (Alexis Corbi\u00e8re, porte parole de Jean-Luc M\u00e9lenchon, face \u00e0 un Olivier Galzi tr\u00e8s militant; vid\u00e9o) : <\/strong> http:\/\/www.itele.fr\/chroniques\/invite-galzi-jusqua-minuit\/linvite-politique-dolivier-galzi-du-23012017-172523\n\n-Apr\u00e8s le premier tour de la primaire, la r\u00e9action de Marie-Pierre Vieu, conseill\u00e8re r\u00e9gionale Front de gauche : http:\/\/mpvieu.canalblog.com\/archives\/2017\/01\/23\/34840564.html\n\n-Celle de Didier Nieto (pi\u00e8ce jointe);\n\n-&#8220;Difficile d&#8217;avoir une id\u00e9e pr\u00e9cise de la participation et du nombre de bureaux de vote&#8221; (Patrick Roger) : http:\/\/www.lemonde.fr\/primaire-de-la-gauche\/article\/2017\/01\/23\/primaire-a-gauche-cafouillage-autour-des-chiffres-de-participation_5067415_5008374.html\n\n-&#8220;Combien de votants au juste&#8221; ? (Pierre-Yves Jammat) : https:\/\/www.contrepoints.org\/2017\/01\/23\/278849-primaire-de-gauche-combien-de-votants\n\n<strong>-Pol\u00e9mique autour de la participation (vid\u00e9os) :<\/strong> http:\/\/www.francetvinfo.fr\/politique\/ps\/primaire-a-gauche\/primaire-de-la-gauche-polemique-autour-de-la-participation_2032361.html\nhttp:\/\/www.francetvinfo.fr\/politique\/ps\/primaire-a-gauche\/primaire-de-la-gauche-les-chiffres-officiels-de-la-participation-toujours-attendus-ce-lundi_2032381.html\n\n-Comment les chiffres du scrutin ont \u00e9t\u00e9 manipul\u00e9s (Samuel Laurent) : http:\/\/www.lemonde.fr\/les-decodeurs\/article\/2017\/01\/23\/primaire-a-gauche-comment-les-chiffres-des-votants-ont-ete-manipules_5067703_4355770.html\n\n-&#8220;Pataqu\u00e8s&#8221; : \nhttp:\/\/www.leparisien.fr\/elections\/presidentielle\/primaires\/primaire-a-gauche-confusion-sur-la-participation-au-premier-tour-23-01-2017-6606594.php\n\n-&#8220;Soup\u00e7on de mensonge&#8221; (Laurent de Boissieu) : http:\/\/www.la-croix.com\/France\/Politique\/Soupcon-de-mensonge-sur-la-participation-a-la-primaire-PS-2017-01-23-1200819431?utm_source\n\n-&#8220;Grande confusion autour de la participation&#8221; (Gabriel Nedelec) : http:\/\/www.lesechos.fr\/elections\/primaire-a-gauche\/0211719932300-primaire-comment-le-parti-socialiste-a-minimise-la-faible-participation-2059294.php#xtor\n\n-&#8220;La politique en r\u00e9alit\u00e9 augment\u00e9e&#8221; (C\u00e9cile Cornudet) : http:\/\/www.lesechos.fr\/elections\/primaire-a-gauche\/0211722107964-primaire-du-ps-la-politique-en-realite-augmentee-2059400.php\n\n-&#8220;Le PS plaide une connerie&#8221; (Etienne Girard) : http:\/\/www.marianne.net\/primaire-gauche-ps-manipule-les-resultats-puis-plaide-connerie-100249423.html\n\n<strong>-&#8220;Un premier tour encourageant&#8221; (Jean-Christophe Cambad\u00e9lis; vid\u00e9o) : <\/strong> https:\/\/www.dailymotion.com\/video\/x59duhz_l-edito-de-jean-christophe-cambadelis-23-primaires-citoyennes-un-premier-tour-encourageant_news\n\n-Les cartes des r\u00e9sultats par circonscription (J\u00e9r\u00e9mie Baruch et Pierre Breteau) :  http:\/\/www.lemonde.fr\/les-decodeurs\/article\/2017\/01\/23\/primaire-de-la-gauche-les-cartes-des-resultats-par-circonscription_5067296_4355770.html\n\n<em>-Sur quels crit\u00e8res les \u00e9lecteurs ont-ils vot\u00e9 ? (OPINION-WAY)<\/em> : https:\/\/www.opinion-way.com\/fr\/component\/edocman\/?task=document.viewdoc&#038;id=1506&#038;Itemid=0\n\n-&#8220;M\u00e9lenchon se r\u00eave en unique candidat de la gauche&#8221; (Rapha\u00eblle Besse Desmouli\u00e8res) : http:\/\/mobile.lemonde.fr\/election-presidentielle-2017\/article\/2017\/01\/23\/melenchon-se-reve-en-unique-candidat-de-la-gauche_5067340_4854003.html?xtref=https:\/\/t.co\/SQ2EFRP5yB\n\n<strong>-&#8220;Il y a un message assez clair pour tourner la page. Fran\u00e7ois Hollande, en renon\u00e7ant, a permis que l&#8217;on se tourne vers le futur. Sur le fond, avec Emmanuel Macron et Jean-Luc M\u00e9lenchon, le dialogue est possible&#8221; (Beno\u00eet Hamon, face \u00e0 Patrick Cohen et  aux auditeurs de France Inter; vid\u00e9os) :    <\/strong>                                                                                                                                                   http:\/\/www.dailymotion.com\/video\/x59d5zf_benoit-hamon-repond-aux-questions-de-patrick-cohen_news                                                                                                                                     http:\/\/www.dailymotion.com\/video\/x59ddys_benoit-hamon-repond-aux-questions-des-auditeurs-de-france-inter_news\n\n<em>-Martine Aubry et ses proches voteront pour lui (document) :<\/em> http:\/\/www.lemonde.fr\/primaire-de-la-gauche\/live\/2017\/01\/23\/primaire-a-gauche-en-direct-une-deuxieme-campagne-demarre-pour-hamon-et-valls_5067255_5008374.html\n\n-&#8220;C&#8217;est un soutien de qualit\u00e9&#8221; (Pascal Cherki, porte-parole de Beno\u00eet Hamon qui &#8220;assume une part d&#8217;id\u00e9alisme&#8221;; vid\u00e9o) :  http:\/\/www.rtl.fr\/actu\/societe-faits-divers\/primaire-a-gauche-pascal-cherki-assume-une-part-d-idealisme-7786883411\n\n<strong>-&#8220;Jamais la gauche n&#8217;a \u00e9t\u00e9 confront\u00e9e a un choix aussi clair. C&#8217;est l&#8217;avenir de la gauche qui gouverne qui se joue. C&#8217;est difficile d&#8217;imposer le choix du coeur et de la raison&#8221; (Manuel Valls, invit\u00e9 de la matinale de RTL. Il r\u00e9pondait aux questions d&#8217;Elizabeth Martichoux; vid\u00e9o) <\/strong> : http:\/\/www.rtl.fr\/actu\/politique\/manuel-valls-jamais-la-gauche-n-a-ete-confrontee-a-un-choix-aussi-clair-7786878873\n\n-Il a r\u00e9pondu aux questions des auditeurs de RTL (vid\u00e9o) : http:\/\/www.rtl.fr\/actu\/politique\/manuel-valls-est-l-invite-de-rtl-lundi-23-janvier-7786875668\n\n-&#8220;Pour lui, le compte sera difficile \u00e0 atteindre&#8221; (Alba Ventura; vid\u00e9o) : http:\/\/www.rtl.fr\/actu\/politique\/resultats-primaire-de-la-gauche-le-compte-sera-difficile-a-atteindre-pour-manuel-valls-note-alba-ventura-7786878417\n\n<strong>-Le point de vue d&#8217;Alexandra Schartzbrod de &#8220;Lib\u00e9ration&#8221; et Judith Waintrob du &#8220;Figaro&#8221;; avec un parall\u00e8le surprenant entre les discours, au soir du premier tour de leurs primaires respectives, de Beno\u00eet Hamon et  Fran\u00e7ois Fillon; invit\u00e9s de Guillaume Erner; sons) :<\/strong> https:\/\/www.franceculture.fr\/emissions\/linvite-des-matins\/primaire-de-gauche-le-changement-cest-maintenant#xtor                                              https:\/\/www.franceculture.fr\/emissions\/linvite-des-matins-2eme-partie\/primaire-de-gauche-le-changement-cest-maintenant-2eme\n\n<strong>-&#8220;Fran\u00e7ois Hollande a d\u00e9cid\u00e9 de se tenir tr\u00e8s loin de la primaire, c&#8217;est un bien. Le fait politique, c&#8217;est d&#8217;\u00eatre arriv\u00e9 nettement en t\u00eate. Rien n&#8217;est jamais acquis, il vaut mieux \u00eatre nettement en t\u00eate. Il faut que Manuel Valls soit nettement battu pour que la ligne politique soit tranch\u00e9e pour les ann\u00e9es \u00e0 venir&#8221; (R\u00e9gis Juanico, d\u00e9put\u00e9 PS de la Loire, porte-parole de Beno\u00eet Hamon; face \u00e0 Elsa Mondin-Gava; vid\u00e9o, amener le curseur sur 11:10) <\/strong> :  http:\/\/www.lcp.fr\/emissions\/politique-matin\/279034-politique-matin\n\n-&#8220;Au second tour, il y a deux projets, une gauche utopiste et une gauche de gouvernement que je souhaite voir l&#8217;emporter&#8221; (Sylvia Pinel, invit\u00e9e de &#8220;Politique matin&#8221; sur LCP; vid\u00e9o, amener le curseur sur 38:00) : http:\/\/www.lcp.fr\/emissions\/politique-matin\/279034-politique-matin\n\n-Elle \u00e9tait \u00e9galement l&#8217;invit\u00e9e de la matinale d&#8217;i-T\u00e9l\u00e9, face \u00e0 Myriam Encaoua (vid\u00e9o) : http:\/\/www.itele.fr\/chroniques\/invite-michael-darmon\/linvite-de-myriam-encaoua-du-23012017-172509\n\n-&#8220;Rien n&#8217;est \u00e9crit, une nouvelle campagne commence&#8221; (Olivier Dussopt, d\u00e9put\u00e9 PS de l&#8217;Ard\u00e8che, porte-parole de Manuel Valls; invit\u00e9 de &#8220;Territoires d&#8217;Infos&#8221;; vid\u00e9o) :                              http:\/\/www.dailymotion.com\/video\/x59ddjt_invite-olivier-dussopt-territoires-d-infos-le-best-of-23-01-2017_tv\n\n-&#8220;Beno\u00eet Hamon n&#8217;est pas le candidat de la feuille de paie mais de la feuille d&#8217;imp\u00f4ts&#8221; (Didier Guillaume, directeur de campagne de Manuel Valls, face \u00e0 Alexis Bachelay, porte-parole de Beno\u00eet Hamon; vid\u00e9o) :  http:\/\/www.europe1.fr\/emissions\/linterview-politique-de-8h20\/didier-guillaume-benoit-hamon-nest-pas-le-candidat-de-la-feuille-de-paie-mais-de-la-feuille-dimpots-2958193\n\n-&#8220;Le revenu universel est irr\u00e9alisable&#8221; (le secr\u00e9taire d&#8217;Etat Thierry Mandon, face \u00e0 Guillaume Durand; vid\u00e9o) : https:\/\/www.dailymotion.com\/video\/x59dedp_la-proposition-du-revenu-universel-est-irrealisable-thierry-mandon-23-01-2017_news\n\n-Julien Dray, secr\u00e9taire national du PS, &#8220;qui n&#8217;a aucun antagonisme personnel avec l&#8217;un ou l&#8217;autre&#8221;, attend le d\u00e9bat de mercredi pour faire son choix . Cependant, avec Beno\u00eet Hamon, &#8220;il a l&#8217;impression de retrouver le PSU, c&#8217;\u00e9tait sympathique mais on savait que c&#8217;\u00e9tait pas \u00e7a qui allait transformer le pays&#8221; (face \u00e0 Yves Calvi; vid\u00e9o, amener le curseur sur 1:04:29) : http:\/\/www.lci.fr\/replay\/replay-24-heures-en-questions-du-23-janvier-2017-2023144.html%3Ftype=content\n\n-&#8220;Le vainqueur devra rassembler sur des actes concrets&#8221; (Emmanuelle Cosse, ministre du Logement; invit\u00e9e de la matinale de Franceinfo; vid\u00e9o ) :http:\/\/www.dailymotion.com\/video\/x59dhjm_pour-emmanuelle-cosse-le-vainqueur-de-la-primaire-de-la-gauche-devra-rassembler-sur-des-actes-concre_news\n\n-&#8220;Apr\u00e8s tout, nos militants feront ce qu&#8217;ils voudront&#8221; (Jean-Luc Bennahmias; propos recueillis par Pierre Carrey) : http:\/\/www.liberation.fr\/elections-presidentielle-legislatives-2017\/2017\/01\/23\/jean-luc-bennamhias-apres-tout-nos-militants-feront-ce-qu-ils-voudront_1543355?xtor\n\n-Le vainqueur avec le score de Martine Aubry en 2011 : http:\/\/www.lemonde.fr\/les-decodeurs\/article\/2017\/01\/22\/montebourg-sur-son-etiage-de-2017-hamon-sur-celui-d-aubry_5067139_4355770.html\n\n-&#8220;Hamon et Valls, deux minorit\u00e9s du PS qui \u00e9mergent&#8221; (Corinne Laurent et S\u00e9bastien Maillard) : http:\/\/www.la-croix.com\/France\/Politique\/La-primaire-PS-dessine-un-nouveau-paysage-a-gauche-2017-01-23-1200819442?utm_source\n\n-&#8220;Beno\u00eet Hamon a jou\u00e9 sur l&#8217;effet nouveaut\u00e9&#8221; (Genevi\u00e8ve Fressoz, \u00e9ditorialiste du &#8220;Monde&#8221;; vid\u00e9o) : http:\/\/www.lemonde.fr\/videos\/video\/2017\/01\/22\/primaire-a-gauche-benoit-hamon-a-joue-sur-l-effet-nouveaute_5067154_1669088.html\n\n<strong>-&#8220;Hamon et Valls sont-ils candidats de la m\u00eame \u00e9lection ?&#8221; (Thomas Legrand; son) : <\/strong> https:\/\/www.franceinter.fr\/emissions\/l-edito-politique\/l-edito-politique-23-janvier-2017\n\n-&#8220;Quelles cons\u00e9quences pour la droite&#8221; (Yves Thr\u00e9ard du &#8220;Figaro&#8221;; vid\u00e9o) :  http:\/\/www.europe1.fr\/emissions\/ledito-politique-dyves-threard\/benoit-hamon-en-tete-quelles-consequences-pour-la-droite-2958094\n\n<strong>-&#8220;On voit mal ce qui pourrait emp\u00eacher Beno\u00eet Hamon de l&#8217;emporter. C&#8217;est la revanche des frondeurs. Rien n&#8217;emp\u00eache les ralliement \u00e0 Emmanuel Macron. Lorsque les vents sont contraires, c&#8217;est le sauve-qui-peut.  Le rapport de forces entre Jean-Luc M\u00e9lenchon et le PS est tr\u00e8s d\u00e9favorable \u00e0 ce dernier&#8221;  (Guillaume Tabard du &#8220;Figaro; son du 23 janvier) : <\/strong> https:\/\/www.radioclassique.fr\/radio\/emissions\/matinale-de-radio-classique\/22630-2\/\n\n-&#8220;C&#8217;est une bonne nouvelle pour nous&#8221; (dans le camp de Macron; vid\u00e9o) : http:\/\/rmc.bfmtv.com\/mediaplayer\/video\/primaire-a-gauche-c-est-une-bonne-chose-pour-nous-estime-t-on-dans-le-camp-macron-906077.html\n\n-&#8220;Le parti socialiste est dans une difficult\u00e9 majeure&#8221; (Richard Ferrand, d\u00e9put\u00e9 PS du Finist\u00e8re, secr\u00e9taire g\u00e9n\u00e9ral de &#8220;En Marche&#8221;; vid\u00e9o) :  http:\/\/www.bfmtv.com\/mediaplayer\/video\/l-edito-de-christophe-barbier-benoit-hamon-et-manuel-valls-au-second-tour-un-boulevard-pour-emmanuel-macron-906075.html\n\n<strong>-&#8220;Cette primaire avait \u00e9t\u00e9 con\u00e7ue pour mettre en difficult\u00e9 Fran\u00e7ois Hollande. Hier soir, on a  travaill\u00e9 sur des chiffres qui n&#8217;\u00e9taient pas les bons. La semaine prochaine, on n&#8217;aura pas avanc\u00e9 d&#8217;un pouce sur la dynamique pr\u00e9sidentielle&#8221; (Me Jean-Pierre Mignard, proche du Pr\u00e9sident, qui a rejoint le comit\u00e9 politique d'&#8221;en Marche&#8221;; interrog\u00e9 par L\u00e9a Salam\u00e9; vid\u00e9o) <\/strong> : https:\/\/www.franceinter.fr\/emissions\/l-invite-de-7h50\/l-invite-de-7h50-23-janvier-2017\n\n-&#8220;A Montpellier, le revenu universel fait d\u00e9bat&#8221; (Sylvia Zappi) : http:\/\/www.lemonde.fr\/election-presidentielle-2017\/article\/2017\/01\/21\/a-montpellier-le-revenu-universel-fait-debat_5066588_4854003.html\n\n-&#8220;Les robots cr\u00e9ent de l&#8217;emploi&#8221; (Fran\u00e7ois Lenglet; vid\u00e9o) : http:\/\/www.rtl.fr\/actu\/politique\/les-robots-creent-de-l-emploi-demontre-francois-lenglet-7786878681\n\n-&#8220;Le favori Manuel Valls en ballotage d\u00e9favorable &#8221; (vid\u00e9o) : http:\/\/www.lemonde.fr\/primaire-de-la-gauche\/article\/2017\/01\/22\/manuel-valls-le-favori-en-ballottage-defavorable_5067090_5008374.html\n\n-&#8220;Il y a un couac autour de la participation&#8221; (Bernard Sanan\u00e8s, pr\u00e9sident de l&#8217;institut ELABE; vid\u00e9o) : http:\/\/www.bfmtv.com\/mediaplayer\/video\/primaire-a-gauche-y-a-t-il-un-couac-autour-de-la-participation-906063.html\n\n<strong>-&#8220;Je n&#8217;ai pas appr\u00e9ci\u00e9 l&#8217;enfumage autour de la participation. C&#8217;est un \u00e9chec. Pourquoi perdre avec le PS alors qu&#8217;on peut gagner \u00e9ventuellement avec Jean-Luc M\u00e9lenchon ?&#8221; (Alexis Corbi\u00e8re, son porte-parole; face \u00e0 Jean-Jacques Bourdin; vid\u00e9o) :  <\/strong> http:\/\/rmc.bfmtv.com\/mediaplayer\/video\/alexis-corbiere-denonce-l-enfumage-de-la-participation-a-la-primaire-a-gauche-906097.html\n\n-&#8220;Il n&#8217;est pas dit que la primaire soit un dispositif tr\u00e8s utile lorsqu&#8217;on est sortant. Beno\u00eet Hamon a un succ\u00e8s dans le d\u00e9bat d&#8217;id\u00e9es, Manuel Valls sur la pr\u00e9sidentialit\u00e9. Le 2e tour n&#8217;est pas jou\u00e9 &#8221; (le politologue Olivier Rouquan, face \u00e0 Dimitri Pavlenko; son) : http:\/\/www.sudradio.fr\/Podcasts\/L-invite-pour-comprendre\/Olivier-Rouquan-politologue-et-auteur-de-En-finir-avec-le-President\n\n-&#8220;Enorm\u00e9ment d&#8217;\u00e9lecteurs se prononcent pour les id\u00e9es&#8221; (il \u00e9tait aussi l&#8217;invit\u00e9 d&#8217;Eric Delvaux sur France Inter; son) :  https:\/\/www.franceinter.fr\/emissions\/l-invite-du-5-7\/l-invite-du-5-7-23-janvier-2017\n\n-&#8220;Ce duel laissera des traces&#8221; (Sylvain Courage, r\u00e9dacteur en chef de &#8220;l&#8217;Obs&#8221;; vid\u00e9o) : http:\/\/tempsreel.nouvelobs.com\/videos\/885k8x.DGT\/hamon-valls-ce-duel-laissera-des-traces.html#xtor\n\n-&#8220;La racl\u00e9e pour Montebourg&#8221; (S\u00e9bastien Billard) : http:\/\/tempsreel.nouvelobs.com\/politique\/presidentielle-2017-primaire-gauche\/20170122.OBS4170\/montebourg-elimine-de-la-primaire-a-gauche-la-raclee.html#xtor\n\n-&#8220;Dimanche soir, c&#8217;\u00e9tait carr\u00e9ment la gueule de bois&#8221; (Nathalie Schuck du &#8220;Parisien&#8221;; son) : https:\/\/www.franceinter.fr\/emissions\/histoires-politiques\/histoires-politiques-23-janvier-2017\n\n-&#8220;Le PS est mal barr\u00e9 !&#8221; (Daniel Cohn-Bendit; vid\u00e9o) : http:\/\/www.europe1.fr\/emissions\/l-humeur\/le-ps-est-mal-barre-2958151\n\n<em>-La composition des \u00e9lectorats des candidats du premier tour de la primaire (HARRIS) :<\/em>  http:\/\/www.lcp.fr\/actualites\/portrait-robot-de-lelecteur-du-1er-tour-des-primaires-citoyennes\n\n-&#8220;On assiste \u00e0 un effondrement du PS. C&#8217;est un \u00e9chec en terme de participation pour lui et pour la gauche&#8221; (Bernard Accoyer, secr\u00e9taire g\u00e9n\u00e9ral des R\u00e9publicains, face \u00e0 Yves Calvi; son) :  http:\/\/www.rtl.fr\/actu\/politique\/primaire-de-la-gauche-on-assiste-a-un-effondrement-du-ps-selon-bernard-accoyer-7786878310?utm_campaign\n\n-&#8220;Le chiffre de la participation est \u00e9tonnant. Si j&#8217;avais \u00e9t\u00e9 candidat \u00e0 cette primaire, je poserais la question de la cr\u00e9dibilit\u00e9 de son organisation. Fran\u00e7ois Hollande a \u00e9t\u00e9 le fossoyeur du PS pendant cinq ans&#8221; (Thierry Sol\u00e8re, porte-parole de Fran\u00e7ois Fillon, interrog\u00e9 par Caroline Roux; vid\u00e9o) :  http:\/\/www.france2.fr\/emissions\/telematin\/actu\/les-4-verites-thierry-solere_548263\n\n-&#8220;Cette primaire a au moins l&#8217;avantage de montrer qu&#8217;il y a deux gauches qui ont en commun de vouloir jeter par les fen\u00eatres l&#8217;argent qu&#8217;elles n&#8217;ont pas&#8221; (Mich\u00e8le Alliot-Marie, candidate \u00e0 l&#8217;\u00e9lection pr\u00e9sidentielle; interrog\u00e9e par Laurence Ferrari; vid\u00e9o) : http:\/\/www.itele.fr\/chroniques\/invite-politique-ferrari-tirs-croises\/linvite-de-laurence-ferrari-du-23012017-172520\n\n-&#8220;Beno\u00eet Hamon \u00e9tait en phase avec ses convictions, comme Fran\u00e7ois Fillon. Cette gauche est irr\u00e9conciliable. Il y a trois gauches au sein du PS, plus Jean-Luc M\u00e9lenchon qui n&#8217;y est pas&#8221; (J\u00e9r\u00f4me Chartier, d\u00e9put\u00e9 LR du Val-d&#8217;Oise, conseiller sp\u00e9cial de Fran\u00e7ois Fillon; face \u00e0 Jean-Jacques Bourdin; vid\u00e9o) : http:\/\/www.bfmtv.com\/mediaplayer\/video\/jerome-chartier-face-a-jean-jacques-bourdin-en-direct-906099.html\n\n-&#8220;Les deux grands vainqueurs sont Emmanuel Macron et Marine Le Pen&#8221; (Luc Ferry; vid\u00e9o) : https:\/\/www.dailymotion.com\/video\/x59df1l_les-deux-grands-vainqueurs-de-cette-primaire-sont-emmanuel-macron-et-marine-le-pen-luc-ferry-23-01_news\n\n-&#8220;Macron, vainqueur de la primaire ?&#8221;, en d\u00e9bat dans &#8220;24 Heures en questions&#8221; d&#8217;Yves Calvi (vid\u00e9o) : http:\/\/www.lci.fr\/replay\/replay-24-heures-en-questions-du-23-janvier-2017-2023144.html%3Ftype=content\n\n-Laurence Ha\u00efm, sa porte-parole, \u00e9tait l&#8217;invit\u00e9e de Ruth Elkrief (vid\u00e9o) : http:\/\/www.bfmtv.com\/mediaplayer\/video\/laurence-haim-face-a-ruth-elkrief-906369.html\n\n<strong>EUROPE-MONDE<\/strong>\n\n<strong>-Le Parlement europ\u00e9en favorable \u00e0 un salaire minimum pour toute l&#8217;Union europ\u00e9enne (Catherine Stupp et C\u00e9cile Barbi\u00e8re) : <\/strong> http:\/\/www.euractiv.fr\/section\/europe-sociale-emploi\/news\/meps-call-for-eu-law-requiring-national-minimum-wage-in-every-country\/?nl_ref=29450536\n\n-&#8220;Les agriculteurs bio plaident pour une PAC plus durable&#8221; (Sarantis Michalopoulos) : http:\/\/www.euractiv.fr\/section\/agriculture-alimentation\/news\/organic-farmers-call-for-sustainability-driven-cap-payments\/?nl_ref=29450536\n\n-&#8220;Le protectionnisme en ce moment, c&#8217;est une mauvaise id\u00e9e&#8221; (Benoit Coeur\u00e9, du directoire de la BCE; interrog\u00e9 par Nicolas Pierron; vid\u00e9o) : https:\/\/www.dailymotion.com\/video\/x59dddz_le-protectionnisme-en-ce-moment-c-est-une-mauvaise-idee-benoit-coeure-23-01-2017_news\n\n-Berlin doit abandonner le charbon d&#8217;ici 2035 pour respecter l&#8217;accord de Paris (Christoph Zeiher) : http:\/\/www.euractiv.fr\/section\/energie\/news\/germany-needs-to-start-coal-phase-out-by-2019-to-honour-paris-targets\/?nl_ref=29450536\n\n-&#8220;De premi\u00e8res cons\u00e9quences bien r\u00e9elles du Brexit&#8221; (le journaliste britannique Philip Turle; son) : https:\/\/www.franceinter.fr\/emissions\/meridien-d-europe\/meridien-d-europe-23-janvier-2017\n\n<strong>-&#8220;2017 sera une ann\u00e9e eurotique&#8221; (Nicolas Domenach; vid\u00e9o) : <\/strong> http:\/\/www.rtl.fr\/actu\/international\/nicolas-domenach-2017-sera-une-annee-eurotique-7786879302\n\n-A Astana au Kazakhstan, &#8220;la Russie veut transformer son succ\u00e8s militaire en Syrie en victoire diplomatique&#8221; (Isabelle Mandraud et Marc Semo) : http:\/\/www.lemonde.fr\/syrie\/article\/2017\/01\/22\/a-astana-la-russie-veut-transformer-son-succes-militaire-en-syrie-en-victoire-diplomatique_5067043_1618247.html\n\n-&#8220;La difficile ambition syrienne de Vladimir Poutine&#8221; (Bernard Guetta; son) : https:\/\/www.franceinter.fr\/emissions\/geopolitique\/geopolitique-23-janvier-2017\n\n<strong>-&#8220;Ce sont les Russes, les Iraniens et les Turcs qui ont la main. Bachar El Assad est une marionnette aux mains des Russes et des Iraniens&#8221; (Agn\u00e8s Levallois, professeur \u00e0 Sciences Po et \u00e0 l&#8217;ENA; interrog\u00e9e par Thomas Sotto; vid\u00e9o) : <\/strong> http:\/\/www.europe1.fr\/emissions\/l-interview-verite\/agnes-levallois-bachar-el-assad-est-une-marionnette-aux-mains-des-russes-et-des-iraniens-2958145\n\n<strong>-Reprise de la colonisation \u00e0 J\u00e9rusalem-Est (vid\u00e9o) : <\/strong> http:\/\/newscdn.newsrep.net\/h5\/nrvideo.html?r=3&#038;lan=fr_FR&#038;pid=14&#038;id=m279840b7wc_fr&#038;app_lan=fr_FR&#038;mcc\n\n-Mohamed VI, roi du Maroc, est atteint &#8220;d&#8217;une maladie \u00e0 \u00e9volution lente soign\u00e9e \u00e0 coup de cortisone&#8221; (Jean Glavany, d\u00e9put\u00e9 PS des Hautes-Pyr\u00e9n\u00e9es; vid\u00e9o) : http:\/\/www.lcp.fr\/actualites\/un-depute-francais-evoque-la-maladie-du-roi-du-maroc-mohammed-vi\n\n-&#8220;Ex-otages de Boko Haram, ces enfants nig\u00e9rians peinent \u00e0 se reconstruire&#8221; (Thibault Lef\u00e8vre; son) : https:\/\/www.franceinter.fr\/emissions\/le-zoom-de-la-redaction\/le-zoom-de-la-redaction-23-janvier-2017\n\n-&#8220;Les deux contradictions du discours \u00e9conomique de Donald Trump&#8221; (Dominique Seux des &#8220;Echos&#8221;; son) : https:\/\/www.franceinter.fr\/emissions\/l-edito-eco\/l-edito-eco-23-janvier-2017\n\n-Le milliardaire George Soros pr\u00e9dit son \u00e9chec (Georgi Gotev) :  http:\/\/www.euractiv.fr\/section\/politique\/news\/soros-would-be-dictator-trump-will-fail\/?nl_ref=29450536\n\n<strong>-Mediapart &#8220;a sonn\u00e9 l&#8217;alarme&#8221; sur l&#8217;arriv\u00e9e de Donald Trump \u00e0 la Maison Blanche (vid\u00e9o) <\/strong> : https:\/\/www.youtube.com\/watch?v=VeSK10X_2jE\n\n<strong>-&#8220;La Chine n&#8217;est pas vraiment le chantre du libre-\u00e9change. La n\u00e9cessit\u00e9 l&#8217;emporte sur la conversion&#8221; (Pierre Haski) : <\/strong> http:\/\/tempsreel.nouvelobs.com\/monde\/20170122.OBS4148\/non-la-chine-n-est-pas-devenue-le-leader-de-la-mondialisation-liberale.html#xtor\n\n<strong>CULTURE-MEDIAS<\/strong>\n\n<strong>-Jusqu&#8217;au 4 f\u00e9vrier, au Centre national dramatique de Montreuil 93), &#8220;Shock Corridor&#8221; de Samuel Fuller, dans une mise en sc\u00e8ne de Mathieu Bauer (Gilles Costaz) <\/strong> : http:\/\/www.webtheatre.fr\/Shock-Corridor-de-Samuel-Fuller\n\n-&#8220;Julieta&#8221;, la th\u00e9rapie d&#8217;Almodovar&#8221; (Fr\u00e9d\u00e9ric Strauss; vid\u00e9o) : http:\/\/www.telerama.fr\/cinema\/re-voir-julieta-pour-la-therapie-d-almodovar,152952.php#xtor\n\n-La force des d\u00e9cors de &#8220;Aquarius&#8221; de Kleber Mendo\u00e7a et de &#8220;Nocturama&#8221; de Bertrand Bonello (Guillemette Odicino; vid\u00e9os) : http:\/\/www.telerama.fr\/cinema\/re-voir-aquarius-et-nocturama-pour-la-force-de-leur-decor,152932.php#xtor\n\n<strong>-&#8220;William Benedetto, un \u00e9cran dans les quartiers Nord de Marseille&#8221; (propos recueillis par Coralie Bonnefoy<\/strong>) : http:\/\/www.la-croix.com\/Culture\/Cinema\/William-Benedetto-ecran-dans-quartiers-Nord-Marseille-2017-01-19-1200818371\n\n-Jusqu&#8217;au 18 f\u00e9vrier, l&#8217;artiste flamand Pieter Vermeersch installe ses tableaux abstraits \u00e0 la galerie Emmanuel Perrotin \u00e0 Paris (Olivier Cena) : http:\/\/www.telerama.fr\/sortir\/pieter-vermeersch-installe-ses-tableaux-abstraits-a-la-galerie-perrotin,152725.php#xtor\n\n-&#8220;Le groupe &#8220;Saint Etienne&#8221; toujours vert&#8221; (Laurent Rigoulet; son) : http:\/\/www.telerama.fr\/musique\/saint-etienne-toujours-vert,152904.php#xtor\n\n<strong>-&#8220;Daft Punk danse au bal casqu\u00e9&#8221; (Rebecca Manzoni; vid\u00e9o) : <\/strong> https:\/\/www.franceinter.fr\/emissions\/pop-co\/pop-co-23-janvier-2017\n\n<strong>-Vendredi \u00e0 20 heures, \u00e0 la &#8220;Galette \u00e9lectrique&#8221; \u00e0 Paris, le groupe M2GB, avec l&#8217;ami G\u00e9rald Briant (son) <\/strong> : https:\/\/soundcloud.com\/m2gb\/entre-deux-glissieres-m2gb\n\n-Hommage au parolier Frank Thomas (Patrick Cohen; son) : https:\/\/www.franceinter.fr\/emissions\/le-7h43\/le-7h43-23-janvier-2017\n\n-&#8220;Ce que le djazz fait \u00e0 ma djambe&#8221;, jusqu&#8217;au 4 f\u00e9vrier au Th\u00e9\u00e2tre de l&#8217;Atelier \u00e0 Paris, le spectacle de l&#8217;acteur Jacques Gamblin (Fabienne Pascaud) : http:\/\/www.telerama.fr\/scenes\/avec-jacques-gamblin-ca-va-jazzer,152695.php#xtor\n\n<strong>-L&#8217;auteure de BD Florence Cestac \u00e9tait l&#8217;invit\u00e9e d&#8217;Augustin Trapenard (son) : <\/strong> https:\/\/www.franceinter.fr\/emissions\/boomerang\/boomerang-23-janvier-2017\n\n-&#8220;Nous perdons avec Alain Gu\u00e9rin un talent rare&#8221; (Pierre Laurent) : http:\/\/www.pcf.fr\/95696\n\n-La presse pointe l&#8217;affrontement \u00e0 venir de deux gauches : http:\/\/www.lesechos.fr\/elections\/primaire-a-gauche\/0211719714973-primaire-la-presse-souligne-laffrontement-a-venir-de-deux-gauches-2059279.php#xtor\n\n-Les unes de la presse quotidienne d&#8217;hier (vid\u00e9o; amener le curseur sur 5:37) : http:\/\/www.lcp.fr\/emissions\/politique-matin\/279034-politique-matin\n\n-Le face \u00e0  face Hamon\/Valls mercredi sur TF1 et France 2 (Marc Baudriller; son du 23 janvier) : https:\/\/www.radioclassique.fr\/radio\/emissions\/matinale-de-radio-classique\/la-vie-des-medias\/\n\n-Le dimanche soir sur France Culture, dans &#8220;Secret professionnel&#8221;, l&#8217;\u00e9crivain Charles Dantzig livre ceux de la cr\u00e9ation culturelle (Ir\u00e8ne Verlaque) : http:\/\/www.telerama.fr\/radio\/sur-france-culture-charles-dantzig-a-une-revelation,152400.php#xtor\n\n<strong>-Pour le r\u00e9\u00e9couter (sons) <\/strong> : https:\/\/www.franceculture.fr\/emissions\/secret-professionnel\n\n<strong>-Hier, un mois apr\u00e8s sa mort, Arte diffusait &#8220;Quai des brumes&#8221; avec Mich\u00e8le Morgan, &#8220;les plus beaux yeux du cin\u00e9ma&#8221;. Avec une forte concurrence ! (Sonia Devillers; son et vid\u00e9os) :<\/strong>  https:\/\/www.franceinter.fr\/emissions\/l-instant-tele\/l-instant-tele-23-janvier-2017\n\n-&#8220;Du foot au hand, peut-on tout commenter ?&#8221; (Gr\u00e9goire Margotton qui va commenter les matchs du Championnat du monde sur TF1, \u00e9tait l&#8217;invit\u00e9 de Sonia Devillers; vid\u00e9o, amener le curseur sur 4:00) : http:\/\/www.dailymotion.com\/video\/x59djo8_gregoire-margotton-du-foot-au-hand-peut-on-tout-commenter_sport\n\n-&#8220;Manuel Valls, et de deux !&#8221; (Daniel Morin; vid\u00e9o) : https:\/\/www.franceinter.fr\/emissions\/le-billet-de-daniel-morin\/le-billet-de-daniel-morin-23-janvier-2017\n\n&#8211;<strong>&#8220;C&#8217;est dingue ce qui s&#8217;est pass\u00e9 hier soir ! D\u00e9j\u00e0, un socialiste a gagn\u00e9 une \u00e9lection ! Et le gagnant, c&#8217;est Beno\u00eet Hamon !&#8221; (Charline Vanhoenacker; vid\u00e9o) : <\/strong> https:\/\/www.franceinter.fr\/emissions\/le-billet-de-charline-vanhoenacker\/le-billet-de-charline-vanhoenacker-23-janvier-2017\n\n-&#8220;Efficace et pas ch\u00e8re, c&#8217;est la baffe que je pr\u00e9f\u00e8re&#8221; (Nicolas Canteloup; vid\u00e9o) : http:\/\/www.europe1.fr\/emissions\/la-revue-de-presque\/efficace-et-pas-chere-cest-la-baffe-que-je-prefere-2958217\n\n\n<h2 class=\"wp-block-heading\">Documents joints<\/h2>\n\n\n\n<div class=\"wp-block-file\"><a href=\"https:\/\/wp.muchomaas.com\/wp-content\/uploads\/2017\/01\/primaire-bf8.pdf\">primaire.pdf<\/a><\/div>\n\n\n","protected":false},"excerpt":{"rendered":"<p>ACTUALITE -17 000 employ\u00e9s du groupe Vivarte dans l&#8217;attente d&#8217;un nouveau plan de licenciements chez Andr\u00e9 (le secr\u00e9taire du Comit\u00e9 central d&#8217;entreprise Philippe Dessains; interrog\u00e9 par Dimitri Pavlenko; son) : http:\/\/www.sudradio.fr\/Podcasts\/L-invite-pour-comprendre\/Philippe-Dessains-secretaire-du-CCE-d-Andre-groupe-Vivarte -&#8220;Les salari\u00e9s s&#8217;attendent au pire&#8221; (Maxime Debs; son) : https:\/\/www.franceinter.fr\/emissions\/grand-angle\/grand-angle-23-janvier-2017 -2 000 emplois menac\u00e9s (vid\u00e9o) : http:\/\/www.francetvinfo.fr\/economie\/emploi\/plans-sociaux\/vivarte-2-000-emplois-menaces_2032347.html -&#8220;La mortalit\u00e9 routi\u00e8re sera sur la m\u00eame [&hellip;]<\/p>\n","protected":false},"author":1042,"featured_media":0,"comment_status":"open","ping_status":"open","sticky":false,"template":"","format":"standard","meta":{"_themeisle_gutenberg_block_has_review":false,"footnotes":""},"categories":[151],"tags":[],"class_list":["post-10134","post","type-post","status-publish","format-standard","hentry","category-la-revue-de-presse-de-lulu"],"_links":{"self":[{"href":"https:\/\/archives.regards.fr\/index.php?rest_route=\/wp\/v2\/posts\/10134","targetHints":{"allow":["GET"]}}],"collection":[{"href":"https:\/\/archives.regards.fr\/index.php?rest_route=\/wp\/v2\/posts"}],"about":[{"href":"https:\/\/archives.regards.fr\/index.php?rest_route=\/wp\/v2\/types\/post"}],"author":[{"embeddable":true,"href":"https:\/\/archives.regards.fr\/index.php?rest_route=\/wp\/v2\/users\/1042"}],"replies":[{"embeddable":true,"href":"https:\/\/archives.regards.fr\/index.php?rest_route=%2Fwp%2Fv2%2Fcomments&post=10134"}],"version-history":[{"count":0,"href":"https:\/\/archives.regards.fr\/index.php?rest_route=\/wp\/v2\/posts\/10134\/revisions"}],"wp:attachment":[{"href":"https:\/\/archives.regards.fr\/index.php?rest_route=%2Fwp%2Fv2%2Fmedia&parent=10134"}],"wp:term":[{"taxonomy":"category","embeddable":true,"href":"https:\/\/archives.regards.fr\/index.php?rest_route=%2Fwp%2Fv2%2Fcategories&post=10134"},{"taxonomy":"post_tag","embeddable":true,"href":"https:\/\/archives.regards.fr\/index.php?rest_route=%2Fwp%2Fv2%2Ftags&post=10134"}],"curies":[{"name":"wp","href":"https:\/\/api.w.org\/{rel}","templated":true}]}}