{"id":10131,"date":"2017-01-23T06:23:52","date_gmt":"2017-01-23T05:23:52","guid":{"rendered":"https:\/\/wp.muchomaas.com\/article-la-revue-du-23-janvier-2017\/"},"modified":"2017-01-23T06:23:52","modified_gmt":"2017-01-23T05:23:52","slug":"article-la-revue-du-23-janvier-2017","status":"publish","type":"post","link":"https:\/\/archives.regards.fr\/?p=10131","title":{"rendered":"La Revue du 23 janvier 2017"},"content":{"rendered":"<p><strong>ACTUALITE<\/strong><\/p>\n<p><strong>-Marche des femmes \u00e0 Paris &#8220;en solidarit\u00e9 avec le monde entier&#8221; (vid\u00e9o) : <\/strong> http:\/\/newscdn.newsrep.net\/h5\/nrvideo.html?r=3&#038;lan=fr_FR&#038;pid=14&#038;id=lT78bf442T5_fr&#038;app_lan=fr_FR&#038;mcc<\/p>\n<p>-&#8220;La culture du viol&#8221; (le collectif &#8220;Qu&#8217;on s&#8217;entende bien !&#8221;; vid\u00e9o) : https:\/\/www.youtube.com\/watch?v=vTpKH0HTrS8<\/p>\n<p><strong>-&#8220;Les ouvriers aux commandes de la Scop de G\u00e9m\u00e9nos dans les Bouches-du-Rh\u00f4ne&#8221; (13; un reportage de Mathilde Dehimi; son) : <\/strong> https:\/\/www.franceinter.fr\/emissions\/interception\/interception-22-janvier-2017<\/p>\n<p><strong>-&#8220;Le syst\u00e8me de production agricole doit \u00eatre remis en question&#8221; (Sylvie Colas, \u00e9leveuse de volaille dans le Gers; interrog\u00e9e par Patricia Martin et Pierre Weill; son) :<br \/>\n<\/strong>https:\/\/www.franceinter.fr\/emissions\/l-nterview-societe-civile\/l-nterview-societe-civile-22-janvier-2017<\/p>\n<p>-P\u00e9nurie de beurre pour l&#8217;industrie agroalimentaire (vid\u00e9o) : http:\/\/www.francetvinfo.fr\/monde\/chine\/penurie-de-beurre-pour-l-industrie-agroalimentaire_2029276.html<\/p>\n<p>&#8220;Les m\u00e9tiers de l&#8217;artisanat en pointe&#8221; (Hugues Jacquet, sociologue et historien, auteur de &#8220;L&#8217;Intelligence de la main&#8221;, invit\u00e9 de David Abiker; son, amener le curseur sur 10:38) : http:\/\/www.europe1.fr\/emissions\/c-est-arrive-demain\/cest-arrive-demain-david-abiker-220117-2957299<\/p>\n<p>-&#8220;La France, championne d&#8217;Europe des gr\u00e8ves dans le contr\u00f4le a\u00e9rien&#8221; (Bruno Trevidic) : http:\/\/www.lesechos.fr\/industrie-services\/tourisme-transport\/0211713440539-pourquoi-la-france-reste-championne-deurope-des-greves-du-controle-aerien-2058888.php#xtor<\/p>\n<p><strong>-&#8220;Le droit de choisir&#8221;, le manifeste d&#8217;une centaine de m\u00e9decins et biologistes en faveur de la Procr\u00e9ation m\u00e9dicalement assist\u00e9e (le professeur Ren\u00e9 Frydman r\u00e9pond aux questions de Danielle Messager; son) : <\/strong> https:\/\/www.franceinter.fr\/emissions\/carnet-de-sante\/carnet-de-sante-21-janvier-2017<\/p>\n<p>-Nouvelle amende pour les proth\u00e8ses mammaires PIP : http:\/\/www.lesechos.fr\/industrie-services\/pharmacie-sante\/0211713575408-protheses-mammaires-pip-60-millions-deuros-pour-les-plaignantes-2058882.php#xtor<\/p>\n<p>-&#8220;La Fran\u00e7aise des jeux&#8221; a fait 235 millionnaires en 2016. Il y a eu 26 millions de joueurs&#8221; (sa PDG St\u00e9phane Pallez, interrog\u00e9e par Guillaume Maujean; vid\u00e9o) :                                           https:\/\/videos.lesechos.fr\/lesechos\/invite-des-echos\/la-fdj-a-fait-235-millionnaires-en-2016-selon-stephane-pallez\/88383f<\/p>\n<p>-D\u00e8s aujourd&#8217;hui, des restrictions de circulation \u00e0 Paris et \u00e0 Lyon :                 http:\/\/tempsreel.nouvelobs.com\/societe\/20170121.OBS4141\/contre-la-pollution-paris-et-lyon-adoptent-des-restrictions-de-circulation-des-lundi.html#xtor<\/p>\n<p><strong>-L&#8217;air pollu\u00e9 des croisi\u00e8res (vid\u00e9o) : <\/strong> http:\/\/www.francetvinfo.fr\/decouverte\/vacances\/croisieres-un-air-pas-si-pur_2028448.html<\/p>\n<p>-&#8220;De Henri IV \u00e0 Anne Hidalgo, des si\u00e8cles d&#8217;embouteillages \u00e0 Paris&#8221; (Fran\u00e7ois Reynaert) : http:\/\/tempsreel.nouvelobs.com\/societe\/20170117.OBS3937\/d-henri-iv-a-anne-hidalgo-des-siecles-d-embouteillages-a-paris.html#xtor=<\/p>\n<p>-A Nice, pol\u00e9mique autour de la pr\u00e9sence de policiers arm\u00e9s dans les \u00e9coles (vid\u00e9o) : http:\/\/www.francetvinfo.fr\/replay-jt\/france-3\/12-13\/nice-polemique-autour-de-la-presence-de-policiers-armes-dans-les-ecoles_2028174.html<\/p>\n<p><strong>-&#8220;Les jeunes noirs ou arabes ont 20 fois plus de chances d&#8217;\u00eatre contr\u00f4l\u00e9s par la police, selon une enqu\u00eate publi\u00e9e par le D\u00e9fenseur des droits Jacques Toubon&#8221;  :  <\/strong>                                               http:\/\/tempsreel.nouvelobs.com\/societe\/20170120.OBS4115\/les-jeunes-noirs-ou-arabes-ont-20-fois-plus-de-chances-d-etre-controles-par-la-police.html<\/p>\n<p><em>-L&#8217;enqu\u00eate (document \u00e0 t\u00e9l\u00e9charger) : <\/em> http:\/\/www.defenseurdesdroits.fr\/fr\/publications\/rapports\/rapports-thematiques\/enquete-sur-l&#8217;acces-aux-droits-volume-1-relations-police<\/p>\n<p>-Pour aider les sans-abri, les initiatives de solidarit\u00e9 citoyenne se multiplient (vid\u00e9o) : http:\/\/www.francetvinfo.fr\/societe\/sans-abri-les-initiatives-de-solidarite-citoyenne-se-multiplient_2028168.html<\/p>\n<p><strong>-Ils r\u00e9agissent face au froid (&#8220;13H15 le samedi&#8221;; vid\u00e9o) : <\/strong> http:<strong>\/\/www<\/strong>.francetvinfo.fr\/replay-magazine\/france-2\/13h15\/13h15-du-samedi-21-janvier-2017_2018112.html<\/p>\n<p>-&#8220;Dix ans apr\u00e8s la mort de l&#8217;Abb\u00e9 Pierre, le combat continue; vid\u00e9o) : http:\/\/www.francetvinfo.fr\/economie\/immobilier\/immobilier-indigne\/paris-grande-fete-populaire-en-hommage-a-l-abbe-pierre_2030871.html<\/p>\n<p>-&#8220;En France, il y a un d\u00e9ni de solidarit\u00e9&#8221; (Thierry Kuhn, pr\u00e9sident d&#8217;Emma\u00fcs, invit\u00e9 de Bernard Poirette; son) : http:\/\/www.rtl.fr\/actu\/societe-faits-divers\/le-president-d-emmaus-regrette-un-deni-de-solidarite-en-france-7786853033<\/p>\n<p>-&#8220;Les migrants prennent-ils la place des SDF dans les centres d&#8217;accueil ?&#8221; (Fr\u00e9d\u00e9ric M\u00e9t\u00e9zeau; son) : https:\/\/www.franceinter.fr\/emissions\/le-vrai-faux-de-la-campagne\/le-vrai-faux-de-la-campagne-21-janvier-2017<\/p>\n<p><em>-La lettre de C\u00e9dric Herrou au procureur de la R\u00e9publique de Nice (document) : <\/em><br \/>\nhttps:\/\/citoyenssolidaires06.com\/2017\/01\/21\/lettre-de-cedric-herrou-au-grand-procureur-de-nice-jean-michel-pretre\/<\/p>\n<p>-Seize heures apr\u00e8s son arriv\u00e9e, Armel Le Cl\u00e9ach&#8217; a accueilli son second Alex Thomson (vid\u00e9o) : http:\/\/www.francetvinfo.fr\/sports\/voile\/vendee-globe\/vendee-globe-armel-le-cleac-h-a-accueilli-alex-thomson_2028128.html<\/p>\n<p><strong>-&#8220;Sur l&#8217;\u00eele de Groix&#8221; (&#8220;13H15 le dimanche&#8221;; vid\u00e9o) : <\/strong> http:\/\/www.francetvinfo.fr\/replay-magazine\/france-2\/13h15\/<\/p>\n<p>-&#8220;Samedi 21 janvier, comme chaque ann\u00e9e, les anti-monarchistes ont c\u00e9l\u00e9br\u00e9 la mort de Louis XVI en mangeant de la t\u00eate de veau&#8221; (Pierre Carrey) :                                                      http:\/\/next.liberation.fr\/food\/2017\/01\/21\/chaque-21-janvier-un-menu-special-guillotine_1543072?xtor<\/p>\n<p><strong>-&#8220;Affaire libyenne, la Sarkozie sur \u00e9coute&#8221; (une enqu\u00eate d&#8217;Elodie Gueguen et Beno\u00eet Collombat; vid\u00e9o)<\/strong> : http:\/\/www.francetvinfo.fr\/economie\/emploi\/metiers\/droit-et-justice\/affaire-libyenne-la-sarkozie-sur-ecoute_2027990.html<\/p>\n<p><strong>POLITIQUE<\/strong><\/p>\n<p><strong>-Un d\u00e9sistement du vainqueur de la primaire au profit de Macron ou de vous ? : &#8220;Cela fait partie des probabilit\u00e9s&#8221; (Jean-Luc M\u00e9lenchon dans le JDD; propos recueillis par Anna Cabana et Arthur Nazaret) : <\/strong> http:\/\/www.lejdd.fr\/Politique\/Jean-Luc-Melenchon-je-suis-pour-le-droit-au-suicide-assiste-841660<\/p>\n<p>-&#8220;Les forces politiques progressistes rouennaises derri\u00e8re M\u00e9lenchon&#8221; (Christophe Hubard) : http:\/\/www.paris-normandie.fr\/region\/les-forces-progressistes-rouennaises-derriere-melenchon-NM8187960<\/p>\n<p>-Les candidats de &#8220;La France insoumise&#8221; aux \u00e9lections l\u00e9gislatives dans le Val-de-Marne : https:\/\/94.citoyens.com\/2017\/legislatives-2017-en-val-de-marne-candidats-investis-par-la-france-insoumise,20-01-2017.html<\/p>\n<p>-Le r\u00e9sultat du premier tour de la primaire du Parti socialiste : http:\/\/www.francetvinfo.fr\/politique\/ps\/primaire-a-gauche\/infographie-primaire-de-la-gauche-decouvrez-les-resultats-du-premier-tour-en-direct_2027500.html<\/p>\n<p>-&#8220;Participation, comment le PS nous a bern\u00e9s&#8221; (Thomas Vampouille) :                     http:\/\/www.marianne.net\/participation-primaire-gauche-comment-ps-nous-bernes-100249405.html<\/p>\n<p>-Les discours de Beno\u00eet Hamon et de Manuel Valls (vid\u00e9os) :                              http:\/\/www.francetvinfo.fr\/politique\/ps\/primaire-a-gauche\/video-primaire-de-la-gauche-regardez-en-integralite-le-discours-de-benoit-hamon-arrive-en-tete-du-premier-tour_2031139.html<br \/>\nhttp:\/\/www.francetvinfo.fr\/politique\/ps\/primaire-a-gauche\/video-rien-n-est-ecrit-regardez-le-discours-en-integralite-de-manuel-valls-qualifie-pour-le-second-tour-de-la-primaire-de-la-gauche_2031183.html<\/p>\n<p>-La r\u00e9action d&#8217;Olivier Dartigolles, porte-parole du PCF : http:\/\/www.pcf.fr\/95651<\/p>\n<p>-Celle d&#8217;Alexis Corbi\u00e8re, porte-parole de Jean-Luc M\u00e9lenchon (vid\u00e9o) : http:\/\/www.bfmtv.com\/mediaplayer\/video\/primaire-a-gauche-les-deux-candidats-qui-seront-au-second-tour-seront-ramenes-a-leurs-bilans-alexis-corbiere-906023.html<\/p>\n<p>-&#8220;Tout ce bruit pour rien&#8221; (celle de Danielle Simonnet et Eric Coquerel, coordinateurs du Parti de gauche) : https:\/\/www.lepartidegauche.fr\/?p=2654<\/p>\n<p>-Celle de Jean-Christophe Cambad\u00e9lis (vid\u00e9o) : http:\/\/www.lci.fr\/primaire-gauche\/jt-we-jean-christophe-cambadelis-les-deux-gauches-ne-sont-pas-irreconciliables-2022989.html%3Ftype=content<\/p>\n<p>-Celle de Marie-No\u00eblle Lienemann (vid\u00e9o) : https:\/\/www.dailymotion.com\/video\/x59bobd_lienemann-en-1981-mitterrand-etait-extremement-bas-dans-les-sondages_tv<\/p>\n<p>-&#8220;Hollande ne vote m\u00eame pas, lui qui a \u00e9t\u00e9 premier secr\u00e9taire du PS&#8221; (Fran\u00e7ois Kalfon, directeur de campagne d&#8217;Arnaud Montebourg; vid\u00e9o) : http:\/\/www.bfmtv.com\/mediaplayer\/video\/primaire-a-gauche-hollande-ne-vote-meme-pas-lui-qui-a-ete-premier-secretaire-du-ps-dit-kalfon-905987.html<\/p>\n<p>-&#8220;Arnaud Montebourg a fait une bonne campagne en d\u00e9fendant des id\u00e9es qui sont fortes&#8221; (Laurent Baumel, d\u00e9put\u00e9 PS d&#8217;Indre-et-Loire; vid\u00e9o) : http:\/\/www.bfmtv.com\/mediaplayer\/video\/primaire-a-gauche-arnaud-montebourg-a-fait-une-bonne-campagne-en-defendant-des-idees-qui-sont-fortes-laurent-baumel-906027.html<\/p>\n<p>-Les programmes des deux candidats du deuxi\u00e8me tour de la primaire socialiste, pr\u00e9sent\u00e9s avant le premier tour \u00e0 la Fondation Jean-Jaur\u00e8s (vid\u00e9os) :                   https:\/\/jean-jaures.org\/nos-productions\/demandez-le-programme-benoit-hamon-face-au-parisien-et-a-la-fondation                                                                https:\/\/jean-jaures.org\/nos-productions\/demandez-le-programme-manuel-valls-face-au-parisien-et-a-la-fondation<\/p>\n<p>-&#8220;Hamon&#8230;Macron,M\u00e9lenchon, les grands gagnants&#8221; (Nathalie Schuck du &#8220;Parisien&#8221; (vid\u00e9o) : http:\/\/www.dailymotion.com\/video\/x59blel_primaire-a-gauche-hamon-macron-et-melenchon-les-grands-vainqueurs_news<\/p>\n<p>-Arnaud Montebourg votera Hamon  (vid\u00e9o) : http:\/\/www.francetvinfo.fr\/politique\/ps\/primaire-a-gauche\/video-dimanche-prochain-je-voterai-benoit-hamon-regardez-en-integralite-la-declaration-d-arnaud-montebourg-arrive-3e-au-premier-tour-de-la-primaire-de-la-gauche_2031123.html<\/p>\n<p>-Vincent Peillon ne donne pas de consigne de vote (vid\u00e9o) : http:\/\/www.francetvinfo.fr\/politique\/ps\/primaire-a-gauche\/video-primaire-de-la-gauche-vincent-peillon-appelle-les-electeurs-a-amplifier-encore-leur-vote-au-second-tour-sans-donner-de-consigne_2031249.html<\/p>\n<p>-Fran\u00e7ois de Rugy propose \u00e0 Beno\u00eet Hamon et \u00e0 Manuel Valls de les rencontrer (vid\u00e9o) : http:\/\/www.francetvinfo.fr\/politique\/ps\/primaire-a-gauche\/video-primaire-de-la-gauche-francois-de-rugy-propose-a-benoit-hamon-et-manuel-valls-de-les-rencontrer_2031247.html<\/p>\n<p>-&#8220;Manuel Valls est le seul qui peut faire gagner la gauche&#8221; (Sylvia Pinel; vid\u00e9o) : http:\/\/www.francetvinfo.fr\/politique\/ps\/primaire-a-gauche\/video-primaire-de-la-gauche-manuel-valls-est-le-plus-proche-de-mes-convictions-declare-sylvia-pinel-eliminee-du-premier-tour_2031145.html<\/p>\n<p>-R\u00e9sum\u00e9 en gifs de la soir\u00e9e du premier tour (vid\u00e9os) : http:\/\/www.francetvinfo.fr\/politique\/ps\/primaire-a-gauche\/en-images-primaire-de-la-gauche-la-soiree-du-premier-tour-resume-en-gifs_2031189.html<\/p>\n<p><em>-Sondage le jour du vote (HARRIS)<\/em> : http:\/\/harris-interactive.fr\/wp-content\/uploads\/sites\/6\/2017\/01\/Rapport-pour-publication-19h-Harris-Sondage-Jour-du-vote-1er-tour-de-la-Primaire-organis%C3%A9e-par-le-PS-et-ses-alli%C3%A9s-Public-S%C3%A9nat-LCP.pdf<\/p>\n<p><em>-Perspectives pour le second tour (HARRIS) : <\/em>                                                                            http:\/\/harris-interactive.fr\/wp-content\/uploads\/sites\/6\/2017\/01\/Rapport-21h30-Harris-Sondage-Jour-du-vote-1er-tour-de-la-Primaire-organis%C3%A9e-par-le-PS-et-ses-alli%C3%A9s-Public-S%C3%A9nat-LCP.pdf<\/p>\n<p><em>-Comprendre le vote (ELABE) :<\/em> http:\/\/elabe.fr\/comprendre-le-vote-3\/<\/p>\n<p><em>-Les chances du PS \u00e0 l&#8217;\u00e9lection pr\u00e9sidentielle pour ses sympathisants (IPSOS) : <\/em>    http:\/\/www.ipsos.fr\/decrypter-societe\/2017-01-22-sympathisants-socialistes-sceptiques-quant-aux-chances-ps-pour-presidentielle<\/p>\n<p><em>-Le m\u00eame ou presque (ODOXA) : <\/em> http:\/\/www.odoxa.fr\/sondage\/primaire-de-gauche-ne-permettra-a-futur-vainqueur-daborder-sereinement-2017\/<\/p>\n<p>-&#8220;Je ne vois pas comment on peut construire un projet politique coh\u00e9rent \u00e0 l&#8217;issue du 2e tour&#8221; (Benjamin Griveau, porte-parole de &#8220;En Marche&#8221;; vid\u00e9o) : http:\/\/www.bfmtv.com\/mediaplayer\/video\/primaire-a-gauche-je-ne-vois-pas-comment-on-peut-imaginer-construire-un-projet-politique-sincere-et-coherent-a-l-issue-du-second-tour-benjamin-griveau-906025.html<\/p>\n<p>-&#8220;Je vais voter Macron&#8221; (Alain Minc dans le JDD; propos recueillis par Christine Ollivier et Anna Cabana) : http:\/\/www.lejdd.fr\/Politique\/Alain-Minc-Je-vais-voter-Macron-841591<\/p>\n<p><strong>-&#8220;Il faut d\u00e9passer la sid\u00e9ration et soutenir nos propres positions face \u00e0 Trump&#8221; (Hubert V\u00e9drine, ancien ministre PS des Affaires \u00e9trang\u00e8res, interrog\u00e9 par Pierre Weill; son) <\/strong> : https:\/\/www.franceinter.fr\/emissions\/l-interview-politique\/l-interview-politique-21-janvier-2017<\/p>\n<p>-&#8220;Un berger \u00e0 l&#8217;Elys\u00e9e&#8221;, Jean Lassalle, d\u00e9put\u00e9 non-inscrit des Pyr\u00e9n\u00e9es-Atlantiques, candidat \u00e0 l&#8217;\u00e9lection pr\u00e9sidentielle, chez Laurent Ruquier (vid\u00e9o) :                                                                              http:\/\/www.france2.fr\/emissions\/on-n-est-pas-couche\/videos\/jean_lassalle_-_on_nest_pas_couche_21_janvier_2017_onpc_22-01-2017_1463087?onglet=tous&#038;page=1<\/p>\n<p><strong>-Il a racont\u00e9 son entretien avec Bachar El-Assad du 8 janvier (vid\u00e9o) : <\/strong>                                                                                                                                                                                                                 http:\/\/www.france2.fr\/emissions\/on-n-est-pas-couche\/videos\/jean_lassalle_raconte_son_entretien_avec_bachar_el-assad_le_8_janvier_2017_onpc__22-01-2017_1463079?onglet=tous&#038;page=1<\/p>\n<p>-&#8220;Ces manifestations anti-Trump sont heureuses, elles sont un signe de r\u00e9sistance. On a eu un discours grossier, inqui\u00e9tant. Si avec les R\u00e9publicains, nous repr\u00e9sentons 10% de d\u00e9put\u00e9s dans cette coalition, nous n&#8217;avons rien \u00e0 y faire et ce sera perdu&#8221; (Jean-Christophe Lagarde, pr\u00e9sident de l&#8217;UDI; invit\u00e9 du &#8220;Grand Rendez-vous&#8221;; vid\u00e9o) : http:\/\/www.itele.fr\/magazines\/grand-rendez-vous-politique-darmon\/le-grand-rendez-vous-partie-1-du-0000-00-00-000000-172503<\/p>\n<p>-Maurice Leroy, d\u00e9put\u00e9 UDI du Loir-et-Cher, invite Fran\u00e7ois Fillon &#8220;\u00e0 mieux expliquer son projet&#8221; (cit\u00e9 par Christine Ollivier du JDD) : http:\/\/www.lejdd.fr\/Politique\/Maurice-Leroy-invite-Francois-Fillon-a-mieux-expliquer-son-projet-841603<\/p>\n<p>-&#8220;L&#8217;urgence, c&#8217;est d&#8217;essayer de parler avec Donald Trump. Il y a un axe Poutine-Trump, la France est rappel\u00e9e \u00e0 ses devoirs. Trump est un repr\u00e9sentant du monde actuel, d&#8217;un monde r\u00e9gressif&#8221; (Rama Yade, candidate \u00e0 l&#8217;\u00e9lection pr\u00e9sidentielle; vid\u00e9o) : http:\/\/www.itele.fr\/chroniques\/invite-michael-darmon\/linvite-de-myriam-encaoua-du-20012017-172468<\/p>\n<p>-&#8220;Si le vainqueur de la primaire socialiste devait ne pas \u00eatre candidat \u00e0 l&#8217;\u00e9lection pr\u00e9sidentielle, ce serait le dernier clou du cercueil de la gauche&#8221;  (Thierry Sol\u00e8re, d\u00e9put\u00e9 LR des Hauts-de-Seine,  porte-parole de Fran\u00e7ois Fillon; vid\u00e9o) : http:\/\/pluzz.francetv.fr\/videos\/dimanche_en_politique_paris_ile_de_france_,152163584.html<\/p>\n<p>-&#8220;Je ressens un schisme id\u00e9ologique \u00e0 gauche. Il y a ceux qui pensent que le mur de Berlin est tomb\u00e9 et les autres&#8221; (Benoist Apparu, d\u00e9put\u00e9 LR de la Marne, porte-parole de Fran\u00e7ois Fillon; vid\u00e9o) :  http:\/\/pluzz.francetv.fr\/videos\/dimanche_en_politique_champagne_ardenne_,152644536.html<\/p>\n<p>-Nicolas Dupont-Aignan, candidat \u00e0 l&#8217;\u00e9lection pr\u00e9sidentielle de &#8220;Debout la France&#8221;, \u00e9tait l&#8217;invit\u00e9 de &#8220;Questions politiques&#8221; de Nicolas Demorand (vid\u00e9o) : http:\/\/www.dailymotion.com\/video\/x59avrf_nicolas-dupont-aignan-invite-de-questions-politiques_news<\/p>\n<p>-Il a r\u00e9pondu aux questions des auditeurs de France Inter (vid\u00e9o) : http:\/\/www.dailymotion.com\/video\/x59avxe_nicolas-dupont-aignan-repond-aux-questions-des-auditeurs-dans-questions-politiques_news<\/p>\n<p>-&#8220;On ferait bien de s&#8217;inspirer de Donald Trump qui tient imm\u00e9diatement ses promesses de campagne. Avec Poutine \u00e0 l&#8217;Est et Trump \u00e0 l&#8217;Ouest, ce sont la droite et le PS qui sont isol\u00e9s, pas le FN&#8221; (Nicolas Bay, secr\u00e9taire g\u00e9n\u00e9ral du FN; face \u00e0 Wendy Bouchard; son) : http:\/\/www.europe1.fr\/emissions\/l-interview-politique-du-week-end\/nicolas-bay-on-ferait-bien-de-sinspirer-de-donald-trump-2956639<\/p>\n<p>-&#8220;Son \u00e9lection est pr\u00e9f\u00e9rable \u00e0 celle de Clinton du point de vue des int\u00e9r\u00eats de la France. M\u00eame quand Donald Trump parle de retour au peuple, ce qui devrait \u00eatre une \u00e9vidence en d\u00e9mocratie, on le traite de grand m\u00e9chant loup&#8221; (Florian Philippot, vice-pr\u00e9sident du FN; invit\u00e9 de la matinale de Franceinfo; vid\u00e9o) : https:\/\/www.youtube.com\/watch?v=DnXw8i5dvtw<\/p>\n<p>-&#8220;Marine Le Pen serait heureuse de rencontre Donald Trump. Elle souhaite rassembler une majorit\u00e9 pr\u00e9sidentielle autour d&#8217;elle&#8221; (David Rachline, directeur de campagne de Marine Le Pen; face \u00e0 Francis Letellier; vid\u00e9o) : http:\/\/pluzz.francetv.fr\/videos\/dimanche_en_politique.html<\/p>\n<p>-En Europe, &#8220;on se retrouve dans une communaut\u00e9 d&#8217;id\u00e9es, selon l&#8217;expression d&#8217;Edgar Faure&#8221;, pas encore dans une internationale &#8220;qui est un mot de gauche&#8221; (Gilbert Collard, d\u00e9put\u00e9 &#8220;Bleu Marine&#8221; du Gard; interrog\u00e9 par Laurence Ferrari; vid\u00e9o) : http:\/\/www.c8.fr\/c8-info\/pid8591-c8-punchline.html?vid=1432324<\/p>\n<p><em>-La proximit\u00e9 des sympathisants du FN aux id\u00e9es de Marion Mar\u00e9chal-Le Pen et de Florian Philippot (IFOP) <\/em> : http:\/\/www.ifop.fr\/?option=com_publication&#038;type=poll&#038;id=3619<\/p>\n<p>-&#8220;L&#8217;humour, bonne arme pour contester le syst\u00e8me&#8221; (Danielle Simonnet, porte-parole de Jean-Luc M\u00e9lenchon, interrog\u00e9e par David Abiker; son, amener le curseur sur 25:34) : http:\/\/www.europe1.fr\/emissions\/c-est-arrive-cette-semaine\/cest-arrive-cette-semaine-210117-2956603<\/p>\n<p><strong>-Le bilan du quinquennat (Edwy Plenel chez Thierry Ardisson; vid\u00e9o) : <\/strong> http:\/\/replay.c8.fr\/video\/1432270#<\/p>\n<p><strong>-&#8220;Les sondages politiques sont-ils d\u00e9pass\u00e9s ?&#8221; (Lo\u00efc Blondiaux, professeur de science politique \u00e0 Paris I; Arthur Muller, sp\u00e9cialiste en strat\u00e9gie \u00e9lectorale et Ad\u00e9la\u00efde Zulfikarpasic, directrice de &#8220;BVA Opinion&#8221;; invit\u00e9s de &#8220;L&#8217;Atelier du pouvoir&#8221;; son) :  <\/strong> https:\/\/www.franceculture.fr\/emissions\/latelier-du-pouvoir\/les-sondages-politiques-sont-ils-depasses<\/p>\n<p><strong>EUROPE-MONDE<\/strong><\/p>\n<p><strong>-Contre Trump, d\u00e9fil\u00e9s de plusieurs dizaines de milliers de personnes en Europe (vid\u00e9o) :        <\/strong>                                                                                                                                                                          http:\/\/newscdn.newsrep.net\/h5\/nrvideo.html?r=3&#038;lan=fr_FR&#038;pid=14&#038;id=6J78e75c7FW_fr&#038;app_lan=fr_FR&#038;mcc<\/p>\n<p>-A propos de &#8220;G\u00e9opolitique de la nation France&#8221; de Yves Lacoste et Fr\u00e9d\u00e9ric Encel (Val\u00e8re Staraselski) : http:\/\/www.valerestaraselski.net\/article.php3?id_article=368<\/p>\n<p>-Brexit, Trump, Nicole Fontaine, ancienne pr\u00e9sidente du parlement europ\u00e9en \u00e9tait l&#8217;invit\u00e9e de la matinale de France Culture dans l&#8217;\u00e9mission de Caroline Brou\u00e9 (avec le chercheur associ\u00e9 \u00e0 Sciences Po Nicolas Leron; son) :  https:\/\/www.franceculture.fr\/emissions\/linvite-idees-de-la-matinale\/nicole-fontaine-brexit-trump-loccasion-dun-sursaut-europeen<\/p>\n<p>-&#8220;L&#8217;Europe dans le monde&#8221; (face \u00e0 face Christian Chavagneux d&#8217;Alternatives \u00e9conomiques\/Emmanuel Lechypre de BFM Business; son, amener le curseur sur 6:44) :                                         https:\/\/www.franceinter.fr\/emissions\/on-n-arrete-pas-l-eco\/on-n-arrete-pas-l-eco-21-janvier-2017<\/p>\n<p>-&#8220;Le bilan de l&#8217;Europe est un \u00e9chec total&#8221; (Beppe Grillo; entretien r\u00e9alis\u00e9 par Camille Neveux et Virginie Riva) : http:\/\/www.lejdd.fr\/International\/Europe\/Beppe-Grillo-Le-bilan-de-l-Europe-est-un-echec-total-841444<\/p>\n<p>-Les leaders d&#8217;extr\u00eame-droite europ\u00e9ens r\u00e9unis \u00e0 Coblence (vid\u00e9o) : http:\/\/www.francetvinfo.fr\/politique\/marine-le-pen\/allemagne-marine-le-pen-en-meeting-avec-des-eurosceptiques-europeens_2029842.html<\/p>\n<p>-Le Parlement turc a vot\u00e9 le renforcement des pouvoirs d&#8217;Erdogan : http:\/\/www.lemonde.fr\/europe\/article\/2017\/01\/21\/en-turquie-le-parlement-approuve-le-renforcement-des-pouvoirs-du-president-erdogan_5066437_3214.html<\/p>\n<p>-&#8220;La r\u00e9forme constitutionnelle ouvre la voix \u00e0 un syst\u00e8me totalitaire&#8221; (le politologue Ali Bayramoghu; propos recueillis par C\u00e9line Lussato) : http:\/\/tempsreel.nouvelobs.com\/monde\/20170119.OBS4029\/turquie-la-reforme-constitutionnelle-ouvre-la-voie-a-un-systeme-totalitaire.html<\/p>\n<p>-Isra\u00ebl donne son feu vert \u00e0 la construction de 566 logements \u00e0 J\u00e9rusalem-Est : http:\/\/www.lemonde.fr\/international\/article\/2017\/01\/22\/israel-donne-son-feu-vert-a-la-construction-de-566-logements-a-jerusalem-est_5066917_3210.html#xtor<\/p>\n<p>-En Gambie, le pr\u00e9sident sortant accepte enfin de quitter le pouvoir : http:\/\/www.lemonde.fr\/afrique\/article\/2017\/01\/21\/gambie-le-president-sortant-yahya-jammeh-annonce-qu-il-accepte-de-quitter-le-pouvoir_5066442_3212.html<\/p>\n<p><strong>-&#8220;Alors que personne n&#8217;y croyait, Donald Trump est bien l\u00e0, install\u00e9 \u00e0 la Maison Blanche, enti\u00e8rement fid\u00e8le \u00e0 la campagne qu&#8217;il a men\u00e9e. Finies les illusions de ceux qui nous disaient qu&#8217;il serait diff\u00e9rent&#8221; (Fran\u00e7ois Bujon de l&#8217;Estang, ancien ambassadeur de France \u00e0 Washington; interrog\u00e9 par David Abiker; son, amener le curseur sur 1:04) : <\/strong>  http:\/\/www.europe1.fr\/emissions\/c-est-arrive-cette-semaine\/cest-arrive-cette-semaine-210117-2956603<\/p>\n<p>-Les premi\u00e8res annonces de la Maison Blanche : http:\/\/www.lemonde.fr\/elections-americaines\/article\/2017\/01\/20\/environnement-libre-echange-les-premieres-annonces-de-la-maison-blanche_5066419_829254.html#4GjXDeoRVHSgWDv7.99<\/p>\n<p>-&#8220;Le discours agressif de Donald Trump \u00e9tait adress\u00e9 \u00e0 Washington et \u00e0 l&#8217;establishment&#8221; (Erik Svave, membre de &#8220;Republicans Overseas&#8221;, interrog\u00e9 par Wendy Bouchard; son) :                       http:\/\/www.europe1.fr\/emissions\/linterview-verite-du-week-end\/erik-svane-le-discours-agressif-de-donald-trump-etait-adresse-a-washington-et-a-lestablishment-2956498<\/p>\n<p><strong>-&#8220;C&#8217;est un changement tr\u00e8s important de la politique am\u00e9ricaine depuis la fin de la deuxi\u00e8me guerre mondiale. Pour nous, pour les Europ\u00e9ens, c&#8217;est un r\u00e9veil. En Europe, il n&#8217;a vu qu&#8217;un autre milliardaire, Bernard Arnault. C&#8217;est un Am\u00e9ricain profond&#8221; (Pierre Lellouch, d\u00e9put\u00e9 LR de Paris; face \u00e0 Pierre Weill; son) :           <\/strong>                           https:\/\/www.franceinter.fr\/emissions\/l-interview-politique\/l-interview-politique-22-janvier-2017<\/p>\n<p><strong>-&#8220;Il y a 50 ans, la France quittait l&#8217;OTAN&#8221; (Claude Askolovitch; son) : <\/strong>               https:\/\/www.franceinter.fr\/emissions\/histoire-et-politique\/histoire-et-politique-22-janvier-2017<\/p>\n<p><strong>-&#8220;Deux millions de manifestants d\u00e9fient Donald Trump&#8221; (vid\u00e9o) :<\/strong> http:\/\/www.francetvinfo.fr\/monde\/usa\/presidentielle\/donald-trump\/women-s-march-deux-millions-de-manifestants-defient-donald-trump_2030841.html<\/p>\n<p>-&#8220;Voil\u00e0 pourquoi j&#8217; ai particip\u00e9 \u00e0 la &#8220;Women&#8217;s March&#8221; de Washington&#8221; (Jessa Houfek, citoyenne am\u00e9ricaine) : http:\/\/leplus.nouvelobs.com\/contribution\/1636097-whyimarch-americaine-voila-pourquoi-je-participe-a-la-women-s-march-de-washington.html<\/p>\n<p>-Autres t\u00e9moignages (recueillis par Nicolas Bourcier et pierre Bouvier) :               http:\/\/www.lemonde.fr\/ameriques\/article\/2017\/01\/22\/a-la-marche-des-femmes-de-washington-je-suis-venue-pour-defendre-mes-droits-et-les-droits-de-ceux-que-j-aime_5066887_3222.html<\/p>\n<p>-Le discours d&#8217;Angela Davis (document en Fran\u00e7ais) : http:\/\/billets-du-temps-perdu.blogspot.fr\/2017\/01\/le-discours-integral-dangela-davis-la.html?m=1<\/p>\n<p>-Avec l&#8217;arriv\u00e9e de Trump, les groupes p\u00e9troliers se frottent les mains (Emmanuel Tellier) : http:\/\/www.telerama.fr\/monde\/trump-arrive-les-groupes-petroliers-se-frottent-les-mains,152967.php#xtor<\/p>\n<p>-Theresa May, premi\u00e8re invit\u00e9e \u00e0 la Maison Blanche (Lo\u00efc de La Mornay; vid\u00e9o) :  http:\/\/www.francetvinfo.fr\/monde\/usa\/presidentielle\/donald-trump\/theresa-may-premiere-invitee-du-president-trump_2031147.html<\/p>\n<p>-Manifestation contre Trump au Mexique (vid\u00e9o) : http:\/\/newscdn.newsrep.net\/h5\/nrvideo.html?r=3&#038;lan=fr_FR&#038;pid=14&#038;id=4F78bb29coX_fr&#038;app_lan=fr_FR&#038;mcc<\/p>\n<p><strong>-&#8220;A Davos, le pr\u00e9sident chinois a d\u00e9fendu la globalisation et s&#8217;est plac\u00e9 en nouveau mod\u00e8le, au moment o\u00f9 les Etats-Unis se replient sur eux-m\u00eames&#8221; (Val\u00e9rie Niquet, responsable du p\u00f4le Asie \u00e0 la Fondation pour la recherche strat\u00e9gique; son, amener le curseur sur 9:57) :<\/strong> http:\/\/www.europe1.fr\/emissions\/c-est-arrive-cette-semaine\/cest-arrive-cette-semaine-210117-2956603<\/p>\n<p><strong>CULTURE-MEDIAS<\/strong><\/p>\n<p><strong>-&#8220;Le pr\u00e9dicat va-t-il nous simplifier la grammaire ?&#8221; (le linguiste Alain Bentolina, face \u00e0 David Abiker; son, amener le curseur sur 17:49) : <\/strong> http:\/\/www.europe1.fr\/emissions\/c-est-arrive-cette-semaine\/cest-arrive-cette-semaine-210117-2956603<\/p>\n<p>-&#8220;Attention aux faux-h\u00e9ros&#8221; (le neuropsychiatre Boris Cyrulnik, invit\u00e9 d&#8217;Audrey Crespo-Mara; vid\u00e9o) :   http:\/\/www.lci.fr\/replay\/replay-audrey-crespo-mara-recoit-boris-cyrulnik-neuropsychiatre-2022671.html%3Ftype=content<\/p>\n<p>-Laurent Joffrin de &#8220;Lib\u00e9ration&#8221; et Alexis Brezet du &#8220;Figaro&#8221; d\u00e9batte du dernier livre du philosophe Jean-Claude Mich\u00e9a &#8220;Notre ennemi le capital&#8221; (son) :           https:\/\/www.franceinter.fr\/emissions\/l-interview-politique\/l-interview-politique-22-janvier-2017<\/p>\n<p><strong>-&#8220;La m\u00e9lancolie, un \u00e9tat pour lequel il faudrait militer, qui ralentit la vitesse du monde&#8221; (Philippe Quesne, directeur du Centre national dramatique des &#8220;Amandiers&#8221; de Nanterre (92); invit\u00e9 de l&#8217;excellente Eva Bester; son) :<\/strong> https:\/\/www.franceinter.fr\/emissions\/remede-a-la-melancolie\/remede-a-la-melancolie-22-janvier-2017<\/p>\n<p>-Eva Joly, parmi les nouveaux noms du polar politique (Michel Abescat fait le tour du sujet; vid\u00e9o) : http:\/\/www.telerama.fr\/livre\/thomas-bronnec-eva-joly-les-nouveaux-noms-du-polar-politique,152950.php#xtor<\/p>\n<p><strong>-&#8220;2016, la renaissance du &#8220;Black Art Power&#8221; (Laurent Rigoulet; vid\u00e9os) : <\/strong> http:\/\/www.telerama.fr\/monde\/2016-la-renaissance-du-black-art-power,152931.php#xtor<\/p>\n<p>-&#8220;Mettre au monde dans la violence&#8221;, un reportage de Charlotte Bienaim\u00e9 (son) : https:\/\/www.franceculture.fr\/emissions\/les-pieds-sur-terre\/accoucher-dans-la-violence-22<\/p>\n<p><strong>-&#8220;La longue marche des femmes&#8221;, de Simone Veil \u00e0 Michelle Perrot, neuf voix du f\u00e9minisme \u00e0 red\u00e9couvrir (sons) : <\/strong> https:\/\/www.franceculture.fr\/societe\/la-longue-marche-des-femmes-9-voix-du-feminisme-redecouvrir<\/p>\n<p>-&#8220;Le nouvel \u00e9crin de l&#8217;Ecole des Beaux-Arts de Paris&#8221; (vid\u00e9o) : http:\/\/www.francetvinfo.fr\/economie\/emploi\/metiers\/art-culture-edition\/decouverte-le-nouvel-ecrin-de-l-ecole-des-beaux-arts-de-paris_2028444.html<\/p>\n<p>-Jusqu&#8217;en juin, Picasso expos\u00e9 \u00e0 l&#8217;a\u00e9roport Roissy-Charles-de-Gaulle (vid\u00e9o) :   http:\/\/newscdn.newsrep.net\/h5\/nrvideo.html?r=3&#038;lan=fr_FR&#038;pid=14&#038;id=id78f66d7aO_fr&#038;app_lan=fr_FR&#038;mcc<\/p>\n<p><strong>-&#8220;La folle rentr\u00e9e 2017 de la Com\u00e9die fran\u00e7aise&#8221; (son administrateur Eric Ruff, interrog\u00e9 par David Abiker; son, amener le curseur sur 30:11) :    <\/strong>                http:\/\/www.europe1.fr\/emissions\/c-est-arrive-demain\/cest-arrive-demain-david-abiker-220117-2957299<\/p>\n<p><strong>-Pendant pr\u00e8s d&#8217;une heure, Isabelle Huppert, couronn\u00e9e aux &#8220;Golden Globes&#8221;, a r\u00e9pondu aux questions des lecteurs de T\u00e9l\u00e9rama (vid\u00e9o) : <\/strong> http:\/\/www.telerama.fr\/cinema\/posez-vos-questions-a-isabelle-huppert-en-direct-a-18h,152947.php#xtor<\/p>\n<p><strong>-A revoir ici, &#8220;L&#8217;Exercice de l&#8217;Etat&#8221; de Pierre Schoeller (vid\u00e9o) : <\/strong> http:\/\/www.dailymotion.com\/video\/x58vicm_l-exercice-de-l-etat_tv<\/p>\n<p>-Jusqu&#8217;au 29 janvier, le festival du cin\u00e9ma ind\u00e9pendant &#8220;Sundance&#8221;, cr\u00e9\u00e9 par Robert Redford en 1985 (J\u00e9r\u00e9mie Couston) : http:\/\/television.telerama.fr\/television\/sundance-en-avant-marge,152747.php#xtor<\/p>\n<p>-&#8220;La cr\u00e8me glac\u00e9e du cin\u00e9ma ind\u00e9&#8221; : http:\/\/www.telerama.fr\/cinema\/rendez-vous-a-sundance-la-creme-glacee-du-cinema-inde,152906.php<\/p>\n<p>-&#8220;Qu&#8217;est-ce qui fait courir l&#8217;actrice Lola Cr\u00e9ton, \u00e0 l&#8217;affiche du film de Dominique Cabrera &#8220;Corniche Kennedy&#8221; (Caroline Besse; vid\u00e9o) : http:\/\/www.telerama.fr\/cinema\/qu-est-ce-qui-fait-courir-lola-creton,152924.php#xtor<\/p>\n<p>-Laurent Delmas dit tout le bien qu&#8217;il pense du film (son) : https:\/\/www.franceinter.fr\/emissions\/la-prescription-cinema-de-laurent-delmas\/la-prescription-cinema-de-laurent-delmas-21-janvier-2017<\/p>\n<p>-&#8220;Cin\u00e9astes de notre temps&#8221;, une histoire du cin\u00e9ma en cent films (Fran\u00e7ois Ekchajzer; vid\u00e9o) : http:\/\/television.telerama.fr\/television\/cineastes-de-notre-temps-une-collection-hors-du-temps,152679.php#xtor<\/p>\n<p><strong>-Thierry Fr\u00e9maux, directeur de l&#8217;Institut Lumi\u00e8re de Lyon; invit\u00e9 de &#8220;On n&#8217;est pas couch\u00e9&#8221; (vid\u00e9o)<\/strong> : http:\/\/www.france2.fr\/emissions\/on-n-est-pas-couche\/videos\/thierry_fremaux_-_on_nest_pas_couche_21_janvier_2017_onpc_22-01-2017_1463075?onglet=tous&#038;page=1<\/p>\n<p>-Nouvelles destructions sur le site antique de Palmyre (vid\u00e9o) : http:\/\/www.francetvinfo.fr\/monde\/proche-orient\/offensive-jihadiste-en-irak\/palmyre-de-retour-l-etat-islamique-detruit-de-nouveaux-monuments_2029804.html<\/p>\n<p>-&#8220;Les discours dans une vie&#8221;, lus par Samuel Le Bihan et Pascal Demolon au Th\u00e9\u00e2tre de l&#8217;Oeuvre \u00e0 Paris. Ils \u00e9taient les invit\u00e9s de Laurent Ruquier (vid\u00e9o) :                                                             http:\/\/www.france2.fr\/emissions\/on-n-est-pas-couche\/videos\/samuel_le_bihan_et_pascal_demolon_-_on_nest_pas_couche_21_janvier_2017_onpc_22-01-2017_1463129?onglet=tous&#038;page=1<\/p>\n<p>-Le premier orchestre 100% f\u00e9minin en Afghanistan (vid\u00e9o) : http:\/\/tempsreel.nouvelobs.com\/videos\/880rl5.DGT\/zohra-le-premier-orchestre-100-feminin-d-afghanistan.html<\/p>\n<p>-&#8220;Little Nemo&#8221;, l&#8217;op\u00e9ra tout public, pour enfants et adultes, en tourn\u00e9e (Sophie Bourdais) : http:\/\/www.telerama.fr\/musique\/a-nantes-little-nemo-devient-grand-opera,152948.php#xtor<\/p>\n<p>-Retrouver Annette Hanshaw avec Fran\u00e7ois Gorin (sons) : http:\/\/www.telerama.fr\/musique\/annette-hanshaw-1-l-art-d-etre-legere,152929.php                                                                                http:\/\/www.telerama.fr\/musique\/annette-hanshaw-2-sans-pietiner-les-plate-bandes,152954.php#xtor<\/p>\n<p>-Elvis Presley revisit\u00e9 en musique symphonique (vid\u00e9o) : http:\/\/www.francetvinfo.fr\/culture\/musique\/musique-elvis-presley-revisite-en-version-symphonique_2029278.html<\/p>\n<p>-Julien Dor\u00e9 \u00e9tait l&#8217;invit\u00e9 de Catherine Ceylac dans &#8220;Th\u00e9 ou caf\u00e9&#8221; (vid\u00e9o) : http:\/\/www.france2.fr\/emissions\/the-ou-cafe\/videos\/replay_-_the_ou_cafe_21-01-2017_1462925?onglet=tous&#038;page=1<\/p>\n<p>-Le parcours du danseur et chor\u00e9graphe de Hip-Hop Farid Berki (vid\u00e9o) : http:\/\/www.francetvinfo.fr\/culture\/hip-hop-retour-sur-le-parcours-du-danseur-et-choregraphe-farid-berki_2028506.html<\/p>\n<p>-La r\u00e9ouverture du &#8220;Bal n\u00e8gre&#8221; \u00e0 Montparnasse (vid\u00e9o) : http:\/\/www.francetvinfo.fr\/culture\/le-montparnasse-des-annees-folles-ressuscite-avec-la-reouverture-du-bal-negre_2028190.html<\/p>\n<p><strong>-&#8220;Avec internet, les nouvelles \u00e9critures&#8221; (Boris Razon de &#8220;Slate&#8221;, invit\u00e9 de &#8220;Contrechamp&#8221;, \u00e9mission de Mediapart, pr\u00e9sent\u00e9e par Joseph Confavreux; vid\u00e9o) :                                                           <\/strong> https:\/\/www.youtube.com\/watch?v=rjyCexEixOQ&#038;feature=youtu.be<\/p>\n<p><em>-Les Fran\u00e7ais et la bande dessin\u00e9e (BVA) : <\/em> http:\/\/www.bva.fr\/fr\/sondages\/observatoire_de_la_vie_quotidienne_-_les_francais_et_la_bande_dessinee.html<\/p>\n<p><strong>-&#8220;Le strett-art est un art politique&#8221; (C215 auquel la ville de Vitry-sur-Seine (94) consacre une r\u00e9trospective jusqu&#8217;\u00e0 la fin f\u00e9vrier; vid\u00e9o) :  <\/strong> http:\/\/www.francetvinfo.fr\/economie\/emploi\/metiers\/art-culture-edition\/le-street-art-est-un-art-politique-pour-l-artiste-francais-c215_2030683.html<\/p>\n<p><strong>-&#8220;Regard sur l&#8217;actualit\u00e9&#8221; de Patrick Le Hyaric, directeur de &#8220;L&#8217;Humanit\u00e9&#8221; (vid\u00e9o) : <\/strong> https:\/\/www.youtube.com\/watch?v=ypvakgTaecE<\/p>\n<p>-La mort d&#8217;Alain Gu\u00e9rin, ancien journaliste \u00e0 &#8220;L&#8217;Humanit\u00e9 (Jos\u00e9 Fort) : http:\/\/www.humanite.fr\/alain-guerin-ancien-journaliste-de-lhumanite-est-mort-630814<\/p>\n<p><strong>-&#8220;Tout le monde succombe \u00e0 la tentation Macron&#8221; (Samuel Gontier) : <\/strong> http:\/\/television.telerama.fr\/television\/tout-le-monde-succombe-a-la-tentation-macron,152966.php#xtor<\/p>\n<p>-&#8220;Je pense qu&#8217;il (Obama) \u00e9tait plus musulman que chr\u00e9tien&#8221; (l&#8217;essayiste Evelyne Joslain, sortie du plateau de BFMTV; J\u00e9r\u00e9mie Maire; vid\u00e9o) : http:\/\/www.telerama.fr\/medias\/obama-etait-plus-musulman-que-chretien-gros-moment-de-gene-sur-bfmtv,152968.php#xtor<\/p>\n<p>-&#8220;Le Bollor\u00e9 Show&#8221; (Alexandra Ackoun; son) : https:\/\/www.franceinter.fr\/emissions\/regard-sur-les-medias\/regard-sur-les-medias-21-janvier-2017<\/p>\n<p>-&#8220;Very bad Trump&#8221; (vid\u00e9o) : http:\/\/www.dailymotion.com\/lesguignols?utm_source<\/p>\n<p>-Mathieu Mad\u00e9nian et Thomas VDB ont regard\u00e9 le d\u00e9bat de la primaire socialiste (vid\u00e9o) : http:\/\/www.france2.fr\/emissions\/actuality\/videos\/mathieu_madenian_et_thomas_vdb_regardent_le_debat_de_la_primaire_de_gauche_actuality_rediffusion_20-01-2017_1452223?onglet<\/p>\n<p>-Guillon 2017 (St\u00e9phane Guillon; vid\u00e9o) : http:\/\/replay.c8.fr\/video\/1432283<\/p>\n","protected":false},"excerpt":{"rendered":"<p>ACTUALITE -Marche des femmes \u00e0 Paris &#8220;en solidarit\u00e9 avec le monde entier&#8221; (vid\u00e9o) : http:\/\/newscdn.newsrep.net\/h5\/nrvideo.html?r=3&#038;lan=fr_FR&#038;pid=14&#038;id=lT78bf442T5_fr&#038;app_lan=fr_FR&#038;mcc -&#8220;La culture du viol&#8221; (le collectif &#8220;Qu&#8217;on s&#8217;entende bien !&#8221;; vid\u00e9o) : https:\/\/www.youtube.com\/watch?v=vTpKH0HTrS8 -&#8220;Les ouvriers aux commandes de la Scop de G\u00e9m\u00e9nos dans les Bouches-du-Rh\u00f4ne&#8221; (13; un reportage de Mathilde Dehimi; son) : https:\/\/www.franceinter.fr\/emissions\/interception\/interception-22-janvier-2017 -&#8220;Le syst\u00e8me de production agricole doit [&hellip;]<\/p>\n","protected":false},"author":1042,"featured_media":0,"comment_status":"open","ping_status":"open","sticky":false,"template":"","format":"standard","meta":{"_themeisle_gutenberg_block_has_review":false,"footnotes":""},"categories":[151],"tags":[],"class_list":["post-10131","post","type-post","status-publish","format-standard","hentry","category-la-revue-de-presse-de-lulu"],"_links":{"self":[{"href":"https:\/\/archives.regards.fr\/index.php?rest_route=\/wp\/v2\/posts\/10131","targetHints":{"allow":["GET"]}}],"collection":[{"href":"https:\/\/archives.regards.fr\/index.php?rest_route=\/wp\/v2\/posts"}],"about":[{"href":"https:\/\/archives.regards.fr\/index.php?rest_route=\/wp\/v2\/types\/post"}],"author":[{"embeddable":true,"href":"https:\/\/archives.regards.fr\/index.php?rest_route=\/wp\/v2\/users\/1042"}],"replies":[{"embeddable":true,"href":"https:\/\/archives.regards.fr\/index.php?rest_route=%2Fwp%2Fv2%2Fcomments&post=10131"}],"version-history":[{"count":0,"href":"https:\/\/archives.regards.fr\/index.php?rest_route=\/wp\/v2\/posts\/10131\/revisions"}],"wp:attachment":[{"href":"https:\/\/archives.regards.fr\/index.php?rest_route=%2Fwp%2Fv2%2Fmedia&parent=10131"}],"wp:term":[{"taxonomy":"category","embeddable":true,"href":"https:\/\/archives.regards.fr\/index.php?rest_route=%2Fwp%2Fv2%2Fcategories&post=10131"},{"taxonomy":"post_tag","embeddable":true,"href":"https:\/\/archives.regards.fr\/index.php?rest_route=%2Fwp%2Fv2%2Ftags&post=10131"}],"curies":[{"name":"wp","href":"https:\/\/api.w.org\/{rel}","templated":true}]}}