{"id":10126,"date":"2017-01-21T07:46:17","date_gmt":"2017-01-21T06:46:17","guid":{"rendered":"https:\/\/wp.muchomaas.com\/article-la-revue-du-21-janvier-2017\/"},"modified":"2023-06-23T23:23:54","modified_gmt":"2023-06-23T21:23:54","slug":"article-la-revue-du-21-janvier-2017","status":"publish","type":"post","link":"https:\/\/archives.regards.fr\/?p=10126","title":{"rendered":"La Revue du 21 janvier 2017"},"content":{"rendered":"<strong>ACTUALITE<\/strong>\n\n<strong>-&#8220;Les salari\u00e9s de la clinique de l&#8217;Ormeau \u00e0 Tarbes ont l&#8217;impression d&#8217;avoir abattu un colosse&#8221; (Fran\u00e7ois Dousseau, secr\u00e9taire de l&#8217;Union d\u00e9partementale CGT des Hautes-Pyr\u00e9n\u00e9es; propos recueillis par Jean-Bernard Gervais) <\/strong> : http:\/\/www.cgt.fr\/Les-salaries-ont-le-sentiment-d.html\n\n-&#8220;Je ne comprends pas ceux qui veulent abroger la loi Travail. Il y aura entre 7 et 8% de participation aux \u00e9lections dans les tr\u00e8s petites entreprises, moins que la derni\u00e8re fois&#8221; (Laurent Berger, secr\u00e9taire de la CFDT; vid\u00e9o) : http:\/\/www.dailymotion.com\/video\/x589w5e_laurent-berger-cfdt-je-ne-comprends-pas-ceux-qui-veulent-abroger-la-loi-travail_news\n\n-C&#8217;est l&#8217;heure des choix pour les \u00e9tudes sup\u00e9rieures (vid\u00e9o) : http:\/\/www.francetvinfo.fr\/economie\/emploi\/carriere\/formation\/education-c-est-l-heure-des-choix-pour-les-etudes-superieures_2027784.html\n\n-Les explications de Philippe Petitcolin, PDG de Safran, sur la fusion avec Zodiac (son du 20 janvier) : https:\/\/www.radioclassique.fr\/radio\/emissions\/matinale-de-radio-classique\/l-invite-de-l-economie\/\n\n<em>-&#8220;Une op\u00e9ration \u00e0 8 milliards !&#8221; (la CGT de Safran; d\u00e9claration \u00e0 t\u00e9l\u00e9charger) : <\/em> https:\/\/cgtsafrangroupe.wordpress.com\/2017\/01\/19\/safran-zodiac-une-operation-a-8-milliards\/\n\n-&#8220;Osez le f\u00e9minisme&#8221; appelle \u00e0 manifester pour d\u00e9noncer la pr\u00e9sidence des C\u00e9sar par Roman Polanski : http:\/\/culturebox.francetvinfo.fr\/cinema\/evenements\/polanski-president-des-cesar-osez-le-feminisme-appelle-a-manifester-251531\n\n-La ministre des Droits de la femme \u00e9galement &#8220;choqu\u00e9e&#8221; par cette nomination (vid\u00e9o) : http:\/\/culturebox.francetvinfo.fr\/cinema\/stars\/polanski-president-des-cesar-2017-la-ministre-des-droits-des-femmes-choquee-251585\n\n<strong>-L&#8217;association participera aujourd&#8217;hui \u00e0 &#8220;la Marche des femmes&#8221;, d\u00e9clinaison parisienne  unitaire d&#8217;un journ\u00e9e mondiale pour les droits des femmes (sa porte-parole Marie Allibert, invit\u00e9e de Dimitri Pavlenko; son) :<\/strong> http:\/\/www.sudradio.fr\/Podcasts\/L-invite-pour-comprendre\/Marie-Allibert-porte-parole-d-Osez-le-Feminisme2\n\n<strong>-&#8220;Le corps des femmes en marche&#8221; (la philosophe Genevi\u00e8ve Fraisse, invit\u00e9e des &#8220;Chemins de la philosophie&#8221; d&#8217;Ad\u00e8le Van Reeth; son) :  <\/strong> https:\/\/www.franceculture.fr\/emissions\/les-chemins-de-la-philosophie\/le-corps-des-femmes-en-marche#xtor\n\n-&#8220;Quand les femmes battent le pav\u00e9&#8221; (de 1789 \u00e0 la &#8220;Women&#8217;s march&#8221; de demain; H\u00e9l\u00e8ne Combis-Schlumberger) : https:\/\/www.franceculture.fr\/histoire\/de-1789-la-womens-march-quand-les-femmes-battent-le-pave#xtor\n\n-Comment est n\u00e9e l&#8217;id\u00e9e de la &#8220;Women&#8217;s march&#8221; \u00e0 Washington ? (Farah Keram) :  https:\/\/www.franceculture.fr\/societe\/teresa-shook-linconnue-lorigine-de-la-womens-march#xtor\n\n-Demain aussi, les anti-IVG manifestent avec plusieurs proches de Fran\u00e7ois Fillon (Ellen Salvi; pi\u00e8ce jointe);\n\n<strong>-&#8220;Les boues rouges sont en principe interdites, pas pour tout le monde&#8221; (Violaine de la Bigne; son) : <\/strong> http:\/\/www.sudradio.fr\/Podcasts\/Quelle-epoque-ethique\/Les-Boues-rouges\n\n-Armel Le Cl\u00e9ac&#8217;h en cinq courses (vid\u00e9o) : http:\/\/www.liberation.fr\/video\/2017\/01\/19\/le-cleac-h-en-cinq-courses_1542681?xtor=EPR-450206&#038;utm_source\n\n<strong>POLITIQUE<\/strong>\n\n<strong>-Jean-Luc M\u00e9lenchon \u00e9tait \u00e0 Florange. Un reportage de Ma\u00eft\u00e9 Fr\u00e9mont (vid\u00e9o) : <\/strong>  http:\/\/www.lcp.fr\/la-politique-en-video\/melenchon-florange-pour-seduire-lelectorat-ouvrier\n\n-La r\u00e9union publique (vid\u00e9o) : https:\/\/www.youtube.com\/watch?v=ZyeTNPfX_20\n\n-Sa &#8220;Foire aux questions&#8221; (vid\u00e9o) : http:\/\/melenchon.fr\/2017\/01\/16\/faq-melenchon-faq-autoroutes-vote-obligatoire-parrainages-nucleaire-agriculture-prostitution-gpa\/\n\n-Yannick Jadot en campagne contre la centrale nucl\u00e9aire de Fessenheim (vid\u00e9o) : http:\/\/www.lcp.fr\/la-politique-en-video\/jadot-en-campagne-contre-la-centrale-nucleaire-de-fessenheim\n\n-&#8220;Ce qui compte maintenant, c&#8217;est le vote. Les autres candidats ne m&#8217;ont pas convaincu. On peut dire que l&#8217;avenir de la plan\u00e8te est plus important que celui du Parti socialiste. On ne sait pas si Yannick Jadot aura ses signatures&#8221; (Fran\u00e7ois de Rugy, face \u00e0 Audray Crespo-Mara; vid\u00e9o) : http:\/\/www.lci.fr\/replay\/replay-l-invite-politique-du-20-janvier-2017-francois-de-rugy-2022664.html%3Ftype=content\n\n-&#8220;J&#8217;assume le fait d&#8217;avoir gouvern\u00e9. J&#8217;assume ce qui a \u00e9t\u00e9 engag\u00e9 alors que nous connaissons le terrorisme. Maintenant, il faut aller plus loin. Je souhaite que la gauche reste cr\u00e9dible pour pouvoir gouverner. Je propose un revenu d\u00e9cent pour ceux qui en ont besoin. Promettre quelque chose qu&#8217;on ne peut pas mettre en oeuvre pour gagner des voix, c&#8217;est du cynisme&#8221; (Manuel Valls, face \u00e0 Jean-Jacques Bourdin; vid\u00e9o) : http:\/\/www.bfmtv.com\/mediaplayer\/video\/manuel-valls-face-a-jean-jacques-bourdin-en-direct-905209.html\n\n-&#8220;Quand on s&#8217;engage en politique, on ne s&#8217;arr\u00eate pas&#8221; (vid\u00e9o) : http:\/\/rmc.bfmtv.com\/mediaplayer\/video\/manuel-valls-arretera-t-il-la-politique-en-cas-de-defaite-a-la-primaire-il-repond-sur-rmc-905215.html\n\n-&#8220;Une grosse surprise est possible dimanche, M. Valls est en chute libre&#8221; (Fran\u00e7ois Kalfon, directeur de campagne d&#8217;Arnaud Montebourg; face \u00e0 Fr\u00e9d\u00e9ric Rivi\u00e8re; vid\u00e9o) : http:\/\/www.rfi.fr\/video\/20170119-francois-kalfon-ps-une-grosse-surprise-est-possible-dimanche-valls-est-chute-libre\n\n-&#8220;Incontestablement, il y a une perc\u00e9e de Beno\u00eet Hamon&#8221; (Patrice Prat, d\u00e9put\u00e9 PS du Gard, porte-parole d&#8217;Arnaud Montebourg; face \u00e0 Brigitte Boucher; vid\u00e9o, amener le curseur sur 12:07) : http:\/\/www.lcp.fr\/emissions\/politique-matin\/279033-politique-matin\n\n-&#8220;Les sept candidats ont montr\u00e9 qu&#8217;\u00e0 gauche on pouvait d\u00e9battre sans invectives. Si nous sommes \u00e0 deux millions de votants, nous serons satisfaits&#8221; (Christophe Borgel, responsable de l&#8217;organisation de la primaire; face \u00e0 Brigitte Boucher; vid\u00e9o, amener le curseur sur 29:33) : http:\/\/www.lcp.fr\/emissions\/politique-matin\/279033-politique-matin\n\n-&#8220;Vallsl peut \u00eatre battu. Les gens qui vont voter le feront pour une certaine id\u00e9e de la gauche, pas de la France&#8221; (Christophe Barbier; vid\u00e9o) : http:\/\/www.bfmtv.com\/mediaplayer\/video\/l-edito-de-christophe-barbier-que-peut-on-retenir-du-troisieme-debat-de-la-primaire-de-la-gauche-905203.html\n\n-&#8220;Vivement qu&#8217;ils ne soient plus que deux&#8221; (Alba Ventura; vid\u00e9o) : http:\/\/www.rtl.fr\/actu\/politique\/primaire-de-la-gauche-vivement-qu-ils-ne-soient-plus-que-deux-lache-alba-ventura-7786834974\n\n-&#8220;Emmanuel Macron est le cauchemar des sept candidats&#8221; (Arnaud Boutet; vid\u00e9o) : http:\/\/www.francetvinfo.fr\/politique\/ps\/primaire-a-gauche\/primaire-de-la-gauche-emmanuel-macron-est-le-cauchemar-des-sept-candidats_2027778.html\n\n<strong>-&#8220;Emmanuel vertical, Macron  horizontal&#8221; (Thomas Legrand; son) : <\/strong> https:\/\/www.franceinter.fr\/emissions\/l-edito-politique\/l-edito-politique-20-janvier-2017\n\n-3 millions de t\u00e9l\u00e9spectateurs ont suivi le d\u00e9bat sur France 2 (Thomas Joubert; vid\u00e9o) : http:\/\/www.europe1.fr\/medias-tele\/audiences-tele-de-jeudi-tf1-lemporte-sur-le-debat-de-la-primaire-avec-section-de-recherches-2955694\n\n<em>-Les r\u00e9actions au d\u00e9bat (OPINION-WAY) <\/em> : https:\/\/www.opinion-way.com\/fr\/component\/edocman\/?task=document.viewdoc&#038;id=1505&#038;Itemid=0\n\n<em>Les intentions de vote \u00e0 la primaire (OPINION-WAY)<\/em> : https:\/\/www.opinion-way.com\/fr\/component\/edocman\/?task=document.viewdoc&#038;id=1504&#038;Itemid=0\n\n<strong>-&#8220;Sur le nucl\u00e9aire militaire, le d\u00e9sint\u00e9r\u00eat est organis\u00e9 par l&#8217;ex\u00e9cutif&#8221; (Paul Quil\u00e8s, ancien ministre de la D\u00e9fense) <\/strong> : http:\/\/paul.quiles.over-blog.com\/2017\/01\/un-debat-necessaire.html?utm_source=_ob_email&#038;utm_medium\n\n<strong>-&#8220;Un dernier d\u00e9bat sous la menace de Macron. Fran\u00e7ois de Rugy a \u00e9t\u00e9 le plus lucide. De tous les candidats, c&#8217;est Marine Le Pen qui a le socle le plus solide. Macron ne veut pas entendre parler du Parti socialiste de peur qu&#8217;il lui fiche la poisse&#8221; (Guillaume Tabard du &#8220;Figaro&#8221;; son du 20 janvier) : <\/strong> https:\/\/www.radioclassique.fr\/radio\/emissions\/matinale-de-radio-classique\/22630-2\/\n\n-&#8220;Hamon et Fillon, les risques de modifier son programme&#8221; (Vincent Coquaz) : http:\/\/www.liberation.fr\/elections-presidentielle-legislatives-2017\/2017\/01\/20\/hamon-et-fillon-ou-les-risques-de-modifier-son-programme_1542685?xtor\n\n-De la primaire socialiste, &#8220;je retiendrai la division des candidats, ce qui prouve qu&#8217;il n&#8217;y a plus de gauche. Emmanuel Macron est une coquille vide. Fran\u00e7ois Fillon, lui, met cartes sur table&#8221; (Bruno Le Maire, d\u00e9put\u00e9 LR de l&#8217;Eure; face \u00e0 Guillaume Daret; vid\u00e9o) :  http:\/\/www.france2.fr\/emissions\/telematin\/actu\/les-4-verites-bruno-le-maire_544965\n\n-&#8220;Les socialistes, les pauvres, eux-m\u00eames n&#8217;ont pas de pr\u00e9f\u00e9r\u00e9. Si la droite ne d\u00e9fend pas le travail \u00e0 quoi sert-elle ? On ne commence pas une campagne en proposant d&#8217;augmenter la TVA. NKM a toujours trahi ses \u00e9lecteurs &#8221; (l&#8217;eurod\u00e9put\u00e9e Rachida Dati, invit\u00e9e de la matinale de Franceinfo; vid\u00e9o) :  http:\/\/www.dailymotion.com\/video\/x593xtb_pour-rachida-dati-nathalie-kosciusko-morizet-a-toujours-trahi-ses-electeurs_news\n\n-Jean-Fran\u00e7ois Lamour, pr\u00e9sident de la commission nationale d&#8217;investiture des R\u00e9publicains, d\u00e9ment celle de Marielle de Sarnez \u00e0 Paris (vid\u00e9o) : http:\/\/www.lcp.fr\/la-politique-en-video\/lamour-dement-toute-investiture-de-marielle-de-sarnez-paris\n\n-Mich\u00e8le Alliot-Marie, candidate  \u00e0 l&#8217;\u00e9lection pr\u00e9sidentielle,  veut supprimer le droit de gr\u00e8ve des fonctionnaires (vid\u00e9os) : https:\/\/www.publicsenat.fr\/article\/politique\/alliot-marie-veut-supprimer-le-droit-de-greve-des-fonctionnaires-53283\n\n-Elle \u00e9tait l&#8217;invit\u00e9e de &#8220;Territoires d&#8217;Infos&#8221; (vid\u00e9o, amener le curseur sur 33:17) : https:\/\/www.dailymotion.com\/video\/x593jdo_invitee-michele-alliot-marie-territoires-d-infos-20-01-2017_news\n\n-&#8220;Fillon face \u00e0 ses deux contradictions&#8221; (Yves Thr\u00e9ard du &#8220;Figaro&#8221;; vid\u00e9o) : http:\/\/www.europe1.fr\/emissions\/ledito-politique-dyves-threard\/fillon-face-a-ses-deux-contradictions-2955520\n\n<strong>-&#8220;L&#8217;hypoth\u00e8se que je tombe contre Macron au 2e tour est cr\u00e9dible&#8221; (Marine Le Pen, face \u00e0 Guillaume Durand; vid\u00e9o) <\/strong> : https:\/\/www.dailymotion.com\/video\/x593pah_l-hypothese-que-je-tombe-contre-emmanuel-macron-au-second-tour-est-credible-marine-le-pen-20-01-201_news\n\n-&#8220;Le choix que vont faire les Fran\u00e7ais \u00e0 cette \u00e9lection sera un choix de civilisation&#8221; (la 2e partie de l&#8217;interview; vid\u00e9o) : https:\/\/www.dailymotion.com\/video\/x593ova_les-choix-que-vont-faire-les-francais-a-cette-election-sera-un-choix-de-civilisation-marine-le-pen_news\n\n<strong>EUROPE-MONDE<\/strong>\n\n<strong>-&#8220;Apr\u00e8s le Brexit, la guerre est-elle le seul projet europ\u00e9en ?&#8221; (Jean-Luc M\u00e9lenchon au Parlement europ\u00e9en; vid\u00e9o) :<\/strong> https:\/\/www.youtube.com\/watch?v=xU5OtxsbvNQ\n\n<strong>-La Commission europ\u00e9enne r\u00e9pond \u00e0 la question de Patrick Le Hyaric sur l&#8217;\u00e9tiquetage des produits issus des colonies isra\u00e9liennes :<\/strong> http:\/\/quimper.pcf.fr\/95582\n\n-&#8220;L&#8217;Europe qui marche, c&#8217;est l&#8217;Europe En Marche !, avec Macron&#8221; (appel collectif) : http:\/\/www.huffingtonpost.fr\/guillaume-auffret\/union-europeenne-emmanuel-macron\/\n\n<strong>-&#8220;L&#8217;Union europ\u00e9enne prise en tenaille entre Trump et Poutine&#8221; (Jean Quatremer) :<\/strong> http:\/\/bruxelles.blogs.liberation.fr\/2017\/01\/19\/lunion-europeenne-prise-en-tenaille-entre-trump-et-putine\/\n\n-&#8220;Deux visions oppos\u00e9es de l&#8217;avenir de l&#8217;Europe&#8221; (Martin Schulz, ancien pr\u00e9sident socialiste du Parlement europ\u00e9en et Mark Rutte, premier ministre n\u00e9erlandais conservateur; cit\u00e9s par  Jorge Valero) : http:\/\/www.euractiv.fr\/section\/l-europe-dans-le-monde\/news\/gloves-off-between-rutte-and-schulz-in-front-of-davos-elite\/?nl_ref=29322500\n\n-&#8220;L&#8217;Europe est une premi\u00e8re puissance mondiale qui s&#8217;ignore&#8221; (Jacques Attali; propos recueillis par Daniela Vincenti) : http:\/\/www.euractiv.fr\/section\/l-europe-dans-le-monde\/interview\/attali-europe-is-worlds-biggest-power-but-does-not-recognise-it\/?nl_ref=29322500\n\n-&#8220;La BCE maintient les taux d&#8217;int\u00e9r\u00eat \u00e0 0 pour faire grimper les prix&#8221;  : http:\/\/www.euractiv.fr\/section\/euro-finances\/news\/la-bce-maintient-les-taux-dinteret-a-0-pour-faire-grimper-les-prix\/?nl_ref=29322500\n\n<strong>-&#8220;En Allemagne, les Verts se rapprochent un peu plus d&#8217;Angela Merkel&#8221; (Romaric Godin) :  <\/strong>                                                                                                                                                                  http:\/\/www.latribune.fr\/economie\/union-europeenne\/allemagne-les-verts-se-rapprochent-un-peu-plus-d-angela-merkel-631636.html\n\n-Vers une adh\u00e9sion \u00e0 Schengen de la Croatie (Samuel Morgan) : http:\/\/www.euractiv.fr\/section\/l-europe-dans-le-monde\/news\/croatia-inches-closer-to-schengen-membership\/?nl_ref=29322500\n\n<strong>-En Turquie, l&#8217;ONU peine \u00e0 acc\u00e9der aux camps de r\u00e9fugi\u00e9s (Catherine Stupp) : <\/strong> http:\/\/www.euractiv.fr\/section\/l-europe-dans-le-monde\/news\/turkey-blocks-unhcr-access-to-syrian-refugees\/?nl_ref=29322500\n\n-&#8220;La recomposition de la Syrie se joue \u00e0 Astana ?&#8221; (Luis Lema) : https:\/\/www.letemps.ch\/monde\/2017\/01\/20\/recomposition-syrie-se-joue-astana?utm_source\n\n-En Gambie, le despote Yahya Jammeh refuse de quitter le pouvoir qu&#8217;il occupe depuis 22 ans (Patricia Huon) : http:\/\/www.liberation.fr\/planete\/2017\/01\/19\/gambie-vingt-deux-ans-c-est-assez-jammeh-doit-accepter-qu-il-a-perdu_1542750?xtor\n\n-La Mauritanie tente une derni\u00e8re m\u00e9diation (vid\u00e9o) : http:\/\/newscdn.newsrep.net\/h5\/nrvideo.html?r=3&#038;lan=fr_FR&#038;pid=14&#038;id=Ff76954faG5_fr&#038;app_lan=fr_FR&#038;mcc\n\n-&#8220;Barack Obama, le pr\u00e9sident qui aimait les livres&#8221; (David Caviglioli) : http:\/\/bibliobs.nouvelobs.com\/actualites\/20170116.OBS3891\/barack-obama-le-president-qui-aimait-les-livres-et-pas-n-importe-lesquels.html\n\n-Son bilan en mati\u00e8re d&#8217;environnement (Baptiste Gaborit; son du 20 janvier) : https:\/\/www.radioclassique.fr\/radio\/emissions\/matinale-de-radio-classique\/3-minutes-planete\/\n\n<strong>-Cinq de ses rencontres diplomatiques marquantes (vid\u00e9o) : <\/strong> http:\/\/www.liberation.fr\/video\/2017\/01\/19\/barack-obama-en-cinq-rencontres-diplomatiques_1542623?xtor=EPR-450206&#038;utm_source\n\n-Pour l&#8217;investiture de Donald Trump, &#8220;la gr\u00e8ve de l&#8217;art a \u00e9t\u00e9 d\u00e9cid\u00e9e&#8221; (Sophie Rahal) : http:\/\/www.telerama.fr\/scenes\/investiture-de-donald-trump-la-greve-de-l-art-est-declaree,152926.php#xtor\n\n-&#8220;On attendait 800 000 personnes&#8221; (Henri Land\u00e8s, ma\u00eetre de conf\u00e9rences \u00e0 Sciences Po Paris; son) :  http:\/\/www.sudradio.fr\/Podcasts\/L-invite-pour-comprendre\/Henri-Landes-cofondateur-de-CliMates-et-auteur-de-Allo-Houston\n\n-&#8220;My Way&#8221; de Sinatra comme musique d&#8217;investiture&#8221; (Patrick Cohen; vid\u00e9o) : https:\/\/www.franceinter.fr\/emissions\/le-7h43\/le-7h43-20-janvier-2017\n\n-&#8220;Trump, jour J&#8221; (Bernard Guetta; son) : https:\/\/www.franceinter.fr\/emissions\/geopolitique\/geopolitique-20-janvier-2017\n\n<strong>-&#8220;Ce sera l&#8217;Am\u00e9rique d&#8217;abord&#8221; et &#8220;A bas les \u00e9lites de Washington&#8221;, un premier discours conforme \u00e0 ceux de la campagne \u00e9lectorale qui lui ont permis de l&#8217;emporter (extraits traduits; vid\u00e9o) : <\/strong> http:\/\/www.francetvinfo.fr\/monde\/usa\/presidentielle\/donald-trump\/video-ce-sera-l-amerique-d-abord-revivez-le-premier-discours-du-president-americain-donald-trump_2028230.html\n\n-La prestation de serment (vid\u00e9o) : http:\/\/www.francetvinfo.fr\/monde\/usa\/presidentielle\/donald-trump\/video-donald-trump-a-ete-investi-president-des-etats-unis-regardez-sa-prestation-de-serment_2028176.html\n\n<strong>-&#8220;Donald Trump efface la distinction entre le comique et le tragique&#8221; (l&#8217;historienne am\u00e9ricaine Joan Scott; invit\u00e9e de &#8220;La Grandes table&#8221; d&#8217;Olivia Gesbert; son) : <\/strong> https:\/\/www.franceculture.fr\/emissions\/la-grande-table-2eme-partie\/joan-scott-fait-elle-mauvais-genre#xtor\n\n<strong>-L&#8217;historienne Sylvie Laurent et l&#8217;ancien ambassadeur de France \u00e0 Washington Fran\u00e7ois Bujon r\u00e9pondaient aux questions de Patrick Cohen et des auditeurs de France Inter (vid\u00e9os) :   <\/strong>                                                                                http:\/\/www.dailymotion.com\/video\/x593ltr_sylvie-laurent-et-francois-bujon-de-l-estang-repondent-aux-questions-de-patrick-cohen_news                                  http:\/\/www.dailymotion.com\/video\/x593n87_sylvie-laurent-et-francois-bujon-de-l-estang-repondent-aux-questions-des-auditeurs-de-france-inter_news\n\n<strong>-&#8220;C&#8217;est un sc\u00e9nario d\u00e9j\u00e0 \u00e9crit que nous allons revivre&#8221; (L&#8217;historien et philosophe Marcel Gauchet, invit\u00e9 d&#8217;Ali Badou; vid\u00e9o) : <\/strong> http:\/\/www.dailymotion.com\/video\/x593hfy_marcel-gauchet-repond-aux-questions-d-ali-baddou_news\n\n<strong>-&#8220;Il y a beaucoup de questions \u00e0 discuter avec l&#8217;administration Trump. Le premier contact aura lieu au plus tard \u00e0 la mi-f\u00e9vrier. La France est alli\u00e9e des Etats-Unis. Une attitude agressive ne sert \u00e0 rien. J&#8217;irai voter \u00e0 la primaire. Je suis tr\u00e8s h\u00e9sitant. Je veux tout faire pour que la gauche soit au deuxi\u00e8me tour&#8221; (Jean-Marc Ayrault, face \u00e0 Fabien Namias; vid\u00e9o) <\/strong> :  http:\/\/www.dailymotion.com\/video\/x593lpp_jean-marc-ayrault-lance-un-appel-a-voter-pour-la-primaire_news\n\n<strong>-&#8220;Les d\u00e9claration de Trump sur la COP 21 sont choquantes&#8221; (Laurent Fabius, qui ne votera pas \u00e0 la primaire; invit\u00e9 de Benjamin Sportouch sur RTL; vid\u00e9os) :<\/strong> http:\/\/www.rtl.fr\/actu\/politique\/laurent-fabius-est-l-invite-de-rtl-du-vendredi-20-janvier-7786833668\n\n-&#8220;Davos se penche sur les classes moyennes&#8221; (Daniela Vincenti et Jorge Valero) : http:\/\/www.euractiv.fr\/section\/politique\/news\/davos-warns-squeezed-middle-class-needs-attention\/?nl_ref=29322500\n\n-&#8220;Dans 50 ans, nos enfants ne verront peut-\u00eatre pas de singes&#8221; (la primatologue Emmanuelle Grundmann, interrog\u00e9e par Dimitri Pavlenko; son) : http:\/\/www.sudradio.fr\/Podcasts\/L-invite-pour-comprendre\/Emmanuelle-Grundmann-primatologue-et-journaliste\n\n<strong>-&#8220;La disparition des singes est \u00e9galement grave pour l&#8217;esp\u00e8ce humaine&#8221; (Shelly Masi du Mus\u00e9e national d&#8217;histoire naturelle; interrog\u00e9e par Vincent Sotto; vid\u00e9o) :       <\/strong>                                   http:\/\/www.europe1.fr\/emissions\/l-interview-verite\/shelly-masi-la-disparition-des-singes-est-egalement-grave-pour-lespece-humaine-2955589\n\n<strong>CULTURE-MEDIAS<\/strong>\n\n-&#8220;Comment \u00e9chapper \u00e0 la fr\u00e9n\u00e9sie de notre soci\u00e9t\u00e9 ?&#8221; (le philosophe et paysan Pierre Rabhi; entretien r\u00e9alis\u00e9 par Anne-Sophie Novel) : http:\/\/www.lemonde.fr\/tant-de-temps\/article\/2017\/01\/20\/pierre-rabhi-sommes-nous-capables-de-sortir-du-systeme-esclavagiste-qui-nous-est-impose_5065729_4598196.html\n\n<strong>-Du 23 janvier au 11 f\u00e9vrier, au Th\u00e9\u00e2tre du Rond-Point \u00e0 Paris, &#8220;Nos disques sont ray\u00e9s&#8221;. Quinze jours sur les blocages fran\u00e7ais (la programmation) : <\/strong> http:\/\/www.theatredurondpoint.fr\/cycle\/nos-disques-sont-rayes\/\n\n-&#8220;Il y a une crise de la citoyennet\u00e9&#8221; (le philosophe Yves Michaud; son) : http:\/\/www.sudradio.fr\/Podcasts\/L-invite-pour-comprendre\/Yves-Michaud-philosophe\n\n-Jusqu&#8217;au 28 f\u00e9vrier, le premier festival de cin\u00e9ma destin\u00e9 aux enfants (vid\u00e9o) : http:\/\/www.telerama.fr\/festivalenfants\/2017\/regardez-la-bande-annonce-du-festival-cinema-telerama-enfants-2017,152934.php#xtor\n\n<strong>-&#8220;La Mauvaise r\u00e9putation&#8221;, Brassens l&#8217;unique&#8221; (Rebecca Manzoni; vid\u00e9o) : <\/strong> https:\/\/www.franceinter.fr\/emissions\/tubes-co\/tubes-co-20-janvier-2017\n\n-La disparition de William Onyeabor, &#8220;le musicien myst\u00e8re&#8221; nig\u00e9rian (Hugo Cassavetti; son et vid\u00e9o) : http:\/\/www.telerama.fr\/musique\/william-onyeabor-le-nigerian-mystere-est-mort,152928.php#xto\n\n-Le retour du groupe &#8220;Les Gorillaz&#8221; (Laure Narlian; vid\u00e9o) :  http:\/\/culturebox.francetvinfo.fr\/musique\/rock\/les-gorillaz-de-retour-avec-un-titre-hante-et-benjamin-clementine-au-micro-251553\n\n<strong>-Celui de Manu Chao, en duo avec une chanteuse grecque (vid\u00e9o) :<\/strong> http:\/\/culturebox.francetvinfo.fr\/musique\/rock\/retour-de-manu-cao-en-duo-avec-une-chanteuse-grecque-sous-le-nom-de-tipota-251549\n\nLe rappeur Keblack dans &#8220;Couleurs tropicales&#8221; (vid\u00e9o) : http:\/\/www.rfi.fr\/video\/20170120-le-rappeur-keblack-couleurs-tropicales-rfi\n\n<strong>-Le saxophoniste am\u00e9ricain James Carter rend hommage \u00e0 Django Reinhardt, fondateur du jazz manouche, au festival &#8220;Sons d&#8217;hiver 2017&#8221; (vid\u00e9os) : <\/strong> http:\/\/culturebox.francetvinfo.fr\/musique\/sons-d-hiver\/james-carter-organ-trio-au-festival-sons-d-hiver-2016-251447\n\n<strong>-Pour &#8220;Reporters sans Fronti\u00e8res&#8221;, concert de jazz \u00e0 la Maison de la Radio (vid\u00e9o int\u00e9grale)<\/strong> : http:\/\/culturebox.francetvinfo.fr\/musique\/jazz-blues\/soiree-all-stars-pour-reporters-sans-frontieres-249417\n\n<strong>-Le Te Deum de Charpentier \u00e0 la cath\u00e9drale Saint Jean de Malte (vid\u00e9o int\u00e9grale) :<\/strong> http:\/\/culturebox.francetvinfo.fr\/opera-classique\/te-deum-de-charpentier-a-la-cathedrale-saint-jean-de-malte-251085\n\n-&#8220;Dalida et Luigi, ils se sont tant aim\u00e9s&#8221; (Philippe Ridet) :  http:\/\/www.lemonde.fr\/m-moyen-format\/article\/2017\/01\/20\/dalida-et-luigi-ils-se-sont-tant-aimes_5066157_4497271.html\n\n-La chanteuse de &#8220;La Lambada&#8221;, Loalwa Braz Vieira retrouv\u00e9e morte carbonis\u00e9e (vid\u00e9o) : http:\/\/culturebox.francetvinfo.fr\/musique\/musiques-du-monde\/la-chanteuse-de-la-lambada-loalwa-braz-vieira-retrouvee-morte-carbonisee-251539\n\n-Jusqu&#8217;au 23 janvier, huit expositions parisiennes \u00e0 voir : http:\/\/www.telerama.fr\/sortir\/huit-superbes-expositions-a-voir-avant-le-23-janvier,152922.php#xtor\n\n-A 89 ans, la mort de Charles-Henri Favrod, grand promoteur suisse de la photographie en Europe (Luc Desbenoit et Florence Millioud-Henriques) :                                                                           http:\/\/www.telerama.fr\/scenes\/mort-de-charles-henri-favrod-grand-promoteur-de-la-photographie-en-europe,152940.php#xtor                                                                                                                http:\/\/www.tdg.ch\/culture\/CharlesHenri-Favrod-s-est-eteint-\/story\/28023396\n\n-Enti\u00e8rement consacr\u00e9 \u00e0 la photographie, le Mus\u00e9e de l&#8217;Elys\u00e9e \u00e0 Lausanne  lui doit beaucoup : http:\/\/www.elysee.ch\/le-musee\/missions-et-historique\/                                                                                       \n\n<strong>-Le th\u00e9\u00e2tre \u00e0 l&#8217;honneur dans &#8220;Le Nouveau Rendez-vous&#8221;, \u00e9mission de la nuit de Laurent Goumarre sur France Inter (son) :<\/strong> https:\/\/www.franceinter.fr\/emissions\/le-nouveau-rendez-vous\/le-nouveau-rendez-vous-18-janvier-2017\n\n-Les salari\u00e9s d&#8217;Europe 1 tirent la sonnette d&#8217;alarme (Laurence Le Saux) : http:\/\/www.telerama.fr\/radio\/les-salaries-d-europe-1-votent-une-motion-sur-l-etat-d-urgence,152937.php#xtor\n\n-Ancien PDG de France T\u00e9l\u00e9visions, Patrick de Carolis condamn\u00e9, avec sursis. Le SNJ, partie civile, se f\u00e9licite du jugement (Richard S\u00e9n\u00e9joux) : http:\/\/www.telerama.fr\/medias\/affaire-bygmalion-cinq-mois-de-prison-avec-sursis-et-25-000-euros-d-amende-pour-patrick-de-carolis,152938.php#xtor\n\n<strong>-Le retour en force de la fiction fran\u00e7aise (vid\u00e9o) : <\/strong> http:\/\/www.europe1.fr\/emissions\/le-fait-medias-du-jour\/fiction-francaise-comment-expliquer-un-tel-retour-en-force-2955715\n\n-&#8220;Skam&#8221;, la s\u00e9rie norv\u00e9gienne qui met les ados \u00e0 nu&#8221; (Anne-Fran\u00e7oise Hivert) : http:\/\/www.lemonde.fr\/m-moyen-format\/article\/2017\/01\/20\/skam-la-serie-norvegienne-qui-met-les-ados-a-nu_5066175_4497271.html\n\n<strong>-&#8220;Les cha\u00eenes de t\u00e9l\u00e9vision ont une responsabilit\u00e9 civique \u00e9norme, elles sont redevables \u00e0 la soci\u00e9t\u00e9&#8221; (M\u00e9mona Hintermann-Aff\u00e9jee, membre du Conseil sup\u00e9rieur de l&#8217;audiovisuel; propos recueillis par Marie-H\u00e9l\u00e8ne Soenen) : <\/strong> http:\/\/television.telerama.fr\/television\/la-television-miroir-de-la-diversite-meme-pas-en-reve,152919.php#xtor\n\n-&#8220;Les grands m\u00e9dias fran\u00e7ais ont boud\u00e9 la c\u00e9r\u00e9monie d&#8217;investiture de Donald Trump&#8221; (Marc Baudriller; son du 20 janvier) : https:\/\/www.radioclassique.fr\/radio\/emissions\/matinale-de-radio-classique\/la-vie-des-medias\/\n\n<strong>-L&#8217;acteur Alec Baldwin imitant Donald Trump (vid\u00e9o) <\/strong> : http:\/\/www.lci.fr\/people\/video-alec-baldwin-imite-encore-donald-trump-et-appelle-new-york-a-entrer-en-resistance-2022758.html%3Ftype=content\n\n<strong>-&#8220;Avec les fans de Manuel Valls&#8221; (Guillaume Meurice; vid\u00e9o) : <\/strong> http:\/\/www.dailymotion.com\/video\/x5959pp_avec-les-fans-de-manuel-valls-le-moment-meurice_fun\n\n<strong>-&#8220;M\u00e9lenchon est dans le futur&#8221; (Thomas VDB; vid\u00e9o) : <\/strong> http:\/\/www.dailymotion.com\/video\/x595978_melenchon-est-dans-le-futur-les-actualiziks-de-thomas-vdb_fun\n\n<strong>-&#8220;Bravo M. le Pr\u00e9sident&#8221; (Fran\u00e7ois Morel; son) : <\/strong>  http:\/\/www.dailymotion.com\/video\/x593ovr_bravo-monsieur-le-president-le-billet-de-francois-morel_fun\n\n-&#8220;L&#8217;hommage de Trump \u00e0 Obama&#8221; (Charline Vanhoenacker; vid\u00e9o) : http:\/\/www.dailymotion.com\/video\/x593hnk_l-hommage-de-trump-a-obama-vous-etes-vire-et-autres-messages-de-felicitations-venus-du-monde-entier_fun\n<h2 class=\"wp-block-heading\">Documents joints<\/h2>\n\n\n\n<div class=\"wp-block-file\"><a href=\"https:\/\/wp.muchomaas.com\/wp-content\/uploads\/2017\/01\/dimanche-2-9dd.pdf\">dimanche-2.pdf<\/a><\/div>\n\n\n","protected":false},"excerpt":{"rendered":"<p>ACTUALITE -&#8220;Les salari\u00e9s de la clinique de l&#8217;Ormeau \u00e0 Tarbes ont l&#8217;impression d&#8217;avoir abattu un colosse&#8221; (Fran\u00e7ois Dousseau, secr\u00e9taire de l&#8217;Union d\u00e9partementale CGT des Hautes-Pyr\u00e9n\u00e9es; propos recueillis par Jean-Bernard Gervais) : http:\/\/www.cgt.fr\/Les-salaries-ont-le-sentiment-d.html -&#8220;Je ne comprends pas ceux qui veulent abroger la loi Travail. Il y aura entre 7 et 8% de participation aux \u00e9lections dans [&hellip;]<\/p>\n","protected":false},"author":1042,"featured_media":0,"comment_status":"open","ping_status":"open","sticky":false,"template":"","format":"standard","meta":{"_themeisle_gutenberg_block_has_review":false,"footnotes":""},"categories":[151],"tags":[],"class_list":["post-10126","post","type-post","status-publish","format-standard","hentry","category-la-revue-de-presse-de-lulu"],"_links":{"self":[{"href":"https:\/\/archives.regards.fr\/index.php?rest_route=\/wp\/v2\/posts\/10126","targetHints":{"allow":["GET"]}}],"collection":[{"href":"https:\/\/archives.regards.fr\/index.php?rest_route=\/wp\/v2\/posts"}],"about":[{"href":"https:\/\/archives.regards.fr\/index.php?rest_route=\/wp\/v2\/types\/post"}],"author":[{"embeddable":true,"href":"https:\/\/archives.regards.fr\/index.php?rest_route=\/wp\/v2\/users\/1042"}],"replies":[{"embeddable":true,"href":"https:\/\/archives.regards.fr\/index.php?rest_route=%2Fwp%2Fv2%2Fcomments&post=10126"}],"version-history":[{"count":0,"href":"https:\/\/archives.regards.fr\/index.php?rest_route=\/wp\/v2\/posts\/10126\/revisions"}],"wp:attachment":[{"href":"https:\/\/archives.regards.fr\/index.php?rest_route=%2Fwp%2Fv2%2Fmedia&parent=10126"}],"wp:term":[{"taxonomy":"category","embeddable":true,"href":"https:\/\/archives.regards.fr\/index.php?rest_route=%2Fwp%2Fv2%2Fcategories&post=10126"},{"taxonomy":"post_tag","embeddable":true,"href":"https:\/\/archives.regards.fr\/index.php?rest_route=%2Fwp%2Fv2%2Ftags&post=10126"}],"curies":[{"name":"wp","href":"https:\/\/api.w.org\/{rel}","templated":true}]}}