{"id":10123,"date":"2017-01-20T06:50:54","date_gmt":"2017-01-20T05:50:54","guid":{"rendered":"https:\/\/wp.muchomaas.com\/article-la-revue-du-20-janvier-2017\/"},"modified":"2023-06-23T23:23:53","modified_gmt":"2023-06-23T21:23:53","slug":"article-la-revue-du-20-janvier-2017","status":"publish","type":"post","link":"https:\/\/archives.regards.fr\/?p=10123","title":{"rendered":"La Revue du 20 janvier 2017"},"content":{"rendered":"<strong>ACTUALITE<\/strong>\n\n<strong>-&#8220;Ceux qui pr\u00f4nent la fin du travail ont tort&#8221; Philippe Martinez, secr\u00e9taire de la CGT, face \u00e0 Elizabeth Martichoux; vid\u00e9os) <\/strong> : http:\/\/www.rtl.fr\/actu\/societe-faits-divers\/gifle-a-manuel-valls-la-condamnation-me-semble-rapide-deplore-philippe-martinez-7786815737\n\n-C&#8217;est aussi le point de vue de Jean-Louis Beffa, pr\u00e9sident d&#8217;honneur de Saint-Gobain, qui consid\u00e8re aussi que le strict Made en France n&#8217;a pas de sens (interrog\u00e9 par Fabien Namias; vid\u00e9o) : http:\/\/www.dailymotion.com\/video\/x58zxvg_jean-louis-beffa-le-strict-made-in-france-n-a-pas-de-sens_news\n\n-Dans l&#8217;a\u00e9ronautique, la fusion entre Safran et Zodiac (vid\u00e9o) : http:\/\/www.francetvinfo.fr\/economie\/aeronautique\/aeronautique-fusion-de-safran-et-zodiac_2026598.html\n\n-&#8220;Le magasin Auchan de Tourcoing aussi accus\u00e9 de racisme&#8221; (Kocila Makdeche) :   http:\/\/www.francetvinfo.fr\/economie\/emploi\/carriere\/vie-professionnelle\/sante-au-travail\/enquete-franceinfo-tourcoing-le-magasin-auchan-ou-une-caissiere-a-fait-une-fausse-couche-est-aussi-accuse-de-racisme_2022457.html\n\n-&#8220;7 millions de compteur Linky seront install\u00e9s avant la fin de l&#8217;ann\u00e9e&#8221; (Philippe Monloubou, PDG d&#8217;Enedis; interrog\u00e9 par Olivier Harmant; vid\u00e9o) :                                                                      https:\/\/videos.lesechos.fr\/lesechos\/invite-des-echos\/linky-7-millions-de-compteurs-installes-dici-la-fin-de-lannee-philippe-monloubou-enedis\/88xq08\n\n<strong>-En commission, les d\u00e9put\u00e9s renforcent l&#8217;interdiction de l&#8217;exploitation et de l&#8217;exploration du gaz de schiste (vid\u00e9o) <\/strong> : http:\/\/www.lcp.fr\/la-politique-en-video\/en-commission-les-deputes-interdisent-lexploitation-et-lexploration-des-huiles\n\n-La concentration de m\u00e9thane dans l&#8217;atmosph\u00e8re (Violaine de la Bigne; son) : http:\/\/www.sudradio.fr\/Podcasts\/Quelle-epoque-ethique\/Methane\n\n<strong>-&#8220;Il y a toujours autant de personnes qui frappent \u00e0 la porte des Restos. Nous ne sommes pas une d\u00e9l\u00e9gation de service public&#8221; (Patrice Blanc, pr\u00e9sident des Restos du Coeur; interrog\u00e9 par Dimitri Pavlenko; son) <\/strong> : http:\/\/www.sudradio.fr\/Podcasts\/L-invite-pour-comprendre\/Patrice-Blanc-president-des-Restos-du-Coeur\n\n-La grippe aviaire continue de s&#8217;\u00e9tendre (Christophe Barrailh, pr\u00e9sident du CIFOG; son) : http:\/\/www.sudradio.fr\/Podcasts\/L-invite-pour-comprendre\/Christophe-Barrailh-president-du-CIFOG2\n\n-Nos c\u00f4tes menac\u00e9es par la r\u00e9vision de la loi Littoral (vid\u00e9o) : http:\/\/www.francetvinfo.fr\/replay-jt\/france-2\/20-heures\/loi-littoral-nos-cotes-menacees_2026560.html\n\n<strong>-Christian Buchet, directeur du Centre d&#8217;\u00e9tude de la mer, \u00e9tait l&#8217;invit\u00e9 d&#8217;Yves Calvi sur LCI (vid\u00e9o) : <\/strong> http:\/\/www.lci.fr\/replay\/replay-24h-en-questions-du-mercredi-18-janvier-2017-christian-buchet-directeur-du-centre-d-etude-de-la-mer-invite-d-yves-calvi-2022474.html%3Ftype=content\n\n-Les cachalots qui murmurent \u00e0 l&#8217;oreille des plongeurs (Nathalie Fontrel; son) :   https:\/\/www.franceinter.fr\/emissions\/planete-environnement\/planete-environnement-19-janvier-2017\n\n<strong>-L&#8217;exploit d&#8217;Armel Le Cl\u00e9ac&#8217;h (vid\u00e9o) :<\/strong> http:\/\/www.francetvinfo.fr\/sports\/voile\/vendee-globe\/vendee-globe-l-exploit-d-armel-le-cleac-h_2026610.html\n\n-Sept incidents marquants du &#8220;Vend\u00e9e Globe&#8221; 2016-2017 (vid\u00e9o) :  http:\/\/www.liberation.fr\/video\/2017\/01\/18\/le-vendee-globe-2016-2017-en-sept-incidents-marquants_1542348?xtor=EPR-450206&#038;utm_source\n\n<strong>POLITIQUE<\/strong>\n\n<strong>-Six s\u00e9quences du dernier d\u00e9bat de la primaire socialiste (vid\u00e9o) : <\/strong> http:\/\/www.francetvinfo.fr\/politique\/ps\/primaire-a-gauche\/videos-primaire-de-la-gauche-les-six-sequences-qu-il-ne-fallait-pas-rater-pendant-le-dernier-debat_2026488.html\n\n-&#8220;Les meilleurs moments&#8221; (vid\u00e9os) : http:\/\/www.lcp.fr\/actualites\/primaire-de-la-gauche-les-meilleurs-moments-du-dernier-debat\n\n-L&#8217;int\u00e9grale (vid\u00e9o) : http:\/\/www.francetvinfo.fr\/politique\/ps\/primaire-a-gauche\/direct-primaire-de-la-gauche-regardez-et-commentez-le-dernier-debat-avant-le-premier-tour-sur-france-2_2022793.html\n\n-&#8220;La carte blanche des candidats&#8221; (vid\u00e9o) : http:\/\/video.lefigaro.fr\/figaro\/video\/le-debat-de-la-primaire-de-la-gauche-la-carte-blanche-des-candidats\/5289627135001\/\n\n-Passe d&#8217;arme entre Peillon et Valls (vid\u00e9o) : \nhttp:\/\/www.francetvinfo.fr\/politique\/ps\/primaire-a-gauche\/video-il-ne-faut-pas-faire-la-guerre-tout-le-temps-et-a-tout-le-monde-passe-d-armes-entre-vincent-peillon-et-manuel-valls-sur-le-plateau-de-france-2_2026704.html\n\n-Un peu d&#8217;humour (vid\u00e9o) : http:\/\/www.francetvinfo.fr\/politique\/ps\/primaire-a-gauche\/video-primaire-de-la-gauche-les-moments-les-plus-droles-du-troisieme-debat_2027298.html\n\n<em>-Qui a gagn\u00e9 ? (ELABE) :<\/em> http:\/\/elabe.fr\/a-gagne-troisieme-debat\/\n\n-&#8220;Le candidat de la primaire PS ne servira \u00e0 rien&#8221; (Jean-Luc M\u00e9lenchon, cit\u00e9 par Richard Werly du quotidien suisse &#8220;Le Temps&#8221; ) : https:\/\/www.letemps.ch\/monde\/2017\/01\/19\/jeanluc-melenchon-candidat-primaire-ps-ne-servira-rien?utm_source\n\n-&#8220;Notre heure est arriv\u00e9e&#8221; (Beno\u00eet Hamon en meeting \u00e0 Paris; cit\u00e9 par Rachid La\u00efr\u00e8che) : http:\/\/www.liberation.fr\/elections-presidentielle-legislatives-2017\/2017\/01\/19\/benoit-hamon-notre-heure-est-arrivee_1542509?xtor\n\n-&#8220;Il a le vent en poupe&#8221; (Renaud D\u00e9ly; son) : https:\/\/www.franceinter.fr\/emissions\/histoires-politiques\/histoires-politiques-19-janvier-2017\n\n-&#8220;Chez Montebourg, on a du mal \u00e0 voir Hamon pr\u00e9sident&#8221; (Lilian Alemagna) : http:\/\/www.liberation.fr\/elections-presidentielle-legislatives-2017\/2017\/01\/19\/chez-montebourg-on-a-du-mal-a-voir-hamon-president_1542508?xtor\n\n-&#8220;Marine Le Pen, c&#8217;est le parti de l&#8217;\u00e9tranger&#8221; pour l&#8217;ancien ministre de l&#8217;Economie (vid\u00e9o) : http:\/\/www.lci.fr\/primaire-gauche\/pour-arnaud-montebourg-marine-le-pen-admiratrice-de-trump-et-poutine-represente-le-parti-de-l-etranger-2022459.html%3Ftype=content\n\n-&#8220;Hors de question de se d\u00e9sister pour Macron&#8221; (Vincent Peillon, face \u00e0 Francis Letellier; vid\u00e9o) : http:\/\/www.francetvinfo.fr\/politique\/ps\/primaire-a-gauche\/primaire-de-la-gauche-peillon-hors-de-question-de-se-desister-pour-macron_2025806.html\n\n-&#8220;Le revenu universel est d\u00e9faitiste et irr\u00e9alisable. Rien que pour les jeunes, \u00e7a couterait 40 milliards alors que le budget de l&#8217;enseignement et de la recherche, c&#8217;est 20 milliards. Fran\u00e7ois Hollande a renonc\u00e9, baiss\u00e9 les bras&#8221; (Aur\u00e9lie Filippetti, d\u00e9put\u00e9e PS de Moselle; invit\u00e9e de la matinale de Franceinfo: vid\u00e9o) : http:\/\/www.dailymotion.com\/video\/x5907xj_pour-aurelie-filippetti-francois-hollande-a-renonce-baisse-les-bras_news\n\n-&#8220;On verra le derri\u00e8re de Macron tr\u00e8s vite, comme celui de Bernard Tapie et d&#8217;autres qui l&#8217;ont pr\u00e9c\u00e9d\u00e9&#8221; (G\u00e9rard Filoche, membre du Bureau national du PS; interrog\u00e9 par Audrey Crespo-Mara; vid\u00e9o) : http:\/\/www.lci.fr\/replay\/replay-l-invite-politique-du-19-janvier-2017-gerard-filoche-2022509.html%3Ftype=content\n\n-&#8220;Il n&#8217;a jamais chang\u00e9. Pour la premi\u00e8re fois dans la Ve R\u00e9publique, un premier ministre a utilis\u00e9 contre sa majorit\u00e9 le 49.3&#8221; (Luc Carvounas, s\u00e9nateur PS du Val-de-Marne, soutien de Manuel Valls; face \u00e0 Myriam Encaoua; vid\u00e9o) : http:\/\/www.itele.fr\/chroniques\/invite-michael-darmon\/linvite-de-myriam-encaoua-du-19012017-172451\n\n<strong>-&#8220;Nous avons plus de 17 000 places d&#8217;h\u00e9bergement chaque soir \u00e0 Paris. Nous avons besoin d&#8217;une grande force sociale-d\u00e9mocrate \u00e9cologiste. Les partis politiques ont sans doute failli. Plus qu&#8217;Emmanuel Macron, Vincent Peillon est celui qui permet de sortir par le haut&#8221; (Anne Hidalgo, invit\u00e9e de Jean-Jacques Bourdin; vid\u00e9o) : <\/strong> http:\/\/www.bfmtv.com\/mediaplayer\/video\/anne-hidalgo-face-a-jean-jacques-bourdin-en-direct-904721.html\n\n-Autolib dans le rouge (vid\u00e9o) : http:\/\/rmc.bfmtv.com\/mediaplayer\/video\/deficit-d-autolib-la-mairie-de-paris-a-lance-un-audit-pour-verifier-que-bollore-ne-l-a-pas-trompe-904767.html\n\n-&#8220;Le probl\u00e8me majeur, ce sont les centrales nucl\u00e9aires vieillissantes&#8221; (la secr\u00e9taire d&#8217;Etat Barbara Pompili, face \u00e0 Guillaume Durand; vid\u00e9o) : https:\/\/www.dailymotion.com\/video\/x5906i1_le-probleme-majeur-ce-sont-les-centrales-nucleaires-vieillissantes-barbara-pompili-19-01-2017_news\n\n-&#8220;La seule id\u00e9e nouvelle, c&#8217;est le revenu universel que je prends avec prudence&#8221; (Jean-Luc Bennhamias, invit\u00e9 de &#8220;Territoires d&#8217;Infos&#8221;; vid\u00e9o, amener le curseur sur 33:15) : https:\/\/www.dailymotion.com\/video\/x590e6z_replay-jean-luc-bennahmias-territoires-d-infos-19-01-2017_tv\n\n-Trois candidats qui s&#8217;affrontent par  meetings interpos\u00e9s (vid\u00e9o) : http:\/\/www.francetvinfo.fr\/politique\/ps\/primaire-a-gauche\/derniers-meetings-pour-valls-hamon-et-montebourg_2025992.html\n\n-Guy Bedos \u00e0 celui de Montebourg \u00e0 Paris (vid\u00e9o) : http:\/\/www.francetvinfo.fr\/politique\/arnaud-montebourg\/video-l-etrange-remarque-de-guy-bedos-sur-la-facon-dont-ses-amis-musulmans-traitent-les-femmes_2026052.html\n\n<strong>-Les programmes des candidats de la primaire d\u00e9crypt\u00e9s (Christian Chavagneux) :  <\/strong> http:\/\/www.alternatives-economiques.fr\/primaire-de-gauche-programmes-candidats-decryptes\/00076841\n\n-Les 7% de Peillon siphonnent Valls&#8221; (Alba Ventura; vid\u00e9o) : http:\/\/www.rtl.fr\/actu\/politique\/primaire-de-la-gauche-les-sondages-montrent-que-les-7-de-peillon-siphonnent-valls-7786815618\n\n-&#8220;Hollande, le fossoyeur de cette primaire&#8221; (Guillaume Tabard du &#8220;Figaro&#8221;; vid\u00e9o) : http:\/\/www.europe1.fr\/emissions\/ledito-politique-dyves-threard\/hollande-le-fossoyeur-de-cette-primaire-du-ps-2954447\n\n<em>-Les intentions de vote \u00e0 la primaire socialiste (OPINION-WAY) :<\/em> https:\/\/www.opinion-way.com\/fr\/component\/edocman\/?task=document.viewdoc&#038;id=1504&#038;Itemid=0\n\n<em>-Le m\u00eame (ELABE) :<\/em> http:\/\/elabe.fr\/primaires-citoyennes-vague-3\/\n\n-&#8220;Macron, capteur de mouvements&#8221; (Nathalie Raulin) : http:\/\/www.liberation.fr\/elections-presidentielle-legislatives-2017\/2017\/01\/18\/macron-capteur-de-mouvements_1542480?xtor\n\n-Il lance un appel \u00e0 candidatures pour les \u00e9lections l\u00e9gislatives (vid\u00e9o) : http:\/\/www.bfmtv.com\/mediaplayer\/video\/macron-lance-un-appel-a-candidatures-pour-les-elections-legislatives-904825.html\n\n-&#8220;J&#8217;ai \u00e9t\u00e9 tr\u00e8s d\u00e9\u00e7u par le PS&#8221; (Jean-Paul Huchon, ancien pr\u00e9sident de la r\u00e9gion Ile-de-France, au meeting d&#8217;Emmanuel Macron; vid\u00e9o) : http:\/\/videos.leparisien.fr\/video\/huchon-venu-soutenir-macron-j-ai-ete-tres-decu-par-le-ps-15-01-2017-x58jpw5#xtref=https%3A%2F%2Fwww.facebook.com%2F\n\n-&#8220;Les Nordistes, l&#8217;alcool, le tabac et Emmanuel Macron&#8221; (son) : http:\/\/www.sudradio.fr\/Podcasts\/Les-reportages-de-la-matinee\/Les-Nordistes-l-alcool-et-le-tabac \n\n-&#8220;Fran\u00e7ois Fillon n&#8217;est pas le candidat du syst\u00e8me Medef&#8221; (G\u00e9rard Larcher, pr\u00e9sident LR du S\u00e9nqt; face \u00e0 Alexandra Bensaid; vid\u00e9o) : http:\/\/www.dailymotion.com\/video\/x58zr3w_gerard-larcher-repond-aux-questions-d-alexandra-bensaid_news\n\n-Fillon &#8220;va droit dans le mur&#8221; (l&#8217;eurod\u00e9put\u00e9e LR Rachida Dati) : http:\/\/www.euractiv.fr\/section\/elections\/news\/leurodeputee-rachida-dati-juge-que-fillon-va-droit-dans-le-mur\/?nl_ref=29230344\n\n-&#8220;Il a int\u00e9r\u00eat \u00e0 prendre des risques s&#8217;l veut rivaliser avec Macron&#8221; (Philippe Tesson; vid\u00e9o) : https:\/\/www.dailymotion.com\/video\/x5906gq_francois-fillon-a-interet-a-prendre-des-risques-s-il-veut-rivaliser-avec-emmanuel-macron-philippe-t_news\n\n-&#8220;L&#8217;investiture de NKM rel\u00e8ve bien du fait du prince&#8221; (Guillaume Tabard du &#8220;Figaro&#8221;; son du 19 janvier) : https:\/\/www.radioclassique.fr\/radio\/emissions\/matinale-de-radio-classique\/22630-2\/\n\n-&#8220;La guerre des trois&#8221; sur la primaire de la droite (le d\u00e9mographe Herv\u00e9 Le Bras et J\u00e9r\u00f4me Fourquet, directeur de la Fondation Jean-Jaur\u00e8s (vid\u00e9o) : https:\/\/www.youtube.com\/watch?v=oWymPOj5Ngc\n\n-&#8220;En Grande-Bretagne, depuis le Brexit, il y a une pluie de cr\u00e9ations d&#8217;emplois. Partout, Je vois ce besoin d&#8217;ind\u00e9pendance. La seule candidate qui veut que nous retrouvions nos fronti\u00e8res, c&#8217;est Marine Le Pen. Theresa May d\u00e9fend son peuple&#8221;  (Florian Philippot, vice-pr\u00e9sident du FN, face Caroline Roux; vid\u00e9o) : http:\/\/www.france2.fr\/emissions\/telematin\/actu\/les-4-verites-florian-philippot_542125\n\n<strong>-Il y a de moins en moins de tabous dans les mots en politique&#8221; (C\u00e9cile Alduy, professeur de litt\u00e9rature et de civilisation fran\u00e7aises \u00e0 Stanford; interrog\u00e9e par Eric Delvaux; son) <\/strong> : https:\/\/www.franceinter.fr\/emissions\/l-invite-du-5-7\/l-invite-du-5-7-19-janvier-2017\n\n<strong>-&#8220;Tous antisyst\u00e8mes&#8221; (Thomas Legrand; son) : <\/strong> https:\/\/www.franceinter.fr\/emissions\/l-edito-politique\/l-edito-politique-19-janvier-2017\n\n<em>-Les intentions de vote au premier tour de l&#8217;\u00e9lection pr\u00e9sidentielle (CEVIPOF) : <\/em>      http:\/\/www.lemonde.fr\/election-presidentielle-2017\/article\/2017\/01\/19\/le-pen-fillon-et-macron-en-tete-dans-les-intentions-de-vote-au-premier-tour_5065009_4854003.html#1Uf3cHFwcymkSwmo.99\n\n<em>-Le tableau de bord des personnalit\u00e9s (IFOP) :<\/em> http:\/\/www.ifop.fr\/?option=com_publication&#038;type=poll&#038;id=3617\n\n<strong>EUROPE-MONDE<\/strong>\n\n<strong>-&#8220;L&#8217;Alliance atlantique n&#8217;est pas obsol\u00e8te&#8221; (le ministre des Affaires \u00e9trang\u00e8res Jean-Marc Ayrault, qui n&#8217;est pas convaincu par les d\u00e9bats de la primaire et qui ne sait pas, entre Macron et le vainqueur de la primaire, o\u00f9 ira la dynamique; invit\u00e9 de &#8220;Questions d&#8217;Info&#8221; sur LCP; vid\u00e9o) <\/strong> :  http:\/\/www.lcp.fr\/emissions\/questions-dinfo\/279535-questions-dinfo\n\n<strong>-&#8220;Je sentais que le Brexit allait venir&#8221; (Laurent Fabius, pr\u00e9sident du Conseil constitutionnel, invit\u00e9 d&#8217;Yves Calvi dans &#8220;Questions politiques&#8221;; vid\u00e9o) : <\/strong> http:\/\/www.lci.fr\/replay\/replay-24-heures-en-questions-du-17-janvier-2017-laurent-fabius-invite-d-yves-calvi-2022306.html%3Ftype=content\n\n-&#8220;Le Ceta, la lutte continue pour le stopper&#8221; (la CGT) : http:\/\/www.cgt.fr\/Le-Ceta-la-lutte-continue-pour-le.html\n\n-&#8220;Les d\u00e9g\u00e2ts du Brexit ne font que commencer&#8221; (Angel Gurria, secr\u00e9taire g\u00e9n\u00e9ral de l&#8217;OCDE; propos recueillis par Jorge Valero) : http:\/\/www.euractiv.fr\/section\/royaume-uni-en-europe\/interview\/gurria-the-brexit-damage-is-only-beginning\/?nl_ref=29230344\n\n-L&#8217;inqui\u00e9tude des Polonais du Royaume-Uni (vid\u00e9o) : http:\/\/www.francetvinfo.fr\/monde\/europe\/la-grande-bretagne-et-l-ue\/brexit-les-polonais-du-royaume-uni-inquiets_2025852.html\n\n<strong>-&#8220;L&#8217;ultimatum de Th\u00e9resa May aux m\u00e9decins&#8221; (vid\u00e9o) <\/strong> : http:\/\/www.francetvinfo.fr\/monde\/royaume-uni\/grande-bretagne-l-ultimatum-de-theresa-may-aux-medecins_2026590.html\n\n-&#8220;La diff\u00e9rence entre Paris et Francfort, c&#8217;est que la place financi\u00e8re de Paris est universelle&#8221; (Arnaud de Bresson, d\u00e9l\u00e9gu\u00e9 g\u00e9n\u00e9ral &#8220;d&#8217;Europlace&#8221;, face \u00e0 Nicolas Pierron; vid\u00e9o) :      https:\/\/www.dailymotion.com\/video\/x5900bl_la-difference-entre-paris-et-francfort-c-est-que-la-place-financiere-de-paris-est-universelle-a-de_news\n\n-&#8220;Pour sortir de l&#8217;impasse, nouvelles \u00e9lections en Irlande du Nord&#8221; (vid\u00e9o) : http:\/\/newscdn.newsrep.net\/h5\/nrvideo.html?r=3&#038;lan=fr_FR&#038;pid=14&#038;id=F8742b305ZE_fr&#038;app_lan\n\n-Le r\u00e9f\u00e9rendum \u00e9cossais se pr\u00e9cise : http:\/\/www.euractiv.fr\/section\/royaume-uni-en-europe\/news\/le-risque-dun-referendum-ecossais-se-precise\/?nl_ref=29230344\n\n-&#8220;Le d\u00e9part de Martin Schulz soulage les &#8220;Socialistes et d\u00e9mocrates&#8221; (Sarantis Michalopoulos) : http:\/\/www.euractiv.fr\/section\/politique\/news\/schulzs-departure-paves-way-for-leftist-alliance-in-eu-parliament\/?nl_ref=29230344\n\n<strong>-Cons\u00e9quence de l&#8217;accord intervenu avec le PPE pour l&#8217;\u00e9lection du pr\u00e9sident du Parlement, la centriste danoise Margrethe Vestager devrait \u00eatre nomm\u00e9e vice-pr\u00e9sidente de la Commission europ\u00e9enne (Aline Robert) : <\/strong> http:\/\/www.euractiv.fr\/section\/elections\/news\/vestager-pressentie-pour-une-vice-presidence-de-la-commission\/?nl_ref=29230344\n\n-&#8220;Premier scrutin consensuel au Parlement europ\u00e9en&#8221; (Aline Robert) : http:\/\/www.euractiv.fr\/section\/all\/news\/premier-scrutin-consensuel-au-parlement-europeen\/?nl_ref=29230344\n\n<strong>-Construction de la premi\u00e8re mosqu\u00e9e \u00e0 Ath\u00e8nes (Anthony Bellanger; son) : <\/strong> https:\/\/www.franceinter.fr\/emissions\/l-edito\/l-edito-19-janvier-2017\n\n-&#8220;Les pays du bloc de l&#8217;Est maintiennent leur position sur l&#8217;accueil des r\u00e9fugi\u00e9s&#8221; : http:\/\/www.euractiv.fr\/section\/l-europe-dans-le-monde\/news\/visegrad-and-migration-few-prospects-for-a-change-in-position\/?nl_ref=29230344\n\n-&#8220;A Gao (Mali), le sanglant message d&#8217;A-Qaeda \u00e0 l&#8217;ONU et \u00e0 la France&#8221; (C\u00e9lian Mac\u00e9) : http:\/\/www.liberation.fr\/planete\/2017\/01\/18\/a-gao-le-sanglant-message-d-al-qaeda-a-l-onu-et-a-la-france_1542483?xtor\n\n-Obama souhaite bonne chance \u00e0 Trump et \u00e0 l&#8217;Am\u00e9rique (vid\u00e9o) : http:\/\/www.francetvinfo.fr\/monde\/usa\/presidentielle\/donald-trump\/obama-souhaite-bonne-chance-a-trump-et-aux-etats-unis_2026000.html\n\n-10 tweets embl\u00e9matiques de Donald Trump (vid\u00e9o) : https:\/\/videos.lesechos.fr\/lesechos\/sujet-actus\/donald-trump-en-10-tweets-emblematiques\/88qqxz\n\n<strong>-&#8220;Ouvertement climatosceptique&#8221; (Baptiste Gaborit; son du 19 janvier) : <\/strong> https:\/\/www.radioclassique.fr\/radio\/emissions\/matinale-de-radio-classique\/3-minutes-planete\/\n\n-&#8220;Le triangle trumpiste&#8221; (Bernard Guetta; son) : https:\/\/www.franceinter.fr\/emissions\/geopolitique\/geopolitique-19-janvier-2017\n\n-Aujourd&#8217;hui des manifestations anti-Trump (vid\u00e9o) : http:\/\/www.francetvinfo.fr\/monde\/usa\/presidentielle\/donald-trump\/l-amerique-face-a-donald-trump_2026662.html\n\n-&#8220;Ils vont manifester contre Trump&#8221; (Bruno Odent) : http:\/\/www.humanite.fr\/ils-vont-manifester-contre-trump-lautre-visage-de-lamerique-630739\n\n<em>-Son image en France et en Europe (ODOXA) :<\/em> http:\/\/www.odoxa.fr\/sondage\/donald-trump-lunanimite-contre-lui-europe\/\n\n<strong>-&#8220;L&#8217;impr\u00e9visibilit\u00e9 du monde&#8221; (St\u00e9phane Bussard) : <\/strong> https:\/\/www.letemps.ch\/monde\/2017\/01\/19\/linvestiture-donald-trump-illustre-limprevisibilite-monde?utm_source\n\n-Face \u00e0 l&#8217;inflation, le Venezuela introduit de nouveaux billets (vid\u00e9o) : http:\/\/newscdn.newsrep.net\/h5\/nrvideo.html?r=3&#038;lan=fr_FR&#038;pid=14&#038;id=Jb7496413Ct_fr&#038;app_lan\n\n-75 % des esp\u00e8ces de primates sont en d\u00e9clin (Romain Loury) : http:\/\/www.euractiv.fr\/section\/climat-environnement\/news\/75-des-especes-de-primates-sont-en-declin\/?nl_ref=29230344\n\n<strong>-Vers une extinction d&#8217;ici 25 \u00e0 50 ans (V\u00e9ronique Rebeyrotte et Eric Chaverou; sons) <\/strong> : https:\/\/www.franceculture.fr\/societe\/lhomme-meilleur-ennemi-du-singe#xtor\n\n<strong>CULTURE-MEDIAS<\/strong>\n\n<strong>-&#8220;Le cancer est comme un ivrogne, au d\u00e9but, il suffit d&#8217;un coup pour le jeter \u00e0 terre&#8221; (la biologiste Patrizia Paterlini-Br\u00e9chot qui r\u00e9pondait aux questions de  Patrick Cohen et aux auditeurs de France Inter; vid\u00e9os) :         <\/strong>                                                                        http:\/\/www.dailymotion.com\/video\/x58zw28_patrizia-paterlini-brechot-biolhttp:\/\/www.dailymotion.com\/video\/x59005y_patrizia-paterlini-brechot-biologiste-repond-aux-auditeurs-de-france-inter_newsogiste-repond-aux-questions-de-patrick-cohen_news                                          \n\n-&#8220;Refondation de l&#8217;Ecole, bilan d&#8217;un quinquennat&#8221; (Axel Trany, haut fonctionnaire; extrait des &#8220;Renoncements&#8221; publi\u00e9s par la Fondation Copernic aux \u00e9ditions Syllepse; pi\u00e8ce jointe);\n\n-&#8220;Cette r\u00e9forme du coll\u00e8ge me fait devenir parano\u00efaque&#8221; (Lucie Martin; avec une conf\u00e9rence de Florence Robine, souvent pr\u00e9sent\u00e9e comme le &#8220;cerveau&#8221; de la ministre; vid\u00e9o) :              http:\/\/www.telerama.fr\/monde\/cette-reforme-du-college-me-fait-devenir-paranoiaque,152755.php#xtor\n\n<strong>-A Davos, &#8220;Comment r\u00e9pondre \u00e0 la mont\u00e9e du populisme ?&#8221; (vid\u00e9o) : <\/strong> https:\/\/videos.lesechos.fr\/lesechos\/sujet-actus\/davos-2017-comment-repondre-a-la-montee-du-populisme-avec-christine-lagarde-directrice-du-fmi\/8808v5\n\n-&#8220;ISF, trois lettres, trente ans de controverses&#8221; (&#8220;Affaires sensibles&#8221; de Fabrice Drouelle, avec comme invit\u00e9 Liem Hoang Ngoc, eurod\u00e9put\u00e9;son et vid\u00e9o) :  https:\/\/www.franceinter.fr\/emissions\/affaires-sensibles\/affaires-sensibles-19-janvier-2017\n\n-&#8220;Une vie&#8221; de Guy de Maupassant. Son premier roman analys\u00e9 par Antonia Fonyi, chercheuse au CNRS et le critique litt\u00e9raire Olivier Mony (dans &#8220;La Compagnie des auteurs&#8221; de Matthieu Garrigou-Lagtrange; son) : https:\/\/www.franceculture.fr\/emissions\/la-compagnie-des-auteurs\/guy-de-maupassant-24-une-vie-le-roman-dun-deuil-depasse#xtor\n\n<strong>-Ga\u00ebl Faye, laur\u00e9at du prix du Roman des \u00e9tudiants avec &#8220;Petit Pays&#8221; a r\u00e9pondu aux questions des auditeurs de Fance Culture et des lecteurs de T\u00e9l\u00e9rama (vid\u00e9o) :   <\/strong>                                         http:\/\/www.telerama.fr\/livre\/posez-vos-questions-a-gael-faye-prix-du-roman-des-etudiants-pour-petit-pays-a-11h,152891.php#xtor\n\n-&#8220;La Com\u00e9die&#8221;, Centre national dramatique de Saint-Etienne, fait peau neuve (Emmanuelle Bouchez) : http:\/\/www.telerama.fr\/scenes\/a-saint-etienne-le-beau-chantier-de-la-nouvelle-comedie,152756.php#xtor\n\n-&#8220;La Philharmonie de Hambourg prend enfin le large&#8221; (Sophie Bourdais) : http:\/\/www.telerama.fr\/musique\/le-vaisseau-de-l-elbphilharmonie-prend-enfin-le-large,152675.php#xtor\n\n-Aux Beaudottes \u00e0 Sevran (93), une &#8220;Micro-Folie&#8221; pour &#8220;ouvrir les app\u00e9tits culturels&#8221; (Luc Le Chatelier) : http:\/\/www.telerama.fr\/scenes\/une-micro-folie-a-sevran-beaudottes,152774.php#xtor\n\n-Pascal Contet, l&#8217;accord\u00e9oniste qui donne ses concerts dans l&#8217;obscurit\u00e9 totale (S\u00e9bastien Porte; vid\u00e9o) : http:\/\/www.telerama.fr\/sortir\/en-concert-pascal-contet-voit-tout-en-noir,152875.php#xtor\n\n<strong>-Patrick Bruel parle d'&#8221;Un sac de billes&#8221; de Christian Duguay, dans lequel il incarne Joseph Joffo (entretien r\u00e9alis\u00e9 par Guillemette Odicino; vid\u00e9o) : <\/strong> http:\/\/www.telerama.fr\/cinema\/le-film-de-la-semaine-patrick-bruel-parle-d-un-sac-de-billes-de-christian-duguay,152779.php#xtor\n\n-&#8220;Paterson&#8221; de Jim Jarmusch, un hommage \u00e0 la po\u00e9sie (Laurent Rigoulet; vid\u00e9o) : http:\/\/www.telerama.fr\/cinema\/re-voir-paterson-pour-l-hommage-de-jim-jarmusch-a-la-poesie,152886.php#xtor\n\n-Ben Affleck acteur, &#8220;bien fade dans &#8220;Live by night&#8221; de Ben Affleck r\u00e9alisateur&#8221; (J\u00e9r\u00e9mie Couston; vid\u00e9o) : http:\/\/www.telerama.fr\/cinema\/live-by-night-ben-affleck-le-realisateur-desservi-par-ben-affleck-l-acteur,152888.php#xtor\n\n-&#8220;Belle dormant&#8221; de Adolfo Arrieta (Louis Guichard; vid\u00e9o) : http:\/\/www.telerama.fr\/cinema\/avecc-belle-dormant-la-folie-est-dans-les-details,152893.php#xto\n\n-Les com\u00e9diennes et com\u00e9diens pr\u00e9s\u00e9lectionn\u00e9s pour les C\u00e9sar 2017 (Guillemette Odicino) : http:\/\/www.telerama.fr\/cinema\/revelations-des-cesar-2017-nos-dix-pardon-onze-favoris,152908.php#xtor\n\n-Roman Polanski pr\u00e9sidera la 42e c\u00e9r\u00e9monie (Aur\u00e9lie Delaunoy) : http:\/\/www.telerama.fr\/cinema\/roman-polanski-president-de-la-42e-ceremonie-des-cesar,152899.php#xtor\n\n-12 photos de Monica Bellucci dans &#8220;Gala&#8221; : http:\/\/photo.gala.fr\/monica-bellucci-looks-19876\/1?#monica-bellucci-lors-d-une-prise-de-vue-de-mode-1990-353896\n\n-Celles de la semaine (EPIC) : http:\/\/www.oai13.com\/featured\/la-selection-du-jeudi-depic-stories-71\/\n\n-&#8220;Sewer Blues&#8221;, le nouveau clip du groupe canadien Timber Timbre (Hugo Cassavetti; vid\u00e9o) : http:\/\/www.telerama.fr\/musique\/regardez-sewer-blues-de-timber-timbre,152773.php#xtor\n\n<strong>-&#8220;Motel Bamako&#8221;, l&#8217;album dans lequel Inna la malienne Modja chante en bambara; re\u00e7ue par Aur\u00e9lie Charon (son et vid\u00e9o) : <\/strong> https:\/\/www.franceculture.fr\/emissions\/une-vie-dartiste\/numero-21-inna-modja-fille-de-bamako#xtor\n\n<strong>-&#8220;Loyle Carner, le hip-hop venu d&#8217;Angleterre&#8221; (Rebecca Manzoni; vid\u00e9o) :  <\/strong>       https:\/\/www.franceinter.fr\/emissions\/pop-co\/pop-co-19-janvier-2017\n\n-La programmation du festival am\u00e9ricain &#8220;Lollapalooza&#8221; qui pour la premi\u00e8re fois se tiendra \u00e0 Paris les 22 et 23 juillet prochains -Jean-Baptiste Rosch; vid\u00e9o) :                                                   http:\/\/www.telerama.fr\/sortir\/le-festival-lollapalooza-paris-revele-sa-programmation-pour-l-originalite-c-est-rate,152907.php#xtor\n\n<strong>-Jane Birkin \u00e9tait l&#8217;invit\u00e9e d&#8217;Augustin Trapenard (son) : <\/strong> https:\/\/www.franceinter.fr\/emissions\/boomerang\/boomerang-19-janvier-2017\n\n-Un album avec &#8220;les id\u00e9es noires&#8221; de Franquin (Fran\u00e7ois Angelier; son) :  https:\/\/www.franceculture.fr\/emissions\/les-emois\/gaffes-fatales-les-idees-noires-de-franquin#xtor\n\n<strong>-&#8220;Les graphistes en col\u00e8re contre la F\u00eate du cin\u00e9ma&#8221; (Xavier de Jarcy) : <\/strong> http:\/\/www.telerama.fr\/scenes\/les-graphistes-en-colere-contre-la-fete-du-cinema,152905.php#xtor\n\n<strong>-&#8220;Emma\u00fcs Connect&#8221; pour des connections solidaires (Jean Diydier, directeur de l&#8217;association, invit\u00e9 de Marie Richeux; son) : <\/strong> https:\/\/www.franceculture.fr\/emissions\/les-nouvelles-vagues\/la-precarite-35-connexions-solidaires#xtor\n\n<strong>-Sur Arte, &#8220;De l&#8217;art et du cochon&#8221;, l&#8217;\u00e9mission qui r\u00e9unit les cuisiniers et les  artistes autour d&#8217;un projet commun (le dimanche 22 janvier, avec Thierry Marx et le dessinateur Enki Bilal. Virginie F\u00e9lix. A voir ici; vid\u00e9o) :  <\/strong>  http:\/\/television.telerama.fr\/television\/de-l-art-et-du-cochon-enki-bilal-et-thierry-marx-en-tandem-pour-la-nouvelle-saison,152585.php#xtor=EPR\n\n-&#8220;L&#8217;humour schizo de Guillermo Guiz sur France Inter&#8221; (Rossana Di Vicenzo; vid\u00e9o) : http:\/\/www.telerama.fr\/sortir\/sexe-drogues-et-france-inter-l-humour-schizo-de-guillermo-guiz,152874.php#xtor\n\n-Au Point Virgule \u00e0 Paris, jusqu&#8217;au 28 juin : http:\/\/sortir.telerama.fr\/evenements\/spectacles\/guillermo-guiz-guiz-a-un-bon-fond,222463.php\n\n-&#8220;France Inter au top des audiences, Europe 1 dans l&#8217;ab\u00eeme&#8221; (Aude Dassonville) : http:\/\/www.telerama.fr\/radio\/audiences-radio-europe-1-dans-l-abime-france-inter-au-top,152915.php#xtor\n\n-&#8220;Record historique pour France Culture&#8221; : https:\/\/www.franceculture.fr\/medias\/france-culture-record-historique-daudience#xtor\n\n-RMC talonne Europe 1 (Marc Baudriller; son du 19 janvier) : https:\/\/www.radioclassique.fr\/radio\/emissions\/matinale-de-radio-classique\/la-vie-des-medias\/\n\n<strong>-Bertrand Delais, r\u00e9alisateur du documentaire &#8220;L&#8217;Idiot international&#8221;, \u00e9tait l&#8217;invit\u00e9 de Sonia Devillers (vid\u00e9o, amener le curseur sur 4:44) : <\/strong>  http:\/\/www.dailymotion.com\/video\/x5909p3_comment-jean-edern-hallier-dynamita-le-clivage-gauche-droite_news\n\n-Le grand prix du menteur politique attribu\u00e9 au maire de B\u00e9ziers Robert M\u00e9nard (Delphine Legout\u00e9) : http:\/\/www.marianne.net\/grand-prix-du-menteur-politique-2016-est-attribue-robert-menard-100249283.html\n\n-Une des deux enqu\u00eates sur Jean-Marc Morandini class\u00e9e sans suite :  http:\/\/www.marianne.net\/harcelement-sexuel-deux-enquetes-jean-marc-morandini-classee-suite-100249277.html\n\n<strong>-&#8220;Sur les plateformes de streaming, les enfants de plus en plus expos\u00e9s aux pubs pornos&#8221; (Gordon Choisel, pr\u00e9sident de l&#8217;association &#8220;Ennocence&#8221;; propos recueillis par Michel Bezbakh) : <\/strong>         http:\/\/television.telerama.fr\/television\/streaming-les-enfants-de-plus-en-plus-exposes-aux-pubs-pornos,152392.php#xtor\n\n<strong>-&#8220;La France survit au froid polaire et remporte le championnat d&#8217;Europe des b\u00e9b\u00e9s&#8221; (Samuel Gontier) <\/strong> : http:\/\/television.telerama.fr\/television\/la-france-survit-au-froid-polaire-et-remporte-le-championnat-d-europe-des-bebes,152911.php#xtor\n\n<strong>-&#8220;G\u00e9rard Larcher, bras gauche de Fran\u00e7ois Fillon&#8221; (Charline Vanhoenacker; vid\u00e9o) :  <\/strong> https:\/\/www.franceinter.fr\/emissions\/le-billet-de-charline-vanhoenacker\/le-billet-de-charline-vanhoenacker-19-janvier-2017\n\n<strong>-&#8220;Ces entrepreneurs qui ont la niaque&#8221; (Guillaume Meurice; vid\u00e9o) : <\/strong> http:\/\/www.dailymotion.com\/video\/x591m1x_ces-entrepreneurs-qui-ont-la-niaque-le-moment-meurice_fun  \n\n<strong>-L&#8217;hologramme de Jean-Luc M\u00e9lenchon&#8221; (Alex Vizorek, Charline Vanhoenacker, Guillaume Meurice et le r\u00e9alisateur Bertrand Tavernier dans le r\u00f4le de M\u00e9lenchon; vid\u00e9o) :<\/strong> http:\/\/www.dailymotion.com\/video\/x58xn8u_l-hologramme-de-jean-luc-melenchon-si-tu-ecoutes-le-sketch_fun\n<h2 class=\"wp-block-heading\">Documents joints<\/h2>\n\n\n\n<div class=\"wp-block-file\"><a href=\"https:\/\/wp.muchomaas.com\/wp-content\/uploads\/2017\/01\/ecole-3e3.pdf\">ecole.pdf<\/a><\/div>\n\n\n","protected":false},"excerpt":{"rendered":"<p>ACTUALITE -&#8220;Ceux qui pr\u00f4nent la fin du travail ont tort&#8221; Philippe Martinez, secr\u00e9taire de la CGT, face \u00e0 Elizabeth Martichoux; vid\u00e9os) : http:\/\/www.rtl.fr\/actu\/societe-faits-divers\/gifle-a-manuel-valls-la-condamnation-me-semble-rapide-deplore-philippe-martinez-7786815737 -C&#8217;est aussi le point de vue de Jean-Louis Beffa, pr\u00e9sident d&#8217;honneur de Saint-Gobain, qui consid\u00e8re aussi que le strict Made en France n&#8217;a pas de sens (interrog\u00e9 par Fabien Namias; vid\u00e9o) : [&hellip;]<\/p>\n","protected":false},"author":1042,"featured_media":0,"comment_status":"open","ping_status":"open","sticky":false,"template":"","format":"standard","meta":{"_themeisle_gutenberg_block_has_review":false,"footnotes":""},"categories":[151],"tags":[],"class_list":["post-10123","post","type-post","status-publish","format-standard","hentry","category-la-revue-de-presse-de-lulu"],"_links":{"self":[{"href":"https:\/\/archives.regards.fr\/index.php?rest_route=\/wp\/v2\/posts\/10123","targetHints":{"allow":["GET"]}}],"collection":[{"href":"https:\/\/archives.regards.fr\/index.php?rest_route=\/wp\/v2\/posts"}],"about":[{"href":"https:\/\/archives.regards.fr\/index.php?rest_route=\/wp\/v2\/types\/post"}],"author":[{"embeddable":true,"href":"https:\/\/archives.regards.fr\/index.php?rest_route=\/wp\/v2\/users\/1042"}],"replies":[{"embeddable":true,"href":"https:\/\/archives.regards.fr\/index.php?rest_route=%2Fwp%2Fv2%2Fcomments&post=10123"}],"version-history":[{"count":0,"href":"https:\/\/archives.regards.fr\/index.php?rest_route=\/wp\/v2\/posts\/10123\/revisions"}],"wp:attachment":[{"href":"https:\/\/archives.regards.fr\/index.php?rest_route=%2Fwp%2Fv2%2Fmedia&parent=10123"}],"wp:term":[{"taxonomy":"category","embeddable":true,"href":"https:\/\/archives.regards.fr\/index.php?rest_route=%2Fwp%2Fv2%2Fcategories&post=10123"},{"taxonomy":"post_tag","embeddable":true,"href":"https:\/\/archives.regards.fr\/index.php?rest_route=%2Fwp%2Fv2%2Ftags&post=10123"}],"curies":[{"name":"wp","href":"https:\/\/api.w.org\/{rel}","templated":true}]}}