{"id":10121,"date":"2017-01-19T06:48:40","date_gmt":"2017-01-19T05:48:40","guid":{"rendered":"https:\/\/wp.muchomaas.com\/article-la-revue-du-19-janvier-2017\/"},"modified":"2023-06-23T23:23:53","modified_gmt":"2023-06-23T21:23:53","slug":"article-la-revue-du-19-janvier-2017","status":"publish","type":"post","link":"https:\/\/archives.regards.fr\/?p=10121","title":{"rendered":"La Revue du 19 janvier 2017"},"content":{"rendered":"<strong>ACTUALITE<\/strong>\n\n-Trains r\u00e9gionaux, la carte de France des retards (Eric B\u00e9ziat) : http:\/\/www.lemonde.fr\/economie\/article\/2017\/01\/17\/ponctualite-des-trains-regionaux-qui-merite-le-bonnet-d-ane_5064189_3234.html\n\n<em>-Mobilit\u00e9 et emploi (ELABE) :<\/em> http:\/\/elabe.fr\/etude-mobilite-emploi-4emes-rencontres-de-mobilite-inclusive\/\n\n<strong>-Jean-Claude Mailly, secr\u00e9taire de FO, \u00e9tait l&#8217;invit\u00e9 de la matinale de LCI. Il \u00e9tait interrog\u00e9 par Audrey Crespo-Mara (vid\u00e9o) :<\/strong>                                                    http:\/\/www.lci.fr\/replay\/replay-l-invite-politique-du-18-janvier-2017-jean-claude-mailly-2022350.html%3Ftype=content\n\n-&#8220;On a besoin d&#8217;un mix de production \u00e9nerg\u00e9tique tr\u00e8s diversifi\u00e9, c&#8217;est la le\u00e7on de ce qui se passe en ce moment&#8221; (Xavier Ca\u00eftoli, pr\u00e9sident de &#8220;Directenergie&#8221;, 3e fournisseur de gaz et d&#8217;\u00e9lectricit\u00e9 en France; face \u00e0 Nicolas Perron; vid\u00e9o) : https:\/\/www.dailymotion.com\/video\/x58w80y_l-ambition-de-directenergie-est-d-etre-l-un-des-acteurs-de-l-energie-4-0-xavier-caitucoli-18-01-201_news\n\n-En Autriche, &#8220;la centrale nucl\u00e9aire la plus sure au monde&#8221; (Nathalie Fontrel; son) : https:\/\/www.franceinter.fr\/emissions\/planete-environnement\/planete-environnement-18-janvier-2017\n\n<strong>-&#8220;Se prot\u00e9ger du froid hivernal&#8221; (Jean-Louis San Marco, professeur de m\u00e9decine \u00e0 Aix-Marseille; son) <\/strong> : http:\/\/www.sudradio.fr\/Podcasts\/L-invite-pour-comprendre\/Jean-Louis-San-Marco-professeur-de-Medecine-a-Aix-Marseille\n\n<strong>-&#8220;L&#8217;h\u00f4pital ne tient plus que gr\u00e2ce \u00e0 la d\u00e9votion des personnels soignants&#8221; (Sabrina Ali Benali, interne en m\u00e9decine; invit\u00e9e de L\u00e9a Salam\u00e9; vid\u00e9os) :  <\/strong> https:\/\/www.franceinter.fr\/emissions\/l-invite-de-7h50\/l-invite-de-7h50-18-janvier-2017\n\n<em>-Les transports sanitaires en France (IPSOS; vid\u00e9o) :<\/em> http:\/\/www.ipsos.fr\/comprendre-et-maitriser-son-marche\/2017-01-18-transports-sanitaires-en-france-prise-pouls-et-diagnostic\n\n-Les sans-abris du Bois de Vincennes (son) : http:\/\/www.sudradio.fr\/Podcasts\/Les-reportages-de-la-matinee\/Les-Sans-abris-du-bois-de-Vincennes\n\n<strong>-&#8220;Les enfants du canal&#8221; leur viennent en aide (vid\u00e9o) : <\/strong> http:\/\/www.francetvinfo.fr\/replay-jt\/france-3\/12-13\/sans-abri-les-enfants-du-canal-leur-viennent-en-aide_2024335.html\n\n<strong>-&#8220;Migrants, le secours a-t-il remplac\u00e9 l&#8217;accueil ?&#8221; (Guillaume le Blanc, professeur de philosophie \u00e0 l&#8217;universit\u00e9 Paris-Est-Cr\u00e9teil et Fabienne Brug\u00e8re, professeur \u00e0 Paris VIII-Saint-Denis; invit\u00e9s de &#8220;La Grande table&#8221; d&#8217;Olivia Gesbert; son) :     <\/strong>           https:\/\/www.franceculture.fr\/emissions\/la-grande-table-2eme-partie\/migrants-le-secours-t-il-remplace-laccueil\n\n<strong>-&#8220;La bataille du mariage pour tous, chronique d&#8217;une loi&#8221; (&#8220;Affaires sensibles&#8221; de Fabrice Drouelle avec Erwann Binet, rapporteur PS de la loi; son et vid\u00e9o) :  <\/strong>  https:\/\/www.franceinter.fr\/emissions\/affaires-sensibles\/affaires-sensibles-18-janvier-2017\n\n<em>-Les Fran\u00e7ais et la famille (IFOP) <\/em> : http:\/\/www.ifop.com\/?option=com_publication&#038;type=poll&#038;id=3616\n\n<strong>-Au 20 H de France 2 depuis l&#8217;espace avec Thomas Pesquet (vid\u00e9o) :<\/strong> http:\/\/www.francetvinfo.fr\/sciences\/espace\/thomas-pesquet\/espace-rencontre-avec-thomas-pesquet_2024893.html\n\n-Le vieillissement et la crise \u00e9conomique \u00e0 l&#8217;origine de la baisse de la natalit\u00e9 fran\u00e7aise (le chercheur Gilles Pison, interrog\u00e9 par  St\u00e9phane Carpentier; son) : http:\/\/www.rtl.fr\/actu\/societe-faits-divers\/le-vieillissement-et-la-crise-economique-a-l-origine-de-la-baisse-de-la-natalite-francaise-7786795038\n\n-&#8220;Le taux de satisfaction des usager de &#8220;P\u00f4le emploi&#8221; est de 71%&#8221; (son directeur Jean Bass\u00e8res, interrog\u00e9 par Elizabeth Martichoux; vid\u00e9o) : http:\/\/www.rtl.fr\/actu\/politique\/le-taux-de-satisfaction-des-demandeurs-de-pole-emploi-est-de-71-indique-son-directeur-general-jean-basseres-7786795525\n\n<strong>POLITIQUE<\/strong>\n\n<strong>-&#8220;Le syst\u00e8me de sant\u00e9 se grippe&#8230;&#8221; (Patrick Le Hyaric; pi\u00e8ce jointe);<\/strong>\n\n-Jean-Luc M\u00e9lenchon propose un remboursement \u00e0 100% (vid\u00e9o) :                   http:\/\/www.lopinion.fr\/video\/phrase\/comment-financer-remboursement-a-100-soins-sante-melenchon-a-solution-118532\n\n<strong>-&#8220;Pour la 13e fois dans cet h\u00e9micycle, j&#8217;interviens pour demander \u00e0 la France de reconna\u00eetre officiellement l&#8217;Etat de Palestine&#8221; (Fran\u00e7ois Asensi, d\u00e9put\u00e9 du Front de gauche de Seine-Saint-Denis, la r\u00e9ponse de Jean-Marc Ayrault, ministre des Affaires \u00e9trang\u00e8res et l&#8217;intervention de soutien au gouvernement isra\u00e9lien du d\u00e9put\u00e9 LR Meyer Habib; vid\u00e9o) :     <\/strong>                                http:\/\/www.lcp.fr\/la-politique-en-video\/etat-palestinien-simple-application-du-droit-ou-proces-disrael\n\n-&#8220;Pour l&#8217;instant, je n&#8217;ai pas choisi entre Arnaud Montebourg et Beno\u00eet Hamon&#8221; (Marie-No\u00eblle Lienemann, s\u00e9natrice PS de Paris, face \u00e0 Brigitte Boucher; vid\u00e9o, amener le curseur sur 29:54) :           http:\/\/www.lcp.fr\/emissions\/politique-matin\/279030-politique-matin\n\n-&#8220;Je suis celui qu&#8217;on vise parce que je suis celui qui peut gagner&#8221; (Manuel Valls face \u00e0 Patrick Cohen; vid\u00e9o) : http:\/\/www.dailymotion.com\/video\/x58w1dj_manuel-valls-je-suis-celui-qu-on-vise-car-je-suis-celui-qui-peut-gagner_news\n\n-&#8220;On aura Fillon\/Le Pen si il n&#8217;y a pas d&#8217;entente \u00e0 gauche&#8221; (Beno\u00eet Hamon, interrog\u00e9 par Patrick Cohen; son) : https:\/\/www.franceinter.fr\/emissions\/interactiv\/interactiv-18-janvier-201\n\n-&#8220;La gauche gagne quand elle se rassemble&#8221; (Vincent Peillon, face \u00e0 Fabien Namias; vid\u00e9o) : http:\/\/www.europe1.fr\/emissions\/linterview-politique-de-8h20\/vincent-peillon-la-gauche-gagne-quand-elle-se-rassemble-2953550\n\n-&#8220;Manuel Valls devrait moins employer le terme de guerre, c&#8217;est inopportun. Il y a deux solutions, c&#8217;est \u00e0 dire le suicide avec le repli nationaliste ou la voie europ\u00e9enne&#8221; (invit\u00e9 de Ruth Elkrief; vid\u00e9os) : http:\/\/www.bfmtv.com\/mediaplayer\/video\/vincent-peillon-face-a-ruth-elkrief-12-904587.html                                                              \nhttp:\/\/www.bfmtv.com\/mediaplayer\/video\/vincent-peillon-face-a-ruth-elkrief-22-904593.html\n\n-&#8220;Les \u00e9nergies renouvelables cr\u00e9ent beaucoup plus d&#8217;emplois que le nucl\u00e9aire&#8221; (Fran\u00e7ois de Rugy, d\u00e9put\u00e9 \u00e9cologiste de Loire-Atlantique, candidat \u00e0 la primaire socialiste; face \u00e0 Olivier Harmant; vid\u00e9o) : https:\/\/videos.lesechos.fr\/lesechos\/invite-des-echos\/les-energies-renouvelables-creent-beaucoup-plus-demplois-que-le-nucleaire-assure-francois-de-rugy\/8uk5uv\n\n-Il \u00e9tait \u00e9galement sur i-T\u00e9l\u00e9, face \u00e0 Laurence Ferrari (vid\u00e9o) :  http:\/\/www.itele.fr\/chroniques\/invite-politique-ferrari-tirs-croises\/linvite-de-laurence-ferrari-du-18012017-172444\n\n-Claude Bartolone regrette le d\u00e9bat sur la d\u00e9ch\u00e9ance de nationalit\u00e9 (vid\u00e9o) : http:\/\/www.lcp.fr\/la-politique-en-video\/claude-bartolone-regrette-le-debat-sur-la-decheance-de-nationalite\n\n<strong>-Ses voeux \u00e0 l&#8217;Assembl\u00e9e nationale (vid\u00e9o) : <\/strong> http:\/\/www.lcp.fr\/emissions\/evenements-2016-2017\/282490-voeux-claude-bartolone-17janv17-12h00\n\n-&#8220;Avant m\u00eame que \u00e7a commence, Jean-Luc M\u00e9lenchon avait planifi\u00e9 l&#8217;\u00e9chec du PS. Emmanuel Macron appartient \u00e0 une g\u00e9n\u00e9ration press\u00e9e&#8221; (Julien Dray, qui votera pour Vincent Peillon,  \u00e9tait l&#8217;invit\u00e9 de &#8220;L&#8217;Epreuve de V\u00e9rit\u00e9&#8221; sur Public S\u00e9nat; vid\u00e9o) : https:\/\/www.dailymotion.com\/video\/x58tzz3_invite-julien-dray-l-epreuve-de-verite-17-01-2017_tv\n\n-&#8220;Je tiens \u00e0 exprimer \u00e0 Manuel Valls toute mon affection et mon amiti\u00e9&#8221; (Bernard Cazeneuve; vid\u00e9o) :  https:\/\/www.dailymotion.com\/video\/x58u9ik_manuel-valls-gifle-la-violence-est-a-prohiber-absolument-reagit-bernard-cazeneuve_tv\n\n<strong>-&#8220;Le programme \u00e9colo des candidats \u00e0 la primaire&#8221; (Baptiste Gaborit; son du 18 janvier; son) <\/strong> : https:\/\/www.radioclassique.fr\/radio\/emissions\/matinale-de-radio-classique\/3-minutes-planete\/\n\n<em>-Intentions de vote \u00e0 la primaire socialiste (BVA) <\/em> : http:\/\/www.bva.fr\/fr\/sondages\/primaire_de_la_gauche_intentions_de_vote_a_la_veille_du_troisieme_debat.html\n\n<em>-Le barom\u00e8tre IPSOS<\/em> : http:\/\/m.ipsos.fr\/decrypter-societe\/2017-01-18-barometre-ipsos-point-benoit-hamon-et-arnaud-montebourg-en-forte-hausse-gauche\n\n-&#8220;Je souhaite que le vainqueur de la primaire organise un d\u00e9bat de Jean-Luc M\u00e9lenchon \u00e0 Emmanuel Macron. Fran\u00e7ois Fillon a un projet qui fragmente au m\u00e9pris de l&#8217;h\u00e9ritage gaulliste&#8221; (la secr\u00e9taire d&#8217;Etat Juliette M\u00e9adel face \u00e0 Guillaume Durand; vid\u00e9o) : https:\/\/www.dailymotion.com\/video\/x58w8fz_francois-fillon-a-un-projet-qui-fragmente-au-mepris-de-l-heritage-gaulliste-juliette-meadel-18-01-2_news\n\n<strong>-&#8220;A La Courneuve (93), la d\u00e9sillusion des militants et sympathisants socialistes&#8221; (Aline Leclerc; pi\u00e8ce jointe);<\/strong>\n\n-&#8220;Les trois autres candidats&#8221; (Thomas Legrand; son) : https:\/\/www.franceinter.fr\/emissions\/l-edito-politique\/l-edito-politique-18-janvier-2017\n\n<strong>-Sur la d\u00e9p\u00e9nalisation du cannabis, face \u00e0 face St\u00e9phane Gatignon, maire de Sevran (93)\/Chistophe Soullez, directeur de l&#8217;Observatoire de la d\u00e9linquance (vid\u00e9o) : <\/strong> http:\/\/www.rtl.fr\/actu\/societe-faits-divers\/la-depenalisation-du-cannabis-peut-elle-ramener-l-ordre-dans-les-quartiers-sensibles-7786795982\n\n-Macron face aux agriculteurs bretons (vid\u00e9o) : http:\/\/www.lcp.fr\/la-politique-en-video\/presidentielle-2017-macron-face-aux-agriculteurs-bretons\n\n-&#8220;Je comprends les frustrations, la col\u00e8re mais pas la violence. Je ne voterai pas \u00e0 la primaire. Ils ne sont d&#8217;accord sur rien. Fran\u00e7ois Hollande ne veut pas \u00eatre associ\u00e9 aux d\u00e9bats de la primaire. S\u00e9gol\u00e8ne Royal m\u00e8ne sont propre chemin. Je ne vois pas de choses vraiment nouvelles. Le candidat qui sortira de la primaire constatera que le seul capable de faire gagner le camp progressiste, c&#8217;est Emmanuel Macron. Il se retirera&#8221; (G\u00e9rard Collomb, maire PS de Lyon; face \u00e0 Jean-Jacques Bourdin; vid\u00e9o) : http:\/\/www.bfmtv.com\/mediaplayer\/video\/gerard-collomb-face-a-jean-jacques-bourdin-en-direct-904347.html\n\n-&#8220;R\u00e9unir au del\u00e0 de la gauche et de la droite, c&#8217;est aussi notre choix. Avec Emmanuel Macron, c&#8217;est la place de la soci\u00e9t\u00e9 civile qui me va bien. Il n&#8217;y a pas d&#8217;accords de structure politique \u00e0 structure politique. Il est  le seul \u00e0 pouvoir susciter de l&#8217;enthousiasme. L&#8217;Angleterre doit assumer le choix du Brexit&#8221; (Corinne Lepage, pr\u00e9sidente de CAP21; face \u00e0 Fr\u00e9d\u00e9ric Rivi\u00e8re; vid\u00e9o) :  http:\/\/www.rfi.fr\/video\/20170118-corinne-lepage-cap21le-rassemblement-citoyen-angleterre-doit-assumer-le-choix-brexit\n\n-&#8220;Mon appel en faveur d&#8217;une entente humaniste et progressiste d&#8217;avenir pour la pr\u00e9sidentielle&#8221; (S\u00e9bastien Nadot, candidat \u00e0 l&#8217;\u00e9lection pr\u00e9sidentielle, soutenu par le MdP) :                          http:\/\/www.huffingtonpost.fr\/sebastien-nadot\/sebastien-nadot-presidentielle-2017-appel-pour-entente-humaniste-et-progressiste\/\n\n-&#8220;En d\u00e9mocratie, la violence n&#8217;a pas sa place. C&#8217;est un coup dur pour la campagne de Manuel Valls. Nous voulons un programme qui rassemble. C&#8217;est l&#8217;effort que doit faire celui qui veut devenir pr\u00e9sident. Fran\u00e7ois Fillon ne d\u00e9vie pas d&#8217;une ligne g\u00e9n\u00e9rale mais accepte certaines de nos propositions. Il est caricatur\u00e9. Il serait normal que nous reviennent entre 80 et 100 circonscriptions gagnables. M. Trump met l&#8217;Europe face \u00e0 ses responsabilit\u00e9s. C&#8217;est une chance&#8221; (Jean-Christophe Lagarde, pr\u00e9sident de l&#8217;UDI; face \u00e0 Caroline Roux; vid\u00e9o) :                                                                                          http:\/\/www.france2.fr\/emissions\/telematin\/actu\/les-4-verites-jean-christophe-lagarde_541803   \n\n-&#8220;Emmanuel Macron, c&#8217;est avant tout un probl\u00e8me pour la gauche. C&#8217;est le faux-nez du pouvoir socialiste&#8221; (Eric Ciotti, d\u00e9put\u00e9 LR des Alpes-Maritimes; face \u00e0 Brigitte Boucher; vid\u00e9o, amener le curseur sur 15:43) :  http:\/\/www.lcp.fr\/emissions\/politique-matin\/279030-politique-matin\n\n-&#8220;Macron est l&#8217;h\u00e9ritier et le candidat de la gauche&#8221; (Bernard Accoyer, secr\u00e9taire g\u00e9n\u00e9ral des R\u00e9publicains, invit\u00e9 de &#8220;Territoires d&#8217;Infos&#8221;; vid\u00e9o, amener le curseur sur 33:17) :                                                       https:\/\/www.dailymotion.com\/video\/x58vzsw_invite-bernard-accoyer-territoires-d-infos-18-01-2017_news   \n\n-&#8220;Fran\u00e7ois Fillon, \u00e7a a march\u00e9 parce que les Fran\u00e7ais ont vu la sinc\u00e9rit\u00e9 du projet. On va tous travailler un peu plus &#8220;(Thierry Sol\u00e8re, d\u00e9put\u00e9 LR des Hauts-de-Seine, face \u00e0 Olivier Galzi; vid\u00e9o) : http:\/\/www.itele.fr\/chroniques\/invite-galzi-jusqua-minuit\/linvite-politique-dolivier-galzi-du-18012017-172448\n\n<strong>-&#8220;Marine Le Pen et Jean-Luc M\u00e9lenchon sont les \u00e9l\u00e9ments centraux de la campagne pr\u00e9sidentielle&#8221; (Edouard Philippe, d\u00e9put\u00e9 LR de Seine-Maritime, ancien porte-parole d&#8217;Alain Jupp\u00e9; face \u00e0 Nicolas Beytout; vid\u00e9o) :<\/strong>                                                      http:\/\/www.lopinion.fr\/video\/lopinion\/edouard-philippe-lr-marine-pen-jean-luc-melenchon-sont-elements-118508\n\n-&#8220;Un duel final M\u00e9lenchon-Le Pen est possible&#8221; (Nicolas Domenach; vid\u00e9o) : http:\/\/www.rtl.fr\/actu\/societe-faits-divers\/presidentielle-2017-un-duel-final-le-pen-melenchon-est-possible-explique-nicolas-domenach-7786795984\n\n-&#8220;Je suis engag\u00e9 \u00e0 fond derri\u00e8re Fran\u00e7ois Fillon&#8221; (Jean-Fran\u00e7ois Cop\u00e9, d\u00e9put\u00e9 LR de Seine-et-Marne, face \u00e0 Myriam Encaoua; vid\u00e9o) : http:\/\/www.itele.fr\/chroniques\/invite-michael-darmon\/jean-francois-cope-je-suis-engage-a-fond-derriere-francois-fillon-172431\n\n-&#8220;Les citoyens n&#8217;en peuvent plus. Les hommes politiques, soit ils sont cyniques, soit ils sont cons. Mme May d\u00e9fend son peuple&#8221; (Nicolas Dupont-Aignan, candidat \u00e0 l&#8217;\u00e9lection pr\u00e9sidentielle; invit\u00e9 de la matinale de Franceinfo; vid\u00e9o) :  http:\/\/www.dailymotion.com\/video\/x58waxv_nicolas-dupont-aignan-ne-souhaite-pas-un-frexit-mais-veut-reconstruire-une-belle-europe_news\n\n-&#8220;J&#8217;ai \u00e9t\u00e9 lib\u00e9ral un peu trop t\u00f4t. Je r\u00eave de l&#8217;arriv\u00e9e d&#8217;un lib\u00e9ral de gauche, Macron pourquoi pas. Sa musique est belle, j&#8217;attends les paroles. il peut \u00eatre formidable. Trump, son protectionnisme, c&#8217;est le contraire du lib\u00e9ralisme. Nous avons toujours d\u00e9fendu l&#8217;id\u00e9e d&#8217;un revenu minimum garanti. Celui de Beno\u00eet Hamon n&#8217;aide pas les pauvres. C&#8217;est pas vrai qu&#8217;il n&#8217;y aura pas de travail. M\u00e9lenchon parle aux classes populaires&#8221; (Alain Madelin, face \u00e0 Audrey Crespo-Mara; vid\u00e9o) :                             http:\/\/www.lci.fr\/replay\/replay-audrey-crespo-mara-recoit-alain-madelin-2022353.html%3Ftype=content\n\n<strong>-&#8220;Macron devient un probl\u00e8me pour Fran\u00e7ois Fillon&#8221; (C\u00e9cile Cornudet des &#8220;Echos&#8221;; vid\u00e9o, amener le curseur sur 2:44) <\/strong> :  http:\/\/rmc.bfmtv.com\/mediaplayer\/video\/qg-bourdin-2017-pourquoi-francois-fillon-veut-il-attaquer-emmanuel-macron-1801-904339.html   \n\n-&#8220;Pierre Gattaz se montre plus gentil avec Macron qu&#8217;avec Fillon&#8221; (Yves Tr\u00e9hard du &#8220;Figaro&#8221;; vid\u00e9o) :         http:\/\/www.europe1.fr\/emissions\/ledito-politique-dyves-threard\/pierre-gattaz-se-montre-plus-gentil-avec-macron-quavec-fillon-2953412   \n\n-La conf\u00e9rence de presse du pr\u00e9sident du Medef (vid\u00e9o) :   http:\/\/www.medef.com\/medef-tv\/videos\/detail\/medeftv\/point-presse-mensuel-janvier-2017.html        \n\n-Sur les questions d&#8217;actualit\u00e9, face \u00e0 face S\u00e9bastien Denaja, d\u00e9put\u00e9 PS de l&#8217;H\u00e9rault\/Alain Chr\u00e9tien, d\u00e9put\u00e9 LR de Haute-Sa\u00f4ne (d\u00e9bat anim\u00e9 par Marion Becker; vid\u00e9o) :                                            http:\/\/www.lcp.fr\/emissions\/questions-dactualite\/280334-questions-dactualite\n\n-&#8220;Cette petite gifle est une claque \u00e0 la d\u00e9mocratie&#8221; (Nicolas Bouzou; vid\u00e9o) : https:\/\/www.dailymotion.com\/video\/x58w8yt_cette-petite-gifle-est-une-claque-a-la-democratie-nicolas-bouzou-18-01-2017_news\n\n-&#8220;Une agression physique est toujours condamnable. Il arrive que des actes choquants profitent \u00e0 leur victime&#8221;  (Guillaume Tabard du &#8220;Figaro&#8221;; son du 18 janvier) : https:\/\/www.radioclassique.fr\/radio\/emissions\/matinale-de-radio-classique\/22630-2\/\n\n-&#8220;Ce sont des indices de la d\u00e9connexion des politiques du peuple&#8221; (le sociologue Michel Maffesoli, interrog\u00e9 par Dimitri Pavlenko; son) : http:\/\/www.sudradio.fr\/Podcasts\/L-invite-pour-comprendre\/Michel-Maffesoli-sociologue\n\n-&#8220;Les sarkozystes ont le blues&#8221; (vid\u00e9o) : http:\/\/www.lcp.fr\/la-politique-en-video\/presidentielle-2017-les-sarkozystes-ont-le-blues\n\n-&#8220;Fran\u00e7ois Fillon maintient le cap&#8221; (en d\u00e9bat dans &#8220;\u00c7a vous regarde&#8221;, \u00e9mission anim\u00e9e par Arnaud Ardoin; vid\u00e9o) : http:\/\/www.lcp.fr\/emissions\/ca-vous-regarde\/279294-ca-vous-regarde\n\n-&#8220;Il colmate les br\u00e8ches&#8221; (Judith Waintraub du &#8220;Figaro&#8221;, son) :  https:\/\/www.franceinter.fr\/emissions\/histoires-politiques\/histoires-politiques-18-janvier-2017\n\n-&#8220;Tout le monde le cible et il s&#8217;en moque&#8221; (Alba Ventura; vid\u00e9o) : http:\/\/www.rtl.fr\/actu\/politique\/presidentielle-2017-tout-le-monde-cible-francois-fillon-qui-s-en-moque-decrypte-alba-ventura-7786795293\n\n-&#8220;Mauvais sondages, \u00e7a m&#8217;en touche une sans faire bouger l&#8217;autre&#8221; (cit\u00e9 par Alexandre Sulzer) : http:\/\/www.lexpress.fr\/actualite\/politique\/elections\/mauvais-sondages-ca-m-en-touche-une-sans-faire-bouger-l-autre-repond-fillon_1870357.html?PMSRC_CAMPAIGN\n\n-&#8220;L&#8217;imp\u00f4t sur la fortune, une invention si fran\u00e7aise&#8221; (vid\u00e9o) : http:\/\/www.lcp.fr\/emissions\/280823-il-etait-une-loi-isf-une-invention-si-francaise\n\n<strong>-&#8220;La d\u00e9fiance record des Fran\u00e7ais envers le personnel politique&#8221; (St\u00e9phane Dupont; vid\u00e9os) :<\/strong> http:\/\/www.lesechos.fr\/politique-societe\/politique\/0211701772151-les-francais-reclament-un-fort-renouvellement-des-pratiques-politiques-2058109.php#xtor\n\n<em>-Le barom\u00e8tre de la confiance politique annuel du Cevipof : <\/em> http:\/\/www.cevipof.com\/fr\/le-barometre-de-la-confiance-politique-du-cevipof\/resultats-1\/vague8\/\n\n<em>-La pr\u00e9sentation d&#8217;OPINION-WAY :<\/em> https:\/\/www.opinion-way.com\/fr\/component\/edocman\/?task=document.viewdoc&#038;id=1502&#038;Itemid=0\n\n<strong>-Les commentaires de Pascal Perrineau, ancien directeur du Cevipof;  du chercheur CNRS Bruno Cautr\u00e8s et de Martial Foucault, directeur du Cevipof (interviews r\u00e9alis\u00e9es par Ne\u00efla Beyler; vid\u00e9os) : <\/strong> https:\/\/videos.lesechos.fr\/lesechos\/interviews\/pres-dun-francais-sur-deux-reclame-plus-de-protection-par-rapport-au-monde-daujourdhui\/8uqkm0                                                               https:\/\/videos.lesechos.fr\/lesechos\/interviews\/politique-des-francais-tres-mefiants-mais-passionnes-par-le-debat-public\/8lfvff                                                                                                          https:\/\/videos.lesechos.fr\/lesechos\/interviews\/la-confiance-des-francais-envers-les-pme-ne-se-dement-pas\/8uxlmq\n\n<em>-Les intentions de vote des catholiques \u00e0 l&#8217;\u00e9lection pr\u00e9sidentielle (IFOP) : <\/em> http:\/\/www.ifop.com\/?option=com_publication&#038;type=poll&#038;id=3615\n\n<strong>EUROPE-MONDE<\/strong>\n\n-Antonio Tajani \u00e9lu pr\u00e9sident du Parlement apr\u00e8s d&#8217;intenses tractations  (Aline Robert, Sarantis Michalopoulos) : http:\/\/www.euractiv.fr\/section\/politique\/news\/tajani-triumphant-in-historic-parliament-presidency-vote\/?nl_ref=29131776\n\n<strong>-&#8220;La d\u00e9rive s\u00e9curitaire en Europe est dangereuse&#8221; (l&#8217;ONG Amnesty International cit\u00e9e par Jean-Baptiste Jacquin)<\/strong> : http:\/\/www.lemonde.fr\/societe\/article\/2017\/01\/17\/pour-amnesty-international-la-derive-securitaire-en-europe-est-dangereuse_5064306_3224.html\n\n<em>-Le rapport<\/em> : https:\/\/amnestyfr.cdn.prismic.io\/amnestyfr%2Fd2f8ee9f-2ec3-4c3a-acea-02acc9cb3c10_eur_01_5342_2017_ext_fra-final.pdf\n\n<strong>-&#8220;L&#8217;Europe n&#8217;est pas encore morte, mais menac\u00e9e par le d\u00e9crochage des peuples&#8221; (Hubert V\u00e9drine face \u00e0 Jean-Baptiste Boursier; vid\u00e9o, amener le curseur sur 1:00) :                                     <\/strong> http:\/\/www.bfmtv.com\/mediaplayer\/video\/hubert-vedrine-l-europe-n-est-pas-encore-morte-mais-menacee-par-le-decrochage-des-peuples-904285.html\n\n-Que retenir du discours de Theresa May ? (vid\u00e9o) : http:\/\/www.lemonde.fr\/international\/video\/2017\/01\/17\/que-retenir-du-discours-de-theresa-may_5064279_3210.html\n\n-&#8220;Elle pointe un pistolet sur la tempe des Europ\u00e9ens&#8221; (Laurent Martinet) : http:\/\/lexpansion.lexpress.fr\/actualite-economique\/libre-echange-theresa-may-pointe-un-pistolet-sur-la-tempe-des-europeens_1869703.html?PMSRC_CAMPAIGN\n\n-&#8220;La Grande-Bretagne est dans une situation \u00e9perdue et contradictoire. Avec Donald Trump, ils veulent mettre un terme aux pratiques coop\u00e9ratives entre les peuples. Maintenant, c&#8217;est chacun pour soi&#8221; (Jean-Louis Bourlanges, ancien eurod\u00e9put\u00e9 centriste; face \u00e0 Eric Delvaux; son) : https:\/\/www.franceinter.fr\/emissions\/l-invite-du-5-7\/l-invite-du-5-7-18-janvier-2017\n-&#8220;Le chantage britannique&#8221; (Dominique Seux des &#8220;Echos&#8221;; son) :   https:\/\/www.franceinter.fr\/emissions\/l-edito-eco\/l-edito-eco-18-janvier-2017\n\n-L&#8217;Union europ\u00e9enne prend acte du r\u00e9alisme de Theresa May : http:\/\/www.euractiv.fr\/section\/royaume-uni-en-europe\/news\/lue-prend-acte-du-realisme-de-theresa-may\/?nl_ref=29131776\n\n-&#8220;Brouillard sur la Manche&#8221; (Bernard Guetta; son) : https:\/\/www.franceinter.fr\/emissions\/geopolitique\/geopolitique-18-janvier-2017\n\n<strong>-&#8220;Nous aurons un avenir europ\u00e9en, il faut continuer \u00e0 coop\u00e9rer&#8221; (Lord Edward Llewellyn, ambassadeur de Grande-Bretagne en France, face \u00e0 Thomas Sotto; vid\u00e9o) <\/strong> : http:\/\/www.europe1.fr\/emissions\/l-interview-verite\/lord-edward-llewellyn-nous-aurons-un-avenir-europeen-il-faut-continuer-a-cooperer-2953538\n\n-&#8220;L&#8217;agence de l&#8217;OCDE de l&#8217;\u00e9nergie tacle la politique \u00e9nerg\u00e9tique de la France&#8221; (Val\u00e9ry Laram\u00e9e de Tannenberg) : http:\/\/www.euractiv.fr\/section\/energie\/news\/lagence-internationale-de-lenergie-tacle-la-politique-energetique-de-la-france\/?nl_ref=29131776\n\n-&#8220;Le Kremlin compte influencer les \u00e9lections en Europe&#8221; (Fr\u00e9d\u00e9ric Simon, Georgi Gotev) : http:\/\/www.euractiv.fr\/section\/l-europe-dans-le-monde\/news\/the-kremlin-full-of-enthusiasm-to-interfere-in-eu-elections\/?nl_ref=29131776\n\n<strong>-Au Tchad, &#8220;Hiss\u00e8ne Habr\u00e9, le proc\u00e8s d&#8217;un alli\u00e9 embarrassant&#8221; (documentaire suivi d&#8217;un d\u00e9bat) : <\/strong> http:\/\/www.lcp.fr\/emissions\/droit-de-suite-integral-2016-2017\/278628-hissene-habre-proces-dun-allie-embarassant\n\n<strong>-Barack Obama commue la peine de la lanceuse d&#8217;alerte Chelsea Manning, condamn\u00e9e \u00e0 trente-cinq ans de prison (Martin Untersinger et Damien Leloup) :     <\/strong>                                           http:\/\/www.lemonde.fr\/ameriques\/article\/2017\/01\/17\/la-peine-de-chelsea-manning-commuee-par-barack-obama_5064344_3222.html\n\n-&#8220;La taupe de Wikileaks \u00e9tait devenue une ic\u00f4ne transgenre&#8221; (Fr\u00e9d\u00e9ric Autran) : http:\/\/www.liberation.fr\/planete\/2017\/01\/17\/obama-commue-la-peine-de-chelsea-manning-taupe-de-wikileaks-devenue-icone-transgenre_1542179?xtor\n\n<strong>-Les indiens d&#8217;Am\u00e9rique continuent de se battre avec d&#8217;autres armes (Violaine de la Bigne; son) <\/strong> : http:\/\/www.sudradio.fr\/Podcasts\/Quelle-epoque-ethique\/Indiens-d-Amerique\n\n-A Davos, &#8220;la Chine se bat pour une mondialisation r\u00e9\u00e9quilibr\u00e9e&#8221; (Fran\u00e7ois Lenglet; vid\u00e9o) : http:\/\/www.rtl.fr\/actu\/international\/davos-la-chine-defend-une-mondialisation-reequilibree-7786795528\n\n<strong>CULTURE-MEDIAS<\/strong>\n\n<strong>-&#8220;L&#8217;Aventure Althuser&#8221; (un documentaire de Bruno Oliviero; vid\u00e9o) : <\/strong> http:\/\/www.arte.tv\/guide\/fr\/060806-000-A\/l-aventure-althusser\n\n-&#8220;Les romans de l&#8217;amour et du pouvoirs&#8221; (Jean-Marie Rouart de l&#8217;Acad\u00e9mie fran\u00e7aise; son) : http:\/\/www.sudradio.fr\/Podcasts\/L-invite-pour-comprendre\/Jean-Marie-Rouart-ecrivain-membre-de-l-Academie-Francaise\n\n-&#8220;C&#8217;est la fin d&#8217;une civilisation, nous n&#8217;avons plus d&#8217;id\u00e9al&#8221; (Michel Onfray, auteur de &#8220;D\u00e9cadence&#8221;, interrog\u00e9 par Francis Letellier; vid\u00e9o) : http:\/\/www.francetvinfo.fr\/monde\/proche-orient\/offensive-jihadiste-en-irak\/pour-onfray-c-est-la-fin-de-notre-civilisation-nous-n-avons-plus-d-ideal_2024123.html\n\n-&#8220;Si Marine Le Pen avait \u00e9t\u00e9 \u00e9lue, l&#8217;Europe ferait son travail&#8221; (vid\u00e9o) : http:\/\/www.europe1.fr\/politique\/michel-onfray-si-marine-le-pen-etait-elue-leurope-ferait-son-travail-2953154\n\n-Il \u00e9tait l&#8217;invit\u00e9 du &#8220;Club de la Presse&#8221; d&#8217;Europe 1 (son, amener le curseur sur 17:13) : http:\/\/www.europe1.fr\/emissions\/le-club-de-la-presse\/europe-soir-le-club-de-la-presse-agnes-verdier-molinie-et-michel-onfray-17012017-2953157\n\n<strong>-Fanny Ardant, r\u00e9alisatrice du &#8220;Divan de Staline&#8221;, invit\u00e9e de Claire Chazal (son du 14 janvier) <\/strong> : https:\/\/www.radioclassique.fr\/radio\/emissions\/l-invite-culture-de-claire-chazal\/\n\n<strong>-Thomas Vinterberg, r\u00e9alisateur de &#8220;La communaut\u00e9&#8221;, \u00e9tait l&#8217;invit\u00e9 d&#8217;Augustin Trapenard (son) :<\/strong> https:\/\/www.franceinter.fr\/emissions\/boomerang\/boomerang-18-janvier-2017\n\n-Il \u00e9tait \u00e9galement celui de &#8220;La Grande table&#8221; d&#8217;Olivia Gesbert (son) :                   https:\/\/www.franceculture.fr\/emissions\/la-grande-table-1ere-partie\/thomas-vinterberg-et-sa-communaute\n\n<strong>-Otis Redding dans &#8220;Banzza\u00ef&#8221; de Nathalie Piol\u00e9 (son) : <\/strong> https:\/\/www.francemusique.fr\/emissions\/banzzai\/la-programmation-jazz-de-nathalie-piole-otis-redding-dans-un-sac-d-ennui-31113\n\n-La musique de western selon Morricone (Rebecca Manzoni; vid\u00e9o) : https:\/\/www.franceinter.fr\/emissions\/pop-co\/pop-co-18-janvier-2017\n\n<strong>-Sur Arte, &#8220;L&#8221;Aventure Althusser&#8221; (Sonia Devillers; vid\u00e9o) : <\/strong> http:\/\/www.dailymotion.com\/video\/x58vprr_l-aventure-althusser-sur-arte-l-instant-tele_fun\n\n<strong>-&#8220;La diversit\u00e9 n&#8217;est pas assez repr\u00e9sent\u00e9e \u00e0 la t\u00e9l\u00e9vision&#8221; (M\u00e9mona Hintermann-Aff\u00e9jee, membre du CSA; interrog\u00e9e par Thomas Joubert; vid\u00e9o) : <\/strong> http:\/\/www.europe1.fr\/emissions\/l-invite-medias\/memona-hintermann-affejee-la-diversite-cest-bon-pour-le-business-2953760\n\n-&#8220;Un d\u00e9bat entre tous les candidats \u00e0 l&#8217;\u00e9lection pr\u00e9sidentielle ?&#8221; (Marc Baudriller; son du 18 janvier) : https:\/\/www.radioclassique.fr\/radio\/emissions\/matinale-de-radio-classique\/la-vie-des-medias\/\n\n<strong>-&#8220;Pornographie, les nouvelles multinationales du sexe&#8221;, documentaire diffus\u00e9 sur Canal +. Ovidie, sa r\u00e9alisatrice, \u00e9tait l&#8217;invit\u00e9e de Sonia Devillers; vid\u00e9o, amener le curseur sur 4:38) :<\/strong>         http:\/\/www.dailymotion.com\/video\/x58wbm2_ovidie-c-est-la-premiere-generation-d-actrices-qui-a-elle-meme-grandi-avec-le-porno-sur-internet_news\n\n-&#8220;Cinq bonnets et \u00e9charpes par jour&#8221; (Charline Vanhoenacker; vid\u00e9o) : https:\/\/www.franceinter.fr\/emissions\/le-billet-de-charline-vanhoenacker\/le-billet-de-charline-vanhoenacker-18-janvier-2017\n\n<strong>-&#8220;Violences sexuelles, un train de retard&#8221; (Nicole Ferroni; vid\u00e9o) : <\/strong> http:\/\/www.dailymotion.com\/video\/x58w310_violences-sexuelles-un-train-de-retard-le-billet-de-nicole-ferroni_fun\n<h2 class=\"wp-block-heading\">Documents joints<\/h2>\n\n\n\n<div class=\"wp-block-file\"><a href=\"https:\/\/wp.muchomaas.com\/wp-content\/uploads\/2017\/01\/le_systeme_se_grippe_2-454.pdf\">le_systeme_se_grippe_2.pdf<\/a><\/div>\n\n\n\n<div class=\"wp-block-file\"><a href=\"https:\/\/wp.muchomaas.com\/wp-content\/uploads\/2017\/01\/a_la_courneuve-94c.pdf\">a_la_courneuve.pdf<\/a><\/div>\n\n\n","protected":false},"excerpt":{"rendered":"<p>ACTUALITE -Trains r\u00e9gionaux, la carte de France des retards (Eric B\u00e9ziat) : http:\/\/www.lemonde.fr\/economie\/article\/2017\/01\/17\/ponctualite-des-trains-regionaux-qui-merite-le-bonnet-d-ane_5064189_3234.html -Mobilit\u00e9 et emploi (ELABE) : http:\/\/elabe.fr\/etude-mobilite-emploi-4emes-rencontres-de-mobilite-inclusive\/ -Jean-Claude Mailly, secr\u00e9taire de FO, \u00e9tait l&#8217;invit\u00e9 de la matinale de LCI. Il \u00e9tait interrog\u00e9 par Audrey Crespo-Mara (vid\u00e9o) : http:\/\/www.lci.fr\/replay\/replay-l-invite-politique-du-18-janvier-2017-jean-claude-mailly-2022350.html%3Ftype=content -&#8220;On a besoin d&#8217;un mix de production \u00e9nerg\u00e9tique tr\u00e8s diversifi\u00e9, c&#8217;est la le\u00e7on de ce [&hellip;]<\/p>\n","protected":false},"author":1042,"featured_media":0,"comment_status":"open","ping_status":"open","sticky":false,"template":"","format":"standard","meta":{"_themeisle_gutenberg_block_has_review":false,"footnotes":""},"categories":[151],"tags":[],"class_list":["post-10121","post","type-post","status-publish","format-standard","hentry","category-la-revue-de-presse-de-lulu"],"_links":{"self":[{"href":"https:\/\/archives.regards.fr\/index.php?rest_route=\/wp\/v2\/posts\/10121","targetHints":{"allow":["GET"]}}],"collection":[{"href":"https:\/\/archives.regards.fr\/index.php?rest_route=\/wp\/v2\/posts"}],"about":[{"href":"https:\/\/archives.regards.fr\/index.php?rest_route=\/wp\/v2\/types\/post"}],"author":[{"embeddable":true,"href":"https:\/\/archives.regards.fr\/index.php?rest_route=\/wp\/v2\/users\/1042"}],"replies":[{"embeddable":true,"href":"https:\/\/archives.regards.fr\/index.php?rest_route=%2Fwp%2Fv2%2Fcomments&post=10121"}],"version-history":[{"count":0,"href":"https:\/\/archives.regards.fr\/index.php?rest_route=\/wp\/v2\/posts\/10121\/revisions"}],"wp:attachment":[{"href":"https:\/\/archives.regards.fr\/index.php?rest_route=%2Fwp%2Fv2%2Fmedia&parent=10121"}],"wp:term":[{"taxonomy":"category","embeddable":true,"href":"https:\/\/archives.regards.fr\/index.php?rest_route=%2Fwp%2Fv2%2Fcategories&post=10121"},{"taxonomy":"post_tag","embeddable":true,"href":"https:\/\/archives.regards.fr\/index.php?rest_route=%2Fwp%2Fv2%2Ftags&post=10121"}],"curies":[{"name":"wp","href":"https:\/\/api.w.org\/{rel}","templated":true}]}}