{"id":10119,"date":"2017-01-18T07:05:32","date_gmt":"2017-01-18T06:05:32","guid":{"rendered":"https:\/\/wp.muchomaas.com\/article-la-revue-du-18-janvier-2017\/"},"modified":"2023-06-23T23:23:52","modified_gmt":"2023-06-23T21:23:52","slug":"article-la-revue-du-18-janvier-2017","status":"publish","type":"post","link":"https:\/\/archives.regards.fr\/?p=10119","title":{"rendered":"La Revue du 18 janvier 2017"},"content":{"rendered":"<strong>ACTUALITE<\/strong>\n\n-RTE, le gestionnaire du r\u00e9seau de transport \u00e9lectrique, sonne l&#8217;alerte (vid\u00e9o) : http:\/\/www.francetvinfo.fr\/meteo\/pic-de-froid\/electricite-le-gestionnaire-du-reseau-de-transport-electrique-sonne-l-alerte_2021560.html\n\n<strong>-&#8220;Nuit debout&#8221;, un documentaire de Sylvain Louvet et Aude Favre (vid\u00e9o) <\/strong> : http:\/\/www.france5.fr\/emission\/nuit-debout\/diffusion-du-17-01-2017-20h50\n\n<em>-Le bilan d\u00e9mographique 2016 (INSEE; documents \u00e0 t\u00e9l\u00e9charger) :  <\/em>                        https:\/\/www.insee.fr\/fr\/information\/2555376\n\n-&#8220;La guerre du miel en France&#8221; (Nathalie Fontrel; son) : https:\/\/www.franceinter.fr\/emissions\/le-zoom-de-la-redaction\/le-zoom-de-la-redaction-17-janvier-2017\n\n-&#8220;Les soup\u00e7ons d&#8217;un &#8220;dieselgate&#8221; s&#8217;abattent sur Citro\u00ebn&#8221; : http:\/\/www.lemonde.fr\/entreprises\/article\/2017\/01\/17\/les-soupcons-d-un-dieselgate-s-abattent-sur-citroen_5063782_1656994.html\n\n<strong>-Les trains davantage en retard (Jean-Claude Delarue, pr\u00e9sident de &#8220;SOS Usagers; son) <\/strong> : http:\/\/www.sudradio.fr\/Podcasts\/L-invite-pour-comprendre\/Jean-Claude-Delarue-president-de-SOS-Usagers2\n\n-La relance du transport des passagers sur la Seine (Baptiste Gaborit; son du 17 janvier) : https:\/\/www.radioclassique.fr\/radio\/emissions\/matinale-de-radio-classique\/3-minutes-planete\/\n\n-A Nantes, le succ\u00e8s des bus fluviaux (vid\u00e9o) : http:\/\/www.francetvinfo.fr\/economie\/transports\/nantes-le-succes-des-bus-fluviaux_2022891.html\n\n-La travers\u00e9e de la rade \u00e0 Toulon (vid\u00e9o) : http:\/\/www.francetvinfo.fr\/economie\/transports\/toulon-le-reseau-maritime-le-plus-emprunte-de-france_2022933.html\n\n<strong>-&#8220;La grippe n&#8217;est pas la maladie b\u00e9nigne que l&#8217;on croit&#8221; (l&#8217;\u00e9pid\u00e9miologiste Daniel L\u00e9vy-Bruhl; interrog\u00e9 par Eric Delvaux; son) : <\/strong> https:\/\/www.franceinter.fr\/emissions\/l-invite-du-5-7\/l-invite-du-5-7-17-janvier-2017\n\n-7 millions de Fran\u00e7ais sont tatou\u00e9s (Eric Delvaux; son) : https:\/\/www.franceinter.fr\/emissions\/le-cabinet-de-curiosites\/le-cabinet-de-curiosites-17-janvier-2017\n\n&#8211;<em>Le sondage (IFOP) <\/em> : http:\/\/www.ifop.com\/?option=com_publication&#038;type=poll&#038;id=3614\n\n<strong>-&#8220;La violence est une violation de notre nature&#8221; (Jean-Fran\u00e7ois Bernardini, chanteur du groupe corse I Muvrini; propos recueillis par Camille Destraz) : <\/strong> https:\/\/www.letemps.ch\/societe\/2017\/01\/16\/jeanfrancois-bernardini-violence-une-violation-nature?utm_source\n\n-&#8220;Nicolas, ancien dirigeant devenu sans-abri&#8221; (vid\u00e9o) : http:\/\/www.francetvinfo.fr\/economie\/immobilier\/immobilier-indigne\/grand-froid-rencontre-avec-nicolas-ancien-dirigeant-devenu-sans-abri_2021556.html\n\n<strong>-&#8220;Une nuit par -7\u00b0C \u00e0 Grenoble&#8221; (vid\u00e9o) : <\/strong> http:\/\/www.francetvinfo.fr\/meteo\/pic-de-froid\/sans-abri-une-nuit-par-7c-a-grenoble_2022823.html\n\n<strong>-&#8220;Le plus dur, c&#8217;est de supporter qu&#8217;on nous parle comme de la merde&#8221; (parole de r\u00e9fugi\u00e9, recueillie par Dounia Hadni) <\/strong> :  ration.fr\/france\/2017\/01\/17\/le-plus-dur-c-est-de-supporter-qu-on-nous-parle-comme-de-la-merde_1540657?xtor\n\n<strong>-Sur les pauvres et les ch\u00f4meurs, les id\u00e9es re\u00e7ues ont la vie dure (Jean-Fran\u00e7ois Yon pr\u00e9sente un appel de 25 organisations; son) <\/strong> : http:\/\/www.sudradio.fr\/Podcasts\/L-invite-pour-comprendre\/Jean-Francois-Yon-Militant-et-responsable-associatif\n\n-Violences \u00e0 Juvisy-sur-Orge dans l&#8217;Essonne (l&#8217;avocat du barreau de Paris Guillaume Jeanson, interrog\u00e9 par Dimitri Pavlenko; son) :  http:\/\/www.sudradio.fr\/Podcasts\/L-invite-pour-comprendre\/Guillaume-Jeanson-avocat-au-barreau-de-Paris\n\n-Un reportage sur place (son) : http:\/\/www.sudradio.fr\/Podcasts\/Les-reportages-de-la-matinee\/Guerilla-urbaine-a-Juvisy-sur-Orge\n\n-&#8220;Une mobilisation in\u00e9dite apr\u00e8s la mort d&#8217;Adama Traore (Claire Chaudi\u00e8re; son) :  https:\/\/www.franceinter.fr\/emissions\/le-zoom-de-la-redaction\/le-zoom-de-la-redaction-17-janvier-2017\n\n-&#8220;Comment vivre aux temps du terrorisme&#8221; (le criminologue Alain Bauer, invit\u00e9 de L\u00e9a Salam\u00e9; vid\u00e9o) : http:\/\/www.dailymotion.com\/video\/x58s1r9_alain-bauer-repond-aux-questions-de-lea-salame_news\n\n<strong>POLITIQUE<\/strong>\n\n<strong>-&#8220;Trump est le symbole de l&#8217;\u00e9go\u00efsme capitaliste. Il a su utiliser une mondialisation qui devient de plus en plus sauvage et qui d\u00e9classe des millions de travailleurs. Le plan Grand froid t\u00e9moigne du manque d&#8217;ambitions sociales. La question est au premier plan du programme de Jean-Luc M\u00e9lenchon que nous soutenons \u00e0 l&#8217;\u00e9lection pr\u00e9sidentielle. Une autre question centrale de ce programme est celle de l&#8217;ind\u00e9pendance \u00e9nerg\u00e9tique de la France. Il faut maintenir le parc nucl\u00e9aire actuel, y consacrer les moyens n\u00e9cessaires \u00e0 sa s\u00fbret\u00e9 et son efficacit\u00e9 et d\u00e9velopper les \u00e9nergies renouvelables. Il n&#8217;y a rien de neuf dans la trajectoire d&#8217;Emmanuel Macron. On \u00e9crase le co\u00fbt du travail et soi-disant, \u00e7a va faire de l&#8217;emploi&#8221; (Pierre Laurent, invit\u00e9 de &#8220;Territoires d&#8217;Infos&#8221;, qui a pr\u00e9cis\u00e9 qu&#8217;il ne serait pas candidat aux \u00e9lections l\u00e9gislatives et tentera de briguer un deuxi\u00e8me mandat de s\u00e9nateur; vid\u00e9o) :         <\/strong>              http:\/\/www.dailymotion.com\/video\/x58sec2_invite-pierre-laurent-territoires-d-infos-le-best-of-17-01-2017_tv\n\n-Cannabis, &#8220;je souhaite en finir avec 40 ans d&#8217;hypocrisie&#8221; (Jean-Luc Bennahmias, candidat \u00e0 la primaire socialiste; vid\u00e9o) : http:\/\/www.lemonde.fr\/primaire-de-la-gauche\/video\/2017\/01\/16\/cannabis-le-candidat-jean-luc-bennahmias-souhaite-en-finir-avec-40-ans-d-hypocrisie_5063446_5008374.html\n\n<br \/>&mdash;&nbsp;&#8220;Oui, je pourrais voter Macron. Non, je ne mange pas \u00e0 tous les r\u00e2teliers&#8221; (Il \u00e9tait l&#8217;invit\u00e9 de Jean-Jacques Bourdin; vid\u00e9o) : http:\/\/www.bfmtv.com\/mediaplayer\/video\/jean-luc-bennahmias-face-a-jean-jacques-bourdin-en-direct-903965.html\n\n-Fran\u00e7ois de Rugy, d\u00e9put\u00e9 \u00e9cologiste de Loire-Atlantique, candidat \u00e0 la  primaire socialiste, \u00e9tait l&#8217;invit\u00e9 de &#8220;Bureau Politique&#8221; (vid\u00e9o) : http:\/\/www.lci.fr\/replay\/bureau-politique-du-15-janvier-2017-2021931.html%3Ftype=content\n\n-&#8220;Face \u00e0 l&#8217;Am\u00e9rique et la Russie, la France et l&#8217;Allemagne doivent se renforcer&#8221; (Sylvia Pinel, candidate radicale de la primaire socialiste; face \u00e0 Guillaume Durand; vid\u00e9o) : https:\/\/www.dailymotion.com\/video\/x58sc2v_face-a-l-amerique-et-la-russie-la-france-et-l-allemange-doivent-se-renforcer-sylvia-pinel-17-01-201_news\n\n-&#8220;Je ne peux pas laisser dire que rien n&#8217;a \u00e9t\u00e9 fait pour redresser notre pays&#8221; (Elle \u00e9tait l&#8217;invit\u00e9e de Ruth Elkrief (vid\u00e9o) : http:\/\/www.bfmtv.com\/mediaplayer\/video\/sylvia-pinel-face-a-ruth-elkrief-904241.html\n\n-&#8220;Que fait M.Trump, sinon prot\u00e9ger ses salari\u00e9s. Nous, nous allons laisser faire ?&#8221; (Fran\u00e7ois Kalfon, directeur de campagne d&#8217;Arnaud Montebourg; face \u00e0 Myriam Encaoua; vid\u00e9o) :                           https:\/\/www.youtube.com\/watch?v=OJeGbOS-_f4\n\n-&#8220;Comment fait-on pour que l&#8217;Europe prot\u00e8ge ses emplois et ses citoyens ?&#8221; (Aur\u00e9lie Filippetti, d\u00e9put\u00e9e PS de Meurthe-et-Moselle; face \u00e0 Guillaume Durand; vid\u00e9o) :                                       https:\/\/www.dailymotion.com\/video\/x58o3v3_comment-fait-on-pour-que-l-europe-protege-ses-emplois-et-ses-citoyens-aurelie-filippetti-16-01-2017_news\n\n<em>-Que pensent les Fran\u00e7ais de &#8220;Made in France&#8221; ? (IFOP) <\/em> : http:\/\/www.ifop.com\/?option=com_publication&#038;type=poll&#038;id=3612\n\n-&#8220;Je ne voterai ni pour Montebourg, ni pour Hamon&#8221; (Fran\u00e7ois Rebsamen, ancien ministre du Travail; face \u00e0 Fabien Namias; vid\u00e9o) : http:\/\/www.europe1.fr\/emissions\/linterview-politique-de-8h20\/francois-rebsamen-je-ne-voterai-ni-pour-montebourg-ni-pour-hamon-2952593\n\n-&#8220;Il y a une attente d&#8217;une autre forme de gauche que celle qui a gouvern\u00e9&#8221; (Mathieu Hanotin, d\u00e9put\u00e9 PS de Seine-Saint-Denis, directeur de campagne de Beno\u00eet Hamon; face \u00e0 Olivier Galzi; vid\u00e9o) : http:\/\/www.itele.fr\/chroniques\/invite-galzi-jusqua-minuit\/linvite-politique-dolivier-galzi-du-17012017-172427\n\n-&#8220;Etre utile face aux nouvelles donnes politiques&#8221; (Laurent Dumond du MdP) : http:\/\/www.md-progressistes.fr\/tribune-des-progressistes\/8723\/#.WHz7DFcgRZg.gmail\n\n-&#8220;Macron fait encore salle comble \u00e0 Quimper&#8221; (vid\u00e9o) : https:\/\/www.youtube.com\/watch?v=vPkD3M8aBKU\n\n<strong>-L&#8217;avocat Jean-Pierre Mignard, ami intime de Fran\u00e7ois Hollande, le soutient. Il \u00e9tait l&#8217;invit\u00e9 d&#8217;Audrey Crespo-Mara (vid\u00e9o) : <\/strong>                                                                                                       http:\/\/www.lci.fr\/replay\/replay-l-invite-politique-du-17-janvier-2017-jean-pierre-mignard-avocat-et-soutien-de-macron-2022202.html%3Ftype=content\n\n-&#8220;La course des arrivistes chez Macron&#8221; (Marcelo Wesfreid; son) : https:\/\/www.franceinter.fr\/emissions\/histoires-politiques\/histoires-politiques-17-janvier-2017\n\n-&#8220;Un sentiment nouveau monte selon lequel il pourrait gagner l&#8217;\u00e9lection pr\u00e9sidentielle&#8221; (Thomas Legrand; son) :  https:\/\/www.franceinter.fr\/emissions\/l-edito-politique\/l-edito-politique-17-janvier-2017\n\n-&#8220;Avec l&#8217;instauration du revenu universel, le travail deviendrait accessoire&#8221; (Alba Ventura; vid\u00e9o) : http:\/\/www.rtl.fr\/actu\/politique\/primaire-de-la-gauche-avec-l-instauration-du-revenu-universel-le-travail-deviendrait-accessoire-estime-alba-ventura-7786776760\n\n-&#8220;Beno\u00eet Hamon l&#8217;a rabot\u00e9 en pleine campagne&#8221; (Adrien S\u00e9n\u00e9cat) : http:\/\/www.lemonde.fr\/les-decodeurs\/article\/2017\/01\/17\/comment-benoit-hamon-a-rabote-son-revenu-universel-en-pleine-campagne_5064235_4355770.html\n\n-Pr\u00e8s de Lille, &#8220;le d\u00e9sarroi des \u00e9lecteurs de gauche&#8221; (vid\u00e9o) : http:\/\/www.francetvinfo.fr\/politique\/ps\/primaire-a-gauche\/politique-le-desarroi-des-electeurs-de-gauche_2023185.html\n\n-&#8220;Macron est un mini-Hollande. Je n&#8217;ai pas envie que l&#8217;on retombe dans le quinquennat&#8221; (Virginie Calmels, maire-adjointe de Bordeaux qui fonde son propre mouvement &#8220;Droit Lib&#8221;, pour soutenir Fran\u00e7ois Fillon&#8221; (face \u00e0 Olivier Harmant; vid\u00e9o) :  http:\/\/videos.lesechos.fr\/lesechos\/invite-des-echos\/emmanuel-macron-est-un-mini-hollande-estime-virginie-calmels\/8uqr8l\n\n-&#8220;Donald Trump, ses d\u00e9clarations sont inqui\u00e9tantes, un basculement depuis la fin de la derni\u00e8re guerre avec une remise en cause de l&#8217;Alliance atlantique. Mon r\u00f4le, c&#8217;est que tout le monde soit en ordre de bataille derri\u00e8re Fran\u00e7ois Fillon. C&#8217;est en train de se faire&#8221;  (Bernard Accoyer, secr\u00e9taire g\u00e9n\u00e9ral des R\u00e9publicains; face \u00e0 Caroline Roux; vid\u00e9o) : http:\/\/www.france2.fr\/emissions\/telematin\/actu\/les-4-verites-bernard-accoyer_541501\n\n-&#8220;La gauche socialiste est atomis\u00e9e, fa\u00e7on puzzle&#8221; (Guillaume Larriv\u00e9, d\u00e9put\u00e9 LR de l&#8217;Yonne; face \u00e0 Fr\u00e9d\u00e9ric Rivi\u00e8re; vid\u00e9o) : http:\/\/www.rfi.fr\/video\/20170117-guillaume-larrive-depute-lr-gauche-socialiste-est-atomisee-facon-puzzle-bh-am-mv\n\n-&#8220;Il faudra discuter avec l&#8217;administration am\u00e9ricaine. Jugeons aux actes. Fran\u00e7ois Fillon partira du couple franco-allemand. La France n&#8217;est pas en mesure d&#8217;accueillir plus de r\u00e9fugi\u00e9s. Oui, il faut de la fermet\u00e9 face \u00e0 Poutine&#8221; (Bruno Le Maire, d\u00e9put\u00e9 LR de l&#8217;Eure, \u00e9tai l&#8217;invit\u00e9 de la matinale de France Inter (vid\u00e9os) :                                                                                                                                     http:\/\/www.dailymotion.com\/video\/x58s5cf_bruno-le-maire-repond-aux-questions-de-patrick-cohen_news                                                                                                                                                  http:\/\/www.dailymotion.com\/video\/x58s8g0_bruno-le-maire-repond-aux-questions-des-auditeurs-de-france-inter_news\n\n-&#8220;La France est faible, politiquement, \u00e9conomiquement et elle ne respecte pas la parole qu&#8217;elle donne aux autres pays&#8221; (Benoist Apparu, d\u00e9put\u00e9 LR de la Marne, porte-parole de Fran\u00e7ois Fillon; face \u00e0 Laurence Ferrari; vid\u00e9o) : http:\/\/www.itele.fr\/chroniques\/invite-politique-ferrari-tirs-croises\/linvite-de-laurence-ferrari-du-17012017-172425\n\n<strong>-&#8220;Nous, on a fait des r\u00e8gles pour n&#8217;avoir qu&#8217;un seul candidat&#8230;A gauche, ils en ont d\u00e9j\u00e0 trois. Emmanuel Macron est porteur de changement&#8230;jusqu&#8217;\u00e0 ce qu&#8217;il soit d\u00e9vor\u00e9 par le PS. A ce moment l\u00e0, il ne sera plus le candidat du changement, il deviendra le candidat de la continuit\u00e9 et sa saveur aura disparu&#8221; (Jean-Pierre Raffarin, s\u00e9nateur LR de la Vienne; invit\u00e9 de la matinale de Franceinfo; vid\u00e9o) : <\/strong> http:\/\/www.dailymotion.com\/video\/x58sen7_jean-pierre-raffarin-voit-macron-porteur-de-changement-jusqu-a-ce-qu-il-soit-devore-par-le-ps_news\n\n-Henri de Castries, ancien patron d&#8217;Axa, annonce son soutien \u00e0 Fran\u00e7ois Fillon. Il \u00e9tait interrog\u00e9 par Elizabeth Martichoux (vid\u00e9o) : http:\/\/www.rtl.fr\/actu\/politique\/presidentielle-2017-henri-de-castries-annonce-son-soutien-a-francois-fillon-7786776975\n\n-&#8220;L&#8217;ancien patron d&#8217;Axa passe \u00e0 l&#8217;acte. Son soutien doit \u00eatre mani\u00e9 avec beaucoup de pr\u00e9cautions. Il doit d&#8217;abord \u00eatre l&#8217;anti-Macron&#8221; (Guillaume Tabard du &#8220;Figaro&#8221;; son du 17 janvier) :              https:\/\/www.radioclassique.fr\/radio\/emissions\/matinale-de-radio-classique\/22630-2\/\n\n-&#8220;Donald Trump a fait une d\u00e9claration d&#8217;abandon. Montebourg est mal plac\u00e9, Hamon peut gagner&#8221; (Christophe Barbier; vid\u00e9o) : http:\/\/www.bfmtv.com\/mediaplayer\/video\/l-edito-de-christophe-barbier-donald-trump-lancerait-il-une-declaration-de-guerre-a-l-europe-903951.html\n\n-&#8220;L&#8217;Europe, un casse-t\u00eate pour les candidats \u00e0 l&#8217;\u00e9lection pr\u00e9sidentielle&#8221; (Yves Thr\u00e9ard du &#8220;Figaro&#8221;; vid\u00e9o) : http:\/\/www.europe1.fr\/emissions\/ledito-politique-dyves-threard\/leurope-est-un-casse-tete-pour-les-candidats-a-la-presidentielle-2952497\n\n<em>-Attentes, espoirs et craintes des chefs d&#8217;entreprises et des salari\u00e9s concernant l&#8217;\u00e9lection pr\u00e9sidentielle (IPSOS) <\/em> : http:\/\/www.ipsos.fr\/decrypter-societe\/2017-01-17-attentes-espoirs-et-craintes-chefs-d-entreprise-salaries-concernant-presidentielle\n\n<strong>EUROPE-MONDE<\/strong>\n\n-Antonio Tajani, un proche de Silvio Berlusconi, \u00e9lu pr\u00e9sident du Parlement europ\u00e9en : http:\/\/www.lemonde.fr\/europe\/article\/2017\/01\/17\/l-italien-antonio-tajani-elu-president-du-parlement-europeen_5064330_3214.html\n\n-Candidat du PPE, on lui reprochait son comportement lors du scandale du &#8220;dieselgate&#8221; (Martin Seiwert) : http:\/\/www.euractiv.fr\/section\/climat-environnement\/news\/spectre-of-dieselgate-hangs-over-tajani-on-eve-of-presidential-election\/?nl_ref=29022093\n\n-La Commission europ\u00e9enne \u00e9pingl\u00e9e sur le gaspillage alimentaire  (Sarantis Michalopoulos) : http:\/\/www.euractiv.fr\/section\/developpement-durable\/news\/eu-auditors-slam-commissions-food-waste-policies\/?nl_ref=29022093\n\n-&#8220;Moscovici envisage des relations &#8220;rock&#8217; n roll&#8221; avec les Etats-Unis&#8221; (C\u00e9cile Barbi\u00e8re) :  http:\/\/www.euractiv.fr\/section\/politique\/news\/moscovici-envisage-des-relations-rockn-roll-avec-les-etats-unis\/?nl_ref=29022093\n\n-&#8220;Berlin prudent apr\u00e8s les attaques de Trump&#8221; (Nathalie Versieux) : https:\/\/www.letemps.ch\/monde\/2017\/01\/16\/berlin-prudent-apres-attaques-trump?utm_source\n\n<strong>-Theresa May annonce une rupture &#8220;claire et nette&#8221; avec l&#8217;Union europ\u00e9enne (vid\u00e9o) :<\/strong> http:\/\/www.francetvinfo.fr\/monde\/europe\/la-grande-bretagne-et-l-ue\/brexit-la-grande-bretagne-persiste-et-signe_2023237.html\n\n-&#8220;Le Brexit dur et la rupture avec le march\u00e9 unique, un \u00e9v\u00e9nement historique&#8221; (Jacques Sapir) : http:\/\/www.lefigaro.fr\/vox\/monde\/2017\/01\/17\/31002-20170117ARTFIG00239-jacques-sapir-le-8216brexit-dur-et-la-rupture-avec-le-marche-unique-un-evenement-historique.php\n\n-&#8220;L&#8217;Angleterre se lance dans le dumping social et la d\u00e9valuation de la livre&#8221; (Jean-Louis Bourlange, ancien eurod\u00e9put\u00e9; vid\u00e9o) : https:\/\/www.dailymotion.com\/video\/x58scmp_l-angleterre-se-lance-dans-le-dumping-fiscal-et-la-devaluation-de-la-livre-jean-louis-bourlanges-17_news\n\n-le 2 mars, nouvelles \u00e9lections l\u00e9gislatives en Irlande du Nord (vid\u00e9o) : http:\/\/newscdn.newsrep.net\/h5\/nrvideo.html?r=3&#038;lan=fr_FR&#038;pid=14&#038;id=lx7494b4eUr_fr&#038;app_lan=fr_FR&#038;mcc\n\n-A Madrid, une Femen s&#8217;en prend \u00e0 un Trump en cire (vid\u00e9o) : http:\/\/www.lci.fr\/insolite\/video-attrapons-le-patriarcat-par-les-c-a-madrid-la-statue-de-trump-chahutee-par-une-femen-2022292.html%3Ftype=content\n\n-Le Conseil de l&#8217;Europe rappelle \u00e0 l&#8217;ordre la Slov\u00e9nie (Aline Robert) : http:\/\/www.euractiv.fr\/section\/l-europe-dans-le-monde\/news\/le-conseil-de-leurope-rappelle-a-lordre-la-slovenie\/?nl_ref=29022093\n\n-&#8220;La Croatie contre le n\u00e9potisme et la corruption&#8221; (Damir Matkovic de la t\u00e9l\u00e9vision publique croate; interrog\u00e9 par Jose Manuel Lamarque; son) :                                                                      https:\/\/www.franceinter.fr\/emissions\/meridien-d-europe\/meridien-d-europe-17-janvier-2017\n\n-Un champion europ\u00e9en de l&#8217;optique est n\u00e9 (vid\u00e9o) : http:\/\/www.francetvinfo.fr\/economie\/entreprises\/lunettes-un-champion-europeen-de-l-optique-est-ne_2022529.html\n\n<strong>-&#8220;La Suisse et la Chine ont sign\u00e9 dix nouveaux accords de coop\u00e9ration&#8221; (Fr\u00e9d\u00e9ric Koller)<\/strong> : https:\/\/www.letemps.ch\/suisse\/2017\/01\/16\/doris-leuthard-parle-droits-lhomme-xi-jinping?utm_source\n\n-&#8220;La Russie r\u00e9fute toute responsabilit\u00e9 dans l&#8217;\u00e9chec des n\u00e9gociations chypriotes&#8221; (Georgi Gotev) : http:\/\/www.euractiv.fr\/section\/l-europe-dans-le-monde\/news\/russia-angrily-refutes-reports-of-moscow-undermining-cyprus-talks\/?nl_ref=29022093\n\n<strong>-&#8220;Un vote scandaleux du Parlement russe pour briser les femmes&#8221; (le PCF) : <\/strong> http:\/\/www.pcf.fr\/95468\n\n-Une opposante syrienne a cr\u00e9\u00e9 un site qui rassemble tous les documents du soul\u00e8vement depuis 2011 (Omar Ouahmane; son) : https:\/\/www.franceinter.fr\/emissions\/grand-angle\/grand-angle-17-janvier-2017\n\n<strong>-Le site :<\/strong> http:\/\/www.creativememory.org\/?lang=fr\n\n<strong>-&#8220;L&#8217;initiative Fran\u00e7aise au Proche-Orient s&#8217;ach\u00e8ve en naufrage&#8221; (Ren\u00e9 Backmann; pi\u00e8ce jointe);<\/strong>\n\n-Les interventions de Fran\u00e7ois Hollande et Jean-Marc Ayrault (vid\u00e9os) :             http:\/\/www.diplomatie.gouv.fr\/fr\/dossiers-pays\/israel-territoires-palestiniens\/processus-de-paix\/initiative-pour-la-paix-au-proche-orient\/article\/conference-de-paris-pour-la-paix-au-proche-orient-la-journee-en-direct\n\n<em>-La r\u00e9solution finale (document en anglais) :<\/em> https:\/\/static.mediapart.fr\/files\/2017\/01\/15\/20170115-meep-final.pdf\n\n-Abu Dabi interdit la d\u00e9tention d&#8217;animaux sauvages (Romain Loury) : http:\/\/www.euractiv.fr\/section\/climat-environnement\/news\/abu-dhabi-interdit-la-detention-danimaux-sauvages\/?nl_ref=29022093\n\n-&#8220;Ultime voyage pour l&#8217;astronaute Eugene Cernan&#8221; (Camille G\u00e9vaudan) : http:\/\/www.liberation.fr\/futurs\/2017\/01\/16\/ultime-voyage-pour-l-astronaute-eugene-cernan_1541913?xtor\n\n-&#8220;Trump, J-3&#8221; (Bernard Guetta; son) : https:\/\/www.franceinter.fr\/emissions\/geopolitique\/geopolitique-17-janvier-2017\n\n<strong>-A Chicago, de terribles v\u00e9rit\u00e9s sur le comportement de la police (Vincent Giret; son) <\/strong> : https:\/\/www.franceinter.fr\/emissions\/l-edito\/l-edito-17-janvier-2017\n\n-&#8220;A Davos, le rendez-vous d&#8217;un monde \u00e0 l&#8217;envers&#8221; (Sylvie Kauffmann) : http:\/\/www.lemonde.fr\/idees\/article\/2017\/01\/17\/a-davos-le-rendez-vous-d-un-monde-a-l-envers_5063742_3232.html\n\n-&#8220;Xi Jinping donne une le\u00e7on de mondialisation&#8221; (St\u00e9phane Benoit-Godet) :                https:\/\/www.letemps.ch\/economie\/2017\/01\/17\/xi-jinping-donne-une-lecon-mondialisation?utm_source    \n\n-Le th\u00e9 indien \u00e0 l&#8217;\u00e9preuve du r\u00e9chauffement climatique (Jack Fereday) : https:\/\/www.letemps.ch\/sciences\/2017\/01\/16\/the-indien-lepreuve-rechauffement-climatique?utm_source\n\n<strong>-&#8220;D\u00e9calage frappant entre le moral des entreprises et la d\u00e9fiance des citoyens&#8221; (Jorge Valero) :<\/strong> http:\/\/www.euractiv.fr\/section\/euro-finances\/news\/business-leaders-optimistic-about-future-despite-popular-discontent\/?nl_ref=29022093\n\n<strong>CULTURE-MEDIAS<\/strong>\n\n<strong>-&#8220;Tant de mains pour transformer ce monde, et si peu de regards pour le contempler&#8221; (Julien Gracq, conf\u00e9rence \u00e0 l&#8217;Ecole normale sup\u00e9rieure de Michel Murat; textes lus par le com\u00e9dien Alain Carr\u00e9; son) : <\/strong> https:\/\/www.franceculture.fr\/conferences\/ecole-normale-superieure\/julien-gracq-tant-de-mains-pour-transformer-ce-monde-et-si-peu#xtor\n\n-Michel Houellebecq \u00e9tait l&#8217;invit\u00e9 du Journal t\u00e9l\u00e9vis\u00e9 de France 2, interrog\u00e9 par David Pujadas (vid\u00e9o) :                                                                                                       http:\/\/www.francetvinfo.fr\/culture\/houellebecq\/invite-michel-houellebecq-n-aime-pas-les-happy-ends_2023201.html\n\n-Le samedi 28 janvier 2017, de 10 h \u00e0 18h, au grand amphith\u00e9\u00e2tre de la Sorbonne \u00e0 Paris, &#8220;L&#8217;ann\u00e9e vue par la philosophie&#8221; (entr\u00e9e libre, inscription obligatoire) : https:\/\/www.franceculture.fr\/evenement\/forum-lannee-vue-par-la-philosophie-2017#xtor\n\n<strong>-Barbara Lefebvre, coauteur de &#8220;Une France soumise&#8221;, interrog\u00e9e par Audrey Crespo-Mara (vid\u00e9o)<\/strong> : http:\/\/www.lci.fr\/replay\/replay-audrey-crespo-mara-recoit-barbara-lefebvre-coauteur-de-une-france-soumise-2022216.html%3Ftype=content\n\n<strong>-&#8220;A bout port\u00e9s&#8221; sur le site de l&#8217;Op\u00e9ra de Paris (Sonia Devillers; vid\u00e9o, 9 minutes splendides <\/strong> :  https:\/\/www.franceinter.fr\/emissions\/l-instant-tele\/l-instant-tele-17-janvier-2017\n\n-Le philosophe Michel Onfray, invit\u00e9 de &#8220;Passion classique&#8221; d&#8217;Olivier Bellamy (son du 17 janvier) :  https:\/\/www.radioclassique.fr\/radio\/emissions\/passion-classique\/\n\n<strong>-Le site Richelieu de la Biblioth\u00e8que nationale de France a rouvert apr\u00e8s six ans de travaux. Suivez le guide (vid\u00e9o) : <\/strong> http:\/\/www.france2.fr\/emissions\/stupefiant\/videos\/la_plus_belle_bibliotheque_de_france__16-01-2017_1452731?onglet=tous&#038;page=1\n\n-Jusqu&#8217;au 13 f\u00e9vrier, la carte de visite en ligne du cin\u00e9 hexagonal (Guillemette Odicino) : http:\/\/www.telerama.fr\/cinema\/myfrenchfilmfestival-la-carte-de-visite-en-ligne-du-cine-hexagonal,152678.php#xtor\n\n-Films \u00e0 voir en ligne : http:\/\/www.myfrenchfilmfestival.com\/fr\/\n\n-&#8220;Des films si mauvais qu&#8217;ils en deviennent cultes&#8221; (Le &#8220;Nanaroscope !&#8221; de  Arte creative; vid\u00e9os) : http:\/\/creative.arte.tv\/fr\/nanar\n\n-Dix s\u00e9ries et films poss\u00e9d\u00e9s par le diable (Pierre Langlais et C\u00e9cile Mury) : http:\/\/www.telerama.fr\/series-tv\/dix-series-et-films-possedes-par-le-diable,152617.php#xtor\n\n-Le Festival cin\u00e9ma T\u00e9l\u00e9rama d\u00e9bute aujourd&#8217;hui jusqu&#8217;au 24 janvier (Pierre Murat et Samuel Douhaire; vid\u00e9o) : http:\/\/www.telerama.fr\/cinema\/en-direct-a-deux-jours-du-20e-festival-cinema-telerama-posez-vos-questions-a-la-redaction,152723.php#xtor\n\n-Voir ou revoir &#8220;Moi, Daniel Blake&#8221; de Ken Loach et son com\u00e9dien Dave Johns (C\u00e9cile Mury; vid\u00e9o) : http:\/\/www.telerama.fr\/cinema\/re-voir-moi-daniel-blake-pour-decouvrir-dave-johns,152669.php#xtor\n\n<strong>-Le Sang des b\u00eates&#8221;, le documentaire de Georges Franju, tourn\u00e9 en 1948 . Dans les abattoirs, aujourd&#8217;hui, \u00e7a continue (Gilles Heur\u00e9; \u00e0 voir ici; vid\u00e9o) :  <\/strong> http:\/\/www.telerama.fr\/idees\/les-abattoirs-c-est-toujours-la-boucherie,152681.php#xtor\n\n<strong>-Ins\u00e9parables depuis trente ans, Agn\u00e8s Jaoui et Jean-Pierre Bacri, interrog\u00e9s par L\u00e9a Salam\u00e9 (vid\u00e9o) : <\/strong> http:\/\/www.france2.fr\/emissions\/stupefiant\/videos\/linterview_jaoui_et_bacri_16-01-2017_1452843?onglet=tous&#038;page=1\n\n-Du 21 janvier au 5 mars, le Festival Circulation(s) consacr\u00e9 \u00e0 la photographie. Les Fran\u00e7aise Elsa Parra et Johanna Bena\u00efnous y exposeront (Fr\u00e9d\u00e9rique Chapuis) :                                                       http:\/\/www.telerama.fr\/sortir\/autoportraits-les-metamorphoses-troublantes-d-elsa-et-johanna,152490.php#xtor\n\n-&#8220;Immersion&#8221; (le groupe de metal Klone, en version acoustique; Marie H\u00e9l\u00e8ne Soenen; vid\u00e9o) : http:\/\/www.telerama.fr\/musique\/regardez-immersion-un-clip-du-groupe-de-metal-klone-en-version-acoustique,152625.php#xtor\n\n<strong> <strong>-&#8220;Du Blues du Blues du Blues&#8221; (sur France Musique, &#8220;Easy tempo&#8221; de Laurent Valero et Thierry Jousse; son) <\/strong>  <\/strong> : https:\/\/www.francemusique.fr\/emissions\/easy-tempo\/du-blues-du-blues-du-blues-31078\n\n-&#8220;Thomas Pesquet, le super envoy\u00e9 sp\u00e9cial&#8221; (Emmanuelle Skyvington; vid\u00e9o) :  http:\/\/www.telerama.fr\/medias\/thomas-pesquet-le-super-envoye-spatial,152651.php#xto\n\n-&#8220;La refonte du droit d&#8217;auteur menacerait les journalistes&#8221; (l&#8217;eurod\u00e9put\u00e9e allemande  &#8220;Verts\/EFA&#8221; Julia Reda; propos recueillis par Nicole Sagener) : http:\/\/www.euractiv.fr\/section\/innovation-entreprises\/interview\/reda-eucopyright-reform-would-benefit-fake-news-sites\/?nl_ref=29022093\n\n-&#8220;Le jeu vid\u00e9o, ce sempiternel accus\u00e9 \u00e0 l&#8217;origine du mal-\u00eatre adolescent&#8221; (le psychologue clinicien Thomas Gaon; son) :  https:\/\/www.franceculture.fr\/emissions\/la-vie-numerique\/le-jeu-video-ce-sempiternel-accuse-lorigine-du-mal-etre-adolescent#xtor\n\n-La une du &#8220;Canard encha\u00een\u00e9&#8221; : http:\/\/www.lecanardenchaine.fr\/la-une-du-18-janvier-2017\/\n\n-&#8220;Quand TF1 massacre le &#8220;Django Unchained&#8221; de Quentin Tarantino&#8221; (J\u00e9r\u00e9mie Maire; vid\u00e9o) : http:\/\/television.telerama.fr\/television\/quand-tf1-massacre-le-django-unchained-de-quentin-tarantino,152731.php#xtor\n\n<strong>-i-T\u00e9l\u00e9 r\u00e9v\u00e8le &#8220;les petits coups de langue de Montebourg \u00e0 Bollor\u00e9&#8221; (Samuel Gontier) <\/strong> : http:\/\/television.telerama.fr\/television\/itele-revele-les-petits-coups-de-langue-de-montebourg-a-bollore,152738.php#xtor\n\n-&#8220;Vu&#8221;, le nouveau zapping de France 2 (Frantz Durupt; vid\u00e9o) : http:\/\/www.liberation.fr\/futurs\/2017\/01\/16\/au-menu-de-vu-le-nouveau-zapping-de-france-2-francois-fillon-michele-torr-et-bollore_1541854?xtor\n\n-Ce qu&#8217;en pense Bruno Donnet (vid\u00e9o) : http:\/\/www.dailymotion.com\/video\/x58scbl_le-zapping-arrive-sur-france-2-et-devient-vu-l-apres-coup-de-bruno-donnet_news\n\n-&#8220;Se raconter \u00e0 la t\u00e9l\u00e9&#8221; (Marc-Olivier Fogiel \u00e9tait l&#8217;invit\u00e9 de Sonia Devillers; vid\u00e9o, amener le curseur sur 2:30) : http:\/\/www.dailymotion.com\/video\/x58si9e_marc-olivier-fogiel-se-raconter-a-la-tele_news\n\n-&#8220;Cyril Hanouna, le ca\u00efd cathodique ?&#8221; (Richard Werly) : https:\/\/www.letemps.ch\/opinions\/2017\/01\/17\/cyril-hanouna-caid-cathodique?utm_source\n\n-&#8220;Radio Bartas&#8221;, des ondes libertaires en Loz\u00e8re (Jos\u00e9phine Lebard) :  http:\/\/www.telerama.fr\/radio\/radio-bartas-des-ondes-libertaires-en-lozere,152110.php#xtor\n\n<strong>-A d\u00e9couvrir (son)<\/strong> : http:\/\/www.radiobartas.net\/\n\n-Une nouvelle chaine parisienne et un nouveau m\u00e9dia lanc\u00e9 par les anciens d&#8217;i-T\u00e9l\u00e9 (Marc Baudriller; son du 17 janvier) : https:\/\/www.radioclassique.fr\/radio\/emissions\/matinale-de-radio-classique\/la-vie-des-medias\/\n\n-Ils ont cr\u00e9e &#8220;Explicite&#8221; (vid\u00e9o) : http:\/\/www.lci.fr\/medias\/video-les-anciens-de-itele-fondent-explicite-la-mediasphere-les-a-rencontre-2022288.html%3Ftype=content\n\n-&#8220;Pierre Gattaz a le coeur grenadine&#8221; (Charline Vanhoenacker; vid\u00e9o) : http:\/\/www.dailymotion.com\/video\/x58s0se_ile-tromelin-pierre-gattaz-a-le-coeur-grenadine-le-billet-de-charline_fun\n\n<strong>-&#8220;Les artistes sont-ils de gauche&#8221; (Alex Vizorek; vid\u00e9o) : <\/strong> http:\/\/www.dailymotion.com\/video\/x58s6xz_les-artistes-sont-ils-de-gauche-le-billet-d-alex-vizorek_fun\n\n-&#8220;Avec Aref, r\u00e9fugi\u00e9 afghan&#8221; (Guillaume Meurice; vid\u00e9o) : http:\/\/www.dailymotion.com\/video\/x58tum5_avec-aref-refugie-afghan-le-moment-meurice_fun\n\n<strong>-&#8220;Les jeunes avec Montebourg&#8221; (vid\u00e9o) : <\/strong> http:\/\/www.dailymotion.com\/video\/x58po2p_les-jeunes-avec-montebourg-le-moment-meurice_fun\n<h2 class=\"wp-block-heading\">Documents joints<\/h2>\n\n\n\n<div class=\"wp-block-file\"><a href=\"https:\/\/wp.muchomaas.com\/wp-content\/uploads\/2017\/01\/proche-orient-069.pdf\">proche-orient.pdf<\/a><\/div>\n\n\n","protected":false},"excerpt":{"rendered":"<p>ACTUALITE -RTE, le gestionnaire du r\u00e9seau de transport \u00e9lectrique, sonne l&#8217;alerte (vid\u00e9o) : http:\/\/www.francetvinfo.fr\/meteo\/pic-de-froid\/electricite-le-gestionnaire-du-reseau-de-transport-electrique-sonne-l-alerte_2021560.html -&#8220;Nuit debout&#8221;, un documentaire de Sylvain Louvet et Aude Favre (vid\u00e9o) : http:\/\/www.france5.fr\/emission\/nuit-debout\/diffusion-du-17-01-2017-20h50 -Le bilan d\u00e9mographique 2016 (INSEE; documents \u00e0 t\u00e9l\u00e9charger) : https:\/\/www.insee.fr\/fr\/information\/2555376 -&#8220;La guerre du miel en France&#8221; (Nathalie Fontrel; son) : https:\/\/www.franceinter.fr\/emissions\/le-zoom-de-la-redaction\/le-zoom-de-la-redaction-17-janvier-2017 -&#8220;Les soup\u00e7ons d&#8217;un &#8220;dieselgate&#8221; s&#8217;abattent sur Citro\u00ebn&#8221; [&hellip;]<\/p>\n","protected":false},"author":1042,"featured_media":0,"comment_status":"open","ping_status":"open","sticky":false,"template":"","format":"standard","meta":{"_themeisle_gutenberg_block_has_review":false,"footnotes":""},"categories":[151],"tags":[],"class_list":["post-10119","post","type-post","status-publish","format-standard","hentry","category-la-revue-de-presse-de-lulu"],"_links":{"self":[{"href":"https:\/\/archives.regards.fr\/index.php?rest_route=\/wp\/v2\/posts\/10119","targetHints":{"allow":["GET"]}}],"collection":[{"href":"https:\/\/archives.regards.fr\/index.php?rest_route=\/wp\/v2\/posts"}],"about":[{"href":"https:\/\/archives.regards.fr\/index.php?rest_route=\/wp\/v2\/types\/post"}],"author":[{"embeddable":true,"href":"https:\/\/archives.regards.fr\/index.php?rest_route=\/wp\/v2\/users\/1042"}],"replies":[{"embeddable":true,"href":"https:\/\/archives.regards.fr\/index.php?rest_route=%2Fwp%2Fv2%2Fcomments&post=10119"}],"version-history":[{"count":0,"href":"https:\/\/archives.regards.fr\/index.php?rest_route=\/wp\/v2\/posts\/10119\/revisions"}],"wp:attachment":[{"href":"https:\/\/archives.regards.fr\/index.php?rest_route=%2Fwp%2Fv2%2Fmedia&parent=10119"}],"wp:term":[{"taxonomy":"category","embeddable":true,"href":"https:\/\/archives.regards.fr\/index.php?rest_route=%2Fwp%2Fv2%2Fcategories&post=10119"},{"taxonomy":"post_tag","embeddable":true,"href":"https:\/\/archives.regards.fr\/index.php?rest_route=%2Fwp%2Fv2%2Ftags&post=10119"}],"curies":[{"name":"wp","href":"https:\/\/api.w.org\/{rel}","templated":true}]}}