{"id":10114,"date":"2017-01-17T07:21:00","date_gmt":"2017-01-17T06:21:00","guid":{"rendered":"https:\/\/wp.muchomaas.com\/article-la-revue-du-17-janvier-2017\/"},"modified":"2017-01-17T07:21:00","modified_gmt":"2017-01-17T06:21:00","slug":"article-la-revue-du-17-janvier-2017","status":"publish","type":"post","link":"https:\/\/archives.regards.fr\/?p=10114","title":{"rendered":"La Revue du 17 janvier 2017"},"content":{"rendered":"<p><strong>ACTUALITE<\/strong><\/p>\n<p><strong>-&#8220;Valls, Hamon, Macron, M\u00e9lenchon&#8230;tous sont loin de la r\u00e9alit\u00e9 du monde du <strong>travail&#8221; (Philippe Martinez, secr\u00e9taire de la CGT; propos recueillis par Le\u00efla de Comarmond, Etienne Lefebvre et Alain Ruello. Fillon curieusement \u00e9pargn\u00e9, Souby, conseiller de Sarkozy, adoub\u00e9) :  <\/strong>  <\/strong>                                                                        http:\/\/www.lesechos.fr\/economie-france\/social\/0211691322576-philippe-martinez-en-vitrine-le-fn-affiche-le-discours-cgt-sur-les-salaires-la-retraite-a-60-ans-mais-le-medef-est-dans-larriere-boutique-2057419.php#Xtor<\/p>\n<p><strong>-Il \u00e9tait l&#8217;invit\u00e9 de Laurence Ferrari sur i-T\u00e9l\u00e9 (vid\u00e9o) : <\/strong> http:\/\/www.itele.fr\/chroniques\/invite-politique-ferrari-tirs-croises\/linvite-de-laurence-ferrari-du-16012017-172409<\/p>\n<p>-Les chauffeurs veulent passer par dessus la t\u00eate d&#8217;Uber (Franck Bouaziz) : http:\/\/www.liberation.fr\/futurs\/2017\/01\/15\/les-chauffeurs-veulent-passer-par-dessus-la-tete-d-uber_1541559?xtor<\/p>\n<p>-A Paris, mobilis\u00e9s pour leurs salaires (vid\u00e9o) : http:\/\/newscdn.newsrep.net\/h5\/nrvideo.html?r=3&#038;lan=fr_FR&#038;pid=14&#038;id=gh73a9104v2_fr&#038;app_lan=fr_FR&#038;mcc<\/p>\n<p>-&#8220;Le Grand Paris sera bien le chantier du si\u00e8cle&#8221; (Dominique Malecot) : http:\/\/www.lesechos.fr\/idees-debats\/editos-analyses\/0211658700385-le-grand-paris-sera-bien-le-chantier-du-siecle-2055510.php#xtor<\/p>\n<p>-&#8220;Quand des proviseurs cassent le moule&#8221; (vid\u00e9o) : http:\/\/www.francetvinfo.fr\/replay-radio\/question-d-education\/education-quand-des-proviseurs-cassent-le-moule_2019814.html<\/p>\n<p>-&#8220;Les Fran\u00e7ais sont-ils pr\u00eats \u00e0 payer plus cher pour consommer vert ?&#8221; (Nathalie Fontrel; son) : https:\/\/www.franceinter.fr\/emissions\/planete-environnement\/planete-environnement-16-janvier-2017<\/p>\n<p><em>-L&#8217;enqu\u00eate du Commissariat au d\u00e9veloppement durable (document \u00e0 t\u00e9l\u00e9charger) : <\/em> http:\/\/www.developpement-durable.gouv.fr\/Qui-est-pret-a-payer-davantage.html<\/p>\n<p>-&#8220;Il faut que tout le corps m\u00e9dical travaille ensemble&#8221; (Patrick Bouet, pr\u00e9sident de l&#8217;Ordre des m\u00e9decins; face \u00e0 Nicolas Perron; vid\u00e9o) : https:\/\/www.radioclassique.fr\/magazine\/videos\/il-faut-que-tout-le-corps-medical-travaille-ensemble-patrick-bouet-16012017\/<\/p>\n<p><strong>-La clinique des Bleuets dans la crainte d&#8217;une cessation d&#8217;activit\u00e9 (V\u00e9ronique Julia; son)<\/strong> : https:\/\/www.franceinter.fr\/emissions\/grand-angle\/grand-angle-16-janvier-2017<\/p>\n<p>-&#8220;Et si demain, on trouvait mieux que l&#8217;antibiotique ?&#8221; (Catherine Boullay; son) : https:\/\/www.franceinter.fr\/emissions\/et-si-demain\/et-si-demain-16-janvier-2017<\/p>\n<p><strong>-&#8220;M\u00e9decins, infirmiers, \u00e9coutez vos patients !&#8221; (les m\u00e9decins Laurence Verneuil et Baptiste Beaulieu, invit\u00e9s de Ali Rebeihi; son) : <\/strong> https:\/\/www.franceinter.fr\/emissions\/grand-bien-vous-fasse\/grand-bien-vous-fasse-16-janvier-2017<\/p>\n<p>-&#8220;Le gouvernement souhaite que tout soit mis en oeuvre pour qu&#8217;il n&#8217;y ait aucun mort. Il y aura de la place pour tout le monde&#8221; (le ministre de l&#8217;Int\u00e9rieur Bruno Le Roux, interrog\u00e9 par Thomas Sotto; vid\u00e9o) : http:\/\/www.francetvinfo.fr\/meteo\/inondations\/video-grand-froid-le-gouvernement-souhaite-que-tout-soit-mis-en-oeuvre-pour-qu-il-n-y-ait-aucun-mort_2020636.html<\/p>\n<p><strong>-&#8220;Au 115, presque une saturation permanente&#8221; (Eric Pliez, pr\u00e9sident du Samu social de Paris; vid\u00e9o) : <\/strong>  http:\/\/www.rtl.fr\/actu\/societe-faits-divers\/places-d-hebergement-au-115-presque-une-saturation-permanente-7786762137<\/p>\n<p>-&#8220;Les sept qualit\u00e9s de l&#8217;astronaute Thomas Pesquet&#8221; (Fabrice Lamirault) :  http:\/\/www.lesechos.fr\/idees-debats\/cercle\/cercle-164867-les-7-qualites-de-lastronaute-francais-thomas-pesquet-2057010.php#xtor<\/p>\n<p>-Paul Quil\u00e8s lui a \u00e9crit : http:\/\/paul.quiles.over-blog.com\/2017\/01\/lettre-a-thomas-pesquet.html<\/p>\n<p>-La disparition de l&#8217;avocat Paul Lombard (Patrick Cohen; vid\u00e9o) : https:\/\/www.franceinter.fr\/emissions\/le-7h43\/le-7h43-16-janvier-2017<\/p>\n<p><strong>POLITIQUE<\/strong><\/p>\n<p>-&#8220;C&#8217;est une primaire de perdants&#8221; (Alexis Corbi\u00e8re, porte-parole de Jean-Luc M\u00e9lenchon; vid\u00e9o) : http:\/\/www.francetvinfo.fr\/politique\/ps\/primaire-a-gauche\/c-est-une-primaire-de-perdants-estime-le-porte-parole-de-melenchon_2020750.html<\/p>\n<p>-A Paris, Jean-Luc M\u00e9lenchon s&#8217;en prend aussi \u00e0 la primaire socialiste (vid\u00e9o) : http:\/\/www.lci.fr\/replay\/en-campagne-a-paris-jean-luc-melenchon-s-en-prend-a-la-primaire-de-la-gauche-2022153.html%3Ftype=content<\/p>\n<p>-Le 23 janvier, rencontre PCF-France insoumise : http:\/\/www.lesechos.fr\/elections\/legislatives-2017\/0211696397512-melenchon-et-le-pcf-secharpent-sur-les-legislatives-2057451.php<\/p>\n<p><strong>-Vincent Peillon et Arnaud Montebourg \u00e9taient les invit\u00e9s de la matinale de France Inter (vid\u00e9os) :       <\/strong>                                                                                                                                     http:\/\/www.dailymotion.com\/video\/x58nw8s_vincent-peillon-repond-aux-questions-de-patrick-cohen_news                                                                                                                                                http:\/\/www.dailymotion.com\/video\/x58o045_arnaud-montebourg-repond-aux-questions-des-auditeurs-de-france-inter_news<\/p>\n<p>-Fran\u00e7ois Hollande au th\u00e9\u00e2tre pendant le d\u00e9bat de la primaire, &#8220;il n&#8217;est plus dans cette s\u00e9quence. Mon obsession n&#8217;est pas de battre l&#8217;autre gauche. Comparez la loi Hamon et la loi Macron, la mienne est celle qui a le plus d&#8217;impact pour l&#8217;emploi. Macron, il a un discours, un charisme  qui lui permet de r\u00e9unir des foules&#8221; (Beno\u00eet Hamon, face \u00e0 Jean-Jacques Bourdin; vid\u00e9o) : http:\/\/www.bfmtv.com\/mediaplayer\/video\/benoit-hamon-face-a-jean-jacques-bourdin-en-direct-903551.html<\/p>\n<p>-&#8220;C&#8217;est un mauvais signal \u00e0 son propre parti que d&#8217;\u00eatre au th\u00e9\u00e2tre. Il serait tent\u00e9 de voler vers les salles pleines (d&#8217;Emmanuel Macron). Son onction n&#8217;est pas forc\u00e9ment un service \u00e0 rendre \u00e0 tel ou tel candidat&#8221; (Fran\u00e7ois Kalfon, soutien Arnaud Montebourg; invit\u00e9 de &#8220;Territoires d&#8217;Infos&#8221;; vid\u00e9o, amener le curseur sur 33:37) : http:\/\/www.dailymotion.com\/video\/x58ntpc_invite-francois-kalfon-territoires-d-infos-16-01-2017_news<\/p>\n<p>-Il \u00e9tait aussi l&#8217;invit\u00e9 du &#8220;Club de la presse&#8221; d&#8217;Europe 1 (son) : http:\/\/www.europe1.fr\/emissions\/le-club-de-la-presse\/europe-soir-le-club-de-la-presse-francois-kalfon-et-yves-michaud-16012017-2952239<\/p>\n<p><strong>-&#8220;Je parlerai avec Emmanuel Macron pour cr\u00e9er les conditions du rassemblement&#8221; (Manuel Valls, face \u00e0 Fabien Namias; vid\u00e9o) :  <\/strong>                                                      http:\/\/www.europe1.fr\/emissions\/linterview-politique-de-8h20\/manuel-valls-je-parlerai-avec-emmanuel-macron-pour-creer-les-conditions-du-rassemblement-2951690<\/p>\n<p><strong>-Il \u00e9tait l&#8217;invit\u00e9 de Ruth Elkrief sur BFMTV (vid\u00e9os) :  <\/strong>                        http:\/\/www.bfmtv.com\/mediaplayer\/video\/manuel-valls-face-a-ruth-elkrief-12-903809.html                                                                                         http:\/\/www.bfmtv.com\/mediaplayer\/video\/manuel-valls-face-a-ruth-elkrief-22-903813.html<\/p>\n<p>-Sur Notre-Dame-des-Landes (vid\u00e9o) : http:\/\/www.bfmtv.com\/mediaplayer\/video\/valls-sur-nddl-si-on-remet-en-cause-les-decisions-du-peuple-il-n-y-a-plus-de-democratie-903841.html<\/p>\n<p>-&#8220;On voit bien \u00e0 quel point la construction europ\u00e9enne est un enjeu fondamental. L&#8217;autonomie \u00e9nerg\u00e9tique de l&#8217;Europe, c&#8217;est le moyen d&#8217;\u00eatre plus ind\u00e9pendant de Poutine et des p\u00e9tromonarchies du golf. Qu&#8217;est-ce qu&#8217;il construit Fran\u00e7ois de Rugy ? Que va-t-il rester de sa prestation ? La plupart des candidats disent que le nucl\u00e9aire est g\u00e9nial&#8221; (L&#8217;eurod\u00e9put\u00e9 Yannick Jadot, candidat \u00e9cologiste \u00e0 l&#8217;\u00e9lection pr\u00e9sidentielle; face \u00e0 Myriam Encaoua; vid\u00e9o) : http:\/\/www.itele.fr\/chroniques\/invite-michael-darmon\/linvite-de-myriam-encaoua-du-16012017-172398<\/p>\n<p>-&#8220;Rugy a tir\u00e9 son \u00e9pingle du jeu sur les questions \u00e9nerg\u00e9tiques&#8221; (Aur\u00e9lie Delmas) : http:\/\/www.liberation.fr\/elections-presidentielle-legislatives-2017\/2017\/01\/15\/debat-de-la-primaire-rugy-tire-son-epingle-du-jeu-sur-les-questions-energetiques_1541621?xtor<\/p>\n<p>-Ce que disent les candidats \u00e0 la primaires socialiste du bilan de Fran\u00e7ois Hollande (vid\u00e9o) : http:\/\/www.liberation.fr\/video\/2017\/01\/12\/ce-que-les-candidats-a-la-primaire-socialiste-disent-du-bilan-de-francois-hollande_1540919?xtor<\/p>\n<p>-&#8220;S&#8217;il y a Valls, M\u00e9lenchon et Macron, la gauche ne sera pas au deuxi\u00e8me tour&#8221; (Didier Guillaume, directeur de campagne de Manuel Valls, invit\u00e9 de la matinale de Franceinfo; vid\u00e9o) :                http:\/\/www.dailymotion.com\/video\/x58o451_pour-didier-guillaume-s-il-y-a-melenchon-valls-et-macron-la-gauche-ne-sera-pas-au-deuxieme-tour_news<\/p>\n<p>-&#8220;Laisser de nouveau filer les d\u00e9ficits, ce serait s&#8217;endetter&#8221; (Pierre Moscovici, commissaire europ\u00e9en; entretien r\u00e9alis\u00e9 par Laurent Marchand) :  http:\/\/www.euractiv.fr\/section\/all\/interview\/moscovici-%E2%80%89laisser-de-nouveau-filer-les-deficits-ce-serait-sendetter\/?nl_ref=28924205<\/p>\n<p>-&#8220;Le d\u00e9bat \u00e9tait int\u00e9ressant. J&#8217;h\u00e9site \u00e0 choisir. Il n&#8217;y en a pas un seul qui ait l&#8217;envergure que je souhaite. Emmanuel Macron, c&#8217;est int\u00e9ressant, avec une ouverture d&#8217;esprit. Il y a 20 ans que je demande qu&#8217;on prenne le cannabis comme on le fait avec l&#8217;alcool et le tabac qui tuent beaucoup plus &#8221; (Bernard Kouchner, interrog\u00e9 par Audrey Crespo-Mara; vid\u00e9o) : http:\/\/www.lci.fr\/replay\/replay-l-invite-politique-de-lci-matin-du-16-janvier-2017-bernard-kouchner-2021948.html<\/p>\n<p>-&#8220;Et si Fran\u00e7ois Hollande changeait d&#8217;avis ?&#8221; (Nathalie Schuck du &#8220;Parisien&#8221;; son) : https:\/\/www.franceinter.fr\/emissions\/histoires-politiques\/histoires-politiques-16-janvier-2017<\/p>\n<p><strong>-&#8220;Les primaires, cens\u00e9es rapprocher du peuple, g\u00e9n\u00e8rent des m\u00e9caniques et des discours qui pourraient bien l&#8217;en \u00e9loigner&#8221; (Thomas Legrand; son) : <\/strong> https:\/\/www.franceinter.fr\/emissions\/l-edito-politique\/l-edito-politique-16-janvier-2017<\/p>\n<p>-Royal-Macron, &#8220;les pas de deux de la petite bourgeoisie socialiste, \u00e7a suffit !&#8221; (Malek Boutih, d\u00e9put\u00e9 socialiste de l&#8217;Essonne, soutien de Manuel Valls; vid\u00e9o) : http:\/\/www.lcp.fr\/la-politique-en-video\/propos-de-royal-sur-macron-et-valls-les-pas-de-deux-de-la-petite-bourgeoisie<\/p>\n<p>-Il \u00e9tait l&#8217;invit\u00e9 de &#8220;Parlement Hebdo&#8221; apr\u00e8s le premier d\u00e9bat de la primaire socialiste (vid\u00e9o) : http:\/\/www.lcp.fr\/emissions\/parlement-hebdo\/280381-parlement-hebdo<\/p>\n<p>-&#8220;Je suis un peu surpris par les modalit\u00e9s d&#8217;organisation et la faiblesse des ambitions de la Conf\u00e9rence de paix de Paris. Valls, c&#8217;est la foi des convictions et une grande modernit\u00e9&#8221; (David Habib, d\u00e9put\u00e9 PS des Pyr\u00e9n\u00e9es-Atlantiques, face \u00e0 Fr\u00e9d\u00e9ric Rivi\u00e8re; vid\u00e9o) :  http:\/\/www.rfi.fr\/video\/20170116-david-habib-valls-est-fois-convictions-une-grande-modernite<\/p>\n<p>-&#8220;Valls s&#8217;est d\u00e9fendu assez habilement mais il lui faut au minimum 12 points d&#8217;avance pour l&#8217;emporter au 2e tour. Si c&#8217;est un candidat de gauche qui l&#8217;emporte, c&#8217;est bon pour Macron. Un boulevard qui s&#8217;ouvre. Si le vainqueur reste sous les 10 %, oui, Fran\u00e7ois Hollande soutiendra Emmanuel Macron pour que la gauche soit pr\u00e9sente au second tour&#8221; (Christophe Barbier; vid\u00e9o) : http:\/\/www.bfmtv.com\/mediaplayer\/video\/l-edito-de-christophe-barbier-comment-manuel-valls-s-est-il-defendu-face-aux-critiques-de-ses-concurrents-903541.html<\/p>\n<p>-&#8220;Choisir Macron, c&#8217;est ne pas choisir Valls&#8221; (Alba Ventura; vid\u00e9o) : http:\/\/www.rtl.fr\/actu\/politique\/presidentielle-2017-choisir-macron-c-est-ne-pas-choisir-valls-constate-alba-ventura-7786754246<\/p>\n<p><strong>-&#8220;Primaires, les trois obsessions du PS&#8221;, en d\u00e9bat dans &#8220;24 heures en questions&#8221; d&#8217;Yves Calvi (vid\u00e9o)<\/strong> : http:\/\/www.lci.fr\/replay\/replay-24-heures-en-questions-du-16-janvier-2017-2022159.html%3Ftype=content<\/p>\n<p>-&#8220;La primaire de la gauche coinc\u00e9e entre Macron et M\u00e9lenchon&#8221; (Marc Sireleau de la RTBF) : http:\/\/www.rtbf.be\/info\/dossier\/election-presidentielle-francaise-2017\/detail_france-la-primaire-de-la-gauche-coincee-entre-entre-jean-luc-melenchon-et-emmanuel-macron?id=9503917<\/p>\n<p>-&#8220;Macron et M\u00e9lenchon peuvent faire exploser le PS&#8221; (S\u00e9bastien Billard) : http:\/\/tempsreel.nouvelobs.com\/politique\/election-presidentielle-2017\/20170116.OBS3861\/presidentielle-pourquoi-macron-et-melenchon-peuvent-faire-exploser-le-ps.html<\/p>\n<p>-&#8220;Un PS moribond ne serait pas une bonne nouvelle pour la droite&#8221; (Yves Thr\u00e9ard du &#8220;Figaro&#8221;; vid\u00e9o) :  http:\/\/www.europe1.fr\/emissions\/ledito-politique-dyves-threard\/un-ps-moribond-ne-serait-pas-une-bonne-nouvelle-pour-la-droite-2951555<\/p>\n<p>-&#8220;Aquilino Morelle r\u00e8gle ses comptes&#8221;, face \u00e0 Anne Sophie Lapix, pugnace (vid\u00e9o) : http:\/\/www.france5.fr\/emissions\/c-a-vous\/videos\/aquilino_morelle_regle_ses_comptes_-_c_a_vous_-_16012017_16-01-2017_1452277?origin=ftvsite_homepage<\/p>\n<p><em>-Le barom\u00e8tre politique (ODOXA) :<\/em> http:\/\/www.odoxa.fr\/sondage\/barometre-politique-macron-plus-jamais-prefere-francais-melenchon-montebourg-hamon-progressent-a-gauche\/<\/p>\n<p><strong>-&#8220;Le programme de Fran\u00e7ois Fillon est contraire \u00e0 tous mes engagements&#8221; (Henri Guaino, d\u00e9put\u00e9 LR des Yvelines, candidat \u00e0 l&#8217;\u00e9lection pr\u00e9sidentielle; face \u00e0 L\u00e9a Salam\u00e9; vid\u00e9o) <\/strong> : http:\/\/www.dailymotion.com\/video\/x58nq78_henri-guaino-repond-aux-questions-de-lea-salame_news<\/p>\n<p>-&#8220;Avec Le R\u00e9publicains, nous en sommes aux fian\u00e7ailles, pas encore au mariage&#8221; (Chantal Jouanno, vice-pr\u00e9sidente UDI de la r\u00e9gion Ile-de-France; interrog\u00e9e par Eric Delvaux; son) : https:\/\/www.franceinter.fr\/emissions\/l-invite-du-5-7\/l-invite-du-5-7-16-janvier-2017<\/p>\n<p>-&#8220;Ce que fait Trump m&#8217;int\u00e9resse&#8221; (Marine Le Pen, face \u00e0 Elizabeth Martichoux; vid\u00e9os) : http:\/\/www.rtl.fr\/actu\/politique\/marine-le-pen-il-y-a-une-fascination-puerile-autour-d-emmanuel-macron-7786755270<\/p>\n<p><strong>-&#8220;Marine Le Pen, la derni\u00e8re marche ?&#8221; (un documentaire d&#8217;Emmanuel Blanchard; vid\u00e9o) : <\/strong>  http:\/\/www.france3.fr\/emission\/marine-le-pen-la-derniere-marche\/diffusion-du-16-01-2017-20h55<\/p>\n<p>-&#8220;Il y a quatre offres claires, extr\u00eame-droite, droite conservatrice, sociale-d\u00e9mocrate, gauche radicale&#8221; (Luc Ferry, face \u00e0 Guillaume Durand; vid\u00e9o) : https:\/\/www.radioclassique.fr\/magazine\/videos\/il-y-a-4-offres-claires-extreme-droite-droite-conservatrice-social-democrate-gauche-radicale-luc-ferry16012017\/<\/p>\n<p><strong>EUROPE-MONDE<\/strong><\/p>\n<p>-Une \u00e9lection \u00e0 multiples inconnues pour la pr\u00e9sidence du Parlement europ\u00e9en (Aline Robert) : http:\/\/www.euractiv.fr\/section\/politique\/news\/une-election-a-multiple-inconnues-au-parlement-europeen\/?nl_ref=28924205<\/p>\n<p>-&#8220;Rome a du mal a dig\u00e9r\u00e9 la future implantation d&#8217;un McDonald&#8217;s&#8221; (Anthony Bellanger; son) : https:\/\/www.franceinter.fr\/emissions\/les-histoires-du-monde\/les-histoires-du-monde-16-janvier-2017<\/p>\n<p><strong>-&#8220;O\u00f9 va la d\u00e9mocrature turque ?&#8221; (le politologue Ahmet Insel, interrog\u00e9 par Jose Manuel Lamarque; son)<\/strong> : https:\/\/www.franceinter.fr\/emissions\/meridien-d-europe\/meridien-d-europe-16-janvier-2017<\/p>\n<p>-A Paris, la Conf\u00e9rence de paix sur le Proche-Orient a rappel\u00e9 l&#8217;importance de la solution \u00e0 deux Etats (Alexandra Schwartzbrod) : http:\/\/www.liberation.fr\/planete\/2017\/01\/15\/a-paris-une-conference-de-paix-sur-le-proche-orient-de-l-ordre-du-symbole_1541607?xtor<\/p>\n<p><strong>-Majed Bamaya, diplomate palestinien et Daniel Shek, ancien ambassadeur d&#8217;Isra\u00ebl en France \u00e9taient les invit\u00e9s de Nicolas Demorand (son) :  <\/strong> https:\/\/www.franceinter.fr\/emissions\/un-jour-dans-le-monde\/un-jour-dans-le-monde-16-janvier-2017<\/p>\n<p>-L&#8217;est d&#8217;Alep panse ses plaies (un reportage d&#8217;Alice Serrano; son et vid\u00e9os) : https:\/\/www.franceinter.fr\/emissions\/le-zoom-de-la-redaction\/le-zoom-de-la-redaction-16-janvier-2017<\/p>\n<p>-Un puits de carbone g\u00e9ant d\u00e9couvert au Congo (Romain Loury) : http:\/\/www.euractiv.fr\/section\/climat-environnement\/news\/un-puits-de-carbone-geant-decouvert-au-congo\/?nl_ref=28924205<\/p>\n<p><strong>-Angela Merkel, &#8220;elle a fait une erreur catastrophique avec les r\u00e9fugi\u00e9s. Le Brexit va s&#8217;av\u00e9rer \u00eatre une chose g\u00e9niale. Il y a d&#8217;autres pays qui sortiront de l&#8217;Union europ\u00e9enne &#8221; (Donald Trump dans &#8220;The Times&#8221; et &#8220;Bild&#8221;, cit\u00e9 par Thomas Wieder) : <\/strong> http:\/\/www.lemonde.fr\/ameriques\/article\/2017\/01\/16\/trump-s-adresse-aux-europeens-dans-un-entretien-iconoclaste-a-bild-et-the-times_5063164_3222.html<\/p>\n<p>-&#8220;Sans concession avec l&#8217;Union europ\u00e9enne et l&#8217;OTAN&#8221; : http:\/\/www.euractiv.fr\/section\/politique\/news\/trump-sans-concession-envers-lue-et-lotan\/?nl_ref=28924205<\/p>\n<p>-&#8220;La le\u00e7on de Hollande \u00e0 Trump&#8221; (Arnaud Focraud) : http:\/\/www.lejdd.fr\/International\/La-lecon-de-Hollande-a-Trump-840433<\/p>\n<p>-&#8220;Les \u00e9quipes de Trump ne croient pas \u00e0 la survie de l&#8217;Union europ\u00e9enne&#8221; (Catherine Stupp) :  http:\/\/www.euractiv.fr\/section\/l-europe-dans-le-monde\/news\/trump-transition-team-asked-eu-officials-which-countries-will-be-next-to-leave-the-eu\/?nl_ref=28924205<\/p>\n<p>-Trump \u00e0 J-4 (Bernard Guetta; son) : https:\/\/www.franceinter.fr\/emissions\/geopolitique\/geopolitique-16-janvier-2017<\/p>\n<p>-&#8220;Michelle Obama, reine de la communication&#8221; (vid\u00e9o) : http:\/\/www.liberation.fr\/video\/2017\/01\/12\/quand-michelle-obama-reine-de-la-communication-fait-le-spectacle_1540958?xtor<\/p>\n<p>-A Guantanamo, 45 d\u00e9tenus \u00e0 la fin du mandat d&#8217;Obama (vid\u00e9o) : http:\/\/newscdn.newsrep.net\/h5\/nrvideo.html?r=3&#038;lan=fr_FR&#038;pid=14&#038;id=oS73b1129Sb_fr&#038;app_lan=fr_FR&#038;mcc<\/p>\n<p>-La CIA \u00e0 Trump : &#8220;Le silence est d&#8217;or&#8221; (vid\u00e9o) : http:\/\/newscdn.newsrep.net\/h5\/nrvideo.html?r=3&#038;lan=fr_FR&#038;pid=14&#038;id=s473b39f7fx_fr&#038;app_lan=fr_FR&#038;mcc<\/p>\n<p><strong>-17 avril 1961, la Baie des Cochons (&#8220;Affaires sensibles&#8221; de Fabrice Drouelle avec Janette Habel, chercheuse \u00e0 l&#8217;Institut des hautes \u00e9tudes d&#8217;Am\u00e9rique latine; son) : <\/strong> https:\/\/www.franceinter.fr\/emissions\/affaires-sensibles\/affaires-sensibles-16-janvier-2017<\/p>\n<p><strong>-&#8220;Dans le monde, les plus riches toujours plus riches, les plus pauvres \u00e0 peine moins pauvres&#8221; (Aude Massiot)<\/strong> : http:\/\/www.liberation.fr\/planete\/2017\/01\/16\/les-plus-riches-toujours-plus-riches-les-plus-pauvres-a-peine-moins-pauvres_1541214?xtor<\/p>\n<p><em>-Le rapport 2017 d&#8217;Oxfam (document) :<\/em> https:\/\/www.oxfamfrance.org\/sites\/default\/files\/rapportdavos2017methodologie.pdf<\/p>\n<p><em>-Son r\u00e9sum\u00e9 (document) :<\/em> https:\/\/www.oxfamfrance.org\/sites\/default\/files\/resumerapportdavos2017.pdf<\/p>\n<p>-&#8220;Nous avons le talent, l&#8217;imagination et les comp\u00e9tences pour rendre ce monde meilleur&#8221; (Winnie Byanyima, directrice d&#8217;Oxfam) :  http:\/\/www.lemonde.fr\/afrique\/article\/2017\/01\/16\/nous-avons-le-talent-l-imagination-et-les-competences-pour-rendre-ce-monde-meilleur_5063101_3212.html<\/p>\n<p><strong>CULTURE-MEDIAS<\/strong><\/p>\n<p><strong>-Faouzia Charfi, auteure de &#8220;Sacr\u00e9es questions&#8230;Pour un islam d&#8217;aujourd&#8217;hui&#8221;, invit\u00e9e de &#8220;Entre les lignes&#8221; sur LCP (vid\u00e9o, amener le curseur sur 33:14) : <\/strong> http:\/\/www.lcp.fr\/emissions\/entre-les-lignes\/280033-entre-les-lignes<\/p>\n<p>-&#8220;Le questionnaire de Proust, une madeleine encore fra\u00eeche&#8221; (Gilles Heur\u00e9) : http:\/\/www.telerama.fr\/livre\/le-questionnaire-de-proust-une-madeleine-encore-fraiche,152657.php#xtor<\/p>\n<p>-Sur &#8220;La Faute \u00e0 Diderot&#8221; : http:\/\/www.lafauteadiderot.net\/<\/p>\n<p>-La baisse de fr\u00e9quentation des grands mus\u00e9es parisiens au profit des institutions priv\u00e9es (Raoul Mbog) : http:\/\/www.telerama.fr\/sortir\/pourquoi-le-public-ne-frequente-plus-les-grands-musees-parisiens,152668.php#xtor<\/p>\n<p>-Six expositions parisiennes de photos qui font l&#8217;\u00e9loge de la ruine (Fr\u00e9d\u00e9rique Chapuis) : http:\/\/www.telerama.fr\/sortir\/photo-6-belles-expos-parisiennes-qui-font-l-eloge-de-la-ruine,152674.php#xtor<\/p>\n<p><strong>-Au th\u00e9\u00e2tre de l&#8217;Od\u00e9on, Georges Lavaudant propose un &#8220;H\u00f4tel Feydeau&#8221; en d\u00e9lire (Sophie Jouve; vid\u00e9o)<\/strong> : http:\/\/culturebox.francetvinfo.fr\/theatre\/un-hotel-feydeau-en-delire-au-theatre-de-l-odeon-251337<\/p>\n<p><strong>-&#8220;Qu&#8217;\u00e9coutait-on pendant la premi\u00e8re guerre mondiale ?&#8221; (Jean-Fran\u00e7ois Zigel; son) <\/strong> : https:\/\/www.franceinter.fr\/emissions\/la-preuve-par-z\/la-preuve-par-z-14-janvier-2017<\/p>\n<p><strong>-L\u00e9onore Baulac et Germain Louvet viennent d&#8217;\u00eatre nomm\u00e9s danseurs \u00e9toiles de l&#8217;Op\u00e9ra de Paris. Ils \u00e9taient les invit\u00e9s d&#8217;Augustin Trapenard (son) : <\/strong> https:\/\/www.franceinter.fr\/emissions\/boomerang\/boomerang-16-janvier-2017<\/p>\n<p><strong>-&#8220;Jacques Brel, une vie \u00e0 mille temps&#8221; (dans &#8220;Un jour, une histoire&#8221;, \u00e9mission pr\u00e9sent\u00e9e par Laurent Delahousse; vid\u00e9o) :<\/strong> http:\/\/www.france2.fr\/emissions\/un-jour-un-destin\/videos\/jacques_brel_une_vie_a_mille_temps_15-01-2017_1451175<\/p>\n<p>-&#8220;Girma B\u00e8y\u00e8n\u00e8, le meilleur du groove d&#8217;Addis-Abeba&#8221; (Rebecca Manzoni; vid\u00e9o) : https:\/\/www.franceinter.fr\/emissions\/pop-co\/pop-co-16-janvier-2017<\/p>\n<p>-&#8220;Zappa, en verve et contre tous&#8221; (Laurent Rigoulet; vid\u00e9o) : http:\/\/www.telerama.fr\/musique\/zappa-en-verve-et-contre-tous,152473.php#xtor<\/p>\n<p>-Dix films dont il ne faut surtout pas raconter la fin (Samuel Douhaire) : http:\/\/www.telerama.fr\/cinema\/chut-dix-films-dont-il-ne-faut-surtout-pas-raconter-la-fin,152643.php#xtor<\/p>\n<p><strong>-&#8220;La victoire de Donald Trump est celle du r\u00e9gionalisme&#8221; (le r\u00e9alisateur Ben Afflek, interrog\u00e9 par Laurent Delahousse; vid\u00e9o) : <\/strong> http:\/\/www.francetvinfo.fr\/culture\/cinema\/ben-affleck-la-victoire-de-donald-trump-est-celle-du-regionalisme_2019786.html<\/p>\n<p>-Visite des catacombes avec le graffeur Alexandre Stolypine (Psyckoze; vid\u00e9o) : http:\/\/www.lemonde.fr\/arts\/video\/2017\/01\/15\/visite-des-catacombes-avec-le-graffeur-psyckoze_5063014_1655012.html<\/p>\n<p>-&#8220;L&#8217;Atlas&#8221;, nouveau roi du Street Art (vid\u00e9o) : http:\/\/www.francetvinfo.fr\/economie\/emploi\/metiers\/art-culture-edition\/l-atlas-nouveau-roi-du-street-art_2020768.html<\/p>\n<p><strong>-&#8220;Que sont devenus les anciens d&#8217;i-T\u00e9l\u00e9&#8221; (Sonia Devillers recevait Sonia Chironi et Olivier Ravanello; vid\u00e9o, amener le curseur sur 3:17) : <\/strong> https:\/\/www.franceinter.fr\/emissions\/l-instant-m\/l-instant-m-16-janvier-2017<\/p>\n<p><strong>-Chaque mois sur France Inter, jusqu&#8217;\u00e0 l&#8217;\u00e9lection pr\u00e9sidentielle, &#8220;Interception&#8221; prend le train pour recueillir la parole des usagers (Laurence Le Saux) <\/strong> : http:\/\/www.telerama.fr\/radio\/france-inter-prend-l-avis-du-rail,152401.php#xtor<\/p>\n<p>-Le 15 janvier, c&#8217;\u00e9tait sur la ligne B du RER (son) : https:\/\/www.franceinter.fr\/emissions\/interception\/interception-15-janvier-2017<\/p>\n<p>-Le rapport du CSA sur la diversit\u00e9 \u00e0 la t\u00e9l\u00e9vision qui fait d\u00e9bat (vid\u00e9o) :     http:\/\/www.europe1.fr\/emissions\/le-fait-medias-du-jour\/csa-le-rapport-sur-la-diversite-a-la-television-qui-fait-debat-2951816<\/p>\n<p><em>-Le rapport (document) : <\/em><br \/>\nhttp:\/\/www.csa.fr\/Etudes-et-publications\/Les-observatoires\/L-observatoire-de-la-diversite\/Les-resultats-de-la-vague-2016-du-barometre-de-la-diversite<br \/>\n-Le rapport (document) : <\/p>\n<p>-Sur France O, &#8220;James Bond 007 contre Dr No&#8221; (Sonia Devillers; vid\u00e9o) : http:\/\/www.dailymotion.com\/video\/x58nihd_james-bond-007-contre-dr-no-sur-france-o-l-instant-tele_news<\/p>\n<p>-Rebaptis\u00e9 &#8220;Vu&#8221; sur France 2, le zapping \u00e9trille Vincent Bollor\u00e9 (vid\u00e9o) : http:\/\/www.francetvinfo.fr\/culture\/tv\/canal\/video-rebaptise-vu-le-zapping-revit-sur-france-2-et-etrille-vincent-bollore_2021242.html<\/p>\n<p><strong>-&#8220;Le coq, le pigeon et la brebis&#8221; (Anne Roumanoff; vid\u00e9o) : <\/strong> http:\/\/www.france2.fr\/emissions\/vivement-dimanche\/videos\/anne_roumanoff_le_coq_le_pigeon_et_la_brebis_08-01-2017_1444125?onglet<\/p>\n<p>-&#8220;I can Guaino satisfaction !&#8221; (Charline Vanhoenacker et Guillaume Meurice; vid\u00e9o) : http:\/\/www.dailymotion.com\/video\/x58nqb4_i-can-guaino-satisfaction-le-billet-de-charline_fun<\/p>\n<p><strong>-&#8220;Bordel Mondial&#8221; (Sophia Aram; vid\u00e9o) : <\/strong> http:\/\/www.dailymotion.com\/video\/x58nzvu_bordel-mondial-le-billet-de-sophia-aram_fun<\/p>\n<p><strong>-&#8220;Avec conscience et humanit\u00e9&#8221; (Didier Porte; vid\u00e9o) : <\/strong> https:\/\/www.youtube.com\/watch?v=aCxcpDaK_zQ&#038;feature=youtu.be<\/p>\n","protected":false},"excerpt":{"rendered":"<p>ACTUALITE -&#8220;Valls, Hamon, Macron, M\u00e9lenchon&#8230;tous sont loin de la r\u00e9alit\u00e9 du monde du travail&#8221; (Philippe Martinez, secr\u00e9taire de la CGT; propos recueillis par Le\u00efla de Comarmond, Etienne Lefebvre et Alain Ruello. Fillon curieusement \u00e9pargn\u00e9, Souby, conseiller de Sarkozy, adoub\u00e9) : http:\/\/www.lesechos.fr\/economie-france\/social\/0211691322576-philippe-martinez-en-vitrine-le-fn-affiche-le-discours-cgt-sur-les-salaires-la-retraite-a-60-ans-mais-le-medef-est-dans-larriere-boutique-2057419.php#Xtor -Il \u00e9tait l&#8217;invit\u00e9 de Laurence Ferrari sur i-T\u00e9l\u00e9 (vid\u00e9o) : http:\/\/www.itele.fr\/chroniques\/invite-politique-ferrari-tirs-croises\/linvite-de-laurence-ferrari-du-16012017-172409 -Les chauffeurs veulent [&hellip;]<\/p>\n","protected":false},"author":1042,"featured_media":0,"comment_status":"open","ping_status":"open","sticky":false,"template":"","format":"standard","meta":{"_themeisle_gutenberg_block_has_review":false,"footnotes":""},"categories":[151],"tags":[],"class_list":["post-10114","post","type-post","status-publish","format-standard","hentry","category-la-revue-de-presse-de-lulu"],"_links":{"self":[{"href":"https:\/\/archives.regards.fr\/index.php?rest_route=\/wp\/v2\/posts\/10114","targetHints":{"allow":["GET"]}}],"collection":[{"href":"https:\/\/archives.regards.fr\/index.php?rest_route=\/wp\/v2\/posts"}],"about":[{"href":"https:\/\/archives.regards.fr\/index.php?rest_route=\/wp\/v2\/types\/post"}],"author":[{"embeddable":true,"href":"https:\/\/archives.regards.fr\/index.php?rest_route=\/wp\/v2\/users\/1042"}],"replies":[{"embeddable":true,"href":"https:\/\/archives.regards.fr\/index.php?rest_route=%2Fwp%2Fv2%2Fcomments&post=10114"}],"version-history":[{"count":0,"href":"https:\/\/archives.regards.fr\/index.php?rest_route=\/wp\/v2\/posts\/10114\/revisions"}],"wp:attachment":[{"href":"https:\/\/archives.regards.fr\/index.php?rest_route=%2Fwp%2Fv2%2Fmedia&parent=10114"}],"wp:term":[{"taxonomy":"category","embeddable":true,"href":"https:\/\/archives.regards.fr\/index.php?rest_route=%2Fwp%2Fv2%2Fcategories&post=10114"},{"taxonomy":"post_tag","embeddable":true,"href":"https:\/\/archives.regards.fr\/index.php?rest_route=%2Fwp%2Fv2%2Ftags&post=10114"}],"curies":[{"name":"wp","href":"https:\/\/api.w.org\/{rel}","templated":true}]}}