{"id":10113,"date":"2017-01-16T07:26:01","date_gmt":"2017-01-16T06:26:01","guid":{"rendered":"https:\/\/wp.muchomaas.com\/article-la-revue-du-16-janvier-2017\/"},"modified":"2023-06-23T23:23:51","modified_gmt":"2023-06-23T21:23:51","slug":"article-la-revue-du-16-janvier-2017","status":"publish","type":"post","link":"https:\/\/archives.regards.fr\/?p=10113","title":{"rendered":"La Revue du 16 janvier 2017"},"content":{"rendered":"<strong>ACTUALITE<\/strong>\n\n-&#8220;Cette vague de froid qu&#8217;EDF redoute&#8221; (V\u00e9ronique Le Billon) : http:\/\/www.lesechos.fr\/industrie-services\/energie-environnement\/0211686906000-electricite-cette-vague-de-froid-quedf-redoute-2056690.php\n\n-Risque-t-on le black-out ? (vid\u00e9o) : http:\/\/videos.lesechos.fr\/lesechos\/dessous-eco\/electricite-risque-t-on-le-black-out-cet-hiver\/8xxvpf\n\n-Le parquet ouvre une information judiciaire sur les moteurs diesel chez Renault (Maxime Amiot; vid\u00e9o) : http:\/\/www.lesechos.fr\/industrie-services\/automobile\/0211690192284-diesel-le-parquet-ouvre-une-enquete-sur-renault-2056990.php\n\n-D&#8217;autres enqu\u00eates pourraient suivre&#8221; (S\u00e9gol\u00e8ne Royal dans le JDD) : http:\/\/www.lejdd.fr\/Economie\/Crise-du-diesel-Royal-annonce-au-JDD-qu-il-pourrait-y-avoir-d-autres-enquetes-sur-des-constructeurs-839704\n\n-&#8220;La chasse \u00e0 la bagnole est ouverte&#8221; (le point vue de l&#8217;historien des villes et de l&#8217;automobilisme Mathieu Flonneau; interrog\u00e9 par David Abiker; son, amener le curseur sur 17:52) :                http:\/\/www.europe1.fr\/emissions\/c-est-arrive-cette-semaine\/cest-arrive-cette-semaine-140117-2950319\n\n<strong>-&#8220;2016, mauvais mill\u00e9sime pour la r\u00e9gularit\u00e9 des trains&#8221; (Lionel Steinman) : <\/strong> http:\/\/www.lesechos.fr\/industrie-services\/tourisme-transport\/0211691089908-2016-mauvais-millesime-pour-la-regularite-des-trains-a-la-sncf-2057051.php\n\n<strong>-&#8220;La ligne B du RER, ligne de fracture sociale&#8221; (un reportage de Vanessa Descouraux; son)<\/strong> : https:\/\/www.franceinter.fr\/emissions\/interception\/interception-15-janvier-2017\n\n-Des salari\u00e9s d&#8217;Auchan manifestent contre les caisses automatiques (vid\u00e9o) : http:\/\/www.francetvinfo.fr\/replay-jt\/france-3\/soir-3\/auchan-les-salaries-manifestent-contre-les-caisses-automatiques_2018054.html\n\n-Au Carrefour de Portet-sur-Garonne, contre le travail du dimanche (vid\u00e9o) : https:\/\/www.facebook.com\/CGTHippopotamus\/videos\/1743238792660893\/\n\n<strong>-L&#8217;engagements de deux femmes (Caroline Gillet; son; super !) :  <\/strong>                                  https:\/\/www.franceinter.fr\/emissions\/a-ton-age\/a-ton-age-15-janvier-2017\n\n-Une association pour aider les coll\u00e9giens de 3e \u00e0 trouver un stage (Val\u00e8re Corr\u00e9ard; son) : https:\/\/www.franceinter.fr\/emissions\/social-lab\/social-lab-15-janvier-2017\n\n-Sur son site : http:\/\/www.viensvoirmontaf.fr\/\n\n<strong>-&#8220;Il est tr\u00e8s compliqu\u00e9 de pr\u00e9voir une \u00e9pid\u00e9mie de grippe. Cette ann\u00e9e, le vaccin est le bon et on se vaccine avant que l&#8217;\u00e9pid\u00e9mie arrive. Elle r\u00e9v\u00e8le un pic de tension, mais notre syst\u00e8me l&#8217;absorbe. Il y a en France une double d\u00e9fiance vis \u00e0 vis de la science et vis \u00e0 vis de l&#8217;Etat&#8221; (Claude Le Pen, \u00e9conomiste de la sant\u00e9, professeur \u00e0 Paris-Dauphine; son, amener le curseur sur 10:13) : <\/strong> http:\/\/www.europe1.fr\/emissions\/c-est-arrive-cette-semaine\/cest-arrive-cette-semaine-140117-2950319\n\n-&#8220;Coucou Madame Touraine, c&#8217;est encore moi l&#8217;interne&#8230;&#8221; (Sabrina Aurora; vid\u00e9o) : https:\/\/www.facebook.com\/sabrina.alibenali\/posts\/10211200514186731\n\n<strong>-&#8220;L&#8217;h\u00f4pital de Metz-Thionville sous tension&#8221; (vid\u00e9o)<\/strong> : http:\/\/www.lci.fr\/replay\/sept-a-huit-life-grippe-l-hopital-de-metz-thionville-sous-tension-2021888.html%3Ftype=content\n\n<em>-&#8220;La France a besoin des h\u00f4pitaux publics, d&#8217;une autre politique de sant\u00e9&#8221; (le PCF) : <\/em> http:\/\/www.pcf.fr\/95272 \n\n-En Alsace, les mineurs devront porter une autorisation des parents pour passer la fronti\u00e8re (vid\u00e9o) : http:\/\/www.francetvinfo.fr\/monde\/europe\/relations-franco-allemandes\/alsace-les-mineurs-devront-avoir-l-autorisation-de-leurs-parents-pour-traverser-la-frontiere_2018220.html\n\n-Quand l&#8217;\u00e9picerie du village devient aussi biblioth\u00e8que (vid\u00e9o) : http:\/\/www.francetvinfo.fr\/culture\/livres\/j-innove-quand-l-epicerie-du-village-fait-aussi-bibliotheque_2018156.html\n\n-&#8220;Oui il y a des tensions, mais Saint-Denis (93) a l&#8217;\u00e9nergie des villes monde&#8221; (Jackson Thelemaque) : http:\/\/www.huffingtonpost.fr\/jackson-thelemaque\/medias-tele-tensions-saint-denis-energie-des-villes-monde\/\n\n<strong>-&#8220;En 2016, la France a battu le record absolu de sa population carc\u00e9rale&#8221; (Didier Fassin, professeur de sciences sociales et le journaliste Sylvain Bourmeau; son) : <\/strong> https:\/\/www.franceculture.fr\/emissions\/la-suite-dans-les-idees\/crime-et-chatiment-cest-maintenant\n\n<strong>-&#8220;Clandestins, d&#8217;autres vies que les v\u00f4tres&#8221;, le documentaire d&#8217;Andrea Rawlins-Gaston et Laurent Follea (vid\u00e9o)<\/strong> :  http:\/\/www.france2.fr\/emissions\/infrarouge\n\n-&#8220;Les Dalton-Wildenstein sabrent le champagne&#8221; (Victorayoli) : https:\/\/blogs.mediapart.fr\/victorayoli\/blog\/130117\/les-dalton-wildenstein-sabrent-le-champagne\n\n-Le parquet national financier a fait appel : http:\/\/www.lemonde.fr\/police-justice\/article\/2017\/01\/13\/affaire-wildenstein-le-parquet-national-financier-fait-appel-de-la-relaxe-generale_5062397_1653578.html\n\n<strong>POLITIQUE<\/strong>\n\n<strong>-La primaire &#8220;sert \u00e0 d\u00e9signer le perdant. Emmanuel Macron vit ailleurs. Il vit tellement ailleurs qu&#8217;il parle aux gens comme \u00e0 des domestiques. Je ne suis pas int\u00e9ress\u00e9 \u00e0 la carabistouille&#8221; a-t-il r\u00e9pondu aux appels d&#8217;Arnaud Montebourg et de Beno\u00eet Hamon (Jean-Luc M\u00e9lenchon, invit\u00e9 du &#8220;Grand Jury&#8221; de RTL; vid\u00e9o) :  <\/strong> http:\/\/www.rtl.fr\/actu\/politique\/jean-luc-melenchon-primaire-de-la-gauche-7786743104\n\n<strong>-&#8220;La lutte des places a remplac\u00e9 la lutte des classes&#8221; (l&#8217;\u00e9conomiste Jacques G\u00e9n\u00e9reux, professeur \u00e0 Sciences Po Paris, proche de Jean-Luc M\u00e9lenchon, auteur de &#8220;La D\u00e9connomie&#8221; (entretien r\u00e9alis\u00e9 par Ali Laidi; vid\u00e9o) :  <\/strong> http:\/\/www.france24.com\/fr\/20170113-invite-eco-jacques-genereux-professeur-sciences-po-deconnomie-melenchon?ns_campaign=reseaux_sociaux&#038;ns_source\n\n-&#8220;Le si\u00e8cle bris\u00e9 du PCF&#8221; (No\u00ebl Noblecourt; pi\u00e8ce jointe);\n\n-Dans le Nord, le d\u00e9put\u00e9 communiste Jean-Jacques Candelier ne sera pas candidat \u00e0 l&#8217;\u00e9lection l\u00e9gislative (Jean-Louis B\u00e9cart) : http:\/\/www.lavoixdunord.fr\/103381\/article\/2017-01-14\/jean-jacques-candelier-ne-sera-pas-candidat-aux-legislatives\n\n-Pour les \u00e9lections l\u00e9gislatives, &#8220;dialogue de sourds entre la &#8220;France insoumise&#8221; et le PCF&#8221; (J\u00e9r\u00e9my Marot et Lucile Malandain) : https:\/\/www.publicsenat.fr\/article\/politique\/legislatives-dialogue-de-sourds-entre-france-insoumise-et-pcf-52745\n\n<strong>-Le num\u00e9ro 310 de &#8220;Cerises&#8221;, avec une analyse de l&#8217;\u00e9tude du CEVIPOF publi\u00e9e en d\u00e9cembre 2016, par Gilles Alfonsi :<\/strong> http:\/\/www.cerisesenligne.fr\/file\/archive\/cerises-310.pdf\n\n-G\u00e9rard Filoche, membre du bureau national du PS, invit\u00e9 du &#8220;brunch politique de Sud Radio&#8221; de Louis Morin (son) : http:\/\/www.sudradio.fr\/Podcasts\/Le-Brunch-Politique\/Gerard-Filoche\n\n-Cinq s\u00e9quences de la primaire socialiste (vid\u00e9os) : http:\/\/www.francetvinfo.fr\/politique\/ps\/primaire-a-gauche\/video-primaire-de-la-gauche-cinq-sequences-a-retenir-du-deuxieme-debat_2019790.html\n\n-Les temps forts (vid\u00e9os) : http:\/\/www.lesechos.fr\/elections\/primaire-a-gauche\/0211690653712-primaire-suivez-en-direct-le-deuxieme-debat-2057185.php\n\n-Convergences et divergences (Nicolas Lepeltier et Adrien P\u00e9cout) : http:\/\/www.lemonde.fr\/election-presidentielle-2017\/article\/2017\/01\/15\/primaire-a-gauche-manuel-valls-parfois-isole-dans-un-deuxieme-debat-plus-anime_5063093_4854003.html#xtor=AL-32280270\n\n<em>-Qui a gagn\u00e9 (ELABE) :<\/em> http:\/\/elabe.fr\/a-gagne-deuxieme-debat\/\n\n-Arnaud Montebourg en &#8220;stand-up&#8221; dans les rues de Bordeaux (vid\u00e9o) :  http:\/\/www.lci.fr\/primaire-gauche\/video-arnaud-montebourg-en-stand-up-dans-les-rues-de-bordeaux-2021706.html%3Ftype=content\n\n<strong>-Manuel Valls \u00e9tait l&#8217;invit\u00e9 politique de &#8220;On n&#8217;est pas couch\u00e9&#8221; de Laurent Ruquier (vid\u00e9o) :<\/strong> http:\/\/www.france2.fr\/emissions\/on-n-est-pas-couche\/videos\/manuel_valls_-_on_nest_pas_couche_14_janvier_2017_onpc_15-01-2017_1450883?onglet=tous&#038;page=1\n\n-&#8220;Le voile n&#8217;est pas une agression contre la R\u00e9publique. Il n&#8217;y a jamais eu de police des v\u00eatements&#8221; (Vincent Peillon; vid\u00e9o) : http:\/\/videos.leparisien.fr\/video\/vincent-peillon-le-voile-n-est-pas-une-agression-contre-la-republique-15-01-2017-x58k86l#xtor\n\n-Jean-Luc Bennahmias a fait son mea culpa sur LCI (vid\u00e9os) : http:\/\/www.lci.fr\/politique\/la-revue-de-presse-politique-jean-luc-bennahmias-fait-son-mea-culpa-a-propos-de-son-cafouillage-sur-la-securite-2021721.html%3Ftype=content\n\n<strong>-Le rapprochement Royal-Macron &#8220;ne me pose pas de probl\u00e8me&#8221; (le ministre de la Ville, de la Jeunesse et des Sports Patrick Kanner; face \u00e0 Bernard Poirette; vid\u00e9o) : <\/strong>  http:\/\/www.rtl.fr\/actu\/politique\/rapprochement-royal-macron-cela-ne-me-pose-pas-de-probleme-repond-kanner-7786741070\n\n<strong>-&#8220;C&#8217;est Fran\u00e7ois Hollande qui aurait \u00e9t\u00e9 le mieux plac\u00e9. Lorsque la primaire socialiste sera termin\u00e9e, nous aurons un paysage \u00e9clair\u00e9 et nous verrons bien comment cela \u00e9volue. Il y a une chose \u00e0 laquelle je tiens, je ne veux pas que la gauche soit absente du second tour de l&#8217;\u00e9lection pr\u00e9sidentielle. Le pr\u00e9sident des Etats-Unis sera Donald Trump. Je respecte le choix du peuple am\u00e9ricain&#8221; (Jean-Marc Ayrault, qui a qualifi\u00e9 Emmanuel Macron &#8220;d&#8217;homme de gauche&#8221;; invit\u00e9 de &#8220;Dimanche politique&#8221;, face \u00e0 Francis Letellier; vid\u00e9o) : <\/strong>                         http:\/\/pluzz.francetv.fr\/videos\/dimanche_en_politique.html\n\n-&#8220;Porte-parole du PS, je ne prend pas  parti dans le d\u00e9bat de la primaire. Si Fran\u00e7ois Hollande avait \u00e9t\u00e9 candidat, je l&#8217;aurais soutenu&#8221; (Razzy Hammadi, d\u00e9put\u00e9 PS de la Seine-Saint-Denis; face \u00e0 William Van Qui; vid\u00e9o) :  http:\/\/pluzz.francetv.fr\/videos\/dimanche_en_politique_paris_ile_de_france_,151748416.html\n\n-&#8220;Le droit d&#8217;inventaire&#8221; (Carl Adherold; vid\u00e9o) : http:\/\/www.francetvinfo.fr\/politique\/ps\/primaire-a-gauche\/primaire-de-la-gauche-le-droit-d-inventaire-de-carl-aderhold_2018032.html\n\n-&#8220;Le revenu garanti et ses faux amis&#8221; (Mona Chollet) :  http:\/\/www.monde-diplomatique.fr\/2016\/07\/CHOLLET\/55965\n\n-&#8220;Beno\u00eet Hamon, 25 ans de combines au PS&#8221; (Etienne Girard) : http:\/\/www.marianne.net\/du-mjs-primaire-benoit-hamon-25-ans-combines-au-ps-100249240.html\n\n-Il a interrog\u00e9 Jean-Luc M\u00e9lenchon sur &#8220;sa capacit\u00e9 \u00e0 l&#8217;emporter au second tour&#8221; : http:\/\/www.lefigaro.fr\/flash-actu\/2017\/01\/13\/97001-20170113FILWWW00379-hamon-melenchon-doit-s-interroger-sur-sa-capacite-a-l-emporter.php\n\n-&#8220;Faire du neuf avec du vieux&#8221; (Herv\u00e9 Gattegno du JDD; son) : http:\/\/www.europe1.fr\/emissions\/ledito-du-jdd\/leffet-hamon-faire-du-neuf-avec-du-vieux-2950922\n\n<strong>-&#8220;Nous avons redress\u00e9 le pays, \u00e7a nous a co\u00fbt\u00e9 en terme \u00e9lectoral mais, au final, c&#8217;est bon pour les Fran\u00e7ais. Le Parti socialiste a un projet de soci\u00e9t\u00e9. Il y a une partie de la gauche qui veut redonner du pouvoir \u00e0 la n\u00e9gociation. Jean-Luc M\u00e9lenchon a refus\u00e9 de participer \u00e0 la primaire de la gauche car, au d\u00e9part, il n&#8217;\u00e9tait pas s\u00fbr de pouvoir la remporter&#8221; (Jean-Christophe Cambad\u00e9lis, premier secr\u00e9taire du PS; invit\u00e9 de &#8220;BFM Politique&#8221;; vid\u00e9os) :  <\/strong>                                                                    http:\/\/www.bfmtv.com\/mediaplayer\/video\/nous-avons-redresse-le-pays-ca-nous-a-coute-en-termes-electoral-mais-au-final-c-est-bon-pour-les-francais-jean-christophe-cambadelis-12-903361.html                                                                       http:\/\/www.bfmtv.com\/mediaplayer\/video\/politiques-au-quotidien-le-parti-socialiste-a-un-projet-de-societe-jean-christophe-cambadelis-903363.html                         http:\/\/www.bfmtv.com\/mediaplayer\/video\/questions-d-eco-loi-travail-il-y-a-une-partie-de-la-gauche-qui-veut-redonner-du-pouvoir-a-la-negociation-jean-christophe-cambadelis-903365.html                                                                                   http:\/\/www.bfmtv.com\/mediaplayer\/video\/jean-luc-melenchon-a-refuse-de-participer-a-la-primaire-de-la-gauche-car-au-depart-il-n-etait-pas-sur-de-pouvoir-la-remporter-jean-christophe-cambadelis-22-903369.html\n\n-Il \u00e9tait face aux personnels de sant\u00e9 (vid\u00e9o) :                                                     http:\/\/www.bfmtv.com\/mediaplayer\/video\/jean-christophe-cambadelis-face-aux-francais-profession-de-sante-ce-n-est-pas-le-salaire-qui-regle-le-probleme-du-burn-out-mais-le-nombre-d-actes-a-faire-903371.html\n\n<strong>-Son face \u00e0 face avec Bruno Gaccio, auteur des &#8220;100 derniers jours du Parti socialiste&#8221; (vid\u00e9o) : <\/strong>                                                                                         http:\/\/www.bfmtv.com\/mediaplayer\/video\/jean-christophe-cambadelis-face-a-bruno-gaccio-aujourd-hui-s-il-n-y-avait-pas-de-parti-socialiste-la-gauche-ne-serait-plus-en-capacite-de-se-rassembler-903375.html                                                         \n\n-&#8220;Je suis fascin\u00e9 par le d\u00e9bat politique qu&#8217;il faut ressourcer. Il faut repenser la puissance publique. Le probl\u00e8me de la soci\u00e9t\u00e9 fran\u00e7aise, c&#8217;est celui d&#8217;un combat culturel. L&#8217;Etat doit \u00eatre propulsif. Je ne crois pas que l&#8217;Universit\u00e9 a les moyens de sa transformation num\u00e9rique&#8221; (le secr\u00e9taire d&#8217;Etat charg\u00e9 des universit\u00e9s Thierry Mandon, invit\u00e9 de &#8220;Questions Politiques&#8221;; vid\u00e9o, amener le curseur sur 17:10) : http:\/\/www.dailymotion.com\/video\/x58l1o1_thierry-mandon-invite-de-questions-politiques_news\n\n-Il a r\u00e9pondu aux questions des auditeurs de France Inter (vid\u00e9o) : http:\/\/www.dailymotion.com\/video\/x58l8it_thierry-mandon-repond-aux-auditeurs-de-questions-politiques_news\n\n-&#8220;Dans le premier d\u00e9bat, il y avait plusieurs gauches mais d&#8217;accord pour travailler ensemble. C&#8217;est quoi le programme d&#8217;Emmanuel Macron ? Il y a peu de propositions concr\u00e8tes&#8221; (Emmanuelle Cosse \u00e9tait l&#8217;invit\u00e9 de &#8220;Punchline&#8221; et r\u00e9pondait aux questions de Laurence Ferrari; vid\u00e9o) :   http:\/\/replay.c8.fr\/video\/1431314\n\n-&#8220;Que reste-t-il de &#8220;Nuit debout&#8221; ?&#8221; (Capucine Truong) :  https:\/\/blogs.mediapart.fr\/capucine-truong\/blog\/130117\/que-reste-t-il-de-nuit-debout\n\n<strong>-&#8220;Le d\u00e9bat des jeunes socialistes&#8221; (anim\u00e9 par Laurence Ferrari; vid\u00e9o) : <\/strong> http:\/\/www.itele.fr\/politique\/video\/primaire-de-la-gauche-le-debat-des-jeunes-172356\n\n-Le m\u00eame, dans le Nord (vid\u00e9o) : http:\/\/pluzz.francetv.fr\/videos\/dimanche_en_politique_nord_pas_de_calais_,151940305.html\n\n-&#8220;Ils investissent la primaire socialiste&#8221; (Alexis Boisselier) : http:\/\/www.lemonde.fr\/politique\/article\/2017\/01\/14\/les-jeunes-socialistes-investissent-la-primaire-a-gauche_5062860_823448.html\n\n-&#8220;Emmanuel Macron d\u00e9fie le FN \u00e0 H\u00e9nin-Beaumont&#8221; (vid\u00e9o) : http:\/\/www.itele.fr\/politique\/video\/a-henin-beaumont-emmanuel-macron-veut-defier-le-fn-172374\n\n<strong>-Son discours \u00e0 Lille (vid\u00e9o int\u00e9grale) <\/strong> : https:\/\/www.youtube.com\/watch?v=5OEn42B7_wE\n\n-&#8220;Plus de la moiti\u00e9 des adh\u00e9rents n&#8217;avaient jamais eu d&#8217;engagement politique&#8221; (Richard Ferrand, d\u00e9put\u00e9 PS du Finist\u00e8re, secr\u00e9taire g\u00e9n\u00e9ral du mouvement &#8220;En marche&#8221;; invit\u00e9 de &#8220;Dimanche en politique en Bretagne&#8221; (vid\u00e9o) :                      http:\/\/pluzz.francetv.fr\/videos\/dimanche_en_politique_bretagne_,152018041.html\n\n-&#8220;Macron, l&#8217;homme qui vampirise la primaire de la gauche&#8221; (David Revault D&#8217;Allones) : http:\/\/www.lejdd.fr\/Politique\/Emmanuel-Macron-l-homme-qui-vampirise-la-primaire-de-la-gauche-839890\n\n<strong>-&#8220;Il est le repr\u00e9sentant de l&#8217;oligarchie&#8221; (la sociologue Monique Pin\u00e7on-Charlot; vid\u00e9o) <\/strong> : https:\/\/www.youtube.com\/watch?feature=share&#038;v=GOqVw4WuSZs&#038;app=desktop\n\n-&#8220;Hollande pourrait tout \u00e0 fait soutenir Macron&#8221; (Dominique Villemot, un proche du pr\u00e9sident dans le JDD) : http:\/\/www.lejdd.fr\/Politique\/RECIT-Panique-a-l-Elysee-apres-la-declaration-de-Villemot-sur-Hollande-et-Macron-840040\n\n-&#8220;Les propos sont conformes \u00e0 ceux qu&#8217;il a tenu&#8221; (Herv\u00e9 Gattegno, r\u00e9dacteur en chef du JDD) : http:\/\/www.lejdd.fr\/Politique\/Le-JDD-conteste-le-dementi-de-Dominique-Villemot-840028\n\n-Selon Fr\u00e9d\u00e9ric Pommier dans sa revue de presse sur France Inter, Patrick Braouzec r\u00e9fl\u00e9chirait \u00e0 le soutenir et S\u00e9gol\u00e8ne Royal le ferait, d\u00e8s la primaire socialiste termin\u00e9e (son) : https:\/\/www.franceinter.fr\/emissions\/la-revue-de-presse-de-frederic-pommier\/la-revue-de-presse-de-frederic-pommier-15-janvier-2017\n\n-&#8220;Pas de zigzags, pas de camomille, je m&#8217;appelle Fran\u00e7ois Fillon, pas Fran\u00e7ois Hollande (devant le Conseil national des R\u00e9publicains; vid\u00e9o) : http:\/\/www.francetvinfo.fr\/elections\/legislatives\/video-pas-de-zigzags-pas-de-camomille-je-m-appelle-francois-fillon-pas-francois-hollande_2018132.html\n\n<strong>-Son discours int\u00e9gral (vid\u00e9o) <\/strong> : https:\/\/www.youtube.com\/watch?v=svNc7eZLS_I&#038;app=desktop\n\n-&#8220;Le programme de Fran\u00e7ois Fillon est ambitieux, courageux, mais a besoin d&#8217;\u00eatre enrichi&#8221; (Daniel Fasquelle, d\u00e9put\u00e9 LR du Pas-de-Calais, tr\u00e9sorier du parti; face \u00e0 Pierre Weill; son) :                   https:\/\/www.franceinter.fr\/emissions\/l-interview-politique\/l-interview-politique-14-janvier-2017\n\n-&#8220;C&#8217;est \u00e0 lui de dicter la campagne&#8221; (Luc Chatel qui pr\u00e9side le Conseil national des R\u00e9publicains, face \u00e0 Wendy Bouchard; son) : http:\/\/www.europe1.fr\/emissions\/l-interview-politique-du-week-end\/luc-chatel-cest-a-fillon-de-dicter-la-campagne-2950298\n\n-&#8220;La casse sociale, c&#8217;est aujourd&#8217;hui. Le d\u00e9bat de la primaire de gauche a \u00e9t\u00e9 terriblement ennuyeux. Emmanuel Macron est l&#8217;h\u00e9ritier doublement de Fran\u00e7ois Hollande. Il l&#8217;est parce qu&#8217;il est l&#8217;inspirateur de la politique \u00e9conomique qui a conduit au d\u00e9sastre et il est en m\u00eame temps dans des attitudes de flou&#8221; (Bruno Retailleau, coordinateur de la campagne  de Fran\u00e7ois Fillon; invit\u00e9 de la matinale de Franceinfo; vid\u00e9o) : http:\/\/www.dailymotion.com\/video\/x58i8a0_presidentielle-2017-francois-fillon-pourrait-enrichir-ou-completer-son-projet-selon-bruno-retailleau_news\n\n-&#8220;Quand la gauche cesse d&#8217;\u00eatre utopiste, elle devient une droite molle&#8221; (Luc Ferry, ancien ministre de Nicolas Sarkozy, interrog\u00e9 par Audrey Crespo-Mara; vid\u00e9o) :  http:\/\/www.lci.fr\/replay\/replay-l-invite-de-8h45-de-lci-matin-du-13-janvier-2017-luc-ferry-2021559.html%3Ftype=content\n\n<strong>EUROPE-MONDE<\/strong>\n\n-&#8220;L&#8217;Europe, \u00eelot de na\u00efvet\u00e9 dans la mondialisation ?&#8221; (Delphine Simon; son) : https:\/\/www.franceinter.fr\/emissions\/le-vrai-faux-de-l-europe\/le-vrai-faux-de-l-europe-14-janvier-2017\n\n-Dans le d\u00e9bat de la primaire, &#8220;on n&#8217;a pas encore bien compris quelles \u00e9taient les lignes de fractures. Je regrette que la gauche n&#8217;assume pas beaucoup plus son identit\u00e9 europ\u00e9enne. L&#8217;euroscepticisme bruyant est impuissant (Pierre Moscovici, commissaire europ\u00e9en, face \u00e0 David Abiker; son, amener le curseur sur 0:59) : http:\/\/www.europe1.fr\/emissions\/c-est-arrive-cette-semaine\/cest-arrive-cette-semaine-140117-2950319\n\n<strong>-&#8220;Les documents secrets du FMI sur la Gr\u00e8ce&#8221; (le Comit\u00e9 pour l&#8217;abolition des dettes ill\u00e9gitimes) :<\/strong> https:\/\/blogs.mediapart.fr\/cadtm\/blog\/130117\/les-documents-secrets-du-fmi-sur-la-grece\n\n-&#8220;Les papys du franquisme font de la r\u00e9sistance&#8221; (Sandrine Morel) : http:\/\/www.lemonde.fr\/m-moyen-format\/article\/2017\/01\/13\/les-papys-du-franquisme-font-de-la-resistance_5062293_4497271.html\n\n<strong>-&#8220;On a enterr\u00e9 Mario Soares en 1975&#8221; (Claude Askololovitch; son) : <\/strong> https:\/\/www.franceinter.fr\/emissions\/histoire-et-politique\/histoire-et-politique-15-janvier-2017\n\n-La journaliste hongroise qui avait frapp\u00e9 des migrants condamn\u00e9e (vid\u00e9o) : http:\/\/nr.news-republic.com\/Web\/ArticleWeb.aspx?regionid=2&#038;articleid=82755264\n\n<strong>-Dans le nord de la bande de Gaza, une manifestation du Hamas contre la p\u00e9nurie d&#8217;\u00e9lectricit\u00e9 (vid\u00e9o) <\/strong> : http:\/\/nr.news-republic.com\/Web\/ArticleWeb.aspx?regionid=2&#038;articleid=82751264\n\n-&#8220;Seule une solution n\u00e9goci\u00e9e est acceptable&#8221; (Jean-Marc Ayrault \u00e0 la conf\u00e9rence de Paris; vid\u00e9o) : http:\/\/nr.news-republic.com\/Web\/ArticleWeb.aspx?regionid=2&#038;articleid=82917877\n\n<strong>-Pourquoi Isra\u00ebl qualifie&#8221; d&#8217;imposture&#8221; la Conf\u00e9rence de Paris (Aliza Bin-Noun, ambassadrice d&#8217;Irsra\u00ebl en France, face \u00e0 l&#8217;excellent Pierre Weill; son) : <\/strong> https:\/\/www.franceinter.fr\/emissions\/l-interview-politique\/l-interview-politique-15-janvier-2017\n\n-&#8220;L&#8217;Iran fan de &#8220;House of Cards&#8221;, symbole de la d\u00e9cadence am\u00e9ricaine&#8221; (Ghazal Golshiri; vid\u00e9os) : http:\/\/www.lemonde.fr\/m-le-mag\/article\/2017\/01\/13\/l-iran-fan-de-house-of-cards-symbole-de-la-decadence-americaine_5061945_4500055.html\n\n-La Tunisie f\u00eate les 6 ans de sa r\u00e9volution sur fond de contestation sociale (vid\u00e9o) : http:\/\/www.france24.com\/fr\/20170114-tunisie-6-ans-revolution-chomage-contestation-sociale-inagalites?ns_campaign=reseaux_sociaux&#038;ns_source\n\n-Au Maroc, l&#8217;interdiction de la vente et de la fabrication de la burqa fait d\u00e9bat : http:\/\/www.itele.fr\/monde\/video\/linterdiction-de-la-vente-de-burqa-au-maroc-fait-debat-172371\n\n-En C\u00f4te d&#8217;Ivoire, un accord est intervenu entre le gouvernement et les soldats mutins (vid\u00e9o) : http:\/\/www.france24.com\/fr\/20170114-cote-ivoire-accord-entre-gouvernement-soldats-mutins?ns_campaign=reseaux_sociaux&#038;ns_source\n\n-Les violences perdurent au Mali (Antoine Glaser, sp\u00e9cialiste de l&#8217;Afrique, r\u00e9pond \u00e0 Wendy Bouchard (son) : http:\/\/www.europe1.fr\/emissions\/linterview-verite-du-week-end\/a-quoi-a-servi-loperation-serval-au-mali-2950238\n\n-Fran\u00e7ois Hollande sur la base militaire de Gao (vid\u00e9o) : http:\/\/www.elysee.fr\/videos\/declaration-a-gao\/#content\n\n<strong>-Son discours d&#8217;inauguration du sommet Afrique-France (vid\u00e9o) : <\/strong> http:\/\/www.elysee.fr\/videos\/discours-d-inauguration-du-sommet-afrique-france\/\n\n-&#8220;Le vibrant hommage du pr\u00e9sident malien&#8221; (Christophe Ch\u00e2telot) : http:\/\/www.lemonde.fr\/afrique\/article\/2017\/01\/14\/quatre-ans-apres-le-deploiement-de-l-operation-serval-le-vibrant-hommage-du-president-malien-a-hollande_5062855_3212.html\n\n<strong>-&#8220;Hollande et l&#8217;Afrique, le bilan en cinq actes&#8221; (Coumba Kane et Laureline Savoye; vid\u00e9o) :<\/strong>  http:\/\/www.lemonde.fr\/afrique\/video\/2017\/01\/12\/hollande-et-l-afrique-le-bilan-en-cinq-actes_5061578_3212.html#xtor=AL-32280270\n\n-D\u00e9but des manifestations anti-Trump (vid\u00e9o) : http:\/\/www.lemonde.fr\/ameriques\/article\/2017\/01\/14\/debut-des-manifestations-anti-trump-a-washington-une-semaine-avant-son-investiture_5062876_3222.html#xtor=AL-32280270\n\nIl s&#8217;attaque \u00e0 John Lewis, une figure de la lutte pour les droits civiques :         http:\/\/www.lemonde.fr\/ameriques\/article\/2017\/01\/14\/donald-trump-s-attaque-a-une-figure-des-droits-civiques_5062905_3222.html\n\n<strong>-Les minorit\u00e9s craignent une nouvelle vague de haine (vid\u00e9o) : <\/strong> http:\/\/www.lemonde.fr\/elections-americaines\/video\/2017\/01\/13\/aux-etats-unis-les-minorites-craignent-une-nouvelle-vague-de-haine_5062508_829254.html\n\n-Pete Souza, le photographe de Barack Obama (vid\u00e9o) : http:\/\/www.francetvinfo.fr\/monde\/usa\/presidentielle\/investiture-d-obama\/etats-unis-le-photographe-de-barack-obama_2018396.html\n\n<strong>-&#8220;Marionnettes russes&#8221; (Serge Halimi) <\/strong> : http:\/\/www.monde-diplomatique.fr\/2017\/01\/HALIMI\/56967\n\n-&#8220;Audacieuse Hano\u00ef&#8221; (Cora Delacroix) :  http:\/\/www.lemonde.fr\/m-voyage-le-lieu\/article\/2017\/01\/13\/audacieuse-hanoi_5062345_4497643.html\n\n<strong>CULTURE-MEDIAS<\/strong>\n\n<strong>-&#8220;Le peuple a-t-il toujours raison ?&#8221; (Emmanuel Todd, Hubert V\u00e9drine, Bernard Guetta, Christine Ockrent et la philosophe Cynthia Fleury dans l&#8217;\u00e9mission &#8220;C Pol\u00e9mique&#8221; anim\u00e9e par Bruce Toussaint; vid\u00e9o) :<\/strong> http:\/\/www.france5.fr\/emissions\/c-politique\/videos\/trump_le_peuple_a-t-il_toujours_raison__15-01-2017_1451053?onglet=tous&#038;page=1\n\n<strong>-Daniel Pennac \u00e9tait l&#8217;invit\u00e9 de &#8220;La Grande Librairie&#8221; de Fran\u00e7ois Busnel (vid\u00e9o pendant trois jours) <\/strong> : http:\/\/pluzz.francetv.fr\/videos\/la_grande_librairie_saison9_,151557788.html\n\n-&#8220;L&#8217;\u00e9loge de la grammaire&#8221; (Jacques Munier; son) : https:\/\/www.franceculture.fr\/emissions\/le-journal-des-idees\/eloge-de-la-grammaire#xtor\n\n<strong>-&#8220;La mue des biblioth\u00e8ques&#8221; (vid\u00e9os et sons) : <\/strong> https:\/\/www.franceculture.fr\/emissions\/hashtag\/la-mue-des-bibliotheques#xtor\n\n<strong>-&#8220;L&#8217;architecture en partage&#8221; (l&#8217;architecte Patrick Bouchain, invit\u00e9 de cinq \u00e9missions de France Culture; sons)<\/strong> : https:\/\/www.franceculture.fr\/emissions\/voix-nue\/patrick-bouchain-larchitecture-en-partage-15-apprendre-ne-pas-enseigner#xtor\n\n-&#8220;Je suis bonne cliente de la m\u00e9lancolie, mais aussi  extr\u00eamement bonne vivante&#8221; (la plasticienne franco-libanaise Lamia Zadi\u00e9, invit\u00e9e d&#8217;Eva Bester; son) : https:\/\/www.franceinter.fr\/emissions\/remede-a-la-melancolie\/remede-a-la-melancolie-15-janvier-2017\n\n-&#8220;La Contre soci\u00e9t\u00e9&#8221; de Roger Sue (en d\u00e9battent Laurent Joffrin de &#8220;Lib\u00e9ration&#8221; et Alexis Brezet du &#8220;Figaro&#8221;; son) : https:\/\/www.franceinter.fr\/emissions\/le-club-des-idees\/le-club-des-idees-15-janvier-2017\n\n-&#8220;Sortons les (combustibles) fossiles du Louvre (un appel collectif) : https:\/\/blogs.mediapart.fr\/edition\/les-invites-de-mediapart\/article\/130117\/sortons-les-combustibles-fossiles-du-louvre\n\n-&#8220;Enjeux actuels de l&#8217;antiracisme et singularit\u00e9s individuelles&#8221; (Philippe Corcuff, enseignant-chercheur; entretien r\u00e9alis\u00e9 par Alain Barbanel) : https:\/\/blogs.mediapart.fr\/philippe-corcuff\/blog\/130117\/enjeux-actuels-de-l-antiracisme-et-singularites-individuelles\n\n-&#8220;Des jeunes gens antimodernes&#8221; (Ariane Chemin; pi\u00e8ce jointe);\n\n-Une p\u00e9tition pour sauver les Archives nationales (la CGT) : https:\/\/blogs.mediapart.fr\/julie-charmoillaux\/blog\/110117\/appel-de-la-cgt-archives-pour-sauver-les-archives-nationales\n\n-&#8220;J&#8217;ai appris \u00e0 accepter le temps des artistes&#8221; (le galeriste parisien Kamel Mennour; propos recueillis par J\u00e9r\u00f4me Badie) : http:\/\/www.lemonde.fr\/tant-de-temps\/article\/2017\/01\/13\/kamel-mennour-j-ai-appris-a-accepter-le-temps-des-artistes_5061974_4598196.html\n\n-L&#8217;actualit\u00e9 culturelle (Laurence Piquet; vid\u00e9o) : http:\/\/www.francetvinfo.fr\/replay-radio\/info-culture\/culture-nuit-de-la-lecture-u2-ce-qu-il-ne-faut-pas-rater-en-ce-moment_2018166.html\n\n<strong>-Au Mus\u00e9e Fabre de Montpellier (34), &#8220;toucher l&#8217;art&#8221; (vid\u00e9o) : <\/strong> http:\/\/www.francetvinfo.fr\/culture\/decouverte-toucher-l-art-au-musee_2018234.html\n\n<strong>-&#8220;L&#8217;Am\u00e9rique de Franz Kafka, le soutier&#8221; (fiction radiophonique; son) :<\/strong> https:\/\/www.franceculture.fr\/emissions\/fictions-le-feuilleton\/lamerique-de-franz-kafka-110-le-soutier\n\n<strong>-&#8220;Une vie, une oeuvre&#8221;, celle de Giacomo Puccini (son) : <\/strong> https:\/\/www.franceculture.fr\/emissions\/une-vie-une-oeuvre\/giacomo-puccini-lermite-des-marais-1858-1924\n\n<strong>-Il y a 35 ans, Patrick Dewaere se suicidait \u00e0 l&#8217;\u00e2ge de 35 ans (vid\u00e9o) : <\/strong> http:\/\/www.francetvinfo.fr\/culture\/cinema\/patrick-dewaere-l-acteur-blesse_2018424.html\n\n-Laurent Delmas a vu deux films japonais (son et vid\u00e9os) : https:\/\/www.franceinter.fr\/emissions\/la-prescription-cinema-de-laurent-delmas\/la-prescription-cinema-de-laurent-delmas-14-janvier-2017\n\n-&#8220;La Gar\u00e7onni\u00e8re&#8221; avec Guillaume de Tonquedec, invit\u00e9 de &#8220;On n&#8217;est pas couch\u00e9&#8221; (vid\u00e9o) : http:\/\/www.france2.fr\/emissions\/on-n-est-pas-couche\/videos\/guillaume_de_tonquedec_-_on_nest_pas_couche_14_janvier_2017_onpc_15-01-2017_1450879?onglet=tous&#038;page=1\n\n-Fran\u00e7ois Cluzet au coeur des services secrets dans &#8220;La M\u00e9canique de l&#8217;ombre&#8221; (vid\u00e9o) : http:\/\/www.bfmtv.com\/mediaplayer\/video\/dans-la-mecanique-de-l-ombre-francois-cluzet-est-au-coeur-des-services-secrets-902279.html#?xtor\n\n<strong>-Il \u00e9tait l&#8217;invit\u00e9 d&#8217;Isabelle Morizet sur Europe 1 (son) : <\/strong> http:\/\/www.europe1.fr\/emissions\/il-n-y-a-pas-qu-une-vie-dans-la-vie\/il-ny-a-pas-quune-vie-dans-la-vie-francois-cluzet-14012017-2950433\n\n<strong>-Un portait d&#8217;Edouard Baer, &#8220;artiste engageant&#8221; (&#8220;13H15 le samedi&#8221;; vid\u00e9o) : <\/strong> http:\/\/www.francetvinfo.fr\/replay-magazine\/france-2\/13h15\/13h15-du-samedi-14-janvier-2017_2006123.html\n\n-Line Renaud, invit\u00e9e de Catherine Ceylac dans &#8220;Th\u00e9 ou caf\u00e9&#8221; (vid\u00e9o) : http:\/\/www.france2.fr\/emissions\/the-ou-cafe\/videos\/replay_-_the_ou_cafe_14-01-2017_1450681\n\n-Patrick Bruel \u00e9tait celui de Thierry Ardisson dans &#8220;Salut les Terriens&#8221; (vid\u00e9o) : http:\/\/www.c8.fr\/c8-divertissement\/ms-salut-les-terriens\/pid7527-emission.html?vid=1431269\n\n-Ahmed Sylla dans &#8220;L&#8217;Ascension&#8221;. Il \u00e9tait l&#8217;invit\u00e9 de &#8220;On n&#8217;est pas couch\u00e9&#8221; (vid\u00e9o) : http:\/\/www.france2.fr\/emissions\/on-n-est-pas-couche\/videos\/ahmed_sylla_-_on_nest_pas_couche_14_janvier_2017_onpc_15-01-2017_1450871?onglet=tous&#038;page=1\n\n<strong>-Du 20 au 29 janvier, Lambert Wilson sera le pr\u00e9sident du Festival d&#8217;Angers &#8220;Premiers plans&#8221;, consacr\u00e9 aux premiers films (interrog\u00e9 par David Abiker (son, amener le curseur sur 24:55) <\/strong> : http:\/\/www.europe1.fr\/emissions\/c-est-arrive-demain\/cest-arrive-demain-david-abiker-150117-2950934\n\n<strong>-Mario Luraschi, le roi des cascadeurs \u00e9questres (vid\u00e9o) : <\/strong> http:\/\/www.francetvinfo.fr\/culture\/cinema\/mario-luraschi-les-secrets-d-un-cascadeur_2018418.html\n\n-Sara Forestier, instit passionn\u00e9e  dans &#8220;Primaire&#8221; (vid\u00e9o) : http:\/\/www.bfmtv.com\/mediaplayer\/video\/primaire-sara-forestier-formidable-en-instit-passionnee-899683.html\n\n-&#8220;Les vrais responsables des fausses nouvelles&#8221; (Evgeny Morozov) : http:\/\/blog.mondediplo.net\/2017-01-13-Les-vrais-responsables-des-fausses-nouvelles\n\n-&#8220;i-T\u00e9l\u00e9 recrute un petit jeune&#8221; (Alexandra Ackoun; son) : https:\/\/www.franceinter.fr\/emissions\/regard-sur-les-medias\/regard-sur-les-medias-14-janvier-2017\n\n<strong>-En direct sur la cha\u00eene, Arnaud Montebourg attaque son propri\u00e9taire Vincent Bollor\u00e9, d\u00e9fendu par Laurence Ferrari (vid\u00e9o) : <\/strong> http:\/\/www.francetvinfo.fr\/politique\/ps\/primaire-a-gauche\/primaire-de-la-gauche-arnaud-montebourg-attaque-vincent-bollore-et-i-tele-lors-du-deuxieme-debat_2019760.html\n\n-&#8220;Tous ces chefs avec leurs petites queues&#8221; (G\u00e9rard Depardieu; vid\u00e9o) :  http:\/\/www.bfmtv.com\/mediaplayer\/video\/depardieu-evoque-le-pouvoir-grosses-couilles-petits-evenements-902133.html#?xtor\n\n-&#8220;500 canards sur la ligne de d\u00e9part&#8221; (Fr\u00e9d\u00e9ric Fromet; vid\u00e9o) : http:\/\/www.dailymotion.com\/video\/x58ea8s_500-canards-sur-la-ligne-de-depart-la-chanson-de-frederic-fromet_fun\n\n-&#8220;Dalida, Mike Brant et M\u00e9lenchon en hologramme&#8221; (Guillaume Meurice; vid\u00e9o) : http:\/\/www.dailymotion.com\/video\/x58ehyx_dalida-mike-brant-et-melenchon-en-hologramme-le-moment-meurice_fun\n\n-&#8220;Guillon 2017&#8221; (St\u00e9phane Guillon; vid\u00e9o) : http:\/\/www.c8.fr\/c8-divertissement\/ms-salut-les-terriens\/pid8294-stephane-guillon.html?vid=1431283\n\n-&#8220;Rencontre avec Fran\u00e7ois Hollande&#8221; (Mathieu Mad\u00e9nian; vid\u00e9o) : http:\/\/www.c8.fr\/c8-divertissement\/ms-salut-les-terriens\/pid7527-emission.html?vid=1431272\n\n<strong>-&#8220;T&#8217;es au top !&#8221; (vid\u00e9o) : <\/strong> http:\/\/www.c8.fr\/c8-divertissement\/ms-salut-les-terriens\/pid7527-emission.html?vid=1431270\n<h2 class=\"wp-block-heading\">Documents joints<\/h2>\n\n\n\n<div class=\"wp-block-file\"><a href=\"https:\/\/wp.muchomaas.com\/wp-content\/uploads\/2017\/01\/le_siecle_brise_du_pcf-657.pdf\">le_siecle_brise_du_pcf.pdf<\/a><\/div>\n\n\n\n<div class=\"wp-block-file\"><a href=\"https:\/\/wp.muchomaas.com\/wp-content\/uploads\/2017\/01\/des_jeunes_gens_antimodernes-8d4.pdf\">des_jeunes_gens_antimodernes.pdf<\/a><\/div>\n\n\n","protected":false},"excerpt":{"rendered":"<p>ACTUALITE -&#8220;Cette vague de froid qu&#8217;EDF redoute&#8221; (V\u00e9ronique Le Billon) : http:\/\/www.lesechos.fr\/industrie-services\/energie-environnement\/0211686906000-electricite-cette-vague-de-froid-quedf-redoute-2056690.php -Risque-t-on le black-out ? (vid\u00e9o) : http:\/\/videos.lesechos.fr\/lesechos\/dessous-eco\/electricite-risque-t-on-le-black-out-cet-hiver\/8xxvpf -Le parquet ouvre une information judiciaire sur les moteurs diesel chez Renault (Maxime Amiot; vid\u00e9o) : http:\/\/www.lesechos.fr\/industrie-services\/automobile\/0211690192284-diesel-le-parquet-ouvre-une-enquete-sur-renault-2056990.php -D&#8217;autres enqu\u00eates pourraient suivre&#8221; (S\u00e9gol\u00e8ne Royal dans le JDD) : http:\/\/www.lejdd.fr\/Economie\/Crise-du-diesel-Royal-annonce-au-JDD-qu-il-pourrait-y-avoir-d-autres-enquetes-sur-des-constructeurs-839704 -&#8220;La chasse \u00e0 la bagnole est ouverte&#8221; (le [&hellip;]<\/p>\n","protected":false},"author":1042,"featured_media":0,"comment_status":"open","ping_status":"open","sticky":false,"template":"","format":"standard","meta":{"_themeisle_gutenberg_block_has_review":false,"footnotes":""},"categories":[151],"tags":[],"class_list":["post-10113","post","type-post","status-publish","format-standard","hentry","category-la-revue-de-presse-de-lulu"],"_links":{"self":[{"href":"https:\/\/archives.regards.fr\/index.php?rest_route=\/wp\/v2\/posts\/10113","targetHints":{"allow":["GET"]}}],"collection":[{"href":"https:\/\/archives.regards.fr\/index.php?rest_route=\/wp\/v2\/posts"}],"about":[{"href":"https:\/\/archives.regards.fr\/index.php?rest_route=\/wp\/v2\/types\/post"}],"author":[{"embeddable":true,"href":"https:\/\/archives.regards.fr\/index.php?rest_route=\/wp\/v2\/users\/1042"}],"replies":[{"embeddable":true,"href":"https:\/\/archives.regards.fr\/index.php?rest_route=%2Fwp%2Fv2%2Fcomments&post=10113"}],"version-history":[{"count":0,"href":"https:\/\/archives.regards.fr\/index.php?rest_route=\/wp\/v2\/posts\/10113\/revisions"}],"wp:attachment":[{"href":"https:\/\/archives.regards.fr\/index.php?rest_route=%2Fwp%2Fv2%2Fmedia&parent=10113"}],"wp:term":[{"taxonomy":"category","embeddable":true,"href":"https:\/\/archives.regards.fr\/index.php?rest_route=%2Fwp%2Fv2%2Fcategories&post=10113"},{"taxonomy":"post_tag","embeddable":true,"href":"https:\/\/archives.regards.fr\/index.php?rest_route=%2Fwp%2Fv2%2Ftags&post=10113"}],"curies":[{"name":"wp","href":"https:\/\/api.w.org\/{rel}","templated":true}]}}