{"id":10112,"date":"2017-01-14T07:30:40","date_gmt":"2017-01-14T06:30:40","guid":{"rendered":"https:\/\/wp.muchomaas.com\/article-la-revue-du-14-janvier-2017\/"},"modified":"2017-01-14T07:30:40","modified_gmt":"2017-01-14T06:30:40","slug":"article-la-revue-du-14-janvier-2017","status":"publish","type":"post","link":"https:\/\/archives.regards.fr\/?p=10112","title":{"rendered":"La Revue du 14 janvier 2017"},"content":{"rendered":"<p><strong>ACTUALITE<\/strong><\/p>\n<p>-&#8220;Le compte personnel d&#8217;activit\u00e9, une goutte d&#8217;eau dans l&#8217;oc\u00e9an des transformations \u00e0 op\u00e9rer&#8221; (la CGT) : http:\/\/www.cgt.fr\/Une-goutte-d-eau-dans-l-ocean-des.html<\/p>\n<p>-&#8220;Le CICE n&#8217;a pas tir\u00e9 les bas salaire vers le haut&#8221; (Jean-Christophe Chanut) :   http:\/\/www.latribune.fr\/economie\/france\/le-cice-n-a-pas-tire-les-bas-salaires-vers-le-haut-630036.html#xtor<\/p>\n<p><strong>-&#8220;La transition \u00e9nerg\u00e9tique pourrait cr\u00e9er un million d&#8217;emplois&#8221; (Aline Robert et Dominique Pialot) :   <\/strong>                                                                                                                                         http:\/\/www.euractiv.fr\/section\/climat-environnement\/news\/la-transition-energetique-pourrait-creer-un-1-million-demplois\/?nl_ref=28796138                                                                                               http:\/\/www.latribune.fr\/economie\/france\/france-1-million-d-emplois-a-portee-de-main-grace-au-climat-630070.html#xtor<\/p>\n<p>-Pour l&#8217;\u00e9lectricit\u00e9, des mesures exceptionnelles (vid\u00e9o) : http:\/\/www.francetvinfo.fr\/meteo\/pic-de-froid\/electricite-des-mesures-exceptionnelles_2017120.html<\/p>\n<p>-&#8220;La Bourse est un placement imbattable \u00e0 moyen-long terme&#8221; (Fran\u00e7ois Monnier de la r\u00e9daction &#8220;d&#8217;Investir&#8221;; face \u00e0 Nicolas Pierron; vid\u00e9o) :                                                                  https:\/\/www.dailymotion.com\/video\/x58ckhs_francois-monnier-la-bourse-est-un-placement-imbattable-a-moyen-long-terme-13-01-2017_news<\/p>\n<p><strong>-Grippe, pr\u00e8s de 200 h\u00f4pitaux en tension (vid\u00e9o) : <\/strong> http:\/\/www.francetvinfo.fr\/sante\/maladie\/grippe\/grippe-pres-de-200-hopitaux-en-tension_2015074.html<\/p>\n<p><strong>-La ferme des 1 000 veaux dans la Creuse (Yolaine de la Bigne; son) : <\/strong> http:\/\/www.sudradio.fr\/Podcasts\/Quelle-epoque-ethique\/Usine-1000-veaux<\/p>\n<p>-Vers un tour du monde avec un bateau autonome qui produit de l&#8217;hydrog\u00e8ne avec de l&#8217;eau de mer (Baptiste Gaborit, le 13 janvier; son) :                                                                                                       https:\/\/www.radioclassique.fr\/radio\/emissions\/matinale-de-radio-classique\/3-minutes-planete\/<\/p>\n<p>-&#8220;Il y a comme un poison dans l&#8217;eau&#8221; (Fran\u00e7ois Veillerette, directeur de &#8220;G\u00e9n\u00e9ration Futures&#8221; (son) :  http:\/\/www.sudradio.fr\/Podcasts\/L-invite-pour-comprendre\/Francois-Veillerette-directeur-et-porte-parole-de-Generation-Futures<\/p>\n<p>-Les compteurs Linky rejet\u00e9s un peu partout (St\u00e9phane Lhomme; son) : http:\/\/www.sudradio.fr\/Podcasts\/L-invite-pour-comprendre\/Stephane-Lhomme-conseiller-municipal-de-Saint-Macaire<\/p>\n<p><strong>-L&#8217;Assembl\u00e9e nationale vote l&#8217;obligation de cam\u00e9ras dans les abattoirs (Audrey Garric; vid\u00e9o) <\/strong> : http:\/\/www.lemonde.fr\/planete\/article\/2017\/01\/13\/l-assemblee-vote-l-obligation-de-cameras-dans-les-abattoirs-a-partir-de-2018_5061907_3244.html<\/p>\n<p><strong>-&#8220;Une France soumise&#8221;, l&#8217;ouvrage collectif qui fait suite aux &#8220;Territoires perdus de la R\u00e9publique&#8221; paru en 2002 (Laurence Marchand-Taillade, pr\u00e9sidente de l&#8217;Observatoire de la la\u00efcit\u00e9 dans le Val-d&#8217;Oise (son) <\/strong> : http:\/\/www.sudradio.fr\/Podcasts\/L-invite-pour-comprendre\/Laurence-Marchand-Taillade-co-auteur-de-Une-France-Soumise<\/p>\n<p>-A Saint-Denis (93), &#8220;des dealers auraient pris le pouvoir dans certains quartiers&#8221; (son) : http:\/\/www.sudradio.fr\/Podcasts\/Les-reportages-de-la-matinee\/Trafic-de-drogue-en-Seine-Saint-Denis<\/p>\n<p>-Le Tunnel du Mont-Blanc se dote d&#8217;un nouveau syst\u00e8me de s\u00e9curit\u00e9 (vid\u00e9o) : http:\/\/nr.news-republic.com\/Web\/ArticleWeb.aspx?regionid=2&#038;articleid=82670905<\/p>\n<p>-Manuela Montebrun devrait r\u00e9cup\u00e9rer la m\u00e9daille de bronze du lancer du marteau aux JO de P\u00e9kin (Cl\u00e9ment Guillou) :                                                                                                                             http:\/\/www.lemonde.fr\/sport\/article\/2017\/01\/12\/dopage-medaille-olympique-en-vue-pour-manuela-montebrun_5061842_3242.html<\/p>\n<p>-La Vuelta 2017 partira de N\u00eemes (vid\u00e9o) : http:\/\/nr.news-republic.com\/Web\/ArticleWeb.aspx?regionid=2&#038;articleid=82675597<\/p>\n<p>-Le Solex fait son retour en France (vid\u00e9o) : http:\/\/www.francetvinfo.fr\/replay-jt\/france-3\/soir-3\/le-solex-fait-son-retour-en-france_2016108.html<\/p>\n<p>-La premi\u00e8re sortie dans l&#8217;espace de Thomas Pesquet (vid\u00e9o) : http:\/\/www.francetvinfo.fr\/sciences\/espace\/thomas-pesquet\/espace-thomas-pesquet-effectue-sa-premiere-sortie_2017034.html<\/p>\n<p><strong>-Les explications de Jean-Yves Le Gall, pr\u00e9sident du Centre national d&#8217;\u00e9tudes spatiales; invit\u00e9 du &#8220;Club de la Presse&#8221; d&#8217;Europe 1; son, amener le curseur sur 25:02) : <\/strong>        http:\/\/www.europe1.fr\/emissions\/le-club-de-la-presse\/europe-soir-le-club-de-la-presse-aquilino-morelle-et-jean-yves-le-gall-12012017-2948978<\/p>\n<p>-L&#8217;ancien astronaute Jean-Fran\u00e7ois Clervoy, interrog\u00e9 par Dimitri Pavlenko (son) : http:\/\/www.sudradio.fr\/Podcasts\/L-invite-pour-comprendre\/Jean-Francois-Clervoy-ancien-astronaute-president-de-Novespace<\/p>\n<p>-Fraude fiscale, la famille Wildenstein blanchie par la justice (vid\u00e9o) : http:\/\/www.francetvinfo.fr\/faits-divers\/justice-proces\/fraude-fiscale-la-famille-wildenstein-blanchie-par-la-justice_2016072.html<\/p>\n<p>-&#8220;Un coup de th\u00e9\u00e2tre&#8221; (Sophie Cachon) : http:\/\/www.telerama.fr\/scenes\/coup-de-theatre-dans-l-affaire-wildenstein-le-milliardaire-fraudeur-du-fisc-est-relaxe,152650.php#xtor<\/p>\n<p>-&#8220;Cette d\u00e9cision qui peut heurter l&#8217;opinion est parfaitement logique&#8221; (vid\u00e9o) : http:\/\/nr.news-republic.com\/Web\/ArticleWeb.aspx?regionid=2&#038;articleid=82613766<\/p>\n<p>-A Paris, Amnesty International r\u00e9clame la lib\u00e9ration d&#8217;Edward Snowden (vid\u00e9o) : http:\/\/nr.news-republic.com\/Web\/ArticleWeb.aspx?regionid=2&#038;articleid=82728582<\/p>\n<p><strong>POLITIQUE<\/strong><\/p>\n<p><strong>-&#8220;Ne pas laisser d&#8217;espace au retour des fronti\u00e8res. Avec la chute du mur de Berlin et de l&#8217;Union sovi\u00e9tique, c&#8217;est une nouvelle p\u00e9riode de l&#8217;Histoire qui s&#8217;est \u00e9crite&#8221; (Pierre Laurent face aux chr\u00e9tiens, qui met en \u00e9vidence convergences et divergences entre le programme du PCF et celui de Jean-Luc M\u00e9lenchon; vid\u00e9o) :  <\/strong>                                                                                   http:\/\/www.ktotv.com\/emissions\/eclairages\/debats-et-actualite\/face-aux-chretiens<\/p>\n<p>-&#8220;Condamner les Goodyear s&#8217;inscrit dans une volont\u00e9 de criminalisation de l&#8217;action syndicale&#8221; (face \u00e0 Fr\u00e9d\u00e9ric Rivi\u00e8re; vid\u00e9o) :                                                                                                                   http:\/\/www.dailymotion.com\/video\/x587qqt_pierre-laurent-condamner-les-goodyear-s-inscrit-dans-une-volonte-de-criminalisation-de-l-action_news<\/p>\n<p>-Son interview \u00e0 Mediapart : http:\/\/www.le-chiffon-rouge-morlaix.fr\/2017\/01\/interview-de-pierre-laurent-a-mediapart-apres-ses-voeux.html<\/p>\n<p><strong>-&#8220;Les s\u00e9nateurs communistes continuent le combat contre la loi Travail&#8221; (Guillaume Jacquot; vid\u00e9os) :  <\/strong>                                                                                                                                                             https:\/\/www.publicsenat.fr\/article\/politique\/les-senateurs-communistes-continuent-le-combat-contre-la-loi-travail-52620<\/p>\n<p><strong>-Jean-Luc M\u00e9lenchon au Mans (vid\u00e9o) : <\/strong> https:\/\/www.youtube.com\/watch?v=odyu0ggGko4&#038;feature=youtu.be<\/p>\n<p>Le N\u00b014 de sa Revue (vid\u00e9o) : https:\/\/www.youtube.com\/watch?v=xSxMAU-DZsc&#038;feature=youtu.be<\/p>\n<p>-&#8220;M\u00e9lenchon et le PCF divis\u00e9s sur les l\u00e9gislatives&#8221; (Rapha\u00eblle Besse Desmouli\u00e8res) : http:\/\/www.lemonde.fr\/politique\/article\/2017\/01\/13\/melenchon-et-le-pcf-divises-sur-les-legislatives_5062063_823448.html<\/p>\n<p><em>-&#8220;Lettre pour une entente humaniste et progressiste&#8221; (S\u00e9bastien Nadot, candidat \u00e0 l&#8217;\u00e9lection pr\u00e9sidentielle soutenu par le MdP)<\/em> :  http:\/\/www.nadot2017.fr\/lettre                                                                                                <\/p>\n<p>-Ce que l&#8217;on peut retenir du premier d\u00e9bat de la primaire socialiste (Manon Rescan et Elvire Camus; vid\u00e9os) :                                                                                                                                         http:\/\/www.lemonde.fr\/election-presidentielle-2017\/article\/2017\/01\/13\/ce-que-l-on-peut-retenir-du-premier-debat-de-la-primaire-a-gauche_5061883_4854003.html                                             http:\/\/www.lesechos.fr\/elections\/primaire-a-gauche\/0211686595738-primaire-suivez-en-direct-le-premier-debat-2056709.php#xtor<\/p>\n<p><em>-Arnaud Montebourg le plus convaincant (ELABE) :<\/em>                                                                                                                                                                                                                                    http:\/\/www.lesechos.fr\/elections\/primaire-a-gauche\/0211689266900-primaire-a-gauche-montebourg-juge-le-plus-convaincant-apres-le-debat-2056952.php<\/p>\n<p>-Les enseignements de Bernard Sanan\u00e8s, pr\u00e9sident de l&#8217;institut ( son du 13 janvier) : https:\/\/www.radioclassique.fr\/radio\/emissions\/matinale-de-radio-classique\/l-invite-du-matin\/<\/p>\n<p>-Plus de 3,8 millions de t\u00e9l\u00e9spectateurs pour le d\u00e9bat sur  TF1, la droite en avait r\u00e9uni 5,6 millions (Thomas Joubert; vid\u00e9o) :  http:\/\/www.europe1.fr\/emissions\/les-audiences\/debat-de-la-primaire-tf1-seduit-moins-avec-la-gauche-quavec-la-droite-2949440<\/p>\n<p>-&#8220;Comme il n&#8217;y a pas eu de dispute, m\u00e9fions-nous de certaines insatisfactions&#8221; (Christophe Borgel, responsable de l&#8217;organisation de la primaire; vid\u00e9o) : http:\/\/www.itele.fr\/chroniques\/invite-michael-darmon\/linvite-de-myriam-encaoua-du-13012017-172363<\/p>\n<p>-&#8220;Peu d&#8217;\u00e9clat, beaucoup de confusion. Un d\u00e9bat qui a tourn\u00e9 entre Manuel Valls et Beno\u00eet Hamon. La bonne surprise, Fran\u00e7ois de Rugy. Sept petits candidats tant que celui du PS ne passera pas devant M\u00e9lenchon et Macron&#8221; (Guillaume Tabard du &#8220;Figaro&#8221;; son du 12 janvier) : https:\/\/www.radioclassique.fr\/radio\/emissions\/matinale-de-radio-classique\/22630-2\/<\/p>\n<p>-&#8220;Un premier d\u00e9bat \u00e9trange et sans \u00e9changes&#8221; (Thomas Legrand; son) : https:\/\/www.franceinter.fr\/emissions\/l-edito-politique\/l-edito-politique-13-janvier-2017<\/p>\n<p>-&#8220;Valls, Hamon et de Rugy, les gagnants d&#8217;Alba Ventura (vid\u00e9o) : http:\/\/www.rtl.fr\/actu\/politique\/primaire-de-la-gauche-valls-hamon-et-de-rugy-le-tierce-gagnant-d-alba-ventura-7786712852<\/p>\n<p><strong>-&#8220;Il faudra \u00e9videmment parler avec Emmanuel Macron&#8221; (Manuel Valls face \u00e0 Guillaume Durand; vid\u00e9os) :    <\/strong>                                                                                                                                             https:\/\/www.dailymotion.com\/video\/x58clto_manuel-valls-il-faudra-evidemment-parler-avec-emmanuel-macron-13-01-2017_news                                                                                                 https:\/\/www.dailymotion.com\/video\/x58cmuz_manuel-valls-j-ai-essaye-de-redonner-un-vrai-budget-a-la-culture-13-01-2017-partie-2_news<\/p>\n<p>-&#8220;L&#8217;exercice du d\u00e9bat \u00e9tait peu s\u00e9duisant pour les citoyens. Je ne veux pas qu&#8217;on r\u00e8gle le ch\u00f4mage \u00e0 coup de pauvret\u00e9 comme on le fait dans d&#8217;autres pays. Pour le cannabis, la politique par la prohibition a \u00e9chou\u00e9&#8221; (Beno\u00eet Hamon \u00e9tait l&#8217;invit\u00e9 de la matinale de Franceinfo; vid\u00e9o) : https:\/\/www.dailymotion.com\/video\/x58cvdk_benoit-hamon-ne-veut-pas-qu-on-regle-le-chomage-a-coup-de-pauvrete_news<\/p>\n<p>-&#8220;Je ne suis pas favorable \u00e0 une sortie provoqu\u00e9e de l&#8217;\u00e9nergie nucl\u00e9aire, c&#8217;est l&#8217;autorit\u00e9 de s\u00fbret\u00e9 qui doit d\u00e9terminer le rythme. Je me mettrai derri\u00e8re le vainqueur. A M\u00e9lenchon, je demanderai que nous cherchions des points de convergences. Il a les sondages, moi, j&#8217;aurai les suffrages si je remporte la primaire. Je n&#8217;ai pas eu assez de temps pour traiter le produire fran\u00e7ais&#8221; (Arnaud Montebourg, face \u00e0 Jean-Jacques Bourdin; vid\u00e9o) : http:\/\/www.bfmtv.com\/mediaplayer\/video\/arnaud-montebourg-face-a-jean-jacques-bourdin-en-direct-902833.html<\/p>\n<p>-Il a r\u00e9pondu aux questions des auditeurs de RMC (vid\u00e9os) :                                                                                                                                                                                                                        http:\/\/rmc.bfmtv.com\/mediaplayer\/video\/arnaud-montebourg-emmanuel-macron-a-laisse-faire-l-economie-et-le-laissez-faire-est-le-pire-en-politique-902847.html                                                 http:\/\/rmc.bfmtv.com\/mediaplayer\/video\/arnaud-montebourg-il-faudra-tourner-la-page-902845.html<\/p>\n<p>-&#8220;Peillon a \u00e9t\u00e9 inutilement agressif, verbeux et pontifiant, comme moi quand je fais l&#8217;apparatchik&#8221; (Pascal Cherki, porte-parole de Beno\u00eet Hamon; invit\u00e9 de &#8220;Territoires d&#8217;Infos&#8221;; vid\u00e9o, amener le curseur sur  33:12) : http:\/\/www.dailymotion.com\/video\/x58cbzg_invite-pascal-cherki-territoires-d-infos-13-01-2017_news<\/p>\n<p>-&#8220;Je ne suis pas l\u00e0 pour arbitrer entre les candidats socialistes&#8221; (Sylvia Pinel, candidate du PRG, interrog\u00e9e par Elsa Freyssenet; vid\u00e9o) :                                                                                                        http:\/\/videos.lesechos.fr\/lesechos\/invite-des-echos\/je-ne-suis-pas-la-pour-arbitrer-entre-les-candidats-du-parti-socialiste-rappelle-sylvia-pinel\/8lf3ls<\/p>\n<p>-&#8220;On est concurrents, mais on n&#8217;est pas ennemis. Manuel Valls a \u00e9t\u00e9 assez convaincant dans un d\u00e9bat qui est rest\u00e9 tr\u00e8s cloisonn\u00e9&#8221; (Jean-Luc Bennhamias, face \u00e0 Jeff Wittenberg; vid\u00e9o) :                        http:\/\/www.francetvinfo.fr\/politique\/ps\/primaire-a-gauche\/les-4-verites-jean-luc-bennahmias-on-est-concurrents-mais-on-n-est-pas-ennemis_2016388.html<\/p>\n<p><em>-Les candidats avant et apr\u00e8s le d\u00e9bat (ODOXA)<\/em> : http:\/\/www.odoxa.fr\/sondage\/1er-debat-de-primaire-de-gauche-valls-montebourg-hamon-ecarts-se-resserrent\/<\/p>\n<p>-Corinne Lepage rejoint Emmanuel Macron (vid\u00e9o) : http:\/\/rmc.bfmtv.com\/mediaplayer\/video\/pourquoi-corinne-lepage-rejoint-emmanuel-macron-902819.html<\/p>\n<p>-L&#8217;\u00e9conomiste Jean Pisani-Ferry aussi qui justifie son engagement par l&#8217;ambition transformatrice que porte le candidat  de &#8220;En Marche&#8221; (interrog\u00e9 par Ali Baddou; vid\u00e9o) : http:\/\/www.dailymotion.com\/video\/x58c7t0_jean-pisani-ferry-repond-aux-questions-d-ali-baddou_news<\/p>\n<p>-&#8220;Mon livre n&#8217;est pas un r\u00e8glement de compte&#8221; (Aquilino Morelle; vid\u00e9o) : http:\/\/www.europe1.fr\/politique\/aquilino-morelle-mon-livre-nest-pas-un-reglement-de-compte-2948927<\/p>\n<p>-Il \u00e9tait l&#8217;invit\u00e9 du &#8220;Club de la Presse&#8221; d&#8217;Europe 1 (son) : http:\/\/www.europe1.fr\/emissions\/le-club-de-la-presse\/europe-soir-le-club-de-la-presse-aquilino-morelle-et-jean-yves-le-gall-12012017-2948978<\/p>\n<p>-&#8220;J&#8217;ai \u00e9t\u00e9 tr\u00e8s d\u00e9\u00e7ue par le d\u00e9bat de la gauche. Tous ont le bilan honteux et ne se distinguent que par la date o\u00f9 ils ont quitt\u00e9 le gouvernement. Nous avons la responsabilit\u00e9 historique de redresser la France&#8221; (Val\u00e9rie P\u00e9cresse, pr\u00e9sidente LR de r\u00e9gion Ile-de-France; face \u00e0 Fabien Namias; vid\u00e9o) : http:\/\/www.europe1.fr\/emissions\/linterview-politique-de-8h20\/valerie-pecresse-nous-avons-la-responsabilite-historique-de-redresser-la-france-2949338<\/p>\n<p>-&#8220;Un d\u00e9bat sans int\u00e9r\u00eat. Le Pen et M\u00e9lenchon, des marchands d&#8217;illusions. Les b\u00e9b\u00e9s Hollande renient l&#8217;h\u00e9ritage&#8221; (Eric Ciotti, d\u00e9put\u00e9 LR des Alpes-Maritimes, face \u00e0 Benjamin Sportouch; vid\u00e9o) : http:\/\/www.rtl.fr\/actu\/politique\/eric-ciotti-est-l-invite-de-rtl-ce-vendredi-13-janvier-7786712464<\/p>\n<p>-&#8220;Fillon ne veut pas faire les frais des ambitions des sarkozystes&#8221; (Yves Thr\u00e9ard du &#8220;Figaro&#8221;; vid\u00e9o) : http:\/\/www.europe1.fr\/emissions\/ledito-politique-dyves-threard\/fillon-ne-veut-pas-faire-les-frais-des-ambitions-des-sarkozystes-2949224<\/p>\n<p>-Sur la S\u00e9curit\u00e9 sociale, &#8220;Fran\u00e7ois Fillon a fait amende honorable&#8221; (Florence Portelli, sa porte-parole; vid\u00e9o) : http:\/\/www.europe1.fr\/politique\/portelli-fillon-a-fait-amende-honorable-2947985<\/p>\n<p>-A Marseille, vague de d\u00e9fections au FN (vid\u00e9o) : http:\/\/www.francetvinfo.fr\/politique\/front-national\/politique-vague-de-defections-au-front-national-a-marseille_2015064.html<\/p>\n<p><em>-Le barom\u00e8tre politique (ELABE)<\/em> : http:\/\/elabe.fr\/barometre-politique-janvier-2017\/<\/p>\n<p><strong>EUROPE-MONDE<\/strong><\/p>\n<p>-&#8220;L&#8217;imp\u00f4t sur les soci\u00e9t\u00e9s serait trop \u00e9lev\u00e9 en France par rapport \u00e0 la moyenne europ\u00e9enne&#8221; (C\u00e9cile Barbi\u00e8re) : http:\/\/www.euractiv.fr\/section\/euro-finances\/news\/un-rapport-juge-limpot-sur-les-societes-francais-peu-competitif-en-europe\/?nl_ref=28796138<\/p>\n<p>-Les candidats \u00e0 la pr\u00e9sidence du Parlement europ\u00e9en font monter la pression : http:\/\/www.euractiv.fr\/section\/politique\/news\/les-candidats-a-la-presidence-du-parlement-font-monter-la-pression\/?nl_ref=28796138<\/p>\n<p><strong>-Les eurod\u00e9put\u00e9s pressent Bruxelles de pr\u00e9parer l&#8217;arriv\u00e9e des robots (Jorge Valero) :<\/strong> http:\/\/www.euractiv.fr\/section\/innovation-entreprises\/news\/meps-want-free-cash-to-address-job-killer-robots-threat\/?nl_ref=28796138<\/p>\n<p>-Malte promet une pr\u00e9sidence &#8220;pragmatique&#8221; de l&#8217;Union europ\u00e9enne : http:\/\/www.euractiv.fr\/section\/priorites-ue-2020\/news\/malta-bets-on-pragmatic-idealism-for-its-eu-presidency\/?nl_ref=28796138<\/p>\n<p><strong>-Le premier ministre maltais pr\u00e9voit de nouveaux accords anti-immigration (Daniela Vincenti) <\/strong> : http:\/\/www.euractiv.fr\/section\/priorites-ue-2020\/news\/malta-pm-wants-turkey-style-migrant-deals-with-other-med-countries\/?nl_ref=28796138<\/p>\n<p>-L&#8217;extr\u00eame-droite allemande se d\u00e9chire sur les tentatives de rapprochement avec le FN (Hughes Beaudoin; son du 12 janvier) : https:\/\/www.radioclassique.fr\/radio\/emissions\/le-19h20h\/24h-en-europe\/<\/p>\n<p>-Merkel appelle l&#8217;Union europ\u00e9enne \u00e0 rester unie sur le Brexit (vid\u00e9o) : http:\/\/nr.news-republic.com\/Web\/ArticleWeb.aspx?regionid=2&#038;articleid=82671261<\/p>\n<p>-Il y a 42 ans \u00e0 Chypre (le journaliste autrichien Pierre Simonitsch cit\u00e9 par St\u00e9phane Bussard) :                                                                                                                                                                https:\/\/www.letemps.ch\/monde\/2017\/01\/12\/louverture-dun-sommet-crucial-un-journaliste-raconte-crise-chypre?utm_source<\/p>\n<p>-Sur la r\u00e9unification, &#8220;l&#8217;accord est proche mais il faut \u00eatre patient&#8221; (vid\u00e9o) : http:\/\/nr.news-republic.com\/Web\/ArticleWeb.aspx?regionid=2&#038;articleid=82663382<\/p>\n<p><strong>-Le comit\u00e9 polonais &#8220;Sauvons les femmes&#8221; a re\u00e7u le prix Simone de Beauvoir pour la libert\u00e9 des femmes (sa repr\u00e9sentante Barbara Nowacka; propos recueillis par Sophie Rahal) <\/strong> :                               http:\/\/www.telerama.fr\/monde\/barbara-nowacka-le-prix-simone-de-beauvoir-va-rendre-plus-fort-notre-combat-pour-le-droit-d-avorter,152607.php#xtor<\/p>\n<p>-A Belgrade, les migrants souffrent du froid intense (vid\u00e9o) : http:\/\/nr.news-republic.com\/Web\/ArticleWeb.aspx?regionid=2&#038;articleid=82674994<\/p>\n<p><strong>-&#8220;Asli Erdogan, fille du feu&#8221; (Lisbeth Koutchoumoff) : <\/strong> https:\/\/www.letemps.ch\/culture\/2017\/01\/13\/asli-erdogan-fille-feu?utm_source<\/p>\n<p><strong>-La conf\u00e9rence de Paris pour la paix &#8220;est une imposture&#8221; (Benjamin Netanyahu; vid\u00e9o) <\/strong> : http:\/\/nr.news-republic.com\/Web\/ArticleWeb.aspx?regionid=2&#038;articleid=82649850<\/p>\n<p>&#8211;<strong>&#8220;1947, 1967, 2017, maintenant la Palestine&#8221;  (Patrick le Hyaric) <\/strong> : http:\/\/patrick-le-hyaric.fr\/1947-1967-2017-maintenant-la-palestine\/<\/p>\n<p>-&#8220;En Syrie, la Russie et la Turquie vont coordonner leurs frappes&#8221; :                                                                                                                                                                                                                  http:\/\/www.lemonde.fr\/syrie\/article\/2017\/01\/12\/syrie-la-russie-et-la-turquie-vont-coordonner-leurs-frappes_5061853_1618247.html<\/p>\n<p>-Y\u00e9men, la guerre oubli\u00e9e (vid\u00e9o) : http:\/\/www.francetvinfo.fr\/monde\/proche-orient\/yemen\/yemen-la-guerre-oubliee_2017138.html<\/p>\n<p><strong>-Le sommet Afrique-France au Mali (Christophe Boisbouvier, journaliste \u00e0 RFI; vid\u00e9o) <\/strong> : http:\/\/www.rfi.fr\/video\/20170112-sommet-afrique-france-mali-interview-christophe-boisbouvier-journaliste-rfi<\/p>\n<p>-Une trentaine de chefs d&#8217;Etats sont attendus (vid\u00e9o) : http:\/\/nr.news-republic.com\/Web\/ArticleWeb.aspx?regionid=2&#038;articleid=82724876<\/p>\n<p>-Le Nigeria mise sur l&#8217;\u00e9nergie solaire (vid\u00e9o) : http:\/\/nr.news-republic.com\/Web\/ArticleWeb.aspx?regionid=2&#038;articleid=82608898<\/p>\n<p>-Barack Obama met fin au r\u00e9gime sp\u00e9cial d&#8217;immigration pour les Cubains : http:\/\/www.lemonde.fr\/ameriques\/article\/2017\/01\/13\/barack-obama-met-fin-au-regime-special-d-immigration-pour-les-cubains_5061885_3222.html<\/p>\n<p>-&#8220;Dans une semaine, l&#8217;histoire bascule&#8221; (Bernard Guetta; son) : https:\/\/www.franceinter.fr\/emissions\/geopolitique\/geopolitique-13-janvier-2017<\/p>\n<p>-Fiat Chrysler \u00e0 son tour accus\u00e9 d&#8217;avoir truqu\u00e9 des moteurs diesel :                                                                                                                                                                                                                           http:\/\/www.lemonde.fr\/automobile\/article\/2017\/01\/12\/apres-le-scandale-volkswagen-fiat-chrysler-a-son-tour-accuse-aux-etats-unis-d-avoir-truque-des-moteurs-diesel_5061719_1654940.html<\/p>\n<p>-&#8220;La v\u00e9ritable histoire du scandale Volkswagen&#8221; (Julien Dupont-Calbot; vid\u00e9o) :                                                                                                                                                                                      http:\/\/www.lesechos.fr\/industrie-services\/automobile\/0211685386169-la-veritable-histoire-du-scandale-volkswagen-2056942.php<\/p>\n<p>-&#8220;Au Honduras, l&#8217;aide europ\u00e9enne serait mal g\u00e9r\u00e9e&#8221; (Matthew Tempest) :  http:\/\/www.euractiv.fr\/section\/aide-au-developpement\/news\/eu-aid-to-honduras-plagued-by-lack-of-expertise-and-shortcomings-auditors-find\/?nl_ref=28796138<\/p>\n<p><strong>-Le num\u00e9ro 394 &#8220;d&#8217;Infos Paix&#8221; <\/strong> : http:\/\/www.mvtpaix.org\/outils\/infos-paix\/2017\/infospaix394.htm<\/p>\n<p><strong>CULTURE-MEDIAS<\/strong><\/p>\n<p><strong>-&#8220;De quel vide politique le populisme est-il le nom ?&#8221; (Roger Martelli) : <\/strong> https:\/\/blogs.mediapart.fr\/roger-martelli\/blog\/120117\/de-quel-vide-politique-le-populisme-est-il-le-nom<\/p>\n<p>-&#8220;C&#8217;est la faute \u00e0 Diderot&#8221; (Val\u00e8re Staraselski) : http:\/\/www.lafauteadiderot.net\/C-est-la-faute-a-Diderot<\/p>\n<p>-&#8220;Jean-Mathieu Boris, un combattant de la France Libre&#8221; (le t\u00e9moin du vendredi de Jean Lebrun; son) : https:\/\/www.franceinter.fr\/emissions\/la-marche-de-l-histoire\/la-marche-de-l-histoire-13-janvier-2017<\/p>\n<p><strong>-La vitalit\u00e9 retrouv\u00e9e de l&#8217;Institut du monde arabe (Raoul Mbog) : <\/strong> http:\/\/www.telerama.fr\/scenes\/comment-l-institut-du-monde-arabe-a-retrouve-sa-vitalite,152609.php#xtor<\/p>\n<p>-Trois enseignantes-chercheuses de l&#8217;Universit\u00e9 Paris-Descartes reviennent sur des points importants de la r\u00e9forme des programmes (Emilie Deschellette, Caroline Lachet et Audrey Roy) :         http:\/\/www.telerama.fr\/idees\/non-la-grammaire-simplifiee-n-est-pas-negociable,152605.php#xtor=EPR<\/p>\n<p>-&#8220;Rozenn Le Berre, la voix des exil\u00e9s&#8221; (Sylvia Revello) : https:\/\/www.letemps.ch\/culture\/2017\/01\/12\/rozenn-berre-voix-exiles?utm_source<\/p>\n<p>-&#8220;Quand un canular change la vie&#8221; (Alexandre Demidoff) : https:\/\/www.letemps.ch\/culture\/2017\/01\/12\/massimo-furlan-un-canular-change-vie?utm_source<\/p>\n<p><strong>-A propos de l&#8217;assignation en justice de 15 centres dramatiques par les syndicats du spectacle (Beno\u00eet Lambert, directeur du centre Dijon-Bourgogne; son) : <\/strong> http:\/\/www.scoop.it\/t\/revue-de-presse-theatre\/p\/4073888297\/2017\/01\/12\/a-propos-de-l-assignation-en-justice-de-15-centres-dramatiques-nationaux-par-les-syndicats-du-spectacle?hash<\/p>\n<p>-&#8220;Montand-Signoret, la perte des illusions&#8221;, une fiction de Renaud Mayer dans &#8220;Affaires sensibles&#8221; de Fabrice Drouelle (son) : https:\/\/www.franceinter.fr\/emissions\/affaires-sensibles\/affaires-sensibles-13-janvier-2017<\/p>\n<p><strong>-Thierry Fr\u00e9meaux, le d\u00e9l\u00e9gu\u00e9 g\u00e9n\u00e9ral du festival de Cannes, \u00e9tait l&#8217;invit\u00e9 de la matinale de France Inter. Il r\u00e9pondait aux questions de Patrick Cohen et des auditeurs (vid\u00e9os) :<\/strong> http:\/\/www.dailymotion.com\/video\/x58cdsr_thierry-fremeaux-repond-aux-questions-de-patrick-cohen_news                                                 http:\/\/www.dailymotion.com\/video\/x58chnt_thierry-fremeaux-repond-aux-questions-des-auditeurs-de-france-inter_news<\/p>\n<p><strong>-Encore trois jours pour voir ou revoir ici le documentaire de Lor\u00e8ne Debaisieux &#8220;Devenir il ou elle&#8221; (vid\u00e9o) : <\/strong> http:\/\/pluzz.francetv.fr\/videos\/devenir_il_ou_elle_,151557693.html<\/p>\n<p>-&#8220;The Last face&#8221; de Sean Penn &#8220;fait effectivement dans le ridicule&#8221; (Pierre Murat; vid\u00e9o) : http:\/\/www.telerama.fr\/cinema\/the-last-face-sean-penn-dissout-son-message-humaniste-dans-le-grotesque,152596.php#xtor<\/p>\n<p>-&#8220;Dalida, un biopic qui tarde \u00e0 convaincre&#8221; (Guillemette Odicino; vid\u00e9o) : http:\/\/www.telerama.fr\/cinema\/dalida-un-biopic-qui-tarde-a-convaincre,152594.php#xtor<\/p>\n<p>-&#8220;La Grande muraille&#8221; de Zhang Yimou, &#8220;aussi spectaculaire qu&#8217;idiot&#8221; (Samuel Douhaire; vid\u00e9o) : http:\/\/www.telerama.fr\/cinema\/la-grande-muraille-de-zhang-yimou-aussi-spectaculaire-qu-idiot,152458.php#xtor<\/p>\n<p><strong>-&#8220;Entre les fronti\u00e8res&#8221;, un projet politique (le cin\u00e9aste isra\u00e9lien Avi Mograbi et le metteur en sc\u00e8ne Chen Alon; propos recueillis par Samuel Douhaire; vid\u00e9o) : <\/strong> http:\/\/www.telerama.fr\/cinema\/nous-avons-cree-une-piece-de-theatre-mais-aussi-une-communaute-entre-migrants-et-israeliens-avi-mograbi,152632.php#xtor<\/p>\n<p><strong>-&#8220;La La Lande&#8221;est exactement le film que je voulais faire&#8221; (son r\u00e9alisateur Damien Chazelle, invit\u00e9 de Thomas Sotto; vid\u00e9o)<\/strong> :  http:\/\/www.europe1.fr\/emissions\/l-interview-verite\/damien-chazelle-la-la-land-est-exactement-le-film-que-je-voulais-faire-2949257<\/p>\n<p>-&#8220;Dix films dont on changerait bien la fin&#8221; (Anne Dessuant; vid\u00e9os) : http:\/\/www.telerama.fr\/cinema\/dix-films-dont-on-changerait-bien-la-fin,152456.php#xtor<\/p>\n<p><strong>-&#8220;Bernadette Lafont, l&#8217;\u00e9ternelle femme libre&#8221;. La r\u00e9alisatrice Esther Hoffenberg lui consacre un documentaire  (Fran\u00e7ois Ekchajzer; vid\u00e9os) : <\/strong> http:\/\/television.telerama.fr\/television\/bernadette-lafont-l-eternelle-femme-libre,152448.php#xtor<\/p>\n<p><strong>-Cl\u00e9mentine C\u00e9lari\u00e9, invit\u00e9e de &#8220;Passion classique&#8221; d&#8217;Olivier Bellamy (son du jeudi 12 janvier)<\/strong> :  https:\/\/www.radioclassique.fr\/radio\/emissions\/passion-classique\/<\/p>\n<p>-A New York, &#8220;les jazzmen sonnent la charge contre Trump&#8221; (Eric Delhaye) : http:\/\/www.telerama.fr\/musique\/a-new-york-les-jazzmen-sonnent-la-charge-contre-trump,152600.php#xtor<\/p>\n<p><strong>-Retrouver le groupe irlandais U2 avec Fran\u00e7ois Gorin (sons) :       <\/strong>                    http:\/\/www.telerama.fr\/musique\/u2-1-dans-un-premier-elan-fievreux,152608.php  http:\/\/www.telerama.fr\/musique\/u2-2-sonate-d-automne,152630.php#xtor<\/p>\n<p>-La chanson d&#8217;amour de The Cure &#8220;Just Like Heaven&#8221; est devenue un tub mondial (Rebecca Manzoni; vid\u00e9o) : https:\/\/www.franceinter.fr\/emissions\/tubes-co\/tubes-co-13-janvier-2017<\/p>\n<p><strong>-Patrick Bruel \u00e9tait l&#8217;invit\u00e9 d&#8217;Augustin Trapenard (son) : <\/strong> https:\/\/www.franceinter.fr\/emissions\/boomerang\/boomerang-13-janvier-2017<\/p>\n<p><strong>-&#8220;Serge Gainsbourg, un caf\u00e9 cubain&#8221; dans la programmation jazz de Nathalie Piol\u00e9 (son)<\/strong> : https:\/\/www.francemusique.fr\/emissions\/banzzai\/la-programmation-jazz-de-nathalie-piole-serge-gainsbourg-un-cafe-cubain-31044<\/p>\n<p>-&#8220;La fi\u00e8vre des ann\u00e9es 80&#8221; (vid\u00e9os) :                                                          http:\/\/www.francetvinfo.fr\/culture\/musique\/feuilleton-la-fievre-des-annees-80-1-5_2009513.html                                                                                       http:\/\/www.francetvinfo.fr\/culture\/musique\/feuilleton-la-fievre-des-annees-80-2-5_2011149.html                                                                                              http:\/\/www.francetvinfo.fr\/replay-jt\/france-2\/13-heures\/jt-de-13h-du-mercredi-11-janvier-2017_2000683.html                                                                          http:\/\/www.francetvinfo.fr\/replay-jt\/france-2\/13-heures\/jt-de-13h-du-jeudi-12-janvier-2017_2004011.html                                                                             http:\/\/www.francetvinfo.fr\/economie\/emploi\/metiers\/art-culture-edition\/feuilleton-la-fievre-des-annees-80-5-5_2016812.html<\/p>\n<p><strong>-&#8220;Mon seul regret, c&#8217;est que tous nos matchs ne soient pas retransmis en clair&#8221; (Claude Onesta; propos recueillis par Michel Bezbakh) :  <\/strong>                                                                                 http:\/\/television.telerama.fr\/television\/claude-onesta-ca-va-etre-un-beau-moment-pour-les-amateurs-de-handball,152103.php#xtor<\/p>\n<p>-En Norv\u00e8ge, du nouveau dans la m\u00e9decine \u00e0 la t\u00e9l\u00e9vision (Bertrand Villegas; vid\u00e9os) : http:\/\/television.telerama.fr\/television\/c-est-grave-dr-google,152408.php#xtor<\/p>\n<p>-&#8220;Chaises musicales \u00e0 i-T\u00e9l\u00e9&#8221; (J\u00e9r\u00e9mie Maire) : http:\/\/www.telerama.fr\/medias\/a-itele-elkabbach-arrive-haim-part-ppda-se-tate,152623.php#xtor<\/p>\n<p><strong>-&#8220;Christophe Barbier et Jacques S\u00e9gu\u00e9la, chantres du f\u00e9minisme et de la jeunesse&#8221; (Samuel Gontier) :  <\/strong>                                                                                                                                                 http:\/\/television.telerama.fr\/television\/christophe-barbier-et-jacques-seguela-chantres-du-feminisme-et-de-la-jeunesse,152620.php#xtor<\/p>\n<p><strong>-&#8220;D&#8217;Ambroise Croizat \u00e0 Alain Duhamel (Patrick Le Hyaric) : <\/strong> http:\/\/patrick-le-hyaric.fr\/dambroise-croizat-a-alain-duhamel\/<\/p>\n<p><strong>-&#8220;L&#8217;humour France Inter&#8221; monte sur sc\u00e8ne jusqu&#8217;au 17 janvier au Festival d&#8217;humour de Paris (Sandrine Blanchard) : <\/strong>                                                                                                                                  http:\/\/rires.blog.lemonde.fr\/2017\/01\/13\/quand-lhumour-france-inter-monte-sur-scene\/<\/p>\n<p>-&#8220;Les enfants de la t\u00e9l\u00e9&#8221;, tant que ce n&#8217;est pas mort, ce n&#8217;est pas enterr\u00e9&#8221; (Arthur, interrog\u00e9 par Thomas Joubert; vid\u00e9o) : http:\/\/www.europe1.fr\/emissions\/l-invite-medias\/arthur-les-enfants-de-la-tele-tant-que-ce-nest-pas-mort-ce-nest-pas-enterre-2949509<\/p>\n<p><strong>-Paul Moreira, le r\u00e9alisateur de &#8220;Syrie, la r\u00e9volution confisqu\u00e9e&#8221; \u00e9tait l&#8217;invit\u00e9 de Sonia Devillers (vid\u00e9o, amener le curseur sur 7:34) : <\/strong> http:\/\/www.dailymotion.com\/video\/x58cwc7_syrie-5-ans-plus-tard-paul-moreira-retrouve-ali_news<\/p>\n<p>-&#8220;Chirac \u00e0 l&#8217;imparfait&#8221; (Philippe Vandel; vid\u00e9o) : http:\/\/www.dailymotion.com\/video\/x58cnh0_chirac-a-l-imparfait-l-humeur-de-philippe-vandel_news<\/p>\n<p>-&#8220;Jean-Luc Bennhamias, le Bourvil de la gauche&#8221; (Nicolas Canteloup; vid\u00e9o) : http:\/\/www.europe1.fr\/emissions\/la-revue-de-presque\/jean-luc-bennahmias-le-bourvil-de-la-gauche-2949359<\/p>\n<p><strong>-&#8220;Bient\u00f4t ce sera Emmanuel Macron qui sera porte-parole de Laurence Ha\u00efm&#8221; (Charline Vanhoenacker; vid\u00e9o) : <\/strong> http:\/\/www.dailymotion.com\/video\/x58c96q_bientot-ce-sera-emmanuel-macron-qui-sera-porte-parole-de-laurence-haim-le-billet-de-charline-vanhoen_fun<\/p>\n<p><strong>-&#8220;La d\u00e9p\u00e9nalisation du cannabis&#8221; (Guillaume Meurice; vid\u00e9o) : <\/strong> http:\/\/www.dailymotion.com\/video\/x589axo_la-depenalisation-du-cannabis-le-moment-meurice_fun<\/p>\n<p>-&#8220;M\u00e9lenchon et Philippot, le clash des youtubeurs&#8221; (avec Alex Vizorek; vid\u00e9o) : http:\/\/www.dailymotion.com\/video\/x58963o_melenchon-et-philippot-le-clash-des-youtubeurs-le-journal-de-17h17_fun<\/p>\n<p><strong>-&#8220;O\u00f9 sont les femmes de 50 ans ?&#8221; (Fran\u00e7ois Morel; vid\u00e9o) : <\/strong> https:\/\/www.franceinter.fr\/emissions\/le-billet-de-francois-morel\/le-billet-de-francois-morel-13-janvier-2017<\/p>\n","protected":false},"excerpt":{"rendered":"<p>ACTUALITE -&#8220;Le compte personnel d&#8217;activit\u00e9, une goutte d&#8217;eau dans l&#8217;oc\u00e9an des transformations \u00e0 op\u00e9rer&#8221; (la CGT) : http:\/\/www.cgt.fr\/Une-goutte-d-eau-dans-l-ocean-des.html -&#8220;Le CICE n&#8217;a pas tir\u00e9 les bas salaire vers le haut&#8221; (Jean-Christophe Chanut) : http:\/\/www.latribune.fr\/economie\/france\/le-cice-n-a-pas-tire-les-bas-salaires-vers-le-haut-630036.html#xtor -&#8220;La transition \u00e9nerg\u00e9tique pourrait cr\u00e9er un million d&#8217;emplois&#8221; (Aline Robert et Dominique Pialot) : http:\/\/www.euractiv.fr\/section\/climat-environnement\/news\/la-transition-energetique-pourrait-creer-un-1-million-demplois\/?nl_ref=28796138 http:\/\/www.latribune.fr\/economie\/france\/france-1-million-d-emplois-a-portee-de-main-grace-au-climat-630070.html#xtor -Pour l&#8217;\u00e9lectricit\u00e9, des mesures exceptionnelles (vid\u00e9o) [&hellip;]<\/p>\n","protected":false},"author":1042,"featured_media":0,"comment_status":"open","ping_status":"open","sticky":false,"template":"","format":"standard","meta":{"_themeisle_gutenberg_block_has_review":false,"footnotes":""},"categories":[151],"tags":[],"class_list":["post-10112","post","type-post","status-publish","format-standard","hentry","category-la-revue-de-presse-de-lulu"],"_links":{"self":[{"href":"https:\/\/archives.regards.fr\/index.php?rest_route=\/wp\/v2\/posts\/10112","targetHints":{"allow":["GET"]}}],"collection":[{"href":"https:\/\/archives.regards.fr\/index.php?rest_route=\/wp\/v2\/posts"}],"about":[{"href":"https:\/\/archives.regards.fr\/index.php?rest_route=\/wp\/v2\/types\/post"}],"author":[{"embeddable":true,"href":"https:\/\/archives.regards.fr\/index.php?rest_route=\/wp\/v2\/users\/1042"}],"replies":[{"embeddable":true,"href":"https:\/\/archives.regards.fr\/index.php?rest_route=%2Fwp%2Fv2%2Fcomments&post=10112"}],"version-history":[{"count":0,"href":"https:\/\/archives.regards.fr\/index.php?rest_route=\/wp\/v2\/posts\/10112\/revisions"}],"wp:attachment":[{"href":"https:\/\/archives.regards.fr\/index.php?rest_route=%2Fwp%2Fv2%2Fmedia&parent=10112"}],"wp:term":[{"taxonomy":"category","embeddable":true,"href":"https:\/\/archives.regards.fr\/index.php?rest_route=%2Fwp%2Fv2%2Fcategories&post=10112"},{"taxonomy":"post_tag","embeddable":true,"href":"https:\/\/archives.regards.fr\/index.php?rest_route=%2Fwp%2Fv2%2Ftags&post=10112"}],"curies":[{"name":"wp","href":"https:\/\/api.w.org\/{rel}","templated":true}]}}